{"id":8297,"date":"2019-07-26T07:40:54","date_gmt":"2019-07-26T10:40:54","guid":{"rendered":"https:\/\/www.hometheater.com.br\/portal\/?p=8297"},"modified":"2019-07-26T07:40:54","modified_gmt":"2019-07-26T10:40:54","slug":"forum-de-tv-paga-discute-integracao-de-canais-com-aplicativos","status":"publish","type":"post","link":"https:\/\/www.hometheater.com.br\/portal\/2019\/07\/26\/forum-de-tv-paga-discute-integracao-de-canais-com-aplicativos\/","title":{"rendered":"F\u00f3rum de TV paga discute integra\u00e7\u00e3o de canais com aplicativos"},"content":{"rendered":"<p><img loading=\"lazy\" decoding=\"async\" class=\"aligncenter size-full wp-image-8298\" src=\"https:\/\/www.hometheater.com.br\/portal\/wp-content\/uploads\/2019\/07\/forum_tvpaga.jpg\" alt=\"\" width=\"800\" height=\"449\" srcset=\"https:\/\/www.hometheater.com.br\/portal\/wp-content\/uploads\/2019\/07\/forum_tvpaga.jpg 800w, https:\/\/www.hometheater.com.br\/portal\/wp-content\/uploads\/2019\/07\/forum_tvpaga-400x225.jpg 400w, https:\/\/www.hometheater.com.br\/portal\/wp-content\/uploads\/2019\/07\/forum_tvpaga-500x281.jpg 500w, https:\/\/www.hometheater.com.br\/portal\/wp-content\/uploads\/2019\/07\/forum_tvpaga-300x168.jpg 300w, https:\/\/www.hometheater.com.br\/portal\/wp-content\/uploads\/2019\/07\/forum_tvpaga-768x431.jpg 768w, https:\/\/www.hometheater.com.br\/portal\/wp-content\/uploads\/2019\/07\/forum_tvpaga-600x337.jpg 600w\" sizes=\"auto, (max-width: 800px) 100vw, 800px\" \/><\/p>\n<p>Cerca de 350 especialistas em TV e internet dever\u00e3o participar, na pr\u00f3xima semana, do Pay-TV Forum, hoje o principal evento do setor de TV por assinatura no pa\u00eds. Al\u00e9m de discutir poss\u00edveis sa\u00eddas para o segmento, que perdeu mais de 3 milh\u00f5es de assinantes nos \u00faltimos quatro anos, o evento trazer cases de sucesso internacionais, pesquisas de mercado e an\u00e1lises detalhadas sobre a integra\u00e7\u00e3o dos canais pagos com as plataformas de internet (OTT).<\/p>\n<p>Est\u00e3o na programa\u00e7\u00e3o para participar dos debates executivos de todas as grandes operadoras e tamb\u00e9m das programadoras de maior peso no mercado. Durante dois dias, eles dever\u00e3o debater quest\u00f5es como produ\u00e7\u00e3o e distribui\u00e7\u00e3o de conte\u00fado, papel das ag\u00eancias reguladoras, mudan\u00e7as no perfil do p\u00fablico e novos modelos de neg\u00f3cio entre operadoras, programadoras e produtoras de conte\u00fado. Haver\u00e1 ainda uma sess\u00e3o t\u00e9cnica voltada a Intelig\u00eancia Artificial e Big Data na distribui\u00e7\u00e3o de conte\u00fados pagos.<\/p><div class=\"homet-conteudo\" style=\"text-align: center;\" id=\"homet-1138182783\"><div data-cfpa=\"36066\" data-cfpw=\"36066\" id=\"homet-2096189091\"><a data-no-instant=\"1\" href=\"https:\/\/loja.sommaior.com.br\/\" rel=\"noopener\" class=\"a2t-link\" aria-label=\"ABBEY-ROAD_360x300px\"><img loading=\"lazy\" decoding=\"async\" src=\"https:\/\/www.hometheater.com.br\/portal\/wp-content\/uploads\/2025\/10\/ABBEY-ROAD_360x300px.jpg\" alt=\"\"  class=\"no-lazyload\" width=\"300\" height=\"250\"   \/><\/a><\/div><script type=\"text\/javascript\">;new advadsCfpAd( 36066 );<\/script><\/div>\n<p>Os trabalhos ser\u00e3o abertos na ter\u00e7a-feira 30\/07, \u00e0s 9h, com uma discuss\u00e3o sobre a crise econ\u00f4mica e seu impacto no setor. Segundo a\u00a0<strong><a href=\"http:\/\/www.anatel.gov.br\/consumidor\/tv-por-assinatura\/direitos\" target=\"_blank\" rel=\"noopener noreferrer\" data-saferedirecturl=\"https:\/\/www.google.com\/url?q=http:\/\/www.anatel.gov.br\/consumidor\/tv-por-assinatura\/direitos&amp;source=gmail&amp;ust=1564223305890000&amp;usg=AFQjCNEL3zkeK3KR7s1xz_cAbtQi66QkUg\">Anatel<\/a><\/strong>,\u00a0em maio \u00faltimo havia no pa\u00eds um total de 16,8 milh\u00f5es de domic\u00edlios recebendo sinal de uma operadora &#8211; no final de 2015, eram quase 20 milh\u00f5es. Diretores da Claro, Sky, Vivo e Algar falar\u00e3o sobre suas estrat\u00e9gias para reconquistar esses assinantes.<\/p>\n<p>A parte da tarde est\u00e1 reservada para discuss\u00f5es sobre o marco regulat\u00f3rio da TV por assinatura e poss\u00edveis altera\u00e7\u00f5es na chamada\u00a0<strong><a href=\"https:\/\/teletime.com.br\/15\/07\/2019\/pl-que-altera-lei-do-seac-conta-com-quatro-emendas\/\" target=\"_blank\" rel=\"noopener noreferrer\" data-saferedirecturl=\"https:\/\/www.google.com\/url?q=https:\/\/teletime.com.br\/15\/07\/2019\/pl-que-altera-lei-do-seac-conta-com-quatro-emendas\/&amp;source=gmail&amp;ust=1564223305890000&amp;usg=AFQjCNEoPmcUivgilKalY6SwfzdQ5Dnuig\">Lei do SeAC<\/a><\/strong>,\u00a0que rege o setor. Ser\u00e3o tamb\u00e9m apresentados cases e experi\u00eancias de pa\u00edses como EUA, Argentina e da Comunidade Europeia, al\u00e9m de um painel com a Claro &#8211; que acaba de incorporar oficialmente a NET &#8211; mostrando a evolu\u00e7\u00e3o de seu servi\u00e7o Now.<\/p>\n<p>Na quarta-feira 31\/07, ser\u00e1 a vez dos programadores apresentarem suas estrat\u00e9gias. Est\u00e3o confirmados representantes da Globosat, Discovery e Warner Media (Turner), al\u00e9m da CNN, que est\u00e1 implantando sua opera\u00e7\u00e3o brasileira.<\/p>\n<p>O Pay-TV Forum, organizado pelo site Teletime, acontece no centro de conven\u00e7\u00f5es WTC, na zona sul de S\u00e3o Paulo. Para saber mais detalhes e se inscrever, visite o<strong>\u00a0<a href=\"http:\/\/teletime.com.br\/paytvforum\/programacao\/\" target=\"_blank\" rel=\"noopener noreferrer\" data-saferedirecturl=\"https:\/\/www.google.com\/url?q=http:\/\/teletime.com.br\/paytvforum\/programacao\/&amp;source=gmail&amp;ust=1564223305890000&amp;usg=AFQjCNFf2C9cw2Dh_GaUu8RsPE2YgA-5iA\">site oficial<\/a><\/strong>.<\/p>\n<p><b>FONTE: Teletime<\/b><\/p>\n<p><b>Temas relacionados:<\/b><\/p>\n<p><a href=\"https:\/\/www.hometheater.com.br\/portal\/2019\/07\/12\/claro-absorve-net-e-agora-ambas-sao-uma-unica-operadora\/\" target=\"_blank\" rel=\"noopener noreferrer\" data-saferedirecturl=\"https:\/\/www.google.com\/url?q=https:\/\/www.hometheater.com.br\/portal\/2019\/07\/12\/claro-absorve-net-e-agora-ambas-sao-uma-unica-operadora\/&amp;source=gmail&amp;ust=1564223305890000&amp;usg=AFQjCNHXeF-r1xfv2gCVHDiWMIAjyh3kiA\"><b>Claro absorve NET, e agora ambas s\u00e3o uma \u00fanica operadora<\/b><\/a><\/p>\n<p><a href=\"https:\/\/orlandobarrozo.blog.br\/2019\/07\/22\/roku-rival-do-netflix-a-caminho-do-brasil\/\" target=\"_blank\" rel=\"noopener noreferrer\" data-saferedirecturl=\"https:\/\/www.google.com\/url?q=https:\/\/orlandobarrozo.blog.br\/2019\/07\/22\/roku-rival-do-netflix-a-caminho-do-brasil\/&amp;source=gmail&amp;ust=1564223305890000&amp;usg=AFQjCNF18gvf7VdNzPP33OQXxUMoHvUnFA\"><b>Roku, rival do Netflix e da TV paga nos EUA, planeja entrada no mercado brasileiro<\/b><\/a><\/p>\n<p><a href=\"https:\/\/www.hometheater.com.br\/portal\/2019\/06\/04\/receita-federal-apreende-e-destroi-12-mil-decoders-piratas-de-tv-paga\/\" target=\"_blank\" rel=\"noopener noreferrer\" data-saferedirecturl=\"https:\/\/www.google.com\/url?q=https:\/\/www.hometheater.com.br\/portal\/2019\/06\/04\/receita-federal-apreende-e-destroi-12-mil-decoders-piratas-de-tv-paga\/&amp;source=gmail&amp;ust=1564223305890000&amp;usg=AFQjCNFUQMhwmkLXeNX_16qdq9O9fys9tg\"><b>Receita Federal apreende e destr\u00f3i 12 mil decoders piratas de TV paga<\/b><\/a><\/p>\n<p><a href=\"https:\/\/www.hometheater.com.br\/portal\/2019\/01\/24\/vivo-muda-estrategia-com-distribuicao-avulsa-de-canais-pagos\/\" target=\"_blank\" rel=\"noopener noreferrer\" data-saferedirecturl=\"https:\/\/www.google.com\/url?q=https:\/\/www.hometheater.com.br\/portal\/2019\/01\/24\/vivo-muda-estrategia-com-distribuicao-avulsa-de-canais-pagos\/&amp;source=gmail&amp;ust=1564223305890000&amp;usg=AFQjCNHBziTK4UMTmgcLvGv5rQNVoYpAzQ\"><b>Vivo muda estrat\u00e9gia com distribui\u00e7\u00e3o avulsa de canais pagos<\/b><\/a><\/p>\n","protected":false},"excerpt":{"rendered":"<p>Cerca de 350 especialistas em TV e internet dever\u00e3o participar, na pr\u00f3xima semana, do Pay-TV Forum, hoje o principal evento do setor de TV por<\/p>\n","protected":false},"author":1,"featured_media":8299,"comment_status":"open","ping_status":"open","sticky":false,"template":"","format":"standard","meta":{"footnotes":""},"categories":[4],"tags":[],"class_list":["post-8297","post","type-post","status-publish","format-standard","has-post-thumbnail","hentry","category-noticias"],"yoast_head":"<!-- This site is optimized with the Yoast SEO plugin v25.7 - https:\/\/yoast.com\/wordpress\/plugins\/seo\/ -->\n<title>F\u00f3rum de TV paga discute integra\u00e7\u00e3o de canais com aplicativos - HT &amp; Casa Digital<\/title>\n<meta name=\"robots\" content=\"index, follow, max-snippet:-1, max-image-preview:large, max-video-preview:-1\" \/>\n<link rel=\"canonical\" href=\"https:\/\/www.hometheater.com.br\/portal\/2019\/07\/26\/forum-de-tv-paga-discute-integracao-de-canais-com-aplicativos\/\" \/>\n<meta property=\"og:locale\" content=\"pt_BR\" \/>\n<meta property=\"og:type\" content=\"article\" \/>\n<meta property=\"og:title\" content=\"F\u00f3rum de TV paga discute integra\u00e7\u00e3o de canais com aplicativos - HT &amp; Casa Digital\" \/>\n<meta property=\"og:description\" content=\"Cerca de 350 especialistas em TV e internet dever\u00e3o participar, na pr\u00f3xima semana, do Pay-TV Forum, hoje o principal evento do setor de TV por\" \/>\n<meta property=\"og:url\" content=\"https:\/\/www.hometheater.com.br\/portal\/2019\/07\/26\/forum-de-tv-paga-discute-integracao-de-canais-com-aplicativos\/\" \/>\n<meta property=\"og:site_name\" content=\"HT &amp; Casa Digital\" \/>\n<meta property=\"article:publisher\" content=\"https:\/\/web.facebook.com\/revistahometheater\" \/>\n<meta property=\"article:published_time\" content=\"2019-07-26T10:40:54+00:00\" \/>\n<meta property=\"og:image\" content=\"https:\/\/www.hometheater.com.br\/portal\/wp-content\/uploads\/2019\/07\/forum_tv.jpg\" \/>\n\t<meta property=\"og:image:width\" content=\"450\" \/>\n\t<meta property=\"og:image:height\" content=\"300\" \/>\n\t<meta property=\"og:image:type\" content=\"image\/jpeg\" \/>\n<meta name=\"author\" content=\"Revista Home Theater &amp; Casa Digital\" \/>\n<meta name=\"twitter:card\" content=\"summary_large_image\" \/>\n<meta name=\"twitter:creator\" content=\"@hometheaterbr\" \/>\n<meta name=\"twitter:site\" content=\"@hometheaterbr\" \/>\n<meta name=\"twitter:label1\" content=\"Escrito por\" \/>\n\t<meta name=\"twitter:data1\" content=\"Revista Home Theater &amp; Casa Digital\" \/>\n\t<meta name=\"twitter:label2\" content=\"Est. tempo de leitura\" \/>\n\t<meta name=\"twitter:data2\" content=\"2 minutos\" \/>\n<script type=\"application\/ld+json\" class=\"yoast-schema-graph\">{\"@context\":\"https:\/\/schema.org\",\"@graph\":[{\"@type\":\"Article\",\"@id\":\"https:\/\/www.hometheater.com.br\/portal\/2019\/07\/26\/forum-de-tv-paga-discute-integracao-de-canais-com-aplicativos\/#article\",\"isPartOf\":{\"@id\":\"https:\/\/www.hometheater.com.br\/portal\/2019\/07\/26\/forum-de-tv-paga-discute-integracao-de-canais-com-aplicativos\/\"},\"author\":{\"name\":\"Revista Home Theater &amp; Casa Digital\",\"@id\":\"https:\/\/www.hometheater.com.br\/portal\/#\/schema\/person\/3b6bd5a9e2a6c4197c7b98dd7a733d22\"},\"headline\":\"F\u00f3rum de TV paga discute integra\u00e7\u00e3o de canais com aplicativos\",\"datePublished\":\"2019-07-26T10:40:54+00:00\",\"mainEntityOfPage\":{\"@id\":\"https:\/\/www.hometheater.com.br\/portal\/2019\/07\/26\/forum-de-tv-paga-discute-integracao-de-canais-com-aplicativos\/\"},\"wordCount\":450,\"commentCount\":0,\"publisher\":{\"@id\":\"https:\/\/www.hometheater.com.br\/portal\/#organization\"},\"image\":{\"@id\":\"https:\/\/www.hometheater.com.br\/portal\/2019\/07\/26\/forum-de-tv-paga-discute-integracao-de-canais-com-aplicativos\/#primaryimage\"},\"thumbnailUrl\":\"https:\/\/www.hometheater.com.br\/portal\/wp-content\/uploads\/2019\/07\/forum_tv.jpg\",\"articleSection\":[\"NOT\u00cdCIAS\"],\"inLanguage\":\"pt-BR\",\"potentialAction\":[{\"@type\":\"CommentAction\",\"name\":\"Comment\",\"target\":[\"https:\/\/www.hometheater.com.br\/portal\/2019\/07\/26\/forum-de-tv-paga-discute-integracao-de-canais-com-aplicativos\/#respond\"]}]},{\"@type\":\"WebPage\",\"@id\":\"https:\/\/www.hometheater.com.br\/portal\/2019\/07\/26\/forum-de-tv-paga-discute-integracao-de-canais-com-aplicativos\/\",\"url\":\"https:\/\/www.hometheater.com.br\/portal\/2019\/07\/26\/forum-de-tv-paga-discute-integracao-de-canais-com-aplicativos\/\",\"name\":\"F\u00f3rum de TV paga discute integra\u00e7\u00e3o de canais com aplicativos - HT &amp; Casa Digital\",\"isPartOf\":{\"@id\":\"https:\/\/www.hometheater.com.br\/portal\/#website\"},\"primaryImageOfPage\":{\"@id\":\"https:\/\/www.hometheater.com.br\/portal\/2019\/07\/26\/forum-de-tv-paga-discute-integracao-de-canais-com-aplicativos\/#primaryimage\"},\"image\":{\"@id\":\"https:\/\/www.hometheater.com.br\/portal\/2019\/07\/26\/forum-de-tv-paga-discute-integracao-de-canais-com-aplicativos\/#primaryimage\"},\"thumbnailUrl\":\"https:\/\/www.hometheater.com.br\/portal\/wp-content\/uploads\/2019\/07\/forum_tv.jpg\",\"datePublished\":\"2019-07-26T10:40:54+00:00\",\"breadcrumb\":{\"@id\":\"https:\/\/www.hometheater.com.br\/portal\/2019\/07\/26\/forum-de-tv-paga-discute-integracao-de-canais-com-aplicativos\/#breadcrumb\"},\"inLanguage\":\"pt-BR\",\"potentialAction\":[{\"@type\":\"ReadAction\",\"target\":[\"https:\/\/www.hometheater.com.br\/portal\/2019\/07\/26\/forum-de-tv-paga-discute-integracao-de-canais-com-aplicativos\/\"]}]},{\"@type\":\"ImageObject\",\"inLanguage\":\"pt-BR\",\"@id\":\"https:\/\/www.hometheater.com.br\/portal\/2019\/07\/26\/forum-de-tv-paga-discute-integracao-de-canais-com-aplicativos\/#primaryimage\",\"url\":\"https:\/\/www.hometheater.com.br\/portal\/wp-content\/uploads\/2019\/07\/forum_tv.jpg\",\"contentUrl\":\"https:\/\/www.hometheater.com.br\/portal\/wp-content\/uploads\/2019\/07\/forum_tv.jpg\",\"width\":450,\"height\":300},{\"@type\":\"BreadcrumbList\",\"@id\":\"https:\/\/www.hometheater.com.br\/portal\/2019\/07\/26\/forum-de-tv-paga-discute-integracao-de-canais-com-aplicativos\/#breadcrumb\",\"itemListElement\":[{\"@type\":\"ListItem\",\"position\":1,\"name\":\"In\u00edcio\",\"item\":\"https:\/\/www.hometheater.com.br\/portal\/\"},{\"@type\":\"ListItem\",\"position\":2,\"name\":\"F\u00f3rum de TV paga discute integra\u00e7\u00e3o de canais com aplicativos\"}]},{\"@type\":\"WebSite\",\"@id\":\"https:\/\/www.hometheater.com.br\/portal\/#website\",\"url\":\"https:\/\/www.hometheater.com.br\/portal\/\",\"name\":\"HT &amp; Casa Digital\",\"description\":\"O mundo digital em sua casa\",\"publisher\":{\"@id\":\"https:\/\/www.hometheater.com.br\/portal\/#organization\"},\"potentialAction\":[{\"@type\":\"SearchAction\",\"target\":{\"@type\":\"EntryPoint\",\"urlTemplate\":\"https:\/\/www.hometheater.com.br\/portal\/?s={search_term_string}\"},\"query-input\":{\"@type\":\"PropertyValueSpecification\",\"valueRequired\":true,\"valueName\":\"search_term_string\"}}],\"inLanguage\":\"pt-BR\"},{\"@type\":\"Organization\",\"@id\":\"https:\/\/www.hometheater.com.br\/portal\/#organization\",\"name\":\"Home Theater\",\"url\":\"https:\/\/www.hometheater.com.br\/portal\/\",\"logo\":{\"@type\":\"ImageObject\",\"inLanguage\":\"pt-BR\",\"@id\":\"https:\/\/www.hometheater.com.br\/portal\/#\/schema\/logo\/image\/\",\"url\":\"https:\/\/www.hometheater.com.br\/portal\/wp-content\/uploads\/2022\/06\/assine_ht_01.png\",\"contentUrl\":\"https:\/\/www.hometheater.com.br\/portal\/wp-content\/uploads\/2022\/06\/assine_ht_01.png\",\"width\":800,\"height\":254,\"caption\":\"Home Theater\"},\"image\":{\"@id\":\"https:\/\/www.hometheater.com.br\/portal\/#\/schema\/logo\/image\/\"},\"sameAs\":[\"https:\/\/web.facebook.com\/revistahometheater\",\"https:\/\/x.com\/hometheaterbr\"]},{\"@type\":\"Person\",\"@id\":\"https:\/\/www.hometheater.com.br\/portal\/#\/schema\/person\/3b6bd5a9e2a6c4197c7b98dd7a733d22\",\"name\":\"Revista Home Theater &amp; Casa Digital\",\"image\":{\"@type\":\"ImageObject\",\"inLanguage\":\"pt-BR\",\"@id\":\"https:\/\/www.hometheater.com.br\/portal\/#\/schema\/person\/image\/\",\"url\":\"https:\/\/secure.gravatar.com\/avatar\/fd86f33d841f0f43adcc1665dd80ca740e028af4297e20d3444f9335092a6ee7?s=96&d=mm&r=g\",\"contentUrl\":\"https:\/\/secure.gravatar.com\/avatar\/fd86f33d841f0f43adcc1665dd80ca740e028af4297e20d3444f9335092a6ee7?s=96&d=mm&r=g\",\"caption\":\"Revista Home Theater &amp; Casa Digital\"},\"url\":\"https:\/\/www.hometheater.com.br\/portal\/author\/flavio\/\"}]}<\/script>\n<!-- \/ Yoast SEO plugin. -->","yoast_head_json":{"title":"F\u00f3rum de TV paga discute integra\u00e7\u00e3o de canais com aplicativos - HT &amp; Casa Digital","robots":{"index":"index","follow":"follow","max-snippet":"max-snippet:-1","max-image-preview":"max-image-preview:large","max-video-preview":"max-video-preview:-1"},"canonical":"https:\/\/www.hometheater.com.br\/portal\/2019\/07\/26\/forum-de-tv-paga-discute-integracao-de-canais-com-aplicativos\/","og_locale":"pt_BR","og_type":"article","og_title":"F\u00f3rum de TV paga discute integra\u00e7\u00e3o de canais com aplicativos - HT &amp; Casa Digital","og_description":"Cerca de 350 especialistas em TV e internet dever\u00e3o participar, na pr\u00f3xima semana, do Pay-TV Forum, hoje o principal evento do setor de TV por","og_url":"https:\/\/www.hometheater.com.br\/portal\/2019\/07\/26\/forum-de-tv-paga-discute-integracao-de-canais-com-aplicativos\/","og_site_name":"HT &amp; Casa Digital","article_publisher":"https:\/\/web.facebook.com\/revistahometheater","article_published_time":"2019-07-26T10:40:54+00:00","og_image":[{"width":450,"height":300,"url":"https:\/\/www.hometheater.com.br\/portal\/wp-content\/uploads\/2019\/07\/forum_tv.jpg","type":"image\/jpeg"}],"author":"Revista Home Theater &amp; Casa Digital","twitter_card":"summary_large_image","twitter_creator":"@hometheaterbr","twitter_site":"@hometheaterbr","twitter_misc":{"Escrito por":"Revista Home Theater &amp; Casa Digital","Est. tempo de leitura":"2 minutos"},"schema":{"@context":"https:\/\/schema.org","@graph":[{"@type":"Article","@id":"https:\/\/www.hometheater.com.br\/portal\/2019\/07\/26\/forum-de-tv-paga-discute-integracao-de-canais-com-aplicativos\/#article","isPartOf":{"@id":"https:\/\/www.hometheater.com.br\/portal\/2019\/07\/26\/forum-de-tv-paga-discute-integracao-de-canais-com-aplicativos\/"},"author":{"name":"Revista Home Theater &amp; Casa Digital","@id":"https:\/\/www.hometheater.com.br\/portal\/#\/schema\/person\/3b6bd5a9e2a6c4197c7b98dd7a733d22"},"headline":"F\u00f3rum de TV paga discute integra\u00e7\u00e3o de canais com aplicativos","datePublished":"2019-07-26T10:40:54+00:00","mainEntityOfPage":{"@id":"https:\/\/www.hometheater.com.br\/portal\/2019\/07\/26\/forum-de-tv-paga-discute-integracao-de-canais-com-aplicativos\/"},"wordCount":450,"commentCount":0,"publisher":{"@id":"https:\/\/www.hometheater.com.br\/portal\/#organization"},"image":{"@id":"https:\/\/www.hometheater.com.br\/portal\/2019\/07\/26\/forum-de-tv-paga-discute-integracao-de-canais-com-aplicativos\/#primaryimage"},"thumbnailUrl":"https:\/\/www.hometheater.com.br\/portal\/wp-content\/uploads\/2019\/07\/forum_tv.jpg","articleSection":["NOT\u00cdCIAS"],"inLanguage":"pt-BR","potentialAction":[{"@type":"CommentAction","name":"Comment","target":["https:\/\/www.hometheater.com.br\/portal\/2019\/07\/26\/forum-de-tv-paga-discute-integracao-de-canais-com-aplicativos\/#respond"]}]},{"@type":"WebPage","@id":"https:\/\/www.hometheater.com.br\/portal\/2019\/07\/26\/forum-de-tv-paga-discute-integracao-de-canais-com-aplicativos\/","url":"https:\/\/www.hometheater.com.br\/portal\/2019\/07\/26\/forum-de-tv-paga-discute-integracao-de-canais-com-aplicativos\/","name":"F\u00f3rum de TV paga discute integra\u00e7\u00e3o de canais com aplicativos - HT &amp; Casa Digital","isPartOf":{"@id":"https:\/\/www.hometheater.com.br\/portal\/#website"},"primaryImageOfPage":{"@id":"https:\/\/www.hometheater.com.br\/portal\/2019\/07\/26\/forum-de-tv-paga-discute-integracao-de-canais-com-aplicativos\/#primaryimage"},"image":{"@id":"https:\/\/www.hometheater.com.br\/portal\/2019\/07\/26\/forum-de-tv-paga-discute-integracao-de-canais-com-aplicativos\/#primaryimage"},"thumbnailUrl":"https:\/\/www.hometheater.com.br\/portal\/wp-content\/uploads\/2019\/07\/forum_tv.jpg","datePublished":"2019-07-26T10:40:54+00:00","breadcrumb":{"@id":"https:\/\/www.hometheater.com.br\/portal\/2019\/07\/26\/forum-de-tv-paga-discute-integracao-de-canais-com-aplicativos\/#breadcrumb"},"inLanguage":"pt-BR","potentialAction":[{"@type":"ReadAction","target":["https:\/\/www.hometheater.com.br\/portal\/2019\/07\/26\/forum-de-tv-paga-discute-integracao-de-canais-com-aplicativos\/"]}]},{"@type":"ImageObject","inLanguage":"pt-BR","@id":"https:\/\/www.hometheater.com.br\/portal\/2019\/07\/26\/forum-de-tv-paga-discute-integracao-de-canais-com-aplicativos\/#primaryimage","url":"https:\/\/www.hometheater.com.br\/portal\/wp-content\/uploads\/2019\/07\/forum_tv.jpg","contentUrl":"https:\/\/www.hometheater.com.br\/portal\/wp-content\/uploads\/2019\/07\/forum_tv.jpg","width":450,"height":300},{"@type":"BreadcrumbList","@id":"https:\/\/www.hometheater.com.br\/portal\/2019\/07\/26\/forum-de-tv-paga-discute-integracao-de-canais-com-aplicativos\/#breadcrumb","itemListElement":[{"@type":"ListItem","position":1,"name":"In\u00edcio","item":"https:\/\/www.hometheater.com.br\/portal\/"},{"@type":"ListItem","position":2,"name":"F\u00f3rum de TV paga discute integra\u00e7\u00e3o de canais com aplicativos"}]},{"@type":"WebSite","@id":"https:\/\/www.hometheater.com.br\/portal\/#website","url":"https:\/\/www.hometheater.com.br\/portal\/","name":"HT &amp; Casa Digital","description":"O mundo digital em sua casa","publisher":{"@id":"https:\/\/www.hometheater.com.br\/portal\/#organization"},"potentialAction":[{"@type":"SearchAction","target":{"@type":"EntryPoint","urlTemplate":"https:\/\/www.hometheater.com.br\/portal\/?s={search_term_string}"},"query-input":{"@type":"PropertyValueSpecification","valueRequired":true,"valueName":"search_term_string"}}],"inLanguage":"pt-BR"},{"@type":"Organization","@id":"https:\/\/www.hometheater.com.br\/portal\/#organization","name":"Home Theater","url":"https:\/\/www.hometheater.com.br\/portal\/","logo":{"@type":"ImageObject","inLanguage":"pt-BR","@id":"https:\/\/www.hometheater.com.br\/portal\/#\/schema\/logo\/image\/","url":"https:\/\/www.hometheater.com.br\/portal\/wp-content\/uploads\/2022\/06\/assine_ht_01.png","contentUrl":"https:\/\/www.hometheater.com.br\/portal\/wp-content\/uploads\/2022\/06\/assine_ht_01.png","width":800,"height":254,"caption":"Home Theater"},"image":{"@id":"https:\/\/www.hometheater.com.br\/portal\/#\/schema\/logo\/image\/"},"sameAs":["https:\/\/web.facebook.com\/revistahometheater","https:\/\/x.com\/hometheaterbr"]},{"@type":"Person","@id":"https:\/\/www.hometheater.com.br\/portal\/#\/schema\/person\/3b6bd5a9e2a6c4197c7b98dd7a733d22","name":"Revista Home Theater &amp; Casa Digital","image":{"@type":"ImageObject","inLanguage":"pt-BR","@id":"https:\/\/www.hometheater.com.br\/portal\/#\/schema\/person\/image\/","url":"https:\/\/secure.gravatar.com\/avatar\/fd86f33d841f0f43adcc1665dd80ca740e028af4297e20d3444f9335092a6ee7?s=96&d=mm&r=g","contentUrl":"https:\/\/secure.gravatar.com\/avatar\/fd86f33d841f0f43adcc1665dd80ca740e028af4297e20d3444f9335092a6ee7?s=96&d=mm&r=g","caption":"Revista Home Theater &amp; Casa Digital"},"url":"https:\/\/www.hometheater.com.br\/portal\/author\/flavio\/"}]}},"_links":{"self":[{"href":"https:\/\/www.hometheater.com.br\/portal\/wp-json\/wp\/v2\/posts\/8297","targetHints":{"allow":["GET"]}}],"collection":[{"href":"https:\/\/www.hometheater.com.br\/portal\/wp-json\/wp\/v2\/posts"}],"about":[{"href":"https:\/\/www.hometheater.com.br\/portal\/wp-json\/wp\/v2\/types\/post"}],"author":[{"embeddable":true,"href":"https:\/\/www.hometheater.com.br\/portal\/wp-json\/wp\/v2\/users\/1"}],"replies":[{"embeddable":true,"href":"https:\/\/www.hometheater.com.br\/portal\/wp-json\/wp\/v2\/comments?post=8297"}],"version-history":[{"count":0,"href":"https:\/\/www.hometheater.com.br\/portal\/wp-json\/wp\/v2\/posts\/8297\/revisions"}],"wp:featuredmedia":[{"embeddable":true,"href":"https:\/\/www.hometheater.com.br\/portal\/wp-json\/wp\/v2\/media\/8299"}],"wp:attachment":[{"href":"https:\/\/www.hometheater.com.br\/portal\/wp-json\/wp\/v2\/media?parent=8297"}],"wp:term":[{"taxonomy":"category","embeddable":true,"href":"https:\/\/www.hometheater.com.br\/portal\/wp-json\/wp\/v2\/categories?post=8297"},{"taxonomy":"post_tag","embeddable":true,"href":"https:\/\/www.hometheater.com.br\/portal\/wp-json\/wp\/v2\/tags?post=8297"}],"curies":[{"name":"wp","href":"https:\/\/api.w.org\/{rel}","templated":true}]}}