{"id":8070,"date":"2019-07-04T12:07:43","date_gmt":"2019-07-04T15:07:43","guid":{"rendered":"https:\/\/www.hometheater.com.br\/portal\/?p=8070"},"modified":"2019-07-04T12:07:43","modified_gmt":"2019-07-04T15:07:43","slug":"home-expert-2019-tera-demonstracao-com-tecnicos-da-dolby-labs","status":"publish","type":"post","link":"https:\/\/www.hometheater.com.br\/portal\/2019\/07\/04\/home-expert-2019-tera-demonstracao-com-tecnicos-da-dolby-labs\/","title":{"rendered":"HOME EXPERT 2019 ter\u00e1 demonstra\u00e7\u00e3o com t\u00e9cnicos da Dolby Labs"},"content":{"rendered":"<p><img loading=\"lazy\" decoding=\"async\" class=\"aligncenter size-full wp-image-8071\" src=\"https:\/\/www.hometheater.com.br\/portal\/wp-content\/uploads\/2019\/07\/dolby_logo.jpg\" alt=\"\" width=\"800\" height=\"450\" srcset=\"https:\/\/www.hometheater.com.br\/portal\/wp-content\/uploads\/2019\/07\/dolby_logo.jpg 800w, https:\/\/www.hometheater.com.br\/portal\/wp-content\/uploads\/2019\/07\/dolby_logo-400x225.jpg 400w, https:\/\/www.hometheater.com.br\/portal\/wp-content\/uploads\/2019\/07\/dolby_logo-500x281.jpg 500w, https:\/\/www.hometheater.com.br\/portal\/wp-content\/uploads\/2019\/07\/dolby_logo-300x169.jpg 300w, https:\/\/www.hometheater.com.br\/portal\/wp-content\/uploads\/2019\/07\/dolby_logo-768x432.jpg 768w, https:\/\/www.hometheater.com.br\/portal\/wp-content\/uploads\/2019\/07\/dolby_logo-600x338.jpg 600w\" sizes=\"auto, (max-width: 800px) 100vw, 800px\" \/><\/p>\n<p>J\u00e1 est\u00e1 fechada a programa\u00e7\u00e3o do <strong>HOME EXPERT 2019<\/strong>, evento de aperfei\u00e7oamento t\u00e9cnico para integradores de \u00e1udio, v\u00eddeo e automa\u00e7\u00e3o, que ser\u00e1 realizado no pr\u00f3ximo dia 29\/07 em S\u00e3o Paulo. O programa conta com cinco apresenta\u00e7\u00f5es sobre temas atuais e mais duas de car\u00e1ter comercial, oferecidas pelos patrocinadores: AAT (sistemas de \u00e1udio) e BENQ (projetores e displays).<\/p>\n<p>Uma das atra\u00e7\u00f5es do HOME EXPERT 2019 ser\u00e1 a participa\u00e7\u00e3o da Dolby Labs, com uma apresenta\u00e7\u00e3o &#8211; acompanhada de demonstra\u00e7\u00f5es &#8211; sobre os sistemas Dolby Atmos e Dolby Vision. Ambos est\u00e3o sendo cada vez mais usados pelas produtoras de cinema, v\u00eddeo e streaming, e t\u00eam grande apelo junto ao consumidor. Esta apresenta\u00e7\u00e3o dever\u00e1 fechar o programa do evento, no final do dia.<\/p><div class=\"homet-conteudo\" style=\"text-align: center;\" id=\"homet-555235979\"><div data-cfpa=\"36066\" data-cfpw=\"36066\" id=\"homet-2770937337\"><a data-no-instant=\"1\" href=\"https:\/\/loja.sommaior.com.br\/\" rel=\"noopener\" class=\"a2t-link\" aria-label=\"ABBEY-ROAD_360x300px\"><img loading=\"lazy\" decoding=\"async\" src=\"https:\/\/www.hometheater.com.br\/portal\/wp-content\/uploads\/2025\/10\/ABBEY-ROAD_360x300px.jpg\" alt=\"\"  class=\"no-lazyload\" width=\"300\" height=\"250\"   \/><\/a><\/div><script type=\"text\/javascript\">;new advadsCfpAd( 36066 );<\/script><\/div>\n<p>As atividades no dia 29 come\u00e7am \u00e0s 9h30, com a recep\u00e7\u00e3o aos participantes, que devem se cadastrar previamente no\u00a0<strong><a href=\"https:\/\/www.hometheater.com.br\/portal\/cursos\/\" target=\"_blank\" rel=\"noopener noreferrer\" data-saferedirecturl=\"https:\/\/www.google.com\/url?q=https:\/\/www.hometheater.com.br\/portal\/cursos\/&amp;source=gmail&amp;ust=1562338238690000&amp;usg=AFQjCNGUuYnruDwzX09VGVr_JPXVLWYMuw\">site do evento<\/a><\/strong>. Somente pessoas inscritas poder\u00e3o assistir \u00e0s apresenta\u00e7\u00f5es e participar do networking nos intervalos. A inscri\u00e7\u00e3o tamb\u00e9m \u00e9 obrigat\u00f3ria para quem n\u00e3o puder ir ao evento, mas quiser assistir depois, por streaming. Todas as sess\u00f5es ser\u00e3o gravadas.<\/p>\n<p>HOME EXPERT 2019 \u00e9 uma iniciativa pioneira da Event Editora, que publica este site e tamb\u00e9m a revista HOME THEATER &amp; CASA DIGITAL. Para ver a programa\u00e7\u00e3o completa e saber mais detalhes, envie mensagem para\u00a0<strong><a href=\"mailto:expert@hometheater.com.br\" target=\"_blank\" rel=\"noopener noreferrer\">expert@hometheater.com.br<\/a><\/strong><wbr \/>.\u00a0Ou visite<strong>\u00a0<a href=\"http:\/\/hometheater.com.br\/homexpert\" target=\"_blank\" rel=\"noopener noreferrer\" data-saferedirecturl=\"https:\/\/www.google.com\/url?q=http:\/\/hometheater.com.br\/homexpert&amp;source=gmail&amp;ust=1562338238690000&amp;usg=AFQjCNGOc-sb7oBILh4nIH7d8517XHfHMg\">hometheater.com.br\/<wbr \/>homexpert<\/a><\/strong>.<\/p>\n<p><b>Temas relacionados:<\/b><\/p>\n<p><a href=\"https:\/\/www.hometheater.com.br\/portal\/2019\/07\/03\/portal-traz-cursos-e-ajuda-a-encontrar-profissionais-de-automacao\/\" target=\"_blank\" rel=\"noopener noreferrer\" data-saferedirecturl=\"https:\/\/www.google.com\/url?q=https:\/\/www.hometheater.com.br\/portal\/2019\/07\/03\/portal-traz-cursos-e-ajuda-a-encontrar-profissionais-de-automacao\/&amp;source=gmail&amp;ust=1562338238690000&amp;usg=AFQjCNGb9mfeIl7u3XxdH7VSYGbWY4wfbw\"><b>Portal traz cursos e ajuda a encontrar profissionais de automa\u00e7\u00e3o<\/b><\/a><\/p>\n<p><a href=\"https:\/\/www.hometheater.com.br\/portal\/2019\/07\/01\/aat-e-benq-patrocinam-1a-edicao-do-home-expert-2019\/\" target=\"_blank\" rel=\"noopener noreferrer\" data-saferedirecturl=\"https:\/\/www.google.com\/url?q=https:\/\/www.hometheater.com.br\/portal\/2019\/07\/01\/aat-e-benq-patrocinam-1a-edicao-do-home-expert-2019\/&amp;source=gmail&amp;ust=1562338238690000&amp;usg=AFQjCNGAVkO-H0QpGfXLJ6Rgh_Mz8uPysQ\"><b>AAT e BENQ patrocinam 1\u00aa edi\u00e7\u00e3o do HOME EXPERT 2019<\/b><\/a><\/p>\n<p><a href=\"https:\/\/www.hometheater.com.br\/portal\/2019\/06\/19\/aureside-promove-curso-de-tres-dias-sobre-projetos-av\/\" target=\"_blank\" rel=\"noopener noreferrer\" data-saferedirecturl=\"https:\/\/www.google.com\/url?q=https:\/\/www.hometheater.com.br\/portal\/2019\/06\/19\/aureside-promove-curso-de-tres-dias-sobre-projetos-av\/&amp;source=gmail&amp;ust=1562338238690000&amp;usg=AFQjCNGtxYE4fHjXd0h9xbKN6JENqVM7hQ\"><b>Aureside promove curso de tr\u00eas dias sobre projetos AV<\/b><\/a><\/p>\n<p><a href=\"https:\/\/orlandobarrozo.blog.br\/2019\/06\/17\/prof-cysne-oferece-mais-um-curso\/\" target=\"_blank\" rel=\"noopener noreferrer\" data-saferedirecturl=\"https:\/\/www.google.com\/url?q=https:\/\/orlandobarrozo.blog.br\/2019\/06\/17\/prof-cysne-oferece-mais-um-curso\/&amp;source=gmail&amp;ust=1562338238690000&amp;usg=AFQjCNFHtH56LmwM70Ouzlo0upb4dj57KA\"><b>Engo. Luiz Cysne d\u00e1 curso sobre Ac\u00fastica Arquitet\u00f4nica<\/b><\/a><\/p>\n","protected":false},"excerpt":{"rendered":"<p>J\u00e1 est\u00e1 fechada a programa\u00e7\u00e3o do HOME EXPERT 2019, evento de aperfei\u00e7oamento t\u00e9cnico para integradores de \u00e1udio, v\u00eddeo e automa\u00e7\u00e3o, que ser\u00e1 realizado no pr\u00f3ximo<\/p>\n","protected":false},"author":1,"featured_media":8072,"comment_status":"open","ping_status":"open","sticky":false,"template":"","format":"standard","meta":{"footnotes":""},"categories":[4],"tags":[],"class_list":["post-8070","post","type-post","status-publish","format-standard","has-post-thumbnail","hentry","category-noticias"],"yoast_head":"<!-- This site is optimized with the Yoast SEO plugin v25.7 - https:\/\/yoast.com\/wordpress\/plugins\/seo\/ -->\n<title>HOME EXPERT 2019 ter\u00e1 demonstra\u00e7\u00e3o com t\u00e9cnicos da Dolby Labs - HT &amp; Casa Digital<\/title>\n<meta name=\"robots\" content=\"index, follow, max-snippet:-1, max-image-preview:large, max-video-preview:-1\" \/>\n<link rel=\"canonical\" href=\"https:\/\/www.hometheater.com.br\/portal\/2019\/07\/04\/home-expert-2019-tera-demonstracao-com-tecnicos-da-dolby-labs\/\" \/>\n<meta property=\"og:locale\" content=\"pt_BR\" \/>\n<meta property=\"og:type\" content=\"article\" \/>\n<meta property=\"og:title\" content=\"HOME EXPERT 2019 ter\u00e1 demonstra\u00e7\u00e3o com t\u00e9cnicos da Dolby Labs - HT &amp; Casa Digital\" \/>\n<meta property=\"og:description\" content=\"J\u00e1 est\u00e1 fechada a programa\u00e7\u00e3o do HOME EXPERT 2019, evento de aperfei\u00e7oamento t\u00e9cnico para integradores de \u00e1udio, v\u00eddeo e automa\u00e7\u00e3o, que ser\u00e1 realizado no pr\u00f3ximo\" \/>\n<meta property=\"og:url\" content=\"https:\/\/www.hometheater.com.br\/portal\/2019\/07\/04\/home-expert-2019-tera-demonstracao-com-tecnicos-da-dolby-labs\/\" \/>\n<meta property=\"og:site_name\" content=\"HT &amp; Casa Digital\" \/>\n<meta property=\"article:publisher\" content=\"https:\/\/web.facebook.com\/revistahometheater\" \/>\n<meta property=\"article:published_time\" content=\"2019-07-04T15:07:43+00:00\" \/>\n<meta property=\"og:image\" content=\"https:\/\/www.hometheater.com.br\/portal\/wp-content\/uploads\/2019\/07\/dolby_vision.jpg\" \/>\n\t<meta property=\"og:image:width\" content=\"450\" \/>\n\t<meta property=\"og:image:height\" content=\"300\" \/>\n\t<meta property=\"og:image:type\" content=\"image\/jpeg\" \/>\n<meta name=\"author\" content=\"Revista Home Theater &amp; Casa Digital\" \/>\n<meta name=\"twitter:card\" content=\"summary_large_image\" \/>\n<meta name=\"twitter:creator\" content=\"@hometheaterbr\" \/>\n<meta name=\"twitter:site\" content=\"@hometheaterbr\" \/>\n<meta name=\"twitter:label1\" content=\"Escrito por\" \/>\n\t<meta name=\"twitter:data1\" content=\"Revista Home Theater &amp; Casa Digital\" \/>\n\t<meta name=\"twitter:label2\" content=\"Est. tempo de leitura\" \/>\n\t<meta name=\"twitter:data2\" content=\"1 minuto\" \/>\n<script type=\"application\/ld+json\" class=\"yoast-schema-graph\">{\"@context\":\"https:\/\/schema.org\",\"@graph\":[{\"@type\":\"Article\",\"@id\":\"https:\/\/www.hometheater.com.br\/portal\/2019\/07\/04\/home-expert-2019-tera-demonstracao-com-tecnicos-da-dolby-labs\/#article\",\"isPartOf\":{\"@id\":\"https:\/\/www.hometheater.com.br\/portal\/2019\/07\/04\/home-expert-2019-tera-demonstracao-com-tecnicos-da-dolby-labs\/\"},\"author\":{\"name\":\"Revista Home Theater &amp; Casa Digital\",\"@id\":\"https:\/\/www.hometheater.com.br\/portal\/#\/schema\/person\/3b6bd5a9e2a6c4197c7b98dd7a733d22\"},\"headline\":\"HOME EXPERT 2019 ter\u00e1 demonstra\u00e7\u00e3o com t\u00e9cnicos da Dolby Labs\",\"datePublished\":\"2019-07-04T15:07:43+00:00\",\"mainEntityOfPage\":{\"@id\":\"https:\/\/www.hometheater.com.br\/portal\/2019\/07\/04\/home-expert-2019-tera-demonstracao-com-tecnicos-da-dolby-labs\/\"},\"wordCount\":297,\"commentCount\":0,\"publisher\":{\"@id\":\"https:\/\/www.hometheater.com.br\/portal\/#organization\"},\"image\":{\"@id\":\"https:\/\/www.hometheater.com.br\/portal\/2019\/07\/04\/home-expert-2019-tera-demonstracao-com-tecnicos-da-dolby-labs\/#primaryimage\"},\"thumbnailUrl\":\"https:\/\/www.hometheater.com.br\/portal\/wp-content\/uploads\/2019\/07\/dolby_vision.jpg\",\"articleSection\":[\"NOT\u00cdCIAS\"],\"inLanguage\":\"pt-BR\",\"potentialAction\":[{\"@type\":\"CommentAction\",\"name\":\"Comment\",\"target\":[\"https:\/\/www.hometheater.com.br\/portal\/2019\/07\/04\/home-expert-2019-tera-demonstracao-com-tecnicos-da-dolby-labs\/#respond\"]}]},{\"@type\":\"WebPage\",\"@id\":\"https:\/\/www.hometheater.com.br\/portal\/2019\/07\/04\/home-expert-2019-tera-demonstracao-com-tecnicos-da-dolby-labs\/\",\"url\":\"https:\/\/www.hometheater.com.br\/portal\/2019\/07\/04\/home-expert-2019-tera-demonstracao-com-tecnicos-da-dolby-labs\/\",\"name\":\"HOME EXPERT 2019 ter\u00e1 demonstra\u00e7\u00e3o com t\u00e9cnicos da Dolby Labs - HT &amp; Casa Digital\",\"isPartOf\":{\"@id\":\"https:\/\/www.hometheater.com.br\/portal\/#website\"},\"primaryImageOfPage\":{\"@id\":\"https:\/\/www.hometheater.com.br\/portal\/2019\/07\/04\/home-expert-2019-tera-demonstracao-com-tecnicos-da-dolby-labs\/#primaryimage\"},\"image\":{\"@id\":\"https:\/\/www.hometheater.com.br\/portal\/2019\/07\/04\/home-expert-2019-tera-demonstracao-com-tecnicos-da-dolby-labs\/#primaryimage\"},\"thumbnailUrl\":\"https:\/\/www.hometheater.com.br\/portal\/wp-content\/uploads\/2019\/07\/dolby_vision.jpg\",\"datePublished\":\"2019-07-04T15:07:43+00:00\",\"breadcrumb\":{\"@id\":\"https:\/\/www.hometheater.com.br\/portal\/2019\/07\/04\/home-expert-2019-tera-demonstracao-com-tecnicos-da-dolby-labs\/#breadcrumb\"},\"inLanguage\":\"pt-BR\",\"potentialAction\":[{\"@type\":\"ReadAction\",\"target\":[\"https:\/\/www.hometheater.com.br\/portal\/2019\/07\/04\/home-expert-2019-tera-demonstracao-com-tecnicos-da-dolby-labs\/\"]}]},{\"@type\":\"ImageObject\",\"inLanguage\":\"pt-BR\",\"@id\":\"https:\/\/www.hometheater.com.br\/portal\/2019\/07\/04\/home-expert-2019-tera-demonstracao-com-tecnicos-da-dolby-labs\/#primaryimage\",\"url\":\"https:\/\/www.hometheater.com.br\/portal\/wp-content\/uploads\/2019\/07\/dolby_vision.jpg\",\"contentUrl\":\"https:\/\/www.hometheater.com.br\/portal\/wp-content\/uploads\/2019\/07\/dolby_vision.jpg\",\"width\":450,\"height\":300},{\"@type\":\"BreadcrumbList\",\"@id\":\"https:\/\/www.hometheater.com.br\/portal\/2019\/07\/04\/home-expert-2019-tera-demonstracao-com-tecnicos-da-dolby-labs\/#breadcrumb\",\"itemListElement\":[{\"@type\":\"ListItem\",\"position\":1,\"name\":\"In\u00edcio\",\"item\":\"https:\/\/www.hometheater.com.br\/portal\/\"},{\"@type\":\"ListItem\",\"position\":2,\"name\":\"HOME EXPERT 2019 ter\u00e1 demonstra\u00e7\u00e3o com t\u00e9cnicos da Dolby Labs\"}]},{\"@type\":\"WebSite\",\"@id\":\"https:\/\/www.hometheater.com.br\/portal\/#website\",\"url\":\"https:\/\/www.hometheater.com.br\/portal\/\",\"name\":\"HT &amp; Casa Digital\",\"description\":\"O mundo digital em sua casa\",\"publisher\":{\"@id\":\"https:\/\/www.hometheater.com.br\/portal\/#organization\"},\"potentialAction\":[{\"@type\":\"SearchAction\",\"target\":{\"@type\":\"EntryPoint\",\"urlTemplate\":\"https:\/\/www.hometheater.com.br\/portal\/?s={search_term_string}\"},\"query-input\":{\"@type\":\"PropertyValueSpecification\",\"valueRequired\":true,\"valueName\":\"search_term_string\"}}],\"inLanguage\":\"pt-BR\"},{\"@type\":\"Organization\",\"@id\":\"https:\/\/www.hometheater.com.br\/portal\/#organization\",\"name\":\"Home Theater\",\"url\":\"https:\/\/www.hometheater.com.br\/portal\/\",\"logo\":{\"@type\":\"ImageObject\",\"inLanguage\":\"pt-BR\",\"@id\":\"https:\/\/www.hometheater.com.br\/portal\/#\/schema\/logo\/image\/\",\"url\":\"https:\/\/www.hometheater.com.br\/portal\/wp-content\/uploads\/2022\/06\/assine_ht_01.png\",\"contentUrl\":\"https:\/\/www.hometheater.com.br\/portal\/wp-content\/uploads\/2022\/06\/assine_ht_01.png\",\"width\":800,\"height\":254,\"caption\":\"Home Theater\"},\"image\":{\"@id\":\"https:\/\/www.hometheater.com.br\/portal\/#\/schema\/logo\/image\/\"},\"sameAs\":[\"https:\/\/web.facebook.com\/revistahometheater\",\"https:\/\/x.com\/hometheaterbr\"]},{\"@type\":\"Person\",\"@id\":\"https:\/\/www.hometheater.com.br\/portal\/#\/schema\/person\/3b6bd5a9e2a6c4197c7b98dd7a733d22\",\"name\":\"Revista Home Theater &amp; Casa Digital\",\"image\":{\"@type\":\"ImageObject\",\"inLanguage\":\"pt-BR\",\"@id\":\"https:\/\/www.hometheater.com.br\/portal\/#\/schema\/person\/image\/\",\"url\":\"https:\/\/secure.gravatar.com\/avatar\/fd86f33d841f0f43adcc1665dd80ca740e028af4297e20d3444f9335092a6ee7?s=96&d=mm&r=g\",\"contentUrl\":\"https:\/\/secure.gravatar.com\/avatar\/fd86f33d841f0f43adcc1665dd80ca740e028af4297e20d3444f9335092a6ee7?s=96&d=mm&r=g\",\"caption\":\"Revista Home Theater &amp; Casa Digital\"},\"url\":\"https:\/\/www.hometheater.com.br\/portal\/author\/flavio\/\"}]}<\/script>\n<!-- \/ Yoast SEO plugin. -->","yoast_head_json":{"title":"HOME EXPERT 2019 ter\u00e1 demonstra\u00e7\u00e3o com t\u00e9cnicos da Dolby Labs - HT &amp; Casa Digital","robots":{"index":"index","follow":"follow","max-snippet":"max-snippet:-1","max-image-preview":"max-image-preview:large","max-video-preview":"max-video-preview:-1"},"canonical":"https:\/\/www.hometheater.com.br\/portal\/2019\/07\/04\/home-expert-2019-tera-demonstracao-com-tecnicos-da-dolby-labs\/","og_locale":"pt_BR","og_type":"article","og_title":"HOME EXPERT 2019 ter\u00e1 demonstra\u00e7\u00e3o com t\u00e9cnicos da Dolby Labs - HT &amp; Casa Digital","og_description":"J\u00e1 est\u00e1 fechada a programa\u00e7\u00e3o do HOME EXPERT 2019, evento de aperfei\u00e7oamento t\u00e9cnico para integradores de \u00e1udio, v\u00eddeo e automa\u00e7\u00e3o, que ser\u00e1 realizado no pr\u00f3ximo","og_url":"https:\/\/www.hometheater.com.br\/portal\/2019\/07\/04\/home-expert-2019-tera-demonstracao-com-tecnicos-da-dolby-labs\/","og_site_name":"HT &amp; Casa Digital","article_publisher":"https:\/\/web.facebook.com\/revistahometheater","article_published_time":"2019-07-04T15:07:43+00:00","og_image":[{"width":450,"height":300,"url":"https:\/\/www.hometheater.com.br\/portal\/wp-content\/uploads\/2019\/07\/dolby_vision.jpg","type":"image\/jpeg"}],"author":"Revista Home Theater &amp; Casa Digital","twitter_card":"summary_large_image","twitter_creator":"@hometheaterbr","twitter_site":"@hometheaterbr","twitter_misc":{"Escrito por":"Revista Home Theater &amp; Casa Digital","Est. tempo de leitura":"1 minuto"},"schema":{"@context":"https:\/\/schema.org","@graph":[{"@type":"Article","@id":"https:\/\/www.hometheater.com.br\/portal\/2019\/07\/04\/home-expert-2019-tera-demonstracao-com-tecnicos-da-dolby-labs\/#article","isPartOf":{"@id":"https:\/\/www.hometheater.com.br\/portal\/2019\/07\/04\/home-expert-2019-tera-demonstracao-com-tecnicos-da-dolby-labs\/"},"author":{"name":"Revista Home Theater &amp; Casa Digital","@id":"https:\/\/www.hometheater.com.br\/portal\/#\/schema\/person\/3b6bd5a9e2a6c4197c7b98dd7a733d22"},"headline":"HOME EXPERT 2019 ter\u00e1 demonstra\u00e7\u00e3o com t\u00e9cnicos da Dolby Labs","datePublished":"2019-07-04T15:07:43+00:00","mainEntityOfPage":{"@id":"https:\/\/www.hometheater.com.br\/portal\/2019\/07\/04\/home-expert-2019-tera-demonstracao-com-tecnicos-da-dolby-labs\/"},"wordCount":297,"commentCount":0,"publisher":{"@id":"https:\/\/www.hometheater.com.br\/portal\/#organization"},"image":{"@id":"https:\/\/www.hometheater.com.br\/portal\/2019\/07\/04\/home-expert-2019-tera-demonstracao-com-tecnicos-da-dolby-labs\/#primaryimage"},"thumbnailUrl":"https:\/\/www.hometheater.com.br\/portal\/wp-content\/uploads\/2019\/07\/dolby_vision.jpg","articleSection":["NOT\u00cdCIAS"],"inLanguage":"pt-BR","potentialAction":[{"@type":"CommentAction","name":"Comment","target":["https:\/\/www.hometheater.com.br\/portal\/2019\/07\/04\/home-expert-2019-tera-demonstracao-com-tecnicos-da-dolby-labs\/#respond"]}]},{"@type":"WebPage","@id":"https:\/\/www.hometheater.com.br\/portal\/2019\/07\/04\/home-expert-2019-tera-demonstracao-com-tecnicos-da-dolby-labs\/","url":"https:\/\/www.hometheater.com.br\/portal\/2019\/07\/04\/home-expert-2019-tera-demonstracao-com-tecnicos-da-dolby-labs\/","name":"HOME EXPERT 2019 ter\u00e1 demonstra\u00e7\u00e3o com t\u00e9cnicos da Dolby Labs - HT &amp; Casa Digital","isPartOf":{"@id":"https:\/\/www.hometheater.com.br\/portal\/#website"},"primaryImageOfPage":{"@id":"https:\/\/www.hometheater.com.br\/portal\/2019\/07\/04\/home-expert-2019-tera-demonstracao-com-tecnicos-da-dolby-labs\/#primaryimage"},"image":{"@id":"https:\/\/www.hometheater.com.br\/portal\/2019\/07\/04\/home-expert-2019-tera-demonstracao-com-tecnicos-da-dolby-labs\/#primaryimage"},"thumbnailUrl":"https:\/\/www.hometheater.com.br\/portal\/wp-content\/uploads\/2019\/07\/dolby_vision.jpg","datePublished":"2019-07-04T15:07:43+00:00","breadcrumb":{"@id":"https:\/\/www.hometheater.com.br\/portal\/2019\/07\/04\/home-expert-2019-tera-demonstracao-com-tecnicos-da-dolby-labs\/#breadcrumb"},"inLanguage":"pt-BR","potentialAction":[{"@type":"ReadAction","target":["https:\/\/www.hometheater.com.br\/portal\/2019\/07\/04\/home-expert-2019-tera-demonstracao-com-tecnicos-da-dolby-labs\/"]}]},{"@type":"ImageObject","inLanguage":"pt-BR","@id":"https:\/\/www.hometheater.com.br\/portal\/2019\/07\/04\/home-expert-2019-tera-demonstracao-com-tecnicos-da-dolby-labs\/#primaryimage","url":"https:\/\/www.hometheater.com.br\/portal\/wp-content\/uploads\/2019\/07\/dolby_vision.jpg","contentUrl":"https:\/\/www.hometheater.com.br\/portal\/wp-content\/uploads\/2019\/07\/dolby_vision.jpg","width":450,"height":300},{"@type":"BreadcrumbList","@id":"https:\/\/www.hometheater.com.br\/portal\/2019\/07\/04\/home-expert-2019-tera-demonstracao-com-tecnicos-da-dolby-labs\/#breadcrumb","itemListElement":[{"@type":"ListItem","position":1,"name":"In\u00edcio","item":"https:\/\/www.hometheater.com.br\/portal\/"},{"@type":"ListItem","position":2,"name":"HOME EXPERT 2019 ter\u00e1 demonstra\u00e7\u00e3o com t\u00e9cnicos da Dolby Labs"}]},{"@type":"WebSite","@id":"https:\/\/www.hometheater.com.br\/portal\/#website","url":"https:\/\/www.hometheater.com.br\/portal\/","name":"HT &amp; Casa Digital","description":"O mundo digital em sua casa","publisher":{"@id":"https:\/\/www.hometheater.com.br\/portal\/#organization"},"potentialAction":[{"@type":"SearchAction","target":{"@type":"EntryPoint","urlTemplate":"https:\/\/www.hometheater.com.br\/portal\/?s={search_term_string}"},"query-input":{"@type":"PropertyValueSpecification","valueRequired":true,"valueName":"search_term_string"}}],"inLanguage":"pt-BR"},{"@type":"Organization","@id":"https:\/\/www.hometheater.com.br\/portal\/#organization","name":"Home Theater","url":"https:\/\/www.hometheater.com.br\/portal\/","logo":{"@type":"ImageObject","inLanguage":"pt-BR","@id":"https:\/\/www.hometheater.com.br\/portal\/#\/schema\/logo\/image\/","url":"https:\/\/www.hometheater.com.br\/portal\/wp-content\/uploads\/2022\/06\/assine_ht_01.png","contentUrl":"https:\/\/www.hometheater.com.br\/portal\/wp-content\/uploads\/2022\/06\/assine_ht_01.png","width":800,"height":254,"caption":"Home Theater"},"image":{"@id":"https:\/\/www.hometheater.com.br\/portal\/#\/schema\/logo\/image\/"},"sameAs":["https:\/\/web.facebook.com\/revistahometheater","https:\/\/x.com\/hometheaterbr"]},{"@type":"Person","@id":"https:\/\/www.hometheater.com.br\/portal\/#\/schema\/person\/3b6bd5a9e2a6c4197c7b98dd7a733d22","name":"Revista Home Theater &amp; Casa Digital","image":{"@type":"ImageObject","inLanguage":"pt-BR","@id":"https:\/\/www.hometheater.com.br\/portal\/#\/schema\/person\/image\/","url":"https:\/\/secure.gravatar.com\/avatar\/fd86f33d841f0f43adcc1665dd80ca740e028af4297e20d3444f9335092a6ee7?s=96&d=mm&r=g","contentUrl":"https:\/\/secure.gravatar.com\/avatar\/fd86f33d841f0f43adcc1665dd80ca740e028af4297e20d3444f9335092a6ee7?s=96&d=mm&r=g","caption":"Revista Home Theater &amp; Casa Digital"},"url":"https:\/\/www.hometheater.com.br\/portal\/author\/flavio\/"}]}},"_links":{"self":[{"href":"https:\/\/www.hometheater.com.br\/portal\/wp-json\/wp\/v2\/posts\/8070","targetHints":{"allow":["GET"]}}],"collection":[{"href":"https:\/\/www.hometheater.com.br\/portal\/wp-json\/wp\/v2\/posts"}],"about":[{"href":"https:\/\/www.hometheater.com.br\/portal\/wp-json\/wp\/v2\/types\/post"}],"author":[{"embeddable":true,"href":"https:\/\/www.hometheater.com.br\/portal\/wp-json\/wp\/v2\/users\/1"}],"replies":[{"embeddable":true,"href":"https:\/\/www.hometheater.com.br\/portal\/wp-json\/wp\/v2\/comments?post=8070"}],"version-history":[{"count":0,"href":"https:\/\/www.hometheater.com.br\/portal\/wp-json\/wp\/v2\/posts\/8070\/revisions"}],"wp:featuredmedia":[{"embeddable":true,"href":"https:\/\/www.hometheater.com.br\/portal\/wp-json\/wp\/v2\/media\/8072"}],"wp:attachment":[{"href":"https:\/\/www.hometheater.com.br\/portal\/wp-json\/wp\/v2\/media?parent=8070"}],"wp:term":[{"taxonomy":"category","embeddable":true,"href":"https:\/\/www.hometheater.com.br\/portal\/wp-json\/wp\/v2\/categories?post=8070"},{"taxonomy":"post_tag","embeddable":true,"href":"https:\/\/www.hometheater.com.br\/portal\/wp-json\/wp\/v2\/tags?post=8070"}],"curies":[{"name":"wp","href":"https:\/\/api.w.org\/{rel}","templated":true}]}}