{"id":8041,"date":"2019-07-01T12:42:22","date_gmt":"2019-07-01T15:42:22","guid":{"rendered":"https:\/\/www.hometheater.com.br\/portal\/?p=8041"},"modified":"2019-07-01T12:42:22","modified_gmt":"2019-07-01T15:42:22","slug":"eletrolar-show-tera-summit-de-inteligencia-artificial-para-varejo","status":"publish","type":"post","link":"https:\/\/www.hometheater.com.br\/portal\/2019\/07\/01\/eletrolar-show-tera-summit-de-inteligencia-artificial-para-varejo\/","title":{"rendered":"ELETROLAR SHOW TER\u00c1 SUMMIT DE INTELIG\u00caNCIA ARTIFICIAL PARA VAREJO"},"content":{"rendered":"<p>Um dos maiores eventos B2B do setor eletr\u00f4nico no pa\u00eds, o Eletrolar Show, que acontece em S\u00e3o Paulo no final do m\u00eas, ter\u00e1 este ano uma novidade: Summit de Intelig\u00eancia Artificial para o Varejo. Ser\u00e1 um encontro entre especialistas debatendo solu\u00e7\u00f5es e estrat\u00e9gias para o segmento envolvendo o uso das novas tecnologias.<\/p>\n<p>Com expectativa de 29 mil visitantes, segundo os organizadores, est\u00e1 ser\u00e1 a 14a edi\u00e7\u00e3o do Eletrolar Show. Al\u00e9m da feira com cerca de 700 expositores, haver\u00e1 uma s\u00e9rie de eventos paralelos focados em sub-segmentos, como dispositivos m\u00f3veis e artigos dom\u00e9sticos. Tamb\u00e9m acontece simultaneamente \u00e0 exposi\u00e7\u00e3o o Latin American Electronics International Trade Show, em que empresas brasileiras exibem produtos para fabricantes, importadores e distribuidores de outros pa\u00edses.<\/p><div class=\"homet-conteudo\" style=\"text-align: center;\" id=\"homet-367942385\"><div data-cfpa=\"35734\" data-cfpw=\"35734\" id=\"homet-1883476112\"><a data-no-instant=\"1\" href=\"https:\/\/www.harmanluxuryaudio.com\/\" rel=\"noopener\" class=\"a2t-link\" aria-label=\"ARCAM-SA45-BANNER-NEWSLETTER\"><img loading=\"lazy\" decoding=\"async\" src=\"https:\/\/www.hometheater.com.br\/portal\/wp-content\/uploads\/2025\/09\/ARCAM-SA45-BANNER-NEWSLETTER.gif\" alt=\"\"  class=\"no-lazyload\" width=\"300\" height=\"250\"   \/><\/a><\/div><h6><span style=\"color: #808080;\"><em>Publicidade<\/em><\/span><\/h6>\r\n<\/br><script type=\"text\/javascript\">;new advadsCfpAd( 35734 );<\/script><\/div>\n<p>\u201cO evento \u00e9\u00a0importante porque elimina barreiras comerciais e abre caminho para novas parcerias e canais, o que \u00e9 essencial numa \u00e9poca em que o varejo e o comportamento do consumidor passam por muitas mudan\u00e7as\u201d, diz Carlos Clur, presidente do Grupo Eletrolar. Segundo ele, s\u00e3o esperados este ano tomadores de decis\u00e3o da ind\u00fastria e do varejo representando mais de 30 mil pontos de venda em todo o pa\u00eds.<\/p>\n<p>Os organizadores oferecem passagens e hospedagens para executivos de empresas que n\u00e3o t\u00eam sede em S\u00e3o Paulo, incluindo de outros pa\u00edses sul-americanos.<\/p>\n<p>Para saber mais sobre o Eletrolar Show, visite o\u00a0<strong><a href=\"http:\/\/www.eletrolarshow.com.br\/index.html#expositores\" target=\"_blank\" rel=\"noopener noreferrer\" data-saferedirecturl=\"https:\/\/www.google.com\/url?q=http:\/\/www.eletrolarshow.com.br\/index.html%23expositores&amp;source=gmail&amp;ust=1562080357791000&amp;usg=AFQjCNFNy2y3DhqI_R-kJJblEiaktem3tw\">site oficial<\/a><\/strong>.<\/p>\n<p><b>FONTE: Eletrolar<\/b><\/p>\n<p><b>Veja tamb\u00e9m:<\/b><\/p>\n<p><a href=\"https:\/\/orlandobarrozo.blog.br\/2019\/06\/29\/apostando-no-conhecimento-compartilhado\/\" target=\"_blank\" rel=\"noopener noreferrer\" data-saferedirecturl=\"https:\/\/www.google.com\/url?q=https:\/\/orlandobarrozo.blog.br\/2019\/06\/29\/apostando-no-conhecimento-compartilhado\/&amp;source=gmail&amp;ust=1562080357791000&amp;usg=AFQjCNEdXzVjbFJZi0h_NwKKg-Iny_dbog\"><b>HOME EXPERT TRAZ S\u00c9RIE DE CURSOS PARA INTEGRADORES DE AV E AUTOMA\u00c7\u00c3O<\/b><\/a><\/p>\n<p><a href=\"https:\/\/www.businesstech.net.br\/site\/2018\/08\/pro-av-perspectivas-para-projetos-no-novo-segmento-de-varejo\/\" target=\"_blank\" rel=\"noopener noreferrer\" data-saferedirecturl=\"https:\/\/www.google.com\/url?q=https:\/\/www.businesstech.net.br\/site\/2018\/08\/pro-av-perspectivas-para-projetos-no-novo-segmento-de-varejo\/&amp;source=gmail&amp;ust=1562080357791000&amp;usg=AFQjCNFvLnpIrSv-2rrsDicM1OI5VbtAmw\"><b>PRO AV: PERSPECTIVAS PARA PROJETOS NO NOVO SEGMENTO DE VAREJO<\/b><\/a><\/p>\n<p><a href=\"https:\/\/www.businesstech.net.br\/site\/2018\/05\/estudo-da-avixa-mostra-oportunidades-nas-tecnologias-para-varejo\/\" target=\"_blank\" rel=\"noopener noreferrer\" data-saferedirecturl=\"https:\/\/www.google.com\/url?q=https:\/\/www.businesstech.net.br\/site\/2018\/05\/estudo-da-avixa-mostra-oportunidades-nas-tecnologias-para-varejo\/&amp;source=gmail&amp;ust=1562080357791000&amp;usg=AFQjCNH_b425dZUN5Q2G35iUFx0TcHJuMg\"><b>ESTUDO DA AVIXA MOSTRA OPORTUNIDADES NAS TECNOLOGIAS PARA VAREJO<\/b><\/a><\/p>\n<p><a href=\"https:\/\/www.businesstech.net.br\/site\/2019\/06\/samsung-promove-serie-de-cursos-sobre-inteligencia-artificial\/\" target=\"_blank\" rel=\"noopener noreferrer\" data-saferedirecturl=\"https:\/\/www.google.com\/url?q=https:\/\/www.businesstech.net.br\/site\/2019\/06\/samsung-promove-serie-de-cursos-sobre-inteligencia-artificial\/&amp;source=gmail&amp;ust=1562080357791000&amp;usg=AFQjCNHEDD9BJgW2xjhvk9pDhzziQOfCUQ\"><b>SAMSUNG PROMOVE S\u00c9RIE DE CURSOS SOBRE INTELIG\u00caNCIA ARTIFICIAL<\/b><\/a><\/p>\n","protected":false},"excerpt":{"rendered":"<p>Um dos maiores eventos B2B do setor eletr\u00f4nico no pa\u00eds, o Eletrolar Show, que acontece em S\u00e3o Paulo no final do m\u00eas, ter\u00e1 este ano<\/p>\n","protected":false},"author":1,"featured_media":0,"comment_status":"open","ping_status":"open","sticky":false,"template":"","format":"standard","meta":{"footnotes":""},"categories":[1],"tags":[],"class_list":["post-8041","post","type-post","status-publish","format-standard","hentry","category-sem-categoria"],"yoast_head":"<!-- This site is optimized with the Yoast SEO plugin v25.7 - https:\/\/yoast.com\/wordpress\/plugins\/seo\/ -->\n<title>ELETROLAR SHOW TER\u00c1 SUMMIT DE INTELIG\u00caNCIA ARTIFICIAL PARA VAREJO - HT &amp; Casa Digital<\/title>\n<meta name=\"robots\" content=\"index, follow, max-snippet:-1, max-image-preview:large, max-video-preview:-1\" \/>\n<link rel=\"canonical\" href=\"https:\/\/www.hometheater.com.br\/portal\/2019\/07\/01\/eletrolar-show-tera-summit-de-inteligencia-artificial-para-varejo\/\" \/>\n<meta property=\"og:locale\" content=\"pt_BR\" \/>\n<meta property=\"og:type\" content=\"article\" \/>\n<meta property=\"og:title\" content=\"ELETROLAR SHOW TER\u00c1 SUMMIT DE INTELIG\u00caNCIA ARTIFICIAL PARA VAREJO - HT &amp; Casa Digital\" \/>\n<meta property=\"og:description\" content=\"Um dos maiores eventos B2B do setor eletr\u00f4nico no pa\u00eds, o Eletrolar Show, que acontece em S\u00e3o Paulo no final do m\u00eas, ter\u00e1 este ano\" \/>\n<meta property=\"og:url\" content=\"https:\/\/www.hometheater.com.br\/portal\/2019\/07\/01\/eletrolar-show-tera-summit-de-inteligencia-artificial-para-varejo\/\" \/>\n<meta property=\"og:site_name\" content=\"HT &amp; Casa Digital\" \/>\n<meta property=\"article:publisher\" content=\"https:\/\/web.facebook.com\/revistahometheater\" \/>\n<meta property=\"article:published_time\" content=\"2019-07-01T15:42:22+00:00\" \/>\n<meta property=\"og:image\" content=\"https:\/\/www.hometheater.com.br\/portal\/wp-content\/uploads\/2020\/12\/ht_logo_dez.png\" \/>\n\t<meta property=\"og:image:width\" content=\"450\" \/>\n\t<meta property=\"og:image:height\" content=\"300\" \/>\n\t<meta property=\"og:image:type\" content=\"image\/png\" \/>\n<meta name=\"author\" content=\"Revista Home Theater &amp; Casa Digital\" \/>\n<meta name=\"twitter:card\" content=\"summary_large_image\" \/>\n<meta name=\"twitter:creator\" content=\"@hometheaterbr\" \/>\n<meta name=\"twitter:site\" content=\"@hometheaterbr\" \/>\n<meta name=\"twitter:label1\" content=\"Escrito por\" \/>\n\t<meta name=\"twitter:data1\" content=\"Revista Home Theater &amp; Casa Digital\" \/>\n\t<meta name=\"twitter:label2\" content=\"Est. tempo de leitura\" \/>\n\t<meta name=\"twitter:data2\" content=\"1 minuto\" \/>\n<script type=\"application\/ld+json\" class=\"yoast-schema-graph\">{\"@context\":\"https:\/\/schema.org\",\"@graph\":[{\"@type\":\"Article\",\"@id\":\"https:\/\/www.hometheater.com.br\/portal\/2019\/07\/01\/eletrolar-show-tera-summit-de-inteligencia-artificial-para-varejo\/#article\",\"isPartOf\":{\"@id\":\"https:\/\/www.hometheater.com.br\/portal\/2019\/07\/01\/eletrolar-show-tera-summit-de-inteligencia-artificial-para-varejo\/\"},\"author\":{\"name\":\"Revista Home Theater &amp; Casa Digital\",\"@id\":\"https:\/\/www.hometheater.com.br\/portal\/#\/schema\/person\/3b6bd5a9e2a6c4197c7b98dd7a733d22\"},\"headline\":\"ELETROLAR SHOW TER\u00c1 SUMMIT DE INTELIG\u00caNCIA ARTIFICIAL PARA VAREJO\",\"datePublished\":\"2019-07-01T15:42:22+00:00\",\"mainEntityOfPage\":{\"@id\":\"https:\/\/www.hometheater.com.br\/portal\/2019\/07\/01\/eletrolar-show-tera-summit-de-inteligencia-artificial-para-varejo\/\"},\"wordCount\":296,\"commentCount\":0,\"publisher\":{\"@id\":\"https:\/\/www.hometheater.com.br\/portal\/#organization\"},\"articleSection\":[\".\"],\"inLanguage\":\"pt-BR\",\"potentialAction\":[{\"@type\":\"CommentAction\",\"name\":\"Comment\",\"target\":[\"https:\/\/www.hometheater.com.br\/portal\/2019\/07\/01\/eletrolar-show-tera-summit-de-inteligencia-artificial-para-varejo\/#respond\"]}]},{\"@type\":\"WebPage\",\"@id\":\"https:\/\/www.hometheater.com.br\/portal\/2019\/07\/01\/eletrolar-show-tera-summit-de-inteligencia-artificial-para-varejo\/\",\"url\":\"https:\/\/www.hometheater.com.br\/portal\/2019\/07\/01\/eletrolar-show-tera-summit-de-inteligencia-artificial-para-varejo\/\",\"name\":\"ELETROLAR SHOW TER\u00c1 SUMMIT DE INTELIG\u00caNCIA ARTIFICIAL PARA VAREJO - HT &amp; Casa Digital\",\"isPartOf\":{\"@id\":\"https:\/\/www.hometheater.com.br\/portal\/#website\"},\"datePublished\":\"2019-07-01T15:42:22+00:00\",\"breadcrumb\":{\"@id\":\"https:\/\/www.hometheater.com.br\/portal\/2019\/07\/01\/eletrolar-show-tera-summit-de-inteligencia-artificial-para-varejo\/#breadcrumb\"},\"inLanguage\":\"pt-BR\",\"potentialAction\":[{\"@type\":\"ReadAction\",\"target\":[\"https:\/\/www.hometheater.com.br\/portal\/2019\/07\/01\/eletrolar-show-tera-summit-de-inteligencia-artificial-para-varejo\/\"]}]},{\"@type\":\"BreadcrumbList\",\"@id\":\"https:\/\/www.hometheater.com.br\/portal\/2019\/07\/01\/eletrolar-show-tera-summit-de-inteligencia-artificial-para-varejo\/#breadcrumb\",\"itemListElement\":[{\"@type\":\"ListItem\",\"position\":1,\"name\":\"In\u00edcio\",\"item\":\"https:\/\/www.hometheater.com.br\/portal\/\"},{\"@type\":\"ListItem\",\"position\":2,\"name\":\"ELETROLAR SHOW TER\u00c1 SUMMIT DE INTELIG\u00caNCIA ARTIFICIAL PARA VAREJO\"}]},{\"@type\":\"WebSite\",\"@id\":\"https:\/\/www.hometheater.com.br\/portal\/#website\",\"url\":\"https:\/\/www.hometheater.com.br\/portal\/\",\"name\":\"HT &amp; Casa Digital\",\"description\":\"O mundo digital em sua casa\",\"publisher\":{\"@id\":\"https:\/\/www.hometheater.com.br\/portal\/#organization\"},\"potentialAction\":[{\"@type\":\"SearchAction\",\"target\":{\"@type\":\"EntryPoint\",\"urlTemplate\":\"https:\/\/www.hometheater.com.br\/portal\/?s={search_term_string}\"},\"query-input\":{\"@type\":\"PropertyValueSpecification\",\"valueRequired\":true,\"valueName\":\"search_term_string\"}}],\"inLanguage\":\"pt-BR\"},{\"@type\":\"Organization\",\"@id\":\"https:\/\/www.hometheater.com.br\/portal\/#organization\",\"name\":\"Home Theater\",\"url\":\"https:\/\/www.hometheater.com.br\/portal\/\",\"logo\":{\"@type\":\"ImageObject\",\"inLanguage\":\"pt-BR\",\"@id\":\"https:\/\/www.hometheater.com.br\/portal\/#\/schema\/logo\/image\/\",\"url\":\"https:\/\/www.hometheater.com.br\/portal\/wp-content\/uploads\/2022\/06\/assine_ht_01.png\",\"contentUrl\":\"https:\/\/www.hometheater.com.br\/portal\/wp-content\/uploads\/2022\/06\/assine_ht_01.png\",\"width\":800,\"height\":254,\"caption\":\"Home Theater\"},\"image\":{\"@id\":\"https:\/\/www.hometheater.com.br\/portal\/#\/schema\/logo\/image\/\"},\"sameAs\":[\"https:\/\/web.facebook.com\/revistahometheater\",\"https:\/\/x.com\/hometheaterbr\"]},{\"@type\":\"Person\",\"@id\":\"https:\/\/www.hometheater.com.br\/portal\/#\/schema\/person\/3b6bd5a9e2a6c4197c7b98dd7a733d22\",\"name\":\"Revista Home Theater &amp; Casa Digital\",\"image\":{\"@type\":\"ImageObject\",\"inLanguage\":\"pt-BR\",\"@id\":\"https:\/\/www.hometheater.com.br\/portal\/#\/schema\/person\/image\/\",\"url\":\"https:\/\/secure.gravatar.com\/avatar\/fd86f33d841f0f43adcc1665dd80ca740e028af4297e20d3444f9335092a6ee7?s=96&d=mm&r=g\",\"contentUrl\":\"https:\/\/secure.gravatar.com\/avatar\/fd86f33d841f0f43adcc1665dd80ca740e028af4297e20d3444f9335092a6ee7?s=96&d=mm&r=g\",\"caption\":\"Revista Home Theater &amp; Casa Digital\"},\"url\":\"https:\/\/www.hometheater.com.br\/portal\/author\/flavio\/\"}]}<\/script>\n<!-- \/ Yoast SEO plugin. -->","yoast_head_json":{"title":"ELETROLAR SHOW TER\u00c1 SUMMIT DE INTELIG\u00caNCIA ARTIFICIAL PARA VAREJO - HT &amp; Casa Digital","robots":{"index":"index","follow":"follow","max-snippet":"max-snippet:-1","max-image-preview":"max-image-preview:large","max-video-preview":"max-video-preview:-1"},"canonical":"https:\/\/www.hometheater.com.br\/portal\/2019\/07\/01\/eletrolar-show-tera-summit-de-inteligencia-artificial-para-varejo\/","og_locale":"pt_BR","og_type":"article","og_title":"ELETROLAR SHOW TER\u00c1 SUMMIT DE INTELIG\u00caNCIA ARTIFICIAL PARA VAREJO - HT &amp; Casa Digital","og_description":"Um dos maiores eventos B2B do setor eletr\u00f4nico no pa\u00eds, o Eletrolar Show, que acontece em S\u00e3o Paulo no final do m\u00eas, ter\u00e1 este ano","og_url":"https:\/\/www.hometheater.com.br\/portal\/2019\/07\/01\/eletrolar-show-tera-summit-de-inteligencia-artificial-para-varejo\/","og_site_name":"HT &amp; Casa Digital","article_publisher":"https:\/\/web.facebook.com\/revistahometheater","article_published_time":"2019-07-01T15:42:22+00:00","og_image":[{"width":450,"height":300,"url":"https:\/\/www.hometheater.com.br\/portal\/wp-content\/uploads\/2020\/12\/ht_logo_dez.png","type":"image\/png"}],"author":"Revista Home Theater &amp; Casa Digital","twitter_card":"summary_large_image","twitter_creator":"@hometheaterbr","twitter_site":"@hometheaterbr","twitter_misc":{"Escrito por":"Revista Home Theater &amp; Casa Digital","Est. tempo de leitura":"1 minuto"},"schema":{"@context":"https:\/\/schema.org","@graph":[{"@type":"Article","@id":"https:\/\/www.hometheater.com.br\/portal\/2019\/07\/01\/eletrolar-show-tera-summit-de-inteligencia-artificial-para-varejo\/#article","isPartOf":{"@id":"https:\/\/www.hometheater.com.br\/portal\/2019\/07\/01\/eletrolar-show-tera-summit-de-inteligencia-artificial-para-varejo\/"},"author":{"name":"Revista Home Theater &amp; Casa Digital","@id":"https:\/\/www.hometheater.com.br\/portal\/#\/schema\/person\/3b6bd5a9e2a6c4197c7b98dd7a733d22"},"headline":"ELETROLAR SHOW TER\u00c1 SUMMIT DE INTELIG\u00caNCIA ARTIFICIAL PARA VAREJO","datePublished":"2019-07-01T15:42:22+00:00","mainEntityOfPage":{"@id":"https:\/\/www.hometheater.com.br\/portal\/2019\/07\/01\/eletrolar-show-tera-summit-de-inteligencia-artificial-para-varejo\/"},"wordCount":296,"commentCount":0,"publisher":{"@id":"https:\/\/www.hometheater.com.br\/portal\/#organization"},"articleSection":["."],"inLanguage":"pt-BR","potentialAction":[{"@type":"CommentAction","name":"Comment","target":["https:\/\/www.hometheater.com.br\/portal\/2019\/07\/01\/eletrolar-show-tera-summit-de-inteligencia-artificial-para-varejo\/#respond"]}]},{"@type":"WebPage","@id":"https:\/\/www.hometheater.com.br\/portal\/2019\/07\/01\/eletrolar-show-tera-summit-de-inteligencia-artificial-para-varejo\/","url":"https:\/\/www.hometheater.com.br\/portal\/2019\/07\/01\/eletrolar-show-tera-summit-de-inteligencia-artificial-para-varejo\/","name":"ELETROLAR SHOW TER\u00c1 SUMMIT DE INTELIG\u00caNCIA ARTIFICIAL PARA VAREJO - HT &amp; Casa Digital","isPartOf":{"@id":"https:\/\/www.hometheater.com.br\/portal\/#website"},"datePublished":"2019-07-01T15:42:22+00:00","breadcrumb":{"@id":"https:\/\/www.hometheater.com.br\/portal\/2019\/07\/01\/eletrolar-show-tera-summit-de-inteligencia-artificial-para-varejo\/#breadcrumb"},"inLanguage":"pt-BR","potentialAction":[{"@type":"ReadAction","target":["https:\/\/www.hometheater.com.br\/portal\/2019\/07\/01\/eletrolar-show-tera-summit-de-inteligencia-artificial-para-varejo\/"]}]},{"@type":"BreadcrumbList","@id":"https:\/\/www.hometheater.com.br\/portal\/2019\/07\/01\/eletrolar-show-tera-summit-de-inteligencia-artificial-para-varejo\/#breadcrumb","itemListElement":[{"@type":"ListItem","position":1,"name":"In\u00edcio","item":"https:\/\/www.hometheater.com.br\/portal\/"},{"@type":"ListItem","position":2,"name":"ELETROLAR SHOW TER\u00c1 SUMMIT DE INTELIG\u00caNCIA ARTIFICIAL PARA VAREJO"}]},{"@type":"WebSite","@id":"https:\/\/www.hometheater.com.br\/portal\/#website","url":"https:\/\/www.hometheater.com.br\/portal\/","name":"HT &amp; Casa Digital","description":"O mundo digital em sua casa","publisher":{"@id":"https:\/\/www.hometheater.com.br\/portal\/#organization"},"potentialAction":[{"@type":"SearchAction","target":{"@type":"EntryPoint","urlTemplate":"https:\/\/www.hometheater.com.br\/portal\/?s={search_term_string}"},"query-input":{"@type":"PropertyValueSpecification","valueRequired":true,"valueName":"search_term_string"}}],"inLanguage":"pt-BR"},{"@type":"Organization","@id":"https:\/\/www.hometheater.com.br\/portal\/#organization","name":"Home Theater","url":"https:\/\/www.hometheater.com.br\/portal\/","logo":{"@type":"ImageObject","inLanguage":"pt-BR","@id":"https:\/\/www.hometheater.com.br\/portal\/#\/schema\/logo\/image\/","url":"https:\/\/www.hometheater.com.br\/portal\/wp-content\/uploads\/2022\/06\/assine_ht_01.png","contentUrl":"https:\/\/www.hometheater.com.br\/portal\/wp-content\/uploads\/2022\/06\/assine_ht_01.png","width":800,"height":254,"caption":"Home Theater"},"image":{"@id":"https:\/\/www.hometheater.com.br\/portal\/#\/schema\/logo\/image\/"},"sameAs":["https:\/\/web.facebook.com\/revistahometheater","https:\/\/x.com\/hometheaterbr"]},{"@type":"Person","@id":"https:\/\/www.hometheater.com.br\/portal\/#\/schema\/person\/3b6bd5a9e2a6c4197c7b98dd7a733d22","name":"Revista Home Theater &amp; Casa Digital","image":{"@type":"ImageObject","inLanguage":"pt-BR","@id":"https:\/\/www.hometheater.com.br\/portal\/#\/schema\/person\/image\/","url":"https:\/\/secure.gravatar.com\/avatar\/fd86f33d841f0f43adcc1665dd80ca740e028af4297e20d3444f9335092a6ee7?s=96&d=mm&r=g","contentUrl":"https:\/\/secure.gravatar.com\/avatar\/fd86f33d841f0f43adcc1665dd80ca740e028af4297e20d3444f9335092a6ee7?s=96&d=mm&r=g","caption":"Revista Home Theater &amp; Casa Digital"},"url":"https:\/\/www.hometheater.com.br\/portal\/author\/flavio\/"}]}},"_links":{"self":[{"href":"https:\/\/www.hometheater.com.br\/portal\/wp-json\/wp\/v2\/posts\/8041","targetHints":{"allow":["GET"]}}],"collection":[{"href":"https:\/\/www.hometheater.com.br\/portal\/wp-json\/wp\/v2\/posts"}],"about":[{"href":"https:\/\/www.hometheater.com.br\/portal\/wp-json\/wp\/v2\/types\/post"}],"author":[{"embeddable":true,"href":"https:\/\/www.hometheater.com.br\/portal\/wp-json\/wp\/v2\/users\/1"}],"replies":[{"embeddable":true,"href":"https:\/\/www.hometheater.com.br\/portal\/wp-json\/wp\/v2\/comments?post=8041"}],"version-history":[{"count":0,"href":"https:\/\/www.hometheater.com.br\/portal\/wp-json\/wp\/v2\/posts\/8041\/revisions"}],"wp:attachment":[{"href":"https:\/\/www.hometheater.com.br\/portal\/wp-json\/wp\/v2\/media?parent=8041"}],"wp:term":[{"taxonomy":"category","embeddable":true,"href":"https:\/\/www.hometheater.com.br\/portal\/wp-json\/wp\/v2\/categories?post=8041"},{"taxonomy":"post_tag","embeddable":true,"href":"https:\/\/www.hometheater.com.br\/portal\/wp-json\/wp\/v2\/tags?post=8041"}],"curies":[{"name":"wp","href":"https:\/\/api.w.org\/{rel}","templated":true}]}}