{"id":7407,"date":"2019-04-03T13:27:50","date_gmt":"2019-04-03T13:27:50","guid":{"rendered":"https:\/\/www.hometheater.com.br\/portal\/?p=7407"},"modified":"2019-04-04T19:11:27","modified_gmt":"2019-04-04T19:11:27","slug":"samsung-inicia-vendas-de-tvs-8k-no-brasil","status":"publish","type":"post","link":"https:\/\/www.hometheater.com.br\/portal\/2019\/04\/03\/samsung-inicia-vendas-de-tvs-8k-no-brasil\/","title":{"rendered":"Samsung inicia vendas de TVs 8K no Brasil"},"content":{"rendered":"<p><img loading=\"lazy\" decoding=\"async\" class=\"aligncenter size-full wp-image-7408\" src=\"https:\/\/www.hometheater.com.br\/portal\/wp-content\/uploads\/2019\/04\/samsung_8K.jpg\" alt=\"\" width=\"800\" height=\"450\" srcset=\"https:\/\/www.hometheater.com.br\/portal\/wp-content\/uploads\/2019\/04\/samsung_8K.jpg 800w, https:\/\/www.hometheater.com.br\/portal\/wp-content\/uploads\/2019\/04\/samsung_8K-400x225.jpg 400w, https:\/\/www.hometheater.com.br\/portal\/wp-content\/uploads\/2019\/04\/samsung_8K-500x281.jpg 500w, https:\/\/www.hometheater.com.br\/portal\/wp-content\/uploads\/2019\/04\/samsung_8K-300x169.jpg 300w, https:\/\/www.hometheater.com.br\/portal\/wp-content\/uploads\/2019\/04\/samsung_8K-768x432.jpg 768w, https:\/\/www.hometheater.com.br\/portal\/wp-content\/uploads\/2019\/04\/samsung_8K-600x338.jpg 600w\" sizes=\"auto, (max-width: 800px) 100vw, 800px\" \/><\/p>\n<p>A partir do pr\u00f3ximo dia 06\/04, os brasileiros interessados em TVs 8K j\u00e1 poder\u00e3o fazer seus pedidos na rede de revendedores Samsung. A fabricante coreana apresentou nesta ter\u00e7a-feira sua linha de TVs 2019, com destaque para tr\u00eas modelos com a m\u00e1xima resolu\u00e7\u00e3o (7.680 x 4.320 pixels), em tamanhos de 65\u201d, 75\u201d (foto) e 82\u201d, da linha QLED Q900; um modelo maior (98\u201d) dever\u00e1 chegar \u00e0s lojas nos pr\u00f3ximos meses.<\/p>\n<p>O modelo de 65\u201d est\u00e1 sendo testado pela equipe da revista HOME THEATER &amp; CASA DIGITAL (<strong><a href=\"https:\/\/www.hometheater.com.br\/portal\/2019\/04\/02\/comecamos-a-testar-o-tv-8k-da-samsung\/\" target=\"_blank\" rel=\"noopener noreferrer\" data-saferedirecturl=\"https:\/\/www.google.com\/url?q=https:\/\/www.hometheater.com.br\/portal\/2019\/04\/02\/comecamos-a-testar-o-tv-8k-da-samsung\/&amp;source=gmail&amp;ust=1554382290804000&amp;usg=AFQjCNGaKvDEF5qnPQrwcxr9PgV5rudG3Q\">veja aqui as primeiras imagens<\/a><\/strong>).\u00a0\u201c\u00c9 um grande esfor\u00e7o que estamos fazendo para trazer ao consumidor brasileiro a melhor tecnologia de TVs da atualidade\u201d, explicou \u00c9rico Traldi, diretor da \u00e1rea de \u00e1udio &amp; v\u00eddeo da Samsung. \u201cA Samsung sempre fez quest\u00e3o de ser pioneira em inova\u00e7\u00f5es, e com 8K n\u00e3o est\u00e1 sendo diferente. J\u00e1 lan\u00e7amos em alguns pa\u00edses no ano passado e agora chegou a vez do Brasil\u201d.<\/p><div class=\"homet-conteudo\" style=\"text-align: center;\" id=\"homet-1915487198\"><div data-cfpa=\"35734\" data-cfpw=\"35734\" id=\"homet-438257875\"><a data-no-instant=\"1\" href=\"https:\/\/www.harmanluxuryaudio.com\/\" rel=\"noopener\" class=\"a2t-link\" aria-label=\"ARCAM-SA45-BANNER-NEWSLETTER\"><img loading=\"lazy\" decoding=\"async\" src=\"https:\/\/www.hometheater.com.br\/portal\/wp-content\/uploads\/2025\/09\/ARCAM-SA45-BANNER-NEWSLETTER.gif\" alt=\"\"  class=\"no-lazyload\" width=\"300\" height=\"250\"   \/><\/a><\/div><h6><span style=\"color: #808080;\"><em>Publicidade<\/em><\/span><\/h6>\r\n<\/br><script type=\"text\/javascript\">;new advadsCfpAd( 35734 );<\/script><\/div>\n<p>Uma grande campanha de lan\u00e7amento, inclusive com an\u00fancios na televis\u00e3o, foi planejada para os TVs 8K, apresentados pela primeira vez, ainda como prot\u00f3tipos, na CES 2018 (<strong><a href=\"https:\/\/www.hometheater.com.br\/portal\/ces-2018\/\" target=\"_blank\" rel=\"noopener noreferrer\" data-saferedirecturl=\"https:\/\/www.google.com\/url?q=https:\/\/www.hometheater.com.br\/portal\/ces-2018\/&amp;source=gmail&amp;ust=1554382290804000&amp;usg=AFQjCNEnXc6DenCnBMLkAjZ2s_PPfuj-uw\">clique aqui para ver<\/a><\/strong>). \u201cSabemos que \u00e9 um produto destinado a poucas pessoas, e por isso selecionamos algumas revendas para demonstrar os benef\u00edcios da tecnologia 8K\u201d, acrescentou o vice-presidente da Samsung, Gustavo Assun\u00e7\u00e3o.\u00a0<strong><a href=\"https:\/\/orlandobarrozo.blog.br\/2019\/03\/28\/tvs-8k-chegando-ao-brasil\/\" target=\"_blank\" rel=\"noopener noreferrer\" data-saferedirecturl=\"https:\/\/www.google.com\/url?q=https:\/\/orlandobarrozo.blog.br\/2019\/03\/28\/tvs-8k-chegando-ao-brasil\/&amp;source=gmail&amp;ust=1554382290804000&amp;usg=AFQjCNHKyP9kYcH0QvQB8e90nmJA1ZHDUQ\">Veja aqui mais detalhes sobre a estrat\u00e9gia da empresa<\/a><\/strong>.<\/p>\n<p>As demonstra\u00e7\u00f5es come\u00e7am ainda esta semana, utilizando conte\u00fados captados em resolu\u00e7\u00e3o 8K pela Samsung. Os pre\u00e7os sugeridos s\u00e3o de R$ 24.999 (65\u201d), R$ 38.999 (75\u201d) e R$ 89.999 (82\u201d). Al\u00e9m dos recursos j\u00e1 encontrados nos TVs\u00a0<a href=\"https:\/\/www.hometheater.com.br\/portal\/2019\/01\/29\/exclusivo-testamos-o-tv-samsung-oled-com-inteligencia-artificial\/\" target=\"_blank\" rel=\"noopener noreferrer\" data-saferedirecturl=\"https:\/\/www.google.com\/url?q=https:\/\/www.hometheater.com.br\/portal\/2019\/01\/29\/exclusivo-testamos-o-tv-samsung-oled-com-inteligencia-artificial\/&amp;source=gmail&amp;ust=1554382290804000&amp;usg=AFQjCNG8NB2XdPw3iK06shiS0GwVfnMPmg\"><strong>QLED 4K da s\u00e9rie Q9FN<\/strong><\/a>,\u00a0atual top de linha da marca (controle remoto \u00fanico, modo ambiente, suporte m\u00f3vel de parede e cabo de fibra \u00f3ptica), os TVs da s\u00e9rie Q900 trazem o novo processador Quantum 8K, necess\u00e1rio para dar conta dos mais de 33 milh\u00f5es de pixels que comp\u00f5em o painel.<\/p>\n<p>Os TVs 8K da Samsung tamb\u00e9m acrescentam um novo tipo de backlight (<i>Direct Full Array<\/i>), com maior quantidade de leds. E marcam o in\u00edcio da parceria com a Apple: a partir de agora, os TVs mais avan\u00e7ados da Samsung passam a contar com o aplicativo iTunes integrado, por enquanto uma exclusividade da marca coreana.<\/p>\n<p><b>FONTE: revista HOME THEATER &amp; CASA DIGITAL<\/b><\/p>\n<p><b>Temas relacionados:<\/b><\/p>\n<p><a href=\"https:\/\/www.hometheater.com.br\/portal\/como-nao-errar-na-hora-de-comprar-um-tv-4k\/\" target=\"_blank\" rel=\"noopener noreferrer\" data-saferedirecturl=\"https:\/\/www.google.com\/url?q=https:\/\/www.hometheater.com.br\/portal\/como-nao-errar-na-hora-de-comprar-um-tv-4k\/&amp;source=gmail&amp;ust=1554382290804000&amp;usg=AFQjCNFeYI-F_w94RD0YAB9sI5s6aGydMg\">Como n\u00e3o errar na hora de comprar um TV 4K<\/a><br \/>\n<a href=\"https:\/\/www.hometheater.com.br\/portal\/2018\/08\/29\/samsung-lanca-assistente-virtual-e-tvs-que-se-integram-ao-ambiente\/\" target=\"_blank\" rel=\"noopener noreferrer\" data-saferedirecturl=\"https:\/\/www.google.com\/url?q=https:\/\/www.hometheater.com.br\/portal\/2018\/08\/29\/samsung-lanca-assistente-virtual-e-tvs-que-se-integram-ao-ambiente\/&amp;source=gmail&amp;ust=1554382290804000&amp;usg=AFQjCNE41GnDW8WWui9euxx7WBZCjwTPgA\">Samsung lan\u00e7a assistente virtual e TVs que se integram ao ambiente<\/a><br \/>\n<a href=\"https:\/\/www.hometheater.com.br\/portal\/2019\/01\/08\/tcl-aumenta-aposta-na-tecnologia-qled-com-tvs-8k\/\" target=\"_blank\" rel=\"noopener noreferrer\" data-saferedirecturl=\"https:\/\/www.google.com\/url?q=https:\/\/www.hometheater.com.br\/portal\/2019\/01\/08\/tcl-aumenta-aposta-na-tecnologia-qled-com-tvs-8k\/&amp;source=gmail&amp;ust=1554382290804000&amp;usg=AFQjCNFOx_u8UA8p7aAgbcY8mxPhAideAg\">TCL tamb\u00e9m planeja lan\u00e7ar TVs 8K este ano no Brasil<\/a><br \/>\n<a href=\"https:\/\/www.hometheater.com.br\/portal\/2018\/01\/09\/paineis-quantum-dots-chegaram-para-salvar-tecnologia-lcd\/\" target=\"_blank\" rel=\"noopener noreferrer\" data-saferedirecturl=\"https:\/\/www.google.com\/url?q=https:\/\/www.hometheater.com.br\/portal\/2018\/01\/09\/paineis-quantum-dots-chegaram-para-salvar-tecnologia-lcd\/&amp;source=gmail&amp;ust=1554382290804000&amp;usg=AFQjCNG7PmI7Y03Syv0FtKyuEiCtEhxAaQ\">Pain\u00e9is Quantum Dots chegaram para salvar a tecnologia LCD<\/a><\/p>\n","protected":false},"excerpt":{"rendered":"<p>A partir do pr\u00f3ximo dia 06\/04, os brasileiros interessados em TVs 8K j\u00e1 poder\u00e3o fazer seus pedidos na rede de revendedores Samsung. A fabricante coreana<\/p>\n","protected":false},"author":1,"featured_media":7409,"comment_status":"open","ping_status":"open","sticky":false,"template":"","format":"standard","meta":{"footnotes":""},"categories":[4],"tags":[],"class_list":["post-7407","post","type-post","status-publish","format-standard","has-post-thumbnail","hentry","category-noticias"],"yoast_head":"<!-- This site is optimized with the Yoast SEO plugin v25.7 - https:\/\/yoast.com\/wordpress\/plugins\/seo\/ -->\n<title>Samsung inicia vendas de TVs 8K no Brasil - HT &amp; Casa Digital<\/title>\n<meta name=\"robots\" content=\"index, follow, max-snippet:-1, max-image-preview:large, max-video-preview:-1\" \/>\n<link rel=\"canonical\" href=\"https:\/\/www.hometheater.com.br\/portal\/2019\/04\/03\/samsung-inicia-vendas-de-tvs-8k-no-brasil\/\" \/>\n<meta property=\"og:locale\" content=\"pt_BR\" \/>\n<meta property=\"og:type\" content=\"article\" \/>\n<meta property=\"og:title\" content=\"Samsung inicia vendas de TVs 8K no Brasil - HT &amp; Casa Digital\" \/>\n<meta property=\"og:description\" content=\"A partir do pr\u00f3ximo dia 06\/04, os brasileiros interessados em TVs 8K j\u00e1 poder\u00e3o fazer seus pedidos na rede de revendedores Samsung. A fabricante coreana\" \/>\n<meta property=\"og:url\" content=\"https:\/\/www.hometheater.com.br\/portal\/2019\/04\/03\/samsung-inicia-vendas-de-tvs-8k-no-brasil\/\" \/>\n<meta property=\"og:site_name\" content=\"HT &amp; Casa Digital\" \/>\n<meta property=\"article:publisher\" content=\"https:\/\/web.facebook.com\/revistahometheater\" \/>\n<meta property=\"article:published_time\" content=\"2019-04-03T13:27:50+00:00\" \/>\n<meta property=\"article:modified_time\" content=\"2019-04-04T19:11:27+00:00\" \/>\n<meta property=\"og:image\" content=\"https:\/\/www.hometheater.com.br\/portal\/wp-content\/uploads\/2019\/04\/samsung_8Ka.jpg\" \/>\n\t<meta property=\"og:image:width\" content=\"517\" \/>\n\t<meta property=\"og:image:height\" content=\"291\" \/>\n\t<meta property=\"og:image:type\" content=\"image\/jpeg\" \/>\n<meta name=\"author\" content=\"Revista Home Theater &amp; Casa Digital\" \/>\n<meta name=\"twitter:card\" content=\"summary_large_image\" \/>\n<meta name=\"twitter:creator\" content=\"@hometheaterbr\" \/>\n<meta name=\"twitter:site\" content=\"@hometheaterbr\" \/>\n<meta name=\"twitter:label1\" content=\"Escrito por\" \/>\n\t<meta name=\"twitter:data1\" content=\"Revista Home Theater &amp; Casa Digital\" \/>\n\t<meta name=\"twitter:label2\" content=\"Est. tempo de leitura\" \/>\n\t<meta name=\"twitter:data2\" content=\"2 minutos\" \/>\n<script type=\"application\/ld+json\" class=\"yoast-schema-graph\">{\"@context\":\"https:\/\/schema.org\",\"@graph\":[{\"@type\":\"Article\",\"@id\":\"https:\/\/www.hometheater.com.br\/portal\/2019\/04\/03\/samsung-inicia-vendas-de-tvs-8k-no-brasil\/#article\",\"isPartOf\":{\"@id\":\"https:\/\/www.hometheater.com.br\/portal\/2019\/04\/03\/samsung-inicia-vendas-de-tvs-8k-no-brasil\/\"},\"author\":{\"name\":\"Revista Home Theater &amp; Casa Digital\",\"@id\":\"https:\/\/www.hometheater.com.br\/portal\/#\/schema\/person\/3b6bd5a9e2a6c4197c7b98dd7a733d22\"},\"headline\":\"Samsung inicia vendas de TVs 8K no Brasil\",\"datePublished\":\"2019-04-03T13:27:50+00:00\",\"dateModified\":\"2019-04-04T19:11:27+00:00\",\"mainEntityOfPage\":{\"@id\":\"https:\/\/www.hometheater.com.br\/portal\/2019\/04\/03\/samsung-inicia-vendas-de-tvs-8k-no-brasil\/\"},\"wordCount\":443,\"commentCount\":0,\"publisher\":{\"@id\":\"https:\/\/www.hometheater.com.br\/portal\/#organization\"},\"image\":{\"@id\":\"https:\/\/www.hometheater.com.br\/portal\/2019\/04\/03\/samsung-inicia-vendas-de-tvs-8k-no-brasil\/#primaryimage\"},\"thumbnailUrl\":\"https:\/\/www.hometheater.com.br\/portal\/wp-content\/uploads\/2019\/04\/samsung_8Ka.jpg\",\"articleSection\":[\"NOT\u00cdCIAS\"],\"inLanguage\":\"pt-BR\",\"potentialAction\":[{\"@type\":\"CommentAction\",\"name\":\"Comment\",\"target\":[\"https:\/\/www.hometheater.com.br\/portal\/2019\/04\/03\/samsung-inicia-vendas-de-tvs-8k-no-brasil\/#respond\"]}]},{\"@type\":\"WebPage\",\"@id\":\"https:\/\/www.hometheater.com.br\/portal\/2019\/04\/03\/samsung-inicia-vendas-de-tvs-8k-no-brasil\/\",\"url\":\"https:\/\/www.hometheater.com.br\/portal\/2019\/04\/03\/samsung-inicia-vendas-de-tvs-8k-no-brasil\/\",\"name\":\"Samsung inicia vendas de TVs 8K no Brasil - HT &amp; Casa Digital\",\"isPartOf\":{\"@id\":\"https:\/\/www.hometheater.com.br\/portal\/#website\"},\"primaryImageOfPage\":{\"@id\":\"https:\/\/www.hometheater.com.br\/portal\/2019\/04\/03\/samsung-inicia-vendas-de-tvs-8k-no-brasil\/#primaryimage\"},\"image\":{\"@id\":\"https:\/\/www.hometheater.com.br\/portal\/2019\/04\/03\/samsung-inicia-vendas-de-tvs-8k-no-brasil\/#primaryimage\"},\"thumbnailUrl\":\"https:\/\/www.hometheater.com.br\/portal\/wp-content\/uploads\/2019\/04\/samsung_8Ka.jpg\",\"datePublished\":\"2019-04-03T13:27:50+00:00\",\"dateModified\":\"2019-04-04T19:11:27+00:00\",\"breadcrumb\":{\"@id\":\"https:\/\/www.hometheater.com.br\/portal\/2019\/04\/03\/samsung-inicia-vendas-de-tvs-8k-no-brasil\/#breadcrumb\"},\"inLanguage\":\"pt-BR\",\"potentialAction\":[{\"@type\":\"ReadAction\",\"target\":[\"https:\/\/www.hometheater.com.br\/portal\/2019\/04\/03\/samsung-inicia-vendas-de-tvs-8k-no-brasil\/\"]}]},{\"@type\":\"ImageObject\",\"inLanguage\":\"pt-BR\",\"@id\":\"https:\/\/www.hometheater.com.br\/portal\/2019\/04\/03\/samsung-inicia-vendas-de-tvs-8k-no-brasil\/#primaryimage\",\"url\":\"https:\/\/www.hometheater.com.br\/portal\/wp-content\/uploads\/2019\/04\/samsung_8Ka.jpg\",\"contentUrl\":\"https:\/\/www.hometheater.com.br\/portal\/wp-content\/uploads\/2019\/04\/samsung_8Ka.jpg\",\"width\":517,\"height\":291},{\"@type\":\"BreadcrumbList\",\"@id\":\"https:\/\/www.hometheater.com.br\/portal\/2019\/04\/03\/samsung-inicia-vendas-de-tvs-8k-no-brasil\/#breadcrumb\",\"itemListElement\":[{\"@type\":\"ListItem\",\"position\":1,\"name\":\"In\u00edcio\",\"item\":\"https:\/\/www.hometheater.com.br\/portal\/\"},{\"@type\":\"ListItem\",\"position\":2,\"name\":\"Samsung inicia vendas de TVs 8K no Brasil\"}]},{\"@type\":\"WebSite\",\"@id\":\"https:\/\/www.hometheater.com.br\/portal\/#website\",\"url\":\"https:\/\/www.hometheater.com.br\/portal\/\",\"name\":\"HT &amp; Casa Digital\",\"description\":\"O mundo digital em sua casa\",\"publisher\":{\"@id\":\"https:\/\/www.hometheater.com.br\/portal\/#organization\"},\"potentialAction\":[{\"@type\":\"SearchAction\",\"target\":{\"@type\":\"EntryPoint\",\"urlTemplate\":\"https:\/\/www.hometheater.com.br\/portal\/?s={search_term_string}\"},\"query-input\":{\"@type\":\"PropertyValueSpecification\",\"valueRequired\":true,\"valueName\":\"search_term_string\"}}],\"inLanguage\":\"pt-BR\"},{\"@type\":\"Organization\",\"@id\":\"https:\/\/www.hometheater.com.br\/portal\/#organization\",\"name\":\"Home Theater\",\"url\":\"https:\/\/www.hometheater.com.br\/portal\/\",\"logo\":{\"@type\":\"ImageObject\",\"inLanguage\":\"pt-BR\",\"@id\":\"https:\/\/www.hometheater.com.br\/portal\/#\/schema\/logo\/image\/\",\"url\":\"https:\/\/www.hometheater.com.br\/portal\/wp-content\/uploads\/2022\/06\/assine_ht_01.png\",\"contentUrl\":\"https:\/\/www.hometheater.com.br\/portal\/wp-content\/uploads\/2022\/06\/assine_ht_01.png\",\"width\":800,\"height\":254,\"caption\":\"Home Theater\"},\"image\":{\"@id\":\"https:\/\/www.hometheater.com.br\/portal\/#\/schema\/logo\/image\/\"},\"sameAs\":[\"https:\/\/web.facebook.com\/revistahometheater\",\"https:\/\/x.com\/hometheaterbr\"]},{\"@type\":\"Person\",\"@id\":\"https:\/\/www.hometheater.com.br\/portal\/#\/schema\/person\/3b6bd5a9e2a6c4197c7b98dd7a733d22\",\"name\":\"Revista Home Theater &amp; Casa Digital\",\"image\":{\"@type\":\"ImageObject\",\"inLanguage\":\"pt-BR\",\"@id\":\"https:\/\/www.hometheater.com.br\/portal\/#\/schema\/person\/image\/\",\"url\":\"https:\/\/secure.gravatar.com\/avatar\/fd86f33d841f0f43adcc1665dd80ca740e028af4297e20d3444f9335092a6ee7?s=96&d=mm&r=g\",\"contentUrl\":\"https:\/\/secure.gravatar.com\/avatar\/fd86f33d841f0f43adcc1665dd80ca740e028af4297e20d3444f9335092a6ee7?s=96&d=mm&r=g\",\"caption\":\"Revista Home Theater &amp; Casa Digital\"},\"url\":\"https:\/\/www.hometheater.com.br\/portal\/author\/flavio\/\"}]}<\/script>\n<!-- \/ Yoast SEO plugin. -->","yoast_head_json":{"title":"Samsung inicia vendas de TVs 8K no Brasil - HT &amp; Casa Digital","robots":{"index":"index","follow":"follow","max-snippet":"max-snippet:-1","max-image-preview":"max-image-preview:large","max-video-preview":"max-video-preview:-1"},"canonical":"https:\/\/www.hometheater.com.br\/portal\/2019\/04\/03\/samsung-inicia-vendas-de-tvs-8k-no-brasil\/","og_locale":"pt_BR","og_type":"article","og_title":"Samsung inicia vendas de TVs 8K no Brasil - HT &amp; Casa Digital","og_description":"A partir do pr\u00f3ximo dia 06\/04, os brasileiros interessados em TVs 8K j\u00e1 poder\u00e3o fazer seus pedidos na rede de revendedores Samsung. A fabricante coreana","og_url":"https:\/\/www.hometheater.com.br\/portal\/2019\/04\/03\/samsung-inicia-vendas-de-tvs-8k-no-brasil\/","og_site_name":"HT &amp; Casa Digital","article_publisher":"https:\/\/web.facebook.com\/revistahometheater","article_published_time":"2019-04-03T13:27:50+00:00","article_modified_time":"2019-04-04T19:11:27+00:00","og_image":[{"width":517,"height":291,"url":"https:\/\/www.hometheater.com.br\/portal\/wp-content\/uploads\/2019\/04\/samsung_8Ka.jpg","type":"image\/jpeg"}],"author":"Revista Home Theater &amp; Casa Digital","twitter_card":"summary_large_image","twitter_creator":"@hometheaterbr","twitter_site":"@hometheaterbr","twitter_misc":{"Escrito por":"Revista Home Theater &amp; Casa Digital","Est. tempo de leitura":"2 minutos"},"schema":{"@context":"https:\/\/schema.org","@graph":[{"@type":"Article","@id":"https:\/\/www.hometheater.com.br\/portal\/2019\/04\/03\/samsung-inicia-vendas-de-tvs-8k-no-brasil\/#article","isPartOf":{"@id":"https:\/\/www.hometheater.com.br\/portal\/2019\/04\/03\/samsung-inicia-vendas-de-tvs-8k-no-brasil\/"},"author":{"name":"Revista Home Theater &amp; Casa Digital","@id":"https:\/\/www.hometheater.com.br\/portal\/#\/schema\/person\/3b6bd5a9e2a6c4197c7b98dd7a733d22"},"headline":"Samsung inicia vendas de TVs 8K no Brasil","datePublished":"2019-04-03T13:27:50+00:00","dateModified":"2019-04-04T19:11:27+00:00","mainEntityOfPage":{"@id":"https:\/\/www.hometheater.com.br\/portal\/2019\/04\/03\/samsung-inicia-vendas-de-tvs-8k-no-brasil\/"},"wordCount":443,"commentCount":0,"publisher":{"@id":"https:\/\/www.hometheater.com.br\/portal\/#organization"},"image":{"@id":"https:\/\/www.hometheater.com.br\/portal\/2019\/04\/03\/samsung-inicia-vendas-de-tvs-8k-no-brasil\/#primaryimage"},"thumbnailUrl":"https:\/\/www.hometheater.com.br\/portal\/wp-content\/uploads\/2019\/04\/samsung_8Ka.jpg","articleSection":["NOT\u00cdCIAS"],"inLanguage":"pt-BR","potentialAction":[{"@type":"CommentAction","name":"Comment","target":["https:\/\/www.hometheater.com.br\/portal\/2019\/04\/03\/samsung-inicia-vendas-de-tvs-8k-no-brasil\/#respond"]}]},{"@type":"WebPage","@id":"https:\/\/www.hometheater.com.br\/portal\/2019\/04\/03\/samsung-inicia-vendas-de-tvs-8k-no-brasil\/","url":"https:\/\/www.hometheater.com.br\/portal\/2019\/04\/03\/samsung-inicia-vendas-de-tvs-8k-no-brasil\/","name":"Samsung inicia vendas de TVs 8K no Brasil - HT &amp; Casa Digital","isPartOf":{"@id":"https:\/\/www.hometheater.com.br\/portal\/#website"},"primaryImageOfPage":{"@id":"https:\/\/www.hometheater.com.br\/portal\/2019\/04\/03\/samsung-inicia-vendas-de-tvs-8k-no-brasil\/#primaryimage"},"image":{"@id":"https:\/\/www.hometheater.com.br\/portal\/2019\/04\/03\/samsung-inicia-vendas-de-tvs-8k-no-brasil\/#primaryimage"},"thumbnailUrl":"https:\/\/www.hometheater.com.br\/portal\/wp-content\/uploads\/2019\/04\/samsung_8Ka.jpg","datePublished":"2019-04-03T13:27:50+00:00","dateModified":"2019-04-04T19:11:27+00:00","breadcrumb":{"@id":"https:\/\/www.hometheater.com.br\/portal\/2019\/04\/03\/samsung-inicia-vendas-de-tvs-8k-no-brasil\/#breadcrumb"},"inLanguage":"pt-BR","potentialAction":[{"@type":"ReadAction","target":["https:\/\/www.hometheater.com.br\/portal\/2019\/04\/03\/samsung-inicia-vendas-de-tvs-8k-no-brasil\/"]}]},{"@type":"ImageObject","inLanguage":"pt-BR","@id":"https:\/\/www.hometheater.com.br\/portal\/2019\/04\/03\/samsung-inicia-vendas-de-tvs-8k-no-brasil\/#primaryimage","url":"https:\/\/www.hometheater.com.br\/portal\/wp-content\/uploads\/2019\/04\/samsung_8Ka.jpg","contentUrl":"https:\/\/www.hometheater.com.br\/portal\/wp-content\/uploads\/2019\/04\/samsung_8Ka.jpg","width":517,"height":291},{"@type":"BreadcrumbList","@id":"https:\/\/www.hometheater.com.br\/portal\/2019\/04\/03\/samsung-inicia-vendas-de-tvs-8k-no-brasil\/#breadcrumb","itemListElement":[{"@type":"ListItem","position":1,"name":"In\u00edcio","item":"https:\/\/www.hometheater.com.br\/portal\/"},{"@type":"ListItem","position":2,"name":"Samsung inicia vendas de TVs 8K no Brasil"}]},{"@type":"WebSite","@id":"https:\/\/www.hometheater.com.br\/portal\/#website","url":"https:\/\/www.hometheater.com.br\/portal\/","name":"HT &amp; Casa Digital","description":"O mundo digital em sua casa","publisher":{"@id":"https:\/\/www.hometheater.com.br\/portal\/#organization"},"potentialAction":[{"@type":"SearchAction","target":{"@type":"EntryPoint","urlTemplate":"https:\/\/www.hometheater.com.br\/portal\/?s={search_term_string}"},"query-input":{"@type":"PropertyValueSpecification","valueRequired":true,"valueName":"search_term_string"}}],"inLanguage":"pt-BR"},{"@type":"Organization","@id":"https:\/\/www.hometheater.com.br\/portal\/#organization","name":"Home Theater","url":"https:\/\/www.hometheater.com.br\/portal\/","logo":{"@type":"ImageObject","inLanguage":"pt-BR","@id":"https:\/\/www.hometheater.com.br\/portal\/#\/schema\/logo\/image\/","url":"https:\/\/www.hometheater.com.br\/portal\/wp-content\/uploads\/2022\/06\/assine_ht_01.png","contentUrl":"https:\/\/www.hometheater.com.br\/portal\/wp-content\/uploads\/2022\/06\/assine_ht_01.png","width":800,"height":254,"caption":"Home Theater"},"image":{"@id":"https:\/\/www.hometheater.com.br\/portal\/#\/schema\/logo\/image\/"},"sameAs":["https:\/\/web.facebook.com\/revistahometheater","https:\/\/x.com\/hometheaterbr"]},{"@type":"Person","@id":"https:\/\/www.hometheater.com.br\/portal\/#\/schema\/person\/3b6bd5a9e2a6c4197c7b98dd7a733d22","name":"Revista Home Theater &amp; Casa Digital","image":{"@type":"ImageObject","inLanguage":"pt-BR","@id":"https:\/\/www.hometheater.com.br\/portal\/#\/schema\/person\/image\/","url":"https:\/\/secure.gravatar.com\/avatar\/fd86f33d841f0f43adcc1665dd80ca740e028af4297e20d3444f9335092a6ee7?s=96&d=mm&r=g","contentUrl":"https:\/\/secure.gravatar.com\/avatar\/fd86f33d841f0f43adcc1665dd80ca740e028af4297e20d3444f9335092a6ee7?s=96&d=mm&r=g","caption":"Revista Home Theater &amp; Casa Digital"},"url":"https:\/\/www.hometheater.com.br\/portal\/author\/flavio\/"}]}},"_links":{"self":[{"href":"https:\/\/www.hometheater.com.br\/portal\/wp-json\/wp\/v2\/posts\/7407","targetHints":{"allow":["GET"]}}],"collection":[{"href":"https:\/\/www.hometheater.com.br\/portal\/wp-json\/wp\/v2\/posts"}],"about":[{"href":"https:\/\/www.hometheater.com.br\/portal\/wp-json\/wp\/v2\/types\/post"}],"author":[{"embeddable":true,"href":"https:\/\/www.hometheater.com.br\/portal\/wp-json\/wp\/v2\/users\/1"}],"replies":[{"embeddable":true,"href":"https:\/\/www.hometheater.com.br\/portal\/wp-json\/wp\/v2\/comments?post=7407"}],"version-history":[{"count":0,"href":"https:\/\/www.hometheater.com.br\/portal\/wp-json\/wp\/v2\/posts\/7407\/revisions"}],"wp:featuredmedia":[{"embeddable":true,"href":"https:\/\/www.hometheater.com.br\/portal\/wp-json\/wp\/v2\/media\/7409"}],"wp:attachment":[{"href":"https:\/\/www.hometheater.com.br\/portal\/wp-json\/wp\/v2\/media?parent=7407"}],"wp:term":[{"taxonomy":"category","embeddable":true,"href":"https:\/\/www.hometheater.com.br\/portal\/wp-json\/wp\/v2\/categories?post=7407"},{"taxonomy":"post_tag","embeddable":true,"href":"https:\/\/www.hometheater.com.br\/portal\/wp-json\/wp\/v2\/tags?post=7407"}],"curies":[{"name":"wp","href":"https:\/\/api.w.org\/{rel}","templated":true}]}}