{"id":6685,"date":"2019-01-10T13:10:23","date_gmt":"2019-01-10T13:10:23","guid":{"rendered":"http:\/\/revistahometheater.uol.com.br\/portal\/?p=6685"},"modified":"2019-01-10T13:19:43","modified_gmt":"2019-01-10T13:19:43","slug":"jbl-mostra-caixas-high-end-de-teto-e-volta-com-um-classico","status":"publish","type":"post","link":"https:\/\/www.hometheater.com.br\/portal\/2019\/01\/10\/jbl-mostra-caixas-high-end-de-teto-e-volta-com-um-classico\/","title":{"rendered":"JBL mostra caixas high-end de teto e volta com um cl\u00e1ssico"},"content":{"rendered":"<p><a href=\"http:\/\/revistahometheater.uol.com.br\/portal\/ces2019\/\"><img loading=\"lazy\" decoding=\"async\" class=\"aligncenter wp-image-6535 size-full\" src=\"http:\/\/revistahometheater.uol.com.br\/portal\/wp-content\/uploads\/2019\/01\/header_ces2019a.jpg\" alt=\"\" width=\"800\" height=\"296\" border=\"0\" srcset=\"https:\/\/www.hometheater.com.br\/portal\/wp-content\/uploads\/2019\/01\/header_ces2019a.jpg 800w, https:\/\/www.hometheater.com.br\/portal\/wp-content\/uploads\/2019\/01\/header_ces2019a-400x148.jpg 400w, https:\/\/www.hometheater.com.br\/portal\/wp-content\/uploads\/2019\/01\/header_ces2019a-500x185.jpg 500w, https:\/\/www.hometheater.com.br\/portal\/wp-content\/uploads\/2019\/01\/header_ces2019a-300x111.jpg 300w, https:\/\/www.hometheater.com.br\/portal\/wp-content\/uploads\/2019\/01\/header_ces2019a-768x284.jpg 768w\" sizes=\"auto, (max-width: 800px) 100vw, 800px\" \/><\/a><\/p>\n<a href=\"#\" target=\"_self\" class=\"buttons btn_blue left\"><span class=\"left\">Por ORLANDO BARROZO, enviado especial<\/span><\/a>\n<p>N\u00e3o h\u00e1 muitas novidades em \u00e1udio nesta CES 2019. Os poucos fabricantes do segmento high-end que vieram para a Feira se concentram em su\u00edtes do Hotel Venetian, bem longe dos concorridos pavilh\u00f5es do Las Vegas Convention Center. Ali, em salas fechadas, \u00e9 poss\u00edvel admirar solu\u00e7\u00f5es que fogem ao lugar comum do streaming feito para consumo r\u00e1pido.<\/p>\n<p>Mas h\u00e1 exce\u00e7\u00f5es. A JBL Synthesis, da divis\u00e3o de \u00e1udio high-end do grupo Harman, decidiu mostrar que \u00e9 poss\u00edvel atingir altos n\u00edveis de sofistica\u00e7\u00e3o em \u00e1udio baseado apenas um receiver. A partir de um modelo Lexicon (marca do mesmo grupo), foi montado um home theater Dolby Atmos que est\u00e1 enchendo os olhos &#8211; e os ouvidos &#8211; dos visitantes.<\/p><div class=\"homet-conteudo\" style=\"text-align: center;\" id=\"homet-3736134217\"><div data-cfpa=\"35734\" data-cfpw=\"35734\" id=\"homet-1028586582\"><a data-no-instant=\"1\" href=\"https:\/\/www.harmanluxuryaudio.com\/\" rel=\"noopener\" class=\"a2t-link\" aria-label=\"ARCAM-SA45-BANNER-NEWSLETTER\"><img loading=\"lazy\" decoding=\"async\" src=\"https:\/\/www.hometheater.com.br\/portal\/wp-content\/uploads\/2025\/09\/ARCAM-SA45-BANNER-NEWSLETTER.gif\" alt=\"\"  class=\"no-lazyload\" width=\"300\" height=\"250\"   \/><\/a><\/div><h6><span style=\"color: #808080;\"><em>Publicidade<\/em><\/span><\/h6>\r\n<\/br><script type=\"text\/javascript\">;new advadsCfpAd( 35734 );<\/script><\/div>\n<p><img loading=\"lazy\" decoding=\"async\" class=\"size-full wp-image-6686 aligncenter\" src=\"http:\/\/revistahometheater.uol.com.br\/portal\/wp-content\/uploads\/2019\/01\/JBL-L100.jpg\" alt=\"\" width=\"800\" height=\"480\" srcset=\"https:\/\/www.hometheater.com.br\/portal\/wp-content\/uploads\/2019\/01\/JBL-L100.jpg 800w, https:\/\/www.hometheater.com.br\/portal\/wp-content\/uploads\/2019\/01\/JBL-L100-400x240.jpg 400w, https:\/\/www.hometheater.com.br\/portal\/wp-content\/uploads\/2019\/01\/JBL-L100-500x300.jpg 500w, https:\/\/www.hometheater.com.br\/portal\/wp-content\/uploads\/2019\/01\/JBL-L100-300x180.jpg 300w, https:\/\/www.hometheater.com.br\/portal\/wp-content\/uploads\/2019\/01\/JBL-L100-768x461.jpg 768w\" sizes=\"auto, (max-width: 800px) 100vw, 800px\" \/><\/p>\n<p>Para a demo, o receiver Lexicon RV-9 conta com o refor\u00e7o de dois amplificadores DD-8, da mesma marca. T\u00e9cnicos da Harman providenciaram ajustes avan\u00e7ados, diz Garrett, incluindo dispers\u00e3o hemisf\u00e9rica, guias de onda e equaliza\u00e7\u00e3o Dirac, esta uma das principais tend\u00eancias atuais. As caixas ac\u00fasticas s\u00e3o as SCL, da JBL Synthesis, todas de embutir. Com quatro caixas de teto e dois subwoofers de parede, a sala treme v\u00e1rias vezes e ningu\u00e9m se sente desconfort\u00e1vel. Ao contr\u00e1rio, \u00e9 uma boa maneira de fugir da barulheira reinante em Las Vegas.<\/p>\n<p>Mas a empresa &#8211; representada no Brasil pela distribuidora AV Group &#8211; decidiu ir al\u00e9m para atender \u00e0 paix\u00e3o dos audi\u00f3filos. Est\u00e1 relan\u00e7ando a cl\u00e1ssica caixa L100 (foto), que fez sucesso nos anos 1970, com design atualizado (elegante madeira folheada e grelhas em v\u00e1rias cores. A ideia \u00e9 mostrar \u00e0s novas gera\u00e7\u00f5es que bons produtos, mesmo ap\u00f3s 50 anos, podem ser melhorados.<\/p>\n","protected":false},"excerpt":{"rendered":"<p>N\u00e3o h\u00e1 muitas novidades em \u00e1udio nesta CES 2019. Os poucos fabricantes do segmento high-end que vieram para a Feira se concentram em su\u00edtes do<\/p>\n","protected":false},"author":1,"featured_media":6687,"comment_status":"open","ping_status":"open","sticky":false,"template":"","format":"standard","meta":{"footnotes":""},"categories":[27,4,29],"tags":[],"class_list":["post-6685","post","type-post","status-publish","format-standard","has-post-thumbnail","hentry","category-ces2019","category-noticias","category-noticias-ces2019"],"yoast_head":"<!-- This site is optimized with the Yoast SEO plugin v25.7 - https:\/\/yoast.com\/wordpress\/plugins\/seo\/ -->\n<title>JBL mostra caixas high-end de teto e volta com um cl\u00e1ssico - HT &amp; Casa Digital<\/title>\n<meta name=\"robots\" content=\"index, follow, max-snippet:-1, max-image-preview:large, max-video-preview:-1\" \/>\n<link rel=\"canonical\" href=\"https:\/\/www.hometheater.com.br\/portal\/2019\/01\/10\/jbl-mostra-caixas-high-end-de-teto-e-volta-com-um-classico\/\" \/>\n<meta property=\"og:locale\" content=\"pt_BR\" \/>\n<meta property=\"og:type\" content=\"article\" \/>\n<meta property=\"og:title\" content=\"JBL mostra caixas high-end de teto e volta com um cl\u00e1ssico - HT &amp; Casa Digital\" \/>\n<meta property=\"og:description\" content=\"N\u00e3o h\u00e1 muitas novidades em \u00e1udio nesta CES 2019. Os poucos fabricantes do segmento high-end que vieram para a Feira se concentram em su\u00edtes do\" \/>\n<meta property=\"og:url\" content=\"https:\/\/www.hometheater.com.br\/portal\/2019\/01\/10\/jbl-mostra-caixas-high-end-de-teto-e-volta-com-um-classico\/\" \/>\n<meta property=\"og:site_name\" content=\"HT &amp; Casa Digital\" \/>\n<meta property=\"article:publisher\" content=\"https:\/\/web.facebook.com\/revistahometheater\" \/>\n<meta property=\"article:published_time\" content=\"2019-01-10T13:10:23+00:00\" \/>\n<meta property=\"article:modified_time\" content=\"2019-01-10T13:19:43+00:00\" \/>\n<meta property=\"og:image\" content=\"https:\/\/www.hometheater.com.br\/portal\/wp-content\/uploads\/2019\/01\/JBL-L100a.jpg\" \/>\n\t<meta property=\"og:image:width\" content=\"361\" \/>\n\t<meta property=\"og:image:height\" content=\"230\" \/>\n\t<meta property=\"og:image:type\" content=\"image\/jpeg\" \/>\n<meta name=\"author\" content=\"Revista Home Theater &amp; Casa Digital\" \/>\n<meta name=\"twitter:card\" content=\"summary_large_image\" \/>\n<meta name=\"twitter:creator\" content=\"@hometheaterbr\" \/>\n<meta name=\"twitter:site\" content=\"@hometheaterbr\" \/>\n<meta name=\"twitter:label1\" content=\"Escrito por\" \/>\n\t<meta name=\"twitter:data1\" content=\"Revista Home Theater &amp; Casa Digital\" \/>\n\t<meta name=\"twitter:label2\" content=\"Est. tempo de leitura\" \/>\n\t<meta name=\"twitter:data2\" content=\"2 minutos\" \/>\n<script type=\"application\/ld+json\" class=\"yoast-schema-graph\">{\"@context\":\"https:\/\/schema.org\",\"@graph\":[{\"@type\":\"Article\",\"@id\":\"https:\/\/www.hometheater.com.br\/portal\/2019\/01\/10\/jbl-mostra-caixas-high-end-de-teto-e-volta-com-um-classico\/#article\",\"isPartOf\":{\"@id\":\"https:\/\/www.hometheater.com.br\/portal\/2019\/01\/10\/jbl-mostra-caixas-high-end-de-teto-e-volta-com-um-classico\/\"},\"author\":{\"name\":\"Revista Home Theater &amp; Casa Digital\",\"@id\":\"https:\/\/www.hometheater.com.br\/portal\/#\/schema\/person\/3b6bd5a9e2a6c4197c7b98dd7a733d22\"},\"headline\":\"JBL mostra caixas high-end de teto e volta com um cl\u00e1ssico\",\"datePublished\":\"2019-01-10T13:10:23+00:00\",\"dateModified\":\"2019-01-10T13:19:43+00:00\",\"mainEntityOfPage\":{\"@id\":\"https:\/\/www.hometheater.com.br\/portal\/2019\/01\/10\/jbl-mostra-caixas-high-end-de-teto-e-volta-com-um-classico\/\"},\"wordCount\":312,\"commentCount\":0,\"publisher\":{\"@id\":\"https:\/\/www.hometheater.com.br\/portal\/#organization\"},\"image\":{\"@id\":\"https:\/\/www.hometheater.com.br\/portal\/2019\/01\/10\/jbl-mostra-caixas-high-end-de-teto-e-volta-com-um-classico\/#primaryimage\"},\"thumbnailUrl\":\"https:\/\/www.hometheater.com.br\/portal\/wp-content\/uploads\/2019\/01\/JBL-L100a.jpg\",\"articleSection\":[\"CES2019\",\"NOT\u00cdCIAS\",\"NOTICIAS\"],\"inLanguage\":\"pt-BR\",\"potentialAction\":[{\"@type\":\"CommentAction\",\"name\":\"Comment\",\"target\":[\"https:\/\/www.hometheater.com.br\/portal\/2019\/01\/10\/jbl-mostra-caixas-high-end-de-teto-e-volta-com-um-classico\/#respond\"]}]},{\"@type\":\"WebPage\",\"@id\":\"https:\/\/www.hometheater.com.br\/portal\/2019\/01\/10\/jbl-mostra-caixas-high-end-de-teto-e-volta-com-um-classico\/\",\"url\":\"https:\/\/www.hometheater.com.br\/portal\/2019\/01\/10\/jbl-mostra-caixas-high-end-de-teto-e-volta-com-um-classico\/\",\"name\":\"JBL mostra caixas high-end de teto e volta com um cl\u00e1ssico - HT &amp; Casa Digital\",\"isPartOf\":{\"@id\":\"https:\/\/www.hometheater.com.br\/portal\/#website\"},\"primaryImageOfPage\":{\"@id\":\"https:\/\/www.hometheater.com.br\/portal\/2019\/01\/10\/jbl-mostra-caixas-high-end-de-teto-e-volta-com-um-classico\/#primaryimage\"},\"image\":{\"@id\":\"https:\/\/www.hometheater.com.br\/portal\/2019\/01\/10\/jbl-mostra-caixas-high-end-de-teto-e-volta-com-um-classico\/#primaryimage\"},\"thumbnailUrl\":\"https:\/\/www.hometheater.com.br\/portal\/wp-content\/uploads\/2019\/01\/JBL-L100a.jpg\",\"datePublished\":\"2019-01-10T13:10:23+00:00\",\"dateModified\":\"2019-01-10T13:19:43+00:00\",\"breadcrumb\":{\"@id\":\"https:\/\/www.hometheater.com.br\/portal\/2019\/01\/10\/jbl-mostra-caixas-high-end-de-teto-e-volta-com-um-classico\/#breadcrumb\"},\"inLanguage\":\"pt-BR\",\"potentialAction\":[{\"@type\":\"ReadAction\",\"target\":[\"https:\/\/www.hometheater.com.br\/portal\/2019\/01\/10\/jbl-mostra-caixas-high-end-de-teto-e-volta-com-um-classico\/\"]}]},{\"@type\":\"ImageObject\",\"inLanguage\":\"pt-BR\",\"@id\":\"https:\/\/www.hometheater.com.br\/portal\/2019\/01\/10\/jbl-mostra-caixas-high-end-de-teto-e-volta-com-um-classico\/#primaryimage\",\"url\":\"https:\/\/www.hometheater.com.br\/portal\/wp-content\/uploads\/2019\/01\/JBL-L100a.jpg\",\"contentUrl\":\"https:\/\/www.hometheater.com.br\/portal\/wp-content\/uploads\/2019\/01\/JBL-L100a.jpg\",\"width\":361,\"height\":230},{\"@type\":\"BreadcrumbList\",\"@id\":\"https:\/\/www.hometheater.com.br\/portal\/2019\/01\/10\/jbl-mostra-caixas-high-end-de-teto-e-volta-com-um-classico\/#breadcrumb\",\"itemListElement\":[{\"@type\":\"ListItem\",\"position\":1,\"name\":\"In\u00edcio\",\"item\":\"https:\/\/www.hometheater.com.br\/portal\/\"},{\"@type\":\"ListItem\",\"position\":2,\"name\":\"JBL mostra caixas high-end de teto e volta com um cl\u00e1ssico\"}]},{\"@type\":\"WebSite\",\"@id\":\"https:\/\/www.hometheater.com.br\/portal\/#website\",\"url\":\"https:\/\/www.hometheater.com.br\/portal\/\",\"name\":\"HT &amp; Casa Digital\",\"description\":\"O mundo digital em sua casa\",\"publisher\":{\"@id\":\"https:\/\/www.hometheater.com.br\/portal\/#organization\"},\"potentialAction\":[{\"@type\":\"SearchAction\",\"target\":{\"@type\":\"EntryPoint\",\"urlTemplate\":\"https:\/\/www.hometheater.com.br\/portal\/?s={search_term_string}\"},\"query-input\":{\"@type\":\"PropertyValueSpecification\",\"valueRequired\":true,\"valueName\":\"search_term_string\"}}],\"inLanguage\":\"pt-BR\"},{\"@type\":\"Organization\",\"@id\":\"https:\/\/www.hometheater.com.br\/portal\/#organization\",\"name\":\"Home Theater\",\"url\":\"https:\/\/www.hometheater.com.br\/portal\/\",\"logo\":{\"@type\":\"ImageObject\",\"inLanguage\":\"pt-BR\",\"@id\":\"https:\/\/www.hometheater.com.br\/portal\/#\/schema\/logo\/image\/\",\"url\":\"https:\/\/www.hometheater.com.br\/portal\/wp-content\/uploads\/2022\/06\/assine_ht_01.png\",\"contentUrl\":\"https:\/\/www.hometheater.com.br\/portal\/wp-content\/uploads\/2022\/06\/assine_ht_01.png\",\"width\":800,\"height\":254,\"caption\":\"Home Theater\"},\"image\":{\"@id\":\"https:\/\/www.hometheater.com.br\/portal\/#\/schema\/logo\/image\/\"},\"sameAs\":[\"https:\/\/web.facebook.com\/revistahometheater\",\"https:\/\/x.com\/hometheaterbr\"]},{\"@type\":\"Person\",\"@id\":\"https:\/\/www.hometheater.com.br\/portal\/#\/schema\/person\/3b6bd5a9e2a6c4197c7b98dd7a733d22\",\"name\":\"Revista Home Theater &amp; Casa Digital\",\"image\":{\"@type\":\"ImageObject\",\"inLanguage\":\"pt-BR\",\"@id\":\"https:\/\/www.hometheater.com.br\/portal\/#\/schema\/person\/image\/\",\"url\":\"https:\/\/secure.gravatar.com\/avatar\/fd86f33d841f0f43adcc1665dd80ca740e028af4297e20d3444f9335092a6ee7?s=96&d=mm&r=g\",\"contentUrl\":\"https:\/\/secure.gravatar.com\/avatar\/fd86f33d841f0f43adcc1665dd80ca740e028af4297e20d3444f9335092a6ee7?s=96&d=mm&r=g\",\"caption\":\"Revista Home Theater &amp; Casa Digital\"},\"url\":\"https:\/\/www.hometheater.com.br\/portal\/author\/flavio\/\"}]}<\/script>\n<!-- \/ Yoast SEO plugin. -->","yoast_head_json":{"title":"JBL mostra caixas high-end de teto e volta com um cl\u00e1ssico - HT &amp; Casa Digital","robots":{"index":"index","follow":"follow","max-snippet":"max-snippet:-1","max-image-preview":"max-image-preview:large","max-video-preview":"max-video-preview:-1"},"canonical":"https:\/\/www.hometheater.com.br\/portal\/2019\/01\/10\/jbl-mostra-caixas-high-end-de-teto-e-volta-com-um-classico\/","og_locale":"pt_BR","og_type":"article","og_title":"JBL mostra caixas high-end de teto e volta com um cl\u00e1ssico - HT &amp; Casa Digital","og_description":"N\u00e3o h\u00e1 muitas novidades em \u00e1udio nesta CES 2019. Os poucos fabricantes do segmento high-end que vieram para a Feira se concentram em su\u00edtes do","og_url":"https:\/\/www.hometheater.com.br\/portal\/2019\/01\/10\/jbl-mostra-caixas-high-end-de-teto-e-volta-com-um-classico\/","og_site_name":"HT &amp; Casa Digital","article_publisher":"https:\/\/web.facebook.com\/revistahometheater","article_published_time":"2019-01-10T13:10:23+00:00","article_modified_time":"2019-01-10T13:19:43+00:00","og_image":[{"width":361,"height":230,"url":"https:\/\/www.hometheater.com.br\/portal\/wp-content\/uploads\/2019\/01\/JBL-L100a.jpg","type":"image\/jpeg"}],"author":"Revista Home Theater &amp; Casa Digital","twitter_card":"summary_large_image","twitter_creator":"@hometheaterbr","twitter_site":"@hometheaterbr","twitter_misc":{"Escrito por":"Revista Home Theater &amp; Casa Digital","Est. tempo de leitura":"2 minutos"},"schema":{"@context":"https:\/\/schema.org","@graph":[{"@type":"Article","@id":"https:\/\/www.hometheater.com.br\/portal\/2019\/01\/10\/jbl-mostra-caixas-high-end-de-teto-e-volta-com-um-classico\/#article","isPartOf":{"@id":"https:\/\/www.hometheater.com.br\/portal\/2019\/01\/10\/jbl-mostra-caixas-high-end-de-teto-e-volta-com-um-classico\/"},"author":{"name":"Revista Home Theater &amp; Casa Digital","@id":"https:\/\/www.hometheater.com.br\/portal\/#\/schema\/person\/3b6bd5a9e2a6c4197c7b98dd7a733d22"},"headline":"JBL mostra caixas high-end de teto e volta com um cl\u00e1ssico","datePublished":"2019-01-10T13:10:23+00:00","dateModified":"2019-01-10T13:19:43+00:00","mainEntityOfPage":{"@id":"https:\/\/www.hometheater.com.br\/portal\/2019\/01\/10\/jbl-mostra-caixas-high-end-de-teto-e-volta-com-um-classico\/"},"wordCount":312,"commentCount":0,"publisher":{"@id":"https:\/\/www.hometheater.com.br\/portal\/#organization"},"image":{"@id":"https:\/\/www.hometheater.com.br\/portal\/2019\/01\/10\/jbl-mostra-caixas-high-end-de-teto-e-volta-com-um-classico\/#primaryimage"},"thumbnailUrl":"https:\/\/www.hometheater.com.br\/portal\/wp-content\/uploads\/2019\/01\/JBL-L100a.jpg","articleSection":["CES2019","NOT\u00cdCIAS","NOTICIAS"],"inLanguage":"pt-BR","potentialAction":[{"@type":"CommentAction","name":"Comment","target":["https:\/\/www.hometheater.com.br\/portal\/2019\/01\/10\/jbl-mostra-caixas-high-end-de-teto-e-volta-com-um-classico\/#respond"]}]},{"@type":"WebPage","@id":"https:\/\/www.hometheater.com.br\/portal\/2019\/01\/10\/jbl-mostra-caixas-high-end-de-teto-e-volta-com-um-classico\/","url":"https:\/\/www.hometheater.com.br\/portal\/2019\/01\/10\/jbl-mostra-caixas-high-end-de-teto-e-volta-com-um-classico\/","name":"JBL mostra caixas high-end de teto e volta com um cl\u00e1ssico - HT &amp; Casa Digital","isPartOf":{"@id":"https:\/\/www.hometheater.com.br\/portal\/#website"},"primaryImageOfPage":{"@id":"https:\/\/www.hometheater.com.br\/portal\/2019\/01\/10\/jbl-mostra-caixas-high-end-de-teto-e-volta-com-um-classico\/#primaryimage"},"image":{"@id":"https:\/\/www.hometheater.com.br\/portal\/2019\/01\/10\/jbl-mostra-caixas-high-end-de-teto-e-volta-com-um-classico\/#primaryimage"},"thumbnailUrl":"https:\/\/www.hometheater.com.br\/portal\/wp-content\/uploads\/2019\/01\/JBL-L100a.jpg","datePublished":"2019-01-10T13:10:23+00:00","dateModified":"2019-01-10T13:19:43+00:00","breadcrumb":{"@id":"https:\/\/www.hometheater.com.br\/portal\/2019\/01\/10\/jbl-mostra-caixas-high-end-de-teto-e-volta-com-um-classico\/#breadcrumb"},"inLanguage":"pt-BR","potentialAction":[{"@type":"ReadAction","target":["https:\/\/www.hometheater.com.br\/portal\/2019\/01\/10\/jbl-mostra-caixas-high-end-de-teto-e-volta-com-um-classico\/"]}]},{"@type":"ImageObject","inLanguage":"pt-BR","@id":"https:\/\/www.hometheater.com.br\/portal\/2019\/01\/10\/jbl-mostra-caixas-high-end-de-teto-e-volta-com-um-classico\/#primaryimage","url":"https:\/\/www.hometheater.com.br\/portal\/wp-content\/uploads\/2019\/01\/JBL-L100a.jpg","contentUrl":"https:\/\/www.hometheater.com.br\/portal\/wp-content\/uploads\/2019\/01\/JBL-L100a.jpg","width":361,"height":230},{"@type":"BreadcrumbList","@id":"https:\/\/www.hometheater.com.br\/portal\/2019\/01\/10\/jbl-mostra-caixas-high-end-de-teto-e-volta-com-um-classico\/#breadcrumb","itemListElement":[{"@type":"ListItem","position":1,"name":"In\u00edcio","item":"https:\/\/www.hometheater.com.br\/portal\/"},{"@type":"ListItem","position":2,"name":"JBL mostra caixas high-end de teto e volta com um cl\u00e1ssico"}]},{"@type":"WebSite","@id":"https:\/\/www.hometheater.com.br\/portal\/#website","url":"https:\/\/www.hometheater.com.br\/portal\/","name":"HT &amp; Casa Digital","description":"O mundo digital em sua casa","publisher":{"@id":"https:\/\/www.hometheater.com.br\/portal\/#organization"},"potentialAction":[{"@type":"SearchAction","target":{"@type":"EntryPoint","urlTemplate":"https:\/\/www.hometheater.com.br\/portal\/?s={search_term_string}"},"query-input":{"@type":"PropertyValueSpecification","valueRequired":true,"valueName":"search_term_string"}}],"inLanguage":"pt-BR"},{"@type":"Organization","@id":"https:\/\/www.hometheater.com.br\/portal\/#organization","name":"Home Theater","url":"https:\/\/www.hometheater.com.br\/portal\/","logo":{"@type":"ImageObject","inLanguage":"pt-BR","@id":"https:\/\/www.hometheater.com.br\/portal\/#\/schema\/logo\/image\/","url":"https:\/\/www.hometheater.com.br\/portal\/wp-content\/uploads\/2022\/06\/assine_ht_01.png","contentUrl":"https:\/\/www.hometheater.com.br\/portal\/wp-content\/uploads\/2022\/06\/assine_ht_01.png","width":800,"height":254,"caption":"Home Theater"},"image":{"@id":"https:\/\/www.hometheater.com.br\/portal\/#\/schema\/logo\/image\/"},"sameAs":["https:\/\/web.facebook.com\/revistahometheater","https:\/\/x.com\/hometheaterbr"]},{"@type":"Person","@id":"https:\/\/www.hometheater.com.br\/portal\/#\/schema\/person\/3b6bd5a9e2a6c4197c7b98dd7a733d22","name":"Revista Home Theater &amp; Casa Digital","image":{"@type":"ImageObject","inLanguage":"pt-BR","@id":"https:\/\/www.hometheater.com.br\/portal\/#\/schema\/person\/image\/","url":"https:\/\/secure.gravatar.com\/avatar\/fd86f33d841f0f43adcc1665dd80ca740e028af4297e20d3444f9335092a6ee7?s=96&d=mm&r=g","contentUrl":"https:\/\/secure.gravatar.com\/avatar\/fd86f33d841f0f43adcc1665dd80ca740e028af4297e20d3444f9335092a6ee7?s=96&d=mm&r=g","caption":"Revista Home Theater &amp; Casa Digital"},"url":"https:\/\/www.hometheater.com.br\/portal\/author\/flavio\/"}]}},"_links":{"self":[{"href":"https:\/\/www.hometheater.com.br\/portal\/wp-json\/wp\/v2\/posts\/6685","targetHints":{"allow":["GET"]}}],"collection":[{"href":"https:\/\/www.hometheater.com.br\/portal\/wp-json\/wp\/v2\/posts"}],"about":[{"href":"https:\/\/www.hometheater.com.br\/portal\/wp-json\/wp\/v2\/types\/post"}],"author":[{"embeddable":true,"href":"https:\/\/www.hometheater.com.br\/portal\/wp-json\/wp\/v2\/users\/1"}],"replies":[{"embeddable":true,"href":"https:\/\/www.hometheater.com.br\/portal\/wp-json\/wp\/v2\/comments?post=6685"}],"version-history":[{"count":0,"href":"https:\/\/www.hometheater.com.br\/portal\/wp-json\/wp\/v2\/posts\/6685\/revisions"}],"wp:featuredmedia":[{"embeddable":true,"href":"https:\/\/www.hometheater.com.br\/portal\/wp-json\/wp\/v2\/media\/6687"}],"wp:attachment":[{"href":"https:\/\/www.hometheater.com.br\/portal\/wp-json\/wp\/v2\/media?parent=6685"}],"wp:term":[{"taxonomy":"category","embeddable":true,"href":"https:\/\/www.hometheater.com.br\/portal\/wp-json\/wp\/v2\/categories?post=6685"},{"taxonomy":"post_tag","embeddable":true,"href":"https:\/\/www.hometheater.com.br\/portal\/wp-json\/wp\/v2\/tags?post=6685"}],"curies":[{"name":"wp","href":"https:\/\/api.w.org\/{rel}","templated":true}]}}