{"id":5948,"date":"2018-10-04T16:58:56","date_gmt":"2018-10-04T16:58:56","guid":{"rendered":"http:\/\/revistahometheater.uol.com.br\/portal\/?p=5948"},"modified":"2018-10-04T17:13:12","modified_gmt":"2018-10-04T17:13:12","slug":"samsung-inicia-pre-venda-de-tv-8k-no-mercado-internacional","status":"publish","type":"post","link":"https:\/\/www.hometheater.com.br\/portal\/2018\/10\/04\/samsung-inicia-pre-venda-de-tv-8k-no-mercado-internacional\/","title":{"rendered":"Samsung inicia pr\u00e9-venda de TV 8K no mercado internacional"},"content":{"rendered":"<p><img loading=\"lazy\" decoding=\"async\" class=\"aligncenter size-full wp-image-5949\" src=\"http:\/\/revistahometheater.uol.com.br\/portal\/wp-content\/uploads\/2018\/10\/samsung_oled_8k.jpg\" alt=\"\" width=\"800\" height=\"577\" srcset=\"https:\/\/www.hometheater.com.br\/portal\/wp-content\/uploads\/2018\/10\/samsung_oled_8k.jpg 800w, https:\/\/www.hometheater.com.br\/portal\/wp-content\/uploads\/2018\/10\/samsung_oled_8k-400x289.jpg 400w, https:\/\/www.hometheater.com.br\/portal\/wp-content\/uploads\/2018\/10\/samsung_oled_8k-500x361.jpg 500w, https:\/\/www.hometheater.com.br\/portal\/wp-content\/uploads\/2018\/10\/samsung_oled_8k-300x216.jpg 300w, https:\/\/www.hometheater.com.br\/portal\/wp-content\/uploads\/2018\/10\/samsung_oled_8k-768x554.jpg 768w\" sizes=\"auto, (max-width: 800px) 100vw, 800px\" \/><\/p>\n<p>O site global da Samsung come\u00e7ou a anunciar esta semana a pr\u00e9-venda do TV mais aguardado da atualidade, o Q900, primeiro do mundo com capacidade de reproduzir imagens em resolu\u00e7\u00e3o 8K. Prevista como pr\u00f3xima revolu\u00e7\u00e3o no segmento de TVs, a novidade est\u00e1 sendo antecipada pela empresa coreana, que assim como outros fabricantes promoveu a\u00a0<strong><a href=\"http:\/\/revistahometheater.uol.com.br\/portal\/2018\/09\/04\/fabricantes-exibem-varios-tvs-8k-na-ifa-2018\/\" target=\"_blank\" rel=\"noopener\" data-saferedirecturl=\"https:\/\/www.google.com\/url?q=http:\/\/revistahometheater.uol.com.br\/portal\/2018\/09\/04\/fabricantes-exibem-varios-tvs-8k-na-ifa-2018\/&amp;source=gmail&amp;ust=1538758090292000&amp;usg=AFQjCNFXSsm1AesqZGDdyU1DuJ_ZWonX0A\">pr\u00e9-estreia durante a IFA<\/a><\/strong>, feira realizada no in\u00edcio de setembro em Berlim.<\/p>\n<p>Com pre\u00e7o inicial US$ 15.000, o Q900 est\u00e1 sendo vendido em tamanho 85 polegadas e re\u00fane todos os avan\u00e7os recentes da Samsung com a tecnologia QLED, competidora direta dos pain\u00e9is org\u00e2nicos (OLED) j\u00e1 lan\u00e7ados por empresas como LG e Sony. No<strong>\u00a0<a href=\"http:\/\/orlandobarrozo.blog.br\/2018\/01\/10\/fabricantes-tentam-antecipar-tecnologia-8k\/\" target=\"_blank\" rel=\"noopener\" data-saferedirecturl=\"https:\/\/www.google.com\/url?q=http:\/\/orlandobarrozo.blog.br\/2018\/01\/10\/fabricantes-tentam-antecipar-tecnologia-8k\/&amp;source=gmail&amp;ust=1538758090292000&amp;usg=AFQjCNHk8hvqyjoOFr7BU7aoZtkoIm_ohg\">padr\u00e3o 8K<\/a><\/strong>, as imagens s\u00e3o exibidas com resolu\u00e7\u00e3o de 7.680 x 4.320 pixels, ou 33,177 milh\u00f5es de elementos de imagems, o que equivale a 16 vezes o atual padr\u00e3o Full-HD (1.920 x 1.080 pixels). Por enquanto, ainda n\u00e3o existem conte\u00fados dessa magnitude dispon\u00edveis para consumo.<\/p><div class=\"homet-conteudo\" style=\"text-align: center;\" id=\"homet-3279381004\"><div data-cfpa=\"35734\" data-cfpw=\"35734\" id=\"homet-2081940837\"><a data-no-instant=\"1\" href=\"https:\/\/www.harmanluxuryaudio.com\/\" rel=\"noopener\" class=\"a2t-link\" aria-label=\"ARCAM-SA45-BANNER-NEWSLETTER\"><img loading=\"lazy\" decoding=\"async\" src=\"https:\/\/www.hometheater.com.br\/portal\/wp-content\/uploads\/2025\/09\/ARCAM-SA45-BANNER-NEWSLETTER.gif\" alt=\"\"  class=\"no-lazyload\" width=\"300\" height=\"250\"   \/><\/a><\/div><h6><span style=\"color: #808080;\"><em>Publicidade<\/em><\/span><\/h6>\r\n<\/br><script type=\"text\/javascript\">;new advadsCfpAd( 35734 );<\/script><\/div>\n<div>\n<p>Segundo a Samsung, o Q900 utiliza um processador de \u00faltima gera\u00e7\u00e3o (Quantum 8K AI), desenvolvido especialmente para esse tipo de display. Esse chip, fabricado pela pr\u00f3pria empresa, permite otimizar qualquer imagem para exibi\u00e7\u00e3o em 8K, com alt\u00edssimo n\u00edvel de detalhamento. Al\u00e9m disso, o processador ajusta a luminosidade da tela \u00e0s condi\u00e7\u00f5es do ambiente. E atua tamb\u00e9m sobre o \u00e1udio, com corre\u00e7\u00f5es autom\u00e1ticas do sinal em tempo real, diz o fabricante.<\/p>\n<p>O aparelho tamb\u00e9m \u00e9 compat\u00edvel com conte\u00fados codificados em HDR (<i>High Dynamic Range<\/i>) e faz parte da \u201cgera\u00e7\u00e3o AI\u201d, TVs com intelig\u00eancia artificial, que permite comunica\u00e7\u00e3o com outros eletr\u00f4nicos de uma resid\u00eancia, inclusive eletrodom\u00e9sticos da mesma marca. Tamb\u00e9m inclui o<strong>\u00a0<a href=\"http:\/\/revistahometheater.uol.com.br\/portal\/2018\/08\/29\/samsung-lanca-assistente-virtual-e-tvs-que-se-integram-ao-ambiente\/\" target=\"_blank\" rel=\"noopener\" data-saferedirecturl=\"https:\/\/www.google.com\/url?q=http:\/\/revistahometheater.uol.com.br\/portal\/2018\/08\/29\/samsung-lanca-assistente-virtual-e-tvs-que-se-integram-ao-ambiente\/&amp;source=gmail&amp;ust=1538758090292000&amp;usg=AFQjCNHuVV-tbEcqQMl-C3BFKzqQ1NEZwg\">Modo Ambiente<\/a><\/strong>, recurso j\u00e1 lan\u00e7ado pela Samsung no Brasil, em que o usu\u00e1rio pode configurar a tela de acordo com a decora\u00e7\u00e3o de sua sala.<\/p>\n<p><strong><a href=\"https:\/\/www.digitaltrends.com\/home-theater\/samsung-q900fn-85-inch-8k-qled-tv\/?utm_source=sendgrid&amp;utm_medium=email&amp;utm_campaign=daily-brief\" target=\"_blank\" rel=\"noopener\" data-saferedirecturl=\"https:\/\/www.google.com\/url?q=https:\/\/www.digitaltrends.com\/home-theater\/samsung-q900fn-85-inch-8k-qled-tv\/?utm_source%3Dsendgrid%26utm_medium%3Demail%26utm_campaign%3Ddaily-brief&amp;source=gmail&amp;ust=1538758090292000&amp;usg=AFQjCNHw8fWulK4vGQOANviejSTKXoBE3Q\">Este v\u00eddeo do site Digital Trends<\/a>\u00a0<\/strong>mostra o Q900 em demonstra\u00e7\u00e3o na IFA.\u00a0Por ora, n\u00e3o h\u00e1 previs\u00e3o de lan\u00e7amento no Brasil.<\/p>\n<p><b>FONTE:\u00a0<a href=\"http:\/\/samsung.com\/\" target=\"_blank\" rel=\"noopener\" data-saferedirecturl=\"https:\/\/www.google.com\/url?q=http:\/\/Samsung.com&amp;source=gmail&amp;ust=1538758090292000&amp;usg=AFQjCNF-xndCCVn6iDSH3cdqXlumqWN9Uw\">Samsung.com<\/a><\/b><\/p>\n<p><b>Temas relacionados:<\/b><br \/>\n<a href=\"http:\/\/orlandobarrozo.blog.br\/2018\/10\/02\/oled-vs-qled-disputa-comeca-a-esquentar\/\" target=\"_blank\" rel=\"noopener\" data-saferedirecturl=\"https:\/\/www.google.com\/url?q=http:\/\/orlandobarrozo.blog.br\/2018\/10\/02\/oled-vs-qled-disputa-comeca-a-esquentar\/&amp;source=gmail&amp;ust=1538758090292000&amp;usg=AFQjCNHpArMX9sJB4UEr_GEmMoEYzPPacA\">OLED vs QLED: disputa come\u00e7a a esquentar<\/a><br \/>\n<a href=\"http:\/\/revistahometheater.uol.com.br\/portal\/2018\/01\/19\/tvs-8k-devem-chegar-ao-mercado-internacional-este-ano\/\" target=\"_blank\" rel=\"noopener\" data-saferedirecturl=\"https:\/\/www.google.com\/url?q=http:\/\/revistahometheater.uol.com.br\/portal\/2018\/01\/19\/tvs-8k-devem-chegar-ao-mercado-internacional-este-ano\/&amp;source=gmail&amp;ust=1538758090292000&amp;usg=AFQjCNGjwMGe4nJQJflHB6lRJIgzwb3s4A\">TVs 8K devem chegar ao mercado internacional este ano<\/a><br \/>\n<a href=\"http:\/\/revistahometheater.uol.com.br\/portal\/2018\/01\/15\/conheca-o-estande-da-samsung-na-ces-2018\/\" target=\"_blank\" rel=\"noopener\" data-saferedirecturl=\"https:\/\/www.google.com\/url?q=http:\/\/revistahometheater.uol.com.br\/portal\/2018\/01\/15\/conheca-o-estande-da-samsung-na-ces-2018\/&amp;source=gmail&amp;ust=1538758090292000&amp;usg=AFQjCNE8fjpCNYHPHpQDXo6_2b_6Drnktg\">V\u00eddeo: destaques da Samsung na CES 2018<\/a><br \/>\n<a href=\"http:\/\/revistahometheater.uol.com.br\/portal\/2018\/01\/11\/sony-traz-projetor-4k-e-prototipo-de-tv-8k-para-feira\/\" target=\"_blank\" rel=\"noopener\" data-saferedirecturl=\"https:\/\/www.google.com\/url?q=http:\/\/revistahometheater.uol.com.br\/portal\/2018\/01\/11\/sony-traz-projetor-4k-e-prototipo-de-tv-8k-para-feira\/&amp;source=gmail&amp;ust=1538758090292000&amp;usg=AFQjCNFWb24C_ykO2mR81gUjuPhFYjrs3A\">Sony exibe na CES projetor 4K e prot\u00f3tipo de TV 8K<\/a><\/p>\n<\/div>\n","protected":false},"excerpt":{"rendered":"<p>O site global da Samsung come\u00e7ou a anunciar esta semana a pr\u00e9-venda do TV mais aguardado da atualidade, o Q900, primeiro do mundo com capacidade<\/p>\n","protected":false},"author":1,"featured_media":5952,"comment_status":"open","ping_status":"open","sticky":false,"template":"","format":"standard","meta":{"footnotes":""},"categories":[4],"tags":[],"class_list":["post-5948","post","type-post","status-publish","format-standard","has-post-thumbnail","hentry","category-noticias"],"yoast_head":"<!-- This site is optimized with the Yoast SEO plugin v25.7 - https:\/\/yoast.com\/wordpress\/plugins\/seo\/ -->\n<title>Samsung inicia pr\u00e9-venda de TV 8K no mercado internacional - HT &amp; Casa Digital<\/title>\n<meta name=\"robots\" content=\"index, follow, max-snippet:-1, max-image-preview:large, max-video-preview:-1\" \/>\n<link rel=\"canonical\" href=\"https:\/\/www.hometheater.com.br\/portal\/2018\/10\/04\/samsung-inicia-pre-venda-de-tv-8k-no-mercado-internacional\/\" \/>\n<meta property=\"og:locale\" content=\"pt_BR\" \/>\n<meta property=\"og:type\" content=\"article\" \/>\n<meta property=\"og:title\" content=\"Samsung inicia pr\u00e9-venda de TV 8K no mercado internacional - HT &amp; Casa Digital\" \/>\n<meta property=\"og:description\" content=\"O site global da Samsung come\u00e7ou a anunciar esta semana a pr\u00e9-venda do TV mais aguardado da atualidade, o Q900, primeiro do mundo com capacidade\" \/>\n<meta property=\"og:url\" content=\"https:\/\/www.hometheater.com.br\/portal\/2018\/10\/04\/samsung-inicia-pre-venda-de-tv-8k-no-mercado-internacional\/\" \/>\n<meta property=\"og:site_name\" content=\"HT &amp; Casa Digital\" \/>\n<meta property=\"article:publisher\" content=\"https:\/\/web.facebook.com\/revistahometheater\" \/>\n<meta property=\"article:published_time\" content=\"2018-10-04T16:58:56+00:00\" \/>\n<meta property=\"article:modified_time\" content=\"2018-10-04T17:13:12+00:00\" \/>\n<meta property=\"og:image\" content=\"https:\/\/www.hometheater.com.br\/portal\/wp-content\/uploads\/2018\/10\/qled_8k.jpg\" \/>\n\t<meta property=\"og:image:width\" content=\"384\" \/>\n\t<meta property=\"og:image:height\" content=\"230\" \/>\n\t<meta property=\"og:image:type\" content=\"image\/jpeg\" \/>\n<meta name=\"author\" content=\"Revista Home Theater &amp; Casa Digital\" \/>\n<meta name=\"twitter:card\" content=\"summary_large_image\" \/>\n<meta name=\"twitter:creator\" content=\"@hometheaterbr\" \/>\n<meta name=\"twitter:site\" content=\"@hometheaterbr\" \/>\n<meta name=\"twitter:label1\" content=\"Escrito por\" \/>\n\t<meta name=\"twitter:data1\" content=\"Revista Home Theater &amp; Casa Digital\" \/>\n\t<meta name=\"twitter:label2\" content=\"Est. tempo de leitura\" \/>\n\t<meta name=\"twitter:data2\" content=\"2 minutos\" \/>\n<script type=\"application\/ld+json\" class=\"yoast-schema-graph\">{\"@context\":\"https:\/\/schema.org\",\"@graph\":[{\"@type\":\"Article\",\"@id\":\"https:\/\/www.hometheater.com.br\/portal\/2018\/10\/04\/samsung-inicia-pre-venda-de-tv-8k-no-mercado-internacional\/#article\",\"isPartOf\":{\"@id\":\"https:\/\/www.hometheater.com.br\/portal\/2018\/10\/04\/samsung-inicia-pre-venda-de-tv-8k-no-mercado-internacional\/\"},\"author\":{\"name\":\"Revista Home Theater &amp; Casa Digital\",\"@id\":\"https:\/\/www.hometheater.com.br\/portal\/#\/schema\/person\/3b6bd5a9e2a6c4197c7b98dd7a733d22\"},\"headline\":\"Samsung inicia pr\u00e9-venda de TV 8K no mercado internacional\",\"datePublished\":\"2018-10-04T16:58:56+00:00\",\"dateModified\":\"2018-10-04T17:13:12+00:00\",\"mainEntityOfPage\":{\"@id\":\"https:\/\/www.hometheater.com.br\/portal\/2018\/10\/04\/samsung-inicia-pre-venda-de-tv-8k-no-mercado-internacional\/\"},\"wordCount\":400,\"commentCount\":0,\"publisher\":{\"@id\":\"https:\/\/www.hometheater.com.br\/portal\/#organization\"},\"image\":{\"@id\":\"https:\/\/www.hometheater.com.br\/portal\/2018\/10\/04\/samsung-inicia-pre-venda-de-tv-8k-no-mercado-internacional\/#primaryimage\"},\"thumbnailUrl\":\"https:\/\/www.hometheater.com.br\/portal\/wp-content\/uploads\/2018\/10\/qled_8k.jpg\",\"articleSection\":[\"NOT\u00cdCIAS\"],\"inLanguage\":\"pt-BR\",\"potentialAction\":[{\"@type\":\"CommentAction\",\"name\":\"Comment\",\"target\":[\"https:\/\/www.hometheater.com.br\/portal\/2018\/10\/04\/samsung-inicia-pre-venda-de-tv-8k-no-mercado-internacional\/#respond\"]}]},{\"@type\":\"WebPage\",\"@id\":\"https:\/\/www.hometheater.com.br\/portal\/2018\/10\/04\/samsung-inicia-pre-venda-de-tv-8k-no-mercado-internacional\/\",\"url\":\"https:\/\/www.hometheater.com.br\/portal\/2018\/10\/04\/samsung-inicia-pre-venda-de-tv-8k-no-mercado-internacional\/\",\"name\":\"Samsung inicia pr\u00e9-venda de TV 8K no mercado internacional - HT &amp; Casa Digital\",\"isPartOf\":{\"@id\":\"https:\/\/www.hometheater.com.br\/portal\/#website\"},\"primaryImageOfPage\":{\"@id\":\"https:\/\/www.hometheater.com.br\/portal\/2018\/10\/04\/samsung-inicia-pre-venda-de-tv-8k-no-mercado-internacional\/#primaryimage\"},\"image\":{\"@id\":\"https:\/\/www.hometheater.com.br\/portal\/2018\/10\/04\/samsung-inicia-pre-venda-de-tv-8k-no-mercado-internacional\/#primaryimage\"},\"thumbnailUrl\":\"https:\/\/www.hometheater.com.br\/portal\/wp-content\/uploads\/2018\/10\/qled_8k.jpg\",\"datePublished\":\"2018-10-04T16:58:56+00:00\",\"dateModified\":\"2018-10-04T17:13:12+00:00\",\"breadcrumb\":{\"@id\":\"https:\/\/www.hometheater.com.br\/portal\/2018\/10\/04\/samsung-inicia-pre-venda-de-tv-8k-no-mercado-internacional\/#breadcrumb\"},\"inLanguage\":\"pt-BR\",\"potentialAction\":[{\"@type\":\"ReadAction\",\"target\":[\"https:\/\/www.hometheater.com.br\/portal\/2018\/10\/04\/samsung-inicia-pre-venda-de-tv-8k-no-mercado-internacional\/\"]}]},{\"@type\":\"ImageObject\",\"inLanguage\":\"pt-BR\",\"@id\":\"https:\/\/www.hometheater.com.br\/portal\/2018\/10\/04\/samsung-inicia-pre-venda-de-tv-8k-no-mercado-internacional\/#primaryimage\",\"url\":\"https:\/\/www.hometheater.com.br\/portal\/wp-content\/uploads\/2018\/10\/qled_8k.jpg\",\"contentUrl\":\"https:\/\/www.hometheater.com.br\/portal\/wp-content\/uploads\/2018\/10\/qled_8k.jpg\",\"width\":384,\"height\":230},{\"@type\":\"BreadcrumbList\",\"@id\":\"https:\/\/www.hometheater.com.br\/portal\/2018\/10\/04\/samsung-inicia-pre-venda-de-tv-8k-no-mercado-internacional\/#breadcrumb\",\"itemListElement\":[{\"@type\":\"ListItem\",\"position\":1,\"name\":\"In\u00edcio\",\"item\":\"https:\/\/www.hometheater.com.br\/portal\/\"},{\"@type\":\"ListItem\",\"position\":2,\"name\":\"Samsung inicia pr\u00e9-venda de TV 8K no mercado internacional\"}]},{\"@type\":\"WebSite\",\"@id\":\"https:\/\/www.hometheater.com.br\/portal\/#website\",\"url\":\"https:\/\/www.hometheater.com.br\/portal\/\",\"name\":\"HT &amp; Casa Digital\",\"description\":\"O mundo digital em sua casa\",\"publisher\":{\"@id\":\"https:\/\/www.hometheater.com.br\/portal\/#organization\"},\"potentialAction\":[{\"@type\":\"SearchAction\",\"target\":{\"@type\":\"EntryPoint\",\"urlTemplate\":\"https:\/\/www.hometheater.com.br\/portal\/?s={search_term_string}\"},\"query-input\":{\"@type\":\"PropertyValueSpecification\",\"valueRequired\":true,\"valueName\":\"search_term_string\"}}],\"inLanguage\":\"pt-BR\"},{\"@type\":\"Organization\",\"@id\":\"https:\/\/www.hometheater.com.br\/portal\/#organization\",\"name\":\"Home Theater\",\"url\":\"https:\/\/www.hometheater.com.br\/portal\/\",\"logo\":{\"@type\":\"ImageObject\",\"inLanguage\":\"pt-BR\",\"@id\":\"https:\/\/www.hometheater.com.br\/portal\/#\/schema\/logo\/image\/\",\"url\":\"https:\/\/www.hometheater.com.br\/portal\/wp-content\/uploads\/2022\/06\/assine_ht_01.png\",\"contentUrl\":\"https:\/\/www.hometheater.com.br\/portal\/wp-content\/uploads\/2022\/06\/assine_ht_01.png\",\"width\":800,\"height\":254,\"caption\":\"Home Theater\"},\"image\":{\"@id\":\"https:\/\/www.hometheater.com.br\/portal\/#\/schema\/logo\/image\/\"},\"sameAs\":[\"https:\/\/web.facebook.com\/revistahometheater\",\"https:\/\/x.com\/hometheaterbr\"]},{\"@type\":\"Person\",\"@id\":\"https:\/\/www.hometheater.com.br\/portal\/#\/schema\/person\/3b6bd5a9e2a6c4197c7b98dd7a733d22\",\"name\":\"Revista Home Theater &amp; Casa Digital\",\"image\":{\"@type\":\"ImageObject\",\"inLanguage\":\"pt-BR\",\"@id\":\"https:\/\/www.hometheater.com.br\/portal\/#\/schema\/person\/image\/\",\"url\":\"https:\/\/secure.gravatar.com\/avatar\/fd86f33d841f0f43adcc1665dd80ca740e028af4297e20d3444f9335092a6ee7?s=96&d=mm&r=g\",\"contentUrl\":\"https:\/\/secure.gravatar.com\/avatar\/fd86f33d841f0f43adcc1665dd80ca740e028af4297e20d3444f9335092a6ee7?s=96&d=mm&r=g\",\"caption\":\"Revista Home Theater &amp; Casa Digital\"},\"url\":\"https:\/\/www.hometheater.com.br\/portal\/author\/flavio\/\"}]}<\/script>\n<!-- \/ Yoast SEO plugin. -->","yoast_head_json":{"title":"Samsung inicia pr\u00e9-venda de TV 8K no mercado internacional - HT &amp; Casa Digital","robots":{"index":"index","follow":"follow","max-snippet":"max-snippet:-1","max-image-preview":"max-image-preview:large","max-video-preview":"max-video-preview:-1"},"canonical":"https:\/\/www.hometheater.com.br\/portal\/2018\/10\/04\/samsung-inicia-pre-venda-de-tv-8k-no-mercado-internacional\/","og_locale":"pt_BR","og_type":"article","og_title":"Samsung inicia pr\u00e9-venda de TV 8K no mercado internacional - HT &amp; Casa Digital","og_description":"O site global da Samsung come\u00e7ou a anunciar esta semana a pr\u00e9-venda do TV mais aguardado da atualidade, o Q900, primeiro do mundo com capacidade","og_url":"https:\/\/www.hometheater.com.br\/portal\/2018\/10\/04\/samsung-inicia-pre-venda-de-tv-8k-no-mercado-internacional\/","og_site_name":"HT &amp; Casa Digital","article_publisher":"https:\/\/web.facebook.com\/revistahometheater","article_published_time":"2018-10-04T16:58:56+00:00","article_modified_time":"2018-10-04T17:13:12+00:00","og_image":[{"width":384,"height":230,"url":"https:\/\/www.hometheater.com.br\/portal\/wp-content\/uploads\/2018\/10\/qled_8k.jpg","type":"image\/jpeg"}],"author":"Revista Home Theater &amp; Casa Digital","twitter_card":"summary_large_image","twitter_creator":"@hometheaterbr","twitter_site":"@hometheaterbr","twitter_misc":{"Escrito por":"Revista Home Theater &amp; Casa Digital","Est. tempo de leitura":"2 minutos"},"schema":{"@context":"https:\/\/schema.org","@graph":[{"@type":"Article","@id":"https:\/\/www.hometheater.com.br\/portal\/2018\/10\/04\/samsung-inicia-pre-venda-de-tv-8k-no-mercado-internacional\/#article","isPartOf":{"@id":"https:\/\/www.hometheater.com.br\/portal\/2018\/10\/04\/samsung-inicia-pre-venda-de-tv-8k-no-mercado-internacional\/"},"author":{"name":"Revista Home Theater &amp; Casa Digital","@id":"https:\/\/www.hometheater.com.br\/portal\/#\/schema\/person\/3b6bd5a9e2a6c4197c7b98dd7a733d22"},"headline":"Samsung inicia pr\u00e9-venda de TV 8K no mercado internacional","datePublished":"2018-10-04T16:58:56+00:00","dateModified":"2018-10-04T17:13:12+00:00","mainEntityOfPage":{"@id":"https:\/\/www.hometheater.com.br\/portal\/2018\/10\/04\/samsung-inicia-pre-venda-de-tv-8k-no-mercado-internacional\/"},"wordCount":400,"commentCount":0,"publisher":{"@id":"https:\/\/www.hometheater.com.br\/portal\/#organization"},"image":{"@id":"https:\/\/www.hometheater.com.br\/portal\/2018\/10\/04\/samsung-inicia-pre-venda-de-tv-8k-no-mercado-internacional\/#primaryimage"},"thumbnailUrl":"https:\/\/www.hometheater.com.br\/portal\/wp-content\/uploads\/2018\/10\/qled_8k.jpg","articleSection":["NOT\u00cdCIAS"],"inLanguage":"pt-BR","potentialAction":[{"@type":"CommentAction","name":"Comment","target":["https:\/\/www.hometheater.com.br\/portal\/2018\/10\/04\/samsung-inicia-pre-venda-de-tv-8k-no-mercado-internacional\/#respond"]}]},{"@type":"WebPage","@id":"https:\/\/www.hometheater.com.br\/portal\/2018\/10\/04\/samsung-inicia-pre-venda-de-tv-8k-no-mercado-internacional\/","url":"https:\/\/www.hometheater.com.br\/portal\/2018\/10\/04\/samsung-inicia-pre-venda-de-tv-8k-no-mercado-internacional\/","name":"Samsung inicia pr\u00e9-venda de TV 8K no mercado internacional - HT &amp; Casa Digital","isPartOf":{"@id":"https:\/\/www.hometheater.com.br\/portal\/#website"},"primaryImageOfPage":{"@id":"https:\/\/www.hometheater.com.br\/portal\/2018\/10\/04\/samsung-inicia-pre-venda-de-tv-8k-no-mercado-internacional\/#primaryimage"},"image":{"@id":"https:\/\/www.hometheater.com.br\/portal\/2018\/10\/04\/samsung-inicia-pre-venda-de-tv-8k-no-mercado-internacional\/#primaryimage"},"thumbnailUrl":"https:\/\/www.hometheater.com.br\/portal\/wp-content\/uploads\/2018\/10\/qled_8k.jpg","datePublished":"2018-10-04T16:58:56+00:00","dateModified":"2018-10-04T17:13:12+00:00","breadcrumb":{"@id":"https:\/\/www.hometheater.com.br\/portal\/2018\/10\/04\/samsung-inicia-pre-venda-de-tv-8k-no-mercado-internacional\/#breadcrumb"},"inLanguage":"pt-BR","potentialAction":[{"@type":"ReadAction","target":["https:\/\/www.hometheater.com.br\/portal\/2018\/10\/04\/samsung-inicia-pre-venda-de-tv-8k-no-mercado-internacional\/"]}]},{"@type":"ImageObject","inLanguage":"pt-BR","@id":"https:\/\/www.hometheater.com.br\/portal\/2018\/10\/04\/samsung-inicia-pre-venda-de-tv-8k-no-mercado-internacional\/#primaryimage","url":"https:\/\/www.hometheater.com.br\/portal\/wp-content\/uploads\/2018\/10\/qled_8k.jpg","contentUrl":"https:\/\/www.hometheater.com.br\/portal\/wp-content\/uploads\/2018\/10\/qled_8k.jpg","width":384,"height":230},{"@type":"BreadcrumbList","@id":"https:\/\/www.hometheater.com.br\/portal\/2018\/10\/04\/samsung-inicia-pre-venda-de-tv-8k-no-mercado-internacional\/#breadcrumb","itemListElement":[{"@type":"ListItem","position":1,"name":"In\u00edcio","item":"https:\/\/www.hometheater.com.br\/portal\/"},{"@type":"ListItem","position":2,"name":"Samsung inicia pr\u00e9-venda de TV 8K no mercado internacional"}]},{"@type":"WebSite","@id":"https:\/\/www.hometheater.com.br\/portal\/#website","url":"https:\/\/www.hometheater.com.br\/portal\/","name":"HT &amp; Casa Digital","description":"O mundo digital em sua casa","publisher":{"@id":"https:\/\/www.hometheater.com.br\/portal\/#organization"},"potentialAction":[{"@type":"SearchAction","target":{"@type":"EntryPoint","urlTemplate":"https:\/\/www.hometheater.com.br\/portal\/?s={search_term_string}"},"query-input":{"@type":"PropertyValueSpecification","valueRequired":true,"valueName":"search_term_string"}}],"inLanguage":"pt-BR"},{"@type":"Organization","@id":"https:\/\/www.hometheater.com.br\/portal\/#organization","name":"Home Theater","url":"https:\/\/www.hometheater.com.br\/portal\/","logo":{"@type":"ImageObject","inLanguage":"pt-BR","@id":"https:\/\/www.hometheater.com.br\/portal\/#\/schema\/logo\/image\/","url":"https:\/\/www.hometheater.com.br\/portal\/wp-content\/uploads\/2022\/06\/assine_ht_01.png","contentUrl":"https:\/\/www.hometheater.com.br\/portal\/wp-content\/uploads\/2022\/06\/assine_ht_01.png","width":800,"height":254,"caption":"Home Theater"},"image":{"@id":"https:\/\/www.hometheater.com.br\/portal\/#\/schema\/logo\/image\/"},"sameAs":["https:\/\/web.facebook.com\/revistahometheater","https:\/\/x.com\/hometheaterbr"]},{"@type":"Person","@id":"https:\/\/www.hometheater.com.br\/portal\/#\/schema\/person\/3b6bd5a9e2a6c4197c7b98dd7a733d22","name":"Revista Home Theater &amp; Casa Digital","image":{"@type":"ImageObject","inLanguage":"pt-BR","@id":"https:\/\/www.hometheater.com.br\/portal\/#\/schema\/person\/image\/","url":"https:\/\/secure.gravatar.com\/avatar\/fd86f33d841f0f43adcc1665dd80ca740e028af4297e20d3444f9335092a6ee7?s=96&d=mm&r=g","contentUrl":"https:\/\/secure.gravatar.com\/avatar\/fd86f33d841f0f43adcc1665dd80ca740e028af4297e20d3444f9335092a6ee7?s=96&d=mm&r=g","caption":"Revista Home Theater &amp; Casa Digital"},"url":"https:\/\/www.hometheater.com.br\/portal\/author\/flavio\/"}]}},"_links":{"self":[{"href":"https:\/\/www.hometheater.com.br\/portal\/wp-json\/wp\/v2\/posts\/5948","targetHints":{"allow":["GET"]}}],"collection":[{"href":"https:\/\/www.hometheater.com.br\/portal\/wp-json\/wp\/v2\/posts"}],"about":[{"href":"https:\/\/www.hometheater.com.br\/portal\/wp-json\/wp\/v2\/types\/post"}],"author":[{"embeddable":true,"href":"https:\/\/www.hometheater.com.br\/portal\/wp-json\/wp\/v2\/users\/1"}],"replies":[{"embeddable":true,"href":"https:\/\/www.hometheater.com.br\/portal\/wp-json\/wp\/v2\/comments?post=5948"}],"version-history":[{"count":0,"href":"https:\/\/www.hometheater.com.br\/portal\/wp-json\/wp\/v2\/posts\/5948\/revisions"}],"wp:featuredmedia":[{"embeddable":true,"href":"https:\/\/www.hometheater.com.br\/portal\/wp-json\/wp\/v2\/media\/5952"}],"wp:attachment":[{"href":"https:\/\/www.hometheater.com.br\/portal\/wp-json\/wp\/v2\/media?parent=5948"}],"wp:term":[{"taxonomy":"category","embeddable":true,"href":"https:\/\/www.hometheater.com.br\/portal\/wp-json\/wp\/v2\/categories?post=5948"},{"taxonomy":"post_tag","embeddable":true,"href":"https:\/\/www.hometheater.com.br\/portal\/wp-json\/wp\/v2\/tags?post=5948"}],"curies":[{"name":"wp","href":"https:\/\/api.w.org\/{rel}","templated":true}]}}