{"id":4953,"date":"2018-08-29T17:08:52","date_gmt":"2018-08-29T17:08:52","guid":{"rendered":"http:\/\/revistahometheater.uol.com.br\/portal\/?p=4953"},"modified":"2018-08-29T12:13:18","modified_gmt":"2018-08-29T12:13:18","slug":"samsung-lanca-assistente-virtual-e-tvs-que-se-integram-ao-ambiente","status":"publish","type":"post","link":"https:\/\/www.hometheater.com.br\/portal\/2018\/08\/29\/samsung-lanca-assistente-virtual-e-tvs-que-se-integram-ao-ambiente\/","title":{"rendered":"Samsung lan\u00e7a assistente virtual e TVs que se integram ao ambiente"},"content":{"rendered":"<p><img loading=\"lazy\" decoding=\"async\" class=\"aligncenter size-full wp-image-4954\" src=\"http:\/\/revistahometheater.uol.com.br\/portal\/wp-content\/uploads\/2018\/05\/samsung_assistente.jpg\" alt=\"\" width=\"800\" height=\"534\" srcset=\"https:\/\/www.hometheater.com.br\/portal\/wp-content\/uploads\/2018\/05\/samsung_assistente.jpg 800w, https:\/\/www.hometheater.com.br\/portal\/wp-content\/uploads\/2018\/05\/samsung_assistente-400x267.jpg 400w, https:\/\/www.hometheater.com.br\/portal\/wp-content\/uploads\/2018\/05\/samsung_assistente-500x334.jpg 500w, https:\/\/www.hometheater.com.br\/portal\/wp-content\/uploads\/2018\/05\/samsung_assistente-300x200.jpg 300w, https:\/\/www.hometheater.com.br\/portal\/wp-content\/uploads\/2018\/05\/samsung_assistente-768x513.jpg 768w, https:\/\/www.hometheater.com.br\/portal\/wp-content\/uploads\/2018\/05\/samsung_assistente-600x400.jpg 600w, https:\/\/www.hometheater.com.br\/portal\/wp-content\/uploads\/2018\/05\/samsung_assistente-210x140.jpg 210w, https:\/\/www.hometheater.com.br\/portal\/wp-content\/uploads\/2018\/05\/samsung_assistente-50x33.jpg 50w\" sizes=\"auto, (max-width: 800px) 100vw, 800px\" \/><\/p>\n<p>Depois de lan\u00e7ar, no ano passado, os\u00a0<a href=\"http:\/\/revistahometheater.uol.com.br\/portal\/2017\/06\/21\/samsung-lanca-no-brasil-linha-de-tvs-qled\/\" target=\"_blank\" rel=\"noopener\" data-saferedirecturl=\"https:\/\/www.google.com\/url?hl=pt-BR&amp;q=http:\/\/revistahometheater.uol.com.br\/portal\/2017\/06\/21\/samsung-lanca-no-brasil-linha-de-tvs-qled\/&amp;source=gmail&amp;ust=1527786032313000&amp;usg=AFQjCNEg_G89SolwyEuG2tgIvQTFZWpdZw\"><strong>primeiros TVs com painel QLED<\/strong><\/a>\u00a0(de pontos qu\u00e2nticos), a Samsung prepara-se para colocar no mercado uma segunda gera\u00e7\u00e3o dessa tecnologia. A empresa apresentou ontem em S\u00e3o Paulo a s\u00e9rie QLED 2018, que refor\u00e7a os conceitos de design integrado ao ambiente, facilidade de instala\u00e7\u00e3o e navega\u00e7\u00e3o pelos conte\u00fados.<\/p>\n<p>\u201cEm pesquisas internacionais, descobrimos algumas coisas interessantes sobre os h\u00e1bitos dos consumidores\u201d, explicou \u00c9rico Traldi, diretor da empresa. \u201cAl\u00e9m da qualidade de imagem, eles se incomodam com a tela escura quando a TV est\u00e1 desligada. Querem eliminar os fios e os v\u00e1rios controles que t\u00eam em casa. E buscam mais facilidade para acessar seus canais e conte\u00fados preferidos\u201d.<\/p><div class=\"homet-conteudo\" style=\"text-align: center;\" id=\"homet-3284538178\"><div data-cfpa=\"36066\" data-cfpw=\"36066\" id=\"homet-1754764615\"><a data-no-instant=\"1\" href=\"https:\/\/loja.sommaior.com.br\/\" rel=\"noopener\" class=\"a2t-link\" aria-label=\"ABBEY-ROAD_360x300px\"><img loading=\"lazy\" decoding=\"async\" src=\"https:\/\/www.hometheater.com.br\/portal\/wp-content\/uploads\/2025\/10\/ABBEY-ROAD_360x300px.jpg\" alt=\"\"  class=\"no-lazyload\" width=\"300\" height=\"250\"   \/><\/a><\/div><script type=\"text\/javascript\">;new advadsCfpAd( 36066 );<\/script><\/div>\n<p>Para atender a essas expectativas dos usu\u00e1rios, a Samsung desenvolveu displays que simulam a textura da parede de fundo, dando a impress\u00e3o de um quadro. No\u00a0<strong><a href=\"http:\/\/www.samsung.com\/pt\/tvs\/qled-tv\/style\/\" target=\"_blank\" rel=\"noopener\" data-saferedirecturl=\"https:\/\/www.google.com\/url?hl=pt-BR&amp;q=http:\/\/www.samsung.com\/pt\/tvs\/qled-tv\/style\/&amp;source=gmail&amp;ust=1527786032313000&amp;usg=AFQjCNFYtafJBwQ-ZtsGPpIBUUKWZmGJEg\">Modo Ambiente<\/a><\/strong>, o usu\u00e1rio pode fotografar a parede com seu smartphone e repassar essa imagem \u00e0 TV, qur ir\u00e1 exibi-la quando desligada (foto). &#8220;Al\u00e9m disso, temos agora um \u00fanico cabo \u00f3ptico para ligar o TV \u00e0s fontes de sinal e tamb\u00e9m \u00e0 tomada de energia, via m\u00f3dulo One Connect\u201d, diz Traldi.<\/p>\n<p>Os novos TVs QLED, que come\u00e7am a chegar \u00e0s lojas em julho, vir\u00e3o em quatro s\u00e9ries: Q9FN, de 75 e 88 polegadas; Q8CN, tela curva de 65\u201d; Q7FN, com op\u00e7\u00f5es de 55\u201d, 65\u201d e 75\u201d; e Q6FN (49\u201d, 55\u201d e 65\u201d), esta a \u00fanica que n\u00e3o traz o controle remoto \u00fanico, acess\u00f3rio da Samsung que permite comandar todos os demais eletr\u00f4nicos da sala.<\/p>\n<p>Outra novidade apresentada pela empresa \u00e9 o\u00a0<strong><a href=\"http:\/\/orlandobarrozo.blog.br\/2018\/01\/13\/tvs-agora-atenderao-comandos-de-voz\/\" target=\"_blank\" rel=\"noopener\" data-saferedirecturl=\"https:\/\/www.google.com\/url?hl=pt-BR&amp;q=http:\/\/orlandobarrozo.blog.br\/2018\/01\/13\/tvs-agora-atenderao-comandos-de-voz\/&amp;source=gmail&amp;ust=1527786032313000&amp;usg=AFQjCNGni4NrVgPmgHCXvENC5aoLl279gw\">assistente virtual Bixby<\/a><\/strong>, criado para competir no mercado com Amazon Alexa e Google Assistant. Todas as novas TVs da marca contar\u00e3o com esse recurso, a princ\u00edpio somente na vers\u00e3o 1.0, em ingl\u00eas. A vers\u00e3o em portugu\u00eas est\u00e1 prevista para 2019.<\/p>\n<p><b>FONTE: revista HOME THEATER &amp; CASA DIGITAL<\/b><\/p>\n<p><b>Temas relacionados:<\/b><\/p>\n<p><a href=\"http:\/\/revistahometheater.uol.com.br\/portal\/2018\/03\/07\/samsung-mostra-em-nova-york-a-linha-mais-avancada-de-tvs-qled\/\" target=\"_blank\" rel=\"noopener\" data-saferedirecturl=\"https:\/\/www.google.com\/url?hl=pt-BR&amp;q=http:\/\/revistahometheater.uol.com.br\/portal\/2018\/03\/07\/samsung-mostra-em-nova-york-a-linha-mais-avancada-de-tvs-qled\/&amp;source=gmail&amp;ust=1527786032313000&amp;usg=AFQjCNHWJ_La4GNppDR6soEtYdLgyDXUOQ\">Samsung mostra em Nova York a linha mais avan\u00e7ada de TVs QLED<\/a><br \/>\n<a href=\"http:\/\/revistahometheater.uol.com.br\/portal\/2017\/09\/15\/teste-exclusivo-do-tv-samsung-qled-de-65-polegadas\/\" target=\"_blank\" rel=\"noopener\" data-saferedirecturl=\"https:\/\/www.google.com\/url?hl=pt-BR&amp;q=http:\/\/revistahometheater.uol.com.br\/portal\/2017\/09\/15\/teste-exclusivo-do-tv-samsung-qled-de-65-polegadas\/&amp;source=gmail&amp;ust=1527786032313000&amp;usg=AFQjCNHb_V6mnpa71oRGqflA5zu_m4df7g\">Teste exclusivo do TV Samsung QLED de 65 polegadas<\/a><br \/>\n<a href=\"http:\/\/revistahometheater.uol.com.br\/portal\/2017\/09\/09\/tv-qled-mostrado-na-ifa-e-o-primeiro-com-dolby-atmos\/\" target=\"_blank\" rel=\"noopener\" data-saferedirecturl=\"https:\/\/www.google.com\/url?hl=pt-BR&amp;q=http:\/\/revistahometheater.uol.com.br\/portal\/2017\/09\/09\/tv-qled-mostrado-na-ifa-e-o-primeiro-com-dolby-atmos\/&amp;source=gmail&amp;ust=1527786032313000&amp;usg=AFQjCNG1-MmO5IDxaWkwnnIAup2YjsbDzQ\">TV QLED mostrado na IFA \u00e9 o primeiro com Dolby Atmos<\/a><br \/>\n<a href=\"http:\/\/orlandobarrozo.blog.br\/2018\/01\/19\/pos-ces-mais-uma-guerra-de-displays\/\" target=\"_blank\" rel=\"noopener\" data-saferedirecturl=\"https:\/\/www.google.com\/url?hl=pt-BR&amp;q=http:\/\/orlandobarrozo.blog.br\/2018\/01\/19\/pos-ces-mais-uma-guerra-de-displays\/&amp;source=gmail&amp;ust=1527786032313000&amp;usg=AFQjCNEj4BoVxWj2mOI_SK4PWAM1ENo_Sw\">Depois da CES, mais uma disputa entre os fabricantes de displays<\/a><\/p>\n","protected":false},"excerpt":{"rendered":"<p>Depois de lan\u00e7ar, no ano passado, os\u00a0primeiros TVs com painel QLED\u00a0(de pontos qu\u00e2nticos), a Samsung prepara-se para colocar no mercado uma segunda gera\u00e7\u00e3o dessa tecnologia.<\/p>\n","protected":false},"author":1,"featured_media":4955,"comment_status":"open","ping_status":"open","sticky":false,"template":"","format":"standard","meta":{"footnotes":""},"categories":[4],"tags":[],"class_list":["post-4953","post","type-post","status-publish","format-standard","has-post-thumbnail","hentry","category-noticias"],"yoast_head":"<!-- This site is optimized with the Yoast SEO plugin v25.7 - https:\/\/yoast.com\/wordpress\/plugins\/seo\/ -->\n<title>Samsung lan\u00e7a assistente virtual e TVs que se integram ao ambiente - HT &amp; Casa Digital<\/title>\n<meta name=\"robots\" content=\"index, follow, max-snippet:-1, max-image-preview:large, max-video-preview:-1\" \/>\n<link rel=\"canonical\" href=\"https:\/\/www.hometheater.com.br\/portal\/2018\/08\/29\/samsung-lanca-assistente-virtual-e-tvs-que-se-integram-ao-ambiente\/\" \/>\n<meta property=\"og:locale\" content=\"pt_BR\" \/>\n<meta property=\"og:type\" content=\"article\" \/>\n<meta property=\"og:title\" content=\"Samsung lan\u00e7a assistente virtual e TVs que se integram ao ambiente - HT &amp; Casa Digital\" \/>\n<meta property=\"og:description\" content=\"Depois de lan\u00e7ar, no ano passado, os\u00a0primeiros TVs com painel QLED\u00a0(de pontos qu\u00e2nticos), a Samsung prepara-se para colocar no mercado uma segunda gera\u00e7\u00e3o dessa tecnologia.\" \/>\n<meta property=\"og:url\" content=\"https:\/\/www.hometheater.com.br\/portal\/2018\/08\/29\/samsung-lanca-assistente-virtual-e-tvs-que-se-integram-ao-ambiente\/\" \/>\n<meta property=\"og:site_name\" content=\"HT &amp; Casa Digital\" \/>\n<meta property=\"article:publisher\" content=\"https:\/\/web.facebook.com\/revistahometheater\" \/>\n<meta property=\"article:published_time\" content=\"2018-08-29T17:08:52+00:00\" \/>\n<meta property=\"og:image\" content=\"https:\/\/www.hometheater.com.br\/portal\/wp-content\/uploads\/2018\/05\/samsung_assistente2.jpg\" \/>\n\t<meta property=\"og:image:width\" content=\"350\" \/>\n\t<meta property=\"og:image:height\" content=\"234\" \/>\n\t<meta property=\"og:image:type\" content=\"image\/jpeg\" \/>\n<meta name=\"author\" content=\"Revista Home Theater &amp; Casa Digital\" \/>\n<meta name=\"twitter:card\" content=\"summary_large_image\" \/>\n<meta name=\"twitter:creator\" content=\"@hometheaterbr\" \/>\n<meta name=\"twitter:site\" content=\"@hometheaterbr\" \/>\n<meta name=\"twitter:label1\" content=\"Escrito por\" \/>\n\t<meta name=\"twitter:data1\" content=\"Revista Home Theater &amp; Casa Digital\" \/>\n\t<meta name=\"twitter:label2\" content=\"Est. tempo de leitura\" \/>\n\t<meta name=\"twitter:data2\" content=\"2 minutos\" \/>\n<script type=\"application\/ld+json\" class=\"yoast-schema-graph\">{\"@context\":\"https:\/\/schema.org\",\"@graph\":[{\"@type\":\"Article\",\"@id\":\"https:\/\/www.hometheater.com.br\/portal\/2018\/08\/29\/samsung-lanca-assistente-virtual-e-tvs-que-se-integram-ao-ambiente\/#article\",\"isPartOf\":{\"@id\":\"https:\/\/www.hometheater.com.br\/portal\/2018\/08\/29\/samsung-lanca-assistente-virtual-e-tvs-que-se-integram-ao-ambiente\/\"},\"author\":{\"name\":\"Revista Home Theater &amp; Casa Digital\",\"@id\":\"https:\/\/www.hometheater.com.br\/portal\/#\/schema\/person\/3b6bd5a9e2a6c4197c7b98dd7a733d22\"},\"headline\":\"Samsung lan\u00e7a assistente virtual e TVs que se integram ao ambiente\",\"datePublished\":\"2018-08-29T17:08:52+00:00\",\"mainEntityOfPage\":{\"@id\":\"https:\/\/www.hometheater.com.br\/portal\/2018\/08\/29\/samsung-lanca-assistente-virtual-e-tvs-que-se-integram-ao-ambiente\/\"},\"wordCount\":384,\"commentCount\":0,\"publisher\":{\"@id\":\"https:\/\/www.hometheater.com.br\/portal\/#organization\"},\"image\":{\"@id\":\"https:\/\/www.hometheater.com.br\/portal\/2018\/08\/29\/samsung-lanca-assistente-virtual-e-tvs-que-se-integram-ao-ambiente\/#primaryimage\"},\"thumbnailUrl\":\"https:\/\/www.hometheater.com.br\/portal\/wp-content\/uploads\/2018\/05\/samsung_assistente2.jpg\",\"articleSection\":[\"NOT\u00cdCIAS\"],\"inLanguage\":\"pt-BR\",\"potentialAction\":[{\"@type\":\"CommentAction\",\"name\":\"Comment\",\"target\":[\"https:\/\/www.hometheater.com.br\/portal\/2018\/08\/29\/samsung-lanca-assistente-virtual-e-tvs-que-se-integram-ao-ambiente\/#respond\"]}]},{\"@type\":\"WebPage\",\"@id\":\"https:\/\/www.hometheater.com.br\/portal\/2018\/08\/29\/samsung-lanca-assistente-virtual-e-tvs-que-se-integram-ao-ambiente\/\",\"url\":\"https:\/\/www.hometheater.com.br\/portal\/2018\/08\/29\/samsung-lanca-assistente-virtual-e-tvs-que-se-integram-ao-ambiente\/\",\"name\":\"Samsung lan\u00e7a assistente virtual e TVs que se integram ao ambiente - HT &amp; Casa Digital\",\"isPartOf\":{\"@id\":\"https:\/\/www.hometheater.com.br\/portal\/#website\"},\"primaryImageOfPage\":{\"@id\":\"https:\/\/www.hometheater.com.br\/portal\/2018\/08\/29\/samsung-lanca-assistente-virtual-e-tvs-que-se-integram-ao-ambiente\/#primaryimage\"},\"image\":{\"@id\":\"https:\/\/www.hometheater.com.br\/portal\/2018\/08\/29\/samsung-lanca-assistente-virtual-e-tvs-que-se-integram-ao-ambiente\/#primaryimage\"},\"thumbnailUrl\":\"https:\/\/www.hometheater.com.br\/portal\/wp-content\/uploads\/2018\/05\/samsung_assistente2.jpg\",\"datePublished\":\"2018-08-29T17:08:52+00:00\",\"breadcrumb\":{\"@id\":\"https:\/\/www.hometheater.com.br\/portal\/2018\/08\/29\/samsung-lanca-assistente-virtual-e-tvs-que-se-integram-ao-ambiente\/#breadcrumb\"},\"inLanguage\":\"pt-BR\",\"potentialAction\":[{\"@type\":\"ReadAction\",\"target\":[\"https:\/\/www.hometheater.com.br\/portal\/2018\/08\/29\/samsung-lanca-assistente-virtual-e-tvs-que-se-integram-ao-ambiente\/\"]}]},{\"@type\":\"ImageObject\",\"inLanguage\":\"pt-BR\",\"@id\":\"https:\/\/www.hometheater.com.br\/portal\/2018\/08\/29\/samsung-lanca-assistente-virtual-e-tvs-que-se-integram-ao-ambiente\/#primaryimage\",\"url\":\"https:\/\/www.hometheater.com.br\/portal\/wp-content\/uploads\/2018\/05\/samsung_assistente2.jpg\",\"contentUrl\":\"https:\/\/www.hometheater.com.br\/portal\/wp-content\/uploads\/2018\/05\/samsung_assistente2.jpg\",\"width\":350,\"height\":234},{\"@type\":\"BreadcrumbList\",\"@id\":\"https:\/\/www.hometheater.com.br\/portal\/2018\/08\/29\/samsung-lanca-assistente-virtual-e-tvs-que-se-integram-ao-ambiente\/#breadcrumb\",\"itemListElement\":[{\"@type\":\"ListItem\",\"position\":1,\"name\":\"In\u00edcio\",\"item\":\"https:\/\/www.hometheater.com.br\/portal\/\"},{\"@type\":\"ListItem\",\"position\":2,\"name\":\"Samsung lan\u00e7a assistente virtual e TVs que se integram ao ambiente\"}]},{\"@type\":\"WebSite\",\"@id\":\"https:\/\/www.hometheater.com.br\/portal\/#website\",\"url\":\"https:\/\/www.hometheater.com.br\/portal\/\",\"name\":\"HT &amp; Casa Digital\",\"description\":\"O mundo digital em sua casa\",\"publisher\":{\"@id\":\"https:\/\/www.hometheater.com.br\/portal\/#organization\"},\"potentialAction\":[{\"@type\":\"SearchAction\",\"target\":{\"@type\":\"EntryPoint\",\"urlTemplate\":\"https:\/\/www.hometheater.com.br\/portal\/?s={search_term_string}\"},\"query-input\":{\"@type\":\"PropertyValueSpecification\",\"valueRequired\":true,\"valueName\":\"search_term_string\"}}],\"inLanguage\":\"pt-BR\"},{\"@type\":\"Organization\",\"@id\":\"https:\/\/www.hometheater.com.br\/portal\/#organization\",\"name\":\"Home Theater\",\"url\":\"https:\/\/www.hometheater.com.br\/portal\/\",\"logo\":{\"@type\":\"ImageObject\",\"inLanguage\":\"pt-BR\",\"@id\":\"https:\/\/www.hometheater.com.br\/portal\/#\/schema\/logo\/image\/\",\"url\":\"https:\/\/www.hometheater.com.br\/portal\/wp-content\/uploads\/2022\/06\/assine_ht_01.png\",\"contentUrl\":\"https:\/\/www.hometheater.com.br\/portal\/wp-content\/uploads\/2022\/06\/assine_ht_01.png\",\"width\":800,\"height\":254,\"caption\":\"Home Theater\"},\"image\":{\"@id\":\"https:\/\/www.hometheater.com.br\/portal\/#\/schema\/logo\/image\/\"},\"sameAs\":[\"https:\/\/web.facebook.com\/revistahometheater\",\"https:\/\/x.com\/hometheaterbr\"]},{\"@type\":\"Person\",\"@id\":\"https:\/\/www.hometheater.com.br\/portal\/#\/schema\/person\/3b6bd5a9e2a6c4197c7b98dd7a733d22\",\"name\":\"Revista Home Theater &amp; Casa Digital\",\"image\":{\"@type\":\"ImageObject\",\"inLanguage\":\"pt-BR\",\"@id\":\"https:\/\/www.hometheater.com.br\/portal\/#\/schema\/person\/image\/\",\"url\":\"https:\/\/secure.gravatar.com\/avatar\/fd86f33d841f0f43adcc1665dd80ca740e028af4297e20d3444f9335092a6ee7?s=96&d=mm&r=g\",\"contentUrl\":\"https:\/\/secure.gravatar.com\/avatar\/fd86f33d841f0f43adcc1665dd80ca740e028af4297e20d3444f9335092a6ee7?s=96&d=mm&r=g\",\"caption\":\"Revista Home Theater &amp; Casa Digital\"},\"url\":\"https:\/\/www.hometheater.com.br\/portal\/author\/flavio\/\"}]}<\/script>\n<!-- \/ Yoast SEO plugin. -->","yoast_head_json":{"title":"Samsung lan\u00e7a assistente virtual e TVs que se integram ao ambiente - HT &amp; Casa Digital","robots":{"index":"index","follow":"follow","max-snippet":"max-snippet:-1","max-image-preview":"max-image-preview:large","max-video-preview":"max-video-preview:-1"},"canonical":"https:\/\/www.hometheater.com.br\/portal\/2018\/08\/29\/samsung-lanca-assistente-virtual-e-tvs-que-se-integram-ao-ambiente\/","og_locale":"pt_BR","og_type":"article","og_title":"Samsung lan\u00e7a assistente virtual e TVs que se integram ao ambiente - HT &amp; Casa Digital","og_description":"Depois de lan\u00e7ar, no ano passado, os\u00a0primeiros TVs com painel QLED\u00a0(de pontos qu\u00e2nticos), a Samsung prepara-se para colocar no mercado uma segunda gera\u00e7\u00e3o dessa tecnologia.","og_url":"https:\/\/www.hometheater.com.br\/portal\/2018\/08\/29\/samsung-lanca-assistente-virtual-e-tvs-que-se-integram-ao-ambiente\/","og_site_name":"HT &amp; Casa Digital","article_publisher":"https:\/\/web.facebook.com\/revistahometheater","article_published_time":"2018-08-29T17:08:52+00:00","og_image":[{"width":350,"height":234,"url":"https:\/\/www.hometheater.com.br\/portal\/wp-content\/uploads\/2018\/05\/samsung_assistente2.jpg","type":"image\/jpeg"}],"author":"Revista Home Theater &amp; Casa Digital","twitter_card":"summary_large_image","twitter_creator":"@hometheaterbr","twitter_site":"@hometheaterbr","twitter_misc":{"Escrito por":"Revista Home Theater &amp; Casa Digital","Est. tempo de leitura":"2 minutos"},"schema":{"@context":"https:\/\/schema.org","@graph":[{"@type":"Article","@id":"https:\/\/www.hometheater.com.br\/portal\/2018\/08\/29\/samsung-lanca-assistente-virtual-e-tvs-que-se-integram-ao-ambiente\/#article","isPartOf":{"@id":"https:\/\/www.hometheater.com.br\/portal\/2018\/08\/29\/samsung-lanca-assistente-virtual-e-tvs-que-se-integram-ao-ambiente\/"},"author":{"name":"Revista Home Theater &amp; Casa Digital","@id":"https:\/\/www.hometheater.com.br\/portal\/#\/schema\/person\/3b6bd5a9e2a6c4197c7b98dd7a733d22"},"headline":"Samsung lan\u00e7a assistente virtual e TVs que se integram ao ambiente","datePublished":"2018-08-29T17:08:52+00:00","mainEntityOfPage":{"@id":"https:\/\/www.hometheater.com.br\/portal\/2018\/08\/29\/samsung-lanca-assistente-virtual-e-tvs-que-se-integram-ao-ambiente\/"},"wordCount":384,"commentCount":0,"publisher":{"@id":"https:\/\/www.hometheater.com.br\/portal\/#organization"},"image":{"@id":"https:\/\/www.hometheater.com.br\/portal\/2018\/08\/29\/samsung-lanca-assistente-virtual-e-tvs-que-se-integram-ao-ambiente\/#primaryimage"},"thumbnailUrl":"https:\/\/www.hometheater.com.br\/portal\/wp-content\/uploads\/2018\/05\/samsung_assistente2.jpg","articleSection":["NOT\u00cdCIAS"],"inLanguage":"pt-BR","potentialAction":[{"@type":"CommentAction","name":"Comment","target":["https:\/\/www.hometheater.com.br\/portal\/2018\/08\/29\/samsung-lanca-assistente-virtual-e-tvs-que-se-integram-ao-ambiente\/#respond"]}]},{"@type":"WebPage","@id":"https:\/\/www.hometheater.com.br\/portal\/2018\/08\/29\/samsung-lanca-assistente-virtual-e-tvs-que-se-integram-ao-ambiente\/","url":"https:\/\/www.hometheater.com.br\/portal\/2018\/08\/29\/samsung-lanca-assistente-virtual-e-tvs-que-se-integram-ao-ambiente\/","name":"Samsung lan\u00e7a assistente virtual e TVs que se integram ao ambiente - HT &amp; Casa Digital","isPartOf":{"@id":"https:\/\/www.hometheater.com.br\/portal\/#website"},"primaryImageOfPage":{"@id":"https:\/\/www.hometheater.com.br\/portal\/2018\/08\/29\/samsung-lanca-assistente-virtual-e-tvs-que-se-integram-ao-ambiente\/#primaryimage"},"image":{"@id":"https:\/\/www.hometheater.com.br\/portal\/2018\/08\/29\/samsung-lanca-assistente-virtual-e-tvs-que-se-integram-ao-ambiente\/#primaryimage"},"thumbnailUrl":"https:\/\/www.hometheater.com.br\/portal\/wp-content\/uploads\/2018\/05\/samsung_assistente2.jpg","datePublished":"2018-08-29T17:08:52+00:00","breadcrumb":{"@id":"https:\/\/www.hometheater.com.br\/portal\/2018\/08\/29\/samsung-lanca-assistente-virtual-e-tvs-que-se-integram-ao-ambiente\/#breadcrumb"},"inLanguage":"pt-BR","potentialAction":[{"@type":"ReadAction","target":["https:\/\/www.hometheater.com.br\/portal\/2018\/08\/29\/samsung-lanca-assistente-virtual-e-tvs-que-se-integram-ao-ambiente\/"]}]},{"@type":"ImageObject","inLanguage":"pt-BR","@id":"https:\/\/www.hometheater.com.br\/portal\/2018\/08\/29\/samsung-lanca-assistente-virtual-e-tvs-que-se-integram-ao-ambiente\/#primaryimage","url":"https:\/\/www.hometheater.com.br\/portal\/wp-content\/uploads\/2018\/05\/samsung_assistente2.jpg","contentUrl":"https:\/\/www.hometheater.com.br\/portal\/wp-content\/uploads\/2018\/05\/samsung_assistente2.jpg","width":350,"height":234},{"@type":"BreadcrumbList","@id":"https:\/\/www.hometheater.com.br\/portal\/2018\/08\/29\/samsung-lanca-assistente-virtual-e-tvs-que-se-integram-ao-ambiente\/#breadcrumb","itemListElement":[{"@type":"ListItem","position":1,"name":"In\u00edcio","item":"https:\/\/www.hometheater.com.br\/portal\/"},{"@type":"ListItem","position":2,"name":"Samsung lan\u00e7a assistente virtual e TVs que se integram ao ambiente"}]},{"@type":"WebSite","@id":"https:\/\/www.hometheater.com.br\/portal\/#website","url":"https:\/\/www.hometheater.com.br\/portal\/","name":"HT &amp; Casa Digital","description":"O mundo digital em sua casa","publisher":{"@id":"https:\/\/www.hometheater.com.br\/portal\/#organization"},"potentialAction":[{"@type":"SearchAction","target":{"@type":"EntryPoint","urlTemplate":"https:\/\/www.hometheater.com.br\/portal\/?s={search_term_string}"},"query-input":{"@type":"PropertyValueSpecification","valueRequired":true,"valueName":"search_term_string"}}],"inLanguage":"pt-BR"},{"@type":"Organization","@id":"https:\/\/www.hometheater.com.br\/portal\/#organization","name":"Home Theater","url":"https:\/\/www.hometheater.com.br\/portal\/","logo":{"@type":"ImageObject","inLanguage":"pt-BR","@id":"https:\/\/www.hometheater.com.br\/portal\/#\/schema\/logo\/image\/","url":"https:\/\/www.hometheater.com.br\/portal\/wp-content\/uploads\/2022\/06\/assine_ht_01.png","contentUrl":"https:\/\/www.hometheater.com.br\/portal\/wp-content\/uploads\/2022\/06\/assine_ht_01.png","width":800,"height":254,"caption":"Home Theater"},"image":{"@id":"https:\/\/www.hometheater.com.br\/portal\/#\/schema\/logo\/image\/"},"sameAs":["https:\/\/web.facebook.com\/revistahometheater","https:\/\/x.com\/hometheaterbr"]},{"@type":"Person","@id":"https:\/\/www.hometheater.com.br\/portal\/#\/schema\/person\/3b6bd5a9e2a6c4197c7b98dd7a733d22","name":"Revista Home Theater &amp; Casa Digital","image":{"@type":"ImageObject","inLanguage":"pt-BR","@id":"https:\/\/www.hometheater.com.br\/portal\/#\/schema\/person\/image\/","url":"https:\/\/secure.gravatar.com\/avatar\/fd86f33d841f0f43adcc1665dd80ca740e028af4297e20d3444f9335092a6ee7?s=96&d=mm&r=g","contentUrl":"https:\/\/secure.gravatar.com\/avatar\/fd86f33d841f0f43adcc1665dd80ca740e028af4297e20d3444f9335092a6ee7?s=96&d=mm&r=g","caption":"Revista Home Theater &amp; Casa Digital"},"url":"https:\/\/www.hometheater.com.br\/portal\/author\/flavio\/"}]}},"_links":{"self":[{"href":"https:\/\/www.hometheater.com.br\/portal\/wp-json\/wp\/v2\/posts\/4953","targetHints":{"allow":["GET"]}}],"collection":[{"href":"https:\/\/www.hometheater.com.br\/portal\/wp-json\/wp\/v2\/posts"}],"about":[{"href":"https:\/\/www.hometheater.com.br\/portal\/wp-json\/wp\/v2\/types\/post"}],"author":[{"embeddable":true,"href":"https:\/\/www.hometheater.com.br\/portal\/wp-json\/wp\/v2\/users\/1"}],"replies":[{"embeddable":true,"href":"https:\/\/www.hometheater.com.br\/portal\/wp-json\/wp\/v2\/comments?post=4953"}],"version-history":[{"count":0,"href":"https:\/\/www.hometheater.com.br\/portal\/wp-json\/wp\/v2\/posts\/4953\/revisions"}],"wp:featuredmedia":[{"embeddable":true,"href":"https:\/\/www.hometheater.com.br\/portal\/wp-json\/wp\/v2\/media\/4955"}],"wp:attachment":[{"href":"https:\/\/www.hometheater.com.br\/portal\/wp-json\/wp\/v2\/media?parent=4953"}],"wp:term":[{"taxonomy":"category","embeddable":true,"href":"https:\/\/www.hometheater.com.br\/portal\/wp-json\/wp\/v2\/categories?post=4953"},{"taxonomy":"post_tag","embeddable":true,"href":"https:\/\/www.hometheater.com.br\/portal\/wp-json\/wp\/v2\/tags?post=4953"}],"curies":[{"name":"wp","href":"https:\/\/api.w.org\/{rel}","templated":true}]}}