{"id":493,"date":"2015-11-13T18:23:55","date_gmt":"2015-11-13T18:23:55","guid":{"rendered":"http:\/\/revistahometheater.uol.com.br\/portal\/?p=493"},"modified":"2016-09-14T13:48:46","modified_gmt":"2016-09-14T13:48:46","slug":"acustica-para-salas-de-home-theater","status":"publish","type":"post","link":"https:\/\/www.hometheater.com.br\/portal\/2015\/11\/13\/acustica-para-salas-de-home-theater\/","title":{"rendered":"Ac\u00fastica para salas de Home Theater"},"content":{"rendered":"<p><a href=\"#\" target=\"_self\" class=\"buttons btn_blue left\"><span class=\"left\">Por Reda\u00e7ao Home Theater<\/span><\/a>Home Theater tamb\u00e9m \u00e9 uma formula eficaz que permite recriar as condi\u00e7\u00f5es t\u00edpicas de um cinema gen\u00e9rico em nossas casas. Ou deveria.<\/p>\n<p>Voc\u00ea sabe que os primeiros cinemas foram inspirados nos <em>Concert Halls<\/em>? Principalmente tamanho e pit da orquestra? At\u00e9 porque o cinema mudo exigia orquestra. A reverbera\u00e7\u00e3o excessiva, marca registrada dos Concert Halls, cobrou um pre\u00e7o alt\u00edssimo dos frequentadores dos cinemas contempor\u00e2neos, que diminu\u00edram de tamanho. Ele veio na forma de aus\u00eancia de inteligibilidade e de falta de claridade musical. O palco estereof\u00f4nico tamb\u00e9m tornou-se impreciso. Isso, na melhor das hip\u00f3teses. A sa\u00edda natural foi utilizar a ac\u00fastica para neutralizar o problema.<\/p><div class=\"homet-conteudo\" style=\"text-align: center;\" id=\"homet-4021896213\"><div data-cfpa=\"35734\" data-cfpw=\"35734\" id=\"homet-667082073\"><a data-no-instant=\"1\" href=\"https:\/\/www.harmanluxuryaudio.com\/\" rel=\"noopener\" class=\"a2t-link\" aria-label=\"ARCAM-SA45-BANNER-NEWSLETTER\"><img loading=\"lazy\" decoding=\"async\" src=\"https:\/\/www.hometheater.com.br\/portal\/wp-content\/uploads\/2025\/09\/ARCAM-SA45-BANNER-NEWSLETTER.gif\" alt=\"\"  class=\"no-lazyload\" width=\"300\" height=\"250\"   \/><\/a><\/div><h6><span style=\"color: #808080;\"><em>Publicidade<\/em><\/span><\/h6>\r\n<\/br><script type=\"text\/javascript\">;new advadsCfpAd( 35734 );<\/script><\/div>\n<p>Minha leitura de um cinema moderno \u00e9 um engenho desenvolvido atrav\u00e9s de muitas d\u00e9cadas, ainda em franca evolu\u00e7\u00e3o, sempre impulsionado por tecnologia pura. S\u00e3o conhecimentos que se integram cada vez mais com um s\u00f3 objetivo: oferecer as melhores condi\u00e7\u00f5es poss\u00edveis para que os espectadores curtam filmes numa atmosfera descontra\u00edda. Os principais ingredientes desse business s\u00e3o o conforto f\u00edsico oferecido aos espectadores, as condi\u00e7\u00f5es de ilumina\u00e7\u00e3o pr\u00f3prias para a aprecia\u00e7\u00e3o dos filmes, telas com materiais, tamanhos e posi\u00e7\u00f5es cientificamente estudados para melhorar a visibilidade, som multicanal talhado para reproduzir efeitos, e, como mencionei, a ac\u00fastica. Que tamb\u00e9m deve favorecer os efeitos s\u00f4nicos espetaculares.<\/p>\n<p>Neste artigo quero focar a ac\u00fastica para Home Theater.<\/p>\n<p>De fato, sinto-me compelido a fazer isso porque durante d\u00e9cadas a fio testemunhei a maioria das revistas especializadas em \u201calta fidelidade\u201d, daqui e do exterior, massacrando os ouvidos dos audi\u00f3filos com informa\u00e7\u00f5es amb\u00edguas e at\u00e9 mesmo incorretas sobre a ac\u00fastica das salas de m\u00fasica. Infelizmente, cen\u00e1rio que ainda prevalece. S\u00f3 que essa lenga-lenga migrou para a internet.<\/p>\n<p>A consequ\u00eancia disso veio na forma perversa de muitas salas que, constru\u00eddas com base nessas \u201corienta\u00e7\u00f5es\u201d, acabaram exibindo propriedades ac\u00fasticas abomin\u00e1veis. Quando entro numa dessas e indago, logo sou informado que a sala foi constru\u00edda de acordo com aqueles conselhos. Creio eu que essa verdadeira campanha da imprensa foi movida com boas inten\u00e7\u00f5es, combinada com enorme falta de conhecimentos.<\/p>\n<p>Afinal, o que foi que a imprensa especializada tanto divulgou de forma irrefletida? Foi sugerir aos leitores que enchessem suas salas com cortinas, tapetes e estofados. Qual o problema nisso? \u00c9 que esses itens pouco ou nada absorvem de sons de baixas frequ\u00eancias. Absorvem medianamente as m\u00e9dias frequ\u00eancias e absorvem rigorosamente todos os sons de altas frequ\u00eancias. Eis porque essa \u201ct\u00e9cnica\u201d de tratar acusticamente produz padr\u00f5es sinistros de reverbera\u00e7\u00e3o.<\/p>\n<p>Quem n\u00e3o tem ouvidos treinados acaba se acostumando com o som medonho resultante. Os menos avisados desenvolvem refer\u00eancias med\u00edocres, acreditando que atingiram p\u00edncaros de qualidade porque seguiram \u00e0 risca instru\u00e7\u00f5es abalizadas de autoridades credenciadas.<\/p>\n<p>Como assim &#8230;&#8230;&#8230;?<\/p>\n<p>Simples. Numa sala dessas, as altas frequ\u00eancias sequer s\u00e3o percebidas. Porque mal deixam os falantes e j\u00e1 s\u00e3o eliminadas de pronto pelos \u201caparatos ac\u00fasticos recomendados\u201d. No outro extremo est\u00e3o as baixas frequ\u00eancias. Que ficam ribombando nas superf\u00edcies da sala por um temp\u00e3o. No meio termo est\u00e3o as m\u00e9dias frequ\u00eancias, que soam por um per\u00edodo intermedi\u00e1rio entre os tempos de reverbera\u00e7\u00e3o dos graves e os dos agudos. D\u00e1 para imaginar como \u00e9 o som numa sala dessas? Amigos, \u00e9 algo aflitivo. Nada a ver com qualquer no\u00e7\u00e3o de realidade.<\/p>\n<p>Infelizmente, esse som hostil tamb\u00e9m resulta de outros tr\u00eas entraves ac\u00fasticos. O primeiro deles \u00e9 que as constru\u00e7\u00f5es atuais se valem de paredes que classifico como sonicamente transparentes. O segundo \u00e9 o tamanho miniaturizado dos c\u00f4modos de hoje. O terceiro \u00e9 o formato caixa de sapatos comum nas casas e apartamentos de constru\u00e7\u00e3o mais recente.<\/p>\n<p>Paredes sonicamente transparentes permitem que ru\u00eddos externos penetrem com facilidade nas salas, prejudicando as audi\u00e7\u00f5es. Reduzindo a subnitrato de p\u00f3 de traque a gama din\u00e2mica dos programas. Rem\u00e9dio: incrementar o isolamento ac\u00fastico. Uma dica que sempre surte bons resultados: hermetizar melhor portas e janelas, pois esses itens isolam menos do que as paredes. Num patamar acima disso est\u00e1 o tratamento mais s\u00e9rio e, sem d\u00favida, que exige algum investimento. De prefer\u00eancia uma consultoria t\u00e9cnica experiente tamb\u00e9m.<br \/>\nSobre o tamanho das salas creio que devo enunciar um dos principais basilares da ac\u00fastica: quanto menor \u00e9 o local pior \u00e9 a ac\u00fastica. A m\u00e1 not\u00edcia \u00e9 que essa quest\u00e3o \u00e9 100% f\u00edsica e n\u00e3o um daqueles indefect\u00edveis t\u00f3picos subjetivos, pass\u00edveis de pol\u00eamicas intermin\u00e1veis. A manifesta\u00e7\u00e3o de tal inconveniente ocorre nas baixas frequ\u00eancias. Elas ficam consideravelmente fora de controle por raz\u00f5es de comprimento de onda.<\/p>\n<p>O formato caixa de sapatos produz tr\u00eas pares de superf\u00edcies paralelas. As duas paredes maiores, as duas menores e piso e teto. O resultado direto disso chama-se ondas estacion\u00e1rias. Nome dado a um fen\u00f4meno que combina o refor\u00e7o de algumas baixas frequ\u00eancias com a forte atenua\u00e7\u00e3o de outras. Por vezes chegando ao extremo do cancelamento. Ora, pipocas!<\/p>\n<p>Quer ouvir isso? Baixe este arquivo wav com o tom 175 Hz do site da Home Theater (link) e reproduza em seu sistema de som. N\u00e3o tente reproduzir essa frequ\u00eancia usando as caixinhas de um PC ou Mac. Elas n\u00e3o est\u00e3o preparadas para tal servi\u00e7o. Ao fazer o teste, comece com volume bem reduzido ou seus falantes poder\u00e3o n\u00e3o aguentar o tranco. Uma vez reproduzindo o arquivo, caminhe pela sala e procure perceber varia\u00e7\u00f5es de n\u00edvel de audi\u00e7\u00e3o que devem ocorrer de um para outro local. Se a sala for acusticamente equilibrada, as varia\u00e7\u00f5es n\u00e3o ser\u00e3o percebidas.<br \/>\nO que fazer ent\u00e3o? Com rela\u00e7\u00e3o ao tamanho f\u00edsico da sala, nada ou muito pouco a fazer.<\/p>\n<p>O excesso de reverbera\u00e7\u00e3o, que n\u00e3o deve ser combatido com cortinas, tapetes e estofados, pode ser controlado com pain\u00e9is absorsores especializados. As ondas estacion\u00e1rias podem ser controladas com pain\u00e9is difusores. Preferencialmente os do g\u00eanero n\u00e3o especular. Como os QRDs e os PRDs.<\/p>\n<p>Portanto, um tratamento ac\u00fastico decente inclui a aplica\u00e7\u00e3o de pain\u00e9is absorsores e difusores.<\/p>\n<p>Estudos cient\u00edficos de profundidade foram conduzidos por cientistas durante anos a fio para estabelecer os padr\u00f5es de exig\u00eancia das pessoas acostumadas a ouvir m\u00fasica e ir ao cinema. Os resultados nos permitem propor crit\u00e9rios modernos e precisos de onde instalar esses pain\u00e9is visando atender aquelas exig\u00eancias.<\/p>\n<p>A primeira constata\u00e7\u00e3o, praticamente consensual entre as pessoas que colaboraram com as pesquisas, \u00e9 que as reflex\u00f5es frontais de baixas frequ\u00eancias s\u00e3o abominadas. Segue que as paredes atr\u00e1s das caixas ac\u00fasticas dos canais L, C e R devem ser revestidas com pain\u00e9is absorsores de baixas frequ\u00eancias. Isso elimina de cara cortinas e tape\u00e7arias, al\u00e9m de pain\u00e9is constru\u00eddos com fibra de vidro, l\u00e3 de rocha e espumas tipo Sonex. Afinal, nada disso \u00e9 solu\u00e7\u00e3o para absorver as baixas frequ\u00eancias.<\/p>\n<p>Veja na figura.<\/p>\n<p><img decoding=\"async\" class=\"aligncenter\" src=\"http:\/\/www.eventeditora.com.br\/best\/wp-content\/uploads\/2015\/11\/fig1.jpg\" alt=\"\" \/><\/p>\n<p>O gr\u00e1fico em forma de escada do lado esquerdo mostra a efici\u00eancia na absor\u00e7\u00e3o ac\u00fastica da l\u00e3 mineral com espessura de 1 polegada e densidade 32 kg\/m\u00b3, medida com a pe\u00e7a diretamente aplicada numa parede de concreto. Veja que na banda de oitava centrada em 500 Hz a absor\u00e7\u00e3o ac\u00fastica n\u00e3o atinge nem 50%.<\/p>\n<p>Compare esse desempenho com o do painel absorsor PAR 125, que desenhei na d\u00e9cada de 80. Ele \u00e9 sintonizado em 125 Hz. Esse sim \u00e9 um painel especializado.<br \/>\nPortanto, idealmente a parede frontal da sala \u00e9 revestida com alguns pain\u00e9is absorsores especializados, sintonizados em 125, 250 e 500 Hz.<\/p>\n<p>Outra constata\u00e7\u00e3o consensual que as pesquisas revelam \u00e9 que as reflex\u00f5es que chegam pelo ch\u00e3o e pelo teto s\u00e3o t\u00e3o abomin\u00e1veis quanto as frontais. Basta localizar os pontos nevr\u00e1lgicos onde ocorrem as reflex\u00f5es, que podem ser cirurgicamente determinados se voc\u00ea, de sua poltrona, mirar as caixas ac\u00fasticas, uma por vez, atrav\u00e9s de um espelho localizado no ch\u00e3o e no teto. Veja na figura.<\/p>\n<p><img decoding=\"async\" class=\"aligncenter\" src=\"http:\/\/www.eventeditora.com.br\/best\/wp-content\/uploads\/2015\/11\/fig2.jpg\" alt=\"\" \/><\/p>\n<p>Isto feito, uma das alternativas \u00e9 aplicar pain\u00e9is especializados no entorno desses pontos nevr\u00e1lgicos. Como isso dificilmente pode ser feito no piso, recomendo o uso de um carpete especial para ao menos amenizar o problema. Um exemplo \u00e9 o carpete com pelos de l\u00e3 de 10mm, espessos, costurados em tufos, densidade superficial 1,36 kg\/m\u00b2, sem revestimento inferior, sobre manta felpuda espessa, densidade superficial 2,92 kg\/m\u00b2. Veja os coeficientes de absor\u00e7\u00e3o desse carpete na figura abaixo.<\/p>\n<p><img decoding=\"async\" class=\"aligncenter\" src=\"http:\/\/www.eventeditora.com.br\/best\/wp-content\/uploads\/2015\/11\/fig3.jpg\" alt=\"\" \/><\/p>\n<p>O carpete n\u00e3o precisa nem deve ser aplicado sobre todo o piso da sala. Apenas o suficiente para atenuar as reflex\u00f5es frontais que chegam por baixo, com certa margem.<br \/>\nA parte frontal est\u00e1 resolvida. O pr\u00eamio s\u00e3o enormes benef\u00edcios para a estereofonia gerada pelos canais L e R, e aperfei\u00e7oamento significativo dos sinais provenientes do canal C.<br \/>\nMuitos Home Theaters s\u00e3o montados a partir de um m\u00f3vel frontal. Nesses casos, os pain\u00e9is especializados podem ser customizados para que suas faces externas coincidam com o fundo do m\u00f3vel. Nenhuma dificuldade.<\/p>\n<p>Prosseguindo. Outro engano muito comum \u00e9 imaginar que as reflex\u00f5es laterais devem ser eliminadas ou combatidas. Todas aquelas pesquisas a que me referi antes deixam claro que todos n\u00f3s apreciamos muito as reflex\u00f5es laterais. Especialmente as que nos chegam com \u00e2ngulos de 60\u2070 e com intensidade ligeiramente abaixo das dos sinais diretos.<\/p>\n<p>O que fazer? Nada. Deixar que as paredes da sala produzam as reflex\u00f5es desejadas. Entretanto, se isso n\u00e3o acontece em seu caso, tamb\u00e9m \u00e9 poss\u00edvel usar elementos reflexivos. Como biombos de madeira com espessura m\u00ednima 50 mil\u00edmetros. Se preciso, os biombos podem ser montados sobre rod\u00edzios para facilitar a mobilidade.<\/p>\n<p>Onde colocar os biombos? No alinhamento dos pontos nevr\u00e1lgicos das reflex\u00f5es, que podem ser determinados com a t\u00e9cnica do espelho. Digamos, um m\u00ednimo de meio metro para cada lado do ponto nevr\u00e1lgico e um m\u00e1ximo de um metro para cada lado. A altura pode ser pouco menor que a da sala.<\/p>\n<p>As reflex\u00f5es laterais aumentam a largura aparente do palco s\u00f4nico, potencializando muito a qualidade da imagem estereof\u00f4nica.<\/p>\n<p>As reflex\u00f5es que chegam da parede do fundo precisam ser controladas. Como? Aplicando-se pain\u00e9is difusores por toda a parede. Alguns modelos diferentes de QRDs e de PRDs.<\/p>\n<p>Veja os dois na figura. Os QRDs est\u00e3o \u00e0 esquerda e os PRDs \u00e0 direita.<\/p>\n<p><img decoding=\"async\" class=\"aligncenter\" src=\"http:\/\/www.eventeditora.com.br\/best\/wp-content\/uploads\/2015\/11\/fig5.jpg\" alt=\"\" \/><\/p>\n<p>Estes pain\u00e9is foram customizados para a sala de um cliente, que me detalhou os acabamentos. N\u00e3o tente faz\u00ea-los tentando reproduzir as imagens. Os c\u00e1lculos matem\u00e1ticos envolvidos s\u00e3o muito pesados e indispens\u00e1veis. Ou se joga dinheiro bom fora.<\/p>\n<p>Ainda temos que pensar nas duas paredes laterais. Pois bem. O poss\u00edvel melhor a fazer \u00e9 aplicar mais pain\u00e9is difusores. Tanto QRDs quanto PRDs. Isso ajuda a compensar os males trazidos pelas ondas estacion\u00e1rias, especialmente os efeitos perversos de uma distribui\u00e7\u00e3o de energia pela sala sem compromissos com a homogeneidade.<\/p>\n<p>Se voc\u00ea acha que h\u00e1 muitos difusores em rela\u00e7\u00e3o aos absorsores, informo que os pain\u00e9is difusores tamb\u00e9m absorvem parcelas consider\u00e1veis de energia. Ainda assim \u00e9 poss\u00edvel que a sala necessite mais absor\u00e7\u00e3o. Nesse caso, o tapete do piso pode ser aumentado em \u00e1rea. Se apenas isso n\u00e3o resolver, ainda resta uma boa parte do teto que pode receber pain\u00e9is absorsores. Claro, todos especializados. De prefer\u00eancia, com superf\u00edcies inclinadas de sorte a quebrar o paralelismo cima-baixo. Veja um exemplo:<\/p>\n<p align=\"center\"><img decoding=\"async\" src=\"http:\/\/www.eventeditora.com.br\/best\/wp-content\/uploads\/2015\/11\/fig6.jpg\" alt=\"\" \/><\/p>\n<p>Sobre os subwoofers, \u00e9 prov\u00e1vel que o vendedor da loja tenha dito que ele pode ficar em qualquer lugar. N\u00e3o acredite. N\u00e3o \u00e9 verdade. O melhor \u00e9 adquirir dois subs e come\u00e7ar a pensar em sua montagem deixando ambos sim\u00e9tricos em rela\u00e7\u00e3o ao eixo medial da sala. Ser\u00e3o no m\u00ednimo muitas horas para encontrar o melhor ajuste. Ainda assim, podem sobrar graves na sala. N\u00e3o vamos confundir extens\u00e3o das baixas frequ\u00eancias com mais energia do que \u00e9 preciso ter para reproduzir efeitos com qualidade de cinema.<\/p>\n<p>Legal. E se sobrar graves? Lembre-se do que disse antes sobre n\u00e3o ter o que fazer em fun\u00e7\u00e3o dos comprimentos de onda. Entretanto, uma certa dose \u2013 bem modesta &#8211; de rem\u00e9dio pode ser ministrada com o uso dos famosos <em>bass traps<\/em>. Que preferencialmente s\u00e3o instalados nos cantos verticais das salas e eventualmente nos cantos horizontais.<\/p>\n<p>Caro leitor, observe que essa maneira de tratar acusticamente o Home Theater contrasta com a ideia muito difundida de que o melhor \u00e9 distribuir aleatoriamente os elementos ac\u00fasticos pela sala. Por que? Porque levamos em conta as exig\u00eancias das pessoas e criamos padr\u00f5es reflectom\u00e9tricos customizados, e nada fortuito ou incerto.<\/p>\n<p>Para concluir, veja nesta \u00faltima figura como fica o aspecto de uma sala com o tratamento completo.<\/p>\n<p align=\"center\"><img decoding=\"async\" src=\"http:\/\/www.eventeditora.com.br\/best\/wp-content\/uploads\/2015\/11\/fig7.jpg\" alt=\"\" \/><\/p>\n<p>Atendendo a muitos pedidos de integradores de Home Theater e de automa\u00e7\u00e3o, estamos ministrando um curso de dois dias de Ac\u00fastica para Home Theater.<\/p>\n<p>Informa\u00e7\u00f5es neste link: <a href=\"http:\/\/www.eventeditora.com.br\/curso_acustica\/\"><strong>Curso de Ac\u00fastica<\/strong><\/a>.<\/p>\n","protected":false},"excerpt":{"rendered":"<p>Home Theater tamb\u00e9m \u00e9 uma formula eficaz que permite recriar as condi\u00e7\u00f5es t\u00edpicas de um cinema gen\u00e9rico em nossas casas. Ou deveria. Voc\u00ea sabe que<\/p>\n","protected":false},"author":1,"featured_media":494,"comment_status":"open","ping_status":"open","sticky":false,"template":"","format":"standard","meta":{"footnotes":""},"categories":[3],"tags":[],"class_list":["post-493","post","type-post","status-publish","format-standard","has-post-thumbnail","hentry","category-artigos"],"yoast_head":"<!-- This site is optimized with the Yoast SEO plugin v25.7 - https:\/\/yoast.com\/wordpress\/plugins\/seo\/ -->\n<title>Ac\u00fastica para salas de Home Theater - HT &amp; Casa Digital<\/title>\n<meta name=\"robots\" content=\"index, follow, max-snippet:-1, max-image-preview:large, max-video-preview:-1\" \/>\n<link rel=\"canonical\" href=\"https:\/\/www.hometheater.com.br\/portal\/2015\/11\/13\/acustica-para-salas-de-home-theater\/\" \/>\n<meta property=\"og:locale\" content=\"pt_BR\" \/>\n<meta property=\"og:type\" content=\"article\" \/>\n<meta property=\"og:title\" content=\"Ac\u00fastica para salas de Home Theater - HT &amp; Casa Digital\" \/>\n<meta property=\"og:description\" content=\"Home Theater tamb\u00e9m \u00e9 uma formula eficaz que permite recriar as condi\u00e7\u00f5es t\u00edpicas de um cinema gen\u00e9rico em nossas casas. Ou deveria. Voc\u00ea sabe que\" \/>\n<meta property=\"og:url\" content=\"https:\/\/www.hometheater.com.br\/portal\/2015\/11\/13\/acustica-para-salas-de-home-theater\/\" \/>\n<meta property=\"og:site_name\" content=\"HT &amp; Casa Digital\" \/>\n<meta property=\"article:publisher\" content=\"https:\/\/web.facebook.com\/revistahometheater\" \/>\n<meta property=\"article:published_time\" content=\"2015-11-13T18:23:55+00:00\" \/>\n<meta property=\"article:modified_time\" content=\"2016-09-14T13:48:46+00:00\" \/>\n<meta property=\"og:image\" content=\"https:\/\/www.hometheater.com.br\/portal\/wp-content\/uploads\/2015\/11\/bass_traps.jpg\" \/>\n\t<meta property=\"og:image:width\" content=\"350\" \/>\n\t<meta property=\"og:image:height\" content=\"267\" \/>\n\t<meta property=\"og:image:type\" content=\"image\/jpeg\" \/>\n<meta name=\"author\" content=\"Revista Home Theater &amp; Casa Digital\" \/>\n<meta name=\"twitter:card\" content=\"summary_large_image\" \/>\n<meta name=\"twitter:creator\" content=\"@hometheaterbr\" \/>\n<meta name=\"twitter:site\" content=\"@hometheaterbr\" \/>\n<meta name=\"twitter:label1\" content=\"Escrito por\" \/>\n\t<meta name=\"twitter:data1\" content=\"Revista Home Theater &amp; Casa Digital\" \/>\n\t<meta name=\"twitter:label2\" content=\"Est. tempo de leitura\" \/>\n\t<meta name=\"twitter:data2\" content=\"11 minutos\" \/>\n<script type=\"application\/ld+json\" class=\"yoast-schema-graph\">{\"@context\":\"https:\/\/schema.org\",\"@graph\":[{\"@type\":\"Article\",\"@id\":\"https:\/\/www.hometheater.com.br\/portal\/2015\/11\/13\/acustica-para-salas-de-home-theater\/#article\",\"isPartOf\":{\"@id\":\"https:\/\/www.hometheater.com.br\/portal\/2015\/11\/13\/acustica-para-salas-de-home-theater\/\"},\"author\":{\"name\":\"Revista Home Theater &amp; Casa Digital\",\"@id\":\"https:\/\/www.hometheater.com.br\/portal\/#\/schema\/person\/3b6bd5a9e2a6c4197c7b98dd7a733d22\"},\"headline\":\"Ac\u00fastica para salas de Home Theater\",\"datePublished\":\"2015-11-13T18:23:55+00:00\",\"dateModified\":\"2016-09-14T13:48:46+00:00\",\"mainEntityOfPage\":{\"@id\":\"https:\/\/www.hometheater.com.br\/portal\/2015\/11\/13\/acustica-para-salas-de-home-theater\/\"},\"wordCount\":2250,\"commentCount\":0,\"publisher\":{\"@id\":\"https:\/\/www.hometheater.com.br\/portal\/#organization\"},\"image\":{\"@id\":\"https:\/\/www.hometheater.com.br\/portal\/2015\/11\/13\/acustica-para-salas-de-home-theater\/#primaryimage\"},\"thumbnailUrl\":\"https:\/\/www.hometheater.com.br\/portal\/wp-content\/uploads\/2015\/11\/bass_traps.jpg\",\"articleSection\":[\"TEND\u00caNCIAS\"],\"inLanguage\":\"pt-BR\",\"potentialAction\":[{\"@type\":\"CommentAction\",\"name\":\"Comment\",\"target\":[\"https:\/\/www.hometheater.com.br\/portal\/2015\/11\/13\/acustica-para-salas-de-home-theater\/#respond\"]}]},{\"@type\":\"WebPage\",\"@id\":\"https:\/\/www.hometheater.com.br\/portal\/2015\/11\/13\/acustica-para-salas-de-home-theater\/\",\"url\":\"https:\/\/www.hometheater.com.br\/portal\/2015\/11\/13\/acustica-para-salas-de-home-theater\/\",\"name\":\"Ac\u00fastica para salas de Home Theater - HT &amp; Casa Digital\",\"isPartOf\":{\"@id\":\"https:\/\/www.hometheater.com.br\/portal\/#website\"},\"primaryImageOfPage\":{\"@id\":\"https:\/\/www.hometheater.com.br\/portal\/2015\/11\/13\/acustica-para-salas-de-home-theater\/#primaryimage\"},\"image\":{\"@id\":\"https:\/\/www.hometheater.com.br\/portal\/2015\/11\/13\/acustica-para-salas-de-home-theater\/#primaryimage\"},\"thumbnailUrl\":\"https:\/\/www.hometheater.com.br\/portal\/wp-content\/uploads\/2015\/11\/bass_traps.jpg\",\"datePublished\":\"2015-11-13T18:23:55+00:00\",\"dateModified\":\"2016-09-14T13:48:46+00:00\",\"breadcrumb\":{\"@id\":\"https:\/\/www.hometheater.com.br\/portal\/2015\/11\/13\/acustica-para-salas-de-home-theater\/#breadcrumb\"},\"inLanguage\":\"pt-BR\",\"potentialAction\":[{\"@type\":\"ReadAction\",\"target\":[\"https:\/\/www.hometheater.com.br\/portal\/2015\/11\/13\/acustica-para-salas-de-home-theater\/\"]}]},{\"@type\":\"ImageObject\",\"inLanguage\":\"pt-BR\",\"@id\":\"https:\/\/www.hometheater.com.br\/portal\/2015\/11\/13\/acustica-para-salas-de-home-theater\/#primaryimage\",\"url\":\"https:\/\/www.hometheater.com.br\/portal\/wp-content\/uploads\/2015\/11\/bass_traps.jpg\",\"contentUrl\":\"https:\/\/www.hometheater.com.br\/portal\/wp-content\/uploads\/2015\/11\/bass_traps.jpg\",\"width\":350,\"height\":267},{\"@type\":\"BreadcrumbList\",\"@id\":\"https:\/\/www.hometheater.com.br\/portal\/2015\/11\/13\/acustica-para-salas-de-home-theater\/#breadcrumb\",\"itemListElement\":[{\"@type\":\"ListItem\",\"position\":1,\"name\":\"In\u00edcio\",\"item\":\"https:\/\/www.hometheater.com.br\/portal\/\"},{\"@type\":\"ListItem\",\"position\":2,\"name\":\"Ac\u00fastica para salas de Home Theater\"}]},{\"@type\":\"WebSite\",\"@id\":\"https:\/\/www.hometheater.com.br\/portal\/#website\",\"url\":\"https:\/\/www.hometheater.com.br\/portal\/\",\"name\":\"HT &amp; Casa Digital\",\"description\":\"O mundo digital em sua casa\",\"publisher\":{\"@id\":\"https:\/\/www.hometheater.com.br\/portal\/#organization\"},\"potentialAction\":[{\"@type\":\"SearchAction\",\"target\":{\"@type\":\"EntryPoint\",\"urlTemplate\":\"https:\/\/www.hometheater.com.br\/portal\/?s={search_term_string}\"},\"query-input\":{\"@type\":\"PropertyValueSpecification\",\"valueRequired\":true,\"valueName\":\"search_term_string\"}}],\"inLanguage\":\"pt-BR\"},{\"@type\":\"Organization\",\"@id\":\"https:\/\/www.hometheater.com.br\/portal\/#organization\",\"name\":\"Home Theater\",\"url\":\"https:\/\/www.hometheater.com.br\/portal\/\",\"logo\":{\"@type\":\"ImageObject\",\"inLanguage\":\"pt-BR\",\"@id\":\"https:\/\/www.hometheater.com.br\/portal\/#\/schema\/logo\/image\/\",\"url\":\"https:\/\/www.hometheater.com.br\/portal\/wp-content\/uploads\/2022\/06\/assine_ht_01.png\",\"contentUrl\":\"https:\/\/www.hometheater.com.br\/portal\/wp-content\/uploads\/2022\/06\/assine_ht_01.png\",\"width\":800,\"height\":254,\"caption\":\"Home Theater\"},\"image\":{\"@id\":\"https:\/\/www.hometheater.com.br\/portal\/#\/schema\/logo\/image\/\"},\"sameAs\":[\"https:\/\/web.facebook.com\/revistahometheater\",\"https:\/\/x.com\/hometheaterbr\"]},{\"@type\":\"Person\",\"@id\":\"https:\/\/www.hometheater.com.br\/portal\/#\/schema\/person\/3b6bd5a9e2a6c4197c7b98dd7a733d22\",\"name\":\"Revista Home Theater &amp; Casa Digital\",\"image\":{\"@type\":\"ImageObject\",\"inLanguage\":\"pt-BR\",\"@id\":\"https:\/\/www.hometheater.com.br\/portal\/#\/schema\/person\/image\/\",\"url\":\"https:\/\/secure.gravatar.com\/avatar\/fd86f33d841f0f43adcc1665dd80ca740e028af4297e20d3444f9335092a6ee7?s=96&d=mm&r=g\",\"contentUrl\":\"https:\/\/secure.gravatar.com\/avatar\/fd86f33d841f0f43adcc1665dd80ca740e028af4297e20d3444f9335092a6ee7?s=96&d=mm&r=g\",\"caption\":\"Revista Home Theater &amp; Casa Digital\"},\"url\":\"https:\/\/www.hometheater.com.br\/portal\/author\/flavio\/\"}]}<\/script>\n<!-- \/ Yoast SEO plugin. -->","yoast_head_json":{"title":"Ac\u00fastica para salas de Home Theater - HT &amp; Casa Digital","robots":{"index":"index","follow":"follow","max-snippet":"max-snippet:-1","max-image-preview":"max-image-preview:large","max-video-preview":"max-video-preview:-1"},"canonical":"https:\/\/www.hometheater.com.br\/portal\/2015\/11\/13\/acustica-para-salas-de-home-theater\/","og_locale":"pt_BR","og_type":"article","og_title":"Ac\u00fastica para salas de Home Theater - HT &amp; Casa Digital","og_description":"Home Theater tamb\u00e9m \u00e9 uma formula eficaz que permite recriar as condi\u00e7\u00f5es t\u00edpicas de um cinema gen\u00e9rico em nossas casas. Ou deveria. Voc\u00ea sabe que","og_url":"https:\/\/www.hometheater.com.br\/portal\/2015\/11\/13\/acustica-para-salas-de-home-theater\/","og_site_name":"HT &amp; Casa Digital","article_publisher":"https:\/\/web.facebook.com\/revistahometheater","article_published_time":"2015-11-13T18:23:55+00:00","article_modified_time":"2016-09-14T13:48:46+00:00","og_image":[{"width":350,"height":267,"url":"https:\/\/www.hometheater.com.br\/portal\/wp-content\/uploads\/2015\/11\/bass_traps.jpg","type":"image\/jpeg"}],"author":"Revista Home Theater &amp; Casa Digital","twitter_card":"summary_large_image","twitter_creator":"@hometheaterbr","twitter_site":"@hometheaterbr","twitter_misc":{"Escrito por":"Revista Home Theater &amp; Casa Digital","Est. tempo de leitura":"11 minutos"},"schema":{"@context":"https:\/\/schema.org","@graph":[{"@type":"Article","@id":"https:\/\/www.hometheater.com.br\/portal\/2015\/11\/13\/acustica-para-salas-de-home-theater\/#article","isPartOf":{"@id":"https:\/\/www.hometheater.com.br\/portal\/2015\/11\/13\/acustica-para-salas-de-home-theater\/"},"author":{"name":"Revista Home Theater &amp; Casa Digital","@id":"https:\/\/www.hometheater.com.br\/portal\/#\/schema\/person\/3b6bd5a9e2a6c4197c7b98dd7a733d22"},"headline":"Ac\u00fastica para salas de Home Theater","datePublished":"2015-11-13T18:23:55+00:00","dateModified":"2016-09-14T13:48:46+00:00","mainEntityOfPage":{"@id":"https:\/\/www.hometheater.com.br\/portal\/2015\/11\/13\/acustica-para-salas-de-home-theater\/"},"wordCount":2250,"commentCount":0,"publisher":{"@id":"https:\/\/www.hometheater.com.br\/portal\/#organization"},"image":{"@id":"https:\/\/www.hometheater.com.br\/portal\/2015\/11\/13\/acustica-para-salas-de-home-theater\/#primaryimage"},"thumbnailUrl":"https:\/\/www.hometheater.com.br\/portal\/wp-content\/uploads\/2015\/11\/bass_traps.jpg","articleSection":["TEND\u00caNCIAS"],"inLanguage":"pt-BR","potentialAction":[{"@type":"CommentAction","name":"Comment","target":["https:\/\/www.hometheater.com.br\/portal\/2015\/11\/13\/acustica-para-salas-de-home-theater\/#respond"]}]},{"@type":"WebPage","@id":"https:\/\/www.hometheater.com.br\/portal\/2015\/11\/13\/acustica-para-salas-de-home-theater\/","url":"https:\/\/www.hometheater.com.br\/portal\/2015\/11\/13\/acustica-para-salas-de-home-theater\/","name":"Ac\u00fastica para salas de Home Theater - HT &amp; Casa Digital","isPartOf":{"@id":"https:\/\/www.hometheater.com.br\/portal\/#website"},"primaryImageOfPage":{"@id":"https:\/\/www.hometheater.com.br\/portal\/2015\/11\/13\/acustica-para-salas-de-home-theater\/#primaryimage"},"image":{"@id":"https:\/\/www.hometheater.com.br\/portal\/2015\/11\/13\/acustica-para-salas-de-home-theater\/#primaryimage"},"thumbnailUrl":"https:\/\/www.hometheater.com.br\/portal\/wp-content\/uploads\/2015\/11\/bass_traps.jpg","datePublished":"2015-11-13T18:23:55+00:00","dateModified":"2016-09-14T13:48:46+00:00","breadcrumb":{"@id":"https:\/\/www.hometheater.com.br\/portal\/2015\/11\/13\/acustica-para-salas-de-home-theater\/#breadcrumb"},"inLanguage":"pt-BR","potentialAction":[{"@type":"ReadAction","target":["https:\/\/www.hometheater.com.br\/portal\/2015\/11\/13\/acustica-para-salas-de-home-theater\/"]}]},{"@type":"ImageObject","inLanguage":"pt-BR","@id":"https:\/\/www.hometheater.com.br\/portal\/2015\/11\/13\/acustica-para-salas-de-home-theater\/#primaryimage","url":"https:\/\/www.hometheater.com.br\/portal\/wp-content\/uploads\/2015\/11\/bass_traps.jpg","contentUrl":"https:\/\/www.hometheater.com.br\/portal\/wp-content\/uploads\/2015\/11\/bass_traps.jpg","width":350,"height":267},{"@type":"BreadcrumbList","@id":"https:\/\/www.hometheater.com.br\/portal\/2015\/11\/13\/acustica-para-salas-de-home-theater\/#breadcrumb","itemListElement":[{"@type":"ListItem","position":1,"name":"In\u00edcio","item":"https:\/\/www.hometheater.com.br\/portal\/"},{"@type":"ListItem","position":2,"name":"Ac\u00fastica para salas de Home Theater"}]},{"@type":"WebSite","@id":"https:\/\/www.hometheater.com.br\/portal\/#website","url":"https:\/\/www.hometheater.com.br\/portal\/","name":"HT &amp; Casa Digital","description":"O mundo digital em sua casa","publisher":{"@id":"https:\/\/www.hometheater.com.br\/portal\/#organization"},"potentialAction":[{"@type":"SearchAction","target":{"@type":"EntryPoint","urlTemplate":"https:\/\/www.hometheater.com.br\/portal\/?s={search_term_string}"},"query-input":{"@type":"PropertyValueSpecification","valueRequired":true,"valueName":"search_term_string"}}],"inLanguage":"pt-BR"},{"@type":"Organization","@id":"https:\/\/www.hometheater.com.br\/portal\/#organization","name":"Home Theater","url":"https:\/\/www.hometheater.com.br\/portal\/","logo":{"@type":"ImageObject","inLanguage":"pt-BR","@id":"https:\/\/www.hometheater.com.br\/portal\/#\/schema\/logo\/image\/","url":"https:\/\/www.hometheater.com.br\/portal\/wp-content\/uploads\/2022\/06\/assine_ht_01.png","contentUrl":"https:\/\/www.hometheater.com.br\/portal\/wp-content\/uploads\/2022\/06\/assine_ht_01.png","width":800,"height":254,"caption":"Home Theater"},"image":{"@id":"https:\/\/www.hometheater.com.br\/portal\/#\/schema\/logo\/image\/"},"sameAs":["https:\/\/web.facebook.com\/revistahometheater","https:\/\/x.com\/hometheaterbr"]},{"@type":"Person","@id":"https:\/\/www.hometheater.com.br\/portal\/#\/schema\/person\/3b6bd5a9e2a6c4197c7b98dd7a733d22","name":"Revista Home Theater &amp; Casa Digital","image":{"@type":"ImageObject","inLanguage":"pt-BR","@id":"https:\/\/www.hometheater.com.br\/portal\/#\/schema\/person\/image\/","url":"https:\/\/secure.gravatar.com\/avatar\/fd86f33d841f0f43adcc1665dd80ca740e028af4297e20d3444f9335092a6ee7?s=96&d=mm&r=g","contentUrl":"https:\/\/secure.gravatar.com\/avatar\/fd86f33d841f0f43adcc1665dd80ca740e028af4297e20d3444f9335092a6ee7?s=96&d=mm&r=g","caption":"Revista Home Theater &amp; Casa Digital"},"url":"https:\/\/www.hometheater.com.br\/portal\/author\/flavio\/"}]}},"_links":{"self":[{"href":"https:\/\/www.hometheater.com.br\/portal\/wp-json\/wp\/v2\/posts\/493","targetHints":{"allow":["GET"]}}],"collection":[{"href":"https:\/\/www.hometheater.com.br\/portal\/wp-json\/wp\/v2\/posts"}],"about":[{"href":"https:\/\/www.hometheater.com.br\/portal\/wp-json\/wp\/v2\/types\/post"}],"author":[{"embeddable":true,"href":"https:\/\/www.hometheater.com.br\/portal\/wp-json\/wp\/v2\/users\/1"}],"replies":[{"embeddable":true,"href":"https:\/\/www.hometheater.com.br\/portal\/wp-json\/wp\/v2\/comments?post=493"}],"version-history":[{"count":0,"href":"https:\/\/www.hometheater.com.br\/portal\/wp-json\/wp\/v2\/posts\/493\/revisions"}],"wp:featuredmedia":[{"embeddable":true,"href":"https:\/\/www.hometheater.com.br\/portal\/wp-json\/wp\/v2\/media\/494"}],"wp:attachment":[{"href":"https:\/\/www.hometheater.com.br\/portal\/wp-json\/wp\/v2\/media?parent=493"}],"wp:term":[{"taxonomy":"category","embeddable":true,"href":"https:\/\/www.hometheater.com.br\/portal\/wp-json\/wp\/v2\/categories?post=493"},{"taxonomy":"post_tag","embeddable":true,"href":"https:\/\/www.hometheater.com.br\/portal\/wp-json\/wp\/v2\/tags?post=493"}],"curies":[{"name":"wp","href":"https:\/\/api.w.org\/{rel}","templated":true}]}}