{"id":4287,"date":"2018-02-23T14:10:08","date_gmt":"2018-02-23T14:10:08","guid":{"rendered":"http:\/\/revistahometheater.uol.com.br\/portal\/?p=4287"},"modified":"2018-02-23T14:39:32","modified_gmt":"2018-02-23T14:39:32","slug":"com-acabamento-e-materiais-nobres-focal-lanca-caixa-kanta-no-2","status":"publish","type":"post","link":"https:\/\/www.hometheater.com.br\/portal\/2018\/02\/23\/com-acabamento-e-materiais-nobres-focal-lanca-caixa-kanta-no-2\/","title":{"rendered":"Com acabamento e materiais nobres, Focal lan\u00e7a a caixa Kanta No 2"},"content":{"rendered":"<p><img loading=\"lazy\" decoding=\"async\" class=\"aligncenter size-full wp-image-4288\" src=\"http:\/\/revistahometheater.uol.com.br\/portal\/wp-content\/uploads\/2018\/02\/focal_kanta2.jpg\" alt=\"\" width=\"800\" height=\"530\" srcset=\"https:\/\/www.hometheater.com.br\/portal\/wp-content\/uploads\/2018\/02\/focal_kanta2.jpg 800w, https:\/\/www.hometheater.com.br\/portal\/wp-content\/uploads\/2018\/02\/focal_kanta2-400x265.jpg 400w, https:\/\/www.hometheater.com.br\/portal\/wp-content\/uploads\/2018\/02\/focal_kanta2-500x331.jpg 500w, https:\/\/www.hometheater.com.br\/portal\/wp-content\/uploads\/2018\/02\/focal_kanta2-300x199.jpg 300w, https:\/\/www.hometheater.com.br\/portal\/wp-content\/uploads\/2018\/02\/focal_kanta2-768x509.jpg 768w, https:\/\/www.hometheater.com.br\/portal\/wp-content\/uploads\/2018\/02\/focal_kanta2-210x140.jpg 210w, https:\/\/www.hometheater.com.br\/portal\/wp-content\/uploads\/2018\/02\/focal_kanta2-50x33.jpg 50w\" sizes=\"auto, (max-width: 800px) 100vw, 800px\" \/><\/p>\n<p>Est\u00e1 chegando ao Brasil a s\u00e9rie<strong> <a href=\"https:\/\/www.focal.com\/en\/home-audio\/high-fidelity-speakers\/kanta\/kanta-no2\">Kanta<\/a><\/strong>, da <strong><a href=\"http:\/\/revistahometheater.uol.com.br\/portal\/2015\/09\/28\/chega-ao-brasil-nova-linha-de-caixas-high-end-da-focal\/\">Focal<\/a><\/strong>, que, ap\u00f3s tr\u00eas anos de pesquisas, foi concebida a partir do casamento de materiais nobres utilizados em outras s\u00e9ries high-end da marca francesa. \u00c9 o caso do tweeter domo invertido em ber\u00edlio, de 1\u201d, capaz de se estender a 40kHz (+\/-3dB), segundo o fabricante. Esse driver, em sua terceira gera\u00e7\u00e3o, une at\u00e9 tr\u00eas tecnologias (adquira a <strong><a href=\"http:\/\/revistahometheater.uol.com.br\/portal\/2018\/01\/10\/edicao-260-janeiro2018\/\">edi\u00e7\u00e3o 260<\/a><\/strong> e saiba mais detalhes), cujo objetivo \u00e9 reduzir distor\u00e7\u00e3o.<\/p>\n<p><img loading=\"lazy\" decoding=\"async\" class=\"alignright size-full wp-image-4292\" src=\"http:\/\/revistahometheater.uol.com.br\/portal\/wp-content\/uploads\/2018\/02\/focal_2_lateral.jpg\" alt=\"\" width=\"180\" height=\"427\" srcset=\"https:\/\/www.hometheater.com.br\/portal\/wp-content\/uploads\/2018\/02\/focal_2_lateral.jpg 180w, https:\/\/www.hometheater.com.br\/portal\/wp-content\/uploads\/2018\/02\/focal_2_lateral-126x300.jpg 126w, https:\/\/www.hometheater.com.br\/portal\/wp-content\/uploads\/2018\/02\/focal_2_lateral-21x50.jpg 21w\" sizes=\"auto, (max-width: 180px) 100vw, 180px\" \/>Os falantes de 6,5\u201d contam com o tamb\u00e9m patenteado FLAX cone, membrana de linho desenhada em forma de sandu\u00edche em camadas de fibra de vidro, que atende requisitos de baixa massa, rigidez e amortecimento, visando clareza e precis\u00e3o sonora. O midrange usa ainda uma suspens\u00e3o especial, que evita deforma\u00e7\u00f5es no cone sem comprometer a din\u00e2mica.<\/p><div class=\"homet-conteudo\" style=\"text-align: center;\" id=\"homet-1258744226\"><div data-cfpa=\"35734\" data-cfpw=\"35734\" id=\"homet-1460808961\"><a data-no-instant=\"1\" href=\"https:\/\/www.harmanluxuryaudio.com\/\" rel=\"noopener\" class=\"a2t-link\" aria-label=\"ARCAM-SA45-BANNER-NEWSLETTER\"><img loading=\"lazy\" decoding=\"async\" src=\"https:\/\/www.hometheater.com.br\/portal\/wp-content\/uploads\/2025\/09\/ARCAM-SA45-BANNER-NEWSLETTER.gif\" alt=\"\"  class=\"no-lazyload\" width=\"300\" height=\"250\"   \/><\/a><\/div><h6><span style=\"color: #808080;\"><em>Publicidade<\/em><\/span><\/h6>\r\n<\/br><script type=\"text\/javascript\">;new advadsCfpAd( 35734 );<\/script><\/div>\n<p>Todos os woofers s\u00e3o projetados com um circuito dedicado a estabilizar o campo magn\u00e9tico e controlar melhor os graves. Com aberturas de ar frontal e traseira, o gabinete em madeira traz baffle em pol\u00edmero 70% mais denso do que o MDF e 15% mais r\u00edgido que defletores convencionais, para evitar difra\u00e7\u00e3o. O acabamento refinado, com topo de vidro e tela magn\u00e9tica, tamb\u00e9m se destaca.<\/p>\n<p>A torre N<sup>o<\/sup> 2, de 126cm, que aceita amplifica\u00e7\u00e3o de 40 a 300W, est\u00e1 dispon\u00edvel em at\u00e9 oito combina\u00e7\u00f5es: com capa traseira em preto laqueado e painel brilhante nas cores branco carrara, azul, amarelo e preto; ou capa traseira folheada em madeira natural com frente em marfim, marrom acinzentado, azul e cinza escuro. A Focal Kanta \u00e9 produzida na Fran\u00e7a e distribu\u00edda no Brasil pela<strong> <a href=\"http:\/\/www.audiogene.com.br\">Audiogene<\/a>.<\/strong><\/p>\n<p><strong>Fontes:<\/strong> revista HOME THEATER &amp; CASA DIGITAL \/ <strong><a href=\"http:\/\/www.focal.com\">Focal<\/a><\/strong><\/p>\n","protected":false},"excerpt":{"rendered":"<p>Est\u00e1 chegando ao Brasil a s\u00e9rie Kanta, da Focal, que, ap\u00f3s tr\u00eas anos de pesquisas, foi concebida a partir do casamento de materiais nobres utilizados<\/p>\n","protected":false},"author":1,"featured_media":4288,"comment_status":"open","ping_status":"open","sticky":false,"template":"","format":"standard","meta":{"footnotes":""},"categories":[4],"tags":[],"class_list":["post-4287","post","type-post","status-publish","format-standard","has-post-thumbnail","hentry","category-noticias"],"yoast_head":"<!-- This site is optimized with the Yoast SEO plugin v25.7 - https:\/\/yoast.com\/wordpress\/plugins\/seo\/ -->\n<title>Com acabamento e materiais nobres, Focal lan\u00e7a a caixa Kanta No 2 - HT &amp; Casa Digital<\/title>\n<meta name=\"robots\" content=\"index, follow, max-snippet:-1, max-image-preview:large, max-video-preview:-1\" \/>\n<link rel=\"canonical\" href=\"https:\/\/www.hometheater.com.br\/portal\/2018\/02\/23\/com-acabamento-e-materiais-nobres-focal-lanca-caixa-kanta-no-2\/\" \/>\n<meta property=\"og:locale\" content=\"pt_BR\" \/>\n<meta property=\"og:type\" content=\"article\" \/>\n<meta property=\"og:title\" content=\"Com acabamento e materiais nobres, Focal lan\u00e7a a caixa Kanta No 2 - HT &amp; Casa Digital\" \/>\n<meta property=\"og:description\" content=\"Est\u00e1 chegando ao Brasil a s\u00e9rie Kanta, da Focal, que, ap\u00f3s tr\u00eas anos de pesquisas, foi concebida a partir do casamento de materiais nobres utilizados\" \/>\n<meta property=\"og:url\" content=\"https:\/\/www.hometheater.com.br\/portal\/2018\/02\/23\/com-acabamento-e-materiais-nobres-focal-lanca-caixa-kanta-no-2\/\" \/>\n<meta property=\"og:site_name\" content=\"HT &amp; Casa Digital\" \/>\n<meta property=\"article:publisher\" content=\"https:\/\/web.facebook.com\/revistahometheater\" \/>\n<meta property=\"article:published_time\" content=\"2018-02-23T14:10:08+00:00\" \/>\n<meta property=\"article:modified_time\" content=\"2018-02-23T14:39:32+00:00\" \/>\n<meta property=\"og:image\" content=\"https:\/\/www.hometheater.com.br\/portal\/wp-content\/uploads\/2018\/02\/focal_kanta2.jpg\" \/>\n\t<meta property=\"og:image:width\" content=\"800\" \/>\n\t<meta property=\"og:image:height\" content=\"530\" \/>\n\t<meta property=\"og:image:type\" content=\"image\/jpeg\" \/>\n<meta name=\"author\" content=\"Revista Home Theater &amp; Casa Digital\" \/>\n<meta name=\"twitter:card\" content=\"summary_large_image\" \/>\n<meta name=\"twitter:creator\" content=\"@hometheaterbr\" \/>\n<meta name=\"twitter:site\" content=\"@hometheaterbr\" \/>\n<meta name=\"twitter:label1\" content=\"Escrito por\" \/>\n\t<meta name=\"twitter:data1\" content=\"Revista Home Theater &amp; Casa Digital\" \/>\n\t<meta name=\"twitter:label2\" content=\"Est. tempo de leitura\" \/>\n\t<meta name=\"twitter:data2\" content=\"1 minuto\" \/>\n<script type=\"application\/ld+json\" class=\"yoast-schema-graph\">{\"@context\":\"https:\/\/schema.org\",\"@graph\":[{\"@type\":\"Article\",\"@id\":\"https:\/\/www.hometheater.com.br\/portal\/2018\/02\/23\/com-acabamento-e-materiais-nobres-focal-lanca-caixa-kanta-no-2\/#article\",\"isPartOf\":{\"@id\":\"https:\/\/www.hometheater.com.br\/portal\/2018\/02\/23\/com-acabamento-e-materiais-nobres-focal-lanca-caixa-kanta-no-2\/\"},\"author\":{\"name\":\"Revista Home Theater &amp; Casa Digital\",\"@id\":\"https:\/\/www.hometheater.com.br\/portal\/#\/schema\/person\/3b6bd5a9e2a6c4197c7b98dd7a733d22\"},\"headline\":\"Com acabamento e materiais nobres, Focal lan\u00e7a a caixa Kanta No 2\",\"datePublished\":\"2018-02-23T14:10:08+00:00\",\"dateModified\":\"2018-02-23T14:39:32+00:00\",\"mainEntityOfPage\":{\"@id\":\"https:\/\/www.hometheater.com.br\/portal\/2018\/02\/23\/com-acabamento-e-materiais-nobres-focal-lanca-caixa-kanta-no-2\/\"},\"wordCount\":299,\"commentCount\":0,\"publisher\":{\"@id\":\"https:\/\/www.hometheater.com.br\/portal\/#organization\"},\"image\":{\"@id\":\"https:\/\/www.hometheater.com.br\/portal\/2018\/02\/23\/com-acabamento-e-materiais-nobres-focal-lanca-caixa-kanta-no-2\/#primaryimage\"},\"thumbnailUrl\":\"https:\/\/www.hometheater.com.br\/portal\/wp-content\/uploads\/2018\/02\/focal_kanta2.jpg\",\"articleSection\":[\"NOT\u00cdCIAS\"],\"inLanguage\":\"pt-BR\",\"potentialAction\":[{\"@type\":\"CommentAction\",\"name\":\"Comment\",\"target\":[\"https:\/\/www.hometheater.com.br\/portal\/2018\/02\/23\/com-acabamento-e-materiais-nobres-focal-lanca-caixa-kanta-no-2\/#respond\"]}]},{\"@type\":\"WebPage\",\"@id\":\"https:\/\/www.hometheater.com.br\/portal\/2018\/02\/23\/com-acabamento-e-materiais-nobres-focal-lanca-caixa-kanta-no-2\/\",\"url\":\"https:\/\/www.hometheater.com.br\/portal\/2018\/02\/23\/com-acabamento-e-materiais-nobres-focal-lanca-caixa-kanta-no-2\/\",\"name\":\"Com acabamento e materiais nobres, Focal lan\u00e7a a caixa Kanta No 2 - HT &amp; Casa Digital\",\"isPartOf\":{\"@id\":\"https:\/\/www.hometheater.com.br\/portal\/#website\"},\"primaryImageOfPage\":{\"@id\":\"https:\/\/www.hometheater.com.br\/portal\/2018\/02\/23\/com-acabamento-e-materiais-nobres-focal-lanca-caixa-kanta-no-2\/#primaryimage\"},\"image\":{\"@id\":\"https:\/\/www.hometheater.com.br\/portal\/2018\/02\/23\/com-acabamento-e-materiais-nobres-focal-lanca-caixa-kanta-no-2\/#primaryimage\"},\"thumbnailUrl\":\"https:\/\/www.hometheater.com.br\/portal\/wp-content\/uploads\/2018\/02\/focal_kanta2.jpg\",\"datePublished\":\"2018-02-23T14:10:08+00:00\",\"dateModified\":\"2018-02-23T14:39:32+00:00\",\"breadcrumb\":{\"@id\":\"https:\/\/www.hometheater.com.br\/portal\/2018\/02\/23\/com-acabamento-e-materiais-nobres-focal-lanca-caixa-kanta-no-2\/#breadcrumb\"},\"inLanguage\":\"pt-BR\",\"potentialAction\":[{\"@type\":\"ReadAction\",\"target\":[\"https:\/\/www.hometheater.com.br\/portal\/2018\/02\/23\/com-acabamento-e-materiais-nobres-focal-lanca-caixa-kanta-no-2\/\"]}]},{\"@type\":\"ImageObject\",\"inLanguage\":\"pt-BR\",\"@id\":\"https:\/\/www.hometheater.com.br\/portal\/2018\/02\/23\/com-acabamento-e-materiais-nobres-focal-lanca-caixa-kanta-no-2\/#primaryimage\",\"url\":\"https:\/\/www.hometheater.com.br\/portal\/wp-content\/uploads\/2018\/02\/focal_kanta2.jpg\",\"contentUrl\":\"https:\/\/www.hometheater.com.br\/portal\/wp-content\/uploads\/2018\/02\/focal_kanta2.jpg\",\"width\":800,\"height\":530},{\"@type\":\"BreadcrumbList\",\"@id\":\"https:\/\/www.hometheater.com.br\/portal\/2018\/02\/23\/com-acabamento-e-materiais-nobres-focal-lanca-caixa-kanta-no-2\/#breadcrumb\",\"itemListElement\":[{\"@type\":\"ListItem\",\"position\":1,\"name\":\"In\u00edcio\",\"item\":\"https:\/\/www.hometheater.com.br\/portal\/\"},{\"@type\":\"ListItem\",\"position\":2,\"name\":\"Com acabamento e materiais nobres, Focal lan\u00e7a a caixa Kanta No 2\"}]},{\"@type\":\"WebSite\",\"@id\":\"https:\/\/www.hometheater.com.br\/portal\/#website\",\"url\":\"https:\/\/www.hometheater.com.br\/portal\/\",\"name\":\"HT &amp; Casa Digital\",\"description\":\"O mundo digital em sua casa\",\"publisher\":{\"@id\":\"https:\/\/www.hometheater.com.br\/portal\/#organization\"},\"potentialAction\":[{\"@type\":\"SearchAction\",\"target\":{\"@type\":\"EntryPoint\",\"urlTemplate\":\"https:\/\/www.hometheater.com.br\/portal\/?s={search_term_string}\"},\"query-input\":{\"@type\":\"PropertyValueSpecification\",\"valueRequired\":true,\"valueName\":\"search_term_string\"}}],\"inLanguage\":\"pt-BR\"},{\"@type\":\"Organization\",\"@id\":\"https:\/\/www.hometheater.com.br\/portal\/#organization\",\"name\":\"Home Theater\",\"url\":\"https:\/\/www.hometheater.com.br\/portal\/\",\"logo\":{\"@type\":\"ImageObject\",\"inLanguage\":\"pt-BR\",\"@id\":\"https:\/\/www.hometheater.com.br\/portal\/#\/schema\/logo\/image\/\",\"url\":\"https:\/\/www.hometheater.com.br\/portal\/wp-content\/uploads\/2022\/06\/assine_ht_01.png\",\"contentUrl\":\"https:\/\/www.hometheater.com.br\/portal\/wp-content\/uploads\/2022\/06\/assine_ht_01.png\",\"width\":800,\"height\":254,\"caption\":\"Home Theater\"},\"image\":{\"@id\":\"https:\/\/www.hometheater.com.br\/portal\/#\/schema\/logo\/image\/\"},\"sameAs\":[\"https:\/\/web.facebook.com\/revistahometheater\",\"https:\/\/x.com\/hometheaterbr\"]},{\"@type\":\"Person\",\"@id\":\"https:\/\/www.hometheater.com.br\/portal\/#\/schema\/person\/3b6bd5a9e2a6c4197c7b98dd7a733d22\",\"name\":\"Revista Home Theater &amp; Casa Digital\",\"image\":{\"@type\":\"ImageObject\",\"inLanguage\":\"pt-BR\",\"@id\":\"https:\/\/www.hometheater.com.br\/portal\/#\/schema\/person\/image\/\",\"url\":\"https:\/\/secure.gravatar.com\/avatar\/fd86f33d841f0f43adcc1665dd80ca740e028af4297e20d3444f9335092a6ee7?s=96&d=mm&r=g\",\"contentUrl\":\"https:\/\/secure.gravatar.com\/avatar\/fd86f33d841f0f43adcc1665dd80ca740e028af4297e20d3444f9335092a6ee7?s=96&d=mm&r=g\",\"caption\":\"Revista Home Theater &amp; Casa Digital\"},\"url\":\"https:\/\/www.hometheater.com.br\/portal\/author\/flavio\/\"}]}<\/script>\n<!-- \/ Yoast SEO plugin. -->","yoast_head_json":{"title":"Com acabamento e materiais nobres, Focal lan\u00e7a a caixa Kanta No 2 - HT &amp; Casa Digital","robots":{"index":"index","follow":"follow","max-snippet":"max-snippet:-1","max-image-preview":"max-image-preview:large","max-video-preview":"max-video-preview:-1"},"canonical":"https:\/\/www.hometheater.com.br\/portal\/2018\/02\/23\/com-acabamento-e-materiais-nobres-focal-lanca-caixa-kanta-no-2\/","og_locale":"pt_BR","og_type":"article","og_title":"Com acabamento e materiais nobres, Focal lan\u00e7a a caixa Kanta No 2 - HT &amp; Casa Digital","og_description":"Est\u00e1 chegando ao Brasil a s\u00e9rie Kanta, da Focal, que, ap\u00f3s tr\u00eas anos de pesquisas, foi concebida a partir do casamento de materiais nobres utilizados","og_url":"https:\/\/www.hometheater.com.br\/portal\/2018\/02\/23\/com-acabamento-e-materiais-nobres-focal-lanca-caixa-kanta-no-2\/","og_site_name":"HT &amp; Casa Digital","article_publisher":"https:\/\/web.facebook.com\/revistahometheater","article_published_time":"2018-02-23T14:10:08+00:00","article_modified_time":"2018-02-23T14:39:32+00:00","og_image":[{"width":800,"height":530,"url":"https:\/\/www.hometheater.com.br\/portal\/wp-content\/uploads\/2018\/02\/focal_kanta2.jpg","type":"image\/jpeg"}],"author":"Revista Home Theater &amp; Casa Digital","twitter_card":"summary_large_image","twitter_creator":"@hometheaterbr","twitter_site":"@hometheaterbr","twitter_misc":{"Escrito por":"Revista Home Theater &amp; Casa Digital","Est. tempo de leitura":"1 minuto"},"schema":{"@context":"https:\/\/schema.org","@graph":[{"@type":"Article","@id":"https:\/\/www.hometheater.com.br\/portal\/2018\/02\/23\/com-acabamento-e-materiais-nobres-focal-lanca-caixa-kanta-no-2\/#article","isPartOf":{"@id":"https:\/\/www.hometheater.com.br\/portal\/2018\/02\/23\/com-acabamento-e-materiais-nobres-focal-lanca-caixa-kanta-no-2\/"},"author":{"name":"Revista Home Theater &amp; Casa Digital","@id":"https:\/\/www.hometheater.com.br\/portal\/#\/schema\/person\/3b6bd5a9e2a6c4197c7b98dd7a733d22"},"headline":"Com acabamento e materiais nobres, Focal lan\u00e7a a caixa Kanta No 2","datePublished":"2018-02-23T14:10:08+00:00","dateModified":"2018-02-23T14:39:32+00:00","mainEntityOfPage":{"@id":"https:\/\/www.hometheater.com.br\/portal\/2018\/02\/23\/com-acabamento-e-materiais-nobres-focal-lanca-caixa-kanta-no-2\/"},"wordCount":299,"commentCount":0,"publisher":{"@id":"https:\/\/www.hometheater.com.br\/portal\/#organization"},"image":{"@id":"https:\/\/www.hometheater.com.br\/portal\/2018\/02\/23\/com-acabamento-e-materiais-nobres-focal-lanca-caixa-kanta-no-2\/#primaryimage"},"thumbnailUrl":"https:\/\/www.hometheater.com.br\/portal\/wp-content\/uploads\/2018\/02\/focal_kanta2.jpg","articleSection":["NOT\u00cdCIAS"],"inLanguage":"pt-BR","potentialAction":[{"@type":"CommentAction","name":"Comment","target":["https:\/\/www.hometheater.com.br\/portal\/2018\/02\/23\/com-acabamento-e-materiais-nobres-focal-lanca-caixa-kanta-no-2\/#respond"]}]},{"@type":"WebPage","@id":"https:\/\/www.hometheater.com.br\/portal\/2018\/02\/23\/com-acabamento-e-materiais-nobres-focal-lanca-caixa-kanta-no-2\/","url":"https:\/\/www.hometheater.com.br\/portal\/2018\/02\/23\/com-acabamento-e-materiais-nobres-focal-lanca-caixa-kanta-no-2\/","name":"Com acabamento e materiais nobres, Focal lan\u00e7a a caixa Kanta No 2 - HT &amp; Casa Digital","isPartOf":{"@id":"https:\/\/www.hometheater.com.br\/portal\/#website"},"primaryImageOfPage":{"@id":"https:\/\/www.hometheater.com.br\/portal\/2018\/02\/23\/com-acabamento-e-materiais-nobres-focal-lanca-caixa-kanta-no-2\/#primaryimage"},"image":{"@id":"https:\/\/www.hometheater.com.br\/portal\/2018\/02\/23\/com-acabamento-e-materiais-nobres-focal-lanca-caixa-kanta-no-2\/#primaryimage"},"thumbnailUrl":"https:\/\/www.hometheater.com.br\/portal\/wp-content\/uploads\/2018\/02\/focal_kanta2.jpg","datePublished":"2018-02-23T14:10:08+00:00","dateModified":"2018-02-23T14:39:32+00:00","breadcrumb":{"@id":"https:\/\/www.hometheater.com.br\/portal\/2018\/02\/23\/com-acabamento-e-materiais-nobres-focal-lanca-caixa-kanta-no-2\/#breadcrumb"},"inLanguage":"pt-BR","potentialAction":[{"@type":"ReadAction","target":["https:\/\/www.hometheater.com.br\/portal\/2018\/02\/23\/com-acabamento-e-materiais-nobres-focal-lanca-caixa-kanta-no-2\/"]}]},{"@type":"ImageObject","inLanguage":"pt-BR","@id":"https:\/\/www.hometheater.com.br\/portal\/2018\/02\/23\/com-acabamento-e-materiais-nobres-focal-lanca-caixa-kanta-no-2\/#primaryimage","url":"https:\/\/www.hometheater.com.br\/portal\/wp-content\/uploads\/2018\/02\/focal_kanta2.jpg","contentUrl":"https:\/\/www.hometheater.com.br\/portal\/wp-content\/uploads\/2018\/02\/focal_kanta2.jpg","width":800,"height":530},{"@type":"BreadcrumbList","@id":"https:\/\/www.hometheater.com.br\/portal\/2018\/02\/23\/com-acabamento-e-materiais-nobres-focal-lanca-caixa-kanta-no-2\/#breadcrumb","itemListElement":[{"@type":"ListItem","position":1,"name":"In\u00edcio","item":"https:\/\/www.hometheater.com.br\/portal\/"},{"@type":"ListItem","position":2,"name":"Com acabamento e materiais nobres, Focal lan\u00e7a a caixa Kanta No 2"}]},{"@type":"WebSite","@id":"https:\/\/www.hometheater.com.br\/portal\/#website","url":"https:\/\/www.hometheater.com.br\/portal\/","name":"HT &amp; Casa Digital","description":"O mundo digital em sua casa","publisher":{"@id":"https:\/\/www.hometheater.com.br\/portal\/#organization"},"potentialAction":[{"@type":"SearchAction","target":{"@type":"EntryPoint","urlTemplate":"https:\/\/www.hometheater.com.br\/portal\/?s={search_term_string}"},"query-input":{"@type":"PropertyValueSpecification","valueRequired":true,"valueName":"search_term_string"}}],"inLanguage":"pt-BR"},{"@type":"Organization","@id":"https:\/\/www.hometheater.com.br\/portal\/#organization","name":"Home Theater","url":"https:\/\/www.hometheater.com.br\/portal\/","logo":{"@type":"ImageObject","inLanguage":"pt-BR","@id":"https:\/\/www.hometheater.com.br\/portal\/#\/schema\/logo\/image\/","url":"https:\/\/www.hometheater.com.br\/portal\/wp-content\/uploads\/2022\/06\/assine_ht_01.png","contentUrl":"https:\/\/www.hometheater.com.br\/portal\/wp-content\/uploads\/2022\/06\/assine_ht_01.png","width":800,"height":254,"caption":"Home Theater"},"image":{"@id":"https:\/\/www.hometheater.com.br\/portal\/#\/schema\/logo\/image\/"},"sameAs":["https:\/\/web.facebook.com\/revistahometheater","https:\/\/x.com\/hometheaterbr"]},{"@type":"Person","@id":"https:\/\/www.hometheater.com.br\/portal\/#\/schema\/person\/3b6bd5a9e2a6c4197c7b98dd7a733d22","name":"Revista Home Theater &amp; Casa Digital","image":{"@type":"ImageObject","inLanguage":"pt-BR","@id":"https:\/\/www.hometheater.com.br\/portal\/#\/schema\/person\/image\/","url":"https:\/\/secure.gravatar.com\/avatar\/fd86f33d841f0f43adcc1665dd80ca740e028af4297e20d3444f9335092a6ee7?s=96&d=mm&r=g","contentUrl":"https:\/\/secure.gravatar.com\/avatar\/fd86f33d841f0f43adcc1665dd80ca740e028af4297e20d3444f9335092a6ee7?s=96&d=mm&r=g","caption":"Revista Home Theater &amp; Casa Digital"},"url":"https:\/\/www.hometheater.com.br\/portal\/author\/flavio\/"}]}},"_links":{"self":[{"href":"https:\/\/www.hometheater.com.br\/portal\/wp-json\/wp\/v2\/posts\/4287","targetHints":{"allow":["GET"]}}],"collection":[{"href":"https:\/\/www.hometheater.com.br\/portal\/wp-json\/wp\/v2\/posts"}],"about":[{"href":"https:\/\/www.hometheater.com.br\/portal\/wp-json\/wp\/v2\/types\/post"}],"author":[{"embeddable":true,"href":"https:\/\/www.hometheater.com.br\/portal\/wp-json\/wp\/v2\/users\/1"}],"replies":[{"embeddable":true,"href":"https:\/\/www.hometheater.com.br\/portal\/wp-json\/wp\/v2\/comments?post=4287"}],"version-history":[{"count":0,"href":"https:\/\/www.hometheater.com.br\/portal\/wp-json\/wp\/v2\/posts\/4287\/revisions"}],"wp:featuredmedia":[{"embeddable":true,"href":"https:\/\/www.hometheater.com.br\/portal\/wp-json\/wp\/v2\/media\/4288"}],"wp:attachment":[{"href":"https:\/\/www.hometheater.com.br\/portal\/wp-json\/wp\/v2\/media?parent=4287"}],"wp:term":[{"taxonomy":"category","embeddable":true,"href":"https:\/\/www.hometheater.com.br\/portal\/wp-json\/wp\/v2\/categories?post=4287"},{"taxonomy":"post_tag","embeddable":true,"href":"https:\/\/www.hometheater.com.br\/portal\/wp-json\/wp\/v2\/tags?post=4287"}],"curies":[{"name":"wp","href":"https:\/\/api.w.org\/{rel}","templated":true}]}}