{"id":3900,"date":"2018-01-09T22:43:56","date_gmt":"2018-01-09T22:43:56","guid":{"rendered":"http:\/\/revistahometheater.uol.com.br\/portal\/?p=3900"},"modified":"2018-01-10T18:35:27","modified_gmt":"2018-01-10T18:35:27","slug":"tv-qled-da-tcl-exibido-na-ces-chega-ao-brasil-em-breve","status":"publish","type":"post","link":"https:\/\/www.hometheater.com.br\/portal\/2018\/01\/09\/tv-qled-da-tcl-exibido-na-ces-chega-ao-brasil-em-breve\/","title":{"rendered":"TV QLED da TCL, exibido na CES, chega ao Brasil em breve"},"content":{"rendered":"<div align=\"center\"><a href=\"http:\/\/revistahometheater.uol.com.br\/portal\/ces-2018\/\"><img loading=\"lazy\" decoding=\"async\" class=\"aligncenter wp-image-3879 size-full\" src=\"http:\/\/revistahometheater.uol.com.br\/portal\/wp-content\/uploads\/2018\/01\/ces_top.jpg\" alt=\"\" width=\"800\" height=\"235\" border=\"0\" srcset=\"https:\/\/www.hometheater.com.br\/portal\/wp-content\/uploads\/2018\/01\/ces_top.jpg 800w, https:\/\/www.hometheater.com.br\/portal\/wp-content\/uploads\/2018\/01\/ces_top-400x118.jpg 400w, https:\/\/www.hometheater.com.br\/portal\/wp-content\/uploads\/2018\/01\/ces_top-500x147.jpg 500w, https:\/\/www.hometheater.com.br\/portal\/wp-content\/uploads\/2018\/01\/ces_top-300x88.jpg 300w, https:\/\/www.hometheater.com.br\/portal\/wp-content\/uploads\/2018\/01\/ces_top-768x226.jpg 768w, https:\/\/www.hometheater.com.br\/portal\/wp-content\/uploads\/2018\/01\/ces_top-50x15.jpg 50w\" sizes=\"auto, (max-width: 800px) 100vw, 800px\" \/><\/a><\/div>\n<p><img loading=\"lazy\" decoding=\"async\" class=\"aligncenter size-full wp-image-3901\" src=\"http:\/\/revistahometheater.uol.com.br\/portal\/wp-content\/uploads\/2018\/01\/tcl_TV_QLED_X6.jpg\" alt=\"\" width=\"800\" height=\"411\" srcset=\"https:\/\/www.hometheater.com.br\/portal\/wp-content\/uploads\/2018\/01\/tcl_TV_QLED_X6.jpg 800w, https:\/\/www.hometheater.com.br\/portal\/wp-content\/uploads\/2018\/01\/tcl_TV_QLED_X6-400x206.jpg 400w, https:\/\/www.hometheater.com.br\/portal\/wp-content\/uploads\/2018\/01\/tcl_TV_QLED_X6-500x257.jpg 500w, https:\/\/www.hometheater.com.br\/portal\/wp-content\/uploads\/2018\/01\/tcl_TV_QLED_X6-300x154.jpg 300w, https:\/\/www.hometheater.com.br\/portal\/wp-content\/uploads\/2018\/01\/tcl_TV_QLED_X6-768x395.jpg 768w, https:\/\/www.hometheater.com.br\/portal\/wp-content\/uploads\/2018\/01\/tcl_TV_QLED_X6-50x26.jpg 50w\" sizes=\"auto, (max-width: 800px) 100vw, 800px\" \/><\/p>\n<p>Destaque a TCL na CES 2018, o TV QLED X6, de 85 polegadas, chega ao mercado brasileiro ainda no primeiro semestre. O produto foi um dos indicados ao pr\u00eamio Innovations 2018, concedido durante o evento, e tem entre seus diferenciais o painel de pontos qu\u00e2nticos e uma soundbar acoplada com design cil\u00edndrico.<\/p>\n<p>\u201cContinuaremos trazendo para o Brasil os principais lan\u00e7amentos globais da TCL e o que h\u00e1 de mais inovador em tecnologia Smart, como, por exemplo, a QLED X6\u201d, afirmou em Las Vegas o presidente da Semp TCL, Ricardo Freitas. A\u00a0<strong><a href=\"http:\/\/orlandobarrozo.blog.br\/2016\/12\/04\/semp-toshiba-da-lugar-a-semp-tcl\/\" target=\"_blank\" rel=\"noopener\" data-saferedirecturl=\"https:\/\/www.google.com\/url?hl=pt-BR&amp;q=http:\/\/orlandobarrozo.blog.br\/2016\/12\/04\/semp-toshiba-da-lugar-a-semp-tcl\/&amp;source=gmail&amp;ust=1515623861190000&amp;usg=AFQjCNF-QUErUknq-yjREUHu5dudtvEjOA\">joint-venture entre a brasileira Semp e a chinesa TCL<\/a>\u00a0<\/strong>foi a fabricante que mais cresceu no mercado brasileiro de TVs em 2017. A TCL est\u00e1 entre as tr\u00eas maiores produtoras mundiais de displays para TV, e vem expandindo seus neg\u00f3cios tamb\u00e9m no mercado americano.<\/p><div class=\"homet-conteudo\" style=\"text-align: center;\" id=\"homet-4263150133\"><div data-cfpa=\"35734\" data-cfpw=\"35734\" id=\"homet-4221275238\"><a data-no-instant=\"1\" href=\"https:\/\/www.harmanluxuryaudio.com\/\" rel=\"noopener\" class=\"a2t-link\" aria-label=\"ARCAM-SA45-BANNER-NEWSLETTER\"><img loading=\"lazy\" decoding=\"async\" src=\"https:\/\/www.hometheater.com.br\/portal\/wp-content\/uploads\/2025\/09\/ARCAM-SA45-BANNER-NEWSLETTER.gif\" alt=\"\"  class=\"no-lazyload\" width=\"300\" height=\"250\"   \/><\/a><\/div><h6><span style=\"color: #808080;\"><em>Publicidade<\/em><\/span><\/h6>\r\n<\/br><script type=\"text\/javascript\">;new advadsCfpAd( 35734 );<\/script><\/div>\n<p>Al\u00e9m de produzir TVs LED-LCD convencionais, a TCL decidiu se unir \u00e0 Samsung e \u00e0 chinesa HiSense numa alian\u00e7a para desenvolver e promover a tecnologia de pontos qu\u00e2nticos. Outros fabricantes &#8211; como Sony e LG &#8211; tamb\u00e9m utilizam pain\u00e9is similares, mas n\u00e3o adotam a denomina\u00e7\u00e3o\u00a0\u201cQLED\u201d. Pontos qu\u00e2nticos s\u00e3o nanocristais semicondutores com alt\u00edssima sensibilidade \u00e0 luz. Por ora, s\u00e3o os \u00fanicos componentes capazes de se aproximar dos OLEDs (diodos org\u00e2nicos) para exibir todo o espectro de cores com fidelidade.<\/p>\n<p>O modelo X6 (foto), da TCL, que no Brasil ter\u00e1 custo aproximado de R$ 100 mil, \u00e9 compat\u00edvel com imagens 4K e tamb\u00e9m HDR, al\u00e9m de possuir painel de backlight Local Dimming. Vem integrado com soundbar cil\u00edndrica e processador surround de 12 canais, fornecido pela Harman Kardon.<\/p>\n","protected":false},"excerpt":{"rendered":"<p>Destaque a TCL na CES 2018, o TV QLED X6, de 85 polegadas, chega ao mercado brasileiro ainda no primeiro semestre. O produto foi um<\/p>\n","protected":false},"author":1,"featured_media":3901,"comment_status":"open","ping_status":"open","sticky":false,"template":"","format":"standard","meta":{"footnotes":""},"categories":[22,4],"tags":[],"class_list":["post-3900","post","type-post","status-publish","format-standard","has-post-thumbnail","hentry","category-ces-2018","category-noticias"],"yoast_head":"<!-- This site is optimized with the Yoast SEO plugin v25.7 - https:\/\/yoast.com\/wordpress\/plugins\/seo\/ -->\n<title>TV QLED da TCL, exibido na CES, chega ao Brasil em breve - HT &amp; Casa Digital<\/title>\n<meta name=\"robots\" content=\"index, follow, max-snippet:-1, max-image-preview:large, max-video-preview:-1\" \/>\n<link rel=\"canonical\" href=\"https:\/\/www.hometheater.com.br\/portal\/2018\/01\/09\/tv-qled-da-tcl-exibido-na-ces-chega-ao-brasil-em-breve\/\" \/>\n<meta property=\"og:locale\" content=\"pt_BR\" \/>\n<meta property=\"og:type\" content=\"article\" \/>\n<meta property=\"og:title\" content=\"TV QLED da TCL, exibido na CES, chega ao Brasil em breve - HT &amp; Casa Digital\" \/>\n<meta property=\"og:description\" content=\"Destaque a TCL na CES 2018, o TV QLED X6, de 85 polegadas, chega ao mercado brasileiro ainda no primeiro semestre. O produto foi um\" \/>\n<meta property=\"og:url\" content=\"https:\/\/www.hometheater.com.br\/portal\/2018\/01\/09\/tv-qled-da-tcl-exibido-na-ces-chega-ao-brasil-em-breve\/\" \/>\n<meta property=\"og:site_name\" content=\"HT &amp; Casa Digital\" \/>\n<meta property=\"article:publisher\" content=\"https:\/\/web.facebook.com\/revistahometheater\" \/>\n<meta property=\"article:published_time\" content=\"2018-01-09T22:43:56+00:00\" \/>\n<meta property=\"article:modified_time\" content=\"2018-01-10T18:35:27+00:00\" \/>\n<meta property=\"og:image\" content=\"https:\/\/www.hometheater.com.br\/portal\/wp-content\/uploads\/2018\/01\/tcl_TV_QLED_X6.jpg\" \/>\n\t<meta property=\"og:image:width\" content=\"800\" \/>\n\t<meta property=\"og:image:height\" content=\"411\" \/>\n\t<meta property=\"og:image:type\" content=\"image\/jpeg\" \/>\n<meta name=\"author\" content=\"Revista Home Theater &amp; Casa Digital\" \/>\n<meta name=\"twitter:card\" content=\"summary_large_image\" \/>\n<meta name=\"twitter:creator\" content=\"@hometheaterbr\" \/>\n<meta name=\"twitter:site\" content=\"@hometheaterbr\" \/>\n<meta name=\"twitter:label1\" content=\"Escrito por\" \/>\n\t<meta name=\"twitter:data1\" content=\"Revista Home Theater &amp; Casa Digital\" \/>\n\t<meta name=\"twitter:label2\" content=\"Est. tempo de leitura\" \/>\n\t<meta name=\"twitter:data2\" content=\"1 minuto\" \/>\n<script type=\"application\/ld+json\" class=\"yoast-schema-graph\">{\"@context\":\"https:\/\/schema.org\",\"@graph\":[{\"@type\":\"Article\",\"@id\":\"https:\/\/www.hometheater.com.br\/portal\/2018\/01\/09\/tv-qled-da-tcl-exibido-na-ces-chega-ao-brasil-em-breve\/#article\",\"isPartOf\":{\"@id\":\"https:\/\/www.hometheater.com.br\/portal\/2018\/01\/09\/tv-qled-da-tcl-exibido-na-ces-chega-ao-brasil-em-breve\/\"},\"author\":{\"name\":\"Revista Home Theater &amp; Casa Digital\",\"@id\":\"https:\/\/www.hometheater.com.br\/portal\/#\/schema\/person\/3b6bd5a9e2a6c4197c7b98dd7a733d22\"},\"headline\":\"TV QLED da TCL, exibido na CES, chega ao Brasil em breve\",\"datePublished\":\"2018-01-09T22:43:56+00:00\",\"dateModified\":\"2018-01-10T18:35:27+00:00\",\"mainEntityOfPage\":{\"@id\":\"https:\/\/www.hometheater.com.br\/portal\/2018\/01\/09\/tv-qled-da-tcl-exibido-na-ces-chega-ao-brasil-em-breve\/\"},\"wordCount\":286,\"commentCount\":0,\"publisher\":{\"@id\":\"https:\/\/www.hometheater.com.br\/portal\/#organization\"},\"image\":{\"@id\":\"https:\/\/www.hometheater.com.br\/portal\/2018\/01\/09\/tv-qled-da-tcl-exibido-na-ces-chega-ao-brasil-em-breve\/#primaryimage\"},\"thumbnailUrl\":\"https:\/\/www.hometheater.com.br\/portal\/wp-content\/uploads\/2018\/01\/tcl_TV_QLED_X6.jpg\",\"articleSection\":[\"CES 2018\",\"NOT\u00cdCIAS\"],\"inLanguage\":\"pt-BR\",\"potentialAction\":[{\"@type\":\"CommentAction\",\"name\":\"Comment\",\"target\":[\"https:\/\/www.hometheater.com.br\/portal\/2018\/01\/09\/tv-qled-da-tcl-exibido-na-ces-chega-ao-brasil-em-breve\/#respond\"]}]},{\"@type\":\"WebPage\",\"@id\":\"https:\/\/www.hometheater.com.br\/portal\/2018\/01\/09\/tv-qled-da-tcl-exibido-na-ces-chega-ao-brasil-em-breve\/\",\"url\":\"https:\/\/www.hometheater.com.br\/portal\/2018\/01\/09\/tv-qled-da-tcl-exibido-na-ces-chega-ao-brasil-em-breve\/\",\"name\":\"TV QLED da TCL, exibido na CES, chega ao Brasil em breve - HT &amp; Casa Digital\",\"isPartOf\":{\"@id\":\"https:\/\/www.hometheater.com.br\/portal\/#website\"},\"primaryImageOfPage\":{\"@id\":\"https:\/\/www.hometheater.com.br\/portal\/2018\/01\/09\/tv-qled-da-tcl-exibido-na-ces-chega-ao-brasil-em-breve\/#primaryimage\"},\"image\":{\"@id\":\"https:\/\/www.hometheater.com.br\/portal\/2018\/01\/09\/tv-qled-da-tcl-exibido-na-ces-chega-ao-brasil-em-breve\/#primaryimage\"},\"thumbnailUrl\":\"https:\/\/www.hometheater.com.br\/portal\/wp-content\/uploads\/2018\/01\/tcl_TV_QLED_X6.jpg\",\"datePublished\":\"2018-01-09T22:43:56+00:00\",\"dateModified\":\"2018-01-10T18:35:27+00:00\",\"breadcrumb\":{\"@id\":\"https:\/\/www.hometheater.com.br\/portal\/2018\/01\/09\/tv-qled-da-tcl-exibido-na-ces-chega-ao-brasil-em-breve\/#breadcrumb\"},\"inLanguage\":\"pt-BR\",\"potentialAction\":[{\"@type\":\"ReadAction\",\"target\":[\"https:\/\/www.hometheater.com.br\/portal\/2018\/01\/09\/tv-qled-da-tcl-exibido-na-ces-chega-ao-brasil-em-breve\/\"]}]},{\"@type\":\"ImageObject\",\"inLanguage\":\"pt-BR\",\"@id\":\"https:\/\/www.hometheater.com.br\/portal\/2018\/01\/09\/tv-qled-da-tcl-exibido-na-ces-chega-ao-brasil-em-breve\/#primaryimage\",\"url\":\"https:\/\/www.hometheater.com.br\/portal\/wp-content\/uploads\/2018\/01\/tcl_TV_QLED_X6.jpg\",\"contentUrl\":\"https:\/\/www.hometheater.com.br\/portal\/wp-content\/uploads\/2018\/01\/tcl_TV_QLED_X6.jpg\",\"width\":800,\"height\":411},{\"@type\":\"BreadcrumbList\",\"@id\":\"https:\/\/www.hometheater.com.br\/portal\/2018\/01\/09\/tv-qled-da-tcl-exibido-na-ces-chega-ao-brasil-em-breve\/#breadcrumb\",\"itemListElement\":[{\"@type\":\"ListItem\",\"position\":1,\"name\":\"In\u00edcio\",\"item\":\"https:\/\/www.hometheater.com.br\/portal\/\"},{\"@type\":\"ListItem\",\"position\":2,\"name\":\"TV QLED da TCL, exibido na CES, chega ao Brasil em breve\"}]},{\"@type\":\"WebSite\",\"@id\":\"https:\/\/www.hometheater.com.br\/portal\/#website\",\"url\":\"https:\/\/www.hometheater.com.br\/portal\/\",\"name\":\"HT &amp; Casa Digital\",\"description\":\"O mundo digital em sua casa\",\"publisher\":{\"@id\":\"https:\/\/www.hometheater.com.br\/portal\/#organization\"},\"potentialAction\":[{\"@type\":\"SearchAction\",\"target\":{\"@type\":\"EntryPoint\",\"urlTemplate\":\"https:\/\/www.hometheater.com.br\/portal\/?s={search_term_string}\"},\"query-input\":{\"@type\":\"PropertyValueSpecification\",\"valueRequired\":true,\"valueName\":\"search_term_string\"}}],\"inLanguage\":\"pt-BR\"},{\"@type\":\"Organization\",\"@id\":\"https:\/\/www.hometheater.com.br\/portal\/#organization\",\"name\":\"Home Theater\",\"url\":\"https:\/\/www.hometheater.com.br\/portal\/\",\"logo\":{\"@type\":\"ImageObject\",\"inLanguage\":\"pt-BR\",\"@id\":\"https:\/\/www.hometheater.com.br\/portal\/#\/schema\/logo\/image\/\",\"url\":\"https:\/\/www.hometheater.com.br\/portal\/wp-content\/uploads\/2022\/06\/assine_ht_01.png\",\"contentUrl\":\"https:\/\/www.hometheater.com.br\/portal\/wp-content\/uploads\/2022\/06\/assine_ht_01.png\",\"width\":800,\"height\":254,\"caption\":\"Home Theater\"},\"image\":{\"@id\":\"https:\/\/www.hometheater.com.br\/portal\/#\/schema\/logo\/image\/\"},\"sameAs\":[\"https:\/\/web.facebook.com\/revistahometheater\",\"https:\/\/x.com\/hometheaterbr\"]},{\"@type\":\"Person\",\"@id\":\"https:\/\/www.hometheater.com.br\/portal\/#\/schema\/person\/3b6bd5a9e2a6c4197c7b98dd7a733d22\",\"name\":\"Revista Home Theater &amp; Casa Digital\",\"image\":{\"@type\":\"ImageObject\",\"inLanguage\":\"pt-BR\",\"@id\":\"https:\/\/www.hometheater.com.br\/portal\/#\/schema\/person\/image\/\",\"url\":\"https:\/\/secure.gravatar.com\/avatar\/fd86f33d841f0f43adcc1665dd80ca740e028af4297e20d3444f9335092a6ee7?s=96&d=mm&r=g\",\"contentUrl\":\"https:\/\/secure.gravatar.com\/avatar\/fd86f33d841f0f43adcc1665dd80ca740e028af4297e20d3444f9335092a6ee7?s=96&d=mm&r=g\",\"caption\":\"Revista Home Theater &amp; Casa Digital\"},\"url\":\"https:\/\/www.hometheater.com.br\/portal\/author\/flavio\/\"}]}<\/script>\n<!-- \/ Yoast SEO plugin. -->","yoast_head_json":{"title":"TV QLED da TCL, exibido na CES, chega ao Brasil em breve - HT &amp; Casa Digital","robots":{"index":"index","follow":"follow","max-snippet":"max-snippet:-1","max-image-preview":"max-image-preview:large","max-video-preview":"max-video-preview:-1"},"canonical":"https:\/\/www.hometheater.com.br\/portal\/2018\/01\/09\/tv-qled-da-tcl-exibido-na-ces-chega-ao-brasil-em-breve\/","og_locale":"pt_BR","og_type":"article","og_title":"TV QLED da TCL, exibido na CES, chega ao Brasil em breve - HT &amp; Casa Digital","og_description":"Destaque a TCL na CES 2018, o TV QLED X6, de 85 polegadas, chega ao mercado brasileiro ainda no primeiro semestre. O produto foi um","og_url":"https:\/\/www.hometheater.com.br\/portal\/2018\/01\/09\/tv-qled-da-tcl-exibido-na-ces-chega-ao-brasil-em-breve\/","og_site_name":"HT &amp; Casa Digital","article_publisher":"https:\/\/web.facebook.com\/revistahometheater","article_published_time":"2018-01-09T22:43:56+00:00","article_modified_time":"2018-01-10T18:35:27+00:00","og_image":[{"width":800,"height":411,"url":"https:\/\/www.hometheater.com.br\/portal\/wp-content\/uploads\/2018\/01\/tcl_TV_QLED_X6.jpg","type":"image\/jpeg"}],"author":"Revista Home Theater &amp; Casa Digital","twitter_card":"summary_large_image","twitter_creator":"@hometheaterbr","twitter_site":"@hometheaterbr","twitter_misc":{"Escrito por":"Revista Home Theater &amp; Casa Digital","Est. tempo de leitura":"1 minuto"},"schema":{"@context":"https:\/\/schema.org","@graph":[{"@type":"Article","@id":"https:\/\/www.hometheater.com.br\/portal\/2018\/01\/09\/tv-qled-da-tcl-exibido-na-ces-chega-ao-brasil-em-breve\/#article","isPartOf":{"@id":"https:\/\/www.hometheater.com.br\/portal\/2018\/01\/09\/tv-qled-da-tcl-exibido-na-ces-chega-ao-brasil-em-breve\/"},"author":{"name":"Revista Home Theater &amp; Casa Digital","@id":"https:\/\/www.hometheater.com.br\/portal\/#\/schema\/person\/3b6bd5a9e2a6c4197c7b98dd7a733d22"},"headline":"TV QLED da TCL, exibido na CES, chega ao Brasil em breve","datePublished":"2018-01-09T22:43:56+00:00","dateModified":"2018-01-10T18:35:27+00:00","mainEntityOfPage":{"@id":"https:\/\/www.hometheater.com.br\/portal\/2018\/01\/09\/tv-qled-da-tcl-exibido-na-ces-chega-ao-brasil-em-breve\/"},"wordCount":286,"commentCount":0,"publisher":{"@id":"https:\/\/www.hometheater.com.br\/portal\/#organization"},"image":{"@id":"https:\/\/www.hometheater.com.br\/portal\/2018\/01\/09\/tv-qled-da-tcl-exibido-na-ces-chega-ao-brasil-em-breve\/#primaryimage"},"thumbnailUrl":"https:\/\/www.hometheater.com.br\/portal\/wp-content\/uploads\/2018\/01\/tcl_TV_QLED_X6.jpg","articleSection":["CES 2018","NOT\u00cdCIAS"],"inLanguage":"pt-BR","potentialAction":[{"@type":"CommentAction","name":"Comment","target":["https:\/\/www.hometheater.com.br\/portal\/2018\/01\/09\/tv-qled-da-tcl-exibido-na-ces-chega-ao-brasil-em-breve\/#respond"]}]},{"@type":"WebPage","@id":"https:\/\/www.hometheater.com.br\/portal\/2018\/01\/09\/tv-qled-da-tcl-exibido-na-ces-chega-ao-brasil-em-breve\/","url":"https:\/\/www.hometheater.com.br\/portal\/2018\/01\/09\/tv-qled-da-tcl-exibido-na-ces-chega-ao-brasil-em-breve\/","name":"TV QLED da TCL, exibido na CES, chega ao Brasil em breve - HT &amp; Casa Digital","isPartOf":{"@id":"https:\/\/www.hometheater.com.br\/portal\/#website"},"primaryImageOfPage":{"@id":"https:\/\/www.hometheater.com.br\/portal\/2018\/01\/09\/tv-qled-da-tcl-exibido-na-ces-chega-ao-brasil-em-breve\/#primaryimage"},"image":{"@id":"https:\/\/www.hometheater.com.br\/portal\/2018\/01\/09\/tv-qled-da-tcl-exibido-na-ces-chega-ao-brasil-em-breve\/#primaryimage"},"thumbnailUrl":"https:\/\/www.hometheater.com.br\/portal\/wp-content\/uploads\/2018\/01\/tcl_TV_QLED_X6.jpg","datePublished":"2018-01-09T22:43:56+00:00","dateModified":"2018-01-10T18:35:27+00:00","breadcrumb":{"@id":"https:\/\/www.hometheater.com.br\/portal\/2018\/01\/09\/tv-qled-da-tcl-exibido-na-ces-chega-ao-brasil-em-breve\/#breadcrumb"},"inLanguage":"pt-BR","potentialAction":[{"@type":"ReadAction","target":["https:\/\/www.hometheater.com.br\/portal\/2018\/01\/09\/tv-qled-da-tcl-exibido-na-ces-chega-ao-brasil-em-breve\/"]}]},{"@type":"ImageObject","inLanguage":"pt-BR","@id":"https:\/\/www.hometheater.com.br\/portal\/2018\/01\/09\/tv-qled-da-tcl-exibido-na-ces-chega-ao-brasil-em-breve\/#primaryimage","url":"https:\/\/www.hometheater.com.br\/portal\/wp-content\/uploads\/2018\/01\/tcl_TV_QLED_X6.jpg","contentUrl":"https:\/\/www.hometheater.com.br\/portal\/wp-content\/uploads\/2018\/01\/tcl_TV_QLED_X6.jpg","width":800,"height":411},{"@type":"BreadcrumbList","@id":"https:\/\/www.hometheater.com.br\/portal\/2018\/01\/09\/tv-qled-da-tcl-exibido-na-ces-chega-ao-brasil-em-breve\/#breadcrumb","itemListElement":[{"@type":"ListItem","position":1,"name":"In\u00edcio","item":"https:\/\/www.hometheater.com.br\/portal\/"},{"@type":"ListItem","position":2,"name":"TV QLED da TCL, exibido na CES, chega ao Brasil em breve"}]},{"@type":"WebSite","@id":"https:\/\/www.hometheater.com.br\/portal\/#website","url":"https:\/\/www.hometheater.com.br\/portal\/","name":"HT &amp; Casa Digital","description":"O mundo digital em sua casa","publisher":{"@id":"https:\/\/www.hometheater.com.br\/portal\/#organization"},"potentialAction":[{"@type":"SearchAction","target":{"@type":"EntryPoint","urlTemplate":"https:\/\/www.hometheater.com.br\/portal\/?s={search_term_string}"},"query-input":{"@type":"PropertyValueSpecification","valueRequired":true,"valueName":"search_term_string"}}],"inLanguage":"pt-BR"},{"@type":"Organization","@id":"https:\/\/www.hometheater.com.br\/portal\/#organization","name":"Home Theater","url":"https:\/\/www.hometheater.com.br\/portal\/","logo":{"@type":"ImageObject","inLanguage":"pt-BR","@id":"https:\/\/www.hometheater.com.br\/portal\/#\/schema\/logo\/image\/","url":"https:\/\/www.hometheater.com.br\/portal\/wp-content\/uploads\/2022\/06\/assine_ht_01.png","contentUrl":"https:\/\/www.hometheater.com.br\/portal\/wp-content\/uploads\/2022\/06\/assine_ht_01.png","width":800,"height":254,"caption":"Home Theater"},"image":{"@id":"https:\/\/www.hometheater.com.br\/portal\/#\/schema\/logo\/image\/"},"sameAs":["https:\/\/web.facebook.com\/revistahometheater","https:\/\/x.com\/hometheaterbr"]},{"@type":"Person","@id":"https:\/\/www.hometheater.com.br\/portal\/#\/schema\/person\/3b6bd5a9e2a6c4197c7b98dd7a733d22","name":"Revista Home Theater &amp; Casa Digital","image":{"@type":"ImageObject","inLanguage":"pt-BR","@id":"https:\/\/www.hometheater.com.br\/portal\/#\/schema\/person\/image\/","url":"https:\/\/secure.gravatar.com\/avatar\/fd86f33d841f0f43adcc1665dd80ca740e028af4297e20d3444f9335092a6ee7?s=96&d=mm&r=g","contentUrl":"https:\/\/secure.gravatar.com\/avatar\/fd86f33d841f0f43adcc1665dd80ca740e028af4297e20d3444f9335092a6ee7?s=96&d=mm&r=g","caption":"Revista Home Theater &amp; Casa Digital"},"url":"https:\/\/www.hometheater.com.br\/portal\/author\/flavio\/"}]}},"_links":{"self":[{"href":"https:\/\/www.hometheater.com.br\/portal\/wp-json\/wp\/v2\/posts\/3900","targetHints":{"allow":["GET"]}}],"collection":[{"href":"https:\/\/www.hometheater.com.br\/portal\/wp-json\/wp\/v2\/posts"}],"about":[{"href":"https:\/\/www.hometheater.com.br\/portal\/wp-json\/wp\/v2\/types\/post"}],"author":[{"embeddable":true,"href":"https:\/\/www.hometheater.com.br\/portal\/wp-json\/wp\/v2\/users\/1"}],"replies":[{"embeddable":true,"href":"https:\/\/www.hometheater.com.br\/portal\/wp-json\/wp\/v2\/comments?post=3900"}],"version-history":[{"count":0,"href":"https:\/\/www.hometheater.com.br\/portal\/wp-json\/wp\/v2\/posts\/3900\/revisions"}],"wp:featuredmedia":[{"embeddable":true,"href":"https:\/\/www.hometheater.com.br\/portal\/wp-json\/wp\/v2\/media\/3901"}],"wp:attachment":[{"href":"https:\/\/www.hometheater.com.br\/portal\/wp-json\/wp\/v2\/media?parent=3900"}],"wp:term":[{"taxonomy":"category","embeddable":true,"href":"https:\/\/www.hometheater.com.br\/portal\/wp-json\/wp\/v2\/categories?post=3900"},{"taxonomy":"post_tag","embeddable":true,"href":"https:\/\/www.hometheater.com.br\/portal\/wp-json\/wp\/v2\/tags?post=3900"}],"curies":[{"name":"wp","href":"https:\/\/api.w.org\/{rel}","templated":true}]}}