{"id":38287,"date":"2026-09-05T08:43:36","date_gmt":"2026-09-05T11:43:36","guid":{"rendered":"https:\/\/www.hometheater.com.br\/portal\/?p=38287"},"modified":"2026-09-05T08:51:55","modified_gmt":"2026-09-05T11:51:55","slug":"fabricantes-exibem-na-ifa-novos-recursos-para-comandar-a-casa-por-ia","status":"publish","type":"post","link":"https:\/\/www.hometheater.com.br\/portal\/2026\/09\/05\/fabricantes-exibem-na-ifa-novos-recursos-para-comandar-a-casa-por-ia\/","title":{"rendered":"Fabricantes exibem na IFA novos recursos para comandar a casa por IA"},"content":{"rendered":"<p><img loading=\"lazy\" decoding=\"async\" class=\"aligncenter size-full wp-image-38288\" src=\"https:\/\/www.hometheater.com.br\/portal\/wp-content\/uploads\/2026\/09\/abre_ifa2026_.jpg\" alt=\"\" width=\"800\" height=\"450\" srcset=\"https:\/\/www.hometheater.com.br\/portal\/wp-content\/uploads\/2026\/09\/abre_ifa2026_.jpg 800w, https:\/\/www.hometheater.com.br\/portal\/wp-content\/uploads\/2026\/09\/abre_ifa2026_-300x169.jpg 300w, https:\/\/www.hometheater.com.br\/portal\/wp-content\/uploads\/2026\/09\/abre_ifa2026_-768x432.jpg 768w, https:\/\/www.hometheater.com.br\/portal\/wp-content\/uploads\/2026\/09\/abre_ifa2026_-400x225.jpg 400w, https:\/\/www.hometheater.com.br\/portal\/wp-content\/uploads\/2026\/09\/abre_ifa2026_-500x281.jpg 500w\" sizes=\"auto, (max-width: 800px) 100vw, 800px\" \/><\/p>\n<p>Os principais fabricantes de aparelhos eletr\u00f4nicos decidiram aproveitar a IFA 2026, que come\u00e7ou nesta 5a feira em Berlim, para apresentar suas solu\u00e7\u00f5es de Intelig\u00eancia Artificial para controle da casa. Com mais de 1.900 expositores, esse \u00e9 o maior evento de equipamentos de consumo da Europa, incluindo v\u00eddeo, \u00e1udio, games, computadores, eletrodom\u00e9sticos etc.<\/p>\n<p>A LG, por exemplo, est\u00e1 exibindo o que chama de \u201cecossistema AI Home expandido\u201d, com v\u00e1rios produtos interconectados atrav\u00e9s de IA Generativa. Os visitantes da IFA t\u00eam a oportunidade de percorrer o enorme estande da empresa coreana (foto), montado para replicar os espa\u00e7os de uma resid\u00eancia. Ali, funcionam integrados eletrodom\u00e9sticos, rob\u00f4s e aparelhos de ar-condicionado inteligente, atrav\u00e9s da plataforma ThinQ ON.<\/p><div class=\"homet-conteudo\" style=\"text-align: center;\" id=\"homet-3340708801\"><div data-cfpa=\"36066\" data-cfpw=\"36066\" id=\"homet-984719563\"><a data-no-instant=\"1\" href=\"https:\/\/loja.sommaior.com.br\/\" rel=\"noopener\" class=\"a2t-link\" aria-label=\"ABBEY-ROAD_360x300px\"><img loading=\"lazy\" decoding=\"async\" src=\"https:\/\/www.hometheater.com.br\/portal\/wp-content\/uploads\/2025\/10\/ABBEY-ROAD_360x300px.jpg\" alt=\"\"  class=\"no-lazyload\" width=\"300\" height=\"250\"   \/><\/a><\/div><script type=\"text\/javascript\">;new advadsCfpAd( 36066 );<\/script><\/div>\n<p>Um dos lan\u00e7amentos da LG nessa IFA \u00e9 seu primeiro agente de IA, denominado\u00a0<i>ThinQ Claw<\/i>, que segundo a empresa se comunica com o usu\u00e1rio em linguagem natural e tem capacidade de analisar as condi\u00e7\u00f5es do ambiente. Outra novidade da empresa \u00e9 o HEMS (<i>Home Energy Management System<\/i>), plataforma de controle de energia prevista para lan\u00e7amento em 2027.<\/p>\n<p>&nbsp;<\/p>\n<h3><span style=\"text-decoration: underline;\"><b>Samsung: a vida com IA<\/b><\/span><\/h3>\n<p><img loading=\"lazy\" decoding=\"async\" class=\"aligncenter size-full wp-image-38289\" src=\"https:\/\/www.hometheater.com.br\/portal\/wp-content\/uploads\/2026\/09\/The-Frame-98_samsung_.jpg\" alt=\"\" width=\"600\" height=\"400\" srcset=\"https:\/\/www.hometheater.com.br\/portal\/wp-content\/uploads\/2026\/09\/The-Frame-98_samsung_.jpg 600w, https:\/\/www.hometheater.com.br\/portal\/wp-content\/uploads\/2026\/09\/The-Frame-98_samsung_-300x200.jpg 300w, https:\/\/www.hometheater.com.br\/portal\/wp-content\/uploads\/2026\/09\/The-Frame-98_samsung_-400x267.jpg 400w, https:\/\/www.hometheater.com.br\/portal\/wp-content\/uploads\/2026\/09\/The-Frame-98_samsung_-500x333.jpg 500w\" sizes=\"auto, (max-width: 600px) 100vw, 600px\" \/><br \/>\nTamb\u00e9m a Samsung est\u00e1 explorando na IFA o conceito de integra\u00e7\u00e3o entre aparelhos inteligentes. S\u00e3o novos modelos de refrigeradores, lavadoras e ar-condicionado da linha Bespoke, que se integram \u00e0 rede da resid\u00eancia e podem ser comandados por um smartphone Galaxy ou na tela das TVs OLED, Neo QLED e Micro RGB.<\/p>\n<p>Numa \u00e1rea denominada Entertainment Companion, a fabricante coreana est\u00e1 mostrando a nova vers\u00e3o da linha The Frame, com 98 polegadas (foto), que ocupa uma parede inteira exibindo obras de arte. No mesmo espa\u00e7o est\u00e3o tamb\u00e9m as novas\u00a0<a href=\"https:\/\/www.hometheater.com.br\/portal\/2026\/01\/08\/veja-as-primeiras-imagens-em-video-da-super-tv-samsung-de-130-polegadas\/\" target=\"_blank\" rel=\"noopener\" data-saferedirecturl=\"https:\/\/www.google.com\/url?q=https:\/\/www.hometheater.com.br\/portal\/2026\/01\/08\/veja-as-primeiras-imagens-em-video-da-super-tv-samsung-de-130-polegadas\/&amp;source=gmail&amp;ust=1788693600669000&amp;usg=AOvVaw1lAx9lyEbUfe5sOfF-7cRB\"><b>TVs Micro RGB<\/b><\/a><span style=\"color: #373737;\">, em tamanhos de at\u00e9 130\u201d, e os novos monitores Odyssey com painel OLED.\u00a0<\/span><\/p>\n<p>Segundo a empresa, todas as TVs premium da marca agora se integram \u00e0 plataforma Vision AI Companion, permitindo acionar na tela mais dispositivos instalados na casa.<\/p>\n<p>&nbsp;<\/p>\n<h3><span style=\"text-decoration: underline;\"><b>TCL: super telas MiniLED<\/b><\/span><\/h3>\n<p><img loading=\"lazy\" decoding=\"async\" class=\"aligncenter size-full wp-image-38290\" src=\"https:\/\/www.hometheater.com.br\/portal\/wp-content\/uploads\/2026\/09\/IFA-TCL_2026.jpg\" alt=\"\" width=\"600\" height=\"355\" srcset=\"https:\/\/www.hometheater.com.br\/portal\/wp-content\/uploads\/2026\/09\/IFA-TCL_2026.jpg 600w, https:\/\/www.hometheater.com.br\/portal\/wp-content\/uploads\/2026\/09\/IFA-TCL_2026-300x178.jpg 300w, https:\/\/www.hometheater.com.br\/portal\/wp-content\/uploads\/2026\/09\/IFA-TCL_2026-400x237.jpg 400w, https:\/\/www.hometheater.com.br\/portal\/wp-content\/uploads\/2026\/09\/IFA-TCL_2026-500x296.jpg 500w\" sizes=\"auto, (max-width: 600px) 100vw, 600px\" \/><br \/>\nA gigante chinesa montou em seu amplo estande (foto) o Inspiration Habitat, combinando suas telas grandes MiniLED, RGB e SQD com experi\u00eancias mais naturais de intera\u00e7\u00e3o para o usu\u00e1rio. No centro desse espa\u00e7o, o destaque \u00e9 a nova TV MiniLED X11L, de 98 polegadas, com\u00a0<a href=\"https:\/\/www.hometheater.com.br\/portal\/2026\/08\/21\/sqd-miniled-mais-uma-tv-tcl-com-esse-painel-chega-ao-mercado\/\" target=\"_blank\" rel=\"noopener\" data-saferedirecturl=\"https:\/\/www.google.com\/url?q=https:\/\/www.hometheater.com.br\/portal\/2026\/08\/21\/sqd-miniled-mais-uma-tv-tcl-com-esse-painel-chega-ao-mercado\/&amp;source=gmail&amp;ust=1788693600669000&amp;usg=AOvVaw2Xrc4dvAxPIGVmlHjv3Qhn\"><b>tecnologia SQD<\/b><\/a>, que est\u00e1 sendo demonstrada com sistema de \u00e1udio imersivo Bang &amp; Olufsen de 11.1.4 canais.<\/p>\n<p>H\u00e1 ainda uma grande se\u00e7\u00e3o para gamers, destacando o monitor OLED X3A, principal lan\u00e7amento da TCL para esse segmento. Tamb\u00e9m est\u00e3o sendo exibidos os novos smartphones da marca, com brilho de at\u00e9 3.200 nits; novos tablets da s\u00e9rie NXTPaper; e novos \u00f3culos de Realidade Virtual da linha RayNeo.<\/p>\n<p>&nbsp;<\/p>\n<h3><span style=\"text-decoration: underline;\"><span style=\"color: #373737;\"><b>Hisense: TVs e projetores Laser<\/b><\/span><\/span><\/h3>\n<p><img loading=\"lazy\" decoding=\"async\" class=\"aligncenter size-full wp-image-38291\" src=\"https:\/\/www.hometheater.com.br\/portal\/wp-content\/uploads\/2026\/09\/Hisense-116UXS_.jpg\" alt=\"\" width=\"600\" height=\"353\" srcset=\"https:\/\/www.hometheater.com.br\/portal\/wp-content\/uploads\/2026\/09\/Hisense-116UXS_.jpg 600w, https:\/\/www.hometheater.com.br\/portal\/wp-content\/uploads\/2026\/09\/Hisense-116UXS_-300x177.jpg 300w, https:\/\/www.hometheater.com.br\/portal\/wp-content\/uploads\/2026\/09\/Hisense-116UXS_-400x235.jpg 400w, https:\/\/www.hometheater.com.br\/portal\/wp-content\/uploads\/2026\/09\/Hisense-116UXS_-500x294.jpg 500w\" sizes=\"auto, (max-width: 600px) 100vw, 600px\" \/><br \/>\nJ\u00e1 a outra grande fabricante chinesa que atua no Brasil destaca nesta edi\u00e7\u00e3o da IFA os atributos da tecnologia RGB MiniLED. A TV 116UXS, de 116\u201d (foto), que est\u00e1 sendo lan\u00e7ada na Europa, \u00e9 a primeira com backlight de quatro cores, acrescentando a cor ciano \u00e0s tradicionais vermelho, verde e azul. A empresa faz quest\u00e3o de ressaltar no evento suas parcerias com\u00a0institutos de certifica\u00e7\u00e3o, como o alem\u00e3o T\u00dcV Rheinland, que aprovou um novo sistema de controle da luz azul (<a href=\"https:\/\/www.hometheater.com.br\/portal\/2026\/07\/18\/proteja-seus-olhos-por-que-a-luz-azul-das-telas-e-um-perigo\/\" target=\"_blank\" rel=\"noopener\" data-saferedirecturl=\"https:\/\/www.google.com\/url?q=https:\/\/www.hometheater.com.br\/portal\/2026\/07\/18\/proteja-seus-olhos-por-que-a-luz-azul-das-telas-e-um-perigo\/&amp;source=gmail&amp;ust=1788693600669000&amp;usg=AOvVaw0qLo95A18GkSyxZiULDaSw\"><b>entenda aqui<\/b><\/a><span style=\"color: #373737;\">).\u00a0<\/span><\/p>\n<p><span style=\"color: #373737;\">Outra atra\u00e7\u00e3o no estande da Hisense \u00e9 sua nova linha de projetores Laser, tamb\u00e9m certificados pelo\u00a0<\/span>T\u00dcV.\u00a0<span style=\"color: #373737;\">TVs e projetores\u00a0<\/span>est\u00e3o sendo demonstrados em conjunto com a nova soundbar UX1, de 11.2.6 canais.<\/p>\n<p>Para atualiza\u00e7\u00f5es sobre os lan\u00e7amentos da IFA 2026, visite o\u00a0<b><a href=\"https:\/\/www.ifa-berlin.com\/\" target=\"_blank\" rel=\"noopener\" data-saferedirecturl=\"https:\/\/www.google.com\/url?q=https:\/\/www.ifa-berlin.com&amp;source=gmail&amp;ust=1788693600669000&amp;usg=AOvVaw3sp2tTvAI1GHvi2UUwJasE\">site oficial<\/a>.<\/b><\/p>\n<p><b>FONTE: fabricantes<\/b><\/p>\n","protected":false},"excerpt":{"rendered":"<p>Os principais fabricantes de aparelhos eletr\u00f4nicos decidiram aproveitar a IFA 2026, que come\u00e7ou nesta 5a feira em Berlim, para apresentar suas solu\u00e7\u00f5es de Intelig\u00eancia Artificial<\/p>\n","protected":false},"author":1,"featured_media":38288,"comment_status":"open","ping_status":"open","sticky":false,"template":"","format":"standard","meta":{"footnotes":""},"categories":[4],"tags":[],"class_list":["post-38287","post","type-post","status-publish","format-standard","has-post-thumbnail","hentry","category-noticias"],"yoast_head":"<!-- This site is optimized with the Yoast SEO plugin v25.7 - https:\/\/yoast.com\/wordpress\/plugins\/seo\/ -->\n<title>Fabricantes exibem na IFA novos recursos para comandar a casa por IA - HT &amp; Casa Digital<\/title>\n<meta name=\"robots\" content=\"index, follow, max-snippet:-1, max-image-preview:large, max-video-preview:-1\" \/>\n<link rel=\"canonical\" href=\"https:\/\/www.hometheater.com.br\/portal\/2026\/09\/05\/fabricantes-exibem-na-ifa-novos-recursos-para-comandar-a-casa-por-ia\/\" \/>\n<meta property=\"og:locale\" content=\"pt_BR\" \/>\n<meta property=\"og:type\" content=\"article\" \/>\n<meta property=\"og:title\" content=\"Fabricantes exibem na IFA novos recursos para comandar a casa por IA - HT &amp; Casa Digital\" \/>\n<meta property=\"og:description\" content=\"Os principais fabricantes de aparelhos eletr\u00f4nicos decidiram aproveitar a IFA 2026, que come\u00e7ou nesta 5a feira em Berlim, para apresentar suas solu\u00e7\u00f5es de Intelig\u00eancia Artificial\" \/>\n<meta property=\"og:url\" content=\"https:\/\/www.hometheater.com.br\/portal\/2026\/09\/05\/fabricantes-exibem-na-ifa-novos-recursos-para-comandar-a-casa-por-ia\/\" \/>\n<meta property=\"og:site_name\" content=\"HT &amp; Casa Digital\" \/>\n<meta property=\"article:publisher\" content=\"https:\/\/web.facebook.com\/revistahometheater\" \/>\n<meta property=\"article:published_time\" content=\"2026-09-05T11:43:36+00:00\" \/>\n<meta property=\"article:modified_time\" content=\"2026-09-05T11:51:55+00:00\" \/>\n<meta property=\"og:image\" content=\"https:\/\/www.hometheater.com.br\/portal\/wp-content\/uploads\/2026\/09\/abre_ifa2026_.jpg\" \/>\n\t<meta property=\"og:image:width\" content=\"800\" \/>\n\t<meta property=\"og:image:height\" content=\"450\" \/>\n\t<meta property=\"og:image:type\" content=\"image\/jpeg\" \/>\n<meta name=\"author\" content=\"Revista Home Theater &amp; Casa Digital\" \/>\n<meta name=\"twitter:card\" content=\"summary_large_image\" \/>\n<meta name=\"twitter:creator\" content=\"@hometheaterbr\" \/>\n<meta name=\"twitter:site\" content=\"@hometheaterbr\" \/>\n<meta name=\"twitter:label1\" content=\"Escrito por\" \/>\n\t<meta name=\"twitter:data1\" content=\"Revista Home Theater &amp; Casa Digital\" \/>\n\t<meta name=\"twitter:label2\" content=\"Est. tempo de leitura\" \/>\n\t<meta name=\"twitter:data2\" content=\"3 minutos\" \/>\n<script type=\"application\/ld+json\" class=\"yoast-schema-graph\">{\"@context\":\"https:\/\/schema.org\",\"@graph\":[{\"@type\":\"Article\",\"@id\":\"https:\/\/www.hometheater.com.br\/portal\/2026\/09\/05\/fabricantes-exibem-na-ifa-novos-recursos-para-comandar-a-casa-por-ia\/#article\",\"isPartOf\":{\"@id\":\"https:\/\/www.hometheater.com.br\/portal\/2026\/09\/05\/fabricantes-exibem-na-ifa-novos-recursos-para-comandar-a-casa-por-ia\/\"},\"author\":{\"name\":\"Revista Home Theater &amp; Casa Digital\",\"@id\":\"https:\/\/www.hometheater.com.br\/portal\/#\/schema\/person\/3b6bd5a9e2a6c4197c7b98dd7a733d22\"},\"headline\":\"Fabricantes exibem na IFA novos recursos para comandar a casa por IA\",\"datePublished\":\"2026-09-05T11:43:36+00:00\",\"dateModified\":\"2026-09-05T11:51:55+00:00\",\"mainEntityOfPage\":{\"@id\":\"https:\/\/www.hometheater.com.br\/portal\/2026\/09\/05\/fabricantes-exibem-na-ifa-novos-recursos-para-comandar-a-casa-por-ia\/\"},\"wordCount\":599,\"commentCount\":0,\"publisher\":{\"@id\":\"https:\/\/www.hometheater.com.br\/portal\/#organization\"},\"image\":{\"@id\":\"https:\/\/www.hometheater.com.br\/portal\/2026\/09\/05\/fabricantes-exibem-na-ifa-novos-recursos-para-comandar-a-casa-por-ia\/#primaryimage\"},\"thumbnailUrl\":\"https:\/\/www.hometheater.com.br\/portal\/wp-content\/uploads\/2026\/09\/abre_ifa2026_.jpg\",\"articleSection\":[\"NOT\u00cdCIAS\"],\"inLanguage\":\"pt-BR\",\"potentialAction\":[{\"@type\":\"CommentAction\",\"name\":\"Comment\",\"target\":[\"https:\/\/www.hometheater.com.br\/portal\/2026\/09\/05\/fabricantes-exibem-na-ifa-novos-recursos-para-comandar-a-casa-por-ia\/#respond\"]}]},{\"@type\":\"WebPage\",\"@id\":\"https:\/\/www.hometheater.com.br\/portal\/2026\/09\/05\/fabricantes-exibem-na-ifa-novos-recursos-para-comandar-a-casa-por-ia\/\",\"url\":\"https:\/\/www.hometheater.com.br\/portal\/2026\/09\/05\/fabricantes-exibem-na-ifa-novos-recursos-para-comandar-a-casa-por-ia\/\",\"name\":\"Fabricantes exibem na IFA novos recursos para comandar a casa por IA - HT &amp; Casa Digital\",\"isPartOf\":{\"@id\":\"https:\/\/www.hometheater.com.br\/portal\/#website\"},\"primaryImageOfPage\":{\"@id\":\"https:\/\/www.hometheater.com.br\/portal\/2026\/09\/05\/fabricantes-exibem-na-ifa-novos-recursos-para-comandar-a-casa-por-ia\/#primaryimage\"},\"image\":{\"@id\":\"https:\/\/www.hometheater.com.br\/portal\/2026\/09\/05\/fabricantes-exibem-na-ifa-novos-recursos-para-comandar-a-casa-por-ia\/#primaryimage\"},\"thumbnailUrl\":\"https:\/\/www.hometheater.com.br\/portal\/wp-content\/uploads\/2026\/09\/abre_ifa2026_.jpg\",\"datePublished\":\"2026-09-05T11:43:36+00:00\",\"dateModified\":\"2026-09-05T11:51:55+00:00\",\"breadcrumb\":{\"@id\":\"https:\/\/www.hometheater.com.br\/portal\/2026\/09\/05\/fabricantes-exibem-na-ifa-novos-recursos-para-comandar-a-casa-por-ia\/#breadcrumb\"},\"inLanguage\":\"pt-BR\",\"potentialAction\":[{\"@type\":\"ReadAction\",\"target\":[\"https:\/\/www.hometheater.com.br\/portal\/2026\/09\/05\/fabricantes-exibem-na-ifa-novos-recursos-para-comandar-a-casa-por-ia\/\"]}]},{\"@type\":\"ImageObject\",\"inLanguage\":\"pt-BR\",\"@id\":\"https:\/\/www.hometheater.com.br\/portal\/2026\/09\/05\/fabricantes-exibem-na-ifa-novos-recursos-para-comandar-a-casa-por-ia\/#primaryimage\",\"url\":\"https:\/\/www.hometheater.com.br\/portal\/wp-content\/uploads\/2026\/09\/abre_ifa2026_.jpg\",\"contentUrl\":\"https:\/\/www.hometheater.com.br\/portal\/wp-content\/uploads\/2026\/09\/abre_ifa2026_.jpg\",\"width\":800,\"height\":450},{\"@type\":\"BreadcrumbList\",\"@id\":\"https:\/\/www.hometheater.com.br\/portal\/2026\/09\/05\/fabricantes-exibem-na-ifa-novos-recursos-para-comandar-a-casa-por-ia\/#breadcrumb\",\"itemListElement\":[{\"@type\":\"ListItem\",\"position\":1,\"name\":\"In\u00edcio\",\"item\":\"https:\/\/www.hometheater.com.br\/portal\/\"},{\"@type\":\"ListItem\",\"position\":2,\"name\":\"Fabricantes exibem na IFA novos recursos para comandar a casa por IA\"}]},{\"@type\":\"WebSite\",\"@id\":\"https:\/\/www.hometheater.com.br\/portal\/#website\",\"url\":\"https:\/\/www.hometheater.com.br\/portal\/\",\"name\":\"HT &amp; Casa Digital\",\"description\":\"O mundo digital em sua casa\",\"publisher\":{\"@id\":\"https:\/\/www.hometheater.com.br\/portal\/#organization\"},\"potentialAction\":[{\"@type\":\"SearchAction\",\"target\":{\"@type\":\"EntryPoint\",\"urlTemplate\":\"https:\/\/www.hometheater.com.br\/portal\/?s={search_term_string}\"},\"query-input\":{\"@type\":\"PropertyValueSpecification\",\"valueRequired\":true,\"valueName\":\"search_term_string\"}}],\"inLanguage\":\"pt-BR\"},{\"@type\":\"Organization\",\"@id\":\"https:\/\/www.hometheater.com.br\/portal\/#organization\",\"name\":\"Home Theater\",\"url\":\"https:\/\/www.hometheater.com.br\/portal\/\",\"logo\":{\"@type\":\"ImageObject\",\"inLanguage\":\"pt-BR\",\"@id\":\"https:\/\/www.hometheater.com.br\/portal\/#\/schema\/logo\/image\/\",\"url\":\"https:\/\/www.hometheater.com.br\/portal\/wp-content\/uploads\/2022\/06\/assine_ht_01.png\",\"contentUrl\":\"https:\/\/www.hometheater.com.br\/portal\/wp-content\/uploads\/2022\/06\/assine_ht_01.png\",\"width\":800,\"height\":254,\"caption\":\"Home Theater\"},\"image\":{\"@id\":\"https:\/\/www.hometheater.com.br\/portal\/#\/schema\/logo\/image\/\"},\"sameAs\":[\"https:\/\/web.facebook.com\/revistahometheater\",\"https:\/\/x.com\/hometheaterbr\"]},{\"@type\":\"Person\",\"@id\":\"https:\/\/www.hometheater.com.br\/portal\/#\/schema\/person\/3b6bd5a9e2a6c4197c7b98dd7a733d22\",\"name\":\"Revista Home Theater &amp; Casa Digital\",\"image\":{\"@type\":\"ImageObject\",\"inLanguage\":\"pt-BR\",\"@id\":\"https:\/\/www.hometheater.com.br\/portal\/#\/schema\/person\/image\/\",\"url\":\"https:\/\/secure.gravatar.com\/avatar\/fd86f33d841f0f43adcc1665dd80ca740e028af4297e20d3444f9335092a6ee7?s=96&d=mm&r=g\",\"contentUrl\":\"https:\/\/secure.gravatar.com\/avatar\/fd86f33d841f0f43adcc1665dd80ca740e028af4297e20d3444f9335092a6ee7?s=96&d=mm&r=g\",\"caption\":\"Revista Home Theater &amp; Casa Digital\"},\"url\":\"https:\/\/www.hometheater.com.br\/portal\/author\/flavio\/\"}]}<\/script>\n<!-- \/ Yoast SEO plugin. -->","yoast_head_json":{"title":"Fabricantes exibem na IFA novos recursos para comandar a casa por IA - HT &amp; Casa Digital","robots":{"index":"index","follow":"follow","max-snippet":"max-snippet:-1","max-image-preview":"max-image-preview:large","max-video-preview":"max-video-preview:-1"},"canonical":"https:\/\/www.hometheater.com.br\/portal\/2026\/09\/05\/fabricantes-exibem-na-ifa-novos-recursos-para-comandar-a-casa-por-ia\/","og_locale":"pt_BR","og_type":"article","og_title":"Fabricantes exibem na IFA novos recursos para comandar a casa por IA - HT &amp; Casa Digital","og_description":"Os principais fabricantes de aparelhos eletr\u00f4nicos decidiram aproveitar a IFA 2026, que come\u00e7ou nesta 5a feira em Berlim, para apresentar suas solu\u00e7\u00f5es de Intelig\u00eancia Artificial","og_url":"https:\/\/www.hometheater.com.br\/portal\/2026\/09\/05\/fabricantes-exibem-na-ifa-novos-recursos-para-comandar-a-casa-por-ia\/","og_site_name":"HT &amp; Casa Digital","article_publisher":"https:\/\/web.facebook.com\/revistahometheater","article_published_time":"2026-09-05T11:43:36+00:00","article_modified_time":"2026-09-05T11:51:55+00:00","og_image":[{"width":800,"height":450,"url":"https:\/\/www.hometheater.com.br\/portal\/wp-content\/uploads\/2026\/09\/abre_ifa2026_.jpg","type":"image\/jpeg"}],"author":"Revista Home Theater &amp; Casa Digital","twitter_card":"summary_large_image","twitter_creator":"@hometheaterbr","twitter_site":"@hometheaterbr","twitter_misc":{"Escrito por":"Revista Home Theater &amp; Casa Digital","Est. tempo de leitura":"3 minutos"},"schema":{"@context":"https:\/\/schema.org","@graph":[{"@type":"Article","@id":"https:\/\/www.hometheater.com.br\/portal\/2026\/09\/05\/fabricantes-exibem-na-ifa-novos-recursos-para-comandar-a-casa-por-ia\/#article","isPartOf":{"@id":"https:\/\/www.hometheater.com.br\/portal\/2026\/09\/05\/fabricantes-exibem-na-ifa-novos-recursos-para-comandar-a-casa-por-ia\/"},"author":{"name":"Revista Home Theater &amp; Casa Digital","@id":"https:\/\/www.hometheater.com.br\/portal\/#\/schema\/person\/3b6bd5a9e2a6c4197c7b98dd7a733d22"},"headline":"Fabricantes exibem na IFA novos recursos para comandar a casa por IA","datePublished":"2026-09-05T11:43:36+00:00","dateModified":"2026-09-05T11:51:55+00:00","mainEntityOfPage":{"@id":"https:\/\/www.hometheater.com.br\/portal\/2026\/09\/05\/fabricantes-exibem-na-ifa-novos-recursos-para-comandar-a-casa-por-ia\/"},"wordCount":599,"commentCount":0,"publisher":{"@id":"https:\/\/www.hometheater.com.br\/portal\/#organization"},"image":{"@id":"https:\/\/www.hometheater.com.br\/portal\/2026\/09\/05\/fabricantes-exibem-na-ifa-novos-recursos-para-comandar-a-casa-por-ia\/#primaryimage"},"thumbnailUrl":"https:\/\/www.hometheater.com.br\/portal\/wp-content\/uploads\/2026\/09\/abre_ifa2026_.jpg","articleSection":["NOT\u00cdCIAS"],"inLanguage":"pt-BR","potentialAction":[{"@type":"CommentAction","name":"Comment","target":["https:\/\/www.hometheater.com.br\/portal\/2026\/09\/05\/fabricantes-exibem-na-ifa-novos-recursos-para-comandar-a-casa-por-ia\/#respond"]}]},{"@type":"WebPage","@id":"https:\/\/www.hometheater.com.br\/portal\/2026\/09\/05\/fabricantes-exibem-na-ifa-novos-recursos-para-comandar-a-casa-por-ia\/","url":"https:\/\/www.hometheater.com.br\/portal\/2026\/09\/05\/fabricantes-exibem-na-ifa-novos-recursos-para-comandar-a-casa-por-ia\/","name":"Fabricantes exibem na IFA novos recursos para comandar a casa por IA - HT &amp; Casa Digital","isPartOf":{"@id":"https:\/\/www.hometheater.com.br\/portal\/#website"},"primaryImageOfPage":{"@id":"https:\/\/www.hometheater.com.br\/portal\/2026\/09\/05\/fabricantes-exibem-na-ifa-novos-recursos-para-comandar-a-casa-por-ia\/#primaryimage"},"image":{"@id":"https:\/\/www.hometheater.com.br\/portal\/2026\/09\/05\/fabricantes-exibem-na-ifa-novos-recursos-para-comandar-a-casa-por-ia\/#primaryimage"},"thumbnailUrl":"https:\/\/www.hometheater.com.br\/portal\/wp-content\/uploads\/2026\/09\/abre_ifa2026_.jpg","datePublished":"2026-09-05T11:43:36+00:00","dateModified":"2026-09-05T11:51:55+00:00","breadcrumb":{"@id":"https:\/\/www.hometheater.com.br\/portal\/2026\/09\/05\/fabricantes-exibem-na-ifa-novos-recursos-para-comandar-a-casa-por-ia\/#breadcrumb"},"inLanguage":"pt-BR","potentialAction":[{"@type":"ReadAction","target":["https:\/\/www.hometheater.com.br\/portal\/2026\/09\/05\/fabricantes-exibem-na-ifa-novos-recursos-para-comandar-a-casa-por-ia\/"]}]},{"@type":"ImageObject","inLanguage":"pt-BR","@id":"https:\/\/www.hometheater.com.br\/portal\/2026\/09\/05\/fabricantes-exibem-na-ifa-novos-recursos-para-comandar-a-casa-por-ia\/#primaryimage","url":"https:\/\/www.hometheater.com.br\/portal\/wp-content\/uploads\/2026\/09\/abre_ifa2026_.jpg","contentUrl":"https:\/\/www.hometheater.com.br\/portal\/wp-content\/uploads\/2026\/09\/abre_ifa2026_.jpg","width":800,"height":450},{"@type":"BreadcrumbList","@id":"https:\/\/www.hometheater.com.br\/portal\/2026\/09\/05\/fabricantes-exibem-na-ifa-novos-recursos-para-comandar-a-casa-por-ia\/#breadcrumb","itemListElement":[{"@type":"ListItem","position":1,"name":"In\u00edcio","item":"https:\/\/www.hometheater.com.br\/portal\/"},{"@type":"ListItem","position":2,"name":"Fabricantes exibem na IFA novos recursos para comandar a casa por IA"}]},{"@type":"WebSite","@id":"https:\/\/www.hometheater.com.br\/portal\/#website","url":"https:\/\/www.hometheater.com.br\/portal\/","name":"HT &amp; Casa Digital","description":"O mundo digital em sua casa","publisher":{"@id":"https:\/\/www.hometheater.com.br\/portal\/#organization"},"potentialAction":[{"@type":"SearchAction","target":{"@type":"EntryPoint","urlTemplate":"https:\/\/www.hometheater.com.br\/portal\/?s={search_term_string}"},"query-input":{"@type":"PropertyValueSpecification","valueRequired":true,"valueName":"search_term_string"}}],"inLanguage":"pt-BR"},{"@type":"Organization","@id":"https:\/\/www.hometheater.com.br\/portal\/#organization","name":"Home Theater","url":"https:\/\/www.hometheater.com.br\/portal\/","logo":{"@type":"ImageObject","inLanguage":"pt-BR","@id":"https:\/\/www.hometheater.com.br\/portal\/#\/schema\/logo\/image\/","url":"https:\/\/www.hometheater.com.br\/portal\/wp-content\/uploads\/2022\/06\/assine_ht_01.png","contentUrl":"https:\/\/www.hometheater.com.br\/portal\/wp-content\/uploads\/2022\/06\/assine_ht_01.png","width":800,"height":254,"caption":"Home Theater"},"image":{"@id":"https:\/\/www.hometheater.com.br\/portal\/#\/schema\/logo\/image\/"},"sameAs":["https:\/\/web.facebook.com\/revistahometheater","https:\/\/x.com\/hometheaterbr"]},{"@type":"Person","@id":"https:\/\/www.hometheater.com.br\/portal\/#\/schema\/person\/3b6bd5a9e2a6c4197c7b98dd7a733d22","name":"Revista Home Theater &amp; Casa Digital","image":{"@type":"ImageObject","inLanguage":"pt-BR","@id":"https:\/\/www.hometheater.com.br\/portal\/#\/schema\/person\/image\/","url":"https:\/\/secure.gravatar.com\/avatar\/fd86f33d841f0f43adcc1665dd80ca740e028af4297e20d3444f9335092a6ee7?s=96&d=mm&r=g","contentUrl":"https:\/\/secure.gravatar.com\/avatar\/fd86f33d841f0f43adcc1665dd80ca740e028af4297e20d3444f9335092a6ee7?s=96&d=mm&r=g","caption":"Revista Home Theater &amp; Casa Digital"},"url":"https:\/\/www.hometheater.com.br\/portal\/author\/flavio\/"}]}},"_links":{"self":[{"href":"https:\/\/www.hometheater.com.br\/portal\/wp-json\/wp\/v2\/posts\/38287","targetHints":{"allow":["GET"]}}],"collection":[{"href":"https:\/\/www.hometheater.com.br\/portal\/wp-json\/wp\/v2\/posts"}],"about":[{"href":"https:\/\/www.hometheater.com.br\/portal\/wp-json\/wp\/v2\/types\/post"}],"author":[{"embeddable":true,"href":"https:\/\/www.hometheater.com.br\/portal\/wp-json\/wp\/v2\/users\/1"}],"replies":[{"embeddable":true,"href":"https:\/\/www.hometheater.com.br\/portal\/wp-json\/wp\/v2\/comments?post=38287"}],"version-history":[{"count":4,"href":"https:\/\/www.hometheater.com.br\/portal\/wp-json\/wp\/v2\/posts\/38287\/revisions"}],"predecessor-version":[{"id":38295,"href":"https:\/\/www.hometheater.com.br\/portal\/wp-json\/wp\/v2\/posts\/38287\/revisions\/38295"}],"wp:featuredmedia":[{"embeddable":true,"href":"https:\/\/www.hometheater.com.br\/portal\/wp-json\/wp\/v2\/media\/38288"}],"wp:attachment":[{"href":"https:\/\/www.hometheater.com.br\/portal\/wp-json\/wp\/v2\/media?parent=38287"}],"wp:term":[{"taxonomy":"category","embeddable":true,"href":"https:\/\/www.hometheater.com.br\/portal\/wp-json\/wp\/v2\/categories?post=38287"},{"taxonomy":"post_tag","embeddable":true,"href":"https:\/\/www.hometheater.com.br\/portal\/wp-json\/wp\/v2\/tags?post=38287"}],"curies":[{"name":"wp","href":"https:\/\/api.w.org\/{rel}","templated":true}]}}