{"id":37563,"date":"2026-04-28T15:56:57","date_gmt":"2026-04-28T18:56:57","guid":{"rendered":"https:\/\/www.hometheater.com.br\/portal\/?p=37563"},"modified":"2026-04-28T15:56:57","modified_gmt":"2026-04-28T18:56:57","slug":"6o-home-theater-workshop-tem-mais-um-patrocinador","status":"publish","type":"post","link":"https:\/\/www.hometheater.com.br\/portal\/2026\/04\/28\/6o-home-theater-workshop-tem-mais-um-patrocinador\/","title":{"rendered":"6\u00ba HOME THEATER WORKSHOP tem mais um patrocinador"},"content":{"rendered":"<p><img loading=\"lazy\" decoding=\"async\" class=\"aligncenter size-full wp-image-37565\" src=\"https:\/\/www.hometheater.com.br\/portal\/wp-content\/uploads\/2026\/04\/genelec_home_theater_workshop_.jpg\" alt=\"\" width=\"800\" height=\"455\" srcset=\"https:\/\/www.hometheater.com.br\/portal\/wp-content\/uploads\/2026\/04\/genelec_home_theater_workshop_.jpg 800w, https:\/\/www.hometheater.com.br\/portal\/wp-content\/uploads\/2026\/04\/genelec_home_theater_workshop_-300x171.jpg 300w, https:\/\/www.hometheater.com.br\/portal\/wp-content\/uploads\/2026\/04\/genelec_home_theater_workshop_-768x437.jpg 768w, https:\/\/www.hometheater.com.br\/portal\/wp-content\/uploads\/2026\/04\/genelec_home_theater_workshop_-400x228.jpg 400w, https:\/\/www.hometheater.com.br\/portal\/wp-content\/uploads\/2026\/04\/genelec_home_theater_workshop_-500x284.jpg 500w\" sizes=\"auto, (max-width: 800px) 100vw, 800px\" \/><\/p>\n<p>A Genelec, uma das marcas mais tradicionais no segmento de \u00e1udio profissional em todo o mundo, une-se \u00e0 Samsung como patrocinadora do\u00a0<a href=\"https:\/\/hometheater.com.br\/landingpage\/home-theater-workshop-6edicao\/\"><strong>6\u00ba HOME THEATER WORKSHOP<\/strong><\/a>, que acontece no pr\u00f3ximo dia 26 de maio.<\/p>\n<p>A empresa, que foi fundada em 1978 na Finl\u00e2ndia, tornou-se refer\u00eancia mundial em \u00e1udio para est\u00fadios de grava\u00e7\u00e3o. No Brasil, a\u00a0<a href=\"https:\/\/www.genelec.com.br\/\" target=\"_blank\" rel=\"noopener\" data-saferedirecturl=\"https:\/\/www.google.com\/url?q=https:\/\/www.genelec.com.br&amp;source=gmail&amp;ust=1777487245672000&amp;usg=AOvVaw1uFVW35jFw7O2EUOLGkSX-\"><b>Genelec<\/b><\/a>\u00a0est\u00e1 presente h\u00e1 cerca de dez anos no setor de \u00e1udio profissional, e agora passa a atuar tamb\u00e9m no segmento de projetos residenciais, atrav\u00e9s da distribuidora AV Pro.<\/p><div class=\"homet-conteudo\" style=\"text-align: center;\" id=\"homet-1524217322\"><div data-cfpa=\"35734\" data-cfpw=\"35734\" id=\"homet-1013267072\"><a data-no-instant=\"1\" href=\"https:\/\/www.harmanluxuryaudio.com\/\" rel=\"noopener\" class=\"a2t-link\" aria-label=\"ARCAM-SA45-BANNER-NEWSLETTER\"><img loading=\"lazy\" decoding=\"async\" src=\"https:\/\/www.hometheater.com.br\/portal\/wp-content\/uploads\/2025\/09\/ARCAM-SA45-BANNER-NEWSLETTER.gif\" alt=\"\"  class=\"no-lazyload\" width=\"300\" height=\"250\"   \/><\/a><\/div><h6><span style=\"color: #808080;\"><em>Publicidade<\/em><\/span><\/h6>\r\n<\/br><script type=\"text\/javascript\">;new advadsCfpAd( 35734 );<\/script><\/div>\n<p>Com patroc\u00ednio de Samsung e Genelec, duas marcas de prest\u00edgio internacional, o <a href=\"https:\/\/hometheater.com.br\/landingpage\/home-theater-workshop-6edicao\/\"><strong>6\u00ba HOME THEATER WORKSHOP<\/strong><\/a> ter\u00e1 um programa com quatro sess\u00f5es:<\/p>\n<p><b>*A\u00a0Revolu\u00e7\u00e3o da TV 3.0 no Brasil<\/b><\/p>\n<p><b>*Como escolher e demonstrar Caixas Ac\u00fasticas<\/b><\/p>\n<p><b>*Usos e aplica\u00e7\u00f5es para pain\u00e9is LED e MicroLED<\/b><\/p>\n<p>A \u00faltima sess\u00e3o ser\u00e1 um tour guiado pelas instala\u00e7\u00f5es do\u00a0<a href=\"https:\/\/www.hometheater.com.br\/portal\/2025\/08\/12\/samsung-inaugura-estudio-com-foco-em-solucoes-profissionais\/\" target=\"_blank\" rel=\"noopener\" data-saferedirecturl=\"https:\/\/www.google.com\/url?q=https:\/\/www.hometheater.com.br\/portal\/2025\/08\/12\/samsung-inaugura-estudio-com-foco-em-solucoes-profissionais\/&amp;source=gmail&amp;ust=1777487245672000&amp;usg=AOvVaw28lccRycafbdHa8w_lAWlO\"><b>Samsung Business Experience Studio<\/b><\/a>, na sede da empresa coreana em S\u00e3o Paulo. O espa\u00e7o (foto), inaugurado em 2025, permite demonstra\u00e7\u00f5es de v\u00e1rias tecnologias audiovisuais, al\u00e9m de servir para treinamento e pesquisa sobre novos produtos.<\/p>\n<p><img loading=\"lazy\" decoding=\"async\" class=\"aligncenter size-full wp-image-37564\" src=\"https:\/\/www.hometheater.com.br\/portal\/wp-content\/uploads\/2026\/04\/samsung_studio_experience_.jpg\" alt=\"\" width=\"550\" height=\"367\" srcset=\"https:\/\/www.hometheater.com.br\/portal\/wp-content\/uploads\/2026\/04\/samsung_studio_experience_.jpg 550w, https:\/\/www.hometheater.com.br\/portal\/wp-content\/uploads\/2026\/04\/samsung_studio_experience_-300x200.jpg 300w, https:\/\/www.hometheater.com.br\/portal\/wp-content\/uploads\/2026\/04\/samsung_studio_experience_-400x267.jpg 400w, https:\/\/www.hometheater.com.br\/portal\/wp-content\/uploads\/2026\/04\/samsung_studio_experience_-500x334.jpg 500w\" sizes=\"auto, (max-width: 550px) 100vw, 550px\" \/><\/p>\n<p>A apresenta\u00e7\u00e3o sobre TV 3.0, a cargo de Jonas Ribeiro, executivo da Rede Globo que \u00e9 um dos respons\u00e1veis pela implanta\u00e7\u00e3o desse sistema no Brasil, ser\u00e1 a primeira totalmente focada nos profissionais de projetos. Eles poder\u00e3o entender melhor as tecnologias envolvidas no\u00a0<a href=\"https:\/\/www.hometheater.com.br\/portal\/2025\/08\/05\/entenda-em-9-pontos-como-a-tv-3-0-vai-mudar-sua-vida\/\" target=\"_blank\" rel=\"noopener\" data-saferedirecturl=\"https:\/\/www.google.com\/url?q=https:\/\/www.hometheater.com.br\/portal\/2025\/08\/05\/entenda-em-9-pontos-como-a-tv-3-0-vai-mudar-sua-vida\/&amp;source=gmail&amp;ust=1777487245672000&amp;usg=AOvVaw3nCdmo3yn-2BwhFCACSpxx\"><b>padr\u00e3o DTV+<\/b><\/a>, a ser inaugurado em junho, e as novas oportunidades de neg\u00f3cio trazidas por essa inova\u00e7\u00e3o.<\/p>\n<p>O <strong><a href=\"https:\/\/hometheater.com.br\/landingpage\/home-theater-workshop-6edicao\/\">6\u00ba HOME THEATER WORKSHOP<\/a><\/strong> \u00e9 um evento 100% presencial voltado a profissionais do segmento, incluindo integradores, revendedores, arquitetos e instaladores de sistemas eletr\u00f4nicos de \u00e1udio, v\u00eddeo e automa\u00e7\u00e3o.<\/p>\n<p>As vagas s\u00e3o limitadas. As inscri\u00e7\u00f5es podem ser feitas no\u00a0<a href=\"https:\/\/hometheater.com.br\/landingpage\/home-theater-workshop-6edicao\/\" target=\"_blank\" rel=\"noopener\" data-saferedirecturl=\"https:\/\/www.google.com\/url?q=https:\/\/hometheater.com.br\/landingpage\/home-theater-workshop-6edicao\/&amp;source=gmail&amp;ust=1777487245672000&amp;usg=AOvVaw2XIO079oCpxmHVcRyXC0f8\"><b>site oficial do evento<\/b><\/a>. Somente profissionais previamente inscritos poder\u00e3o participar. Todos \u00a0receber\u00e3o ao final um Certificado de Participa\u00e7\u00e3o fornecido pela Event Editora, organizadora do Workshop e respons\u00e1vel pelo Portal HT&amp;Casa Digital.<\/p>\n<p><a href=\"https:\/\/www.hometheater.com.br\/portal\/ht-workshop-edicoes-anteriores\/\" target=\"_blank\" rel=\"noopener\" data-saferedirecturl=\"https:\/\/www.google.com\/url?q=https:\/\/www.hometheater.com.br\/portal\/ht-workshop-edicoes-anteriores\/&amp;source=gmail&amp;ust=1777487245672000&amp;usg=AOvVaw3NMCwix8sRzvmDEWCEuT29\"><b>Clique aqui<\/b><\/a>\u00a0para ver as edi\u00e7\u00f5es anteriores do evento.<\/p>\n<p><b>Veja tamb\u00e9m:<\/b><\/p>\n<p><a href=\"https:\/\/www.hometheater.com.br\/portal\/2026\/03\/13\/workshop-uma-experiencia-de-imersao-em-audio-e-video\/\" target=\"_blank\" rel=\"noopener\" data-saferedirecturl=\"https:\/\/www.google.com\/url?q=https:\/\/www.hometheater.com.br\/portal\/2026\/03\/13\/workshop-uma-experiencia-de-imersao-em-audio-e-video\/&amp;source=gmail&amp;ust=1777487245672000&amp;usg=AOvVaw3cpm6P5psQoSTqH_7Lsq1-\"><b>V\u00eddeo: profissionais relatam sua experi\u00eancia no 5\u00ba HOME THEATER WORKSHOP<\/b><\/a><\/p>\n<p><a href=\"https:\/\/orlandobarrozo.blog.br\/2026\/04\/06\/6o-workshop-sera-mais-do-que-especial\/\" target=\"_blank\" rel=\"noopener\" data-saferedirecturl=\"https:\/\/www.google.com\/url?q=https:\/\/orlandobarrozo.blog.br\/2026\/04\/06\/6o-workshop-sera-mais-do-que-especial\/&amp;source=gmail&amp;ust=1777487245672000&amp;usg=AOvVaw1qrjB8wFep9bKiu7OcoR7c\"><b>6\u00aa\u00a0edi\u00e7\u00e3o do HOME THEATER WORKSHOP ser\u00e1 mais do que especial<\/b><\/a><\/p>\n<p><a href=\"https:\/\/www.hometheater.com.br\/portal\/2026\/01\/07\/samsung-mostra-em-las-vegas-a-maior-tv-do-mundo-130-polegadas\/\" target=\"_blank\" rel=\"noopener\" data-saferedirecturl=\"https:\/\/www.google.com\/url?q=https:\/\/www.hometheater.com.br\/portal\/2026\/01\/07\/samsung-mostra-em-las-vegas-a-maior-tv-do-mundo-130-polegadas\/&amp;source=gmail&amp;ust=1777487245672000&amp;usg=AOvVaw2DlFGZgr2Qf33uvorHJ2za\"><b>Samsung mostra em Las Vegas a maior TV do mundo: 130 polegadas<\/b><\/a><\/p>\n<p><b><a href=\"https:\/\/www.hometheater.com.br\/portal\/2016\/04\/26\/caixas-acusticas-antes-de-escolher-ouca-bem\/\" target=\"_blank\" rel=\"noopener\" data-saferedirecturl=\"https:\/\/www.google.com\/url?q=https:\/\/www.hometheater.com.br\/portal\/2016\/04\/26\/caixas-acusticas-antes-de-escolher-ouca-bem\/&amp;source=gmail&amp;ust=1777487245672000&amp;usg=AOvVaw0G0gAa8BrekLy-SaAlA6DH\">Robert Harley: \u201cAntes de escolher suas caixas, ou\u00e7a bem\u201d<\/a><\/b><\/p>\n","protected":false},"excerpt":{"rendered":"<p>A Genelec, uma das marcas mais tradicionais no segmento de \u00e1udio profissional em todo o mundo, une-se \u00e0 Samsung como patrocinadora do\u00a06\u00ba HOME THEATER WORKSHOP,<\/p>\n","protected":false},"author":1,"featured_media":37565,"comment_status":"open","ping_status":"open","sticky":false,"template":"","format":"standard","meta":{"footnotes":""},"categories":[4],"tags":[],"class_list":["post-37563","post","type-post","status-publish","format-standard","has-post-thumbnail","hentry","category-noticias"],"yoast_head":"<!-- This site is optimized with the Yoast SEO plugin v25.7 - https:\/\/yoast.com\/wordpress\/plugins\/seo\/ -->\n<title>6\u00ba HOME THEATER WORKSHOP tem mais um patrocinador - HT &amp; Casa Digital<\/title>\n<meta name=\"robots\" content=\"index, follow, max-snippet:-1, max-image-preview:large, max-video-preview:-1\" \/>\n<link rel=\"canonical\" href=\"https:\/\/www.hometheater.com.br\/portal\/2026\/04\/28\/6o-home-theater-workshop-tem-mais-um-patrocinador\/\" \/>\n<meta property=\"og:locale\" content=\"pt_BR\" \/>\n<meta property=\"og:type\" content=\"article\" \/>\n<meta property=\"og:title\" content=\"6\u00ba HOME THEATER WORKSHOP tem mais um patrocinador - HT &amp; Casa Digital\" \/>\n<meta property=\"og:description\" content=\"A Genelec, uma das marcas mais tradicionais no segmento de \u00e1udio profissional em todo o mundo, une-se \u00e0 Samsung como patrocinadora do\u00a06\u00ba HOME THEATER WORKSHOP,\" \/>\n<meta property=\"og:url\" content=\"https:\/\/www.hometheater.com.br\/portal\/2026\/04\/28\/6o-home-theater-workshop-tem-mais-um-patrocinador\/\" \/>\n<meta property=\"og:site_name\" content=\"HT &amp; Casa Digital\" \/>\n<meta property=\"article:publisher\" content=\"https:\/\/web.facebook.com\/revistahometheater\" \/>\n<meta property=\"article:published_time\" content=\"2026-04-28T18:56:57+00:00\" \/>\n<meta property=\"og:image\" content=\"https:\/\/www.hometheater.com.br\/portal\/wp-content\/uploads\/2026\/04\/genelec_home_theater_workshop_.jpg\" \/>\n\t<meta property=\"og:image:width\" content=\"800\" \/>\n\t<meta property=\"og:image:height\" content=\"455\" \/>\n\t<meta property=\"og:image:type\" content=\"image\/jpeg\" \/>\n<meta name=\"author\" content=\"Revista Home Theater &amp; Casa Digital\" \/>\n<meta name=\"twitter:card\" content=\"summary_large_image\" \/>\n<meta name=\"twitter:creator\" content=\"@hometheaterbr\" \/>\n<meta name=\"twitter:site\" content=\"@hometheaterbr\" \/>\n<meta name=\"twitter:label1\" content=\"Escrito por\" \/>\n\t<meta name=\"twitter:data1\" content=\"Revista Home Theater &amp; Casa Digital\" \/>\n\t<meta name=\"twitter:label2\" content=\"Est. tempo de leitura\" \/>\n\t<meta name=\"twitter:data2\" content=\"2 minutos\" \/>\n<script type=\"application\/ld+json\" class=\"yoast-schema-graph\">{\"@context\":\"https:\/\/schema.org\",\"@graph\":[{\"@type\":\"Article\",\"@id\":\"https:\/\/www.hometheater.com.br\/portal\/2026\/04\/28\/6o-home-theater-workshop-tem-mais-um-patrocinador\/#article\",\"isPartOf\":{\"@id\":\"https:\/\/www.hometheater.com.br\/portal\/2026\/04\/28\/6o-home-theater-workshop-tem-mais-um-patrocinador\/\"},\"author\":{\"name\":\"Revista Home Theater &amp; Casa Digital\",\"@id\":\"https:\/\/www.hometheater.com.br\/portal\/#\/schema\/person\/3b6bd5a9e2a6c4197c7b98dd7a733d22\"},\"headline\":\"6\u00ba HOME THEATER WORKSHOP tem mais um patrocinador\",\"datePublished\":\"2026-04-28T18:56:57+00:00\",\"mainEntityOfPage\":{\"@id\":\"https:\/\/www.hometheater.com.br\/portal\/2026\/04\/28\/6o-home-theater-workshop-tem-mais-um-patrocinador\/\"},\"wordCount\":390,\"commentCount\":0,\"publisher\":{\"@id\":\"https:\/\/www.hometheater.com.br\/portal\/#organization\"},\"image\":{\"@id\":\"https:\/\/www.hometheater.com.br\/portal\/2026\/04\/28\/6o-home-theater-workshop-tem-mais-um-patrocinador\/#primaryimage\"},\"thumbnailUrl\":\"https:\/\/www.hometheater.com.br\/portal\/wp-content\/uploads\/2026\/04\/genelec_home_theater_workshop_.jpg\",\"articleSection\":[\"NOT\u00cdCIAS\"],\"inLanguage\":\"pt-BR\",\"potentialAction\":[{\"@type\":\"CommentAction\",\"name\":\"Comment\",\"target\":[\"https:\/\/www.hometheater.com.br\/portal\/2026\/04\/28\/6o-home-theater-workshop-tem-mais-um-patrocinador\/#respond\"]}]},{\"@type\":\"WebPage\",\"@id\":\"https:\/\/www.hometheater.com.br\/portal\/2026\/04\/28\/6o-home-theater-workshop-tem-mais-um-patrocinador\/\",\"url\":\"https:\/\/www.hometheater.com.br\/portal\/2026\/04\/28\/6o-home-theater-workshop-tem-mais-um-patrocinador\/\",\"name\":\"6\u00ba HOME THEATER WORKSHOP tem mais um patrocinador - HT &amp; Casa Digital\",\"isPartOf\":{\"@id\":\"https:\/\/www.hometheater.com.br\/portal\/#website\"},\"primaryImageOfPage\":{\"@id\":\"https:\/\/www.hometheater.com.br\/portal\/2026\/04\/28\/6o-home-theater-workshop-tem-mais-um-patrocinador\/#primaryimage\"},\"image\":{\"@id\":\"https:\/\/www.hometheater.com.br\/portal\/2026\/04\/28\/6o-home-theater-workshop-tem-mais-um-patrocinador\/#primaryimage\"},\"thumbnailUrl\":\"https:\/\/www.hometheater.com.br\/portal\/wp-content\/uploads\/2026\/04\/genelec_home_theater_workshop_.jpg\",\"datePublished\":\"2026-04-28T18:56:57+00:00\",\"breadcrumb\":{\"@id\":\"https:\/\/www.hometheater.com.br\/portal\/2026\/04\/28\/6o-home-theater-workshop-tem-mais-um-patrocinador\/#breadcrumb\"},\"inLanguage\":\"pt-BR\",\"potentialAction\":[{\"@type\":\"ReadAction\",\"target\":[\"https:\/\/www.hometheater.com.br\/portal\/2026\/04\/28\/6o-home-theater-workshop-tem-mais-um-patrocinador\/\"]}]},{\"@type\":\"ImageObject\",\"inLanguage\":\"pt-BR\",\"@id\":\"https:\/\/www.hometheater.com.br\/portal\/2026\/04\/28\/6o-home-theater-workshop-tem-mais-um-patrocinador\/#primaryimage\",\"url\":\"https:\/\/www.hometheater.com.br\/portal\/wp-content\/uploads\/2026\/04\/genelec_home_theater_workshop_.jpg\",\"contentUrl\":\"https:\/\/www.hometheater.com.br\/portal\/wp-content\/uploads\/2026\/04\/genelec_home_theater_workshop_.jpg\",\"width\":800,\"height\":455},{\"@type\":\"BreadcrumbList\",\"@id\":\"https:\/\/www.hometheater.com.br\/portal\/2026\/04\/28\/6o-home-theater-workshop-tem-mais-um-patrocinador\/#breadcrumb\",\"itemListElement\":[{\"@type\":\"ListItem\",\"position\":1,\"name\":\"In\u00edcio\",\"item\":\"https:\/\/www.hometheater.com.br\/portal\/\"},{\"@type\":\"ListItem\",\"position\":2,\"name\":\"6\u00ba HOME THEATER WORKSHOP tem mais um patrocinador\"}]},{\"@type\":\"WebSite\",\"@id\":\"https:\/\/www.hometheater.com.br\/portal\/#website\",\"url\":\"https:\/\/www.hometheater.com.br\/portal\/\",\"name\":\"HT &amp; Casa Digital\",\"description\":\"O mundo digital em sua casa\",\"publisher\":{\"@id\":\"https:\/\/www.hometheater.com.br\/portal\/#organization\"},\"potentialAction\":[{\"@type\":\"SearchAction\",\"target\":{\"@type\":\"EntryPoint\",\"urlTemplate\":\"https:\/\/www.hometheater.com.br\/portal\/?s={search_term_string}\"},\"query-input\":{\"@type\":\"PropertyValueSpecification\",\"valueRequired\":true,\"valueName\":\"search_term_string\"}}],\"inLanguage\":\"pt-BR\"},{\"@type\":\"Organization\",\"@id\":\"https:\/\/www.hometheater.com.br\/portal\/#organization\",\"name\":\"Home Theater\",\"url\":\"https:\/\/www.hometheater.com.br\/portal\/\",\"logo\":{\"@type\":\"ImageObject\",\"inLanguage\":\"pt-BR\",\"@id\":\"https:\/\/www.hometheater.com.br\/portal\/#\/schema\/logo\/image\/\",\"url\":\"https:\/\/www.hometheater.com.br\/portal\/wp-content\/uploads\/2022\/06\/assine_ht_01.png\",\"contentUrl\":\"https:\/\/www.hometheater.com.br\/portal\/wp-content\/uploads\/2022\/06\/assine_ht_01.png\",\"width\":800,\"height\":254,\"caption\":\"Home Theater\"},\"image\":{\"@id\":\"https:\/\/www.hometheater.com.br\/portal\/#\/schema\/logo\/image\/\"},\"sameAs\":[\"https:\/\/web.facebook.com\/revistahometheater\",\"https:\/\/x.com\/hometheaterbr\"]},{\"@type\":\"Person\",\"@id\":\"https:\/\/www.hometheater.com.br\/portal\/#\/schema\/person\/3b6bd5a9e2a6c4197c7b98dd7a733d22\",\"name\":\"Revista Home Theater &amp; Casa Digital\",\"image\":{\"@type\":\"ImageObject\",\"inLanguage\":\"pt-BR\",\"@id\":\"https:\/\/www.hometheater.com.br\/portal\/#\/schema\/person\/image\/\",\"url\":\"https:\/\/secure.gravatar.com\/avatar\/fd86f33d841f0f43adcc1665dd80ca740e028af4297e20d3444f9335092a6ee7?s=96&d=mm&r=g\",\"contentUrl\":\"https:\/\/secure.gravatar.com\/avatar\/fd86f33d841f0f43adcc1665dd80ca740e028af4297e20d3444f9335092a6ee7?s=96&d=mm&r=g\",\"caption\":\"Revista Home Theater &amp; Casa Digital\"},\"url\":\"https:\/\/www.hometheater.com.br\/portal\/author\/flavio\/\"}]}<\/script>\n<!-- \/ Yoast SEO plugin. -->","yoast_head_json":{"title":"6\u00ba HOME THEATER WORKSHOP tem mais um patrocinador - HT &amp; Casa Digital","robots":{"index":"index","follow":"follow","max-snippet":"max-snippet:-1","max-image-preview":"max-image-preview:large","max-video-preview":"max-video-preview:-1"},"canonical":"https:\/\/www.hometheater.com.br\/portal\/2026\/04\/28\/6o-home-theater-workshop-tem-mais-um-patrocinador\/","og_locale":"pt_BR","og_type":"article","og_title":"6\u00ba HOME THEATER WORKSHOP tem mais um patrocinador - HT &amp; Casa Digital","og_description":"A Genelec, uma das marcas mais tradicionais no segmento de \u00e1udio profissional em todo o mundo, une-se \u00e0 Samsung como patrocinadora do\u00a06\u00ba HOME THEATER WORKSHOP,","og_url":"https:\/\/www.hometheater.com.br\/portal\/2026\/04\/28\/6o-home-theater-workshop-tem-mais-um-patrocinador\/","og_site_name":"HT &amp; Casa Digital","article_publisher":"https:\/\/web.facebook.com\/revistahometheater","article_published_time":"2026-04-28T18:56:57+00:00","og_image":[{"width":800,"height":455,"url":"https:\/\/www.hometheater.com.br\/portal\/wp-content\/uploads\/2026\/04\/genelec_home_theater_workshop_.jpg","type":"image\/jpeg"}],"author":"Revista Home Theater &amp; Casa Digital","twitter_card":"summary_large_image","twitter_creator":"@hometheaterbr","twitter_site":"@hometheaterbr","twitter_misc":{"Escrito por":"Revista Home Theater &amp; Casa Digital","Est. tempo de leitura":"2 minutos"},"schema":{"@context":"https:\/\/schema.org","@graph":[{"@type":"Article","@id":"https:\/\/www.hometheater.com.br\/portal\/2026\/04\/28\/6o-home-theater-workshop-tem-mais-um-patrocinador\/#article","isPartOf":{"@id":"https:\/\/www.hometheater.com.br\/portal\/2026\/04\/28\/6o-home-theater-workshop-tem-mais-um-patrocinador\/"},"author":{"name":"Revista Home Theater &amp; Casa Digital","@id":"https:\/\/www.hometheater.com.br\/portal\/#\/schema\/person\/3b6bd5a9e2a6c4197c7b98dd7a733d22"},"headline":"6\u00ba HOME THEATER WORKSHOP tem mais um patrocinador","datePublished":"2026-04-28T18:56:57+00:00","mainEntityOfPage":{"@id":"https:\/\/www.hometheater.com.br\/portal\/2026\/04\/28\/6o-home-theater-workshop-tem-mais-um-patrocinador\/"},"wordCount":390,"commentCount":0,"publisher":{"@id":"https:\/\/www.hometheater.com.br\/portal\/#organization"},"image":{"@id":"https:\/\/www.hometheater.com.br\/portal\/2026\/04\/28\/6o-home-theater-workshop-tem-mais-um-patrocinador\/#primaryimage"},"thumbnailUrl":"https:\/\/www.hometheater.com.br\/portal\/wp-content\/uploads\/2026\/04\/genelec_home_theater_workshop_.jpg","articleSection":["NOT\u00cdCIAS"],"inLanguage":"pt-BR","potentialAction":[{"@type":"CommentAction","name":"Comment","target":["https:\/\/www.hometheater.com.br\/portal\/2026\/04\/28\/6o-home-theater-workshop-tem-mais-um-patrocinador\/#respond"]}]},{"@type":"WebPage","@id":"https:\/\/www.hometheater.com.br\/portal\/2026\/04\/28\/6o-home-theater-workshop-tem-mais-um-patrocinador\/","url":"https:\/\/www.hometheater.com.br\/portal\/2026\/04\/28\/6o-home-theater-workshop-tem-mais-um-patrocinador\/","name":"6\u00ba HOME THEATER WORKSHOP tem mais um patrocinador - HT &amp; Casa Digital","isPartOf":{"@id":"https:\/\/www.hometheater.com.br\/portal\/#website"},"primaryImageOfPage":{"@id":"https:\/\/www.hometheater.com.br\/portal\/2026\/04\/28\/6o-home-theater-workshop-tem-mais-um-patrocinador\/#primaryimage"},"image":{"@id":"https:\/\/www.hometheater.com.br\/portal\/2026\/04\/28\/6o-home-theater-workshop-tem-mais-um-patrocinador\/#primaryimage"},"thumbnailUrl":"https:\/\/www.hometheater.com.br\/portal\/wp-content\/uploads\/2026\/04\/genelec_home_theater_workshop_.jpg","datePublished":"2026-04-28T18:56:57+00:00","breadcrumb":{"@id":"https:\/\/www.hometheater.com.br\/portal\/2026\/04\/28\/6o-home-theater-workshop-tem-mais-um-patrocinador\/#breadcrumb"},"inLanguage":"pt-BR","potentialAction":[{"@type":"ReadAction","target":["https:\/\/www.hometheater.com.br\/portal\/2026\/04\/28\/6o-home-theater-workshop-tem-mais-um-patrocinador\/"]}]},{"@type":"ImageObject","inLanguage":"pt-BR","@id":"https:\/\/www.hometheater.com.br\/portal\/2026\/04\/28\/6o-home-theater-workshop-tem-mais-um-patrocinador\/#primaryimage","url":"https:\/\/www.hometheater.com.br\/portal\/wp-content\/uploads\/2026\/04\/genelec_home_theater_workshop_.jpg","contentUrl":"https:\/\/www.hometheater.com.br\/portal\/wp-content\/uploads\/2026\/04\/genelec_home_theater_workshop_.jpg","width":800,"height":455},{"@type":"BreadcrumbList","@id":"https:\/\/www.hometheater.com.br\/portal\/2026\/04\/28\/6o-home-theater-workshop-tem-mais-um-patrocinador\/#breadcrumb","itemListElement":[{"@type":"ListItem","position":1,"name":"In\u00edcio","item":"https:\/\/www.hometheater.com.br\/portal\/"},{"@type":"ListItem","position":2,"name":"6\u00ba HOME THEATER WORKSHOP tem mais um patrocinador"}]},{"@type":"WebSite","@id":"https:\/\/www.hometheater.com.br\/portal\/#website","url":"https:\/\/www.hometheater.com.br\/portal\/","name":"HT &amp; Casa Digital","description":"O mundo digital em sua casa","publisher":{"@id":"https:\/\/www.hometheater.com.br\/portal\/#organization"},"potentialAction":[{"@type":"SearchAction","target":{"@type":"EntryPoint","urlTemplate":"https:\/\/www.hometheater.com.br\/portal\/?s={search_term_string}"},"query-input":{"@type":"PropertyValueSpecification","valueRequired":true,"valueName":"search_term_string"}}],"inLanguage":"pt-BR"},{"@type":"Organization","@id":"https:\/\/www.hometheater.com.br\/portal\/#organization","name":"Home Theater","url":"https:\/\/www.hometheater.com.br\/portal\/","logo":{"@type":"ImageObject","inLanguage":"pt-BR","@id":"https:\/\/www.hometheater.com.br\/portal\/#\/schema\/logo\/image\/","url":"https:\/\/www.hometheater.com.br\/portal\/wp-content\/uploads\/2022\/06\/assine_ht_01.png","contentUrl":"https:\/\/www.hometheater.com.br\/portal\/wp-content\/uploads\/2022\/06\/assine_ht_01.png","width":800,"height":254,"caption":"Home Theater"},"image":{"@id":"https:\/\/www.hometheater.com.br\/portal\/#\/schema\/logo\/image\/"},"sameAs":["https:\/\/web.facebook.com\/revistahometheater","https:\/\/x.com\/hometheaterbr"]},{"@type":"Person","@id":"https:\/\/www.hometheater.com.br\/portal\/#\/schema\/person\/3b6bd5a9e2a6c4197c7b98dd7a733d22","name":"Revista Home Theater &amp; Casa Digital","image":{"@type":"ImageObject","inLanguage":"pt-BR","@id":"https:\/\/www.hometheater.com.br\/portal\/#\/schema\/person\/image\/","url":"https:\/\/secure.gravatar.com\/avatar\/fd86f33d841f0f43adcc1665dd80ca740e028af4297e20d3444f9335092a6ee7?s=96&d=mm&r=g","contentUrl":"https:\/\/secure.gravatar.com\/avatar\/fd86f33d841f0f43adcc1665dd80ca740e028af4297e20d3444f9335092a6ee7?s=96&d=mm&r=g","caption":"Revista Home Theater &amp; Casa Digital"},"url":"https:\/\/www.hometheater.com.br\/portal\/author\/flavio\/"}]}},"_links":{"self":[{"href":"https:\/\/www.hometheater.com.br\/portal\/wp-json\/wp\/v2\/posts\/37563","targetHints":{"allow":["GET"]}}],"collection":[{"href":"https:\/\/www.hometheater.com.br\/portal\/wp-json\/wp\/v2\/posts"}],"about":[{"href":"https:\/\/www.hometheater.com.br\/portal\/wp-json\/wp\/v2\/types\/post"}],"author":[{"embeddable":true,"href":"https:\/\/www.hometheater.com.br\/portal\/wp-json\/wp\/v2\/users\/1"}],"replies":[{"embeddable":true,"href":"https:\/\/www.hometheater.com.br\/portal\/wp-json\/wp\/v2\/comments?post=37563"}],"version-history":[{"count":1,"href":"https:\/\/www.hometheater.com.br\/portal\/wp-json\/wp\/v2\/posts\/37563\/revisions"}],"predecessor-version":[{"id":37566,"href":"https:\/\/www.hometheater.com.br\/portal\/wp-json\/wp\/v2\/posts\/37563\/revisions\/37566"}],"wp:featuredmedia":[{"embeddable":true,"href":"https:\/\/www.hometheater.com.br\/portal\/wp-json\/wp\/v2\/media\/37565"}],"wp:attachment":[{"href":"https:\/\/www.hometheater.com.br\/portal\/wp-json\/wp\/v2\/media?parent=37563"}],"wp:term":[{"taxonomy":"category","embeddable":true,"href":"https:\/\/www.hometheater.com.br\/portal\/wp-json\/wp\/v2\/categories?post=37563"},{"taxonomy":"post_tag","embeddable":true,"href":"https:\/\/www.hometheater.com.br\/portal\/wp-json\/wp\/v2\/tags?post=37563"}],"curies":[{"name":"wp","href":"https:\/\/api.w.org\/{rel}","templated":true}]}}