{"id":37008,"date":"2026-01-28T07:41:57","date_gmt":"2026-01-28T10:41:57","guid":{"rendered":"https:\/\/www.hometheater.com.br\/portal\/?p=37008"},"modified":"2026-01-28T07:41:57","modified_gmt":"2026-01-28T10:41:57","slug":"marca-icone-do-audio-alema-neumann-amplia-distribuicao-no-brasil","status":"publish","type":"post","link":"https:\/\/www.hometheater.com.br\/portal\/2026\/01\/28\/marca-icone-do-audio-alema-neumann-amplia-distribuicao-no-brasil\/","title":{"rendered":"Marca \u00edcone do \u00e1udio, alem\u00e3 Neumann amplia distribui\u00e7\u00e3o no Brasil"},"content":{"rendered":"<p><img loading=\"lazy\" decoding=\"async\" class=\"aligncenter size-full wp-image-37009\" src=\"https:\/\/www.hometheater.com.br\/portal\/wp-content\/uploads\/2026\/01\/KH_310-In_Studio.jpg\" alt=\"\" width=\"800\" height=\"524\" srcset=\"https:\/\/www.hometheater.com.br\/portal\/wp-content\/uploads\/2026\/01\/KH_310-In_Studio.jpg 800w, https:\/\/www.hometheater.com.br\/portal\/wp-content\/uploads\/2026\/01\/KH_310-In_Studio-300x197.jpg 300w, https:\/\/www.hometheater.com.br\/portal\/wp-content\/uploads\/2026\/01\/KH_310-In_Studio-768x503.jpg 768w, https:\/\/www.hometheater.com.br\/portal\/wp-content\/uploads\/2026\/01\/KH_310-In_Studio-400x262.jpg 400w, https:\/\/www.hometheater.com.br\/portal\/wp-content\/uploads\/2026\/01\/KH_310-In_Studio-500x328.jpg 500w\" sizes=\"auto, (max-width: 800px) 100vw, 800px\" \/><\/p>\n<p>Neumann, uma das marcas mais celebradas pelos profissionais de \u00e1udio em todo o mundo, est\u00e1 trazendo ao mercado brasileiro suas caixas ac\u00fasticas da categoria\u00a0<b>\u201cstudio monitor\u201d<\/b>. S\u00e3o 8 modelos bookshelf e 2 subwoofers projetados originalmente para uso em\u00a0<b>est\u00fadios de grava\u00e7\u00e3o<\/b>, mas que a empresa pretende agora colocar tamb\u00e9m nas resid\u00eancias dos brasileiros.<\/p>\n<p>A marca Neumann pertence \u00e0\u00a0<b>alem\u00e3 Sennheiser<\/b>, que em 2021 decidiu sair do segmento consumer para se dedicar a solu\u00e7\u00f5es profissionais. Isso abriu espa\u00e7o para a Neumann, marca quase centen\u00e1ria (foi\u00a0<b>fundada em 1928<\/b>), que al\u00e9m de caixas ac\u00fasticas \u00e9 famosa por seus microfones e fones de ouvido (<a href=\"https:\/\/www.neumann.com\/en-us\/company\/about-us#:~:text=The%20company%20headquarters%20with%20the,broadcast%20and%20recording%20studio%20scene\" target=\"_blank\" rel=\"noopener\" data-saferedirecturl=\"https:\/\/www.google.com\/url?q=https:\/\/www.neumann.com\/en-us\/company\/about-us%23:~:text%3DThe%2520company%2520headquarters%2520with%2520the,broadcast%2520and%2520recording%2520studio%2520scene&amp;source=gmail&amp;ust=1769681616332000&amp;usg=AOvVaw2vRJtta9ZYYNBgg17PzBwd\"><b>conhe\u00e7a aqui sua hist\u00f3ria<\/b><\/a>).<\/p><div class=\"homet-conteudo\" style=\"text-align: center;\" id=\"homet-2831917530\"><div data-cfpa=\"35734\" data-cfpw=\"35734\" id=\"homet-4210530810\"><a data-no-instant=\"1\" href=\"https:\/\/www.harmanluxuryaudio.com\/\" rel=\"noopener\" class=\"a2t-link\" aria-label=\"ARCAM-SA45-BANNER-NEWSLETTER\"><img loading=\"lazy\" decoding=\"async\" src=\"https:\/\/www.hometheater.com.br\/portal\/wp-content\/uploads\/2025\/09\/ARCAM-SA45-BANNER-NEWSLETTER.gif\" alt=\"\"  class=\"no-lazyload\" width=\"300\" height=\"250\"   \/><\/a><\/div><h6><span style=\"color: #808080;\"><em>Publicidade<\/em><\/span><\/h6>\r\n<\/br><script type=\"text\/javascript\">;new advadsCfpAd( 35734 );<\/script><\/div>\n<p>No Brasil, a Neumann agora \u00e9 distribu\u00edda pelo\u00a0<b>grupo Multi<\/b>, que recentemente assumiu a representa\u00e7\u00e3o da Sennheiser no pa\u00eds. At\u00e9 agora, a comercializa\u00e7\u00e3o estava a cargo da\u00a0<b>CMV<\/b>, distribuidora que foi adquirida pelo Multi mantendo no comando Daniel Reis, fundador e respons\u00e1vel pela empresa.<\/p>\n<p>Toda a equipe da CMV se transferiu para a Multi e, segundo Reis, continuar\u00e1 atuando da mesma forma, com atendimento direto a est\u00fadios de grava\u00e7\u00e3o, emissoras, artistas e revendas especializadas. Com f\u00e1bricas em Manaus, Extrema (MG) e um\u00a0<b>laborat\u00f3rio na China<\/b>, a Multi tem uma ampla rede de pontos de venda espalhados pelo pa\u00eds.<\/p>\n<p>&nbsp;<\/p>\n<h3><span style=\"text-decoration: underline;\"><b>A linha de caixas Neumann<\/b><\/span><\/h3>\n<p>As studio monitors da Neumann herdam o refinamento dos fones e microfones da marca, com amplifica\u00e7\u00e3o pr\u00f3pria e especifica\u00e7\u00f5es de alto padr\u00e3o. O modelo de entrada \u00e9 a\u00a0<b>KH80 DSP<\/b>, uma bookshelf 2-vias que libera 190W de pot\u00eancia (120W pelo woofer de 4\u201d e 70W pelo tweeter de 1\u201d). Mede apenas 23x19cm e pesa 4.1kg, com press\u00e3o sonora medida em 108.8dB.<\/p>\n<p>J\u00e1 a\u00a0<b>KH310<\/b>\u00a0(foto acima) \u00e9 bem maior (38x25cm, 15kg),\u00a0<b>triamplificada<\/b>\u00a0e tem especifica\u00e7\u00f5es mais avan\u00e7adas. Seu woofer de 8,25\u201d libera 150W, enquanto mid-range e tweeter liberam 70W cada, totalizando 290W. Segundo o fabricante, a resposta de graves desce at\u00e9 34Hz (+\/-3dB).<\/p>\n<p>A caixa top de linha da Neumann \u00e9 a\u00a0<b>KH420<\/b>, que chega a\u00a0<b>122,4dB de SPL<\/b>\u00a0e reproduz graves de at\u00e9 26Hz, informa a empresa. Seu gabinete \u00e9 constru\u00eddo de uma liga patenteada pela Neumann, chamada\u00a0<b>LRIM<\/b>\u00a0(<i>Low Resonance Integral Molding<\/i>), capaz de reduzir significativamente as vibra\u00e7\u00f5es internas e suas resson\u00e2ncias.<\/p>\n<p>Entre os subwoofers da Neumann \u00e0 venda no Brasil, destaque para o\u00a0<b>KH750<\/b>, um sub de n\u00edvel profissional que cobre a faixa de\u00a0<b>18 a 750Hz<\/b>\u00a0(+3dB). Na descri\u00e7\u00e3o da fabricante alem\u00e3, seu falante de 10\u201d tem excurs\u00e3o ultra-longa, chegando a 256W de pot\u00eancia e SPL de 105dB.<\/p>\n<p>Mais detalhes sobre esses e outros produtos podem ser encontrados\u00a0<a href=\"https:\/\/pt-br.shop.sennheiser.com\/collections\/monitores-de-estudio\" target=\"_blank\" rel=\"noopener\" data-saferedirecturl=\"https:\/\/www.google.com\/url?q=https:\/\/pt-br.shop.sennheiser.com\/collections\/monitores-de-estudio&amp;source=gmail&amp;ust=1769681616332000&amp;usg=AOvVaw3S7TkAblNfDi3XmOb8_9fT\"><b>neste link<\/b><\/a>.<\/p>\n<p><b>FONTE: Neumann<\/b><\/p>\n<p><b>\u00a0<\/b><\/p>\n<div>\n<p><b>Veja tamb\u00e9m:<\/b><\/p>\n<p><a href=\"https:\/\/orlandobarrozo.blog.br\/2025\/11\/03\/galeria-de-audio-high-end-em-sao-paulo\/\" target=\"_blank\" rel=\"noopener\" data-saferedirecturl=\"https:\/\/www.google.com\/url?q=https:\/\/orlandobarrozo.blog.br\/2025\/11\/03\/galeria-de-audio-high-end-em-sao-paulo\/&amp;source=gmail&amp;ust=1769681616332000&amp;usg=AOvVaw1YA_kbsTDcjAzWSkc-ZYuG\"><b>S\u00e3o Paulo ganha galeria de \u00e1udio high-end com caixas Wilson Audio<\/b><\/a><\/p>\n<p><a href=\"https:\/\/www.hometheater.com.br\/portal\/2024\/10\/07\/caixa-bw-603-s3-o-sonho-mais-perto-da-realidade\/\" target=\"_blank\" rel=\"noopener\" data-saferedirecturl=\"https:\/\/www.google.com\/url?q=https:\/\/www.hometheater.com.br\/portal\/2024\/10\/07\/caixa-bw-603-s3-o-sonho-mais-perto-da-realidade\/&amp;source=gmail&amp;ust=1769681616332000&amp;usg=AOvVaw3ukwRcPv3Juiwb14aqCsou\"><b>Veja o teste completo da caixa B&amp;W 603 S3, com tweeter de tit\u00e2nio<\/b><\/a><\/p>\n<p><a href=\"https:\/\/www.hometheater.com.br\/portal\/2025\/08\/08\/harman-assume-distribuicao-de-suas-marcas-luxury-no-brasil\/\" target=\"_blank\" rel=\"noopener\" data-saferedirecturl=\"https:\/\/www.google.com\/url?q=https:\/\/www.hometheater.com.br\/portal\/2025\/08\/08\/harman-assume-distribuicao-de-suas-marcas-luxury-no-brasil\/&amp;source=gmail&amp;ust=1769681616332000&amp;usg=AOvVaw1_Rr1ezVZxdFo9cufRgOL5\"><b>Harman assume distribui\u00e7\u00e3o de suas marcvas Luxury no Brasil<\/b><\/a><\/p>\n<p><b><a href=\"https:\/\/www.hometheater.com.br\/portal\/2026\/01\/19\/aat-amplia-oferta-de-subwoofers-com-modelo-compact-de-6-polegadas-com-modelo-cube-de-6-polegadas\/\" target=\"_blank\" rel=\"noopener\" data-saferedirecturl=\"https:\/\/www.google.com\/url?q=https:\/\/www.hometheater.com.br\/portal\/2026\/01\/19\/aat-amplia-oferta-de-subwoofers-com-modelo-compact-de-6-polegadas-com-modelo-cube-de-6-polegadas\/&amp;source=gmail&amp;ust=1769681616332000&amp;usg=AOvVaw3Na_6fbeSTcCrzZjXiEGcq\">AAT amplia oferta de subwoofers com modelo Compact de 6 polegadas<\/a><\/b><\/p>\n<\/div>\n","protected":false},"excerpt":{"rendered":"<p>Neumann, uma das marcas mais celebradas pelos profissionais de \u00e1udio em todo o mundo, est\u00e1 trazendo ao mercado brasileiro suas caixas ac\u00fasticas da categoria\u00a0\u201cstudio monitor\u201d.<\/p>\n","protected":false},"author":1,"featured_media":37009,"comment_status":"open","ping_status":"open","sticky":false,"template":"","format":"standard","meta":{"footnotes":""},"categories":[4],"tags":[],"class_list":["post-37008","post","type-post","status-publish","format-standard","has-post-thumbnail","hentry","category-noticias"],"yoast_head":"<!-- This site is optimized with the Yoast SEO plugin v25.7 - https:\/\/yoast.com\/wordpress\/plugins\/seo\/ -->\n<title>Marca \u00edcone do \u00e1udio, alem\u00e3 Neumann amplia distribui\u00e7\u00e3o no Brasil - HT &amp; Casa Digital<\/title>\n<meta name=\"robots\" content=\"index, follow, max-snippet:-1, max-image-preview:large, max-video-preview:-1\" \/>\n<link rel=\"canonical\" href=\"https:\/\/www.hometheater.com.br\/portal\/2026\/01\/28\/marca-icone-do-audio-alema-neumann-amplia-distribuicao-no-brasil\/\" \/>\n<meta property=\"og:locale\" content=\"pt_BR\" \/>\n<meta property=\"og:type\" content=\"article\" \/>\n<meta property=\"og:title\" content=\"Marca \u00edcone do \u00e1udio, alem\u00e3 Neumann amplia distribui\u00e7\u00e3o no Brasil - HT &amp; Casa Digital\" \/>\n<meta property=\"og:description\" content=\"Neumann, uma das marcas mais celebradas pelos profissionais de \u00e1udio em todo o mundo, est\u00e1 trazendo ao mercado brasileiro suas caixas ac\u00fasticas da categoria\u00a0\u201cstudio monitor\u201d.\" \/>\n<meta property=\"og:url\" content=\"https:\/\/www.hometheater.com.br\/portal\/2026\/01\/28\/marca-icone-do-audio-alema-neumann-amplia-distribuicao-no-brasil\/\" \/>\n<meta property=\"og:site_name\" content=\"HT &amp; Casa Digital\" \/>\n<meta property=\"article:publisher\" content=\"https:\/\/web.facebook.com\/revistahometheater\" \/>\n<meta property=\"article:published_time\" content=\"2026-01-28T10:41:57+00:00\" \/>\n<meta property=\"og:image\" content=\"https:\/\/www.hometheater.com.br\/portal\/wp-content\/uploads\/2026\/01\/KH_310-In_Studio.jpg\" \/>\n\t<meta property=\"og:image:width\" content=\"800\" \/>\n\t<meta property=\"og:image:height\" content=\"524\" \/>\n\t<meta property=\"og:image:type\" content=\"image\/jpeg\" \/>\n<meta name=\"author\" content=\"Revista Home Theater &amp; Casa Digital\" \/>\n<meta name=\"twitter:card\" content=\"summary_large_image\" \/>\n<meta name=\"twitter:creator\" content=\"@hometheaterbr\" \/>\n<meta name=\"twitter:site\" content=\"@hometheaterbr\" \/>\n<meta name=\"twitter:label1\" content=\"Escrito por\" \/>\n\t<meta name=\"twitter:data1\" content=\"Revista Home Theater &amp; Casa Digital\" \/>\n\t<meta name=\"twitter:label2\" content=\"Est. tempo de leitura\" \/>\n\t<meta name=\"twitter:data2\" content=\"2 minutos\" \/>\n<script type=\"application\/ld+json\" class=\"yoast-schema-graph\">{\"@context\":\"https:\/\/schema.org\",\"@graph\":[{\"@type\":\"Article\",\"@id\":\"https:\/\/www.hometheater.com.br\/portal\/2026\/01\/28\/marca-icone-do-audio-alema-neumann-amplia-distribuicao-no-brasil\/#article\",\"isPartOf\":{\"@id\":\"https:\/\/www.hometheater.com.br\/portal\/2026\/01\/28\/marca-icone-do-audio-alema-neumann-amplia-distribuicao-no-brasil\/\"},\"author\":{\"name\":\"Revista Home Theater &amp; Casa Digital\",\"@id\":\"https:\/\/www.hometheater.com.br\/portal\/#\/schema\/person\/3b6bd5a9e2a6c4197c7b98dd7a733d22\"},\"headline\":\"Marca \u00edcone do \u00e1udio, alem\u00e3 Neumann amplia distribui\u00e7\u00e3o no Brasil\",\"datePublished\":\"2026-01-28T10:41:57+00:00\",\"mainEntityOfPage\":{\"@id\":\"https:\/\/www.hometheater.com.br\/portal\/2026\/01\/28\/marca-icone-do-audio-alema-neumann-amplia-distribuicao-no-brasil\/\"},\"wordCount\":510,\"commentCount\":0,\"publisher\":{\"@id\":\"https:\/\/www.hometheater.com.br\/portal\/#organization\"},\"image\":{\"@id\":\"https:\/\/www.hometheater.com.br\/portal\/2026\/01\/28\/marca-icone-do-audio-alema-neumann-amplia-distribuicao-no-brasil\/#primaryimage\"},\"thumbnailUrl\":\"https:\/\/www.hometheater.com.br\/portal\/wp-content\/uploads\/2026\/01\/KH_310-In_Studio.jpg\",\"articleSection\":[\"NOT\u00cdCIAS\"],\"inLanguage\":\"pt-BR\",\"potentialAction\":[{\"@type\":\"CommentAction\",\"name\":\"Comment\",\"target\":[\"https:\/\/www.hometheater.com.br\/portal\/2026\/01\/28\/marca-icone-do-audio-alema-neumann-amplia-distribuicao-no-brasil\/#respond\"]}]},{\"@type\":\"WebPage\",\"@id\":\"https:\/\/www.hometheater.com.br\/portal\/2026\/01\/28\/marca-icone-do-audio-alema-neumann-amplia-distribuicao-no-brasil\/\",\"url\":\"https:\/\/www.hometheater.com.br\/portal\/2026\/01\/28\/marca-icone-do-audio-alema-neumann-amplia-distribuicao-no-brasil\/\",\"name\":\"Marca \u00edcone do \u00e1udio, alem\u00e3 Neumann amplia distribui\u00e7\u00e3o no Brasil - HT &amp; Casa Digital\",\"isPartOf\":{\"@id\":\"https:\/\/www.hometheater.com.br\/portal\/#website\"},\"primaryImageOfPage\":{\"@id\":\"https:\/\/www.hometheater.com.br\/portal\/2026\/01\/28\/marca-icone-do-audio-alema-neumann-amplia-distribuicao-no-brasil\/#primaryimage\"},\"image\":{\"@id\":\"https:\/\/www.hometheater.com.br\/portal\/2026\/01\/28\/marca-icone-do-audio-alema-neumann-amplia-distribuicao-no-brasil\/#primaryimage\"},\"thumbnailUrl\":\"https:\/\/www.hometheater.com.br\/portal\/wp-content\/uploads\/2026\/01\/KH_310-In_Studio.jpg\",\"datePublished\":\"2026-01-28T10:41:57+00:00\",\"breadcrumb\":{\"@id\":\"https:\/\/www.hometheater.com.br\/portal\/2026\/01\/28\/marca-icone-do-audio-alema-neumann-amplia-distribuicao-no-brasil\/#breadcrumb\"},\"inLanguage\":\"pt-BR\",\"potentialAction\":[{\"@type\":\"ReadAction\",\"target\":[\"https:\/\/www.hometheater.com.br\/portal\/2026\/01\/28\/marca-icone-do-audio-alema-neumann-amplia-distribuicao-no-brasil\/\"]}]},{\"@type\":\"ImageObject\",\"inLanguage\":\"pt-BR\",\"@id\":\"https:\/\/www.hometheater.com.br\/portal\/2026\/01\/28\/marca-icone-do-audio-alema-neumann-amplia-distribuicao-no-brasil\/#primaryimage\",\"url\":\"https:\/\/www.hometheater.com.br\/portal\/wp-content\/uploads\/2026\/01\/KH_310-In_Studio.jpg\",\"contentUrl\":\"https:\/\/www.hometheater.com.br\/portal\/wp-content\/uploads\/2026\/01\/KH_310-In_Studio.jpg\",\"width\":800,\"height\":524},{\"@type\":\"BreadcrumbList\",\"@id\":\"https:\/\/www.hometheater.com.br\/portal\/2026\/01\/28\/marca-icone-do-audio-alema-neumann-amplia-distribuicao-no-brasil\/#breadcrumb\",\"itemListElement\":[{\"@type\":\"ListItem\",\"position\":1,\"name\":\"In\u00edcio\",\"item\":\"https:\/\/www.hometheater.com.br\/portal\/\"},{\"@type\":\"ListItem\",\"position\":2,\"name\":\"Marca \u00edcone do \u00e1udio, alem\u00e3 Neumann amplia distribui\u00e7\u00e3o no Brasil\"}]},{\"@type\":\"WebSite\",\"@id\":\"https:\/\/www.hometheater.com.br\/portal\/#website\",\"url\":\"https:\/\/www.hometheater.com.br\/portal\/\",\"name\":\"HT &amp; Casa Digital\",\"description\":\"O mundo digital em sua casa\",\"publisher\":{\"@id\":\"https:\/\/www.hometheater.com.br\/portal\/#organization\"},\"potentialAction\":[{\"@type\":\"SearchAction\",\"target\":{\"@type\":\"EntryPoint\",\"urlTemplate\":\"https:\/\/www.hometheater.com.br\/portal\/?s={search_term_string}\"},\"query-input\":{\"@type\":\"PropertyValueSpecification\",\"valueRequired\":true,\"valueName\":\"search_term_string\"}}],\"inLanguage\":\"pt-BR\"},{\"@type\":\"Organization\",\"@id\":\"https:\/\/www.hometheater.com.br\/portal\/#organization\",\"name\":\"Home Theater\",\"url\":\"https:\/\/www.hometheater.com.br\/portal\/\",\"logo\":{\"@type\":\"ImageObject\",\"inLanguage\":\"pt-BR\",\"@id\":\"https:\/\/www.hometheater.com.br\/portal\/#\/schema\/logo\/image\/\",\"url\":\"https:\/\/www.hometheater.com.br\/portal\/wp-content\/uploads\/2022\/06\/assine_ht_01.png\",\"contentUrl\":\"https:\/\/www.hometheater.com.br\/portal\/wp-content\/uploads\/2022\/06\/assine_ht_01.png\",\"width\":800,\"height\":254,\"caption\":\"Home Theater\"},\"image\":{\"@id\":\"https:\/\/www.hometheater.com.br\/portal\/#\/schema\/logo\/image\/\"},\"sameAs\":[\"https:\/\/web.facebook.com\/revistahometheater\",\"https:\/\/x.com\/hometheaterbr\"]},{\"@type\":\"Person\",\"@id\":\"https:\/\/www.hometheater.com.br\/portal\/#\/schema\/person\/3b6bd5a9e2a6c4197c7b98dd7a733d22\",\"name\":\"Revista Home Theater &amp; Casa Digital\",\"image\":{\"@type\":\"ImageObject\",\"inLanguage\":\"pt-BR\",\"@id\":\"https:\/\/www.hometheater.com.br\/portal\/#\/schema\/person\/image\/\",\"url\":\"https:\/\/secure.gravatar.com\/avatar\/fd86f33d841f0f43adcc1665dd80ca740e028af4297e20d3444f9335092a6ee7?s=96&d=mm&r=g\",\"contentUrl\":\"https:\/\/secure.gravatar.com\/avatar\/fd86f33d841f0f43adcc1665dd80ca740e028af4297e20d3444f9335092a6ee7?s=96&d=mm&r=g\",\"caption\":\"Revista Home Theater &amp; Casa Digital\"},\"url\":\"https:\/\/www.hometheater.com.br\/portal\/author\/flavio\/\"}]}<\/script>\n<!-- \/ Yoast SEO plugin. -->","yoast_head_json":{"title":"Marca \u00edcone do \u00e1udio, alem\u00e3 Neumann amplia distribui\u00e7\u00e3o no Brasil - HT &amp; Casa Digital","robots":{"index":"index","follow":"follow","max-snippet":"max-snippet:-1","max-image-preview":"max-image-preview:large","max-video-preview":"max-video-preview:-1"},"canonical":"https:\/\/www.hometheater.com.br\/portal\/2026\/01\/28\/marca-icone-do-audio-alema-neumann-amplia-distribuicao-no-brasil\/","og_locale":"pt_BR","og_type":"article","og_title":"Marca \u00edcone do \u00e1udio, alem\u00e3 Neumann amplia distribui\u00e7\u00e3o no Brasil - HT &amp; Casa Digital","og_description":"Neumann, uma das marcas mais celebradas pelos profissionais de \u00e1udio em todo o mundo, est\u00e1 trazendo ao mercado brasileiro suas caixas ac\u00fasticas da categoria\u00a0\u201cstudio monitor\u201d.","og_url":"https:\/\/www.hometheater.com.br\/portal\/2026\/01\/28\/marca-icone-do-audio-alema-neumann-amplia-distribuicao-no-brasil\/","og_site_name":"HT &amp; Casa Digital","article_publisher":"https:\/\/web.facebook.com\/revistahometheater","article_published_time":"2026-01-28T10:41:57+00:00","og_image":[{"width":800,"height":524,"url":"https:\/\/www.hometheater.com.br\/portal\/wp-content\/uploads\/2026\/01\/KH_310-In_Studio.jpg","type":"image\/jpeg"}],"author":"Revista Home Theater &amp; Casa Digital","twitter_card":"summary_large_image","twitter_creator":"@hometheaterbr","twitter_site":"@hometheaterbr","twitter_misc":{"Escrito por":"Revista Home Theater &amp; Casa Digital","Est. tempo de leitura":"2 minutos"},"schema":{"@context":"https:\/\/schema.org","@graph":[{"@type":"Article","@id":"https:\/\/www.hometheater.com.br\/portal\/2026\/01\/28\/marca-icone-do-audio-alema-neumann-amplia-distribuicao-no-brasil\/#article","isPartOf":{"@id":"https:\/\/www.hometheater.com.br\/portal\/2026\/01\/28\/marca-icone-do-audio-alema-neumann-amplia-distribuicao-no-brasil\/"},"author":{"name":"Revista Home Theater &amp; Casa Digital","@id":"https:\/\/www.hometheater.com.br\/portal\/#\/schema\/person\/3b6bd5a9e2a6c4197c7b98dd7a733d22"},"headline":"Marca \u00edcone do \u00e1udio, alem\u00e3 Neumann amplia distribui\u00e7\u00e3o no Brasil","datePublished":"2026-01-28T10:41:57+00:00","mainEntityOfPage":{"@id":"https:\/\/www.hometheater.com.br\/portal\/2026\/01\/28\/marca-icone-do-audio-alema-neumann-amplia-distribuicao-no-brasil\/"},"wordCount":510,"commentCount":0,"publisher":{"@id":"https:\/\/www.hometheater.com.br\/portal\/#organization"},"image":{"@id":"https:\/\/www.hometheater.com.br\/portal\/2026\/01\/28\/marca-icone-do-audio-alema-neumann-amplia-distribuicao-no-brasil\/#primaryimage"},"thumbnailUrl":"https:\/\/www.hometheater.com.br\/portal\/wp-content\/uploads\/2026\/01\/KH_310-In_Studio.jpg","articleSection":["NOT\u00cdCIAS"],"inLanguage":"pt-BR","potentialAction":[{"@type":"CommentAction","name":"Comment","target":["https:\/\/www.hometheater.com.br\/portal\/2026\/01\/28\/marca-icone-do-audio-alema-neumann-amplia-distribuicao-no-brasil\/#respond"]}]},{"@type":"WebPage","@id":"https:\/\/www.hometheater.com.br\/portal\/2026\/01\/28\/marca-icone-do-audio-alema-neumann-amplia-distribuicao-no-brasil\/","url":"https:\/\/www.hometheater.com.br\/portal\/2026\/01\/28\/marca-icone-do-audio-alema-neumann-amplia-distribuicao-no-brasil\/","name":"Marca \u00edcone do \u00e1udio, alem\u00e3 Neumann amplia distribui\u00e7\u00e3o no Brasil - HT &amp; Casa Digital","isPartOf":{"@id":"https:\/\/www.hometheater.com.br\/portal\/#website"},"primaryImageOfPage":{"@id":"https:\/\/www.hometheater.com.br\/portal\/2026\/01\/28\/marca-icone-do-audio-alema-neumann-amplia-distribuicao-no-brasil\/#primaryimage"},"image":{"@id":"https:\/\/www.hometheater.com.br\/portal\/2026\/01\/28\/marca-icone-do-audio-alema-neumann-amplia-distribuicao-no-brasil\/#primaryimage"},"thumbnailUrl":"https:\/\/www.hometheater.com.br\/portal\/wp-content\/uploads\/2026\/01\/KH_310-In_Studio.jpg","datePublished":"2026-01-28T10:41:57+00:00","breadcrumb":{"@id":"https:\/\/www.hometheater.com.br\/portal\/2026\/01\/28\/marca-icone-do-audio-alema-neumann-amplia-distribuicao-no-brasil\/#breadcrumb"},"inLanguage":"pt-BR","potentialAction":[{"@type":"ReadAction","target":["https:\/\/www.hometheater.com.br\/portal\/2026\/01\/28\/marca-icone-do-audio-alema-neumann-amplia-distribuicao-no-brasil\/"]}]},{"@type":"ImageObject","inLanguage":"pt-BR","@id":"https:\/\/www.hometheater.com.br\/portal\/2026\/01\/28\/marca-icone-do-audio-alema-neumann-amplia-distribuicao-no-brasil\/#primaryimage","url":"https:\/\/www.hometheater.com.br\/portal\/wp-content\/uploads\/2026\/01\/KH_310-In_Studio.jpg","contentUrl":"https:\/\/www.hometheater.com.br\/portal\/wp-content\/uploads\/2026\/01\/KH_310-In_Studio.jpg","width":800,"height":524},{"@type":"BreadcrumbList","@id":"https:\/\/www.hometheater.com.br\/portal\/2026\/01\/28\/marca-icone-do-audio-alema-neumann-amplia-distribuicao-no-brasil\/#breadcrumb","itemListElement":[{"@type":"ListItem","position":1,"name":"In\u00edcio","item":"https:\/\/www.hometheater.com.br\/portal\/"},{"@type":"ListItem","position":2,"name":"Marca \u00edcone do \u00e1udio, alem\u00e3 Neumann amplia distribui\u00e7\u00e3o no Brasil"}]},{"@type":"WebSite","@id":"https:\/\/www.hometheater.com.br\/portal\/#website","url":"https:\/\/www.hometheater.com.br\/portal\/","name":"HT &amp; Casa Digital","description":"O mundo digital em sua casa","publisher":{"@id":"https:\/\/www.hometheater.com.br\/portal\/#organization"},"potentialAction":[{"@type":"SearchAction","target":{"@type":"EntryPoint","urlTemplate":"https:\/\/www.hometheater.com.br\/portal\/?s={search_term_string}"},"query-input":{"@type":"PropertyValueSpecification","valueRequired":true,"valueName":"search_term_string"}}],"inLanguage":"pt-BR"},{"@type":"Organization","@id":"https:\/\/www.hometheater.com.br\/portal\/#organization","name":"Home Theater","url":"https:\/\/www.hometheater.com.br\/portal\/","logo":{"@type":"ImageObject","inLanguage":"pt-BR","@id":"https:\/\/www.hometheater.com.br\/portal\/#\/schema\/logo\/image\/","url":"https:\/\/www.hometheater.com.br\/portal\/wp-content\/uploads\/2022\/06\/assine_ht_01.png","contentUrl":"https:\/\/www.hometheater.com.br\/portal\/wp-content\/uploads\/2022\/06\/assine_ht_01.png","width":800,"height":254,"caption":"Home Theater"},"image":{"@id":"https:\/\/www.hometheater.com.br\/portal\/#\/schema\/logo\/image\/"},"sameAs":["https:\/\/web.facebook.com\/revistahometheater","https:\/\/x.com\/hometheaterbr"]},{"@type":"Person","@id":"https:\/\/www.hometheater.com.br\/portal\/#\/schema\/person\/3b6bd5a9e2a6c4197c7b98dd7a733d22","name":"Revista Home Theater &amp; Casa Digital","image":{"@type":"ImageObject","inLanguage":"pt-BR","@id":"https:\/\/www.hometheater.com.br\/portal\/#\/schema\/person\/image\/","url":"https:\/\/secure.gravatar.com\/avatar\/fd86f33d841f0f43adcc1665dd80ca740e028af4297e20d3444f9335092a6ee7?s=96&d=mm&r=g","contentUrl":"https:\/\/secure.gravatar.com\/avatar\/fd86f33d841f0f43adcc1665dd80ca740e028af4297e20d3444f9335092a6ee7?s=96&d=mm&r=g","caption":"Revista Home Theater &amp; Casa Digital"},"url":"https:\/\/www.hometheater.com.br\/portal\/author\/flavio\/"}]}},"_links":{"self":[{"href":"https:\/\/www.hometheater.com.br\/portal\/wp-json\/wp\/v2\/posts\/37008","targetHints":{"allow":["GET"]}}],"collection":[{"href":"https:\/\/www.hometheater.com.br\/portal\/wp-json\/wp\/v2\/posts"}],"about":[{"href":"https:\/\/www.hometheater.com.br\/portal\/wp-json\/wp\/v2\/types\/post"}],"author":[{"embeddable":true,"href":"https:\/\/www.hometheater.com.br\/portal\/wp-json\/wp\/v2\/users\/1"}],"replies":[{"embeddable":true,"href":"https:\/\/www.hometheater.com.br\/portal\/wp-json\/wp\/v2\/comments?post=37008"}],"version-history":[{"count":1,"href":"https:\/\/www.hometheater.com.br\/portal\/wp-json\/wp\/v2\/posts\/37008\/revisions"}],"predecessor-version":[{"id":37010,"href":"https:\/\/www.hometheater.com.br\/portal\/wp-json\/wp\/v2\/posts\/37008\/revisions\/37010"}],"wp:featuredmedia":[{"embeddable":true,"href":"https:\/\/www.hometheater.com.br\/portal\/wp-json\/wp\/v2\/media\/37009"}],"wp:attachment":[{"href":"https:\/\/www.hometheater.com.br\/portal\/wp-json\/wp\/v2\/media?parent=37008"}],"wp:term":[{"taxonomy":"category","embeddable":true,"href":"https:\/\/www.hometheater.com.br\/portal\/wp-json\/wp\/v2\/categories?post=37008"},{"taxonomy":"post_tag","embeddable":true,"href":"https:\/\/www.hometheater.com.br\/portal\/wp-json\/wp\/v2\/tags?post=37008"}],"curies":[{"name":"wp","href":"https:\/\/api.w.org\/{rel}","templated":true}]}}