{"id":36859,"date":"2026-01-09T14:37:55","date_gmt":"2026-01-09T17:37:55","guid":{"rendered":"https:\/\/www.hometheater.com.br\/portal\/?p=36859"},"modified":"2026-01-09T17:00:11","modified_gmt":"2026-01-09T20:00:11","slug":"nova-tv-miniled-hisense-de-116-vai-alem-das-cores-rgb","status":"publish","type":"post","link":"https:\/\/www.hometheater.com.br\/portal\/2026\/01\/09\/nova-tv-miniled-hisense-de-116-vai-alem-das-cores-rgb\/","title":{"rendered":"Nova TV MiniLED Hisense de 116\u201d vai al\u00e9m das cores RGB"},"content":{"rendered":"<p><img loading=\"lazy\" decoding=\"async\" class=\"aligncenter size-full wp-image-36867\" src=\"https:\/\/www.hometheater.com.br\/portal\/wp-content\/uploads\/2026\/01\/hisense_ces_116-UXS_.jpg\" alt=\"\" width=\"800\" height=\"524\" srcset=\"https:\/\/www.hometheater.com.br\/portal\/wp-content\/uploads\/2026\/01\/hisense_ces_116-UXS_.jpg 800w, https:\/\/www.hometheater.com.br\/portal\/wp-content\/uploads\/2026\/01\/hisense_ces_116-UXS_-300x197.jpg 300w, https:\/\/www.hometheater.com.br\/portal\/wp-content\/uploads\/2026\/01\/hisense_ces_116-UXS_-768x503.jpg 768w, https:\/\/www.hometheater.com.br\/portal\/wp-content\/uploads\/2026\/01\/hisense_ces_116-UXS_-400x262.jpg 400w, https:\/\/www.hometheater.com.br\/portal\/wp-content\/uploads\/2026\/01\/hisense_ces_116-UXS_-500x328.jpg 500w\" sizes=\"auto, (max-width: 800px) 100vw, 800px\" \/><\/p>\n<p><img loading=\"lazy\" decoding=\"async\" class=\"alignleft wp-image-36796\" src=\"https:\/\/www.hometheater.com.br\/portal\/wp-content\/uploads\/2026\/01\/badge_2026a.jpg\" alt=\"\" width=\"150\" height=\"196\" \/>Primeira fabricante a adotar a tecnologia de minileds em 3 cores\u00a0<b>(RGB = vermelho+verde+azul)<\/b>, a chinesa Hisense est\u00e1 apresentando na CES 2026 uma nova solu\u00e7\u00e3o em pain\u00e9is de TV:\u00a0<b>minileds com 4 cores!<\/b><\/p>\n<p>O modelo <b>116UXS, de 116\u201d,<\/b>\u00a0\u00e9 a grande atra\u00e7\u00e3o no estande da empresa em Las Vegas. Representa um passo \u00e0 frente da 116UX, lan\u00e7ada no Brasil no final de 2025 e, por enquanto, a maior tela \u00e0 venda no pa\u00eds (<a href=\"https:\/\/www.hometheater.com.br\/portal\/2025\/09\/11\/hisense-116ux-maior-tv-do-mercado-ja-esta-a-venda-no-brasil\/\" target=\"_blank\" rel=\"noopener\" data-saferedirecturl=\"https:\/\/www.google.com\/url?q=https:\/\/www.hometheater.com.br\/portal\/2025\/09\/11\/hisense-116ux-maior-tv-do-mercado-ja-esta-a-venda-no-brasil\/&amp;source=gmail&amp;ust=1768052531939000&amp;usg=AOvVaw0qWlKW4gAHE_RSkK25CtRv\"><b>veja aqui<\/b><\/a>).<\/p><div class=\"homet-conteudo\" style=\"text-align: center;\" id=\"homet-3222458756\"><div data-cfpa=\"35734\" data-cfpw=\"35734\" id=\"homet-3667960572\"><a data-no-instant=\"1\" href=\"https:\/\/www.harmanluxuryaudio.com\/\" rel=\"noopener\" class=\"a2t-link\" aria-label=\"ARCAM-SA45-BANNER-NEWSLETTER\"><img loading=\"lazy\" decoding=\"async\" src=\"https:\/\/www.hometheater.com.br\/portal\/wp-content\/uploads\/2025\/09\/ARCAM-SA45-BANNER-NEWSLETTER.gif\" alt=\"\"  class=\"no-lazyload\" width=\"300\" height=\"250\"   \/><\/a><\/div><h6><span style=\"color: #808080;\"><em>Publicidade<\/em><\/span><\/h6>\r\n<\/br><script type=\"text\/javascript\">;new advadsCfpAd( 35734 );<\/script><\/div>\n<p>Se nessa TV o painel de backlights \u00e9 do tipo MiniLED RGB, com leds em 3 cores, na 116UXS os leds trazem uma cor adicional:\u00a0<b>ciano, que no espectro de cores se situa entre o azul e o verde.<\/b>\u00a0A Hisense est\u00e1 chamando esse painel de \u201cRGB evo\u201d, uma denomina\u00e7\u00e3o que pode causar problemas com a\u00a0<b>concorrente LG<\/b>, que h\u00e1 anos adota \u201cevo\u201d em suas TVs OLED.<\/p>\n<p>Segundo a Hisense, essa faixa de cor \u00e9 aquela em que o\u00a0<b>olho humano \u00e9 mais sens\u00edvel<\/b>\u00a0a varia\u00e7\u00f5es sutis. Por isso, os leds com essas 4 cores prim\u00e1rias reproduzem de forma mais natural as in\u00fameras\u00a0<b>tonalidades e as transi\u00e7\u00f5es entre as cores<\/b>.<\/p>\n<p>Para essa TV, que ainda n\u00e3o tem data oficial de lan\u00e7amento, a Hisense desenvolveu o\u00a0<b>processador Hi-View Engine RGB<\/b>. Esse chip \u00e9 especificado com profundidade de cor de 134-bit e at\u00e9\u00a0<b>110% de cobertura do padr\u00e3o BT.2020<\/b>, refer\u00eancia mundial na reprodu\u00e7\u00e3o de cores.<\/p>\n<p>A TV 116UXS exibida na CES tem espessura de 3,98cm e vem com\u00a0<b>sistema de \u00e1udio Opera de Paris, da marca francesa Devialet, com 6.2.2 canais<\/b>. No evento, a Hisense est\u00e1 exibindo tamb\u00e9m modelos menores de TVs RGB-Miniled (UR8 e UR9), com especifica\u00e7\u00f5es mais modestas, em\u00a0<b>tamanhos de 55\u201d a 100\u201d<\/b>.<\/p>\n<p><b>FONTE: Hisense<\/b><\/p>\n<h3><b>Veja tamb\u00e9m:<\/b><\/h3>\n<h3><a href=\"https:\/\/www.hometheater.com.br\/portal\/2025\/06\/06\/hisense-lanca-novas-tvs-e-promete-crescer-no-brasil\/\" target=\"_blank\" rel=\"noopener\" data-saferedirecturl=\"https:\/\/www.google.com\/url?q=https:\/\/www.hometheater.com.br\/portal\/2025\/06\/06\/hisense-lanca-novas-tvs-e-promete-crescer-no-brasil\/&amp;source=gmail&amp;ust=1768052531939000&amp;usg=AOvVaw25wVCKHPjHfmSNoq4f46Tx\"><b>Hisense lan\u00e7a novas TVs e promete crescer no Brasil<\/b><\/a><\/h3>\n<h3><a href=\"https:\/\/www.hometheater.com.br\/portal\/2026\/01\/05\/3-tecnologias-de-displays-que-serao-atracao-na-ces-2026\/\" target=\"_blank\" rel=\"noopener\" data-saferedirecturl=\"https:\/\/www.google.com\/url?q=https:\/\/www.hometheater.com.br\/portal\/2026\/01\/05\/3-tecnologias-de-displays-que-serao-atracao-na-ces-2026\/&amp;source=gmail&amp;ust=1768052531939000&amp;usg=AOvVaw12bVjo5JJIgXU21sw3yAbZ\"><b>Conhe\u00e7a os tr\u00eas tipos de TVs com backlight de leds RGB<\/b><\/a><\/h3>\n<h3><a href=\"https:\/\/www.hometheater.com.br\/portal\/2025\/12\/19\/destaques-do-ano-em-audio-e-video-veja-nossa-selecao\/\" target=\"_blank\" rel=\"noopener\" data-saferedirecturl=\"https:\/\/www.google.com\/url?q=https:\/\/www.hometheater.com.br\/portal\/2025\/12\/19\/destaques-do-ano-em-audio-e-video-veja-nossa-selecao\/&amp;source=gmail&amp;ust=1768052531939000&amp;usg=AOvVaw3emHNWiDfAmOmMsUI156gv\"><b>Veja nossa sele\u00e7\u00e3o com os melhores produtos lan\u00e7ados em 2025<\/b><\/a><b><\/b><\/h3>\n<h3><a href=\"https:\/\/www.hometheater.com.br\/portal\/2025\/12\/12\/tvs-lg-2025-o-padrao-high-end-em-qualidade-de-imagem\/\" target=\"_blank\" rel=\"noopener\" data-saferedirecturl=\"https:\/\/www.google.com\/url?q=https:\/\/www.hometheater.com.br\/portal\/2025\/12\/12\/tvs-lg-2025-o-padrao-high-end-em-qualidade-de-imagem\/&amp;source=gmail&amp;ust=1768052531939000&amp;usg=AOvVaw1np0t0m33FKIox3QfmfsCp\"><b>LG apresenta os segredos de suas linhas de TVs OLED e QNED<\/b><\/a><\/h3>\n","protected":false},"excerpt":{"rendered":"<p>Primeira fabricante a adotar a tecnologia de minileds em 3 cores\u00a0(RGB = vermelho+verde+azul), a chinesa Hisense est\u00e1 apresentando na CES 2026 uma nova solu\u00e7\u00e3o em<\/p>\n","protected":false},"author":1,"featured_media":36867,"comment_status":"open","ping_status":"open","sticky":false,"template":"","format":"standard","meta":{"footnotes":""},"categories":[222,4],"tags":[],"class_list":["post-36859","post","type-post","status-publish","format-standard","has-post-thumbnail","hentry","category-ces-2026","category-noticias"],"yoast_head":"<!-- This site is optimized with the Yoast SEO plugin v25.7 - https:\/\/yoast.com\/wordpress\/plugins\/seo\/ -->\n<title>Nova TV MiniLED Hisense de 116\u201d vai al\u00e9m das cores RGB - HT &amp; Casa Digital<\/title>\n<meta name=\"robots\" content=\"index, follow, max-snippet:-1, max-image-preview:large, max-video-preview:-1\" \/>\n<link rel=\"canonical\" href=\"https:\/\/www.hometheater.com.br\/portal\/2026\/01\/09\/nova-tv-miniled-hisense-de-116-vai-alem-das-cores-rgb\/\" \/>\n<meta property=\"og:locale\" content=\"pt_BR\" \/>\n<meta property=\"og:type\" content=\"article\" \/>\n<meta property=\"og:title\" content=\"Nova TV MiniLED Hisense de 116\u201d vai al\u00e9m das cores RGB - HT &amp; Casa Digital\" \/>\n<meta property=\"og:description\" content=\"Primeira fabricante a adotar a tecnologia de minileds em 3 cores\u00a0(RGB = vermelho+verde+azul), a chinesa Hisense est\u00e1 apresentando na CES 2026 uma nova solu\u00e7\u00e3o em\" \/>\n<meta property=\"og:url\" content=\"https:\/\/www.hometheater.com.br\/portal\/2026\/01\/09\/nova-tv-miniled-hisense-de-116-vai-alem-das-cores-rgb\/\" \/>\n<meta property=\"og:site_name\" content=\"HT &amp; Casa Digital\" \/>\n<meta property=\"article:publisher\" content=\"https:\/\/web.facebook.com\/revistahometheater\" \/>\n<meta property=\"article:published_time\" content=\"2026-01-09T17:37:55+00:00\" \/>\n<meta property=\"article:modified_time\" content=\"2026-01-09T20:00:11+00:00\" \/>\n<meta property=\"og:image\" content=\"https:\/\/www.hometheater.com.br\/portal\/wp-content\/uploads\/2026\/01\/hisense_ces_116-UXS_.jpg\" \/>\n\t<meta property=\"og:image:width\" content=\"800\" \/>\n\t<meta property=\"og:image:height\" content=\"524\" \/>\n\t<meta property=\"og:image:type\" content=\"image\/jpeg\" \/>\n<meta name=\"author\" content=\"Revista Home Theater &amp; Casa Digital\" \/>\n<meta name=\"twitter:card\" content=\"summary_large_image\" \/>\n<meta name=\"twitter:creator\" content=\"@hometheaterbr\" \/>\n<meta name=\"twitter:site\" content=\"@hometheaterbr\" \/>\n<meta name=\"twitter:label1\" content=\"Escrito por\" \/>\n\t<meta name=\"twitter:data1\" content=\"Revista Home Theater &amp; Casa Digital\" \/>\n\t<meta name=\"twitter:label2\" content=\"Est. tempo de leitura\" \/>\n\t<meta name=\"twitter:data2\" content=\"2 minutos\" \/>\n<script type=\"application\/ld+json\" class=\"yoast-schema-graph\">{\"@context\":\"https:\/\/schema.org\",\"@graph\":[{\"@type\":\"Article\",\"@id\":\"https:\/\/www.hometheater.com.br\/portal\/2026\/01\/09\/nova-tv-miniled-hisense-de-116-vai-alem-das-cores-rgb\/#article\",\"isPartOf\":{\"@id\":\"https:\/\/www.hometheater.com.br\/portal\/2026\/01\/09\/nova-tv-miniled-hisense-de-116-vai-alem-das-cores-rgb\/\"},\"author\":{\"name\":\"Revista Home Theater &amp; Casa Digital\",\"@id\":\"https:\/\/www.hometheater.com.br\/portal\/#\/schema\/person\/3b6bd5a9e2a6c4197c7b98dd7a733d22\"},\"headline\":\"Nova TV MiniLED Hisense de 116\u201d vai al\u00e9m das cores RGB\",\"datePublished\":\"2026-01-09T17:37:55+00:00\",\"dateModified\":\"2026-01-09T20:00:11+00:00\",\"mainEntityOfPage\":{\"@id\":\"https:\/\/www.hometheater.com.br\/portal\/2026\/01\/09\/nova-tv-miniled-hisense-de-116-vai-alem-das-cores-rgb\/\"},\"wordCount\":342,\"commentCount\":0,\"publisher\":{\"@id\":\"https:\/\/www.hometheater.com.br\/portal\/#organization\"},\"image\":{\"@id\":\"https:\/\/www.hometheater.com.br\/portal\/2026\/01\/09\/nova-tv-miniled-hisense-de-116-vai-alem-das-cores-rgb\/#primaryimage\"},\"thumbnailUrl\":\"https:\/\/www.hometheater.com.br\/portal\/wp-content\/uploads\/2026\/01\/hisense_ces_116-UXS_.jpg\",\"articleSection\":[\"CES 2026\",\"NOT\u00cdCIAS\"],\"inLanguage\":\"pt-BR\",\"potentialAction\":[{\"@type\":\"CommentAction\",\"name\":\"Comment\",\"target\":[\"https:\/\/www.hometheater.com.br\/portal\/2026\/01\/09\/nova-tv-miniled-hisense-de-116-vai-alem-das-cores-rgb\/#respond\"]}]},{\"@type\":\"WebPage\",\"@id\":\"https:\/\/www.hometheater.com.br\/portal\/2026\/01\/09\/nova-tv-miniled-hisense-de-116-vai-alem-das-cores-rgb\/\",\"url\":\"https:\/\/www.hometheater.com.br\/portal\/2026\/01\/09\/nova-tv-miniled-hisense-de-116-vai-alem-das-cores-rgb\/\",\"name\":\"Nova TV MiniLED Hisense de 116\u201d vai al\u00e9m das cores RGB - HT &amp; Casa Digital\",\"isPartOf\":{\"@id\":\"https:\/\/www.hometheater.com.br\/portal\/#website\"},\"primaryImageOfPage\":{\"@id\":\"https:\/\/www.hometheater.com.br\/portal\/2026\/01\/09\/nova-tv-miniled-hisense-de-116-vai-alem-das-cores-rgb\/#primaryimage\"},\"image\":{\"@id\":\"https:\/\/www.hometheater.com.br\/portal\/2026\/01\/09\/nova-tv-miniled-hisense-de-116-vai-alem-das-cores-rgb\/#primaryimage\"},\"thumbnailUrl\":\"https:\/\/www.hometheater.com.br\/portal\/wp-content\/uploads\/2026\/01\/hisense_ces_116-UXS_.jpg\",\"datePublished\":\"2026-01-09T17:37:55+00:00\",\"dateModified\":\"2026-01-09T20:00:11+00:00\",\"breadcrumb\":{\"@id\":\"https:\/\/www.hometheater.com.br\/portal\/2026\/01\/09\/nova-tv-miniled-hisense-de-116-vai-alem-das-cores-rgb\/#breadcrumb\"},\"inLanguage\":\"pt-BR\",\"potentialAction\":[{\"@type\":\"ReadAction\",\"target\":[\"https:\/\/www.hometheater.com.br\/portal\/2026\/01\/09\/nova-tv-miniled-hisense-de-116-vai-alem-das-cores-rgb\/\"]}]},{\"@type\":\"ImageObject\",\"inLanguage\":\"pt-BR\",\"@id\":\"https:\/\/www.hometheater.com.br\/portal\/2026\/01\/09\/nova-tv-miniled-hisense-de-116-vai-alem-das-cores-rgb\/#primaryimage\",\"url\":\"https:\/\/www.hometheater.com.br\/portal\/wp-content\/uploads\/2026\/01\/hisense_ces_116-UXS_.jpg\",\"contentUrl\":\"https:\/\/www.hometheater.com.br\/portal\/wp-content\/uploads\/2026\/01\/hisense_ces_116-UXS_.jpg\",\"width\":800,\"height\":524},{\"@type\":\"BreadcrumbList\",\"@id\":\"https:\/\/www.hometheater.com.br\/portal\/2026\/01\/09\/nova-tv-miniled-hisense-de-116-vai-alem-das-cores-rgb\/#breadcrumb\",\"itemListElement\":[{\"@type\":\"ListItem\",\"position\":1,\"name\":\"In\u00edcio\",\"item\":\"https:\/\/www.hometheater.com.br\/portal\/\"},{\"@type\":\"ListItem\",\"position\":2,\"name\":\"Nova TV MiniLED Hisense de 116\u201d vai al\u00e9m das cores RGB\"}]},{\"@type\":\"WebSite\",\"@id\":\"https:\/\/www.hometheater.com.br\/portal\/#website\",\"url\":\"https:\/\/www.hometheater.com.br\/portal\/\",\"name\":\"HT &amp; Casa Digital\",\"description\":\"O mundo digital em sua casa\",\"publisher\":{\"@id\":\"https:\/\/www.hometheater.com.br\/portal\/#organization\"},\"potentialAction\":[{\"@type\":\"SearchAction\",\"target\":{\"@type\":\"EntryPoint\",\"urlTemplate\":\"https:\/\/www.hometheater.com.br\/portal\/?s={search_term_string}\"},\"query-input\":{\"@type\":\"PropertyValueSpecification\",\"valueRequired\":true,\"valueName\":\"search_term_string\"}}],\"inLanguage\":\"pt-BR\"},{\"@type\":\"Organization\",\"@id\":\"https:\/\/www.hometheater.com.br\/portal\/#organization\",\"name\":\"Home Theater\",\"url\":\"https:\/\/www.hometheater.com.br\/portal\/\",\"logo\":{\"@type\":\"ImageObject\",\"inLanguage\":\"pt-BR\",\"@id\":\"https:\/\/www.hometheater.com.br\/portal\/#\/schema\/logo\/image\/\",\"url\":\"https:\/\/www.hometheater.com.br\/portal\/wp-content\/uploads\/2022\/06\/assine_ht_01.png\",\"contentUrl\":\"https:\/\/www.hometheater.com.br\/portal\/wp-content\/uploads\/2022\/06\/assine_ht_01.png\",\"width\":800,\"height\":254,\"caption\":\"Home Theater\"},\"image\":{\"@id\":\"https:\/\/www.hometheater.com.br\/portal\/#\/schema\/logo\/image\/\"},\"sameAs\":[\"https:\/\/web.facebook.com\/revistahometheater\",\"https:\/\/x.com\/hometheaterbr\"]},{\"@type\":\"Person\",\"@id\":\"https:\/\/www.hometheater.com.br\/portal\/#\/schema\/person\/3b6bd5a9e2a6c4197c7b98dd7a733d22\",\"name\":\"Revista Home Theater &amp; Casa Digital\",\"image\":{\"@type\":\"ImageObject\",\"inLanguage\":\"pt-BR\",\"@id\":\"https:\/\/www.hometheater.com.br\/portal\/#\/schema\/person\/image\/\",\"url\":\"https:\/\/secure.gravatar.com\/avatar\/fd86f33d841f0f43adcc1665dd80ca740e028af4297e20d3444f9335092a6ee7?s=96&d=mm&r=g\",\"contentUrl\":\"https:\/\/secure.gravatar.com\/avatar\/fd86f33d841f0f43adcc1665dd80ca740e028af4297e20d3444f9335092a6ee7?s=96&d=mm&r=g\",\"caption\":\"Revista Home Theater &amp; Casa Digital\"},\"url\":\"https:\/\/www.hometheater.com.br\/portal\/author\/flavio\/\"}]}<\/script>\n<!-- \/ Yoast SEO plugin. -->","yoast_head_json":{"title":"Nova TV MiniLED Hisense de 116\u201d vai al\u00e9m das cores RGB - HT &amp; Casa Digital","robots":{"index":"index","follow":"follow","max-snippet":"max-snippet:-1","max-image-preview":"max-image-preview:large","max-video-preview":"max-video-preview:-1"},"canonical":"https:\/\/www.hometheater.com.br\/portal\/2026\/01\/09\/nova-tv-miniled-hisense-de-116-vai-alem-das-cores-rgb\/","og_locale":"pt_BR","og_type":"article","og_title":"Nova TV MiniLED Hisense de 116\u201d vai al\u00e9m das cores RGB - HT &amp; Casa Digital","og_description":"Primeira fabricante a adotar a tecnologia de minileds em 3 cores\u00a0(RGB = vermelho+verde+azul), a chinesa Hisense est\u00e1 apresentando na CES 2026 uma nova solu\u00e7\u00e3o em","og_url":"https:\/\/www.hometheater.com.br\/portal\/2026\/01\/09\/nova-tv-miniled-hisense-de-116-vai-alem-das-cores-rgb\/","og_site_name":"HT &amp; Casa Digital","article_publisher":"https:\/\/web.facebook.com\/revistahometheater","article_published_time":"2026-01-09T17:37:55+00:00","article_modified_time":"2026-01-09T20:00:11+00:00","og_image":[{"width":800,"height":524,"url":"https:\/\/www.hometheater.com.br\/portal\/wp-content\/uploads\/2026\/01\/hisense_ces_116-UXS_.jpg","type":"image\/jpeg"}],"author":"Revista Home Theater &amp; Casa Digital","twitter_card":"summary_large_image","twitter_creator":"@hometheaterbr","twitter_site":"@hometheaterbr","twitter_misc":{"Escrito por":"Revista Home Theater &amp; Casa Digital","Est. tempo de leitura":"2 minutos"},"schema":{"@context":"https:\/\/schema.org","@graph":[{"@type":"Article","@id":"https:\/\/www.hometheater.com.br\/portal\/2026\/01\/09\/nova-tv-miniled-hisense-de-116-vai-alem-das-cores-rgb\/#article","isPartOf":{"@id":"https:\/\/www.hometheater.com.br\/portal\/2026\/01\/09\/nova-tv-miniled-hisense-de-116-vai-alem-das-cores-rgb\/"},"author":{"name":"Revista Home Theater &amp; Casa Digital","@id":"https:\/\/www.hometheater.com.br\/portal\/#\/schema\/person\/3b6bd5a9e2a6c4197c7b98dd7a733d22"},"headline":"Nova TV MiniLED Hisense de 116\u201d vai al\u00e9m das cores RGB","datePublished":"2026-01-09T17:37:55+00:00","dateModified":"2026-01-09T20:00:11+00:00","mainEntityOfPage":{"@id":"https:\/\/www.hometheater.com.br\/portal\/2026\/01\/09\/nova-tv-miniled-hisense-de-116-vai-alem-das-cores-rgb\/"},"wordCount":342,"commentCount":0,"publisher":{"@id":"https:\/\/www.hometheater.com.br\/portal\/#organization"},"image":{"@id":"https:\/\/www.hometheater.com.br\/portal\/2026\/01\/09\/nova-tv-miniled-hisense-de-116-vai-alem-das-cores-rgb\/#primaryimage"},"thumbnailUrl":"https:\/\/www.hometheater.com.br\/portal\/wp-content\/uploads\/2026\/01\/hisense_ces_116-UXS_.jpg","articleSection":["CES 2026","NOT\u00cdCIAS"],"inLanguage":"pt-BR","potentialAction":[{"@type":"CommentAction","name":"Comment","target":["https:\/\/www.hometheater.com.br\/portal\/2026\/01\/09\/nova-tv-miniled-hisense-de-116-vai-alem-das-cores-rgb\/#respond"]}]},{"@type":"WebPage","@id":"https:\/\/www.hometheater.com.br\/portal\/2026\/01\/09\/nova-tv-miniled-hisense-de-116-vai-alem-das-cores-rgb\/","url":"https:\/\/www.hometheater.com.br\/portal\/2026\/01\/09\/nova-tv-miniled-hisense-de-116-vai-alem-das-cores-rgb\/","name":"Nova TV MiniLED Hisense de 116\u201d vai al\u00e9m das cores RGB - HT &amp; Casa Digital","isPartOf":{"@id":"https:\/\/www.hometheater.com.br\/portal\/#website"},"primaryImageOfPage":{"@id":"https:\/\/www.hometheater.com.br\/portal\/2026\/01\/09\/nova-tv-miniled-hisense-de-116-vai-alem-das-cores-rgb\/#primaryimage"},"image":{"@id":"https:\/\/www.hometheater.com.br\/portal\/2026\/01\/09\/nova-tv-miniled-hisense-de-116-vai-alem-das-cores-rgb\/#primaryimage"},"thumbnailUrl":"https:\/\/www.hometheater.com.br\/portal\/wp-content\/uploads\/2026\/01\/hisense_ces_116-UXS_.jpg","datePublished":"2026-01-09T17:37:55+00:00","dateModified":"2026-01-09T20:00:11+00:00","breadcrumb":{"@id":"https:\/\/www.hometheater.com.br\/portal\/2026\/01\/09\/nova-tv-miniled-hisense-de-116-vai-alem-das-cores-rgb\/#breadcrumb"},"inLanguage":"pt-BR","potentialAction":[{"@type":"ReadAction","target":["https:\/\/www.hometheater.com.br\/portal\/2026\/01\/09\/nova-tv-miniled-hisense-de-116-vai-alem-das-cores-rgb\/"]}]},{"@type":"ImageObject","inLanguage":"pt-BR","@id":"https:\/\/www.hometheater.com.br\/portal\/2026\/01\/09\/nova-tv-miniled-hisense-de-116-vai-alem-das-cores-rgb\/#primaryimage","url":"https:\/\/www.hometheater.com.br\/portal\/wp-content\/uploads\/2026\/01\/hisense_ces_116-UXS_.jpg","contentUrl":"https:\/\/www.hometheater.com.br\/portal\/wp-content\/uploads\/2026\/01\/hisense_ces_116-UXS_.jpg","width":800,"height":524},{"@type":"BreadcrumbList","@id":"https:\/\/www.hometheater.com.br\/portal\/2026\/01\/09\/nova-tv-miniled-hisense-de-116-vai-alem-das-cores-rgb\/#breadcrumb","itemListElement":[{"@type":"ListItem","position":1,"name":"In\u00edcio","item":"https:\/\/www.hometheater.com.br\/portal\/"},{"@type":"ListItem","position":2,"name":"Nova TV MiniLED Hisense de 116\u201d vai al\u00e9m das cores RGB"}]},{"@type":"WebSite","@id":"https:\/\/www.hometheater.com.br\/portal\/#website","url":"https:\/\/www.hometheater.com.br\/portal\/","name":"HT &amp; Casa Digital","description":"O mundo digital em sua casa","publisher":{"@id":"https:\/\/www.hometheater.com.br\/portal\/#organization"},"potentialAction":[{"@type":"SearchAction","target":{"@type":"EntryPoint","urlTemplate":"https:\/\/www.hometheater.com.br\/portal\/?s={search_term_string}"},"query-input":{"@type":"PropertyValueSpecification","valueRequired":true,"valueName":"search_term_string"}}],"inLanguage":"pt-BR"},{"@type":"Organization","@id":"https:\/\/www.hometheater.com.br\/portal\/#organization","name":"Home Theater","url":"https:\/\/www.hometheater.com.br\/portal\/","logo":{"@type":"ImageObject","inLanguage":"pt-BR","@id":"https:\/\/www.hometheater.com.br\/portal\/#\/schema\/logo\/image\/","url":"https:\/\/www.hometheater.com.br\/portal\/wp-content\/uploads\/2022\/06\/assine_ht_01.png","contentUrl":"https:\/\/www.hometheater.com.br\/portal\/wp-content\/uploads\/2022\/06\/assine_ht_01.png","width":800,"height":254,"caption":"Home Theater"},"image":{"@id":"https:\/\/www.hometheater.com.br\/portal\/#\/schema\/logo\/image\/"},"sameAs":["https:\/\/web.facebook.com\/revistahometheater","https:\/\/x.com\/hometheaterbr"]},{"@type":"Person","@id":"https:\/\/www.hometheater.com.br\/portal\/#\/schema\/person\/3b6bd5a9e2a6c4197c7b98dd7a733d22","name":"Revista Home Theater &amp; Casa Digital","image":{"@type":"ImageObject","inLanguage":"pt-BR","@id":"https:\/\/www.hometheater.com.br\/portal\/#\/schema\/person\/image\/","url":"https:\/\/secure.gravatar.com\/avatar\/fd86f33d841f0f43adcc1665dd80ca740e028af4297e20d3444f9335092a6ee7?s=96&d=mm&r=g","contentUrl":"https:\/\/secure.gravatar.com\/avatar\/fd86f33d841f0f43adcc1665dd80ca740e028af4297e20d3444f9335092a6ee7?s=96&d=mm&r=g","caption":"Revista Home Theater &amp; Casa Digital"},"url":"https:\/\/www.hometheater.com.br\/portal\/author\/flavio\/"}]}},"_links":{"self":[{"href":"https:\/\/www.hometheater.com.br\/portal\/wp-json\/wp\/v2\/posts\/36859","targetHints":{"allow":["GET"]}}],"collection":[{"href":"https:\/\/www.hometheater.com.br\/portal\/wp-json\/wp\/v2\/posts"}],"about":[{"href":"https:\/\/www.hometheater.com.br\/portal\/wp-json\/wp\/v2\/types\/post"}],"author":[{"embeddable":true,"href":"https:\/\/www.hometheater.com.br\/portal\/wp-json\/wp\/v2\/users\/1"}],"replies":[{"embeddable":true,"href":"https:\/\/www.hometheater.com.br\/portal\/wp-json\/wp\/v2\/comments?post=36859"}],"version-history":[{"count":6,"href":"https:\/\/www.hometheater.com.br\/portal\/wp-json\/wp\/v2\/posts\/36859\/revisions"}],"predecessor-version":[{"id":36868,"href":"https:\/\/www.hometheater.com.br\/portal\/wp-json\/wp\/v2\/posts\/36859\/revisions\/36868"}],"wp:featuredmedia":[{"embeddable":true,"href":"https:\/\/www.hometheater.com.br\/portal\/wp-json\/wp\/v2\/media\/36867"}],"wp:attachment":[{"href":"https:\/\/www.hometheater.com.br\/portal\/wp-json\/wp\/v2\/media?parent=36859"}],"wp:term":[{"taxonomy":"category","embeddable":true,"href":"https:\/\/www.hometheater.com.br\/portal\/wp-json\/wp\/v2\/categories?post=36859"},{"taxonomy":"post_tag","embeddable":true,"href":"https:\/\/www.hometheater.com.br\/portal\/wp-json\/wp\/v2\/tags?post=36859"}],"curies":[{"name":"wp","href":"https:\/\/api.w.org\/{rel}","templated":true}]}}