{"id":36662,"date":"2025-12-16T07:46:45","date_gmt":"2025-12-16T10:46:45","guid":{"rendered":"https:\/\/www.hometheater.com.br\/portal\/?p=36662"},"modified":"2025-12-16T10:08:57","modified_gmt":"2025-12-16T13:08:57","slug":"novo-subwoofer-paradigm-foi-pensado-para-embutir-na-parede","status":"publish","type":"post","link":"https:\/\/www.hometheater.com.br\/portal\/2025\/12\/16\/novo-subwoofer-paradigm-foi-pensado-para-embutir-na-parede\/","title":{"rendered":"Novo subwoofer Paradigm foi pensado para embutir na parede"},"content":{"rendered":"<p><img loading=\"lazy\" decoding=\"async\" class=\"aligncenter size-full wp-image-36664\" src=\"https:\/\/www.hometheater.com.br\/portal\/wp-content\/uploads\/2025\/12\/Paradigm_SFC12-SYS_.jpg\" alt=\"\" width=\"750\" height=\"588\" srcset=\"https:\/\/www.hometheater.com.br\/portal\/wp-content\/uploads\/2025\/12\/Paradigm_SFC12-SYS_.jpg 750w, https:\/\/www.hometheater.com.br\/portal\/wp-content\/uploads\/2025\/12\/Paradigm_SFC12-SYS_-300x235.jpg 300w, https:\/\/www.hometheater.com.br\/portal\/wp-content\/uploads\/2025\/12\/Paradigm_SFC12-SYS_-400x314.jpg 400w, https:\/\/www.hometheater.com.br\/portal\/wp-content\/uploads\/2025\/12\/Paradigm_SFC12-SYS_-500x392.jpg 500w\" sizes=\"auto, (max-width: 750px) 100vw, 750px\" \/><\/p>\n<p>A\u00a0<b>Paradigm<\/b>, tradicional fabricante canadense de caixas ac\u00fasticas, apresenta uma nova solu\u00e7\u00e3o para salas de home theater: um subwoofer que, embora produza graves poderosos (at\u00e9 500W de pot\u00eancia), fica quase\u00a0<b>invis\u00edvel na parede<\/b>.<\/p>\n<p>O segredo do\u00a0<b>SFC12-SYS<\/b>\u00a0est\u00e1 no m\u00e9todo de montagem, ideal, segundo o fabricante, para constru\u00e7\u00f5es novas, seja casa ou apartamento. O aparelho vem com uma\u00a0<b>caixa de conex\u00f5es (<i>backbox<\/i>)<\/b>, feita de alum\u00ednio extrudado, desenhada sob medida para acomodar e proteger os dois falantes do subwoofer.<\/p><div class=\"homet-conteudo\" style=\"text-align: center;\" id=\"homet-2693305000\"><div data-cfpa=\"35734\" data-cfpw=\"35734\" id=\"homet-3852904745\"><a data-no-instant=\"1\" href=\"https:\/\/www.harmanluxuryaudio.com\/\" rel=\"noopener\" class=\"a2t-link\" aria-label=\"ARCAM-SA45-BANNER-NEWSLETTER\"><img loading=\"lazy\" decoding=\"async\" src=\"https:\/\/www.hometheater.com.br\/portal\/wp-content\/uploads\/2025\/09\/ARCAM-SA45-BANNER-NEWSLETTER.gif\" alt=\"\"  class=\"no-lazyload\" width=\"300\" height=\"250\"   \/><\/a><\/div><h6><span style=\"color: #808080;\"><em>Publicidade<\/em><\/span><\/h6>\r\n<\/br><script type=\"text\/javascript\">;new advadsCfpAd( 35734 );<\/script><\/div>\n<p><img loading=\"lazy\" decoding=\"async\" class=\"aligncenter wp-image-36666\" src=\"https:\/\/www.hometheater.com.br\/portal\/wp-content\/uploads\/2025\/12\/sfc12-sys-grille-lifestyle_.jpg\" alt=\"\" width=\"550\" height=\"309\" srcset=\"https:\/\/www.hometheater.com.br\/portal\/wp-content\/uploads\/2025\/12\/sfc12-sys-grille-lifestyle_.jpg 800w, https:\/\/www.hometheater.com.br\/portal\/wp-content\/uploads\/2025\/12\/sfc12-sys-grille-lifestyle_-300x169.jpg 300w, https:\/\/www.hometheater.com.br\/portal\/wp-content\/uploads\/2025\/12\/sfc12-sys-grille-lifestyle_-768x432.jpg 768w, https:\/\/www.hometheater.com.br\/portal\/wp-content\/uploads\/2025\/12\/sfc12-sys-grille-lifestyle_-400x225.jpg 400w, https:\/\/www.hometheater.com.br\/portal\/wp-content\/uploads\/2025\/12\/sfc12-sys-grille-lifestyle_-500x281.jpg 500w\" sizes=\"auto, (max-width: 550px) 100vw, 550px\" \/><\/p>\n<p>Esses falantes s\u00e3o produzidos a partir de uma liga de carbono (<b>Carbon-X<\/b>) e s\u00e3o montados um de frente para o outro, com alta excurs\u00e3o. Isso permite atingir\u00a0<b>graves de maior impacto tanto em filmes quanto m\u00fasica<\/b>.<\/p>\n<p>Ainda de acordo com o fabricante, os movimentos dos cones s\u00e3o controlados por um anel termopl\u00e1stico patenteado como ART (<i>Active Ridge Technology<\/i>). Esse anel \u00e9 fundamental na excurs\u00e3o do cone, com\u00a0<b>grandes massas de ar produzindo graves mais profundos<\/b>.<\/p>\n<p>A resposta do SFC12-SYS \u00e9 especificada 20 a 150Hz. A Paradigm comercializa esse subwoofer somente atrav\u00e9s de revendas credenciadas, para garantir a instala\u00e7\u00e3o recomendada; no Brasil, a\u00a0<b>distribui\u00e7\u00e3o exclusiva da Audiogene<\/b>.<\/p>\n<p><b>FONTE: Paradigm<\/b><\/p>\n<p>&nbsp;<\/p>\n<h3><b>Veja tamb\u00e9m:<\/b><\/h3>\n<h3><a href=\"https:\/\/www.hometheater.com.br\/portal\/2020\/01\/27\/subwoofer-de-embutir-saiba-como-funciona\/\" target=\"_blank\" rel=\"noopener\" data-saferedirecturl=\"https:\/\/www.google.com\/url?q=https:\/\/www.hometheater.com.br\/portal\/2020\/01\/27\/subwoofer-de-embutir-saiba-como-funciona\/&amp;source=gmail&amp;ust=1765967178143000&amp;usg=AOvVaw2AxzgvcFrz4LJbnUqVXSUd\"><b>Saiba como funcionam os subwoofers de embutir<\/b><\/a><\/h3>\n<h3><a href=\"https:\/\/www.hometheater.com.br\/portal\/2023\/08\/08\/subwoofer-de-embutir-chega-ate-800w-sem-tremer-a-parede\/\" target=\"_blank\" rel=\"noopener\" data-saferedirecturl=\"https:\/\/www.google.com\/url?q=https:\/\/www.hometheater.com.br\/portal\/2023\/08\/08\/subwoofer-de-embutir-chega-ate-800w-sem-tremer-a-parede\/&amp;source=gmail&amp;ust=1765967178144000&amp;usg=AOvVaw2-CBYZGhhpFNh10s31tXSg\"><b>Subwoofer de embutir chega at\u00e9 800W sem tremer a parede<\/b><\/a><\/h3>\n<h3><a href=\"https:\/\/www.hometheater.com.br\/portal\/2023\/05\/04\/subwoofer-de-embutir-aat-evita-vibracoes-no-teto\/\" target=\"_blank\" rel=\"noopener\" data-saferedirecturl=\"https:\/\/www.google.com\/url?q=https:\/\/www.hometheater.com.br\/portal\/2023\/05\/04\/subwoofer-de-embutir-aat-evita-vibracoes-no-teto\/&amp;source=gmail&amp;ust=1765967178144000&amp;usg=AOvVaw3ECOjjIIzUl8T2D8lRbQbf\"><b>Subwoofer da AAT pode ser embutido no teto evitando vibra\u00e7\u00f5es<\/b><\/a><\/h3>\n<h3><a href=\"https:\/\/www.hometheater.com.br\/portal\/2025\/08\/11\/tv-qled-tcl-vem-com-google-e-subwoofer-embutido\/\" target=\"_blank\" rel=\"noopener\" data-saferedirecturl=\"https:\/\/www.google.com\/url?q=https:\/\/www.hometheater.com.br\/portal\/2025\/08\/11\/tv-qled-tcl-vem-com-google-e-subwoofer-embutido\/&amp;source=gmail&amp;ust=1765967178144000&amp;usg=AOvVaw3t2g1QJ19zexbjOqbsIVsj\"><b>TV QLED TCL vem com Google e subwoofer embutido<\/b><\/a><\/h3>\n","protected":false},"excerpt":{"rendered":"<p>A\u00a0Paradigm, tradicional fabricante canadense de caixas ac\u00fasticas, apresenta uma nova solu\u00e7\u00e3o para salas de home theater: um subwoofer que, embora produza graves poderosos (at\u00e9 500W<\/p>\n","protected":false},"author":1,"featured_media":36666,"comment_status":"open","ping_status":"open","sticky":false,"template":"","format":"standard","meta":{"footnotes":""},"categories":[4],"tags":[],"class_list":["post-36662","post","type-post","status-publish","format-standard","has-post-thumbnail","hentry","category-noticias"],"yoast_head":"<!-- This site is optimized with the Yoast SEO plugin v25.7 - https:\/\/yoast.com\/wordpress\/plugins\/seo\/ -->\n<title>Novo subwoofer Paradigm foi pensado para embutir na parede - HT &amp; Casa Digital<\/title>\n<meta name=\"robots\" content=\"index, follow, max-snippet:-1, max-image-preview:large, max-video-preview:-1\" \/>\n<link rel=\"canonical\" href=\"https:\/\/www.hometheater.com.br\/portal\/2025\/12\/16\/novo-subwoofer-paradigm-foi-pensado-para-embutir-na-parede\/\" \/>\n<meta property=\"og:locale\" content=\"pt_BR\" \/>\n<meta property=\"og:type\" content=\"article\" \/>\n<meta property=\"og:title\" content=\"Novo subwoofer Paradigm foi pensado para embutir na parede - HT &amp; Casa Digital\" \/>\n<meta property=\"og:description\" content=\"A\u00a0Paradigm, tradicional fabricante canadense de caixas ac\u00fasticas, apresenta uma nova solu\u00e7\u00e3o para salas de home theater: um subwoofer que, embora produza graves poderosos (at\u00e9 500W\" \/>\n<meta property=\"og:url\" content=\"https:\/\/www.hometheater.com.br\/portal\/2025\/12\/16\/novo-subwoofer-paradigm-foi-pensado-para-embutir-na-parede\/\" \/>\n<meta property=\"og:site_name\" content=\"HT &amp; Casa Digital\" \/>\n<meta property=\"article:publisher\" content=\"https:\/\/web.facebook.com\/revistahometheater\" \/>\n<meta property=\"article:published_time\" content=\"2025-12-16T10:46:45+00:00\" \/>\n<meta property=\"article:modified_time\" content=\"2025-12-16T13:08:57+00:00\" \/>\n<meta property=\"og:image\" content=\"https:\/\/www.hometheater.com.br\/portal\/wp-content\/uploads\/2025\/12\/sfc12-sys-grille-lifestyle_.jpg\" \/>\n\t<meta property=\"og:image:width\" content=\"800\" \/>\n\t<meta property=\"og:image:height\" content=\"450\" \/>\n\t<meta property=\"og:image:type\" content=\"image\/jpeg\" \/>\n<meta name=\"author\" content=\"Revista Home Theater &amp; Casa Digital\" \/>\n<meta name=\"twitter:card\" content=\"summary_large_image\" \/>\n<meta name=\"twitter:creator\" content=\"@hometheaterbr\" \/>\n<meta name=\"twitter:site\" content=\"@hometheaterbr\" \/>\n<meta name=\"twitter:label1\" content=\"Escrito por\" \/>\n\t<meta name=\"twitter:data1\" content=\"Revista Home Theater &amp; Casa Digital\" \/>\n\t<meta name=\"twitter:label2\" content=\"Est. tempo de leitura\" \/>\n\t<meta name=\"twitter:data2\" content=\"1 minuto\" \/>\n<script type=\"application\/ld+json\" class=\"yoast-schema-graph\">{\"@context\":\"https:\/\/schema.org\",\"@graph\":[{\"@type\":\"Article\",\"@id\":\"https:\/\/www.hometheater.com.br\/portal\/2025\/12\/16\/novo-subwoofer-paradigm-foi-pensado-para-embutir-na-parede\/#article\",\"isPartOf\":{\"@id\":\"https:\/\/www.hometheater.com.br\/portal\/2025\/12\/16\/novo-subwoofer-paradigm-foi-pensado-para-embutir-na-parede\/\"},\"author\":{\"name\":\"Revista Home Theater &amp; Casa Digital\",\"@id\":\"https:\/\/www.hometheater.com.br\/portal\/#\/schema\/person\/3b6bd5a9e2a6c4197c7b98dd7a733d22\"},\"headline\":\"Novo subwoofer Paradigm foi pensado para embutir na parede\",\"datePublished\":\"2025-12-16T10:46:45+00:00\",\"dateModified\":\"2025-12-16T13:08:57+00:00\",\"mainEntityOfPage\":{\"@id\":\"https:\/\/www.hometheater.com.br\/portal\/2025\/12\/16\/novo-subwoofer-paradigm-foi-pensado-para-embutir-na-parede\/\"},\"wordCount\":253,\"commentCount\":0,\"publisher\":{\"@id\":\"https:\/\/www.hometheater.com.br\/portal\/#organization\"},\"image\":{\"@id\":\"https:\/\/www.hometheater.com.br\/portal\/2025\/12\/16\/novo-subwoofer-paradigm-foi-pensado-para-embutir-na-parede\/#primaryimage\"},\"thumbnailUrl\":\"https:\/\/www.hometheater.com.br\/portal\/wp-content\/uploads\/2025\/12\/sfc12-sys-grille-lifestyle_.jpg\",\"articleSection\":[\"NOT\u00cdCIAS\"],\"inLanguage\":\"pt-BR\",\"potentialAction\":[{\"@type\":\"CommentAction\",\"name\":\"Comment\",\"target\":[\"https:\/\/www.hometheater.com.br\/portal\/2025\/12\/16\/novo-subwoofer-paradigm-foi-pensado-para-embutir-na-parede\/#respond\"]}]},{\"@type\":\"WebPage\",\"@id\":\"https:\/\/www.hometheater.com.br\/portal\/2025\/12\/16\/novo-subwoofer-paradigm-foi-pensado-para-embutir-na-parede\/\",\"url\":\"https:\/\/www.hometheater.com.br\/portal\/2025\/12\/16\/novo-subwoofer-paradigm-foi-pensado-para-embutir-na-parede\/\",\"name\":\"Novo subwoofer Paradigm foi pensado para embutir na parede - HT &amp; Casa Digital\",\"isPartOf\":{\"@id\":\"https:\/\/www.hometheater.com.br\/portal\/#website\"},\"primaryImageOfPage\":{\"@id\":\"https:\/\/www.hometheater.com.br\/portal\/2025\/12\/16\/novo-subwoofer-paradigm-foi-pensado-para-embutir-na-parede\/#primaryimage\"},\"image\":{\"@id\":\"https:\/\/www.hometheater.com.br\/portal\/2025\/12\/16\/novo-subwoofer-paradigm-foi-pensado-para-embutir-na-parede\/#primaryimage\"},\"thumbnailUrl\":\"https:\/\/www.hometheater.com.br\/portal\/wp-content\/uploads\/2025\/12\/sfc12-sys-grille-lifestyle_.jpg\",\"datePublished\":\"2025-12-16T10:46:45+00:00\",\"dateModified\":\"2025-12-16T13:08:57+00:00\",\"breadcrumb\":{\"@id\":\"https:\/\/www.hometheater.com.br\/portal\/2025\/12\/16\/novo-subwoofer-paradigm-foi-pensado-para-embutir-na-parede\/#breadcrumb\"},\"inLanguage\":\"pt-BR\",\"potentialAction\":[{\"@type\":\"ReadAction\",\"target\":[\"https:\/\/www.hometheater.com.br\/portal\/2025\/12\/16\/novo-subwoofer-paradigm-foi-pensado-para-embutir-na-parede\/\"]}]},{\"@type\":\"ImageObject\",\"inLanguage\":\"pt-BR\",\"@id\":\"https:\/\/www.hometheater.com.br\/portal\/2025\/12\/16\/novo-subwoofer-paradigm-foi-pensado-para-embutir-na-parede\/#primaryimage\",\"url\":\"https:\/\/www.hometheater.com.br\/portal\/wp-content\/uploads\/2025\/12\/sfc12-sys-grille-lifestyle_.jpg\",\"contentUrl\":\"https:\/\/www.hometheater.com.br\/portal\/wp-content\/uploads\/2025\/12\/sfc12-sys-grille-lifestyle_.jpg\",\"width\":800,\"height\":450},{\"@type\":\"BreadcrumbList\",\"@id\":\"https:\/\/www.hometheater.com.br\/portal\/2025\/12\/16\/novo-subwoofer-paradigm-foi-pensado-para-embutir-na-parede\/#breadcrumb\",\"itemListElement\":[{\"@type\":\"ListItem\",\"position\":1,\"name\":\"In\u00edcio\",\"item\":\"https:\/\/www.hometheater.com.br\/portal\/\"},{\"@type\":\"ListItem\",\"position\":2,\"name\":\"Novo subwoofer Paradigm foi pensado para embutir na parede\"}]},{\"@type\":\"WebSite\",\"@id\":\"https:\/\/www.hometheater.com.br\/portal\/#website\",\"url\":\"https:\/\/www.hometheater.com.br\/portal\/\",\"name\":\"HT &amp; Casa Digital\",\"description\":\"O mundo digital em sua casa\",\"publisher\":{\"@id\":\"https:\/\/www.hometheater.com.br\/portal\/#organization\"},\"potentialAction\":[{\"@type\":\"SearchAction\",\"target\":{\"@type\":\"EntryPoint\",\"urlTemplate\":\"https:\/\/www.hometheater.com.br\/portal\/?s={search_term_string}\"},\"query-input\":{\"@type\":\"PropertyValueSpecification\",\"valueRequired\":true,\"valueName\":\"search_term_string\"}}],\"inLanguage\":\"pt-BR\"},{\"@type\":\"Organization\",\"@id\":\"https:\/\/www.hometheater.com.br\/portal\/#organization\",\"name\":\"Home Theater\",\"url\":\"https:\/\/www.hometheater.com.br\/portal\/\",\"logo\":{\"@type\":\"ImageObject\",\"inLanguage\":\"pt-BR\",\"@id\":\"https:\/\/www.hometheater.com.br\/portal\/#\/schema\/logo\/image\/\",\"url\":\"https:\/\/www.hometheater.com.br\/portal\/wp-content\/uploads\/2022\/06\/assine_ht_01.png\",\"contentUrl\":\"https:\/\/www.hometheater.com.br\/portal\/wp-content\/uploads\/2022\/06\/assine_ht_01.png\",\"width\":800,\"height\":254,\"caption\":\"Home Theater\"},\"image\":{\"@id\":\"https:\/\/www.hometheater.com.br\/portal\/#\/schema\/logo\/image\/\"},\"sameAs\":[\"https:\/\/web.facebook.com\/revistahometheater\",\"https:\/\/x.com\/hometheaterbr\"]},{\"@type\":\"Person\",\"@id\":\"https:\/\/www.hometheater.com.br\/portal\/#\/schema\/person\/3b6bd5a9e2a6c4197c7b98dd7a733d22\",\"name\":\"Revista Home Theater &amp; Casa Digital\",\"image\":{\"@type\":\"ImageObject\",\"inLanguage\":\"pt-BR\",\"@id\":\"https:\/\/www.hometheater.com.br\/portal\/#\/schema\/person\/image\/\",\"url\":\"https:\/\/secure.gravatar.com\/avatar\/fd86f33d841f0f43adcc1665dd80ca740e028af4297e20d3444f9335092a6ee7?s=96&d=mm&r=g\",\"contentUrl\":\"https:\/\/secure.gravatar.com\/avatar\/fd86f33d841f0f43adcc1665dd80ca740e028af4297e20d3444f9335092a6ee7?s=96&d=mm&r=g\",\"caption\":\"Revista Home Theater &amp; Casa Digital\"},\"url\":\"https:\/\/www.hometheater.com.br\/portal\/author\/flavio\/\"}]}<\/script>\n<!-- \/ Yoast SEO plugin. -->","yoast_head_json":{"title":"Novo subwoofer Paradigm foi pensado para embutir na parede - HT &amp; Casa Digital","robots":{"index":"index","follow":"follow","max-snippet":"max-snippet:-1","max-image-preview":"max-image-preview:large","max-video-preview":"max-video-preview:-1"},"canonical":"https:\/\/www.hometheater.com.br\/portal\/2025\/12\/16\/novo-subwoofer-paradigm-foi-pensado-para-embutir-na-parede\/","og_locale":"pt_BR","og_type":"article","og_title":"Novo subwoofer Paradigm foi pensado para embutir na parede - HT &amp; Casa Digital","og_description":"A\u00a0Paradigm, tradicional fabricante canadense de caixas ac\u00fasticas, apresenta uma nova solu\u00e7\u00e3o para salas de home theater: um subwoofer que, embora produza graves poderosos (at\u00e9 500W","og_url":"https:\/\/www.hometheater.com.br\/portal\/2025\/12\/16\/novo-subwoofer-paradigm-foi-pensado-para-embutir-na-parede\/","og_site_name":"HT &amp; Casa Digital","article_publisher":"https:\/\/web.facebook.com\/revistahometheater","article_published_time":"2025-12-16T10:46:45+00:00","article_modified_time":"2025-12-16T13:08:57+00:00","og_image":[{"width":800,"height":450,"url":"https:\/\/www.hometheater.com.br\/portal\/wp-content\/uploads\/2025\/12\/sfc12-sys-grille-lifestyle_.jpg","type":"image\/jpeg"}],"author":"Revista Home Theater &amp; Casa Digital","twitter_card":"summary_large_image","twitter_creator":"@hometheaterbr","twitter_site":"@hometheaterbr","twitter_misc":{"Escrito por":"Revista Home Theater &amp; Casa Digital","Est. tempo de leitura":"1 minuto"},"schema":{"@context":"https:\/\/schema.org","@graph":[{"@type":"Article","@id":"https:\/\/www.hometheater.com.br\/portal\/2025\/12\/16\/novo-subwoofer-paradigm-foi-pensado-para-embutir-na-parede\/#article","isPartOf":{"@id":"https:\/\/www.hometheater.com.br\/portal\/2025\/12\/16\/novo-subwoofer-paradigm-foi-pensado-para-embutir-na-parede\/"},"author":{"name":"Revista Home Theater &amp; Casa Digital","@id":"https:\/\/www.hometheater.com.br\/portal\/#\/schema\/person\/3b6bd5a9e2a6c4197c7b98dd7a733d22"},"headline":"Novo subwoofer Paradigm foi pensado para embutir na parede","datePublished":"2025-12-16T10:46:45+00:00","dateModified":"2025-12-16T13:08:57+00:00","mainEntityOfPage":{"@id":"https:\/\/www.hometheater.com.br\/portal\/2025\/12\/16\/novo-subwoofer-paradigm-foi-pensado-para-embutir-na-parede\/"},"wordCount":253,"commentCount":0,"publisher":{"@id":"https:\/\/www.hometheater.com.br\/portal\/#organization"},"image":{"@id":"https:\/\/www.hometheater.com.br\/portal\/2025\/12\/16\/novo-subwoofer-paradigm-foi-pensado-para-embutir-na-parede\/#primaryimage"},"thumbnailUrl":"https:\/\/www.hometheater.com.br\/portal\/wp-content\/uploads\/2025\/12\/sfc12-sys-grille-lifestyle_.jpg","articleSection":["NOT\u00cdCIAS"],"inLanguage":"pt-BR","potentialAction":[{"@type":"CommentAction","name":"Comment","target":["https:\/\/www.hometheater.com.br\/portal\/2025\/12\/16\/novo-subwoofer-paradigm-foi-pensado-para-embutir-na-parede\/#respond"]}]},{"@type":"WebPage","@id":"https:\/\/www.hometheater.com.br\/portal\/2025\/12\/16\/novo-subwoofer-paradigm-foi-pensado-para-embutir-na-parede\/","url":"https:\/\/www.hometheater.com.br\/portal\/2025\/12\/16\/novo-subwoofer-paradigm-foi-pensado-para-embutir-na-parede\/","name":"Novo subwoofer Paradigm foi pensado para embutir na parede - HT &amp; Casa Digital","isPartOf":{"@id":"https:\/\/www.hometheater.com.br\/portal\/#website"},"primaryImageOfPage":{"@id":"https:\/\/www.hometheater.com.br\/portal\/2025\/12\/16\/novo-subwoofer-paradigm-foi-pensado-para-embutir-na-parede\/#primaryimage"},"image":{"@id":"https:\/\/www.hometheater.com.br\/portal\/2025\/12\/16\/novo-subwoofer-paradigm-foi-pensado-para-embutir-na-parede\/#primaryimage"},"thumbnailUrl":"https:\/\/www.hometheater.com.br\/portal\/wp-content\/uploads\/2025\/12\/sfc12-sys-grille-lifestyle_.jpg","datePublished":"2025-12-16T10:46:45+00:00","dateModified":"2025-12-16T13:08:57+00:00","breadcrumb":{"@id":"https:\/\/www.hometheater.com.br\/portal\/2025\/12\/16\/novo-subwoofer-paradigm-foi-pensado-para-embutir-na-parede\/#breadcrumb"},"inLanguage":"pt-BR","potentialAction":[{"@type":"ReadAction","target":["https:\/\/www.hometheater.com.br\/portal\/2025\/12\/16\/novo-subwoofer-paradigm-foi-pensado-para-embutir-na-parede\/"]}]},{"@type":"ImageObject","inLanguage":"pt-BR","@id":"https:\/\/www.hometheater.com.br\/portal\/2025\/12\/16\/novo-subwoofer-paradigm-foi-pensado-para-embutir-na-parede\/#primaryimage","url":"https:\/\/www.hometheater.com.br\/portal\/wp-content\/uploads\/2025\/12\/sfc12-sys-grille-lifestyle_.jpg","contentUrl":"https:\/\/www.hometheater.com.br\/portal\/wp-content\/uploads\/2025\/12\/sfc12-sys-grille-lifestyle_.jpg","width":800,"height":450},{"@type":"BreadcrumbList","@id":"https:\/\/www.hometheater.com.br\/portal\/2025\/12\/16\/novo-subwoofer-paradigm-foi-pensado-para-embutir-na-parede\/#breadcrumb","itemListElement":[{"@type":"ListItem","position":1,"name":"In\u00edcio","item":"https:\/\/www.hometheater.com.br\/portal\/"},{"@type":"ListItem","position":2,"name":"Novo subwoofer Paradigm foi pensado para embutir na parede"}]},{"@type":"WebSite","@id":"https:\/\/www.hometheater.com.br\/portal\/#website","url":"https:\/\/www.hometheater.com.br\/portal\/","name":"HT &amp; Casa Digital","description":"O mundo digital em sua casa","publisher":{"@id":"https:\/\/www.hometheater.com.br\/portal\/#organization"},"potentialAction":[{"@type":"SearchAction","target":{"@type":"EntryPoint","urlTemplate":"https:\/\/www.hometheater.com.br\/portal\/?s={search_term_string}"},"query-input":{"@type":"PropertyValueSpecification","valueRequired":true,"valueName":"search_term_string"}}],"inLanguage":"pt-BR"},{"@type":"Organization","@id":"https:\/\/www.hometheater.com.br\/portal\/#organization","name":"Home Theater","url":"https:\/\/www.hometheater.com.br\/portal\/","logo":{"@type":"ImageObject","inLanguage":"pt-BR","@id":"https:\/\/www.hometheater.com.br\/portal\/#\/schema\/logo\/image\/","url":"https:\/\/www.hometheater.com.br\/portal\/wp-content\/uploads\/2022\/06\/assine_ht_01.png","contentUrl":"https:\/\/www.hometheater.com.br\/portal\/wp-content\/uploads\/2022\/06\/assine_ht_01.png","width":800,"height":254,"caption":"Home Theater"},"image":{"@id":"https:\/\/www.hometheater.com.br\/portal\/#\/schema\/logo\/image\/"},"sameAs":["https:\/\/web.facebook.com\/revistahometheater","https:\/\/x.com\/hometheaterbr"]},{"@type":"Person","@id":"https:\/\/www.hometheater.com.br\/portal\/#\/schema\/person\/3b6bd5a9e2a6c4197c7b98dd7a733d22","name":"Revista Home Theater &amp; Casa Digital","image":{"@type":"ImageObject","inLanguage":"pt-BR","@id":"https:\/\/www.hometheater.com.br\/portal\/#\/schema\/person\/image\/","url":"https:\/\/secure.gravatar.com\/avatar\/fd86f33d841f0f43adcc1665dd80ca740e028af4297e20d3444f9335092a6ee7?s=96&d=mm&r=g","contentUrl":"https:\/\/secure.gravatar.com\/avatar\/fd86f33d841f0f43adcc1665dd80ca740e028af4297e20d3444f9335092a6ee7?s=96&d=mm&r=g","caption":"Revista Home Theater &amp; Casa Digital"},"url":"https:\/\/www.hometheater.com.br\/portal\/author\/flavio\/"}]}},"_links":{"self":[{"href":"https:\/\/www.hometheater.com.br\/portal\/wp-json\/wp\/v2\/posts\/36662","targetHints":{"allow":["GET"]}}],"collection":[{"href":"https:\/\/www.hometheater.com.br\/portal\/wp-json\/wp\/v2\/posts"}],"about":[{"href":"https:\/\/www.hometheater.com.br\/portal\/wp-json\/wp\/v2\/types\/post"}],"author":[{"embeddable":true,"href":"https:\/\/www.hometheater.com.br\/portal\/wp-json\/wp\/v2\/users\/1"}],"replies":[{"embeddable":true,"href":"https:\/\/www.hometheater.com.br\/portal\/wp-json\/wp\/v2\/comments?post=36662"}],"version-history":[{"count":4,"href":"https:\/\/www.hometheater.com.br\/portal\/wp-json\/wp\/v2\/posts\/36662\/revisions"}],"predecessor-version":[{"id":36669,"href":"https:\/\/www.hometheater.com.br\/portal\/wp-json\/wp\/v2\/posts\/36662\/revisions\/36669"}],"wp:featuredmedia":[{"embeddable":true,"href":"https:\/\/www.hometheater.com.br\/portal\/wp-json\/wp\/v2\/media\/36666"}],"wp:attachment":[{"href":"https:\/\/www.hometheater.com.br\/portal\/wp-json\/wp\/v2\/media?parent=36662"}],"wp:term":[{"taxonomy":"category","embeddable":true,"href":"https:\/\/www.hometheater.com.br\/portal\/wp-json\/wp\/v2\/categories?post=36662"},{"taxonomy":"post_tag","embeddable":true,"href":"https:\/\/www.hometheater.com.br\/portal\/wp-json\/wp\/v2\/tags?post=36662"}],"curies":[{"name":"wp","href":"https:\/\/api.w.org\/{rel}","templated":true}]}}