{"id":36396,"date":"2025-11-28T08:14:33","date_gmt":"2025-11-28T11:14:33","guid":{"rendered":"https:\/\/www.hometheater.com.br\/portal\/?p=36396"},"modified":"2025-11-28T14:41:04","modified_gmt":"2025-11-28T17:41:04","slug":"nas-series-do-streaming-a-vida-como-ela-e","status":"publish","type":"post","link":"https:\/\/www.hometheater.com.br\/portal\/2025\/11\/28\/nas-series-do-streaming-a-vida-como-ela-e\/","title":{"rendered":"Nas s\u00e9ries do streaming, a vida como ela \u00e9"},"content":{"rendered":"<h3><a href=\"#paulo\">Por Paulo Gustavo Pereira*<img loading=\"lazy\" decoding=\"async\" class=\"alignright wp-image-34215\" src=\"https:\/\/www.hometheater.com.br\/portal\/wp-content\/uploads\/2025\/05\/logo_justwatch_-150x150.png\" alt=\"\" width=\"100\" height=\"88\" \/><\/a><\/h3>\n<p><img loading=\"lazy\" decoding=\"async\" class=\"aligncenter size-full wp-image-36397\" src=\"https:\/\/www.hometheater.com.br\/portal\/wp-content\/uploads\/2025\/11\/angela_diniz.jpg\" alt=\"\" width=\"550\" height=\"330\" srcset=\"https:\/\/www.hometheater.com.br\/portal\/wp-content\/uploads\/2025\/11\/angela_diniz.jpg 550w, https:\/\/www.hometheater.com.br\/portal\/wp-content\/uploads\/2025\/11\/angela_diniz-300x180.jpg 300w, https:\/\/www.hometheater.com.br\/portal\/wp-content\/uploads\/2025\/11\/angela_diniz-400x240.jpg 400w, https:\/\/www.hometheater.com.br\/portal\/wp-content\/uploads\/2025\/11\/angela_diniz-500x300.jpg 500w\" sizes=\"auto, (max-width: 550px) 100vw, 550px\" \/><\/p>\n<p><strong><u>\u00c2NGELA DINIZ \u2013 ASSASSINADA E CONDENADA (2025)<\/u><\/strong><br \/>\n<strong>G\u00eanero: <\/strong>drama<strong> (1 temporada, 6 epis\u00f3dios)<\/strong><br \/>\n<strong>Onde assistir: <\/strong>HBO Max<strong> (<a href=\"https:\/\/youtu.be\/3AUUI4sejs8\">trailer<\/a>)<\/strong><\/p>\n<p>O caso da socialite mineira \u00c2ngela Diniz ocupou o notici\u00e1rio brasileiro durante os anos 70. Assassinada com quatro tiros pelo pr\u00f3prio marido, o milion\u00e1rio Doca Street, o caso ganhou as manchetes principalmente quando, durante o julgamento, ele alegou que a matou para defender sua pr\u00f3pria honra de marido. O caso impulsionou os movimentos feministas brasileiros, lembrado nos \u00faltimos anos pelo conhecido podcast <strong>Praia dos Ossos<\/strong>. Toda a hist\u00f3ria levantada pelo podcast foi adaptada para essa produ\u00e7\u00e3o original, numa excelente produ\u00e7\u00e3o dirigida por Andrucha Waddington, de <strong>Sob Press\u00e3o<\/strong> (2017, Globoplay) e <strong>Em Casa com os Gil<\/strong> (2022, Prime Video).\u00a0Fazem parte do elenco Marjorie Estiano como \u00c2ngela e Emilio Dantas como Doca Street. \u00c9 uma excelente oportunidade para conhecer um dos primeiros casos p\u00fablicos de feminic\u00eddio no pa\u00eds, um tema infelizmente t\u00e3o atual.<\/p><div class=\"homet-conteudo\" style=\"text-align: center;\" id=\"homet-781633323\"><div data-cfpa=\"36066\" data-cfpw=\"36066\" id=\"homet-2990493185\"><a data-no-instant=\"1\" href=\"https:\/\/loja.sommaior.com.br\/\" rel=\"noopener\" class=\"a2t-link\" aria-label=\"ABBEY-ROAD_360x300px\"><img loading=\"lazy\" decoding=\"async\" src=\"https:\/\/www.hometheater.com.br\/portal\/wp-content\/uploads\/2025\/10\/ABBEY-ROAD_360x300px.jpg\" alt=\"\"  class=\"no-lazyload\" width=\"300\" height=\"250\"   \/><\/a><\/div><script type=\"text\/javascript\">;new advadsCfpAd( 36066 );<\/script><\/div>\n<p>&nbsp;<\/p>\n<p><img loading=\"lazy\" decoding=\"async\" class=\"aligncenter size-full wp-image-36398\" src=\"https:\/\/www.hometheater.com.br\/portal\/wp-content\/uploads\/2025\/11\/aquela_doenca_.jpg\" alt=\"\" width=\"550\" height=\"309\" srcset=\"https:\/\/www.hometheater.com.br\/portal\/wp-content\/uploads\/2025\/11\/aquela_doenca_.jpg 550w, https:\/\/www.hometheater.com.br\/portal\/wp-content\/uploads\/2025\/11\/aquela_doenca_-300x169.jpg 300w, https:\/\/www.hometheater.com.br\/portal\/wp-content\/uploads\/2025\/11\/aquela_doenca_-400x225.jpg 400w, https:\/\/www.hometheater.com.br\/portal\/wp-content\/uploads\/2025\/11\/aquela_doenca_-500x281.jpg 500w\" sizes=\"auto, (max-width: 550px) 100vw, 550px\" \/><\/p>\n<p><strong><u>AQUELA DOEN\u00c7A COM C <\/u><\/strong><br \/>\n<strong>(The Big C, 2010-2013)<\/strong><br \/>\n<strong>G\u00eanero: <\/strong>com\u00e9dia dram\u00e1tica<strong> (4 temporadas, 40 epis\u00f3dios)<\/strong><br \/>\n<strong>Onde assistir: <\/strong>Netflix<strong> (<a href=\"https:\/\/youtu.be\/nU62Psd7YeI\">trailer<\/a>)<\/strong><\/p>\n<p>Produ\u00e7\u00e3o premiada na primeira d\u00e9cada deste s\u00e9culo, trazendo uma das melhores atua\u00e7\u00f5es de Laura Linney, a atriz de <strong>Ozark <\/strong>(2017-2020, Netflix). Ela interpreta a Cathy, uma professora do 2\u00ba grau que, ao receber um diagn\u00f3stico de c\u00e2ncer, reage de forma surpreendente. Em vez de mergulhar numa depress\u00e3o, ela decide radicalizar suas atitudes em rela\u00e7\u00e3o ao trabalho, a fam\u00edlia e a pr\u00f3pria vida. A criadora da s\u00e9rie, a atriz e roteirista Darlene Hunt, decidiu mostrar com honestidade e muito humor um tema considerado tabu. \u00c9 uma s\u00e9rie recheada de piadas, mesmo quando registra a complicada rela\u00e7\u00e3o entre Cathy, sua fam\u00edlia e amigos. Uma hist\u00f3ria muito bem contada, com uma atriz que mereceu o Emmy e o Globo de Ouro pelo trabalho.<\/p>\n<p>&nbsp;<\/p>\n<p><img loading=\"lazy\" decoding=\"async\" class=\"aligncenter size-full wp-image-36399\" src=\"https:\/\/www.hometheater.com.br\/portal\/wp-content\/uploads\/2025\/11\/come_terra_.jpg\" alt=\"\" width=\"550\" height=\"309\" srcset=\"https:\/\/www.hometheater.com.br\/portal\/wp-content\/uploads\/2025\/11\/come_terra_.jpg 550w, https:\/\/www.hometheater.com.br\/portal\/wp-content\/uploads\/2025\/11\/come_terra_-300x169.jpg 300w, https:\/\/www.hometheater.com.br\/portal\/wp-content\/uploads\/2025\/11\/come_terra_-400x225.jpg 400w, https:\/\/www.hometheater.com.br\/portal\/wp-content\/uploads\/2025\/11\/come_terra_-500x281.jpg 500w\" sizes=\"auto, (max-width: 550px) 100vw, 550px\" \/><\/p>\n<p><strong><u>COMETERRA <\/u><\/strong><br \/>\n<strong>(Cometierra, 2025) <\/strong><br \/>\n<strong>G\u00eanero: <\/strong>suspense<strong> (1 temporada, 7 epis\u00f3dios) <\/strong><br \/>\n<strong>Onde assistir: <\/strong>Prime Video<strong> (<\/strong><a href=\"https:\/\/youtu.be\/aDwCYPx27xM\"><strong>trailer<\/strong><\/a><strong>)<\/strong><\/p>\n<p>Em 2019, a autora argentina Dolores Reyes escreveu uma curiosa hist\u00f3ria de drama social e realismo fant\u00e1stico, com o t\u00edtulo \u201cA Devoradora de Terra\u201d, tornando-se best-seller em seu pa\u00eds. Esta adapta\u00e7\u00e3o narra a hist\u00f3ria da jovem adolescente Aylin (Lilith Curiel), que durante uma briga na escola descobre possuir um estranho dom. Ao ingerir terra (acidentalmente), ela tem vis\u00f5es de pessoas desaparecidas ou mortas. Uma delas \u00e9 uma professora dada como desaparecida. Enfrentando seus pr\u00f3prios medos, Aylin acredita que possa fazer a diferen\u00e7a, mesmo tendo que esconder seu dom para n\u00e3o ser acusada de louca. Al\u00e9m do suspense das investiga\u00e7\u00f5es, cada epis\u00f3dio revela detalhes importantes sobre esse dom, enquanto a hist\u00f3ria mostra um quadro de viol\u00eancia de g\u00eanero e injusti\u00e7a social nas periferias da Am\u00e9rica Latina. Quem est\u00e1 na s\u00e9rie tamb\u00e9m \u00e9 a mexicana Yalitza Aparicio<strong>, <\/strong>indicada ao Oscar por\u00a0<strong>Roma<\/strong> (2018, Netflix), que faz a professora desaparecida.<\/p>\n<p>&nbsp;<\/p>\n<p><img loading=\"lazy\" decoding=\"async\" class=\"aligncenter size-full wp-image-36400\" src=\"https:\/\/www.hometheater.com.br\/portal\/wp-content\/uploads\/2025\/11\/vaga_lumes_.jpg\" alt=\"\" width=\"550\" height=\"309\" srcset=\"https:\/\/www.hometheater.com.br\/portal\/wp-content\/uploads\/2025\/11\/vaga_lumes_.jpg 550w, https:\/\/www.hometheater.com.br\/portal\/wp-content\/uploads\/2025\/11\/vaga_lumes_-300x169.jpg 300w, https:\/\/www.hometheater.com.br\/portal\/wp-content\/uploads\/2025\/11\/vaga_lumes_-400x225.jpg 400w, https:\/\/www.hometheater.com.br\/portal\/wp-content\/uploads\/2025\/11\/vaga_lumes_-500x281.jpg 500w\" sizes=\"auto, (max-width: 550px) 100vw, 550px\" \/><\/p>\n<p><strong><u>VAGA-LUMES<\/u><br \/>\n(Fireflies, 2025)<\/strong><br \/>\n<strong>G\u00eanero: <\/strong>suspense<strong> (1 temporada, 8 epis\u00f3dios)<\/strong><br \/>\n<strong>Onde assistir: <\/strong>Paramount+<strong> (<a href=\"https:\/\/youtu.be\/Jj2MlqRs2L8\">trailer<\/a>)<\/strong><\/p>\n<p>Esta \u00e9 uma s\u00e9rie sobrenatural diferente, produzida em Israel, com trama tensa que mistura realismo e surrealismo. Uma chuva torrencial atinge uma pequena cidade pr\u00f3ximo ao deserto da Judeia. E a \u00e1gua acaba revelando uma grande quantidade de minas terrestres montadas durante as guerras do Oriente M\u00e9dio nos anos 60. Dikla, a chefe da pol\u00edcia local, encontra Mimi, uma perita em desativar minas, a quem conhece desde a adolesc\u00eancia, embora tenham tomado rumos diferentes em suas vidas. A principal discuss\u00e3o entre as duas \u00e9 sobre casos de pessoas na regi\u00e3o que est\u00e3o entrando em combust\u00e3o espont\u00e2nea. Ser\u00e1 que isso tem rela\u00e7\u00e3o com as minas terrestres? Ou seria um fen\u00f4meno sobrenatural que ambas vivenciaram quando jovens? E as duas deixariam as diferen\u00e7as de lado para resolver esse mist\u00e9rio? O mist\u00e9rio da tal combust\u00e3o espont\u00e2nea pode revelar algo muito mais inflam\u00e1vel sobre o passado das duas personagens.<\/p>\n<p>&nbsp;<\/p>\n<p><img loading=\"lazy\" decoding=\"async\" class=\"aligncenter size-full wp-image-36401\" src=\"https:\/\/www.hometheater.com.br\/portal\/wp-content\/uploads\/2025\/11\/duas_covas_.jpg\" alt=\"\" width=\"550\" height=\"309\" srcset=\"https:\/\/www.hometheater.com.br\/portal\/wp-content\/uploads\/2025\/11\/duas_covas_.jpg 550w, https:\/\/www.hometheater.com.br\/portal\/wp-content\/uploads\/2025\/11\/duas_covas_-300x169.jpg 300w, https:\/\/www.hometheater.com.br\/portal\/wp-content\/uploads\/2025\/11\/duas_covas_-400x225.jpg 400w, https:\/\/www.hometheater.com.br\/portal\/wp-content\/uploads\/2025\/11\/duas_covas_-500x281.jpg 500w\" sizes=\"auto, (max-width: 550px) 100vw, 550px\" \/><\/p>\n<p><strong><u>DUAS COVAS <\/u><br \/>\n(Dos Tumbas, 2025)<\/strong><br \/>\n<strong>G\u00eanero: <\/strong>drama<strong> (1 temporada, 3 epis\u00f3dios) <\/strong><br \/>\n<strong>Onde assistir: <\/strong>Netflix<strong> (<\/strong><a href=\"https:\/\/youtu.be\/UMLt1rhhRe4\"><strong>trailer<\/strong><\/a><strong>)<\/strong><\/p>\n<p>Excelente miniss\u00e9rie sobre um drama comum nos \u00faltimos anos na Espanha: o assassinato de jovens, especialmente mulheres. O roteiro n\u00e3o \u00e9 baseado num caso espec\u00edfico, mas \u00e9 comovente pela narrativa tensa e em v\u00e1rios momentos violenta. A cidade de Frigiliana, ao sul da costa espanhola, vive um momento de dor e perplexidade com o misterioso desaparecimento das jovens Veronica e Marta. Dois anos ap\u00f3s o in\u00edcio das investiga\u00e7\u00f5es, nada de novo foi descoberto, e a pol\u00edcia arquiva o caso. Isabel, av\u00f3 de Veronica, n\u00e3o desiste de tentar descobrir o que aconteceu com a neta e a amiga dela. Ent\u00e3o se une a Rafael, pai de Marta, e o que parecia mais um desaparecimento se transforma em algo sombrio. Eles descobrem festas secretas, incluindo drogas e explora\u00e7\u00e3o de jovens, com o poss\u00edvel envolvimento de figuras poderosas da cidade. Com apenas tr\u00eas epis\u00f3dios, a produ\u00e7\u00e3o \u00e9 envolvente especialmente por suas reviravoltas, al\u00e9m de provocar questionamentos sobre a pr\u00e1tica da justi\u00e7a pelas pr\u00f3prias m\u00e3os. Destaque para o trabalho da atriz espanhola Kiti M\u00e1nver, como a incisiva Isabel, e de \u00c1lvaro Morte (Rafael), que esteve em <strong>Casa de Papel<\/strong> (2017, Netflix).<\/p>\n<p><a id=\"paulo\"><\/a><img loading=\"lazy\" decoding=\"async\" class=\"aligncenter size-full wp-image-33596\" src=\"https:\/\/www.hometheater.com.br\/portal\/wp-content\/uploads\/2025\/04\/paulo_gustavo_pereira_perfil.jpg\" alt=\"\" width=\"600\" height=\"338\" srcset=\"https:\/\/www.hometheater.com.br\/portal\/wp-content\/uploads\/2025\/04\/paulo_gustavo_pereira_perfil.jpg 600w, https:\/\/www.hometheater.com.br\/portal\/wp-content\/uploads\/2025\/04\/paulo_gustavo_pereira_perfil-300x169.jpg 300w, https:\/\/www.hometheater.com.br\/portal\/wp-content\/uploads\/2025\/04\/paulo_gustavo_pereira_perfil-400x225.jpg 400w, https:\/\/www.hometheater.com.br\/portal\/wp-content\/uploads\/2025\/04\/paulo_gustavo_pereira_perfil-500x282.jpg 500w\" sizes=\"auto, (max-width: 600px) 100vw, 600px\" \/><\/p>\n<p><a href=\"https:\/\/www.hometheater.com.br\/portal\/ht-streaming-2\/\"><img loading=\"lazy\" decoding=\"async\" class=\"aligncenter wp-image-31194 size-full\" src=\"https:\/\/www.hometheater.com.br\/portal\/wp-content\/uploads\/2024\/06\/ht_streaming_rodape2.png\" alt=\"\" width=\"659\" height=\"173\" srcset=\"https:\/\/www.hometheater.com.br\/portal\/wp-content\/uploads\/2024\/06\/ht_streaming_rodape2.png 659w, https:\/\/www.hometheater.com.br\/portal\/wp-content\/uploads\/2024\/06\/ht_streaming_rodape2-400x105.png 400w, https:\/\/www.hometheater.com.br\/portal\/wp-content\/uploads\/2024\/06\/ht_streaming_rodape2-500x131.png 500w, https:\/\/www.hometheater.com.br\/portal\/wp-content\/uploads\/2024\/06\/ht_streaming_rodape2-300x79.png 300w\" sizes=\"auto, (max-width: 659px) 100vw, 659px\" \/><\/a><\/p>\n","protected":false},"excerpt":{"rendered":"<p>Por Paulo Gustavo Pereira* \u00c2NGELA DINIZ \u2013 ASSASSINADA E CONDENADA (2025) G\u00eanero: drama (1 temporada, 6 epis\u00f3dios) Onde assistir: HBO Max (trailer) O caso da<\/p>\n","protected":false},"author":1,"featured_media":36402,"comment_status":"open","ping_status":"open","sticky":false,"template":"","format":"standard","meta":{"footnotes":""},"categories":[58],"tags":[],"class_list":["post-36396","post","type-post","status-publish","format-standard","has-post-thumbnail","hentry","category-htstreaming"],"yoast_head":"<!-- This site is optimized with the Yoast SEO plugin v25.7 - https:\/\/yoast.com\/wordpress\/plugins\/seo\/ -->\n<title>Nas s\u00e9ries do streaming, a vida como ela \u00e9 - HT &amp; Casa Digital<\/title>\n<meta name=\"robots\" content=\"index, follow, max-snippet:-1, max-image-preview:large, max-video-preview:-1\" \/>\n<link rel=\"canonical\" href=\"https:\/\/www.hometheater.com.br\/portal\/2025\/11\/28\/nas-series-do-streaming-a-vida-como-ela-e\/\" \/>\n<meta property=\"og:locale\" content=\"pt_BR\" \/>\n<meta property=\"og:type\" content=\"article\" \/>\n<meta property=\"og:title\" content=\"Nas s\u00e9ries do streaming, a vida como ela \u00e9 - HT &amp; Casa Digital\" \/>\n<meta property=\"og:description\" content=\"Por Paulo Gustavo Pereira* \u00c2NGELA DINIZ \u2013 ASSASSINADA E CONDENADA (2025) G\u00eanero: drama (1 temporada, 6 epis\u00f3dios) Onde assistir: HBO Max (trailer) O caso da\" \/>\n<meta property=\"og:url\" content=\"https:\/\/www.hometheater.com.br\/portal\/2025\/11\/28\/nas-series-do-streaming-a-vida-como-ela-e\/\" \/>\n<meta property=\"og:site_name\" content=\"HT &amp; Casa Digital\" \/>\n<meta property=\"article:publisher\" content=\"https:\/\/web.facebook.com\/revistahometheater\" \/>\n<meta property=\"article:published_time\" content=\"2025-11-28T11:14:33+00:00\" \/>\n<meta property=\"article:modified_time\" content=\"2025-11-28T17:41:04+00:00\" \/>\n<meta property=\"og:image\" content=\"https:\/\/www.hometheater.com.br\/portal\/wp-content\/uploads\/2025\/11\/angela_diniz_serie_.jpg\" \/>\n\t<meta property=\"og:image:width\" content=\"800\" \/>\n\t<meta property=\"og:image:height\" content=\"480\" \/>\n\t<meta property=\"og:image:type\" content=\"image\/jpeg\" \/>\n<meta name=\"author\" content=\"Revista Home Theater &amp; Casa Digital\" \/>\n<meta name=\"twitter:card\" content=\"summary_large_image\" \/>\n<meta name=\"twitter:creator\" content=\"@hometheaterbr\" \/>\n<meta name=\"twitter:site\" content=\"@hometheaterbr\" \/>\n<meta name=\"twitter:label1\" content=\"Escrito por\" \/>\n\t<meta name=\"twitter:data1\" content=\"Revista Home Theater &amp; Casa Digital\" \/>\n\t<meta name=\"twitter:label2\" content=\"Est. tempo de leitura\" \/>\n\t<meta name=\"twitter:data2\" content=\"4 minutos\" \/>\n<script type=\"application\/ld+json\" class=\"yoast-schema-graph\">{\"@context\":\"https:\/\/schema.org\",\"@graph\":[{\"@type\":\"Article\",\"@id\":\"https:\/\/www.hometheater.com.br\/portal\/2025\/11\/28\/nas-series-do-streaming-a-vida-como-ela-e\/#article\",\"isPartOf\":{\"@id\":\"https:\/\/www.hometheater.com.br\/portal\/2025\/11\/28\/nas-series-do-streaming-a-vida-como-ela-e\/\"},\"author\":{\"name\":\"Revista Home Theater &amp; Casa Digital\",\"@id\":\"https:\/\/www.hometheater.com.br\/portal\/#\/schema\/person\/3b6bd5a9e2a6c4197c7b98dd7a733d22\"},\"headline\":\"Nas s\u00e9ries do streaming, a vida como ela \u00e9\",\"datePublished\":\"2025-11-28T11:14:33+00:00\",\"dateModified\":\"2025-11-28T17:41:04+00:00\",\"mainEntityOfPage\":{\"@id\":\"https:\/\/www.hometheater.com.br\/portal\/2025\/11\/28\/nas-series-do-streaming-a-vida-como-ela-e\/\"},\"wordCount\":894,\"commentCount\":0,\"publisher\":{\"@id\":\"https:\/\/www.hometheater.com.br\/portal\/#organization\"},\"image\":{\"@id\":\"https:\/\/www.hometheater.com.br\/portal\/2025\/11\/28\/nas-series-do-streaming-a-vida-como-ela-e\/#primaryimage\"},\"thumbnailUrl\":\"https:\/\/www.hometheater.com.br\/portal\/wp-content\/uploads\/2025\/11\/angela_diniz_serie_.jpg\",\"articleSection\":[\"STREAMING\"],\"inLanguage\":\"pt-BR\",\"potentialAction\":[{\"@type\":\"CommentAction\",\"name\":\"Comment\",\"target\":[\"https:\/\/www.hometheater.com.br\/portal\/2025\/11\/28\/nas-series-do-streaming-a-vida-como-ela-e\/#respond\"]}]},{\"@type\":\"WebPage\",\"@id\":\"https:\/\/www.hometheater.com.br\/portal\/2025\/11\/28\/nas-series-do-streaming-a-vida-como-ela-e\/\",\"url\":\"https:\/\/www.hometheater.com.br\/portal\/2025\/11\/28\/nas-series-do-streaming-a-vida-como-ela-e\/\",\"name\":\"Nas s\u00e9ries do streaming, a vida como ela \u00e9 - HT &amp; Casa Digital\",\"isPartOf\":{\"@id\":\"https:\/\/www.hometheater.com.br\/portal\/#website\"},\"primaryImageOfPage\":{\"@id\":\"https:\/\/www.hometheater.com.br\/portal\/2025\/11\/28\/nas-series-do-streaming-a-vida-como-ela-e\/#primaryimage\"},\"image\":{\"@id\":\"https:\/\/www.hometheater.com.br\/portal\/2025\/11\/28\/nas-series-do-streaming-a-vida-como-ela-e\/#primaryimage\"},\"thumbnailUrl\":\"https:\/\/www.hometheater.com.br\/portal\/wp-content\/uploads\/2025\/11\/angela_diniz_serie_.jpg\",\"datePublished\":\"2025-11-28T11:14:33+00:00\",\"dateModified\":\"2025-11-28T17:41:04+00:00\",\"breadcrumb\":{\"@id\":\"https:\/\/www.hometheater.com.br\/portal\/2025\/11\/28\/nas-series-do-streaming-a-vida-como-ela-e\/#breadcrumb\"},\"inLanguage\":\"pt-BR\",\"potentialAction\":[{\"@type\":\"ReadAction\",\"target\":[\"https:\/\/www.hometheater.com.br\/portal\/2025\/11\/28\/nas-series-do-streaming-a-vida-como-ela-e\/\"]}]},{\"@type\":\"ImageObject\",\"inLanguage\":\"pt-BR\",\"@id\":\"https:\/\/www.hometheater.com.br\/portal\/2025\/11\/28\/nas-series-do-streaming-a-vida-como-ela-e\/#primaryimage\",\"url\":\"https:\/\/www.hometheater.com.br\/portal\/wp-content\/uploads\/2025\/11\/angela_diniz_serie_.jpg\",\"contentUrl\":\"https:\/\/www.hometheater.com.br\/portal\/wp-content\/uploads\/2025\/11\/angela_diniz_serie_.jpg\",\"width\":800,\"height\":480},{\"@type\":\"BreadcrumbList\",\"@id\":\"https:\/\/www.hometheater.com.br\/portal\/2025\/11\/28\/nas-series-do-streaming-a-vida-como-ela-e\/#breadcrumb\",\"itemListElement\":[{\"@type\":\"ListItem\",\"position\":1,\"name\":\"In\u00edcio\",\"item\":\"https:\/\/www.hometheater.com.br\/portal\/\"},{\"@type\":\"ListItem\",\"position\":2,\"name\":\"Nas s\u00e9ries do streaming, a vida como ela \u00e9\"}]},{\"@type\":\"WebSite\",\"@id\":\"https:\/\/www.hometheater.com.br\/portal\/#website\",\"url\":\"https:\/\/www.hometheater.com.br\/portal\/\",\"name\":\"HT &amp; Casa Digital\",\"description\":\"O mundo digital em sua casa\",\"publisher\":{\"@id\":\"https:\/\/www.hometheater.com.br\/portal\/#organization\"},\"potentialAction\":[{\"@type\":\"SearchAction\",\"target\":{\"@type\":\"EntryPoint\",\"urlTemplate\":\"https:\/\/www.hometheater.com.br\/portal\/?s={search_term_string}\"},\"query-input\":{\"@type\":\"PropertyValueSpecification\",\"valueRequired\":true,\"valueName\":\"search_term_string\"}}],\"inLanguage\":\"pt-BR\"},{\"@type\":\"Organization\",\"@id\":\"https:\/\/www.hometheater.com.br\/portal\/#organization\",\"name\":\"Home Theater\",\"url\":\"https:\/\/www.hometheater.com.br\/portal\/\",\"logo\":{\"@type\":\"ImageObject\",\"inLanguage\":\"pt-BR\",\"@id\":\"https:\/\/www.hometheater.com.br\/portal\/#\/schema\/logo\/image\/\",\"url\":\"https:\/\/www.hometheater.com.br\/portal\/wp-content\/uploads\/2022\/06\/assine_ht_01.png\",\"contentUrl\":\"https:\/\/www.hometheater.com.br\/portal\/wp-content\/uploads\/2022\/06\/assine_ht_01.png\",\"width\":800,\"height\":254,\"caption\":\"Home Theater\"},\"image\":{\"@id\":\"https:\/\/www.hometheater.com.br\/portal\/#\/schema\/logo\/image\/\"},\"sameAs\":[\"https:\/\/web.facebook.com\/revistahometheater\",\"https:\/\/x.com\/hometheaterbr\"]},{\"@type\":\"Person\",\"@id\":\"https:\/\/www.hometheater.com.br\/portal\/#\/schema\/person\/3b6bd5a9e2a6c4197c7b98dd7a733d22\",\"name\":\"Revista Home Theater &amp; Casa Digital\",\"image\":{\"@type\":\"ImageObject\",\"inLanguage\":\"pt-BR\",\"@id\":\"https:\/\/www.hometheater.com.br\/portal\/#\/schema\/person\/image\/\",\"url\":\"https:\/\/secure.gravatar.com\/avatar\/fd86f33d841f0f43adcc1665dd80ca740e028af4297e20d3444f9335092a6ee7?s=96&d=mm&r=g\",\"contentUrl\":\"https:\/\/secure.gravatar.com\/avatar\/fd86f33d841f0f43adcc1665dd80ca740e028af4297e20d3444f9335092a6ee7?s=96&d=mm&r=g\",\"caption\":\"Revista Home Theater &amp; Casa Digital\"},\"url\":\"https:\/\/www.hometheater.com.br\/portal\/author\/flavio\/\"}]}<\/script>\n<!-- \/ Yoast SEO plugin. -->","yoast_head_json":{"title":"Nas s\u00e9ries do streaming, a vida como ela \u00e9 - HT &amp; Casa Digital","robots":{"index":"index","follow":"follow","max-snippet":"max-snippet:-1","max-image-preview":"max-image-preview:large","max-video-preview":"max-video-preview:-1"},"canonical":"https:\/\/www.hometheater.com.br\/portal\/2025\/11\/28\/nas-series-do-streaming-a-vida-como-ela-e\/","og_locale":"pt_BR","og_type":"article","og_title":"Nas s\u00e9ries do streaming, a vida como ela \u00e9 - HT &amp; Casa Digital","og_description":"Por Paulo Gustavo Pereira* \u00c2NGELA DINIZ \u2013 ASSASSINADA E CONDENADA (2025) G\u00eanero: drama (1 temporada, 6 epis\u00f3dios) Onde assistir: HBO Max (trailer) O caso da","og_url":"https:\/\/www.hometheater.com.br\/portal\/2025\/11\/28\/nas-series-do-streaming-a-vida-como-ela-e\/","og_site_name":"HT &amp; Casa Digital","article_publisher":"https:\/\/web.facebook.com\/revistahometheater","article_published_time":"2025-11-28T11:14:33+00:00","article_modified_time":"2025-11-28T17:41:04+00:00","og_image":[{"width":800,"height":480,"url":"https:\/\/www.hometheater.com.br\/portal\/wp-content\/uploads\/2025\/11\/angela_diniz_serie_.jpg","type":"image\/jpeg"}],"author":"Revista Home Theater &amp; Casa Digital","twitter_card":"summary_large_image","twitter_creator":"@hometheaterbr","twitter_site":"@hometheaterbr","twitter_misc":{"Escrito por":"Revista Home Theater &amp; Casa Digital","Est. tempo de leitura":"4 minutos"},"schema":{"@context":"https:\/\/schema.org","@graph":[{"@type":"Article","@id":"https:\/\/www.hometheater.com.br\/portal\/2025\/11\/28\/nas-series-do-streaming-a-vida-como-ela-e\/#article","isPartOf":{"@id":"https:\/\/www.hometheater.com.br\/portal\/2025\/11\/28\/nas-series-do-streaming-a-vida-como-ela-e\/"},"author":{"name":"Revista Home Theater &amp; Casa Digital","@id":"https:\/\/www.hometheater.com.br\/portal\/#\/schema\/person\/3b6bd5a9e2a6c4197c7b98dd7a733d22"},"headline":"Nas s\u00e9ries do streaming, a vida como ela \u00e9","datePublished":"2025-11-28T11:14:33+00:00","dateModified":"2025-11-28T17:41:04+00:00","mainEntityOfPage":{"@id":"https:\/\/www.hometheater.com.br\/portal\/2025\/11\/28\/nas-series-do-streaming-a-vida-como-ela-e\/"},"wordCount":894,"commentCount":0,"publisher":{"@id":"https:\/\/www.hometheater.com.br\/portal\/#organization"},"image":{"@id":"https:\/\/www.hometheater.com.br\/portal\/2025\/11\/28\/nas-series-do-streaming-a-vida-como-ela-e\/#primaryimage"},"thumbnailUrl":"https:\/\/www.hometheater.com.br\/portal\/wp-content\/uploads\/2025\/11\/angela_diniz_serie_.jpg","articleSection":["STREAMING"],"inLanguage":"pt-BR","potentialAction":[{"@type":"CommentAction","name":"Comment","target":["https:\/\/www.hometheater.com.br\/portal\/2025\/11\/28\/nas-series-do-streaming-a-vida-como-ela-e\/#respond"]}]},{"@type":"WebPage","@id":"https:\/\/www.hometheater.com.br\/portal\/2025\/11\/28\/nas-series-do-streaming-a-vida-como-ela-e\/","url":"https:\/\/www.hometheater.com.br\/portal\/2025\/11\/28\/nas-series-do-streaming-a-vida-como-ela-e\/","name":"Nas s\u00e9ries do streaming, a vida como ela \u00e9 - HT &amp; Casa Digital","isPartOf":{"@id":"https:\/\/www.hometheater.com.br\/portal\/#website"},"primaryImageOfPage":{"@id":"https:\/\/www.hometheater.com.br\/portal\/2025\/11\/28\/nas-series-do-streaming-a-vida-como-ela-e\/#primaryimage"},"image":{"@id":"https:\/\/www.hometheater.com.br\/portal\/2025\/11\/28\/nas-series-do-streaming-a-vida-como-ela-e\/#primaryimage"},"thumbnailUrl":"https:\/\/www.hometheater.com.br\/portal\/wp-content\/uploads\/2025\/11\/angela_diniz_serie_.jpg","datePublished":"2025-11-28T11:14:33+00:00","dateModified":"2025-11-28T17:41:04+00:00","breadcrumb":{"@id":"https:\/\/www.hometheater.com.br\/portal\/2025\/11\/28\/nas-series-do-streaming-a-vida-como-ela-e\/#breadcrumb"},"inLanguage":"pt-BR","potentialAction":[{"@type":"ReadAction","target":["https:\/\/www.hometheater.com.br\/portal\/2025\/11\/28\/nas-series-do-streaming-a-vida-como-ela-e\/"]}]},{"@type":"ImageObject","inLanguage":"pt-BR","@id":"https:\/\/www.hometheater.com.br\/portal\/2025\/11\/28\/nas-series-do-streaming-a-vida-como-ela-e\/#primaryimage","url":"https:\/\/www.hometheater.com.br\/portal\/wp-content\/uploads\/2025\/11\/angela_diniz_serie_.jpg","contentUrl":"https:\/\/www.hometheater.com.br\/portal\/wp-content\/uploads\/2025\/11\/angela_diniz_serie_.jpg","width":800,"height":480},{"@type":"BreadcrumbList","@id":"https:\/\/www.hometheater.com.br\/portal\/2025\/11\/28\/nas-series-do-streaming-a-vida-como-ela-e\/#breadcrumb","itemListElement":[{"@type":"ListItem","position":1,"name":"In\u00edcio","item":"https:\/\/www.hometheater.com.br\/portal\/"},{"@type":"ListItem","position":2,"name":"Nas s\u00e9ries do streaming, a vida como ela \u00e9"}]},{"@type":"WebSite","@id":"https:\/\/www.hometheater.com.br\/portal\/#website","url":"https:\/\/www.hometheater.com.br\/portal\/","name":"HT &amp; Casa Digital","description":"O mundo digital em sua casa","publisher":{"@id":"https:\/\/www.hometheater.com.br\/portal\/#organization"},"potentialAction":[{"@type":"SearchAction","target":{"@type":"EntryPoint","urlTemplate":"https:\/\/www.hometheater.com.br\/portal\/?s={search_term_string}"},"query-input":{"@type":"PropertyValueSpecification","valueRequired":true,"valueName":"search_term_string"}}],"inLanguage":"pt-BR"},{"@type":"Organization","@id":"https:\/\/www.hometheater.com.br\/portal\/#organization","name":"Home Theater","url":"https:\/\/www.hometheater.com.br\/portal\/","logo":{"@type":"ImageObject","inLanguage":"pt-BR","@id":"https:\/\/www.hometheater.com.br\/portal\/#\/schema\/logo\/image\/","url":"https:\/\/www.hometheater.com.br\/portal\/wp-content\/uploads\/2022\/06\/assine_ht_01.png","contentUrl":"https:\/\/www.hometheater.com.br\/portal\/wp-content\/uploads\/2022\/06\/assine_ht_01.png","width":800,"height":254,"caption":"Home Theater"},"image":{"@id":"https:\/\/www.hometheater.com.br\/portal\/#\/schema\/logo\/image\/"},"sameAs":["https:\/\/web.facebook.com\/revistahometheater","https:\/\/x.com\/hometheaterbr"]},{"@type":"Person","@id":"https:\/\/www.hometheater.com.br\/portal\/#\/schema\/person\/3b6bd5a9e2a6c4197c7b98dd7a733d22","name":"Revista Home Theater &amp; Casa Digital","image":{"@type":"ImageObject","inLanguage":"pt-BR","@id":"https:\/\/www.hometheater.com.br\/portal\/#\/schema\/person\/image\/","url":"https:\/\/secure.gravatar.com\/avatar\/fd86f33d841f0f43adcc1665dd80ca740e028af4297e20d3444f9335092a6ee7?s=96&d=mm&r=g","contentUrl":"https:\/\/secure.gravatar.com\/avatar\/fd86f33d841f0f43adcc1665dd80ca740e028af4297e20d3444f9335092a6ee7?s=96&d=mm&r=g","caption":"Revista Home Theater &amp; Casa Digital"},"url":"https:\/\/www.hometheater.com.br\/portal\/author\/flavio\/"}]}},"_links":{"self":[{"href":"https:\/\/www.hometheater.com.br\/portal\/wp-json\/wp\/v2\/posts\/36396","targetHints":{"allow":["GET"]}}],"collection":[{"href":"https:\/\/www.hometheater.com.br\/portal\/wp-json\/wp\/v2\/posts"}],"about":[{"href":"https:\/\/www.hometheater.com.br\/portal\/wp-json\/wp\/v2\/types\/post"}],"author":[{"embeddable":true,"href":"https:\/\/www.hometheater.com.br\/portal\/wp-json\/wp\/v2\/users\/1"}],"replies":[{"embeddable":true,"href":"https:\/\/www.hometheater.com.br\/portal\/wp-json\/wp\/v2\/comments?post=36396"}],"version-history":[{"count":3,"href":"https:\/\/www.hometheater.com.br\/portal\/wp-json\/wp\/v2\/posts\/36396\/revisions"}],"predecessor-version":[{"id":36407,"href":"https:\/\/www.hometheater.com.br\/portal\/wp-json\/wp\/v2\/posts\/36396\/revisions\/36407"}],"wp:featuredmedia":[{"embeddable":true,"href":"https:\/\/www.hometheater.com.br\/portal\/wp-json\/wp\/v2\/media\/36402"}],"wp:attachment":[{"href":"https:\/\/www.hometheater.com.br\/portal\/wp-json\/wp\/v2\/media?parent=36396"}],"wp:term":[{"taxonomy":"category","embeddable":true,"href":"https:\/\/www.hometheater.com.br\/portal\/wp-json\/wp\/v2\/categories?post=36396"},{"taxonomy":"post_tag","embeddable":true,"href":"https:\/\/www.hometheater.com.br\/portal\/wp-json\/wp\/v2\/tags?post=36396"}],"curies":[{"name":"wp","href":"https:\/\/api.w.org\/{rel}","templated":true}]}}