{"id":36153,"date":"2025-10-31T07:51:46","date_gmt":"2025-10-31T10:51:46","guid":{"rendered":"https:\/\/www.hometheater.com.br\/portal\/?p=36153"},"modified":"2025-10-31T07:52:55","modified_gmt":"2025-10-31T10:52:55","slug":"no-streaming-a-vida-como-ela-e-ou-deveria-ser","status":"publish","type":"post","link":"https:\/\/www.hometheater.com.br\/portal\/2025\/10\/31\/no-streaming-a-vida-como-ela-e-ou-deveria-ser\/","title":{"rendered":"No streaming, a vida como ela \u00e9 (ou deveria ser)"},"content":{"rendered":"<h3><a href=\"#paulo\">Por Paulo Gustavo Pereira*<img loading=\"lazy\" decoding=\"async\" class=\"alignright wp-image-34215\" src=\"https:\/\/www.hometheater.com.br\/portal\/wp-content\/uploads\/2025\/05\/logo_justwatch_-150x150.png\" alt=\"\" width=\"100\" height=\"88\" \/><\/a><\/h3>\n<p><img loading=\"lazy\" decoding=\"async\" class=\"aligncenter size-full wp-image-36154\" src=\"https:\/\/www.hometheater.com.br\/portal\/wp-content\/uploads\/2025\/10\/NINGUEM-NOS-VIU-PARTIR.jpg\" alt=\"\" width=\"550\" height=\"309\" srcset=\"https:\/\/www.hometheater.com.br\/portal\/wp-content\/uploads\/2025\/10\/NINGUEM-NOS-VIU-PARTIR.jpg 550w, https:\/\/www.hometheater.com.br\/portal\/wp-content\/uploads\/2025\/10\/NINGUEM-NOS-VIU-PARTIR-300x169.jpg 300w, https:\/\/www.hometheater.com.br\/portal\/wp-content\/uploads\/2025\/10\/NINGUEM-NOS-VIU-PARTIR-400x225.jpg 400w, https:\/\/www.hometheater.com.br\/portal\/wp-content\/uploads\/2025\/10\/NINGUEM-NOS-VIU-PARTIR-500x281.jpg 500w\" sizes=\"auto, (max-width: 550px) 100vw, 550px\" \/><\/p>\n<p><strong><u>NINGU\u00c9M NOS VIU PARTIR <\/u><\/strong><br \/>\n<strong>(Nadie nos vio partir, 2025)<\/strong><br \/>\n<strong>G\u00eanero: <\/strong>drama<strong> (1 temporada, 5 epis\u00f3dios)<\/strong><br \/>\n<strong>Onde assistir: <\/strong>Netflix<strong> (<a href=\"https:\/\/youtu.be\/eJrOsncU7Ro\">trailer<\/a>)<\/strong><\/p>\n<p>Cidade do M\u00e9xico, 1968. Ao sair de uma cl\u00ednica tentando se recuperar de uma crise nervosa, Valeria s\u00f3 que queria voltar para casa e abra\u00e7ar os dois filhos pequenos. Para seu desespero, o marido Leo foi embora levando as crian\u00e7as Isaac e Tammy. Eles embarcam para Paris, onde Leo pretende come\u00e7ar vida nova sem os problemas causados por Valeria. A ex-esposa, contudo, come\u00e7a uma longa jornada para recuperar os filhos, passando por Paris, It\u00e1lia e \u00c1frica do Sul, at\u00e9 terminar em Israel, mas longe de um final feliz. A trama \u00e9 baseada num livro semibiogr\u00e1fico da escritora Tamara Trottner, publicado em 2020 \u2013 ela era \u201cTammy\u201d, que aos cinco anos de idade foi sequestrada junto com o irm\u00e3o pelo pr\u00f3prio pai. \u00c9 um drama psicol\u00f3gico, com certa dose de suspense, narrado com extremo realismo, que j\u00e1 \u00e9 um dos hits do ano no Netflix. Al\u00e9m da reconstitui\u00e7\u00e3o de \u00e9poca excepcional, a fotografia coloca o espectador em plenos anos 60.<\/p><div class=\"homet-conteudo\" style=\"text-align: center;\" id=\"homet-1802254602\"><div data-cfpa=\"35734\" data-cfpw=\"35734\" id=\"homet-669046203\"><a data-no-instant=\"1\" href=\"https:\/\/www.harmanluxuryaudio.com\/\" rel=\"noopener\" class=\"a2t-link\" aria-label=\"ARCAM-SA45-BANNER-NEWSLETTER\"><img loading=\"lazy\" decoding=\"async\" src=\"https:\/\/www.hometheater.com.br\/portal\/wp-content\/uploads\/2025\/09\/ARCAM-SA45-BANNER-NEWSLETTER.gif\" alt=\"\"  class=\"no-lazyload\" width=\"300\" height=\"250\"   \/><\/a><\/div><h6><span style=\"color: #808080;\"><em>Publicidade<\/em><\/span><\/h6>\r\n<\/br><script type=\"text\/javascript\">;new advadsCfpAd( 35734 );<\/script><\/div>\n<p>&nbsp;<\/p>\n<p><img loading=\"lazy\" decoding=\"async\" class=\"aligncenter size-full wp-image-36155\" src=\"https:\/\/www.hometheater.com.br\/portal\/wp-content\/uploads\/2025\/10\/Lazarus_.jpg\" alt=\"\" width=\"550\" height=\"309\" srcset=\"https:\/\/www.hometheater.com.br\/portal\/wp-content\/uploads\/2025\/10\/Lazarus_.jpg 550w, https:\/\/www.hometheater.com.br\/portal\/wp-content\/uploads\/2025\/10\/Lazarus_-300x169.jpg 300w, https:\/\/www.hometheater.com.br\/portal\/wp-content\/uploads\/2025\/10\/Lazarus_-400x225.jpg 400w, https:\/\/www.hometheater.com.br\/portal\/wp-content\/uploads\/2025\/10\/Lazarus_-500x281.jpg 500w\" sizes=\"auto, (max-width: 550px) 100vw, 550px\" \/><\/p>\n<p><strong><u>HARLAN COBEN: L\u00c1ZARO<\/u><\/strong><br \/>\n<strong>(Lazarus, 2025)<\/strong><br \/>\n<strong>G\u00eanero: <\/strong>suspense<strong> (1 temporada, 6 epis\u00f3dios)<\/strong><br \/>\n<strong>Onde assistir: <\/strong>Prime Video<strong> (<a href=\"https:\/\/youtu.be\/2V-h4sjkvGY\">trailer<\/a>)<\/strong><\/p>\n<p>Mais uma trama de mist\u00e9rio criada por um dos autores modernos mais adaptados para a telinha, o americano Harlan Coben. S\u00e3o dele as s\u00e9ries <strong>Safe<\/strong> (2018), <strong>N\u00e3o Fale com Estranhos<\/strong> (2020) e <strong>Fique Comigo<\/strong> (2021), todas no Netflix. Lazarus \u00e9 o nome de um famoso psic\u00f3logo forense brit\u00e2nico, prestes a come\u00e7ar um trabalho com um violento psicopata preso. Ele recebe a not\u00edcia de que seu pai, tamb\u00e9m psicanalista, se suicidou. E come\u00e7a a ter vis\u00f5es sobre uma antiga paciente dele, assassinada h\u00e1 25 anos, mesma \u00e9poca da morte da irm\u00e3 do pr\u00f3prio Lazarus. Ele passa ent\u00e3o a investigar esses casos para entender por que seu pai tirou a pr\u00f3pria vida e se isso tem rela\u00e7\u00e3o com aqueles crimes. Assim como em suas obras anteriores, Coben cria situa\u00e7\u00f5es simples para seus personagens, que v\u00e3o transformando a narrativa em um sofisticado quebra-cabe\u00e7as de emo\u00e7\u00f5es e surpresas. Nos papeis principais, est\u00e3o dois ingleses: Lazarus \u00e9 Sam Claflin, de <strong>Peaky Blinders<\/strong> (2019, Netflix); e como seu pai, o \u00f3timo Bill Nighy, de <strong>Emma<\/strong> (2020, Apple TV+).<\/p>\n<p>&nbsp;<\/p>\n<p><img loading=\"lazy\" decoding=\"async\" class=\"aligncenter size-full wp-image-36156\" src=\"https:\/\/www.hometheater.com.br\/portal\/wp-content\/uploads\/2025\/10\/hotel_costiera_.jpg\" alt=\"\" width=\"550\" height=\"309\" srcset=\"https:\/\/www.hometheater.com.br\/portal\/wp-content\/uploads\/2025\/10\/hotel_costiera_.jpg 550w, https:\/\/www.hometheater.com.br\/portal\/wp-content\/uploads\/2025\/10\/hotel_costiera_-300x169.jpg 300w, https:\/\/www.hometheater.com.br\/portal\/wp-content\/uploads\/2025\/10\/hotel_costiera_-400x225.jpg 400w, https:\/\/www.hometheater.com.br\/portal\/wp-content\/uploads\/2025\/10\/hotel_costiera_-500x281.jpg 500w\" sizes=\"auto, (max-width: 550px) 100vw, 550px\" \/><\/p>\n<p><strong><u>HOTEL COSTIERA (2025)<\/u><\/strong><br \/>\n<strong>G\u00eanero: <\/strong>suspense<strong> (1 temporada, 6 epis\u00f3dios)<\/strong><br \/>\n<strong>Onde assistir: <\/strong>Universal+<strong> (<a href=\"https:\/\/youtu.be\/-WcJH5tMBSY\">trailer<\/a>)<\/strong><\/p>\n<p>Bela produ\u00e7\u00e3o italiana que deve agradar pelas paisagens, na regi\u00e3o de Positano, pr\u00f3ximo a N\u00e1poles, e pela trama de mist\u00e9rio. Daniel De Luca (DD) \u00e9 um ex-fuzileiro americano, descendente de italianos, que decide conhecer a regi\u00e3o de origem de sua fam\u00edlia. Por suas habilidades e destreza, ele consegue um emprego no Hotel Costiera, onde uma de suas tarefas \u00e9 resolver problemas como o desaparecimento de Alice, filha do dono do hotel. Nesse maravilhoso cen\u00e1rio, DD come\u00e7a sua nova vida de investigador especial, enquanto resolve problemas que exigem suas habilidades de ex-soldado. Divertida e com boas cenas de a\u00e7\u00e3o, a s\u00e9rie parece ter sido inspirada em <strong>Magnum<\/strong>, estrelada os anos 90 por Tom Selleck, que fazia um ex-fuzileiro atuando com detetive particular no Hava\u00ed. <strong>Hotel Costiera<\/strong> \u00e9 cria\u00e7\u00e3o do roteirista Franscesco Arlanch, tamb\u00e9m respons\u00e1vel pelo drama m\u00e9dico <strong>Doc \u2013 Uma Nova Vida<\/strong> (2020, Disney+). Destaque no papel de DD para Jesse Williams, descoberto na s\u00e9rie <strong>Anatomia de Grey<\/strong> (2009-2025, Disney+).<\/p>\n<p>&nbsp;<\/p>\n<p><img loading=\"lazy\" decoding=\"async\" class=\"aligncenter size-full wp-image-36157\" src=\"https:\/\/www.hometheater.com.br\/portal\/wp-content\/uploads\/2025\/10\/Os-Sem-Nome_.jpg\" alt=\"\" width=\"550\" height=\"309\" srcset=\"https:\/\/www.hometheater.com.br\/portal\/wp-content\/uploads\/2025\/10\/Os-Sem-Nome_.jpg 550w, https:\/\/www.hometheater.com.br\/portal\/wp-content\/uploads\/2025\/10\/Os-Sem-Nome_-300x169.jpg 300w, https:\/\/www.hometheater.com.br\/portal\/wp-content\/uploads\/2025\/10\/Os-Sem-Nome_-400x225.jpg 400w, https:\/\/www.hometheater.com.br\/portal\/wp-content\/uploads\/2025\/10\/Os-Sem-Nome_-500x281.jpg 500w\" sizes=\"auto, (max-width: 550px) 100vw, 550px\" \/><\/p>\n<p><strong><u>OS SEM NOME <\/u><\/strong><br \/>\n<strong>(Los Sin Nombre, 2025)<\/strong><br \/>\n<strong>G\u00eanero: <\/strong>suspense<strong> (1 temporada, 6 epis\u00f3dios)<\/strong><br \/>\n<strong>Onde assistir: <\/strong>Disney+ <strong>(<a href=\"https:\/\/youtu.be\/1pby6BoxQ8s\">trailer<\/a>)<\/strong><\/p>\n<p>Produ\u00e7\u00e3o espanhola baseada em roteiro do ingl\u00eas Ramsey Campbell, o mesmo do filme <strong>Influ\u00eancia<\/strong> (2019, Netflix). Claudia, m\u00e9dica de Barcelona, tenta ajudar uma garota v\u00edtima de acidente, s\u00f3 que ela n\u00e3o reage. Mas Angela, filha de Claudia, consegue um milagre: ao toc\u00e1-la no rosto, a garota se recupera instantaneamente! O ato, registrado por v\u00e1rios celulares, acaba viralizando e transformando Angela numa figura santificada. De repente, Angela desaparece misteriosamente e \u00e9 dada como morta. Sete anos ap\u00f3s a trag\u00e9dia, Claudia tenta seguir sua vida, agora gr\u00e1vida. E um dia recebe telefonema da filha, dizendo estar viva. Ser\u00e1 ela mesma? O que ter\u00e1 de fato acontecido? As respostas est\u00e3o no roteiro de Campbell, j\u00e1 utilizado no filme <strong>A Seita<\/strong>, de 1999, e agora adaptado pela dupla de roteiristas espanh\u00f3is Pol Cortecans e Pau Freixas.<\/p>\n<p>&nbsp;<\/p>\n<p><img loading=\"lazy\" decoding=\"async\" class=\"aligncenter size-full wp-image-36158\" src=\"https:\/\/www.hometheater.com.br\/portal\/wp-content\/uploads\/2025\/10\/ninguem_quer_.jpg\" alt=\"\" width=\"550\" height=\"309\" srcset=\"https:\/\/www.hometheater.com.br\/portal\/wp-content\/uploads\/2025\/10\/ninguem_quer_.jpg 550w, https:\/\/www.hometheater.com.br\/portal\/wp-content\/uploads\/2025\/10\/ninguem_quer_-300x169.jpg 300w, https:\/\/www.hometheater.com.br\/portal\/wp-content\/uploads\/2025\/10\/ninguem_quer_-400x225.jpg 400w, https:\/\/www.hometheater.com.br\/portal\/wp-content\/uploads\/2025\/10\/ninguem_quer_-500x281.jpg 500w\" sizes=\"auto, (max-width: 550px) 100vw, 550px\" \/><\/p>\n<p><strong><u>NINGU\u00c9M QUER <\/u><\/strong><br \/>\n<strong>(Nobody Wants This, 2024-2025)<\/strong><br \/>\n<strong>G\u00eanero: <\/strong>com\u00e9dia rom\u00e2ntica<strong> (2 temporadas, 20 epis\u00f3dios)<\/strong><br \/>\n<strong>Onde assistir: <\/strong>Netflix<strong> (<a href=\"https:\/\/youtu.be\/pcl29l9Lsrk\">trailer<\/a>)<\/strong><\/p>\n<p>Uma divertida surpresa do ano passado ganha agora sua 2\u00aa Temporada, com o romance entre um rabino e uma podcaster. Joanne, que n\u00e3o acredita em nenhuma religi\u00e3o, se apaixona por Noah, l\u00edder espiritual e religioso. Passada a fase de descoberta e aceita\u00e7\u00e3o, agora as coisas mudam radicalmente. Joanne pensa se converter ao juda\u00edsmo para se entregar totalmente ao amor por Noah. Mas tanto um como o outro questionam a rela\u00e7\u00e3o. Al\u00e9m de mostrar esse inesperado e divertido relacionamento, o roteiro explora de forma original os ambientes familiares dentro da comunidade judaica, especialmente entre Joanne e Bina, a possessiva m\u00e3e de Noah. As discuss\u00f5es entre as duas s\u00e3o hilariantes. Vale as fant\u00e1sticas interpreta\u00e7\u00f5es do casal principal, que deu indica\u00e7\u00f5es de Melhor Ator e Melhor Atriz, no Emmy 2025, para Adam Brody, de <strong>Doce Vingan\u00e7a<\/strong> (2010, Apple TV+) e Kristen Bell, de <strong>Veronica Mars<\/strong> (2014, Apple TV+).<\/p>\n<p><a id=\"paulo\"><\/a><img loading=\"lazy\" decoding=\"async\" class=\"aligncenter size-full wp-image-33596\" src=\"https:\/\/www.hometheater.com.br\/portal\/wp-content\/uploads\/2025\/04\/paulo_gustavo_pereira_perfil.jpg\" alt=\"\" width=\"600\" height=\"338\" srcset=\"https:\/\/www.hometheater.com.br\/portal\/wp-content\/uploads\/2025\/04\/paulo_gustavo_pereira_perfil.jpg 600w, https:\/\/www.hometheater.com.br\/portal\/wp-content\/uploads\/2025\/04\/paulo_gustavo_pereira_perfil-300x169.jpg 300w, https:\/\/www.hometheater.com.br\/portal\/wp-content\/uploads\/2025\/04\/paulo_gustavo_pereira_perfil-400x225.jpg 400w, https:\/\/www.hometheater.com.br\/portal\/wp-content\/uploads\/2025\/04\/paulo_gustavo_pereira_perfil-500x282.jpg 500w\" sizes=\"auto, (max-width: 600px) 100vw, 600px\" \/><\/p>\n<p><a href=\"https:\/\/www.hometheater.com.br\/portal\/2023\/10\/02\/ht-streaming-75\/\"><img decoding=\"async\" class=\"aligncenter wp-image-31194 size-full\" src=\"https:\/\/www.hometheater.com.br\/portal\/wp-content\/uploads\/2024\/06\/ht_streaming_rodape2.png\" alt=\"\" width=\"&quot;65&lt;\/p\" srcset=\"https:\/\/www.hometheater.com.br\/portal\/wp-content\/uploads\/2024\/06\/ht_streaming_rodape2.png 659w, https:\/\/www.hometheater.com.br\/portal\/wp-content\/uploads\/2024\/06\/ht_streaming_rodape2-400x105.png 400w, https:\/\/www.hometheater.com.br\/portal\/wp-content\/uploads\/2024\/06\/ht_streaming_rodape2-500x131.png 500w, https:\/\/www.hometheater.com.br\/portal\/wp-content\/uploads\/2024\/06\/ht_streaming_rodape2-300x79.png 300w\" sizes=\"(max-width: 659px) 100vw, 659px\" \/> <\/a><\/p>\n","protected":false},"excerpt":{"rendered":"<p>Por Paulo Gustavo Pereira* NINGU\u00c9M NOS VIU PARTIR (Nadie nos vio partir, 2025) G\u00eanero: drama (1 temporada, 5 epis\u00f3dios) Onde assistir: Netflix (trailer) Cidade do<\/p>\n","protected":false},"author":1,"featured_media":36159,"comment_status":"open","ping_status":"open","sticky":false,"template":"","format":"standard","meta":{"footnotes":""},"categories":[58],"tags":[],"class_list":["post-36153","post","type-post","status-publish","format-standard","has-post-thumbnail","hentry","category-htstreaming"],"yoast_head":"<!-- This site is optimized with the Yoast SEO plugin v25.7 - https:\/\/yoast.com\/wordpress\/plugins\/seo\/ -->\n<title>No streaming, a vida como ela \u00e9 (ou deveria ser) - HT &amp; Casa Digital<\/title>\n<meta name=\"robots\" content=\"index, follow, max-snippet:-1, max-image-preview:large, max-video-preview:-1\" \/>\n<link rel=\"canonical\" href=\"https:\/\/www.hometheater.com.br\/portal\/2025\/10\/31\/no-streaming-a-vida-como-ela-e-ou-deveria-ser\/\" \/>\n<meta property=\"og:locale\" content=\"pt_BR\" \/>\n<meta property=\"og:type\" content=\"article\" \/>\n<meta property=\"og:title\" content=\"No streaming, a vida como ela \u00e9 (ou deveria ser) - HT &amp; Casa Digital\" \/>\n<meta property=\"og:description\" content=\"Por Paulo Gustavo Pereira* NINGU\u00c9M NOS VIU PARTIR (Nadie nos vio partir, 2025) G\u00eanero: drama (1 temporada, 5 epis\u00f3dios) Onde assistir: Netflix (trailer) Cidade do\" \/>\n<meta property=\"og:url\" content=\"https:\/\/www.hometheater.com.br\/portal\/2025\/10\/31\/no-streaming-a-vida-como-ela-e-ou-deveria-ser\/\" \/>\n<meta property=\"og:site_name\" content=\"HT &amp; Casa Digital\" \/>\n<meta property=\"article:publisher\" content=\"https:\/\/web.facebook.com\/revistahometheater\" \/>\n<meta property=\"article:published_time\" content=\"2025-10-31T10:51:46+00:00\" \/>\n<meta property=\"article:modified_time\" content=\"2025-10-31T10:52:55+00:00\" \/>\n<meta property=\"og:image\" content=\"https:\/\/www.hometheater.com.br\/portal\/wp-content\/uploads\/2025\/10\/ninguem_quer_serie_netflix.jpg\" \/>\n\t<meta property=\"og:image:width\" content=\"800\" \/>\n\t<meta property=\"og:image:height\" content=\"450\" \/>\n\t<meta property=\"og:image:type\" content=\"image\/jpeg\" \/>\n<meta name=\"author\" content=\"Revista Home Theater &amp; Casa Digital\" \/>\n<meta name=\"twitter:card\" content=\"summary_large_image\" \/>\n<meta name=\"twitter:creator\" content=\"@hometheaterbr\" \/>\n<meta name=\"twitter:site\" content=\"@hometheaterbr\" \/>\n<meta name=\"twitter:label1\" content=\"Escrito por\" \/>\n\t<meta name=\"twitter:data1\" content=\"Revista Home Theater &amp; Casa Digital\" \/>\n\t<meta name=\"twitter:label2\" content=\"Est. tempo de leitura\" \/>\n\t<meta name=\"twitter:data2\" content=\"5 minutos\" \/>\n<script type=\"application\/ld+json\" class=\"yoast-schema-graph\">{\"@context\":\"https:\/\/schema.org\",\"@graph\":[{\"@type\":\"Article\",\"@id\":\"https:\/\/www.hometheater.com.br\/portal\/2025\/10\/31\/no-streaming-a-vida-como-ela-e-ou-deveria-ser\/#article\",\"isPartOf\":{\"@id\":\"https:\/\/www.hometheater.com.br\/portal\/2025\/10\/31\/no-streaming-a-vida-como-ela-e-ou-deveria-ser\/\"},\"author\":{\"name\":\"Revista Home Theater &amp; Casa Digital\",\"@id\":\"https:\/\/www.hometheater.com.br\/portal\/#\/schema\/person\/3b6bd5a9e2a6c4197c7b98dd7a733d22\"},\"headline\":\"No streaming, a vida como ela \u00e9 (ou deveria ser)\",\"datePublished\":\"2025-10-31T10:51:46+00:00\",\"dateModified\":\"2025-10-31T10:52:55+00:00\",\"mainEntityOfPage\":{\"@id\":\"https:\/\/www.hometheater.com.br\/portal\/2025\/10\/31\/no-streaming-a-vida-como-ela-e-ou-deveria-ser\/\"},\"wordCount\":915,\"commentCount\":0,\"publisher\":{\"@id\":\"https:\/\/www.hometheater.com.br\/portal\/#organization\"},\"image\":{\"@id\":\"https:\/\/www.hometheater.com.br\/portal\/2025\/10\/31\/no-streaming-a-vida-como-ela-e-ou-deveria-ser\/#primaryimage\"},\"thumbnailUrl\":\"https:\/\/www.hometheater.com.br\/portal\/wp-content\/uploads\/2025\/10\/ninguem_quer_serie_netflix.jpg\",\"articleSection\":[\"STREAMING\"],\"inLanguage\":\"pt-BR\",\"potentialAction\":[{\"@type\":\"CommentAction\",\"name\":\"Comment\",\"target\":[\"https:\/\/www.hometheater.com.br\/portal\/2025\/10\/31\/no-streaming-a-vida-como-ela-e-ou-deveria-ser\/#respond\"]}]},{\"@type\":\"WebPage\",\"@id\":\"https:\/\/www.hometheater.com.br\/portal\/2025\/10\/31\/no-streaming-a-vida-como-ela-e-ou-deveria-ser\/\",\"url\":\"https:\/\/www.hometheater.com.br\/portal\/2025\/10\/31\/no-streaming-a-vida-como-ela-e-ou-deveria-ser\/\",\"name\":\"No streaming, a vida como ela \u00e9 (ou deveria ser) - HT &amp; Casa Digital\",\"isPartOf\":{\"@id\":\"https:\/\/www.hometheater.com.br\/portal\/#website\"},\"primaryImageOfPage\":{\"@id\":\"https:\/\/www.hometheater.com.br\/portal\/2025\/10\/31\/no-streaming-a-vida-como-ela-e-ou-deveria-ser\/#primaryimage\"},\"image\":{\"@id\":\"https:\/\/www.hometheater.com.br\/portal\/2025\/10\/31\/no-streaming-a-vida-como-ela-e-ou-deveria-ser\/#primaryimage\"},\"thumbnailUrl\":\"https:\/\/www.hometheater.com.br\/portal\/wp-content\/uploads\/2025\/10\/ninguem_quer_serie_netflix.jpg\",\"datePublished\":\"2025-10-31T10:51:46+00:00\",\"dateModified\":\"2025-10-31T10:52:55+00:00\",\"breadcrumb\":{\"@id\":\"https:\/\/www.hometheater.com.br\/portal\/2025\/10\/31\/no-streaming-a-vida-como-ela-e-ou-deveria-ser\/#breadcrumb\"},\"inLanguage\":\"pt-BR\",\"potentialAction\":[{\"@type\":\"ReadAction\",\"target\":[\"https:\/\/www.hometheater.com.br\/portal\/2025\/10\/31\/no-streaming-a-vida-como-ela-e-ou-deveria-ser\/\"]}]},{\"@type\":\"ImageObject\",\"inLanguage\":\"pt-BR\",\"@id\":\"https:\/\/www.hometheater.com.br\/portal\/2025\/10\/31\/no-streaming-a-vida-como-ela-e-ou-deveria-ser\/#primaryimage\",\"url\":\"https:\/\/www.hometheater.com.br\/portal\/wp-content\/uploads\/2025\/10\/ninguem_quer_serie_netflix.jpg\",\"contentUrl\":\"https:\/\/www.hometheater.com.br\/portal\/wp-content\/uploads\/2025\/10\/ninguem_quer_serie_netflix.jpg\",\"width\":800,\"height\":450},{\"@type\":\"BreadcrumbList\",\"@id\":\"https:\/\/www.hometheater.com.br\/portal\/2025\/10\/31\/no-streaming-a-vida-como-ela-e-ou-deveria-ser\/#breadcrumb\",\"itemListElement\":[{\"@type\":\"ListItem\",\"position\":1,\"name\":\"In\u00edcio\",\"item\":\"https:\/\/www.hometheater.com.br\/portal\/\"},{\"@type\":\"ListItem\",\"position\":2,\"name\":\"No streaming, a vida como ela \u00e9 (ou deveria ser)\"}]},{\"@type\":\"WebSite\",\"@id\":\"https:\/\/www.hometheater.com.br\/portal\/#website\",\"url\":\"https:\/\/www.hometheater.com.br\/portal\/\",\"name\":\"HT &amp; Casa Digital\",\"description\":\"O mundo digital em sua casa\",\"publisher\":{\"@id\":\"https:\/\/www.hometheater.com.br\/portal\/#organization\"},\"potentialAction\":[{\"@type\":\"SearchAction\",\"target\":{\"@type\":\"EntryPoint\",\"urlTemplate\":\"https:\/\/www.hometheater.com.br\/portal\/?s={search_term_string}\"},\"query-input\":{\"@type\":\"PropertyValueSpecification\",\"valueRequired\":true,\"valueName\":\"search_term_string\"}}],\"inLanguage\":\"pt-BR\"},{\"@type\":\"Organization\",\"@id\":\"https:\/\/www.hometheater.com.br\/portal\/#organization\",\"name\":\"Home Theater\",\"url\":\"https:\/\/www.hometheater.com.br\/portal\/\",\"logo\":{\"@type\":\"ImageObject\",\"inLanguage\":\"pt-BR\",\"@id\":\"https:\/\/www.hometheater.com.br\/portal\/#\/schema\/logo\/image\/\",\"url\":\"https:\/\/www.hometheater.com.br\/portal\/wp-content\/uploads\/2022\/06\/assine_ht_01.png\",\"contentUrl\":\"https:\/\/www.hometheater.com.br\/portal\/wp-content\/uploads\/2022\/06\/assine_ht_01.png\",\"width\":800,\"height\":254,\"caption\":\"Home Theater\"},\"image\":{\"@id\":\"https:\/\/www.hometheater.com.br\/portal\/#\/schema\/logo\/image\/\"},\"sameAs\":[\"https:\/\/web.facebook.com\/revistahometheater\",\"https:\/\/x.com\/hometheaterbr\"]},{\"@type\":\"Person\",\"@id\":\"https:\/\/www.hometheater.com.br\/portal\/#\/schema\/person\/3b6bd5a9e2a6c4197c7b98dd7a733d22\",\"name\":\"Revista Home Theater &amp; Casa Digital\",\"image\":{\"@type\":\"ImageObject\",\"inLanguage\":\"pt-BR\",\"@id\":\"https:\/\/www.hometheater.com.br\/portal\/#\/schema\/person\/image\/\",\"url\":\"https:\/\/secure.gravatar.com\/avatar\/fd86f33d841f0f43adcc1665dd80ca740e028af4297e20d3444f9335092a6ee7?s=96&d=mm&r=g\",\"contentUrl\":\"https:\/\/secure.gravatar.com\/avatar\/fd86f33d841f0f43adcc1665dd80ca740e028af4297e20d3444f9335092a6ee7?s=96&d=mm&r=g\",\"caption\":\"Revista Home Theater &amp; Casa Digital\"},\"url\":\"https:\/\/www.hometheater.com.br\/portal\/author\/flavio\/\"}]}<\/script>\n<!-- \/ Yoast SEO plugin. -->","yoast_head_json":{"title":"No streaming, a vida como ela \u00e9 (ou deveria ser) - HT &amp; Casa Digital","robots":{"index":"index","follow":"follow","max-snippet":"max-snippet:-1","max-image-preview":"max-image-preview:large","max-video-preview":"max-video-preview:-1"},"canonical":"https:\/\/www.hometheater.com.br\/portal\/2025\/10\/31\/no-streaming-a-vida-como-ela-e-ou-deveria-ser\/","og_locale":"pt_BR","og_type":"article","og_title":"No streaming, a vida como ela \u00e9 (ou deveria ser) - HT &amp; Casa Digital","og_description":"Por Paulo Gustavo Pereira* NINGU\u00c9M NOS VIU PARTIR (Nadie nos vio partir, 2025) G\u00eanero: drama (1 temporada, 5 epis\u00f3dios) Onde assistir: Netflix (trailer) Cidade do","og_url":"https:\/\/www.hometheater.com.br\/portal\/2025\/10\/31\/no-streaming-a-vida-como-ela-e-ou-deveria-ser\/","og_site_name":"HT &amp; Casa Digital","article_publisher":"https:\/\/web.facebook.com\/revistahometheater","article_published_time":"2025-10-31T10:51:46+00:00","article_modified_time":"2025-10-31T10:52:55+00:00","og_image":[{"width":800,"height":450,"url":"https:\/\/www.hometheater.com.br\/portal\/wp-content\/uploads\/2025\/10\/ninguem_quer_serie_netflix.jpg","type":"image\/jpeg"}],"author":"Revista Home Theater &amp; Casa Digital","twitter_card":"summary_large_image","twitter_creator":"@hometheaterbr","twitter_site":"@hometheaterbr","twitter_misc":{"Escrito por":"Revista Home Theater &amp; Casa Digital","Est. tempo de leitura":"5 minutos"},"schema":{"@context":"https:\/\/schema.org","@graph":[{"@type":"Article","@id":"https:\/\/www.hometheater.com.br\/portal\/2025\/10\/31\/no-streaming-a-vida-como-ela-e-ou-deveria-ser\/#article","isPartOf":{"@id":"https:\/\/www.hometheater.com.br\/portal\/2025\/10\/31\/no-streaming-a-vida-como-ela-e-ou-deveria-ser\/"},"author":{"name":"Revista Home Theater &amp; Casa Digital","@id":"https:\/\/www.hometheater.com.br\/portal\/#\/schema\/person\/3b6bd5a9e2a6c4197c7b98dd7a733d22"},"headline":"No streaming, a vida como ela \u00e9 (ou deveria ser)","datePublished":"2025-10-31T10:51:46+00:00","dateModified":"2025-10-31T10:52:55+00:00","mainEntityOfPage":{"@id":"https:\/\/www.hometheater.com.br\/portal\/2025\/10\/31\/no-streaming-a-vida-como-ela-e-ou-deveria-ser\/"},"wordCount":915,"commentCount":0,"publisher":{"@id":"https:\/\/www.hometheater.com.br\/portal\/#organization"},"image":{"@id":"https:\/\/www.hometheater.com.br\/portal\/2025\/10\/31\/no-streaming-a-vida-como-ela-e-ou-deveria-ser\/#primaryimage"},"thumbnailUrl":"https:\/\/www.hometheater.com.br\/portal\/wp-content\/uploads\/2025\/10\/ninguem_quer_serie_netflix.jpg","articleSection":["STREAMING"],"inLanguage":"pt-BR","potentialAction":[{"@type":"CommentAction","name":"Comment","target":["https:\/\/www.hometheater.com.br\/portal\/2025\/10\/31\/no-streaming-a-vida-como-ela-e-ou-deveria-ser\/#respond"]}]},{"@type":"WebPage","@id":"https:\/\/www.hometheater.com.br\/portal\/2025\/10\/31\/no-streaming-a-vida-como-ela-e-ou-deveria-ser\/","url":"https:\/\/www.hometheater.com.br\/portal\/2025\/10\/31\/no-streaming-a-vida-como-ela-e-ou-deveria-ser\/","name":"No streaming, a vida como ela \u00e9 (ou deveria ser) - HT &amp; Casa Digital","isPartOf":{"@id":"https:\/\/www.hometheater.com.br\/portal\/#website"},"primaryImageOfPage":{"@id":"https:\/\/www.hometheater.com.br\/portal\/2025\/10\/31\/no-streaming-a-vida-como-ela-e-ou-deveria-ser\/#primaryimage"},"image":{"@id":"https:\/\/www.hometheater.com.br\/portal\/2025\/10\/31\/no-streaming-a-vida-como-ela-e-ou-deveria-ser\/#primaryimage"},"thumbnailUrl":"https:\/\/www.hometheater.com.br\/portal\/wp-content\/uploads\/2025\/10\/ninguem_quer_serie_netflix.jpg","datePublished":"2025-10-31T10:51:46+00:00","dateModified":"2025-10-31T10:52:55+00:00","breadcrumb":{"@id":"https:\/\/www.hometheater.com.br\/portal\/2025\/10\/31\/no-streaming-a-vida-como-ela-e-ou-deveria-ser\/#breadcrumb"},"inLanguage":"pt-BR","potentialAction":[{"@type":"ReadAction","target":["https:\/\/www.hometheater.com.br\/portal\/2025\/10\/31\/no-streaming-a-vida-como-ela-e-ou-deveria-ser\/"]}]},{"@type":"ImageObject","inLanguage":"pt-BR","@id":"https:\/\/www.hometheater.com.br\/portal\/2025\/10\/31\/no-streaming-a-vida-como-ela-e-ou-deveria-ser\/#primaryimage","url":"https:\/\/www.hometheater.com.br\/portal\/wp-content\/uploads\/2025\/10\/ninguem_quer_serie_netflix.jpg","contentUrl":"https:\/\/www.hometheater.com.br\/portal\/wp-content\/uploads\/2025\/10\/ninguem_quer_serie_netflix.jpg","width":800,"height":450},{"@type":"BreadcrumbList","@id":"https:\/\/www.hometheater.com.br\/portal\/2025\/10\/31\/no-streaming-a-vida-como-ela-e-ou-deveria-ser\/#breadcrumb","itemListElement":[{"@type":"ListItem","position":1,"name":"In\u00edcio","item":"https:\/\/www.hometheater.com.br\/portal\/"},{"@type":"ListItem","position":2,"name":"No streaming, a vida como ela \u00e9 (ou deveria ser)"}]},{"@type":"WebSite","@id":"https:\/\/www.hometheater.com.br\/portal\/#website","url":"https:\/\/www.hometheater.com.br\/portal\/","name":"HT &amp; Casa Digital","description":"O mundo digital em sua casa","publisher":{"@id":"https:\/\/www.hometheater.com.br\/portal\/#organization"},"potentialAction":[{"@type":"SearchAction","target":{"@type":"EntryPoint","urlTemplate":"https:\/\/www.hometheater.com.br\/portal\/?s={search_term_string}"},"query-input":{"@type":"PropertyValueSpecification","valueRequired":true,"valueName":"search_term_string"}}],"inLanguage":"pt-BR"},{"@type":"Organization","@id":"https:\/\/www.hometheater.com.br\/portal\/#organization","name":"Home Theater","url":"https:\/\/www.hometheater.com.br\/portal\/","logo":{"@type":"ImageObject","inLanguage":"pt-BR","@id":"https:\/\/www.hometheater.com.br\/portal\/#\/schema\/logo\/image\/","url":"https:\/\/www.hometheater.com.br\/portal\/wp-content\/uploads\/2022\/06\/assine_ht_01.png","contentUrl":"https:\/\/www.hometheater.com.br\/portal\/wp-content\/uploads\/2022\/06\/assine_ht_01.png","width":800,"height":254,"caption":"Home Theater"},"image":{"@id":"https:\/\/www.hometheater.com.br\/portal\/#\/schema\/logo\/image\/"},"sameAs":["https:\/\/web.facebook.com\/revistahometheater","https:\/\/x.com\/hometheaterbr"]},{"@type":"Person","@id":"https:\/\/www.hometheater.com.br\/portal\/#\/schema\/person\/3b6bd5a9e2a6c4197c7b98dd7a733d22","name":"Revista Home Theater &amp; Casa Digital","image":{"@type":"ImageObject","inLanguage":"pt-BR","@id":"https:\/\/www.hometheater.com.br\/portal\/#\/schema\/person\/image\/","url":"https:\/\/secure.gravatar.com\/avatar\/fd86f33d841f0f43adcc1665dd80ca740e028af4297e20d3444f9335092a6ee7?s=96&d=mm&r=g","contentUrl":"https:\/\/secure.gravatar.com\/avatar\/fd86f33d841f0f43adcc1665dd80ca740e028af4297e20d3444f9335092a6ee7?s=96&d=mm&r=g","caption":"Revista Home Theater &amp; Casa Digital"},"url":"https:\/\/www.hometheater.com.br\/portal\/author\/flavio\/"}]}},"_links":{"self":[{"href":"https:\/\/www.hometheater.com.br\/portal\/wp-json\/wp\/v2\/posts\/36153","targetHints":{"allow":["GET"]}}],"collection":[{"href":"https:\/\/www.hometheater.com.br\/portal\/wp-json\/wp\/v2\/posts"}],"about":[{"href":"https:\/\/www.hometheater.com.br\/portal\/wp-json\/wp\/v2\/types\/post"}],"author":[{"embeddable":true,"href":"https:\/\/www.hometheater.com.br\/portal\/wp-json\/wp\/v2\/users\/1"}],"replies":[{"embeddable":true,"href":"https:\/\/www.hometheater.com.br\/portal\/wp-json\/wp\/v2\/comments?post=36153"}],"version-history":[{"count":2,"href":"https:\/\/www.hometheater.com.br\/portal\/wp-json\/wp\/v2\/posts\/36153\/revisions"}],"predecessor-version":[{"id":36161,"href":"https:\/\/www.hometheater.com.br\/portal\/wp-json\/wp\/v2\/posts\/36153\/revisions\/36161"}],"wp:featuredmedia":[{"embeddable":true,"href":"https:\/\/www.hometheater.com.br\/portal\/wp-json\/wp\/v2\/media\/36159"}],"wp:attachment":[{"href":"https:\/\/www.hometheater.com.br\/portal\/wp-json\/wp\/v2\/media?parent=36153"}],"wp:term":[{"taxonomy":"category","embeddable":true,"href":"https:\/\/www.hometheater.com.br\/portal\/wp-json\/wp\/v2\/categories?post=36153"},{"taxonomy":"post_tag","embeddable":true,"href":"https:\/\/www.hometheater.com.br\/portal\/wp-json\/wp\/v2\/tags?post=36153"}],"curies":[{"name":"wp","href":"https:\/\/api.w.org\/{rel}","templated":true}]}}