{"id":35474,"date":"2025-09-08T21:35:35","date_gmt":"2025-09-09T00:35:35","guid":{"rendered":"https:\/\/www.hometheater.com.br\/portal\/?p=35474"},"modified":"2025-09-09T07:25:56","modified_gmt":"2025-09-09T10:25:56","slug":"ifa-2025-confira-as-tvs-mais-avancadas-da-grande-feira-de-berlim","status":"publish","type":"post","link":"https:\/\/www.hometheater.com.br\/portal\/2025\/09\/08\/ifa-2025-confira-as-tvs-mais-avancadas-da-grande-feira-de-berlim\/","title":{"rendered":"IFA 2025: confira as TVs mais avan\u00e7adas da grande Feira de Berlim"},"content":{"rendered":"<p><img loading=\"lazy\" decoding=\"async\" class=\"aligncenter size-full wp-image-35482\" src=\"https:\/\/www.hometheater.com.br\/portal\/wp-content\/uploads\/2025\/09\/abre_ifa.jpg\" alt=\"\" width=\"800\" height=\"460\" srcset=\"https:\/\/www.hometheater.com.br\/portal\/wp-content\/uploads\/2025\/09\/abre_ifa.jpg 800w, https:\/\/www.hometheater.com.br\/portal\/wp-content\/uploads\/2025\/09\/abre_ifa-300x173.jpg 300w, https:\/\/www.hometheater.com.br\/portal\/wp-content\/uploads\/2025\/09\/abre_ifa-768x442.jpg 768w, https:\/\/www.hometheater.com.br\/portal\/wp-content\/uploads\/2025\/09\/abre_ifa-400x230.jpg 400w, https:\/\/www.hometheater.com.br\/portal\/wp-content\/uploads\/2025\/09\/abre_ifa-500x288.jpg 500w\" sizes=\"auto, (max-width: 800px) 100vw, 800px\" \/><\/p>\n<p>Maior feira de produtos de consumo da Europa, a IFA Berlin se encerra nesta 3a feira na capital alem\u00e3, onde reuniu durante cinco dias quase todas as grandes marcas de eletr\u00f4nicos.<\/p>\n<p>Como de costume, muitos fabricantes aproveitam o evento para exibir prot\u00f3tipos de produtos que devem chegar ao mercado internacional no ano que vem. No caso de TVs, o destaque mais uma vez est\u00e1 nas telas grandes, com as mais recentes inova\u00e7\u00f5es em OLED, MiniLED e MicroLED.<\/p><div class=\"homet-conteudo\" style=\"text-align: center;\" id=\"homet-3285030836\"><div data-cfpa=\"36066\" data-cfpw=\"36066\" id=\"homet-892549041\"><a data-no-instant=\"1\" href=\"https:\/\/loja.sommaior.com.br\/\" rel=\"noopener\" class=\"a2t-link\" aria-label=\"ABBEY-ROAD_360x300px\"><img loading=\"lazy\" decoding=\"async\" src=\"https:\/\/www.hometheater.com.br\/portal\/wp-content\/uploads\/2025\/10\/ABBEY-ROAD_360x300px.jpg\" alt=\"\"  class=\"no-lazyload\" width=\"300\" height=\"250\"   \/><\/a><\/div><script type=\"text\/javascript\">;new advadsCfpAd( 36066 );<\/script><\/div>\n<p>Confira a seguir alguns desses lan\u00e7amentos e quais as perspectivas para, de fato, chegarem ao consumidor final:<\/p>\n<h3><\/h3>\n<h3><span style=\"text-decoration: underline;\"><b>TV Hisense RGB-MiniLED de 116\u201d<\/b><\/span><\/h3>\n<p><img loading=\"lazy\" decoding=\"async\" class=\"aligncenter size-full wp-image-35480\" src=\"https:\/\/www.hometheater.com.br\/portal\/wp-content\/uploads\/2025\/09\/Hisense-RGB_.jpg\" alt=\"\" width=\"550\" height=\"361\" srcset=\"https:\/\/www.hometheater.com.br\/portal\/wp-content\/uploads\/2025\/09\/Hisense-RGB_.jpg 550w, https:\/\/www.hometheater.com.br\/portal\/wp-content\/uploads\/2025\/09\/Hisense-RGB_-300x197.jpg 300w, https:\/\/www.hometheater.com.br\/portal\/wp-content\/uploads\/2025\/09\/Hisense-RGB_-400x263.jpg 400w, https:\/\/www.hometheater.com.br\/portal\/wp-content\/uploads\/2025\/09\/Hisense-RGB_-500x328.jpg 500w\" sizes=\"auto, (max-width: 550px) 100vw, 550px\" \/><\/p>\n<p>Principal atra\u00e7\u00e3o no estande da Hisense, a UX116 \u00e9 a primeira TV com painel RGB-MiniLED. Esse \u00e9 um novo tipo de backlight que, segundo a empresa, eleva os n\u00edveis de brilho a in\u00e9ditos 8.000 nits, mantendo a reprodu\u00e7\u00e3o das cores (<i>Color Gamut<\/i>) em 100% do padr\u00e3o BT.202, atual refer\u00eancia da ind\u00fastria. Al\u00e9m disso, o \u00e1udio dessa TV (6.2.2 canais) \u00e9 da badalada marca francesa Devialet.<\/p>\n<p>&nbsp;<\/p>\n<p>&nbsp;<\/p>\n<h3><span style=\"text-decoration: underline;\"><b>TV LG Signature OLED T<\/b><\/span><\/h3>\n<p><img loading=\"lazy\" decoding=\"async\" class=\"aligncenter size-full wp-image-35479\" src=\"https:\/\/www.hometheater.com.br\/portal\/wp-content\/uploads\/2025\/09\/LG-OLED-T_.jpg\" alt=\"\" width=\"550\" height=\"367\" srcset=\"https:\/\/www.hometheater.com.br\/portal\/wp-content\/uploads\/2025\/09\/LG-OLED-T_.jpg 550w, https:\/\/www.hometheater.com.br\/portal\/wp-content\/uploads\/2025\/09\/LG-OLED-T_-300x200.jpg 300w, https:\/\/www.hometheater.com.br\/portal\/wp-content\/uploads\/2025\/09\/LG-OLED-T_-400x267.jpg 400w, https:\/\/www.hometheater.com.br\/portal\/wp-content\/uploads\/2025\/09\/LG-OLED-T_-500x334.jpg 500w\" sizes=\"auto, (max-width: 550px) 100vw, 550px\" \/><\/p>\n<p>Esta \u00e9 a nova vers\u00e3o da TV transparente, com o suporte pensado para valorizar a tela de 77\u201d. Al\u00e9m do painel OLED de \u00faltima gera\u00e7\u00e3o, ela funciona sem fio, ou melhor, apenas com o cabo de for\u00e7a na tomada. Os sinais de \u00e1udio e v\u00eddeo s\u00e3o transmitidos atrav\u00e9s do m\u00f3dulo Zero Connect, usando uma frequ\u00eancia separada do Wi-Fi.<\/p>\n<p>&nbsp;<\/p>\n<h3><\/h3>\n<h3><span style=\"text-decoration: underline;\"><b>TVs TCL com Dolby Flex Connect<\/b><\/span><b>\u00a0<\/b><\/h3>\n<p><img loading=\"lazy\" decoding=\"async\" class=\"aligncenter size-full wp-image-35476\" src=\"https:\/\/www.hometheater.com.br\/portal\/wp-content\/uploads\/2025\/09\/TCL-flex-connect_.jpg\" alt=\"\" width=\"550\" height=\"354\" srcset=\"https:\/\/www.hometheater.com.br\/portal\/wp-content\/uploads\/2025\/09\/TCL-flex-connect_.jpg 550w, https:\/\/www.hometheater.com.br\/portal\/wp-content\/uploads\/2025\/09\/TCL-flex-connect_-300x193.jpg 300w, https:\/\/www.hometheater.com.br\/portal\/wp-content\/uploads\/2025\/09\/TCL-flex-connect_-400x257.jpg 400w, https:\/\/www.hometheater.com.br\/portal\/wp-content\/uploads\/2025\/09\/TCL-flex-connect_-500x322.jpg 500w\" sizes=\"auto, (max-width: 550px) 100vw, 550px\" \/>Est\u00e3o chegando as primeiras TVs com o novo padr\u00e3o de \u00e1udio <i>Flex Connect<\/i>, da Dolby. E s\u00e3o da TCL, que na IFA est\u00e1 exibindo v\u00e1rios modelos. Flex Connect \u00e9 um software que ajusta a reprodu\u00e7\u00e3o de \u00e1udio de acordo com a posi\u00e7\u00e3o das caixas ac\u00fasticas na sala. Voc\u00ea pode coloc\u00e1-las onde quiser que o algoritmo as encontra e otimiza o som. A empresa aproveita para lan\u00e7ar tamb\u00e9m uma nova linha de soundbars (Z100), compat\u00edveis com Flex Connect.<\/p>\n<p>&nbsp;<\/p>\n<h3><span style=\"text-decoration: underline;\"><b>TV Samsung Micro RGB AI de 115\u201d<\/b><\/span><\/h3>\n<p><img loading=\"lazy\" decoding=\"async\" class=\"aligncenter size-full wp-image-35481\" src=\"https:\/\/www.hometheater.com.br\/portal\/wp-content\/uploads\/2025\/09\/Samsung-Micro-RGB.jpg\" alt=\"\" width=\"550\" height=\"315\" srcset=\"https:\/\/www.hometheater.com.br\/portal\/wp-content\/uploads\/2025\/09\/Samsung-Micro-RGB.jpg 550w, https:\/\/www.hometheater.com.br\/portal\/wp-content\/uploads\/2025\/09\/Samsung-Micro-RGB-300x172.jpg 300w, https:\/\/www.hometheater.com.br\/portal\/wp-content\/uploads\/2025\/09\/Samsung-Micro-RGB-400x229.jpg 400w, https:\/\/www.hometheater.com.br\/portal\/wp-content\/uploads\/2025\/09\/Samsung-Micro-RGB-500x286.jpg 500w\" sizes=\"auto, (max-width: 550px) 100vw, 550px\" \/><\/p>\n<p>Na corrida para conquistar o consumidor que \u00e9 f\u00e3 de telas grandes, a marca coreana desenvolveu essa TV que inova na forma como a imagem \u00e9 exibida. O painel interno (backlight) cont\u00e9m leds microsc\u00f3picos, 5X menores que os minileds das Neo QLED, por exemplo. Cada led corresponde a um pixel, contendo tr\u00eas tipos de luz: vermelha, verde e azul.\u00a0<a href=\"https:\/\/orlandobarrozo.blog.br\/2025\/08\/23\/samsung-vem-ai-a-tv-micro-rgb\/\" target=\"_blank\" rel=\"noopener\" data-saferedirecturl=\"https:\/\/www.google.com\/url?q=https:\/\/orlandobarrozo.blog.br\/2025\/08\/23\/samsung-vem-ai-a-tv-micro-rgb\/&amp;source=gmail&amp;ust=1757458857877000&amp;usg=AOvVaw3S1TglYmvRXsyFTqWRw8Zn\"><b>Veja mais detalhes aqui<\/b><\/a>. Ainda n\u00e3o h\u00e1 previs\u00e3o de lan\u00e7amento.<\/p>\n<p>&nbsp;<\/p>\n<h3><span style=\"text-decoration: underline;\"><b>TV Port\u00e1til Samsung Movingstyle<\/b><\/span><\/h3>\n<p><img loading=\"lazy\" decoding=\"async\" class=\"aligncenter size-full wp-image-35487\" src=\"https:\/\/www.hometheater.com.br\/portal\/wp-content\/uploads\/2025\/09\/Samsung_Movingstyle.jpg\" alt=\"\" width=\"550\" height=\"367\" srcset=\"https:\/\/www.hometheater.com.br\/portal\/wp-content\/uploads\/2025\/09\/Samsung_Movingstyle.jpg 550w, https:\/\/www.hometheater.com.br\/portal\/wp-content\/uploads\/2025\/09\/Samsung_Movingstyle-300x200.jpg 300w, https:\/\/www.hometheater.com.br\/portal\/wp-content\/uploads\/2025\/09\/Samsung_Movingstyle-400x267.jpg 400w, https:\/\/www.hometheater.com.br\/portal\/wp-content\/uploads\/2025\/09\/Samsung_Movingstyle-500x334.jpg 500w\" sizes=\"auto, (max-width: 550px) 100vw, 550px\" \/><\/p>\n<p>Aqui, estamos no outro extremo do mercado: esta \u00e9 uma das menores TVs da IFA 2025, que marca a entrada da Samsung no segmento port\u00e1til. Ganhadora do pr\u00eamio \u201cBest in Design\u201d no evento, \u00e9 uma Smart TV de 27\u201d com resolu\u00e7\u00e3o QHD, mas trazendo um grande diferencial: \u00e9 touchscreen. A TV vem montada num suporte com rodinhas, mas pode ser retirada para montagem num m\u00f3vel. Ainda sem data oficial de lan\u00e7amento.<\/p>\n<p>&nbsp;<\/p>\n<h3><span style=\"text-decoration: underline;\"><b>Projetor TCL PlayCube<\/b><\/span><\/h3>\n<p><img loading=\"lazy\" decoding=\"async\" class=\"aligncenter size-full wp-image-35477\" src=\"https:\/\/www.hometheater.com.br\/portal\/wp-content\/uploads\/2025\/09\/TCL-PROJECTOR-Play-CUBE_.jpg\" alt=\"\" width=\"550\" height=\"356\" srcset=\"https:\/\/www.hometheater.com.br\/portal\/wp-content\/uploads\/2025\/09\/TCL-PROJECTOR-Play-CUBE_.jpg 550w, https:\/\/www.hometheater.com.br\/portal\/wp-content\/uploads\/2025\/09\/TCL-PROJECTOR-Play-CUBE_-300x194.jpg 300w, https:\/\/www.hometheater.com.br\/portal\/wp-content\/uploads\/2025\/09\/TCL-PROJECTOR-Play-CUBE_-400x259.jpg 400w, https:\/\/www.hometheater.com.br\/portal\/wp-content\/uploads\/2025\/09\/TCL-PROJECTOR-Play-CUBE_-500x324.jpg 500w\" sizes=\"auto, (max-width: 550px) 100vw, 550px\" \/><\/p>\n<p>Medindo apenas 15cm e pesando pouco mais de 1kg, esta cria\u00e7\u00e3o da fabricante chinesa pode projetar imagens Full-HD de at\u00e9 150 polegadas em qualquer superf\u00edcie. Al\u00e9m da facilidade de transporte, j\u00e1 vem com alto-falante amplificado (5 Watts) que pode ser girado em 90 graus. E pode funcionar como uma Google TV. J\u00e1 lan\u00e7ado na China, pelo equivalente a US$ 800.<\/p>\n","protected":false},"excerpt":{"rendered":"<p>Maior feira de produtos de consumo da Europa, a IFA Berlin se encerra nesta 3a feira na capital alem\u00e3, onde reuniu durante cinco dias quase<\/p>\n","protected":false},"author":1,"featured_media":35483,"comment_status":"open","ping_status":"open","sticky":false,"template":"","format":"standard","meta":{"footnotes":""},"categories":[3],"tags":[],"class_list":["post-35474","post","type-post","status-publish","format-standard","has-post-thumbnail","hentry","category-artigos"],"yoast_head":"<!-- This site is optimized with the Yoast SEO plugin v25.7 - https:\/\/yoast.com\/wordpress\/plugins\/seo\/ -->\n<title>IFA 2025: confira as TVs mais avan\u00e7adas da grande Feira de Berlim - HT &amp; Casa Digital<\/title>\n<meta name=\"robots\" content=\"index, follow, max-snippet:-1, max-image-preview:large, max-video-preview:-1\" \/>\n<link rel=\"canonical\" href=\"https:\/\/www.hometheater.com.br\/portal\/2025\/09\/08\/ifa-2025-confira-as-tvs-mais-avancadas-da-grande-feira-de-berlim\/\" \/>\n<meta property=\"og:locale\" content=\"pt_BR\" \/>\n<meta property=\"og:type\" content=\"article\" \/>\n<meta property=\"og:title\" content=\"IFA 2025: confira as TVs mais avan\u00e7adas da grande Feira de Berlim - HT &amp; Casa Digital\" \/>\n<meta property=\"og:description\" content=\"Maior feira de produtos de consumo da Europa, a IFA Berlin se encerra nesta 3a feira na capital alem\u00e3, onde reuniu durante cinco dias quase\" \/>\n<meta property=\"og:url\" content=\"https:\/\/www.hometheater.com.br\/portal\/2025\/09\/08\/ifa-2025-confira-as-tvs-mais-avancadas-da-grande-feira-de-berlim\/\" \/>\n<meta property=\"og:site_name\" content=\"HT &amp; Casa Digital\" \/>\n<meta property=\"article:publisher\" content=\"https:\/\/web.facebook.com\/revistahometheater\" \/>\n<meta property=\"article:published_time\" content=\"2025-09-09T00:35:35+00:00\" \/>\n<meta property=\"article:modified_time\" content=\"2025-09-09T10:25:56+00:00\" \/>\n<meta property=\"og:image\" content=\"https:\/\/www.hometheater.com.br\/portal\/wp-content\/uploads\/2025\/09\/abre_ifa_home.jpg\" \/>\n\t<meta property=\"og:image:width\" content=\"800\" \/>\n\t<meta property=\"og:image:height\" content=\"460\" \/>\n\t<meta property=\"og:image:type\" content=\"image\/jpeg\" \/>\n<meta name=\"author\" content=\"Revista Home Theater &amp; Casa Digital\" \/>\n<meta name=\"twitter:card\" content=\"summary_large_image\" \/>\n<meta name=\"twitter:creator\" content=\"@hometheaterbr\" \/>\n<meta name=\"twitter:site\" content=\"@hometheaterbr\" \/>\n<meta name=\"twitter:label1\" content=\"Escrito por\" \/>\n\t<meta name=\"twitter:data1\" content=\"Revista Home Theater &amp; Casa Digital\" \/>\n\t<meta name=\"twitter:label2\" content=\"Est. tempo de leitura\" \/>\n\t<meta name=\"twitter:data2\" content=\"3 minutos\" \/>\n<script type=\"application\/ld+json\" class=\"yoast-schema-graph\">{\"@context\":\"https:\/\/schema.org\",\"@graph\":[{\"@type\":\"Article\",\"@id\":\"https:\/\/www.hometheater.com.br\/portal\/2025\/09\/08\/ifa-2025-confira-as-tvs-mais-avancadas-da-grande-feira-de-berlim\/#article\",\"isPartOf\":{\"@id\":\"https:\/\/www.hometheater.com.br\/portal\/2025\/09\/08\/ifa-2025-confira-as-tvs-mais-avancadas-da-grande-feira-de-berlim\/\"},\"author\":{\"name\":\"Revista Home Theater &amp; Casa Digital\",\"@id\":\"https:\/\/www.hometheater.com.br\/portal\/#\/schema\/person\/3b6bd5a9e2a6c4197c7b98dd7a733d22\"},\"headline\":\"IFA 2025: confira as TVs mais avan\u00e7adas da grande Feira de Berlim\",\"datePublished\":\"2025-09-09T00:35:35+00:00\",\"dateModified\":\"2025-09-09T10:25:56+00:00\",\"mainEntityOfPage\":{\"@id\":\"https:\/\/www.hometheater.com.br\/portal\/2025\/09\/08\/ifa-2025-confira-as-tvs-mais-avancadas-da-grande-feira-de-berlim\/\"},\"wordCount\":568,\"commentCount\":0,\"publisher\":{\"@id\":\"https:\/\/www.hometheater.com.br\/portal\/#organization\"},\"image\":{\"@id\":\"https:\/\/www.hometheater.com.br\/portal\/2025\/09\/08\/ifa-2025-confira-as-tvs-mais-avancadas-da-grande-feira-de-berlim\/#primaryimage\"},\"thumbnailUrl\":\"https:\/\/www.hometheater.com.br\/portal\/wp-content\/uploads\/2025\/09\/abre_ifa_home.jpg\",\"articleSection\":[\"TEND\u00caNCIAS\"],\"inLanguage\":\"pt-BR\",\"potentialAction\":[{\"@type\":\"CommentAction\",\"name\":\"Comment\",\"target\":[\"https:\/\/www.hometheater.com.br\/portal\/2025\/09\/08\/ifa-2025-confira-as-tvs-mais-avancadas-da-grande-feira-de-berlim\/#respond\"]}]},{\"@type\":\"WebPage\",\"@id\":\"https:\/\/www.hometheater.com.br\/portal\/2025\/09\/08\/ifa-2025-confira-as-tvs-mais-avancadas-da-grande-feira-de-berlim\/\",\"url\":\"https:\/\/www.hometheater.com.br\/portal\/2025\/09\/08\/ifa-2025-confira-as-tvs-mais-avancadas-da-grande-feira-de-berlim\/\",\"name\":\"IFA 2025: confira as TVs mais avan\u00e7adas da grande Feira de Berlim - HT &amp; Casa Digital\",\"isPartOf\":{\"@id\":\"https:\/\/www.hometheater.com.br\/portal\/#website\"},\"primaryImageOfPage\":{\"@id\":\"https:\/\/www.hometheater.com.br\/portal\/2025\/09\/08\/ifa-2025-confira-as-tvs-mais-avancadas-da-grande-feira-de-berlim\/#primaryimage\"},\"image\":{\"@id\":\"https:\/\/www.hometheater.com.br\/portal\/2025\/09\/08\/ifa-2025-confira-as-tvs-mais-avancadas-da-grande-feira-de-berlim\/#primaryimage\"},\"thumbnailUrl\":\"https:\/\/www.hometheater.com.br\/portal\/wp-content\/uploads\/2025\/09\/abre_ifa_home.jpg\",\"datePublished\":\"2025-09-09T00:35:35+00:00\",\"dateModified\":\"2025-09-09T10:25:56+00:00\",\"breadcrumb\":{\"@id\":\"https:\/\/www.hometheater.com.br\/portal\/2025\/09\/08\/ifa-2025-confira-as-tvs-mais-avancadas-da-grande-feira-de-berlim\/#breadcrumb\"},\"inLanguage\":\"pt-BR\",\"potentialAction\":[{\"@type\":\"ReadAction\",\"target\":[\"https:\/\/www.hometheater.com.br\/portal\/2025\/09\/08\/ifa-2025-confira-as-tvs-mais-avancadas-da-grande-feira-de-berlim\/\"]}]},{\"@type\":\"ImageObject\",\"inLanguage\":\"pt-BR\",\"@id\":\"https:\/\/www.hometheater.com.br\/portal\/2025\/09\/08\/ifa-2025-confira-as-tvs-mais-avancadas-da-grande-feira-de-berlim\/#primaryimage\",\"url\":\"https:\/\/www.hometheater.com.br\/portal\/wp-content\/uploads\/2025\/09\/abre_ifa_home.jpg\",\"contentUrl\":\"https:\/\/www.hometheater.com.br\/portal\/wp-content\/uploads\/2025\/09\/abre_ifa_home.jpg\",\"width\":800,\"height\":460},{\"@type\":\"BreadcrumbList\",\"@id\":\"https:\/\/www.hometheater.com.br\/portal\/2025\/09\/08\/ifa-2025-confira-as-tvs-mais-avancadas-da-grande-feira-de-berlim\/#breadcrumb\",\"itemListElement\":[{\"@type\":\"ListItem\",\"position\":1,\"name\":\"In\u00edcio\",\"item\":\"https:\/\/www.hometheater.com.br\/portal\/\"},{\"@type\":\"ListItem\",\"position\":2,\"name\":\"IFA 2025: confira as TVs mais avan\u00e7adas da grande Feira de Berlim\"}]},{\"@type\":\"WebSite\",\"@id\":\"https:\/\/www.hometheater.com.br\/portal\/#website\",\"url\":\"https:\/\/www.hometheater.com.br\/portal\/\",\"name\":\"HT &amp; Casa Digital\",\"description\":\"O mundo digital em sua casa\",\"publisher\":{\"@id\":\"https:\/\/www.hometheater.com.br\/portal\/#organization\"},\"potentialAction\":[{\"@type\":\"SearchAction\",\"target\":{\"@type\":\"EntryPoint\",\"urlTemplate\":\"https:\/\/www.hometheater.com.br\/portal\/?s={search_term_string}\"},\"query-input\":{\"@type\":\"PropertyValueSpecification\",\"valueRequired\":true,\"valueName\":\"search_term_string\"}}],\"inLanguage\":\"pt-BR\"},{\"@type\":\"Organization\",\"@id\":\"https:\/\/www.hometheater.com.br\/portal\/#organization\",\"name\":\"Home Theater\",\"url\":\"https:\/\/www.hometheater.com.br\/portal\/\",\"logo\":{\"@type\":\"ImageObject\",\"inLanguage\":\"pt-BR\",\"@id\":\"https:\/\/www.hometheater.com.br\/portal\/#\/schema\/logo\/image\/\",\"url\":\"https:\/\/www.hometheater.com.br\/portal\/wp-content\/uploads\/2022\/06\/assine_ht_01.png\",\"contentUrl\":\"https:\/\/www.hometheater.com.br\/portal\/wp-content\/uploads\/2022\/06\/assine_ht_01.png\",\"width\":800,\"height\":254,\"caption\":\"Home Theater\"},\"image\":{\"@id\":\"https:\/\/www.hometheater.com.br\/portal\/#\/schema\/logo\/image\/\"},\"sameAs\":[\"https:\/\/web.facebook.com\/revistahometheater\",\"https:\/\/x.com\/hometheaterbr\"]},{\"@type\":\"Person\",\"@id\":\"https:\/\/www.hometheater.com.br\/portal\/#\/schema\/person\/3b6bd5a9e2a6c4197c7b98dd7a733d22\",\"name\":\"Revista Home Theater &amp; Casa Digital\",\"image\":{\"@type\":\"ImageObject\",\"inLanguage\":\"pt-BR\",\"@id\":\"https:\/\/www.hometheater.com.br\/portal\/#\/schema\/person\/image\/\",\"url\":\"https:\/\/secure.gravatar.com\/avatar\/fd86f33d841f0f43adcc1665dd80ca740e028af4297e20d3444f9335092a6ee7?s=96&d=mm&r=g\",\"contentUrl\":\"https:\/\/secure.gravatar.com\/avatar\/fd86f33d841f0f43adcc1665dd80ca740e028af4297e20d3444f9335092a6ee7?s=96&d=mm&r=g\",\"caption\":\"Revista Home Theater &amp; Casa Digital\"},\"url\":\"https:\/\/www.hometheater.com.br\/portal\/author\/flavio\/\"}]}<\/script>\n<!-- \/ Yoast SEO plugin. -->","yoast_head_json":{"title":"IFA 2025: confira as TVs mais avan\u00e7adas da grande Feira de Berlim - HT &amp; Casa Digital","robots":{"index":"index","follow":"follow","max-snippet":"max-snippet:-1","max-image-preview":"max-image-preview:large","max-video-preview":"max-video-preview:-1"},"canonical":"https:\/\/www.hometheater.com.br\/portal\/2025\/09\/08\/ifa-2025-confira-as-tvs-mais-avancadas-da-grande-feira-de-berlim\/","og_locale":"pt_BR","og_type":"article","og_title":"IFA 2025: confira as TVs mais avan\u00e7adas da grande Feira de Berlim - HT &amp; Casa Digital","og_description":"Maior feira de produtos de consumo da Europa, a IFA Berlin se encerra nesta 3a feira na capital alem\u00e3, onde reuniu durante cinco dias quase","og_url":"https:\/\/www.hometheater.com.br\/portal\/2025\/09\/08\/ifa-2025-confira-as-tvs-mais-avancadas-da-grande-feira-de-berlim\/","og_site_name":"HT &amp; Casa Digital","article_publisher":"https:\/\/web.facebook.com\/revistahometheater","article_published_time":"2025-09-09T00:35:35+00:00","article_modified_time":"2025-09-09T10:25:56+00:00","og_image":[{"width":800,"height":460,"url":"https:\/\/www.hometheater.com.br\/portal\/wp-content\/uploads\/2025\/09\/abre_ifa_home.jpg","type":"image\/jpeg"}],"author":"Revista Home Theater &amp; Casa Digital","twitter_card":"summary_large_image","twitter_creator":"@hometheaterbr","twitter_site":"@hometheaterbr","twitter_misc":{"Escrito por":"Revista Home Theater &amp; Casa Digital","Est. tempo de leitura":"3 minutos"},"schema":{"@context":"https:\/\/schema.org","@graph":[{"@type":"Article","@id":"https:\/\/www.hometheater.com.br\/portal\/2025\/09\/08\/ifa-2025-confira-as-tvs-mais-avancadas-da-grande-feira-de-berlim\/#article","isPartOf":{"@id":"https:\/\/www.hometheater.com.br\/portal\/2025\/09\/08\/ifa-2025-confira-as-tvs-mais-avancadas-da-grande-feira-de-berlim\/"},"author":{"name":"Revista Home Theater &amp; Casa Digital","@id":"https:\/\/www.hometheater.com.br\/portal\/#\/schema\/person\/3b6bd5a9e2a6c4197c7b98dd7a733d22"},"headline":"IFA 2025: confira as TVs mais avan\u00e7adas da grande Feira de Berlim","datePublished":"2025-09-09T00:35:35+00:00","dateModified":"2025-09-09T10:25:56+00:00","mainEntityOfPage":{"@id":"https:\/\/www.hometheater.com.br\/portal\/2025\/09\/08\/ifa-2025-confira-as-tvs-mais-avancadas-da-grande-feira-de-berlim\/"},"wordCount":568,"commentCount":0,"publisher":{"@id":"https:\/\/www.hometheater.com.br\/portal\/#organization"},"image":{"@id":"https:\/\/www.hometheater.com.br\/portal\/2025\/09\/08\/ifa-2025-confira-as-tvs-mais-avancadas-da-grande-feira-de-berlim\/#primaryimage"},"thumbnailUrl":"https:\/\/www.hometheater.com.br\/portal\/wp-content\/uploads\/2025\/09\/abre_ifa_home.jpg","articleSection":["TEND\u00caNCIAS"],"inLanguage":"pt-BR","potentialAction":[{"@type":"CommentAction","name":"Comment","target":["https:\/\/www.hometheater.com.br\/portal\/2025\/09\/08\/ifa-2025-confira-as-tvs-mais-avancadas-da-grande-feira-de-berlim\/#respond"]}]},{"@type":"WebPage","@id":"https:\/\/www.hometheater.com.br\/portal\/2025\/09\/08\/ifa-2025-confira-as-tvs-mais-avancadas-da-grande-feira-de-berlim\/","url":"https:\/\/www.hometheater.com.br\/portal\/2025\/09\/08\/ifa-2025-confira-as-tvs-mais-avancadas-da-grande-feira-de-berlim\/","name":"IFA 2025: confira as TVs mais avan\u00e7adas da grande Feira de Berlim - HT &amp; Casa Digital","isPartOf":{"@id":"https:\/\/www.hometheater.com.br\/portal\/#website"},"primaryImageOfPage":{"@id":"https:\/\/www.hometheater.com.br\/portal\/2025\/09\/08\/ifa-2025-confira-as-tvs-mais-avancadas-da-grande-feira-de-berlim\/#primaryimage"},"image":{"@id":"https:\/\/www.hometheater.com.br\/portal\/2025\/09\/08\/ifa-2025-confira-as-tvs-mais-avancadas-da-grande-feira-de-berlim\/#primaryimage"},"thumbnailUrl":"https:\/\/www.hometheater.com.br\/portal\/wp-content\/uploads\/2025\/09\/abre_ifa_home.jpg","datePublished":"2025-09-09T00:35:35+00:00","dateModified":"2025-09-09T10:25:56+00:00","breadcrumb":{"@id":"https:\/\/www.hometheater.com.br\/portal\/2025\/09\/08\/ifa-2025-confira-as-tvs-mais-avancadas-da-grande-feira-de-berlim\/#breadcrumb"},"inLanguage":"pt-BR","potentialAction":[{"@type":"ReadAction","target":["https:\/\/www.hometheater.com.br\/portal\/2025\/09\/08\/ifa-2025-confira-as-tvs-mais-avancadas-da-grande-feira-de-berlim\/"]}]},{"@type":"ImageObject","inLanguage":"pt-BR","@id":"https:\/\/www.hometheater.com.br\/portal\/2025\/09\/08\/ifa-2025-confira-as-tvs-mais-avancadas-da-grande-feira-de-berlim\/#primaryimage","url":"https:\/\/www.hometheater.com.br\/portal\/wp-content\/uploads\/2025\/09\/abre_ifa_home.jpg","contentUrl":"https:\/\/www.hometheater.com.br\/portal\/wp-content\/uploads\/2025\/09\/abre_ifa_home.jpg","width":800,"height":460},{"@type":"BreadcrumbList","@id":"https:\/\/www.hometheater.com.br\/portal\/2025\/09\/08\/ifa-2025-confira-as-tvs-mais-avancadas-da-grande-feira-de-berlim\/#breadcrumb","itemListElement":[{"@type":"ListItem","position":1,"name":"In\u00edcio","item":"https:\/\/www.hometheater.com.br\/portal\/"},{"@type":"ListItem","position":2,"name":"IFA 2025: confira as TVs mais avan\u00e7adas da grande Feira de Berlim"}]},{"@type":"WebSite","@id":"https:\/\/www.hometheater.com.br\/portal\/#website","url":"https:\/\/www.hometheater.com.br\/portal\/","name":"HT &amp; Casa Digital","description":"O mundo digital em sua casa","publisher":{"@id":"https:\/\/www.hometheater.com.br\/portal\/#organization"},"potentialAction":[{"@type":"SearchAction","target":{"@type":"EntryPoint","urlTemplate":"https:\/\/www.hometheater.com.br\/portal\/?s={search_term_string}"},"query-input":{"@type":"PropertyValueSpecification","valueRequired":true,"valueName":"search_term_string"}}],"inLanguage":"pt-BR"},{"@type":"Organization","@id":"https:\/\/www.hometheater.com.br\/portal\/#organization","name":"Home Theater","url":"https:\/\/www.hometheater.com.br\/portal\/","logo":{"@type":"ImageObject","inLanguage":"pt-BR","@id":"https:\/\/www.hometheater.com.br\/portal\/#\/schema\/logo\/image\/","url":"https:\/\/www.hometheater.com.br\/portal\/wp-content\/uploads\/2022\/06\/assine_ht_01.png","contentUrl":"https:\/\/www.hometheater.com.br\/portal\/wp-content\/uploads\/2022\/06\/assine_ht_01.png","width":800,"height":254,"caption":"Home Theater"},"image":{"@id":"https:\/\/www.hometheater.com.br\/portal\/#\/schema\/logo\/image\/"},"sameAs":["https:\/\/web.facebook.com\/revistahometheater","https:\/\/x.com\/hometheaterbr"]},{"@type":"Person","@id":"https:\/\/www.hometheater.com.br\/portal\/#\/schema\/person\/3b6bd5a9e2a6c4197c7b98dd7a733d22","name":"Revista Home Theater &amp; Casa Digital","image":{"@type":"ImageObject","inLanguage":"pt-BR","@id":"https:\/\/www.hometheater.com.br\/portal\/#\/schema\/person\/image\/","url":"https:\/\/secure.gravatar.com\/avatar\/fd86f33d841f0f43adcc1665dd80ca740e028af4297e20d3444f9335092a6ee7?s=96&d=mm&r=g","contentUrl":"https:\/\/secure.gravatar.com\/avatar\/fd86f33d841f0f43adcc1665dd80ca740e028af4297e20d3444f9335092a6ee7?s=96&d=mm&r=g","caption":"Revista Home Theater &amp; Casa Digital"},"url":"https:\/\/www.hometheater.com.br\/portal\/author\/flavio\/"}]}},"_links":{"self":[{"href":"https:\/\/www.hometheater.com.br\/portal\/wp-json\/wp\/v2\/posts\/35474","targetHints":{"allow":["GET"]}}],"collection":[{"href":"https:\/\/www.hometheater.com.br\/portal\/wp-json\/wp\/v2\/posts"}],"about":[{"href":"https:\/\/www.hometheater.com.br\/portal\/wp-json\/wp\/v2\/types\/post"}],"author":[{"embeddable":true,"href":"https:\/\/www.hometheater.com.br\/portal\/wp-json\/wp\/v2\/users\/1"}],"replies":[{"embeddable":true,"href":"https:\/\/www.hometheater.com.br\/portal\/wp-json\/wp\/v2\/comments?post=35474"}],"version-history":[{"count":6,"href":"https:\/\/www.hometheater.com.br\/portal\/wp-json\/wp\/v2\/posts\/35474\/revisions"}],"predecessor-version":[{"id":35491,"href":"https:\/\/www.hometheater.com.br\/portal\/wp-json\/wp\/v2\/posts\/35474\/revisions\/35491"}],"wp:featuredmedia":[{"embeddable":true,"href":"https:\/\/www.hometheater.com.br\/portal\/wp-json\/wp\/v2\/media\/35483"}],"wp:attachment":[{"href":"https:\/\/www.hometheater.com.br\/portal\/wp-json\/wp\/v2\/media?parent=35474"}],"wp:term":[{"taxonomy":"category","embeddable":true,"href":"https:\/\/www.hometheater.com.br\/portal\/wp-json\/wp\/v2\/categories?post=35474"},{"taxonomy":"post_tag","embeddable":true,"href":"https:\/\/www.hometheater.com.br\/portal\/wp-json\/wp\/v2\/tags?post=35474"}],"curies":[{"name":"wp","href":"https:\/\/api.w.org\/{rel}","templated":true}]}}