{"id":35454,"date":"2025-09-05T09:52:21","date_gmt":"2025-09-05T12:52:21","guid":{"rendered":"https:\/\/www.hometheater.com.br\/portal\/?p=35454"},"modified":"2025-09-05T09:52:21","modified_gmt":"2025-09-05T12:52:21","slug":"como-equilibrar-a-sala-para-ter-otimo-desempenho-acustico","status":"publish","type":"post","link":"https:\/\/www.hometheater.com.br\/portal\/2025\/09\/05\/como-equilibrar-a-sala-para-ter-otimo-desempenho-acustico\/","title":{"rendered":"Como equilibrar a sala para ter \u00f3timo desempenho ac\u00fastico"},"content":{"rendered":"<p><img loading=\"lazy\" decoding=\"async\" class=\"aligncenter size-full wp-image-35471\" src=\"https:\/\/www.hometheater.com.br\/portal\/wp-content\/uploads\/2025\/09\/abre_sua_casa_02.jpg\" alt=\"\" width=\"750\" height=\"500\" srcset=\"https:\/\/www.hometheater.com.br\/portal\/wp-content\/uploads\/2025\/09\/abre_sua_casa_02.jpg 750w, https:\/\/www.hometheater.com.br\/portal\/wp-content\/uploads\/2025\/09\/abre_sua_casa_02-300x200.jpg 300w, https:\/\/www.hometheater.com.br\/portal\/wp-content\/uploads\/2025\/09\/abre_sua_casa_02-400x267.jpg 400w, https:\/\/www.hometheater.com.br\/portal\/wp-content\/uploads\/2025\/09\/abre_sua_casa_02-500x333.jpg 500w\" sizes=\"auto, (max-width: 750px) 100vw, 750px\" \/><\/p>\n<p>Nada como poder dispor de espa\u00e7o para instalar telas grandes e som de alta pot\u00eancia. Era o sonho dos moradores deste apartamento em Fortaleza, e para realiz\u00e1-lo eles chamaram verdadeiros especialistas em tecnologia e arquitetura.<\/p>\n<p>J\u00e1 na entrada, no living de 40m\u00b2, encontramos uma super tela de 150\u201d, que convida a uma boa sess\u00e3o de cinema. Embaixo dela, uma TV QLED de 98\u201d, que permite boa visualiza\u00e7\u00e3o at\u00e9 para quem est\u00e1 do outro lado do living.<\/p><div class=\"homet-conteudo\" style=\"text-align: center;\" id=\"homet-2767458109\"><div data-cfpa=\"36066\" data-cfpw=\"36066\" id=\"homet-120615334\"><a data-no-instant=\"1\" href=\"https:\/\/loja.sommaior.com.br\/\" rel=\"noopener\" class=\"a2t-link\" aria-label=\"ABBEY-ROAD_360x300px\"><img loading=\"lazy\" decoding=\"async\" src=\"https:\/\/www.hometheater.com.br\/portal\/wp-content\/uploads\/2025\/10\/ABBEY-ROAD_360x300px.jpg\" alt=\"\"  class=\"no-lazyload\" width=\"300\" height=\"250\"   \/><\/a><\/div><script type=\"text\/javascript\">;new advadsCfpAd( 36066 );<\/script><\/div>\n<p>Para acompanhar esses requintes, o sistema de \u00e1udio foi escolhido com crit\u00e9rio. As caixas ac\u00fasticas s\u00e3o alimentadas por dois amplificadores high-end, sendo um deles exclusivo para as duas torres frontais.<\/p>\n<p>O mesmo rigor t\u00e9cnico se estende ao sistema de som ambiente, por v\u00e1rios espa\u00e7os do apartamento, e aos revestimentos do teto e das paredes com madeira que favorecem o equil\u00edbrio ac\u00fastico.<\/p>\n<p><strong>\u00a0<\/strong><\/p>\n<p><strong>REPORTAGEM: Eduardo Bonjoch<\/strong><\/p>\n<p><strong>FOTOS: Regis Gomes<\/strong><\/p>\n<p>&nbsp;<\/p>\n\t\t\t<style>\n                #foogallery-gallery-35456.fg-simple_portfolio {\n                    justify-content: center;\n                }\n                #foogallery-gallery-35456.fg-simple_portfolio .fg-item {\n                    flex-basis: 300px;\n                    margin: 5px;\n                }\n\t\t\t<\/style>\n\t\t\t<div class=\"foogallery foogallery-container foogallery-simple_portfolio foogallery-lightbox-foobox fg-simple_portfolio fg-dark fg-border-thin fg-shadow-outline fg-loading-default fg-loaded-fade-in fg-caption-always fg-hover-fade fg-hover-zoom fg-ready fg-debug fg-caption-always\" id=\"foogallery-gallery-35456\" data-foogallery=\"{&quot;item&quot;:{&quot;showCaptionTitle&quot;:true,&quot;showCaptionDescription&quot;:true},&quot;lazy&quot;:true}\" >\n\t<div class=\"fg-item fg-type-image fg-idle\"><figure class=\"fg-item-inner\"><a href=\"https:\/\/www.hometheater.com.br\/portal\/wp-content\/uploads\/2025\/09\/divisorias_.jpg\" data-caption-title=\"Vista lateral da divis\u00f3ria que separa o living da varanda; no detalhe, o projetor 4K suspenso pelo lift.\" data-caption-desc=\"Vista lateral da divis\u00f3ria que separa o living da varanda; no detalhe, o projetor 4K suspenso pelo lift.\" data-attachment-id=\"35460\" class=\"foogallery-thumb  fg-thumb\" data-type=\"image\"><span class=\"fg-image-wrap\"><img fetchpriority=\"high\" decoding=\"async\" title=\"Vista lateral da divis\u00f3ria que separa o living da varanda; no detalhe, o projetor 4K suspenso pelo lift.\" class=\"bf-img skip-lazy fg-image\" height=\"450\" width=\"300\" data-src-fg=\"https:\/\/www.hometheater.com.br\/portal\/wp-content\/uploads\/cache\/2025\/09\/divisorias_\/3575015889.jpg\" src=\"data:image\/svg+xml,%3Csvg%20xmlns%3D%22http%3A%2F%2Fwww.w3.org%2F2000%2Fsvg%22%20width%3D%22300%22%20height%3D%22450%22%20viewBox%3D%220%200%20300%20450%22%3E%3C%2Fsvg%3E\" loading=\"eager\"><\/span><span class=\"fg-image-overlay\"><\/span><\/a><figcaption class=\"fg-caption\"><div class=\"fg-caption-inner\"><div class=\"fg-caption-title\">Vista lateral da divis\u00f3ria que separa o living da varanda; no detalhe, o projetor 4K suspenso pelo lift.<\/div><\/div><\/figcaption><\/figure><div class=\"fg-loader\"><\/div><\/div><div class=\"fg-item fg-type-image fg-idle\"><figure class=\"fg-item-inner\"><a href=\"https:\/\/www.hometheater.com.br\/portal\/wp-content\/uploads\/2025\/09\/central_.jpg\" data-caption-title=\"As caixas frontais s\u00e3o de padr\u00e3o high-end; aqui, a central apoiada num suporte especial.\" data-caption-desc=\"As caixas frontais s\u00e3o de padr\u00e3o high-end; aqui, a central apoiada num suporte especial.\" data-attachment-id=\"35457\" class=\"foogallery-thumb  fg-thumb\" data-type=\"image\"><span class=\"fg-image-wrap\"><img decoding=\"async\" title=\"As caixas frontais s\u00e3o de padr\u00e3o high-end; aqui, a central apoiada num suporte especial.\" class=\"bf-img skip-lazy fg-image\" height=\"450\" width=\"300\" data-src-fg=\"https:\/\/www.hometheater.com.br\/portal\/wp-content\/uploads\/cache\/2025\/09\/central_\/2428579452.jpg\" src=\"data:image\/svg+xml,%3Csvg%20xmlns%3D%22http%3A%2F%2Fwww.w3.org%2F2000%2Fsvg%22%20width%3D%22300%22%20height%3D%22450%22%20viewBox%3D%220%200%20300%20450%22%3E%3C%2Fsvg%3E\" loading=\"eager\"><\/span><span class=\"fg-image-overlay\"><\/span><\/a><figcaption class=\"fg-caption\"><div class=\"fg-caption-inner\"><div class=\"fg-caption-title\">As caixas frontais s\u00e3o de padr\u00e3o high-end; aqui, a central apoiada num suporte especial.<\/div><\/div><\/figcaption><\/figure><div class=\"fg-loader\"><\/div><\/div><div class=\"fg-item fg-type-image fg-idle\"><figure class=\"fg-item-inner\"><a href=\"https:\/\/www.hometheater.com.br\/portal\/wp-content\/uploads\/2025\/09\/duas_telas_.jpg\" data-caption-title=\"Detalhe da tela de 106\u201d que, ao ser recolhida, mostra a TV de 98\u201d, mais usada durante o dia.\" data-caption-desc=\"Detalhe da tela de 106\u201d que, ao ser recolhida, mostra a TV de 98\u201d, mais usada durante o dia.\" data-attachment-id=\"35461\" class=\"foogallery-thumb  fg-thumb\" data-type=\"image\"><span class=\"fg-image-wrap\"><img decoding=\"async\" title=\"Detalhe da tela de 106\u201d que, ao ser recolhida, mostra a TV de 98\u201d, mais usada durante o dia.\" class=\"bf-img skip-lazy fg-image\" height=\"450\" width=\"300\" data-src-fg=\"https:\/\/www.hometheater.com.br\/portal\/wp-content\/uploads\/cache\/2025\/09\/duas_telas_\/3510890574.jpg\" src=\"data:image\/svg+xml,%3Csvg%20xmlns%3D%22http%3A%2F%2Fwww.w3.org%2F2000%2Fsvg%22%20width%3D%22300%22%20height%3D%22450%22%20viewBox%3D%220%200%20300%20450%22%3E%3C%2Fsvg%3E\" loading=\"eager\"><\/span><span class=\"fg-image-overlay\"><\/span><\/a><figcaption class=\"fg-caption\"><div class=\"fg-caption-inner\"><div class=\"fg-caption-title\">Detalhe da tela de 106\u201d que, ao ser recolhida, mostra a TV de 98\u201d, mais usada durante o dia.<\/div><\/div><\/figcaption><\/figure><div class=\"fg-loader\"><\/div><\/div><div class=\"fg-item fg-type-image fg-idle\"><figure class=\"fg-item-inner\"><a href=\"https:\/\/www.hometheater.com.br\/portal\/wp-content\/uploads\/2025\/09\/escritorio_.jpg\" data-caption-title=\"No escrit\u00f3rio do apartamento, com TV 4K (75\u201d), foram instalados o processador e os amplificadores que alimentam as caixas do home theater.\" data-caption-desc=\"No escrit\u00f3rio do apartamento, com TV 4K (75\u201d), foram instalados o processador e os amplificadores que alimentam as caixas do home theater.\" data-attachment-id=\"35462\" class=\"foogallery-thumb  fg-thumb\" data-type=\"image\"><span class=\"fg-image-wrap\"><img decoding=\"async\" title=\"No escrit\u00f3rio do apartamento, com TV 4K (75\u201d), foram instalados o processador e os amplificadores que alimentam as caixas do home theater.\" class=\"bf-img skip-lazy fg-image\" height=\"450\" width=\"300\" data-src-fg=\"https:\/\/www.hometheater.com.br\/portal\/wp-content\/uploads\/cache\/2025\/09\/escritorio_\/3197619159.jpg\" src=\"data:image\/svg+xml,%3Csvg%20xmlns%3D%22http%3A%2F%2Fwww.w3.org%2F2000%2Fsvg%22%20width%3D%22300%22%20height%3D%22450%22%20viewBox%3D%220%200%20300%20450%22%3E%3C%2Fsvg%3E\" loading=\"eager\"><\/span><span class=\"fg-image-overlay\"><\/span><\/a><figcaption class=\"fg-caption\"><div class=\"fg-caption-inner\"><div class=\"fg-caption-title\">No escrit\u00f3rio do apartamento, com TV 4K (75\u201d), foram instalados o processador e os amplificadores que alimentam as caixas do home theater.<\/div><\/div><\/figcaption><\/figure><div class=\"fg-loader\"><\/div><\/div><div class=\"fg-item fg-type-image fg-idle\"><figure class=\"fg-item-inner\"><a href=\"https:\/\/www.hometheater.com.br\/portal\/wp-content\/uploads\/2025\/09\/amplifica_.jpg\" data-caption-title=\"Um dos amplificadores \u00e9 totalmente dedicado \u00e0s duas torres frontais, que demandam alta pot\u00eancia.\" data-caption-desc=\"Um dos amplificadores \u00e9 totalmente dedicado \u00e0s duas torres frontais, que demandam alta pot\u00eancia.\" data-attachment-id=\"35467\" class=\"foogallery-thumb  fg-thumb\" data-type=\"image\"><span class=\"fg-image-wrap\"><img decoding=\"async\" title=\"Um dos amplificadores \u00e9 totalmente dedicado \u00e0s duas torres frontais, que demandam alta pot\u00eancia.\" class=\"bf-img skip-lazy fg-image\" height=\"450\" width=\"300\" data-src-fg=\"https:\/\/www.hometheater.com.br\/portal\/wp-content\/uploads\/cache\/2025\/09\/amplifica_\/1721641520.jpg\" src=\"data:image\/svg+xml,%3Csvg%20xmlns%3D%22http%3A%2F%2Fwww.w3.org%2F2000%2Fsvg%22%20width%3D%22300%22%20height%3D%22450%22%20viewBox%3D%220%200%20300%20450%22%3E%3C%2Fsvg%3E\" loading=\"eager\"><\/span><span class=\"fg-image-overlay\"><\/span><\/a><figcaption class=\"fg-caption\"><div class=\"fg-caption-inner\"><div class=\"fg-caption-title\">Um dos amplificadores \u00e9 totalmente dedicado \u00e0s duas torres frontais, que demandam alta pot\u00eancia.<\/div><\/div><\/figcaption><\/figure><div class=\"fg-loader\"><\/div><\/div><div class=\"fg-item fg-type-image fg-idle\"><figure class=\"fg-item-inner\"><a href=\"https:\/\/www.hometheater.com.br\/portal\/wp-content\/uploads\/2025\/09\/distancia_.jpg\" data-caption-title=\"Com alto brilho, as imagens da TV de 75\u201d podem ser apreciadas mesmo \u00e0 dist\u00e2ncia.\" data-caption-desc=\"Com alto brilho, as imagens da TV de 75\u201d podem ser apreciadas mesmo \u00e0 dist\u00e2ncia.\" data-attachment-id=\"35458\" class=\"foogallery-thumb  fg-thumb\" data-type=\"image\"><span class=\"fg-image-wrap\"><img decoding=\"async\" title=\"Com alto brilho, as imagens da TV de 75\u201d podem ser apreciadas mesmo \u00e0 dist\u00e2ncia.\" class=\"bf-img skip-lazy fg-image\" height=\"450\" width=\"300\" data-src-fg=\"https:\/\/www.hometheater.com.br\/portal\/wp-content\/uploads\/cache\/2025\/09\/distancia_\/3117161624.jpg\" src=\"data:image\/svg+xml,%3Csvg%20xmlns%3D%22http%3A%2F%2Fwww.w3.org%2F2000%2Fsvg%22%20width%3D%22300%22%20height%3D%22450%22%20viewBox%3D%220%200%20300%20450%22%3E%3C%2Fsvg%3E\" loading=\"eager\"><\/span><span class=\"fg-image-overlay\"><\/span><\/a><figcaption class=\"fg-caption\"><div class=\"fg-caption-inner\"><div class=\"fg-caption-title\">Com alto brilho, as imagens da TV de 75\u201d podem ser apreciadas mesmo \u00e0 dist\u00e2ncia.<\/div><\/div><\/figcaption><\/figure><div class=\"fg-loader\"><\/div><\/div><div class=\"fg-item fg-type-image fg-idle\"><figure class=\"fg-item-inner\"><a href=\"https:\/\/www.hometheater.com.br\/portal\/wp-content\/uploads\/2025\/09\/varanda_.jpg\" data-caption-title=\"Uma tela de 106\u201d foi montada na varanda, para utiliza\u00e7\u00e3o principalmente \u00e0 noite.\" data-caption-desc=\"Uma tela de 106\u201d foi montada na varanda, para utiliza\u00e7\u00e3o principalmente \u00e0 noite.\" data-attachment-id=\"35465\" class=\"foogallery-thumb  fg-thumb\" data-type=\"image\"><span class=\"fg-image-wrap\"><img decoding=\"async\" title=\"Uma tela de 106\u201d foi montada na varanda, para utiliza\u00e7\u00e3o principalmente \u00e0 noite.\" class=\"bf-img skip-lazy fg-image\" height=\"450\" width=\"300\" data-src-fg=\"https:\/\/www.hometheater.com.br\/portal\/wp-content\/uploads\/cache\/2025\/09\/varanda_\/2250698106.jpg\" src=\"data:image\/svg+xml,%3Csvg%20xmlns%3D%22http%3A%2F%2Fwww.w3.org%2F2000%2Fsvg%22%20width%3D%22300%22%20height%3D%22450%22%20viewBox%3D%220%200%20300%20450%22%3E%3C%2Fsvg%3E\" loading=\"eager\"><\/span><span class=\"fg-image-overlay\"><\/span><\/a><figcaption class=\"fg-caption\"><div class=\"fg-caption-inner\"><div class=\"fg-caption-title\">Uma tela de 106\u201d foi montada na varanda, para utiliza\u00e7\u00e3o principalmente \u00e0 noite.<\/div><\/div><\/figcaption><\/figure><div class=\"fg-loader\"><\/div><\/div><div class=\"fg-item fg-type-image fg-idle\"><figure class=\"fg-item-inner\"><a href=\"https:\/\/www.hometheater.com.br\/portal\/wp-content\/uploads\/2025\/09\/vidro_.jpg\" data-caption-title=\"O uso da madeira \u00e9 importante para equilibrar a ac\u00fastica, especialmente nos ambientes onde h\u00e1 vidro.\" data-caption-desc=\"O uso da madeira \u00e9 importante para equilibrar a ac\u00fastica, especialmente nos ambientes onde h\u00e1 vidro.\" data-attachment-id=\"35466\" class=\"foogallery-thumb  fg-thumb\" data-type=\"image\"><span class=\"fg-image-wrap\"><img decoding=\"async\" title=\"O uso da madeira \u00e9 importante para equilibrar a ac\u00fastica, especialmente nos ambientes onde h\u00e1 vidro.\" class=\"bf-img skip-lazy fg-image\" height=\"450\" width=\"300\" data-src-fg=\"https:\/\/www.hometheater.com.br\/portal\/wp-content\/uploads\/cache\/2025\/09\/vidro_\/52237030.jpg\" src=\"data:image\/svg+xml,%3Csvg%20xmlns%3D%22http%3A%2F%2Fwww.w3.org%2F2000%2Fsvg%22%20width%3D%22300%22%20height%3D%22450%22%20viewBox%3D%220%200%20300%20450%22%3E%3C%2Fsvg%3E\" loading=\"eager\"><\/span><span class=\"fg-image-overlay\"><\/span><\/a><figcaption class=\"fg-caption\"><div class=\"fg-caption-inner\"><div class=\"fg-caption-title\">O uso da madeira \u00e9 importante para equilibrar a ac\u00fastica, especialmente nos ambientes onde h\u00e1 vidro.<\/div><\/div><\/figcaption><\/figure><div class=\"fg-loader\"><\/div><\/div><div class=\"fg-item fg-type-image fg-idle\"><figure class=\"fg-item-inner\"><a href=\"https:\/\/www.hometheater.com.br\/portal\/wp-content\/uploads\/2025\/09\/teto_.jpg\" data-caption-title=\"Caixas de teto como essa foram espalhadas pelo apartamento para garantir a qualidade do som ambiente.\" data-caption-desc=\"Caixas de teto como essa foram espalhadas pelo apartamento para garantir a qualidade do som ambiente.\" data-attachment-id=\"35464\" class=\"foogallery-thumb  fg-thumb\" data-type=\"image\"><span class=\"fg-image-wrap\"><img decoding=\"async\" title=\"Caixas de teto como essa foram espalhadas pelo apartamento para garantir a qualidade do som ambiente.\" class=\"bf-img skip-lazy fg-image\" height=\"450\" width=\"300\" data-src-fg=\"https:\/\/www.hometheater.com.br\/portal\/wp-content\/uploads\/cache\/2025\/09\/teto_\/1492545943.jpg\" src=\"data:image\/svg+xml,%3Csvg%20xmlns%3D%22http%3A%2F%2Fwww.w3.org%2F2000%2Fsvg%22%20width%3D%22300%22%20height%3D%22450%22%20viewBox%3D%220%200%20300%20450%22%3E%3C%2Fsvg%3E\" loading=\"eager\"><\/span><span class=\"fg-image-overlay\"><\/span><\/a><figcaption class=\"fg-caption\"><div class=\"fg-caption-inner\"><div class=\"fg-caption-title\">Caixas de teto como essa foram espalhadas pelo apartamento para garantir a qualidade do som ambiente.<\/div><\/div><\/figcaption><\/figure><div class=\"fg-loader\"><\/div><\/div><div class=\"fg-item fg-type-image fg-idle\"><figure class=\"fg-item-inner\"><a href=\"https:\/\/www.hometheater.com.br\/portal\/wp-content\/uploads\/2025\/09\/tablet_.jpg\" data-caption-title=\"O integrador programou o sistema de automa\u00e7\u00e3o para ser acionado atrav\u00e9s de dois tablets, conforme as rotinas da fam\u00edlia.\" data-caption-desc=\"O integrador programou o sistema de automa\u00e7\u00e3o para ser acionado atrav\u00e9s de dois tablets, conforme as rotinas da fam\u00edlia.\" data-attachment-id=\"35463\" class=\"foogallery-thumb  fg-thumb\" data-type=\"image\"><span class=\"fg-image-wrap\"><img decoding=\"async\" title=\"O integrador programou o sistema de automa\u00e7\u00e3o para ser acionado atrav\u00e9s de dois tablets, conforme as rotinas da fam\u00edlia.\" class=\"bf-img skip-lazy fg-image\" height=\"450\" width=\"300\" data-src-fg=\"https:\/\/www.hometheater.com.br\/portal\/wp-content\/uploads\/cache\/2025\/09\/tablet_\/4100466486.jpg\" src=\"data:image\/svg+xml,%3Csvg%20xmlns%3D%22http%3A%2F%2Fwww.w3.org%2F2000%2Fsvg%22%20width%3D%22300%22%20height%3D%22450%22%20viewBox%3D%220%200%20300%20450%22%3E%3C%2Fsvg%3E\" loading=\"eager\"><\/span><span class=\"fg-image-overlay\"><\/span><\/a><figcaption class=\"fg-caption\"><div class=\"fg-caption-inner\"><div class=\"fg-caption-title\">O integrador programou o sistema de automa\u00e7\u00e3o para ser acionado atrav\u00e9s de dois tablets, conforme as rotinas da fam\u00edlia.<\/div><\/div><\/figcaption><\/figure><div class=\"fg-loader\"><\/div><\/div><\/div><!-- FooGallery Debug Info : Start\r\n\r\nID => 35456\r\nTemplate => simple_portfolio\r\nDatasource => media_library\r\n\r\nFooGallery Settings\r\n===================\r\nfoogallery_items_view => manage\r\nsimple_portfolio_align => center\r\nsimple_portfolio_border_size => fg-border-thin\r\nsimple_portfolio_drop_shadow => fg-shadow-outline\r\nsimple_portfolio_gutter => 5\r\nsimple_portfolio_hover_effect_caption_visibility => fg-caption-always\r\nsimple_portfolio_hover_effect_icon => fg-hover-zoom\r\nsimple_portfolio_hover_effect_transition => fg-hover-fade\r\nsimple_portfolio_hover_effect_type => normal\r\nsimple_portfolio_lightbox => foobox\r\nsimple_portfolio_loaded_effect => fg-loaded-fade-in\r\nsimple_portfolio_loading_icon => fg-loading-default\r\nsimple_portfolio_theme => fg-dark\r\nsimple_portfolio_thumbnail_dimensions => \r\n   width => 300\r\n   height => 450\r\nsimple_portfolio_thumbnail_link => custom\r\n\r\nAttachment Info\r\n===============\r\n35460 => \r\n   url => https:\/\/www.hometheater.com.br\/portal\/wp-content\/uploads\/2025\/09\/divisorias_.jpg\r\n   type => image\r\n   width => 300\r\n   height => 450\r\n35457 => \r\n   url => https:\/\/www.hometheater.com.br\/portal\/wp-content\/uploads\/2025\/09\/central_.jpg\r\n   type => image\r\n   width => 300\r\n   height => 450\r\n35461 => \r\n   url => https:\/\/www.hometheater.com.br\/portal\/wp-content\/uploads\/2025\/09\/duas_telas_.jpg\r\n   type => image\r\n   width => 300\r\n   height => 450\r\n35462 => \r\n   url => https:\/\/www.hometheater.com.br\/portal\/wp-content\/uploads\/2025\/09\/escritorio_.jpg\r\n   type => image\r\n   width => 300\r\n   height => 450\r\n35467 => \r\n   url => https:\/\/www.hometheater.com.br\/portal\/wp-content\/uploads\/2025\/09\/amplifica_.jpg\r\n   type => image\r\n   width => 300\r\n   height => 450\r\n35458 => \r\n   url => https:\/\/www.hometheater.com.br\/portal\/wp-content\/uploads\/2025\/09\/distancia_.jpg\r\n   type => image\r\n   width => 300\r\n   height => 450\r\n35465 => \r\n   url => https:\/\/www.hometheater.com.br\/portal\/wp-content\/uploads\/2025\/09\/varanda_.jpg\r\n   type => image\r\n   width => 300\r\n   height => 450\r\n35466 => \r\n   url => https:\/\/www.hometheater.com.br\/portal\/wp-content\/uploads\/2025\/09\/vidro_.jpg\r\n   type => image\r\n   width => 300\r\n   height => 450\r\n35464 => \r\n   url => https:\/\/www.hometheater.com.br\/portal\/wp-content\/uploads\/2025\/09\/teto_.jpg\r\n   type => image\r\n   width => 300\r\n   height => 450\r\n35463 => \r\n   url => https:\/\/www.hometheater.com.br\/portal\/wp-content\/uploads\/2025\/09\/tablet_.jpg\r\n   type => image\r\n   width => 300\r\n   height => 450\r\n\r\nFooGallery Debug Info : End --><style type=\"text\/css\">.foogallery.fg-simple_portfolio .fg-item-inner figcaption.fg-caption { \r\n    font-size: 19px;\r\n    color: #FFFFFF;\r\n    text-align: left;\r\n}\r\n\r\n.foogallery.fg-simple_portfolio .fg-caption-title {<\/style>\n<p>&nbsp;<\/p>\n<table style=\"width: 100%; border-collapse: collapse; background-color: #c3cacd;\">\n<tbody>\n<tr>\n<td style=\"width: 990px;\"><strong>PROJETO E INSTALA\u00c7\u00c3O: <\/strong>Habitat Automa\u00e7\u00e3o (85) 3224-7001<\/p>\n<p><strong>DESIGN DE INTERIORES: <\/strong>Marcus Novais Arquitetura (85) 3272-1450<\/p>\n<p><strong>\u00a0<\/strong><\/p>\n<p><span style=\"text-decoration: underline;\"><strong>EQUIPAMENTOS UTILIZADOS<\/strong><\/span><\/p>\n<p><em><strong>HOME THEATER<\/strong><\/em><\/p>\n<p><em>* Projetor Optoma<\/em><\/p>\n<p><em>* Tela de proje\u00e7\u00e3o de 150\u201d e lift Projetelas<\/em><\/p>\n<p><em>* TV Samsung 98\u201d<\/em><\/p>\n<p><em>* Processador e amplificadores McIntosh<\/em><\/p>\n<p><em>* Caixas ac\u00fasticas e subwoofer B&amp;W<\/em><\/p>\n<p><em>* Condicionador de energia UltraPower<\/em><\/p>\n<p><em>* Automa\u00e7\u00e3o Crestron<\/em><\/p>\n<p><em>* Ilumina\u00e7\u00e3o BTicino<\/em><\/p>\n<p>&nbsp;<\/p>\n<p><em><strong>OUTROS AMBIENTES<\/strong><\/em><\/p>\n<p><em>* Projetor Optoma<\/em><\/p>\n<p><em>* Tela de 106\u201d e lift Projetelas<\/em><\/p>\n<p><em>* TVs Samsung 75\u201d e LG 43\u201d<\/em><\/p>\n<p><em>* Amplificadores Rotel<\/em><\/p>\n<p><em>* Caixas ac\u00fasticas B&amp;W<\/em><\/p>\n<p><em><strong>\u00a0<\/strong><\/em><\/td>\n<\/tr>\n<\/tbody>\n<\/table>\n","protected":false},"excerpt":{"rendered":"<p>Nada como poder dispor de espa\u00e7o para instalar telas grandes e som de alta pot\u00eancia. Era o sonho dos moradores deste apartamento em Fortaleza, e<\/p>\n","protected":false},"author":1,"featured_media":35469,"comment_status":"open","ping_status":"open","sticky":false,"template":"","format":"standard","meta":{"footnotes":""},"categories":[188],"tags":[],"class_list":["post-35454","post","type-post","status-publish","format-standard","has-post-thumbnail","hentry","category-sua-casa"],"yoast_head":"<!-- This site is optimized with the Yoast SEO plugin v25.7 - https:\/\/yoast.com\/wordpress\/plugins\/seo\/ -->\n<title>Como equilibrar a sala para ter \u00f3timo desempenho ac\u00fastico - HT &amp; Casa Digital<\/title>\n<meta name=\"robots\" content=\"index, follow, max-snippet:-1, max-image-preview:large, max-video-preview:-1\" \/>\n<link rel=\"canonical\" href=\"https:\/\/www.hometheater.com.br\/portal\/2025\/09\/05\/como-equilibrar-a-sala-para-ter-otimo-desempenho-acustico\/\" \/>\n<meta property=\"og:locale\" content=\"pt_BR\" \/>\n<meta property=\"og:type\" content=\"article\" \/>\n<meta property=\"og:title\" content=\"Como equilibrar a sala para ter \u00f3timo desempenho ac\u00fastico - HT &amp; Casa Digital\" \/>\n<meta property=\"og:description\" content=\"Nada como poder dispor de espa\u00e7o para instalar telas grandes e som de alta pot\u00eancia. Era o sonho dos moradores deste apartamento em Fortaleza, e\" \/>\n<meta property=\"og:url\" content=\"https:\/\/www.hometheater.com.br\/portal\/2025\/09\/05\/como-equilibrar-a-sala-para-ter-otimo-desempenho-acustico\/\" \/>\n<meta property=\"og:site_name\" content=\"HT &amp; Casa Digital\" \/>\n<meta property=\"article:publisher\" content=\"https:\/\/web.facebook.com\/revistahometheater\" \/>\n<meta property=\"article:published_time\" content=\"2025-09-05T12:52:21+00:00\" \/>\n<meta property=\"og:image\" content=\"https:\/\/www.hometheater.com.br\/portal\/wp-content\/uploads\/2025\/09\/abre_.jpg\" \/>\n\t<meta property=\"og:image:width\" content=\"800\" \/>\n\t<meta property=\"og:image:height\" content=\"533\" \/>\n\t<meta property=\"og:image:type\" content=\"image\/jpeg\" \/>\n<meta name=\"author\" content=\"Revista Home Theater &amp; Casa Digital\" \/>\n<meta name=\"twitter:card\" content=\"summary_large_image\" \/>\n<meta name=\"twitter:creator\" content=\"@hometheaterbr\" \/>\n<meta name=\"twitter:site\" content=\"@hometheaterbr\" \/>\n<meta name=\"twitter:label1\" content=\"Escrito por\" \/>\n\t<meta name=\"twitter:data1\" content=\"Revista Home Theater &amp; Casa Digital\" \/>\n\t<meta name=\"twitter:label2\" content=\"Est. tempo de leitura\" \/>\n\t<meta name=\"twitter:data2\" content=\"1 minuto\" \/>\n<script type=\"application\/ld+json\" class=\"yoast-schema-graph\">{\"@context\":\"https:\/\/schema.org\",\"@graph\":[{\"@type\":\"Article\",\"@id\":\"https:\/\/www.hometheater.com.br\/portal\/2025\/09\/05\/como-equilibrar-a-sala-para-ter-otimo-desempenho-acustico\/#article\",\"isPartOf\":{\"@id\":\"https:\/\/www.hometheater.com.br\/portal\/2025\/09\/05\/como-equilibrar-a-sala-para-ter-otimo-desempenho-acustico\/\"},\"author\":{\"name\":\"Revista Home Theater &amp; Casa Digital\",\"@id\":\"https:\/\/www.hometheater.com.br\/portal\/#\/schema\/person\/3b6bd5a9e2a6c4197c7b98dd7a733d22\"},\"headline\":\"Como equilibrar a sala para ter \u00f3timo desempenho ac\u00fastico\",\"datePublished\":\"2025-09-05T12:52:21+00:00\",\"mainEntityOfPage\":{\"@id\":\"https:\/\/www.hometheater.com.br\/portal\/2025\/09\/05\/como-equilibrar-a-sala-para-ter-otimo-desempenho-acustico\/\"},\"wordCount\":243,\"commentCount\":0,\"publisher\":{\"@id\":\"https:\/\/www.hometheater.com.br\/portal\/#organization\"},\"image\":{\"@id\":\"https:\/\/www.hometheater.com.br\/portal\/2025\/09\/05\/como-equilibrar-a-sala-para-ter-otimo-desempenho-acustico\/#primaryimage\"},\"thumbnailUrl\":\"https:\/\/www.hometheater.com.br\/portal\/wp-content\/uploads\/2025\/09\/abre_.jpg\",\"articleSection\":[\"SUA CASA\"],\"inLanguage\":\"pt-BR\",\"potentialAction\":[{\"@type\":\"CommentAction\",\"name\":\"Comment\",\"target\":[\"https:\/\/www.hometheater.com.br\/portal\/2025\/09\/05\/como-equilibrar-a-sala-para-ter-otimo-desempenho-acustico\/#respond\"]}]},{\"@type\":\"WebPage\",\"@id\":\"https:\/\/www.hometheater.com.br\/portal\/2025\/09\/05\/como-equilibrar-a-sala-para-ter-otimo-desempenho-acustico\/\",\"url\":\"https:\/\/www.hometheater.com.br\/portal\/2025\/09\/05\/como-equilibrar-a-sala-para-ter-otimo-desempenho-acustico\/\",\"name\":\"Como equilibrar a sala para ter \u00f3timo desempenho ac\u00fastico - HT &amp; Casa Digital\",\"isPartOf\":{\"@id\":\"https:\/\/www.hometheater.com.br\/portal\/#website\"},\"primaryImageOfPage\":{\"@id\":\"https:\/\/www.hometheater.com.br\/portal\/2025\/09\/05\/como-equilibrar-a-sala-para-ter-otimo-desempenho-acustico\/#primaryimage\"},\"image\":{\"@id\":\"https:\/\/www.hometheater.com.br\/portal\/2025\/09\/05\/como-equilibrar-a-sala-para-ter-otimo-desempenho-acustico\/#primaryimage\"},\"thumbnailUrl\":\"https:\/\/www.hometheater.com.br\/portal\/wp-content\/uploads\/2025\/09\/abre_.jpg\",\"datePublished\":\"2025-09-05T12:52:21+00:00\",\"breadcrumb\":{\"@id\":\"https:\/\/www.hometheater.com.br\/portal\/2025\/09\/05\/como-equilibrar-a-sala-para-ter-otimo-desempenho-acustico\/#breadcrumb\"},\"inLanguage\":\"pt-BR\",\"potentialAction\":[{\"@type\":\"ReadAction\",\"target\":[\"https:\/\/www.hometheater.com.br\/portal\/2025\/09\/05\/como-equilibrar-a-sala-para-ter-otimo-desempenho-acustico\/\"]}]},{\"@type\":\"ImageObject\",\"inLanguage\":\"pt-BR\",\"@id\":\"https:\/\/www.hometheater.com.br\/portal\/2025\/09\/05\/como-equilibrar-a-sala-para-ter-otimo-desempenho-acustico\/#primaryimage\",\"url\":\"https:\/\/www.hometheater.com.br\/portal\/wp-content\/uploads\/2025\/09\/abre_.jpg\",\"contentUrl\":\"https:\/\/www.hometheater.com.br\/portal\/wp-content\/uploads\/2025\/09\/abre_.jpg\",\"width\":800,\"height\":533},{\"@type\":\"BreadcrumbList\",\"@id\":\"https:\/\/www.hometheater.com.br\/portal\/2025\/09\/05\/como-equilibrar-a-sala-para-ter-otimo-desempenho-acustico\/#breadcrumb\",\"itemListElement\":[{\"@type\":\"ListItem\",\"position\":1,\"name\":\"In\u00edcio\",\"item\":\"https:\/\/www.hometheater.com.br\/portal\/\"},{\"@type\":\"ListItem\",\"position\":2,\"name\":\"Como equilibrar a sala para ter \u00f3timo desempenho ac\u00fastico\"}]},{\"@type\":\"WebSite\",\"@id\":\"https:\/\/www.hometheater.com.br\/portal\/#website\",\"url\":\"https:\/\/www.hometheater.com.br\/portal\/\",\"name\":\"HT &amp; Casa Digital\",\"description\":\"O mundo digital em sua casa\",\"publisher\":{\"@id\":\"https:\/\/www.hometheater.com.br\/portal\/#organization\"},\"potentialAction\":[{\"@type\":\"SearchAction\",\"target\":{\"@type\":\"EntryPoint\",\"urlTemplate\":\"https:\/\/www.hometheater.com.br\/portal\/?s={search_term_string}\"},\"query-input\":{\"@type\":\"PropertyValueSpecification\",\"valueRequired\":true,\"valueName\":\"search_term_string\"}}],\"inLanguage\":\"pt-BR\"},{\"@type\":\"Organization\",\"@id\":\"https:\/\/www.hometheater.com.br\/portal\/#organization\",\"name\":\"Home Theater\",\"url\":\"https:\/\/www.hometheater.com.br\/portal\/\",\"logo\":{\"@type\":\"ImageObject\",\"inLanguage\":\"pt-BR\",\"@id\":\"https:\/\/www.hometheater.com.br\/portal\/#\/schema\/logo\/image\/\",\"url\":\"https:\/\/www.hometheater.com.br\/portal\/wp-content\/uploads\/2022\/06\/assine_ht_01.png\",\"contentUrl\":\"https:\/\/www.hometheater.com.br\/portal\/wp-content\/uploads\/2022\/06\/assine_ht_01.png\",\"width\":800,\"height\":254,\"caption\":\"Home Theater\"},\"image\":{\"@id\":\"https:\/\/www.hometheater.com.br\/portal\/#\/schema\/logo\/image\/\"},\"sameAs\":[\"https:\/\/web.facebook.com\/revistahometheater\",\"https:\/\/x.com\/hometheaterbr\"]},{\"@type\":\"Person\",\"@id\":\"https:\/\/www.hometheater.com.br\/portal\/#\/schema\/person\/3b6bd5a9e2a6c4197c7b98dd7a733d22\",\"name\":\"Revista Home Theater &amp; Casa Digital\",\"image\":{\"@type\":\"ImageObject\",\"inLanguage\":\"pt-BR\",\"@id\":\"https:\/\/www.hometheater.com.br\/portal\/#\/schema\/person\/image\/\",\"url\":\"https:\/\/secure.gravatar.com\/avatar\/fd86f33d841f0f43adcc1665dd80ca740e028af4297e20d3444f9335092a6ee7?s=96&d=mm&r=g\",\"contentUrl\":\"https:\/\/secure.gravatar.com\/avatar\/fd86f33d841f0f43adcc1665dd80ca740e028af4297e20d3444f9335092a6ee7?s=96&d=mm&r=g\",\"caption\":\"Revista Home Theater &amp; Casa Digital\"},\"url\":\"https:\/\/www.hometheater.com.br\/portal\/author\/flavio\/\"}]}<\/script>\n<!-- \/ Yoast SEO plugin. -->","yoast_head_json":{"title":"Como equilibrar a sala para ter \u00f3timo desempenho ac\u00fastico - HT &amp; Casa Digital","robots":{"index":"index","follow":"follow","max-snippet":"max-snippet:-1","max-image-preview":"max-image-preview:large","max-video-preview":"max-video-preview:-1"},"canonical":"https:\/\/www.hometheater.com.br\/portal\/2025\/09\/05\/como-equilibrar-a-sala-para-ter-otimo-desempenho-acustico\/","og_locale":"pt_BR","og_type":"article","og_title":"Como equilibrar a sala para ter \u00f3timo desempenho ac\u00fastico - HT &amp; Casa Digital","og_description":"Nada como poder dispor de espa\u00e7o para instalar telas grandes e som de alta pot\u00eancia. Era o sonho dos moradores deste apartamento em Fortaleza, e","og_url":"https:\/\/www.hometheater.com.br\/portal\/2025\/09\/05\/como-equilibrar-a-sala-para-ter-otimo-desempenho-acustico\/","og_site_name":"HT &amp; Casa Digital","article_publisher":"https:\/\/web.facebook.com\/revistahometheater","article_published_time":"2025-09-05T12:52:21+00:00","og_image":[{"width":800,"height":533,"url":"https:\/\/www.hometheater.com.br\/portal\/wp-content\/uploads\/2025\/09\/abre_.jpg","type":"image\/jpeg"}],"author":"Revista Home Theater &amp; Casa Digital","twitter_card":"summary_large_image","twitter_creator":"@hometheaterbr","twitter_site":"@hometheaterbr","twitter_misc":{"Escrito por":"Revista Home Theater &amp; Casa Digital","Est. tempo de leitura":"1 minuto"},"schema":{"@context":"https:\/\/schema.org","@graph":[{"@type":"Article","@id":"https:\/\/www.hometheater.com.br\/portal\/2025\/09\/05\/como-equilibrar-a-sala-para-ter-otimo-desempenho-acustico\/#article","isPartOf":{"@id":"https:\/\/www.hometheater.com.br\/portal\/2025\/09\/05\/como-equilibrar-a-sala-para-ter-otimo-desempenho-acustico\/"},"author":{"name":"Revista Home Theater &amp; Casa Digital","@id":"https:\/\/www.hometheater.com.br\/portal\/#\/schema\/person\/3b6bd5a9e2a6c4197c7b98dd7a733d22"},"headline":"Como equilibrar a sala para ter \u00f3timo desempenho ac\u00fastico","datePublished":"2025-09-05T12:52:21+00:00","mainEntityOfPage":{"@id":"https:\/\/www.hometheater.com.br\/portal\/2025\/09\/05\/como-equilibrar-a-sala-para-ter-otimo-desempenho-acustico\/"},"wordCount":243,"commentCount":0,"publisher":{"@id":"https:\/\/www.hometheater.com.br\/portal\/#organization"},"image":{"@id":"https:\/\/www.hometheater.com.br\/portal\/2025\/09\/05\/como-equilibrar-a-sala-para-ter-otimo-desempenho-acustico\/#primaryimage"},"thumbnailUrl":"https:\/\/www.hometheater.com.br\/portal\/wp-content\/uploads\/2025\/09\/abre_.jpg","articleSection":["SUA CASA"],"inLanguage":"pt-BR","potentialAction":[{"@type":"CommentAction","name":"Comment","target":["https:\/\/www.hometheater.com.br\/portal\/2025\/09\/05\/como-equilibrar-a-sala-para-ter-otimo-desempenho-acustico\/#respond"]}]},{"@type":"WebPage","@id":"https:\/\/www.hometheater.com.br\/portal\/2025\/09\/05\/como-equilibrar-a-sala-para-ter-otimo-desempenho-acustico\/","url":"https:\/\/www.hometheater.com.br\/portal\/2025\/09\/05\/como-equilibrar-a-sala-para-ter-otimo-desempenho-acustico\/","name":"Como equilibrar a sala para ter \u00f3timo desempenho ac\u00fastico - HT &amp; Casa Digital","isPartOf":{"@id":"https:\/\/www.hometheater.com.br\/portal\/#website"},"primaryImageOfPage":{"@id":"https:\/\/www.hometheater.com.br\/portal\/2025\/09\/05\/como-equilibrar-a-sala-para-ter-otimo-desempenho-acustico\/#primaryimage"},"image":{"@id":"https:\/\/www.hometheater.com.br\/portal\/2025\/09\/05\/como-equilibrar-a-sala-para-ter-otimo-desempenho-acustico\/#primaryimage"},"thumbnailUrl":"https:\/\/www.hometheater.com.br\/portal\/wp-content\/uploads\/2025\/09\/abre_.jpg","datePublished":"2025-09-05T12:52:21+00:00","breadcrumb":{"@id":"https:\/\/www.hometheater.com.br\/portal\/2025\/09\/05\/como-equilibrar-a-sala-para-ter-otimo-desempenho-acustico\/#breadcrumb"},"inLanguage":"pt-BR","potentialAction":[{"@type":"ReadAction","target":["https:\/\/www.hometheater.com.br\/portal\/2025\/09\/05\/como-equilibrar-a-sala-para-ter-otimo-desempenho-acustico\/"]}]},{"@type":"ImageObject","inLanguage":"pt-BR","@id":"https:\/\/www.hometheater.com.br\/portal\/2025\/09\/05\/como-equilibrar-a-sala-para-ter-otimo-desempenho-acustico\/#primaryimage","url":"https:\/\/www.hometheater.com.br\/portal\/wp-content\/uploads\/2025\/09\/abre_.jpg","contentUrl":"https:\/\/www.hometheater.com.br\/portal\/wp-content\/uploads\/2025\/09\/abre_.jpg","width":800,"height":533},{"@type":"BreadcrumbList","@id":"https:\/\/www.hometheater.com.br\/portal\/2025\/09\/05\/como-equilibrar-a-sala-para-ter-otimo-desempenho-acustico\/#breadcrumb","itemListElement":[{"@type":"ListItem","position":1,"name":"In\u00edcio","item":"https:\/\/www.hometheater.com.br\/portal\/"},{"@type":"ListItem","position":2,"name":"Como equilibrar a sala para ter \u00f3timo desempenho ac\u00fastico"}]},{"@type":"WebSite","@id":"https:\/\/www.hometheater.com.br\/portal\/#website","url":"https:\/\/www.hometheater.com.br\/portal\/","name":"HT &amp; Casa Digital","description":"O mundo digital em sua casa","publisher":{"@id":"https:\/\/www.hometheater.com.br\/portal\/#organization"},"potentialAction":[{"@type":"SearchAction","target":{"@type":"EntryPoint","urlTemplate":"https:\/\/www.hometheater.com.br\/portal\/?s={search_term_string}"},"query-input":{"@type":"PropertyValueSpecification","valueRequired":true,"valueName":"search_term_string"}}],"inLanguage":"pt-BR"},{"@type":"Organization","@id":"https:\/\/www.hometheater.com.br\/portal\/#organization","name":"Home Theater","url":"https:\/\/www.hometheater.com.br\/portal\/","logo":{"@type":"ImageObject","inLanguage":"pt-BR","@id":"https:\/\/www.hometheater.com.br\/portal\/#\/schema\/logo\/image\/","url":"https:\/\/www.hometheater.com.br\/portal\/wp-content\/uploads\/2022\/06\/assine_ht_01.png","contentUrl":"https:\/\/www.hometheater.com.br\/portal\/wp-content\/uploads\/2022\/06\/assine_ht_01.png","width":800,"height":254,"caption":"Home Theater"},"image":{"@id":"https:\/\/www.hometheater.com.br\/portal\/#\/schema\/logo\/image\/"},"sameAs":["https:\/\/web.facebook.com\/revistahometheater","https:\/\/x.com\/hometheaterbr"]},{"@type":"Person","@id":"https:\/\/www.hometheater.com.br\/portal\/#\/schema\/person\/3b6bd5a9e2a6c4197c7b98dd7a733d22","name":"Revista Home Theater &amp; Casa Digital","image":{"@type":"ImageObject","inLanguage":"pt-BR","@id":"https:\/\/www.hometheater.com.br\/portal\/#\/schema\/person\/image\/","url":"https:\/\/secure.gravatar.com\/avatar\/fd86f33d841f0f43adcc1665dd80ca740e028af4297e20d3444f9335092a6ee7?s=96&d=mm&r=g","contentUrl":"https:\/\/secure.gravatar.com\/avatar\/fd86f33d841f0f43adcc1665dd80ca740e028af4297e20d3444f9335092a6ee7?s=96&d=mm&r=g","caption":"Revista Home Theater &amp; Casa Digital"},"url":"https:\/\/www.hometheater.com.br\/portal\/author\/flavio\/"}]}},"_links":{"self":[{"href":"https:\/\/www.hometheater.com.br\/portal\/wp-json\/wp\/v2\/posts\/35454","targetHints":{"allow":["GET"]}}],"collection":[{"href":"https:\/\/www.hometheater.com.br\/portal\/wp-json\/wp\/v2\/posts"}],"about":[{"href":"https:\/\/www.hometheater.com.br\/portal\/wp-json\/wp\/v2\/types\/post"}],"author":[{"embeddable":true,"href":"https:\/\/www.hometheater.com.br\/portal\/wp-json\/wp\/v2\/users\/1"}],"replies":[{"embeddable":true,"href":"https:\/\/www.hometheater.com.br\/portal\/wp-json\/wp\/v2\/comments?post=35454"}],"version-history":[{"count":4,"href":"https:\/\/www.hometheater.com.br\/portal\/wp-json\/wp\/v2\/posts\/35454\/revisions"}],"predecessor-version":[{"id":35498,"href":"https:\/\/www.hometheater.com.br\/portal\/wp-json\/wp\/v2\/posts\/35454\/revisions\/35498"}],"wp:featuredmedia":[{"embeddable":true,"href":"https:\/\/www.hometheater.com.br\/portal\/wp-json\/wp\/v2\/media\/35469"}],"wp:attachment":[{"href":"https:\/\/www.hometheater.com.br\/portal\/wp-json\/wp\/v2\/media?parent=35454"}],"wp:term":[{"taxonomy":"category","embeddable":true,"href":"https:\/\/www.hometheater.com.br\/portal\/wp-json\/wp\/v2\/categories?post=35454"},{"taxonomy":"post_tag","embeddable":true,"href":"https:\/\/www.hometheater.com.br\/portal\/wp-json\/wp\/v2\/tags?post=35454"}],"curies":[{"name":"wp","href":"https:\/\/api.w.org\/{rel}","templated":true}]}}