{"id":35127,"date":"2025-08-11T11:23:27","date_gmt":"2025-08-11T14:23:27","guid":{"rendered":"https:\/\/www.hometheater.com.br\/portal\/?p=35127"},"modified":"2025-08-11T11:34:45","modified_gmt":"2025-08-11T14:34:45","slug":"veja-como-funciona-um-apartamento-com-integracao-total","status":"publish","type":"post","link":"https:\/\/www.hometheater.com.br\/portal\/2025\/08\/11\/veja-como-funciona-um-apartamento-com-integracao-total\/","title":{"rendered":"Veja como funciona um apartamento com integra\u00e7\u00e3o total"},"content":{"rendered":"<p><img loading=\"lazy\" decoding=\"async\" class=\"aligncenter size-full wp-image-35144\" src=\"https:\/\/www.hometheater.com.br\/portal\/wp-content\/uploads\/2025\/08\/abre_final_01.jpg\" alt=\"\" width=\"750\" height=\"500\" srcset=\"https:\/\/www.hometheater.com.br\/portal\/wp-content\/uploads\/2025\/08\/abre_final_01.jpg 750w, https:\/\/www.hometheater.com.br\/portal\/wp-content\/uploads\/2025\/08\/abre_final_01-300x200.jpg 300w, https:\/\/www.hometheater.com.br\/portal\/wp-content\/uploads\/2025\/08\/abre_final_01-400x267.jpg 400w, https:\/\/www.hometheater.com.br\/portal\/wp-content\/uploads\/2025\/08\/abre_final_01-500x333.jpg 500w\" sizes=\"auto, (max-width: 750px) 100vw, 750px\" \/><\/p>\n<p>&nbsp;<\/p>\n<p>O propriet\u00e1rio deste apartamento na zona sul da capital paulista sonhava com um home theater: TV, receiver e caixas ac\u00fasticas para preencher os 50m2 da sala principal.<\/p>\n<p>Mas encantou-se ao visitar o show-room da loja WeDoo, com orienta\u00e7\u00e3o de suas arquitetas, e acabou percebendo que poderia ir bem mais longe.<\/p><div class=\"homet-conteudo\" style=\"text-align: center;\" id=\"homet-907654783\"><div data-cfpa=\"36066\" data-cfpw=\"36066\" id=\"homet-3826635726\"><a data-no-instant=\"1\" href=\"https:\/\/loja.sommaior.com.br\/\" rel=\"noopener\" class=\"a2t-link\" aria-label=\"ABBEY-ROAD_360x300px\"><img loading=\"lazy\" decoding=\"async\" src=\"https:\/\/www.hometheater.com.br\/portal\/wp-content\/uploads\/2025\/10\/ABBEY-ROAD_360x300px.jpg\" alt=\"\"  class=\"no-lazyload\" width=\"300\" height=\"250\"   \/><\/a><\/div><script type=\"text\/javascript\">;new advadsCfpAd( 36066 );<\/script><\/div>\n<p>Nasceu da\u00ed este projeto em que a automa\u00e7\u00e3o se encarrega de integrar as v\u00e1rias paix\u00f5es do executivo e de seus dois filhos: m\u00fasica, cinema, jogos, al\u00e9m de um home office \u2013 tudo \u00a0com a m\u00e1xima praticidade, a qualquer momento do dia ou da noite.<\/p>\n<p>Luzes, persianas e ar-condicionado est\u00e3o presentes nos 8 ambientes do apartamento, comandados atrav\u00e9s de um controle que se comunica com a central de automa\u00e7\u00e3o. E 6 desses ambientes foram sonorizados, com cada trilha sonora escolhida de acordo com o momento.<\/p>\n<p>&nbsp;<\/p>\n<p><strong>FOTOS: Su\u00e9len Magalh\u00e3es<\/strong><\/p>\n<p>&nbsp;<\/p>\n\t\t\t<style>\n                #foogallery-gallery-35130.fg-simple_portfolio {\n                    justify-content: center;\n                }\n                #foogallery-gallery-35130.fg-simple_portfolio .fg-item {\n                    flex-basis: 300px;\n                    margin: 5px;\n                }\n\t\t\t<\/style>\n\t\t\t<div class=\"foogallery foogallery-container foogallery-simple_portfolio foogallery-lightbox-foobox fg-simple_portfolio fg-dark fg-border-thin fg-shadow-outline fg-loading-default fg-loaded-fade-in fg-caption-always fg-hover-fade fg-hover-zoom fg-ready fg-debug fg-caption-always\" id=\"foogallery-gallery-35130\" data-foogallery=\"{&quot;item&quot;:{&quot;showCaptionTitle&quot;:true,&quot;showCaptionDescription&quot;:true},&quot;lazy&quot;:true}\" >\n\t<div class=\"fg-item fg-type-image fg-idle\"><figure class=\"fg-item-inner\"><a href=\"https:\/\/www.hometheater.com.br\/portal\/wp-content\/uploads\/2025\/08\/home_01.jpg\" data-caption-title=\"O sof\u00e1-ilha no centro do living promove a integra\u00e7\u00e3o entre home theater, office e varanda.\" data-caption-desc=\"O sof\u00e1-ilha no centro do living promove a integra\u00e7\u00e3o entre home theater, office e varanda.\" data-attachment-id=\"35139\" class=\"foogallery-thumb  fg-thumb\" data-type=\"image\"><span class=\"fg-image-wrap\"><img fetchpriority=\"high\" decoding=\"async\" title=\"O sof\u00e1-ilha no centro do living promove a integra\u00e7\u00e3o entre home theater, office e varanda.\" class=\"bf-img skip-lazy fg-image\" height=\"450\" width=\"300\" data-src-fg=\"https:\/\/www.hometheater.com.br\/portal\/wp-content\/uploads\/cache\/2025\/08\/home_01\/3539772538.jpg\" src=\"data:image\/svg+xml,%3Csvg%20xmlns%3D%22http%3A%2F%2Fwww.w3.org%2F2000%2Fsvg%22%20width%3D%22300%22%20height%3D%22450%22%20viewBox%3D%220%200%20300%20450%22%3E%3C%2Fsvg%3E\" loading=\"eager\"><\/span><span class=\"fg-image-overlay\"><\/span><\/a><figcaption class=\"fg-caption\"><div class=\"fg-caption-inner\"><div class=\"fg-caption-title\">O sof\u00e1-ilha no centro do living promove a integra\u00e7\u00e3o entre home theater, office e varanda.<\/div><\/div><\/figcaption><\/figure><div class=\"fg-loader\"><\/div><\/div><div class=\"fg-item fg-type-image fg-idle\"><figure class=\"fg-item-inner\"><a href=\"https:\/\/www.hometheater.com.br\/portal\/wp-content\/uploads\/2025\/08\/home_02.jpg\" data-caption-title=\"A integra\u00e7\u00e3o tamb\u00e9m se faz atrav\u00e9s do som ambiente, com caixas de teto em 6 espa\u00e7os (zonas) do apartamento.\" data-caption-desc=\"A integra\u00e7\u00e3o tamb\u00e9m se faz atrav\u00e9s do som ambiente, com caixas de teto em 6 espa\u00e7os (zonas) do apartamento.\" data-attachment-id=\"35140\" class=\"foogallery-thumb  fg-thumb\" data-type=\"image\"><span class=\"fg-image-wrap\"><img decoding=\"async\" title=\"A integra\u00e7\u00e3o tamb\u00e9m se faz atrav\u00e9s do som ambiente, com caixas de teto em 6 espa\u00e7os (zonas) do apartamento.\" class=\"bf-img skip-lazy fg-image\" height=\"450\" width=\"300\" data-src-fg=\"https:\/\/www.hometheater.com.br\/portal\/wp-content\/uploads\/cache\/2025\/08\/home_02\/1519488630.jpg\" src=\"data:image\/svg+xml,%3Csvg%20xmlns%3D%22http%3A%2F%2Fwww.w3.org%2F2000%2Fsvg%22%20width%3D%22300%22%20height%3D%22450%22%20viewBox%3D%220%200%20300%20450%22%3E%3C%2Fsvg%3E\" loading=\"eager\"><\/span><span class=\"fg-image-overlay\"><\/span><\/a><figcaption class=\"fg-caption\"><div class=\"fg-caption-inner\"><div class=\"fg-caption-title\">A integra\u00e7\u00e3o tamb\u00e9m se faz atrav\u00e9s do som ambiente, com caixas de teto em 6 espa\u00e7os (zonas) do apartamento.<\/div><\/div><\/figcaption><\/figure><div class=\"fg-loader\"><\/div><\/div><div class=\"fg-item fg-type-image fg-idle\"><figure class=\"fg-item-inner\"><a href=\"https:\/\/www.hometheater.com.br\/portal\/wp-content\/uploads\/2025\/08\/03_sala_intima.jpg\" data-caption-title=\"A sala \u00edntima tamb\u00e9m ganhou home theater; luzes e temperatura s\u00e3o controladas via automa\u00e7\u00e3o.\" data-caption-desc=\"A sala \u00edntima tamb\u00e9m ganhou home theater; luzes e temperatura s\u00e3o controladas via automa\u00e7\u00e3o.\" data-attachment-id=\"35138\" class=\"foogallery-thumb  fg-thumb\" data-type=\"image\"><span class=\"fg-image-wrap\"><img decoding=\"async\" title=\"A sala \u00edntima tamb\u00e9m ganhou home theater; luzes e temperatura s\u00e3o controladas via automa\u00e7\u00e3o.\" class=\"bf-img skip-lazy fg-image\" height=\"450\" width=\"300\" data-src-fg=\"https:\/\/www.hometheater.com.br\/portal\/wp-content\/uploads\/cache\/2025\/08\/03_sala_intima\/570048388.jpg\" src=\"data:image\/svg+xml,%3Csvg%20xmlns%3D%22http%3A%2F%2Fwww.w3.org%2F2000%2Fsvg%22%20width%3D%22300%22%20height%3D%22450%22%20viewBox%3D%220%200%20300%20450%22%3E%3C%2Fsvg%3E\" loading=\"eager\"><\/span><span class=\"fg-image-overlay\"><\/span><\/a><figcaption class=\"fg-caption\"><div class=\"fg-caption-inner\"><div class=\"fg-caption-title\">A sala \u00edntima tamb\u00e9m ganhou home theater; luzes e temperatura s\u00e3o controladas via automa\u00e7\u00e3o.<\/div><\/div><\/figcaption><\/figure><div class=\"fg-loader\"><\/div><\/div><div class=\"fg-item fg-type-image fg-idle\"><figure class=\"fg-item-inner\"><a href=\"https:\/\/www.hometheater.com.br\/portal\/wp-content\/uploads\/2025\/08\/04_caixa_.jpg\" data-caption-title=\"Detalhe das caixas ac\u00fasticas de alto padr\u00e3o usadas na sala \u00edntima\" data-caption-desc=\"Detalhe das caixas ac\u00fasticas de alto padr\u00e3o usadas na sala \u00edntima\" data-attachment-id=\"35131\" class=\"foogallery-thumb  fg-thumb\" data-type=\"image\"><span class=\"fg-image-wrap\"><img decoding=\"async\" title=\"Detalhe das caixas ac\u00fasticas de alto padr\u00e3o usadas na sala \u00edntima\" class=\"bf-img skip-lazy fg-image\" height=\"450\" width=\"300\" data-src-fg=\"https:\/\/www.hometheater.com.br\/portal\/wp-content\/uploads\/cache\/2025\/08\/04_caixa_\/1745292938.jpg\" src=\"data:image\/svg+xml,%3Csvg%20xmlns%3D%22http%3A%2F%2Fwww.w3.org%2F2000%2Fsvg%22%20width%3D%22300%22%20height%3D%22450%22%20viewBox%3D%220%200%20300%20450%22%3E%3C%2Fsvg%3E\" loading=\"eager\"><\/span><span class=\"fg-image-overlay\"><\/span><\/a><figcaption class=\"fg-caption\"><div class=\"fg-caption-inner\"><div class=\"fg-caption-title\">Detalhe das caixas ac\u00fasticas de alto padr\u00e3o usadas na sala \u00edntima<\/div><\/div><\/figcaption><\/figure><div class=\"fg-loader\"><\/div><\/div><div class=\"fg-item fg-type-image fg-idle\"><figure class=\"fg-item-inner\"><a href=\"https:\/\/www.hometheater.com.br\/portal\/wp-content\/uploads\/2025\/08\/05_office_.jpg\" data-caption-title=\"Atrav\u00e9s desta discreta janela, o home office se integra ao living e ao home theater.\" data-caption-desc=\"Atrav\u00e9s desta discreta janela, o home office se integra ao living e ao home theater.\" data-attachment-id=\"35132\" class=\"foogallery-thumb  fg-thumb\" data-type=\"image\"><span class=\"fg-image-wrap\"><img decoding=\"async\" title=\"Atrav\u00e9s desta discreta janela, o home office se integra ao living e ao home theater.\" class=\"bf-img skip-lazy fg-image\" height=\"450\" width=\"300\" data-src-fg=\"https:\/\/www.hometheater.com.br\/portal\/wp-content\/uploads\/cache\/2025\/08\/05_office_\/400421151.jpg\" src=\"data:image\/svg+xml,%3Csvg%20xmlns%3D%22http%3A%2F%2Fwww.w3.org%2F2000%2Fsvg%22%20width%3D%22300%22%20height%3D%22450%22%20viewBox%3D%220%200%20300%20450%22%3E%3C%2Fsvg%3E\" loading=\"eager\"><\/span><span class=\"fg-image-overlay\"><\/span><\/a><figcaption class=\"fg-caption\"><div class=\"fg-caption-inner\"><div class=\"fg-caption-title\">Atrav\u00e9s desta discreta janela, o home office se integra ao living e ao home theater.<\/div><\/div><\/figcaption><\/figure><div class=\"fg-loader\"><\/div><\/div><div class=\"fg-item fg-type-image fg-idle\"><figure class=\"fg-item-inner\"><a href=\"https:\/\/www.hometheater.com.br\/portal\/wp-content\/uploads\/2025\/08\/06_estudio.jpg\" data-caption-title=\"O morador utiliza muito este est\u00fadio particular, com revestimentos especiais para isolamento sonoro.\" data-caption-desc=\"O morador utiliza muito este est\u00fadio particular, com revestimentos especiais para isolamento sonoro.\" data-attachment-id=\"35133\" class=\"foogallery-thumb  fg-thumb\" data-type=\"image\"><span class=\"fg-image-wrap\"><img decoding=\"async\" title=\"O morador utiliza muito este est\u00fadio particular, com revestimentos especiais para isolamento sonoro.\" class=\"bf-img skip-lazy fg-image\" height=\"450\" width=\"300\" data-src-fg=\"https:\/\/www.hometheater.com.br\/portal\/wp-content\/uploads\/cache\/2025\/08\/06_estudio\/286696514.jpg\" src=\"data:image\/svg+xml,%3Csvg%20xmlns%3D%22http%3A%2F%2Fwww.w3.org%2F2000%2Fsvg%22%20width%3D%22300%22%20height%3D%22450%22%20viewBox%3D%220%200%20300%20450%22%3E%3C%2Fsvg%3E\" loading=\"eager\"><\/span><span class=\"fg-image-overlay\"><\/span><\/a><figcaption class=\"fg-caption\"><div class=\"fg-caption-inner\"><div class=\"fg-caption-title\">O morador utiliza muito este est\u00fadio particular, com revestimentos especiais para isolamento sonoro.<\/div><\/div><\/figcaption><\/figure><div class=\"fg-loader\"><\/div><\/div><div class=\"fg-item fg-type-image fg-idle\"><figure class=\"fg-item-inner\"><a href=\"https:\/\/www.hometheater.com.br\/portal\/wp-content\/uploads\/2025\/08\/07_cozinha.jpg\" data-caption-title=\"Com elementos decorativos, a cozinha tamb\u00e9m tem som ambiente e ar-condicionado.\" data-caption-desc=\"Com elementos decorativos, a cozinha tamb\u00e9m tem som ambiente e ar-condicionado.\" data-attachment-id=\"35134\" class=\"foogallery-thumb  fg-thumb\" data-type=\"image\"><span class=\"fg-image-wrap\"><img decoding=\"async\" title=\"Com elementos decorativos, a cozinha tamb\u00e9m tem som ambiente e ar-condicionado.\" class=\"bf-img skip-lazy fg-image\" height=\"450\" width=\"300\" data-src-fg=\"https:\/\/www.hometheater.com.br\/portal\/wp-content\/uploads\/cache\/2025\/08\/07_cozinha\/1915514338.jpg\" src=\"data:image\/svg+xml,%3Csvg%20xmlns%3D%22http%3A%2F%2Fwww.w3.org%2F2000%2Fsvg%22%20width%3D%22300%22%20height%3D%22450%22%20viewBox%3D%220%200%20300%20450%22%3E%3C%2Fsvg%3E\" loading=\"eager\"><\/span><span class=\"fg-image-overlay\"><\/span><\/a><figcaption class=\"fg-caption\"><div class=\"fg-caption-inner\"><div class=\"fg-caption-title\">Com elementos decorativos, a cozinha tamb\u00e9m tem som ambiente e ar-condicionado.<\/div><\/div><\/figcaption><\/figure><div class=\"fg-loader\"><\/div><\/div><div class=\"fg-item fg-type-image fg-idle\"><figure class=\"fg-item-inner\"><a href=\"https:\/\/www.hometheater.com.br\/portal\/wp-content\/uploads\/2025\/08\/08_som_ambiente.jpg\" data-caption-title=\"Vista da varanda a partir do living: as persianas s\u00e3o acionadas pelo controle de automa\u00e7\u00e3o.\" data-caption-desc=\"Vista da varanda a partir do living: as persianas s\u00e3o acionadas pelo controle de automa\u00e7\u00e3o.\" data-attachment-id=\"35135\" class=\"foogallery-thumb  fg-thumb\" data-type=\"image\"><span class=\"fg-image-wrap\"><img decoding=\"async\" title=\"Vista da varanda a partir do living: as persianas s\u00e3o acionadas pelo controle de automa\u00e7\u00e3o.\" class=\"bf-img skip-lazy fg-image\" height=\"450\" width=\"300\" data-src-fg=\"https:\/\/www.hometheater.com.br\/portal\/wp-content\/uploads\/cache\/2025\/08\/08_som_ambiente\/3647964660.jpg\" src=\"data:image\/svg+xml,%3Csvg%20xmlns%3D%22http%3A%2F%2Fwww.w3.org%2F2000%2Fsvg%22%20width%3D%22300%22%20height%3D%22450%22%20viewBox%3D%220%200%20300%20450%22%3E%3C%2Fsvg%3E\" loading=\"eager\"><\/span><span class=\"fg-image-overlay\"><\/span><\/a><figcaption class=\"fg-caption\"><div class=\"fg-caption-inner\"><div class=\"fg-caption-title\">Vista da varanda a partir do living: as persianas s\u00e3o acionadas pelo controle de automa\u00e7\u00e3o.<\/div><\/div><\/figcaption><\/figure><div class=\"fg-loader\"><\/div><\/div><div class=\"fg-item fg-type-image fg-idle\"><figure class=\"fg-item-inner\"><a href=\"https:\/\/www.hometheater.com.br\/portal\/wp-content\/uploads\/2025\/08\/09_varanda.jpg\" data-caption-title=\"Neste outro \u00e2ngulo, uma vis\u00e3o ampla do living, sala de jantar, office e varanda.\" data-caption-desc=\"Neste outro \u00e2ngulo, uma vis\u00e3o ampla do living, sala de jantar, office e varanda.\" data-attachment-id=\"35136\" class=\"foogallery-thumb  fg-thumb\" data-type=\"image\"><span class=\"fg-image-wrap\"><img decoding=\"async\" title=\"Neste outro \u00e2ngulo, uma vis\u00e3o ampla do living, sala de jantar, office e varanda.\" class=\"bf-img skip-lazy fg-image\" height=\"450\" width=\"300\" data-src-fg=\"https:\/\/www.hometheater.com.br\/portal\/wp-content\/uploads\/cache\/2025\/08\/09_varanda\/3896428050.jpg\" src=\"data:image\/svg+xml,%3Csvg%20xmlns%3D%22http%3A%2F%2Fwww.w3.org%2F2000%2Fsvg%22%20width%3D%22300%22%20height%3D%22450%22%20viewBox%3D%220%200%20300%20450%22%3E%3C%2Fsvg%3E\" loading=\"eager\"><\/span><span class=\"fg-image-overlay\"><\/span><\/a><figcaption class=\"fg-caption\"><div class=\"fg-caption-inner\"><div class=\"fg-caption-title\">Neste outro \u00e2ngulo, uma vis\u00e3o ampla do living, sala de jantar, office e varanda.<\/div><\/div><\/figcaption><\/figure><div class=\"fg-loader\"><\/div><\/div><div class=\"fg-item fg-type-image fg-idle\"><figure class=\"fg-item-inner\"><a href=\"https:\/\/www.hometheater.com.br\/portal\/wp-content\/uploads\/2025\/08\/10_rack.jpg\" data-caption-title=\"Todos os equipamentos de automa\u00e7\u00e3o e amplifica\u00e7\u00e3o foram acomodados neste rack, dimensionado sob medida.\" data-caption-desc=\"Todos os equipamentos de automa\u00e7\u00e3o e amplifica\u00e7\u00e3o foram acomodados neste rack, dimensionado sob medida.\" data-attachment-id=\"35137\" class=\"foogallery-thumb  fg-thumb\" data-type=\"image\"><span class=\"fg-image-wrap\"><img decoding=\"async\" title=\"Todos os equipamentos de automa\u00e7\u00e3o e amplifica\u00e7\u00e3o foram acomodados neste rack, dimensionado sob medida.\" class=\"bf-img skip-lazy fg-image\" height=\"450\" width=\"300\" data-src-fg=\"https:\/\/www.hometheater.com.br\/portal\/wp-content\/uploads\/cache\/2025\/08\/10_rack\/3326530548.jpg\" src=\"data:image\/svg+xml,%3Csvg%20xmlns%3D%22http%3A%2F%2Fwww.w3.org%2F2000%2Fsvg%22%20width%3D%22300%22%20height%3D%22450%22%20viewBox%3D%220%200%20300%20450%22%3E%3C%2Fsvg%3E\" loading=\"eager\"><\/span><span class=\"fg-image-overlay\"><\/span><\/a><figcaption class=\"fg-caption\"><div class=\"fg-caption-inner\"><div class=\"fg-caption-title\">Todos os equipamentos de automa\u00e7\u00e3o e amplifica\u00e7\u00e3o foram acomodados neste rack, dimensionado sob medida.<\/div><\/div><\/figcaption><\/figure><div class=\"fg-loader\"><\/div><\/div><\/div><!-- FooGallery Debug Info : Start\r\n\r\nID => 35130\r\nTemplate => simple_portfolio\r\nDatasource => media_library\r\n\r\nFooGallery Settings\r\n===================\r\nfoogallery_items_view => manage\r\nsimple_portfolio_align => center\r\nsimple_portfolio_border_size => fg-border-thin\r\nsimple_portfolio_drop_shadow => fg-shadow-outline\r\nsimple_portfolio_gutter => 5\r\nsimple_portfolio_hover_effect_caption_visibility => fg-caption-always\r\nsimple_portfolio_hover_effect_icon => fg-hover-zoom\r\nsimple_portfolio_hover_effect_transition => fg-hover-fade\r\nsimple_portfolio_hover_effect_type => normal\r\nsimple_portfolio_lightbox => foobox\r\nsimple_portfolio_loaded_effect => fg-loaded-fade-in\r\nsimple_portfolio_loading_icon => fg-loading-default\r\nsimple_portfolio_theme => fg-dark\r\nsimple_portfolio_thumbnail_dimensions => \r\n   width => 300\r\n   height => 450\r\nsimple_portfolio_thumbnail_link => custom\r\n\r\nAttachment Info\r\n===============\r\n35139 => \r\n   url => https:\/\/www.hometheater.com.br\/portal\/wp-content\/uploads\/2025\/08\/home_01.jpg\r\n   type => image\r\n   width => 300\r\n   height => 450\r\n35140 => \r\n   url => https:\/\/www.hometheater.com.br\/portal\/wp-content\/uploads\/2025\/08\/home_02.jpg\r\n   type => image\r\n   width => 300\r\n   height => 450\r\n35138 => \r\n   url => https:\/\/www.hometheater.com.br\/portal\/wp-content\/uploads\/2025\/08\/03_sala_intima.jpg\r\n   type => image\r\n   width => 300\r\n   height => 450\r\n35131 => \r\n   url => https:\/\/www.hometheater.com.br\/portal\/wp-content\/uploads\/2025\/08\/04_caixa_.jpg\r\n   type => image\r\n   width => 300\r\n   height => 450\r\n35132 => \r\n   url => https:\/\/www.hometheater.com.br\/portal\/wp-content\/uploads\/2025\/08\/05_office_.jpg\r\n   type => image\r\n   width => 300\r\n   height => 450\r\n35133 => \r\n   url => https:\/\/www.hometheater.com.br\/portal\/wp-content\/uploads\/2025\/08\/06_estudio.jpg\r\n   type => image\r\n   width => 300\r\n   height => 450\r\n35134 => \r\n   url => https:\/\/www.hometheater.com.br\/portal\/wp-content\/uploads\/2025\/08\/07_cozinha.jpg\r\n   type => image\r\n   width => 300\r\n   height => 450\r\n35135 => \r\n   url => https:\/\/www.hometheater.com.br\/portal\/wp-content\/uploads\/2025\/08\/08_som_ambiente.jpg\r\n   type => image\r\n   width => 300\r\n   height => 450\r\n35136 => \r\n   url => https:\/\/www.hometheater.com.br\/portal\/wp-content\/uploads\/2025\/08\/09_varanda.jpg\r\n   type => image\r\n   width => 300\r\n   height => 450\r\n35137 => \r\n   url => https:\/\/www.hometheater.com.br\/portal\/wp-content\/uploads\/2025\/08\/10_rack.jpg\r\n   type => image\r\n   width => 300\r\n   height => 450\r\n\r\nFooGallery Debug Info : End --><style type=\"text\/css\">.foogallery.fg-simple_portfolio .fg-item-inner figcaption.fg-caption { \r\n    font-size: 19px;\r\n    color: #FFFFFF;\r\n    text-align: left;\r\n}\r\n\r\n.foogallery.fg-simple_portfolio .fg-caption-title {<\/style>\n<p>&nbsp;<\/p>\n<table style=\"width: 100%; border-collapse: collapse; background-color: #c3cacd;\">\n<tbody>\n<tr>\n<td style=\"width: 990px;\"><strong>PROJETO E INSTALA\u00c7\u00c3O: Wedoo (11) 94854-4498<\/strong><\/p>\n<p><strong>ARQUITETURA &amp; DESIGN DE INTERIORES: Agnes Manso e Silvia Aron (11) 91197-1971<\/strong><\/p>\n<p>&nbsp;<\/p>\n<p><span style=\"text-decoration: underline;\"><strong>EQUIPAMENTOS UTILIZADOS<\/strong><\/span><\/p>\n<p>&nbsp;<\/p>\n<p><strong>\u00c1UDIO &amp; V\u00cdDEO<\/strong><\/p>\n<p><em>* TV 4K Samsung Neo QLED 85\u201d<\/em><\/p>\n<p><em>* Receiver Denon AVR X3700H<\/em><\/p>\n<p><em>* Caixas ac\u00fasticas frontais B&amp;W 685<\/em><\/p>\n<p><em>* Caixas de embutir Triad TS-IC83 e SQ6 120 BL<\/em><\/p>\n<p><em>* Soundbar com subwoofer Sonos ARC<\/em><\/p>\n<p><em>* Amplificador Multiroom AAT PRM5 (6 zonas)<\/em><\/p>\n<p><em>* Controle remoto Control4 NEEO<\/em><\/p>\n<p><em>* Roteador Ubiquiti Edge X<\/em><\/p>\n<p><em>* 4 Access Points Ubiquiti AC Pro<\/em><\/p>\n<p>&nbsp;<\/p>\n<h3><strong>OUTROS AMBIENTES<\/strong><\/h3>\n<p><em>* Control4 EA-1 com assinatura 4Sight<\/em><\/p>\n<p><em>* Ilumina\u00e7\u00e3o automatizada com dimmers XBUS e pulsadores Scenario<\/em><\/p>\n<p><em>* Integra\u00e7\u00e3o de persianas com motores Somfy RTS<\/em><\/p>\n<p><em><strong>\u00a0<\/strong><\/em><\/td>\n<\/tr>\n<\/tbody>\n<\/table>\n","protected":false},"excerpt":{"rendered":"<p>&nbsp; O propriet\u00e1rio deste apartamento na zona sul da capital paulista sonhava com um home theater: TV, receiver e caixas ac\u00fasticas para preencher os 50m2<\/p>\n","protected":false},"author":1,"featured_media":35142,"comment_status":"open","ping_status":"open","sticky":false,"template":"","format":"standard","meta":{"footnotes":""},"categories":[188],"tags":[],"class_list":["post-35127","post","type-post","status-publish","format-standard","has-post-thumbnail","hentry","category-sua-casa"],"yoast_head":"<!-- This site is optimized with the Yoast SEO plugin v25.7 - https:\/\/yoast.com\/wordpress\/plugins\/seo\/ -->\n<title>Veja como funciona um apartamento com integra\u00e7\u00e3o total - HT &amp; Casa Digital<\/title>\n<meta name=\"robots\" content=\"index, follow, max-snippet:-1, max-image-preview:large, max-video-preview:-1\" \/>\n<link rel=\"canonical\" href=\"https:\/\/www.hometheater.com.br\/portal\/2025\/08\/11\/veja-como-funciona-um-apartamento-com-integracao-total\/\" \/>\n<meta property=\"og:locale\" content=\"pt_BR\" \/>\n<meta property=\"og:type\" content=\"article\" \/>\n<meta property=\"og:title\" content=\"Veja como funciona um apartamento com integra\u00e7\u00e3o total - HT &amp; Casa Digital\" \/>\n<meta property=\"og:description\" content=\"&nbsp; O propriet\u00e1rio deste apartamento na zona sul da capital paulista sonhava com um home theater: TV, receiver e caixas ac\u00fasticas para preencher os 50m2\" \/>\n<meta property=\"og:url\" content=\"https:\/\/www.hometheater.com.br\/portal\/2025\/08\/11\/veja-como-funciona-um-apartamento-com-integracao-total\/\" \/>\n<meta property=\"og:site_name\" content=\"HT &amp; Casa Digital\" \/>\n<meta property=\"article:publisher\" content=\"https:\/\/web.facebook.com\/revistahometheater\" \/>\n<meta property=\"article:published_time\" content=\"2025-08-11T14:23:27+00:00\" \/>\n<meta property=\"article:modified_time\" content=\"2025-08-11T14:34:45+00:00\" \/>\n<meta property=\"og:image\" content=\"https:\/\/www.hometheater.com.br\/portal\/wp-content\/uploads\/2025\/08\/abre_01.jpg\" \/>\n\t<meta property=\"og:image:width\" content=\"800\" \/>\n\t<meta property=\"og:image:height\" content=\"533\" \/>\n\t<meta property=\"og:image:type\" content=\"image\/jpeg\" \/>\n<meta name=\"author\" content=\"Revista Home Theater &amp; Casa Digital\" \/>\n<meta name=\"twitter:card\" content=\"summary_large_image\" \/>\n<meta name=\"twitter:creator\" content=\"@hometheaterbr\" \/>\n<meta name=\"twitter:site\" content=\"@hometheaterbr\" \/>\n<meta name=\"twitter:label1\" content=\"Escrito por\" \/>\n\t<meta name=\"twitter:data1\" content=\"Revista Home Theater &amp; Casa Digital\" \/>\n\t<meta name=\"twitter:label2\" content=\"Est. tempo de leitura\" \/>\n\t<meta name=\"twitter:data2\" content=\"1 minuto\" \/>\n<script type=\"application\/ld+json\" class=\"yoast-schema-graph\">{\"@context\":\"https:\/\/schema.org\",\"@graph\":[{\"@type\":\"Article\",\"@id\":\"https:\/\/www.hometheater.com.br\/portal\/2025\/08\/11\/veja-como-funciona-um-apartamento-com-integracao-total\/#article\",\"isPartOf\":{\"@id\":\"https:\/\/www.hometheater.com.br\/portal\/2025\/08\/11\/veja-como-funciona-um-apartamento-com-integracao-total\/\"},\"author\":{\"name\":\"Revista Home Theater &amp; Casa Digital\",\"@id\":\"https:\/\/www.hometheater.com.br\/portal\/#\/schema\/person\/3b6bd5a9e2a6c4197c7b98dd7a733d22\"},\"headline\":\"Veja como funciona um apartamento com integra\u00e7\u00e3o total\",\"datePublished\":\"2025-08-11T14:23:27+00:00\",\"dateModified\":\"2025-08-11T14:34:45+00:00\",\"mainEntityOfPage\":{\"@id\":\"https:\/\/www.hometheater.com.br\/portal\/2025\/08\/11\/veja-como-funciona-um-apartamento-com-integracao-total\/\"},\"wordCount\":261,\"commentCount\":0,\"publisher\":{\"@id\":\"https:\/\/www.hometheater.com.br\/portal\/#organization\"},\"image\":{\"@id\":\"https:\/\/www.hometheater.com.br\/portal\/2025\/08\/11\/veja-como-funciona-um-apartamento-com-integracao-total\/#primaryimage\"},\"thumbnailUrl\":\"https:\/\/www.hometheater.com.br\/portal\/wp-content\/uploads\/2025\/08\/abre_01.jpg\",\"articleSection\":[\"SUA CASA\"],\"inLanguage\":\"pt-BR\",\"potentialAction\":[{\"@type\":\"CommentAction\",\"name\":\"Comment\",\"target\":[\"https:\/\/www.hometheater.com.br\/portal\/2025\/08\/11\/veja-como-funciona-um-apartamento-com-integracao-total\/#respond\"]}]},{\"@type\":\"WebPage\",\"@id\":\"https:\/\/www.hometheater.com.br\/portal\/2025\/08\/11\/veja-como-funciona-um-apartamento-com-integracao-total\/\",\"url\":\"https:\/\/www.hometheater.com.br\/portal\/2025\/08\/11\/veja-como-funciona-um-apartamento-com-integracao-total\/\",\"name\":\"Veja como funciona um apartamento com integra\u00e7\u00e3o total - HT &amp; Casa Digital\",\"isPartOf\":{\"@id\":\"https:\/\/www.hometheater.com.br\/portal\/#website\"},\"primaryImageOfPage\":{\"@id\":\"https:\/\/www.hometheater.com.br\/portal\/2025\/08\/11\/veja-como-funciona-um-apartamento-com-integracao-total\/#primaryimage\"},\"image\":{\"@id\":\"https:\/\/www.hometheater.com.br\/portal\/2025\/08\/11\/veja-como-funciona-um-apartamento-com-integracao-total\/#primaryimage\"},\"thumbnailUrl\":\"https:\/\/www.hometheater.com.br\/portal\/wp-content\/uploads\/2025\/08\/abre_01.jpg\",\"datePublished\":\"2025-08-11T14:23:27+00:00\",\"dateModified\":\"2025-08-11T14:34:45+00:00\",\"breadcrumb\":{\"@id\":\"https:\/\/www.hometheater.com.br\/portal\/2025\/08\/11\/veja-como-funciona-um-apartamento-com-integracao-total\/#breadcrumb\"},\"inLanguage\":\"pt-BR\",\"potentialAction\":[{\"@type\":\"ReadAction\",\"target\":[\"https:\/\/www.hometheater.com.br\/portal\/2025\/08\/11\/veja-como-funciona-um-apartamento-com-integracao-total\/\"]}]},{\"@type\":\"ImageObject\",\"inLanguage\":\"pt-BR\",\"@id\":\"https:\/\/www.hometheater.com.br\/portal\/2025\/08\/11\/veja-como-funciona-um-apartamento-com-integracao-total\/#primaryimage\",\"url\":\"https:\/\/www.hometheater.com.br\/portal\/wp-content\/uploads\/2025\/08\/abre_01.jpg\",\"contentUrl\":\"https:\/\/www.hometheater.com.br\/portal\/wp-content\/uploads\/2025\/08\/abre_01.jpg\",\"width\":800,\"height\":533},{\"@type\":\"BreadcrumbList\",\"@id\":\"https:\/\/www.hometheater.com.br\/portal\/2025\/08\/11\/veja-como-funciona-um-apartamento-com-integracao-total\/#breadcrumb\",\"itemListElement\":[{\"@type\":\"ListItem\",\"position\":1,\"name\":\"In\u00edcio\",\"item\":\"https:\/\/www.hometheater.com.br\/portal\/\"},{\"@type\":\"ListItem\",\"position\":2,\"name\":\"Veja como funciona um apartamento com integra\u00e7\u00e3o total\"}]},{\"@type\":\"WebSite\",\"@id\":\"https:\/\/www.hometheater.com.br\/portal\/#website\",\"url\":\"https:\/\/www.hometheater.com.br\/portal\/\",\"name\":\"HT &amp; Casa Digital\",\"description\":\"O mundo digital em sua casa\",\"publisher\":{\"@id\":\"https:\/\/www.hometheater.com.br\/portal\/#organization\"},\"potentialAction\":[{\"@type\":\"SearchAction\",\"target\":{\"@type\":\"EntryPoint\",\"urlTemplate\":\"https:\/\/www.hometheater.com.br\/portal\/?s={search_term_string}\"},\"query-input\":{\"@type\":\"PropertyValueSpecification\",\"valueRequired\":true,\"valueName\":\"search_term_string\"}}],\"inLanguage\":\"pt-BR\"},{\"@type\":\"Organization\",\"@id\":\"https:\/\/www.hometheater.com.br\/portal\/#organization\",\"name\":\"Home Theater\",\"url\":\"https:\/\/www.hometheater.com.br\/portal\/\",\"logo\":{\"@type\":\"ImageObject\",\"inLanguage\":\"pt-BR\",\"@id\":\"https:\/\/www.hometheater.com.br\/portal\/#\/schema\/logo\/image\/\",\"url\":\"https:\/\/www.hometheater.com.br\/portal\/wp-content\/uploads\/2022\/06\/assine_ht_01.png\",\"contentUrl\":\"https:\/\/www.hometheater.com.br\/portal\/wp-content\/uploads\/2022\/06\/assine_ht_01.png\",\"width\":800,\"height\":254,\"caption\":\"Home Theater\"},\"image\":{\"@id\":\"https:\/\/www.hometheater.com.br\/portal\/#\/schema\/logo\/image\/\"},\"sameAs\":[\"https:\/\/web.facebook.com\/revistahometheater\",\"https:\/\/x.com\/hometheaterbr\"]},{\"@type\":\"Person\",\"@id\":\"https:\/\/www.hometheater.com.br\/portal\/#\/schema\/person\/3b6bd5a9e2a6c4197c7b98dd7a733d22\",\"name\":\"Revista Home Theater &amp; Casa Digital\",\"image\":{\"@type\":\"ImageObject\",\"inLanguage\":\"pt-BR\",\"@id\":\"https:\/\/www.hometheater.com.br\/portal\/#\/schema\/person\/image\/\",\"url\":\"https:\/\/secure.gravatar.com\/avatar\/fd86f33d841f0f43adcc1665dd80ca740e028af4297e20d3444f9335092a6ee7?s=96&d=mm&r=g\",\"contentUrl\":\"https:\/\/secure.gravatar.com\/avatar\/fd86f33d841f0f43adcc1665dd80ca740e028af4297e20d3444f9335092a6ee7?s=96&d=mm&r=g\",\"caption\":\"Revista Home Theater &amp; Casa Digital\"},\"url\":\"https:\/\/www.hometheater.com.br\/portal\/author\/flavio\/\"}]}<\/script>\n<!-- \/ Yoast SEO plugin. -->","yoast_head_json":{"title":"Veja como funciona um apartamento com integra\u00e7\u00e3o total - HT &amp; Casa Digital","robots":{"index":"index","follow":"follow","max-snippet":"max-snippet:-1","max-image-preview":"max-image-preview:large","max-video-preview":"max-video-preview:-1"},"canonical":"https:\/\/www.hometheater.com.br\/portal\/2025\/08\/11\/veja-como-funciona-um-apartamento-com-integracao-total\/","og_locale":"pt_BR","og_type":"article","og_title":"Veja como funciona um apartamento com integra\u00e7\u00e3o total - HT &amp; Casa Digital","og_description":"&nbsp; O propriet\u00e1rio deste apartamento na zona sul da capital paulista sonhava com um home theater: TV, receiver e caixas ac\u00fasticas para preencher os 50m2","og_url":"https:\/\/www.hometheater.com.br\/portal\/2025\/08\/11\/veja-como-funciona-um-apartamento-com-integracao-total\/","og_site_name":"HT &amp; Casa Digital","article_publisher":"https:\/\/web.facebook.com\/revistahometheater","article_published_time":"2025-08-11T14:23:27+00:00","article_modified_time":"2025-08-11T14:34:45+00:00","og_image":[{"width":800,"height":533,"url":"https:\/\/www.hometheater.com.br\/portal\/wp-content\/uploads\/2025\/08\/abre_01.jpg","type":"image\/jpeg"}],"author":"Revista Home Theater &amp; Casa Digital","twitter_card":"summary_large_image","twitter_creator":"@hometheaterbr","twitter_site":"@hometheaterbr","twitter_misc":{"Escrito por":"Revista Home Theater &amp; Casa Digital","Est. tempo de leitura":"1 minuto"},"schema":{"@context":"https:\/\/schema.org","@graph":[{"@type":"Article","@id":"https:\/\/www.hometheater.com.br\/portal\/2025\/08\/11\/veja-como-funciona-um-apartamento-com-integracao-total\/#article","isPartOf":{"@id":"https:\/\/www.hometheater.com.br\/portal\/2025\/08\/11\/veja-como-funciona-um-apartamento-com-integracao-total\/"},"author":{"name":"Revista Home Theater &amp; Casa Digital","@id":"https:\/\/www.hometheater.com.br\/portal\/#\/schema\/person\/3b6bd5a9e2a6c4197c7b98dd7a733d22"},"headline":"Veja como funciona um apartamento com integra\u00e7\u00e3o total","datePublished":"2025-08-11T14:23:27+00:00","dateModified":"2025-08-11T14:34:45+00:00","mainEntityOfPage":{"@id":"https:\/\/www.hometheater.com.br\/portal\/2025\/08\/11\/veja-como-funciona-um-apartamento-com-integracao-total\/"},"wordCount":261,"commentCount":0,"publisher":{"@id":"https:\/\/www.hometheater.com.br\/portal\/#organization"},"image":{"@id":"https:\/\/www.hometheater.com.br\/portal\/2025\/08\/11\/veja-como-funciona-um-apartamento-com-integracao-total\/#primaryimage"},"thumbnailUrl":"https:\/\/www.hometheater.com.br\/portal\/wp-content\/uploads\/2025\/08\/abre_01.jpg","articleSection":["SUA CASA"],"inLanguage":"pt-BR","potentialAction":[{"@type":"CommentAction","name":"Comment","target":["https:\/\/www.hometheater.com.br\/portal\/2025\/08\/11\/veja-como-funciona-um-apartamento-com-integracao-total\/#respond"]}]},{"@type":"WebPage","@id":"https:\/\/www.hometheater.com.br\/portal\/2025\/08\/11\/veja-como-funciona-um-apartamento-com-integracao-total\/","url":"https:\/\/www.hometheater.com.br\/portal\/2025\/08\/11\/veja-como-funciona-um-apartamento-com-integracao-total\/","name":"Veja como funciona um apartamento com integra\u00e7\u00e3o total - HT &amp; Casa Digital","isPartOf":{"@id":"https:\/\/www.hometheater.com.br\/portal\/#website"},"primaryImageOfPage":{"@id":"https:\/\/www.hometheater.com.br\/portal\/2025\/08\/11\/veja-como-funciona-um-apartamento-com-integracao-total\/#primaryimage"},"image":{"@id":"https:\/\/www.hometheater.com.br\/portal\/2025\/08\/11\/veja-como-funciona-um-apartamento-com-integracao-total\/#primaryimage"},"thumbnailUrl":"https:\/\/www.hometheater.com.br\/portal\/wp-content\/uploads\/2025\/08\/abre_01.jpg","datePublished":"2025-08-11T14:23:27+00:00","dateModified":"2025-08-11T14:34:45+00:00","breadcrumb":{"@id":"https:\/\/www.hometheater.com.br\/portal\/2025\/08\/11\/veja-como-funciona-um-apartamento-com-integracao-total\/#breadcrumb"},"inLanguage":"pt-BR","potentialAction":[{"@type":"ReadAction","target":["https:\/\/www.hometheater.com.br\/portal\/2025\/08\/11\/veja-como-funciona-um-apartamento-com-integracao-total\/"]}]},{"@type":"ImageObject","inLanguage":"pt-BR","@id":"https:\/\/www.hometheater.com.br\/portal\/2025\/08\/11\/veja-como-funciona-um-apartamento-com-integracao-total\/#primaryimage","url":"https:\/\/www.hometheater.com.br\/portal\/wp-content\/uploads\/2025\/08\/abre_01.jpg","contentUrl":"https:\/\/www.hometheater.com.br\/portal\/wp-content\/uploads\/2025\/08\/abre_01.jpg","width":800,"height":533},{"@type":"BreadcrumbList","@id":"https:\/\/www.hometheater.com.br\/portal\/2025\/08\/11\/veja-como-funciona-um-apartamento-com-integracao-total\/#breadcrumb","itemListElement":[{"@type":"ListItem","position":1,"name":"In\u00edcio","item":"https:\/\/www.hometheater.com.br\/portal\/"},{"@type":"ListItem","position":2,"name":"Veja como funciona um apartamento com integra\u00e7\u00e3o total"}]},{"@type":"WebSite","@id":"https:\/\/www.hometheater.com.br\/portal\/#website","url":"https:\/\/www.hometheater.com.br\/portal\/","name":"HT &amp; Casa Digital","description":"O mundo digital em sua casa","publisher":{"@id":"https:\/\/www.hometheater.com.br\/portal\/#organization"},"potentialAction":[{"@type":"SearchAction","target":{"@type":"EntryPoint","urlTemplate":"https:\/\/www.hometheater.com.br\/portal\/?s={search_term_string}"},"query-input":{"@type":"PropertyValueSpecification","valueRequired":true,"valueName":"search_term_string"}}],"inLanguage":"pt-BR"},{"@type":"Organization","@id":"https:\/\/www.hometheater.com.br\/portal\/#organization","name":"Home Theater","url":"https:\/\/www.hometheater.com.br\/portal\/","logo":{"@type":"ImageObject","inLanguage":"pt-BR","@id":"https:\/\/www.hometheater.com.br\/portal\/#\/schema\/logo\/image\/","url":"https:\/\/www.hometheater.com.br\/portal\/wp-content\/uploads\/2022\/06\/assine_ht_01.png","contentUrl":"https:\/\/www.hometheater.com.br\/portal\/wp-content\/uploads\/2022\/06\/assine_ht_01.png","width":800,"height":254,"caption":"Home Theater"},"image":{"@id":"https:\/\/www.hometheater.com.br\/portal\/#\/schema\/logo\/image\/"},"sameAs":["https:\/\/web.facebook.com\/revistahometheater","https:\/\/x.com\/hometheaterbr"]},{"@type":"Person","@id":"https:\/\/www.hometheater.com.br\/portal\/#\/schema\/person\/3b6bd5a9e2a6c4197c7b98dd7a733d22","name":"Revista Home Theater &amp; Casa Digital","image":{"@type":"ImageObject","inLanguage":"pt-BR","@id":"https:\/\/www.hometheater.com.br\/portal\/#\/schema\/person\/image\/","url":"https:\/\/secure.gravatar.com\/avatar\/fd86f33d841f0f43adcc1665dd80ca740e028af4297e20d3444f9335092a6ee7?s=96&d=mm&r=g","contentUrl":"https:\/\/secure.gravatar.com\/avatar\/fd86f33d841f0f43adcc1665dd80ca740e028af4297e20d3444f9335092a6ee7?s=96&d=mm&r=g","caption":"Revista Home Theater &amp; Casa Digital"},"url":"https:\/\/www.hometheater.com.br\/portal\/author\/flavio\/"}]}},"_links":{"self":[{"href":"https:\/\/www.hometheater.com.br\/portal\/wp-json\/wp\/v2\/posts\/35127","targetHints":{"allow":["GET"]}}],"collection":[{"href":"https:\/\/www.hometheater.com.br\/portal\/wp-json\/wp\/v2\/posts"}],"about":[{"href":"https:\/\/www.hometheater.com.br\/portal\/wp-json\/wp\/v2\/types\/post"}],"author":[{"embeddable":true,"href":"https:\/\/www.hometheater.com.br\/portal\/wp-json\/wp\/v2\/users\/1"}],"replies":[{"embeddable":true,"href":"https:\/\/www.hometheater.com.br\/portal\/wp-json\/wp\/v2\/comments?post=35127"}],"version-history":[{"count":0,"href":"https:\/\/www.hometheater.com.br\/portal\/wp-json\/wp\/v2\/posts\/35127\/revisions"}],"wp:featuredmedia":[{"embeddable":true,"href":"https:\/\/www.hometheater.com.br\/portal\/wp-json\/wp\/v2\/media\/35142"}],"wp:attachment":[{"href":"https:\/\/www.hometheater.com.br\/portal\/wp-json\/wp\/v2\/media?parent=35127"}],"wp:term":[{"taxonomy":"category","embeddable":true,"href":"https:\/\/www.hometheater.com.br\/portal\/wp-json\/wp\/v2\/categories?post=35127"},{"taxonomy":"post_tag","embeddable":true,"href":"https:\/\/www.hometheater.com.br\/portal\/wp-json\/wp\/v2\/tags?post=35127"}],"curies":[{"name":"wp","href":"https:\/\/api.w.org\/{rel}","templated":true}]}}