{"id":33730,"date":"2025-04-28T11:22:19","date_gmt":"2025-04-28T14:22:19","guid":{"rendered":"https:\/\/www.hometheater.com.br\/portal\/?p=33730"},"modified":"2025-04-30T08:01:09","modified_gmt":"2025-04-30T11:01:09","slug":"tv-disputa-oled-vs-miniled-deve-se-acirrar","status":"publish","type":"post","link":"https:\/\/www.hometheater.com.br\/portal\/2025\/04\/28\/tv-disputa-oled-vs-miniled-deve-se-acirrar\/","title":{"rendered":"TV: disputa OLED vs MiniLED<br\/> deve se acirrar<br\/><img src=\"https:\/\/www.hometheater.com.br\/portal\/wp-content\/uploads\/2025\/04\/olho_titulo_.png\"  \/>"},"content":{"rendered":"<p><img loading=\"lazy\" decoding=\"async\" class=\"aligncenter size-full wp-image-33752\" src=\"https:\/\/www.hometheater.com.br\/portal\/wp-content\/uploads\/2025\/04\/chamada_oled_miniled_.jpg\" alt=\"\" width=\"800\" height=\"426\" srcset=\"https:\/\/www.hometheater.com.br\/portal\/wp-content\/uploads\/2025\/04\/chamada_oled_miniled_.jpg 800w, https:\/\/www.hometheater.com.br\/portal\/wp-content\/uploads\/2025\/04\/chamada_oled_miniled_-300x160.jpg 300w, https:\/\/www.hometheater.com.br\/portal\/wp-content\/uploads\/2025\/04\/chamada_oled_miniled_-768x409.jpg 768w, https:\/\/www.hometheater.com.br\/portal\/wp-content\/uploads\/2025\/04\/chamada_oled_miniled_-400x213.jpg 400w, https:\/\/www.hometheater.com.br\/portal\/wp-content\/uploads\/2025\/04\/chamada_oled_miniled_-500x266.jpg 500w\" sizes=\"auto, (max-width: 800px) 100vw, 800px\" \/><\/p>\n<div class=\"button-center\"><a href=\"#\" target=\"_self\" class=\"buttons btn_blue center\"><span class=\"left\">Por ORLANDO BARROZO<\/span><\/a><\/div>\n<p>O mercado de TVs caminha para um acirramento da disputa entre duas tecnologias: OLED e MiniLED. S\u00e3o os dois tipos de pain\u00e9is mais usados atualmente nas melhores TVs (<strong><a href=\"https:\/\/orlandobarrozo.blog.br\/2025\/04\/14\/tvs-as-promessas-para-2025\/\">neste link, uma pr\u00e9via do que vem por a\u00ed<\/a><\/strong>).<\/p>\n<p>E, de certa forma, colocam em lados opostos os fabricantes coreanos e chineses. Enquanto os primeiros \u2013 LG e Samsung \u2013 apostam na evolu\u00e7\u00e3o dos pain\u00e9is org\u00e2nicos (OLED), os segundos rejeitam essa tecnologia como \u201cinferior\u201d e \u201cmenos confi\u00e1vel\u201d.<\/p><div class=\"homet-conteudo\" style=\"text-align: center;\" id=\"homet-195241771\"><div data-cfpa=\"36066\" data-cfpw=\"36066\" id=\"homet-2464580872\"><a data-no-instant=\"1\" href=\"https:\/\/loja.sommaior.com.br\/\" rel=\"noopener\" class=\"a2t-link\" aria-label=\"ABBEY-ROAD_360x300px\"><img loading=\"lazy\" decoding=\"async\" src=\"https:\/\/www.hometheater.com.br\/portal\/wp-content\/uploads\/2025\/10\/ABBEY-ROAD_360x300px.jpg\" alt=\"\"  class=\"no-lazyload\" width=\"300\" height=\"250\"   \/><\/a><\/div><script type=\"text\/javascript\">;new advadsCfpAd( 36066 );<\/script><\/div>\n<p>Falamos basicamente de TCL e Hisense, as duas marcas que mais t\u00eam crescido no mercado mundial de TVs. A TCL, que chegou ao Brasil em 2016 atrav\u00e9s de parceria com a Semp, j\u00e1 ocupa o segundo lugar em vendas no pa\u00eds.<\/p>\n<p>A Hisense chegou aqui no ano passado e se estrutura para brigar com as l\u00edderes. Seu crescimento vem sendo expressivo em todo o mundo (<strong><a href=\"https:\/\/www.hometheater.com.br\/portal\/2025\/01\/08\/tv-laser-da-hisense-traz-tela-com-brilho-de-5-000-lumens\/\">veja este link<\/a><\/strong>).<\/p>\n<p>&nbsp;<\/p>\n<h3><span style=\"text-decoration: underline;\"><strong>COMPARANDO OLED COM MINILED<\/strong><\/span><\/h3>\n<p><strong> <img loading=\"lazy\" decoding=\"async\" class=\"aligncenter size-full wp-image-33735\" src=\"https:\/\/www.hometheater.com.br\/portal\/wp-content\/uploads\/2025\/04\/grafico_.jpg\" alt=\"\" width=\"700\" height=\"434\" srcset=\"https:\/\/www.hometheater.com.br\/portal\/wp-content\/uploads\/2025\/04\/grafico_.jpg 700w, https:\/\/www.hometheater.com.br\/portal\/wp-content\/uploads\/2025\/04\/grafico_-300x186.jpg 300w, https:\/\/www.hometheater.com.br\/portal\/wp-content\/uploads\/2025\/04\/grafico_-400x248.jpg 400w, https:\/\/www.hometheater.com.br\/portal\/wp-content\/uploads\/2025\/04\/grafico_-500x310.jpg 500w\" sizes=\"auto, (max-width: 700px) 100vw, 700px\" \/><\/strong><\/p>\n<p>No gr\u00e1fico, atribu\u00edmos notas aproximadas a cada quesito que deve ser analisado na escolha de uma TV. Em tr\u00eas deles, as OLED ficam num patamar superior; somente no item \u201cluminosidade\u201d \u00e9 que as MiniLED s\u00e3o melhores. Por isso, s\u00e3o recomendadas para quem prefere assistir em ambientes muito iluminados.<\/p>\n<p>&nbsp;<\/p>\n<h3><span style=\"text-decoration: underline;\"><strong>Quais s\u00e3o as melhores op\u00e7\u00f5es do mercado?<\/strong><\/span><\/h3>\n<p>E como fica o consumidor brasileiro diante dessas op\u00e7\u00f5es? Samsung (1986) e LG (1996) s\u00e3o as marcas mais tradicionais e, por isso, mais lembradas pelos consumidores. Ambas apostam hoje numa diversifica\u00e7\u00e3o que traz, de um lado, TVs com painel MiniLED (Samsung Neo QLED e LG QNED) e, de outro, com painel org\u00e2nico (OLED).<\/p>\n<p>Ambas oferecem ainda TVs com painel LED convencional, que t\u00eam custo mais baixo e podem ser encontradas at\u00e9 em tamanhos gigantes, casos da Samsung Crystal DU8000 (98\u201d) e da LG UT8050 (86\u201d). Claro que, na compara\u00e7\u00e3o, n\u00e3o chegam perto das OLED nem das MiniLED.<\/p>\n<p>Essas duas categorias repetem hoje a disputa que houve na d\u00e9cada passada entre LCD e Plasma, com vantagens de ambos os lados. Essa briga \u00e0s vezes ganha ares de FlaxFlu, com usu\u00e1rios at\u00e9 indo \u00e0s redes sociais para extravasar suas op\u00e7\u00f5es por um ou outro.<\/p>\n<p>&nbsp;<\/p>\n<table style=\"width: 100%; border-collapse: collapse; background-color: #c3cacd;\">\n<tbody>\n<tr>\n<td style=\"width: 100%;\">\n<h3><strong>QUANDO O PRETO VIRA CINZA<\/strong><\/h3>\n<p><strong><img loading=\"lazy\" decoding=\"async\" class=\"aligncenter wp-image-33738\" src=\"https:\/\/www.hometheater.com.br\/portal\/wp-content\/uploads\/2025\/04\/foto-legenda_lg.jpg\" alt=\"\" width=\"600\" height=\"338\" srcset=\"https:\/\/www.hometheater.com.br\/portal\/wp-content\/uploads\/2025\/04\/foto-legenda_lg.jpg 800w, https:\/\/www.hometheater.com.br\/portal\/wp-content\/uploads\/2025\/04\/foto-legenda_lg-300x169.jpg 300w, https:\/\/www.hometheater.com.br\/portal\/wp-content\/uploads\/2025\/04\/foto-legenda_lg-768x432.jpg 768w, https:\/\/www.hometheater.com.br\/portal\/wp-content\/uploads\/2025\/04\/foto-legenda_lg-400x225.jpg 400w, https:\/\/www.hometheater.com.br\/portal\/wp-content\/uploads\/2025\/04\/foto-legenda_lg-500x281.jpg 500w\" sizes=\"auto, (max-width: 600px) 100vw, 600px\" \/><\/strong><\/p>\n<p><strong>Esta montagem, fornecida pela LG, d\u00e1 uma ideia da principal diferen\u00e7a entre TVs OLED, LED e MiniLED. As duas primeiras s\u00e3o baseadas num painel LCD que precisa de um fundo luminoso (backlight) para gerar cores. O backlight produz uma enorme quantidade de luz, e parte dela \u201cvaza\u201d formando \u00e1reas acinzentadas sobre o fundo preto. Numa MiniLED, esse efeito \u00e9 menos notado porque os leds s\u00e3o menores e mais f\u00e1ceis de controlar. J\u00e1 uma OLED n\u00e3o precisa de backlight, porque cada led org\u00e2nico produz sua pr\u00f3pria luz: o fundo permanece preto o tempo todo.<\/strong><\/td>\n<\/tr>\n<\/tbody>\n<\/table>\n<p>&nbsp;<\/p>\n<h3><span style=\"text-decoration: underline;\"><strong>Crit\u00e9rios para escolher (bem) sua TV<\/strong><\/span><\/h3>\n<p>Na pr\u00e1tica, o que observamos \u00e9 que, em termos de qualidade de imagem, as TVs s\u00e3o cada vez mais parecidas; mesmo as chinesas, que antes eram vistas com reserva, hoje entregam desempenho equivalente ao das coreanas (<strong><a href=\"https:\/\/www.hometheater.com.br\/portal\/2025\/01\/28\/entenda-como-funcionam-as-novas-tvs-miniled\/\">veja este v\u00eddeo<\/a><\/strong>). Para os saudosistas das marcas japonesas, como Sony e Panasonic, infelizmente elas deixaram o mercado brasileiro em 2021, e n\u00e3o h\u00e1 sinal de que pretendam voltar.<\/p>\n<p>A escolha, portanto, deve se basear em pequenos detalhes que podem ou n\u00e3o ser importantes para o usu\u00e1rio. Os principais crit\u00e9rios que definem a qualidade de imagem numa TV s\u00e3o:<\/p>\n<p><img loading=\"lazy\" decoding=\"async\" class=\"aligncenter size-full wp-image-33731\" src=\"https:\/\/www.hometheater.com.br\/portal\/wp-content\/uploads\/2025\/04\/contraste_.jpg\" alt=\"\" width=\"550\" height=\"345\" srcset=\"https:\/\/www.hometheater.com.br\/portal\/wp-content\/uploads\/2025\/04\/contraste_.jpg 550w, https:\/\/www.hometheater.com.br\/portal\/wp-content\/uploads\/2025\/04\/contraste_-300x188.jpg 300w, https:\/\/www.hometheater.com.br\/portal\/wp-content\/uploads\/2025\/04\/contraste_-400x251.jpg 400w, https:\/\/www.hometheater.com.br\/portal\/wp-content\/uploads\/2025\/04\/contraste_-500x314.jpg 500w\" sizes=\"auto, (max-width: 550px) 100vw, 550px\" \/><\/p>\n<p><strong>Contraste<\/strong> \u2013 Capacidade de revelar mais detalhes da imagem nas cenas escuras, muitos comuns em filmes e s\u00e9ries (<strong><a href=\"https:\/\/www.hometheater.com.br\/portal\/2020\/05\/15\/como-ajustar-contraste-e-nivel-de-preto-de-sua-tv\/\">como mostramos aqui<\/a><\/strong>). Tecnicamente, a <strong>taxa de contraste<\/strong> (<em>contrast ratio<\/em>) indica a diferen\u00e7a entre mais clara e a mais escura. Se a TV que voc\u00ea quer consegue mostrar com nitidez detalhes como <strong>fios de cabelo, pelos de animais<\/strong> ou diferen\u00e7as em tons de pele, a taxa est\u00e1 \u00f3tima. Importante: voc\u00ea tem que ver isso com seus pr\u00f3prios olhos, sem levar em conta a taxa divulgada pelo fabricante.<\/p>\n<h3><\/h3>\n<p><img loading=\"lazy\" decoding=\"async\" class=\"aligncenter size-full wp-image-33732\" src=\"https:\/\/www.hometheater.com.br\/portal\/wp-content\/uploads\/2025\/04\/cores_.jpg\" alt=\"\" width=\"550\" height=\"245\" srcset=\"https:\/\/www.hometheater.com.br\/portal\/wp-content\/uploads\/2025\/04\/cores_.jpg 550w, https:\/\/www.hometheater.com.br\/portal\/wp-content\/uploads\/2025\/04\/cores_-300x134.jpg 300w, https:\/\/www.hometheater.com.br\/portal\/wp-content\/uploads\/2025\/04\/cores_-400x178.jpg 400w, https:\/\/www.hometheater.com.br\/portal\/wp-content\/uploads\/2025\/04\/cores_-500x223.jpg 500w\" sizes=\"auto, (max-width: 550px) 100vw, 550px\" \/><\/p>\n<p><strong>Cores <\/strong>\u2013 Capacidade de exibir <strong>cores intensas e com a m\u00e1xima grada\u00e7\u00e3o<\/strong>. O melhor teste aqui \u00e9 verificar imagens de c\u00e9u azul, detalhes de flores e plantas e tons variados de roupas e outros objetos coloridos. Se voc\u00ea nota instabilidade em alguma cor ou mistura aleat\u00f3ria de tons, pode ser <strong>falha de processamento<\/strong>. Vale a pena checar se a TV oferece ajustes eficazes para isso.<\/p>\n<p>&nbsp;<\/p>\n<p><img loading=\"lazy\" decoding=\"async\" class=\"aligncenter size-full wp-image-33733\" src=\"https:\/\/www.hometheater.com.br\/portal\/wp-content\/uploads\/2025\/04\/luminosidade_.jpg\" alt=\"\" width=\"550\" height=\"287\" srcset=\"https:\/\/www.hometheater.com.br\/portal\/wp-content\/uploads\/2025\/04\/luminosidade_.jpg 550w, https:\/\/www.hometheater.com.br\/portal\/wp-content\/uploads\/2025\/04\/luminosidade_-300x157.jpg 300w, https:\/\/www.hometheater.com.br\/portal\/wp-content\/uploads\/2025\/04\/luminosidade_-400x209.jpg 400w, https:\/\/www.hometheater.com.br\/portal\/wp-content\/uploads\/2025\/04\/luminosidade_-500x261.jpg 500w\" sizes=\"auto, (max-width: 550px) 100vw, 550px\" \/><\/p>\n<p><strong>Luminosidade <\/strong>\u2013 Aqui, \u00e9 preciso avaliar duas situa\u00e7\u00f5es: cenas ao ar livre, sob sol, e cenas em ambiente fechado. Conforme o \u00e2ngulo e a intensidade da luz, cores e contraste da imagem variam. Se o <strong>controle de brilho<\/strong> da TV \u00e9 eficiente, isso n\u00e3o interfere na nitidez nem no detalhamento. Pode haver varia\u00e7\u00f5es dependendo da ilumina\u00e7\u00e3o da sala, mas as boas <strong>TVs atuais utilizam IA<\/strong> para fazer os ajustes automaticamente (<strong><a href=\"https:\/\/orlandobarrozo.blog.br\/2025\/03\/09\/tvs-miniled-e-a-questao-do-brilho\/\">aqui, mais detalhes<\/a><\/strong>).<\/p>\n<p>&nbsp;<\/p>\n<p><img loading=\"lazy\" decoding=\"async\" class=\"aligncenter size-full wp-image-33734\" src=\"https:\/\/www.hometheater.com.br\/portal\/wp-content\/uploads\/2025\/04\/angulo_de_visao_.jpg\" alt=\"\" width=\"375\" height=\"500\" srcset=\"https:\/\/www.hometheater.com.br\/portal\/wp-content\/uploads\/2025\/04\/angulo_de_visao_.jpg 375w, https:\/\/www.hometheater.com.br\/portal\/wp-content\/uploads\/2025\/04\/angulo_de_visao_-225x300.jpg 225w\" sizes=\"auto, (max-width: 375px) 100vw, 375px\" \/><\/p>\n<p><strong>\u00c2ngulo de vis\u00e3o <em>\u2013 <\/em><\/strong>Um item que pode ser cr\u00edtico em telas grandes. Diante da TV, procure andar de um lado para outro observando se h\u00e1 <strong>altera\u00e7\u00f5es das cores e na nitidez<\/strong> das imagens. Sempre h\u00e1 perdas quando se olha uma TV de lado, mas nas melhores esse problema \u00e9 minimizado pelo painel interno da TV. Isso \u00e9 importante, por exemplo, quando voc\u00ea re\u00fane <strong>v\u00e1rias pessoas para assistirem juntas<\/strong>. Algu\u00e9m fatalmente ficar\u00e1 numa posi\u00e7\u00e3o lateral, e o ideal \u00e9 minimizar a perda para essa(s) pessoa(s).<\/p>\n<p>&nbsp;<\/p>\n<h3><span style=\"text-decoration: underline;\"><strong>Slideshow: op\u00e7\u00f5es em TVs OLED e MiniLED no mercado<br \/>\n<\/strong><\/span><\/h3>\n<style type=\"text\/css\">\n\t#foogallery-gallery-33740 .fg-image {\n        width: 800px;\n    }\n<\/style>\n\t\t\t\t<div class=\"foogallery foogallery-container foogallery-image-viewer foogallery-link-custom foogallery-lightbox-foobox fg-center fg-image-viewer fg-light fg-border-thin fg-shadow-outline fg-loading-default fg-loaded-fade-in fg-caption-hover fg-hover-fade fg-hover-zoom fg-ready fg-debug\" id=\"foogallery-gallery-33740\" data-foogallery=\"{&quot;item&quot;:{&quot;showCaptionTitle&quot;:true,&quot;showCaptionDescription&quot;:true},&quot;lazy&quot;:true,&quot;template&quot;:{&quot;loop&quot;:true}}\" >\n\t<div class=\"fiv-inner\">\n\t\t<div class=\"fiv-inner-container\">\n\t\t\t<div class=\"fg-item fg-type-image fg-idle\"><figure class=\"fg-item-inner\"><a href=\"https:\/\/www.hometheater.com.br\/portal\/wp-content\/uploads\/2025\/04\/LG-OLED-C4-83_.jpg\" data-caption-title=\"&lt;p&gt;LG OLED C4 em 48&amp;rdquo;, 55&amp;rdquo;, 65&amp;rdquo;, 77&amp;rdquo; e 83&amp;rdquo;  (&lt;strong&gt;&lt;a href=&quot;https:\/\/www.hometheater.com.br\/portal\/2025\/02\/03\/sala-de-testes-como-avaliamos-a-tv-oled-lg-c4\/&quot;&gt;veja  o teste&lt;\/a&gt;&lt;\/strong&gt;)&lt;\/p&gt;\" data-caption-desc=\"&lt;p&gt;LG OLED C4 em 48&amp;rdquo;, 55&amp;rdquo;, 65&amp;rdquo;, 77&amp;rdquo; e 83&amp;rdquo;  (&lt;strong&gt;&lt;a href=&quot;https:\/\/www.hometheater.com.br\/portal\/2025\/02\/03\/sala-de-testes-como-avaliamos-a-tv-oled-lg-c4\/&quot;&gt;veja  o teste&lt;\/a&gt;&lt;\/strong&gt;)&lt;\/p&gt;\" data-attachment-id=\"33747\" data-type=\"image\" class=\"fg-thumb\"><span class=\"fg-image-wrap\"><img fetchpriority=\"high\" decoding=\"async\" title=\"&lt;p&gt;LG OLED C4 em 48&amp;rdquo;, 55&amp;rdquo;, 65&amp;rdquo;, 77&amp;rdquo; e 83&amp;rdquo;  (&lt;strong&gt;&lt;a href=&quot;https:\/\/www.hometheater.com.br\/portal\/2025\/02\/03\/sala-de-testes-como-avaliamos-a-tv-oled-lg-c4\/&quot;&gt;veja  o teste&lt;\/a&gt;&lt;\/strong&gt;)&lt;\/p&gt;\" width=\"800\" height=\"500\" class=\"skip-lazy fg-image\" data-src-fg=\"https:\/\/www.hometheater.com.br\/portal\/wp-content\/uploads\/2025\/04\/LG-OLED-C4-83_.jpg\" src=\"data:image\/svg+xml,%3Csvg%20xmlns%3D%22http%3A%2F%2Fwww.w3.org%2F2000%2Fsvg%22%20width%3D%22800%22%20height%3D%22500%22%20viewBox%3D%220%200%20800%20500%22%3E%3C%2Fsvg%3E\" loading=\"eager\"><\/span><span class=\"fg-image-overlay\"><\/span><\/a><figcaption class=\"fg-caption\"><div class=\"fg-caption-inner\"><div class=\"fg-caption-title\"><p>LG OLED C4 em 48&rdquo;, 55&rdquo;, 65&rdquo;, 77&rdquo; e 83&rdquo;  (<strong><a href=\"https:\/\/www.hometheater.com.br\/portal\/2025\/02\/03\/sala-de-testes-como-avaliamos-a-tv-oled-lg-c4\/\">veja  o teste<\/a><\/strong>)<\/p><\/div><\/div><\/figcaption><\/figure><div class=\"fg-loader\"><\/div><\/div><div class=\"fg-item fg-type-image fg-idle\"><figure class=\"fg-item-inner\"><a href=\"https:\/\/www.hometheater.com.br\/portal\/wp-content\/uploads\/2025\/04\/Samsung-OLED-S95D_.jpg\" data-caption-title=\"&lt;p&gt;Samsung OLED S95D 65&amp;rdquo; (&lt;strong&gt;&lt;a href=&quot;https:\/\/www.hometheater.com.br\/portal\/2024\/10\/14\/todos-os-detalhes-do-nosso-teste-com-a-tv-oled-samsung-s95d\/&quot;&gt;veja  o teste&lt;\/a&gt;&lt;\/strong&gt;)&lt;\/p&gt;\" data-caption-desc=\"&lt;p&gt;Samsung OLED S95D 65&amp;rdquo; (&lt;strong&gt;&lt;a href=&quot;https:\/\/www.hometheater.com.br\/portal\/2024\/10\/14\/todos-os-detalhes-do-nosso-teste-com-a-tv-oled-samsung-s95d\/&quot;&gt;veja  o teste&lt;\/a&gt;&lt;\/strong&gt;)&lt;\/p&gt;\" data-attachment-id=\"33744\" data-type=\"image\" class=\"fg-thumb\"><span class=\"fg-image-wrap\"><img decoding=\"async\" title=\"&lt;p&gt;Samsung OLED S95D 65&amp;rdquo; (&lt;strong&gt;&lt;a href=&quot;https:\/\/www.hometheater.com.br\/portal\/2024\/10\/14\/todos-os-detalhes-do-nosso-teste-com-a-tv-oled-samsung-s95d\/&quot;&gt;veja  o teste&lt;\/a&gt;&lt;\/strong&gt;)&lt;\/p&gt;\" width=\"800\" height=\"500\" class=\"skip-lazy fg-image\" data-src-fg=\"https:\/\/www.hometheater.com.br\/portal\/wp-content\/uploads\/cache\/2025\/04\/Samsung-OLED-S95D_\/38674625.jpg\" src=\"data:image\/svg+xml,%3Csvg%20xmlns%3D%22http%3A%2F%2Fwww.w3.org%2F2000%2Fsvg%22%20width%3D%22800%22%20height%3D%22500%22%20viewBox%3D%220%200%20800%20500%22%3E%3C%2Fsvg%3E\" loading=\"eager\"><\/span><span class=\"fg-image-overlay\"><\/span><\/a><figcaption class=\"fg-caption\"><div class=\"fg-caption-inner\"><div class=\"fg-caption-title\"><p>Samsung OLED S95D 65&rdquo; (<strong><a href=\"https:\/\/www.hometheater.com.br\/portal\/2024\/10\/14\/todos-os-detalhes-do-nosso-teste-com-a-tv-oled-samsung-s95d\/\">veja  o teste<\/a><\/strong>)<\/p><\/div><\/div><\/figcaption><\/figure><div class=\"fg-loader\"><\/div><\/div><div class=\"fg-item fg-type-image fg-idle\"><figure class=\"fg-item-inner\"><a href=\"https:\/\/www.hometheater.com.br\/portal\/wp-content\/uploads\/2025\/04\/Hisense-MiniLED-U8N_.jpg\" data-caption-title=\"Hisense MiniLED U8N 85\u201d\" data-caption-desc=\"Hisense MiniLED U8N 85\u201d\" data-attachment-id=\"33741\" data-type=\"image\" class=\"fg-thumb\"><span class=\"fg-image-wrap\"><img decoding=\"async\" title=\"Hisense MiniLED U8N 85\u201d\" width=\"800\" height=\"500\" class=\"skip-lazy fg-image\" data-src-fg=\"https:\/\/www.hometheater.com.br\/portal\/wp-content\/uploads\/cache\/2025\/04\/Hisense-MiniLED-U8N_\/933834564.jpg\" src=\"data:image\/svg+xml,%3Csvg%20xmlns%3D%22http%3A%2F%2Fwww.w3.org%2F2000%2Fsvg%22%20width%3D%22800%22%20height%3D%22500%22%20viewBox%3D%220%200%20800%20500%22%3E%3C%2Fsvg%3E\" loading=\"eager\"><\/span><span class=\"fg-image-overlay\"><\/span><\/a><figcaption class=\"fg-caption\"><div class=\"fg-caption-inner\"><div class=\"fg-caption-title\">Hisense MiniLED U8N 85\u201d<\/div><\/div><\/figcaption><\/figure><div class=\"fg-loader\"><\/div><\/div><div class=\"fg-item fg-type-image fg-idle\"><figure class=\"fg-item-inner\"><a href=\"https:\/\/www.hometheater.com.br\/portal\/wp-content\/uploads\/2025\/04\/tcl-QD-MiniLED-c855_.jpg\" data-caption-title=\"&lt;p&gt;TCL QD-MiniLED C755 em 65&amp;rdquo; e 75&amp;rdquo; (&lt;strong&gt;&lt;a href=&quot;https:\/\/www.hometheater.com.br\/portal\/2025\/03\/19\/tv-qd-miniled-tcl-c755-de-65-confira-o-teste-completo\/&quot;&gt;veja  o teste&lt;\/a&gt;&lt;\/strong&gt;)&lt;\/p&gt;\" data-caption-desc=\"&lt;p&gt;TCL QD-MiniLED C755 em 65&amp;rdquo; e 75&amp;rdquo; (&lt;strong&gt;&lt;a href=&quot;https:\/\/www.hometheater.com.br\/portal\/2025\/03\/19\/tv-qd-miniled-tcl-c755-de-65-confira-o-teste-completo\/&quot;&gt;veja  o teste&lt;\/a&gt;&lt;\/strong&gt;)&lt;\/p&gt;\" data-attachment-id=\"33742\" data-type=\"image\" class=\"fg-thumb\"><span class=\"fg-image-wrap\"><img decoding=\"async\" title=\"&lt;p&gt;TCL QD-MiniLED C755 em 65&amp;rdquo; e 75&amp;rdquo; (&lt;strong&gt;&lt;a href=&quot;https:\/\/www.hometheater.com.br\/portal\/2025\/03\/19\/tv-qd-miniled-tcl-c755-de-65-confira-o-teste-completo\/&quot;&gt;veja  o teste&lt;\/a&gt;&lt;\/strong&gt;)&lt;\/p&gt;\" width=\"800\" height=\"500\" class=\"skip-lazy fg-image\" data-src-fg=\"https:\/\/www.hometheater.com.br\/portal\/wp-content\/uploads\/cache\/2025\/04\/tcl-QD-MiniLED-c855_\/1509198978.jpg\" src=\"data:image\/svg+xml,%3Csvg%20xmlns%3D%22http%3A%2F%2Fwww.w3.org%2F2000%2Fsvg%22%20width%3D%22800%22%20height%3D%22500%22%20viewBox%3D%220%200%20800%20500%22%3E%3C%2Fsvg%3E\" loading=\"eager\"><\/span><span class=\"fg-image-overlay\"><\/span><\/a><figcaption class=\"fg-caption\"><div class=\"fg-caption-inner\"><div class=\"fg-caption-title\"><p>TCL QD-MiniLED C755 em 65&rdquo; e 75&rdquo; (<strong><a href=\"https:\/\/www.hometheater.com.br\/portal\/2025\/03\/19\/tv-qd-miniled-tcl-c755-de-65-confira-o-teste-completo\/\">veja  o teste<\/a><\/strong>)<\/p><\/div><\/div><\/figcaption><\/figure><div class=\"fg-loader\"><\/div><\/div><div class=\"fg-item fg-type-image fg-idle\"><figure class=\"fg-item-inner\"><a href=\"https:\/\/www.hometheater.com.br\/portal\/wp-content\/uploads\/2025\/04\/LG-qned_.jpg\" data-caption-title=\"LG QNED75SRA em 55\u201d e 65\u201d\" data-caption-desc=\"LG QNED75SRA em 55\u201d e 65\u201d\" data-attachment-id=\"33746\" data-type=\"image\" class=\"fg-thumb\"><span class=\"fg-image-wrap\"><img decoding=\"async\" title=\"LG QNED75SRA em 55\u201d e 65\u201d\" width=\"800\" height=\"500\" class=\"skip-lazy fg-image\" data-src-fg=\"https:\/\/www.hometheater.com.br\/portal\/wp-content\/uploads\/cache\/2025\/04\/LG-qned_\/2921945494.jpg\" src=\"data:image\/svg+xml,%3Csvg%20xmlns%3D%22http%3A%2F%2Fwww.w3.org%2F2000%2Fsvg%22%20width%3D%22800%22%20height%3D%22500%22%20viewBox%3D%220%200%20800%20500%22%3E%3C%2Fsvg%3E\" loading=\"eager\"><\/span><span class=\"fg-image-overlay\"><\/span><\/a><figcaption class=\"fg-caption\"><div class=\"fg-caption-inner\"><div class=\"fg-caption-title\">LG QNED75SRA em 55\u201d e 65\u201d<\/div><\/div><\/figcaption><\/figure><div class=\"fg-loader\"><\/div><\/div><div class=\"fg-item fg-type-image fg-idle\"><figure class=\"fg-item-inner\"><a href=\"https:\/\/www.hometheater.com.br\/portal\/wp-content\/uploads\/2025\/04\/Samsung-Neo-QLED-QN90D_.jpg\" data-caption-title=\"&lt;p&gt;Samsung Neo QLED QN90D em 43&amp;rdquo;, 50&amp;rdquo;, 55&amp;rdquo;  e 65&amp;rdquo; (&lt;strong&gt;&lt;a href=&quot;https:\/\/www.hometheater.com.br\/portal\/2024\/05\/08\/nova-geracao-ai-tvs-da-samsung-tem-modelos-de-43-a-85\/&quot;&gt;detalhes&lt;\/a&gt;&lt;\/strong&gt;)&lt;\/p&gt;\" data-caption-desc=\"&lt;p&gt;Samsung Neo QLED QN90D em 43&amp;rdquo;, 50&amp;rdquo;, 55&amp;rdquo;  e 65&amp;rdquo; (&lt;strong&gt;&lt;a href=&quot;https:\/\/www.hometheater.com.br\/portal\/2024\/05\/08\/nova-geracao-ai-tvs-da-samsung-tem-modelos-de-43-a-85\/&quot;&gt;detalhes&lt;\/a&gt;&lt;\/strong&gt;)&lt;\/p&gt;\" data-attachment-id=\"33745\" data-type=\"image\" class=\"fg-thumb\"><span class=\"fg-image-wrap\"><img decoding=\"async\" title=\"&lt;p&gt;Samsung Neo QLED QN90D em 43&amp;rdquo;, 50&amp;rdquo;, 55&amp;rdquo;  e 65&amp;rdquo; (&lt;strong&gt;&lt;a href=&quot;https:\/\/www.hometheater.com.br\/portal\/2024\/05\/08\/nova-geracao-ai-tvs-da-samsung-tem-modelos-de-43-a-85\/&quot;&gt;detalhes&lt;\/a&gt;&lt;\/strong&gt;)&lt;\/p&gt;\" width=\"800\" height=\"500\" class=\"skip-lazy fg-image\" data-src-fg=\"https:\/\/www.hometheater.com.br\/portal\/wp-content\/uploads\/2025\/04\/Samsung-Neo-QLED-QN90D_.jpg\" src=\"data:image\/svg+xml,%3Csvg%20xmlns%3D%22http%3A%2F%2Fwww.w3.org%2F2000%2Fsvg%22%20width%3D%22800%22%20height%3D%22500%22%20viewBox%3D%220%200%20800%20500%22%3E%3C%2Fsvg%3E\" loading=\"eager\"><\/span><span class=\"fg-image-overlay\"><\/span><\/a><figcaption class=\"fg-caption\"><div class=\"fg-caption-inner\"><div class=\"fg-caption-title\"><p>Samsung Neo QLED QN90D em 43&rdquo;, 50&rdquo;, 55&rdquo;  e 65&rdquo; (<strong><a href=\"https:\/\/www.hometheater.com.br\/portal\/2024\/05\/08\/nova-geracao-ai-tvs-da-samsung-tem-modelos-de-43-a-85\/\">detalhes<\/a><\/strong>)<\/p><\/div><\/div><\/figcaption><\/figure><div class=\"fg-loader\"><\/div><\/div>\t\t<\/div>\n\t\t<div class=\"fiv-ctrls\">\n\t\t\t<div class=\"fiv-prev\"><span>Anterior<\/span><\/div>\n\t\t\t<label class=\"fiv-count\"><span class=\"fiv-count-current\">1<\/span>de<span class=\"fiv-count-total\">6<\/span><\/label>\n\t\t\t<div class=\"fiv-next\"><span>Pr\u00f3ximo<\/span><\/div>\n\t\t<\/div>\n\t<\/div>\n<\/div><!-- FooGallery Debug Info : Start\r\n\r\nID => 33740\r\nTemplate => image-viewer\r\nDatasource => media_library\r\n\r\nFooGallery Settings\r\n===================\r\nfoogallery_items_view => preview\r\nimage-viewer_alignment => fg-center\r\nimage-viewer_border_size => fg-border-thin\r\nimage-viewer_drop_shadow => fg-shadow-outline\r\nimage-viewer_hover_effect_caption_visibility => fg-caption-hover\r\nimage-viewer_hover_effect_icon => fg-hover-zoom\r\nimage-viewer_hover_effect_transition => fg-hover-fade\r\nimage-viewer_hover_effect_type => normal\r\nimage-viewer_lightbox => foobox\r\nimage-viewer_loaded_effect => fg-loaded-fade-in\r\nimage-viewer_loading_icon => fg-loading-default\r\nimage-viewer_looping => enabled\r\nimage-viewer_theme => fg-light\r\nimage-viewer_thumbnail_link => custom\r\nimage-viewer_thumbnail_size => \r\n   width => 800\r\n   height => 500\r\n   crop => 1\r\n\r\nAttachment Info\r\n===============\r\n33747 => \r\n   url => https:\/\/www.hometheater.com.br\/portal\/wp-content\/uploads\/2025\/04\/LG-OLED-C4-83_.jpg\r\n   type => image\r\n   width => 800\r\n   height => 500\r\n33744 => \r\n   url => https:\/\/www.hometheater.com.br\/portal\/wp-content\/uploads\/2025\/04\/Samsung-OLED-S95D_.jpg\r\n   type => image\r\n   width => 800\r\n   height => 500\r\n33741 => \r\n   url => https:\/\/www.hometheater.com.br\/portal\/wp-content\/uploads\/2025\/04\/Hisense-MiniLED-U8N_.jpg\r\n   type => image\r\n   width => 800\r\n   height => 500\r\n33742 => \r\n   url => https:\/\/www.hometheater.com.br\/portal\/wp-content\/uploads\/2025\/04\/tcl-QD-MiniLED-c855_.jpg\r\n   type => image\r\n   width => 800\r\n   height => 500\r\n33746 => \r\n   url => https:\/\/www.hometheater.com.br\/portal\/wp-content\/uploads\/2025\/04\/LG-qned_.jpg\r\n   type => image\r\n   width => 800\r\n   height => 500\r\n33745 => \r\n   url => https:\/\/www.hometheater.com.br\/portal\/wp-content\/uploads\/2025\/04\/Samsung-Neo-QLED-QN90D_.jpg\r\n   type => image\r\n   width => 800\r\n   height => 500\r\n\r\nFooGallery Debug Info : End --><style type=\"text\/css\">.foogallery.fg-simple_portfolio .fg-item-inner figcaption.fg-caption { \r\n    font-size: 19px;\r\n    color: #FF0000;\r\n    text-align: left;\r\n}\r\n\r\n.foogallery.fg-simple_portfolio .fg-caption-title {<\/style>\n<p>&nbsp;<\/p>\n<p><strong>\u00a9 HT &amp; CASA DIGITAL. Todos os direitos reservados<\/strong><\/p>\n","protected":false},"excerpt":{"rendered":"<p>O mercado de TVs caminha para um acirramento da disputa entre duas tecnologias: OLED e MiniLED. S\u00e3o os dois tipos de pain\u00e9is mais usados atualmente<\/p>\n","protected":false},"author":1,"featured_media":33752,"comment_status":"open","ping_status":"open","sticky":false,"template":"","format":"standard","meta":{"footnotes":""},"categories":[3],"tags":[],"class_list":["post-33730","post","type-post","status-publish","format-standard","has-post-thumbnail","hentry","category-artigos"],"yoast_head":"<!-- This site is optimized with the Yoast SEO plugin v25.7 - https:\/\/yoast.com\/wordpress\/plugins\/seo\/ -->\n<title>TV: disputa OLED vs MiniLED deve se acirrar - HT &amp; Casa Digital<\/title>\n<meta name=\"robots\" content=\"index, follow, max-snippet:-1, max-image-preview:large, max-video-preview:-1\" \/>\n<link rel=\"canonical\" href=\"https:\/\/www.hometheater.com.br\/portal\/2025\/04\/28\/tv-disputa-oled-vs-miniled-deve-se-acirrar\/\" \/>\n<meta property=\"og:locale\" content=\"pt_BR\" \/>\n<meta property=\"og:type\" content=\"article\" \/>\n<meta property=\"og:title\" content=\"TV: disputa OLED vs MiniLED deve se acirrar - HT &amp; Casa Digital\" \/>\n<meta property=\"og:description\" content=\"O mercado de TVs caminha para um acirramento da disputa entre duas tecnologias: OLED e MiniLED. S\u00e3o os dois tipos de pain\u00e9is mais usados atualmente\" \/>\n<meta property=\"og:url\" content=\"https:\/\/www.hometheater.com.br\/portal\/2025\/04\/28\/tv-disputa-oled-vs-miniled-deve-se-acirrar\/\" \/>\n<meta property=\"og:site_name\" content=\"HT &amp; Casa Digital\" \/>\n<meta property=\"article:publisher\" content=\"https:\/\/web.facebook.com\/revistahometheater\" \/>\n<meta property=\"article:published_time\" content=\"2025-04-28T14:22:19+00:00\" \/>\n<meta property=\"article:modified_time\" content=\"2025-04-30T11:01:09+00:00\" \/>\n<meta property=\"og:image\" content=\"https:\/\/www.hometheater.com.br\/portal\/wp-content\/uploads\/2025\/04\/chamada_oled_miniled_.jpg\" \/>\n\t<meta property=\"og:image:width\" content=\"800\" \/>\n\t<meta property=\"og:image:height\" content=\"426\" \/>\n\t<meta property=\"og:image:type\" content=\"image\/jpeg\" \/>\n<meta name=\"author\" content=\"Revista Home Theater &amp; Casa Digital\" \/>\n<meta name=\"twitter:card\" content=\"summary_large_image\" \/>\n<meta name=\"twitter:creator\" content=\"@hometheaterbr\" \/>\n<meta name=\"twitter:site\" content=\"@hometheaterbr\" \/>\n<meta name=\"twitter:label1\" content=\"Escrito por\" \/>\n\t<meta name=\"twitter:data1\" content=\"Revista Home Theater &amp; Casa Digital\" \/>\n\t<meta name=\"twitter:label2\" content=\"Est. tempo de leitura\" \/>\n\t<meta name=\"twitter:data2\" content=\"5 minutos\" \/>\n<script type=\"application\/ld+json\" class=\"yoast-schema-graph\">{\"@context\":\"https:\/\/schema.org\",\"@graph\":[{\"@type\":\"Article\",\"@id\":\"https:\/\/www.hometheater.com.br\/portal\/2025\/04\/28\/tv-disputa-oled-vs-miniled-deve-se-acirrar\/#article\",\"isPartOf\":{\"@id\":\"https:\/\/www.hometheater.com.br\/portal\/2025\/04\/28\/tv-disputa-oled-vs-miniled-deve-se-acirrar\/\"},\"author\":{\"name\":\"Revista Home Theater &amp; Casa Digital\",\"@id\":\"https:\/\/www.hometheater.com.br\/portal\/#\/schema\/person\/3b6bd5a9e2a6c4197c7b98dd7a733d22\"},\"headline\":\"TV: disputa OLED vs MiniLED deve se acirrar\",\"datePublished\":\"2025-04-28T14:22:19+00:00\",\"dateModified\":\"2025-04-30T11:01:09+00:00\",\"mainEntityOfPage\":{\"@id\":\"https:\/\/www.hometheater.com.br\/portal\/2025\/04\/28\/tv-disputa-oled-vs-miniled-deve-se-acirrar\/\"},\"wordCount\":941,\"commentCount\":0,\"publisher\":{\"@id\":\"https:\/\/www.hometheater.com.br\/portal\/#organization\"},\"image\":{\"@id\":\"https:\/\/www.hometheater.com.br\/portal\/2025\/04\/28\/tv-disputa-oled-vs-miniled-deve-se-acirrar\/#primaryimage\"},\"thumbnailUrl\":\"https:\/\/www.hometheater.com.br\/portal\/wp-content\/uploads\/2025\/04\/chamada_oled_miniled_.jpg\",\"articleSection\":[\"TEND\u00caNCIAS\"],\"inLanguage\":\"pt-BR\",\"potentialAction\":[{\"@type\":\"CommentAction\",\"name\":\"Comment\",\"target\":[\"https:\/\/www.hometheater.com.br\/portal\/2025\/04\/28\/tv-disputa-oled-vs-miniled-deve-se-acirrar\/#respond\"]}]},{\"@type\":\"WebPage\",\"@id\":\"https:\/\/www.hometheater.com.br\/portal\/2025\/04\/28\/tv-disputa-oled-vs-miniled-deve-se-acirrar\/\",\"url\":\"https:\/\/www.hometheater.com.br\/portal\/2025\/04\/28\/tv-disputa-oled-vs-miniled-deve-se-acirrar\/\",\"name\":\"TV: disputa OLED vs MiniLED deve se acirrar - HT &amp; Casa Digital\",\"isPartOf\":{\"@id\":\"https:\/\/www.hometheater.com.br\/portal\/#website\"},\"primaryImageOfPage\":{\"@id\":\"https:\/\/www.hometheater.com.br\/portal\/2025\/04\/28\/tv-disputa-oled-vs-miniled-deve-se-acirrar\/#primaryimage\"},\"image\":{\"@id\":\"https:\/\/www.hometheater.com.br\/portal\/2025\/04\/28\/tv-disputa-oled-vs-miniled-deve-se-acirrar\/#primaryimage\"},\"thumbnailUrl\":\"https:\/\/www.hometheater.com.br\/portal\/wp-content\/uploads\/2025\/04\/chamada_oled_miniled_.jpg\",\"datePublished\":\"2025-04-28T14:22:19+00:00\",\"dateModified\":\"2025-04-30T11:01:09+00:00\",\"breadcrumb\":{\"@id\":\"https:\/\/www.hometheater.com.br\/portal\/2025\/04\/28\/tv-disputa-oled-vs-miniled-deve-se-acirrar\/#breadcrumb\"},\"inLanguage\":\"pt-BR\",\"potentialAction\":[{\"@type\":\"ReadAction\",\"target\":[\"https:\/\/www.hometheater.com.br\/portal\/2025\/04\/28\/tv-disputa-oled-vs-miniled-deve-se-acirrar\/\"]}]},{\"@type\":\"ImageObject\",\"inLanguage\":\"pt-BR\",\"@id\":\"https:\/\/www.hometheater.com.br\/portal\/2025\/04\/28\/tv-disputa-oled-vs-miniled-deve-se-acirrar\/#primaryimage\",\"url\":\"https:\/\/www.hometheater.com.br\/portal\/wp-content\/uploads\/2025\/04\/chamada_oled_miniled_.jpg\",\"contentUrl\":\"https:\/\/www.hometheater.com.br\/portal\/wp-content\/uploads\/2025\/04\/chamada_oled_miniled_.jpg\",\"width\":800,\"height\":426},{\"@type\":\"BreadcrumbList\",\"@id\":\"https:\/\/www.hometheater.com.br\/portal\/2025\/04\/28\/tv-disputa-oled-vs-miniled-deve-se-acirrar\/#breadcrumb\",\"itemListElement\":[{\"@type\":\"ListItem\",\"position\":1,\"name\":\"In\u00edcio\",\"item\":\"https:\/\/www.hometheater.com.br\/portal\/\"},{\"@type\":\"ListItem\",\"position\":2,\"name\":\"TV: disputa OLED vs MiniLED deve se acirrar\"}]},{\"@type\":\"WebSite\",\"@id\":\"https:\/\/www.hometheater.com.br\/portal\/#website\",\"url\":\"https:\/\/www.hometheater.com.br\/portal\/\",\"name\":\"HT &amp; Casa Digital\",\"description\":\"O mundo digital em sua casa\",\"publisher\":{\"@id\":\"https:\/\/www.hometheater.com.br\/portal\/#organization\"},\"potentialAction\":[{\"@type\":\"SearchAction\",\"target\":{\"@type\":\"EntryPoint\",\"urlTemplate\":\"https:\/\/www.hometheater.com.br\/portal\/?s={search_term_string}\"},\"query-input\":{\"@type\":\"PropertyValueSpecification\",\"valueRequired\":true,\"valueName\":\"search_term_string\"}}],\"inLanguage\":\"pt-BR\"},{\"@type\":\"Organization\",\"@id\":\"https:\/\/www.hometheater.com.br\/portal\/#organization\",\"name\":\"Home Theater\",\"url\":\"https:\/\/www.hometheater.com.br\/portal\/\",\"logo\":{\"@type\":\"ImageObject\",\"inLanguage\":\"pt-BR\",\"@id\":\"https:\/\/www.hometheater.com.br\/portal\/#\/schema\/logo\/image\/\",\"url\":\"https:\/\/www.hometheater.com.br\/portal\/wp-content\/uploads\/2022\/06\/assine_ht_01.png\",\"contentUrl\":\"https:\/\/www.hometheater.com.br\/portal\/wp-content\/uploads\/2022\/06\/assine_ht_01.png\",\"width\":800,\"height\":254,\"caption\":\"Home Theater\"},\"image\":{\"@id\":\"https:\/\/www.hometheater.com.br\/portal\/#\/schema\/logo\/image\/\"},\"sameAs\":[\"https:\/\/web.facebook.com\/revistahometheater\",\"https:\/\/x.com\/hometheaterbr\"]},{\"@type\":\"Person\",\"@id\":\"https:\/\/www.hometheater.com.br\/portal\/#\/schema\/person\/3b6bd5a9e2a6c4197c7b98dd7a733d22\",\"name\":\"Revista Home Theater &amp; Casa Digital\",\"image\":{\"@type\":\"ImageObject\",\"inLanguage\":\"pt-BR\",\"@id\":\"https:\/\/www.hometheater.com.br\/portal\/#\/schema\/person\/image\/\",\"url\":\"https:\/\/secure.gravatar.com\/avatar\/fd86f33d841f0f43adcc1665dd80ca740e028af4297e20d3444f9335092a6ee7?s=96&d=mm&r=g\",\"contentUrl\":\"https:\/\/secure.gravatar.com\/avatar\/fd86f33d841f0f43adcc1665dd80ca740e028af4297e20d3444f9335092a6ee7?s=96&d=mm&r=g\",\"caption\":\"Revista Home Theater &amp; Casa Digital\"},\"url\":\"https:\/\/www.hometheater.com.br\/portal\/author\/flavio\/\"}]}<\/script>\n<!-- \/ Yoast SEO plugin. -->","yoast_head_json":{"title":"TV: disputa OLED vs MiniLED deve se acirrar - HT &amp; Casa Digital","robots":{"index":"index","follow":"follow","max-snippet":"max-snippet:-1","max-image-preview":"max-image-preview:large","max-video-preview":"max-video-preview:-1"},"canonical":"https:\/\/www.hometheater.com.br\/portal\/2025\/04\/28\/tv-disputa-oled-vs-miniled-deve-se-acirrar\/","og_locale":"pt_BR","og_type":"article","og_title":"TV: disputa OLED vs MiniLED deve se acirrar - HT &amp; Casa Digital","og_description":"O mercado de TVs caminha para um acirramento da disputa entre duas tecnologias: OLED e MiniLED. S\u00e3o os dois tipos de pain\u00e9is mais usados atualmente","og_url":"https:\/\/www.hometheater.com.br\/portal\/2025\/04\/28\/tv-disputa-oled-vs-miniled-deve-se-acirrar\/","og_site_name":"HT &amp; Casa Digital","article_publisher":"https:\/\/web.facebook.com\/revistahometheater","article_published_time":"2025-04-28T14:22:19+00:00","article_modified_time":"2025-04-30T11:01:09+00:00","og_image":[{"width":800,"height":426,"url":"https:\/\/www.hometheater.com.br\/portal\/wp-content\/uploads\/2025\/04\/chamada_oled_miniled_.jpg","type":"image\/jpeg"}],"author":"Revista Home Theater &amp; Casa Digital","twitter_card":"summary_large_image","twitter_creator":"@hometheaterbr","twitter_site":"@hometheaterbr","twitter_misc":{"Escrito por":"Revista Home Theater &amp; Casa Digital","Est. tempo de leitura":"5 minutos"},"schema":{"@context":"https:\/\/schema.org","@graph":[{"@type":"Article","@id":"https:\/\/www.hometheater.com.br\/portal\/2025\/04\/28\/tv-disputa-oled-vs-miniled-deve-se-acirrar\/#article","isPartOf":{"@id":"https:\/\/www.hometheater.com.br\/portal\/2025\/04\/28\/tv-disputa-oled-vs-miniled-deve-se-acirrar\/"},"author":{"name":"Revista Home Theater &amp; Casa Digital","@id":"https:\/\/www.hometheater.com.br\/portal\/#\/schema\/person\/3b6bd5a9e2a6c4197c7b98dd7a733d22"},"headline":"TV: disputa OLED vs MiniLED deve se acirrar","datePublished":"2025-04-28T14:22:19+00:00","dateModified":"2025-04-30T11:01:09+00:00","mainEntityOfPage":{"@id":"https:\/\/www.hometheater.com.br\/portal\/2025\/04\/28\/tv-disputa-oled-vs-miniled-deve-se-acirrar\/"},"wordCount":941,"commentCount":0,"publisher":{"@id":"https:\/\/www.hometheater.com.br\/portal\/#organization"},"image":{"@id":"https:\/\/www.hometheater.com.br\/portal\/2025\/04\/28\/tv-disputa-oled-vs-miniled-deve-se-acirrar\/#primaryimage"},"thumbnailUrl":"https:\/\/www.hometheater.com.br\/portal\/wp-content\/uploads\/2025\/04\/chamada_oled_miniled_.jpg","articleSection":["TEND\u00caNCIAS"],"inLanguage":"pt-BR","potentialAction":[{"@type":"CommentAction","name":"Comment","target":["https:\/\/www.hometheater.com.br\/portal\/2025\/04\/28\/tv-disputa-oled-vs-miniled-deve-se-acirrar\/#respond"]}]},{"@type":"WebPage","@id":"https:\/\/www.hometheater.com.br\/portal\/2025\/04\/28\/tv-disputa-oled-vs-miniled-deve-se-acirrar\/","url":"https:\/\/www.hometheater.com.br\/portal\/2025\/04\/28\/tv-disputa-oled-vs-miniled-deve-se-acirrar\/","name":"TV: disputa OLED vs MiniLED deve se acirrar - HT &amp; Casa Digital","isPartOf":{"@id":"https:\/\/www.hometheater.com.br\/portal\/#website"},"primaryImageOfPage":{"@id":"https:\/\/www.hometheater.com.br\/portal\/2025\/04\/28\/tv-disputa-oled-vs-miniled-deve-se-acirrar\/#primaryimage"},"image":{"@id":"https:\/\/www.hometheater.com.br\/portal\/2025\/04\/28\/tv-disputa-oled-vs-miniled-deve-se-acirrar\/#primaryimage"},"thumbnailUrl":"https:\/\/www.hometheater.com.br\/portal\/wp-content\/uploads\/2025\/04\/chamada_oled_miniled_.jpg","datePublished":"2025-04-28T14:22:19+00:00","dateModified":"2025-04-30T11:01:09+00:00","breadcrumb":{"@id":"https:\/\/www.hometheater.com.br\/portal\/2025\/04\/28\/tv-disputa-oled-vs-miniled-deve-se-acirrar\/#breadcrumb"},"inLanguage":"pt-BR","potentialAction":[{"@type":"ReadAction","target":["https:\/\/www.hometheater.com.br\/portal\/2025\/04\/28\/tv-disputa-oled-vs-miniled-deve-se-acirrar\/"]}]},{"@type":"ImageObject","inLanguage":"pt-BR","@id":"https:\/\/www.hometheater.com.br\/portal\/2025\/04\/28\/tv-disputa-oled-vs-miniled-deve-se-acirrar\/#primaryimage","url":"https:\/\/www.hometheater.com.br\/portal\/wp-content\/uploads\/2025\/04\/chamada_oled_miniled_.jpg","contentUrl":"https:\/\/www.hometheater.com.br\/portal\/wp-content\/uploads\/2025\/04\/chamada_oled_miniled_.jpg","width":800,"height":426},{"@type":"BreadcrumbList","@id":"https:\/\/www.hometheater.com.br\/portal\/2025\/04\/28\/tv-disputa-oled-vs-miniled-deve-se-acirrar\/#breadcrumb","itemListElement":[{"@type":"ListItem","position":1,"name":"In\u00edcio","item":"https:\/\/www.hometheater.com.br\/portal\/"},{"@type":"ListItem","position":2,"name":"TV: disputa OLED vs MiniLED deve se acirrar"}]},{"@type":"WebSite","@id":"https:\/\/www.hometheater.com.br\/portal\/#website","url":"https:\/\/www.hometheater.com.br\/portal\/","name":"HT &amp; Casa Digital","description":"O mundo digital em sua casa","publisher":{"@id":"https:\/\/www.hometheater.com.br\/portal\/#organization"},"potentialAction":[{"@type":"SearchAction","target":{"@type":"EntryPoint","urlTemplate":"https:\/\/www.hometheater.com.br\/portal\/?s={search_term_string}"},"query-input":{"@type":"PropertyValueSpecification","valueRequired":true,"valueName":"search_term_string"}}],"inLanguage":"pt-BR"},{"@type":"Organization","@id":"https:\/\/www.hometheater.com.br\/portal\/#organization","name":"Home Theater","url":"https:\/\/www.hometheater.com.br\/portal\/","logo":{"@type":"ImageObject","inLanguage":"pt-BR","@id":"https:\/\/www.hometheater.com.br\/portal\/#\/schema\/logo\/image\/","url":"https:\/\/www.hometheater.com.br\/portal\/wp-content\/uploads\/2022\/06\/assine_ht_01.png","contentUrl":"https:\/\/www.hometheater.com.br\/portal\/wp-content\/uploads\/2022\/06\/assine_ht_01.png","width":800,"height":254,"caption":"Home Theater"},"image":{"@id":"https:\/\/www.hometheater.com.br\/portal\/#\/schema\/logo\/image\/"},"sameAs":["https:\/\/web.facebook.com\/revistahometheater","https:\/\/x.com\/hometheaterbr"]},{"@type":"Person","@id":"https:\/\/www.hometheater.com.br\/portal\/#\/schema\/person\/3b6bd5a9e2a6c4197c7b98dd7a733d22","name":"Revista Home Theater &amp; Casa Digital","image":{"@type":"ImageObject","inLanguage":"pt-BR","@id":"https:\/\/www.hometheater.com.br\/portal\/#\/schema\/person\/image\/","url":"https:\/\/secure.gravatar.com\/avatar\/fd86f33d841f0f43adcc1665dd80ca740e028af4297e20d3444f9335092a6ee7?s=96&d=mm&r=g","contentUrl":"https:\/\/secure.gravatar.com\/avatar\/fd86f33d841f0f43adcc1665dd80ca740e028af4297e20d3444f9335092a6ee7?s=96&d=mm&r=g","caption":"Revista Home Theater &amp; Casa Digital"},"url":"https:\/\/www.hometheater.com.br\/portal\/author\/flavio\/"}]}},"_links":{"self":[{"href":"https:\/\/www.hometheater.com.br\/portal\/wp-json\/wp\/v2\/posts\/33730","targetHints":{"allow":["GET"]}}],"collection":[{"href":"https:\/\/www.hometheater.com.br\/portal\/wp-json\/wp\/v2\/posts"}],"about":[{"href":"https:\/\/www.hometheater.com.br\/portal\/wp-json\/wp\/v2\/types\/post"}],"author":[{"embeddable":true,"href":"https:\/\/www.hometheater.com.br\/portal\/wp-json\/wp\/v2\/users\/1"}],"replies":[{"embeddable":true,"href":"https:\/\/www.hometheater.com.br\/portal\/wp-json\/wp\/v2\/comments?post=33730"}],"version-history":[{"count":0,"href":"https:\/\/www.hometheater.com.br\/portal\/wp-json\/wp\/v2\/posts\/33730\/revisions"}],"wp:featuredmedia":[{"embeddable":true,"href":"https:\/\/www.hometheater.com.br\/portal\/wp-json\/wp\/v2\/media\/33752"}],"wp:attachment":[{"href":"https:\/\/www.hometheater.com.br\/portal\/wp-json\/wp\/v2\/media?parent=33730"}],"wp:term":[{"taxonomy":"category","embeddable":true,"href":"https:\/\/www.hometheater.com.br\/portal\/wp-json\/wp\/v2\/categories?post=33730"},{"taxonomy":"post_tag","embeddable":true,"href":"https:\/\/www.hometheater.com.br\/portal\/wp-json\/wp\/v2\/tags?post=33730"}],"curies":[{"name":"wp","href":"https:\/\/api.w.org\/{rel}","templated":true}]}}