{"id":33674,"date":"2025-04-24T10:50:03","date_gmt":"2025-04-24T13:50:03","guid":{"rendered":"https:\/\/www.hometheater.com.br\/portal\/?p=33674"},"modified":"2025-04-25T13:47:12","modified_gmt":"2025-04-25T16:47:12","slug":"como-e-viver-numa-casa-repleta-de-telas-por-todos-os-lados","status":"publish","type":"post","link":"https:\/\/www.hometheater.com.br\/portal\/2025\/04\/24\/como-e-viver-numa-casa-repleta-de-telas-por-todos-os-lados\/","title":{"rendered":"Como \u00e9 viver numa casa repleta de telas por todos os lados"},"content":{"rendered":"<p><img loading=\"lazy\" decoding=\"async\" class=\"aligncenter size-full wp-image-33675\" src=\"https:\/\/www.hometheater.com.br\/portal\/wp-content\/uploads\/2025\/04\/projeto_abre_.jpg\" alt=\"\" width=\"750\" height=\"500\" srcset=\"https:\/\/www.hometheater.com.br\/portal\/wp-content\/uploads\/2025\/04\/projeto_abre_.jpg 750w, https:\/\/www.hometheater.com.br\/portal\/wp-content\/uploads\/2025\/04\/projeto_abre_-300x200.jpg 300w, https:\/\/www.hometheater.com.br\/portal\/wp-content\/uploads\/2025\/04\/projeto_abre_-400x267.jpg 400w, https:\/\/www.hometheater.com.br\/portal\/wp-content\/uploads\/2025\/04\/projeto_abre_-500x333.jpg 500w\" sizes=\"auto, (max-width: 750px) 100vw, 750px\" \/><\/p>\n<p>&nbsp;<\/p>\n<p>O casal de moradores desta casa em S\u00e3o Paulo n\u00e3o fez por menos: ao projetar os espa\u00e7os, fizeram quest\u00e3o de instalar telas grandes por todos os lados. Grandes mesmo!<\/p>\n<p>O sonho era poder assistir seus conte\u00fados preferidos com o m\u00e1ximo envolvimento, a qualquer hora do dia ou da noite, e em todos os ambientes.<\/p><div class=\"homet-conteudo\" style=\"text-align: center;\" id=\"homet-2510828803\"><div data-cfpa=\"35734\" data-cfpw=\"35734\" id=\"homet-3746100337\"><a data-no-instant=\"1\" href=\"https:\/\/www.harmanluxuryaudio.com\/\" rel=\"noopener\" class=\"a2t-link\" aria-label=\"ARCAM-SA45-BANNER-NEWSLETTER\"><img loading=\"lazy\" decoding=\"async\" src=\"https:\/\/www.hometheater.com.br\/portal\/wp-content\/uploads\/2025\/09\/ARCAM-SA45-BANNER-NEWSLETTER.gif\" alt=\"\"  class=\"no-lazyload\" width=\"300\" height=\"250\"   \/><\/a><\/div><h6><span style=\"color: #808080;\"><em>Publicidade<\/em><\/span><\/h6>\r\n<\/br><script type=\"text\/javascript\">;new advadsCfpAd( 35734 );<\/script><\/div>\n<p>Quem entra no ambiente principal logo se depara com as duas telas gigantes: um painel de led de 130 polegadas e uma tela de proje\u00e7\u00e3o 4K de 133\u201d! Mesmo de longe, no living, \u00e9 poss\u00edvel admirar as imagens.<\/p>\n<p>Entrando pela casa, encontramos outras duas na brinquedoteca. As crian\u00e7as assistem seus desenhos, s\u00e9ries e jogam videogames numa TV de 75\u201d ou, se preferirem, numa tela de proje\u00e7\u00e3o de 106\u201d (esta usada mais \u00e0 noite).<\/p>\n<p>E, por um app de celular, a fam\u00edlia controla a automa\u00e7\u00e3o da casa inteira, que inclui 136 circuitos de ilumina\u00e7\u00e3o, 48 cortinas e toldos el\u00e9tricos.<\/p>\n<p>Quer conhecer? Confira os <strong><a href=\"#videos\">v\u00eddeos<\/a><\/strong> e o <strong><a href=\"#slideshow\">slideshow<\/a><\/strong>!<\/p>\n<p>&nbsp;<\/p>\n<p><strong>REPORTAGEM: Eduardo Bonjoch<\/strong><\/p>\n<p><strong>FOTOS: Su\u00e9len Magalh\u00e3es<\/strong><\/p>\n<p>&nbsp;<\/p>\n<table style=\"width: 100%; border-collapse: collapse; background-color: #c3cacd;\">\n<tbody>\n<tr>\n<td style=\"width: 990px;\"><strong>PROJETO E INSTALA\u00c7\u00c3O<\/strong>: Troianos Automa\u00e7\u00e3o, \u00c1udio V\u00eddeo &#8211; (11) 5090-1222<\/p>\n<p><strong>DESIGN DE INTERIORES<\/strong>: Marcella Marchezini &#8211; (13) 99727-5939<\/p>\n<p>&nbsp;<\/p>\n<h3><strong>EQUIPAMENTOS UTILIZADOS<\/strong><\/h3>\n<p>&nbsp;<\/p>\n<p><span style=\"text-decoration: underline;\"><strong>HOME THEATER <\/strong><\/span><\/p>\n<p><em>* Painel de led Samsung 130\u201d<\/em><\/p>\n<p><em>* Projetor 4K Epson \u00a0<\/em><\/p>\n<p><em>* Tela de proje\u00e7\u00e3o 133\u201d e Lift Gaia<\/em><\/p>\n<p><em>* Receiver e Blu-ray player Denon<\/em><\/p>\n<p><em>* Media player Apple TV 4K<\/em><\/p>\n<p><em>* Toca-discos Marantz<\/em><\/p>\n<p><em>* Caixas ac\u00fasticas TruAudio<\/em><\/p>\n<p><em>* Subwoofers Paradigm<\/em><\/p>\n<p><em>* Matriz de \u00e1udio e v\u00eddeo Savant<\/em><\/p>\n<p><em>* Condicionador de energia Upsai<\/em><\/p>\n<p><em>* Automa\u00e7\u00e3o Savant e Vantage Controls (ilumina\u00e7\u00e3o e cortinas)<\/em><\/p>\n<p><strong>\u00a0<\/strong><\/p>\n<p><span style=\"text-decoration: underline;\"><strong>OUTROS AMBIENTES<\/strong><\/span><\/p>\n<p><em>* Projetor Epson<\/em><\/p>\n<p><em>* Tela de proje\u00e7\u00e3o 106\u201d e Lift Gaia<\/em><\/p>\n<p><em>* TVs Samsung 75\u201d<\/em><\/p>\n<p><em>* Amplificadores multiroom Absolute Acoustics<\/em><\/p>\n<p><em>* Caixas TruAudio<\/em><\/p>\n<p><em>* Subwoofers Paradigm<\/em><\/p>\n<p><em>* Condicionador de energia Upsai<\/em><\/td>\n<\/tr>\n<\/tbody>\n<\/table>\n<p>&nbsp;<\/p>\n<table style=\"width: 100%; border-collapse: collapse; background-color: #ccc; height: 387px;\">\n<tbody>\n<tr style=\"height: 387px;\">\n<td style=\"width: 70%; height: 387px;\">\n<div align=\"center\">\n<p><strong><span style=\"text-decoration: underline;\"><a id=\"videos\"><\/a>V\u00cdDEOS<\/span><\/strong><\/p>\n<div style=\"width: 250px;\" class=\"wp-video\"><!--[if lt IE 9]><script>document.createElement('video');<\/script><![endif]-->\n<video class=\"wp-video-shortcode\" id=\"video-33674-1\" width=\"250\" height=\"445\" preload=\"metadata\" controls=\"controls\"><source type=\"video\/mp4\" src=\"https:\/\/www.hometheater.com.br\/portal\/wp-content\/uploads\/2025\/04\/video01_troianos.mp4?_=1\" \/><a href=\"https:\/\/www.hometheater.com.br\/portal\/wp-content\/uploads\/2025\/04\/video01_troianos.mp4\">https:\/\/www.hometheater.com.br\/portal\/wp-content\/uploads\/2025\/04\/video01_troianos.mp4<\/a><\/video><\/div>\n<div style=\"width: 250px;\" class=\"wp-video\"><video class=\"wp-video-shortcode\" id=\"video-33674-2\" width=\"250\" height=\"445\" preload=\"metadata\" controls=\"controls\"><source type=\"video\/mp4\" src=\"https:\/\/www.hometheater.com.br\/portal\/wp-content\/uploads\/2025\/04\/video_troianos02.mp4?_=2\" \/><a href=\"https:\/\/www.hometheater.com.br\/portal\/wp-content\/uploads\/2025\/04\/video_troianos02.mp4\">https:\/\/www.hometheater.com.br\/portal\/wp-content\/uploads\/2025\/04\/video_troianos02.mp4<\/a><\/video><\/div>\n<div style=\"width: 250px;\" class=\"wp-video\"><video class=\"wp-video-shortcode\" id=\"video-33674-3\" width=\"250\" height=\"445\" preload=\"metadata\" controls=\"controls\"><source type=\"video\/mp4\" src=\"https:\/\/www.hometheater.com.br\/portal\/wp-content\/uploads\/2025\/04\/video_troianos03-1.mp4?_=3\" \/><a href=\"https:\/\/www.hometheater.com.br\/portal\/wp-content\/uploads\/2025\/04\/video_troianos03-1.mp4\">https:\/\/www.hometheater.com.br\/portal\/wp-content\/uploads\/2025\/04\/video_troianos03-1.mp4<\/a><\/video><\/div>\n<\/div>\n<\/td>\n<\/tr>\n<\/tbody>\n<\/table>\n<p style=\"text-align: center;\"><strong><span style=\"text-decoration: underline;\"><a id=\"slideshow\"><\/a>SLIDESHOW<\/span><\/strong><\/p>\n\t\t\t<style>\n                #foogallery-gallery-33676.fg-simple_portfolio {\n                    justify-content: center;\n                }\n                #foogallery-gallery-33676.fg-simple_portfolio .fg-item {\n                    flex-basis: 300px;\n                    margin: 5px;\n                }\n\t\t\t<\/style>\n\t\t\t<div class=\"foogallery foogallery-container foogallery-simple_portfolio foogallery-lightbox-foobox fg-simple_portfolio fg-dark fg-border-thin fg-shadow-outline fg-loading-default fg-loaded-fade-in fg-caption-always fg-hover-fade fg-hover-zoom fg-ready fg-debug fg-caption-always\" id=\"foogallery-gallery-33676\" data-foogallery=\"{&quot;item&quot;:{&quot;showCaptionTitle&quot;:true,&quot;showCaptionDescription&quot;:true},&quot;lazy&quot;:true}\" >\n\t<div class=\"fg-item fg-type-image fg-idle\"><figure class=\"fg-item-inner\"><a href=\"https:\/\/www.hometheater.com.br\/portal\/wp-content\/uploads\/2025\/04\/01_.jpg\" data-caption-title=\"O painel de led, composto por 9 m\u00f3dulos, foi montado no nicho do m\u00f3vel; acima, as 3 caixas de teto que reproduzem os canais frontais.\" data-caption-desc=\"O painel de led, composto por 9 m\u00f3dulos, foi montado no nicho do m\u00f3vel; acima, as 3 caixas de teto que reproduzem os canais frontais.\" data-attachment-id=\"33677\" class=\"foogallery-thumb  fg-thumb\" data-type=\"image\"><span class=\"fg-image-wrap\"><img fetchpriority=\"high\" decoding=\"async\" title=\"O painel de led, composto por 9 m\u00f3dulos, foi montado no nicho do m\u00f3vel; acima, as 3 caixas de teto que reproduzem os canais frontais.\" class=\"bf-img skip-lazy fg-image\" height=\"450\" width=\"300\" data-src-fg=\"https:\/\/www.hometheater.com.br\/portal\/wp-content\/uploads\/cache\/2025\/04\/01_\/2968931358.jpg\" src=\"data:image\/svg+xml,%3Csvg%20xmlns%3D%22http%3A%2F%2Fwww.w3.org%2F2000%2Fsvg%22%20width%3D%22300%22%20height%3D%22450%22%20viewBox%3D%220%200%20300%20450%22%3E%3C%2Fsvg%3E\" loading=\"eager\"><\/span><span class=\"fg-image-overlay\"><\/span><\/a><figcaption class=\"fg-caption\"><div class=\"fg-caption-inner\"><div class=\"fg-caption-title\">O painel de led, composto por 9 m\u00f3dulos, foi montado no nicho do m\u00f3vel; acima, as 3 caixas de teto que reproduzem os canais frontais.<\/div><\/div><\/figcaption><\/figure><div class=\"fg-loader\"><\/div><\/div><div class=\"fg-item fg-type-image fg-idle\"><figure class=\"fg-item-inner\"><a href=\"https:\/\/www.hometheater.com.br\/portal\/wp-content\/uploads\/2025\/04\/projecao_02.jpg\" data-caption-title=\"A tela de 133\u201d foi posicionada para permitir a visualiza\u00e7\u00e3o a dist\u00e2ncia, tamb\u00e9m para quem est\u00e1 no living.\" data-caption-desc=\"A tela de 133\u201d foi posicionada para permitir a visualiza\u00e7\u00e3o a dist\u00e2ncia, tamb\u00e9m para quem est\u00e1 no living.\" data-attachment-id=\"33678\" class=\"foogallery-thumb  fg-thumb\" data-type=\"image\"><span class=\"fg-image-wrap\"><img decoding=\"async\" title=\"A tela de 133\u201d foi posicionada para permitir a visualiza\u00e7\u00e3o a dist\u00e2ncia, tamb\u00e9m para quem est\u00e1 no living.\" class=\"bf-img skip-lazy fg-image\" height=\"450\" width=\"300\" data-src-fg=\"https:\/\/www.hometheater.com.br\/portal\/wp-content\/uploads\/cache\/2025\/04\/projecao_02\/3039160469.jpg\" src=\"data:image\/svg+xml,%3Csvg%20xmlns%3D%22http%3A%2F%2Fwww.w3.org%2F2000%2Fsvg%22%20width%3D%22300%22%20height%3D%22450%22%20viewBox%3D%220%200%20300%20450%22%3E%3C%2Fsvg%3E\" loading=\"eager\"><\/span><span class=\"fg-image-overlay\"><\/span><\/a><figcaption class=\"fg-caption\"><div class=\"fg-caption-inner\"><div class=\"fg-caption-title\">A tela de 133\u201d foi posicionada para permitir a visualiza\u00e7\u00e3o a dist\u00e2ncia, tamb\u00e9m para quem est\u00e1 no living.<\/div><\/div><\/figcaption><\/figure><div class=\"fg-loader\"><\/div><\/div><div class=\"fg-item fg-type-image fg-idle\"><figure class=\"fg-item-inner\"><a href=\"https:\/\/www.hometheater.com.br\/portal\/wp-content\/uploads\/2025\/04\/03_.jpg\" data-caption-title=\"Na sala de home theater, poltronas de cinema e controle total da ilumina\u00e7\u00e3o.\" data-caption-desc=\"Na sala de home theater, poltronas de cinema e controle total da ilumina\u00e7\u00e3o.\" data-attachment-id=\"33679\" class=\"foogallery-thumb  fg-thumb\" data-type=\"image\"><span class=\"fg-image-wrap\"><img decoding=\"async\" title=\"Na sala de home theater, poltronas de cinema e controle total da ilumina\u00e7\u00e3o.\" class=\"bf-img skip-lazy fg-image\" height=\"450\" width=\"300\" data-src-fg=\"https:\/\/www.hometheater.com.br\/portal\/wp-content\/uploads\/cache\/2025\/04\/03_\/262917627.jpg\" src=\"data:image\/svg+xml,%3Csvg%20xmlns%3D%22http%3A%2F%2Fwww.w3.org%2F2000%2Fsvg%22%20width%3D%22300%22%20height%3D%22450%22%20viewBox%3D%220%200%20300%20450%22%3E%3C%2Fsvg%3E\" loading=\"eager\"><\/span><span class=\"fg-image-overlay\"><\/span><\/a><figcaption class=\"fg-caption\"><div class=\"fg-caption-inner\"><div class=\"fg-caption-title\">Na sala de home theater, poltronas de cinema e controle total da ilumina\u00e7\u00e3o.<\/div><\/div><\/figcaption><\/figure><div class=\"fg-loader\"><\/div><\/div><div class=\"fg-item fg-type-image fg-idle\"><figure class=\"fg-item-inner\"><a href=\"https:\/\/www.hometheater.com.br\/portal\/wp-content\/uploads\/2025\/04\/04_.jpg\" data-caption-title=\"O brilho do painel de led permite imagens claras e n\u00edtidas mesmo a metros de dist\u00e2ncia.\" data-caption-desc=\"O brilho do painel de led permite imagens claras e n\u00edtidas mesmo a metros de dist\u00e2ncia.\" data-attachment-id=\"33680\" class=\"foogallery-thumb  fg-thumb\" data-type=\"image\"><span class=\"fg-image-wrap\"><img decoding=\"async\" title=\"O brilho do painel de led permite imagens claras e n\u00edtidas mesmo a metros de dist\u00e2ncia.\" class=\"bf-img skip-lazy fg-image\" height=\"450\" width=\"300\" data-src-fg=\"https:\/\/www.hometheater.com.br\/portal\/wp-content\/uploads\/cache\/2025\/04\/04_\/1945430417.jpg\" src=\"data:image\/svg+xml,%3Csvg%20xmlns%3D%22http%3A%2F%2Fwww.w3.org%2F2000%2Fsvg%22%20width%3D%22300%22%20height%3D%22450%22%20viewBox%3D%220%200%20300%20450%22%3E%3C%2Fsvg%3E\" loading=\"eager\"><\/span><span class=\"fg-image-overlay\"><\/span><\/a><figcaption class=\"fg-caption\"><div class=\"fg-caption-inner\"><div class=\"fg-caption-title\">O brilho do painel de led permite imagens claras e n\u00edtidas mesmo a metros de dist\u00e2ncia.<\/div><\/div><\/figcaption><\/figure><div class=\"fg-loader\"><\/div><\/div><div class=\"fg-item fg-type-image fg-idle\"><figure class=\"fg-item-inner\"><a href=\"https:\/\/www.hometheater.com.br\/portal\/wp-content\/uploads\/2025\/04\/05_new.jpg\" data-caption-title=\"Vista da brinquedoteca, onde foram instaladas duas telas: a TV de 75\u201d pode ser encoberta pela tela el\u00e9trica de 106\u201d (veja no detalhe).\" data-caption-desc=\"Vista da brinquedoteca, onde foram instaladas duas telas: a TV de 75\u201d pode ser encoberta pela tela el\u00e9trica de 106\u201d (veja no detalhe).\" data-attachment-id=\"33717\" class=\"foogallery-thumb  fg-thumb\" data-type=\"image\"><span class=\"fg-image-wrap\"><img decoding=\"async\" title=\"Vista da brinquedoteca, onde foram instaladas duas telas: a TV de 75\u201d pode ser encoberta pela tela el\u00e9trica de 106\u201d (veja no detalhe).\" class=\"bf-img skip-lazy fg-image\" height=\"450\" width=\"300\" data-src-fg=\"https:\/\/www.hometheater.com.br\/portal\/wp-content\/uploads\/cache\/2025\/04\/05_new\/1935578567.jpg\" src=\"data:image\/svg+xml,%3Csvg%20xmlns%3D%22http%3A%2F%2Fwww.w3.org%2F2000%2Fsvg%22%20width%3D%22300%22%20height%3D%22450%22%20viewBox%3D%220%200%20300%20450%22%3E%3C%2Fsvg%3E\" loading=\"eager\"><\/span><span class=\"fg-image-overlay\"><\/span><\/a><figcaption class=\"fg-caption\"><div class=\"fg-caption-inner\"><div class=\"fg-caption-title\">Vista da brinquedoteca, onde foram instaladas duas telas: a TV de 75\u201d pode ser encoberta pela tela el\u00e9trica de 106\u201d (veja no detalhe).<\/div><\/div><\/figcaption><\/figure><div class=\"fg-loader\"><\/div><\/div><div class=\"fg-item fg-type-image fg-idle\"><figure class=\"fg-item-inner\"><a href=\"https:\/\/www.hometheater.com.br\/portal\/wp-content\/uploads\/2025\/04\/06_.jpg\" data-caption-title=\"Detalhe do toca-discos de vinil, com design futurista.\" data-caption-desc=\"Detalhe do toca-discos de vinil, com design futurista.\" data-attachment-id=\"33682\" class=\"foogallery-thumb  fg-thumb\" data-type=\"image\"><span class=\"fg-image-wrap\"><img decoding=\"async\" title=\"Detalhe do toca-discos de vinil, com design futurista.\" class=\"bf-img skip-lazy fg-image\" height=\"450\" width=\"300\" data-src-fg=\"https:\/\/www.hometheater.com.br\/portal\/wp-content\/uploads\/cache\/2025\/04\/06_\/3883344108.jpg\" src=\"data:image\/svg+xml,%3Csvg%20xmlns%3D%22http%3A%2F%2Fwww.w3.org%2F2000%2Fsvg%22%20width%3D%22300%22%20height%3D%22450%22%20viewBox%3D%220%200%20300%20450%22%3E%3C%2Fsvg%3E\" loading=\"eager\"><\/span><span class=\"fg-image-overlay\"><\/span><\/a><figcaption class=\"fg-caption\"><div class=\"fg-caption-inner\"><div class=\"fg-caption-title\">Detalhe do toca-discos de vinil, com design futurista.<\/div><\/div><\/figcaption><\/figure><div class=\"fg-loader\"><\/div><\/div><div class=\"fg-item fg-type-image fg-idle\"><figure class=\"fg-item-inner\"><a href=\"https:\/\/www.hometheater.com.br\/portal\/wp-content\/uploads\/2025\/04\/07_.jpg\" data-caption-title=\"Aqui, o projetor da brinquedoteca, mais usado durante a noite.\" data-caption-desc=\"Aqui, o projetor da brinquedoteca, mais usado durante a noite.\" data-attachment-id=\"33683\" class=\"foogallery-thumb  fg-thumb\" data-type=\"image\"><span class=\"fg-image-wrap\"><img decoding=\"async\" title=\"Aqui, o projetor da brinquedoteca, mais usado durante a noite.\" class=\"bf-img skip-lazy fg-image\" height=\"450\" width=\"300\" data-src-fg=\"https:\/\/www.hometheater.com.br\/portal\/wp-content\/uploads\/cache\/2025\/04\/07_\/1083066226.jpg\" src=\"data:image\/svg+xml,%3Csvg%20xmlns%3D%22http%3A%2F%2Fwww.w3.org%2F2000%2Fsvg%22%20width%3D%22300%22%20height%3D%22450%22%20viewBox%3D%220%200%20300%20450%22%3E%3C%2Fsvg%3E\" loading=\"eager\"><\/span><span class=\"fg-image-overlay\"><\/span><\/a><figcaption class=\"fg-caption\"><div class=\"fg-caption-inner\"><div class=\"fg-caption-title\">Aqui, o projetor da brinquedoteca, mais usado durante a noite.<\/div><\/div><\/figcaption><\/figure><div class=\"fg-loader\"><\/div><\/div><div class=\"fg-item fg-type-image fg-idle\"><figure class=\"fg-item-inner\"><a href=\"https:\/\/www.hometheater.com.br\/portal\/wp-content\/uploads\/2025\/04\/08_.jpg\" data-caption-title=\"Termostato inteligente e keypad para controle da ilumina\u00e7\u00e3o est\u00e3o integrados \u00e0 automa\u00e7\u00e3o da casa\" data-caption-desc=\"Termostato inteligente e keypad para controle da ilumina\u00e7\u00e3o est\u00e3o integrados \u00e0 automa\u00e7\u00e3o da casa\" data-attachment-id=\"33685\" class=\"foogallery-thumb  fg-thumb\" data-type=\"image\"><span class=\"fg-image-wrap\"><img decoding=\"async\" title=\"Termostato inteligente e keypad para controle da ilumina\u00e7\u00e3o est\u00e3o integrados \u00e0 automa\u00e7\u00e3o da casa\" class=\"bf-img skip-lazy fg-image\" height=\"450\" width=\"300\" data-src-fg=\"https:\/\/www.hometheater.com.br\/portal\/wp-content\/uploads\/cache\/2025\/04\/08_\/2329455855.jpg\" src=\"data:image\/svg+xml,%3Csvg%20xmlns%3D%22http%3A%2F%2Fwww.w3.org%2F2000%2Fsvg%22%20width%3D%22300%22%20height%3D%22450%22%20viewBox%3D%220%200%20300%20450%22%3E%3C%2Fsvg%3E\" loading=\"eager\"><\/span><span class=\"fg-image-overlay\"><\/span><\/a><figcaption class=\"fg-caption\"><div class=\"fg-caption-inner\"><div class=\"fg-caption-title\">Termostato inteligente e keypad para controle da ilumina\u00e7\u00e3o est\u00e3o integrados \u00e0 automa\u00e7\u00e3o da casa<\/div><\/div><\/figcaption><\/figure><div class=\"fg-loader\"><\/div><\/div><div class=\"fg-item fg-type-image fg-idle\"><figure class=\"fg-item-inner\"><a href=\"https:\/\/www.hometheater.com.br\/portal\/wp-content\/uploads\/2025\/04\/09_.jpg\" data-caption-title=\"Detalhe das fontes de sinal: destaque para a matriz de \u00e1udio\/v\u00eddeo com controle de som ambiente.\" data-caption-desc=\"Detalhe das fontes de sinal: destaque para a matriz de \u00e1udio\/v\u00eddeo com controle de som ambiente.\" data-attachment-id=\"33684\" class=\"foogallery-thumb  fg-thumb\" data-type=\"image\"><span class=\"fg-image-wrap\"><img decoding=\"async\" title=\"Detalhe das fontes de sinal: destaque para a matriz de \u00e1udio\/v\u00eddeo com controle de som ambiente.\" class=\"bf-img skip-lazy fg-image\" height=\"450\" width=\"300\" data-src-fg=\"https:\/\/www.hometheater.com.br\/portal\/wp-content\/uploads\/cache\/2025\/04\/09_\/757189489.jpg\" src=\"data:image\/svg+xml,%3Csvg%20xmlns%3D%22http%3A%2F%2Fwww.w3.org%2F2000%2Fsvg%22%20width%3D%22300%22%20height%3D%22450%22%20viewBox%3D%220%200%20300%20450%22%3E%3C%2Fsvg%3E\" loading=\"eager\"><\/span><span class=\"fg-image-overlay\"><\/span><\/a><figcaption class=\"fg-caption\"><div class=\"fg-caption-inner\"><div class=\"fg-caption-title\">Detalhe das fontes de sinal: destaque para a matriz de \u00e1udio\/v\u00eddeo com controle de som ambiente.<\/div><\/div><\/figcaption><\/figure><div class=\"fg-loader\"><\/div><\/div><div class=\"fg-item fg-type-image fg-idle\"><figure class=\"fg-item-inner\"><a href=\"https:\/\/www.hometheater.com.br\/portal\/wp-content\/uploads\/2025\/04\/10_.jpg\" data-caption-title=\"A academia da casa tamb\u00e9m foi equipada com TV (75\u201d) e 8 caixas de som ambiente, tudo comandado pelo celular.\" data-caption-desc=\"A academia da casa tamb\u00e9m foi equipada com TV (75\u201d) e 8 caixas de som ambiente, tudo comandado pelo celular.\" data-attachment-id=\"33686\" class=\"foogallery-thumb  fg-thumb\" data-type=\"image\"><span class=\"fg-image-wrap\"><img decoding=\"async\" title=\"A academia da casa tamb\u00e9m foi equipada com TV (75\u201d) e 8 caixas de som ambiente, tudo comandado pelo celular.\" class=\"bf-img skip-lazy fg-image\" height=\"450\" width=\"300\" data-src-fg=\"https:\/\/www.hometheater.com.br\/portal\/wp-content\/uploads\/cache\/2025\/04\/10_\/3560306671.jpg\" src=\"data:image\/svg+xml,%3Csvg%20xmlns%3D%22http%3A%2F%2Fwww.w3.org%2F2000%2Fsvg%22%20width%3D%22300%22%20height%3D%22450%22%20viewBox%3D%220%200%20300%20450%22%3E%3C%2Fsvg%3E\" loading=\"eager\"><\/span><span class=\"fg-image-overlay\"><\/span><\/a><figcaption class=\"fg-caption\"><div class=\"fg-caption-inner\"><div class=\"fg-caption-title\">A academia da casa tamb\u00e9m foi equipada com TV (75\u201d) e 8 caixas de som ambiente, tudo comandado pelo celular.<\/div><\/div><\/figcaption><\/figure><div class=\"fg-loader\"><\/div><\/div><\/div><!-- FooGallery Debug Info : Start\r\n\r\nID => 33676\r\nTemplate => simple_portfolio\r\nDatasource => media_library\r\n\r\nFooGallery Settings\r\n===================\r\nfoogallery_items_view => manage\r\nsimple_portfolio_align => center\r\nsimple_portfolio_border_size => fg-border-thin\r\nsimple_portfolio_drop_shadow => fg-shadow-outline\r\nsimple_portfolio_gutter => 5\r\nsimple_portfolio_hover_effect_caption_visibility => fg-caption-always\r\nsimple_portfolio_hover_effect_icon => fg-hover-zoom\r\nsimple_portfolio_hover_effect_transition => fg-hover-fade\r\nsimple_portfolio_hover_effect_type => normal\r\nsimple_portfolio_lightbox => foobox\r\nsimple_portfolio_loaded_effect => fg-loaded-fade-in\r\nsimple_portfolio_loading_icon => fg-loading-default\r\nsimple_portfolio_theme => fg-dark\r\nsimple_portfolio_thumbnail_dimensions => \r\n   width => 300\r\n   height => 450\r\nsimple_portfolio_thumbnail_link => custom\r\n\r\nAttachment Info\r\n===============\r\n33677 => \r\n   url => https:\/\/www.hometheater.com.br\/portal\/wp-content\/uploads\/2025\/04\/01_.jpg\r\n   type => image\r\n   width => 300\r\n   height => 450\r\n33678 => \r\n   url => https:\/\/www.hometheater.com.br\/portal\/wp-content\/uploads\/2025\/04\/projecao_02.jpg\r\n   type => image\r\n   width => 300\r\n   height => 450\r\n33679 => \r\n   url => https:\/\/www.hometheater.com.br\/portal\/wp-content\/uploads\/2025\/04\/03_.jpg\r\n   type => image\r\n   width => 300\r\n   height => 450\r\n33680 => \r\n   url => https:\/\/www.hometheater.com.br\/portal\/wp-content\/uploads\/2025\/04\/04_.jpg\r\n   type => image\r\n   width => 300\r\n   height => 450\r\n33717 => \r\n   url => https:\/\/www.hometheater.com.br\/portal\/wp-content\/uploads\/2025\/04\/05_new.jpg\r\n   type => image\r\n   width => 300\r\n   height => 450\r\n33682 => \r\n   url => https:\/\/www.hometheater.com.br\/portal\/wp-content\/uploads\/2025\/04\/06_.jpg\r\n   type => image\r\n   width => 300\r\n   height => 450\r\n33683 => \r\n   url => https:\/\/www.hometheater.com.br\/portal\/wp-content\/uploads\/2025\/04\/07_.jpg\r\n   type => image\r\n   width => 300\r\n   height => 450\r\n33685 => \r\n   url => https:\/\/www.hometheater.com.br\/portal\/wp-content\/uploads\/2025\/04\/08_.jpg\r\n   type => image\r\n   width => 300\r\n   height => 450\r\n33684 => \r\n   url => https:\/\/www.hometheater.com.br\/portal\/wp-content\/uploads\/2025\/04\/09_.jpg\r\n   type => image\r\n   width => 300\r\n   height => 450\r\n33686 => \r\n   url => https:\/\/www.hometheater.com.br\/portal\/wp-content\/uploads\/2025\/04\/10_.jpg\r\n   type => image\r\n   width => 300\r\n   height => 450\r\n\r\nFooGallery Debug Info : End --><style type=\"text\/css\">.foogallery.fg-simple_portfolio .fg-item-inner figcaption.fg-caption { \r\n    font-size: 19px;\r\n    color: #FFFFFF;\r\n    text-align: left;\r\n}\r\n\r\n.foogallery.fg-simple_portfolio .fg-caption-title {<\/style>\n","protected":false},"excerpt":{"rendered":"<p>&nbsp; O casal de moradores desta casa em S\u00e3o Paulo n\u00e3o fez por menos: ao projetar os espa\u00e7os, fizeram quest\u00e3o de instalar telas grandes por<\/p>\n","protected":false},"author":1,"featured_media":33710,"comment_status":"open","ping_status":"open","sticky":false,"template":"","format":"standard","meta":{"footnotes":""},"categories":[188],"tags":[],"class_list":["post-33674","post","type-post","status-publish","format-standard","has-post-thumbnail","hentry","category-sua-casa"],"yoast_head":"<!-- This site is optimized with the Yoast SEO plugin v25.7 - https:\/\/yoast.com\/wordpress\/plugins\/seo\/ -->\n<title>Como \u00e9 viver numa casa repleta de telas por todos os lados - HT &amp; Casa Digital<\/title>\n<meta name=\"robots\" content=\"index, follow, max-snippet:-1, max-image-preview:large, max-video-preview:-1\" \/>\n<link rel=\"canonical\" href=\"https:\/\/www.hometheater.com.br\/portal\/2025\/04\/24\/como-e-viver-numa-casa-repleta-de-telas-por-todos-os-lados\/\" \/>\n<meta property=\"og:locale\" content=\"pt_BR\" \/>\n<meta property=\"og:type\" content=\"article\" \/>\n<meta property=\"og:title\" content=\"Como \u00e9 viver numa casa repleta de telas por todos os lados - HT &amp; Casa Digital\" \/>\n<meta property=\"og:description\" content=\"&nbsp; O casal de moradores desta casa em S\u00e3o Paulo n\u00e3o fez por menos: ao projetar os espa\u00e7os, fizeram quest\u00e3o de instalar telas grandes por\" \/>\n<meta property=\"og:url\" content=\"https:\/\/www.hometheater.com.br\/portal\/2025\/04\/24\/como-e-viver-numa-casa-repleta-de-telas-por-todos-os-lados\/\" \/>\n<meta property=\"og:site_name\" content=\"HT &amp; Casa Digital\" \/>\n<meta property=\"article:publisher\" content=\"https:\/\/web.facebook.com\/revistahometheater\" \/>\n<meta property=\"article:published_time\" content=\"2025-04-24T13:50:03+00:00\" \/>\n<meta property=\"article:modified_time\" content=\"2025-04-25T16:47:12+00:00\" \/>\n<meta property=\"og:image\" content=\"https:\/\/www.hometheater.com.br\/portal\/wp-content\/uploads\/2025\/04\/abre_-1.jpg\" \/>\n\t<meta property=\"og:image:width\" content=\"800\" \/>\n\t<meta property=\"og:image:height\" content=\"533\" \/>\n\t<meta property=\"og:image:type\" content=\"image\/jpeg\" \/>\n<meta name=\"author\" content=\"Revista Home Theater &amp; Casa Digital\" \/>\n<meta name=\"twitter:card\" content=\"summary_large_image\" \/>\n<meta name=\"twitter:creator\" content=\"@hometheaterbr\" \/>\n<meta name=\"twitter:site\" content=\"@hometheaterbr\" \/>\n<meta name=\"twitter:label1\" content=\"Escrito por\" \/>\n\t<meta name=\"twitter:data1\" content=\"Revista Home Theater &amp; Casa Digital\" \/>\n\t<meta name=\"twitter:label2\" content=\"Est. tempo de leitura\" \/>\n\t<meta name=\"twitter:data2\" content=\"2 minutos\" \/>\n<script type=\"application\/ld+json\" class=\"yoast-schema-graph\">{\"@context\":\"https:\/\/schema.org\",\"@graph\":[{\"@type\":\"Article\",\"@id\":\"https:\/\/www.hometheater.com.br\/portal\/2025\/04\/24\/como-e-viver-numa-casa-repleta-de-telas-por-todos-os-lados\/#article\",\"isPartOf\":{\"@id\":\"https:\/\/www.hometheater.com.br\/portal\/2025\/04\/24\/como-e-viver-numa-casa-repleta-de-telas-por-todos-os-lados\/\"},\"author\":{\"name\":\"Revista Home Theater &amp; Casa Digital\",\"@id\":\"https:\/\/www.hometheater.com.br\/portal\/#\/schema\/person\/3b6bd5a9e2a6c4197c7b98dd7a733d22\"},\"headline\":\"Como \u00e9 viver numa casa repleta de telas por todos os lados\",\"datePublished\":\"2025-04-24T13:50:03+00:00\",\"dateModified\":\"2025-04-25T16:47:12+00:00\",\"mainEntityOfPage\":{\"@id\":\"https:\/\/www.hometheater.com.br\/portal\/2025\/04\/24\/como-e-viver-numa-casa-repleta-de-telas-por-todos-os-lados\/\"},\"wordCount\":348,\"commentCount\":0,\"publisher\":{\"@id\":\"https:\/\/www.hometheater.com.br\/portal\/#organization\"},\"image\":{\"@id\":\"https:\/\/www.hometheater.com.br\/portal\/2025\/04\/24\/como-e-viver-numa-casa-repleta-de-telas-por-todos-os-lados\/#primaryimage\"},\"thumbnailUrl\":\"https:\/\/www.hometheater.com.br\/portal\/wp-content\/uploads\/2025\/04\/abre_-1.jpg\",\"articleSection\":[\"SUA CASA\"],\"inLanguage\":\"pt-BR\",\"potentialAction\":[{\"@type\":\"CommentAction\",\"name\":\"Comment\",\"target\":[\"https:\/\/www.hometheater.com.br\/portal\/2025\/04\/24\/como-e-viver-numa-casa-repleta-de-telas-por-todos-os-lados\/#respond\"]}]},{\"@type\":\"WebPage\",\"@id\":\"https:\/\/www.hometheater.com.br\/portal\/2025\/04\/24\/como-e-viver-numa-casa-repleta-de-telas-por-todos-os-lados\/\",\"url\":\"https:\/\/www.hometheater.com.br\/portal\/2025\/04\/24\/como-e-viver-numa-casa-repleta-de-telas-por-todos-os-lados\/\",\"name\":\"Como \u00e9 viver numa casa repleta de telas por todos os lados - HT &amp; Casa Digital\",\"isPartOf\":{\"@id\":\"https:\/\/www.hometheater.com.br\/portal\/#website\"},\"primaryImageOfPage\":{\"@id\":\"https:\/\/www.hometheater.com.br\/portal\/2025\/04\/24\/como-e-viver-numa-casa-repleta-de-telas-por-todos-os-lados\/#primaryimage\"},\"image\":{\"@id\":\"https:\/\/www.hometheater.com.br\/portal\/2025\/04\/24\/como-e-viver-numa-casa-repleta-de-telas-por-todos-os-lados\/#primaryimage\"},\"thumbnailUrl\":\"https:\/\/www.hometheater.com.br\/portal\/wp-content\/uploads\/2025\/04\/abre_-1.jpg\",\"datePublished\":\"2025-04-24T13:50:03+00:00\",\"dateModified\":\"2025-04-25T16:47:12+00:00\",\"breadcrumb\":{\"@id\":\"https:\/\/www.hometheater.com.br\/portal\/2025\/04\/24\/como-e-viver-numa-casa-repleta-de-telas-por-todos-os-lados\/#breadcrumb\"},\"inLanguage\":\"pt-BR\",\"potentialAction\":[{\"@type\":\"ReadAction\",\"target\":[\"https:\/\/www.hometheater.com.br\/portal\/2025\/04\/24\/como-e-viver-numa-casa-repleta-de-telas-por-todos-os-lados\/\"]}]},{\"@type\":\"ImageObject\",\"inLanguage\":\"pt-BR\",\"@id\":\"https:\/\/www.hometheater.com.br\/portal\/2025\/04\/24\/como-e-viver-numa-casa-repleta-de-telas-por-todos-os-lados\/#primaryimage\",\"url\":\"https:\/\/www.hometheater.com.br\/portal\/wp-content\/uploads\/2025\/04\/abre_-1.jpg\",\"contentUrl\":\"https:\/\/www.hometheater.com.br\/portal\/wp-content\/uploads\/2025\/04\/abre_-1.jpg\",\"width\":800,\"height\":533},{\"@type\":\"BreadcrumbList\",\"@id\":\"https:\/\/www.hometheater.com.br\/portal\/2025\/04\/24\/como-e-viver-numa-casa-repleta-de-telas-por-todos-os-lados\/#breadcrumb\",\"itemListElement\":[{\"@type\":\"ListItem\",\"position\":1,\"name\":\"In\u00edcio\",\"item\":\"https:\/\/www.hometheater.com.br\/portal\/\"},{\"@type\":\"ListItem\",\"position\":2,\"name\":\"Como \u00e9 viver numa casa repleta de telas por todos os lados\"}]},{\"@type\":\"WebSite\",\"@id\":\"https:\/\/www.hometheater.com.br\/portal\/#website\",\"url\":\"https:\/\/www.hometheater.com.br\/portal\/\",\"name\":\"HT &amp; Casa Digital\",\"description\":\"O mundo digital em sua casa\",\"publisher\":{\"@id\":\"https:\/\/www.hometheater.com.br\/portal\/#organization\"},\"potentialAction\":[{\"@type\":\"SearchAction\",\"target\":{\"@type\":\"EntryPoint\",\"urlTemplate\":\"https:\/\/www.hometheater.com.br\/portal\/?s={search_term_string}\"},\"query-input\":{\"@type\":\"PropertyValueSpecification\",\"valueRequired\":true,\"valueName\":\"search_term_string\"}}],\"inLanguage\":\"pt-BR\"},{\"@type\":\"Organization\",\"@id\":\"https:\/\/www.hometheater.com.br\/portal\/#organization\",\"name\":\"Home Theater\",\"url\":\"https:\/\/www.hometheater.com.br\/portal\/\",\"logo\":{\"@type\":\"ImageObject\",\"inLanguage\":\"pt-BR\",\"@id\":\"https:\/\/www.hometheater.com.br\/portal\/#\/schema\/logo\/image\/\",\"url\":\"https:\/\/www.hometheater.com.br\/portal\/wp-content\/uploads\/2022\/06\/assine_ht_01.png\",\"contentUrl\":\"https:\/\/www.hometheater.com.br\/portal\/wp-content\/uploads\/2022\/06\/assine_ht_01.png\",\"width\":800,\"height\":254,\"caption\":\"Home Theater\"},\"image\":{\"@id\":\"https:\/\/www.hometheater.com.br\/portal\/#\/schema\/logo\/image\/\"},\"sameAs\":[\"https:\/\/web.facebook.com\/revistahometheater\",\"https:\/\/x.com\/hometheaterbr\"]},{\"@type\":\"Person\",\"@id\":\"https:\/\/www.hometheater.com.br\/portal\/#\/schema\/person\/3b6bd5a9e2a6c4197c7b98dd7a733d22\",\"name\":\"Revista Home Theater &amp; Casa Digital\",\"image\":{\"@type\":\"ImageObject\",\"inLanguage\":\"pt-BR\",\"@id\":\"https:\/\/www.hometheater.com.br\/portal\/#\/schema\/person\/image\/\",\"url\":\"https:\/\/secure.gravatar.com\/avatar\/fd86f33d841f0f43adcc1665dd80ca740e028af4297e20d3444f9335092a6ee7?s=96&d=mm&r=g\",\"contentUrl\":\"https:\/\/secure.gravatar.com\/avatar\/fd86f33d841f0f43adcc1665dd80ca740e028af4297e20d3444f9335092a6ee7?s=96&d=mm&r=g\",\"caption\":\"Revista Home Theater &amp; Casa Digital\"},\"url\":\"https:\/\/www.hometheater.com.br\/portal\/author\/flavio\/\"}]}<\/script>\n<!-- \/ Yoast SEO plugin. -->","yoast_head_json":{"title":"Como \u00e9 viver numa casa repleta de telas por todos os lados - HT &amp; Casa Digital","robots":{"index":"index","follow":"follow","max-snippet":"max-snippet:-1","max-image-preview":"max-image-preview:large","max-video-preview":"max-video-preview:-1"},"canonical":"https:\/\/www.hometheater.com.br\/portal\/2025\/04\/24\/como-e-viver-numa-casa-repleta-de-telas-por-todos-os-lados\/","og_locale":"pt_BR","og_type":"article","og_title":"Como \u00e9 viver numa casa repleta de telas por todos os lados - HT &amp; Casa Digital","og_description":"&nbsp; O casal de moradores desta casa em S\u00e3o Paulo n\u00e3o fez por menos: ao projetar os espa\u00e7os, fizeram quest\u00e3o de instalar telas grandes por","og_url":"https:\/\/www.hometheater.com.br\/portal\/2025\/04\/24\/como-e-viver-numa-casa-repleta-de-telas-por-todos-os-lados\/","og_site_name":"HT &amp; Casa Digital","article_publisher":"https:\/\/web.facebook.com\/revistahometheater","article_published_time":"2025-04-24T13:50:03+00:00","article_modified_time":"2025-04-25T16:47:12+00:00","og_image":[{"width":800,"height":533,"url":"https:\/\/www.hometheater.com.br\/portal\/wp-content\/uploads\/2025\/04\/abre_-1.jpg","type":"image\/jpeg"}],"author":"Revista Home Theater &amp; Casa Digital","twitter_card":"summary_large_image","twitter_creator":"@hometheaterbr","twitter_site":"@hometheaterbr","twitter_misc":{"Escrito por":"Revista Home Theater &amp; Casa Digital","Est. tempo de leitura":"2 minutos"},"schema":{"@context":"https:\/\/schema.org","@graph":[{"@type":"Article","@id":"https:\/\/www.hometheater.com.br\/portal\/2025\/04\/24\/como-e-viver-numa-casa-repleta-de-telas-por-todos-os-lados\/#article","isPartOf":{"@id":"https:\/\/www.hometheater.com.br\/portal\/2025\/04\/24\/como-e-viver-numa-casa-repleta-de-telas-por-todos-os-lados\/"},"author":{"name":"Revista Home Theater &amp; Casa Digital","@id":"https:\/\/www.hometheater.com.br\/portal\/#\/schema\/person\/3b6bd5a9e2a6c4197c7b98dd7a733d22"},"headline":"Como \u00e9 viver numa casa repleta de telas por todos os lados","datePublished":"2025-04-24T13:50:03+00:00","dateModified":"2025-04-25T16:47:12+00:00","mainEntityOfPage":{"@id":"https:\/\/www.hometheater.com.br\/portal\/2025\/04\/24\/como-e-viver-numa-casa-repleta-de-telas-por-todos-os-lados\/"},"wordCount":348,"commentCount":0,"publisher":{"@id":"https:\/\/www.hometheater.com.br\/portal\/#organization"},"image":{"@id":"https:\/\/www.hometheater.com.br\/portal\/2025\/04\/24\/como-e-viver-numa-casa-repleta-de-telas-por-todos-os-lados\/#primaryimage"},"thumbnailUrl":"https:\/\/www.hometheater.com.br\/portal\/wp-content\/uploads\/2025\/04\/abre_-1.jpg","articleSection":["SUA CASA"],"inLanguage":"pt-BR","potentialAction":[{"@type":"CommentAction","name":"Comment","target":["https:\/\/www.hometheater.com.br\/portal\/2025\/04\/24\/como-e-viver-numa-casa-repleta-de-telas-por-todos-os-lados\/#respond"]}]},{"@type":"WebPage","@id":"https:\/\/www.hometheater.com.br\/portal\/2025\/04\/24\/como-e-viver-numa-casa-repleta-de-telas-por-todos-os-lados\/","url":"https:\/\/www.hometheater.com.br\/portal\/2025\/04\/24\/como-e-viver-numa-casa-repleta-de-telas-por-todos-os-lados\/","name":"Como \u00e9 viver numa casa repleta de telas por todos os lados - HT &amp; Casa Digital","isPartOf":{"@id":"https:\/\/www.hometheater.com.br\/portal\/#website"},"primaryImageOfPage":{"@id":"https:\/\/www.hometheater.com.br\/portal\/2025\/04\/24\/como-e-viver-numa-casa-repleta-de-telas-por-todos-os-lados\/#primaryimage"},"image":{"@id":"https:\/\/www.hometheater.com.br\/portal\/2025\/04\/24\/como-e-viver-numa-casa-repleta-de-telas-por-todos-os-lados\/#primaryimage"},"thumbnailUrl":"https:\/\/www.hometheater.com.br\/portal\/wp-content\/uploads\/2025\/04\/abre_-1.jpg","datePublished":"2025-04-24T13:50:03+00:00","dateModified":"2025-04-25T16:47:12+00:00","breadcrumb":{"@id":"https:\/\/www.hometheater.com.br\/portal\/2025\/04\/24\/como-e-viver-numa-casa-repleta-de-telas-por-todos-os-lados\/#breadcrumb"},"inLanguage":"pt-BR","potentialAction":[{"@type":"ReadAction","target":["https:\/\/www.hometheater.com.br\/portal\/2025\/04\/24\/como-e-viver-numa-casa-repleta-de-telas-por-todos-os-lados\/"]}]},{"@type":"ImageObject","inLanguage":"pt-BR","@id":"https:\/\/www.hometheater.com.br\/portal\/2025\/04\/24\/como-e-viver-numa-casa-repleta-de-telas-por-todos-os-lados\/#primaryimage","url":"https:\/\/www.hometheater.com.br\/portal\/wp-content\/uploads\/2025\/04\/abre_-1.jpg","contentUrl":"https:\/\/www.hometheater.com.br\/portal\/wp-content\/uploads\/2025\/04\/abre_-1.jpg","width":800,"height":533},{"@type":"BreadcrumbList","@id":"https:\/\/www.hometheater.com.br\/portal\/2025\/04\/24\/como-e-viver-numa-casa-repleta-de-telas-por-todos-os-lados\/#breadcrumb","itemListElement":[{"@type":"ListItem","position":1,"name":"In\u00edcio","item":"https:\/\/www.hometheater.com.br\/portal\/"},{"@type":"ListItem","position":2,"name":"Como \u00e9 viver numa casa repleta de telas por todos os lados"}]},{"@type":"WebSite","@id":"https:\/\/www.hometheater.com.br\/portal\/#website","url":"https:\/\/www.hometheater.com.br\/portal\/","name":"HT &amp; Casa Digital","description":"O mundo digital em sua casa","publisher":{"@id":"https:\/\/www.hometheater.com.br\/portal\/#organization"},"potentialAction":[{"@type":"SearchAction","target":{"@type":"EntryPoint","urlTemplate":"https:\/\/www.hometheater.com.br\/portal\/?s={search_term_string}"},"query-input":{"@type":"PropertyValueSpecification","valueRequired":true,"valueName":"search_term_string"}}],"inLanguage":"pt-BR"},{"@type":"Organization","@id":"https:\/\/www.hometheater.com.br\/portal\/#organization","name":"Home Theater","url":"https:\/\/www.hometheater.com.br\/portal\/","logo":{"@type":"ImageObject","inLanguage":"pt-BR","@id":"https:\/\/www.hometheater.com.br\/portal\/#\/schema\/logo\/image\/","url":"https:\/\/www.hometheater.com.br\/portal\/wp-content\/uploads\/2022\/06\/assine_ht_01.png","contentUrl":"https:\/\/www.hometheater.com.br\/portal\/wp-content\/uploads\/2022\/06\/assine_ht_01.png","width":800,"height":254,"caption":"Home Theater"},"image":{"@id":"https:\/\/www.hometheater.com.br\/portal\/#\/schema\/logo\/image\/"},"sameAs":["https:\/\/web.facebook.com\/revistahometheater","https:\/\/x.com\/hometheaterbr"]},{"@type":"Person","@id":"https:\/\/www.hometheater.com.br\/portal\/#\/schema\/person\/3b6bd5a9e2a6c4197c7b98dd7a733d22","name":"Revista Home Theater &amp; Casa Digital","image":{"@type":"ImageObject","inLanguage":"pt-BR","@id":"https:\/\/www.hometheater.com.br\/portal\/#\/schema\/person\/image\/","url":"https:\/\/secure.gravatar.com\/avatar\/fd86f33d841f0f43adcc1665dd80ca740e028af4297e20d3444f9335092a6ee7?s=96&d=mm&r=g","contentUrl":"https:\/\/secure.gravatar.com\/avatar\/fd86f33d841f0f43adcc1665dd80ca740e028af4297e20d3444f9335092a6ee7?s=96&d=mm&r=g","caption":"Revista Home Theater &amp; Casa Digital"},"url":"https:\/\/www.hometheater.com.br\/portal\/author\/flavio\/"}]}},"_links":{"self":[{"href":"https:\/\/www.hometheater.com.br\/portal\/wp-json\/wp\/v2\/posts\/33674","targetHints":{"allow":["GET"]}}],"collection":[{"href":"https:\/\/www.hometheater.com.br\/portal\/wp-json\/wp\/v2\/posts"}],"about":[{"href":"https:\/\/www.hometheater.com.br\/portal\/wp-json\/wp\/v2\/types\/post"}],"author":[{"embeddable":true,"href":"https:\/\/www.hometheater.com.br\/portal\/wp-json\/wp\/v2\/users\/1"}],"replies":[{"embeddable":true,"href":"https:\/\/www.hometheater.com.br\/portal\/wp-json\/wp\/v2\/comments?post=33674"}],"version-history":[{"count":0,"href":"https:\/\/www.hometheater.com.br\/portal\/wp-json\/wp\/v2\/posts\/33674\/revisions"}],"wp:featuredmedia":[{"embeddable":true,"href":"https:\/\/www.hometheater.com.br\/portal\/wp-json\/wp\/v2\/media\/33710"}],"wp:attachment":[{"href":"https:\/\/www.hometheater.com.br\/portal\/wp-json\/wp\/v2\/media?parent=33674"}],"wp:term":[{"taxonomy":"category","embeddable":true,"href":"https:\/\/www.hometheater.com.br\/portal\/wp-json\/wp\/v2\/categories?post=33674"},{"taxonomy":"post_tag","embeddable":true,"href":"https:\/\/www.hometheater.com.br\/portal\/wp-json\/wp\/v2\/tags?post=33674"}],"curies":[{"name":"wp","href":"https:\/\/api.w.org\/{rel}","templated":true}]}}