{"id":33500,"date":"2025-04-08T09:42:31","date_gmt":"2025-04-08T12:42:31","guid":{"rendered":"https:\/\/www.hometheater.com.br\/portal\/?p=33500"},"modified":"2025-04-09T14:27:10","modified_gmt":"2025-04-09T17:27:10","slug":"tarifas-de-trump-terao-duro-impacto-sobre-a-industria-de-displays","status":"publish","type":"post","link":"https:\/\/www.hometheater.com.br\/portal\/2025\/04\/08\/tarifas-de-trump-terao-duro-impacto-sobre-a-industria-de-displays\/","title":{"rendered":"Tarifas de Trump ter\u00e3o duro impacto sobre a ind\u00fastria de displays   <br\/><img src=\"https:\/\/www.hometheater.com.br\/portal\/wp-content\/uploads\/2025\/04\/fabricantes_asiaticos_02.png\"  \/>"},"content":{"rendered":"<figure id=\"attachment_33512\" aria-describedby=\"caption-attachment-33512\" style=\"width: 800px\" class=\"wp-caption aligncenter\"><img loading=\"lazy\" decoding=\"async\" class=\"wp-image-33512 size-full\" src=\"https:\/\/www.hometheater.com.br\/portal\/wp-content\/uploads\/2025\/04\/abre_telas_.jpg\" alt=\"\" width=\"800\" height=\"522\" srcset=\"https:\/\/www.hometheater.com.br\/portal\/wp-content\/uploads\/2025\/04\/abre_telas_.jpg 800w, https:\/\/www.hometheater.com.br\/portal\/wp-content\/uploads\/2025\/04\/abre_telas_-300x196.jpg 300w, https:\/\/www.hometheater.com.br\/portal\/wp-content\/uploads\/2025\/04\/abre_telas_-768x501.jpg 768w, https:\/\/www.hometheater.com.br\/portal\/wp-content\/uploads\/2025\/04\/abre_telas_-400x261.jpg 400w, https:\/\/www.hometheater.com.br\/portal\/wp-content\/uploads\/2025\/04\/abre_telas_-500x326.jpg 500w\" sizes=\"auto, (max-width: 800px) 100vw, 800px\" \/><figcaption id=\"caption-attachment-33512\" class=\"wp-caption-text\"><em><strong>F\u00e1brica de TVs na \u00c1sia: mercado ter\u00e1 de rever toda a sua cadeia de produ\u00e7\u00e3o.<\/strong><\/em><\/figcaption><\/figure>\n<div class=\"button-center\"><a href=\"#\" target=\"_self\" class=\"buttons btn_blue center\"><span class=\"left\">Por Bob O\u2019Brien*<\/span><\/a><\/div>\n<p>As tarifas anunciadas no \u00faltimo dia 2 pelo presidente Trump resultar\u00e3o em enormes aumentos de pre\u00e7o em TVs e monitores vendidos no pr\u00f3prio mercado americano. Trata-se de uma completa revers\u00e3o das pol\u00edticas de com\u00e9rcio que vigoraram nos \u00faltimos 80 anos, levando o pa\u00eds de volta a um regime de tarifas que existia no s\u00e9culo 19!<\/p>\n<p>A \u201cordem executiva\u201d come\u00e7a enumerando uma s\u00e9rie de justificativas. Comenta o desbalan\u00e7o comercial dos EUA em rela\u00e7\u00e3o a outros pa\u00edses e os preju\u00edzos que isso vem causando \u00e0s ind\u00fastrias americanas. O d\u00e9ficit comercial em 2024 atingiu o recorde de US$ 1,2 trilh\u00e3o!<\/p><div class=\"homet-conteudo\" style=\"text-align: center;\" id=\"homet-260160762\"><div data-cfpa=\"36066\" data-cfpw=\"36066\" id=\"homet-4168737180\"><a data-no-instant=\"1\" href=\"https:\/\/loja.sommaior.com.br\/\" rel=\"noopener\" class=\"a2t-link\" aria-label=\"ABBEY-ROAD_360x300px\"><img loading=\"lazy\" decoding=\"async\" src=\"https:\/\/www.hometheater.com.br\/portal\/wp-content\/uploads\/2025\/10\/ABBEY-ROAD_360x300px.jpg\" alt=\"\"  class=\"no-lazyload\" width=\"300\" height=\"250\"   \/><\/a><\/div><script type=\"text\/javascript\">;new advadsCfpAd( 36066 );<\/script><\/div>\n<p>&nbsp;<\/p>\n<h3><span style=\"text-decoration: underline;\"><strong>China, Taiwan, Coreia e Jap\u00e3o: os mais afetados<\/strong><\/span><\/h3>\n<p>&nbsp;<\/p>\n<p>Entre os pa\u00edses mais afetados, a l\u00edder \u00e9 a China, agora com uma tarifa adicional de 34% aplicada sobre os 20% que Trump j\u00e1 havia anunciado em fevereiro, alegando que a China n\u00e3o estava controlando a exporta\u00e7\u00e3o da droga Fentanyl para os EUA.<\/p>\n<p>Outros pa\u00edses atingidos por altas tarifas comerciais s\u00e3o Coreia do Sul (25%), Taiwan (32%), Jap\u00e3o (24%), Vietnam (46%), Tail\u00e2ndia (36%) e \u00cdndia (26%). Al\u00e9m disso, a Secretaria de Com\u00e9rcio anunciou que aumentar\u00e1 a vigil\u00e2ncia sobre a entrada de itens de baixo custo (abaixo de US$ 800), dos quais 60% atualmente v\u00eam da China e que at\u00e9 agora n\u00e3o sofriam taxa\u00e7\u00e3o.<\/p>\n<p>Embora a justificativa para as novas medidas sejam as altas tarifas adotadas pelos demais pa\u00edses, al\u00e9m de suas \u201cbarreiras n\u00e3o-tarif\u00e1rias\u201d, o c\u00e1lculo das tarifas impostas agora utiliza um crit\u00e9rio arbitr\u00e1rio. O percentual se baseia na seguinte conta: d\u00e9ficit atual dos EUA com o pa\u00eds, dividido pelo valor total das exporta\u00e7\u00f5es do pa\u00eds para os EUA.<\/p>\n<blockquote><p><strong><a href=\"https:\/\/orlandobarrozo.blog.br\/2025\/03\/15\/tcl-e-hisense-questionadas-na-justica-dos-eua\/\">Por que dois consumidores <\/a><\/strong><\/p>\n<p><strong><a href=\"https:\/\/orlandobarrozo.blog.br\/2025\/03\/15\/tcl-e-hisense-questionadas-na-justica-dos-eua\/\">americanos foram \u00e0 Justi\u00e7a <\/a><\/strong><\/p>\n<p><strong><a href=\"https:\/\/orlandobarrozo.blog.br\/2025\/03\/15\/tcl-e-hisense-questionadas-na-justica-dos-eua\/\">contra as chinesas TCL e Hisense<\/a><\/strong><\/p><\/blockquote>\n<p>Exemplo: o d\u00e9ficit comercial com a China em 2024 ficou em US$ 295 bilh\u00f5es; dividindo pelo total exportado pela China aos EUA (US$ 439 bilh\u00f5es), chega-se a 0.67. Esse n\u00famero \u00e9 ent\u00e3o cortado pela metade, chegando a 34%, que \u00e9 a nova tarifa aplicada sobre os produtos chineses.<\/p>\n<p>\u00c9 certo que as novas tarifas provocar\u00e3o fortes aumentos nos pre\u00e7os dos displays importados pelos EUA. Quase 100% dos displays vendidos no pa\u00eds v\u00eam de outros pa\u00edses. A tabela abaixo indica os impactos sobre cada categoria de tela \u2013 smartphone, computador port\u00e1til, monitor e TV \u2013 para os principais pa\u00edses fornecedores.<\/p>\n<p>&nbsp;<\/p>\n<figure id=\"attachment_33517\" aria-describedby=\"caption-attachment-33517\" style=\"width: 600px\" class=\"wp-caption aligncenter\"><a href=\"https:\/\/www.hometheater.com.br\/portal\/wp-content\/uploads\/2025\/04\/tarifas-tabela_.jpg\"><img loading=\"lazy\" decoding=\"async\" class=\"wp-image-33517 size-full\" src=\"https:\/\/www.hometheater.com.br\/portal\/wp-content\/uploads\/2025\/04\/tarifas-tabela_.jpg\" alt=\"\" width=\"600\" height=\"457\" srcset=\"https:\/\/www.hometheater.com.br\/portal\/wp-content\/uploads\/2025\/04\/tarifas-tabela_.jpg 600w, https:\/\/www.hometheater.com.br\/portal\/wp-content\/uploads\/2025\/04\/tarifas-tabela_-300x229.jpg 300w, https:\/\/www.hometheater.com.br\/portal\/wp-content\/uploads\/2025\/04\/tarifas-tabela_-400x305.jpg 400w, https:\/\/www.hometheater.com.br\/portal\/wp-content\/uploads\/2025\/04\/tarifas-tabela_-500x381.jpg 500w\" sizes=\"auto, (max-width: 600px) 100vw, 600px\" \/><\/a><figcaption id=\"caption-attachment-33517\" class=\"wp-caption-text\"><em>A tabela mostra os efeitos das tarifas sobre os quatro principais tipos de display, com as exporta\u00e7\u00f5es de cada pa\u00eds para os EUA e o impacto esperado sobre o pre\u00e7o final, comparando 2024 com 2025. Os valores s\u00e3o m\u00e9dios, simplesmente dividindo o total de importa\u00e7\u00f5es (em d\u00f3lares) pela quantidade de produtos, sem contar as margens de lucro aplicadas pelos varejistas. <b>FONTE:<\/b> CounterPoint<\/em><strong style=\"font-size: 16px;\">\u00a0 \u00a0\u00a0<\/strong><\/figcaption><\/figure>\n<p>&nbsp;<\/p>\n<p>Em 2024, as TVs importadas pelos EUA eram taxadas em 3,9%, sendo as que vinham da China com taxa\u00e7\u00e3o adicional de 7,5%, totalizando 11,4%. J\u00e1 as TVs importadas do M\u00e9xico (onde v\u00e1rios fabricantes asi\u00e1ticos possuem f\u00e1bricas) n\u00e3o pagavam tarifa, porque os EUA mantinham o acordo comercial USMCA (United States-Mexico-Canada Agreement), assinado em 2020.<\/p>\n<figure id=\"attachment_33513\" aria-describedby=\"caption-attachment-33513\" style=\"width: 550px\" class=\"wp-caption aligncenter\"><img loading=\"lazy\" decoding=\"async\" class=\"wp-image-33513 size-full\" src=\"https:\/\/www.hometheater.com.br\/portal\/wp-content\/uploads\/2025\/04\/cadeia_telas.jpg\" alt=\"\" width=\"550\" height=\"367\" srcset=\"https:\/\/www.hometheater.com.br\/portal\/wp-content\/uploads\/2025\/04\/cadeia_telas.jpg 550w, https:\/\/www.hometheater.com.br\/portal\/wp-content\/uploads\/2025\/04\/cadeia_telas-300x200.jpg 300w, https:\/\/www.hometheater.com.br\/portal\/wp-content\/uploads\/2025\/04\/cadeia_telas-400x267.jpg 400w, https:\/\/www.hometheater.com.br\/portal\/wp-content\/uploads\/2025\/04\/cadeia_telas-500x334.jpg 500w\" sizes=\"auto, (max-width: 550px) 100vw, 550px\" \/><figcaption id=\"caption-attachment-33513\" class=\"wp-caption-text\"><strong>Alguns fabricantes j\u00e1 montam suas TVs no M\u00e9xico<br \/>para atender o mercado americano.<\/strong><\/figcaption><\/figure>\n<p>Agora, a cadeia de suprimentos criada pela ind\u00fastria nos \u00faltimos anos priorizou a <a href=\"https:\/\/www.tudocelular.com\/mercado\/noticias\/n232699\/samsung-lg-transferir-fabricas-mexico-eua.html\"><strong>montagem das TVs de tela grande no M\u00e9xico<\/strong><\/a>, escapando portanto das novas tarifas. Mas TVs menores continuam sendo montadas na China e outros pa\u00edses do Sudeste Asi\u00e1tico. Diante do novo cen\u00e1rio, espera-se que os fabricantes transfiram toda a montagem para o M\u00e9xico.<\/p>\n<p>Tamb\u00e9m ser\u00e1 enorme o impacto sobre os custos de importa\u00e7\u00e3o dos smartphones: US$ 200 para modelos vindos da China, US$ 150 para os produzidos no Vietnam e US$ 120 para os que v\u00eam da \u00cdndia.<\/p>\n<p>Para notebooks, tablets e demais dispositivos classificados como Mobile PCs, veremos os custos subirem em pelo menos US$ 200. PCs mais avan\u00e7ados (high-end) montados em Taiwan, que em 2024 custavam em m\u00e9dia US$ 1.000, chegar\u00e3o este ano com acr\u00e9scimo de US$ 320.<\/p>\n<figure id=\"attachment_33516\" aria-describedby=\"caption-attachment-33516\" style=\"width: 550px\" class=\"wp-caption aligncenter\"><img loading=\"lazy\" decoding=\"async\" class=\"wp-image-33516 size-full\" src=\"https:\/\/www.hometheater.com.br\/portal\/wp-content\/uploads\/2025\/04\/smartphones_.jpg\" alt=\"\" width=\"550\" height=\"367\" srcset=\"https:\/\/www.hometheater.com.br\/portal\/wp-content\/uploads\/2025\/04\/smartphones_.jpg 550w, https:\/\/www.hometheater.com.br\/portal\/wp-content\/uploads\/2025\/04\/smartphones_-300x200.jpg 300w, https:\/\/www.hometheater.com.br\/portal\/wp-content\/uploads\/2025\/04\/smartphones_-400x267.jpg 400w, https:\/\/www.hometheater.com.br\/portal\/wp-content\/uploads\/2025\/04\/smartphones_-500x334.jpg 500w\" sizes=\"auto, (max-width: 550px) 100vw, 550px\" \/><figcaption id=\"caption-attachment-33516\" class=\"wp-caption-text\"><strong><em>Muitas empresas j\u00e1 anteciparam encomendas prevendo o pior. <br \/>Mesmo assim, os pre\u00e7os ir\u00e3o subir.<\/em><\/strong><\/figcaption><\/figure>\n<p>No caso de smartphones, monitores e dispositivos m\u00f3veis, parece n\u00e3o haver outra solu\u00e7\u00e3o a curto prazo se n\u00e3o aumentar os pre\u00e7os. Muitas empresas na cadeia de suprimentos se anteciparam em dezembro e janeiro \u00faltimos, fazendo suas encomendas antes do an\u00fancio (que j\u00e1 era esperado) das novas tarifas. Por isso, o aumento nos pre\u00e7os dever\u00e1 acontecer mais tarde. E \u00e9 prov\u00e1vel que, diante disso, as encomendas sejam reduzidas.<\/p>\n<p>\u00c9 inevit\u00e1vel que os pre\u00e7os mais altos levem a volumes de compra menores. N\u00e3o temos uma base pr\u00e9via para fazer estimativas sobre a magnitude desse impacto, mas com um aumento m\u00e9dio de 46% nos custos de importa\u00e7\u00e3o ser\u00e1 algo substancial.<\/p>\n<p>E, claro, se outros pa\u00edses responderem e as tarifas escalarem mais alto, haver\u00e1 um bloqueio nas opera\u00e7\u00f5es comerciais, resultando numa recess\u00e3o mundial. Nesse caso, a queda na demanda ser\u00e1 ainda mais grave.<\/p>\n<p><strong>*Analista da consultoria DSSC, especializada na ind\u00fastria de displays. Para ver o artigo original, <\/strong><a href=\"https:\/\/www.displaysupplychain.com\/blog\/trump-tariffs-will-hit-display-industry-hard\"><strong>clique aqui<\/strong><\/a><strong>.<\/strong><\/p>\n<p>&nbsp;<\/p>\n<p style=\"line-height: 150%; margin: 0cm 34.55pt 5.0pt 1.0cm;\"><b><span style=\"font-size: 16.0pt; line-height: 150%; font-family: Poppins; color: black;\">Veja outros posts relacionados:<\/span><\/b><\/p>\n<p style=\"line-height: 150%; margin: 0cm 34.55pt 5.0pt 1.0cm;\"><a href=\"https:\/\/www.em.com.br\/emfoco\/2025\/02\/23\/guerra-comercial-entre-eua-e-china-impacta-precos-de-eletronicos\/?utm_source=chatgpt.com\"><b><span style=\"font-size: 16.0pt; line-height: 150%; font-family: Poppins;\">Guerra comercial EUA x China impacta pre\u00e7os de eletr\u00f4nicos<\/span><\/b><\/a><b><\/b><\/p>\n<p style=\"line-height: 150%; margin: 0cm 34.55pt 5.0pt 1.0cm;\"><a href=\"https:\/\/www.cnnbrasil.com.br\/economia\/macroeconomia\/trump-ameaca-aplicar-tarifa-adicional-de-50-contra-china\/\"><b><span style=\"font-size: 16.0pt; line-height: 150%; font-family: Poppins;\">Trump amea\u00e7a aplicar tarifa adicional de 50% contra a China<\/span><\/b><\/a><b><\/b><\/p>\n<p style=\"line-height: 150%; margin: 0cm 34.55pt 5.0pt 1.0cm;\"><a href=\"https:\/\/www.bbc.com\/portuguese\/articles\/c99px3d2p9ro\"><b><span style=\"font-size: 16.0pt; line-height: 150%; font-family: Poppins;\">Brasil pode sair ganhando com o tarifa\u00e7o de Trump?<\/span><\/b><\/a><b><\/b><\/p>\n<p style=\"line-height: 150%; margin: 0cm 34.55pt 5pt 1cm; text-align: left;\">\n","protected":false},"excerpt":{"rendered":"<p>As tarifas anunciadas no \u00faltimo dia 2 pelo presidente Trump resultar\u00e3o em enormes aumentos de pre\u00e7o em TVs e monitores vendidos no pr\u00f3prio mercado americano.<\/p>\n","protected":false},"author":1,"featured_media":33512,"comment_status":"open","ping_status":"open","sticky":false,"template":"","format":"standard","meta":{"footnotes":""},"categories":[3],"tags":[],"class_list":["post-33500","post","type-post","status-publish","format-standard","has-post-thumbnail","hentry","category-artigos"],"yoast_head":"<!-- This site is optimized with the Yoast SEO plugin v25.7 - https:\/\/yoast.com\/wordpress\/plugins\/seo\/ -->\n<title>Tarifas de Trump ter\u00e3o duro impacto sobre a ind\u00fastria de displays   - HT &amp; Casa Digital<\/title>\n<meta name=\"robots\" content=\"index, follow, max-snippet:-1, max-image-preview:large, max-video-preview:-1\" \/>\n<link rel=\"canonical\" href=\"https:\/\/www.hometheater.com.br\/portal\/2025\/04\/08\/tarifas-de-trump-terao-duro-impacto-sobre-a-industria-de-displays\/\" \/>\n<meta property=\"og:locale\" content=\"pt_BR\" \/>\n<meta property=\"og:type\" content=\"article\" \/>\n<meta property=\"og:title\" content=\"Tarifas de Trump ter\u00e3o duro impacto sobre a ind\u00fastria de displays   - HT &amp; Casa Digital\" \/>\n<meta property=\"og:description\" content=\"As tarifas anunciadas no \u00faltimo dia 2 pelo presidente Trump resultar\u00e3o em enormes aumentos de pre\u00e7o em TVs e monitores vendidos no pr\u00f3prio mercado americano.\" \/>\n<meta property=\"og:url\" content=\"https:\/\/www.hometheater.com.br\/portal\/2025\/04\/08\/tarifas-de-trump-terao-duro-impacto-sobre-a-industria-de-displays\/\" \/>\n<meta property=\"og:site_name\" content=\"HT &amp; Casa Digital\" \/>\n<meta property=\"article:publisher\" content=\"https:\/\/web.facebook.com\/revistahometheater\" \/>\n<meta property=\"article:published_time\" content=\"2025-04-08T12:42:31+00:00\" \/>\n<meta property=\"article:modified_time\" content=\"2025-04-09T17:27:10+00:00\" \/>\n<meta property=\"og:image\" content=\"https:\/\/www.hometheater.com.br\/portal\/wp-content\/uploads\/2025\/04\/abre_telas_.jpg\" \/>\n\t<meta property=\"og:image:width\" content=\"800\" \/>\n\t<meta property=\"og:image:height\" content=\"522\" \/>\n\t<meta property=\"og:image:type\" content=\"image\/jpeg\" \/>\n<meta name=\"author\" content=\"Revista Home Theater &amp; Casa Digital\" \/>\n<meta name=\"twitter:card\" content=\"summary_large_image\" \/>\n<meta name=\"twitter:creator\" content=\"@hometheaterbr\" \/>\n<meta name=\"twitter:site\" content=\"@hometheaterbr\" \/>\n<meta name=\"twitter:label1\" content=\"Escrito por\" \/>\n\t<meta name=\"twitter:data1\" content=\"Revista Home Theater &amp; Casa Digital\" \/>\n\t<meta name=\"twitter:label2\" content=\"Est. tempo de leitura\" \/>\n\t<meta name=\"twitter:data2\" content=\"5 minutos\" \/>\n<script type=\"application\/ld+json\" class=\"yoast-schema-graph\">{\"@context\":\"https:\/\/schema.org\",\"@graph\":[{\"@type\":\"Article\",\"@id\":\"https:\/\/www.hometheater.com.br\/portal\/2025\/04\/08\/tarifas-de-trump-terao-duro-impacto-sobre-a-industria-de-displays\/#article\",\"isPartOf\":{\"@id\":\"https:\/\/www.hometheater.com.br\/portal\/2025\/04\/08\/tarifas-de-trump-terao-duro-impacto-sobre-a-industria-de-displays\/\"},\"author\":{\"name\":\"Revista Home Theater &amp; Casa Digital\",\"@id\":\"https:\/\/www.hometheater.com.br\/portal\/#\/schema\/person\/3b6bd5a9e2a6c4197c7b98dd7a733d22\"},\"headline\":\"Tarifas de Trump ter\u00e3o duro impacto sobre a ind\u00fastria de displays\",\"datePublished\":\"2025-04-08T12:42:31+00:00\",\"dateModified\":\"2025-04-09T17:27:10+00:00\",\"mainEntityOfPage\":{\"@id\":\"https:\/\/www.hometheater.com.br\/portal\/2025\/04\/08\/tarifas-de-trump-terao-duro-impacto-sobre-a-industria-de-displays\/\"},\"wordCount\":971,\"commentCount\":0,\"publisher\":{\"@id\":\"https:\/\/www.hometheater.com.br\/portal\/#organization\"},\"image\":{\"@id\":\"https:\/\/www.hometheater.com.br\/portal\/2025\/04\/08\/tarifas-de-trump-terao-duro-impacto-sobre-a-industria-de-displays\/#primaryimage\"},\"thumbnailUrl\":\"https:\/\/www.hometheater.com.br\/portal\/wp-content\/uploads\/2025\/04\/abre_telas_.jpg\",\"articleSection\":[\"TEND\u00caNCIAS\"],\"inLanguage\":\"pt-BR\",\"potentialAction\":[{\"@type\":\"CommentAction\",\"name\":\"Comment\",\"target\":[\"https:\/\/www.hometheater.com.br\/portal\/2025\/04\/08\/tarifas-de-trump-terao-duro-impacto-sobre-a-industria-de-displays\/#respond\"]}]},{\"@type\":\"WebPage\",\"@id\":\"https:\/\/www.hometheater.com.br\/portal\/2025\/04\/08\/tarifas-de-trump-terao-duro-impacto-sobre-a-industria-de-displays\/\",\"url\":\"https:\/\/www.hometheater.com.br\/portal\/2025\/04\/08\/tarifas-de-trump-terao-duro-impacto-sobre-a-industria-de-displays\/\",\"name\":\"Tarifas de Trump ter\u00e3o duro impacto sobre a ind\u00fastria de displays - HT &amp; Casa Digital\",\"isPartOf\":{\"@id\":\"https:\/\/www.hometheater.com.br\/portal\/#website\"},\"primaryImageOfPage\":{\"@id\":\"https:\/\/www.hometheater.com.br\/portal\/2025\/04\/08\/tarifas-de-trump-terao-duro-impacto-sobre-a-industria-de-displays\/#primaryimage\"},\"image\":{\"@id\":\"https:\/\/www.hometheater.com.br\/portal\/2025\/04\/08\/tarifas-de-trump-terao-duro-impacto-sobre-a-industria-de-displays\/#primaryimage\"},\"thumbnailUrl\":\"https:\/\/www.hometheater.com.br\/portal\/wp-content\/uploads\/2025\/04\/abre_telas_.jpg\",\"datePublished\":\"2025-04-08T12:42:31+00:00\",\"dateModified\":\"2025-04-09T17:27:10+00:00\",\"breadcrumb\":{\"@id\":\"https:\/\/www.hometheater.com.br\/portal\/2025\/04\/08\/tarifas-de-trump-terao-duro-impacto-sobre-a-industria-de-displays\/#breadcrumb\"},\"inLanguage\":\"pt-BR\",\"potentialAction\":[{\"@type\":\"ReadAction\",\"target\":[\"https:\/\/www.hometheater.com.br\/portal\/2025\/04\/08\/tarifas-de-trump-terao-duro-impacto-sobre-a-industria-de-displays\/\"]}]},{\"@type\":\"ImageObject\",\"inLanguage\":\"pt-BR\",\"@id\":\"https:\/\/www.hometheater.com.br\/portal\/2025\/04\/08\/tarifas-de-trump-terao-duro-impacto-sobre-a-industria-de-displays\/#primaryimage\",\"url\":\"https:\/\/www.hometheater.com.br\/portal\/wp-content\/uploads\/2025\/04\/abre_telas_.jpg\",\"contentUrl\":\"https:\/\/www.hometheater.com.br\/portal\/wp-content\/uploads\/2025\/04\/abre_telas_.jpg\",\"width\":800,\"height\":522},{\"@type\":\"BreadcrumbList\",\"@id\":\"https:\/\/www.hometheater.com.br\/portal\/2025\/04\/08\/tarifas-de-trump-terao-duro-impacto-sobre-a-industria-de-displays\/#breadcrumb\",\"itemListElement\":[{\"@type\":\"ListItem\",\"position\":1,\"name\":\"In\u00edcio\",\"item\":\"https:\/\/www.hometheater.com.br\/portal\/\"},{\"@type\":\"ListItem\",\"position\":2,\"name\":\"Tarifas de Trump ter\u00e3o duro impacto sobre a ind\u00fastria de displays\"}]},{\"@type\":\"WebSite\",\"@id\":\"https:\/\/www.hometheater.com.br\/portal\/#website\",\"url\":\"https:\/\/www.hometheater.com.br\/portal\/\",\"name\":\"HT &amp; Casa Digital\",\"description\":\"O mundo digital em sua casa\",\"publisher\":{\"@id\":\"https:\/\/www.hometheater.com.br\/portal\/#organization\"},\"potentialAction\":[{\"@type\":\"SearchAction\",\"target\":{\"@type\":\"EntryPoint\",\"urlTemplate\":\"https:\/\/www.hometheater.com.br\/portal\/?s={search_term_string}\"},\"query-input\":{\"@type\":\"PropertyValueSpecification\",\"valueRequired\":true,\"valueName\":\"search_term_string\"}}],\"inLanguage\":\"pt-BR\"},{\"@type\":\"Organization\",\"@id\":\"https:\/\/www.hometheater.com.br\/portal\/#organization\",\"name\":\"Home Theater\",\"url\":\"https:\/\/www.hometheater.com.br\/portal\/\",\"logo\":{\"@type\":\"ImageObject\",\"inLanguage\":\"pt-BR\",\"@id\":\"https:\/\/www.hometheater.com.br\/portal\/#\/schema\/logo\/image\/\",\"url\":\"https:\/\/www.hometheater.com.br\/portal\/wp-content\/uploads\/2022\/06\/assine_ht_01.png\",\"contentUrl\":\"https:\/\/www.hometheater.com.br\/portal\/wp-content\/uploads\/2022\/06\/assine_ht_01.png\",\"width\":800,\"height\":254,\"caption\":\"Home Theater\"},\"image\":{\"@id\":\"https:\/\/www.hometheater.com.br\/portal\/#\/schema\/logo\/image\/\"},\"sameAs\":[\"https:\/\/web.facebook.com\/revistahometheater\",\"https:\/\/x.com\/hometheaterbr\"]},{\"@type\":\"Person\",\"@id\":\"https:\/\/www.hometheater.com.br\/portal\/#\/schema\/person\/3b6bd5a9e2a6c4197c7b98dd7a733d22\",\"name\":\"Revista Home Theater &amp; Casa Digital\",\"image\":{\"@type\":\"ImageObject\",\"inLanguage\":\"pt-BR\",\"@id\":\"https:\/\/www.hometheater.com.br\/portal\/#\/schema\/person\/image\/\",\"url\":\"https:\/\/secure.gravatar.com\/avatar\/fd86f33d841f0f43adcc1665dd80ca740e028af4297e20d3444f9335092a6ee7?s=96&d=mm&r=g\",\"contentUrl\":\"https:\/\/secure.gravatar.com\/avatar\/fd86f33d841f0f43adcc1665dd80ca740e028af4297e20d3444f9335092a6ee7?s=96&d=mm&r=g\",\"caption\":\"Revista Home Theater &amp; Casa Digital\"},\"url\":\"https:\/\/www.hometheater.com.br\/portal\/author\/flavio\/\"}]}<\/script>\n<!-- \/ Yoast SEO plugin. -->","yoast_head_json":{"title":"Tarifas de Trump ter\u00e3o duro impacto sobre a ind\u00fastria de displays   - HT &amp; Casa Digital","robots":{"index":"index","follow":"follow","max-snippet":"max-snippet:-1","max-image-preview":"max-image-preview:large","max-video-preview":"max-video-preview:-1"},"canonical":"https:\/\/www.hometheater.com.br\/portal\/2025\/04\/08\/tarifas-de-trump-terao-duro-impacto-sobre-a-industria-de-displays\/","og_locale":"pt_BR","og_type":"article","og_title":"Tarifas de Trump ter\u00e3o duro impacto sobre a ind\u00fastria de displays   - HT &amp; Casa Digital","og_description":"As tarifas anunciadas no \u00faltimo dia 2 pelo presidente Trump resultar\u00e3o em enormes aumentos de pre\u00e7o em TVs e monitores vendidos no pr\u00f3prio mercado americano.","og_url":"https:\/\/www.hometheater.com.br\/portal\/2025\/04\/08\/tarifas-de-trump-terao-duro-impacto-sobre-a-industria-de-displays\/","og_site_name":"HT &amp; Casa Digital","article_publisher":"https:\/\/web.facebook.com\/revistahometheater","article_published_time":"2025-04-08T12:42:31+00:00","article_modified_time":"2025-04-09T17:27:10+00:00","og_image":[{"width":800,"height":522,"url":"https:\/\/www.hometheater.com.br\/portal\/wp-content\/uploads\/2025\/04\/abre_telas_.jpg","type":"image\/jpeg"}],"author":"Revista Home Theater &amp; Casa Digital","twitter_card":"summary_large_image","twitter_creator":"@hometheaterbr","twitter_site":"@hometheaterbr","twitter_misc":{"Escrito por":"Revista Home Theater &amp; Casa Digital","Est. tempo de leitura":"5 minutos"},"schema":{"@context":"https:\/\/schema.org","@graph":[{"@type":"Article","@id":"https:\/\/www.hometheater.com.br\/portal\/2025\/04\/08\/tarifas-de-trump-terao-duro-impacto-sobre-a-industria-de-displays\/#article","isPartOf":{"@id":"https:\/\/www.hometheater.com.br\/portal\/2025\/04\/08\/tarifas-de-trump-terao-duro-impacto-sobre-a-industria-de-displays\/"},"author":{"name":"Revista Home Theater &amp; Casa Digital","@id":"https:\/\/www.hometheater.com.br\/portal\/#\/schema\/person\/3b6bd5a9e2a6c4197c7b98dd7a733d22"},"headline":"Tarifas de Trump ter\u00e3o duro impacto sobre a ind\u00fastria de displays","datePublished":"2025-04-08T12:42:31+00:00","dateModified":"2025-04-09T17:27:10+00:00","mainEntityOfPage":{"@id":"https:\/\/www.hometheater.com.br\/portal\/2025\/04\/08\/tarifas-de-trump-terao-duro-impacto-sobre-a-industria-de-displays\/"},"wordCount":971,"commentCount":0,"publisher":{"@id":"https:\/\/www.hometheater.com.br\/portal\/#organization"},"image":{"@id":"https:\/\/www.hometheater.com.br\/portal\/2025\/04\/08\/tarifas-de-trump-terao-duro-impacto-sobre-a-industria-de-displays\/#primaryimage"},"thumbnailUrl":"https:\/\/www.hometheater.com.br\/portal\/wp-content\/uploads\/2025\/04\/abre_telas_.jpg","articleSection":["TEND\u00caNCIAS"],"inLanguage":"pt-BR","potentialAction":[{"@type":"CommentAction","name":"Comment","target":["https:\/\/www.hometheater.com.br\/portal\/2025\/04\/08\/tarifas-de-trump-terao-duro-impacto-sobre-a-industria-de-displays\/#respond"]}]},{"@type":"WebPage","@id":"https:\/\/www.hometheater.com.br\/portal\/2025\/04\/08\/tarifas-de-trump-terao-duro-impacto-sobre-a-industria-de-displays\/","url":"https:\/\/www.hometheater.com.br\/portal\/2025\/04\/08\/tarifas-de-trump-terao-duro-impacto-sobre-a-industria-de-displays\/","name":"Tarifas de Trump ter\u00e3o duro impacto sobre a ind\u00fastria de displays - HT &amp; Casa Digital","isPartOf":{"@id":"https:\/\/www.hometheater.com.br\/portal\/#website"},"primaryImageOfPage":{"@id":"https:\/\/www.hometheater.com.br\/portal\/2025\/04\/08\/tarifas-de-trump-terao-duro-impacto-sobre-a-industria-de-displays\/#primaryimage"},"image":{"@id":"https:\/\/www.hometheater.com.br\/portal\/2025\/04\/08\/tarifas-de-trump-terao-duro-impacto-sobre-a-industria-de-displays\/#primaryimage"},"thumbnailUrl":"https:\/\/www.hometheater.com.br\/portal\/wp-content\/uploads\/2025\/04\/abre_telas_.jpg","datePublished":"2025-04-08T12:42:31+00:00","dateModified":"2025-04-09T17:27:10+00:00","breadcrumb":{"@id":"https:\/\/www.hometheater.com.br\/portal\/2025\/04\/08\/tarifas-de-trump-terao-duro-impacto-sobre-a-industria-de-displays\/#breadcrumb"},"inLanguage":"pt-BR","potentialAction":[{"@type":"ReadAction","target":["https:\/\/www.hometheater.com.br\/portal\/2025\/04\/08\/tarifas-de-trump-terao-duro-impacto-sobre-a-industria-de-displays\/"]}]},{"@type":"ImageObject","inLanguage":"pt-BR","@id":"https:\/\/www.hometheater.com.br\/portal\/2025\/04\/08\/tarifas-de-trump-terao-duro-impacto-sobre-a-industria-de-displays\/#primaryimage","url":"https:\/\/www.hometheater.com.br\/portal\/wp-content\/uploads\/2025\/04\/abre_telas_.jpg","contentUrl":"https:\/\/www.hometheater.com.br\/portal\/wp-content\/uploads\/2025\/04\/abre_telas_.jpg","width":800,"height":522},{"@type":"BreadcrumbList","@id":"https:\/\/www.hometheater.com.br\/portal\/2025\/04\/08\/tarifas-de-trump-terao-duro-impacto-sobre-a-industria-de-displays\/#breadcrumb","itemListElement":[{"@type":"ListItem","position":1,"name":"In\u00edcio","item":"https:\/\/www.hometheater.com.br\/portal\/"},{"@type":"ListItem","position":2,"name":"Tarifas de Trump ter\u00e3o duro impacto sobre a ind\u00fastria de displays"}]},{"@type":"WebSite","@id":"https:\/\/www.hometheater.com.br\/portal\/#website","url":"https:\/\/www.hometheater.com.br\/portal\/","name":"HT &amp; Casa Digital","description":"O mundo digital em sua casa","publisher":{"@id":"https:\/\/www.hometheater.com.br\/portal\/#organization"},"potentialAction":[{"@type":"SearchAction","target":{"@type":"EntryPoint","urlTemplate":"https:\/\/www.hometheater.com.br\/portal\/?s={search_term_string}"},"query-input":{"@type":"PropertyValueSpecification","valueRequired":true,"valueName":"search_term_string"}}],"inLanguage":"pt-BR"},{"@type":"Organization","@id":"https:\/\/www.hometheater.com.br\/portal\/#organization","name":"Home Theater","url":"https:\/\/www.hometheater.com.br\/portal\/","logo":{"@type":"ImageObject","inLanguage":"pt-BR","@id":"https:\/\/www.hometheater.com.br\/portal\/#\/schema\/logo\/image\/","url":"https:\/\/www.hometheater.com.br\/portal\/wp-content\/uploads\/2022\/06\/assine_ht_01.png","contentUrl":"https:\/\/www.hometheater.com.br\/portal\/wp-content\/uploads\/2022\/06\/assine_ht_01.png","width":800,"height":254,"caption":"Home Theater"},"image":{"@id":"https:\/\/www.hometheater.com.br\/portal\/#\/schema\/logo\/image\/"},"sameAs":["https:\/\/web.facebook.com\/revistahometheater","https:\/\/x.com\/hometheaterbr"]},{"@type":"Person","@id":"https:\/\/www.hometheater.com.br\/portal\/#\/schema\/person\/3b6bd5a9e2a6c4197c7b98dd7a733d22","name":"Revista Home Theater &amp; Casa Digital","image":{"@type":"ImageObject","inLanguage":"pt-BR","@id":"https:\/\/www.hometheater.com.br\/portal\/#\/schema\/person\/image\/","url":"https:\/\/secure.gravatar.com\/avatar\/fd86f33d841f0f43adcc1665dd80ca740e028af4297e20d3444f9335092a6ee7?s=96&d=mm&r=g","contentUrl":"https:\/\/secure.gravatar.com\/avatar\/fd86f33d841f0f43adcc1665dd80ca740e028af4297e20d3444f9335092a6ee7?s=96&d=mm&r=g","caption":"Revista Home Theater &amp; Casa Digital"},"url":"https:\/\/www.hometheater.com.br\/portal\/author\/flavio\/"}]}},"_links":{"self":[{"href":"https:\/\/www.hometheater.com.br\/portal\/wp-json\/wp\/v2\/posts\/33500","targetHints":{"allow":["GET"]}}],"collection":[{"href":"https:\/\/www.hometheater.com.br\/portal\/wp-json\/wp\/v2\/posts"}],"about":[{"href":"https:\/\/www.hometheater.com.br\/portal\/wp-json\/wp\/v2\/types\/post"}],"author":[{"embeddable":true,"href":"https:\/\/www.hometheater.com.br\/portal\/wp-json\/wp\/v2\/users\/1"}],"replies":[{"embeddable":true,"href":"https:\/\/www.hometheater.com.br\/portal\/wp-json\/wp\/v2\/comments?post=33500"}],"version-history":[{"count":0,"href":"https:\/\/www.hometheater.com.br\/portal\/wp-json\/wp\/v2\/posts\/33500\/revisions"}],"wp:featuredmedia":[{"embeddable":true,"href":"https:\/\/www.hometheater.com.br\/portal\/wp-json\/wp\/v2\/media\/33512"}],"wp:attachment":[{"href":"https:\/\/www.hometheater.com.br\/portal\/wp-json\/wp\/v2\/media?parent=33500"}],"wp:term":[{"taxonomy":"category","embeddable":true,"href":"https:\/\/www.hometheater.com.br\/portal\/wp-json\/wp\/v2\/categories?post=33500"},{"taxonomy":"post_tag","embeddable":true,"href":"https:\/\/www.hometheater.com.br\/portal\/wp-json\/wp\/v2\/tags?post=33500"}],"curies":[{"name":"wp","href":"https:\/\/api.w.org\/{rel}","templated":true}]}}