{"id":33379,"date":"2025-04-03T10:30:06","date_gmt":"2025-04-03T13:30:06","guid":{"rendered":"https:\/\/www.hometheater.com.br\/portal\/?p=33379"},"modified":"2025-04-17T14:50:39","modified_gmt":"2025-04-17T17:50:39","slug":"fabrica-de-sons-veja-como-sao-construidas-as-caixas-acusticas","status":"publish","type":"post","link":"https:\/\/www.hometheater.com.br\/portal\/2025\/04\/03\/fabrica-de-sons-veja-como-sao-construidas-as-caixas-acusticas\/","title":{"rendered":"F\u00e1brica de sons: veja como s\u00e3o constru\u00eddas as caixas ac\u00fasticas"},"content":{"rendered":"<p><img loading=\"lazy\" decoding=\"async\" class=\"aligncenter size-full wp-image-33380\" src=\"https:\/\/www.hometheater.com.br\/portal\/wp-content\/uploads\/2025\/04\/abre_aat_entrevista.jpg\" alt=\"\" width=\"800\" height=\"498\" srcset=\"https:\/\/www.hometheater.com.br\/portal\/wp-content\/uploads\/2025\/04\/abre_aat_entrevista.jpg 800w, https:\/\/www.hometheater.com.br\/portal\/wp-content\/uploads\/2025\/04\/abre_aat_entrevista-300x187.jpg 300w, https:\/\/www.hometheater.com.br\/portal\/wp-content\/uploads\/2025\/04\/abre_aat_entrevista-768x478.jpg 768w, https:\/\/www.hometheater.com.br\/portal\/wp-content\/uploads\/2025\/04\/abre_aat_entrevista-400x249.jpg 400w, https:\/\/www.hometheater.com.br\/portal\/wp-content\/uploads\/2025\/04\/abre_aat_entrevista-500x311.jpg 500w\" sizes=\"auto, (max-width: 800px) 100vw, 800px\" \/><\/p>\n<p><em><strong>AAT monta em S\u00e3o Paulo uma das estruturas mais modernas do Brasil para fabricar produtos de \u00e1udio<\/strong><\/em><\/p>\n<div class=\"button-center\"><a href=\"#\" target=\"_self\" class=\"buttons btn_blue center\"><span class=\"left\">Por ORLANDO BARROZO<\/span><\/a><\/div>\n<p>Com tantas op\u00e7\u00f5es em produtos importados, em todas as faixas de pre\u00e7o, ainda vale a pena fabricar produtos de \u00e1udio no Brasil? Quem fizer essa pergunta a Jo\u00e3o Yazbek, fundador e diretor da AAT (<em>Advanced Audio Technologies<\/em>), n\u00e3o precisar\u00e1 esperar muito pela resposta: o empres\u00e1rio s\u00f3 v\u00ea vantagens nessa sua op\u00e7\u00e3o.<\/p><div class=\"homet-conteudo\" style=\"text-align: center;\" id=\"homet-2745521063\"><div data-cfpa=\"35734\" data-cfpw=\"35734\" id=\"homet-2681001452\"><a data-no-instant=\"1\" href=\"https:\/\/www.harmanluxuryaudio.com\/\" rel=\"noopener\" class=\"a2t-link\" aria-label=\"ARCAM-SA45-BANNER-NEWSLETTER\"><img loading=\"lazy\" decoding=\"async\" src=\"https:\/\/www.hometheater.com.br\/portal\/wp-content\/uploads\/2025\/09\/ARCAM-SA45-BANNER-NEWSLETTER.gif\" alt=\"\"  class=\"no-lazyload\" width=\"300\" height=\"250\"   \/><\/a><\/div><h6><span style=\"color: #808080;\"><em>Publicidade<\/em><\/span><\/h6>\r\n<\/br><script type=\"text\/javascript\">;new advadsCfpAd( 35734 );<\/script><\/div>\n<p>\u201cMuitos dizem que n\u00e3o \u00e9 poss\u00edvel produzir \u00e1udio no Brasil de forma competitiva, mas n\u00e3o \u00e9 bem assim. No segmento de CI (<em>custom installation<\/em>), n\u00f3s conseguimos desenvolver, produzir e vender a pre\u00e7os bem competitivos\u201d, diz Yazbek, que em outubro \u00faltimo inaugurou uma das maiores, se n\u00e3o a maior f\u00e1brica de caixas ac\u00fasticas e amplificadores do pa\u00eds.<\/p>\n<p>A unidade, que visitamos em mar\u00e7o, tem cerca de 3.000m2 e foi montada no bairro do Ipiranga, num galp\u00e3o que tem tudo a ver com o processo de industrializa\u00e7\u00e3o da capital paulista \u2013 ali funcionavam as tecelagens da Fam\u00edlia Jafet, que no s\u00e9culo passado foi um dos maiores grupos industriais da Am\u00e9rica Latina.<\/p>\n<p>&nbsp;<\/p>\n<p><iframe loading=\"lazy\" title=\"YouTube video player\" src=\"https:\/\/www.youtube.com\/embed\/DNj6hIzt6zw?si=O5tPFBJGg4gmFHP8\" width=\"800\" height=\"450\" frameborder=\"0\" allowfullscreen=\"allowfullscreen\"><\/iframe><\/p>\n<p>&nbsp;<\/p>\n<h3><span style=\"text-decoration: underline;\"><strong>Mais de 250 produtos de \u00e1udio fabricados no Brasil<\/strong><\/span><\/h3>\n<p>&nbsp;<\/p>\n<p>\u201cO mais importante de ter uma f\u00e1brica no Brasil \u00e9 a agilidade no desenvolvimento dos produtos\u201d, continua Yazbek. \u201cA solu\u00e7\u00e3o dos problemas \u00e9 muito mais \u00e1gil, com assist\u00eancia t\u00e9cnica e suporte pr\u00f3prios. Conseguimos ter um lineup de mais de 250 produtos! Importar isso tudo e gerenciar toda a log\u00edstica da distribui\u00e7\u00e3o, reposi\u00e7\u00e3o de pe\u00e7as etc. \u00e9 simplesmente imposs\u00edvel\u201d.<\/p>\n<p>Antigo engenheiro da Philips, tendo inclusive morado na Holanda por alguns anos, Yazbek adquiriu grande experi\u00eancia com as quest\u00f5es relacionadas \u00e0 fabrica\u00e7\u00e3o de eletr\u00f4nicos e sua distribui\u00e7\u00e3o no mercado internacional. Em 2006, decidiu empreender montando uma f\u00e1brica de componentes para automa\u00e7\u00e3o industrial. A marca AAT nasceu em 2014, com a proposta de oferecer alternativas de qualidade a pre\u00e7os mais atraentes que os das marcas internacionais.<\/p>\n<p>Nesta entrevista, ele e sua esposa M\u00f4nica, tamb\u00e9m engenheira e cofundadora da empresa, apresentam a nova f\u00e1brica (<a href=\"https:\/\/www.youtube.com\/watch?v=DNj6hIzt6zw\"><strong>veja tamb\u00e9m o v\u00eddeo que produzimos<\/strong><\/a>) e analisam as mudan\u00e7as que o mercado de consumo de \u00e1udio vem experimentando nos \u00faltimos anos:<\/p>\n<p>&nbsp;<\/p>\n<p><img loading=\"lazy\" decoding=\"async\" class=\"aligncenter size-full wp-image-33427\" src=\"https:\/\/www.hometheater.com.br\/portal\/wp-content\/uploads\/2025\/04\/joao_aat_audio_.jpg\" alt=\"\" width=\"550\" height=\"331\" srcset=\"https:\/\/www.hometheater.com.br\/portal\/wp-content\/uploads\/2025\/04\/joao_aat_audio_.jpg 550w, https:\/\/www.hometheater.com.br\/portal\/wp-content\/uploads\/2025\/04\/joao_aat_audio_-300x181.jpg 300w, https:\/\/www.hometheater.com.br\/portal\/wp-content\/uploads\/2025\/04\/joao_aat_audio_-400x241.jpg 400w, https:\/\/www.hometheater.com.br\/portal\/wp-content\/uploads\/2025\/04\/joao_aat_audio_-500x301.jpg 500w\" sizes=\"auto, (max-width: 550px) 100vw, 550px\" \/><\/p>\n<p>&nbsp;<\/p>\n<p><em><strong>P \u2013 O que essa f\u00e1brica tem de diferente?<\/strong><\/em><\/p>\n<p><strong>R<\/strong> \u2013 S\u00e3o duas unidades: uma marcenaria, que fornece as caixas de madeira, e a unidade de manufatura com 70 pessoas na produ\u00e7\u00e3o. Todos os nossos produtos s\u00e3o montados l\u00e1. Funcionamos como uma montadora de carros. Fazemos o <em>sourcing<\/em> das partes l\u00e1 fora de acordo com a nossa especifica\u00e7\u00e3o, montamos, fazemos os testes, tudo nessa f\u00e1brica. Ela nos permite ter uma linha completa de produtos: caixas, subwoofers, amplificadores, cabos e condicionadores de energia (veja o slideshow). E complementamos com os importados, que s\u00e3o hoje 20% da nossa linha.<\/p>\n<p>&nbsp;<\/p>\n<p><img loading=\"lazy\" decoding=\"async\" class=\"aligncenter wp-image-33388\" src=\"https:\/\/www.hometheater.com.br\/portal\/wp-content\/uploads\/2025\/04\/manufatura_.jpg\" alt=\"\" width=\"550\" height=\"413\" srcset=\"https:\/\/www.hometheater.com.br\/portal\/wp-content\/uploads\/2025\/04\/manufatura_.jpg 800w, https:\/\/www.hometheater.com.br\/portal\/wp-content\/uploads\/2025\/04\/manufatura_-300x225.jpg 300w, https:\/\/www.hometheater.com.br\/portal\/wp-content\/uploads\/2025\/04\/manufatura_-768x576.jpg 768w, https:\/\/www.hometheater.com.br\/portal\/wp-content\/uploads\/2025\/04\/manufatura_-400x300.jpg 400w, https:\/\/www.hometheater.com.br\/portal\/wp-content\/uploads\/2025\/04\/manufatura_-500x375.jpg 500w\" sizes=\"auto, (max-width: 550px) 100vw, 550px\" \/><\/p>\n<p>&nbsp;<\/p>\n<p><em><strong>P \u2013 Quais s\u00e3o as vantagens de produzir tudo em casa?<\/strong><\/em><\/p>\n<p><strong>R<\/strong> \u2013 Basta dizer que temos hoje a maior linha de subwoofers do Brasil e 18 op\u00e7\u00f5es de multiroom, incluindo uma matriz sem amplificador. Tudo desenvolvido e fabricado por n\u00f3s. Ningu\u00e9m tem isso no mercado brasileiro! Ter uma f\u00e1brica como essa significa capacidade de desenvolvimento de acordo com a realidade brasileira, pois trabalhamos muito pr\u00f3ximos dos integradores e sabemos o que eles buscam e precisam.<\/p>\n<p>&nbsp;<\/p>\n<blockquote><p><strong><em>\u201cFazemos quest\u00e3o de manter estoque <\/em><\/strong><\/p>\n<p><strong><em>de componentes, mesmo para aparelhos usados. <\/em><\/strong><\/p>\n<p><strong><em>E n\u00f3s mesmos fazemos o reparo\u201d.<\/em><\/strong><\/p><\/blockquote>\n<p>&nbsp;<\/p>\n<p><em><strong>P \u2013 Como funciona na pr\u00e1tica esse trabalho junto aos integradores?<\/strong><\/em><\/p>\n<p><strong>R<\/strong> \u2013 Ouvimos muito os integradores ao desenvolver nossos produtos. E, depois da venda, garantimos todo o suporte necess\u00e1rio, inclusive com treinamentos cont\u00ednuos e apoio nos projetos deles. H\u00e1 produtos lan\u00e7ados dez anos atr\u00e1s que, se fossem importados, j\u00e1 estariam no lixo. N\u00f3s fazemos quest\u00e3o de manter estoque de componentes obsoletos, ou seja, se der problema num aparelho, mesmo que seja usado, o integrador nos envia e n\u00f3s fazemos o reparo.<\/p>\n<p>&nbsp;<\/p>\n<p><em><strong>P \u2013 E como voc\u00eas conseguem atender integradores em todo o pa\u00eds?<\/strong><\/em><\/p>\n<p><strong>R<\/strong> \u2013 Pois \u00e9, criamos uma estrutura muito enxuta de distribui\u00e7\u00e3o e atendimento. N\u00e3o terceirizamos a distribui\u00e7\u00e3o, nem temos representantes. O integrador pode nos ligar quando quiser que nossa equipe \u00e9 treinada para resolver. Nossos atendentes conhecem todos os produtos que fabricamos. Al\u00e9m de ser mais pr\u00e1tico e eficiente, isso resulta em pre\u00e7os mais baixos, porque n\u00e3o precisamos pagar comiss\u00f5es a intermedi\u00e1rios. E n\u00e3o vendemos direto ao p\u00fablico, somente para integradores.<\/p>\n<p>&nbsp;<\/p>\n<p><em><strong>P \u2013 Voc\u00eas t\u00eam estrutura pr\u00f3pria de entrega e despacho dos produtos?<\/strong><\/em><\/p>\n<p><strong>R<\/strong> \u2013 O pr\u00f3prio integrador decide como quer receb\u00ea-los. Ele \u00e9 quem conhece a regi\u00e3o onde atua e sabe qual \u00e9 a transportadora que atende melhor, ent\u00e3o deixamos essa parte por conta dele. Aqui, centralizamos venda e p\u00f3s-venda. Costumamos dizer que a AAT \u00e9 uma <em>one-stop-shop<\/em>: se o integrador quiser, ele faz um projeto de \u00e1udio inteiro s\u00f3 com nossos produtos. E ter\u00e1 todo o suporte que precisar, inclusive no projeto e na pr\u00e9-venda.<\/p>\n<p>&nbsp;<\/p>\n<p><img loading=\"lazy\" decoding=\"async\" class=\"aligncenter size-full wp-image-33402\" src=\"https:\/\/www.hometheater.com.br\/portal\/wp-content\/uploads\/2025\/04\/manufatura_-1.jpg\" alt=\"\" width=\"550\" height=\"423\" srcset=\"https:\/\/www.hometheater.com.br\/portal\/wp-content\/uploads\/2025\/04\/manufatura_-1.jpg 550w, https:\/\/www.hometheater.com.br\/portal\/wp-content\/uploads\/2025\/04\/manufatura_-1-300x231.jpg 300w, https:\/\/www.hometheater.com.br\/portal\/wp-content\/uploads\/2025\/04\/manufatura_-1-400x308.jpg 400w, https:\/\/www.hometheater.com.br\/portal\/wp-content\/uploads\/2025\/04\/manufatura_-1-500x385.jpg 500w\" sizes=\"auto, (max-width: 550px) 100vw, 550px\" \/><\/p>\n<p>&nbsp;<\/p>\n<h3><span style=\"text-decoration: underline;\"><strong>As vantagens de ser fabricante e tamb\u00e9m distribuidor<\/strong><\/span><\/h3>\n<p>&nbsp;<\/p>\n<p><em><strong>P \u2013 Recentemente, voc\u00eas criaram a AAT Distribution, ou seja, al\u00e9m de fabricantes se tornaram tamb\u00e9m distribuidores. Como \u00e9 conciliar essas duas atividades?<\/strong><\/em><\/p>\n<p><strong>R<\/strong> \u2013 Temos uma engenharia interna que, al\u00e9m de desenvolver os produtos, avalia importados, coisa que pouca gente faz no Brasil. Avaliamos cada produto e cada pe\u00e7a que trazemos de fora. Ser fabricante e tamb\u00e9m desenvolvedor te d\u00e1 essa capacidade de saber exatamente o que voc\u00ea est\u00e1 vendendo. H\u00e1 empresas que se dizem fabricantes, mas s\u00e3o apenas distribuidores de produtos importados. Trazem as pe\u00e7as da China, montam, colocam sua marca e vendem. Na pr\u00e1tica, n\u00e3o sabem o que est\u00e3o vendendo. Na eventualidade de um problema de suporte, n\u00e3o sabem como atender.<\/p>\n<p>&nbsp;<\/p>\n<p><em><strong>P \u2013 Como voc\u00eas avaliam hoje o mercado de \u00e1udio no Brasil? Muito diferente de quando a empresa come\u00e7ou, n\u00e3o?<\/strong><\/em><\/p>\n<p><strong>R<\/strong> \u2013 H\u00e1 cerca de dez anos, decidimos nos posicionar como <em>middle-market<\/em>, e hoje vemos que foi uma op\u00e7\u00e3o acertada. N\u00e3o trabalhamos com produtos populares, porque ter\u00edamos que abrir m\u00e3o da qualidade e \u00e9 imposs\u00edvel competir com os pre\u00e7os dos chineses. E tamb\u00e9m n\u00e3o somos um fabricante de high-end, porque vemos que esse mercado est\u00e1 acabando no mundo inteiro. Esse consumidor est\u00e1 migrando do home theater e do \u00e1udio high-end para solu\u00e7\u00f5es de \u00e1udio e v\u00eddeo na \u00e1rea gourmet, som ambiente e \u00e1reas externas da casa. E n\u00f3s temos bons produtos para tudo isso.<\/p>\n<p>&nbsp;<\/p>\n<blockquote><p><strong><em>\u201cAs pessoas hoje t\u00eam h\u00e1bitos<\/em><\/strong><\/p>\n<p><strong><em>diferentes. Antes, o receiver era o<\/em><\/strong><\/p>\n<p><strong><em>centro da casa. Hoje, \u00e9 a TV\u201d.<\/em><\/strong><\/p>\n<p>&nbsp;<\/p><\/blockquote>\n<p><em><strong>P \u2013 Como definir esse middle-market? Quem \u00e9 esse p\u00fablico?<\/strong><\/em><\/p>\n<p><strong>R<\/strong> \u2013 <em>Middle-market<\/em> \u00e9 quando voc\u00ea tem produtos de boa qualidade a um pre\u00e7o razo\u00e1vel. N\u00e3o vamos ter a margem de um produto high-end, mas temos um volume significativo. Tanto que hoje somos o maior fabricante de \u00e1udio\/v\u00eddeo do segmento CI (integradores) que tem f\u00e1brica no Brasil. A verdade \u00e9 que o consumidor n\u00e3o fica mais sentado naquela sala dedicada, como era 30 anos atr\u00e1s, preocupado em ouvir a respira\u00e7\u00e3o do cantor ou o passarinho cantando na caixa traseira. O mercado mudou. Ele est\u00e1 tomando uma cerveja ou um vinho, comendo sua picanha e ouvindo m\u00fasica do Spotify.<\/p>\n<p>&nbsp;<\/p>\n<p><em><strong>P \u2013 Qual \u00e9 a explica\u00e7\u00e3o para esse fen\u00f4meno?<\/strong><\/em><\/p>\n<p><strong>R<\/strong> \u2013 A quest\u00e3o \u00e9 que as pessoas hoje t\u00eam h\u00e1bitos diferentes. O streaming tem muito a ver com isso. Antes, o receiver era o centro de tudo na casa, tanto est\u00e9reo quanto multicanal. Hoje, a TV faz esse papel, todas as fontes est\u00e3o ligadas a ela. Com a conex\u00e3o HDMI ARC, os paradigmas mudaram. Da\u00ed o crescimento dos amplificadores de streaming, hoje um dos nossos principais produtos. At\u00e9 a classe A tem migrado para o tipo de produto que vendemos!<\/p>\n<p>&nbsp;<\/p>\n<p><img loading=\"lazy\" decoding=\"async\" class=\"aligncenter wp-image-33383\" src=\"https:\/\/www.hometheater.com.br\/portal\/wp-content\/uploads\/2025\/04\/amplificador_.jpg\" alt=\"\" width=\"550\" height=\"406\" srcset=\"https:\/\/www.hometheater.com.br\/portal\/wp-content\/uploads\/2025\/04\/amplificador_.jpg 800w, https:\/\/www.hometheater.com.br\/portal\/wp-content\/uploads\/2025\/04\/amplificador_-300x222.jpg 300w, https:\/\/www.hometheater.com.br\/portal\/wp-content\/uploads\/2025\/04\/amplificador_-768x567.jpg 768w, https:\/\/www.hometheater.com.br\/portal\/wp-content\/uploads\/2025\/04\/amplificador_-720x530.jpg 720w, https:\/\/www.hometheater.com.br\/portal\/wp-content\/uploads\/2025\/04\/amplificador_-400x296.jpg 400w, https:\/\/www.hometheater.com.br\/portal\/wp-content\/uploads\/2025\/04\/amplificador_-500x369.jpg 500w\" sizes=\"auto, (max-width: 550px) 100vw, 550px\" \/><\/p>\n<p>&nbsp;<\/p>\n<p><em><strong>P \u2013 Isso explica tamb\u00e9m o crescimento das solu\u00e7\u00f5es para automa\u00e7\u00e3o residencial?<\/strong><\/em><\/p>\n<p><strong>R<\/strong> \u2013 Sim, mas n\u00e3o \u00e9 aquela automa\u00e7\u00e3o da Alexa ou do Tuya (marca chinesa de acess\u00f3rios baratos). Hoje, h\u00e1 grande influ\u00eancia do arquiteto nos projetos, o que faz muitos consumidores preferirem caixas de embutir, por exemplo. Eles procuram o arquiteto para fazer AV e automa\u00e7\u00e3o na casa inteira. Ou ent\u00e3o solu\u00e7\u00f5es arquitet\u00f4nicas, como as caixas italianas Garvan que estamos importando. S\u00e3o produtos de alto padr\u00e3o, n\u00e3o baratos, mas que conquistam o consumidor pela est\u00e9tica, com uma \u00f3tima qualidade de \u00e1udio.<\/p>\n<p>&nbsp;<\/p>\n<h3 style=\"text-align: center;\"><span style=\"text-decoration: underline;\"><strong>CONHE\u00c7A ALGUNS PRODUTOS DA AAT<\/strong><\/span><\/h3>\n<p>&nbsp;<\/p>\n\t\t\t<style>\n                #foogallery-gallery-33387.fg-simple_portfolio {\n                    justify-content: center;\n                }\n                #foogallery-gallery-33387.fg-simple_portfolio .fg-item {\n                    flex-basis: 300px;\n                    margin: 5px;\n                }\n\t\t\t<\/style>\n\t\t\t<div class=\"foogallery foogallery-container foogallery-simple_portfolio foogallery-lightbox-foobox fg-simple_portfolio fg-dark fg-border-thin fg-shadow-outline fg-loading-default fg-loaded-fade-in fg-caption-always fg-hover-fade fg-hover-zoom fg-ready fg-debug fg-caption-always\" id=\"foogallery-gallery-33387\" data-foogallery=\"{&quot;item&quot;:{&quot;showCaptionTitle&quot;:true,&quot;showCaptionDescription&quot;:true},&quot;lazy&quot;:true}\" >\n\t<div class=\"fg-item fg-type-image fg-idle\"><figure class=\"fg-item-inner\"><a href=\"https:\/\/www.hometheater.com.br\/portal\/wp-content\/uploads\/2025\/04\/amplificador-PMR-9-G3.jpg\" data-caption-title=\"Amplificador PM-4 G3 para streaming e multiroom\" data-caption-desc=\"Amplificador PM-4 G3 para streaming e multiroom\" data-attachment-id=\"33390\" class=\"foogallery-thumb  fg-thumb\" data-type=\"image\"><span class=\"fg-image-wrap\"><img fetchpriority=\"high\" decoding=\"async\" title=\"Amplificador PM-4 G3 para streaming e multiroom\" class=\"bf-img skip-lazy fg-image\" height=\"450\" width=\"300\" data-src-fg=\"https:\/\/www.hometheater.com.br\/portal\/wp-content\/uploads\/cache\/2025\/04\/amplificador-PMR-9-G3\/1801714313.jpg\" src=\"data:image\/svg+xml,%3Csvg%20xmlns%3D%22http%3A%2F%2Fwww.w3.org%2F2000%2Fsvg%22%20width%3D%22300%22%20height%3D%22450%22%20viewBox%3D%220%200%20300%20450%22%3E%3C%2Fsvg%3E\" loading=\"eager\"><\/span><span class=\"fg-image-overlay\"><\/span><\/a><figcaption class=\"fg-caption\"><div class=\"fg-caption-inner\"><div class=\"fg-caption-title\">Amplificador PM-4 G3 para streaming e multiroom<\/div><\/div><\/figcaption><\/figure><div class=\"fg-loader\"><\/div><\/div><div class=\"fg-item fg-type-image fg-idle\"><figure class=\"fg-item-inner\"><a href=\"https:\/\/www.hometheater.com.br\/portal\/wp-content\/uploads\/2025\/04\/Torre-T100W_.jpg\" data-caption-title=\"Caixa ac\u00fastica torre T100W\" data-caption-desc=\"Caixa ac\u00fastica torre T100W\" data-attachment-id=\"33395\" class=\"foogallery-thumb  fg-thumb\" data-type=\"image\"><span class=\"fg-image-wrap\"><img decoding=\"async\" title=\"Caixa ac\u00fastica torre T100W\" class=\"bf-img skip-lazy fg-image\" height=\"450\" width=\"300\" data-src-fg=\"https:\/\/www.hometheater.com.br\/portal\/wp-content\/uploads\/cache\/2025\/04\/Torre-T100W_\/1578228156.jpg\" src=\"data:image\/svg+xml,%3Csvg%20xmlns%3D%22http%3A%2F%2Fwww.w3.org%2F2000%2Fsvg%22%20width%3D%22300%22%20height%3D%22450%22%20viewBox%3D%220%200%20300%20450%22%3E%3C%2Fsvg%3E\" loading=\"eager\"><\/span><span class=\"fg-image-overlay\"><\/span><\/a><figcaption class=\"fg-caption\"><div class=\"fg-caption-inner\"><div class=\"fg-caption-title\">Caixa ac\u00fastica torre T100W<\/div><\/div><\/figcaption><\/figure><div class=\"fg-loader\"><\/div><\/div><div class=\"fg-item fg-type-image fg-idle\"><figure class=\"fg-item-inner\"><a href=\"https:\/\/www.hometheater.com.br\/portal\/wp-content\/uploads\/2025\/04\/Cube-Invisible-10_.jpg\" data-caption-title=\"Subwoofer Cube Invisible\" data-caption-desc=\"Subwoofer Cube Invisible\" data-attachment-id=\"33394\" class=\"foogallery-thumb  fg-thumb\" data-type=\"image\"><span class=\"fg-image-wrap\"><img decoding=\"async\" title=\"Subwoofer Cube Invisible\" class=\"bf-img skip-lazy fg-image\" height=\"450\" width=\"300\" data-src-fg=\"https:\/\/www.hometheater.com.br\/portal\/wp-content\/uploads\/cache\/2025\/04\/Cube-Invisible-10_\/486146727.jpg\" src=\"data:image\/svg+xml,%3Csvg%20xmlns%3D%22http%3A%2F%2Fwww.w3.org%2F2000%2Fsvg%22%20width%3D%22300%22%20height%3D%22450%22%20viewBox%3D%220%200%20300%20450%22%3E%3C%2Fsvg%3E\" loading=\"eager\"><\/span><span class=\"fg-image-overlay\"><\/span><\/a><figcaption class=\"fg-caption\"><div class=\"fg-caption-inner\"><div class=\"fg-caption-title\">Subwoofer Cube Invisible<\/div><\/div><\/figcaption><\/figure><div class=\"fg-loader\"><\/div><\/div><div class=\"fg-item fg-type-image fg-idle\"><figure class=\"fg-item-inner\"><a href=\"https:\/\/www.hometheater.com.br\/portal\/wp-content\/uploads\/2025\/04\/condicionadores_.jpg\" data-caption-title=\"Linha de condicionadores de energia\" data-caption-desc=\"Linha de condicionadores de energia\" data-attachment-id=\"33392\" class=\"foogallery-thumb  fg-thumb\" data-type=\"image\"><span class=\"fg-image-wrap\"><img decoding=\"async\" title=\"Linha de condicionadores de energia\" class=\"bf-img skip-lazy fg-image\" height=\"450\" width=\"300\" data-src-fg=\"https:\/\/www.hometheater.com.br\/portal\/wp-content\/uploads\/cache\/2025\/04\/condicionadores_\/2325547507.jpg\" src=\"data:image\/svg+xml,%3Csvg%20xmlns%3D%22http%3A%2F%2Fwww.w3.org%2F2000%2Fsvg%22%20width%3D%22300%22%20height%3D%22450%22%20viewBox%3D%220%200%20300%20450%22%3E%3C%2Fsvg%3E\" loading=\"eager\"><\/span><span class=\"fg-image-overlay\"><\/span><\/a><figcaption class=\"fg-caption\"><div class=\"fg-caption-inner\"><div class=\"fg-caption-title\">Linha de condicionadores de energia<\/div><\/div><\/figcaption><\/figure><div class=\"fg-loader\"><\/div><\/div><div class=\"fg-item fg-type-image fg-idle\"><figure class=\"fg-item-inner\"><a href=\"https:\/\/www.hometheater.com.br\/portal\/wp-content\/uploads\/2025\/04\/cabo-jardim_aat.jpg\" data-caption-title=\"Cabo de alta performance para liga\u00e7\u00f5es subterr\u00e2neas\" data-caption-desc=\"Cabo de alta performance para liga\u00e7\u00f5es subterr\u00e2neas\" data-attachment-id=\"33407\" class=\"foogallery-thumb  fg-thumb\" data-type=\"image\"><span class=\"fg-image-wrap\"><img decoding=\"async\" title=\"Cabo de alta performance para liga\u00e7\u00f5es subterr\u00e2neas\" class=\"bf-img skip-lazy fg-image\" height=\"450\" width=\"300\" data-src-fg=\"https:\/\/www.hometheater.com.br\/portal\/wp-content\/uploads\/cache\/2025\/04\/cabo-jardim_aat\/3336363154.jpg\" src=\"data:image\/svg+xml,%3Csvg%20xmlns%3D%22http%3A%2F%2Fwww.w3.org%2F2000%2Fsvg%22%20width%3D%22300%22%20height%3D%22450%22%20viewBox%3D%220%200%20300%20450%22%3E%3C%2Fsvg%3E\" loading=\"eager\"><\/span><span class=\"fg-image-overlay\"><\/span><\/a><figcaption class=\"fg-caption\"><div class=\"fg-caption-inner\"><div class=\"fg-caption-title\">Cabo de alta performance para liga\u00e7\u00f5es subterr\u00e2neas<\/div><\/div><\/figcaption><\/figure><div class=\"fg-loader\"><\/div><\/div><div class=\"fg-item fg-type-image fg-idle\"><figure class=\"fg-item-inner\"><a href=\"https:\/\/www.hometheater.com.br\/portal\/wp-content\/uploads\/2025\/04\/one-stop-shop_aat.jpg\" data-caption-title=\"A f\u00e1brica ocupa uma \u00e1rea de 3.000m2 numa tradicional \u00e1rea industrial da capital paulista\" data-caption-desc=\"A f\u00e1brica ocupa uma \u00e1rea de 3.000m2 numa tradicional \u00e1rea industrial da capital paulista\" data-attachment-id=\"33401\" class=\"foogallery-thumb  fg-thumb\" data-type=\"image\"><span class=\"fg-image-wrap\"><img decoding=\"async\" title=\"A f\u00e1brica ocupa uma \u00e1rea de 3.000m2 numa tradicional \u00e1rea industrial da capital paulista\" class=\"bf-img skip-lazy fg-image\" height=\"450\" width=\"300\" data-src-fg=\"https:\/\/www.hometheater.com.br\/portal\/wp-content\/uploads\/cache\/2025\/04\/one-stop-shop_aat\/2405547678.jpg\" src=\"data:image\/svg+xml,%3Csvg%20xmlns%3D%22http%3A%2F%2Fwww.w3.org%2F2000%2Fsvg%22%20width%3D%22300%22%20height%3D%22450%22%20viewBox%3D%220%200%20300%20450%22%3E%3C%2Fsvg%3E\" loading=\"eager\"><\/span><span class=\"fg-image-overlay\"><\/span><\/a><figcaption class=\"fg-caption\"><div class=\"fg-caption-inner\"><div class=\"fg-caption-title\">A f\u00e1brica ocupa uma \u00e1rea de 3.000m2 numa tradicional \u00e1rea industrial da capital paulista<\/div><\/div><\/figcaption><\/figure><div class=\"fg-loader\"><\/div><\/div><\/div><!-- FooGallery Debug Info : Start\r\n\r\nID => 33387\r\nTemplate => simple_portfolio\r\nDatasource => media_library\r\n\r\nFooGallery Settings\r\n===================\r\nfoogallery_items_view => manage\r\nsimple_portfolio_align => center\r\nsimple_portfolio_border_size => fg-border-thin\r\nsimple_portfolio_drop_shadow => fg-shadow-outline\r\nsimple_portfolio_gutter => 5\r\nsimple_portfolio_hover_effect_caption_visibility => fg-caption-always\r\nsimple_portfolio_hover_effect_icon => fg-hover-zoom\r\nsimple_portfolio_hover_effect_transition => fg-hover-fade\r\nsimple_portfolio_hover_effect_type => normal\r\nsimple_portfolio_lightbox => foobox\r\nsimple_portfolio_loaded_effect => fg-loaded-fade-in\r\nsimple_portfolio_loading_icon => fg-loading-default\r\nsimple_portfolio_theme => fg-dark\r\nsimple_portfolio_thumbnail_dimensions => \r\n   width => 300\r\n   height => 450\r\nsimple_portfolio_thumbnail_link => custom\r\n\r\nAttachment Info\r\n===============\r\n33390 => \r\n   url => https:\/\/www.hometheater.com.br\/portal\/wp-content\/uploads\/2025\/04\/amplificador-PMR-9-G3.jpg\r\n   type => image\r\n   width => 300\r\n   height => 450\r\n33395 => \r\n   url => https:\/\/www.hometheater.com.br\/portal\/wp-content\/uploads\/2025\/04\/Torre-T100W_.jpg\r\n   type => image\r\n   width => 300\r\n   height => 450\r\n33394 => \r\n   url => https:\/\/www.hometheater.com.br\/portal\/wp-content\/uploads\/2025\/04\/Cube-Invisible-10_.jpg\r\n   type => image\r\n   width => 300\r\n   height => 450\r\n33392 => \r\n   url => https:\/\/www.hometheater.com.br\/portal\/wp-content\/uploads\/2025\/04\/condicionadores_.jpg\r\n   type => image\r\n   width => 300\r\n   height => 450\r\n33407 => \r\n   url => https:\/\/www.hometheater.com.br\/portal\/wp-content\/uploads\/2025\/04\/cabo-jardim_aat.jpg\r\n   type => image\r\n   width => 300\r\n   height => 450\r\n33401 => \r\n   url => https:\/\/www.hometheater.com.br\/portal\/wp-content\/uploads\/2025\/04\/one-stop-shop_aat.jpg\r\n   type => image\r\n   width => 300\r\n   height => 450\r\n\r\nFooGallery Debug Info : End --><style type=\"text\/css\">.foogallery.fg-simple_portfolio .fg-item-inner figcaption.fg-caption { \r\n    font-size: 19px;\r\n    color: #FFFFFF;\r\n    text-align: left;\r\n}\r\n\r\n.foogallery.fg-simple_portfolio .fg-caption-title {<\/style>\n<p>&nbsp;<\/p>\n","protected":false},"excerpt":{"rendered":"<p>AAT monta em S\u00e3o Paulo uma das estruturas mais modernas do Brasil para fabricar produtos de \u00e1udio Com tantas op\u00e7\u00f5es em produtos importados, em todas<\/p>\n","protected":false},"author":1,"featured_media":33380,"comment_status":"open","ping_status":"open","sticky":false,"template":"","format":"standard","meta":{"footnotes":""},"categories":[3],"tags":[204],"class_list":["post-33379","post","type-post","status-publish","format-standard","has-post-thumbnail","hentry","category-artigos","tag-destaque"],"yoast_head":"<!-- This site is optimized with the Yoast SEO plugin v25.7 - https:\/\/yoast.com\/wordpress\/plugins\/seo\/ -->\n<title>F\u00e1brica de sons: veja como s\u00e3o constru\u00eddas as caixas ac\u00fasticas - HT &amp; Casa Digital<\/title>\n<meta name=\"robots\" content=\"index, follow, max-snippet:-1, max-image-preview:large, max-video-preview:-1\" \/>\n<link rel=\"canonical\" href=\"https:\/\/www.hometheater.com.br\/portal\/2025\/04\/03\/fabrica-de-sons-veja-como-sao-construidas-as-caixas-acusticas\/\" \/>\n<meta property=\"og:locale\" content=\"pt_BR\" \/>\n<meta property=\"og:type\" content=\"article\" \/>\n<meta property=\"og:title\" content=\"F\u00e1brica de sons: veja como s\u00e3o constru\u00eddas as caixas ac\u00fasticas - HT &amp; Casa Digital\" \/>\n<meta property=\"og:description\" content=\"AAT monta em S\u00e3o Paulo uma das estruturas mais modernas do Brasil para fabricar produtos de \u00e1udio Com tantas op\u00e7\u00f5es em produtos importados, em todas\" \/>\n<meta property=\"og:url\" content=\"https:\/\/www.hometheater.com.br\/portal\/2025\/04\/03\/fabrica-de-sons-veja-como-sao-construidas-as-caixas-acusticas\/\" \/>\n<meta property=\"og:site_name\" content=\"HT &amp; Casa Digital\" \/>\n<meta property=\"article:publisher\" content=\"https:\/\/web.facebook.com\/revistahometheater\" \/>\n<meta property=\"article:published_time\" content=\"2025-04-03T13:30:06+00:00\" \/>\n<meta property=\"article:modified_time\" content=\"2025-04-17T17:50:39+00:00\" \/>\n<meta property=\"og:image\" content=\"https:\/\/www.hometheater.com.br\/portal\/wp-content\/uploads\/2025\/04\/abre_aat_entrevista.jpg\" \/>\n\t<meta property=\"og:image:width\" content=\"800\" \/>\n\t<meta property=\"og:image:height\" content=\"498\" \/>\n\t<meta property=\"og:image:type\" content=\"image\/jpeg\" \/>\n<meta name=\"author\" content=\"Revista Home Theater &amp; Casa Digital\" \/>\n<meta name=\"twitter:card\" content=\"summary_large_image\" \/>\n<meta name=\"twitter:creator\" content=\"@hometheaterbr\" \/>\n<meta name=\"twitter:site\" content=\"@hometheaterbr\" \/>\n<meta name=\"twitter:label1\" content=\"Escrito por\" \/>\n\t<meta name=\"twitter:data1\" content=\"Revista Home Theater &amp; Casa Digital\" \/>\n\t<meta name=\"twitter:label2\" content=\"Est. tempo de leitura\" \/>\n\t<meta name=\"twitter:data2\" content=\"7 minutos\" \/>\n<script type=\"application\/ld+json\" class=\"yoast-schema-graph\">{\"@context\":\"https:\/\/schema.org\",\"@graph\":[{\"@type\":\"Article\",\"@id\":\"https:\/\/www.hometheater.com.br\/portal\/2025\/04\/03\/fabrica-de-sons-veja-como-sao-construidas-as-caixas-acusticas\/#article\",\"isPartOf\":{\"@id\":\"https:\/\/www.hometheater.com.br\/portal\/2025\/04\/03\/fabrica-de-sons-veja-como-sao-construidas-as-caixas-acusticas\/\"},\"author\":{\"name\":\"Revista Home Theater &amp; Casa Digital\",\"@id\":\"https:\/\/www.hometheater.com.br\/portal\/#\/schema\/person\/3b6bd5a9e2a6c4197c7b98dd7a733d22\"},\"headline\":\"F\u00e1brica de sons: veja como s\u00e3o constru\u00eddas as caixas ac\u00fasticas\",\"datePublished\":\"2025-04-03T13:30:06+00:00\",\"dateModified\":\"2025-04-17T17:50:39+00:00\",\"mainEntityOfPage\":{\"@id\":\"https:\/\/www.hometheater.com.br\/portal\/2025\/04\/03\/fabrica-de-sons-veja-como-sao-construidas-as-caixas-acusticas\/\"},\"wordCount\":1494,\"commentCount\":0,\"publisher\":{\"@id\":\"https:\/\/www.hometheater.com.br\/portal\/#organization\"},\"image\":{\"@id\":\"https:\/\/www.hometheater.com.br\/portal\/2025\/04\/03\/fabrica-de-sons-veja-como-sao-construidas-as-caixas-acusticas\/#primaryimage\"},\"thumbnailUrl\":\"https:\/\/www.hometheater.com.br\/portal\/wp-content\/uploads\/2025\/04\/abre_aat_entrevista.jpg\",\"keywords\":[\"destaque\"],\"articleSection\":[\"TEND\u00caNCIAS\"],\"inLanguage\":\"pt-BR\",\"potentialAction\":[{\"@type\":\"CommentAction\",\"name\":\"Comment\",\"target\":[\"https:\/\/www.hometheater.com.br\/portal\/2025\/04\/03\/fabrica-de-sons-veja-como-sao-construidas-as-caixas-acusticas\/#respond\"]}]},{\"@type\":\"WebPage\",\"@id\":\"https:\/\/www.hometheater.com.br\/portal\/2025\/04\/03\/fabrica-de-sons-veja-como-sao-construidas-as-caixas-acusticas\/\",\"url\":\"https:\/\/www.hometheater.com.br\/portal\/2025\/04\/03\/fabrica-de-sons-veja-como-sao-construidas-as-caixas-acusticas\/\",\"name\":\"F\u00e1brica de sons: veja como s\u00e3o constru\u00eddas as caixas ac\u00fasticas - HT &amp; Casa Digital\",\"isPartOf\":{\"@id\":\"https:\/\/www.hometheater.com.br\/portal\/#website\"},\"primaryImageOfPage\":{\"@id\":\"https:\/\/www.hometheater.com.br\/portal\/2025\/04\/03\/fabrica-de-sons-veja-como-sao-construidas-as-caixas-acusticas\/#primaryimage\"},\"image\":{\"@id\":\"https:\/\/www.hometheater.com.br\/portal\/2025\/04\/03\/fabrica-de-sons-veja-como-sao-construidas-as-caixas-acusticas\/#primaryimage\"},\"thumbnailUrl\":\"https:\/\/www.hometheater.com.br\/portal\/wp-content\/uploads\/2025\/04\/abre_aat_entrevista.jpg\",\"datePublished\":\"2025-04-03T13:30:06+00:00\",\"dateModified\":\"2025-04-17T17:50:39+00:00\",\"breadcrumb\":{\"@id\":\"https:\/\/www.hometheater.com.br\/portal\/2025\/04\/03\/fabrica-de-sons-veja-como-sao-construidas-as-caixas-acusticas\/#breadcrumb\"},\"inLanguage\":\"pt-BR\",\"potentialAction\":[{\"@type\":\"ReadAction\",\"target\":[\"https:\/\/www.hometheater.com.br\/portal\/2025\/04\/03\/fabrica-de-sons-veja-como-sao-construidas-as-caixas-acusticas\/\"]}]},{\"@type\":\"ImageObject\",\"inLanguage\":\"pt-BR\",\"@id\":\"https:\/\/www.hometheater.com.br\/portal\/2025\/04\/03\/fabrica-de-sons-veja-como-sao-construidas-as-caixas-acusticas\/#primaryimage\",\"url\":\"https:\/\/www.hometheater.com.br\/portal\/wp-content\/uploads\/2025\/04\/abre_aat_entrevista.jpg\",\"contentUrl\":\"https:\/\/www.hometheater.com.br\/portal\/wp-content\/uploads\/2025\/04\/abre_aat_entrevista.jpg\",\"width\":800,\"height\":498},{\"@type\":\"BreadcrumbList\",\"@id\":\"https:\/\/www.hometheater.com.br\/portal\/2025\/04\/03\/fabrica-de-sons-veja-como-sao-construidas-as-caixas-acusticas\/#breadcrumb\",\"itemListElement\":[{\"@type\":\"ListItem\",\"position\":1,\"name\":\"In\u00edcio\",\"item\":\"https:\/\/www.hometheater.com.br\/portal\/\"},{\"@type\":\"ListItem\",\"position\":2,\"name\":\"F\u00e1brica de sons: veja como s\u00e3o constru\u00eddas as caixas ac\u00fasticas\"}]},{\"@type\":\"WebSite\",\"@id\":\"https:\/\/www.hometheater.com.br\/portal\/#website\",\"url\":\"https:\/\/www.hometheater.com.br\/portal\/\",\"name\":\"HT &amp; Casa Digital\",\"description\":\"O mundo digital em sua casa\",\"publisher\":{\"@id\":\"https:\/\/www.hometheater.com.br\/portal\/#organization\"},\"potentialAction\":[{\"@type\":\"SearchAction\",\"target\":{\"@type\":\"EntryPoint\",\"urlTemplate\":\"https:\/\/www.hometheater.com.br\/portal\/?s={search_term_string}\"},\"query-input\":{\"@type\":\"PropertyValueSpecification\",\"valueRequired\":true,\"valueName\":\"search_term_string\"}}],\"inLanguage\":\"pt-BR\"},{\"@type\":\"Organization\",\"@id\":\"https:\/\/www.hometheater.com.br\/portal\/#organization\",\"name\":\"Home Theater\",\"url\":\"https:\/\/www.hometheater.com.br\/portal\/\",\"logo\":{\"@type\":\"ImageObject\",\"inLanguage\":\"pt-BR\",\"@id\":\"https:\/\/www.hometheater.com.br\/portal\/#\/schema\/logo\/image\/\",\"url\":\"https:\/\/www.hometheater.com.br\/portal\/wp-content\/uploads\/2022\/06\/assine_ht_01.png\",\"contentUrl\":\"https:\/\/www.hometheater.com.br\/portal\/wp-content\/uploads\/2022\/06\/assine_ht_01.png\",\"width\":800,\"height\":254,\"caption\":\"Home Theater\"},\"image\":{\"@id\":\"https:\/\/www.hometheater.com.br\/portal\/#\/schema\/logo\/image\/\"},\"sameAs\":[\"https:\/\/web.facebook.com\/revistahometheater\",\"https:\/\/x.com\/hometheaterbr\"]},{\"@type\":\"Person\",\"@id\":\"https:\/\/www.hometheater.com.br\/portal\/#\/schema\/person\/3b6bd5a9e2a6c4197c7b98dd7a733d22\",\"name\":\"Revista Home Theater &amp; Casa Digital\",\"image\":{\"@type\":\"ImageObject\",\"inLanguage\":\"pt-BR\",\"@id\":\"https:\/\/www.hometheater.com.br\/portal\/#\/schema\/person\/image\/\",\"url\":\"https:\/\/secure.gravatar.com\/avatar\/fd86f33d841f0f43adcc1665dd80ca740e028af4297e20d3444f9335092a6ee7?s=96&d=mm&r=g\",\"contentUrl\":\"https:\/\/secure.gravatar.com\/avatar\/fd86f33d841f0f43adcc1665dd80ca740e028af4297e20d3444f9335092a6ee7?s=96&d=mm&r=g\",\"caption\":\"Revista Home Theater &amp; Casa Digital\"},\"url\":\"https:\/\/www.hometheater.com.br\/portal\/author\/flavio\/\"}]}<\/script>\n<!-- \/ Yoast SEO plugin. -->","yoast_head_json":{"title":"F\u00e1brica de sons: veja como s\u00e3o constru\u00eddas as caixas ac\u00fasticas - HT &amp; Casa Digital","robots":{"index":"index","follow":"follow","max-snippet":"max-snippet:-1","max-image-preview":"max-image-preview:large","max-video-preview":"max-video-preview:-1"},"canonical":"https:\/\/www.hometheater.com.br\/portal\/2025\/04\/03\/fabrica-de-sons-veja-como-sao-construidas-as-caixas-acusticas\/","og_locale":"pt_BR","og_type":"article","og_title":"F\u00e1brica de sons: veja como s\u00e3o constru\u00eddas as caixas ac\u00fasticas - HT &amp; Casa Digital","og_description":"AAT monta em S\u00e3o Paulo uma das estruturas mais modernas do Brasil para fabricar produtos de \u00e1udio Com tantas op\u00e7\u00f5es em produtos importados, em todas","og_url":"https:\/\/www.hometheater.com.br\/portal\/2025\/04\/03\/fabrica-de-sons-veja-como-sao-construidas-as-caixas-acusticas\/","og_site_name":"HT &amp; Casa Digital","article_publisher":"https:\/\/web.facebook.com\/revistahometheater","article_published_time":"2025-04-03T13:30:06+00:00","article_modified_time":"2025-04-17T17:50:39+00:00","og_image":[{"width":800,"height":498,"url":"https:\/\/www.hometheater.com.br\/portal\/wp-content\/uploads\/2025\/04\/abre_aat_entrevista.jpg","type":"image\/jpeg"}],"author":"Revista Home Theater &amp; Casa Digital","twitter_card":"summary_large_image","twitter_creator":"@hometheaterbr","twitter_site":"@hometheaterbr","twitter_misc":{"Escrito por":"Revista Home Theater &amp; Casa Digital","Est. tempo de leitura":"7 minutos"},"schema":{"@context":"https:\/\/schema.org","@graph":[{"@type":"Article","@id":"https:\/\/www.hometheater.com.br\/portal\/2025\/04\/03\/fabrica-de-sons-veja-como-sao-construidas-as-caixas-acusticas\/#article","isPartOf":{"@id":"https:\/\/www.hometheater.com.br\/portal\/2025\/04\/03\/fabrica-de-sons-veja-como-sao-construidas-as-caixas-acusticas\/"},"author":{"name":"Revista Home Theater &amp; Casa Digital","@id":"https:\/\/www.hometheater.com.br\/portal\/#\/schema\/person\/3b6bd5a9e2a6c4197c7b98dd7a733d22"},"headline":"F\u00e1brica de sons: veja como s\u00e3o constru\u00eddas as caixas ac\u00fasticas","datePublished":"2025-04-03T13:30:06+00:00","dateModified":"2025-04-17T17:50:39+00:00","mainEntityOfPage":{"@id":"https:\/\/www.hometheater.com.br\/portal\/2025\/04\/03\/fabrica-de-sons-veja-como-sao-construidas-as-caixas-acusticas\/"},"wordCount":1494,"commentCount":0,"publisher":{"@id":"https:\/\/www.hometheater.com.br\/portal\/#organization"},"image":{"@id":"https:\/\/www.hometheater.com.br\/portal\/2025\/04\/03\/fabrica-de-sons-veja-como-sao-construidas-as-caixas-acusticas\/#primaryimage"},"thumbnailUrl":"https:\/\/www.hometheater.com.br\/portal\/wp-content\/uploads\/2025\/04\/abre_aat_entrevista.jpg","keywords":["destaque"],"articleSection":["TEND\u00caNCIAS"],"inLanguage":"pt-BR","potentialAction":[{"@type":"CommentAction","name":"Comment","target":["https:\/\/www.hometheater.com.br\/portal\/2025\/04\/03\/fabrica-de-sons-veja-como-sao-construidas-as-caixas-acusticas\/#respond"]}]},{"@type":"WebPage","@id":"https:\/\/www.hometheater.com.br\/portal\/2025\/04\/03\/fabrica-de-sons-veja-como-sao-construidas-as-caixas-acusticas\/","url":"https:\/\/www.hometheater.com.br\/portal\/2025\/04\/03\/fabrica-de-sons-veja-como-sao-construidas-as-caixas-acusticas\/","name":"F\u00e1brica de sons: veja como s\u00e3o constru\u00eddas as caixas ac\u00fasticas - HT &amp; Casa Digital","isPartOf":{"@id":"https:\/\/www.hometheater.com.br\/portal\/#website"},"primaryImageOfPage":{"@id":"https:\/\/www.hometheater.com.br\/portal\/2025\/04\/03\/fabrica-de-sons-veja-como-sao-construidas-as-caixas-acusticas\/#primaryimage"},"image":{"@id":"https:\/\/www.hometheater.com.br\/portal\/2025\/04\/03\/fabrica-de-sons-veja-como-sao-construidas-as-caixas-acusticas\/#primaryimage"},"thumbnailUrl":"https:\/\/www.hometheater.com.br\/portal\/wp-content\/uploads\/2025\/04\/abre_aat_entrevista.jpg","datePublished":"2025-04-03T13:30:06+00:00","dateModified":"2025-04-17T17:50:39+00:00","breadcrumb":{"@id":"https:\/\/www.hometheater.com.br\/portal\/2025\/04\/03\/fabrica-de-sons-veja-como-sao-construidas-as-caixas-acusticas\/#breadcrumb"},"inLanguage":"pt-BR","potentialAction":[{"@type":"ReadAction","target":["https:\/\/www.hometheater.com.br\/portal\/2025\/04\/03\/fabrica-de-sons-veja-como-sao-construidas-as-caixas-acusticas\/"]}]},{"@type":"ImageObject","inLanguage":"pt-BR","@id":"https:\/\/www.hometheater.com.br\/portal\/2025\/04\/03\/fabrica-de-sons-veja-como-sao-construidas-as-caixas-acusticas\/#primaryimage","url":"https:\/\/www.hometheater.com.br\/portal\/wp-content\/uploads\/2025\/04\/abre_aat_entrevista.jpg","contentUrl":"https:\/\/www.hometheater.com.br\/portal\/wp-content\/uploads\/2025\/04\/abre_aat_entrevista.jpg","width":800,"height":498},{"@type":"BreadcrumbList","@id":"https:\/\/www.hometheater.com.br\/portal\/2025\/04\/03\/fabrica-de-sons-veja-como-sao-construidas-as-caixas-acusticas\/#breadcrumb","itemListElement":[{"@type":"ListItem","position":1,"name":"In\u00edcio","item":"https:\/\/www.hometheater.com.br\/portal\/"},{"@type":"ListItem","position":2,"name":"F\u00e1brica de sons: veja como s\u00e3o constru\u00eddas as caixas ac\u00fasticas"}]},{"@type":"WebSite","@id":"https:\/\/www.hometheater.com.br\/portal\/#website","url":"https:\/\/www.hometheater.com.br\/portal\/","name":"HT &amp; Casa Digital","description":"O mundo digital em sua casa","publisher":{"@id":"https:\/\/www.hometheater.com.br\/portal\/#organization"},"potentialAction":[{"@type":"SearchAction","target":{"@type":"EntryPoint","urlTemplate":"https:\/\/www.hometheater.com.br\/portal\/?s={search_term_string}"},"query-input":{"@type":"PropertyValueSpecification","valueRequired":true,"valueName":"search_term_string"}}],"inLanguage":"pt-BR"},{"@type":"Organization","@id":"https:\/\/www.hometheater.com.br\/portal\/#organization","name":"Home Theater","url":"https:\/\/www.hometheater.com.br\/portal\/","logo":{"@type":"ImageObject","inLanguage":"pt-BR","@id":"https:\/\/www.hometheater.com.br\/portal\/#\/schema\/logo\/image\/","url":"https:\/\/www.hometheater.com.br\/portal\/wp-content\/uploads\/2022\/06\/assine_ht_01.png","contentUrl":"https:\/\/www.hometheater.com.br\/portal\/wp-content\/uploads\/2022\/06\/assine_ht_01.png","width":800,"height":254,"caption":"Home Theater"},"image":{"@id":"https:\/\/www.hometheater.com.br\/portal\/#\/schema\/logo\/image\/"},"sameAs":["https:\/\/web.facebook.com\/revistahometheater","https:\/\/x.com\/hometheaterbr"]},{"@type":"Person","@id":"https:\/\/www.hometheater.com.br\/portal\/#\/schema\/person\/3b6bd5a9e2a6c4197c7b98dd7a733d22","name":"Revista Home Theater &amp; Casa Digital","image":{"@type":"ImageObject","inLanguage":"pt-BR","@id":"https:\/\/www.hometheater.com.br\/portal\/#\/schema\/person\/image\/","url":"https:\/\/secure.gravatar.com\/avatar\/fd86f33d841f0f43adcc1665dd80ca740e028af4297e20d3444f9335092a6ee7?s=96&d=mm&r=g","contentUrl":"https:\/\/secure.gravatar.com\/avatar\/fd86f33d841f0f43adcc1665dd80ca740e028af4297e20d3444f9335092a6ee7?s=96&d=mm&r=g","caption":"Revista Home Theater &amp; Casa Digital"},"url":"https:\/\/www.hometheater.com.br\/portal\/author\/flavio\/"}]}},"_links":{"self":[{"href":"https:\/\/www.hometheater.com.br\/portal\/wp-json\/wp\/v2\/posts\/33379","targetHints":{"allow":["GET"]}}],"collection":[{"href":"https:\/\/www.hometheater.com.br\/portal\/wp-json\/wp\/v2\/posts"}],"about":[{"href":"https:\/\/www.hometheater.com.br\/portal\/wp-json\/wp\/v2\/types\/post"}],"author":[{"embeddable":true,"href":"https:\/\/www.hometheater.com.br\/portal\/wp-json\/wp\/v2\/users\/1"}],"replies":[{"embeddable":true,"href":"https:\/\/www.hometheater.com.br\/portal\/wp-json\/wp\/v2\/comments?post=33379"}],"version-history":[{"count":0,"href":"https:\/\/www.hometheater.com.br\/portal\/wp-json\/wp\/v2\/posts\/33379\/revisions"}],"wp:featuredmedia":[{"embeddable":true,"href":"https:\/\/www.hometheater.com.br\/portal\/wp-json\/wp\/v2\/media\/33380"}],"wp:attachment":[{"href":"https:\/\/www.hometheater.com.br\/portal\/wp-json\/wp\/v2\/media?parent=33379"}],"wp:term":[{"taxonomy":"category","embeddable":true,"href":"https:\/\/www.hometheater.com.br\/portal\/wp-json\/wp\/v2\/categories?post=33379"},{"taxonomy":"post_tag","embeddable":true,"href":"https:\/\/www.hometheater.com.br\/portal\/wp-json\/wp\/v2\/tags?post=33379"}],"curies":[{"name":"wp","href":"https:\/\/api.w.org\/{rel}","templated":true}]}}