{"id":32689,"date":"2025-01-08T11:27:16","date_gmt":"2025-01-08T14:27:16","guid":{"rendered":"https:\/\/www.hometheater.com.br\/portal\/?p=32689"},"modified":"2025-01-10T14:26:52","modified_gmt":"2025-01-10T17:26:52","slug":"tcl-mostra-na-ces-tv-miniled-que-ja-pode-ser-adquirida-nos-eua","status":"publish","type":"post","link":"https:\/\/www.hometheater.com.br\/portal\/2025\/01\/08\/tcl-mostra-na-ces-tv-miniled-que-ja-pode-ser-adquirida-nos-eua\/","title":{"rendered":"TCL mostra na CES TV MiniLED que j\u00e1 pode ser adquirida nos EUA"},"content":{"rendered":"<p><img loading=\"lazy\" decoding=\"async\" class=\"aligncenter size-full wp-image-32690\" src=\"https:\/\/www.hometheater.com.br\/portal\/wp-content\/uploads\/2025\/01\/tv_TCL_ces_2025.jpg\" alt=\"\" width=\"800\" height=\"450\" srcset=\"https:\/\/www.hometheater.com.br\/portal\/wp-content\/uploads\/2025\/01\/tv_TCL_ces_2025.jpg 800w, https:\/\/www.hometheater.com.br\/portal\/wp-content\/uploads\/2025\/01\/tv_TCL_ces_2025-300x169.jpg 300w, https:\/\/www.hometheater.com.br\/portal\/wp-content\/uploads\/2025\/01\/tv_TCL_ces_2025-768x432.jpg 768w, https:\/\/www.hometheater.com.br\/portal\/wp-content\/uploads\/2025\/01\/tv_TCL_ces_2025-400x225.jpg 400w, https:\/\/www.hometheater.com.br\/portal\/wp-content\/uploads\/2025\/01\/tv_TCL_ces_2025-500x281.jpg 500w\" sizes=\"auto, (max-width: 800px) 100vw, 800px\" \/><\/p>\n<a href=\"#\" target=\"_self\" class=\"buttons btn_blue left\"><span class=\"left\">Por Orlando Barrozo<\/span><\/a>\n<p>Para quem visita a CES (minha primeira foi em 1987, ainda em Chicago), h\u00e1 sempre um ritual, dependendo das \u00e1reas de interesse do visitante. Caminha-se por amplos pavilh\u00f5es congestionados, na tentativa, \u00e0s vezes in\u00fatil, de ver de perto os produtos mais quentes. O normal \u00e9 come\u00e7ar pelas principais marcas, que geralmente t\u00eam os maiores estandes e mais novidades para mostrar.<\/p>\n<p><img loading=\"lazy\" decoding=\"async\" class=\"size-full wp-image-32611 alignright\" src=\"https:\/\/www.hometheater.com.br\/portal\/wp-content\/uploads\/2025\/01\/logo_interno_ces_2025_.png\" alt=\"\" width=\"100\" height=\"150\" \/>Em cada estande, encontra-se produtos que em breve chegar\u00e3o ao mercado \u2013 e tamb\u00e9m prot\u00f3tipos, que l\u00e1 est\u00e3o para testar a rea\u00e7\u00e3o do p\u00fablico, quando n\u00e3o apenas para mostrar que a empresa domina esta ou aquela tecnologia. Ningu\u00e9m vai \u00e0 CES para comprar equipamentos. Nos tempos da m\u00eddia f\u00edsica, ainda se vendiam CDs, DVDs e vinis nos corredores, mas nunca \u2013 pelo menos, nunca vi \u2013 algu\u00e9m comprando os aparelhos expostos nos estandes.<\/p><div class=\"homet-conteudo\" style=\"text-align: center;\" id=\"homet-795254190\"><div data-cfpa=\"36066\" data-cfpw=\"36066\" id=\"homet-937038093\"><a data-no-instant=\"1\" href=\"https:\/\/loja.sommaior.com.br\/\" rel=\"noopener\" class=\"a2t-link\" aria-label=\"ABBEY-ROAD_360x300px\"><img loading=\"lazy\" decoding=\"async\" src=\"https:\/\/www.hometheater.com.br\/portal\/wp-content\/uploads\/2025\/10\/ABBEY-ROAD_360x300px.jpg\" alt=\"\"  class=\"no-lazyload\" width=\"300\" height=\"250\"   \/><\/a><\/div><script type=\"text\/javascript\">;new advadsCfpAd( 36066 );<\/script><\/div>\n<p>Bem, 2025 chegou tamb\u00e9m para quebrar esse paradigma. A TV QD-MiniLED QM6K, em tamanhos de 65\u2033, 75\u2033 e 85\u2033, que \u00e9 um dos destaques no estande da TCL, j\u00e1 pode ser adquirida online no mercado americano; a vers\u00e3o 98\u2033 deve estar dispon\u00edvel ainda este m\u00eas. E quem comprar ganhar\u00e1, de brinde, uma das novas soundbars da marca, que tamb\u00e9m est\u00e1 em demonstra\u00e7\u00e3o.<\/p>\n<h4><span style=\"text-decoration: underline;\"><strong>Mais brilho, com menos vazamento de luz<\/strong><\/span><\/h4>\n<p>Segundo a empresa, uma das inova\u00e7\u00f5es da QM6K \u00e9 o chip\u00a0<em>Super High Energy<\/em>, com 53% mais capacidade de processar brilho e 10% mais efici\u00eancia energ\u00e9tica, e um novo sistema de lentes internas identificado pela sigla CML (<em>Condensed Micro Lens<\/em>). Essa TV traz ainda um desenho interno chamado OD (de\u00a0<em>optical distance<\/em>), que n\u00e3o \u00e9 novidade (<a href=\"https:\/\/orlandobarrozo.blog.br\/2021\/02\/10\/od-zero-tvs-vao-ficar-ainda-mais-finos\/\"><strong>comentamos sobre o tema aqui, em 2021<\/strong><\/a>). Nesse desenho, o painel de backlight fica quase colado ao painel de cristal l\u00edquido, reduzindo os vazamentos de luz na tela e o \u201cefeito halo\u201d, aquela claridade em torno das legendas e de pontos luminosos sobre fundo escuro (lua e estrelas, por exemplo). Ainda de acordo com a TCL, tudo isso resulta em maior uniformidade de brilho em toda a superf\u00edcie da tela, algo raro de se ver na maioria das TVs atuais.<\/p>\n<p>H\u00e1 muito mais para ser comentado sobre essa TV, e faremos isso na cobertura especial da CES \u2013 que, ali\u00e1s, j\u00e1 est\u00e1 no ar;\u00a0<a href=\"https:\/\/www.hometheater.com.br\/portal\/ces-2025\/\"><strong>confiram aqui<\/strong><\/a>. E a jogada de marketing da TCL, ao colocar o produto \u00e0 venda antes mesmo das rea\u00e7\u00f5es dos visitantes \u00e0 CES, mostra uma nova estrat\u00e9gia para conquistar a confian\u00e7a do consumidor (pelo menos, o americano). Vamos ver se dar\u00e1 certo.<\/p>\n","protected":false},"excerpt":{"rendered":"<p>Para quem visita a CES (minha primeira foi em 1987, ainda em Chicago), h\u00e1 sempre um ritual, dependendo das \u00e1reas de interesse do visitante. Caminha-se<\/p>\n","protected":false},"author":1,"featured_media":32690,"comment_status":"open","ping_status":"open","sticky":false,"template":"","format":"standard","meta":{"footnotes":""},"categories":[206,3],"tags":[204],"class_list":["post-32689","post","type-post","status-publish","format-standard","has-post-thumbnail","hentry","category-ces-2025","category-artigos","tag-destaque"],"yoast_head":"<!-- This site is optimized with the Yoast SEO plugin v25.7 - https:\/\/yoast.com\/wordpress\/plugins\/seo\/ -->\n<title>TCL mostra na CES TV MiniLED que j\u00e1 pode ser adquirida nos EUA - HT &amp; Casa Digital<\/title>\n<meta name=\"robots\" content=\"index, follow, max-snippet:-1, max-image-preview:large, max-video-preview:-1\" \/>\n<link rel=\"canonical\" href=\"https:\/\/www.hometheater.com.br\/portal\/2025\/01\/08\/tcl-mostra-na-ces-tv-miniled-que-ja-pode-ser-adquirida-nos-eua\/\" \/>\n<meta property=\"og:locale\" content=\"pt_BR\" \/>\n<meta property=\"og:type\" content=\"article\" \/>\n<meta property=\"og:title\" content=\"TCL mostra na CES TV MiniLED que j\u00e1 pode ser adquirida nos EUA - HT &amp; Casa Digital\" \/>\n<meta property=\"og:description\" content=\"Para quem visita a CES (minha primeira foi em 1987, ainda em Chicago), h\u00e1 sempre um ritual, dependendo das \u00e1reas de interesse do visitante. Caminha-se\" \/>\n<meta property=\"og:url\" content=\"https:\/\/www.hometheater.com.br\/portal\/2025\/01\/08\/tcl-mostra-na-ces-tv-miniled-que-ja-pode-ser-adquirida-nos-eua\/\" \/>\n<meta property=\"og:site_name\" content=\"HT &amp; Casa Digital\" \/>\n<meta property=\"article:publisher\" content=\"https:\/\/web.facebook.com\/revistahometheater\" \/>\n<meta property=\"article:published_time\" content=\"2025-01-08T14:27:16+00:00\" \/>\n<meta property=\"article:modified_time\" content=\"2025-01-10T17:26:52+00:00\" \/>\n<meta property=\"og:image\" content=\"https:\/\/www.hometheater.com.br\/portal\/wp-content\/uploads\/2025\/01\/tv_TCL_ces_2025.jpg\" \/>\n\t<meta property=\"og:image:width\" content=\"800\" \/>\n\t<meta property=\"og:image:height\" content=\"450\" \/>\n\t<meta property=\"og:image:type\" content=\"image\/jpeg\" \/>\n<meta name=\"author\" content=\"Revista Home Theater &amp; Casa Digital\" \/>\n<meta name=\"twitter:card\" content=\"summary_large_image\" \/>\n<meta name=\"twitter:creator\" content=\"@hometheaterbr\" \/>\n<meta name=\"twitter:site\" content=\"@hometheaterbr\" \/>\n<meta name=\"twitter:label1\" content=\"Escrito por\" \/>\n\t<meta name=\"twitter:data1\" content=\"Revista Home Theater &amp; Casa Digital\" \/>\n\t<meta name=\"twitter:label2\" content=\"Est. tempo de leitura\" \/>\n\t<meta name=\"twitter:data2\" content=\"2 minutos\" \/>\n<script type=\"application\/ld+json\" class=\"yoast-schema-graph\">{\"@context\":\"https:\/\/schema.org\",\"@graph\":[{\"@type\":\"Article\",\"@id\":\"https:\/\/www.hometheater.com.br\/portal\/2025\/01\/08\/tcl-mostra-na-ces-tv-miniled-que-ja-pode-ser-adquirida-nos-eua\/#article\",\"isPartOf\":{\"@id\":\"https:\/\/www.hometheater.com.br\/portal\/2025\/01\/08\/tcl-mostra-na-ces-tv-miniled-que-ja-pode-ser-adquirida-nos-eua\/\"},\"author\":{\"name\":\"Revista Home Theater &amp; Casa Digital\",\"@id\":\"https:\/\/www.hometheater.com.br\/portal\/#\/schema\/person\/3b6bd5a9e2a6c4197c7b98dd7a733d22\"},\"headline\":\"TCL mostra na CES TV MiniLED que j\u00e1 pode ser adquirida nos EUA\",\"datePublished\":\"2025-01-08T14:27:16+00:00\",\"dateModified\":\"2025-01-10T17:26:52+00:00\",\"mainEntityOfPage\":{\"@id\":\"https:\/\/www.hometheater.com.br\/portal\/2025\/01\/08\/tcl-mostra-na-ces-tv-miniled-que-ja-pode-ser-adquirida-nos-eua\/\"},\"wordCount\":440,\"commentCount\":0,\"publisher\":{\"@id\":\"https:\/\/www.hometheater.com.br\/portal\/#organization\"},\"image\":{\"@id\":\"https:\/\/www.hometheater.com.br\/portal\/2025\/01\/08\/tcl-mostra-na-ces-tv-miniled-que-ja-pode-ser-adquirida-nos-eua\/#primaryimage\"},\"thumbnailUrl\":\"https:\/\/www.hometheater.com.br\/portal\/wp-content\/uploads\/2025\/01\/tv_TCL_ces_2025.jpg\",\"keywords\":[\"destaque\"],\"articleSection\":[\"CES 2025\",\"TEND\u00caNCIAS\"],\"inLanguage\":\"pt-BR\",\"potentialAction\":[{\"@type\":\"CommentAction\",\"name\":\"Comment\",\"target\":[\"https:\/\/www.hometheater.com.br\/portal\/2025\/01\/08\/tcl-mostra-na-ces-tv-miniled-que-ja-pode-ser-adquirida-nos-eua\/#respond\"]}]},{\"@type\":\"WebPage\",\"@id\":\"https:\/\/www.hometheater.com.br\/portal\/2025\/01\/08\/tcl-mostra-na-ces-tv-miniled-que-ja-pode-ser-adquirida-nos-eua\/\",\"url\":\"https:\/\/www.hometheater.com.br\/portal\/2025\/01\/08\/tcl-mostra-na-ces-tv-miniled-que-ja-pode-ser-adquirida-nos-eua\/\",\"name\":\"TCL mostra na CES TV MiniLED que j\u00e1 pode ser adquirida nos EUA - HT &amp; Casa Digital\",\"isPartOf\":{\"@id\":\"https:\/\/www.hometheater.com.br\/portal\/#website\"},\"primaryImageOfPage\":{\"@id\":\"https:\/\/www.hometheater.com.br\/portal\/2025\/01\/08\/tcl-mostra-na-ces-tv-miniled-que-ja-pode-ser-adquirida-nos-eua\/#primaryimage\"},\"image\":{\"@id\":\"https:\/\/www.hometheater.com.br\/portal\/2025\/01\/08\/tcl-mostra-na-ces-tv-miniled-que-ja-pode-ser-adquirida-nos-eua\/#primaryimage\"},\"thumbnailUrl\":\"https:\/\/www.hometheater.com.br\/portal\/wp-content\/uploads\/2025\/01\/tv_TCL_ces_2025.jpg\",\"datePublished\":\"2025-01-08T14:27:16+00:00\",\"dateModified\":\"2025-01-10T17:26:52+00:00\",\"breadcrumb\":{\"@id\":\"https:\/\/www.hometheater.com.br\/portal\/2025\/01\/08\/tcl-mostra-na-ces-tv-miniled-que-ja-pode-ser-adquirida-nos-eua\/#breadcrumb\"},\"inLanguage\":\"pt-BR\",\"potentialAction\":[{\"@type\":\"ReadAction\",\"target\":[\"https:\/\/www.hometheater.com.br\/portal\/2025\/01\/08\/tcl-mostra-na-ces-tv-miniled-que-ja-pode-ser-adquirida-nos-eua\/\"]}]},{\"@type\":\"ImageObject\",\"inLanguage\":\"pt-BR\",\"@id\":\"https:\/\/www.hometheater.com.br\/portal\/2025\/01\/08\/tcl-mostra-na-ces-tv-miniled-que-ja-pode-ser-adquirida-nos-eua\/#primaryimage\",\"url\":\"https:\/\/www.hometheater.com.br\/portal\/wp-content\/uploads\/2025\/01\/tv_TCL_ces_2025.jpg\",\"contentUrl\":\"https:\/\/www.hometheater.com.br\/portal\/wp-content\/uploads\/2025\/01\/tv_TCL_ces_2025.jpg\",\"width\":800,\"height\":450},{\"@type\":\"BreadcrumbList\",\"@id\":\"https:\/\/www.hometheater.com.br\/portal\/2025\/01\/08\/tcl-mostra-na-ces-tv-miniled-que-ja-pode-ser-adquirida-nos-eua\/#breadcrumb\",\"itemListElement\":[{\"@type\":\"ListItem\",\"position\":1,\"name\":\"In\u00edcio\",\"item\":\"https:\/\/www.hometheater.com.br\/portal\/\"},{\"@type\":\"ListItem\",\"position\":2,\"name\":\"TCL mostra na CES TV MiniLED que j\u00e1 pode ser adquirida nos EUA\"}]},{\"@type\":\"WebSite\",\"@id\":\"https:\/\/www.hometheater.com.br\/portal\/#website\",\"url\":\"https:\/\/www.hometheater.com.br\/portal\/\",\"name\":\"HT &amp; Casa Digital\",\"description\":\"O mundo digital em sua casa\",\"publisher\":{\"@id\":\"https:\/\/www.hometheater.com.br\/portal\/#organization\"},\"potentialAction\":[{\"@type\":\"SearchAction\",\"target\":{\"@type\":\"EntryPoint\",\"urlTemplate\":\"https:\/\/www.hometheater.com.br\/portal\/?s={search_term_string}\"},\"query-input\":{\"@type\":\"PropertyValueSpecification\",\"valueRequired\":true,\"valueName\":\"search_term_string\"}}],\"inLanguage\":\"pt-BR\"},{\"@type\":\"Organization\",\"@id\":\"https:\/\/www.hometheater.com.br\/portal\/#organization\",\"name\":\"Home Theater\",\"url\":\"https:\/\/www.hometheater.com.br\/portal\/\",\"logo\":{\"@type\":\"ImageObject\",\"inLanguage\":\"pt-BR\",\"@id\":\"https:\/\/www.hometheater.com.br\/portal\/#\/schema\/logo\/image\/\",\"url\":\"https:\/\/www.hometheater.com.br\/portal\/wp-content\/uploads\/2022\/06\/assine_ht_01.png\",\"contentUrl\":\"https:\/\/www.hometheater.com.br\/portal\/wp-content\/uploads\/2022\/06\/assine_ht_01.png\",\"width\":800,\"height\":254,\"caption\":\"Home Theater\"},\"image\":{\"@id\":\"https:\/\/www.hometheater.com.br\/portal\/#\/schema\/logo\/image\/\"},\"sameAs\":[\"https:\/\/web.facebook.com\/revistahometheater\",\"https:\/\/x.com\/hometheaterbr\"]},{\"@type\":\"Person\",\"@id\":\"https:\/\/www.hometheater.com.br\/portal\/#\/schema\/person\/3b6bd5a9e2a6c4197c7b98dd7a733d22\",\"name\":\"Revista Home Theater &amp; Casa Digital\",\"image\":{\"@type\":\"ImageObject\",\"inLanguage\":\"pt-BR\",\"@id\":\"https:\/\/www.hometheater.com.br\/portal\/#\/schema\/person\/image\/\",\"url\":\"https:\/\/secure.gravatar.com\/avatar\/fd86f33d841f0f43adcc1665dd80ca740e028af4297e20d3444f9335092a6ee7?s=96&d=mm&r=g\",\"contentUrl\":\"https:\/\/secure.gravatar.com\/avatar\/fd86f33d841f0f43adcc1665dd80ca740e028af4297e20d3444f9335092a6ee7?s=96&d=mm&r=g\",\"caption\":\"Revista Home Theater &amp; Casa Digital\"},\"url\":\"https:\/\/www.hometheater.com.br\/portal\/author\/flavio\/\"}]}<\/script>\n<!-- \/ Yoast SEO plugin. -->","yoast_head_json":{"title":"TCL mostra na CES TV MiniLED que j\u00e1 pode ser adquirida nos EUA - HT &amp; Casa Digital","robots":{"index":"index","follow":"follow","max-snippet":"max-snippet:-1","max-image-preview":"max-image-preview:large","max-video-preview":"max-video-preview:-1"},"canonical":"https:\/\/www.hometheater.com.br\/portal\/2025\/01\/08\/tcl-mostra-na-ces-tv-miniled-que-ja-pode-ser-adquirida-nos-eua\/","og_locale":"pt_BR","og_type":"article","og_title":"TCL mostra na CES TV MiniLED que j\u00e1 pode ser adquirida nos EUA - HT &amp; Casa Digital","og_description":"Para quem visita a CES (minha primeira foi em 1987, ainda em Chicago), h\u00e1 sempre um ritual, dependendo das \u00e1reas de interesse do visitante. Caminha-se","og_url":"https:\/\/www.hometheater.com.br\/portal\/2025\/01\/08\/tcl-mostra-na-ces-tv-miniled-que-ja-pode-ser-adquirida-nos-eua\/","og_site_name":"HT &amp; Casa Digital","article_publisher":"https:\/\/web.facebook.com\/revistahometheater","article_published_time":"2025-01-08T14:27:16+00:00","article_modified_time":"2025-01-10T17:26:52+00:00","og_image":[{"width":800,"height":450,"url":"https:\/\/www.hometheater.com.br\/portal\/wp-content\/uploads\/2025\/01\/tv_TCL_ces_2025.jpg","type":"image\/jpeg"}],"author":"Revista Home Theater &amp; Casa Digital","twitter_card":"summary_large_image","twitter_creator":"@hometheaterbr","twitter_site":"@hometheaterbr","twitter_misc":{"Escrito por":"Revista Home Theater &amp; Casa Digital","Est. tempo de leitura":"2 minutos"},"schema":{"@context":"https:\/\/schema.org","@graph":[{"@type":"Article","@id":"https:\/\/www.hometheater.com.br\/portal\/2025\/01\/08\/tcl-mostra-na-ces-tv-miniled-que-ja-pode-ser-adquirida-nos-eua\/#article","isPartOf":{"@id":"https:\/\/www.hometheater.com.br\/portal\/2025\/01\/08\/tcl-mostra-na-ces-tv-miniled-que-ja-pode-ser-adquirida-nos-eua\/"},"author":{"name":"Revista Home Theater &amp; Casa Digital","@id":"https:\/\/www.hometheater.com.br\/portal\/#\/schema\/person\/3b6bd5a9e2a6c4197c7b98dd7a733d22"},"headline":"TCL mostra na CES TV MiniLED que j\u00e1 pode ser adquirida nos EUA","datePublished":"2025-01-08T14:27:16+00:00","dateModified":"2025-01-10T17:26:52+00:00","mainEntityOfPage":{"@id":"https:\/\/www.hometheater.com.br\/portal\/2025\/01\/08\/tcl-mostra-na-ces-tv-miniled-que-ja-pode-ser-adquirida-nos-eua\/"},"wordCount":440,"commentCount":0,"publisher":{"@id":"https:\/\/www.hometheater.com.br\/portal\/#organization"},"image":{"@id":"https:\/\/www.hometheater.com.br\/portal\/2025\/01\/08\/tcl-mostra-na-ces-tv-miniled-que-ja-pode-ser-adquirida-nos-eua\/#primaryimage"},"thumbnailUrl":"https:\/\/www.hometheater.com.br\/portal\/wp-content\/uploads\/2025\/01\/tv_TCL_ces_2025.jpg","keywords":["destaque"],"articleSection":["CES 2025","TEND\u00caNCIAS"],"inLanguage":"pt-BR","potentialAction":[{"@type":"CommentAction","name":"Comment","target":["https:\/\/www.hometheater.com.br\/portal\/2025\/01\/08\/tcl-mostra-na-ces-tv-miniled-que-ja-pode-ser-adquirida-nos-eua\/#respond"]}]},{"@type":"WebPage","@id":"https:\/\/www.hometheater.com.br\/portal\/2025\/01\/08\/tcl-mostra-na-ces-tv-miniled-que-ja-pode-ser-adquirida-nos-eua\/","url":"https:\/\/www.hometheater.com.br\/portal\/2025\/01\/08\/tcl-mostra-na-ces-tv-miniled-que-ja-pode-ser-adquirida-nos-eua\/","name":"TCL mostra na CES TV MiniLED que j\u00e1 pode ser adquirida nos EUA - HT &amp; Casa Digital","isPartOf":{"@id":"https:\/\/www.hometheater.com.br\/portal\/#website"},"primaryImageOfPage":{"@id":"https:\/\/www.hometheater.com.br\/portal\/2025\/01\/08\/tcl-mostra-na-ces-tv-miniled-que-ja-pode-ser-adquirida-nos-eua\/#primaryimage"},"image":{"@id":"https:\/\/www.hometheater.com.br\/portal\/2025\/01\/08\/tcl-mostra-na-ces-tv-miniled-que-ja-pode-ser-adquirida-nos-eua\/#primaryimage"},"thumbnailUrl":"https:\/\/www.hometheater.com.br\/portal\/wp-content\/uploads\/2025\/01\/tv_TCL_ces_2025.jpg","datePublished":"2025-01-08T14:27:16+00:00","dateModified":"2025-01-10T17:26:52+00:00","breadcrumb":{"@id":"https:\/\/www.hometheater.com.br\/portal\/2025\/01\/08\/tcl-mostra-na-ces-tv-miniled-que-ja-pode-ser-adquirida-nos-eua\/#breadcrumb"},"inLanguage":"pt-BR","potentialAction":[{"@type":"ReadAction","target":["https:\/\/www.hometheater.com.br\/portal\/2025\/01\/08\/tcl-mostra-na-ces-tv-miniled-que-ja-pode-ser-adquirida-nos-eua\/"]}]},{"@type":"ImageObject","inLanguage":"pt-BR","@id":"https:\/\/www.hometheater.com.br\/portal\/2025\/01\/08\/tcl-mostra-na-ces-tv-miniled-que-ja-pode-ser-adquirida-nos-eua\/#primaryimage","url":"https:\/\/www.hometheater.com.br\/portal\/wp-content\/uploads\/2025\/01\/tv_TCL_ces_2025.jpg","contentUrl":"https:\/\/www.hometheater.com.br\/portal\/wp-content\/uploads\/2025\/01\/tv_TCL_ces_2025.jpg","width":800,"height":450},{"@type":"BreadcrumbList","@id":"https:\/\/www.hometheater.com.br\/portal\/2025\/01\/08\/tcl-mostra-na-ces-tv-miniled-que-ja-pode-ser-adquirida-nos-eua\/#breadcrumb","itemListElement":[{"@type":"ListItem","position":1,"name":"In\u00edcio","item":"https:\/\/www.hometheater.com.br\/portal\/"},{"@type":"ListItem","position":2,"name":"TCL mostra na CES TV MiniLED que j\u00e1 pode ser adquirida nos EUA"}]},{"@type":"WebSite","@id":"https:\/\/www.hometheater.com.br\/portal\/#website","url":"https:\/\/www.hometheater.com.br\/portal\/","name":"HT &amp; Casa Digital","description":"O mundo digital em sua casa","publisher":{"@id":"https:\/\/www.hometheater.com.br\/portal\/#organization"},"potentialAction":[{"@type":"SearchAction","target":{"@type":"EntryPoint","urlTemplate":"https:\/\/www.hometheater.com.br\/portal\/?s={search_term_string}"},"query-input":{"@type":"PropertyValueSpecification","valueRequired":true,"valueName":"search_term_string"}}],"inLanguage":"pt-BR"},{"@type":"Organization","@id":"https:\/\/www.hometheater.com.br\/portal\/#organization","name":"Home Theater","url":"https:\/\/www.hometheater.com.br\/portal\/","logo":{"@type":"ImageObject","inLanguage":"pt-BR","@id":"https:\/\/www.hometheater.com.br\/portal\/#\/schema\/logo\/image\/","url":"https:\/\/www.hometheater.com.br\/portal\/wp-content\/uploads\/2022\/06\/assine_ht_01.png","contentUrl":"https:\/\/www.hometheater.com.br\/portal\/wp-content\/uploads\/2022\/06\/assine_ht_01.png","width":800,"height":254,"caption":"Home Theater"},"image":{"@id":"https:\/\/www.hometheater.com.br\/portal\/#\/schema\/logo\/image\/"},"sameAs":["https:\/\/web.facebook.com\/revistahometheater","https:\/\/x.com\/hometheaterbr"]},{"@type":"Person","@id":"https:\/\/www.hometheater.com.br\/portal\/#\/schema\/person\/3b6bd5a9e2a6c4197c7b98dd7a733d22","name":"Revista Home Theater &amp; Casa Digital","image":{"@type":"ImageObject","inLanguage":"pt-BR","@id":"https:\/\/www.hometheater.com.br\/portal\/#\/schema\/person\/image\/","url":"https:\/\/secure.gravatar.com\/avatar\/fd86f33d841f0f43adcc1665dd80ca740e028af4297e20d3444f9335092a6ee7?s=96&d=mm&r=g","contentUrl":"https:\/\/secure.gravatar.com\/avatar\/fd86f33d841f0f43adcc1665dd80ca740e028af4297e20d3444f9335092a6ee7?s=96&d=mm&r=g","caption":"Revista Home Theater &amp; Casa Digital"},"url":"https:\/\/www.hometheater.com.br\/portal\/author\/flavio\/"}]}},"_links":{"self":[{"href":"https:\/\/www.hometheater.com.br\/portal\/wp-json\/wp\/v2\/posts\/32689","targetHints":{"allow":["GET"]}}],"collection":[{"href":"https:\/\/www.hometheater.com.br\/portal\/wp-json\/wp\/v2\/posts"}],"about":[{"href":"https:\/\/www.hometheater.com.br\/portal\/wp-json\/wp\/v2\/types\/post"}],"author":[{"embeddable":true,"href":"https:\/\/www.hometheater.com.br\/portal\/wp-json\/wp\/v2\/users\/1"}],"replies":[{"embeddable":true,"href":"https:\/\/www.hometheater.com.br\/portal\/wp-json\/wp\/v2\/comments?post=32689"}],"version-history":[{"count":0,"href":"https:\/\/www.hometheater.com.br\/portal\/wp-json\/wp\/v2\/posts\/32689\/revisions"}],"wp:featuredmedia":[{"embeddable":true,"href":"https:\/\/www.hometheater.com.br\/portal\/wp-json\/wp\/v2\/media\/32690"}],"wp:attachment":[{"href":"https:\/\/www.hometheater.com.br\/portal\/wp-json\/wp\/v2\/media?parent=32689"}],"wp:term":[{"taxonomy":"category","embeddable":true,"href":"https:\/\/www.hometheater.com.br\/portal\/wp-json\/wp\/v2\/categories?post=32689"},{"taxonomy":"post_tag","embeddable":true,"href":"https:\/\/www.hometheater.com.br\/portal\/wp-json\/wp\/v2\/tags?post=32689"}],"curies":[{"name":"wp","href":"https:\/\/api.w.org\/{rel}","templated":true}]}}