{"id":32653,"date":"2025-01-07T10:52:00","date_gmt":"2025-01-07T13:52:00","guid":{"rendered":"https:\/\/www.hometheater.com.br\/portal\/?p=32653"},"modified":"2025-01-17T07:41:52","modified_gmt":"2025-01-17T10:41:52","slug":"tvs-oled-da-lg-virao-com-inteligencia-artificial-generativa","status":"publish","type":"post","link":"https:\/\/www.hometheater.com.br\/portal\/2025\/01\/07\/tvs-oled-da-lg-virao-com-inteligencia-artificial-generativa\/","title":{"rendered":"TVs OLED da LG vir\u00e3o com Intelig\u00eancia Artificial Generativa"},"content":{"rendered":"<p><img loading=\"lazy\" decoding=\"async\" class=\"size-full wp-image-32654 aligncenter\" src=\"https:\/\/www.hometheater.com.br\/portal\/wp-content\/uploads\/2025\/01\/LG_oled_M5_ces_2025.jpg\" alt=\"\" width=\"700\" height=\"383\" srcset=\"https:\/\/www.hometheater.com.br\/portal\/wp-content\/uploads\/2025\/01\/LG_oled_M5_ces_2025.jpg 700w, https:\/\/www.hometheater.com.br\/portal\/wp-content\/uploads\/2025\/01\/LG_oled_M5_ces_2025-300x164.jpg 300w, https:\/\/www.hometheater.com.br\/portal\/wp-content\/uploads\/2025\/01\/LG_oled_M5_ces_2025-400x219.jpg 400w, https:\/\/www.hometheater.com.br\/portal\/wp-content\/uploads\/2025\/01\/LG_oled_M5_ces_2025-500x274.jpg 500w\" sizes=\"auto, (max-width: 700px) 100vw, 700px\" \/><\/p>\n<p><img loading=\"lazy\" decoding=\"async\" class=\"alignright size-full wp-image-32611\" src=\"https:\/\/www.hometheater.com.br\/portal\/wp-content\/uploads\/2025\/01\/logo_interno_ces_2025_.png\" alt=\"\" width=\"100\" height=\"150\" \/>Parece que 2025 ser\u00e1 mesmo o ano da IA Generativa integrada aos equipamentos de consumo. Em sua pr\u00e9via para a CES, que acontece esta semana em Las Vegas, a LG anunciou que boa parte de suas novas TVs vir\u00e1 com recursos de IA Generativa, incluindo buscas por LLM (<i>Large Language Model<\/i>), mesma tecnologia do ChatGPT e do\u00a0<b><a href=\"https:\/\/www.hometheater.com.br\/portal\/2025\/01\/07\/google-gemini-chega-as-tvs-smart-ainda-no-primeiro-semestre\/\" target=\"_blank\" rel=\"noopener\" data-saferedirecturl=\"https:\/\/www.google.com\/url?q=https:\/\/www.hometheater.com.br\/portal\/2025\/01\/07\/google-gemini-chega-as-tvs-smart-ainda-no-primeiro-semestre\/&amp;source=gmail&amp;ust=1736343356897000&amp;usg=AOvVaw0HfL1GyRn25vKtEBhCBLwM\">Google Gemini<\/a>.<\/b><\/p>\n<p>No evento, a LG destacou a evolu\u00e7\u00e3o dos pain\u00e9is OLED evo, anunciando quatro novas linhas de TVs para este ano: C5, G5, M5 e OLED T. Todas vir\u00e3o com sistema de buscas por IA-LLM, que possui maior capacidade de compreens\u00e3o dos comandos de voz do usu\u00e1rio.<\/p><div class=\"homet-conteudo\" style=\"text-align: center;\" id=\"homet-830568556\"><div data-cfpa=\"35734\" data-cfpw=\"35734\" id=\"homet-2259350914\"><a data-no-instant=\"1\" href=\"https:\/\/www.harmanluxuryaudio.com\/\" rel=\"noopener\" class=\"a2t-link\" aria-label=\"ARCAM-SA45-BANNER-NEWSLETTER\"><img loading=\"lazy\" decoding=\"async\" src=\"https:\/\/www.hometheater.com.br\/portal\/wp-content\/uploads\/2025\/09\/ARCAM-SA45-BANNER-NEWSLETTER.gif\" alt=\"\"  class=\"no-lazyload\" width=\"300\" height=\"250\"   \/><\/a><\/div><h6><span style=\"color: #808080;\"><em>Publicidade<\/em><\/span><\/h6>\r\n<\/br><script type=\"text\/javascript\">;new advadsCfpAd( 35734 );<\/script><\/div>\n<p>A empresa coreana fechou parceria com a Microsoft para incluir a plataforma de IA Copilot em suas TVs, visando facilitar para o usu\u00e1rio a organiza\u00e7\u00e3o de suas buscas. O sistema incluir\u00e1 uma Galeria Generativa de Imagens, permitindo solicitar imagens para compor menus personalizados na tela.<\/p>\n<p>As s\u00e9ries de TVs OLED G5 e C5 substituir\u00e3o as atuais G4 e C4, trazendo processadores mais avan\u00e7ados e taxas de brilho mais altas, para melhorar o desempenho em ambientes iluminados. A G5 \u00e9 especificada com frequ\u00eancia de 165Hz. A OLED M5 (foto), apresentada na CES do ano passado como prot\u00f3tipo, agora ser\u00e1 lan\u00e7ada no mercado internacional, segundo a LG. Trata-se da primeira TV OLED sem fio, tend\u00eancia em que a empresa aposta, com o recurso\u00a0<i>Zero Connect<\/i>: um m\u00f3dulo wireless que acompanha a TV funciona com hub para conex\u00e3o de todas as fontes de sinal.<\/p>\n<p>J\u00e1 a OLED T \u00e9 a TV Transparent, j\u00e1 exibida em eventos no Brasil e dispon\u00edvel desde 2024 em alguns pa\u00edses. A nova vers\u00e3o, com 77\u201d e tamb\u00e9m utilizando a caixa Zero Connect, permite que o usu\u00e1rio alterne os modos transparente e opaco, dependendo da situa\u00e7\u00e3o.<\/p>\n<p>Ainda n\u00e3o h\u00e1 defini\u00e7\u00e3o da LG sobre pre\u00e7os e datas de lan\u00e7amento desses produtos no Brasil.<\/p>\n","protected":false},"excerpt":{"rendered":"<p>Parece que 2025 ser\u00e1 mesmo o ano da IA Generativa integrada aos equipamentos de consumo. Em sua pr\u00e9via para a CES, que acontece esta semana<\/p>\n","protected":false},"author":1,"featured_media":32654,"comment_status":"open","ping_status":"open","sticky":false,"template":"","format":"standard","meta":{"footnotes":""},"categories":[206,4,24],"tags":[204],"class_list":["post-32653","post","type-post","status-publish","format-standard","has-post-thumbnail","hentry","category-ces-2025","category-noticias","category-smart-home","tag-destaque"],"yoast_head":"<!-- This site is optimized with the Yoast SEO plugin v25.7 - https:\/\/yoast.com\/wordpress\/plugins\/seo\/ -->\n<title>TVs OLED da LG vir\u00e3o com Intelig\u00eancia Artificial Generativa - HT &amp; Casa Digital<\/title>\n<meta name=\"robots\" content=\"index, follow, max-snippet:-1, max-image-preview:large, max-video-preview:-1\" \/>\n<link rel=\"canonical\" href=\"https:\/\/www.hometheater.com.br\/portal\/2025\/01\/07\/tvs-oled-da-lg-virao-com-inteligencia-artificial-generativa\/\" \/>\n<meta property=\"og:locale\" content=\"pt_BR\" \/>\n<meta property=\"og:type\" content=\"article\" \/>\n<meta property=\"og:title\" content=\"TVs OLED da LG vir\u00e3o com Intelig\u00eancia Artificial Generativa - HT &amp; Casa Digital\" \/>\n<meta property=\"og:description\" content=\"Parece que 2025 ser\u00e1 mesmo o ano da IA Generativa integrada aos equipamentos de consumo. Em sua pr\u00e9via para a CES, que acontece esta semana\" \/>\n<meta property=\"og:url\" content=\"https:\/\/www.hometheater.com.br\/portal\/2025\/01\/07\/tvs-oled-da-lg-virao-com-inteligencia-artificial-generativa\/\" \/>\n<meta property=\"og:site_name\" content=\"HT &amp; Casa Digital\" \/>\n<meta property=\"article:publisher\" content=\"https:\/\/web.facebook.com\/revistahometheater\" \/>\n<meta property=\"article:published_time\" content=\"2025-01-07T13:52:00+00:00\" \/>\n<meta property=\"article:modified_time\" content=\"2025-01-17T10:41:52+00:00\" \/>\n<meta property=\"og:image\" content=\"https:\/\/www.hometheater.com.br\/portal\/wp-content\/uploads\/2025\/01\/LG_oled_M5_ces_2025.jpg\" \/>\n\t<meta property=\"og:image:width\" content=\"700\" \/>\n\t<meta property=\"og:image:height\" content=\"383\" \/>\n\t<meta property=\"og:image:type\" content=\"image\/jpeg\" \/>\n<meta name=\"author\" content=\"Revista Home Theater &amp; Casa Digital\" \/>\n<meta name=\"twitter:card\" content=\"summary_large_image\" \/>\n<meta name=\"twitter:creator\" content=\"@hometheaterbr\" \/>\n<meta name=\"twitter:site\" content=\"@hometheaterbr\" \/>\n<meta name=\"twitter:label1\" content=\"Escrito por\" \/>\n\t<meta name=\"twitter:data1\" content=\"Revista Home Theater &amp; Casa Digital\" \/>\n\t<meta name=\"twitter:label2\" content=\"Est. tempo de leitura\" \/>\n\t<meta name=\"twitter:data2\" content=\"2 minutos\" \/>\n<script type=\"application\/ld+json\" class=\"yoast-schema-graph\">{\"@context\":\"https:\/\/schema.org\",\"@graph\":[{\"@type\":\"Article\",\"@id\":\"https:\/\/www.hometheater.com.br\/portal\/2025\/01\/07\/tvs-oled-da-lg-virao-com-inteligencia-artificial-generativa\/#article\",\"isPartOf\":{\"@id\":\"https:\/\/www.hometheater.com.br\/portal\/2025\/01\/07\/tvs-oled-da-lg-virao-com-inteligencia-artificial-generativa\/\"},\"author\":{\"name\":\"Revista Home Theater &amp; Casa Digital\",\"@id\":\"https:\/\/www.hometheater.com.br\/portal\/#\/schema\/person\/3b6bd5a9e2a6c4197c7b98dd7a733d22\"},\"headline\":\"TVs OLED da LG vir\u00e3o com Intelig\u00eancia Artificial Generativa\",\"datePublished\":\"2025-01-07T13:52:00+00:00\",\"dateModified\":\"2025-01-17T10:41:52+00:00\",\"mainEntityOfPage\":{\"@id\":\"https:\/\/www.hometheater.com.br\/portal\/2025\/01\/07\/tvs-oled-da-lg-virao-com-inteligencia-artificial-generativa\/\"},\"wordCount\":341,\"commentCount\":0,\"publisher\":{\"@id\":\"https:\/\/www.hometheater.com.br\/portal\/#organization\"},\"image\":{\"@id\":\"https:\/\/www.hometheater.com.br\/portal\/2025\/01\/07\/tvs-oled-da-lg-virao-com-inteligencia-artificial-generativa\/#primaryimage\"},\"thumbnailUrl\":\"https:\/\/www.hometheater.com.br\/portal\/wp-content\/uploads\/2025\/01\/LG_oled_M5_ces_2025.jpg\",\"keywords\":[\"destaque\"],\"articleSection\":[\"CES 2025\",\"NOT\u00cdCIAS\",\"SMART HOME\"],\"inLanguage\":\"pt-BR\",\"potentialAction\":[{\"@type\":\"CommentAction\",\"name\":\"Comment\",\"target\":[\"https:\/\/www.hometheater.com.br\/portal\/2025\/01\/07\/tvs-oled-da-lg-virao-com-inteligencia-artificial-generativa\/#respond\"]}]},{\"@type\":\"WebPage\",\"@id\":\"https:\/\/www.hometheater.com.br\/portal\/2025\/01\/07\/tvs-oled-da-lg-virao-com-inteligencia-artificial-generativa\/\",\"url\":\"https:\/\/www.hometheater.com.br\/portal\/2025\/01\/07\/tvs-oled-da-lg-virao-com-inteligencia-artificial-generativa\/\",\"name\":\"TVs OLED da LG vir\u00e3o com Intelig\u00eancia Artificial Generativa - HT &amp; Casa Digital\",\"isPartOf\":{\"@id\":\"https:\/\/www.hometheater.com.br\/portal\/#website\"},\"primaryImageOfPage\":{\"@id\":\"https:\/\/www.hometheater.com.br\/portal\/2025\/01\/07\/tvs-oled-da-lg-virao-com-inteligencia-artificial-generativa\/#primaryimage\"},\"image\":{\"@id\":\"https:\/\/www.hometheater.com.br\/portal\/2025\/01\/07\/tvs-oled-da-lg-virao-com-inteligencia-artificial-generativa\/#primaryimage\"},\"thumbnailUrl\":\"https:\/\/www.hometheater.com.br\/portal\/wp-content\/uploads\/2025\/01\/LG_oled_M5_ces_2025.jpg\",\"datePublished\":\"2025-01-07T13:52:00+00:00\",\"dateModified\":\"2025-01-17T10:41:52+00:00\",\"breadcrumb\":{\"@id\":\"https:\/\/www.hometheater.com.br\/portal\/2025\/01\/07\/tvs-oled-da-lg-virao-com-inteligencia-artificial-generativa\/#breadcrumb\"},\"inLanguage\":\"pt-BR\",\"potentialAction\":[{\"@type\":\"ReadAction\",\"target\":[\"https:\/\/www.hometheater.com.br\/portal\/2025\/01\/07\/tvs-oled-da-lg-virao-com-inteligencia-artificial-generativa\/\"]}]},{\"@type\":\"ImageObject\",\"inLanguage\":\"pt-BR\",\"@id\":\"https:\/\/www.hometheater.com.br\/portal\/2025\/01\/07\/tvs-oled-da-lg-virao-com-inteligencia-artificial-generativa\/#primaryimage\",\"url\":\"https:\/\/www.hometheater.com.br\/portal\/wp-content\/uploads\/2025\/01\/LG_oled_M5_ces_2025.jpg\",\"contentUrl\":\"https:\/\/www.hometheater.com.br\/portal\/wp-content\/uploads\/2025\/01\/LG_oled_M5_ces_2025.jpg\",\"width\":700,\"height\":383},{\"@type\":\"BreadcrumbList\",\"@id\":\"https:\/\/www.hometheater.com.br\/portal\/2025\/01\/07\/tvs-oled-da-lg-virao-com-inteligencia-artificial-generativa\/#breadcrumb\",\"itemListElement\":[{\"@type\":\"ListItem\",\"position\":1,\"name\":\"In\u00edcio\",\"item\":\"https:\/\/www.hometheater.com.br\/portal\/\"},{\"@type\":\"ListItem\",\"position\":2,\"name\":\"TVs OLED da LG vir\u00e3o com Intelig\u00eancia Artificial Generativa\"}]},{\"@type\":\"WebSite\",\"@id\":\"https:\/\/www.hometheater.com.br\/portal\/#website\",\"url\":\"https:\/\/www.hometheater.com.br\/portal\/\",\"name\":\"HT &amp; Casa Digital\",\"description\":\"O mundo digital em sua casa\",\"publisher\":{\"@id\":\"https:\/\/www.hometheater.com.br\/portal\/#organization\"},\"potentialAction\":[{\"@type\":\"SearchAction\",\"target\":{\"@type\":\"EntryPoint\",\"urlTemplate\":\"https:\/\/www.hometheater.com.br\/portal\/?s={search_term_string}\"},\"query-input\":{\"@type\":\"PropertyValueSpecification\",\"valueRequired\":true,\"valueName\":\"search_term_string\"}}],\"inLanguage\":\"pt-BR\"},{\"@type\":\"Organization\",\"@id\":\"https:\/\/www.hometheater.com.br\/portal\/#organization\",\"name\":\"Home Theater\",\"url\":\"https:\/\/www.hometheater.com.br\/portal\/\",\"logo\":{\"@type\":\"ImageObject\",\"inLanguage\":\"pt-BR\",\"@id\":\"https:\/\/www.hometheater.com.br\/portal\/#\/schema\/logo\/image\/\",\"url\":\"https:\/\/www.hometheater.com.br\/portal\/wp-content\/uploads\/2022\/06\/assine_ht_01.png\",\"contentUrl\":\"https:\/\/www.hometheater.com.br\/portal\/wp-content\/uploads\/2022\/06\/assine_ht_01.png\",\"width\":800,\"height\":254,\"caption\":\"Home Theater\"},\"image\":{\"@id\":\"https:\/\/www.hometheater.com.br\/portal\/#\/schema\/logo\/image\/\"},\"sameAs\":[\"https:\/\/web.facebook.com\/revistahometheater\",\"https:\/\/x.com\/hometheaterbr\"]},{\"@type\":\"Person\",\"@id\":\"https:\/\/www.hometheater.com.br\/portal\/#\/schema\/person\/3b6bd5a9e2a6c4197c7b98dd7a733d22\",\"name\":\"Revista Home Theater &amp; Casa Digital\",\"image\":{\"@type\":\"ImageObject\",\"inLanguage\":\"pt-BR\",\"@id\":\"https:\/\/www.hometheater.com.br\/portal\/#\/schema\/person\/image\/\",\"url\":\"https:\/\/secure.gravatar.com\/avatar\/fd86f33d841f0f43adcc1665dd80ca740e028af4297e20d3444f9335092a6ee7?s=96&d=mm&r=g\",\"contentUrl\":\"https:\/\/secure.gravatar.com\/avatar\/fd86f33d841f0f43adcc1665dd80ca740e028af4297e20d3444f9335092a6ee7?s=96&d=mm&r=g\",\"caption\":\"Revista Home Theater &amp; Casa Digital\"},\"url\":\"https:\/\/www.hometheater.com.br\/portal\/author\/flavio\/\"}]}<\/script>\n<!-- \/ Yoast SEO plugin. -->","yoast_head_json":{"title":"TVs OLED da LG vir\u00e3o com Intelig\u00eancia Artificial Generativa - HT &amp; Casa Digital","robots":{"index":"index","follow":"follow","max-snippet":"max-snippet:-1","max-image-preview":"max-image-preview:large","max-video-preview":"max-video-preview:-1"},"canonical":"https:\/\/www.hometheater.com.br\/portal\/2025\/01\/07\/tvs-oled-da-lg-virao-com-inteligencia-artificial-generativa\/","og_locale":"pt_BR","og_type":"article","og_title":"TVs OLED da LG vir\u00e3o com Intelig\u00eancia Artificial Generativa - HT &amp; Casa Digital","og_description":"Parece que 2025 ser\u00e1 mesmo o ano da IA Generativa integrada aos equipamentos de consumo. Em sua pr\u00e9via para a CES, que acontece esta semana","og_url":"https:\/\/www.hometheater.com.br\/portal\/2025\/01\/07\/tvs-oled-da-lg-virao-com-inteligencia-artificial-generativa\/","og_site_name":"HT &amp; Casa Digital","article_publisher":"https:\/\/web.facebook.com\/revistahometheater","article_published_time":"2025-01-07T13:52:00+00:00","article_modified_time":"2025-01-17T10:41:52+00:00","og_image":[{"width":700,"height":383,"url":"https:\/\/www.hometheater.com.br\/portal\/wp-content\/uploads\/2025\/01\/LG_oled_M5_ces_2025.jpg","type":"image\/jpeg"}],"author":"Revista Home Theater &amp; Casa Digital","twitter_card":"summary_large_image","twitter_creator":"@hometheaterbr","twitter_site":"@hometheaterbr","twitter_misc":{"Escrito por":"Revista Home Theater &amp; Casa Digital","Est. tempo de leitura":"2 minutos"},"schema":{"@context":"https:\/\/schema.org","@graph":[{"@type":"Article","@id":"https:\/\/www.hometheater.com.br\/portal\/2025\/01\/07\/tvs-oled-da-lg-virao-com-inteligencia-artificial-generativa\/#article","isPartOf":{"@id":"https:\/\/www.hometheater.com.br\/portal\/2025\/01\/07\/tvs-oled-da-lg-virao-com-inteligencia-artificial-generativa\/"},"author":{"name":"Revista Home Theater &amp; Casa Digital","@id":"https:\/\/www.hometheater.com.br\/portal\/#\/schema\/person\/3b6bd5a9e2a6c4197c7b98dd7a733d22"},"headline":"TVs OLED da LG vir\u00e3o com Intelig\u00eancia Artificial Generativa","datePublished":"2025-01-07T13:52:00+00:00","dateModified":"2025-01-17T10:41:52+00:00","mainEntityOfPage":{"@id":"https:\/\/www.hometheater.com.br\/portal\/2025\/01\/07\/tvs-oled-da-lg-virao-com-inteligencia-artificial-generativa\/"},"wordCount":341,"commentCount":0,"publisher":{"@id":"https:\/\/www.hometheater.com.br\/portal\/#organization"},"image":{"@id":"https:\/\/www.hometheater.com.br\/portal\/2025\/01\/07\/tvs-oled-da-lg-virao-com-inteligencia-artificial-generativa\/#primaryimage"},"thumbnailUrl":"https:\/\/www.hometheater.com.br\/portal\/wp-content\/uploads\/2025\/01\/LG_oled_M5_ces_2025.jpg","keywords":["destaque"],"articleSection":["CES 2025","NOT\u00cdCIAS","SMART HOME"],"inLanguage":"pt-BR","potentialAction":[{"@type":"CommentAction","name":"Comment","target":["https:\/\/www.hometheater.com.br\/portal\/2025\/01\/07\/tvs-oled-da-lg-virao-com-inteligencia-artificial-generativa\/#respond"]}]},{"@type":"WebPage","@id":"https:\/\/www.hometheater.com.br\/portal\/2025\/01\/07\/tvs-oled-da-lg-virao-com-inteligencia-artificial-generativa\/","url":"https:\/\/www.hometheater.com.br\/portal\/2025\/01\/07\/tvs-oled-da-lg-virao-com-inteligencia-artificial-generativa\/","name":"TVs OLED da LG vir\u00e3o com Intelig\u00eancia Artificial Generativa - HT &amp; Casa Digital","isPartOf":{"@id":"https:\/\/www.hometheater.com.br\/portal\/#website"},"primaryImageOfPage":{"@id":"https:\/\/www.hometheater.com.br\/portal\/2025\/01\/07\/tvs-oled-da-lg-virao-com-inteligencia-artificial-generativa\/#primaryimage"},"image":{"@id":"https:\/\/www.hometheater.com.br\/portal\/2025\/01\/07\/tvs-oled-da-lg-virao-com-inteligencia-artificial-generativa\/#primaryimage"},"thumbnailUrl":"https:\/\/www.hometheater.com.br\/portal\/wp-content\/uploads\/2025\/01\/LG_oled_M5_ces_2025.jpg","datePublished":"2025-01-07T13:52:00+00:00","dateModified":"2025-01-17T10:41:52+00:00","breadcrumb":{"@id":"https:\/\/www.hometheater.com.br\/portal\/2025\/01\/07\/tvs-oled-da-lg-virao-com-inteligencia-artificial-generativa\/#breadcrumb"},"inLanguage":"pt-BR","potentialAction":[{"@type":"ReadAction","target":["https:\/\/www.hometheater.com.br\/portal\/2025\/01\/07\/tvs-oled-da-lg-virao-com-inteligencia-artificial-generativa\/"]}]},{"@type":"ImageObject","inLanguage":"pt-BR","@id":"https:\/\/www.hometheater.com.br\/portal\/2025\/01\/07\/tvs-oled-da-lg-virao-com-inteligencia-artificial-generativa\/#primaryimage","url":"https:\/\/www.hometheater.com.br\/portal\/wp-content\/uploads\/2025\/01\/LG_oled_M5_ces_2025.jpg","contentUrl":"https:\/\/www.hometheater.com.br\/portal\/wp-content\/uploads\/2025\/01\/LG_oled_M5_ces_2025.jpg","width":700,"height":383},{"@type":"BreadcrumbList","@id":"https:\/\/www.hometheater.com.br\/portal\/2025\/01\/07\/tvs-oled-da-lg-virao-com-inteligencia-artificial-generativa\/#breadcrumb","itemListElement":[{"@type":"ListItem","position":1,"name":"In\u00edcio","item":"https:\/\/www.hometheater.com.br\/portal\/"},{"@type":"ListItem","position":2,"name":"TVs OLED da LG vir\u00e3o com Intelig\u00eancia Artificial Generativa"}]},{"@type":"WebSite","@id":"https:\/\/www.hometheater.com.br\/portal\/#website","url":"https:\/\/www.hometheater.com.br\/portal\/","name":"HT &amp; Casa Digital","description":"O mundo digital em sua casa","publisher":{"@id":"https:\/\/www.hometheater.com.br\/portal\/#organization"},"potentialAction":[{"@type":"SearchAction","target":{"@type":"EntryPoint","urlTemplate":"https:\/\/www.hometheater.com.br\/portal\/?s={search_term_string}"},"query-input":{"@type":"PropertyValueSpecification","valueRequired":true,"valueName":"search_term_string"}}],"inLanguage":"pt-BR"},{"@type":"Organization","@id":"https:\/\/www.hometheater.com.br\/portal\/#organization","name":"Home Theater","url":"https:\/\/www.hometheater.com.br\/portal\/","logo":{"@type":"ImageObject","inLanguage":"pt-BR","@id":"https:\/\/www.hometheater.com.br\/portal\/#\/schema\/logo\/image\/","url":"https:\/\/www.hometheater.com.br\/portal\/wp-content\/uploads\/2022\/06\/assine_ht_01.png","contentUrl":"https:\/\/www.hometheater.com.br\/portal\/wp-content\/uploads\/2022\/06\/assine_ht_01.png","width":800,"height":254,"caption":"Home Theater"},"image":{"@id":"https:\/\/www.hometheater.com.br\/portal\/#\/schema\/logo\/image\/"},"sameAs":["https:\/\/web.facebook.com\/revistahometheater","https:\/\/x.com\/hometheaterbr"]},{"@type":"Person","@id":"https:\/\/www.hometheater.com.br\/portal\/#\/schema\/person\/3b6bd5a9e2a6c4197c7b98dd7a733d22","name":"Revista Home Theater &amp; Casa Digital","image":{"@type":"ImageObject","inLanguage":"pt-BR","@id":"https:\/\/www.hometheater.com.br\/portal\/#\/schema\/person\/image\/","url":"https:\/\/secure.gravatar.com\/avatar\/fd86f33d841f0f43adcc1665dd80ca740e028af4297e20d3444f9335092a6ee7?s=96&d=mm&r=g","contentUrl":"https:\/\/secure.gravatar.com\/avatar\/fd86f33d841f0f43adcc1665dd80ca740e028af4297e20d3444f9335092a6ee7?s=96&d=mm&r=g","caption":"Revista Home Theater &amp; Casa Digital"},"url":"https:\/\/www.hometheater.com.br\/portal\/author\/flavio\/"}]}},"_links":{"self":[{"href":"https:\/\/www.hometheater.com.br\/portal\/wp-json\/wp\/v2\/posts\/32653","targetHints":{"allow":["GET"]}}],"collection":[{"href":"https:\/\/www.hometheater.com.br\/portal\/wp-json\/wp\/v2\/posts"}],"about":[{"href":"https:\/\/www.hometheater.com.br\/portal\/wp-json\/wp\/v2\/types\/post"}],"author":[{"embeddable":true,"href":"https:\/\/www.hometheater.com.br\/portal\/wp-json\/wp\/v2\/users\/1"}],"replies":[{"embeddable":true,"href":"https:\/\/www.hometheater.com.br\/portal\/wp-json\/wp\/v2\/comments?post=32653"}],"version-history":[{"count":0,"href":"https:\/\/www.hometheater.com.br\/portal\/wp-json\/wp\/v2\/posts\/32653\/revisions"}],"wp:featuredmedia":[{"embeddable":true,"href":"https:\/\/www.hometheater.com.br\/portal\/wp-json\/wp\/v2\/media\/32654"}],"wp:attachment":[{"href":"https:\/\/www.hometheater.com.br\/portal\/wp-json\/wp\/v2\/media?parent=32653"}],"wp:term":[{"taxonomy":"category","embeddable":true,"href":"https:\/\/www.hometheater.com.br\/portal\/wp-json\/wp\/v2\/categories?post=32653"},{"taxonomy":"post_tag","embeddable":true,"href":"https:\/\/www.hometheater.com.br\/portal\/wp-json\/wp\/v2\/tags?post=32653"}],"curies":[{"name":"wp","href":"https:\/\/api.w.org\/{rel}","templated":true}]}}