{"id":32567,"date":"2024-12-19T14:22:23","date_gmt":"2024-12-19T17:22:23","guid":{"rendered":"https:\/\/www.hometheater.com.br\/portal\/?p=32567"},"modified":"2024-12-19T14:22:23","modified_gmt":"2024-12-19T17:22:23","slug":"governo-quer-adaptadores-para-tv-3-0-funcionar-nas-tvs-atuais","status":"publish","type":"post","link":"https:\/\/www.hometheater.com.br\/portal\/2024\/12\/19\/governo-quer-adaptadores-para-tv-3-0-funcionar-nas-tvs-atuais\/","title":{"rendered":"Governo quer adaptadores para TV 3.0 funcionar nas TVs atuais"},"content":{"rendered":"<p><img loading=\"lazy\" decoding=\"async\" class=\"size-full wp-image-32568 aligncenter\" src=\"https:\/\/www.hometheater.com.br\/portal\/wp-content\/uploads\/2024\/12\/smart-glass_Zeiss_.jpg\" alt=\"\" width=\"700\" height=\"394\" srcset=\"https:\/\/www.hometheater.com.br\/portal\/wp-content\/uploads\/2024\/12\/smart-glass_Zeiss_.jpg 700w, https:\/\/www.hometheater.com.br\/portal\/wp-content\/uploads\/2024\/12\/smart-glass_Zeiss_-300x169.jpg 300w, https:\/\/www.hometheater.com.br\/portal\/wp-content\/uploads\/2024\/12\/smart-glass_Zeiss_-400x225.jpg 400w, https:\/\/www.hometheater.com.br\/portal\/wp-content\/uploads\/2024\/12\/smart-glass_Zeiss_-500x281.jpg 500w\" sizes=\"auto, (max-width: 700px) 100vw, 700px\" \/><\/p>\n<p>Em evento nesta 4a feira em Brasilia, o Minist\u00e9rio das Comunica\u00e7\u00f5es (Minicom) anunciou a defini\u00e7\u00e3o do novo padr\u00e3o brasileiro de TV Digital UHD, chamado ISDB-T 3.0. O projeto executado pelo F\u00f3rum SDBTV e conclu\u00eddo em julho foi enviado ontem \u00e0 Casa Civil para aprova\u00e7\u00e3o e assinatura do presidente da Rep\u00fablica (<a href=\"https:\/\/www.gov.br\/mcom\/pt-br\/noticias\/2024\/dezembro\/ministerio-das-comunicacoes-finaliza-minuta-do-decreto-da-tv-3-0-e-encaminha-para-casa-civil\" target=\"_blank\" rel=\"noopener\" data-saferedirecturl=\"https:\/\/www.google.com\/url?q=https:\/\/www.gov.br\/mcom\/pt-br\/noticias\/2024\/dezembro\/ministerio-das-comunicacoes-finaliza-minuta-do-decreto-da-tv-3-0-e-encaminha-para-casa-civil&amp;source=gmail&amp;ust=1734714595695000&amp;usg=AOvVaw2PHb-HSxWXLLtfgmer_NpI\"><b>veja aqui o an\u00fancio oficial<\/b><\/a><span style=\"color: #000001;\">).<\/span><\/p>\n<p>\u00c9 fundamental que o setor se reinvente para continuar desempenhando um papel relevante na vida dos brasileiros\u201d, comentou o ministro Juscelino Filho durante o encontro, lembrando que a minuta do decreto a ser assinado pelo presidente Lula foi \u201camplamente discutida com todos os envolvidos\u201d. A princ\u00edpio, n\u00e3o h\u00e1 data definida para a assinatura.<\/p><div class=\"homet-conteudo\" style=\"text-align: center;\" id=\"homet-2434734400\"><div data-cfpa=\"35734\" data-cfpw=\"35734\" id=\"homet-440866390\"><a data-no-instant=\"1\" href=\"https:\/\/www.harmanluxuryaudio.com\/\" rel=\"noopener\" class=\"a2t-link\" aria-label=\"ARCAM-SA45-BANNER-NEWSLETTER\"><img loading=\"lazy\" decoding=\"async\" src=\"https:\/\/www.hometheater.com.br\/portal\/wp-content\/uploads\/2025\/09\/ARCAM-SA45-BANNER-NEWSLETTER.gif\" alt=\"\"  class=\"no-lazyload\" width=\"300\" height=\"250\"   \/><\/a><\/div><h6><span style=\"color: #808080;\"><em>Publicidade<\/em><\/span><\/h6>\r\n<\/br><script type=\"text\/javascript\">;new advadsCfpAd( 35734 );<\/script><\/div>\n<p>Segundo o secret\u00e1rio de comunica\u00e7\u00e3o eletr\u00f4nica do Minicom, Wilson Wellisch, a proposta recomenda as especifica\u00e7\u00f5es do padr\u00e3o ATSC 3.0 de transmiss\u00e3o terrestre, j\u00e1 utilizado por pa\u00edses como EUA e Coreia do Sul. J\u00e1 para a TV 3.0 m\u00f3vel, que estar\u00e1 dispon\u00edvel em smartphones e autom\u00f3veis, as especifica\u00e7\u00f5es ser\u00e3o definidas mais \u00e0 frente.<\/p>\n<p>Embora n\u00e3o haja prazos para implanta\u00e7\u00e3o do ISDB-T 3.0, o governo trabalha com a possibilidade de utiliz\u00e1-lo durante a Copa do Mundo de 2026. Ainda segundo Wellisch, est\u00e3o em estudos medidas para oferecer financiamento \u00e0s emissoras, que precis\u00e3o trocar seus transmissores (<a href=\"https:\/\/orlandobarrozo.blog.br\/2024\/12\/08\/tv-3-0-em-busca-do-financiamento\/\" target=\"_blank\" rel=\"noopener\" data-saferedirecturl=\"https:\/\/www.google.com\/url?q=https:\/\/orlandobarrozo.blog.br\/2024\/12\/08\/tv-3-0-em-busca-do-financiamento\/&amp;source=gmail&amp;ust=1734714595695000&amp;usg=AOvVaw2WDfptOK3Ip6MLISqbc2Dt\"><b>mais detalhes aqui<\/b><\/a>). Uma das preocupa\u00e7\u00f5es \u00e9 desenvolver junto \u00e0 ind\u00fastria conversores que poderiam ser usados inicialmente pelos consumidores para receber o sinal 3.0 em suas TVs atuais.<\/p>\n<div>\n<p>Entre as inova\u00e7\u00f5es do novo padr\u00e3o, o projeto prev\u00ea a possibilidade de transmiss\u00f5es ao vivo em resolu\u00e7\u00e3o UHD (4K e 8K), integra\u00e7\u00e3o com redes IP e servi\u00e7os de streaming, publicidade segmentada e servi\u00e7os governamentais.<\/p>\n<p><b>FONTES: Minicom e Tela Viva<\/b><\/p>\n<p><b>Temas relacionados:<\/b><\/p>\n<p><a href=\"https:\/\/www.hometheater.com.br\/portal\/2023\/05\/02\/o-que-vai-mudar-com-a-chegada-da-tv-3-0\/\" target=\"_blank\" rel=\"noopener\" data-saferedirecturl=\"https:\/\/www.google.com\/url?q=https:\/\/www.hometheater.com.br\/portal\/2023\/05\/02\/o-que-vai-mudar-com-a-chegada-da-tv-3-0\/&amp;source=gmail&amp;ust=1734714595695000&amp;usg=AOvVaw0P_dddiceEuj7YxlXS-bKQ\"><b>TV 3.0 ser\u00e1 totalmente integrada \u00e0 internet, com 4K e Dolby Atmos<\/b><\/a><\/p>\n<p><a href=\"https:\/\/orlandobarrozo.blog.br\/2024\/07\/24\/forum-sbtvd-e-a-tv-3-0\/\" target=\"_blank\" rel=\"noopener\" data-saferedirecturl=\"https:\/\/www.google.com\/url?q=https:\/\/orlandobarrozo.blog.br\/2024\/07\/24\/forum-sbtvd-e-a-tv-3-0\/&amp;source=gmail&amp;ust=1734714595695000&amp;usg=AOvVaw2JFK8YDN1RHyhfd2DePmfM\"><b>TV 3.0: Brasil ir\u00e1 adaptar o padr\u00e3o americano\u00a0<\/b><\/a><\/p>\n<p><a href=\"https:\/\/orlandobarrozo.blog.br\/2024\/08\/07\/globo-demonstra-como-sera-a-tv-3-0\/\" target=\"_blank\" rel=\"noopener\" data-saferedirecturl=\"https:\/\/www.google.com\/url?q=https:\/\/orlandobarrozo.blog.br\/2024\/08\/07\/globo-demonstra-como-sera-a-tv-3-0\/&amp;source=gmail&amp;ust=1734714595695000&amp;usg=AOvVaw2unKhaNwzfiQHI6kGSFdJC\"><b>Globo demonstra como ser\u00e1 a TV 3.0 no Brasil<\/b><\/a><\/p>\n<p><a href=\"https:\/\/orlandobarrozo.blog.br\/2022\/03\/03\/para-entender-a-tv-3-0\/\" target=\"_blank\" rel=\"noopener\" data-saferedirecturl=\"https:\/\/www.google.com\/url?q=https:\/\/orlandobarrozo.blog.br\/2022\/03\/03\/para-entender-a-tv-3-0\/&amp;source=gmail&amp;ust=1734714595695000&amp;usg=AOvVaw25eKXrZ-1L6yDVK8f75lKc\"><b>Entenda como funcionar\u00e1 o novo padr\u00e3o brasileiro de TV<\/b><\/a><\/p>\n<\/div>\n","protected":false},"excerpt":{"rendered":"<p>Em evento nesta 4a feira em Brasilia, o Minist\u00e9rio das Comunica\u00e7\u00f5es (Minicom) anunciou a defini\u00e7\u00e3o do novo padr\u00e3o brasileiro de TV Digital UHD, chamado ISDB-T<\/p>\n","protected":false},"author":1,"featured_media":32568,"comment_status":"open","ping_status":"open","sticky":false,"template":"","format":"standard","meta":{"footnotes":""},"categories":[4],"tags":[],"class_list":["post-32567","post","type-post","status-publish","format-standard","has-post-thumbnail","hentry","category-noticias"],"yoast_head":"<!-- This site is optimized with the Yoast SEO plugin v25.7 - https:\/\/yoast.com\/wordpress\/plugins\/seo\/ -->\n<title>Governo quer adaptadores para TV 3.0 funcionar nas TVs atuais - HT &amp; Casa Digital<\/title>\n<meta name=\"robots\" content=\"index, follow, max-snippet:-1, max-image-preview:large, max-video-preview:-1\" \/>\n<link rel=\"canonical\" href=\"https:\/\/www.hometheater.com.br\/portal\/2024\/12\/19\/governo-quer-adaptadores-para-tv-3-0-funcionar-nas-tvs-atuais\/\" \/>\n<meta property=\"og:locale\" content=\"pt_BR\" \/>\n<meta property=\"og:type\" content=\"article\" \/>\n<meta property=\"og:title\" content=\"Governo quer adaptadores para TV 3.0 funcionar nas TVs atuais - HT &amp; Casa Digital\" \/>\n<meta property=\"og:description\" content=\"Em evento nesta 4a feira em Brasilia, o Minist\u00e9rio das Comunica\u00e7\u00f5es (Minicom) anunciou a defini\u00e7\u00e3o do novo padr\u00e3o brasileiro de TV Digital UHD, chamado ISDB-T\" \/>\n<meta property=\"og:url\" content=\"https:\/\/www.hometheater.com.br\/portal\/2024\/12\/19\/governo-quer-adaptadores-para-tv-3-0-funcionar-nas-tvs-atuais\/\" \/>\n<meta property=\"og:site_name\" content=\"HT &amp; Casa Digital\" \/>\n<meta property=\"article:publisher\" content=\"https:\/\/web.facebook.com\/revistahometheater\" \/>\n<meta property=\"article:published_time\" content=\"2024-12-19T17:22:23+00:00\" \/>\n<meta property=\"og:image\" content=\"https:\/\/www.hometheater.com.br\/portal\/wp-content\/uploads\/2024\/12\/smart-glass_Zeiss_.jpg\" \/>\n\t<meta property=\"og:image:width\" content=\"700\" \/>\n\t<meta property=\"og:image:height\" content=\"394\" \/>\n\t<meta property=\"og:image:type\" content=\"image\/jpeg\" \/>\n<meta name=\"author\" content=\"Revista Home Theater &amp; Casa Digital\" \/>\n<meta name=\"twitter:card\" content=\"summary_large_image\" \/>\n<meta name=\"twitter:creator\" content=\"@hometheaterbr\" \/>\n<meta name=\"twitter:site\" content=\"@hometheaterbr\" \/>\n<meta name=\"twitter:label1\" content=\"Escrito por\" \/>\n\t<meta name=\"twitter:data1\" content=\"Revista Home Theater &amp; Casa Digital\" \/>\n\t<meta name=\"twitter:label2\" content=\"Est. tempo de leitura\" \/>\n\t<meta name=\"twitter:data2\" content=\"2 minutos\" \/>\n<script type=\"application\/ld+json\" class=\"yoast-schema-graph\">{\"@context\":\"https:\/\/schema.org\",\"@graph\":[{\"@type\":\"Article\",\"@id\":\"https:\/\/www.hometheater.com.br\/portal\/2024\/12\/19\/governo-quer-adaptadores-para-tv-3-0-funcionar-nas-tvs-atuais\/#article\",\"isPartOf\":{\"@id\":\"https:\/\/www.hometheater.com.br\/portal\/2024\/12\/19\/governo-quer-adaptadores-para-tv-3-0-funcionar-nas-tvs-atuais\/\"},\"author\":{\"name\":\"Revista Home Theater &amp; Casa Digital\",\"@id\":\"https:\/\/www.hometheater.com.br\/portal\/#\/schema\/person\/3b6bd5a9e2a6c4197c7b98dd7a733d22\"},\"headline\":\"Governo quer adaptadores para TV 3.0 funcionar nas TVs atuais\",\"datePublished\":\"2024-12-19T17:22:23+00:00\",\"mainEntityOfPage\":{\"@id\":\"https:\/\/www.hometheater.com.br\/portal\/2024\/12\/19\/governo-quer-adaptadores-para-tv-3-0-funcionar-nas-tvs-atuais\/\"},\"wordCount\":341,\"commentCount\":0,\"publisher\":{\"@id\":\"https:\/\/www.hometheater.com.br\/portal\/#organization\"},\"image\":{\"@id\":\"https:\/\/www.hometheater.com.br\/portal\/2024\/12\/19\/governo-quer-adaptadores-para-tv-3-0-funcionar-nas-tvs-atuais\/#primaryimage\"},\"thumbnailUrl\":\"https:\/\/www.hometheater.com.br\/portal\/wp-content\/uploads\/2024\/12\/smart-glass_Zeiss_.jpg\",\"articleSection\":[\"NOT\u00cdCIAS\"],\"inLanguage\":\"pt-BR\",\"potentialAction\":[{\"@type\":\"CommentAction\",\"name\":\"Comment\",\"target\":[\"https:\/\/www.hometheater.com.br\/portal\/2024\/12\/19\/governo-quer-adaptadores-para-tv-3-0-funcionar-nas-tvs-atuais\/#respond\"]}]},{\"@type\":\"WebPage\",\"@id\":\"https:\/\/www.hometheater.com.br\/portal\/2024\/12\/19\/governo-quer-adaptadores-para-tv-3-0-funcionar-nas-tvs-atuais\/\",\"url\":\"https:\/\/www.hometheater.com.br\/portal\/2024\/12\/19\/governo-quer-adaptadores-para-tv-3-0-funcionar-nas-tvs-atuais\/\",\"name\":\"Governo quer adaptadores para TV 3.0 funcionar nas TVs atuais - HT &amp; Casa Digital\",\"isPartOf\":{\"@id\":\"https:\/\/www.hometheater.com.br\/portal\/#website\"},\"primaryImageOfPage\":{\"@id\":\"https:\/\/www.hometheater.com.br\/portal\/2024\/12\/19\/governo-quer-adaptadores-para-tv-3-0-funcionar-nas-tvs-atuais\/#primaryimage\"},\"image\":{\"@id\":\"https:\/\/www.hometheater.com.br\/portal\/2024\/12\/19\/governo-quer-adaptadores-para-tv-3-0-funcionar-nas-tvs-atuais\/#primaryimage\"},\"thumbnailUrl\":\"https:\/\/www.hometheater.com.br\/portal\/wp-content\/uploads\/2024\/12\/smart-glass_Zeiss_.jpg\",\"datePublished\":\"2024-12-19T17:22:23+00:00\",\"breadcrumb\":{\"@id\":\"https:\/\/www.hometheater.com.br\/portal\/2024\/12\/19\/governo-quer-adaptadores-para-tv-3-0-funcionar-nas-tvs-atuais\/#breadcrumb\"},\"inLanguage\":\"pt-BR\",\"potentialAction\":[{\"@type\":\"ReadAction\",\"target\":[\"https:\/\/www.hometheater.com.br\/portal\/2024\/12\/19\/governo-quer-adaptadores-para-tv-3-0-funcionar-nas-tvs-atuais\/\"]}]},{\"@type\":\"ImageObject\",\"inLanguage\":\"pt-BR\",\"@id\":\"https:\/\/www.hometheater.com.br\/portal\/2024\/12\/19\/governo-quer-adaptadores-para-tv-3-0-funcionar-nas-tvs-atuais\/#primaryimage\",\"url\":\"https:\/\/www.hometheater.com.br\/portal\/wp-content\/uploads\/2024\/12\/smart-glass_Zeiss_.jpg\",\"contentUrl\":\"https:\/\/www.hometheater.com.br\/portal\/wp-content\/uploads\/2024\/12\/smart-glass_Zeiss_.jpg\",\"width\":700,\"height\":394},{\"@type\":\"BreadcrumbList\",\"@id\":\"https:\/\/www.hometheater.com.br\/portal\/2024\/12\/19\/governo-quer-adaptadores-para-tv-3-0-funcionar-nas-tvs-atuais\/#breadcrumb\",\"itemListElement\":[{\"@type\":\"ListItem\",\"position\":1,\"name\":\"In\u00edcio\",\"item\":\"https:\/\/www.hometheater.com.br\/portal\/\"},{\"@type\":\"ListItem\",\"position\":2,\"name\":\"Governo quer adaptadores para TV 3.0 funcionar nas TVs atuais\"}]},{\"@type\":\"WebSite\",\"@id\":\"https:\/\/www.hometheater.com.br\/portal\/#website\",\"url\":\"https:\/\/www.hometheater.com.br\/portal\/\",\"name\":\"HT &amp; Casa Digital\",\"description\":\"O mundo digital em sua casa\",\"publisher\":{\"@id\":\"https:\/\/www.hometheater.com.br\/portal\/#organization\"},\"potentialAction\":[{\"@type\":\"SearchAction\",\"target\":{\"@type\":\"EntryPoint\",\"urlTemplate\":\"https:\/\/www.hometheater.com.br\/portal\/?s={search_term_string}\"},\"query-input\":{\"@type\":\"PropertyValueSpecification\",\"valueRequired\":true,\"valueName\":\"search_term_string\"}}],\"inLanguage\":\"pt-BR\"},{\"@type\":\"Organization\",\"@id\":\"https:\/\/www.hometheater.com.br\/portal\/#organization\",\"name\":\"Home Theater\",\"url\":\"https:\/\/www.hometheater.com.br\/portal\/\",\"logo\":{\"@type\":\"ImageObject\",\"inLanguage\":\"pt-BR\",\"@id\":\"https:\/\/www.hometheater.com.br\/portal\/#\/schema\/logo\/image\/\",\"url\":\"https:\/\/www.hometheater.com.br\/portal\/wp-content\/uploads\/2022\/06\/assine_ht_01.png\",\"contentUrl\":\"https:\/\/www.hometheater.com.br\/portal\/wp-content\/uploads\/2022\/06\/assine_ht_01.png\",\"width\":800,\"height\":254,\"caption\":\"Home Theater\"},\"image\":{\"@id\":\"https:\/\/www.hometheater.com.br\/portal\/#\/schema\/logo\/image\/\"},\"sameAs\":[\"https:\/\/web.facebook.com\/revistahometheater\",\"https:\/\/x.com\/hometheaterbr\"]},{\"@type\":\"Person\",\"@id\":\"https:\/\/www.hometheater.com.br\/portal\/#\/schema\/person\/3b6bd5a9e2a6c4197c7b98dd7a733d22\",\"name\":\"Revista Home Theater &amp; Casa Digital\",\"image\":{\"@type\":\"ImageObject\",\"inLanguage\":\"pt-BR\",\"@id\":\"https:\/\/www.hometheater.com.br\/portal\/#\/schema\/person\/image\/\",\"url\":\"https:\/\/secure.gravatar.com\/avatar\/fd86f33d841f0f43adcc1665dd80ca740e028af4297e20d3444f9335092a6ee7?s=96&d=mm&r=g\",\"contentUrl\":\"https:\/\/secure.gravatar.com\/avatar\/fd86f33d841f0f43adcc1665dd80ca740e028af4297e20d3444f9335092a6ee7?s=96&d=mm&r=g\",\"caption\":\"Revista Home Theater &amp; Casa Digital\"},\"url\":\"https:\/\/www.hometheater.com.br\/portal\/author\/flavio\/\"}]}<\/script>\n<!-- \/ Yoast SEO plugin. -->","yoast_head_json":{"title":"Governo quer adaptadores para TV 3.0 funcionar nas TVs atuais - HT &amp; Casa Digital","robots":{"index":"index","follow":"follow","max-snippet":"max-snippet:-1","max-image-preview":"max-image-preview:large","max-video-preview":"max-video-preview:-1"},"canonical":"https:\/\/www.hometheater.com.br\/portal\/2024\/12\/19\/governo-quer-adaptadores-para-tv-3-0-funcionar-nas-tvs-atuais\/","og_locale":"pt_BR","og_type":"article","og_title":"Governo quer adaptadores para TV 3.0 funcionar nas TVs atuais - HT &amp; Casa Digital","og_description":"Em evento nesta 4a feira em Brasilia, o Minist\u00e9rio das Comunica\u00e7\u00f5es (Minicom) anunciou a defini\u00e7\u00e3o do novo padr\u00e3o brasileiro de TV Digital UHD, chamado ISDB-T","og_url":"https:\/\/www.hometheater.com.br\/portal\/2024\/12\/19\/governo-quer-adaptadores-para-tv-3-0-funcionar-nas-tvs-atuais\/","og_site_name":"HT &amp; Casa Digital","article_publisher":"https:\/\/web.facebook.com\/revistahometheater","article_published_time":"2024-12-19T17:22:23+00:00","og_image":[{"width":700,"height":394,"url":"https:\/\/www.hometheater.com.br\/portal\/wp-content\/uploads\/2024\/12\/smart-glass_Zeiss_.jpg","type":"image\/jpeg"}],"author":"Revista Home Theater &amp; Casa Digital","twitter_card":"summary_large_image","twitter_creator":"@hometheaterbr","twitter_site":"@hometheaterbr","twitter_misc":{"Escrito por":"Revista Home Theater &amp; Casa Digital","Est. tempo de leitura":"2 minutos"},"schema":{"@context":"https:\/\/schema.org","@graph":[{"@type":"Article","@id":"https:\/\/www.hometheater.com.br\/portal\/2024\/12\/19\/governo-quer-adaptadores-para-tv-3-0-funcionar-nas-tvs-atuais\/#article","isPartOf":{"@id":"https:\/\/www.hometheater.com.br\/portal\/2024\/12\/19\/governo-quer-adaptadores-para-tv-3-0-funcionar-nas-tvs-atuais\/"},"author":{"name":"Revista Home Theater &amp; Casa Digital","@id":"https:\/\/www.hometheater.com.br\/portal\/#\/schema\/person\/3b6bd5a9e2a6c4197c7b98dd7a733d22"},"headline":"Governo quer adaptadores para TV 3.0 funcionar nas TVs atuais","datePublished":"2024-12-19T17:22:23+00:00","mainEntityOfPage":{"@id":"https:\/\/www.hometheater.com.br\/portal\/2024\/12\/19\/governo-quer-adaptadores-para-tv-3-0-funcionar-nas-tvs-atuais\/"},"wordCount":341,"commentCount":0,"publisher":{"@id":"https:\/\/www.hometheater.com.br\/portal\/#organization"},"image":{"@id":"https:\/\/www.hometheater.com.br\/portal\/2024\/12\/19\/governo-quer-adaptadores-para-tv-3-0-funcionar-nas-tvs-atuais\/#primaryimage"},"thumbnailUrl":"https:\/\/www.hometheater.com.br\/portal\/wp-content\/uploads\/2024\/12\/smart-glass_Zeiss_.jpg","articleSection":["NOT\u00cdCIAS"],"inLanguage":"pt-BR","potentialAction":[{"@type":"CommentAction","name":"Comment","target":["https:\/\/www.hometheater.com.br\/portal\/2024\/12\/19\/governo-quer-adaptadores-para-tv-3-0-funcionar-nas-tvs-atuais\/#respond"]}]},{"@type":"WebPage","@id":"https:\/\/www.hometheater.com.br\/portal\/2024\/12\/19\/governo-quer-adaptadores-para-tv-3-0-funcionar-nas-tvs-atuais\/","url":"https:\/\/www.hometheater.com.br\/portal\/2024\/12\/19\/governo-quer-adaptadores-para-tv-3-0-funcionar-nas-tvs-atuais\/","name":"Governo quer adaptadores para TV 3.0 funcionar nas TVs atuais - HT &amp; Casa Digital","isPartOf":{"@id":"https:\/\/www.hometheater.com.br\/portal\/#website"},"primaryImageOfPage":{"@id":"https:\/\/www.hometheater.com.br\/portal\/2024\/12\/19\/governo-quer-adaptadores-para-tv-3-0-funcionar-nas-tvs-atuais\/#primaryimage"},"image":{"@id":"https:\/\/www.hometheater.com.br\/portal\/2024\/12\/19\/governo-quer-adaptadores-para-tv-3-0-funcionar-nas-tvs-atuais\/#primaryimage"},"thumbnailUrl":"https:\/\/www.hometheater.com.br\/portal\/wp-content\/uploads\/2024\/12\/smart-glass_Zeiss_.jpg","datePublished":"2024-12-19T17:22:23+00:00","breadcrumb":{"@id":"https:\/\/www.hometheater.com.br\/portal\/2024\/12\/19\/governo-quer-adaptadores-para-tv-3-0-funcionar-nas-tvs-atuais\/#breadcrumb"},"inLanguage":"pt-BR","potentialAction":[{"@type":"ReadAction","target":["https:\/\/www.hometheater.com.br\/portal\/2024\/12\/19\/governo-quer-adaptadores-para-tv-3-0-funcionar-nas-tvs-atuais\/"]}]},{"@type":"ImageObject","inLanguage":"pt-BR","@id":"https:\/\/www.hometheater.com.br\/portal\/2024\/12\/19\/governo-quer-adaptadores-para-tv-3-0-funcionar-nas-tvs-atuais\/#primaryimage","url":"https:\/\/www.hometheater.com.br\/portal\/wp-content\/uploads\/2024\/12\/smart-glass_Zeiss_.jpg","contentUrl":"https:\/\/www.hometheater.com.br\/portal\/wp-content\/uploads\/2024\/12\/smart-glass_Zeiss_.jpg","width":700,"height":394},{"@type":"BreadcrumbList","@id":"https:\/\/www.hometheater.com.br\/portal\/2024\/12\/19\/governo-quer-adaptadores-para-tv-3-0-funcionar-nas-tvs-atuais\/#breadcrumb","itemListElement":[{"@type":"ListItem","position":1,"name":"In\u00edcio","item":"https:\/\/www.hometheater.com.br\/portal\/"},{"@type":"ListItem","position":2,"name":"Governo quer adaptadores para TV 3.0 funcionar nas TVs atuais"}]},{"@type":"WebSite","@id":"https:\/\/www.hometheater.com.br\/portal\/#website","url":"https:\/\/www.hometheater.com.br\/portal\/","name":"HT &amp; Casa Digital","description":"O mundo digital em sua casa","publisher":{"@id":"https:\/\/www.hometheater.com.br\/portal\/#organization"},"potentialAction":[{"@type":"SearchAction","target":{"@type":"EntryPoint","urlTemplate":"https:\/\/www.hometheater.com.br\/portal\/?s={search_term_string}"},"query-input":{"@type":"PropertyValueSpecification","valueRequired":true,"valueName":"search_term_string"}}],"inLanguage":"pt-BR"},{"@type":"Organization","@id":"https:\/\/www.hometheater.com.br\/portal\/#organization","name":"Home Theater","url":"https:\/\/www.hometheater.com.br\/portal\/","logo":{"@type":"ImageObject","inLanguage":"pt-BR","@id":"https:\/\/www.hometheater.com.br\/portal\/#\/schema\/logo\/image\/","url":"https:\/\/www.hometheater.com.br\/portal\/wp-content\/uploads\/2022\/06\/assine_ht_01.png","contentUrl":"https:\/\/www.hometheater.com.br\/portal\/wp-content\/uploads\/2022\/06\/assine_ht_01.png","width":800,"height":254,"caption":"Home Theater"},"image":{"@id":"https:\/\/www.hometheater.com.br\/portal\/#\/schema\/logo\/image\/"},"sameAs":["https:\/\/web.facebook.com\/revistahometheater","https:\/\/x.com\/hometheaterbr"]},{"@type":"Person","@id":"https:\/\/www.hometheater.com.br\/portal\/#\/schema\/person\/3b6bd5a9e2a6c4197c7b98dd7a733d22","name":"Revista Home Theater &amp; Casa Digital","image":{"@type":"ImageObject","inLanguage":"pt-BR","@id":"https:\/\/www.hometheater.com.br\/portal\/#\/schema\/person\/image\/","url":"https:\/\/secure.gravatar.com\/avatar\/fd86f33d841f0f43adcc1665dd80ca740e028af4297e20d3444f9335092a6ee7?s=96&d=mm&r=g","contentUrl":"https:\/\/secure.gravatar.com\/avatar\/fd86f33d841f0f43adcc1665dd80ca740e028af4297e20d3444f9335092a6ee7?s=96&d=mm&r=g","caption":"Revista Home Theater &amp; Casa Digital"},"url":"https:\/\/www.hometheater.com.br\/portal\/author\/flavio\/"}]}},"_links":{"self":[{"href":"https:\/\/www.hometheater.com.br\/portal\/wp-json\/wp\/v2\/posts\/32567","targetHints":{"allow":["GET"]}}],"collection":[{"href":"https:\/\/www.hometheater.com.br\/portal\/wp-json\/wp\/v2\/posts"}],"about":[{"href":"https:\/\/www.hometheater.com.br\/portal\/wp-json\/wp\/v2\/types\/post"}],"author":[{"embeddable":true,"href":"https:\/\/www.hometheater.com.br\/portal\/wp-json\/wp\/v2\/users\/1"}],"replies":[{"embeddable":true,"href":"https:\/\/www.hometheater.com.br\/portal\/wp-json\/wp\/v2\/comments?post=32567"}],"version-history":[{"count":0,"href":"https:\/\/www.hometheater.com.br\/portal\/wp-json\/wp\/v2\/posts\/32567\/revisions"}],"wp:featuredmedia":[{"embeddable":true,"href":"https:\/\/www.hometheater.com.br\/portal\/wp-json\/wp\/v2\/media\/32568"}],"wp:attachment":[{"href":"https:\/\/www.hometheater.com.br\/portal\/wp-json\/wp\/v2\/media?parent=32567"}],"wp:term":[{"taxonomy":"category","embeddable":true,"href":"https:\/\/www.hometheater.com.br\/portal\/wp-json\/wp\/v2\/categories?post=32567"},{"taxonomy":"post_tag","embeddable":true,"href":"https:\/\/www.hometheater.com.br\/portal\/wp-json\/wp\/v2\/tags?post=32567"}],"curies":[{"name":"wp","href":"https:\/\/api.w.org\/{rel}","templated":true}]}}