{"id":3068,"date":"2017-08-22T10:56:51","date_gmt":"2017-08-22T10:56:51","guid":{"rendered":"http:\/\/revistahometheater.uol.com.br\/portal\/?p=3068"},"modified":"2018-07-31T20:22:25","modified_gmt":"2018-07-31T20:22:25","slug":"exclusivo-uma-conversa-com-david-chesky","status":"publish","type":"post","link":"https:\/\/www.hometheater.com.br\/portal\/2017\/08\/22\/exclusivo-uma-conversa-com-david-chesky\/","title":{"rendered":"EXCLUSIVO: Uma Conversa com David Chesky"},"content":{"rendered":"<a href=\"#\" target=\"_self\" class=\"buttons btn_blue left\"><span class=\"left\">Por Alexandre Algranti*<\/span><\/a>\n<p><b>Alexandre Algranti \u00e9 o Chief Headphone Officer do site\u00a0<a href=\"http:\/\/fonesdeouvido.com.br\/\" target=\"_blank\" rel=\"noopener\" data-saferedirecturl=\"https:\/\/www.google.com\/url?hl=pt-BR&amp;q=http:\/\/fonesdeouvido.com.br&amp;source=gmail&amp;ust=1533149937818000&amp;usg=AFQjCNHopNVmYZpZ4AqVmsnNf6CPS0k-gA\">fonesdeouvido.com.br<\/a>. Leitores deste blog tem 10% de desconto em qualquer compra no site com o c\u00f3digo HT2018.<\/b><\/p>\n<p>David Chesky fundou sua gravadora Chesky Records em 1978, com o irm\u00e3o Norman, e se estabeleceu como uma refer\u00eancia na arte e ci\u00eancia de grava\u00e7\u00f5es audi\u00f3filas que primam pelas t\u00e9cnicas de microfona\u00e7\u00e3o e real\u00e7am a experi\u00eancia de som tridimensional e com pouco ou nenhum processamento eletr\u00f4nico posterior. Seu cat\u00e1logo logo se expandiu, hoje e inclui artistas brasileiros de proje\u00e7\u00e3o internacional, como Luiz Bonf\u00e1, Ana Caram, Rosa Passos e Leny Andrade.<\/p><div class=\"homet-conteudo\" style=\"text-align: center;\" id=\"homet-3220059658\"><div data-cfpa=\"35734\" data-cfpw=\"35734\" id=\"homet-2527147450\"><a data-no-instant=\"1\" href=\"https:\/\/www.harmanluxuryaudio.com\/\" rel=\"noopener\" class=\"a2t-link\" aria-label=\"ARCAM-SA45-BANNER-NEWSLETTER\"><img loading=\"lazy\" decoding=\"async\" src=\"https:\/\/www.hometheater.com.br\/portal\/wp-content\/uploads\/2025\/09\/ARCAM-SA45-BANNER-NEWSLETTER.gif\" alt=\"\"  class=\"no-lazyload\" width=\"300\" height=\"250\"   \/><\/a><\/div><h6><span style=\"color: #808080;\"><em>Publicidade<\/em><\/span><\/h6>\r\n<\/br><script type=\"text\/javascript\">;new advadsCfpAd( 35734 );<\/script><\/div>\n<p><img loading=\"lazy\" decoding=\"async\" class=\"size-full wp-image-3087 alignright\" src=\"http:\/\/revistahometheater.uol.com.br\/portal\/wp-content\/uploads\/2017\/08\/chesky.jpg\" alt=\"\" width=\"350\" height=\"532\" srcset=\"https:\/\/www.hometheater.com.br\/portal\/wp-content\/uploads\/2017\/08\/chesky.jpg 350w, https:\/\/www.hometheater.com.br\/portal\/wp-content\/uploads\/2017\/08\/chesky-300x456.jpg 300w, https:\/\/www.hometheater.com.br\/portal\/wp-content\/uploads\/2017\/08\/chesky-197x300.jpg 197w, https:\/\/www.hometheater.com.br\/portal\/wp-content\/uploads\/2017\/08\/chesky-33x50.jpg 33w\" sizes=\"auto, (max-width: 350px) 100vw, 350px\" \/>Recentemente, a Chesky lan\u00e7ou a <em>Binaural+Series<\/em>, um cat\u00e1logo de grava\u00e7\u00f5es com resolu\u00e7\u00e3o de 24 bits e 192kHz com os <em>dummy heads<\/em> Fritz e Lars, que soam excelentes tanto com alto-falantes como com fones de ouvido. Esta t\u00e9cnica \u00e9 um passo adiante na busca de David pelo realismo espacial, desenvolvida nos \u00faltimos 25 anos.<\/p>\n<p>Em 2007, David lan\u00e7ou o site <strong>HDTracks.com<\/strong>, uma loja virtual de discos em alta resolu\u00e7\u00e3o onde disponibilizou todo o seu acervo. Hoje, o site \u00e9 uma verdadeira loja de guloseimas para audi\u00f3filos, que vai desde Led Zepelin at\u00e9 Beethoven, numa esp\u00e9cie de iTunes em alta resolu\u00e7\u00e3o. Infelizmente, nem todo o acervo est\u00e1 dispon\u00edvel para compra de fora dos EUA, mas com os t\u00edtulos de Jazz e M\u00fasica Cl\u00e1ssica que est\u00e3o j\u00e1 d\u00e1 para fazer um bela limpeza nos ouvidos e na alma.<\/p>\n<p>Recentemente, conversamos com David que nos seu uma boa not\u00edcia para os leitores da Revista HOME THEATER &amp; CASA DIGITAL e do site <strong>hometheater.com.br<\/strong>.<\/p>\n<p><strong>AA \u2013 David, o que a t\u00e9cnica de grava\u00e7\u00e3o binaural tem de especial?<\/strong><\/p>\n<p><strong>DC<\/strong> \u2013 Primeiramente, temos dois ouvidos e n\u00e3o cinquenta. Gravamos um disco com 50 microfones e temos problemas de fase e coisas assim. Quando realizamos uma grava\u00e7\u00e3o binaural, o <em>dummy head<\/em> se torna a sua cabe\u00e7a; e, se a sua pina \u2013 o pavilh\u00e3o da orelha \u2013 \u00e9 semelhante \u00e0 do dummy \u00a0head, \u00e9 como se voc\u00ea estivesse na frente da orquestra. Voc\u00ea tem todos os indicadores espaciais tridimensionais. Ao reproduzir uma grava\u00e7\u00e3o binaural do selo Chesky com um par de fones de ouvido, voc\u00ea estar\u00e1 no espa\u00e7o entre os m\u00fasicos. E o som vir\u00e1 de qualquer um dos 360 graus ao seu redor.<\/p>\n<p><strong>AA \u2013 Qual <em>dummy head<\/em> voc\u00ea mais usa, o Fritz ou o Lars ? <\/strong><\/p>\n<p><strong>DC<\/strong> \u2013 Usamos o Lars da B&amp;K, mas \u00e9 mais dif\u00edcil de usar e de transportar. Se tivermos que fazer uma grava\u00e7\u00e3o em campo, levamos o Fritz. O Lars \u00e9 mais complicado, mas \u00e9 o que usamos na maioria das vezes.<\/p>\n<p><strong>AA \u2013 J\u00e1 experimentou com as tiaras?<\/strong><\/p>\n<p><strong>DC<\/strong> \u2013 J\u00e1 utilizei, mas o problema \u00e9 que se estamos fazendo grava\u00e7\u00f5es comerciais n\u00e3o podemos captar o ru\u00eddo da respira\u00e7\u00e3o e de movimento da cabe\u00e7a; ent\u00e3o, n\u00e3o funciona. Vou ser sincero: a grava\u00e7\u00e3o binaural est\u00e1 na era dos Flintstones&#8230; se a pina do meu ouvido \u00e9 similar \u00e0 do <em>dummy head<\/em>, ent\u00e3o temos o efeito binaural. E todos t\u00eam uma pina diferente, para as pinas similares est\u00e1 bom o suficiente. No futuro, poderemos fazer grava\u00e7\u00f5es \u201cambis\u00f4nicas\u201d de grau maior. Tiramos uma foto da sua pina com um iPhone e a inserimos no computador que ir\u00e1 decodificar o \u00e1udio da maneira exata para voc\u00ea, porque a pessoa sentada ao seu lado tem uma pina diferente.<\/p>\n<p><strong>AA \u2013 O Wolfgang Fraissinet, da Neumann, me falou que o Fritz \u00e9 uma m\u00e9dia de milhares de geometrias de cabe\u00e7as e pinas humanas. Mas a quest\u00e3o n\u00e3o \u00e9 a m\u00e9dia, e sim o desvio padr\u00e3o&#8230;<\/strong><\/p>\n<p><strong>DC<\/strong> \u2013 Voc\u00ea obt\u00e9m 70% do efeito. Mas, para maximizar, no futuro meus netos ter\u00e3o um app personalizado para a pina deles. No laborat\u00f3rio, j\u00e1 conseguimos isso mas ainda n\u00e3o temos uma solu\u00e7\u00e3o para o mercado de massa. Quando voc\u00ea ouve conte\u00fado binaural ajustado a sua pina \u00e9 outro n\u00edvel.<\/p>\n<p><strong>AA \u2013 Como voc\u00ea produz grava\u00e7\u00f5es binaurais compat\u00edveis com fones e alto-falantes? Alguma t\u00e9cnica de p\u00f3s-produ\u00e7\u00e3o em especial? <\/strong><\/p>\n<p><strong>DC<\/strong> \u2013 Aplicamos a equaliza\u00e7\u00e3o de campo difuso no processo de produ\u00e7\u00e3o. A tecnologia binaural envolve muito processamento de sinais digitais de ordem superior. Nosso software \u00e9 desenvolvido na Universidade de Princeton pelo meu amigo e professor\u00a0Edgar Choueiri, que \u00e9 um audi\u00f3filo hobbista. Seu trabalho \u00e9 desenvolver foguetes de plasma para viagens a Marte e outras coisas legais.<\/p>\n<p><strong>AA \u2013 Quais fones de ouvido voc\u00ea utiliza durante a monitora\u00e7\u00e3o das grava\u00e7\u00f5es?<\/strong><\/p>\n<p><strong>DC<\/strong> \u2013 Quando gravamos, utilizamos fones do tipo in ear, pois n\u00e3o podemos ter nenhum vazamento. S\u00e3o fones fabricados especialmente para n\u00f3s, esqueci a marca. Foram projetados para soar \u201cflat\u201d \u2013 com resposta de frequ\u00eancia plana \u2013 e s\u00e3o super precisos. Na monitora\u00e7\u00e3o, por\u00e9m, usamos diversos fones. AKG, Sony, Hi Fi Man, Audeze. Mas na grava\u00e7\u00e3o tem que ser um fone especial e flat e totalmente selado, para que possamos saber o que estamos fazendo.<\/p>\n<p><strong>AA \u2013 Quais discos voc\u00ea indica para quem est\u00e1 dando os seus primeiros passos com grava\u00e7\u00f5es binaurais?<\/strong><\/p>\n<p><strong>DC<\/strong> \u2013 O disco rec\u00e9m lan\u00e7ado da Camille Thurman, gravado ao vivo em um clube de jazz, e o <strong>You\u00b4re Surrounded<\/strong>, este \u00faltimo com a grava\u00e7\u00e3o de um jogo de basquete em que voc\u00ea se sente no meio dele.<\/p>\n<p><strong>AA \u2013 Os leitores desta coluna podem inclusive baixar o arquivo com o jogo de basquete no post anterior. E que tal gravar uma escola de samba no Carnaval com sua t\u00e9cnica binaural? <\/strong><\/p>\n<p><strong>DC<\/strong> \u2013 Eu adoraria gravar uma escola de samba, na Mangueira, n\u00e3o sei, no Samb\u00f3dromo ou no barrac\u00e3o&#8230; seria surpreendente.<\/p>\n<p><strong>AA \u2013 Agora que todo mundo tem um dispositivo de \u00e1udio port\u00e1til chamado telefone celular, e melhor ainda, um ou mais fones de ouvido, j\u00e1 n\u00e3o est\u00e1 na hora dos produtores pensarem al\u00e9m do est\u00e9reo convencional? O est\u00e9reo convencional j\u00e1 n\u00e3o est\u00e1 ultrapassado?<\/strong><\/p>\n<p><strong>DC<\/strong> \u2013 Concordo que est\u00e1 ultrapassado, mas a maioria da ind\u00fastria se contenta com o MP3, que \u00e9 um problema, voc\u00ea sabe.<\/p>\n<p><strong>AA \u2013 Voc\u00ea acha que o \u00e1udio imersivo veio para ficar, ou ser\u00e1 similar \u00e0 tecnologia de v\u00eddeo 3D, que vai e volta e vai? <\/strong><\/p>\n<p><strong>DC <\/strong>\u2013 O \u00e1udio imersivo veio para ficar, e vou te dizer o porqu\u00ea. Eu n\u00e3o acho que tem a ver com o \u00e1udio, a ind\u00fastria dos videogames vai ter um \u00e1udio imersivo t\u00e3o intenso que se tornar\u00e1 padr\u00e3o. O neg\u00f3cio do \u00e1udio \u00e9 pequeno, mas o dos videogames \u00e9 grande. A localiza\u00e7\u00e3o de \u00e1udio em 3D com refer\u00eancias espaciais ser\u00e1 importante para matar aquele monstro em outro planeta. A ind\u00fastria do \u00e1udio ir\u00e1 se beneficiar. Os games levar\u00e3o o \u00e1udio 3D para as gera\u00e7\u00f5es mais jovens.<\/p>\n<p><strong>AA \u2013 Algum recado especial para os audi\u00f3filos no Brasil? O Jeff Lanier, da HD Tracks, me falou que talvez voc\u00ea teria uma surpresa para eles&#8230;<\/strong><\/p>\n<p><strong>DC<\/strong> \u2013 Os leitores da Revista HOME THEATER &amp; CASA DIGITAL e do site <strong>hometheater.com.br<\/strong> t\u00eam um c\u00f3digo de desconto especial de 25% na primeira compra dos discos do selo Chesky no site HDTracks.com. Temos muitos artistas brasileiros legais, como Badi Assad, Leny Andrade, Rosa Passos e Antonio Carlos Jobim.\u00a0 O c\u00f3digo \u00e9 RHT2017 e \u00e9 v\u00e1lido at\u00e9 31\/12\/2017.<\/p>\n<p><strong>AA \u2013 Que legal! David, muito obrigado pela divertida conversa e pela generosidade com o c\u00f3digo de desconto no site.<\/strong><\/p>\n<div id='gallery-1' class='gallery galleryid-3068 gallery-columns-1 gallery-size-large'><figure class='gallery-item'>\n\t\t\t<div class='gallery-icon landscape'>\n\t\t\t\t<img loading=\"lazy\" decoding=\"async\" width=\"640\" height=\"427\" src=\"https:\/\/www.hometheater.com.br\/portal\/wp-content\/uploads\/2017\/08\/Lars-violao-e-perc2-1.jpg\" class=\"attachment-large size-large\" alt=\"\" aria-describedby=\"gallery-1-3081\" srcset=\"https:\/\/www.hometheater.com.br\/portal\/wp-content\/uploads\/2017\/08\/Lars-violao-e-perc2-1.jpg 945w, https:\/\/www.hometheater.com.br\/portal\/wp-content\/uploads\/2017\/08\/Lars-violao-e-perc2-1-400x267.jpg 400w, https:\/\/www.hometheater.com.br\/portal\/wp-content\/uploads\/2017\/08\/Lars-violao-e-perc2-1-500x333.jpg 500w, https:\/\/www.hometheater.com.br\/portal\/wp-content\/uploads\/2017\/08\/Lars-violao-e-perc2-1-300x200.jpg 300w, https:\/\/www.hometheater.com.br\/portal\/wp-content\/uploads\/2017\/08\/Lars-violao-e-perc2-1-768x512.jpg 768w, https:\/\/www.hometheater.com.br\/portal\/wp-content\/uploads\/2017\/08\/Lars-violao-e-perc2-1-600x400.jpg 600w, https:\/\/www.hometheater.com.br\/portal\/wp-content\/uploads\/2017\/08\/Lars-violao-e-perc2-1-210x140.jpg 210w, https:\/\/www.hometheater.com.br\/portal\/wp-content\/uploads\/2017\/08\/Lars-violao-e-perc2-1-50x33.jpg 50w\" sizes=\"auto, (max-width: 640px) 100vw, 640px\" \/>\n\t\t\t<\/div>\n\t\t\t\t<figcaption class='wp-caption-text gallery-caption' id='gallery-1-3081'>\n\t\t\t\tAs imagens mostram o \u201cdummy head\u201d Lars utilizado em grava\u00e7\u00f5es binaurais de viol\u00e3o e percuss\u00e3o.\n\t\t\t\t<\/figcaption><\/figure><figure class='gallery-item'>\n\t\t\t<div class='gallery-icon landscape'>\n\t\t\t\t<img loading=\"lazy\" decoding=\"async\" width=\"640\" height=\"427\" src=\"https:\/\/www.hometheater.com.br\/portal\/wp-content\/uploads\/2017\/08\/Lars-percussao2-1.jpg\" class=\"attachment-large size-large\" alt=\"\" aria-describedby=\"gallery-1-3082\" srcset=\"https:\/\/www.hometheater.com.br\/portal\/wp-content\/uploads\/2017\/08\/Lars-percussao2-1.jpg 945w, https:\/\/www.hometheater.com.br\/portal\/wp-content\/uploads\/2017\/08\/Lars-percussao2-1-400x267.jpg 400w, https:\/\/www.hometheater.com.br\/portal\/wp-content\/uploads\/2017\/08\/Lars-percussao2-1-500x333.jpg 500w, https:\/\/www.hometheater.com.br\/portal\/wp-content\/uploads\/2017\/08\/Lars-percussao2-1-300x200.jpg 300w, https:\/\/www.hometheater.com.br\/portal\/wp-content\/uploads\/2017\/08\/Lars-percussao2-1-768x512.jpg 768w, https:\/\/www.hometheater.com.br\/portal\/wp-content\/uploads\/2017\/08\/Lars-percussao2-1-600x400.jpg 600w, https:\/\/www.hometheater.com.br\/portal\/wp-content\/uploads\/2017\/08\/Lars-percussao2-1-210x140.jpg 210w, https:\/\/www.hometheater.com.br\/portal\/wp-content\/uploads\/2017\/08\/Lars-percussao2-1-50x33.jpg 50w\" sizes=\"auto, (max-width: 640px) 100vw, 640px\" \/>\n\t\t\t<\/div>\n\t\t\t\t<figcaption class='wp-caption-text gallery-caption' id='gallery-1-3082'>\n\t\t\t\tAs imagens mostram o \u201cdummy head\u201d Lars utilizado em grava\u00e7\u00f5es binaurais de viol\u00e3o e percuss\u00e3o.\n\t\t\t\t<\/figcaption><\/figure>\n\t\t<\/div>\n\n<p><strong>Imagens:<\/strong> Alan Nahigian<\/p>\n<p><strong>*<b>Alexandre Algranti \u00e9 o Chief Headphone Officer do site\u00a0<a href=\"http:\/\/fonesdeouvido.com.br\/\" target=\"_blank\" rel=\"noopener\" data-saferedirecturl=\"https:\/\/www.google.com\/url?hl=pt-BR&amp;q=http:\/\/fonesdeouvido.com.br&amp;source=gmail&amp;ust=1533144072574000&amp;usg=AFQjCNHkG2ioRTN3DT4-R_g8r3YoCb8mFw\">fonesdeouvido.com.br<\/a>. Leitores deste blog tem 10% de desconto em qualquer compra no site com o c\u00f3digo HT2018.<\/b><\/strong><\/p>\n","protected":false},"excerpt":{"rendered":"<p>Alexandre Algranti \u00e9 o Chief Headphone Officer do site\u00a0fonesdeouvido.com.br. Leitores deste blog tem 10% de desconto em qualquer compra no site com o c\u00f3digo HT2018.<\/p>\n","protected":false},"author":1,"featured_media":3074,"comment_status":"open","ping_status":"open","sticky":false,"template":"","format":"standard","meta":{"footnotes":""},"categories":[21,3],"tags":[],"class_list":["post-3068","post","type-post","status-publish","format-standard","has-post-thumbnail","hentry","category-fones-de-ouvido","category-artigos"],"yoast_head":"<!-- This site is optimized with the Yoast SEO plugin v25.7 - https:\/\/yoast.com\/wordpress\/plugins\/seo\/ -->\n<title>EXCLUSIVO: Uma Conversa com David Chesky - HT &amp; Casa Digital<\/title>\n<meta name=\"robots\" content=\"index, follow, max-snippet:-1, max-image-preview:large, max-video-preview:-1\" \/>\n<link rel=\"canonical\" href=\"https:\/\/www.hometheater.com.br\/portal\/2017\/08\/22\/exclusivo-uma-conversa-com-david-chesky\/\" \/>\n<meta property=\"og:locale\" content=\"pt_BR\" \/>\n<meta property=\"og:type\" content=\"article\" \/>\n<meta property=\"og:title\" content=\"EXCLUSIVO: Uma Conversa com David Chesky - HT &amp; Casa Digital\" \/>\n<meta property=\"og:description\" content=\"Alexandre Algranti \u00e9 o Chief Headphone Officer do site\u00a0fonesdeouvido.com.br. Leitores deste blog tem 10% de desconto em qualquer compra no site com o c\u00f3digo HT2018.\" \/>\n<meta property=\"og:url\" content=\"https:\/\/www.hometheater.com.br\/portal\/2017\/08\/22\/exclusivo-uma-conversa-com-david-chesky\/\" \/>\n<meta property=\"og:site_name\" content=\"HT &amp; Casa Digital\" \/>\n<meta property=\"article:publisher\" content=\"https:\/\/web.facebook.com\/revistahometheater\" \/>\n<meta property=\"article:published_time\" content=\"2017-08-22T10:56:51+00:00\" \/>\n<meta property=\"article:modified_time\" content=\"2018-07-31T20:22:25+00:00\" \/>\n<meta property=\"og:image\" content=\"https:\/\/www.hometheater.com.br\/portal\/wp-content\/uploads\/2017\/08\/chesky-res200a.jpg\" \/>\n\t<meta property=\"og:image:width\" content=\"450\" \/>\n\t<meta property=\"og:image:height\" content=\"294\" \/>\n\t<meta property=\"og:image:type\" content=\"image\/jpeg\" \/>\n<meta name=\"author\" content=\"Revista Home Theater &amp; Casa Digital\" \/>\n<meta name=\"twitter:card\" content=\"summary_large_image\" \/>\n<meta name=\"twitter:creator\" content=\"@hometheaterbr\" \/>\n<meta name=\"twitter:site\" content=\"@hometheaterbr\" \/>\n<meta name=\"twitter:label1\" content=\"Escrito por\" \/>\n\t<meta name=\"twitter:data1\" content=\"Revista Home Theater &amp; Casa Digital\" \/>\n\t<meta name=\"twitter:label2\" content=\"Est. tempo de leitura\" \/>\n\t<meta name=\"twitter:data2\" content=\"7 minutos\" \/>\n<script type=\"application\/ld+json\" class=\"yoast-schema-graph\">{\"@context\":\"https:\/\/schema.org\",\"@graph\":[{\"@type\":\"Article\",\"@id\":\"https:\/\/www.hometheater.com.br\/portal\/2017\/08\/22\/exclusivo-uma-conversa-com-david-chesky\/#article\",\"isPartOf\":{\"@id\":\"https:\/\/www.hometheater.com.br\/portal\/2017\/08\/22\/exclusivo-uma-conversa-com-david-chesky\/\"},\"author\":{\"name\":\"Revista Home Theater &amp; Casa Digital\",\"@id\":\"https:\/\/www.hometheater.com.br\/portal\/#\/schema\/person\/3b6bd5a9e2a6c4197c7b98dd7a733d22\"},\"headline\":\"EXCLUSIVO: Uma Conversa com David Chesky\",\"datePublished\":\"2017-08-22T10:56:51+00:00\",\"dateModified\":\"2018-07-31T20:22:25+00:00\",\"mainEntityOfPage\":{\"@id\":\"https:\/\/www.hometheater.com.br\/portal\/2017\/08\/22\/exclusivo-uma-conversa-com-david-chesky\/\"},\"wordCount\":1311,\"commentCount\":0,\"publisher\":{\"@id\":\"https:\/\/www.hometheater.com.br\/portal\/#organization\"},\"image\":{\"@id\":\"https:\/\/www.hometheater.com.br\/portal\/2017\/08\/22\/exclusivo-uma-conversa-com-david-chesky\/#primaryimage\"},\"thumbnailUrl\":\"https:\/\/www.hometheater.com.br\/portal\/wp-content\/uploads\/2017\/08\/chesky-res200a.jpg\",\"articleSection\":[\"Fones de ouvido\",\"TEND\u00caNCIAS\"],\"inLanguage\":\"pt-BR\",\"potentialAction\":[{\"@type\":\"CommentAction\",\"name\":\"Comment\",\"target\":[\"https:\/\/www.hometheater.com.br\/portal\/2017\/08\/22\/exclusivo-uma-conversa-com-david-chesky\/#respond\"]}]},{\"@type\":\"WebPage\",\"@id\":\"https:\/\/www.hometheater.com.br\/portal\/2017\/08\/22\/exclusivo-uma-conversa-com-david-chesky\/\",\"url\":\"https:\/\/www.hometheater.com.br\/portal\/2017\/08\/22\/exclusivo-uma-conversa-com-david-chesky\/\",\"name\":\"EXCLUSIVO: Uma Conversa com David Chesky - HT &amp; Casa Digital\",\"isPartOf\":{\"@id\":\"https:\/\/www.hometheater.com.br\/portal\/#website\"},\"primaryImageOfPage\":{\"@id\":\"https:\/\/www.hometheater.com.br\/portal\/2017\/08\/22\/exclusivo-uma-conversa-com-david-chesky\/#primaryimage\"},\"image\":{\"@id\":\"https:\/\/www.hometheater.com.br\/portal\/2017\/08\/22\/exclusivo-uma-conversa-com-david-chesky\/#primaryimage\"},\"thumbnailUrl\":\"https:\/\/www.hometheater.com.br\/portal\/wp-content\/uploads\/2017\/08\/chesky-res200a.jpg\",\"datePublished\":\"2017-08-22T10:56:51+00:00\",\"dateModified\":\"2018-07-31T20:22:25+00:00\",\"breadcrumb\":{\"@id\":\"https:\/\/www.hometheater.com.br\/portal\/2017\/08\/22\/exclusivo-uma-conversa-com-david-chesky\/#breadcrumb\"},\"inLanguage\":\"pt-BR\",\"potentialAction\":[{\"@type\":\"ReadAction\",\"target\":[\"https:\/\/www.hometheater.com.br\/portal\/2017\/08\/22\/exclusivo-uma-conversa-com-david-chesky\/\"]}]},{\"@type\":\"ImageObject\",\"inLanguage\":\"pt-BR\",\"@id\":\"https:\/\/www.hometheater.com.br\/portal\/2017\/08\/22\/exclusivo-uma-conversa-com-david-chesky\/#primaryimage\",\"url\":\"https:\/\/www.hometheater.com.br\/portal\/wp-content\/uploads\/2017\/08\/chesky-res200a.jpg\",\"contentUrl\":\"https:\/\/www.hometheater.com.br\/portal\/wp-content\/uploads\/2017\/08\/chesky-res200a.jpg\",\"width\":450,\"height\":294},{\"@type\":\"BreadcrumbList\",\"@id\":\"https:\/\/www.hometheater.com.br\/portal\/2017\/08\/22\/exclusivo-uma-conversa-com-david-chesky\/#breadcrumb\",\"itemListElement\":[{\"@type\":\"ListItem\",\"position\":1,\"name\":\"In\u00edcio\",\"item\":\"https:\/\/www.hometheater.com.br\/portal\/\"},{\"@type\":\"ListItem\",\"position\":2,\"name\":\"EXCLUSIVO: Uma Conversa com David Chesky\"}]},{\"@type\":\"WebSite\",\"@id\":\"https:\/\/www.hometheater.com.br\/portal\/#website\",\"url\":\"https:\/\/www.hometheater.com.br\/portal\/\",\"name\":\"HT &amp; Casa Digital\",\"description\":\"O mundo digital em sua casa\",\"publisher\":{\"@id\":\"https:\/\/www.hometheater.com.br\/portal\/#organization\"},\"potentialAction\":[{\"@type\":\"SearchAction\",\"target\":{\"@type\":\"EntryPoint\",\"urlTemplate\":\"https:\/\/www.hometheater.com.br\/portal\/?s={search_term_string}\"},\"query-input\":{\"@type\":\"PropertyValueSpecification\",\"valueRequired\":true,\"valueName\":\"search_term_string\"}}],\"inLanguage\":\"pt-BR\"},{\"@type\":\"Organization\",\"@id\":\"https:\/\/www.hometheater.com.br\/portal\/#organization\",\"name\":\"Home Theater\",\"url\":\"https:\/\/www.hometheater.com.br\/portal\/\",\"logo\":{\"@type\":\"ImageObject\",\"inLanguage\":\"pt-BR\",\"@id\":\"https:\/\/www.hometheater.com.br\/portal\/#\/schema\/logo\/image\/\",\"url\":\"https:\/\/www.hometheater.com.br\/portal\/wp-content\/uploads\/2022\/06\/assine_ht_01.png\",\"contentUrl\":\"https:\/\/www.hometheater.com.br\/portal\/wp-content\/uploads\/2022\/06\/assine_ht_01.png\",\"width\":800,\"height\":254,\"caption\":\"Home Theater\"},\"image\":{\"@id\":\"https:\/\/www.hometheater.com.br\/portal\/#\/schema\/logo\/image\/\"},\"sameAs\":[\"https:\/\/web.facebook.com\/revistahometheater\",\"https:\/\/x.com\/hometheaterbr\"]},{\"@type\":\"Person\",\"@id\":\"https:\/\/www.hometheater.com.br\/portal\/#\/schema\/person\/3b6bd5a9e2a6c4197c7b98dd7a733d22\",\"name\":\"Revista Home Theater &amp; Casa Digital\",\"image\":{\"@type\":\"ImageObject\",\"inLanguage\":\"pt-BR\",\"@id\":\"https:\/\/www.hometheater.com.br\/portal\/#\/schema\/person\/image\/\",\"url\":\"https:\/\/secure.gravatar.com\/avatar\/fd86f33d841f0f43adcc1665dd80ca740e028af4297e20d3444f9335092a6ee7?s=96&d=mm&r=g\",\"contentUrl\":\"https:\/\/secure.gravatar.com\/avatar\/fd86f33d841f0f43adcc1665dd80ca740e028af4297e20d3444f9335092a6ee7?s=96&d=mm&r=g\",\"caption\":\"Revista Home Theater &amp; Casa Digital\"},\"url\":\"https:\/\/www.hometheater.com.br\/portal\/author\/flavio\/\"}]}<\/script>\n<!-- \/ Yoast SEO plugin. -->","yoast_head_json":{"title":"EXCLUSIVO: Uma Conversa com David Chesky - HT &amp; Casa Digital","robots":{"index":"index","follow":"follow","max-snippet":"max-snippet:-1","max-image-preview":"max-image-preview:large","max-video-preview":"max-video-preview:-1"},"canonical":"https:\/\/www.hometheater.com.br\/portal\/2017\/08\/22\/exclusivo-uma-conversa-com-david-chesky\/","og_locale":"pt_BR","og_type":"article","og_title":"EXCLUSIVO: Uma Conversa com David Chesky - HT &amp; Casa Digital","og_description":"Alexandre Algranti \u00e9 o Chief Headphone Officer do site\u00a0fonesdeouvido.com.br. Leitores deste blog tem 10% de desconto em qualquer compra no site com o c\u00f3digo HT2018.","og_url":"https:\/\/www.hometheater.com.br\/portal\/2017\/08\/22\/exclusivo-uma-conversa-com-david-chesky\/","og_site_name":"HT &amp; Casa Digital","article_publisher":"https:\/\/web.facebook.com\/revistahometheater","article_published_time":"2017-08-22T10:56:51+00:00","article_modified_time":"2018-07-31T20:22:25+00:00","og_image":[{"width":450,"height":294,"url":"https:\/\/www.hometheater.com.br\/portal\/wp-content\/uploads\/2017\/08\/chesky-res200a.jpg","type":"image\/jpeg"}],"author":"Revista Home Theater &amp; Casa Digital","twitter_card":"summary_large_image","twitter_creator":"@hometheaterbr","twitter_site":"@hometheaterbr","twitter_misc":{"Escrito por":"Revista Home Theater &amp; Casa Digital","Est. tempo de leitura":"7 minutos"},"schema":{"@context":"https:\/\/schema.org","@graph":[{"@type":"Article","@id":"https:\/\/www.hometheater.com.br\/portal\/2017\/08\/22\/exclusivo-uma-conversa-com-david-chesky\/#article","isPartOf":{"@id":"https:\/\/www.hometheater.com.br\/portal\/2017\/08\/22\/exclusivo-uma-conversa-com-david-chesky\/"},"author":{"name":"Revista Home Theater &amp; Casa Digital","@id":"https:\/\/www.hometheater.com.br\/portal\/#\/schema\/person\/3b6bd5a9e2a6c4197c7b98dd7a733d22"},"headline":"EXCLUSIVO: Uma Conversa com David Chesky","datePublished":"2017-08-22T10:56:51+00:00","dateModified":"2018-07-31T20:22:25+00:00","mainEntityOfPage":{"@id":"https:\/\/www.hometheater.com.br\/portal\/2017\/08\/22\/exclusivo-uma-conversa-com-david-chesky\/"},"wordCount":1311,"commentCount":0,"publisher":{"@id":"https:\/\/www.hometheater.com.br\/portal\/#organization"},"image":{"@id":"https:\/\/www.hometheater.com.br\/portal\/2017\/08\/22\/exclusivo-uma-conversa-com-david-chesky\/#primaryimage"},"thumbnailUrl":"https:\/\/www.hometheater.com.br\/portal\/wp-content\/uploads\/2017\/08\/chesky-res200a.jpg","articleSection":["Fones de ouvido","TEND\u00caNCIAS"],"inLanguage":"pt-BR","potentialAction":[{"@type":"CommentAction","name":"Comment","target":["https:\/\/www.hometheater.com.br\/portal\/2017\/08\/22\/exclusivo-uma-conversa-com-david-chesky\/#respond"]}]},{"@type":"WebPage","@id":"https:\/\/www.hometheater.com.br\/portal\/2017\/08\/22\/exclusivo-uma-conversa-com-david-chesky\/","url":"https:\/\/www.hometheater.com.br\/portal\/2017\/08\/22\/exclusivo-uma-conversa-com-david-chesky\/","name":"EXCLUSIVO: Uma Conversa com David Chesky - HT &amp; Casa Digital","isPartOf":{"@id":"https:\/\/www.hometheater.com.br\/portal\/#website"},"primaryImageOfPage":{"@id":"https:\/\/www.hometheater.com.br\/portal\/2017\/08\/22\/exclusivo-uma-conversa-com-david-chesky\/#primaryimage"},"image":{"@id":"https:\/\/www.hometheater.com.br\/portal\/2017\/08\/22\/exclusivo-uma-conversa-com-david-chesky\/#primaryimage"},"thumbnailUrl":"https:\/\/www.hometheater.com.br\/portal\/wp-content\/uploads\/2017\/08\/chesky-res200a.jpg","datePublished":"2017-08-22T10:56:51+00:00","dateModified":"2018-07-31T20:22:25+00:00","breadcrumb":{"@id":"https:\/\/www.hometheater.com.br\/portal\/2017\/08\/22\/exclusivo-uma-conversa-com-david-chesky\/#breadcrumb"},"inLanguage":"pt-BR","potentialAction":[{"@type":"ReadAction","target":["https:\/\/www.hometheater.com.br\/portal\/2017\/08\/22\/exclusivo-uma-conversa-com-david-chesky\/"]}]},{"@type":"ImageObject","inLanguage":"pt-BR","@id":"https:\/\/www.hometheater.com.br\/portal\/2017\/08\/22\/exclusivo-uma-conversa-com-david-chesky\/#primaryimage","url":"https:\/\/www.hometheater.com.br\/portal\/wp-content\/uploads\/2017\/08\/chesky-res200a.jpg","contentUrl":"https:\/\/www.hometheater.com.br\/portal\/wp-content\/uploads\/2017\/08\/chesky-res200a.jpg","width":450,"height":294},{"@type":"BreadcrumbList","@id":"https:\/\/www.hometheater.com.br\/portal\/2017\/08\/22\/exclusivo-uma-conversa-com-david-chesky\/#breadcrumb","itemListElement":[{"@type":"ListItem","position":1,"name":"In\u00edcio","item":"https:\/\/www.hometheater.com.br\/portal\/"},{"@type":"ListItem","position":2,"name":"EXCLUSIVO: Uma Conversa com David Chesky"}]},{"@type":"WebSite","@id":"https:\/\/www.hometheater.com.br\/portal\/#website","url":"https:\/\/www.hometheater.com.br\/portal\/","name":"HT &amp; Casa Digital","description":"O mundo digital em sua casa","publisher":{"@id":"https:\/\/www.hometheater.com.br\/portal\/#organization"},"potentialAction":[{"@type":"SearchAction","target":{"@type":"EntryPoint","urlTemplate":"https:\/\/www.hometheater.com.br\/portal\/?s={search_term_string}"},"query-input":{"@type":"PropertyValueSpecification","valueRequired":true,"valueName":"search_term_string"}}],"inLanguage":"pt-BR"},{"@type":"Organization","@id":"https:\/\/www.hometheater.com.br\/portal\/#organization","name":"Home Theater","url":"https:\/\/www.hometheater.com.br\/portal\/","logo":{"@type":"ImageObject","inLanguage":"pt-BR","@id":"https:\/\/www.hometheater.com.br\/portal\/#\/schema\/logo\/image\/","url":"https:\/\/www.hometheater.com.br\/portal\/wp-content\/uploads\/2022\/06\/assine_ht_01.png","contentUrl":"https:\/\/www.hometheater.com.br\/portal\/wp-content\/uploads\/2022\/06\/assine_ht_01.png","width":800,"height":254,"caption":"Home Theater"},"image":{"@id":"https:\/\/www.hometheater.com.br\/portal\/#\/schema\/logo\/image\/"},"sameAs":["https:\/\/web.facebook.com\/revistahometheater","https:\/\/x.com\/hometheaterbr"]},{"@type":"Person","@id":"https:\/\/www.hometheater.com.br\/portal\/#\/schema\/person\/3b6bd5a9e2a6c4197c7b98dd7a733d22","name":"Revista Home Theater &amp; Casa Digital","image":{"@type":"ImageObject","inLanguage":"pt-BR","@id":"https:\/\/www.hometheater.com.br\/portal\/#\/schema\/person\/image\/","url":"https:\/\/secure.gravatar.com\/avatar\/fd86f33d841f0f43adcc1665dd80ca740e028af4297e20d3444f9335092a6ee7?s=96&d=mm&r=g","contentUrl":"https:\/\/secure.gravatar.com\/avatar\/fd86f33d841f0f43adcc1665dd80ca740e028af4297e20d3444f9335092a6ee7?s=96&d=mm&r=g","caption":"Revista Home Theater &amp; Casa Digital"},"url":"https:\/\/www.hometheater.com.br\/portal\/author\/flavio\/"}]}},"_links":{"self":[{"href":"https:\/\/www.hometheater.com.br\/portal\/wp-json\/wp\/v2\/posts\/3068","targetHints":{"allow":["GET"]}}],"collection":[{"href":"https:\/\/www.hometheater.com.br\/portal\/wp-json\/wp\/v2\/posts"}],"about":[{"href":"https:\/\/www.hometheater.com.br\/portal\/wp-json\/wp\/v2\/types\/post"}],"author":[{"embeddable":true,"href":"https:\/\/www.hometheater.com.br\/portal\/wp-json\/wp\/v2\/users\/1"}],"replies":[{"embeddable":true,"href":"https:\/\/www.hometheater.com.br\/portal\/wp-json\/wp\/v2\/comments?post=3068"}],"version-history":[{"count":0,"href":"https:\/\/www.hometheater.com.br\/portal\/wp-json\/wp\/v2\/posts\/3068\/revisions"}],"wp:featuredmedia":[{"embeddable":true,"href":"https:\/\/www.hometheater.com.br\/portal\/wp-json\/wp\/v2\/media\/3074"}],"wp:attachment":[{"href":"https:\/\/www.hometheater.com.br\/portal\/wp-json\/wp\/v2\/media?parent=3068"}],"wp:term":[{"taxonomy":"category","embeddable":true,"href":"https:\/\/www.hometheater.com.br\/portal\/wp-json\/wp\/v2\/categories?post=3068"},{"taxonomy":"post_tag","embeddable":true,"href":"https:\/\/www.hometheater.com.br\/portal\/wp-json\/wp\/v2\/tags?post=3068"}],"curies":[{"name":"wp","href":"https:\/\/api.w.org\/{rel}","templated":true}]}}