{"id":30489,"date":"2024-02-26T08:22:50","date_gmt":"2024-02-26T11:22:50","guid":{"rendered":"https:\/\/www.hometheater.com.br\/portal\/?p=30489"},"modified":"2024-03-08T08:09:40","modified_gmt":"2024-03-08T11:09:40","slug":"webos-das-tvs-smart-lg-tera-atualizacao-valida-por-cinco-anos","status":"publish","type":"post","link":"https:\/\/www.hometheater.com.br\/portal\/2024\/02\/26\/webos-das-tvs-smart-lg-tera-atualizacao-valida-por-cinco-anos\/","title":{"rendered":"webOS das TVs smart LG ter\u00e1 atualiza\u00e7\u00e3o v\u00e1lida por cinco anos"},"content":{"rendered":"<p><img loading=\"lazy\" decoding=\"async\" class=\"aligncenter size-full wp-image-30490\" src=\"https:\/\/www.hometheater.com.br\/portal\/wp-content\/uploads\/2024\/02\/webOS_Upgrade_02.jpg\" alt=\"\" width=\"700\" height=\"394\" srcset=\"https:\/\/www.hometheater.com.br\/portal\/wp-content\/uploads\/2024\/02\/webOS_Upgrade_02.jpg 700w, https:\/\/www.hometheater.com.br\/portal\/wp-content\/uploads\/2024\/02\/webOS_Upgrade_02-400x225.jpg 400w, https:\/\/www.hometheater.com.br\/portal\/wp-content\/uploads\/2024\/02\/webOS_Upgrade_02-500x281.jpg 500w, https:\/\/www.hometheater.com.br\/portal\/wp-content\/uploads\/2024\/02\/webOS_Upgrade_02-300x169.jpg 300w\" sizes=\"auto, (max-width: 700px) 100vw, 700px\" \/><\/p>\n<p>Propriet\u00e1rios de TVs smart LG lan\u00e7adas a partir de 2022 ter\u00e3o garantidos cinco anos de atualiza\u00e7\u00e3o do sistema operacional webOS. Essa \u00e9 uma das novidades da fabricante coreana para este ano, em sua estrat\u00e9gia de tornar seu sistema uma grande plataforma de m\u00eddia e entretenimento.<\/p>\n<p>O programa\u00a0<b>webOS Re:New<\/b>, de alcance mundial, foi criado para permitir que mais usu\u00e1rios de TVs da marca se integrem a essa plataforma. O programa abrange as linhas OLED, incluindo os modelos Flex e Objet Collection Pos\u00e9, e QNED MiniLED 8K (QNED99), lan\u00e7adas a partir de 2022.<\/p><div class=\"homet-conteudo\" style=\"text-align: center;\" id=\"homet-2241196045\"><div data-cfpa=\"36066\" data-cfpw=\"36066\" id=\"homet-1597018280\"><a data-no-instant=\"1\" href=\"https:\/\/loja.sommaior.com.br\/\" rel=\"noopener\" class=\"a2t-link\" aria-label=\"ABBEY-ROAD_360x300px\"><img loading=\"lazy\" decoding=\"async\" src=\"https:\/\/www.hometheater.com.br\/portal\/wp-content\/uploads\/2025\/10\/ABBEY-ROAD_360x300px.jpg\" alt=\"\"  class=\"no-lazyload\" width=\"300\" height=\"250\"   \/><\/a><\/div><script type=\"text\/javascript\">;new advadsCfpAd( 36066 );<\/script><\/div>\n<p>A vers\u00e3o webOS24 traz novas possibilidades de personaliza\u00e7\u00e3o, com acesso mais f\u00e1cil aos conte\u00fados e aplicativos. Al\u00e9m de um menu de ajustes mais avan\u00e7ado, com recursos de Intelig\u00eancia Artificial, a nova interface aprimora os\u00a0<i>quick cards<\/i>\u00a0introduzidos nas linhas 2023.<\/p>\n<p>Esses cards servem para organizar os conte\u00fados por assunto: filmes, s\u00e9ries, m\u00fasica, games, esportes etc. A empresa garante que est\u00e1 sendo aprimorado tamb\u00e9m o sistema de seguran\u00e7a das TVs, com mais estabilidade no uso dos apps e servi\u00e7os online.<\/p>\n<p><b>FONTE: LG<\/b><\/p>\n<p><b>Temas relacionados:<\/b><\/p>\n<p><a href=\"https:\/\/www.hometheater.com.br\/portal\/2023\/11\/08\/lg-lanca-a-primeira-tv-oled-com-resolucao-8k\/\" target=\"_blank\" rel=\"noopener\" data-saferedirecturl=\"https:\/\/www.google.com\/url?q=https:\/\/www.hometheater.com.br\/portal\/2023\/11\/08\/lg-lanca-a-primeira-tv-oled-com-resolucao-8k\/&amp;source=gmail&amp;ust=1709029883598000&amp;usg=AOvVaw2R_TKU4yTUGgLRoZLTSFdQ\"><b>LG lan\u00e7a a primeira TV OLED com resolu\u00e7\u00e3o 8K<\/b><\/a><\/p>\n<p><a href=\"https:\/\/orlandobarrozo.blog.br\/2024\/02\/08\/acredite-samsung-e-lg-estao-unidas\/\" target=\"_blank\" rel=\"noopener\" data-saferedirecturl=\"https:\/\/www.google.com\/url?q=https:\/\/orlandobarrozo.blog.br\/2024\/02\/08\/acredite-samsung-e-lg-estao-unidas\/&amp;source=gmail&amp;ust=1709029883598000&amp;usg=AOvVaw0vOH0w0GclRqhuhjNLrbUn\"><b>Samsung e LG se unem para enfrentar os chineses<\/b><\/a><\/p>\n<p><a href=\"https:\/\/orlandobarrozo.blog.br\/2024\/01\/11\/oled-vs-miniled-nova-temporada\/\" target=\"_blank\" rel=\"noopener\" data-saferedirecturl=\"https:\/\/www.google.com\/url?q=https:\/\/orlandobarrozo.blog.br\/2024\/01\/11\/oled-vs-miniled-nova-temporada\/&amp;source=gmail&amp;ust=1709029883598000&amp;usg=AOvVaw1AdHCM2511TAr5UaVDZe2s\"><b>Novos rumos na disputa entre telas OLED e MiniLED<\/b><\/a><\/p>\n<p><a href=\"https:\/\/www.hometheater.com.br\/portal\/2024\/02\/16\/samsung-aposta-em-tvs-com-hub-para-atividades-domesticas\/\" target=\"_blank\" rel=\"noopener\" data-saferedirecturl=\"https:\/\/www.google.com\/url?q=https:\/\/www.hometheater.com.br\/portal\/2024\/02\/16\/samsung-aposta-em-tvs-com-hub-para-atividades-domesticas\/&amp;source=gmail&amp;ust=1709029883598000&amp;usg=AOvVaw2LgW_8NGiy7neblQBF010g\"><b>Samsung aposta em TVs com hub para atividades dom\u00e9sticas<\/b><\/a><\/p>\n","protected":false},"excerpt":{"rendered":"<p>Propriet\u00e1rios de TVs smart LG lan\u00e7adas a partir de 2022 ter\u00e3o garantidos cinco anos de atualiza\u00e7\u00e3o do sistema operacional webOS. Essa \u00e9 uma das novidades<\/p>\n","protected":false},"author":1,"featured_media":30490,"comment_status":"open","ping_status":"open","sticky":false,"template":"","format":"standard","meta":{"footnotes":""},"categories":[4],"tags":[186],"class_list":["post-30489","post","type-post","status-publish","format-standard","has-post-thumbnail","hentry","category-noticias","tag-ht_online"],"yoast_head":"<!-- This site is optimized with the Yoast SEO plugin v25.7 - https:\/\/yoast.com\/wordpress\/plugins\/seo\/ -->\n<title>webOS das TVs smart LG ter\u00e1 atualiza\u00e7\u00e3o v\u00e1lida por cinco anos - HT &amp; Casa Digital<\/title>\n<meta name=\"robots\" content=\"index, follow, max-snippet:-1, max-image-preview:large, max-video-preview:-1\" \/>\n<link rel=\"canonical\" href=\"https:\/\/www.hometheater.com.br\/portal\/2024\/02\/26\/webos-das-tvs-smart-lg-tera-atualizacao-valida-por-cinco-anos\/\" \/>\n<meta property=\"og:locale\" content=\"pt_BR\" \/>\n<meta property=\"og:type\" content=\"article\" \/>\n<meta property=\"og:title\" content=\"webOS das TVs smart LG ter\u00e1 atualiza\u00e7\u00e3o v\u00e1lida por cinco anos - HT &amp; Casa Digital\" \/>\n<meta property=\"og:description\" content=\"Propriet\u00e1rios de TVs smart LG lan\u00e7adas a partir de 2022 ter\u00e3o garantidos cinco anos de atualiza\u00e7\u00e3o do sistema operacional webOS. Essa \u00e9 uma das novidades\" \/>\n<meta property=\"og:url\" content=\"https:\/\/www.hometheater.com.br\/portal\/2024\/02\/26\/webos-das-tvs-smart-lg-tera-atualizacao-valida-por-cinco-anos\/\" \/>\n<meta property=\"og:site_name\" content=\"HT &amp; Casa Digital\" \/>\n<meta property=\"article:publisher\" content=\"https:\/\/web.facebook.com\/revistahometheater\" \/>\n<meta property=\"article:published_time\" content=\"2024-02-26T11:22:50+00:00\" \/>\n<meta property=\"article:modified_time\" content=\"2024-03-08T11:09:40+00:00\" \/>\n<meta property=\"og:image\" content=\"https:\/\/www.hometheater.com.br\/portal\/wp-content\/uploads\/2024\/02\/webOS_Upgrade_02.jpg\" \/>\n\t<meta property=\"og:image:width\" content=\"700\" \/>\n\t<meta property=\"og:image:height\" content=\"394\" \/>\n\t<meta property=\"og:image:type\" content=\"image\/jpeg\" \/>\n<meta name=\"author\" content=\"Revista Home Theater &amp; Casa Digital\" \/>\n<meta name=\"twitter:card\" content=\"summary_large_image\" \/>\n<meta name=\"twitter:creator\" content=\"@hometheaterbr\" \/>\n<meta name=\"twitter:site\" content=\"@hometheaterbr\" \/>\n<meta name=\"twitter:label1\" content=\"Escrito por\" \/>\n\t<meta name=\"twitter:data1\" content=\"Revista Home Theater &amp; Casa Digital\" \/>\n\t<meta name=\"twitter:label2\" content=\"Est. tempo de leitura\" \/>\n\t<meta name=\"twitter:data2\" content=\"1 minuto\" \/>\n<script type=\"application\/ld+json\" class=\"yoast-schema-graph\">{\"@context\":\"https:\/\/schema.org\",\"@graph\":[{\"@type\":\"Article\",\"@id\":\"https:\/\/www.hometheater.com.br\/portal\/2024\/02\/26\/webos-das-tvs-smart-lg-tera-atualizacao-valida-por-cinco-anos\/#article\",\"isPartOf\":{\"@id\":\"https:\/\/www.hometheater.com.br\/portal\/2024\/02\/26\/webos-das-tvs-smart-lg-tera-atualizacao-valida-por-cinco-anos\/\"},\"author\":{\"name\":\"Revista Home Theater &amp; Casa Digital\",\"@id\":\"https:\/\/www.hometheater.com.br\/portal\/#\/schema\/person\/3b6bd5a9e2a6c4197c7b98dd7a733d22\"},\"headline\":\"webOS das TVs smart LG ter\u00e1 atualiza\u00e7\u00e3o v\u00e1lida por cinco anos\",\"datePublished\":\"2024-02-26T11:22:50+00:00\",\"dateModified\":\"2024-03-08T11:09:40+00:00\",\"mainEntityOfPage\":{\"@id\":\"https:\/\/www.hometheater.com.br\/portal\/2024\/02\/26\/webos-das-tvs-smart-lg-tera-atualizacao-valida-por-cinco-anos\/\"},\"wordCount\":245,\"commentCount\":0,\"publisher\":{\"@id\":\"https:\/\/www.hometheater.com.br\/portal\/#organization\"},\"image\":{\"@id\":\"https:\/\/www.hometheater.com.br\/portal\/2024\/02\/26\/webos-das-tvs-smart-lg-tera-atualizacao-valida-por-cinco-anos\/#primaryimage\"},\"thumbnailUrl\":\"https:\/\/www.hometheater.com.br\/portal\/wp-content\/uploads\/2024\/02\/webOS_Upgrade_02.jpg\",\"keywords\":[\"HT_ONLINE\"],\"articleSection\":[\"NOT\u00cdCIAS\"],\"inLanguage\":\"pt-BR\",\"potentialAction\":[{\"@type\":\"CommentAction\",\"name\":\"Comment\",\"target\":[\"https:\/\/www.hometheater.com.br\/portal\/2024\/02\/26\/webos-das-tvs-smart-lg-tera-atualizacao-valida-por-cinco-anos\/#respond\"]}]},{\"@type\":\"WebPage\",\"@id\":\"https:\/\/www.hometheater.com.br\/portal\/2024\/02\/26\/webos-das-tvs-smart-lg-tera-atualizacao-valida-por-cinco-anos\/\",\"url\":\"https:\/\/www.hometheater.com.br\/portal\/2024\/02\/26\/webos-das-tvs-smart-lg-tera-atualizacao-valida-por-cinco-anos\/\",\"name\":\"webOS das TVs smart LG ter\u00e1 atualiza\u00e7\u00e3o v\u00e1lida por cinco anos - HT &amp; Casa Digital\",\"isPartOf\":{\"@id\":\"https:\/\/www.hometheater.com.br\/portal\/#website\"},\"primaryImageOfPage\":{\"@id\":\"https:\/\/www.hometheater.com.br\/portal\/2024\/02\/26\/webos-das-tvs-smart-lg-tera-atualizacao-valida-por-cinco-anos\/#primaryimage\"},\"image\":{\"@id\":\"https:\/\/www.hometheater.com.br\/portal\/2024\/02\/26\/webos-das-tvs-smart-lg-tera-atualizacao-valida-por-cinco-anos\/#primaryimage\"},\"thumbnailUrl\":\"https:\/\/www.hometheater.com.br\/portal\/wp-content\/uploads\/2024\/02\/webOS_Upgrade_02.jpg\",\"datePublished\":\"2024-02-26T11:22:50+00:00\",\"dateModified\":\"2024-03-08T11:09:40+00:00\",\"breadcrumb\":{\"@id\":\"https:\/\/www.hometheater.com.br\/portal\/2024\/02\/26\/webos-das-tvs-smart-lg-tera-atualizacao-valida-por-cinco-anos\/#breadcrumb\"},\"inLanguage\":\"pt-BR\",\"potentialAction\":[{\"@type\":\"ReadAction\",\"target\":[\"https:\/\/www.hometheater.com.br\/portal\/2024\/02\/26\/webos-das-tvs-smart-lg-tera-atualizacao-valida-por-cinco-anos\/\"]}]},{\"@type\":\"ImageObject\",\"inLanguage\":\"pt-BR\",\"@id\":\"https:\/\/www.hometheater.com.br\/portal\/2024\/02\/26\/webos-das-tvs-smart-lg-tera-atualizacao-valida-por-cinco-anos\/#primaryimage\",\"url\":\"https:\/\/www.hometheater.com.br\/portal\/wp-content\/uploads\/2024\/02\/webOS_Upgrade_02.jpg\",\"contentUrl\":\"https:\/\/www.hometheater.com.br\/portal\/wp-content\/uploads\/2024\/02\/webOS_Upgrade_02.jpg\",\"width\":700,\"height\":394},{\"@type\":\"BreadcrumbList\",\"@id\":\"https:\/\/www.hometheater.com.br\/portal\/2024\/02\/26\/webos-das-tvs-smart-lg-tera-atualizacao-valida-por-cinco-anos\/#breadcrumb\",\"itemListElement\":[{\"@type\":\"ListItem\",\"position\":1,\"name\":\"In\u00edcio\",\"item\":\"https:\/\/www.hometheater.com.br\/portal\/\"},{\"@type\":\"ListItem\",\"position\":2,\"name\":\"webOS das TVs smart LG ter\u00e1 atualiza\u00e7\u00e3o v\u00e1lida por cinco anos\"}]},{\"@type\":\"WebSite\",\"@id\":\"https:\/\/www.hometheater.com.br\/portal\/#website\",\"url\":\"https:\/\/www.hometheater.com.br\/portal\/\",\"name\":\"HT &amp; Casa Digital\",\"description\":\"O mundo digital em sua casa\",\"publisher\":{\"@id\":\"https:\/\/www.hometheater.com.br\/portal\/#organization\"},\"potentialAction\":[{\"@type\":\"SearchAction\",\"target\":{\"@type\":\"EntryPoint\",\"urlTemplate\":\"https:\/\/www.hometheater.com.br\/portal\/?s={search_term_string}\"},\"query-input\":{\"@type\":\"PropertyValueSpecification\",\"valueRequired\":true,\"valueName\":\"search_term_string\"}}],\"inLanguage\":\"pt-BR\"},{\"@type\":\"Organization\",\"@id\":\"https:\/\/www.hometheater.com.br\/portal\/#organization\",\"name\":\"Home Theater\",\"url\":\"https:\/\/www.hometheater.com.br\/portal\/\",\"logo\":{\"@type\":\"ImageObject\",\"inLanguage\":\"pt-BR\",\"@id\":\"https:\/\/www.hometheater.com.br\/portal\/#\/schema\/logo\/image\/\",\"url\":\"https:\/\/www.hometheater.com.br\/portal\/wp-content\/uploads\/2022\/06\/assine_ht_01.png\",\"contentUrl\":\"https:\/\/www.hometheater.com.br\/portal\/wp-content\/uploads\/2022\/06\/assine_ht_01.png\",\"width\":800,\"height\":254,\"caption\":\"Home Theater\"},\"image\":{\"@id\":\"https:\/\/www.hometheater.com.br\/portal\/#\/schema\/logo\/image\/\"},\"sameAs\":[\"https:\/\/web.facebook.com\/revistahometheater\",\"https:\/\/x.com\/hometheaterbr\"]},{\"@type\":\"Person\",\"@id\":\"https:\/\/www.hometheater.com.br\/portal\/#\/schema\/person\/3b6bd5a9e2a6c4197c7b98dd7a733d22\",\"name\":\"Revista Home Theater &amp; Casa Digital\",\"image\":{\"@type\":\"ImageObject\",\"inLanguage\":\"pt-BR\",\"@id\":\"https:\/\/www.hometheater.com.br\/portal\/#\/schema\/person\/image\/\",\"url\":\"https:\/\/secure.gravatar.com\/avatar\/fd86f33d841f0f43adcc1665dd80ca740e028af4297e20d3444f9335092a6ee7?s=96&d=mm&r=g\",\"contentUrl\":\"https:\/\/secure.gravatar.com\/avatar\/fd86f33d841f0f43adcc1665dd80ca740e028af4297e20d3444f9335092a6ee7?s=96&d=mm&r=g\",\"caption\":\"Revista Home Theater &amp; Casa Digital\"},\"url\":\"https:\/\/www.hometheater.com.br\/portal\/author\/flavio\/\"}]}<\/script>\n<!-- \/ Yoast SEO plugin. -->","yoast_head_json":{"title":"webOS das TVs smart LG ter\u00e1 atualiza\u00e7\u00e3o v\u00e1lida por cinco anos - HT &amp; Casa Digital","robots":{"index":"index","follow":"follow","max-snippet":"max-snippet:-1","max-image-preview":"max-image-preview:large","max-video-preview":"max-video-preview:-1"},"canonical":"https:\/\/www.hometheater.com.br\/portal\/2024\/02\/26\/webos-das-tvs-smart-lg-tera-atualizacao-valida-por-cinco-anos\/","og_locale":"pt_BR","og_type":"article","og_title":"webOS das TVs smart LG ter\u00e1 atualiza\u00e7\u00e3o v\u00e1lida por cinco anos - HT &amp; Casa Digital","og_description":"Propriet\u00e1rios de TVs smart LG lan\u00e7adas a partir de 2022 ter\u00e3o garantidos cinco anos de atualiza\u00e7\u00e3o do sistema operacional webOS. Essa \u00e9 uma das novidades","og_url":"https:\/\/www.hometheater.com.br\/portal\/2024\/02\/26\/webos-das-tvs-smart-lg-tera-atualizacao-valida-por-cinco-anos\/","og_site_name":"HT &amp; Casa Digital","article_publisher":"https:\/\/web.facebook.com\/revistahometheater","article_published_time":"2024-02-26T11:22:50+00:00","article_modified_time":"2024-03-08T11:09:40+00:00","og_image":[{"width":700,"height":394,"url":"https:\/\/www.hometheater.com.br\/portal\/wp-content\/uploads\/2024\/02\/webOS_Upgrade_02.jpg","type":"image\/jpeg"}],"author":"Revista Home Theater &amp; Casa Digital","twitter_card":"summary_large_image","twitter_creator":"@hometheaterbr","twitter_site":"@hometheaterbr","twitter_misc":{"Escrito por":"Revista Home Theater &amp; Casa Digital","Est. tempo de leitura":"1 minuto"},"schema":{"@context":"https:\/\/schema.org","@graph":[{"@type":"Article","@id":"https:\/\/www.hometheater.com.br\/portal\/2024\/02\/26\/webos-das-tvs-smart-lg-tera-atualizacao-valida-por-cinco-anos\/#article","isPartOf":{"@id":"https:\/\/www.hometheater.com.br\/portal\/2024\/02\/26\/webos-das-tvs-smart-lg-tera-atualizacao-valida-por-cinco-anos\/"},"author":{"name":"Revista Home Theater &amp; Casa Digital","@id":"https:\/\/www.hometheater.com.br\/portal\/#\/schema\/person\/3b6bd5a9e2a6c4197c7b98dd7a733d22"},"headline":"webOS das TVs smart LG ter\u00e1 atualiza\u00e7\u00e3o v\u00e1lida por cinco anos","datePublished":"2024-02-26T11:22:50+00:00","dateModified":"2024-03-08T11:09:40+00:00","mainEntityOfPage":{"@id":"https:\/\/www.hometheater.com.br\/portal\/2024\/02\/26\/webos-das-tvs-smart-lg-tera-atualizacao-valida-por-cinco-anos\/"},"wordCount":245,"commentCount":0,"publisher":{"@id":"https:\/\/www.hometheater.com.br\/portal\/#organization"},"image":{"@id":"https:\/\/www.hometheater.com.br\/portal\/2024\/02\/26\/webos-das-tvs-smart-lg-tera-atualizacao-valida-por-cinco-anos\/#primaryimage"},"thumbnailUrl":"https:\/\/www.hometheater.com.br\/portal\/wp-content\/uploads\/2024\/02\/webOS_Upgrade_02.jpg","keywords":["HT_ONLINE"],"articleSection":["NOT\u00cdCIAS"],"inLanguage":"pt-BR","potentialAction":[{"@type":"CommentAction","name":"Comment","target":["https:\/\/www.hometheater.com.br\/portal\/2024\/02\/26\/webos-das-tvs-smart-lg-tera-atualizacao-valida-por-cinco-anos\/#respond"]}]},{"@type":"WebPage","@id":"https:\/\/www.hometheater.com.br\/portal\/2024\/02\/26\/webos-das-tvs-smart-lg-tera-atualizacao-valida-por-cinco-anos\/","url":"https:\/\/www.hometheater.com.br\/portal\/2024\/02\/26\/webos-das-tvs-smart-lg-tera-atualizacao-valida-por-cinco-anos\/","name":"webOS das TVs smart LG ter\u00e1 atualiza\u00e7\u00e3o v\u00e1lida por cinco anos - HT &amp; Casa Digital","isPartOf":{"@id":"https:\/\/www.hometheater.com.br\/portal\/#website"},"primaryImageOfPage":{"@id":"https:\/\/www.hometheater.com.br\/portal\/2024\/02\/26\/webos-das-tvs-smart-lg-tera-atualizacao-valida-por-cinco-anos\/#primaryimage"},"image":{"@id":"https:\/\/www.hometheater.com.br\/portal\/2024\/02\/26\/webos-das-tvs-smart-lg-tera-atualizacao-valida-por-cinco-anos\/#primaryimage"},"thumbnailUrl":"https:\/\/www.hometheater.com.br\/portal\/wp-content\/uploads\/2024\/02\/webOS_Upgrade_02.jpg","datePublished":"2024-02-26T11:22:50+00:00","dateModified":"2024-03-08T11:09:40+00:00","breadcrumb":{"@id":"https:\/\/www.hometheater.com.br\/portal\/2024\/02\/26\/webos-das-tvs-smart-lg-tera-atualizacao-valida-por-cinco-anos\/#breadcrumb"},"inLanguage":"pt-BR","potentialAction":[{"@type":"ReadAction","target":["https:\/\/www.hometheater.com.br\/portal\/2024\/02\/26\/webos-das-tvs-smart-lg-tera-atualizacao-valida-por-cinco-anos\/"]}]},{"@type":"ImageObject","inLanguage":"pt-BR","@id":"https:\/\/www.hometheater.com.br\/portal\/2024\/02\/26\/webos-das-tvs-smart-lg-tera-atualizacao-valida-por-cinco-anos\/#primaryimage","url":"https:\/\/www.hometheater.com.br\/portal\/wp-content\/uploads\/2024\/02\/webOS_Upgrade_02.jpg","contentUrl":"https:\/\/www.hometheater.com.br\/portal\/wp-content\/uploads\/2024\/02\/webOS_Upgrade_02.jpg","width":700,"height":394},{"@type":"BreadcrumbList","@id":"https:\/\/www.hometheater.com.br\/portal\/2024\/02\/26\/webos-das-tvs-smart-lg-tera-atualizacao-valida-por-cinco-anos\/#breadcrumb","itemListElement":[{"@type":"ListItem","position":1,"name":"In\u00edcio","item":"https:\/\/www.hometheater.com.br\/portal\/"},{"@type":"ListItem","position":2,"name":"webOS das TVs smart LG ter\u00e1 atualiza\u00e7\u00e3o v\u00e1lida por cinco anos"}]},{"@type":"WebSite","@id":"https:\/\/www.hometheater.com.br\/portal\/#website","url":"https:\/\/www.hometheater.com.br\/portal\/","name":"HT &amp; Casa Digital","description":"O mundo digital em sua casa","publisher":{"@id":"https:\/\/www.hometheater.com.br\/portal\/#organization"},"potentialAction":[{"@type":"SearchAction","target":{"@type":"EntryPoint","urlTemplate":"https:\/\/www.hometheater.com.br\/portal\/?s={search_term_string}"},"query-input":{"@type":"PropertyValueSpecification","valueRequired":true,"valueName":"search_term_string"}}],"inLanguage":"pt-BR"},{"@type":"Organization","@id":"https:\/\/www.hometheater.com.br\/portal\/#organization","name":"Home Theater","url":"https:\/\/www.hometheater.com.br\/portal\/","logo":{"@type":"ImageObject","inLanguage":"pt-BR","@id":"https:\/\/www.hometheater.com.br\/portal\/#\/schema\/logo\/image\/","url":"https:\/\/www.hometheater.com.br\/portal\/wp-content\/uploads\/2022\/06\/assine_ht_01.png","contentUrl":"https:\/\/www.hometheater.com.br\/portal\/wp-content\/uploads\/2022\/06\/assine_ht_01.png","width":800,"height":254,"caption":"Home Theater"},"image":{"@id":"https:\/\/www.hometheater.com.br\/portal\/#\/schema\/logo\/image\/"},"sameAs":["https:\/\/web.facebook.com\/revistahometheater","https:\/\/x.com\/hometheaterbr"]},{"@type":"Person","@id":"https:\/\/www.hometheater.com.br\/portal\/#\/schema\/person\/3b6bd5a9e2a6c4197c7b98dd7a733d22","name":"Revista Home Theater &amp; Casa Digital","image":{"@type":"ImageObject","inLanguage":"pt-BR","@id":"https:\/\/www.hometheater.com.br\/portal\/#\/schema\/person\/image\/","url":"https:\/\/secure.gravatar.com\/avatar\/fd86f33d841f0f43adcc1665dd80ca740e028af4297e20d3444f9335092a6ee7?s=96&d=mm&r=g","contentUrl":"https:\/\/secure.gravatar.com\/avatar\/fd86f33d841f0f43adcc1665dd80ca740e028af4297e20d3444f9335092a6ee7?s=96&d=mm&r=g","caption":"Revista Home Theater &amp; Casa Digital"},"url":"https:\/\/www.hometheater.com.br\/portal\/author\/flavio\/"}]}},"_links":{"self":[{"href":"https:\/\/www.hometheater.com.br\/portal\/wp-json\/wp\/v2\/posts\/30489","targetHints":{"allow":["GET"]}}],"collection":[{"href":"https:\/\/www.hometheater.com.br\/portal\/wp-json\/wp\/v2\/posts"}],"about":[{"href":"https:\/\/www.hometheater.com.br\/portal\/wp-json\/wp\/v2\/types\/post"}],"author":[{"embeddable":true,"href":"https:\/\/www.hometheater.com.br\/portal\/wp-json\/wp\/v2\/users\/1"}],"replies":[{"embeddable":true,"href":"https:\/\/www.hometheater.com.br\/portal\/wp-json\/wp\/v2\/comments?post=30489"}],"version-history":[{"count":0,"href":"https:\/\/www.hometheater.com.br\/portal\/wp-json\/wp\/v2\/posts\/30489\/revisions"}],"wp:featuredmedia":[{"embeddable":true,"href":"https:\/\/www.hometheater.com.br\/portal\/wp-json\/wp\/v2\/media\/30490"}],"wp:attachment":[{"href":"https:\/\/www.hometheater.com.br\/portal\/wp-json\/wp\/v2\/media?parent=30489"}],"wp:term":[{"taxonomy":"category","embeddable":true,"href":"https:\/\/www.hometheater.com.br\/portal\/wp-json\/wp\/v2\/categories?post=30489"},{"taxonomy":"post_tag","embeddable":true,"href":"https:\/\/www.hometheater.com.br\/portal\/wp-json\/wp\/v2\/tags?post=30489"}],"curies":[{"name":"wp","href":"https:\/\/api.w.org\/{rel}","templated":true}]}}