{"id":2772,"date":"2017-07-05T11:01:58","date_gmt":"2017-07-05T11:01:58","guid":{"rendered":"http:\/\/revistahometheater.uol.com.br\/portal\/?p=2772"},"modified":"2018-07-31T20:25:54","modified_gmt":"2018-07-31T20:25:54","slug":"fones-de-ouvido-e-saude-auditiva","status":"publish","type":"post","link":"https:\/\/www.hometheater.com.br\/portal\/2017\/07\/05\/fones-de-ouvido-e-saude-auditiva\/","title":{"rendered":"Fones de ouvido e a sa\u00fade auditiva"},"content":{"rendered":"<p><img loading=\"lazy\" decoding=\"async\" class=\"aligncenter size-full wp-image-2773\" src=\"http:\/\/revistahometheater.uol.com.br\/portal\/wp-content\/uploads\/2017\/07\/fones1.jpg\" alt=\"\" width=\"800\" height=\"514\" srcset=\"https:\/\/www.hometheater.com.br\/portal\/wp-content\/uploads\/2017\/07\/fones1.jpg 800w, https:\/\/www.hometheater.com.br\/portal\/wp-content\/uploads\/2017\/07\/fones1-400x257.jpg 400w, https:\/\/www.hometheater.com.br\/portal\/wp-content\/uploads\/2017\/07\/fones1-500x321.jpg 500w, https:\/\/www.hometheater.com.br\/portal\/wp-content\/uploads\/2017\/07\/fones1-300x193.jpg 300w, https:\/\/www.hometheater.com.br\/portal\/wp-content\/uploads\/2017\/07\/fones1-768x493.jpg 768w, https:\/\/www.hometheater.com.br\/portal\/wp-content\/uploads\/2017\/07\/fones1-50x32.jpg 50w\" sizes=\"auto, (max-width: 800px) 100vw, 800px\" \/><\/p>\n<a href=\"#\" target=\"_self\" class=\"buttons btn_blue left\"><span class=\"left\">Por Alexandre Algranti*<\/span><\/a>\n<p><b>Alexandre Algranti \u00e9 o Chief Headphone Officer do site\u00a0<a href=\"http:\/\/fonesdeouvido.com.br\/\" target=\"_blank\" rel=\"noopener\" data-saferedirecturl=\"https:\/\/www.google.com\/url?hl=pt-BR&amp;q=http:\/\/fonesdeouvido.com.br&amp;source=gmail&amp;ust=1533149937818000&amp;usg=AFQjCNHopNVmYZpZ4AqVmsnNf6CPS0k-gA\">fonesdeouvido.com.br<\/a>. Leitores deste blog tem 10% de desconto em qualquer compra no site com o c\u00f3digo HT2018.<\/b><\/p>\n<p>O sil\u00eancio \u00e9 um luxo e o mundo moderno agride constantemente nossos ouvidos. Atividades simples como guiar o carro com o vidro fechado, procurar trabalhar nas \u00e1reas mais isoladas do escrit\u00f3rio ou da casa, controlar o volume da televis\u00e3o e inserir tubos de espuma macia nos ouvidos na hora do metr\u00f4, do v\u00f4o, do jogo, show ou da\u00a0balada, ajudam a diminuir o impacto dessas agress\u00f5es.<\/p><div class=\"homet-conteudo\" style=\"text-align: center;\" id=\"homet-3455591600\"><div data-cfpa=\"35734\" data-cfpw=\"35734\" id=\"homet-2142658367\"><a data-no-instant=\"1\" href=\"https:\/\/www.harmanluxuryaudio.com\/\" rel=\"noopener\" class=\"a2t-link\" aria-label=\"ARCAM-SA45-BANNER-NEWSLETTER\"><img loading=\"lazy\" decoding=\"async\" src=\"https:\/\/www.hometheater.com.br\/portal\/wp-content\/uploads\/2025\/09\/ARCAM-SA45-BANNER-NEWSLETTER.gif\" alt=\"\"  class=\"no-lazyload\" width=\"300\" height=\"250\"   \/><\/a><\/div><h6><span style=\"color: #808080;\"><em>Publicidade<\/em><\/span><\/h6>\r\n<\/br><script type=\"text\/javascript\">;new advadsCfpAd( 35734 );<\/script><\/div>\n<p>J\u00e1 protetores auriculares industriais s\u00e3o essenciais para praticantes de instrumentos amplificados, al\u00e9m de entusiastas de m\u00fasica ao vivo,\u00a0esportes automotivos e tiro esportivo. Sistemas de cancelamento ativo de ru\u00eddo, por sua vez, criam um santu\u00e1rio sint\u00e9tico em aeronaves, trens e locais movimentados e reduzem muito o estresse de viajar a trabalho.<\/p>\n<p><strong>F\u00edsica e fisiologia<\/strong><\/p>\n<p>O som pode ser descrito como a propaga\u00e7\u00e3o de um dist\u00farbio na press\u00e3o atmosf\u00e9rica, que ao n\u00edvel do mar mede aproximadamente 100 K Pascal, unidade que homenageia Blaise Pascal (1623-1662), o Santo Padroeiro da Barometria.<\/p>\n<p>Um ouvido humano saud\u00e1vel come\u00e7a a detectar varia\u00e7\u00f5es a partir de 20 \u00b5 Pascal, valor este definido como o zero em uma escala logar\u00edtmica de intensidade de press\u00e3o sonora expressa em decib\u00e9is (dB) SPL (\u201cSound Pressure Level\u201d, n\u00edvel de press\u00e3o sonora) .<\/p>\n<p>Este mesmo ouvido, por\u00e9m, come\u00e7a a entrar em colapso quando a varia\u00e7\u00e3o de\u00a0press\u00e3o aumenta 1 milh\u00e3o de vezes e atinge os 120 dB SPL do famigerado \u201climiar da dor\u201d. Aquele &#8220;apito&#8221; ou &#8220;zumbido&#8221; no ouvido que sucede a um show ou noitada \u2013 denominado &#8220;tinitus&#8221;, na literatura m\u00e9dica \u2013 sinaliza que chegamos perigosamente perto deste limiar e que tamb\u00e9m j\u00e1 causamos um dano irrevers\u00edvel \u00e0 audi\u00e7\u00e3o.<\/p>\n<p>Devido a sua proximidade f\u00edsica com os t\u00edmpanos, os fones de ouvido podem atingir picos de press\u00e3o sonora que, se n\u00e3o controlados, v\u00e3o danificando gradativamente o sistema auditivo como um todo. Como n\u00e3o \u00e9 f\u00e1cil medir o n\u00edvel de SPL gerado por um fone de ouvido fora do laborat\u00f3rio, a primeira e talvez a \u00fanica dica para manter a sua sa\u00fade auditiva ao utilizar fones de ouvido \u00e9 usar o velho e bom senso.<\/p>\n<p>Por mais paradoxal que soe, deve-se poder ouvir alguns sons externos ao se utilizar fones de ouvido, tais como a campainha da casa ou do telefone, al\u00e9m obviamente do som do tr\u00e2nsito e demais atividades que ocorrem nas ruas. Ent\u00e3o, deve-se aumentar o volume gradativamente a partir do zero at\u00e9 se obter um n\u00edvel de conforto que n\u00e3o comprometa nem a sua audi\u00e7\u00e3o nem a sua seguran\u00e7a f\u00edsica e a de terceiros.<\/p>\n<p><img loading=\"lazy\" decoding=\"async\" class=\"aligncenter size-full wp-image-2774\" src=\"http:\/\/revistahometheater.uol.com.br\/portal\/wp-content\/uploads\/2017\/07\/fones2.jpg\" alt=\"\" width=\"800\" height=\"586\" srcset=\"https:\/\/www.hometheater.com.br\/portal\/wp-content\/uploads\/2017\/07\/fones2.jpg 800w, https:\/\/www.hometheater.com.br\/portal\/wp-content\/uploads\/2017\/07\/fones2-400x293.jpg 400w, https:\/\/www.hometheater.com.br\/portal\/wp-content\/uploads\/2017\/07\/fones2-500x366.jpg 500w, https:\/\/www.hometheater.com.br\/portal\/wp-content\/uploads\/2017\/07\/fones2-300x220.jpg 300w, https:\/\/www.hometheater.com.br\/portal\/wp-content\/uploads\/2017\/07\/fones2-768x563.jpg 768w, https:\/\/www.hometheater.com.br\/portal\/wp-content\/uploads\/2017\/07\/fones2-50x37.jpg 50w\" sizes=\"auto, (max-width: 800px) 100vw, 800px\" \/><\/p>\n<p>Outro motivo para se limitar o volume est\u00e1 no reflexo do m\u00fasculo estap\u00e9dio, localizado no ouvido m\u00e9dio e que controla as vibra\u00e7\u00f5es do estribo, que come\u00e7a a se tensionar a partir de 90dB SPL para proteger a audi\u00e7\u00e3o, reflexo este que introduz distor\u00e7\u00f5es na sensa\u00e7\u00e3o dos sons recebidos.<\/p>\n<p>Um cuidado especial deve ser tomado com os fones do tipo in-ear, pois ao serem introduzidos no canal auditivo podem causar irrita\u00e7\u00f5es ou mesmo infec\u00e7\u00f5es. Fones in-ear de boa qualidade v\u00eam com ponteiras destac\u00e1veis que podem ser higienizadas com \u00e1gua e detergente leve, al\u00e9m de serem vendidas \u00e0\u00a0parte. J\u00e1 os fones com certifica\u00e7\u00f5es de prova d\u2019\u00e1gua, como a certifica\u00e7\u00e3o IPX5, permitem lavar os fones com \u00e1gua corrente por\u00e9m no sentido perpendicular ao eixo ac\u00fastico dos mesmos.<\/p>\n<p>Finalmente, visite o seu otorrinolaringologista regularmente e realize uma audiometria pelo menos uma vez a cada tr\u00eas anos. Este exame levanta a resposta de frequ\u00eancia do seu sistema auditivo e permite identificar as perdas nas diferentes faixas, alertando poss\u00edveis excessos e indicando o caminho de poss\u00edveis tratamentos.<\/p>\n<p>Com arquivos de \u00e1udio codificados em LPCM, n\u00edveis moderados de SPL e fones higienizados, voc\u00ea tem tudo para usufruir da mais vital das artes por anos a fio.<\/p>\n<p>Por \u00faltimo, e como com os demais prazeres da vida moderna, aprecie com modera\u00e7\u00e3o.<\/p>\n<p><strong>*<b>Alexandre Algranti \u00e9 o Chief Headphone Officer do site\u00a0<a href=\"http:\/\/fonesdeouvido.com.br\/\" target=\"_blank\" rel=\"noopener\" data-saferedirecturl=\"https:\/\/www.google.com\/url?hl=pt-BR&amp;q=http:\/\/fonesdeouvido.com.br&amp;source=gmail&amp;ust=1533144558243000&amp;usg=AFQjCNEV1IqeuGxS8PW1iRaaquRMKXW9YQ\">fonesdeouvido.com.br<\/a>. Leitores deste blog tem 10% de desconto em qualquer compra no site com o c\u00f3digo HT2018.<\/b><\/strong><\/p>\n","protected":false},"excerpt":{"rendered":"<p>Alexandre Algranti \u00e9 o Chief Headphone Officer do site\u00a0fonesdeouvido.com.br. Leitores deste blog tem 10% de desconto em qualquer compra no site com o c\u00f3digo HT2018.<\/p>\n","protected":false},"author":1,"featured_media":2773,"comment_status":"open","ping_status":"open","sticky":false,"template":"","format":"standard","meta":{"footnotes":""},"categories":[21,3],"tags":[],"class_list":["post-2772","post","type-post","status-publish","format-standard","has-post-thumbnail","hentry","category-fones-de-ouvido","category-artigos"],"yoast_head":"<!-- This site is optimized with the Yoast SEO plugin v25.7 - https:\/\/yoast.com\/wordpress\/plugins\/seo\/ -->\n<title>Fones de ouvido e a sa\u00fade auditiva - HT &amp; Casa Digital<\/title>\n<meta name=\"robots\" content=\"index, follow, max-snippet:-1, max-image-preview:large, max-video-preview:-1\" \/>\n<link rel=\"canonical\" href=\"https:\/\/www.hometheater.com.br\/portal\/2017\/07\/05\/fones-de-ouvido-e-saude-auditiva\/\" \/>\n<meta property=\"og:locale\" content=\"pt_BR\" \/>\n<meta property=\"og:type\" content=\"article\" \/>\n<meta property=\"og:title\" content=\"Fones de ouvido e a sa\u00fade auditiva - HT &amp; Casa Digital\" \/>\n<meta property=\"og:description\" content=\"Alexandre Algranti \u00e9 o Chief Headphone Officer do site\u00a0fonesdeouvido.com.br. Leitores deste blog tem 10% de desconto em qualquer compra no site com o c\u00f3digo HT2018.\" \/>\n<meta property=\"og:url\" content=\"https:\/\/www.hometheater.com.br\/portal\/2017\/07\/05\/fones-de-ouvido-e-saude-auditiva\/\" \/>\n<meta property=\"og:site_name\" content=\"HT &amp; Casa Digital\" \/>\n<meta property=\"article:publisher\" content=\"https:\/\/web.facebook.com\/revistahometheater\" \/>\n<meta property=\"article:published_time\" content=\"2017-07-05T11:01:58+00:00\" \/>\n<meta property=\"article:modified_time\" content=\"2018-07-31T20:25:54+00:00\" \/>\n<meta property=\"og:image\" content=\"https:\/\/www.hometheater.com.br\/portal\/wp-content\/uploads\/2017\/07\/fones1.jpg\" \/>\n\t<meta property=\"og:image:width\" content=\"800\" \/>\n\t<meta property=\"og:image:height\" content=\"514\" \/>\n\t<meta property=\"og:image:type\" content=\"image\/jpeg\" \/>\n<meta name=\"author\" content=\"Revista Home Theater &amp; Casa Digital\" \/>\n<meta name=\"twitter:card\" content=\"summary_large_image\" \/>\n<meta name=\"twitter:creator\" content=\"@hometheaterbr\" \/>\n<meta name=\"twitter:site\" content=\"@hometheaterbr\" \/>\n<meta name=\"twitter:label1\" content=\"Escrito por\" \/>\n\t<meta name=\"twitter:data1\" content=\"Revista Home Theater &amp; Casa Digital\" \/>\n\t<meta name=\"twitter:label2\" content=\"Est. tempo de leitura\" \/>\n\t<meta name=\"twitter:data2\" content=\"4 minutos\" \/>\n<script type=\"application\/ld+json\" class=\"yoast-schema-graph\">{\"@context\":\"https:\/\/schema.org\",\"@graph\":[{\"@type\":\"Article\",\"@id\":\"https:\/\/www.hometheater.com.br\/portal\/2017\/07\/05\/fones-de-ouvido-e-saude-auditiva\/#article\",\"isPartOf\":{\"@id\":\"https:\/\/www.hometheater.com.br\/portal\/2017\/07\/05\/fones-de-ouvido-e-saude-auditiva\/\"},\"author\":{\"name\":\"Revista Home Theater &amp; Casa Digital\",\"@id\":\"https:\/\/www.hometheater.com.br\/portal\/#\/schema\/person\/3b6bd5a9e2a6c4197c7b98dd7a733d22\"},\"headline\":\"Fones de ouvido e a sa\u00fade auditiva\",\"datePublished\":\"2017-07-05T11:01:58+00:00\",\"dateModified\":\"2018-07-31T20:25:54+00:00\",\"mainEntityOfPage\":{\"@id\":\"https:\/\/www.hometheater.com.br\/portal\/2017\/07\/05\/fones-de-ouvido-e-saude-auditiva\/\"},\"wordCount\":759,\"commentCount\":0,\"publisher\":{\"@id\":\"https:\/\/www.hometheater.com.br\/portal\/#organization\"},\"image\":{\"@id\":\"https:\/\/www.hometheater.com.br\/portal\/2017\/07\/05\/fones-de-ouvido-e-saude-auditiva\/#primaryimage\"},\"thumbnailUrl\":\"https:\/\/www.hometheater.com.br\/portal\/wp-content\/uploads\/2017\/07\/fones1.jpg\",\"articleSection\":[\"Fones de ouvido\",\"TEND\u00caNCIAS\"],\"inLanguage\":\"pt-BR\",\"potentialAction\":[{\"@type\":\"CommentAction\",\"name\":\"Comment\",\"target\":[\"https:\/\/www.hometheater.com.br\/portal\/2017\/07\/05\/fones-de-ouvido-e-saude-auditiva\/#respond\"]}]},{\"@type\":\"WebPage\",\"@id\":\"https:\/\/www.hometheater.com.br\/portal\/2017\/07\/05\/fones-de-ouvido-e-saude-auditiva\/\",\"url\":\"https:\/\/www.hometheater.com.br\/portal\/2017\/07\/05\/fones-de-ouvido-e-saude-auditiva\/\",\"name\":\"Fones de ouvido e a sa\u00fade auditiva - HT &amp; Casa Digital\",\"isPartOf\":{\"@id\":\"https:\/\/www.hometheater.com.br\/portal\/#website\"},\"primaryImageOfPage\":{\"@id\":\"https:\/\/www.hometheater.com.br\/portal\/2017\/07\/05\/fones-de-ouvido-e-saude-auditiva\/#primaryimage\"},\"image\":{\"@id\":\"https:\/\/www.hometheater.com.br\/portal\/2017\/07\/05\/fones-de-ouvido-e-saude-auditiva\/#primaryimage\"},\"thumbnailUrl\":\"https:\/\/www.hometheater.com.br\/portal\/wp-content\/uploads\/2017\/07\/fones1.jpg\",\"datePublished\":\"2017-07-05T11:01:58+00:00\",\"dateModified\":\"2018-07-31T20:25:54+00:00\",\"breadcrumb\":{\"@id\":\"https:\/\/www.hometheater.com.br\/portal\/2017\/07\/05\/fones-de-ouvido-e-saude-auditiva\/#breadcrumb\"},\"inLanguage\":\"pt-BR\",\"potentialAction\":[{\"@type\":\"ReadAction\",\"target\":[\"https:\/\/www.hometheater.com.br\/portal\/2017\/07\/05\/fones-de-ouvido-e-saude-auditiva\/\"]}]},{\"@type\":\"ImageObject\",\"inLanguage\":\"pt-BR\",\"@id\":\"https:\/\/www.hometheater.com.br\/portal\/2017\/07\/05\/fones-de-ouvido-e-saude-auditiva\/#primaryimage\",\"url\":\"https:\/\/www.hometheater.com.br\/portal\/wp-content\/uploads\/2017\/07\/fones1.jpg\",\"contentUrl\":\"https:\/\/www.hometheater.com.br\/portal\/wp-content\/uploads\/2017\/07\/fones1.jpg\",\"width\":800,\"height\":514},{\"@type\":\"BreadcrumbList\",\"@id\":\"https:\/\/www.hometheater.com.br\/portal\/2017\/07\/05\/fones-de-ouvido-e-saude-auditiva\/#breadcrumb\",\"itemListElement\":[{\"@type\":\"ListItem\",\"position\":1,\"name\":\"In\u00edcio\",\"item\":\"https:\/\/www.hometheater.com.br\/portal\/\"},{\"@type\":\"ListItem\",\"position\":2,\"name\":\"Fones de ouvido e a sa\u00fade auditiva\"}]},{\"@type\":\"WebSite\",\"@id\":\"https:\/\/www.hometheater.com.br\/portal\/#website\",\"url\":\"https:\/\/www.hometheater.com.br\/portal\/\",\"name\":\"HT &amp; Casa Digital\",\"description\":\"O mundo digital em sua casa\",\"publisher\":{\"@id\":\"https:\/\/www.hometheater.com.br\/portal\/#organization\"},\"potentialAction\":[{\"@type\":\"SearchAction\",\"target\":{\"@type\":\"EntryPoint\",\"urlTemplate\":\"https:\/\/www.hometheater.com.br\/portal\/?s={search_term_string}\"},\"query-input\":{\"@type\":\"PropertyValueSpecification\",\"valueRequired\":true,\"valueName\":\"search_term_string\"}}],\"inLanguage\":\"pt-BR\"},{\"@type\":\"Organization\",\"@id\":\"https:\/\/www.hometheater.com.br\/portal\/#organization\",\"name\":\"Home Theater\",\"url\":\"https:\/\/www.hometheater.com.br\/portal\/\",\"logo\":{\"@type\":\"ImageObject\",\"inLanguage\":\"pt-BR\",\"@id\":\"https:\/\/www.hometheater.com.br\/portal\/#\/schema\/logo\/image\/\",\"url\":\"https:\/\/www.hometheater.com.br\/portal\/wp-content\/uploads\/2022\/06\/assine_ht_01.png\",\"contentUrl\":\"https:\/\/www.hometheater.com.br\/portal\/wp-content\/uploads\/2022\/06\/assine_ht_01.png\",\"width\":800,\"height\":254,\"caption\":\"Home Theater\"},\"image\":{\"@id\":\"https:\/\/www.hometheater.com.br\/portal\/#\/schema\/logo\/image\/\"},\"sameAs\":[\"https:\/\/web.facebook.com\/revistahometheater\",\"https:\/\/x.com\/hometheaterbr\"]},{\"@type\":\"Person\",\"@id\":\"https:\/\/www.hometheater.com.br\/portal\/#\/schema\/person\/3b6bd5a9e2a6c4197c7b98dd7a733d22\",\"name\":\"Revista Home Theater &amp; Casa Digital\",\"image\":{\"@type\":\"ImageObject\",\"inLanguage\":\"pt-BR\",\"@id\":\"https:\/\/www.hometheater.com.br\/portal\/#\/schema\/person\/image\/\",\"url\":\"https:\/\/secure.gravatar.com\/avatar\/fd86f33d841f0f43adcc1665dd80ca740e028af4297e20d3444f9335092a6ee7?s=96&d=mm&r=g\",\"contentUrl\":\"https:\/\/secure.gravatar.com\/avatar\/fd86f33d841f0f43adcc1665dd80ca740e028af4297e20d3444f9335092a6ee7?s=96&d=mm&r=g\",\"caption\":\"Revista Home Theater &amp; Casa Digital\"},\"url\":\"https:\/\/www.hometheater.com.br\/portal\/author\/flavio\/\"}]}<\/script>\n<!-- \/ Yoast SEO plugin. -->","yoast_head_json":{"title":"Fones de ouvido e a sa\u00fade auditiva - HT &amp; Casa Digital","robots":{"index":"index","follow":"follow","max-snippet":"max-snippet:-1","max-image-preview":"max-image-preview:large","max-video-preview":"max-video-preview:-1"},"canonical":"https:\/\/www.hometheater.com.br\/portal\/2017\/07\/05\/fones-de-ouvido-e-saude-auditiva\/","og_locale":"pt_BR","og_type":"article","og_title":"Fones de ouvido e a sa\u00fade auditiva - HT &amp; Casa Digital","og_description":"Alexandre Algranti \u00e9 o Chief Headphone Officer do site\u00a0fonesdeouvido.com.br. Leitores deste blog tem 10% de desconto em qualquer compra no site com o c\u00f3digo HT2018.","og_url":"https:\/\/www.hometheater.com.br\/portal\/2017\/07\/05\/fones-de-ouvido-e-saude-auditiva\/","og_site_name":"HT &amp; Casa Digital","article_publisher":"https:\/\/web.facebook.com\/revistahometheater","article_published_time":"2017-07-05T11:01:58+00:00","article_modified_time":"2018-07-31T20:25:54+00:00","og_image":[{"width":800,"height":514,"url":"https:\/\/www.hometheater.com.br\/portal\/wp-content\/uploads\/2017\/07\/fones1.jpg","type":"image\/jpeg"}],"author":"Revista Home Theater &amp; Casa Digital","twitter_card":"summary_large_image","twitter_creator":"@hometheaterbr","twitter_site":"@hometheaterbr","twitter_misc":{"Escrito por":"Revista Home Theater &amp; Casa Digital","Est. tempo de leitura":"4 minutos"},"schema":{"@context":"https:\/\/schema.org","@graph":[{"@type":"Article","@id":"https:\/\/www.hometheater.com.br\/portal\/2017\/07\/05\/fones-de-ouvido-e-saude-auditiva\/#article","isPartOf":{"@id":"https:\/\/www.hometheater.com.br\/portal\/2017\/07\/05\/fones-de-ouvido-e-saude-auditiva\/"},"author":{"name":"Revista Home Theater &amp; Casa Digital","@id":"https:\/\/www.hometheater.com.br\/portal\/#\/schema\/person\/3b6bd5a9e2a6c4197c7b98dd7a733d22"},"headline":"Fones de ouvido e a sa\u00fade auditiva","datePublished":"2017-07-05T11:01:58+00:00","dateModified":"2018-07-31T20:25:54+00:00","mainEntityOfPage":{"@id":"https:\/\/www.hometheater.com.br\/portal\/2017\/07\/05\/fones-de-ouvido-e-saude-auditiva\/"},"wordCount":759,"commentCount":0,"publisher":{"@id":"https:\/\/www.hometheater.com.br\/portal\/#organization"},"image":{"@id":"https:\/\/www.hometheater.com.br\/portal\/2017\/07\/05\/fones-de-ouvido-e-saude-auditiva\/#primaryimage"},"thumbnailUrl":"https:\/\/www.hometheater.com.br\/portal\/wp-content\/uploads\/2017\/07\/fones1.jpg","articleSection":["Fones de ouvido","TEND\u00caNCIAS"],"inLanguage":"pt-BR","potentialAction":[{"@type":"CommentAction","name":"Comment","target":["https:\/\/www.hometheater.com.br\/portal\/2017\/07\/05\/fones-de-ouvido-e-saude-auditiva\/#respond"]}]},{"@type":"WebPage","@id":"https:\/\/www.hometheater.com.br\/portal\/2017\/07\/05\/fones-de-ouvido-e-saude-auditiva\/","url":"https:\/\/www.hometheater.com.br\/portal\/2017\/07\/05\/fones-de-ouvido-e-saude-auditiva\/","name":"Fones de ouvido e a sa\u00fade auditiva - HT &amp; Casa Digital","isPartOf":{"@id":"https:\/\/www.hometheater.com.br\/portal\/#website"},"primaryImageOfPage":{"@id":"https:\/\/www.hometheater.com.br\/portal\/2017\/07\/05\/fones-de-ouvido-e-saude-auditiva\/#primaryimage"},"image":{"@id":"https:\/\/www.hometheater.com.br\/portal\/2017\/07\/05\/fones-de-ouvido-e-saude-auditiva\/#primaryimage"},"thumbnailUrl":"https:\/\/www.hometheater.com.br\/portal\/wp-content\/uploads\/2017\/07\/fones1.jpg","datePublished":"2017-07-05T11:01:58+00:00","dateModified":"2018-07-31T20:25:54+00:00","breadcrumb":{"@id":"https:\/\/www.hometheater.com.br\/portal\/2017\/07\/05\/fones-de-ouvido-e-saude-auditiva\/#breadcrumb"},"inLanguage":"pt-BR","potentialAction":[{"@type":"ReadAction","target":["https:\/\/www.hometheater.com.br\/portal\/2017\/07\/05\/fones-de-ouvido-e-saude-auditiva\/"]}]},{"@type":"ImageObject","inLanguage":"pt-BR","@id":"https:\/\/www.hometheater.com.br\/portal\/2017\/07\/05\/fones-de-ouvido-e-saude-auditiva\/#primaryimage","url":"https:\/\/www.hometheater.com.br\/portal\/wp-content\/uploads\/2017\/07\/fones1.jpg","contentUrl":"https:\/\/www.hometheater.com.br\/portal\/wp-content\/uploads\/2017\/07\/fones1.jpg","width":800,"height":514},{"@type":"BreadcrumbList","@id":"https:\/\/www.hometheater.com.br\/portal\/2017\/07\/05\/fones-de-ouvido-e-saude-auditiva\/#breadcrumb","itemListElement":[{"@type":"ListItem","position":1,"name":"In\u00edcio","item":"https:\/\/www.hometheater.com.br\/portal\/"},{"@type":"ListItem","position":2,"name":"Fones de ouvido e a sa\u00fade auditiva"}]},{"@type":"WebSite","@id":"https:\/\/www.hometheater.com.br\/portal\/#website","url":"https:\/\/www.hometheater.com.br\/portal\/","name":"HT &amp; Casa Digital","description":"O mundo digital em sua casa","publisher":{"@id":"https:\/\/www.hometheater.com.br\/portal\/#organization"},"potentialAction":[{"@type":"SearchAction","target":{"@type":"EntryPoint","urlTemplate":"https:\/\/www.hometheater.com.br\/portal\/?s={search_term_string}"},"query-input":{"@type":"PropertyValueSpecification","valueRequired":true,"valueName":"search_term_string"}}],"inLanguage":"pt-BR"},{"@type":"Organization","@id":"https:\/\/www.hometheater.com.br\/portal\/#organization","name":"Home Theater","url":"https:\/\/www.hometheater.com.br\/portal\/","logo":{"@type":"ImageObject","inLanguage":"pt-BR","@id":"https:\/\/www.hometheater.com.br\/portal\/#\/schema\/logo\/image\/","url":"https:\/\/www.hometheater.com.br\/portal\/wp-content\/uploads\/2022\/06\/assine_ht_01.png","contentUrl":"https:\/\/www.hometheater.com.br\/portal\/wp-content\/uploads\/2022\/06\/assine_ht_01.png","width":800,"height":254,"caption":"Home Theater"},"image":{"@id":"https:\/\/www.hometheater.com.br\/portal\/#\/schema\/logo\/image\/"},"sameAs":["https:\/\/web.facebook.com\/revistahometheater","https:\/\/x.com\/hometheaterbr"]},{"@type":"Person","@id":"https:\/\/www.hometheater.com.br\/portal\/#\/schema\/person\/3b6bd5a9e2a6c4197c7b98dd7a733d22","name":"Revista Home Theater &amp; Casa Digital","image":{"@type":"ImageObject","inLanguage":"pt-BR","@id":"https:\/\/www.hometheater.com.br\/portal\/#\/schema\/person\/image\/","url":"https:\/\/secure.gravatar.com\/avatar\/fd86f33d841f0f43adcc1665dd80ca740e028af4297e20d3444f9335092a6ee7?s=96&d=mm&r=g","contentUrl":"https:\/\/secure.gravatar.com\/avatar\/fd86f33d841f0f43adcc1665dd80ca740e028af4297e20d3444f9335092a6ee7?s=96&d=mm&r=g","caption":"Revista Home Theater &amp; Casa Digital"},"url":"https:\/\/www.hometheater.com.br\/portal\/author\/flavio\/"}]}},"_links":{"self":[{"href":"https:\/\/www.hometheater.com.br\/portal\/wp-json\/wp\/v2\/posts\/2772","targetHints":{"allow":["GET"]}}],"collection":[{"href":"https:\/\/www.hometheater.com.br\/portal\/wp-json\/wp\/v2\/posts"}],"about":[{"href":"https:\/\/www.hometheater.com.br\/portal\/wp-json\/wp\/v2\/types\/post"}],"author":[{"embeddable":true,"href":"https:\/\/www.hometheater.com.br\/portal\/wp-json\/wp\/v2\/users\/1"}],"replies":[{"embeddable":true,"href":"https:\/\/www.hometheater.com.br\/portal\/wp-json\/wp\/v2\/comments?post=2772"}],"version-history":[{"count":0,"href":"https:\/\/www.hometheater.com.br\/portal\/wp-json\/wp\/v2\/posts\/2772\/revisions"}],"wp:featuredmedia":[{"embeddable":true,"href":"https:\/\/www.hometheater.com.br\/portal\/wp-json\/wp\/v2\/media\/2773"}],"wp:attachment":[{"href":"https:\/\/www.hometheater.com.br\/portal\/wp-json\/wp\/v2\/media?parent=2772"}],"wp:term":[{"taxonomy":"category","embeddable":true,"href":"https:\/\/www.hometheater.com.br\/portal\/wp-json\/wp\/v2\/categories?post=2772"},{"taxonomy":"post_tag","embeddable":true,"href":"https:\/\/www.hometheater.com.br\/portal\/wp-json\/wp\/v2\/tags?post=2772"}],"curies":[{"name":"wp","href":"https:\/\/api.w.org\/{rel}","templated":true}]}}