{"id":27190,"date":"2023-03-16T08:19:11","date_gmt":"2023-03-16T11:19:11","guid":{"rendered":"https:\/\/www.hometheater.com.br\/portal\/?p=27190"},"modified":"2023-03-22T20:05:58","modified_gmt":"2023-03-22T23:05:58","slug":"frahm-apresenta-novos-produtos-na-hausdecor-show","status":"publish","type":"post","link":"https:\/\/www.hometheater.com.br\/portal\/2023\/03\/16\/frahm-apresenta-novos-produtos-na-hausdecor-show\/","title":{"rendered":"Frahm apresenta novos produtos na HausDecor Show"},"content":{"rendered":"<p><a href=\"https:\/\/www.hometheater.com.br\/portal\/wp-content\/uploads\/2023\/03\/frahm_haus.jpg\"><img loading=\"lazy\" decoding=\"async\" class=\"aligncenter size-full wp-image-27191\" src=\"https:\/\/www.hometheater.com.br\/portal\/wp-content\/uploads\/2023\/03\/frahm_haus.jpg\" alt=\"\" width=\"750\" height=\"517\" srcset=\"https:\/\/www.hometheater.com.br\/portal\/wp-content\/uploads\/2023\/03\/frahm_haus.jpg 750w, https:\/\/www.hometheater.com.br\/portal\/wp-content\/uploads\/2023\/03\/frahm_haus-400x276.jpg 400w, https:\/\/www.hometheater.com.br\/portal\/wp-content\/uploads\/2023\/03\/frahm_haus-500x345.jpg 500w, https:\/\/www.hometheater.com.br\/portal\/wp-content\/uploads\/2023\/03\/frahm_haus-300x207.jpg 300w\" sizes=\"auto, (max-width: 750px) 100vw, 750px\" \/><\/a><\/p>\n<p>Aproveitando a realiza\u00e7\u00e3o do evento\u00a0<a href=\"https:\/\/www.hometheater.com.br\/portal\/2023\/03\/09\/feira-reune-em-sp-empresas-de-automacao-e-revestimentos\/\" target=\"_blank\" rel=\"noopener\" data-saferedirecturl=\"https:\/\/www.google.com\/url?q=https:\/\/www.hometheater.com.br\/portal\/2023\/03\/09\/feira-reune-em-sp-empresas-de-automacao-e-revestimentos\/&amp;source=gmail&amp;ust=1679049565911000&amp;usg=AOvVaw3BLP7FkRaE7uuSk16qZ6EH\"><b>HausDecor Show<\/b><\/a>\u00a0em S\u00e3o Paulo esta semana, a Frahm est\u00e1 apresentando um novo amplificador e um subwoofer de formato slim. Al\u00e9m disso, a fabricante catarinense montou um estande simulando uma sala de estar, com som ambiente integrado ao assistente Alexa.<\/p>\n<p>\u201cO objetivo \u00e9 mostrar as possibilidades da integra\u00e7\u00e3o entre sistemas de som e ilumina\u00e7\u00e3o nos ambientes residenciais\u201d, explica Andr\u00e9 Frahm, gerente de marketing e P&amp;D da Frahm. Esta \u00e9 a primeira vez que a empresa participa de um evento ligado aos setores de automa\u00e7\u00e3o e design de ambientes.<\/p><div class=\"homet-conteudo\" style=\"text-align: center;\" id=\"homet-1155343350\"><div data-cfpa=\"35734\" data-cfpw=\"35734\" id=\"homet-3895009215\"><a data-no-instant=\"1\" href=\"https:\/\/www.harmanluxuryaudio.com\/\" rel=\"noopener\" class=\"a2t-link\" aria-label=\"ARCAM-SA45-BANNER-NEWSLETTER\"><img loading=\"lazy\" decoding=\"async\" src=\"https:\/\/www.hometheater.com.br\/portal\/wp-content\/uploads\/2025\/09\/ARCAM-SA45-BANNER-NEWSLETTER.gif\" alt=\"\"  class=\"no-lazyload\" width=\"300\" height=\"250\"   \/><\/a><\/div><h6><span style=\"color: #808080;\"><em>Publicidade<\/em><\/span><\/h6>\r\n<\/br><script type=\"text\/javascript\">;new advadsCfpAd( 35734 );<\/script><\/div>\n<p>No estande da Frahm (foto), o visitante pode ainda ouvir demonstra\u00e7\u00f5es dos dois novos produtos. O amplificador Home Sense HSI 60.2, de 60W RMS em est\u00e9reo, pode ser integrado a sistemas de automa\u00e7\u00e3o atrav\u00e9s do conector LAN; segundo a Frahm, tamb\u00e9m pode ser usado para multiroom usando conex\u00e3o Wi-Fi com aplicativo pr\u00f3prio.<\/p>\n<p>J\u00e1 o subwoofer HS SW Slim, de 30W, tem perfil mais fino que os modelos convencionais, permitindo instala\u00e7\u00e3o at\u00e9 mesmo em ambientes pequenos. Pode ser montado na vertical ou na horizontal. Mais informa\u00e7\u00f5es sobre a linha de produtos Frahm,\u00a0<b><a href=\"https:\/\/frahm.com.br\/\" target=\"_blank\" rel=\"noopener\" data-saferedirecturl=\"https:\/\/www.google.com\/url?q=https:\/\/frahm.com.br&amp;source=gmail&amp;ust=1679049565912000&amp;usg=AOvVaw2Rw9DDLfy5trSi0rCyB-Vb\">neste link<\/a>.<\/b><\/p>\n<p>O evento HausDecor Show &#8211; que tem apoio da revista HOME THEATER &amp; CASA DIGITAL &#8211; acontece at\u00e9 6a feira (17\/03) no S\u00e3o Paulo Expo. Nesta 5a, o espa\u00e7o estar\u00e1 aberto ao p\u00fablico das 10h \u00e0s 19h; na 6a, fecha \u00e0s 17h. Para mais informa\u00e7\u00f5es, acesse o\u00a0<b><a href=\"https:\/\/www.hausdecorshow.com.br\/\" target=\"_blank\" rel=\"noopener\" data-saferedirecturl=\"https:\/\/www.google.com\/url?q=https:\/\/www.hausdecorshow.com.br&amp;source=gmail&amp;ust=1679049565912000&amp;usg=AOvVaw3HTjNLVdx5_HJl2pfCsLY-\">site oficial do evento<\/a>.\u00a0<\/b><\/p>\n<p><b>FONTE: Frahm<\/b><\/p>\n<p><b>Temas relacionados:<\/b><\/p>\n<p><a href=\"https:\/\/www.hometheater.com.br\/portal\/2022\/10\/07\/amplificador-de-parede-frahm-vem-com-painel-de-toque\/\" target=\"_blank\" rel=\"noopener\" data-saferedirecturl=\"https:\/\/www.google.com\/url?q=https:\/\/www.hometheater.com.br\/portal\/2022\/10\/07\/amplificador-de-parede-frahm-vem-com-painel-de-toque\/&amp;source=gmail&amp;ust=1679049565912000&amp;usg=AOvVaw3ENQ2AZ38mZ4JB17ftdKay\"><b>Amplificador de parede Frahm vem com painel de toque<\/b><\/a><\/p>\n<p><a href=\"https:\/\/www.hometheater.com.br\/portal\/2022\/02\/17\/veja-nosso-teste-exclusivo-com-o-amplificador-de-streaming-aat\/\" target=\"_blank\" rel=\"noopener\" data-saferedirecturl=\"https:\/\/www.google.com\/url?q=https:\/\/www.hometheater.com.br\/portal\/2022\/02\/17\/veja-nosso-teste-exclusivo-com-o-amplificador-de-streaming-aat\/&amp;source=gmail&amp;ust=1679049565912000&amp;usg=AOvVaw00XZTwS1yzIDnquphGXTCC\"><b>Veja o teste exclusivo do amplificador de streaming AAT<\/b><\/a><\/p>\n<p><a href=\"https:\/\/www.hometheater.com.br\/portal\/2022\/08\/19\/soundsmart-veja-como-funciona-um-sistema-de-streaming-multiroom\/\" target=\"_blank\" rel=\"noopener\" data-saferedirecturl=\"https:\/\/www.google.com\/url?q=https:\/\/www.hometheater.com.br\/portal\/2022\/08\/19\/soundsmart-veja-como-funciona-um-sistema-de-streaming-multiroom\/&amp;source=gmail&amp;ust=1679049565912000&amp;usg=AOvVaw1u--Ot1ezB_EuO4g28L2bV\"><b>SoundSmart: veja como funciona o streaming multiroom<\/b><\/a><\/p>\n<p><a href=\"https:\/\/www.hometheater.com.br\/portal\/2022\/02\/10\/marca-da-nova-zelandia-traz-ao-brasil-solucoes-em-multiroom\/\" target=\"_blank\" rel=\"noopener\" data-saferedirecturl=\"https:\/\/www.google.com\/url?q=https:\/\/www.hometheater.com.br\/portal\/2022\/02\/10\/marca-da-nova-zelandia-traz-ao-brasil-solucoes-em-multiroom\/&amp;source=gmail&amp;ust=1679049565912000&amp;usg=AOvVaw3PXpNLmRwLlRBUcIVDQvYQ\"><b>Marca da Nova Zel\u00e2ndia traz novas solu\u00e7\u00f5es em multiroom<\/b><\/a><\/p>\n","protected":false},"excerpt":{"rendered":"<p>Aproveitando a realiza\u00e7\u00e3o do evento\u00a0HausDecor Show\u00a0em S\u00e3o Paulo esta semana, a Frahm est\u00e1 apresentando um novo amplificador e um subwoofer de formato slim. Al\u00e9m disso,<\/p>\n","protected":false},"author":1,"featured_media":27191,"comment_status":"open","ping_status":"open","sticky":false,"template":"","format":"standard","meta":{"footnotes":""},"categories":[4,24],"tags":[],"class_list":["post-27190","post","type-post","status-publish","format-standard","has-post-thumbnail","hentry","category-noticias","category-smart-home"],"yoast_head":"<!-- This site is optimized with the Yoast SEO plugin v25.7 - https:\/\/yoast.com\/wordpress\/plugins\/seo\/ -->\n<title>Frahm apresenta novos produtos na HausDecor Show - HT &amp; Casa Digital<\/title>\n<meta name=\"robots\" content=\"index, follow, max-snippet:-1, max-image-preview:large, max-video-preview:-1\" \/>\n<link rel=\"canonical\" href=\"https:\/\/www.hometheater.com.br\/portal\/2023\/03\/16\/frahm-apresenta-novos-produtos-na-hausdecor-show\/\" \/>\n<meta property=\"og:locale\" content=\"pt_BR\" \/>\n<meta property=\"og:type\" content=\"article\" \/>\n<meta property=\"og:title\" content=\"Frahm apresenta novos produtos na HausDecor Show - HT &amp; Casa Digital\" \/>\n<meta property=\"og:description\" content=\"Aproveitando a realiza\u00e7\u00e3o do evento\u00a0HausDecor Show\u00a0em S\u00e3o Paulo esta semana, a Frahm est\u00e1 apresentando um novo amplificador e um subwoofer de formato slim. Al\u00e9m disso,\" \/>\n<meta property=\"og:url\" content=\"https:\/\/www.hometheater.com.br\/portal\/2023\/03\/16\/frahm-apresenta-novos-produtos-na-hausdecor-show\/\" \/>\n<meta property=\"og:site_name\" content=\"HT &amp; Casa Digital\" \/>\n<meta property=\"article:publisher\" content=\"https:\/\/web.facebook.com\/revistahometheater\" \/>\n<meta property=\"article:published_time\" content=\"2023-03-16T11:19:11+00:00\" \/>\n<meta property=\"article:modified_time\" content=\"2023-03-22T23:05:58+00:00\" \/>\n<meta property=\"og:image\" content=\"https:\/\/www.hometheater.com.br\/portal\/wp-content\/uploads\/2023\/03\/frahm_haus.jpg\" \/>\n\t<meta property=\"og:image:width\" content=\"750\" \/>\n\t<meta property=\"og:image:height\" content=\"517\" \/>\n\t<meta property=\"og:image:type\" content=\"image\/jpeg\" \/>\n<meta name=\"author\" content=\"Revista Home Theater &amp; Casa Digital\" \/>\n<meta name=\"twitter:card\" content=\"summary_large_image\" \/>\n<meta name=\"twitter:creator\" content=\"@hometheaterbr\" \/>\n<meta name=\"twitter:site\" content=\"@hometheaterbr\" \/>\n<meta name=\"twitter:label1\" content=\"Escrito por\" \/>\n\t<meta name=\"twitter:data1\" content=\"Revista Home Theater &amp; Casa Digital\" \/>\n\t<meta name=\"twitter:label2\" content=\"Est. tempo de leitura\" \/>\n\t<meta name=\"twitter:data2\" content=\"1 minuto\" \/>\n<script type=\"application\/ld+json\" class=\"yoast-schema-graph\">{\"@context\":\"https:\/\/schema.org\",\"@graph\":[{\"@type\":\"Article\",\"@id\":\"https:\/\/www.hometheater.com.br\/portal\/2023\/03\/16\/frahm-apresenta-novos-produtos-na-hausdecor-show\/#article\",\"isPartOf\":{\"@id\":\"https:\/\/www.hometheater.com.br\/portal\/2023\/03\/16\/frahm-apresenta-novos-produtos-na-hausdecor-show\/\"},\"author\":{\"name\":\"Revista Home Theater &amp; Casa Digital\",\"@id\":\"https:\/\/www.hometheater.com.br\/portal\/#\/schema\/person\/3b6bd5a9e2a6c4197c7b98dd7a733d22\"},\"headline\":\"Frahm apresenta novos produtos na HausDecor Show\",\"datePublished\":\"2023-03-16T11:19:11+00:00\",\"dateModified\":\"2023-03-22T23:05:58+00:00\",\"mainEntityOfPage\":{\"@id\":\"https:\/\/www.hometheater.com.br\/portal\/2023\/03\/16\/frahm-apresenta-novos-produtos-na-hausdecor-show\/\"},\"wordCount\":301,\"commentCount\":0,\"publisher\":{\"@id\":\"https:\/\/www.hometheater.com.br\/portal\/#organization\"},\"image\":{\"@id\":\"https:\/\/www.hometheater.com.br\/portal\/2023\/03\/16\/frahm-apresenta-novos-produtos-na-hausdecor-show\/#primaryimage\"},\"thumbnailUrl\":\"https:\/\/www.hometheater.com.br\/portal\/wp-content\/uploads\/2023\/03\/frahm_haus.jpg\",\"articleSection\":[\"NOT\u00cdCIAS\",\"SMART HOME\"],\"inLanguage\":\"pt-BR\",\"potentialAction\":[{\"@type\":\"CommentAction\",\"name\":\"Comment\",\"target\":[\"https:\/\/www.hometheater.com.br\/portal\/2023\/03\/16\/frahm-apresenta-novos-produtos-na-hausdecor-show\/#respond\"]}]},{\"@type\":\"WebPage\",\"@id\":\"https:\/\/www.hometheater.com.br\/portal\/2023\/03\/16\/frahm-apresenta-novos-produtos-na-hausdecor-show\/\",\"url\":\"https:\/\/www.hometheater.com.br\/portal\/2023\/03\/16\/frahm-apresenta-novos-produtos-na-hausdecor-show\/\",\"name\":\"Frahm apresenta novos produtos na HausDecor Show - HT &amp; Casa Digital\",\"isPartOf\":{\"@id\":\"https:\/\/www.hometheater.com.br\/portal\/#website\"},\"primaryImageOfPage\":{\"@id\":\"https:\/\/www.hometheater.com.br\/portal\/2023\/03\/16\/frahm-apresenta-novos-produtos-na-hausdecor-show\/#primaryimage\"},\"image\":{\"@id\":\"https:\/\/www.hometheater.com.br\/portal\/2023\/03\/16\/frahm-apresenta-novos-produtos-na-hausdecor-show\/#primaryimage\"},\"thumbnailUrl\":\"https:\/\/www.hometheater.com.br\/portal\/wp-content\/uploads\/2023\/03\/frahm_haus.jpg\",\"datePublished\":\"2023-03-16T11:19:11+00:00\",\"dateModified\":\"2023-03-22T23:05:58+00:00\",\"breadcrumb\":{\"@id\":\"https:\/\/www.hometheater.com.br\/portal\/2023\/03\/16\/frahm-apresenta-novos-produtos-na-hausdecor-show\/#breadcrumb\"},\"inLanguage\":\"pt-BR\",\"potentialAction\":[{\"@type\":\"ReadAction\",\"target\":[\"https:\/\/www.hometheater.com.br\/portal\/2023\/03\/16\/frahm-apresenta-novos-produtos-na-hausdecor-show\/\"]}]},{\"@type\":\"ImageObject\",\"inLanguage\":\"pt-BR\",\"@id\":\"https:\/\/www.hometheater.com.br\/portal\/2023\/03\/16\/frahm-apresenta-novos-produtos-na-hausdecor-show\/#primaryimage\",\"url\":\"https:\/\/www.hometheater.com.br\/portal\/wp-content\/uploads\/2023\/03\/frahm_haus.jpg\",\"contentUrl\":\"https:\/\/www.hometheater.com.br\/portal\/wp-content\/uploads\/2023\/03\/frahm_haus.jpg\",\"width\":750,\"height\":517},{\"@type\":\"BreadcrumbList\",\"@id\":\"https:\/\/www.hometheater.com.br\/portal\/2023\/03\/16\/frahm-apresenta-novos-produtos-na-hausdecor-show\/#breadcrumb\",\"itemListElement\":[{\"@type\":\"ListItem\",\"position\":1,\"name\":\"In\u00edcio\",\"item\":\"https:\/\/www.hometheater.com.br\/portal\/\"},{\"@type\":\"ListItem\",\"position\":2,\"name\":\"Frahm apresenta novos produtos na HausDecor Show\"}]},{\"@type\":\"WebSite\",\"@id\":\"https:\/\/www.hometheater.com.br\/portal\/#website\",\"url\":\"https:\/\/www.hometheater.com.br\/portal\/\",\"name\":\"HT &amp; Casa Digital\",\"description\":\"O mundo digital em sua casa\",\"publisher\":{\"@id\":\"https:\/\/www.hometheater.com.br\/portal\/#organization\"},\"potentialAction\":[{\"@type\":\"SearchAction\",\"target\":{\"@type\":\"EntryPoint\",\"urlTemplate\":\"https:\/\/www.hometheater.com.br\/portal\/?s={search_term_string}\"},\"query-input\":{\"@type\":\"PropertyValueSpecification\",\"valueRequired\":true,\"valueName\":\"search_term_string\"}}],\"inLanguage\":\"pt-BR\"},{\"@type\":\"Organization\",\"@id\":\"https:\/\/www.hometheater.com.br\/portal\/#organization\",\"name\":\"Home Theater\",\"url\":\"https:\/\/www.hometheater.com.br\/portal\/\",\"logo\":{\"@type\":\"ImageObject\",\"inLanguage\":\"pt-BR\",\"@id\":\"https:\/\/www.hometheater.com.br\/portal\/#\/schema\/logo\/image\/\",\"url\":\"https:\/\/www.hometheater.com.br\/portal\/wp-content\/uploads\/2022\/06\/assine_ht_01.png\",\"contentUrl\":\"https:\/\/www.hometheater.com.br\/portal\/wp-content\/uploads\/2022\/06\/assine_ht_01.png\",\"width\":800,\"height\":254,\"caption\":\"Home Theater\"},\"image\":{\"@id\":\"https:\/\/www.hometheater.com.br\/portal\/#\/schema\/logo\/image\/\"},\"sameAs\":[\"https:\/\/web.facebook.com\/revistahometheater\",\"https:\/\/x.com\/hometheaterbr\"]},{\"@type\":\"Person\",\"@id\":\"https:\/\/www.hometheater.com.br\/portal\/#\/schema\/person\/3b6bd5a9e2a6c4197c7b98dd7a733d22\",\"name\":\"Revista Home Theater &amp; Casa Digital\",\"image\":{\"@type\":\"ImageObject\",\"inLanguage\":\"pt-BR\",\"@id\":\"https:\/\/www.hometheater.com.br\/portal\/#\/schema\/person\/image\/\",\"url\":\"https:\/\/secure.gravatar.com\/avatar\/fd86f33d841f0f43adcc1665dd80ca740e028af4297e20d3444f9335092a6ee7?s=96&d=mm&r=g\",\"contentUrl\":\"https:\/\/secure.gravatar.com\/avatar\/fd86f33d841f0f43adcc1665dd80ca740e028af4297e20d3444f9335092a6ee7?s=96&d=mm&r=g\",\"caption\":\"Revista Home Theater &amp; Casa Digital\"},\"url\":\"https:\/\/www.hometheater.com.br\/portal\/author\/flavio\/\"}]}<\/script>\n<!-- \/ Yoast SEO plugin. -->","yoast_head_json":{"title":"Frahm apresenta novos produtos na HausDecor Show - HT &amp; Casa Digital","robots":{"index":"index","follow":"follow","max-snippet":"max-snippet:-1","max-image-preview":"max-image-preview:large","max-video-preview":"max-video-preview:-1"},"canonical":"https:\/\/www.hometheater.com.br\/portal\/2023\/03\/16\/frahm-apresenta-novos-produtos-na-hausdecor-show\/","og_locale":"pt_BR","og_type":"article","og_title":"Frahm apresenta novos produtos na HausDecor Show - HT &amp; Casa Digital","og_description":"Aproveitando a realiza\u00e7\u00e3o do evento\u00a0HausDecor Show\u00a0em S\u00e3o Paulo esta semana, a Frahm est\u00e1 apresentando um novo amplificador e um subwoofer de formato slim. Al\u00e9m disso,","og_url":"https:\/\/www.hometheater.com.br\/portal\/2023\/03\/16\/frahm-apresenta-novos-produtos-na-hausdecor-show\/","og_site_name":"HT &amp; Casa Digital","article_publisher":"https:\/\/web.facebook.com\/revistahometheater","article_published_time":"2023-03-16T11:19:11+00:00","article_modified_time":"2023-03-22T23:05:58+00:00","og_image":[{"width":750,"height":517,"url":"https:\/\/www.hometheater.com.br\/portal\/wp-content\/uploads\/2023\/03\/frahm_haus.jpg","type":"image\/jpeg"}],"author":"Revista Home Theater &amp; Casa Digital","twitter_card":"summary_large_image","twitter_creator":"@hometheaterbr","twitter_site":"@hometheaterbr","twitter_misc":{"Escrito por":"Revista Home Theater &amp; Casa Digital","Est. tempo de leitura":"1 minuto"},"schema":{"@context":"https:\/\/schema.org","@graph":[{"@type":"Article","@id":"https:\/\/www.hometheater.com.br\/portal\/2023\/03\/16\/frahm-apresenta-novos-produtos-na-hausdecor-show\/#article","isPartOf":{"@id":"https:\/\/www.hometheater.com.br\/portal\/2023\/03\/16\/frahm-apresenta-novos-produtos-na-hausdecor-show\/"},"author":{"name":"Revista Home Theater &amp; Casa Digital","@id":"https:\/\/www.hometheater.com.br\/portal\/#\/schema\/person\/3b6bd5a9e2a6c4197c7b98dd7a733d22"},"headline":"Frahm apresenta novos produtos na HausDecor Show","datePublished":"2023-03-16T11:19:11+00:00","dateModified":"2023-03-22T23:05:58+00:00","mainEntityOfPage":{"@id":"https:\/\/www.hometheater.com.br\/portal\/2023\/03\/16\/frahm-apresenta-novos-produtos-na-hausdecor-show\/"},"wordCount":301,"commentCount":0,"publisher":{"@id":"https:\/\/www.hometheater.com.br\/portal\/#organization"},"image":{"@id":"https:\/\/www.hometheater.com.br\/portal\/2023\/03\/16\/frahm-apresenta-novos-produtos-na-hausdecor-show\/#primaryimage"},"thumbnailUrl":"https:\/\/www.hometheater.com.br\/portal\/wp-content\/uploads\/2023\/03\/frahm_haus.jpg","articleSection":["NOT\u00cdCIAS","SMART HOME"],"inLanguage":"pt-BR","potentialAction":[{"@type":"CommentAction","name":"Comment","target":["https:\/\/www.hometheater.com.br\/portal\/2023\/03\/16\/frahm-apresenta-novos-produtos-na-hausdecor-show\/#respond"]}]},{"@type":"WebPage","@id":"https:\/\/www.hometheater.com.br\/portal\/2023\/03\/16\/frahm-apresenta-novos-produtos-na-hausdecor-show\/","url":"https:\/\/www.hometheater.com.br\/portal\/2023\/03\/16\/frahm-apresenta-novos-produtos-na-hausdecor-show\/","name":"Frahm apresenta novos produtos na HausDecor Show - HT &amp; Casa Digital","isPartOf":{"@id":"https:\/\/www.hometheater.com.br\/portal\/#website"},"primaryImageOfPage":{"@id":"https:\/\/www.hometheater.com.br\/portal\/2023\/03\/16\/frahm-apresenta-novos-produtos-na-hausdecor-show\/#primaryimage"},"image":{"@id":"https:\/\/www.hometheater.com.br\/portal\/2023\/03\/16\/frahm-apresenta-novos-produtos-na-hausdecor-show\/#primaryimage"},"thumbnailUrl":"https:\/\/www.hometheater.com.br\/portal\/wp-content\/uploads\/2023\/03\/frahm_haus.jpg","datePublished":"2023-03-16T11:19:11+00:00","dateModified":"2023-03-22T23:05:58+00:00","breadcrumb":{"@id":"https:\/\/www.hometheater.com.br\/portal\/2023\/03\/16\/frahm-apresenta-novos-produtos-na-hausdecor-show\/#breadcrumb"},"inLanguage":"pt-BR","potentialAction":[{"@type":"ReadAction","target":["https:\/\/www.hometheater.com.br\/portal\/2023\/03\/16\/frahm-apresenta-novos-produtos-na-hausdecor-show\/"]}]},{"@type":"ImageObject","inLanguage":"pt-BR","@id":"https:\/\/www.hometheater.com.br\/portal\/2023\/03\/16\/frahm-apresenta-novos-produtos-na-hausdecor-show\/#primaryimage","url":"https:\/\/www.hometheater.com.br\/portal\/wp-content\/uploads\/2023\/03\/frahm_haus.jpg","contentUrl":"https:\/\/www.hometheater.com.br\/portal\/wp-content\/uploads\/2023\/03\/frahm_haus.jpg","width":750,"height":517},{"@type":"BreadcrumbList","@id":"https:\/\/www.hometheater.com.br\/portal\/2023\/03\/16\/frahm-apresenta-novos-produtos-na-hausdecor-show\/#breadcrumb","itemListElement":[{"@type":"ListItem","position":1,"name":"In\u00edcio","item":"https:\/\/www.hometheater.com.br\/portal\/"},{"@type":"ListItem","position":2,"name":"Frahm apresenta novos produtos na HausDecor Show"}]},{"@type":"WebSite","@id":"https:\/\/www.hometheater.com.br\/portal\/#website","url":"https:\/\/www.hometheater.com.br\/portal\/","name":"HT &amp; Casa Digital","description":"O mundo digital em sua casa","publisher":{"@id":"https:\/\/www.hometheater.com.br\/portal\/#organization"},"potentialAction":[{"@type":"SearchAction","target":{"@type":"EntryPoint","urlTemplate":"https:\/\/www.hometheater.com.br\/portal\/?s={search_term_string}"},"query-input":{"@type":"PropertyValueSpecification","valueRequired":true,"valueName":"search_term_string"}}],"inLanguage":"pt-BR"},{"@type":"Organization","@id":"https:\/\/www.hometheater.com.br\/portal\/#organization","name":"Home Theater","url":"https:\/\/www.hometheater.com.br\/portal\/","logo":{"@type":"ImageObject","inLanguage":"pt-BR","@id":"https:\/\/www.hometheater.com.br\/portal\/#\/schema\/logo\/image\/","url":"https:\/\/www.hometheater.com.br\/portal\/wp-content\/uploads\/2022\/06\/assine_ht_01.png","contentUrl":"https:\/\/www.hometheater.com.br\/portal\/wp-content\/uploads\/2022\/06\/assine_ht_01.png","width":800,"height":254,"caption":"Home Theater"},"image":{"@id":"https:\/\/www.hometheater.com.br\/portal\/#\/schema\/logo\/image\/"},"sameAs":["https:\/\/web.facebook.com\/revistahometheater","https:\/\/x.com\/hometheaterbr"]},{"@type":"Person","@id":"https:\/\/www.hometheater.com.br\/portal\/#\/schema\/person\/3b6bd5a9e2a6c4197c7b98dd7a733d22","name":"Revista Home Theater &amp; Casa Digital","image":{"@type":"ImageObject","inLanguage":"pt-BR","@id":"https:\/\/www.hometheater.com.br\/portal\/#\/schema\/person\/image\/","url":"https:\/\/secure.gravatar.com\/avatar\/fd86f33d841f0f43adcc1665dd80ca740e028af4297e20d3444f9335092a6ee7?s=96&d=mm&r=g","contentUrl":"https:\/\/secure.gravatar.com\/avatar\/fd86f33d841f0f43adcc1665dd80ca740e028af4297e20d3444f9335092a6ee7?s=96&d=mm&r=g","caption":"Revista Home Theater &amp; Casa Digital"},"url":"https:\/\/www.hometheater.com.br\/portal\/author\/flavio\/"}]}},"_links":{"self":[{"href":"https:\/\/www.hometheater.com.br\/portal\/wp-json\/wp\/v2\/posts\/27190","targetHints":{"allow":["GET"]}}],"collection":[{"href":"https:\/\/www.hometheater.com.br\/portal\/wp-json\/wp\/v2\/posts"}],"about":[{"href":"https:\/\/www.hometheater.com.br\/portal\/wp-json\/wp\/v2\/types\/post"}],"author":[{"embeddable":true,"href":"https:\/\/www.hometheater.com.br\/portal\/wp-json\/wp\/v2\/users\/1"}],"replies":[{"embeddable":true,"href":"https:\/\/www.hometheater.com.br\/portal\/wp-json\/wp\/v2\/comments?post=27190"}],"version-history":[{"count":0,"href":"https:\/\/www.hometheater.com.br\/portal\/wp-json\/wp\/v2\/posts\/27190\/revisions"}],"wp:featuredmedia":[{"embeddable":true,"href":"https:\/\/www.hometheater.com.br\/portal\/wp-json\/wp\/v2\/media\/27191"}],"wp:attachment":[{"href":"https:\/\/www.hometheater.com.br\/portal\/wp-json\/wp\/v2\/media?parent=27190"}],"wp:term":[{"taxonomy":"category","embeddable":true,"href":"https:\/\/www.hometheater.com.br\/portal\/wp-json\/wp\/v2\/categories?post=27190"},{"taxonomy":"post_tag","embeddable":true,"href":"https:\/\/www.hometheater.com.br\/portal\/wp-json\/wp\/v2\/tags?post=27190"}],"curies":[{"name":"wp","href":"https:\/\/api.w.org\/{rel}","templated":true}]}}