{"id":25679,"date":"2022-09-28T12:21:11","date_gmt":"2022-09-28T15:21:11","guid":{"rendered":"https:\/\/www.hometheater.com.br\/portal\/?p=25679"},"modified":"2022-10-13T09:33:11","modified_gmt":"2022-10-13T12:33:11","slug":"cedia-expo-2022-tera-grande-participacao-de-brasileiros","status":"publish","type":"post","link":"https:\/\/www.hometheater.com.br\/portal\/2022\/09\/28\/cedia-expo-2022-tera-grande-participacao-de-brasileiros\/","title":{"rendered":"CEDIA Expo 2022 ter\u00e1 grande participa\u00e7\u00e3o de brasileiros"},"content":{"rendered":"<p><a href=\"https:\/\/www.hometheater.com.br\/portal\/wp-content\/uploads\/2022\/09\/cedia_expo_.jpg\"><img loading=\"lazy\" decoding=\"async\" class=\"aligncenter size-full wp-image-25680\" src=\"https:\/\/www.hometheater.com.br\/portal\/wp-content\/uploads\/2022\/09\/cedia_expo_.jpg\" alt=\"\" width=\"800\" height=\"450\" srcset=\"https:\/\/www.hometheater.com.br\/portal\/wp-content\/uploads\/2022\/09\/cedia_expo_.jpg 800w, https:\/\/www.hometheater.com.br\/portal\/wp-content\/uploads\/2022\/09\/cedia_expo_-400x225.jpg 400w, https:\/\/www.hometheater.com.br\/portal\/wp-content\/uploads\/2022\/09\/cedia_expo_-500x281.jpg 500w, https:\/\/www.hometheater.com.br\/portal\/wp-content\/uploads\/2022\/09\/cedia_expo_-300x169.jpg 300w, https:\/\/www.hometheater.com.br\/portal\/wp-content\/uploads\/2022\/09\/cedia_expo_-768x432.jpg 768w\" sizes=\"auto, (max-width: 800px) 100vw, 800px\" \/><\/a><\/p>\n<p>A edi\u00e7\u00e3o 2022 da CEDIA Expo, principal evento internacional dedicado a integradores de sistemas eletr\u00f4nicos residenciais e prediais, ser\u00e1 realizada esta semana com grande presen\u00e7a de profissionais brasileiros. Participam do evento como expositoras algumas das marcas de \u00e1udio, v\u00eddeo e automa\u00e7\u00e3o mais importantes \u00e0 venda no Brasil atualmente, e l\u00e1 estar\u00e3o seus distribuidores oficiais.<\/p>\n<p>A CEDIA Expo ser\u00e1 aberta na cidade de Dallas nesta quinta-feira e ir\u00e1 at\u00e9 s\u00e1bado. Entre as marcas com espa\u00e7o na \u00e1rea de estandes, destacam-se Harman, Epson, Focal\/Naim, Sonance, Origin Acoustics, Planar\/Leyard, Trinnov, Paradigm, NAD\/Bluesound, Sonos, Wisdom Audio, SVS, Bang &amp; Olufsen, Barco, Audioquest, Screen Innovations, Steinway Lyngdorf e Sound United, esta dona de B&amp;W, Marantz, Denon e Polk Audio, entre outras.<\/p><div class=\"homet-conteudo\" style=\"text-align: center;\" id=\"homet-3100502266\"><div data-cfpa=\"36066\" data-cfpw=\"36066\" id=\"homet-2779474634\"><a data-no-instant=\"1\" href=\"https:\/\/loja.sommaior.com.br\/\" rel=\"noopener\" class=\"a2t-link\" aria-label=\"ABBEY-ROAD_360x300px\"><img loading=\"lazy\" decoding=\"async\" src=\"https:\/\/www.hometheater.com.br\/portal\/wp-content\/uploads\/2025\/10\/ABBEY-ROAD_360x300px.jpg\" alt=\"\"  class=\"no-lazyload\" width=\"300\" height=\"250\"   \/><\/a><\/div><script type=\"text\/javascript\">;new advadsCfpAd( 36066 );<\/script><\/div>\n<p>Do segmento de automa\u00e7\u00e3o, os maiores estandes s\u00e3o da Crestron, Savant, Lutron, Hunter Douglas, RTI e Nice, todas com distribui\u00e7\u00e3o oficial no Brasil. Al\u00e9m disso, os grandes fabricantes de TVs (Samsung, LG, Sony e Hisense, que no Brasil \u00e9 representada pela Toshiba) tamb\u00e9m aproveitam o evento para exibir seus lan\u00e7amentos de fim de ano.<\/p>\n<p><a href=\"https:\/\/www.hometheater.com.br\/portal\/wp-content\/uploads\/2022\/09\/magna_soundbar_.jpg\"><img loading=\"lazy\" decoding=\"async\" class=\"aligncenter size-full wp-image-25681\" src=\"https:\/\/www.hometheater.com.br\/portal\/wp-content\/uploads\/2022\/09\/magna_soundbar_.jpg\" alt=\"\" width=\"550\" height=\"367\" srcset=\"https:\/\/www.hometheater.com.br\/portal\/wp-content\/uploads\/2022\/09\/magna_soundbar_.jpg 550w, https:\/\/www.hometheater.com.br\/portal\/wp-content\/uploads\/2022\/09\/magna_soundbar_-400x267.jpg 400w, https:\/\/www.hometheater.com.br\/portal\/wp-content\/uploads\/2022\/09\/magna_soundbar_-500x334.jpg 500w, https:\/\/www.hometheater.com.br\/portal\/wp-content\/uploads\/2022\/09\/magna_soundbar_-300x200.jpg 300w\" sizes=\"auto, (max-width: 550px) 100vw, 550px\" \/><\/a><\/p>\n<p>Um destaque \u00e0 parte \u00e9 a fabricante brasileira Magna Audio, que produz caixas ac\u00fasticas na cidade de Indaiatuba (SP) e pela segunda vez participa da CEDIA Expo como expositora. A empresa anunciou que ir\u00e1 exibir tr\u00eas linhas de caixas: Rock Series, torres com gabinete feito de pedra; Aura, caixas de parede que se destacam pelos leds luminosos em torno da moldura; e as soundbars Surface e Custom Outline (foto). Al\u00e9m disso, a Magna ir\u00e1 demonstrar seu primeiro amplificador, da s\u00e9rie Polly Amp.<\/p>\n<p>Para informa\u00e7\u00f5es atualizadas sobre a CEDIA Expo, visite o\u00a0<a href=\"https:\/\/cedia.a2zinc.net\/CEDIA2022\/Public\/eventmap.aspx?shMode=E&amp;_ga=2.220121564.414001792.1664374629-1871521925.1664374629\" target=\"_blank\" rel=\"noopener\" data-saferedirecturl=\"https:\/\/www.google.com\/url?q=https:\/\/cedia.a2zinc.net\/CEDIA2022\/Public\/eventmap.aspx?shMode%3DE%26_ga%3D2.220121564.414001792.1664374629-1871521925.1664374629&amp;source=gmail&amp;ust=1664463534990000&amp;usg=AOvVaw2yM6jt2Elydi61lDkrDhWT\"><b>site oficial do evento<\/b><\/a>.<\/p>\n<p><b>FONTE: CEDIA<\/b><\/p>\n<p><b>Temas relacionados:<\/b><\/p>\n<p><a href=\"https:\/\/www.hometheater.com.br\/portal\/2020\/10\/09\/americana-sound-united-confirma-compra-da-bw\/\" target=\"_blank\" rel=\"noopener\" data-saferedirecturl=\"https:\/\/www.google.com\/url?q=https:\/\/www.hometheater.com.br\/portal\/2020\/10\/09\/americana-sound-united-confirma-compra-da-bw\/&amp;source=gmail&amp;ust=1664463534990000&amp;usg=AOvVaw0lrx5y1j8kmOcbC84smS0c\"><b>Americana Sound United confirma compra da B&amp;W<\/b><\/a><\/p>\n<p><a href=\"https:\/\/www.hometheater.com.br\/portal\/2020\/12\/11\/processador-marantz-de-13-canais-e-compativel-com-games-8k\/\" target=\"_blank\" rel=\"noopener\" data-saferedirecturl=\"https:\/\/www.google.com\/url?q=https:\/\/www.hometheater.com.br\/portal\/2020\/12\/11\/processador-marantz-de-13-canais-e-compativel-com-games-8k\/&amp;source=gmail&amp;ust=1664463534990000&amp;usg=AOvVaw2__6lpYQleb_W_PLhPB0uf\"><b>Processador Marantz de 13 canais \u00e9 compat\u00edvel com games 8K<\/b><\/a><\/p>\n<p><a href=\"https:\/\/orlandobarrozo.blog.br\/2022\/09\/10\/um-viva-as-lojas-especializadas\/\" target=\"_blank\" rel=\"noopener\" data-saferedirecturl=\"https:\/\/www.google.com\/url?q=https:\/\/orlandobarrozo.blog.br\/2022\/09\/10\/um-viva-as-lojas-especializadas\/&amp;source=gmail&amp;ust=1664463534990000&amp;usg=AOvVaw0_I6gqI0u1Wjz6TdXKBhsc\"><b>JBL lan\u00e7a em SP vers\u00e3o atualizada da cl\u00e1ssica caixa L100<\/b><\/a><\/p>\n<p><a href=\"https:\/\/www.hometheater.com.br\/portal\/2019\/10\/11\/produzida-no-brasil-caixa-para-jardim-da-magna-dispersa-som-em-360o\/\" target=\"_blank\" rel=\"noopener\" data-saferedirecturl=\"https:\/\/www.google.com\/url?q=https:\/\/www.hometheater.com.br\/portal\/2019\/10\/11\/produzida-no-brasil-caixa-para-jardim-da-magna-dispersa-som-em-360o\/&amp;source=gmail&amp;ust=1664463534990000&amp;usg=AOvVaw1-gkm9jZvuCHHnUHy1loah\"><b>Produzida no Brasil, caixa para jardim da Magna dispersa som em 360\u00ba<\/b><\/a><\/p>\n","protected":false},"excerpt":{"rendered":"<p>A edi\u00e7\u00e3o 2022 da CEDIA Expo, principal evento internacional dedicado a integradores de sistemas eletr\u00f4nicos residenciais e prediais, ser\u00e1 realizada esta semana com grande presen\u00e7a<\/p>\n","protected":false},"author":1,"featured_media":25680,"comment_status":"open","ping_status":"open","sticky":false,"template":"","format":"standard","meta":{"footnotes":""},"categories":[4,24],"tags":[186],"class_list":["post-25679","post","type-post","status-publish","format-standard","has-post-thumbnail","hentry","category-noticias","category-smart-home","tag-ht_online"],"yoast_head":"<!-- This site is optimized with the Yoast SEO plugin v25.7 - https:\/\/yoast.com\/wordpress\/plugins\/seo\/ -->\n<title>CEDIA Expo 2022 ter\u00e1 grande participa\u00e7\u00e3o de brasileiros - HT &amp; Casa Digital<\/title>\n<meta name=\"robots\" content=\"index, follow, max-snippet:-1, max-image-preview:large, max-video-preview:-1\" \/>\n<link rel=\"canonical\" href=\"https:\/\/www.hometheater.com.br\/portal\/2022\/09\/28\/cedia-expo-2022-tera-grande-participacao-de-brasileiros\/\" \/>\n<meta property=\"og:locale\" content=\"pt_BR\" \/>\n<meta property=\"og:type\" content=\"article\" \/>\n<meta property=\"og:title\" content=\"CEDIA Expo 2022 ter\u00e1 grande participa\u00e7\u00e3o de brasileiros - HT &amp; Casa Digital\" \/>\n<meta property=\"og:description\" content=\"A edi\u00e7\u00e3o 2022 da CEDIA Expo, principal evento internacional dedicado a integradores de sistemas eletr\u00f4nicos residenciais e prediais, ser\u00e1 realizada esta semana com grande presen\u00e7a\" \/>\n<meta property=\"og:url\" content=\"https:\/\/www.hometheater.com.br\/portal\/2022\/09\/28\/cedia-expo-2022-tera-grande-participacao-de-brasileiros\/\" \/>\n<meta property=\"og:site_name\" content=\"HT &amp; Casa Digital\" \/>\n<meta property=\"article:publisher\" content=\"https:\/\/web.facebook.com\/revistahometheater\" \/>\n<meta property=\"article:published_time\" content=\"2022-09-28T15:21:11+00:00\" \/>\n<meta property=\"article:modified_time\" content=\"2022-10-13T12:33:11+00:00\" \/>\n<meta property=\"og:image\" content=\"https:\/\/www.hometheater.com.br\/portal\/wp-content\/uploads\/2022\/09\/cedia_expo_.jpg\" \/>\n\t<meta property=\"og:image:width\" content=\"800\" \/>\n\t<meta property=\"og:image:height\" content=\"450\" \/>\n\t<meta property=\"og:image:type\" content=\"image\/jpeg\" \/>\n<meta name=\"author\" content=\"Revista Home Theater &amp; Casa Digital\" \/>\n<meta name=\"twitter:card\" content=\"summary_large_image\" \/>\n<meta name=\"twitter:creator\" content=\"@hometheaterbr\" \/>\n<meta name=\"twitter:site\" content=\"@hometheaterbr\" \/>\n<meta name=\"twitter:label1\" content=\"Escrito por\" \/>\n\t<meta name=\"twitter:data1\" content=\"Revista Home Theater &amp; Casa Digital\" \/>\n\t<meta name=\"twitter:label2\" content=\"Est. tempo de leitura\" \/>\n\t<meta name=\"twitter:data2\" content=\"2 minutos\" \/>\n<script type=\"application\/ld+json\" class=\"yoast-schema-graph\">{\"@context\":\"https:\/\/schema.org\",\"@graph\":[{\"@type\":\"Article\",\"@id\":\"https:\/\/www.hometheater.com.br\/portal\/2022\/09\/28\/cedia-expo-2022-tera-grande-participacao-de-brasileiros\/#article\",\"isPartOf\":{\"@id\":\"https:\/\/www.hometheater.com.br\/portal\/2022\/09\/28\/cedia-expo-2022-tera-grande-participacao-de-brasileiros\/\"},\"author\":{\"name\":\"Revista Home Theater &amp; Casa Digital\",\"@id\":\"https:\/\/www.hometheater.com.br\/portal\/#\/schema\/person\/3b6bd5a9e2a6c4197c7b98dd7a733d22\"},\"headline\":\"CEDIA Expo 2022 ter\u00e1 grande participa\u00e7\u00e3o de brasileiros\",\"datePublished\":\"2022-09-28T15:21:11+00:00\",\"dateModified\":\"2022-10-13T12:33:11+00:00\",\"mainEntityOfPage\":{\"@id\":\"https:\/\/www.hometheater.com.br\/portal\/2022\/09\/28\/cedia-expo-2022-tera-grande-participacao-de-brasileiros\/\"},\"wordCount\":338,\"commentCount\":0,\"publisher\":{\"@id\":\"https:\/\/www.hometheater.com.br\/portal\/#organization\"},\"image\":{\"@id\":\"https:\/\/www.hometheater.com.br\/portal\/2022\/09\/28\/cedia-expo-2022-tera-grande-participacao-de-brasileiros\/#primaryimage\"},\"thumbnailUrl\":\"https:\/\/www.hometheater.com.br\/portal\/wp-content\/uploads\/2022\/09\/cedia_expo_.jpg\",\"keywords\":[\"HT_ONLINE\"],\"articleSection\":[\"NOT\u00cdCIAS\",\"SMART HOME\"],\"inLanguage\":\"pt-BR\",\"potentialAction\":[{\"@type\":\"CommentAction\",\"name\":\"Comment\",\"target\":[\"https:\/\/www.hometheater.com.br\/portal\/2022\/09\/28\/cedia-expo-2022-tera-grande-participacao-de-brasileiros\/#respond\"]}]},{\"@type\":\"WebPage\",\"@id\":\"https:\/\/www.hometheater.com.br\/portal\/2022\/09\/28\/cedia-expo-2022-tera-grande-participacao-de-brasileiros\/\",\"url\":\"https:\/\/www.hometheater.com.br\/portal\/2022\/09\/28\/cedia-expo-2022-tera-grande-participacao-de-brasileiros\/\",\"name\":\"CEDIA Expo 2022 ter\u00e1 grande participa\u00e7\u00e3o de brasileiros - HT &amp; Casa Digital\",\"isPartOf\":{\"@id\":\"https:\/\/www.hometheater.com.br\/portal\/#website\"},\"primaryImageOfPage\":{\"@id\":\"https:\/\/www.hometheater.com.br\/portal\/2022\/09\/28\/cedia-expo-2022-tera-grande-participacao-de-brasileiros\/#primaryimage\"},\"image\":{\"@id\":\"https:\/\/www.hometheater.com.br\/portal\/2022\/09\/28\/cedia-expo-2022-tera-grande-participacao-de-brasileiros\/#primaryimage\"},\"thumbnailUrl\":\"https:\/\/www.hometheater.com.br\/portal\/wp-content\/uploads\/2022\/09\/cedia_expo_.jpg\",\"datePublished\":\"2022-09-28T15:21:11+00:00\",\"dateModified\":\"2022-10-13T12:33:11+00:00\",\"breadcrumb\":{\"@id\":\"https:\/\/www.hometheater.com.br\/portal\/2022\/09\/28\/cedia-expo-2022-tera-grande-participacao-de-brasileiros\/#breadcrumb\"},\"inLanguage\":\"pt-BR\",\"potentialAction\":[{\"@type\":\"ReadAction\",\"target\":[\"https:\/\/www.hometheater.com.br\/portal\/2022\/09\/28\/cedia-expo-2022-tera-grande-participacao-de-brasileiros\/\"]}]},{\"@type\":\"ImageObject\",\"inLanguage\":\"pt-BR\",\"@id\":\"https:\/\/www.hometheater.com.br\/portal\/2022\/09\/28\/cedia-expo-2022-tera-grande-participacao-de-brasileiros\/#primaryimage\",\"url\":\"https:\/\/www.hometheater.com.br\/portal\/wp-content\/uploads\/2022\/09\/cedia_expo_.jpg\",\"contentUrl\":\"https:\/\/www.hometheater.com.br\/portal\/wp-content\/uploads\/2022\/09\/cedia_expo_.jpg\",\"width\":800,\"height\":450},{\"@type\":\"BreadcrumbList\",\"@id\":\"https:\/\/www.hometheater.com.br\/portal\/2022\/09\/28\/cedia-expo-2022-tera-grande-participacao-de-brasileiros\/#breadcrumb\",\"itemListElement\":[{\"@type\":\"ListItem\",\"position\":1,\"name\":\"In\u00edcio\",\"item\":\"https:\/\/www.hometheater.com.br\/portal\/\"},{\"@type\":\"ListItem\",\"position\":2,\"name\":\"CEDIA Expo 2022 ter\u00e1 grande participa\u00e7\u00e3o de brasileiros\"}]},{\"@type\":\"WebSite\",\"@id\":\"https:\/\/www.hometheater.com.br\/portal\/#website\",\"url\":\"https:\/\/www.hometheater.com.br\/portal\/\",\"name\":\"HT &amp; Casa Digital\",\"description\":\"O mundo digital em sua casa\",\"publisher\":{\"@id\":\"https:\/\/www.hometheater.com.br\/portal\/#organization\"},\"potentialAction\":[{\"@type\":\"SearchAction\",\"target\":{\"@type\":\"EntryPoint\",\"urlTemplate\":\"https:\/\/www.hometheater.com.br\/portal\/?s={search_term_string}\"},\"query-input\":{\"@type\":\"PropertyValueSpecification\",\"valueRequired\":true,\"valueName\":\"search_term_string\"}}],\"inLanguage\":\"pt-BR\"},{\"@type\":\"Organization\",\"@id\":\"https:\/\/www.hometheater.com.br\/portal\/#organization\",\"name\":\"Home Theater\",\"url\":\"https:\/\/www.hometheater.com.br\/portal\/\",\"logo\":{\"@type\":\"ImageObject\",\"inLanguage\":\"pt-BR\",\"@id\":\"https:\/\/www.hometheater.com.br\/portal\/#\/schema\/logo\/image\/\",\"url\":\"https:\/\/www.hometheater.com.br\/portal\/wp-content\/uploads\/2022\/06\/assine_ht_01.png\",\"contentUrl\":\"https:\/\/www.hometheater.com.br\/portal\/wp-content\/uploads\/2022\/06\/assine_ht_01.png\",\"width\":800,\"height\":254,\"caption\":\"Home Theater\"},\"image\":{\"@id\":\"https:\/\/www.hometheater.com.br\/portal\/#\/schema\/logo\/image\/\"},\"sameAs\":[\"https:\/\/web.facebook.com\/revistahometheater\",\"https:\/\/x.com\/hometheaterbr\"]},{\"@type\":\"Person\",\"@id\":\"https:\/\/www.hometheater.com.br\/portal\/#\/schema\/person\/3b6bd5a9e2a6c4197c7b98dd7a733d22\",\"name\":\"Revista Home Theater &amp; Casa Digital\",\"image\":{\"@type\":\"ImageObject\",\"inLanguage\":\"pt-BR\",\"@id\":\"https:\/\/www.hometheater.com.br\/portal\/#\/schema\/person\/image\/\",\"url\":\"https:\/\/secure.gravatar.com\/avatar\/fd86f33d841f0f43adcc1665dd80ca740e028af4297e20d3444f9335092a6ee7?s=96&d=mm&r=g\",\"contentUrl\":\"https:\/\/secure.gravatar.com\/avatar\/fd86f33d841f0f43adcc1665dd80ca740e028af4297e20d3444f9335092a6ee7?s=96&d=mm&r=g\",\"caption\":\"Revista Home Theater &amp; Casa Digital\"},\"url\":\"https:\/\/www.hometheater.com.br\/portal\/author\/flavio\/\"}]}<\/script>\n<!-- \/ Yoast SEO plugin. -->","yoast_head_json":{"title":"CEDIA Expo 2022 ter\u00e1 grande participa\u00e7\u00e3o de brasileiros - HT &amp; Casa Digital","robots":{"index":"index","follow":"follow","max-snippet":"max-snippet:-1","max-image-preview":"max-image-preview:large","max-video-preview":"max-video-preview:-1"},"canonical":"https:\/\/www.hometheater.com.br\/portal\/2022\/09\/28\/cedia-expo-2022-tera-grande-participacao-de-brasileiros\/","og_locale":"pt_BR","og_type":"article","og_title":"CEDIA Expo 2022 ter\u00e1 grande participa\u00e7\u00e3o de brasileiros - HT &amp; Casa Digital","og_description":"A edi\u00e7\u00e3o 2022 da CEDIA Expo, principal evento internacional dedicado a integradores de sistemas eletr\u00f4nicos residenciais e prediais, ser\u00e1 realizada esta semana com grande presen\u00e7a","og_url":"https:\/\/www.hometheater.com.br\/portal\/2022\/09\/28\/cedia-expo-2022-tera-grande-participacao-de-brasileiros\/","og_site_name":"HT &amp; Casa Digital","article_publisher":"https:\/\/web.facebook.com\/revistahometheater","article_published_time":"2022-09-28T15:21:11+00:00","article_modified_time":"2022-10-13T12:33:11+00:00","og_image":[{"width":800,"height":450,"url":"https:\/\/www.hometheater.com.br\/portal\/wp-content\/uploads\/2022\/09\/cedia_expo_.jpg","type":"image\/jpeg"}],"author":"Revista Home Theater &amp; Casa Digital","twitter_card":"summary_large_image","twitter_creator":"@hometheaterbr","twitter_site":"@hometheaterbr","twitter_misc":{"Escrito por":"Revista Home Theater &amp; Casa Digital","Est. tempo de leitura":"2 minutos"},"schema":{"@context":"https:\/\/schema.org","@graph":[{"@type":"Article","@id":"https:\/\/www.hometheater.com.br\/portal\/2022\/09\/28\/cedia-expo-2022-tera-grande-participacao-de-brasileiros\/#article","isPartOf":{"@id":"https:\/\/www.hometheater.com.br\/portal\/2022\/09\/28\/cedia-expo-2022-tera-grande-participacao-de-brasileiros\/"},"author":{"name":"Revista Home Theater &amp; Casa Digital","@id":"https:\/\/www.hometheater.com.br\/portal\/#\/schema\/person\/3b6bd5a9e2a6c4197c7b98dd7a733d22"},"headline":"CEDIA Expo 2022 ter\u00e1 grande participa\u00e7\u00e3o de brasileiros","datePublished":"2022-09-28T15:21:11+00:00","dateModified":"2022-10-13T12:33:11+00:00","mainEntityOfPage":{"@id":"https:\/\/www.hometheater.com.br\/portal\/2022\/09\/28\/cedia-expo-2022-tera-grande-participacao-de-brasileiros\/"},"wordCount":338,"commentCount":0,"publisher":{"@id":"https:\/\/www.hometheater.com.br\/portal\/#organization"},"image":{"@id":"https:\/\/www.hometheater.com.br\/portal\/2022\/09\/28\/cedia-expo-2022-tera-grande-participacao-de-brasileiros\/#primaryimage"},"thumbnailUrl":"https:\/\/www.hometheater.com.br\/portal\/wp-content\/uploads\/2022\/09\/cedia_expo_.jpg","keywords":["HT_ONLINE"],"articleSection":["NOT\u00cdCIAS","SMART HOME"],"inLanguage":"pt-BR","potentialAction":[{"@type":"CommentAction","name":"Comment","target":["https:\/\/www.hometheater.com.br\/portal\/2022\/09\/28\/cedia-expo-2022-tera-grande-participacao-de-brasileiros\/#respond"]}]},{"@type":"WebPage","@id":"https:\/\/www.hometheater.com.br\/portal\/2022\/09\/28\/cedia-expo-2022-tera-grande-participacao-de-brasileiros\/","url":"https:\/\/www.hometheater.com.br\/portal\/2022\/09\/28\/cedia-expo-2022-tera-grande-participacao-de-brasileiros\/","name":"CEDIA Expo 2022 ter\u00e1 grande participa\u00e7\u00e3o de brasileiros - HT &amp; Casa Digital","isPartOf":{"@id":"https:\/\/www.hometheater.com.br\/portal\/#website"},"primaryImageOfPage":{"@id":"https:\/\/www.hometheater.com.br\/portal\/2022\/09\/28\/cedia-expo-2022-tera-grande-participacao-de-brasileiros\/#primaryimage"},"image":{"@id":"https:\/\/www.hometheater.com.br\/portal\/2022\/09\/28\/cedia-expo-2022-tera-grande-participacao-de-brasileiros\/#primaryimage"},"thumbnailUrl":"https:\/\/www.hometheater.com.br\/portal\/wp-content\/uploads\/2022\/09\/cedia_expo_.jpg","datePublished":"2022-09-28T15:21:11+00:00","dateModified":"2022-10-13T12:33:11+00:00","breadcrumb":{"@id":"https:\/\/www.hometheater.com.br\/portal\/2022\/09\/28\/cedia-expo-2022-tera-grande-participacao-de-brasileiros\/#breadcrumb"},"inLanguage":"pt-BR","potentialAction":[{"@type":"ReadAction","target":["https:\/\/www.hometheater.com.br\/portal\/2022\/09\/28\/cedia-expo-2022-tera-grande-participacao-de-brasileiros\/"]}]},{"@type":"ImageObject","inLanguage":"pt-BR","@id":"https:\/\/www.hometheater.com.br\/portal\/2022\/09\/28\/cedia-expo-2022-tera-grande-participacao-de-brasileiros\/#primaryimage","url":"https:\/\/www.hometheater.com.br\/portal\/wp-content\/uploads\/2022\/09\/cedia_expo_.jpg","contentUrl":"https:\/\/www.hometheater.com.br\/portal\/wp-content\/uploads\/2022\/09\/cedia_expo_.jpg","width":800,"height":450},{"@type":"BreadcrumbList","@id":"https:\/\/www.hometheater.com.br\/portal\/2022\/09\/28\/cedia-expo-2022-tera-grande-participacao-de-brasileiros\/#breadcrumb","itemListElement":[{"@type":"ListItem","position":1,"name":"In\u00edcio","item":"https:\/\/www.hometheater.com.br\/portal\/"},{"@type":"ListItem","position":2,"name":"CEDIA Expo 2022 ter\u00e1 grande participa\u00e7\u00e3o de brasileiros"}]},{"@type":"WebSite","@id":"https:\/\/www.hometheater.com.br\/portal\/#website","url":"https:\/\/www.hometheater.com.br\/portal\/","name":"HT &amp; Casa Digital","description":"O mundo digital em sua casa","publisher":{"@id":"https:\/\/www.hometheater.com.br\/portal\/#organization"},"potentialAction":[{"@type":"SearchAction","target":{"@type":"EntryPoint","urlTemplate":"https:\/\/www.hometheater.com.br\/portal\/?s={search_term_string}"},"query-input":{"@type":"PropertyValueSpecification","valueRequired":true,"valueName":"search_term_string"}}],"inLanguage":"pt-BR"},{"@type":"Organization","@id":"https:\/\/www.hometheater.com.br\/portal\/#organization","name":"Home Theater","url":"https:\/\/www.hometheater.com.br\/portal\/","logo":{"@type":"ImageObject","inLanguage":"pt-BR","@id":"https:\/\/www.hometheater.com.br\/portal\/#\/schema\/logo\/image\/","url":"https:\/\/www.hometheater.com.br\/portal\/wp-content\/uploads\/2022\/06\/assine_ht_01.png","contentUrl":"https:\/\/www.hometheater.com.br\/portal\/wp-content\/uploads\/2022\/06\/assine_ht_01.png","width":800,"height":254,"caption":"Home Theater"},"image":{"@id":"https:\/\/www.hometheater.com.br\/portal\/#\/schema\/logo\/image\/"},"sameAs":["https:\/\/web.facebook.com\/revistahometheater","https:\/\/x.com\/hometheaterbr"]},{"@type":"Person","@id":"https:\/\/www.hometheater.com.br\/portal\/#\/schema\/person\/3b6bd5a9e2a6c4197c7b98dd7a733d22","name":"Revista Home Theater &amp; Casa Digital","image":{"@type":"ImageObject","inLanguage":"pt-BR","@id":"https:\/\/www.hometheater.com.br\/portal\/#\/schema\/person\/image\/","url":"https:\/\/secure.gravatar.com\/avatar\/fd86f33d841f0f43adcc1665dd80ca740e028af4297e20d3444f9335092a6ee7?s=96&d=mm&r=g","contentUrl":"https:\/\/secure.gravatar.com\/avatar\/fd86f33d841f0f43adcc1665dd80ca740e028af4297e20d3444f9335092a6ee7?s=96&d=mm&r=g","caption":"Revista Home Theater &amp; Casa Digital"},"url":"https:\/\/www.hometheater.com.br\/portal\/author\/flavio\/"}]}},"_links":{"self":[{"href":"https:\/\/www.hometheater.com.br\/portal\/wp-json\/wp\/v2\/posts\/25679","targetHints":{"allow":["GET"]}}],"collection":[{"href":"https:\/\/www.hometheater.com.br\/portal\/wp-json\/wp\/v2\/posts"}],"about":[{"href":"https:\/\/www.hometheater.com.br\/portal\/wp-json\/wp\/v2\/types\/post"}],"author":[{"embeddable":true,"href":"https:\/\/www.hometheater.com.br\/portal\/wp-json\/wp\/v2\/users\/1"}],"replies":[{"embeddable":true,"href":"https:\/\/www.hometheater.com.br\/portal\/wp-json\/wp\/v2\/comments?post=25679"}],"version-history":[{"count":0,"href":"https:\/\/www.hometheater.com.br\/portal\/wp-json\/wp\/v2\/posts\/25679\/revisions"}],"wp:featuredmedia":[{"embeddable":true,"href":"https:\/\/www.hometheater.com.br\/portal\/wp-json\/wp\/v2\/media\/25680"}],"wp:attachment":[{"href":"https:\/\/www.hometheater.com.br\/portal\/wp-json\/wp\/v2\/media?parent=25679"}],"wp:term":[{"taxonomy":"category","embeddable":true,"href":"https:\/\/www.hometheater.com.br\/portal\/wp-json\/wp\/v2\/categories?post=25679"},{"taxonomy":"post_tag","embeddable":true,"href":"https:\/\/www.hometheater.com.br\/portal\/wp-json\/wp\/v2\/tags?post=25679"}],"curies":[{"name":"wp","href":"https:\/\/api.w.org\/{rel}","templated":true}]}}