{"id":25069,"date":"2022-07-25T12:07:18","date_gmt":"2022-07-25T15:07:18","guid":{"rendered":"https:\/\/www.hometheater.com.br\/portal\/?p=25069"},"modified":"2022-08-05T07:57:19","modified_gmt":"2022-08-05T10:57:19","slug":"fone-bw-px7-avaliamos-o-cancelamento-adaptativo-de-ruido","status":"publish","type":"post","link":"https:\/\/www.hometheater.com.br\/portal\/2022\/07\/25\/fone-bw-px7-avaliamos-o-cancelamento-adaptativo-de-ruido\/","title":{"rendered":"Fone B&#038;W PX7: avaliamos o cancelamento adaptativo de ru\u00eddo"},"content":{"rendered":"<p>A linha de fones de ouvido PX, da Bowers &amp; Wilkins (mods. PX7 e PX5) foi projetada pelos mesmos engenheiros respons\u00e1veis pelas caixas ac\u00fasticas B&amp;W 800. Isso explica a aten\u00e7\u00e3o aos detalhes de constru\u00e7\u00e3o e tecnologias de \u00faltima gera\u00e7\u00e3o, como cancelamento adaptativo de ru\u00eddo e Bluetooth avan\u00e7ado. Recebemos o top de linha PX7 na cor grafite dentro de um case de prote\u00e7\u00e3o revestido em tecido sint\u00e9tico. O design over-ear do PX7 lembra o primeiro modelo PX (2017), mas sem o acabamento em alum\u00ednio. Possui bra\u00e7os de fibra de carbono, material leve e resistente. J\u00e1 os pads e a al\u00e7a s\u00e3o&hellip;<\/p>\n<p><a href=\"\/\/www.hometheater.com.br\/portal\/login\/\"><img loading=\"lazy\" decoding=\"async\" class=\"aligncenter size-full wp-image-4930\" src=\"https:\/\/www.hometheater.com.br\/portal\/wp-content\/uploads\/2023\/03\/area_fechada2023.png\" alt=\"\" width=\"800\" height=\"500\" border=\"0\" \/><\/a><\/p>\n<p><a href=\"https:\/\/www.hometheater.com.br\/portal\/assine_ht\/\"><img loading=\"lazy\" decoding=\"async\" src=\"https:\/\/cascade.madmimi.com\/promotion_images\/2676\/7970\/original\/nao_ainda.png?1629894145\" width=\"700\" height=\"56\" \/><\/a><\/p>\n","protected":false},"excerpt":{"rendered":"<p>A linha de fones de ouvido PX, da Bowers &amp; Wilkins (mods. PX7 e PX5) foi projetada pelos mesmos engenheiros respons\u00e1veis pelas caixas ac\u00fasticas B&amp;W<\/p>\n","protected":false},"author":1,"featured_media":25078,"comment_status":"open","ping_status":"open","sticky":false,"template":"","format":"standard","meta":{"footnotes":""},"categories":[26],"tags":[],"class_list":["post-25069","post","type-post","status-publish","format-standard","has-post-thumbnail","hentry","category-htpremium"],"yoast_head":"<!-- This site is optimized with the Yoast SEO plugin v25.7 - https:\/\/yoast.com\/wordpress\/plugins\/seo\/ -->\n<title>Fone B&amp;W PX7: avaliamos o cancelamento adaptativo de ru\u00eddo - HT &amp; Casa Digital<\/title>\n<meta name=\"robots\" content=\"index, follow, max-snippet:-1, max-image-preview:large, max-video-preview:-1\" \/>\n<link rel=\"canonical\" href=\"https:\/\/www.hometheater.com.br\/portal\/2022\/07\/25\/fone-bw-px7-avaliamos-o-cancelamento-adaptativo-de-ruido\/\" \/>\n<meta property=\"og:locale\" content=\"pt_BR\" \/>\n<meta property=\"og:type\" content=\"article\" \/>\n<meta property=\"og:title\" content=\"Fone B&amp;W PX7: avaliamos o cancelamento adaptativo de ru\u00eddo - HT &amp; Casa Digital\" \/>\n<meta property=\"og:description\" content=\"A linha de fones de ouvido PX, da Bowers &amp; Wilkins (mods. PX7 e PX5) foi projetada pelos mesmos engenheiros respons\u00e1veis pelas caixas ac\u00fasticas B&amp;W\" \/>\n<meta property=\"og:url\" content=\"https:\/\/www.hometheater.com.br\/portal\/2022\/07\/25\/fone-bw-px7-avaliamos-o-cancelamento-adaptativo-de-ruido\/\" \/>\n<meta property=\"og:site_name\" content=\"HT &amp; Casa Digital\" \/>\n<meta property=\"article:publisher\" content=\"https:\/\/web.facebook.com\/revistahometheater\" \/>\n<meta property=\"article:published_time\" content=\"2022-07-25T15:07:18+00:00\" \/>\n<meta property=\"article:modified_time\" content=\"2022-08-05T10:57:19+00:00\" \/>\n<meta property=\"og:image\" content=\"https:\/\/www.hometheater.com.br\/portal\/wp-content\/uploads\/2022\/07\/chamada_fone.jpg\" \/>\n\t<meta property=\"og:image:width\" content=\"800\" \/>\n\t<meta property=\"og:image:height\" content=\"527\" \/>\n\t<meta property=\"og:image:type\" content=\"image\/jpeg\" \/>\n<meta name=\"author\" content=\"Revista Home Theater &amp; Casa Digital\" \/>\n<meta name=\"twitter:card\" content=\"summary_large_image\" \/>\n<meta name=\"twitter:creator\" content=\"@hometheaterbr\" \/>\n<meta name=\"twitter:site\" content=\"@hometheaterbr\" \/>\n<meta name=\"twitter:label1\" content=\"Escrito por\" \/>\n\t<meta name=\"twitter:data1\" content=\"Revista Home Theater &amp; Casa Digital\" \/>\n\t<meta name=\"twitter:label2\" content=\"Est. tempo de leitura\" \/>\n\t<meta name=\"twitter:data2\" content=\"4 minutos\" \/>\n<script type=\"application\/ld+json\" class=\"yoast-schema-graph\">{\"@context\":\"https:\/\/schema.org\",\"@graph\":[{\"@type\":\"Article\",\"@id\":\"https:\/\/www.hometheater.com.br\/portal\/2022\/07\/25\/fone-bw-px7-avaliamos-o-cancelamento-adaptativo-de-ruido\/#article\",\"isPartOf\":{\"@id\":\"https:\/\/www.hometheater.com.br\/portal\/2022\/07\/25\/fone-bw-px7-avaliamos-o-cancelamento-adaptativo-de-ruido\/\"},\"author\":{\"name\":\"Revista Home Theater &amp; Casa Digital\",\"@id\":\"https:\/\/www.hometheater.com.br\/portal\/#\/schema\/person\/3b6bd5a9e2a6c4197c7b98dd7a733d22\"},\"headline\":\"Fone B&#038;W PX7: avaliamos o cancelamento adaptativo de ru\u00eddo\",\"datePublished\":\"2022-07-25T15:07:18+00:00\",\"dateModified\":\"2022-08-05T10:57:19+00:00\",\"mainEntityOfPage\":{\"@id\":\"https:\/\/www.hometheater.com.br\/portal\/2022\/07\/25\/fone-bw-px7-avaliamos-o-cancelamento-adaptativo-de-ruido\/\"},\"wordCount\":761,\"commentCount\":0,\"publisher\":{\"@id\":\"https:\/\/www.hometheater.com.br\/portal\/#organization\"},\"image\":{\"@id\":\"https:\/\/www.hometheater.com.br\/portal\/2022\/07\/25\/fone-bw-px7-avaliamos-o-cancelamento-adaptativo-de-ruido\/#primaryimage\"},\"thumbnailUrl\":\"https:\/\/www.hometheater.com.br\/portal\/wp-content\/uploads\/2022\/07\/chamada_fone.jpg\",\"articleSection\":[\"HT PREMIUM\"],\"inLanguage\":\"pt-BR\",\"potentialAction\":[{\"@type\":\"CommentAction\",\"name\":\"Comment\",\"target\":[\"https:\/\/www.hometheater.com.br\/portal\/2022\/07\/25\/fone-bw-px7-avaliamos-o-cancelamento-adaptativo-de-ruido\/#respond\"]}]},{\"@type\":\"WebPage\",\"@id\":\"https:\/\/www.hometheater.com.br\/portal\/2022\/07\/25\/fone-bw-px7-avaliamos-o-cancelamento-adaptativo-de-ruido\/\",\"url\":\"https:\/\/www.hometheater.com.br\/portal\/2022\/07\/25\/fone-bw-px7-avaliamos-o-cancelamento-adaptativo-de-ruido\/\",\"name\":\"Fone B&W PX7: avaliamos o cancelamento adaptativo de ru\u00eddo - HT &amp; Casa Digital\",\"isPartOf\":{\"@id\":\"https:\/\/www.hometheater.com.br\/portal\/#website\"},\"primaryImageOfPage\":{\"@id\":\"https:\/\/www.hometheater.com.br\/portal\/2022\/07\/25\/fone-bw-px7-avaliamos-o-cancelamento-adaptativo-de-ruido\/#primaryimage\"},\"image\":{\"@id\":\"https:\/\/www.hometheater.com.br\/portal\/2022\/07\/25\/fone-bw-px7-avaliamos-o-cancelamento-adaptativo-de-ruido\/#primaryimage\"},\"thumbnailUrl\":\"https:\/\/www.hometheater.com.br\/portal\/wp-content\/uploads\/2022\/07\/chamada_fone.jpg\",\"datePublished\":\"2022-07-25T15:07:18+00:00\",\"dateModified\":\"2022-08-05T10:57:19+00:00\",\"breadcrumb\":{\"@id\":\"https:\/\/www.hometheater.com.br\/portal\/2022\/07\/25\/fone-bw-px7-avaliamos-o-cancelamento-adaptativo-de-ruido\/#breadcrumb\"},\"inLanguage\":\"pt-BR\",\"potentialAction\":[{\"@type\":\"ReadAction\",\"target\":[\"https:\/\/www.hometheater.com.br\/portal\/2022\/07\/25\/fone-bw-px7-avaliamos-o-cancelamento-adaptativo-de-ruido\/\"]}]},{\"@type\":\"ImageObject\",\"inLanguage\":\"pt-BR\",\"@id\":\"https:\/\/www.hometheater.com.br\/portal\/2022\/07\/25\/fone-bw-px7-avaliamos-o-cancelamento-adaptativo-de-ruido\/#primaryimage\",\"url\":\"https:\/\/www.hometheater.com.br\/portal\/wp-content\/uploads\/2022\/07\/chamada_fone.jpg\",\"contentUrl\":\"https:\/\/www.hometheater.com.br\/portal\/wp-content\/uploads\/2022\/07\/chamada_fone.jpg\",\"width\":800,\"height\":527},{\"@type\":\"BreadcrumbList\",\"@id\":\"https:\/\/www.hometheater.com.br\/portal\/2022\/07\/25\/fone-bw-px7-avaliamos-o-cancelamento-adaptativo-de-ruido\/#breadcrumb\",\"itemListElement\":[{\"@type\":\"ListItem\",\"position\":1,\"name\":\"In\u00edcio\",\"item\":\"https:\/\/www.hometheater.com.br\/portal\/\"},{\"@type\":\"ListItem\",\"position\":2,\"name\":\"Fone B&#038;W PX7: avaliamos o cancelamento adaptativo de ru\u00eddo\"}]},{\"@type\":\"WebSite\",\"@id\":\"https:\/\/www.hometheater.com.br\/portal\/#website\",\"url\":\"https:\/\/www.hometheater.com.br\/portal\/\",\"name\":\"HT &amp; Casa Digital\",\"description\":\"O mundo digital em sua casa\",\"publisher\":{\"@id\":\"https:\/\/www.hometheater.com.br\/portal\/#organization\"},\"potentialAction\":[{\"@type\":\"SearchAction\",\"target\":{\"@type\":\"EntryPoint\",\"urlTemplate\":\"https:\/\/www.hometheater.com.br\/portal\/?s={search_term_string}\"},\"query-input\":{\"@type\":\"PropertyValueSpecification\",\"valueRequired\":true,\"valueName\":\"search_term_string\"}}],\"inLanguage\":\"pt-BR\"},{\"@type\":\"Organization\",\"@id\":\"https:\/\/www.hometheater.com.br\/portal\/#organization\",\"name\":\"Home Theater\",\"url\":\"https:\/\/www.hometheater.com.br\/portal\/\",\"logo\":{\"@type\":\"ImageObject\",\"inLanguage\":\"pt-BR\",\"@id\":\"https:\/\/www.hometheater.com.br\/portal\/#\/schema\/logo\/image\/\",\"url\":\"https:\/\/www.hometheater.com.br\/portal\/wp-content\/uploads\/2022\/06\/assine_ht_01.png\",\"contentUrl\":\"https:\/\/www.hometheater.com.br\/portal\/wp-content\/uploads\/2022\/06\/assine_ht_01.png\",\"width\":800,\"height\":254,\"caption\":\"Home Theater\"},\"image\":{\"@id\":\"https:\/\/www.hometheater.com.br\/portal\/#\/schema\/logo\/image\/\"},\"sameAs\":[\"https:\/\/web.facebook.com\/revistahometheater\",\"https:\/\/x.com\/hometheaterbr\"]},{\"@type\":\"Person\",\"@id\":\"https:\/\/www.hometheater.com.br\/portal\/#\/schema\/person\/3b6bd5a9e2a6c4197c7b98dd7a733d22\",\"name\":\"Revista Home Theater &amp; Casa Digital\",\"image\":{\"@type\":\"ImageObject\",\"inLanguage\":\"pt-BR\",\"@id\":\"https:\/\/www.hometheater.com.br\/portal\/#\/schema\/person\/image\/\",\"url\":\"https:\/\/secure.gravatar.com\/avatar\/fd86f33d841f0f43adcc1665dd80ca740e028af4297e20d3444f9335092a6ee7?s=96&d=mm&r=g\",\"contentUrl\":\"https:\/\/secure.gravatar.com\/avatar\/fd86f33d841f0f43adcc1665dd80ca740e028af4297e20d3444f9335092a6ee7?s=96&d=mm&r=g\",\"caption\":\"Revista Home Theater &amp; Casa Digital\"},\"url\":\"https:\/\/www.hometheater.com.br\/portal\/author\/flavio\/\"}]}<\/script>\n<!-- \/ Yoast SEO plugin. -->","yoast_head_json":{"title":"Fone B&W PX7: avaliamos o cancelamento adaptativo de ru\u00eddo - HT &amp; Casa Digital","robots":{"index":"index","follow":"follow","max-snippet":"max-snippet:-1","max-image-preview":"max-image-preview:large","max-video-preview":"max-video-preview:-1"},"canonical":"https:\/\/www.hometheater.com.br\/portal\/2022\/07\/25\/fone-bw-px7-avaliamos-o-cancelamento-adaptativo-de-ruido\/","og_locale":"pt_BR","og_type":"article","og_title":"Fone B&W PX7: avaliamos o cancelamento adaptativo de ru\u00eddo - HT &amp; Casa Digital","og_description":"A linha de fones de ouvido PX, da Bowers &amp; Wilkins (mods. PX7 e PX5) foi projetada pelos mesmos engenheiros respons\u00e1veis pelas caixas ac\u00fasticas B&amp;W","og_url":"https:\/\/www.hometheater.com.br\/portal\/2022\/07\/25\/fone-bw-px7-avaliamos-o-cancelamento-adaptativo-de-ruido\/","og_site_name":"HT &amp; Casa Digital","article_publisher":"https:\/\/web.facebook.com\/revistahometheater","article_published_time":"2022-07-25T15:07:18+00:00","article_modified_time":"2022-08-05T10:57:19+00:00","og_image":[{"width":800,"height":527,"url":"https:\/\/www.hometheater.com.br\/portal\/wp-content\/uploads\/2022\/07\/chamada_fone.jpg","type":"image\/jpeg"}],"author":"Revista Home Theater &amp; Casa Digital","twitter_card":"summary_large_image","twitter_creator":"@hometheaterbr","twitter_site":"@hometheaterbr","twitter_misc":{"Escrito por":"Revista Home Theater &amp; Casa Digital","Est. tempo de leitura":"4 minutos"},"schema":{"@context":"https:\/\/schema.org","@graph":[{"@type":"Article","@id":"https:\/\/www.hometheater.com.br\/portal\/2022\/07\/25\/fone-bw-px7-avaliamos-o-cancelamento-adaptativo-de-ruido\/#article","isPartOf":{"@id":"https:\/\/www.hometheater.com.br\/portal\/2022\/07\/25\/fone-bw-px7-avaliamos-o-cancelamento-adaptativo-de-ruido\/"},"author":{"name":"Revista Home Theater &amp; Casa Digital","@id":"https:\/\/www.hometheater.com.br\/portal\/#\/schema\/person\/3b6bd5a9e2a6c4197c7b98dd7a733d22"},"headline":"Fone B&#038;W PX7: avaliamos o cancelamento adaptativo de ru\u00eddo","datePublished":"2022-07-25T15:07:18+00:00","dateModified":"2022-08-05T10:57:19+00:00","mainEntityOfPage":{"@id":"https:\/\/www.hometheater.com.br\/portal\/2022\/07\/25\/fone-bw-px7-avaliamos-o-cancelamento-adaptativo-de-ruido\/"},"wordCount":761,"commentCount":0,"publisher":{"@id":"https:\/\/www.hometheater.com.br\/portal\/#organization"},"image":{"@id":"https:\/\/www.hometheater.com.br\/portal\/2022\/07\/25\/fone-bw-px7-avaliamos-o-cancelamento-adaptativo-de-ruido\/#primaryimage"},"thumbnailUrl":"https:\/\/www.hometheater.com.br\/portal\/wp-content\/uploads\/2022\/07\/chamada_fone.jpg","articleSection":["HT PREMIUM"],"inLanguage":"pt-BR","potentialAction":[{"@type":"CommentAction","name":"Comment","target":["https:\/\/www.hometheater.com.br\/portal\/2022\/07\/25\/fone-bw-px7-avaliamos-o-cancelamento-adaptativo-de-ruido\/#respond"]}]},{"@type":"WebPage","@id":"https:\/\/www.hometheater.com.br\/portal\/2022\/07\/25\/fone-bw-px7-avaliamos-o-cancelamento-adaptativo-de-ruido\/","url":"https:\/\/www.hometheater.com.br\/portal\/2022\/07\/25\/fone-bw-px7-avaliamos-o-cancelamento-adaptativo-de-ruido\/","name":"Fone B&W PX7: avaliamos o cancelamento adaptativo de ru\u00eddo - HT &amp; Casa Digital","isPartOf":{"@id":"https:\/\/www.hometheater.com.br\/portal\/#website"},"primaryImageOfPage":{"@id":"https:\/\/www.hometheater.com.br\/portal\/2022\/07\/25\/fone-bw-px7-avaliamos-o-cancelamento-adaptativo-de-ruido\/#primaryimage"},"image":{"@id":"https:\/\/www.hometheater.com.br\/portal\/2022\/07\/25\/fone-bw-px7-avaliamos-o-cancelamento-adaptativo-de-ruido\/#primaryimage"},"thumbnailUrl":"https:\/\/www.hometheater.com.br\/portal\/wp-content\/uploads\/2022\/07\/chamada_fone.jpg","datePublished":"2022-07-25T15:07:18+00:00","dateModified":"2022-08-05T10:57:19+00:00","breadcrumb":{"@id":"https:\/\/www.hometheater.com.br\/portal\/2022\/07\/25\/fone-bw-px7-avaliamos-o-cancelamento-adaptativo-de-ruido\/#breadcrumb"},"inLanguage":"pt-BR","potentialAction":[{"@type":"ReadAction","target":["https:\/\/www.hometheater.com.br\/portal\/2022\/07\/25\/fone-bw-px7-avaliamos-o-cancelamento-adaptativo-de-ruido\/"]}]},{"@type":"ImageObject","inLanguage":"pt-BR","@id":"https:\/\/www.hometheater.com.br\/portal\/2022\/07\/25\/fone-bw-px7-avaliamos-o-cancelamento-adaptativo-de-ruido\/#primaryimage","url":"https:\/\/www.hometheater.com.br\/portal\/wp-content\/uploads\/2022\/07\/chamada_fone.jpg","contentUrl":"https:\/\/www.hometheater.com.br\/portal\/wp-content\/uploads\/2022\/07\/chamada_fone.jpg","width":800,"height":527},{"@type":"BreadcrumbList","@id":"https:\/\/www.hometheater.com.br\/portal\/2022\/07\/25\/fone-bw-px7-avaliamos-o-cancelamento-adaptativo-de-ruido\/#breadcrumb","itemListElement":[{"@type":"ListItem","position":1,"name":"In\u00edcio","item":"https:\/\/www.hometheater.com.br\/portal\/"},{"@type":"ListItem","position":2,"name":"Fone B&#038;W PX7: avaliamos o cancelamento adaptativo de ru\u00eddo"}]},{"@type":"WebSite","@id":"https:\/\/www.hometheater.com.br\/portal\/#website","url":"https:\/\/www.hometheater.com.br\/portal\/","name":"HT &amp; Casa Digital","description":"O mundo digital em sua casa","publisher":{"@id":"https:\/\/www.hometheater.com.br\/portal\/#organization"},"potentialAction":[{"@type":"SearchAction","target":{"@type":"EntryPoint","urlTemplate":"https:\/\/www.hometheater.com.br\/portal\/?s={search_term_string}"},"query-input":{"@type":"PropertyValueSpecification","valueRequired":true,"valueName":"search_term_string"}}],"inLanguage":"pt-BR"},{"@type":"Organization","@id":"https:\/\/www.hometheater.com.br\/portal\/#organization","name":"Home Theater","url":"https:\/\/www.hometheater.com.br\/portal\/","logo":{"@type":"ImageObject","inLanguage":"pt-BR","@id":"https:\/\/www.hometheater.com.br\/portal\/#\/schema\/logo\/image\/","url":"https:\/\/www.hometheater.com.br\/portal\/wp-content\/uploads\/2022\/06\/assine_ht_01.png","contentUrl":"https:\/\/www.hometheater.com.br\/portal\/wp-content\/uploads\/2022\/06\/assine_ht_01.png","width":800,"height":254,"caption":"Home Theater"},"image":{"@id":"https:\/\/www.hometheater.com.br\/portal\/#\/schema\/logo\/image\/"},"sameAs":["https:\/\/web.facebook.com\/revistahometheater","https:\/\/x.com\/hometheaterbr"]},{"@type":"Person","@id":"https:\/\/www.hometheater.com.br\/portal\/#\/schema\/person\/3b6bd5a9e2a6c4197c7b98dd7a733d22","name":"Revista Home Theater &amp; Casa Digital","image":{"@type":"ImageObject","inLanguage":"pt-BR","@id":"https:\/\/www.hometheater.com.br\/portal\/#\/schema\/person\/image\/","url":"https:\/\/secure.gravatar.com\/avatar\/fd86f33d841f0f43adcc1665dd80ca740e028af4297e20d3444f9335092a6ee7?s=96&d=mm&r=g","contentUrl":"https:\/\/secure.gravatar.com\/avatar\/fd86f33d841f0f43adcc1665dd80ca740e028af4297e20d3444f9335092a6ee7?s=96&d=mm&r=g","caption":"Revista Home Theater &amp; Casa Digital"},"url":"https:\/\/www.hometheater.com.br\/portal\/author\/flavio\/"}]}},"_links":{"self":[{"href":"https:\/\/www.hometheater.com.br\/portal\/wp-json\/wp\/v2\/posts\/25069","targetHints":{"allow":["GET"]}}],"collection":[{"href":"https:\/\/www.hometheater.com.br\/portal\/wp-json\/wp\/v2\/posts"}],"about":[{"href":"https:\/\/www.hometheater.com.br\/portal\/wp-json\/wp\/v2\/types\/post"}],"author":[{"embeddable":true,"href":"https:\/\/www.hometheater.com.br\/portal\/wp-json\/wp\/v2\/users\/1"}],"replies":[{"embeddable":true,"href":"https:\/\/www.hometheater.com.br\/portal\/wp-json\/wp\/v2\/comments?post=25069"}],"version-history":[{"count":0,"href":"https:\/\/www.hometheater.com.br\/portal\/wp-json\/wp\/v2\/posts\/25069\/revisions"}],"wp:featuredmedia":[{"embeddable":true,"href":"https:\/\/www.hometheater.com.br\/portal\/wp-json\/wp\/v2\/media\/25078"}],"wp:attachment":[{"href":"https:\/\/www.hometheater.com.br\/portal\/wp-json\/wp\/v2\/media?parent=25069"}],"wp:term":[{"taxonomy":"category","embeddable":true,"href":"https:\/\/www.hometheater.com.br\/portal\/wp-json\/wp\/v2\/categories?post=25069"},{"taxonomy":"post_tag","embeddable":true,"href":"https:\/\/www.hometheater.com.br\/portal\/wp-json\/wp\/v2\/tags?post=25069"}],"curies":[{"name":"wp","href":"https:\/\/api.w.org\/{rel}","templated":true}]}}