{"id":23928,"date":"2022-04-08T12:31:20","date_gmt":"2022-04-08T15:31:20","guid":{"rendered":"https:\/\/www.hometheater.com.br\/portal\/?p=23928"},"modified":"2022-05-11T12:32:24","modified_gmt":"2022-05-11T15:32:24","slug":"dados-confirmam-que-mais-brasileiros-querem-casa-inteligente","status":"publish","type":"post","link":"https:\/\/www.hometheater.com.br\/portal\/2022\/04\/08\/dados-confirmam-que-mais-brasileiros-querem-casa-inteligente\/","title":{"rendered":"Dados confirmam que mais brasileiros querem Casa Inteligente"},"content":{"rendered":"<p>O amigo Vinicius Bastos, da QueroAutoma\u00e7\u00e3o, me chamou a aten\u00e7\u00e3o para pesquisa divulgada recentemente pela empresa Quinto Andar, que se tornou um dos fen\u00f4menos recentes da internet propondo novos modelos de comercializa\u00e7\u00e3o de im\u00f3veis.\u00a0<a href=\"https:\/\/www.queroautomacao.com.br\/desejo-por-casas-inteligentes-esta-em-alta\/\"><strong>Neste artigo<\/strong><\/a>, ele comentou os dados da pesquisa que se referem ao segmento de automa\u00e7\u00e3o residencial, e sobre os quais vale a pena pensar melhor.<\/p>\n<p>Feito em conjunto com o Datafolha, o levantamento traz respostas de 3.186 consumidores abordados pessoalmente nas cinco regi\u00f5es do pa\u00eds, em outubro de 2021. O objetivo era colher informa\u00e7\u00f5es sobre as moradias e os desejos dos consumidores em rela\u00e7\u00e3o a suas casas. N\u00e3o me lembro de ter visto antes nada t\u00e3o espec\u00edfico sobre o assunto.<\/p><div class=\"homet-conteudo\" style=\"text-align: center;\" id=\"homet-2398518143\"><div data-cfpa=\"35734\" data-cfpw=\"35734\" id=\"homet-2864894327\"><a data-no-instant=\"1\" href=\"https:\/\/www.harmanluxuryaudio.com\/\" rel=\"noopener\" class=\"a2t-link\" aria-label=\"ARCAM-SA45-BANNER-NEWSLETTER\"><img loading=\"lazy\" decoding=\"async\" src=\"https:\/\/www.hometheater.com.br\/portal\/wp-content\/uploads\/2025\/09\/ARCAM-SA45-BANNER-NEWSLETTER.gif\" alt=\"\"  class=\"no-lazyload\" width=\"300\" height=\"250\"   \/><\/a><\/div><h6><span style=\"color: #808080;\"><em>Publicidade<\/em><\/span><\/h6>\r\n<\/br><script type=\"text\/javascript\">;new advadsCfpAd( 35734 );<\/script><\/div>\n<p>A pesquisa mostra como cada um v\u00ea sua pr\u00f3pria moradia, confirmando que ter casa pr\u00f3pria \u00e9, para os brasileiros, considerado quase mais importante at\u00e9 do que ter uma fam\u00edlia! Os entrevistados descrevem em detalhe suas habita\u00e7\u00f5es: quase metade deles moram em casas com 2 quartos; 23% t\u00eam pelo menos uma su\u00edte; 77% t\u00eam garagem. E mais de 80% est\u00e3o satisfeitos com suas resid\u00eancias atuais.<\/p>\n<p>A\u00ed vem o que mais interessa para quem trabalha com projetos residenciais. Entre os que moram em casas:<\/p>\n<p>73% sonham ter um painel de energia solar;<\/p>\n<p>60% desejam reservat\u00f3rios para capta\u00e7\u00e3o e reuso de \u00e1gua da chuva;<\/p>\n<p>59% pretendem comprar um sistema com c\u00e2meras de seguran\u00e7a.<\/p>\n<p>Outros itens tecnol\u00f3gicos citados entre os desejos dos entrevistados s\u00e3o alarme (53%), ar-condicionado (47%), fechadura eletr\u00f4nica (45%), sistema de ilumina\u00e7\u00e3o controlada por app (42%) e assistente virtual (29%). A pesquisa completa pode ser conferida\u00a0<a href=\"https:\/\/indd.adobe.com\/view\/814d6ccb-0ea1-4858-8ed1-479886a0a68e\"><strong>neste link<\/strong><\/a>.<\/p>\n<p>Os n\u00fameros mudam ligeiramente para quem reside em apartamento, mas o fato \u00e9 que a tecnologia parece de fato ter entrado no radar dos brasileiros, ainda que grande parte deles n\u00e3o saiba exatamente como (e se pode) faz\u00ea-lo. N\u00e3o \u00e9 coincid\u00eancia que construtoras v\u00eam aumentando em seus projetos os itens tecnol\u00f3gicos, especialmente no segmento de alto padr\u00e3o.<br \/>\n<a href=\"https:\/\/orlandobarrozo.blog.br\/2022\/04\/08\/brasileiros-querem-casas-mais-inteligentes\/capa-311-cor1\/\" rel=\"attachment wp-att-22135\"><img loading=\"lazy\" decoding=\"async\" class=\"alignleft size-medium wp-image-22135\" src=\"https:\/\/orlandobarrozo.blog.br\/wp-content\/2022\/04\/CAPA-311-COR1-363x482.jpg\" sizes=\"auto, (max-width: 363px) 100vw, 363px\" srcset=\"https:\/\/orlandobarrozo.blog.br\/wp-content\/2022\/04\/CAPA-311-COR1-363x482.jpg 363w, https:\/\/orlandobarrozo.blog.br\/wp-content\/2022\/04\/CAPA-311-COR1-377x500.jpg 377w, https:\/\/orlandobarrozo.blog.br\/wp-content\/2022\/04\/CAPA-311-COR1.jpg 472w\" alt=\"\" width=\"363\" height=\"482\" \/><\/a><\/p>\n<p>&nbsp;<\/p>\n<p>E mesmo para quem j\u00e1 tem a sua casa, as diversas solu\u00e7\u00f5es sem fio est\u00e3o a\u00ed para simplificar a vida de todos. A quest\u00e3o, como sempre, \u00e9 como fazer. E quem tem a resposta \u00e9 um bom integrador especializado. Tamb\u00e9m n\u00e3o \u00e9 coincid\u00eancia que a edi\u00e7\u00e3o de abril da revista HOME THEATER &amp; CASA DIGITAL,\u00a0<a href=\"https:\/\/www.hometheater.com.br\/portal\/edicao-311-abril-2022\/\"><strong>que pode ser acessada aqui<\/strong><\/a>, traz reportagem sobre o passo a passo de um projeto de Casa Inteligente.<\/p>\n","protected":false},"excerpt":{"rendered":"<p>O amigo Vinicius Bastos, da QueroAutoma\u00e7\u00e3o, me chamou a aten\u00e7\u00e3o para pesquisa divulgada recentemente pela empresa Quinto Andar, que se tornou um dos fen\u00f4menos recentes<\/p>\n","protected":false},"author":1,"featured_media":0,"comment_status":"open","ping_status":"open","sticky":false,"template":"","format":"standard","meta":{"footnotes":""},"categories":[24],"tags":[],"class_list":["post-23928","post","type-post","status-publish","format-standard","hentry","category-smart-home"],"yoast_head":"<!-- This site is optimized with the Yoast SEO plugin v25.7 - https:\/\/yoast.com\/wordpress\/plugins\/seo\/ -->\n<title>Dados confirmam que mais brasileiros querem Casa Inteligente - HT &amp; Casa Digital<\/title>\n<meta name=\"robots\" content=\"index, follow, max-snippet:-1, max-image-preview:large, max-video-preview:-1\" \/>\n<link rel=\"canonical\" href=\"https:\/\/www.hometheater.com.br\/portal\/2022\/04\/08\/dados-confirmam-que-mais-brasileiros-querem-casa-inteligente\/\" \/>\n<meta property=\"og:locale\" content=\"pt_BR\" \/>\n<meta property=\"og:type\" content=\"article\" \/>\n<meta property=\"og:title\" content=\"Dados confirmam que mais brasileiros querem Casa Inteligente - HT &amp; Casa Digital\" \/>\n<meta property=\"og:description\" content=\"O amigo Vinicius Bastos, da QueroAutoma\u00e7\u00e3o, me chamou a aten\u00e7\u00e3o para pesquisa divulgada recentemente pela empresa Quinto Andar, que se tornou um dos fen\u00f4menos recentes\" \/>\n<meta property=\"og:url\" content=\"https:\/\/www.hometheater.com.br\/portal\/2022\/04\/08\/dados-confirmam-que-mais-brasileiros-querem-casa-inteligente\/\" \/>\n<meta property=\"og:site_name\" content=\"HT &amp; Casa Digital\" \/>\n<meta property=\"article:publisher\" content=\"https:\/\/web.facebook.com\/revistahometheater\" \/>\n<meta property=\"article:published_time\" content=\"2022-04-08T15:31:20+00:00\" \/>\n<meta property=\"article:modified_time\" content=\"2022-05-11T15:32:24+00:00\" \/>\n<meta property=\"og:image\" content=\"https:\/\/orlandobarrozo.blog.br\/wp-content\/2022\/04\/CAPA-311-COR1-363x482.jpg\" \/>\n<meta name=\"author\" content=\"Revista Home Theater &amp; Casa Digital\" \/>\n<meta name=\"twitter:card\" content=\"summary_large_image\" \/>\n<meta name=\"twitter:creator\" content=\"@hometheaterbr\" \/>\n<meta name=\"twitter:site\" content=\"@hometheaterbr\" \/>\n<meta name=\"twitter:label1\" content=\"Escrito por\" \/>\n\t<meta name=\"twitter:data1\" content=\"Revista Home Theater &amp; Casa Digital\" \/>\n\t<meta name=\"twitter:label2\" content=\"Est. tempo de leitura\" \/>\n\t<meta name=\"twitter:data2\" content=\"3 minutos\" \/>\n<script type=\"application\/ld+json\" class=\"yoast-schema-graph\">{\"@context\":\"https:\/\/schema.org\",\"@graph\":[{\"@type\":\"Article\",\"@id\":\"https:\/\/www.hometheater.com.br\/portal\/2022\/04\/08\/dados-confirmam-que-mais-brasileiros-querem-casa-inteligente\/#article\",\"isPartOf\":{\"@id\":\"https:\/\/www.hometheater.com.br\/portal\/2022\/04\/08\/dados-confirmam-que-mais-brasileiros-querem-casa-inteligente\/\"},\"author\":{\"name\":\"Revista Home Theater &amp; Casa Digital\",\"@id\":\"https:\/\/www.hometheater.com.br\/portal\/#\/schema\/person\/3b6bd5a9e2a6c4197c7b98dd7a733d22\"},\"headline\":\"Dados confirmam que mais brasileiros querem Casa Inteligente\",\"datePublished\":\"2022-04-08T15:31:20+00:00\",\"dateModified\":\"2022-05-11T15:32:24+00:00\",\"mainEntityOfPage\":{\"@id\":\"https:\/\/www.hometheater.com.br\/portal\/2022\/04\/08\/dados-confirmam-que-mais-brasileiros-querem-casa-inteligente\/\"},\"wordCount\":424,\"commentCount\":0,\"publisher\":{\"@id\":\"https:\/\/www.hometheater.com.br\/portal\/#organization\"},\"image\":{\"@id\":\"https:\/\/www.hometheater.com.br\/portal\/2022\/04\/08\/dados-confirmam-que-mais-brasileiros-querem-casa-inteligente\/#primaryimage\"},\"thumbnailUrl\":\"https:\/\/orlandobarrozo.blog.br\/wp-content\/2022\/04\/CAPA-311-COR1-363x482.jpg\",\"articleSection\":[\"SMART HOME\"],\"inLanguage\":\"pt-BR\",\"potentialAction\":[{\"@type\":\"CommentAction\",\"name\":\"Comment\",\"target\":[\"https:\/\/www.hometheater.com.br\/portal\/2022\/04\/08\/dados-confirmam-que-mais-brasileiros-querem-casa-inteligente\/#respond\"]}]},{\"@type\":\"WebPage\",\"@id\":\"https:\/\/www.hometheater.com.br\/portal\/2022\/04\/08\/dados-confirmam-que-mais-brasileiros-querem-casa-inteligente\/\",\"url\":\"https:\/\/www.hometheater.com.br\/portal\/2022\/04\/08\/dados-confirmam-que-mais-brasileiros-querem-casa-inteligente\/\",\"name\":\"Dados confirmam que mais brasileiros querem Casa Inteligente - HT &amp; Casa Digital\",\"isPartOf\":{\"@id\":\"https:\/\/www.hometheater.com.br\/portal\/#website\"},\"primaryImageOfPage\":{\"@id\":\"https:\/\/www.hometheater.com.br\/portal\/2022\/04\/08\/dados-confirmam-que-mais-brasileiros-querem-casa-inteligente\/#primaryimage\"},\"image\":{\"@id\":\"https:\/\/www.hometheater.com.br\/portal\/2022\/04\/08\/dados-confirmam-que-mais-brasileiros-querem-casa-inteligente\/#primaryimage\"},\"thumbnailUrl\":\"https:\/\/orlandobarrozo.blog.br\/wp-content\/2022\/04\/CAPA-311-COR1-363x482.jpg\",\"datePublished\":\"2022-04-08T15:31:20+00:00\",\"dateModified\":\"2022-05-11T15:32:24+00:00\",\"breadcrumb\":{\"@id\":\"https:\/\/www.hometheater.com.br\/portal\/2022\/04\/08\/dados-confirmam-que-mais-brasileiros-querem-casa-inteligente\/#breadcrumb\"},\"inLanguage\":\"pt-BR\",\"potentialAction\":[{\"@type\":\"ReadAction\",\"target\":[\"https:\/\/www.hometheater.com.br\/portal\/2022\/04\/08\/dados-confirmam-que-mais-brasileiros-querem-casa-inteligente\/\"]}]},{\"@type\":\"ImageObject\",\"inLanguage\":\"pt-BR\",\"@id\":\"https:\/\/www.hometheater.com.br\/portal\/2022\/04\/08\/dados-confirmam-que-mais-brasileiros-querem-casa-inteligente\/#primaryimage\",\"url\":\"https:\/\/orlandobarrozo.blog.br\/wp-content\/2022\/04\/CAPA-311-COR1-363x482.jpg\",\"contentUrl\":\"https:\/\/orlandobarrozo.blog.br\/wp-content\/2022\/04\/CAPA-311-COR1-363x482.jpg\"},{\"@type\":\"BreadcrumbList\",\"@id\":\"https:\/\/www.hometheater.com.br\/portal\/2022\/04\/08\/dados-confirmam-que-mais-brasileiros-querem-casa-inteligente\/#breadcrumb\",\"itemListElement\":[{\"@type\":\"ListItem\",\"position\":1,\"name\":\"In\u00edcio\",\"item\":\"https:\/\/www.hometheater.com.br\/portal\/\"},{\"@type\":\"ListItem\",\"position\":2,\"name\":\"Dados confirmam que mais brasileiros querem Casa Inteligente\"}]},{\"@type\":\"WebSite\",\"@id\":\"https:\/\/www.hometheater.com.br\/portal\/#website\",\"url\":\"https:\/\/www.hometheater.com.br\/portal\/\",\"name\":\"HT &amp; Casa Digital\",\"description\":\"O mundo digital em sua casa\",\"publisher\":{\"@id\":\"https:\/\/www.hometheater.com.br\/portal\/#organization\"},\"potentialAction\":[{\"@type\":\"SearchAction\",\"target\":{\"@type\":\"EntryPoint\",\"urlTemplate\":\"https:\/\/www.hometheater.com.br\/portal\/?s={search_term_string}\"},\"query-input\":{\"@type\":\"PropertyValueSpecification\",\"valueRequired\":true,\"valueName\":\"search_term_string\"}}],\"inLanguage\":\"pt-BR\"},{\"@type\":\"Organization\",\"@id\":\"https:\/\/www.hometheater.com.br\/portal\/#organization\",\"name\":\"Home Theater\",\"url\":\"https:\/\/www.hometheater.com.br\/portal\/\",\"logo\":{\"@type\":\"ImageObject\",\"inLanguage\":\"pt-BR\",\"@id\":\"https:\/\/www.hometheater.com.br\/portal\/#\/schema\/logo\/image\/\",\"url\":\"https:\/\/www.hometheater.com.br\/portal\/wp-content\/uploads\/2022\/06\/assine_ht_01.png\",\"contentUrl\":\"https:\/\/www.hometheater.com.br\/portal\/wp-content\/uploads\/2022\/06\/assine_ht_01.png\",\"width\":800,\"height\":254,\"caption\":\"Home Theater\"},\"image\":{\"@id\":\"https:\/\/www.hometheater.com.br\/portal\/#\/schema\/logo\/image\/\"},\"sameAs\":[\"https:\/\/web.facebook.com\/revistahometheater\",\"https:\/\/x.com\/hometheaterbr\"]},{\"@type\":\"Person\",\"@id\":\"https:\/\/www.hometheater.com.br\/portal\/#\/schema\/person\/3b6bd5a9e2a6c4197c7b98dd7a733d22\",\"name\":\"Revista Home Theater &amp; Casa Digital\",\"image\":{\"@type\":\"ImageObject\",\"inLanguage\":\"pt-BR\",\"@id\":\"https:\/\/www.hometheater.com.br\/portal\/#\/schema\/person\/image\/\",\"url\":\"https:\/\/secure.gravatar.com\/avatar\/fd86f33d841f0f43adcc1665dd80ca740e028af4297e20d3444f9335092a6ee7?s=96&d=mm&r=g\",\"contentUrl\":\"https:\/\/secure.gravatar.com\/avatar\/fd86f33d841f0f43adcc1665dd80ca740e028af4297e20d3444f9335092a6ee7?s=96&d=mm&r=g\",\"caption\":\"Revista Home Theater &amp; Casa Digital\"},\"url\":\"https:\/\/www.hometheater.com.br\/portal\/author\/flavio\/\"}]}<\/script>\n<!-- \/ Yoast SEO plugin. -->","yoast_head_json":{"title":"Dados confirmam que mais brasileiros querem Casa Inteligente - HT &amp; Casa Digital","robots":{"index":"index","follow":"follow","max-snippet":"max-snippet:-1","max-image-preview":"max-image-preview:large","max-video-preview":"max-video-preview:-1"},"canonical":"https:\/\/www.hometheater.com.br\/portal\/2022\/04\/08\/dados-confirmam-que-mais-brasileiros-querem-casa-inteligente\/","og_locale":"pt_BR","og_type":"article","og_title":"Dados confirmam que mais brasileiros querem Casa Inteligente - HT &amp; Casa Digital","og_description":"O amigo Vinicius Bastos, da QueroAutoma\u00e7\u00e3o, me chamou a aten\u00e7\u00e3o para pesquisa divulgada recentemente pela empresa Quinto Andar, que se tornou um dos fen\u00f4menos recentes","og_url":"https:\/\/www.hometheater.com.br\/portal\/2022\/04\/08\/dados-confirmam-que-mais-brasileiros-querem-casa-inteligente\/","og_site_name":"HT &amp; Casa Digital","article_publisher":"https:\/\/web.facebook.com\/revistahometheater","article_published_time":"2022-04-08T15:31:20+00:00","article_modified_time":"2022-05-11T15:32:24+00:00","og_image":[{"url":"https:\/\/orlandobarrozo.blog.br\/wp-content\/2022\/04\/CAPA-311-COR1-363x482.jpg","type":"","width":"","height":""}],"author":"Revista Home Theater &amp; Casa Digital","twitter_card":"summary_large_image","twitter_creator":"@hometheaterbr","twitter_site":"@hometheaterbr","twitter_misc":{"Escrito por":"Revista Home Theater &amp; Casa Digital","Est. tempo de leitura":"3 minutos"},"schema":{"@context":"https:\/\/schema.org","@graph":[{"@type":"Article","@id":"https:\/\/www.hometheater.com.br\/portal\/2022\/04\/08\/dados-confirmam-que-mais-brasileiros-querem-casa-inteligente\/#article","isPartOf":{"@id":"https:\/\/www.hometheater.com.br\/portal\/2022\/04\/08\/dados-confirmam-que-mais-brasileiros-querem-casa-inteligente\/"},"author":{"name":"Revista Home Theater &amp; Casa Digital","@id":"https:\/\/www.hometheater.com.br\/portal\/#\/schema\/person\/3b6bd5a9e2a6c4197c7b98dd7a733d22"},"headline":"Dados confirmam que mais brasileiros querem Casa Inteligente","datePublished":"2022-04-08T15:31:20+00:00","dateModified":"2022-05-11T15:32:24+00:00","mainEntityOfPage":{"@id":"https:\/\/www.hometheater.com.br\/portal\/2022\/04\/08\/dados-confirmam-que-mais-brasileiros-querem-casa-inteligente\/"},"wordCount":424,"commentCount":0,"publisher":{"@id":"https:\/\/www.hometheater.com.br\/portal\/#organization"},"image":{"@id":"https:\/\/www.hometheater.com.br\/portal\/2022\/04\/08\/dados-confirmam-que-mais-brasileiros-querem-casa-inteligente\/#primaryimage"},"thumbnailUrl":"https:\/\/orlandobarrozo.blog.br\/wp-content\/2022\/04\/CAPA-311-COR1-363x482.jpg","articleSection":["SMART HOME"],"inLanguage":"pt-BR","potentialAction":[{"@type":"CommentAction","name":"Comment","target":["https:\/\/www.hometheater.com.br\/portal\/2022\/04\/08\/dados-confirmam-que-mais-brasileiros-querem-casa-inteligente\/#respond"]}]},{"@type":"WebPage","@id":"https:\/\/www.hometheater.com.br\/portal\/2022\/04\/08\/dados-confirmam-que-mais-brasileiros-querem-casa-inteligente\/","url":"https:\/\/www.hometheater.com.br\/portal\/2022\/04\/08\/dados-confirmam-que-mais-brasileiros-querem-casa-inteligente\/","name":"Dados confirmam que mais brasileiros querem Casa Inteligente - HT &amp; Casa Digital","isPartOf":{"@id":"https:\/\/www.hometheater.com.br\/portal\/#website"},"primaryImageOfPage":{"@id":"https:\/\/www.hometheater.com.br\/portal\/2022\/04\/08\/dados-confirmam-que-mais-brasileiros-querem-casa-inteligente\/#primaryimage"},"image":{"@id":"https:\/\/www.hometheater.com.br\/portal\/2022\/04\/08\/dados-confirmam-que-mais-brasileiros-querem-casa-inteligente\/#primaryimage"},"thumbnailUrl":"https:\/\/orlandobarrozo.blog.br\/wp-content\/2022\/04\/CAPA-311-COR1-363x482.jpg","datePublished":"2022-04-08T15:31:20+00:00","dateModified":"2022-05-11T15:32:24+00:00","breadcrumb":{"@id":"https:\/\/www.hometheater.com.br\/portal\/2022\/04\/08\/dados-confirmam-que-mais-brasileiros-querem-casa-inteligente\/#breadcrumb"},"inLanguage":"pt-BR","potentialAction":[{"@type":"ReadAction","target":["https:\/\/www.hometheater.com.br\/portal\/2022\/04\/08\/dados-confirmam-que-mais-brasileiros-querem-casa-inteligente\/"]}]},{"@type":"ImageObject","inLanguage":"pt-BR","@id":"https:\/\/www.hometheater.com.br\/portal\/2022\/04\/08\/dados-confirmam-que-mais-brasileiros-querem-casa-inteligente\/#primaryimage","url":"https:\/\/orlandobarrozo.blog.br\/wp-content\/2022\/04\/CAPA-311-COR1-363x482.jpg","contentUrl":"https:\/\/orlandobarrozo.blog.br\/wp-content\/2022\/04\/CAPA-311-COR1-363x482.jpg"},{"@type":"BreadcrumbList","@id":"https:\/\/www.hometheater.com.br\/portal\/2022\/04\/08\/dados-confirmam-que-mais-brasileiros-querem-casa-inteligente\/#breadcrumb","itemListElement":[{"@type":"ListItem","position":1,"name":"In\u00edcio","item":"https:\/\/www.hometheater.com.br\/portal\/"},{"@type":"ListItem","position":2,"name":"Dados confirmam que mais brasileiros querem Casa Inteligente"}]},{"@type":"WebSite","@id":"https:\/\/www.hometheater.com.br\/portal\/#website","url":"https:\/\/www.hometheater.com.br\/portal\/","name":"HT &amp; Casa Digital","description":"O mundo digital em sua casa","publisher":{"@id":"https:\/\/www.hometheater.com.br\/portal\/#organization"},"potentialAction":[{"@type":"SearchAction","target":{"@type":"EntryPoint","urlTemplate":"https:\/\/www.hometheater.com.br\/portal\/?s={search_term_string}"},"query-input":{"@type":"PropertyValueSpecification","valueRequired":true,"valueName":"search_term_string"}}],"inLanguage":"pt-BR"},{"@type":"Organization","@id":"https:\/\/www.hometheater.com.br\/portal\/#organization","name":"Home Theater","url":"https:\/\/www.hometheater.com.br\/portal\/","logo":{"@type":"ImageObject","inLanguage":"pt-BR","@id":"https:\/\/www.hometheater.com.br\/portal\/#\/schema\/logo\/image\/","url":"https:\/\/www.hometheater.com.br\/portal\/wp-content\/uploads\/2022\/06\/assine_ht_01.png","contentUrl":"https:\/\/www.hometheater.com.br\/portal\/wp-content\/uploads\/2022\/06\/assine_ht_01.png","width":800,"height":254,"caption":"Home Theater"},"image":{"@id":"https:\/\/www.hometheater.com.br\/portal\/#\/schema\/logo\/image\/"},"sameAs":["https:\/\/web.facebook.com\/revistahometheater","https:\/\/x.com\/hometheaterbr"]},{"@type":"Person","@id":"https:\/\/www.hometheater.com.br\/portal\/#\/schema\/person\/3b6bd5a9e2a6c4197c7b98dd7a733d22","name":"Revista Home Theater &amp; Casa Digital","image":{"@type":"ImageObject","inLanguage":"pt-BR","@id":"https:\/\/www.hometheater.com.br\/portal\/#\/schema\/person\/image\/","url":"https:\/\/secure.gravatar.com\/avatar\/fd86f33d841f0f43adcc1665dd80ca740e028af4297e20d3444f9335092a6ee7?s=96&d=mm&r=g","contentUrl":"https:\/\/secure.gravatar.com\/avatar\/fd86f33d841f0f43adcc1665dd80ca740e028af4297e20d3444f9335092a6ee7?s=96&d=mm&r=g","caption":"Revista Home Theater &amp; Casa Digital"},"url":"https:\/\/www.hometheater.com.br\/portal\/author\/flavio\/"}]}},"_links":{"self":[{"href":"https:\/\/www.hometheater.com.br\/portal\/wp-json\/wp\/v2\/posts\/23928","targetHints":{"allow":["GET"]}}],"collection":[{"href":"https:\/\/www.hometheater.com.br\/portal\/wp-json\/wp\/v2\/posts"}],"about":[{"href":"https:\/\/www.hometheater.com.br\/portal\/wp-json\/wp\/v2\/types\/post"}],"author":[{"embeddable":true,"href":"https:\/\/www.hometheater.com.br\/portal\/wp-json\/wp\/v2\/users\/1"}],"replies":[{"embeddable":true,"href":"https:\/\/www.hometheater.com.br\/portal\/wp-json\/wp\/v2\/comments?post=23928"}],"version-history":[{"count":0,"href":"https:\/\/www.hometheater.com.br\/portal\/wp-json\/wp\/v2\/posts\/23928\/revisions"}],"wp:attachment":[{"href":"https:\/\/www.hometheater.com.br\/portal\/wp-json\/wp\/v2\/media?parent=23928"}],"wp:term":[{"taxonomy":"category","embeddable":true,"href":"https:\/\/www.hometheater.com.br\/portal\/wp-json\/wp\/v2\/categories?post=23928"},{"taxonomy":"post_tag","embeddable":true,"href":"https:\/\/www.hometheater.com.br\/portal\/wp-json\/wp\/v2\/tags?post=23928"}],"curies":[{"name":"wp","href":"https:\/\/api.w.org\/{rel}","templated":true}]}}