{"id":23136,"date":"2022-01-11T17:12:01","date_gmt":"2022-01-11T20:12:01","guid":{"rendered":"https:\/\/www.hometheater.com.br\/portal\/?p=23136"},"modified":"2022-02-02T17:15:24","modified_gmt":"2022-02-02T20:15:24","slug":"acordo-samsung-lg-para-tvs-qd-oled-esta-em-risco","status":"publish","type":"post","link":"https:\/\/www.hometheater.com.br\/portal\/2022\/01\/11\/acordo-samsung-lg-para-tvs-qd-oled-esta-em-risco\/","title":{"rendered":"Acordo Samsung-LG para TVs QD-OLED est\u00e1 em risco"},"content":{"rendered":"<p>A tecnologia QD-OLED foi um dos grandes assuntos da CES, apesar da confus\u00e3o em torno da desist\u00eancia da Samsung em apresentar a novidade,\u00a0<a href=\"https:\/\/orlandobarrozo.blog.br\/2022\/01\/04\/tv-qd-oled-premiado-e-cancelado\/\"><strong>como relatamos aqui<\/strong><\/a>. E deve continuar sendo discutida ao longo deste ano, principalmente se confirmado o lan\u00e7amento comercial. Quase todos os sites especializados internacionais elegeram esse o principal \u201clan\u00e7amento\u201d da CES, apesar de terem havido poucas demos e ainda restarem d\u00favidas sobre se chegar\u00e1 mesmo ao mercado, e quando<\/p>\n<p>A Sony,\u00a0<a href=\"https:\/\/www.hometheater.com.br\/portal\/2022\/01\/05\/sony-e-a-primeira-a-exibir-tv-com-painel-hibrido-qd-oled\/\"><strong>primeira a demonstrar o produto ao p\u00fablico na CES<\/strong><\/a>, anuncia que estar\u00e1 nas lojas dos principais pa\u00edses ainda neste semestre; a Dell apresentou o primeiro monitor QD-OLED, de 34\u2033, previsto para mar\u00e7o. Mas, como sabemos, tudo isso pode mudar, ainda mais com o agravamento da crise sanit\u00e1ria que est\u00e1 afetando quase todos os segmentos da economia mundial.<\/p><div class=\"homet-conteudo\" style=\"text-align: center;\" id=\"homet-1367418640\"><div data-cfpa=\"36066\" data-cfpw=\"36066\" id=\"homet-1381409530\"><a data-no-instant=\"1\" href=\"https:\/\/loja.sommaior.com.br\/\" rel=\"noopener\" class=\"a2t-link\" aria-label=\"ABBEY-ROAD_360x300px\"><img loading=\"lazy\" decoding=\"async\" src=\"https:\/\/www.hometheater.com.br\/portal\/wp-content\/uploads\/2025\/10\/ABBEY-ROAD_360x300px.jpg\" alt=\"\"  class=\"no-lazyload\" width=\"300\" height=\"250\"   \/><\/a><\/div><script type=\"text\/javascript\">;new advadsCfpAd( 36066 );<\/script><\/div>\n<p>Curioso \u00e9 que, enquanto a Dell confirma que em seu monitor (foto abaixo) utiliza painel fornecido pela Samsung, a Sony simplesmente fugiu dessa explica\u00e7\u00e3o durante toda a CES. Outra curiosidade: a Samsung n\u00e3o adota a denomina\u00e7\u00e3o \u201cOLED\u201d ao tratar dessa tecnologia; prefere cham\u00e1-la \u201cQD-Display\u201d. Coisas de uma feroz competi\u00e7\u00e3o comercial.<\/p>\n<p><a href=\"https:\/\/orlandobarrozo.blog.br\/2022\/01\/11\/qd-oled-acordo-lg-samsung-em-risco\/dell-qdoled\/\" rel=\"attachment wp-att-21889\"><img loading=\"lazy\" decoding=\"async\" class=\"alignleft size-medium wp-image-21889\" src=\"https:\/\/orlandobarrozo.blog.br\/wp-content\/2022\/01\/dell-qdoled-482x268.jpg\" sizes=\"auto, (max-width: 482px) 100vw, 482px\" srcset=\"https:\/\/orlandobarrozo.blog.br\/wp-content\/2022\/01\/dell-qdoled-482x268.jpg 482w, https:\/\/orlandobarrozo.blog.br\/wp-content\/2022\/01\/dell-qdoled-700x389.jpg 700w, https:\/\/orlandobarrozo.blog.br\/wp-content\/2022\/01\/dell-qdoled-768x427.jpg 768w, https:\/\/orlandobarrozo.blog.br\/wp-content\/2022\/01\/dell-qdoled.jpg 1200w\" alt=\"\" width=\"482\" height=\"268\" \/><\/a><\/p>\n<p>&nbsp;<\/p>\n<p>&nbsp;<\/p>\n<p>&nbsp;<\/p>\n<p>&nbsp;<\/p>\n<p>Na semana passada, quando revelou-se que a Samsung n\u00e3o iria mostrar o produto na CES, surgiu uma s\u00e9rie de rumores. Para produzir o aparelho, a Samsung teria negociado a compra dos pain\u00e9is OLED com a pr\u00f3pria LG, sua arqui-rival.\u00a0<a href=\"https:\/\/orlandobarrozo.blog.br\/2021\/12\/05\/samsung-e-oled-de-volta-os-rumores\/\"><strong>Tratamos desse tema aqui, em dezembro<\/strong><\/a>.<\/p>\n<p>Em Las Vegas, surgiram not\u00edcias de que a desist\u00eancia da Samsung deveu-se a uma diverg\u00eancia em torno do pre\u00e7o dos pain\u00e9is. A LG Display teria concordado em cobrar menos do que paga a pr\u00f3pria LG Electronics (s\u00e3o empresas diferentes, embora do mesmo grupo). Mas a Samsung teria exigido pagar ainda menos.<\/p>\n<p>Diz o bem informad\u00edssimo site chin\u00eas\u00a0<a href=\"http:\/\/www.thelec.net\/news\/articleView.html?idxno=3734\"><strong>The Elec<\/strong><\/a>\u00a0que a LG cobra 600 d\u00f3lares por um painel OLED de 65\u2033 e que a Samsung s\u00f3 topa pagar 500!!! Detalhe: a LG produz tr\u00eas tipos diferentes de painel e, enquanto a Sony compra o tipo mais caro, a Samsung busca o mais barato. Sua ideia seria lan\u00e7ar tamb\u00e9m TVs OLED, s\u00f3 que numa faixa de pre\u00e7o abaixo das atuais Neo QLED. A negocia\u00e7\u00e3o envolveria um total de 2 milh\u00f5es de pain\u00e9is.<\/p>\n<p>Tudo isso, de novo, a confirmar.<\/p>\n","protected":false},"excerpt":{"rendered":"<p>A tecnologia QD-OLED foi um dos grandes assuntos da CES, apesar da confus\u00e3o em torno da desist\u00eancia da Samsung em apresentar a novidade,\u00a0como relatamos aqui.<\/p>\n","protected":false},"author":1,"featured_media":23137,"comment_status":"open","ping_status":"open","sticky":false,"template":"","format":"standard","meta":{"footnotes":""},"categories":[59],"tags":[],"class_list":["post-23136","post","type-post","status-publish","format-standard","has-post-thumbnail","hentry","category-tvs-oled"],"yoast_head":"<!-- This site is optimized with the Yoast SEO plugin v25.7 - https:\/\/yoast.com\/wordpress\/plugins\/seo\/ -->\n<title>Acordo Samsung-LG para TVs QD-OLED est\u00e1 em risco - HT &amp; Casa Digital<\/title>\n<meta name=\"robots\" content=\"index, follow, max-snippet:-1, max-image-preview:large, max-video-preview:-1\" \/>\n<link rel=\"canonical\" href=\"https:\/\/www.hometheater.com.br\/portal\/2022\/01\/11\/acordo-samsung-lg-para-tvs-qd-oled-esta-em-risco\/\" \/>\n<meta property=\"og:locale\" content=\"pt_BR\" \/>\n<meta property=\"og:type\" content=\"article\" \/>\n<meta property=\"og:title\" content=\"Acordo Samsung-LG para TVs QD-OLED est\u00e1 em risco - HT &amp; Casa Digital\" \/>\n<meta property=\"og:description\" content=\"A tecnologia QD-OLED foi um dos grandes assuntos da CES, apesar da confus\u00e3o em torno da desist\u00eancia da Samsung em apresentar a novidade,\u00a0como relatamos aqui.\" \/>\n<meta property=\"og:url\" content=\"https:\/\/www.hometheater.com.br\/portal\/2022\/01\/11\/acordo-samsung-lg-para-tvs-qd-oled-esta-em-risco\/\" \/>\n<meta property=\"og:site_name\" content=\"HT &amp; Casa Digital\" \/>\n<meta property=\"article:publisher\" content=\"https:\/\/web.facebook.com\/revistahometheater\" \/>\n<meta property=\"article:published_time\" content=\"2022-01-11T20:12:01+00:00\" \/>\n<meta property=\"article:modified_time\" content=\"2022-02-02T20:15:24+00:00\" \/>\n<meta property=\"og:image\" content=\"https:\/\/www.hometheater.com.br\/portal\/wp-content\/uploads\/2022\/02\/dell_oled.jpg\" \/>\n\t<meta property=\"og:image:width\" content=\"482\" \/>\n\t<meta property=\"og:image:height\" content=\"268\" \/>\n\t<meta property=\"og:image:type\" content=\"image\/jpeg\" \/>\n<meta name=\"author\" content=\"Revista Home Theater &amp; Casa Digital\" \/>\n<meta name=\"twitter:card\" content=\"summary_large_image\" \/>\n<meta name=\"twitter:creator\" content=\"@hometheaterbr\" \/>\n<meta name=\"twitter:site\" content=\"@hometheaterbr\" \/>\n<meta name=\"twitter:label1\" content=\"Escrito por\" \/>\n\t<meta name=\"twitter:data1\" content=\"Revista Home Theater &amp; Casa Digital\" \/>\n\t<meta name=\"twitter:label2\" content=\"Est. tempo de leitura\" \/>\n\t<meta name=\"twitter:data2\" content=\"2 minutos\" \/>\n<script type=\"application\/ld+json\" class=\"yoast-schema-graph\">{\"@context\":\"https:\/\/schema.org\",\"@graph\":[{\"@type\":\"Article\",\"@id\":\"https:\/\/www.hometheater.com.br\/portal\/2022\/01\/11\/acordo-samsung-lg-para-tvs-qd-oled-esta-em-risco\/#article\",\"isPartOf\":{\"@id\":\"https:\/\/www.hometheater.com.br\/portal\/2022\/01\/11\/acordo-samsung-lg-para-tvs-qd-oled-esta-em-risco\/\"},\"author\":{\"name\":\"Revista Home Theater &amp; Casa Digital\",\"@id\":\"https:\/\/www.hometheater.com.br\/portal\/#\/schema\/person\/3b6bd5a9e2a6c4197c7b98dd7a733d22\"},\"headline\":\"Acordo Samsung-LG para TVs QD-OLED est\u00e1 em risco\",\"datePublished\":\"2022-01-11T20:12:01+00:00\",\"dateModified\":\"2022-02-02T20:15:24+00:00\",\"mainEntityOfPage\":{\"@id\":\"https:\/\/www.hometheater.com.br\/portal\/2022\/01\/11\/acordo-samsung-lg-para-tvs-qd-oled-esta-em-risco\/\"},\"wordCount\":404,\"commentCount\":0,\"publisher\":{\"@id\":\"https:\/\/www.hometheater.com.br\/portal\/#organization\"},\"image\":{\"@id\":\"https:\/\/www.hometheater.com.br\/portal\/2022\/01\/11\/acordo-samsung-lg-para-tvs-qd-oled-esta-em-risco\/#primaryimage\"},\"thumbnailUrl\":\"https:\/\/www.hometheater.com.br\/portal\/wp-content\/uploads\/2022\/02\/dell_oled.jpg\",\"articleSection\":[\"TVs OLED\"],\"inLanguage\":\"pt-BR\",\"potentialAction\":[{\"@type\":\"CommentAction\",\"name\":\"Comment\",\"target\":[\"https:\/\/www.hometheater.com.br\/portal\/2022\/01\/11\/acordo-samsung-lg-para-tvs-qd-oled-esta-em-risco\/#respond\"]}]},{\"@type\":\"WebPage\",\"@id\":\"https:\/\/www.hometheater.com.br\/portal\/2022\/01\/11\/acordo-samsung-lg-para-tvs-qd-oled-esta-em-risco\/\",\"url\":\"https:\/\/www.hometheater.com.br\/portal\/2022\/01\/11\/acordo-samsung-lg-para-tvs-qd-oled-esta-em-risco\/\",\"name\":\"Acordo Samsung-LG para TVs QD-OLED est\u00e1 em risco - HT &amp; Casa Digital\",\"isPartOf\":{\"@id\":\"https:\/\/www.hometheater.com.br\/portal\/#website\"},\"primaryImageOfPage\":{\"@id\":\"https:\/\/www.hometheater.com.br\/portal\/2022\/01\/11\/acordo-samsung-lg-para-tvs-qd-oled-esta-em-risco\/#primaryimage\"},\"image\":{\"@id\":\"https:\/\/www.hometheater.com.br\/portal\/2022\/01\/11\/acordo-samsung-lg-para-tvs-qd-oled-esta-em-risco\/#primaryimage\"},\"thumbnailUrl\":\"https:\/\/www.hometheater.com.br\/portal\/wp-content\/uploads\/2022\/02\/dell_oled.jpg\",\"datePublished\":\"2022-01-11T20:12:01+00:00\",\"dateModified\":\"2022-02-02T20:15:24+00:00\",\"breadcrumb\":{\"@id\":\"https:\/\/www.hometheater.com.br\/portal\/2022\/01\/11\/acordo-samsung-lg-para-tvs-qd-oled-esta-em-risco\/#breadcrumb\"},\"inLanguage\":\"pt-BR\",\"potentialAction\":[{\"@type\":\"ReadAction\",\"target\":[\"https:\/\/www.hometheater.com.br\/portal\/2022\/01\/11\/acordo-samsung-lg-para-tvs-qd-oled-esta-em-risco\/\"]}]},{\"@type\":\"ImageObject\",\"inLanguage\":\"pt-BR\",\"@id\":\"https:\/\/www.hometheater.com.br\/portal\/2022\/01\/11\/acordo-samsung-lg-para-tvs-qd-oled-esta-em-risco\/#primaryimage\",\"url\":\"https:\/\/www.hometheater.com.br\/portal\/wp-content\/uploads\/2022\/02\/dell_oled.jpg\",\"contentUrl\":\"https:\/\/www.hometheater.com.br\/portal\/wp-content\/uploads\/2022\/02\/dell_oled.jpg\",\"width\":482,\"height\":268},{\"@type\":\"BreadcrumbList\",\"@id\":\"https:\/\/www.hometheater.com.br\/portal\/2022\/01\/11\/acordo-samsung-lg-para-tvs-qd-oled-esta-em-risco\/#breadcrumb\",\"itemListElement\":[{\"@type\":\"ListItem\",\"position\":1,\"name\":\"In\u00edcio\",\"item\":\"https:\/\/www.hometheater.com.br\/portal\/\"},{\"@type\":\"ListItem\",\"position\":2,\"name\":\"Acordo Samsung-LG para TVs QD-OLED est\u00e1 em risco\"}]},{\"@type\":\"WebSite\",\"@id\":\"https:\/\/www.hometheater.com.br\/portal\/#website\",\"url\":\"https:\/\/www.hometheater.com.br\/portal\/\",\"name\":\"HT &amp; Casa Digital\",\"description\":\"O mundo digital em sua casa\",\"publisher\":{\"@id\":\"https:\/\/www.hometheater.com.br\/portal\/#organization\"},\"potentialAction\":[{\"@type\":\"SearchAction\",\"target\":{\"@type\":\"EntryPoint\",\"urlTemplate\":\"https:\/\/www.hometheater.com.br\/portal\/?s={search_term_string}\"},\"query-input\":{\"@type\":\"PropertyValueSpecification\",\"valueRequired\":true,\"valueName\":\"search_term_string\"}}],\"inLanguage\":\"pt-BR\"},{\"@type\":\"Organization\",\"@id\":\"https:\/\/www.hometheater.com.br\/portal\/#organization\",\"name\":\"Home Theater\",\"url\":\"https:\/\/www.hometheater.com.br\/portal\/\",\"logo\":{\"@type\":\"ImageObject\",\"inLanguage\":\"pt-BR\",\"@id\":\"https:\/\/www.hometheater.com.br\/portal\/#\/schema\/logo\/image\/\",\"url\":\"https:\/\/www.hometheater.com.br\/portal\/wp-content\/uploads\/2022\/06\/assine_ht_01.png\",\"contentUrl\":\"https:\/\/www.hometheater.com.br\/portal\/wp-content\/uploads\/2022\/06\/assine_ht_01.png\",\"width\":800,\"height\":254,\"caption\":\"Home Theater\"},\"image\":{\"@id\":\"https:\/\/www.hometheater.com.br\/portal\/#\/schema\/logo\/image\/\"},\"sameAs\":[\"https:\/\/web.facebook.com\/revistahometheater\",\"https:\/\/x.com\/hometheaterbr\"]},{\"@type\":\"Person\",\"@id\":\"https:\/\/www.hometheater.com.br\/portal\/#\/schema\/person\/3b6bd5a9e2a6c4197c7b98dd7a733d22\",\"name\":\"Revista Home Theater &amp; Casa Digital\",\"image\":{\"@type\":\"ImageObject\",\"inLanguage\":\"pt-BR\",\"@id\":\"https:\/\/www.hometheater.com.br\/portal\/#\/schema\/person\/image\/\",\"url\":\"https:\/\/secure.gravatar.com\/avatar\/fd86f33d841f0f43adcc1665dd80ca740e028af4297e20d3444f9335092a6ee7?s=96&d=mm&r=g\",\"contentUrl\":\"https:\/\/secure.gravatar.com\/avatar\/fd86f33d841f0f43adcc1665dd80ca740e028af4297e20d3444f9335092a6ee7?s=96&d=mm&r=g\",\"caption\":\"Revista Home Theater &amp; Casa Digital\"},\"url\":\"https:\/\/www.hometheater.com.br\/portal\/author\/flavio\/\"}]}<\/script>\n<!-- \/ Yoast SEO plugin. -->","yoast_head_json":{"title":"Acordo Samsung-LG para TVs QD-OLED est\u00e1 em risco - HT &amp; Casa Digital","robots":{"index":"index","follow":"follow","max-snippet":"max-snippet:-1","max-image-preview":"max-image-preview:large","max-video-preview":"max-video-preview:-1"},"canonical":"https:\/\/www.hometheater.com.br\/portal\/2022\/01\/11\/acordo-samsung-lg-para-tvs-qd-oled-esta-em-risco\/","og_locale":"pt_BR","og_type":"article","og_title":"Acordo Samsung-LG para TVs QD-OLED est\u00e1 em risco - HT &amp; Casa Digital","og_description":"A tecnologia QD-OLED foi um dos grandes assuntos da CES, apesar da confus\u00e3o em torno da desist\u00eancia da Samsung em apresentar a novidade,\u00a0como relatamos aqui.","og_url":"https:\/\/www.hometheater.com.br\/portal\/2022\/01\/11\/acordo-samsung-lg-para-tvs-qd-oled-esta-em-risco\/","og_site_name":"HT &amp; Casa Digital","article_publisher":"https:\/\/web.facebook.com\/revistahometheater","article_published_time":"2022-01-11T20:12:01+00:00","article_modified_time":"2022-02-02T20:15:24+00:00","og_image":[{"width":482,"height":268,"url":"https:\/\/www.hometheater.com.br\/portal\/wp-content\/uploads\/2022\/02\/dell_oled.jpg","type":"image\/jpeg"}],"author":"Revista Home Theater &amp; Casa Digital","twitter_card":"summary_large_image","twitter_creator":"@hometheaterbr","twitter_site":"@hometheaterbr","twitter_misc":{"Escrito por":"Revista Home Theater &amp; Casa Digital","Est. tempo de leitura":"2 minutos"},"schema":{"@context":"https:\/\/schema.org","@graph":[{"@type":"Article","@id":"https:\/\/www.hometheater.com.br\/portal\/2022\/01\/11\/acordo-samsung-lg-para-tvs-qd-oled-esta-em-risco\/#article","isPartOf":{"@id":"https:\/\/www.hometheater.com.br\/portal\/2022\/01\/11\/acordo-samsung-lg-para-tvs-qd-oled-esta-em-risco\/"},"author":{"name":"Revista Home Theater &amp; Casa Digital","@id":"https:\/\/www.hometheater.com.br\/portal\/#\/schema\/person\/3b6bd5a9e2a6c4197c7b98dd7a733d22"},"headline":"Acordo Samsung-LG para TVs QD-OLED est\u00e1 em risco","datePublished":"2022-01-11T20:12:01+00:00","dateModified":"2022-02-02T20:15:24+00:00","mainEntityOfPage":{"@id":"https:\/\/www.hometheater.com.br\/portal\/2022\/01\/11\/acordo-samsung-lg-para-tvs-qd-oled-esta-em-risco\/"},"wordCount":404,"commentCount":0,"publisher":{"@id":"https:\/\/www.hometheater.com.br\/portal\/#organization"},"image":{"@id":"https:\/\/www.hometheater.com.br\/portal\/2022\/01\/11\/acordo-samsung-lg-para-tvs-qd-oled-esta-em-risco\/#primaryimage"},"thumbnailUrl":"https:\/\/www.hometheater.com.br\/portal\/wp-content\/uploads\/2022\/02\/dell_oled.jpg","articleSection":["TVs OLED"],"inLanguage":"pt-BR","potentialAction":[{"@type":"CommentAction","name":"Comment","target":["https:\/\/www.hometheater.com.br\/portal\/2022\/01\/11\/acordo-samsung-lg-para-tvs-qd-oled-esta-em-risco\/#respond"]}]},{"@type":"WebPage","@id":"https:\/\/www.hometheater.com.br\/portal\/2022\/01\/11\/acordo-samsung-lg-para-tvs-qd-oled-esta-em-risco\/","url":"https:\/\/www.hometheater.com.br\/portal\/2022\/01\/11\/acordo-samsung-lg-para-tvs-qd-oled-esta-em-risco\/","name":"Acordo Samsung-LG para TVs QD-OLED est\u00e1 em risco - HT &amp; Casa Digital","isPartOf":{"@id":"https:\/\/www.hometheater.com.br\/portal\/#website"},"primaryImageOfPage":{"@id":"https:\/\/www.hometheater.com.br\/portal\/2022\/01\/11\/acordo-samsung-lg-para-tvs-qd-oled-esta-em-risco\/#primaryimage"},"image":{"@id":"https:\/\/www.hometheater.com.br\/portal\/2022\/01\/11\/acordo-samsung-lg-para-tvs-qd-oled-esta-em-risco\/#primaryimage"},"thumbnailUrl":"https:\/\/www.hometheater.com.br\/portal\/wp-content\/uploads\/2022\/02\/dell_oled.jpg","datePublished":"2022-01-11T20:12:01+00:00","dateModified":"2022-02-02T20:15:24+00:00","breadcrumb":{"@id":"https:\/\/www.hometheater.com.br\/portal\/2022\/01\/11\/acordo-samsung-lg-para-tvs-qd-oled-esta-em-risco\/#breadcrumb"},"inLanguage":"pt-BR","potentialAction":[{"@type":"ReadAction","target":["https:\/\/www.hometheater.com.br\/portal\/2022\/01\/11\/acordo-samsung-lg-para-tvs-qd-oled-esta-em-risco\/"]}]},{"@type":"ImageObject","inLanguage":"pt-BR","@id":"https:\/\/www.hometheater.com.br\/portal\/2022\/01\/11\/acordo-samsung-lg-para-tvs-qd-oled-esta-em-risco\/#primaryimage","url":"https:\/\/www.hometheater.com.br\/portal\/wp-content\/uploads\/2022\/02\/dell_oled.jpg","contentUrl":"https:\/\/www.hometheater.com.br\/portal\/wp-content\/uploads\/2022\/02\/dell_oled.jpg","width":482,"height":268},{"@type":"BreadcrumbList","@id":"https:\/\/www.hometheater.com.br\/portal\/2022\/01\/11\/acordo-samsung-lg-para-tvs-qd-oled-esta-em-risco\/#breadcrumb","itemListElement":[{"@type":"ListItem","position":1,"name":"In\u00edcio","item":"https:\/\/www.hometheater.com.br\/portal\/"},{"@type":"ListItem","position":2,"name":"Acordo Samsung-LG para TVs QD-OLED est\u00e1 em risco"}]},{"@type":"WebSite","@id":"https:\/\/www.hometheater.com.br\/portal\/#website","url":"https:\/\/www.hometheater.com.br\/portal\/","name":"HT &amp; Casa Digital","description":"O mundo digital em sua casa","publisher":{"@id":"https:\/\/www.hometheater.com.br\/portal\/#organization"},"potentialAction":[{"@type":"SearchAction","target":{"@type":"EntryPoint","urlTemplate":"https:\/\/www.hometheater.com.br\/portal\/?s={search_term_string}"},"query-input":{"@type":"PropertyValueSpecification","valueRequired":true,"valueName":"search_term_string"}}],"inLanguage":"pt-BR"},{"@type":"Organization","@id":"https:\/\/www.hometheater.com.br\/portal\/#organization","name":"Home Theater","url":"https:\/\/www.hometheater.com.br\/portal\/","logo":{"@type":"ImageObject","inLanguage":"pt-BR","@id":"https:\/\/www.hometheater.com.br\/portal\/#\/schema\/logo\/image\/","url":"https:\/\/www.hometheater.com.br\/portal\/wp-content\/uploads\/2022\/06\/assine_ht_01.png","contentUrl":"https:\/\/www.hometheater.com.br\/portal\/wp-content\/uploads\/2022\/06\/assine_ht_01.png","width":800,"height":254,"caption":"Home Theater"},"image":{"@id":"https:\/\/www.hometheater.com.br\/portal\/#\/schema\/logo\/image\/"},"sameAs":["https:\/\/web.facebook.com\/revistahometheater","https:\/\/x.com\/hometheaterbr"]},{"@type":"Person","@id":"https:\/\/www.hometheater.com.br\/portal\/#\/schema\/person\/3b6bd5a9e2a6c4197c7b98dd7a733d22","name":"Revista Home Theater &amp; Casa Digital","image":{"@type":"ImageObject","inLanguage":"pt-BR","@id":"https:\/\/www.hometheater.com.br\/portal\/#\/schema\/person\/image\/","url":"https:\/\/secure.gravatar.com\/avatar\/fd86f33d841f0f43adcc1665dd80ca740e028af4297e20d3444f9335092a6ee7?s=96&d=mm&r=g","contentUrl":"https:\/\/secure.gravatar.com\/avatar\/fd86f33d841f0f43adcc1665dd80ca740e028af4297e20d3444f9335092a6ee7?s=96&d=mm&r=g","caption":"Revista Home Theater &amp; Casa Digital"},"url":"https:\/\/www.hometheater.com.br\/portal\/author\/flavio\/"}]}},"_links":{"self":[{"href":"https:\/\/www.hometheater.com.br\/portal\/wp-json\/wp\/v2\/posts\/23136","targetHints":{"allow":["GET"]}}],"collection":[{"href":"https:\/\/www.hometheater.com.br\/portal\/wp-json\/wp\/v2\/posts"}],"about":[{"href":"https:\/\/www.hometheater.com.br\/portal\/wp-json\/wp\/v2\/types\/post"}],"author":[{"embeddable":true,"href":"https:\/\/www.hometheater.com.br\/portal\/wp-json\/wp\/v2\/users\/1"}],"replies":[{"embeddable":true,"href":"https:\/\/www.hometheater.com.br\/portal\/wp-json\/wp\/v2\/comments?post=23136"}],"version-history":[{"count":0,"href":"https:\/\/www.hometheater.com.br\/portal\/wp-json\/wp\/v2\/posts\/23136\/revisions"}],"wp:featuredmedia":[{"embeddable":true,"href":"https:\/\/www.hometheater.com.br\/portal\/wp-json\/wp\/v2\/media\/23137"}],"wp:attachment":[{"href":"https:\/\/www.hometheater.com.br\/portal\/wp-json\/wp\/v2\/media?parent=23136"}],"wp:term":[{"taxonomy":"category","embeddable":true,"href":"https:\/\/www.hometheater.com.br\/portal\/wp-json\/wp\/v2\/categories?post=23136"},{"taxonomy":"post_tag","embeddable":true,"href":"https:\/\/www.hometheater.com.br\/portal\/wp-json\/wp\/v2\/tags?post=23136"}],"curies":[{"name":"wp","href":"https:\/\/api.w.org\/{rel}","templated":true}]}}