{"id":22586,"date":"2021-11-25T10:27:21","date_gmt":"2021-11-25T13:27:21","guid":{"rendered":"https:\/\/www.hometheater.com.br\/portal\/?p=22586"},"modified":"2022-02-02T17:25:18","modified_gmt":"2022-02-02T20:25:18","slug":"samsung-vai-demonstrar-tvs-qd-oled-na-ces-em-janeiro","status":"publish","type":"post","link":"https:\/\/www.hometheater.com.br\/portal\/2021\/11\/25\/samsung-vai-demonstrar-tvs-qd-oled-na-ces-em-janeiro\/","title":{"rendered":"Samsung vai demonstrar TVs QD-OLED na CES em janeiro"},"content":{"rendered":"<p><img loading=\"lazy\" decoding=\"async\" class=\"aligncenter size-full wp-image-22587\" src=\"https:\/\/www.hometheater.com.br\/portal\/wp-content\/uploads\/2021\/11\/samsung_qled.jpg\" alt=\"\" width=\"750\" height=\"334\" srcset=\"https:\/\/www.hometheater.com.br\/portal\/wp-content\/uploads\/2021\/11\/samsung_qled.jpg 750w, https:\/\/www.hometheater.com.br\/portal\/wp-content\/uploads\/2021\/11\/samsung_qled-400x178.jpg 400w, https:\/\/www.hometheater.com.br\/portal\/wp-content\/uploads\/2021\/11\/samsung_qled-500x223.jpg 500w, https:\/\/www.hometheater.com.br\/portal\/wp-content\/uploads\/2021\/11\/samsung_qled-300x134.jpg 300w, https:\/\/www.hometheater.com.br\/portal\/wp-content\/uploads\/2021\/11\/samsung_qled-600x267.jpg 600w\" sizes=\"auto, (max-width: 750px) 100vw, 750px\" \/><\/p>\n<p>A Samsung Electronics confirmou que ir\u00e1 promover a estreia da\u00a0<b><a href=\"https:\/\/orlandobarrozo.blog.br\/2021\/03\/28\/21110\/\" target=\"_blank\" rel=\"noopener\" data-saferedirecturl=\"https:\/\/www.google.com\/url?q=https:\/\/orlandobarrozo.blog.br\/2021\/03\/28\/21110\/&amp;source=gmail&amp;ust=1637932095457000&amp;usg=AOvVaw2_zQ7oKuzfN6dArhwYWgvj\">tecnologia QD-OLED<\/a>,<\/b>\u00a0um h\u00edbrido de leds org\u00e2nicos com painel de pontos qu\u00e2nticos, durante a CES que ser\u00e1 realizada em janeiro em Las Vegas. O plano da empresa \u00e9 lan\u00e7ar os novos displays no mercado internacional no final de 2022.<\/p>\n<p>Ainda n\u00e3o se sabe quais tamanhos de telas ser\u00e3o exibidos no evento, mas segundo analistas coreanos a\u00a0<a href=\"https:\/\/orlandobarrozo.blog.br\/2019\/11\/01\/oled-qled-qd-oled\/\" target=\"_blank\" rel=\"noopener\" data-saferedirecturl=\"https:\/\/www.google.com\/url?q=https:\/\/orlandobarrozo.blog.br\/2019\/11\/01\/oled-qled-qd-oled\/&amp;source=gmail&amp;ust=1637932095458000&amp;usg=AOvVaw1Rt7q6IzyPuu2lBvnjyXTO\"><b>f\u00e1brica da Samsung inaugurada no ano passado<\/b><\/a>\u00a0na cidade de Tangjeong\u00a0tem capacidade para displays de 55\u201d e 65\u201d, com um total de 1 milh\u00e3o de unidades por ano.<\/p><div class=\"homet-conteudo\" style=\"text-align: center;\" id=\"homet-388054504\"><div data-cfpa=\"36066\" data-cfpw=\"36066\" id=\"homet-281978451\"><a data-no-instant=\"1\" href=\"https:\/\/loja.sommaior.com.br\/\" rel=\"noopener\" class=\"a2t-link\" aria-label=\"ABBEY-ROAD_360x300px\"><img loading=\"lazy\" decoding=\"async\" src=\"https:\/\/www.hometheater.com.br\/portal\/wp-content\/uploads\/2025\/10\/ABBEY-ROAD_360x300px.jpg\" alt=\"\"  class=\"no-lazyload\" width=\"300\" height=\"250\"   \/><\/a><\/div><script type=\"text\/javascript\">;new advadsCfpAd( 36066 );<\/script><\/div>\n<p>A principal diferen\u00e7a entre esses displays e os OLED convencionais est\u00e1 no uso de leds azuis como fonte principal de ilumina\u00e7\u00e3o. Depois de produzir TVs OLED at\u00e9 2013, a Samsung abandonou essa tecnologia, utilizando os chamados leds brancos (white OLED, ou WOLED), devido a dificuldades industriais; a empresa, por\u00e9m, \u00e9 uma das l\u00edderes em pain\u00e9is OLED para smartphones e tablets.<\/p>\n<p>A LG, maior rival da Samsung, \u00e9 hoje a principal fabricante de pain\u00e9is OLED, fornecendo inclusive para marcas como Sony e Panasonic. A LG mant\u00e9m a aposta no WOLED, que segundo a maioria dos analistas continua sendo superior aos pain\u00e9is baseados em LCD, incluindo QLED e NanoCell.<\/p>\n<p>Depois de v\u00e1rios anos de desenvolvimento e algumas hesita\u00e7\u00f5es, o board da Samsung decidiu que a tecnologia QD-OLED est\u00e1 pronta para chegar ao mercado de telas grandes.<\/p>\n<p>A CES 2022 acontecer\u00e1 de 5 a 8 de janeiro. Para atualiza\u00e7\u00f5es sobre o evento,\u00a0<a href=\"https:\/\/www.ces.tech\/\" target=\"_blank\" rel=\"noopener\" data-saferedirecturl=\"https:\/\/www.google.com\/url?q=https:\/\/www.ces.tech&amp;source=gmail&amp;ust=1637932095458000&amp;usg=AOvVaw2omIbu672tbYqLJsf8kBwW\"><b>clique aqui<\/b><\/a>. Mais informa\u00e7\u00f5es sobre a tecnologia OLED,\u00a0<a href=\"https:\/\/www.hometheater.com.br\/portal\/tvs-oled\/\" target=\"_blank\" rel=\"noopener\" data-saferedirecturl=\"https:\/\/www.google.com\/url?q=https:\/\/www.hometheater.com.br\/portal\/tvs-oled\/&amp;source=gmail&amp;ust=1637932095458000&amp;usg=AOvVaw0Hi2CKQ3X1hkdnriFlVLiJ\"><b>neste hot site<\/b><\/a>.<\/p>\n<p><b>FONTE: Business Korea<\/b><\/p>\n<p><b>Temas relacionados:<\/b><\/p>\n<p><a href=\"https:\/\/orlandobarrozo.blog.br\/2021\/08\/04\/qd-oled-chega-em-2022-sera\/\" target=\"_blank\" rel=\"noopener\" data-saferedirecturl=\"https:\/\/www.google.com\/url?q=https:\/\/orlandobarrozo.blog.br\/2021\/08\/04\/qd-oled-chega-em-2022-sera\/&amp;source=gmail&amp;ust=1637932095458000&amp;usg=AOvVaw1IxXZsuBJt1VTpSk9p-TQe\"><b>Samsung prepara lan\u00e7amento do QD-OLED para 2022<\/b><\/a><\/p>\n<p><a href=\"https:\/\/www.hometheater.com.br\/portal\/2021\/11\/12\/testamos-a-super-tv-oled-evo-com-tela-de-65\/\" target=\"_blank\" rel=\"noopener\" data-saferedirecturl=\"https:\/\/www.google.com\/url?q=https:\/\/www.hometheater.com.br\/portal\/2021\/11\/12\/testamos-a-super-tv-oled-evo-com-tela-de-65\/&amp;source=gmail&amp;ust=1637932095458000&amp;usg=AOvVaw1_rJSp6qRcinS2pEAjKgYS\"><b>Veja o v\u00eddeo do teste com a super TV OLED evo de 65&#8243;<\/b><\/a><\/p>\n<p><a href=\"https:\/\/orlandobarrozo.blog.br\/2021\/11\/19\/ces-cresce-ainda-mais-em-2022\/\" target=\"_blank\" rel=\"noopener\" data-saferedirecturl=\"https:\/\/www.google.com\/url?q=https:\/\/orlandobarrozo.blog.br\/2021\/11\/19\/ces-cresce-ainda-mais-em-2022\/&amp;source=gmail&amp;ust=1637932095458000&amp;usg=AOvVaw3w8DfP0yG1vf4mLEmfZi3s\"><b>CES 2022 exibir\u00e1 produtos de 44 segmentos tecnol\u00f3gicos<\/b><\/a><\/p>\n<p><a href=\"https:\/\/www.hometheater.com.br\/portal\/2021\/10\/18\/samsung-the-wall-brasil-microled\/\" target=\"_blank\" rel=\"noopener\" data-saferedirecturl=\"https:\/\/www.google.com\/url?q=https:\/\/www.hometheater.com.br\/portal\/2021\/10\/18\/samsung-the-wall-brasil-microled\/&amp;source=gmail&amp;ust=1637932095458000&amp;usg=AOvVaw2RkIpy9CHXFj16pPd_WL4z\"><b>Samsung traz ao Brasil pain\u00e9is The Wall sob encomenda<\/b><\/a><\/p>\n","protected":false},"excerpt":{"rendered":"<p>A Samsung Electronics confirmou que ir\u00e1 promover a estreia da\u00a0tecnologia QD-OLED,\u00a0um h\u00edbrido de leds org\u00e2nicos com painel de pontos qu\u00e2nticos, durante a CES que ser\u00e1<\/p>\n","protected":false},"author":1,"featured_media":22588,"comment_status":"open","ping_status":"open","sticky":false,"template":"","format":"standard","meta":{"footnotes":""},"categories":[4,59],"tags":[],"class_list":["post-22586","post","type-post","status-publish","format-standard","has-post-thumbnail","hentry","category-noticias","category-tvs-oled"],"yoast_head":"<!-- This site is optimized with the Yoast SEO plugin v25.7 - https:\/\/yoast.com\/wordpress\/plugins\/seo\/ -->\n<title>Samsung vai demonstrar TVs QD-OLED na CES em janeiro - HT &amp; Casa Digital<\/title>\n<meta name=\"description\" content=\"A Samsung Electronics confirmou que ir\u00e1 promover a estreia da\u00a0tecnologia QD-OLED,\u00a0um h\u00edbrido de leds org\u00e2nicos com painel de pontos qu\u00e2nticos, durante a CES que ser\u00e1 realizada em janeiro em Las Vegas. O plano da empresa \u00e9 lan\u00e7ar os novos displays no mercado internacional no final de 2022.\" \/>\n<meta name=\"robots\" content=\"index, follow, max-snippet:-1, max-image-preview:large, max-video-preview:-1\" \/>\n<link rel=\"canonical\" href=\"https:\/\/www.hometheater.com.br\/portal\/2021\/11\/25\/samsung-vai-demonstrar-tvs-qd-oled-na-ces-em-janeiro\/\" \/>\n<meta property=\"og:locale\" content=\"pt_BR\" \/>\n<meta property=\"og:type\" content=\"article\" \/>\n<meta property=\"og:title\" content=\"Samsung vai demonstrar TVs QD-OLED na CES em janeiro - HT &amp; Casa Digital\" \/>\n<meta property=\"og:description\" content=\"A Samsung Electronics confirmou que ir\u00e1 promover a estreia da\u00a0tecnologia QD-OLED,\u00a0um h\u00edbrido de leds org\u00e2nicos com painel de pontos qu\u00e2nticos, durante a CES que ser\u00e1 realizada em janeiro em Las Vegas. O plano da empresa \u00e9 lan\u00e7ar os novos displays no mercado internacional no final de 2022.\" \/>\n<meta property=\"og:url\" content=\"https:\/\/www.hometheater.com.br\/portal\/2021\/11\/25\/samsung-vai-demonstrar-tvs-qd-oled-na-ces-em-janeiro\/\" \/>\n<meta property=\"og:site_name\" content=\"HT &amp; Casa Digital\" \/>\n<meta property=\"article:publisher\" content=\"https:\/\/web.facebook.com\/revistahometheater\" \/>\n<meta property=\"article:published_time\" content=\"2021-11-25T13:27:21+00:00\" \/>\n<meta property=\"article:modified_time\" content=\"2022-02-02T20:25:18+00:00\" \/>\n<meta property=\"og:image\" content=\"https:\/\/www.hometheater.com.br\/portal\/wp-content\/uploads\/2021\/11\/samsung_qd_oled.jpg\" \/>\n\t<meta property=\"og:image:width\" content=\"450\" \/>\n\t<meta property=\"og:image:height\" content=\"300\" \/>\n\t<meta property=\"og:image:type\" content=\"image\/jpeg\" \/>\n<meta name=\"author\" content=\"Revista Home Theater &amp; Casa Digital\" \/>\n<meta name=\"twitter:card\" content=\"summary_large_image\" \/>\n<meta name=\"twitter:creator\" content=\"@hometheaterbr\" \/>\n<meta name=\"twitter:site\" content=\"@hometheaterbr\" \/>\n<meta name=\"twitter:label1\" content=\"Escrito por\" \/>\n\t<meta name=\"twitter:data1\" content=\"Revista Home Theater &amp; Casa Digital\" \/>\n\t<meta name=\"twitter:label2\" content=\"Est. tempo de leitura\" \/>\n\t<meta name=\"twitter:data2\" content=\"2 minutos\" \/>\n<script type=\"application\/ld+json\" class=\"yoast-schema-graph\">{\"@context\":\"https:\/\/schema.org\",\"@graph\":[{\"@type\":\"Article\",\"@id\":\"https:\/\/www.hometheater.com.br\/portal\/2021\/11\/25\/samsung-vai-demonstrar-tvs-qd-oled-na-ces-em-janeiro\/#article\",\"isPartOf\":{\"@id\":\"https:\/\/www.hometheater.com.br\/portal\/2021\/11\/25\/samsung-vai-demonstrar-tvs-qd-oled-na-ces-em-janeiro\/\"},\"author\":{\"name\":\"Revista Home Theater &amp; Casa Digital\",\"@id\":\"https:\/\/www.hometheater.com.br\/portal\/#\/schema\/person\/3b6bd5a9e2a6c4197c7b98dd7a733d22\"},\"headline\":\"Samsung vai demonstrar TVs QD-OLED na CES em janeiro\",\"datePublished\":\"2021-11-25T13:27:21+00:00\",\"dateModified\":\"2022-02-02T20:25:18+00:00\",\"mainEntityOfPage\":{\"@id\":\"https:\/\/www.hometheater.com.br\/portal\/2021\/11\/25\/samsung-vai-demonstrar-tvs-qd-oled-na-ces-em-janeiro\/\"},\"wordCount\":315,\"commentCount\":0,\"publisher\":{\"@id\":\"https:\/\/www.hometheater.com.br\/portal\/#organization\"},\"image\":{\"@id\":\"https:\/\/www.hometheater.com.br\/portal\/2021\/11\/25\/samsung-vai-demonstrar-tvs-qd-oled-na-ces-em-janeiro\/#primaryimage\"},\"thumbnailUrl\":\"https:\/\/www.hometheater.com.br\/portal\/wp-content\/uploads\/2021\/11\/samsung_qd_oled.jpg\",\"articleSection\":[\"NOT\u00cdCIAS\",\"TVs OLED\"],\"inLanguage\":\"pt-BR\",\"potentialAction\":[{\"@type\":\"CommentAction\",\"name\":\"Comment\",\"target\":[\"https:\/\/www.hometheater.com.br\/portal\/2021\/11\/25\/samsung-vai-demonstrar-tvs-qd-oled-na-ces-em-janeiro\/#respond\"]}]},{\"@type\":\"WebPage\",\"@id\":\"https:\/\/www.hometheater.com.br\/portal\/2021\/11\/25\/samsung-vai-demonstrar-tvs-qd-oled-na-ces-em-janeiro\/\",\"url\":\"https:\/\/www.hometheater.com.br\/portal\/2021\/11\/25\/samsung-vai-demonstrar-tvs-qd-oled-na-ces-em-janeiro\/\",\"name\":\"Samsung vai demonstrar TVs QD-OLED na CES em janeiro - HT &amp; Casa Digital\",\"isPartOf\":{\"@id\":\"https:\/\/www.hometheater.com.br\/portal\/#website\"},\"primaryImageOfPage\":{\"@id\":\"https:\/\/www.hometheater.com.br\/portal\/2021\/11\/25\/samsung-vai-demonstrar-tvs-qd-oled-na-ces-em-janeiro\/#primaryimage\"},\"image\":{\"@id\":\"https:\/\/www.hometheater.com.br\/portal\/2021\/11\/25\/samsung-vai-demonstrar-tvs-qd-oled-na-ces-em-janeiro\/#primaryimage\"},\"thumbnailUrl\":\"https:\/\/www.hometheater.com.br\/portal\/wp-content\/uploads\/2021\/11\/samsung_qd_oled.jpg\",\"datePublished\":\"2021-11-25T13:27:21+00:00\",\"dateModified\":\"2022-02-02T20:25:18+00:00\",\"description\":\"A Samsung Electronics confirmou que ir\u00e1 promover a estreia da\u00a0tecnologia QD-OLED,\u00a0um h\u00edbrido de leds org\u00e2nicos com painel de pontos qu\u00e2nticos, durante a CES que ser\u00e1 realizada em janeiro em Las Vegas. O plano da empresa \u00e9 lan\u00e7ar os novos displays no mercado internacional no final de 2022.\",\"breadcrumb\":{\"@id\":\"https:\/\/www.hometheater.com.br\/portal\/2021\/11\/25\/samsung-vai-demonstrar-tvs-qd-oled-na-ces-em-janeiro\/#breadcrumb\"},\"inLanguage\":\"pt-BR\",\"potentialAction\":[{\"@type\":\"ReadAction\",\"target\":[\"https:\/\/www.hometheater.com.br\/portal\/2021\/11\/25\/samsung-vai-demonstrar-tvs-qd-oled-na-ces-em-janeiro\/\"]}]},{\"@type\":\"ImageObject\",\"inLanguage\":\"pt-BR\",\"@id\":\"https:\/\/www.hometheater.com.br\/portal\/2021\/11\/25\/samsung-vai-demonstrar-tvs-qd-oled-na-ces-em-janeiro\/#primaryimage\",\"url\":\"https:\/\/www.hometheater.com.br\/portal\/wp-content\/uploads\/2021\/11\/samsung_qd_oled.jpg\",\"contentUrl\":\"https:\/\/www.hometheater.com.br\/portal\/wp-content\/uploads\/2021\/11\/samsung_qd_oled.jpg\",\"width\":450,\"height\":300},{\"@type\":\"BreadcrumbList\",\"@id\":\"https:\/\/www.hometheater.com.br\/portal\/2021\/11\/25\/samsung-vai-demonstrar-tvs-qd-oled-na-ces-em-janeiro\/#breadcrumb\",\"itemListElement\":[{\"@type\":\"ListItem\",\"position\":1,\"name\":\"In\u00edcio\",\"item\":\"https:\/\/www.hometheater.com.br\/portal\/\"},{\"@type\":\"ListItem\",\"position\":2,\"name\":\"Samsung vai demonstrar TVs QD-OLED na CES em janeiro\"}]},{\"@type\":\"WebSite\",\"@id\":\"https:\/\/www.hometheater.com.br\/portal\/#website\",\"url\":\"https:\/\/www.hometheater.com.br\/portal\/\",\"name\":\"HT &amp; Casa Digital\",\"description\":\"O mundo digital em sua casa\",\"publisher\":{\"@id\":\"https:\/\/www.hometheater.com.br\/portal\/#organization\"},\"potentialAction\":[{\"@type\":\"SearchAction\",\"target\":{\"@type\":\"EntryPoint\",\"urlTemplate\":\"https:\/\/www.hometheater.com.br\/portal\/?s={search_term_string}\"},\"query-input\":{\"@type\":\"PropertyValueSpecification\",\"valueRequired\":true,\"valueName\":\"search_term_string\"}}],\"inLanguage\":\"pt-BR\"},{\"@type\":\"Organization\",\"@id\":\"https:\/\/www.hometheater.com.br\/portal\/#organization\",\"name\":\"Home Theater\",\"url\":\"https:\/\/www.hometheater.com.br\/portal\/\",\"logo\":{\"@type\":\"ImageObject\",\"inLanguage\":\"pt-BR\",\"@id\":\"https:\/\/www.hometheater.com.br\/portal\/#\/schema\/logo\/image\/\",\"url\":\"https:\/\/www.hometheater.com.br\/portal\/wp-content\/uploads\/2022\/06\/assine_ht_01.png\",\"contentUrl\":\"https:\/\/www.hometheater.com.br\/portal\/wp-content\/uploads\/2022\/06\/assine_ht_01.png\",\"width\":800,\"height\":254,\"caption\":\"Home Theater\"},\"image\":{\"@id\":\"https:\/\/www.hometheater.com.br\/portal\/#\/schema\/logo\/image\/\"},\"sameAs\":[\"https:\/\/web.facebook.com\/revistahometheater\",\"https:\/\/x.com\/hometheaterbr\"]},{\"@type\":\"Person\",\"@id\":\"https:\/\/www.hometheater.com.br\/portal\/#\/schema\/person\/3b6bd5a9e2a6c4197c7b98dd7a733d22\",\"name\":\"Revista Home Theater &amp; Casa Digital\",\"image\":{\"@type\":\"ImageObject\",\"inLanguage\":\"pt-BR\",\"@id\":\"https:\/\/www.hometheater.com.br\/portal\/#\/schema\/person\/image\/\",\"url\":\"https:\/\/secure.gravatar.com\/avatar\/fd86f33d841f0f43adcc1665dd80ca740e028af4297e20d3444f9335092a6ee7?s=96&d=mm&r=g\",\"contentUrl\":\"https:\/\/secure.gravatar.com\/avatar\/fd86f33d841f0f43adcc1665dd80ca740e028af4297e20d3444f9335092a6ee7?s=96&d=mm&r=g\",\"caption\":\"Revista Home Theater &amp; Casa Digital\"},\"url\":\"https:\/\/www.hometheater.com.br\/portal\/author\/flavio\/\"}]}<\/script>\n<!-- \/ Yoast SEO plugin. -->","yoast_head_json":{"title":"Samsung vai demonstrar TVs QD-OLED na CES em janeiro - HT &amp; Casa Digital","description":"A Samsung Electronics confirmou que ir\u00e1 promover a estreia da\u00a0tecnologia QD-OLED,\u00a0um h\u00edbrido de leds org\u00e2nicos com painel de pontos qu\u00e2nticos, durante a CES que ser\u00e1 realizada em janeiro em Las Vegas. O plano da empresa \u00e9 lan\u00e7ar os novos displays no mercado internacional no final de 2022.","robots":{"index":"index","follow":"follow","max-snippet":"max-snippet:-1","max-image-preview":"max-image-preview:large","max-video-preview":"max-video-preview:-1"},"canonical":"https:\/\/www.hometheater.com.br\/portal\/2021\/11\/25\/samsung-vai-demonstrar-tvs-qd-oled-na-ces-em-janeiro\/","og_locale":"pt_BR","og_type":"article","og_title":"Samsung vai demonstrar TVs QD-OLED na CES em janeiro - HT &amp; Casa Digital","og_description":"A Samsung Electronics confirmou que ir\u00e1 promover a estreia da\u00a0tecnologia QD-OLED,\u00a0um h\u00edbrido de leds org\u00e2nicos com painel de pontos qu\u00e2nticos, durante a CES que ser\u00e1 realizada em janeiro em Las Vegas. O plano da empresa \u00e9 lan\u00e7ar os novos displays no mercado internacional no final de 2022.","og_url":"https:\/\/www.hometheater.com.br\/portal\/2021\/11\/25\/samsung-vai-demonstrar-tvs-qd-oled-na-ces-em-janeiro\/","og_site_name":"HT &amp; Casa Digital","article_publisher":"https:\/\/web.facebook.com\/revistahometheater","article_published_time":"2021-11-25T13:27:21+00:00","article_modified_time":"2022-02-02T20:25:18+00:00","og_image":[{"width":450,"height":300,"url":"https:\/\/www.hometheater.com.br\/portal\/wp-content\/uploads\/2021\/11\/samsung_qd_oled.jpg","type":"image\/jpeg"}],"author":"Revista Home Theater &amp; Casa Digital","twitter_card":"summary_large_image","twitter_creator":"@hometheaterbr","twitter_site":"@hometheaterbr","twitter_misc":{"Escrito por":"Revista Home Theater &amp; Casa Digital","Est. tempo de leitura":"2 minutos"},"schema":{"@context":"https:\/\/schema.org","@graph":[{"@type":"Article","@id":"https:\/\/www.hometheater.com.br\/portal\/2021\/11\/25\/samsung-vai-demonstrar-tvs-qd-oled-na-ces-em-janeiro\/#article","isPartOf":{"@id":"https:\/\/www.hometheater.com.br\/portal\/2021\/11\/25\/samsung-vai-demonstrar-tvs-qd-oled-na-ces-em-janeiro\/"},"author":{"name":"Revista Home Theater &amp; Casa Digital","@id":"https:\/\/www.hometheater.com.br\/portal\/#\/schema\/person\/3b6bd5a9e2a6c4197c7b98dd7a733d22"},"headline":"Samsung vai demonstrar TVs QD-OLED na CES em janeiro","datePublished":"2021-11-25T13:27:21+00:00","dateModified":"2022-02-02T20:25:18+00:00","mainEntityOfPage":{"@id":"https:\/\/www.hometheater.com.br\/portal\/2021\/11\/25\/samsung-vai-demonstrar-tvs-qd-oled-na-ces-em-janeiro\/"},"wordCount":315,"commentCount":0,"publisher":{"@id":"https:\/\/www.hometheater.com.br\/portal\/#organization"},"image":{"@id":"https:\/\/www.hometheater.com.br\/portal\/2021\/11\/25\/samsung-vai-demonstrar-tvs-qd-oled-na-ces-em-janeiro\/#primaryimage"},"thumbnailUrl":"https:\/\/www.hometheater.com.br\/portal\/wp-content\/uploads\/2021\/11\/samsung_qd_oled.jpg","articleSection":["NOT\u00cdCIAS","TVs OLED"],"inLanguage":"pt-BR","potentialAction":[{"@type":"CommentAction","name":"Comment","target":["https:\/\/www.hometheater.com.br\/portal\/2021\/11\/25\/samsung-vai-demonstrar-tvs-qd-oled-na-ces-em-janeiro\/#respond"]}]},{"@type":"WebPage","@id":"https:\/\/www.hometheater.com.br\/portal\/2021\/11\/25\/samsung-vai-demonstrar-tvs-qd-oled-na-ces-em-janeiro\/","url":"https:\/\/www.hometheater.com.br\/portal\/2021\/11\/25\/samsung-vai-demonstrar-tvs-qd-oled-na-ces-em-janeiro\/","name":"Samsung vai demonstrar TVs QD-OLED na CES em janeiro - HT &amp; Casa Digital","isPartOf":{"@id":"https:\/\/www.hometheater.com.br\/portal\/#website"},"primaryImageOfPage":{"@id":"https:\/\/www.hometheater.com.br\/portal\/2021\/11\/25\/samsung-vai-demonstrar-tvs-qd-oled-na-ces-em-janeiro\/#primaryimage"},"image":{"@id":"https:\/\/www.hometheater.com.br\/portal\/2021\/11\/25\/samsung-vai-demonstrar-tvs-qd-oled-na-ces-em-janeiro\/#primaryimage"},"thumbnailUrl":"https:\/\/www.hometheater.com.br\/portal\/wp-content\/uploads\/2021\/11\/samsung_qd_oled.jpg","datePublished":"2021-11-25T13:27:21+00:00","dateModified":"2022-02-02T20:25:18+00:00","description":"A Samsung Electronics confirmou que ir\u00e1 promover a estreia da\u00a0tecnologia QD-OLED,\u00a0um h\u00edbrido de leds org\u00e2nicos com painel de pontos qu\u00e2nticos, durante a CES que ser\u00e1 realizada em janeiro em Las Vegas. O plano da empresa \u00e9 lan\u00e7ar os novos displays no mercado internacional no final de 2022.","breadcrumb":{"@id":"https:\/\/www.hometheater.com.br\/portal\/2021\/11\/25\/samsung-vai-demonstrar-tvs-qd-oled-na-ces-em-janeiro\/#breadcrumb"},"inLanguage":"pt-BR","potentialAction":[{"@type":"ReadAction","target":["https:\/\/www.hometheater.com.br\/portal\/2021\/11\/25\/samsung-vai-demonstrar-tvs-qd-oled-na-ces-em-janeiro\/"]}]},{"@type":"ImageObject","inLanguage":"pt-BR","@id":"https:\/\/www.hometheater.com.br\/portal\/2021\/11\/25\/samsung-vai-demonstrar-tvs-qd-oled-na-ces-em-janeiro\/#primaryimage","url":"https:\/\/www.hometheater.com.br\/portal\/wp-content\/uploads\/2021\/11\/samsung_qd_oled.jpg","contentUrl":"https:\/\/www.hometheater.com.br\/portal\/wp-content\/uploads\/2021\/11\/samsung_qd_oled.jpg","width":450,"height":300},{"@type":"BreadcrumbList","@id":"https:\/\/www.hometheater.com.br\/portal\/2021\/11\/25\/samsung-vai-demonstrar-tvs-qd-oled-na-ces-em-janeiro\/#breadcrumb","itemListElement":[{"@type":"ListItem","position":1,"name":"In\u00edcio","item":"https:\/\/www.hometheater.com.br\/portal\/"},{"@type":"ListItem","position":2,"name":"Samsung vai demonstrar TVs QD-OLED na CES em janeiro"}]},{"@type":"WebSite","@id":"https:\/\/www.hometheater.com.br\/portal\/#website","url":"https:\/\/www.hometheater.com.br\/portal\/","name":"HT &amp; Casa Digital","description":"O mundo digital em sua casa","publisher":{"@id":"https:\/\/www.hometheater.com.br\/portal\/#organization"},"potentialAction":[{"@type":"SearchAction","target":{"@type":"EntryPoint","urlTemplate":"https:\/\/www.hometheater.com.br\/portal\/?s={search_term_string}"},"query-input":{"@type":"PropertyValueSpecification","valueRequired":true,"valueName":"search_term_string"}}],"inLanguage":"pt-BR"},{"@type":"Organization","@id":"https:\/\/www.hometheater.com.br\/portal\/#organization","name":"Home Theater","url":"https:\/\/www.hometheater.com.br\/portal\/","logo":{"@type":"ImageObject","inLanguage":"pt-BR","@id":"https:\/\/www.hometheater.com.br\/portal\/#\/schema\/logo\/image\/","url":"https:\/\/www.hometheater.com.br\/portal\/wp-content\/uploads\/2022\/06\/assine_ht_01.png","contentUrl":"https:\/\/www.hometheater.com.br\/portal\/wp-content\/uploads\/2022\/06\/assine_ht_01.png","width":800,"height":254,"caption":"Home Theater"},"image":{"@id":"https:\/\/www.hometheater.com.br\/portal\/#\/schema\/logo\/image\/"},"sameAs":["https:\/\/web.facebook.com\/revistahometheater","https:\/\/x.com\/hometheaterbr"]},{"@type":"Person","@id":"https:\/\/www.hometheater.com.br\/portal\/#\/schema\/person\/3b6bd5a9e2a6c4197c7b98dd7a733d22","name":"Revista Home Theater &amp; Casa Digital","image":{"@type":"ImageObject","inLanguage":"pt-BR","@id":"https:\/\/www.hometheater.com.br\/portal\/#\/schema\/person\/image\/","url":"https:\/\/secure.gravatar.com\/avatar\/fd86f33d841f0f43adcc1665dd80ca740e028af4297e20d3444f9335092a6ee7?s=96&d=mm&r=g","contentUrl":"https:\/\/secure.gravatar.com\/avatar\/fd86f33d841f0f43adcc1665dd80ca740e028af4297e20d3444f9335092a6ee7?s=96&d=mm&r=g","caption":"Revista Home Theater &amp; Casa Digital"},"url":"https:\/\/www.hometheater.com.br\/portal\/author\/flavio\/"}]}},"_links":{"self":[{"href":"https:\/\/www.hometheater.com.br\/portal\/wp-json\/wp\/v2\/posts\/22586","targetHints":{"allow":["GET"]}}],"collection":[{"href":"https:\/\/www.hometheater.com.br\/portal\/wp-json\/wp\/v2\/posts"}],"about":[{"href":"https:\/\/www.hometheater.com.br\/portal\/wp-json\/wp\/v2\/types\/post"}],"author":[{"embeddable":true,"href":"https:\/\/www.hometheater.com.br\/portal\/wp-json\/wp\/v2\/users\/1"}],"replies":[{"embeddable":true,"href":"https:\/\/www.hometheater.com.br\/portal\/wp-json\/wp\/v2\/comments?post=22586"}],"version-history":[{"count":0,"href":"https:\/\/www.hometheater.com.br\/portal\/wp-json\/wp\/v2\/posts\/22586\/revisions"}],"wp:featuredmedia":[{"embeddable":true,"href":"https:\/\/www.hometheater.com.br\/portal\/wp-json\/wp\/v2\/media\/22588"}],"wp:attachment":[{"href":"https:\/\/www.hometheater.com.br\/portal\/wp-json\/wp\/v2\/media?parent=22586"}],"wp:term":[{"taxonomy":"category","embeddable":true,"href":"https:\/\/www.hometheater.com.br\/portal\/wp-json\/wp\/v2\/categories?post=22586"},{"taxonomy":"post_tag","embeddable":true,"href":"https:\/\/www.hometheater.com.br\/portal\/wp-json\/wp\/v2\/tags?post=22586"}],"curies":[{"name":"wp","href":"https:\/\/api.w.org\/{rel}","templated":true}]}}