{"id":22492,"date":"2021-11-04T09:14:39","date_gmt":"2021-11-04T12:14:39","guid":{"rendered":"https:\/\/www.hometheater.com.br\/portal\/?p=22492"},"modified":"2021-11-16T09:18:01","modified_gmt":"2021-11-16T12:18:01","slug":"samsung-anuncia-adesao-ao-padrao-matter-em-2022","status":"publish","type":"post","link":"https:\/\/www.hometheater.com.br\/portal\/2021\/11\/04\/samsung-anuncia-adesao-ao-padrao-matter-em-2022\/","title":{"rendered":"Samsung anuncia ades\u00e3o ao padr\u00e3o Matter em 2022"},"content":{"rendered":"<p><img loading=\"lazy\" decoding=\"async\" class=\"alignleft size-full wp-image-22493\" src=\"https:\/\/www.hometheater.com.br\/portal\/wp-content\/uploads\/2021\/11\/Smart-Things-Hub.jpg\" alt=\"\" width=\"920\" height=\"518\" srcset=\"https:\/\/www.hometheater.com.br\/portal\/wp-content\/uploads\/2021\/11\/Smart-Things-Hub.jpg 920w, https:\/\/www.hometheater.com.br\/portal\/wp-content\/uploads\/2021\/11\/Smart-Things-Hub-400x225.jpg 400w, https:\/\/www.hometheater.com.br\/portal\/wp-content\/uploads\/2021\/11\/Smart-Things-Hub-500x282.jpg 500w, https:\/\/www.hometheater.com.br\/portal\/wp-content\/uploads\/2021\/11\/Smart-Things-Hub-300x169.jpg 300w, https:\/\/www.hometheater.com.br\/portal\/wp-content\/uploads\/2021\/11\/Smart-Things-Hub-768x432.jpg 768w, https:\/\/www.hometheater.com.br\/portal\/wp-content\/uploads\/2021\/11\/Smart-Things-Hub-600x338.jpg 600w\" sizes=\"auto, (max-width: 920px) 100vw, 920px\" \/>Depois de Apple e Google, a Samsung \u00e9 a terceira gigante a anunciar que todos os seus produtos ser\u00e3o compat\u00edveis com o padr\u00e3o de conex\u00e3o Matter. Como explicamos\u00a0<a href=\"https:\/\/orlandobarrozo.blog.br\/2021\/05\/13\/iot-enfim-uma-conexao-universal\/\"><strong>neste post de seis meses atr\u00e1s<\/strong><\/a>, o Matter \u2013 antes chamado ChiP (<em>Connected Home over IP)<\/em>\u00a0\u2013 vai se consolidando como o \u201cpadr\u00e3o definitivo\u201d (se \u00e9 que se pode usar esse termo\u2026) para conex\u00f5es sem fio a partir de agora.<\/p>\n<p>O comunicado da Samsung foi feito na semana passada durante sua confer\u00eancia de desenvolvedores\u00a0<a href=\"https:\/\/news.samsung.com\/br\/samsung-apresenta-solucoes-para-uma-nova-era-de-experiencias-conectadas-na-sdc21\"><strong>SDC21<\/strong><\/a>, seguindo os exemplos de Apple e Google em eventos semelhantes. Assim, quem desenvolve softwares e aplicativos para produtos das tr\u00eas marcas ficou sabendo que a ordem \u00e9 trabalhar sobre o novo protocolo de comunica\u00e7\u00e3o, tido por especialistas como chave para a\u00a0<a href=\"https:\/\/orlandobarrozo.blog.br\/internet-das-coisas-este-e-o-dono-da-senha-2\/\"><strong>Internet das Coisas<\/strong><\/a>\u00a0(IoT).<\/p><div class=\"homet-conteudo\" style=\"text-align: center;\" id=\"homet-3055690744\"><div data-cfpa=\"35734\" data-cfpw=\"35734\" id=\"homet-2033323072\"><a data-no-instant=\"1\" href=\"https:\/\/www.harmanluxuryaudio.com\/\" rel=\"noopener\" class=\"a2t-link\" aria-label=\"ARCAM-SA45-BANNER-NEWSLETTER\"><img loading=\"lazy\" decoding=\"async\" src=\"https:\/\/www.hometheater.com.br\/portal\/wp-content\/uploads\/2025\/09\/ARCAM-SA45-BANNER-NEWSLETTER.gif\" alt=\"\"  class=\"no-lazyload\" width=\"300\" height=\"250\"   \/><\/a><\/div><h6><span style=\"color: #808080;\"><em>Publicidade<\/em><\/span><\/h6>\r\n<\/br><script type=\"text\/javascript\">;new advadsCfpAd( 35734 );<\/script><\/div>\n<p>A promessa da Samsung \u00e9 de que smartphones, tablets, notebooks, TVs e eletrodom\u00e9sticos sair\u00e3o em 2022 compat\u00edveis com Matter, ou seja, ser\u00e1 poss\u00edvel conect\u00e1-los sem fio a qualquer produto que siga esse protocolo. A ideia dos criadores do padr\u00e3o \u00e9 que todos os fabricantes ofere\u00e7am a mesma interface e o mesmo processo de configura\u00e7\u00e3o, acabando com aquela chatice de, por exemplo, um aparelho n\u00e3o aceitar o sinal de outro.<\/p>\n<p><a href=\"https:\/\/orlandobarrozo.blog.br\/2021\/11\/04\/samsung-adere-a-conexao-universal\/matter-logotipo\/\" rel=\"attachment wp-att-21709\"><img loading=\"lazy\" decoding=\"async\" class=\"alignleft size-medium wp-image-21709\" src=\"https:\/\/orlandobarrozo.blog.br\/wp-content\/2021\/11\/matter-logotipo-482x148.jpg\" sizes=\"auto, (max-width: 482px) 100vw, 482px\" srcset=\"https:\/\/orlandobarrozo.blog.br\/wp-content\/2021\/11\/matter-logotipo-482x148.jpg 482w, https:\/\/orlandobarrozo.blog.br\/wp-content\/2021\/11\/matter-logotipo-700x215.jpg 700w, https:\/\/orlandobarrozo.blog.br\/wp-content\/2021\/11\/matter-logotipo-768x236.jpg 768w, https:\/\/orlandobarrozo.blog.br\/wp-content\/2021\/11\/matter-logotipo.jpg 780w\" alt=\"\" width=\"482\" height=\"148\" \/><\/a>O fato de essas tr\u00eas gigantes (que em muitos casos s\u00e3o rivais) concordarem em\u00a0<a href=\"https:\/\/www.queroautomacao.com.br\/o-novo-padrao-matter-e-como-ele-mudara-o-mercado-de-smart-home\/\"><strong>adotar o Matter<\/strong><\/a>\u00a0\u00e9 importante para sinalizar aos concorrentes que, se n\u00e3o fizerem o mesmo, correm o risco de ficar para tr\u00e1s. A hist\u00f3ria j\u00e1 provou que, nesses casos, nunca \u00e9 bom neg\u00f3cio ficar contra os gigantes.<\/p>\n","protected":false},"excerpt":{"rendered":"<p>Depois de Apple e Google, a Samsung \u00e9 a terceira gigante a anunciar que todos os seus produtos ser\u00e3o compat\u00edveis com o padr\u00e3o de conex\u00e3o<\/p>\n","protected":false},"author":1,"featured_media":22493,"comment_status":"open","ping_status":"open","sticky":false,"template":"","format":"standard","meta":{"footnotes":""},"categories":[24],"tags":[],"class_list":["post-22492","post","type-post","status-publish","format-standard","has-post-thumbnail","hentry","category-smart-home"],"yoast_head":"<!-- This site is optimized with the Yoast SEO plugin v25.7 - https:\/\/yoast.com\/wordpress\/plugins\/seo\/ -->\n<title>Samsung anuncia ades\u00e3o ao padr\u00e3o Matter em 2022 - HT &amp; Casa Digital<\/title>\n<meta name=\"robots\" content=\"index, follow, max-snippet:-1, max-image-preview:large, max-video-preview:-1\" \/>\n<link rel=\"canonical\" href=\"https:\/\/www.hometheater.com.br\/portal\/2021\/11\/04\/samsung-anuncia-adesao-ao-padrao-matter-em-2022\/\" \/>\n<meta property=\"og:locale\" content=\"pt_BR\" \/>\n<meta property=\"og:type\" content=\"article\" \/>\n<meta property=\"og:title\" content=\"Samsung anuncia ades\u00e3o ao padr\u00e3o Matter em 2022 - HT &amp; Casa Digital\" \/>\n<meta property=\"og:description\" content=\"Depois de Apple e Google, a Samsung \u00e9 a terceira gigante a anunciar que todos os seus produtos ser\u00e3o compat\u00edveis com o padr\u00e3o de conex\u00e3o\" \/>\n<meta property=\"og:url\" content=\"https:\/\/www.hometheater.com.br\/portal\/2021\/11\/04\/samsung-anuncia-adesao-ao-padrao-matter-em-2022\/\" \/>\n<meta property=\"og:site_name\" content=\"HT &amp; Casa Digital\" \/>\n<meta property=\"article:publisher\" content=\"https:\/\/web.facebook.com\/revistahometheater\" \/>\n<meta property=\"article:published_time\" content=\"2021-11-04T12:14:39+00:00\" \/>\n<meta property=\"article:modified_time\" content=\"2021-11-16T12:18:01+00:00\" \/>\n<meta property=\"og:image\" content=\"https:\/\/www.hometheater.com.br\/portal\/wp-content\/uploads\/2021\/11\/Smart-Things-Hub.jpg\" \/>\n\t<meta property=\"og:image:width\" content=\"920\" \/>\n\t<meta property=\"og:image:height\" content=\"518\" \/>\n\t<meta property=\"og:image:type\" content=\"image\/jpeg\" \/>\n<meta name=\"author\" content=\"Revista Home Theater &amp; Casa Digital\" \/>\n<meta name=\"twitter:card\" content=\"summary_large_image\" \/>\n<meta name=\"twitter:creator\" content=\"@hometheaterbr\" \/>\n<meta name=\"twitter:site\" content=\"@hometheaterbr\" \/>\n<meta name=\"twitter:label1\" content=\"Escrito por\" \/>\n\t<meta name=\"twitter:data1\" content=\"Revista Home Theater &amp; Casa Digital\" \/>\n\t<meta name=\"twitter:label2\" content=\"Est. tempo de leitura\" \/>\n\t<meta name=\"twitter:data2\" content=\"2 minutos\" \/>\n<script type=\"application\/ld+json\" class=\"yoast-schema-graph\">{\"@context\":\"https:\/\/schema.org\",\"@graph\":[{\"@type\":\"Article\",\"@id\":\"https:\/\/www.hometheater.com.br\/portal\/2021\/11\/04\/samsung-anuncia-adesao-ao-padrao-matter-em-2022\/#article\",\"isPartOf\":{\"@id\":\"https:\/\/www.hometheater.com.br\/portal\/2021\/11\/04\/samsung-anuncia-adesao-ao-padrao-matter-em-2022\/\"},\"author\":{\"name\":\"Revista Home Theater &amp; Casa Digital\",\"@id\":\"https:\/\/www.hometheater.com.br\/portal\/#\/schema\/person\/3b6bd5a9e2a6c4197c7b98dd7a733d22\"},\"headline\":\"Samsung anuncia ades\u00e3o ao padr\u00e3o Matter em 2022\",\"datePublished\":\"2021-11-04T12:14:39+00:00\",\"dateModified\":\"2021-11-16T12:18:01+00:00\",\"mainEntityOfPage\":{\"@id\":\"https:\/\/www.hometheater.com.br\/portal\/2021\/11\/04\/samsung-anuncia-adesao-ao-padrao-matter-em-2022\/\"},\"wordCount\":272,\"commentCount\":0,\"publisher\":{\"@id\":\"https:\/\/www.hometheater.com.br\/portal\/#organization\"},\"image\":{\"@id\":\"https:\/\/www.hometheater.com.br\/portal\/2021\/11\/04\/samsung-anuncia-adesao-ao-padrao-matter-em-2022\/#primaryimage\"},\"thumbnailUrl\":\"https:\/\/www.hometheater.com.br\/portal\/wp-content\/uploads\/2021\/11\/Smart-Things-Hub.jpg\",\"articleSection\":[\"SMART HOME\"],\"inLanguage\":\"pt-BR\",\"potentialAction\":[{\"@type\":\"CommentAction\",\"name\":\"Comment\",\"target\":[\"https:\/\/www.hometheater.com.br\/portal\/2021\/11\/04\/samsung-anuncia-adesao-ao-padrao-matter-em-2022\/#respond\"]}]},{\"@type\":\"WebPage\",\"@id\":\"https:\/\/www.hometheater.com.br\/portal\/2021\/11\/04\/samsung-anuncia-adesao-ao-padrao-matter-em-2022\/\",\"url\":\"https:\/\/www.hometheater.com.br\/portal\/2021\/11\/04\/samsung-anuncia-adesao-ao-padrao-matter-em-2022\/\",\"name\":\"Samsung anuncia ades\u00e3o ao padr\u00e3o Matter em 2022 - HT &amp; Casa Digital\",\"isPartOf\":{\"@id\":\"https:\/\/www.hometheater.com.br\/portal\/#website\"},\"primaryImageOfPage\":{\"@id\":\"https:\/\/www.hometheater.com.br\/portal\/2021\/11\/04\/samsung-anuncia-adesao-ao-padrao-matter-em-2022\/#primaryimage\"},\"image\":{\"@id\":\"https:\/\/www.hometheater.com.br\/portal\/2021\/11\/04\/samsung-anuncia-adesao-ao-padrao-matter-em-2022\/#primaryimage\"},\"thumbnailUrl\":\"https:\/\/www.hometheater.com.br\/portal\/wp-content\/uploads\/2021\/11\/Smart-Things-Hub.jpg\",\"datePublished\":\"2021-11-04T12:14:39+00:00\",\"dateModified\":\"2021-11-16T12:18:01+00:00\",\"breadcrumb\":{\"@id\":\"https:\/\/www.hometheater.com.br\/portal\/2021\/11\/04\/samsung-anuncia-adesao-ao-padrao-matter-em-2022\/#breadcrumb\"},\"inLanguage\":\"pt-BR\",\"potentialAction\":[{\"@type\":\"ReadAction\",\"target\":[\"https:\/\/www.hometheater.com.br\/portal\/2021\/11\/04\/samsung-anuncia-adesao-ao-padrao-matter-em-2022\/\"]}]},{\"@type\":\"ImageObject\",\"inLanguage\":\"pt-BR\",\"@id\":\"https:\/\/www.hometheater.com.br\/portal\/2021\/11\/04\/samsung-anuncia-adesao-ao-padrao-matter-em-2022\/#primaryimage\",\"url\":\"https:\/\/www.hometheater.com.br\/portal\/wp-content\/uploads\/2021\/11\/Smart-Things-Hub.jpg\",\"contentUrl\":\"https:\/\/www.hometheater.com.br\/portal\/wp-content\/uploads\/2021\/11\/Smart-Things-Hub.jpg\",\"width\":920,\"height\":518},{\"@type\":\"BreadcrumbList\",\"@id\":\"https:\/\/www.hometheater.com.br\/portal\/2021\/11\/04\/samsung-anuncia-adesao-ao-padrao-matter-em-2022\/#breadcrumb\",\"itemListElement\":[{\"@type\":\"ListItem\",\"position\":1,\"name\":\"In\u00edcio\",\"item\":\"https:\/\/www.hometheater.com.br\/portal\/\"},{\"@type\":\"ListItem\",\"position\":2,\"name\":\"Samsung anuncia ades\u00e3o ao padr\u00e3o Matter em 2022\"}]},{\"@type\":\"WebSite\",\"@id\":\"https:\/\/www.hometheater.com.br\/portal\/#website\",\"url\":\"https:\/\/www.hometheater.com.br\/portal\/\",\"name\":\"HT &amp; Casa Digital\",\"description\":\"O mundo digital em sua casa\",\"publisher\":{\"@id\":\"https:\/\/www.hometheater.com.br\/portal\/#organization\"},\"potentialAction\":[{\"@type\":\"SearchAction\",\"target\":{\"@type\":\"EntryPoint\",\"urlTemplate\":\"https:\/\/www.hometheater.com.br\/portal\/?s={search_term_string}\"},\"query-input\":{\"@type\":\"PropertyValueSpecification\",\"valueRequired\":true,\"valueName\":\"search_term_string\"}}],\"inLanguage\":\"pt-BR\"},{\"@type\":\"Organization\",\"@id\":\"https:\/\/www.hometheater.com.br\/portal\/#organization\",\"name\":\"Home Theater\",\"url\":\"https:\/\/www.hometheater.com.br\/portal\/\",\"logo\":{\"@type\":\"ImageObject\",\"inLanguage\":\"pt-BR\",\"@id\":\"https:\/\/www.hometheater.com.br\/portal\/#\/schema\/logo\/image\/\",\"url\":\"https:\/\/www.hometheater.com.br\/portal\/wp-content\/uploads\/2022\/06\/assine_ht_01.png\",\"contentUrl\":\"https:\/\/www.hometheater.com.br\/portal\/wp-content\/uploads\/2022\/06\/assine_ht_01.png\",\"width\":800,\"height\":254,\"caption\":\"Home Theater\"},\"image\":{\"@id\":\"https:\/\/www.hometheater.com.br\/portal\/#\/schema\/logo\/image\/\"},\"sameAs\":[\"https:\/\/web.facebook.com\/revistahometheater\",\"https:\/\/x.com\/hometheaterbr\"]},{\"@type\":\"Person\",\"@id\":\"https:\/\/www.hometheater.com.br\/portal\/#\/schema\/person\/3b6bd5a9e2a6c4197c7b98dd7a733d22\",\"name\":\"Revista Home Theater &amp; Casa Digital\",\"image\":{\"@type\":\"ImageObject\",\"inLanguage\":\"pt-BR\",\"@id\":\"https:\/\/www.hometheater.com.br\/portal\/#\/schema\/person\/image\/\",\"url\":\"https:\/\/secure.gravatar.com\/avatar\/fd86f33d841f0f43adcc1665dd80ca740e028af4297e20d3444f9335092a6ee7?s=96&d=mm&r=g\",\"contentUrl\":\"https:\/\/secure.gravatar.com\/avatar\/fd86f33d841f0f43adcc1665dd80ca740e028af4297e20d3444f9335092a6ee7?s=96&d=mm&r=g\",\"caption\":\"Revista Home Theater &amp; Casa Digital\"},\"url\":\"https:\/\/www.hometheater.com.br\/portal\/author\/flavio\/\"}]}<\/script>\n<!-- \/ Yoast SEO plugin. -->","yoast_head_json":{"title":"Samsung anuncia ades\u00e3o ao padr\u00e3o Matter em 2022 - HT &amp; Casa Digital","robots":{"index":"index","follow":"follow","max-snippet":"max-snippet:-1","max-image-preview":"max-image-preview:large","max-video-preview":"max-video-preview:-1"},"canonical":"https:\/\/www.hometheater.com.br\/portal\/2021\/11\/04\/samsung-anuncia-adesao-ao-padrao-matter-em-2022\/","og_locale":"pt_BR","og_type":"article","og_title":"Samsung anuncia ades\u00e3o ao padr\u00e3o Matter em 2022 - HT &amp; Casa Digital","og_description":"Depois de Apple e Google, a Samsung \u00e9 a terceira gigante a anunciar que todos os seus produtos ser\u00e3o compat\u00edveis com o padr\u00e3o de conex\u00e3o","og_url":"https:\/\/www.hometheater.com.br\/portal\/2021\/11\/04\/samsung-anuncia-adesao-ao-padrao-matter-em-2022\/","og_site_name":"HT &amp; Casa Digital","article_publisher":"https:\/\/web.facebook.com\/revistahometheater","article_published_time":"2021-11-04T12:14:39+00:00","article_modified_time":"2021-11-16T12:18:01+00:00","og_image":[{"width":920,"height":518,"url":"https:\/\/www.hometheater.com.br\/portal\/wp-content\/uploads\/2021\/11\/Smart-Things-Hub.jpg","type":"image\/jpeg"}],"author":"Revista Home Theater &amp; Casa Digital","twitter_card":"summary_large_image","twitter_creator":"@hometheaterbr","twitter_site":"@hometheaterbr","twitter_misc":{"Escrito por":"Revista Home Theater &amp; Casa Digital","Est. tempo de leitura":"2 minutos"},"schema":{"@context":"https:\/\/schema.org","@graph":[{"@type":"Article","@id":"https:\/\/www.hometheater.com.br\/portal\/2021\/11\/04\/samsung-anuncia-adesao-ao-padrao-matter-em-2022\/#article","isPartOf":{"@id":"https:\/\/www.hometheater.com.br\/portal\/2021\/11\/04\/samsung-anuncia-adesao-ao-padrao-matter-em-2022\/"},"author":{"name":"Revista Home Theater &amp; Casa Digital","@id":"https:\/\/www.hometheater.com.br\/portal\/#\/schema\/person\/3b6bd5a9e2a6c4197c7b98dd7a733d22"},"headline":"Samsung anuncia ades\u00e3o ao padr\u00e3o Matter em 2022","datePublished":"2021-11-04T12:14:39+00:00","dateModified":"2021-11-16T12:18:01+00:00","mainEntityOfPage":{"@id":"https:\/\/www.hometheater.com.br\/portal\/2021\/11\/04\/samsung-anuncia-adesao-ao-padrao-matter-em-2022\/"},"wordCount":272,"commentCount":0,"publisher":{"@id":"https:\/\/www.hometheater.com.br\/portal\/#organization"},"image":{"@id":"https:\/\/www.hometheater.com.br\/portal\/2021\/11\/04\/samsung-anuncia-adesao-ao-padrao-matter-em-2022\/#primaryimage"},"thumbnailUrl":"https:\/\/www.hometheater.com.br\/portal\/wp-content\/uploads\/2021\/11\/Smart-Things-Hub.jpg","articleSection":["SMART HOME"],"inLanguage":"pt-BR","potentialAction":[{"@type":"CommentAction","name":"Comment","target":["https:\/\/www.hometheater.com.br\/portal\/2021\/11\/04\/samsung-anuncia-adesao-ao-padrao-matter-em-2022\/#respond"]}]},{"@type":"WebPage","@id":"https:\/\/www.hometheater.com.br\/portal\/2021\/11\/04\/samsung-anuncia-adesao-ao-padrao-matter-em-2022\/","url":"https:\/\/www.hometheater.com.br\/portal\/2021\/11\/04\/samsung-anuncia-adesao-ao-padrao-matter-em-2022\/","name":"Samsung anuncia ades\u00e3o ao padr\u00e3o Matter em 2022 - HT &amp; Casa Digital","isPartOf":{"@id":"https:\/\/www.hometheater.com.br\/portal\/#website"},"primaryImageOfPage":{"@id":"https:\/\/www.hometheater.com.br\/portal\/2021\/11\/04\/samsung-anuncia-adesao-ao-padrao-matter-em-2022\/#primaryimage"},"image":{"@id":"https:\/\/www.hometheater.com.br\/portal\/2021\/11\/04\/samsung-anuncia-adesao-ao-padrao-matter-em-2022\/#primaryimage"},"thumbnailUrl":"https:\/\/www.hometheater.com.br\/portal\/wp-content\/uploads\/2021\/11\/Smart-Things-Hub.jpg","datePublished":"2021-11-04T12:14:39+00:00","dateModified":"2021-11-16T12:18:01+00:00","breadcrumb":{"@id":"https:\/\/www.hometheater.com.br\/portal\/2021\/11\/04\/samsung-anuncia-adesao-ao-padrao-matter-em-2022\/#breadcrumb"},"inLanguage":"pt-BR","potentialAction":[{"@type":"ReadAction","target":["https:\/\/www.hometheater.com.br\/portal\/2021\/11\/04\/samsung-anuncia-adesao-ao-padrao-matter-em-2022\/"]}]},{"@type":"ImageObject","inLanguage":"pt-BR","@id":"https:\/\/www.hometheater.com.br\/portal\/2021\/11\/04\/samsung-anuncia-adesao-ao-padrao-matter-em-2022\/#primaryimage","url":"https:\/\/www.hometheater.com.br\/portal\/wp-content\/uploads\/2021\/11\/Smart-Things-Hub.jpg","contentUrl":"https:\/\/www.hometheater.com.br\/portal\/wp-content\/uploads\/2021\/11\/Smart-Things-Hub.jpg","width":920,"height":518},{"@type":"BreadcrumbList","@id":"https:\/\/www.hometheater.com.br\/portal\/2021\/11\/04\/samsung-anuncia-adesao-ao-padrao-matter-em-2022\/#breadcrumb","itemListElement":[{"@type":"ListItem","position":1,"name":"In\u00edcio","item":"https:\/\/www.hometheater.com.br\/portal\/"},{"@type":"ListItem","position":2,"name":"Samsung anuncia ades\u00e3o ao padr\u00e3o Matter em 2022"}]},{"@type":"WebSite","@id":"https:\/\/www.hometheater.com.br\/portal\/#website","url":"https:\/\/www.hometheater.com.br\/portal\/","name":"HT &amp; Casa Digital","description":"O mundo digital em sua casa","publisher":{"@id":"https:\/\/www.hometheater.com.br\/portal\/#organization"},"potentialAction":[{"@type":"SearchAction","target":{"@type":"EntryPoint","urlTemplate":"https:\/\/www.hometheater.com.br\/portal\/?s={search_term_string}"},"query-input":{"@type":"PropertyValueSpecification","valueRequired":true,"valueName":"search_term_string"}}],"inLanguage":"pt-BR"},{"@type":"Organization","@id":"https:\/\/www.hometheater.com.br\/portal\/#organization","name":"Home Theater","url":"https:\/\/www.hometheater.com.br\/portal\/","logo":{"@type":"ImageObject","inLanguage":"pt-BR","@id":"https:\/\/www.hometheater.com.br\/portal\/#\/schema\/logo\/image\/","url":"https:\/\/www.hometheater.com.br\/portal\/wp-content\/uploads\/2022\/06\/assine_ht_01.png","contentUrl":"https:\/\/www.hometheater.com.br\/portal\/wp-content\/uploads\/2022\/06\/assine_ht_01.png","width":800,"height":254,"caption":"Home Theater"},"image":{"@id":"https:\/\/www.hometheater.com.br\/portal\/#\/schema\/logo\/image\/"},"sameAs":["https:\/\/web.facebook.com\/revistahometheater","https:\/\/x.com\/hometheaterbr"]},{"@type":"Person","@id":"https:\/\/www.hometheater.com.br\/portal\/#\/schema\/person\/3b6bd5a9e2a6c4197c7b98dd7a733d22","name":"Revista Home Theater &amp; Casa Digital","image":{"@type":"ImageObject","inLanguage":"pt-BR","@id":"https:\/\/www.hometheater.com.br\/portal\/#\/schema\/person\/image\/","url":"https:\/\/secure.gravatar.com\/avatar\/fd86f33d841f0f43adcc1665dd80ca740e028af4297e20d3444f9335092a6ee7?s=96&d=mm&r=g","contentUrl":"https:\/\/secure.gravatar.com\/avatar\/fd86f33d841f0f43adcc1665dd80ca740e028af4297e20d3444f9335092a6ee7?s=96&d=mm&r=g","caption":"Revista Home Theater &amp; Casa Digital"},"url":"https:\/\/www.hometheater.com.br\/portal\/author\/flavio\/"}]}},"_links":{"self":[{"href":"https:\/\/www.hometheater.com.br\/portal\/wp-json\/wp\/v2\/posts\/22492","targetHints":{"allow":["GET"]}}],"collection":[{"href":"https:\/\/www.hometheater.com.br\/portal\/wp-json\/wp\/v2\/posts"}],"about":[{"href":"https:\/\/www.hometheater.com.br\/portal\/wp-json\/wp\/v2\/types\/post"}],"author":[{"embeddable":true,"href":"https:\/\/www.hometheater.com.br\/portal\/wp-json\/wp\/v2\/users\/1"}],"replies":[{"embeddable":true,"href":"https:\/\/www.hometheater.com.br\/portal\/wp-json\/wp\/v2\/comments?post=22492"}],"version-history":[{"count":0,"href":"https:\/\/www.hometheater.com.br\/portal\/wp-json\/wp\/v2\/posts\/22492\/revisions"}],"wp:featuredmedia":[{"embeddable":true,"href":"https:\/\/www.hometheater.com.br\/portal\/wp-json\/wp\/v2\/media\/22493"}],"wp:attachment":[{"href":"https:\/\/www.hometheater.com.br\/portal\/wp-json\/wp\/v2\/media?parent=22492"}],"wp:term":[{"taxonomy":"category","embeddable":true,"href":"https:\/\/www.hometheater.com.br\/portal\/wp-json\/wp\/v2\/categories?post=22492"},{"taxonomy":"post_tag","embeddable":true,"href":"https:\/\/www.hometheater.com.br\/portal\/wp-json\/wp\/v2\/tags?post=22492"}],"curies":[{"name":"wp","href":"https:\/\/api.w.org\/{rel}","templated":true}]}}