{"id":213,"date":"2015-09-25T14:36:20","date_gmt":"2015-09-25T14:36:20","guid":{"rendered":"http:\/\/revistahometheater.uol.com.br\/portal\/?p=213"},"modified":"2015-09-25T14:36:20","modified_gmt":"2015-09-25T14:36:20","slug":"subwoofer-focal-tem-falante-de-11-e-potencia-de-550w","status":"publish","type":"post","link":"https:\/\/www.hometheater.com.br\/portal\/2015\/09\/25\/subwoofer-focal-tem-falante-de-11-e-potencia-de-550w\/","title":{"rendered":"Subwoofer Focal tem falante de 11\u201d e pot\u00eancia de 550W"},"content":{"rendered":"<p><a href=\"http:\/\/revistahometheater.uol.com.br\/portal\/wp-content\/uploads\/2015\/09\/subwoofer_focal.jpg\"><img loading=\"lazy\" decoding=\"async\" class=\"alignright size-medium wp-image-214\" src=\"http:\/\/revistahometheater.uol.com.br\/portal\/wp-content\/uploads\/2015\/09\/subwoofer_focal-300x155.jpg\" alt=\"subwoofer_focal\" width=\"300\" height=\"155\" srcset=\"https:\/\/www.hometheater.com.br\/portal\/wp-content\/uploads\/2015\/09\/subwoofer_focal-300x155.jpg 300w, https:\/\/www.hometheater.com.br\/portal\/wp-content\/uploads\/2015\/09\/subwoofer_focal.jpg 350w\" sizes=\"auto, (max-width: 300px) 100vw, 300px\" \/><\/a>Item fundamental na reprodu\u00e7\u00e3o de graves impactantes em qualquer home theater, o subwoofer tamb\u00e9m contribui para ampliar o envolvimento sonoro com frequ\u00eancias omnidirecionais. Com pot\u00eancia de 550W, o <a href=\"http:\/\/www.focal-br.com\/en\/subwoofers\/517-sub-500-p-hp-3544053691299.html\"><strong>Focal SUB500P-HP<\/strong><\/a>, que chega ao Brasil atrav\u00e9s da distribuidora Audiogene, \u00e9 um modelo de m\u00e9dio porte.<\/p>\n<p>Apesar disso, possui falante de 11 polegadas projetado com magneto de ferrite (cer\u00e2mica composta por \u00f3xido de ferro) duplo capaz de entregar press\u00e3o sonora de 117dB. O cone em Polyglass, mistura de fibra de celulose com microbolhas de silicone, \u00e9 de longa excurs\u00e3o.<\/p><div class=\"homet-conteudo\" style=\"text-align: center;\" id=\"homet-2109260212\"><div data-cfpa=\"35734\" data-cfpw=\"35734\" id=\"homet-4024191568\"><a data-no-instant=\"1\" href=\"https:\/\/www.harmanluxuryaudio.com\/\" rel=\"noopener\" class=\"a2t-link\" aria-label=\"ARCAM-SA45-BANNER-NEWSLETTER\"><img loading=\"lazy\" decoding=\"async\" src=\"https:\/\/www.hometheater.com.br\/portal\/wp-content\/uploads\/2025\/09\/ARCAM-SA45-BANNER-NEWSLETTER.gif\" alt=\"\"  class=\"no-lazyload\" width=\"300\" height=\"250\"   \/><\/a><\/div><h6><span style=\"color: #808080;\"><em>Publicidade<\/em><\/span><\/h6>\r\n<\/br><script type=\"text\/javascript\">;new advadsCfpAd( 35734 );<\/script><\/div>\n<p>De acordo com o fabricante, oferece resposta de frequ\u00eancia de 36\u2013160Hz com distor\u00e7\u00e3o de +\/-3dB, mas com possibilidade de descer a 24Hz a -6dB. O sub tem gabinete de 42cm de altura e acabamento em preto texturizado.<\/p>\n<p><strong>Fonte:<\/strong> reda\u00e7\u00e3o HOME THEATER &amp; CASA DIGITAL \/ <a href=\"http:\/\/www.audiogene.com.br\/\">Audiogene<\/a><\/p>\n","protected":false},"excerpt":{"rendered":"<p>Item fundamental na reprodu\u00e7\u00e3o de graves impactantes em qualquer home theater, o subwoofer tamb\u00e9m contribui para ampliar o envolvimento sonoro com frequ\u00eancias omnidirecionais. Com pot\u00eancia<\/p>\n","protected":false},"author":1,"featured_media":214,"comment_status":"open","ping_status":"open","sticky":false,"template":"","format":"standard","meta":{"footnotes":""},"categories":[4],"tags":[],"class_list":["post-213","post","type-post","status-publish","format-standard","has-post-thumbnail","hentry","category-noticias"],"yoast_head":"<!-- This site is optimized with the Yoast SEO plugin v25.7 - https:\/\/yoast.com\/wordpress\/plugins\/seo\/ -->\n<title>Subwoofer Focal tem falante de 11\u201d e pot\u00eancia de 550W - HT &amp; Casa Digital<\/title>\n<meta name=\"robots\" content=\"index, follow, max-snippet:-1, max-image-preview:large, max-video-preview:-1\" \/>\n<link rel=\"canonical\" href=\"https:\/\/www.hometheater.com.br\/portal\/2015\/09\/25\/subwoofer-focal-tem-falante-de-11-e-potencia-de-550w\/\" \/>\n<meta property=\"og:locale\" content=\"pt_BR\" \/>\n<meta property=\"og:type\" content=\"article\" \/>\n<meta property=\"og:title\" content=\"Subwoofer Focal tem falante de 11\u201d e pot\u00eancia de 550W - HT &amp; Casa Digital\" \/>\n<meta property=\"og:description\" content=\"Item fundamental na reprodu\u00e7\u00e3o de graves impactantes em qualquer home theater, o subwoofer tamb\u00e9m contribui para ampliar o envolvimento sonoro com frequ\u00eancias omnidirecionais. Com pot\u00eancia\" \/>\n<meta property=\"og:url\" content=\"https:\/\/www.hometheater.com.br\/portal\/2015\/09\/25\/subwoofer-focal-tem-falante-de-11-e-potencia-de-550w\/\" \/>\n<meta property=\"og:site_name\" content=\"HT &amp; Casa Digital\" \/>\n<meta property=\"article:publisher\" content=\"https:\/\/web.facebook.com\/revistahometheater\" \/>\n<meta property=\"article:published_time\" content=\"2015-09-25T14:36:20+00:00\" \/>\n<meta property=\"og:image\" content=\"https:\/\/www.hometheater.com.br\/portal\/wp-content\/uploads\/2015\/09\/subwoofer_focal.jpg\" \/>\n\t<meta property=\"og:image:width\" content=\"350\" \/>\n\t<meta property=\"og:image:height\" content=\"181\" \/>\n\t<meta property=\"og:image:type\" content=\"image\/jpeg\" \/>\n<meta name=\"author\" content=\"Revista Home Theater &amp; Casa Digital\" \/>\n<meta name=\"twitter:card\" content=\"summary_large_image\" \/>\n<meta name=\"twitter:creator\" content=\"@hometheaterbr\" \/>\n<meta name=\"twitter:site\" content=\"@hometheaterbr\" \/>\n<meta name=\"twitter:label1\" content=\"Escrito por\" \/>\n\t<meta name=\"twitter:data1\" content=\"Revista Home Theater &amp; Casa Digital\" \/>\n\t<meta name=\"twitter:label2\" content=\"Est. tempo de leitura\" \/>\n\t<meta name=\"twitter:data2\" content=\"1 minuto\" \/>\n<script type=\"application\/ld+json\" class=\"yoast-schema-graph\">{\"@context\":\"https:\/\/schema.org\",\"@graph\":[{\"@type\":\"Article\",\"@id\":\"https:\/\/www.hometheater.com.br\/portal\/2015\/09\/25\/subwoofer-focal-tem-falante-de-11-e-potencia-de-550w\/#article\",\"isPartOf\":{\"@id\":\"https:\/\/www.hometheater.com.br\/portal\/2015\/09\/25\/subwoofer-focal-tem-falante-de-11-e-potencia-de-550w\/\"},\"author\":{\"name\":\"Revista Home Theater &amp; Casa Digital\",\"@id\":\"https:\/\/www.hometheater.com.br\/portal\/#\/schema\/person\/3b6bd5a9e2a6c4197c7b98dd7a733d22\"},\"headline\":\"Subwoofer Focal tem falante de 11\u201d e pot\u00eancia de 550W\",\"datePublished\":\"2015-09-25T14:36:20+00:00\",\"mainEntityOfPage\":{\"@id\":\"https:\/\/www.hometheater.com.br\/portal\/2015\/09\/25\/subwoofer-focal-tem-falante-de-11-e-potencia-de-550w\/\"},\"wordCount\":154,\"commentCount\":0,\"publisher\":{\"@id\":\"https:\/\/www.hometheater.com.br\/portal\/#organization\"},\"image\":{\"@id\":\"https:\/\/www.hometheater.com.br\/portal\/2015\/09\/25\/subwoofer-focal-tem-falante-de-11-e-potencia-de-550w\/#primaryimage\"},\"thumbnailUrl\":\"https:\/\/www.hometheater.com.br\/portal\/wp-content\/uploads\/2015\/09\/subwoofer_focal.jpg\",\"articleSection\":[\"NOT\u00cdCIAS\"],\"inLanguage\":\"pt-BR\",\"potentialAction\":[{\"@type\":\"CommentAction\",\"name\":\"Comment\",\"target\":[\"https:\/\/www.hometheater.com.br\/portal\/2015\/09\/25\/subwoofer-focal-tem-falante-de-11-e-potencia-de-550w\/#respond\"]}]},{\"@type\":\"WebPage\",\"@id\":\"https:\/\/www.hometheater.com.br\/portal\/2015\/09\/25\/subwoofer-focal-tem-falante-de-11-e-potencia-de-550w\/\",\"url\":\"https:\/\/www.hometheater.com.br\/portal\/2015\/09\/25\/subwoofer-focal-tem-falante-de-11-e-potencia-de-550w\/\",\"name\":\"Subwoofer Focal tem falante de 11\u201d e pot\u00eancia de 550W - HT &amp; Casa Digital\",\"isPartOf\":{\"@id\":\"https:\/\/www.hometheater.com.br\/portal\/#website\"},\"primaryImageOfPage\":{\"@id\":\"https:\/\/www.hometheater.com.br\/portal\/2015\/09\/25\/subwoofer-focal-tem-falante-de-11-e-potencia-de-550w\/#primaryimage\"},\"image\":{\"@id\":\"https:\/\/www.hometheater.com.br\/portal\/2015\/09\/25\/subwoofer-focal-tem-falante-de-11-e-potencia-de-550w\/#primaryimage\"},\"thumbnailUrl\":\"https:\/\/www.hometheater.com.br\/portal\/wp-content\/uploads\/2015\/09\/subwoofer_focal.jpg\",\"datePublished\":\"2015-09-25T14:36:20+00:00\",\"breadcrumb\":{\"@id\":\"https:\/\/www.hometheater.com.br\/portal\/2015\/09\/25\/subwoofer-focal-tem-falante-de-11-e-potencia-de-550w\/#breadcrumb\"},\"inLanguage\":\"pt-BR\",\"potentialAction\":[{\"@type\":\"ReadAction\",\"target\":[\"https:\/\/www.hometheater.com.br\/portal\/2015\/09\/25\/subwoofer-focal-tem-falante-de-11-e-potencia-de-550w\/\"]}]},{\"@type\":\"ImageObject\",\"inLanguage\":\"pt-BR\",\"@id\":\"https:\/\/www.hometheater.com.br\/portal\/2015\/09\/25\/subwoofer-focal-tem-falante-de-11-e-potencia-de-550w\/#primaryimage\",\"url\":\"https:\/\/www.hometheater.com.br\/portal\/wp-content\/uploads\/2015\/09\/subwoofer_focal.jpg\",\"contentUrl\":\"https:\/\/www.hometheater.com.br\/portal\/wp-content\/uploads\/2015\/09\/subwoofer_focal.jpg\",\"width\":350,\"height\":181},{\"@type\":\"BreadcrumbList\",\"@id\":\"https:\/\/www.hometheater.com.br\/portal\/2015\/09\/25\/subwoofer-focal-tem-falante-de-11-e-potencia-de-550w\/#breadcrumb\",\"itemListElement\":[{\"@type\":\"ListItem\",\"position\":1,\"name\":\"In\u00edcio\",\"item\":\"https:\/\/www.hometheater.com.br\/portal\/\"},{\"@type\":\"ListItem\",\"position\":2,\"name\":\"Subwoofer Focal tem falante de 11\u201d e pot\u00eancia de 550W\"}]},{\"@type\":\"WebSite\",\"@id\":\"https:\/\/www.hometheater.com.br\/portal\/#website\",\"url\":\"https:\/\/www.hometheater.com.br\/portal\/\",\"name\":\"HT &amp; Casa Digital\",\"description\":\"O mundo digital em sua casa\",\"publisher\":{\"@id\":\"https:\/\/www.hometheater.com.br\/portal\/#organization\"},\"potentialAction\":[{\"@type\":\"SearchAction\",\"target\":{\"@type\":\"EntryPoint\",\"urlTemplate\":\"https:\/\/www.hometheater.com.br\/portal\/?s={search_term_string}\"},\"query-input\":{\"@type\":\"PropertyValueSpecification\",\"valueRequired\":true,\"valueName\":\"search_term_string\"}}],\"inLanguage\":\"pt-BR\"},{\"@type\":\"Organization\",\"@id\":\"https:\/\/www.hometheater.com.br\/portal\/#organization\",\"name\":\"Home Theater\",\"url\":\"https:\/\/www.hometheater.com.br\/portal\/\",\"logo\":{\"@type\":\"ImageObject\",\"inLanguage\":\"pt-BR\",\"@id\":\"https:\/\/www.hometheater.com.br\/portal\/#\/schema\/logo\/image\/\",\"url\":\"https:\/\/www.hometheater.com.br\/portal\/wp-content\/uploads\/2022\/06\/assine_ht_01.png\",\"contentUrl\":\"https:\/\/www.hometheater.com.br\/portal\/wp-content\/uploads\/2022\/06\/assine_ht_01.png\",\"width\":800,\"height\":254,\"caption\":\"Home Theater\"},\"image\":{\"@id\":\"https:\/\/www.hometheater.com.br\/portal\/#\/schema\/logo\/image\/\"},\"sameAs\":[\"https:\/\/web.facebook.com\/revistahometheater\",\"https:\/\/x.com\/hometheaterbr\"]},{\"@type\":\"Person\",\"@id\":\"https:\/\/www.hometheater.com.br\/portal\/#\/schema\/person\/3b6bd5a9e2a6c4197c7b98dd7a733d22\",\"name\":\"Revista Home Theater &amp; Casa Digital\",\"image\":{\"@type\":\"ImageObject\",\"inLanguage\":\"pt-BR\",\"@id\":\"https:\/\/www.hometheater.com.br\/portal\/#\/schema\/person\/image\/\",\"url\":\"https:\/\/secure.gravatar.com\/avatar\/fd86f33d841f0f43adcc1665dd80ca740e028af4297e20d3444f9335092a6ee7?s=96&d=mm&r=g\",\"contentUrl\":\"https:\/\/secure.gravatar.com\/avatar\/fd86f33d841f0f43adcc1665dd80ca740e028af4297e20d3444f9335092a6ee7?s=96&d=mm&r=g\",\"caption\":\"Revista Home Theater &amp; Casa Digital\"},\"url\":\"https:\/\/www.hometheater.com.br\/portal\/author\/flavio\/\"}]}<\/script>\n<!-- \/ Yoast SEO plugin. -->","yoast_head_json":{"title":"Subwoofer Focal tem falante de 11\u201d e pot\u00eancia de 550W - HT &amp; Casa Digital","robots":{"index":"index","follow":"follow","max-snippet":"max-snippet:-1","max-image-preview":"max-image-preview:large","max-video-preview":"max-video-preview:-1"},"canonical":"https:\/\/www.hometheater.com.br\/portal\/2015\/09\/25\/subwoofer-focal-tem-falante-de-11-e-potencia-de-550w\/","og_locale":"pt_BR","og_type":"article","og_title":"Subwoofer Focal tem falante de 11\u201d e pot\u00eancia de 550W - HT &amp; Casa Digital","og_description":"Item fundamental na reprodu\u00e7\u00e3o de graves impactantes em qualquer home theater, o subwoofer tamb\u00e9m contribui para ampliar o envolvimento sonoro com frequ\u00eancias omnidirecionais. Com pot\u00eancia","og_url":"https:\/\/www.hometheater.com.br\/portal\/2015\/09\/25\/subwoofer-focal-tem-falante-de-11-e-potencia-de-550w\/","og_site_name":"HT &amp; Casa Digital","article_publisher":"https:\/\/web.facebook.com\/revistahometheater","article_published_time":"2015-09-25T14:36:20+00:00","og_image":[{"width":350,"height":181,"url":"https:\/\/www.hometheater.com.br\/portal\/wp-content\/uploads\/2015\/09\/subwoofer_focal.jpg","type":"image\/jpeg"}],"author":"Revista Home Theater &amp; Casa Digital","twitter_card":"summary_large_image","twitter_creator":"@hometheaterbr","twitter_site":"@hometheaterbr","twitter_misc":{"Escrito por":"Revista Home Theater &amp; Casa Digital","Est. tempo de leitura":"1 minuto"},"schema":{"@context":"https:\/\/schema.org","@graph":[{"@type":"Article","@id":"https:\/\/www.hometheater.com.br\/portal\/2015\/09\/25\/subwoofer-focal-tem-falante-de-11-e-potencia-de-550w\/#article","isPartOf":{"@id":"https:\/\/www.hometheater.com.br\/portal\/2015\/09\/25\/subwoofer-focal-tem-falante-de-11-e-potencia-de-550w\/"},"author":{"name":"Revista Home Theater &amp; Casa Digital","@id":"https:\/\/www.hometheater.com.br\/portal\/#\/schema\/person\/3b6bd5a9e2a6c4197c7b98dd7a733d22"},"headline":"Subwoofer Focal tem falante de 11\u201d e pot\u00eancia de 550W","datePublished":"2015-09-25T14:36:20+00:00","mainEntityOfPage":{"@id":"https:\/\/www.hometheater.com.br\/portal\/2015\/09\/25\/subwoofer-focal-tem-falante-de-11-e-potencia-de-550w\/"},"wordCount":154,"commentCount":0,"publisher":{"@id":"https:\/\/www.hometheater.com.br\/portal\/#organization"},"image":{"@id":"https:\/\/www.hometheater.com.br\/portal\/2015\/09\/25\/subwoofer-focal-tem-falante-de-11-e-potencia-de-550w\/#primaryimage"},"thumbnailUrl":"https:\/\/www.hometheater.com.br\/portal\/wp-content\/uploads\/2015\/09\/subwoofer_focal.jpg","articleSection":["NOT\u00cdCIAS"],"inLanguage":"pt-BR","potentialAction":[{"@type":"CommentAction","name":"Comment","target":["https:\/\/www.hometheater.com.br\/portal\/2015\/09\/25\/subwoofer-focal-tem-falante-de-11-e-potencia-de-550w\/#respond"]}]},{"@type":"WebPage","@id":"https:\/\/www.hometheater.com.br\/portal\/2015\/09\/25\/subwoofer-focal-tem-falante-de-11-e-potencia-de-550w\/","url":"https:\/\/www.hometheater.com.br\/portal\/2015\/09\/25\/subwoofer-focal-tem-falante-de-11-e-potencia-de-550w\/","name":"Subwoofer Focal tem falante de 11\u201d e pot\u00eancia de 550W - HT &amp; Casa Digital","isPartOf":{"@id":"https:\/\/www.hometheater.com.br\/portal\/#website"},"primaryImageOfPage":{"@id":"https:\/\/www.hometheater.com.br\/portal\/2015\/09\/25\/subwoofer-focal-tem-falante-de-11-e-potencia-de-550w\/#primaryimage"},"image":{"@id":"https:\/\/www.hometheater.com.br\/portal\/2015\/09\/25\/subwoofer-focal-tem-falante-de-11-e-potencia-de-550w\/#primaryimage"},"thumbnailUrl":"https:\/\/www.hometheater.com.br\/portal\/wp-content\/uploads\/2015\/09\/subwoofer_focal.jpg","datePublished":"2015-09-25T14:36:20+00:00","breadcrumb":{"@id":"https:\/\/www.hometheater.com.br\/portal\/2015\/09\/25\/subwoofer-focal-tem-falante-de-11-e-potencia-de-550w\/#breadcrumb"},"inLanguage":"pt-BR","potentialAction":[{"@type":"ReadAction","target":["https:\/\/www.hometheater.com.br\/portal\/2015\/09\/25\/subwoofer-focal-tem-falante-de-11-e-potencia-de-550w\/"]}]},{"@type":"ImageObject","inLanguage":"pt-BR","@id":"https:\/\/www.hometheater.com.br\/portal\/2015\/09\/25\/subwoofer-focal-tem-falante-de-11-e-potencia-de-550w\/#primaryimage","url":"https:\/\/www.hometheater.com.br\/portal\/wp-content\/uploads\/2015\/09\/subwoofer_focal.jpg","contentUrl":"https:\/\/www.hometheater.com.br\/portal\/wp-content\/uploads\/2015\/09\/subwoofer_focal.jpg","width":350,"height":181},{"@type":"BreadcrumbList","@id":"https:\/\/www.hometheater.com.br\/portal\/2015\/09\/25\/subwoofer-focal-tem-falante-de-11-e-potencia-de-550w\/#breadcrumb","itemListElement":[{"@type":"ListItem","position":1,"name":"In\u00edcio","item":"https:\/\/www.hometheater.com.br\/portal\/"},{"@type":"ListItem","position":2,"name":"Subwoofer Focal tem falante de 11\u201d e pot\u00eancia de 550W"}]},{"@type":"WebSite","@id":"https:\/\/www.hometheater.com.br\/portal\/#website","url":"https:\/\/www.hometheater.com.br\/portal\/","name":"HT &amp; Casa Digital","description":"O mundo digital em sua casa","publisher":{"@id":"https:\/\/www.hometheater.com.br\/portal\/#organization"},"potentialAction":[{"@type":"SearchAction","target":{"@type":"EntryPoint","urlTemplate":"https:\/\/www.hometheater.com.br\/portal\/?s={search_term_string}"},"query-input":{"@type":"PropertyValueSpecification","valueRequired":true,"valueName":"search_term_string"}}],"inLanguage":"pt-BR"},{"@type":"Organization","@id":"https:\/\/www.hometheater.com.br\/portal\/#organization","name":"Home Theater","url":"https:\/\/www.hometheater.com.br\/portal\/","logo":{"@type":"ImageObject","inLanguage":"pt-BR","@id":"https:\/\/www.hometheater.com.br\/portal\/#\/schema\/logo\/image\/","url":"https:\/\/www.hometheater.com.br\/portal\/wp-content\/uploads\/2022\/06\/assine_ht_01.png","contentUrl":"https:\/\/www.hometheater.com.br\/portal\/wp-content\/uploads\/2022\/06\/assine_ht_01.png","width":800,"height":254,"caption":"Home Theater"},"image":{"@id":"https:\/\/www.hometheater.com.br\/portal\/#\/schema\/logo\/image\/"},"sameAs":["https:\/\/web.facebook.com\/revistahometheater","https:\/\/x.com\/hometheaterbr"]},{"@type":"Person","@id":"https:\/\/www.hometheater.com.br\/portal\/#\/schema\/person\/3b6bd5a9e2a6c4197c7b98dd7a733d22","name":"Revista Home Theater &amp; Casa Digital","image":{"@type":"ImageObject","inLanguage":"pt-BR","@id":"https:\/\/www.hometheater.com.br\/portal\/#\/schema\/person\/image\/","url":"https:\/\/secure.gravatar.com\/avatar\/fd86f33d841f0f43adcc1665dd80ca740e028af4297e20d3444f9335092a6ee7?s=96&d=mm&r=g","contentUrl":"https:\/\/secure.gravatar.com\/avatar\/fd86f33d841f0f43adcc1665dd80ca740e028af4297e20d3444f9335092a6ee7?s=96&d=mm&r=g","caption":"Revista Home Theater &amp; Casa Digital"},"url":"https:\/\/www.hometheater.com.br\/portal\/author\/flavio\/"}]}},"_links":{"self":[{"href":"https:\/\/www.hometheater.com.br\/portal\/wp-json\/wp\/v2\/posts\/213","targetHints":{"allow":["GET"]}}],"collection":[{"href":"https:\/\/www.hometheater.com.br\/portal\/wp-json\/wp\/v2\/posts"}],"about":[{"href":"https:\/\/www.hometheater.com.br\/portal\/wp-json\/wp\/v2\/types\/post"}],"author":[{"embeddable":true,"href":"https:\/\/www.hometheater.com.br\/portal\/wp-json\/wp\/v2\/users\/1"}],"replies":[{"embeddable":true,"href":"https:\/\/www.hometheater.com.br\/portal\/wp-json\/wp\/v2\/comments?post=213"}],"version-history":[{"count":0,"href":"https:\/\/www.hometheater.com.br\/portal\/wp-json\/wp\/v2\/posts\/213\/revisions"}],"wp:featuredmedia":[{"embeddable":true,"href":"https:\/\/www.hometheater.com.br\/portal\/wp-json\/wp\/v2\/media\/214"}],"wp:attachment":[{"href":"https:\/\/www.hometheater.com.br\/portal\/wp-json\/wp\/v2\/media?parent=213"}],"wp:term":[{"taxonomy":"category","embeddable":true,"href":"https:\/\/www.hometheater.com.br\/portal\/wp-json\/wp\/v2\/categories?post=213"},{"taxonomy":"post_tag","embeddable":true,"href":"https:\/\/www.hometheater.com.br\/portal\/wp-json\/wp\/v2\/tags?post=213"}],"curies":[{"name":"wp","href":"https:\/\/api.w.org\/{rel}","templated":true}]}}