{"id":2050,"date":"2016-12-19T13:29:13","date_gmt":"2016-12-19T13:29:13","guid":{"rendered":"http:\/\/revistahometheater.uol.com.br\/portal\/?p=2050"},"modified":"2016-12-19T13:32:56","modified_gmt":"2016-12-19T13:32:56","slug":"operadoras-querem-adiar-prazo-da-tv-digital-em-sp","status":"publish","type":"post","link":"https:\/\/www.hometheater.com.br\/portal\/2016\/12\/19\/operadoras-querem-adiar-prazo-da-tv-digital-em-sp\/","title":{"rendered":"Operadoras querem adiar prazo da TV digital em SP"},"content":{"rendered":"<p><img loading=\"lazy\" decoding=\"async\" class=\"aligncenter size-full wp-image-2052\" src=\"http:\/\/revistahometheater.uol.com.br\/portal\/wp-content\/uploads\/2016\/12\/tv_digital.jpg\" alt=\"tv_digital\" width=\"750\" height=\"422\" srcset=\"https:\/\/www.hometheater.com.br\/portal\/wp-content\/uploads\/2016\/12\/tv_digital.jpg 750w, https:\/\/www.hometheater.com.br\/portal\/wp-content\/uploads\/2016\/12\/tv_digital-400x225.jpg 400w, https:\/\/www.hometheater.com.br\/portal\/wp-content\/uploads\/2016\/12\/tv_digital-500x281.jpg 500w, https:\/\/www.hometheater.com.br\/portal\/wp-content\/uploads\/2016\/12\/tv_digital-300x169.jpg 300w, https:\/\/www.hometheater.com.br\/portal\/wp-content\/uploads\/2016\/12\/tv_digital-50x28.jpg 50w\" sizes=\"auto, (max-width: 750px) 100vw, 750px\" \/><\/p>\n<p>A EAD, empresa criada pelas operadoras de celular para coordenar o processo e implanta\u00e7\u00e3o da TV Digital em todo o pa\u00eds, pediu ao Minist\u00e9rio das Comunica\u00e7\u00f5es o adiamento do prazo para transi\u00e7\u00e3o em S\u00e3o Paulo. A data fixada (29 de mar\u00e7o de 2017) est\u00e1 sendo considerada invi\u00e1vel para concluir todas as etapas do programa, incluindo a distribui\u00e7\u00e3o de \u201ckits digitais\u201d \u00e0s popula\u00e7\u00f5es de baixa renda.<\/p>\n<p>Fazem parte da administra\u00e7\u00e3o da EAD as operadoras Claro, Vivo, Tim e Algar, que conquistaram em leil\u00e3o o direito de utilizar as frequ\u00eancias na faixa de 700MHz dos canais de TV anal\u00f3gicos. O plano \u00e9 utilizar essas frequ\u00eancias para implantar novas redes de telefonia celular, com mais pot\u00eancia e sinal de melhor qualidade. O plano de transi\u00e7\u00e3o estabelecido pelo governo federal determina o desligamento gradativo dos transmissores de TV anal\u00f3gicos e a transfer\u00eancia das frequ\u00eancias para as teles.<\/p><div class=\"homet-conteudo\" style=\"text-align: center;\" id=\"homet-358345409\"><div data-cfpa=\"36066\" data-cfpw=\"36066\" id=\"homet-1039526528\"><a data-no-instant=\"1\" href=\"https:\/\/loja.sommaior.com.br\/\" rel=\"noopener\" class=\"a2t-link\" aria-label=\"ABBEY-ROAD_360x300px\"><img loading=\"lazy\" decoding=\"async\" src=\"https:\/\/www.hometheater.com.br\/portal\/wp-content\/uploads\/2025\/10\/ABBEY-ROAD_360x300px.jpg\" alt=\"\"  class=\"no-lazyload\" width=\"300\" height=\"250\"   \/><\/a><\/div><script type=\"text\/javascript\">;new advadsCfpAd( 36066 );<\/script><\/div>\n<p>Os transmissores j\u00e1 foram desligados com atraso no Distrito Federal, e a capital paulista seria a pr\u00f3xima \u00e1rea metropolitana a passar pelos procedimentos. Mas a EAD pede a revis\u00e3o de todo o cronograma, alegando atraso na encomenda dos equipamentos necess\u00e1rios. Em acordo com as emissoras, que hoje utilizam os canais anal\u00f3gicos, ficou estabelecido que os transmissores s\u00f3 ser\u00e3o desligados quando 93% dos domic\u00edlios tiverem condi\u00e7\u00f5es de receber sinal de TV digital aberta.<\/p>\n<p>Em S\u00e3o Paulo, maior regi\u00e3o metropolitana do pa\u00eds, com cerca de 5 milh\u00f5es de domic\u00edlios, a estimativa \u00e9 de que sejam necess\u00e1rios cerca de 2,2 milh\u00f5es de kits, incluindo antena e receptor digital, para moradias que possuem TV compat\u00edvel e n\u00e3o t\u00eam acesso a servi\u00e7os de TV por assinatura.<\/p>\n<p>Para esclarecer a popula\u00e7\u00e3o sobre esses procedimentos, a EAD criou o site\u00a0 <a href=\"http:\/\/www.sejadigital.com.br\/site\/home?1482150477\" target=\"_blank\" data-saferedirecturl=\"https:\/\/www.google.com\/url?hl=pt-BR&amp;q=http:\/\/www.sejadigital.com.br\/site\/home?1482150477&amp;source=gmail&amp;ust=1482240444112000&amp;usg=AFQjCNF7ehNHFr8Y0fT4f5Z4ptNVJJUSkQ\">Seja Digital<\/a>, enquanto as emissoras mant\u00eam no ar o site do\u00a0<a href=\"http:\/\/forumsbtvd.org.br\/\" target=\"_blank\" data-saferedirecturl=\"https:\/\/www.google.com\/url?hl=pt-BR&amp;q=http:\/\/forumsbtvd.org.br&amp;source=gmail&amp;ust=1482240444112000&amp;usg=AFQjCNEWrxZfPyUQweS0UBYFwkJECisL4Q\">F\u00f3rum SBTVD<\/a>.<\/p>\n<div><\/div>\n<div><b>FONTES: Folha de S\u00e3o Paulo e EAD<\/b><\/div>\n<div><b>\u00a0<\/b><\/div>\n<div><b>Temas relacionados:<\/b><\/div>\n<div><a href=\"http:\/\/convergecom.com.br\/teletime\/13\/12\/2016\/setor-termina-2016-com-perspectiva-economica-melhor-para-2017\/\" target=\"_blank\" data-saferedirecturl=\"https:\/\/www.google.com\/url?hl=pt-BR&amp;q=http:\/\/convergecom.com.br\/teletime\/13\/12\/2016\/setor-termina-2016-com-perspectiva-economica-melhor-para-2017\/&amp;source=gmail&amp;ust=1482240444112000&amp;usg=AFQjCNGlP9Yk_B7qe7BgGouvV2Y2X0zIHw\">Operadoras v\u00eaem melhores perspectivas para 2017<\/a><\/div>\n<div><a href=\"http:\/\/orlandobarrozo.blog.br\/2016\/11\/21\/globo-vs-netflix-comeco-da-batalha\/\" target=\"_blank\" data-saferedirecturl=\"https:\/\/www.google.com\/url?hl=pt-BR&amp;q=http:\/\/orlandobarrozo.blog.br\/2016\/11\/21\/globo-vs-netflix-comeco-da-batalha\/&amp;source=gmail&amp;ust=1482240444112000&amp;usg=AFQjCNHK8cbBM5-8TFjFxJSOzq5wLgfdjA\">Globo tem plano para competir com conte\u00fados do Netflix<\/a><\/div>\n<div><a href=\"http:\/\/orlandobarrozo.blog.br\/2016\/11\/29\/fabricantes-criam-associacao-no-brasil\/\" target=\"_blank\" data-saferedirecturl=\"https:\/\/www.google.com\/url?hl=pt-BR&amp;q=http:\/\/orlandobarrozo.blog.br\/2016\/11\/29\/fabricantes-criam-associacao-no-brasil\/&amp;source=gmail&amp;ust=1482240444112000&amp;usg=AFQjCNH_ZgxjoWmsrcf-Q0VlDyF5cNbSsg\">Fabricantes criam associa\u00e7\u00e3o de empresas Pro AV<\/a><\/div>\n<div><a href=\"http:\/\/revistahometheater.uol.com.br\/portal\/2016\/11\/22\/tv-qual-o-tamanho-ideal-para-minha-sala\/\" target=\"_blank\" data-saferedirecturl=\"https:\/\/www.google.com\/url?hl=pt-BR&amp;q=http:\/\/revistahometheater.uol.com.br\/portal\/2016\/11\/22\/tv-qual-o-tamanho-ideal-para-minha-sala\/&amp;source=gmail&amp;ust=1482240444112000&amp;usg=AFQjCNG1PzaID_tZwDym7onqKJ7FnBeHxQ\">Dicas: qual \u00e9 o tamanho ideal de TV para minha sala?<\/a><\/div>\n","protected":false},"excerpt":{"rendered":"<p>A EAD, empresa criada pelas operadoras de celular para coordenar o processo e implanta\u00e7\u00e3o da TV Digital em todo o pa\u00eds, pediu ao Minist\u00e9rio das<\/p>\n","protected":false},"author":1,"featured_media":2052,"comment_status":"open","ping_status":"open","sticky":false,"template":"","format":"standard","meta":{"footnotes":""},"categories":[4],"tags":[],"class_list":["post-2050","post","type-post","status-publish","format-standard","has-post-thumbnail","hentry","category-noticias"],"yoast_head":"<!-- This site is optimized with the Yoast SEO plugin v25.7 - https:\/\/yoast.com\/wordpress\/plugins\/seo\/ -->\n<title>Operadoras querem adiar prazo da TV digital em SP - HT &amp; Casa Digital<\/title>\n<meta name=\"robots\" content=\"index, follow, max-snippet:-1, max-image-preview:large, max-video-preview:-1\" \/>\n<link rel=\"canonical\" href=\"https:\/\/www.hometheater.com.br\/portal\/2016\/12\/19\/operadoras-querem-adiar-prazo-da-tv-digital-em-sp\/\" \/>\n<meta property=\"og:locale\" content=\"pt_BR\" \/>\n<meta property=\"og:type\" content=\"article\" \/>\n<meta property=\"og:title\" content=\"Operadoras querem adiar prazo da TV digital em SP - HT &amp; Casa Digital\" \/>\n<meta property=\"og:description\" content=\"A EAD, empresa criada pelas operadoras de celular para coordenar o processo e implanta\u00e7\u00e3o da TV Digital em todo o pa\u00eds, pediu ao Minist\u00e9rio das\" \/>\n<meta property=\"og:url\" content=\"https:\/\/www.hometheater.com.br\/portal\/2016\/12\/19\/operadoras-querem-adiar-prazo-da-tv-digital-em-sp\/\" \/>\n<meta property=\"og:site_name\" content=\"HT &amp; Casa Digital\" \/>\n<meta property=\"article:publisher\" content=\"https:\/\/web.facebook.com\/revistahometheater\" \/>\n<meta property=\"article:published_time\" content=\"2016-12-19T13:29:13+00:00\" \/>\n<meta property=\"article:modified_time\" content=\"2016-12-19T13:32:56+00:00\" \/>\n<meta property=\"og:image\" content=\"https:\/\/www.hometheater.com.br\/portal\/wp-content\/uploads\/2016\/12\/tv_digital.jpg\" \/>\n\t<meta property=\"og:image:width\" content=\"750\" \/>\n\t<meta property=\"og:image:height\" content=\"422\" \/>\n\t<meta property=\"og:image:type\" content=\"image\/jpeg\" \/>\n<meta name=\"author\" content=\"Revista Home Theater &amp; Casa Digital\" \/>\n<meta name=\"twitter:card\" content=\"summary_large_image\" \/>\n<meta name=\"twitter:creator\" content=\"@hometheaterbr\" \/>\n<meta name=\"twitter:site\" content=\"@hometheaterbr\" \/>\n<meta name=\"twitter:label1\" content=\"Escrito por\" \/>\n\t<meta name=\"twitter:data1\" content=\"Revista Home Theater &amp; Casa Digital\" \/>\n\t<meta name=\"twitter:label2\" content=\"Est. tempo de leitura\" \/>\n\t<meta name=\"twitter:data2\" content=\"2 minutos\" \/>\n<script type=\"application\/ld+json\" class=\"yoast-schema-graph\">{\"@context\":\"https:\/\/schema.org\",\"@graph\":[{\"@type\":\"Article\",\"@id\":\"https:\/\/www.hometheater.com.br\/portal\/2016\/12\/19\/operadoras-querem-adiar-prazo-da-tv-digital-em-sp\/#article\",\"isPartOf\":{\"@id\":\"https:\/\/www.hometheater.com.br\/portal\/2016\/12\/19\/operadoras-querem-adiar-prazo-da-tv-digital-em-sp\/\"},\"author\":{\"name\":\"Revista Home Theater &amp; Casa Digital\",\"@id\":\"https:\/\/www.hometheater.com.br\/portal\/#\/schema\/person\/3b6bd5a9e2a6c4197c7b98dd7a733d22\"},\"headline\":\"Operadoras querem adiar prazo da TV digital em SP\",\"datePublished\":\"2016-12-19T13:29:13+00:00\",\"dateModified\":\"2016-12-19T13:32:56+00:00\",\"mainEntityOfPage\":{\"@id\":\"https:\/\/www.hometheater.com.br\/portal\/2016\/12\/19\/operadoras-querem-adiar-prazo-da-tv-digital-em-sp\/\"},\"wordCount\":376,\"commentCount\":0,\"publisher\":{\"@id\":\"https:\/\/www.hometheater.com.br\/portal\/#organization\"},\"image\":{\"@id\":\"https:\/\/www.hometheater.com.br\/portal\/2016\/12\/19\/operadoras-querem-adiar-prazo-da-tv-digital-em-sp\/#primaryimage\"},\"thumbnailUrl\":\"https:\/\/www.hometheater.com.br\/portal\/wp-content\/uploads\/2016\/12\/tv_digital.jpg\",\"articleSection\":[\"NOT\u00cdCIAS\"],\"inLanguage\":\"pt-BR\",\"potentialAction\":[{\"@type\":\"CommentAction\",\"name\":\"Comment\",\"target\":[\"https:\/\/www.hometheater.com.br\/portal\/2016\/12\/19\/operadoras-querem-adiar-prazo-da-tv-digital-em-sp\/#respond\"]}]},{\"@type\":\"WebPage\",\"@id\":\"https:\/\/www.hometheater.com.br\/portal\/2016\/12\/19\/operadoras-querem-adiar-prazo-da-tv-digital-em-sp\/\",\"url\":\"https:\/\/www.hometheater.com.br\/portal\/2016\/12\/19\/operadoras-querem-adiar-prazo-da-tv-digital-em-sp\/\",\"name\":\"Operadoras querem adiar prazo da TV digital em SP - HT &amp; Casa Digital\",\"isPartOf\":{\"@id\":\"https:\/\/www.hometheater.com.br\/portal\/#website\"},\"primaryImageOfPage\":{\"@id\":\"https:\/\/www.hometheater.com.br\/portal\/2016\/12\/19\/operadoras-querem-adiar-prazo-da-tv-digital-em-sp\/#primaryimage\"},\"image\":{\"@id\":\"https:\/\/www.hometheater.com.br\/portal\/2016\/12\/19\/operadoras-querem-adiar-prazo-da-tv-digital-em-sp\/#primaryimage\"},\"thumbnailUrl\":\"https:\/\/www.hometheater.com.br\/portal\/wp-content\/uploads\/2016\/12\/tv_digital.jpg\",\"datePublished\":\"2016-12-19T13:29:13+00:00\",\"dateModified\":\"2016-12-19T13:32:56+00:00\",\"breadcrumb\":{\"@id\":\"https:\/\/www.hometheater.com.br\/portal\/2016\/12\/19\/operadoras-querem-adiar-prazo-da-tv-digital-em-sp\/#breadcrumb\"},\"inLanguage\":\"pt-BR\",\"potentialAction\":[{\"@type\":\"ReadAction\",\"target\":[\"https:\/\/www.hometheater.com.br\/portal\/2016\/12\/19\/operadoras-querem-adiar-prazo-da-tv-digital-em-sp\/\"]}]},{\"@type\":\"ImageObject\",\"inLanguage\":\"pt-BR\",\"@id\":\"https:\/\/www.hometheater.com.br\/portal\/2016\/12\/19\/operadoras-querem-adiar-prazo-da-tv-digital-em-sp\/#primaryimage\",\"url\":\"https:\/\/www.hometheater.com.br\/portal\/wp-content\/uploads\/2016\/12\/tv_digital.jpg\",\"contentUrl\":\"https:\/\/www.hometheater.com.br\/portal\/wp-content\/uploads\/2016\/12\/tv_digital.jpg\",\"width\":750,\"height\":422},{\"@type\":\"BreadcrumbList\",\"@id\":\"https:\/\/www.hometheater.com.br\/portal\/2016\/12\/19\/operadoras-querem-adiar-prazo-da-tv-digital-em-sp\/#breadcrumb\",\"itemListElement\":[{\"@type\":\"ListItem\",\"position\":1,\"name\":\"In\u00edcio\",\"item\":\"https:\/\/www.hometheater.com.br\/portal\/\"},{\"@type\":\"ListItem\",\"position\":2,\"name\":\"Operadoras querem adiar prazo da TV digital em SP\"}]},{\"@type\":\"WebSite\",\"@id\":\"https:\/\/www.hometheater.com.br\/portal\/#website\",\"url\":\"https:\/\/www.hometheater.com.br\/portal\/\",\"name\":\"HT &amp; Casa Digital\",\"description\":\"O mundo digital em sua casa\",\"publisher\":{\"@id\":\"https:\/\/www.hometheater.com.br\/portal\/#organization\"},\"potentialAction\":[{\"@type\":\"SearchAction\",\"target\":{\"@type\":\"EntryPoint\",\"urlTemplate\":\"https:\/\/www.hometheater.com.br\/portal\/?s={search_term_string}\"},\"query-input\":{\"@type\":\"PropertyValueSpecification\",\"valueRequired\":true,\"valueName\":\"search_term_string\"}}],\"inLanguage\":\"pt-BR\"},{\"@type\":\"Organization\",\"@id\":\"https:\/\/www.hometheater.com.br\/portal\/#organization\",\"name\":\"Home Theater\",\"url\":\"https:\/\/www.hometheater.com.br\/portal\/\",\"logo\":{\"@type\":\"ImageObject\",\"inLanguage\":\"pt-BR\",\"@id\":\"https:\/\/www.hometheater.com.br\/portal\/#\/schema\/logo\/image\/\",\"url\":\"https:\/\/www.hometheater.com.br\/portal\/wp-content\/uploads\/2022\/06\/assine_ht_01.png\",\"contentUrl\":\"https:\/\/www.hometheater.com.br\/portal\/wp-content\/uploads\/2022\/06\/assine_ht_01.png\",\"width\":800,\"height\":254,\"caption\":\"Home Theater\"},\"image\":{\"@id\":\"https:\/\/www.hometheater.com.br\/portal\/#\/schema\/logo\/image\/\"},\"sameAs\":[\"https:\/\/web.facebook.com\/revistahometheater\",\"https:\/\/x.com\/hometheaterbr\"]},{\"@type\":\"Person\",\"@id\":\"https:\/\/www.hometheater.com.br\/portal\/#\/schema\/person\/3b6bd5a9e2a6c4197c7b98dd7a733d22\",\"name\":\"Revista Home Theater &amp; Casa Digital\",\"image\":{\"@type\":\"ImageObject\",\"inLanguage\":\"pt-BR\",\"@id\":\"https:\/\/www.hometheater.com.br\/portal\/#\/schema\/person\/image\/\",\"url\":\"https:\/\/secure.gravatar.com\/avatar\/fd86f33d841f0f43adcc1665dd80ca740e028af4297e20d3444f9335092a6ee7?s=96&d=mm&r=g\",\"contentUrl\":\"https:\/\/secure.gravatar.com\/avatar\/fd86f33d841f0f43adcc1665dd80ca740e028af4297e20d3444f9335092a6ee7?s=96&d=mm&r=g\",\"caption\":\"Revista Home Theater &amp; Casa Digital\"},\"url\":\"https:\/\/www.hometheater.com.br\/portal\/author\/flavio\/\"}]}<\/script>\n<!-- \/ Yoast SEO plugin. -->","yoast_head_json":{"title":"Operadoras querem adiar prazo da TV digital em SP - HT &amp; Casa Digital","robots":{"index":"index","follow":"follow","max-snippet":"max-snippet:-1","max-image-preview":"max-image-preview:large","max-video-preview":"max-video-preview:-1"},"canonical":"https:\/\/www.hometheater.com.br\/portal\/2016\/12\/19\/operadoras-querem-adiar-prazo-da-tv-digital-em-sp\/","og_locale":"pt_BR","og_type":"article","og_title":"Operadoras querem adiar prazo da TV digital em SP - HT &amp; Casa Digital","og_description":"A EAD, empresa criada pelas operadoras de celular para coordenar o processo e implanta\u00e7\u00e3o da TV Digital em todo o pa\u00eds, pediu ao Minist\u00e9rio das","og_url":"https:\/\/www.hometheater.com.br\/portal\/2016\/12\/19\/operadoras-querem-adiar-prazo-da-tv-digital-em-sp\/","og_site_name":"HT &amp; Casa Digital","article_publisher":"https:\/\/web.facebook.com\/revistahometheater","article_published_time":"2016-12-19T13:29:13+00:00","article_modified_time":"2016-12-19T13:32:56+00:00","og_image":[{"width":750,"height":422,"url":"https:\/\/www.hometheater.com.br\/portal\/wp-content\/uploads\/2016\/12\/tv_digital.jpg","type":"image\/jpeg"}],"author":"Revista Home Theater &amp; Casa Digital","twitter_card":"summary_large_image","twitter_creator":"@hometheaterbr","twitter_site":"@hometheaterbr","twitter_misc":{"Escrito por":"Revista Home Theater &amp; Casa Digital","Est. tempo de leitura":"2 minutos"},"schema":{"@context":"https:\/\/schema.org","@graph":[{"@type":"Article","@id":"https:\/\/www.hometheater.com.br\/portal\/2016\/12\/19\/operadoras-querem-adiar-prazo-da-tv-digital-em-sp\/#article","isPartOf":{"@id":"https:\/\/www.hometheater.com.br\/portal\/2016\/12\/19\/operadoras-querem-adiar-prazo-da-tv-digital-em-sp\/"},"author":{"name":"Revista Home Theater &amp; Casa Digital","@id":"https:\/\/www.hometheater.com.br\/portal\/#\/schema\/person\/3b6bd5a9e2a6c4197c7b98dd7a733d22"},"headline":"Operadoras querem adiar prazo da TV digital em SP","datePublished":"2016-12-19T13:29:13+00:00","dateModified":"2016-12-19T13:32:56+00:00","mainEntityOfPage":{"@id":"https:\/\/www.hometheater.com.br\/portal\/2016\/12\/19\/operadoras-querem-adiar-prazo-da-tv-digital-em-sp\/"},"wordCount":376,"commentCount":0,"publisher":{"@id":"https:\/\/www.hometheater.com.br\/portal\/#organization"},"image":{"@id":"https:\/\/www.hometheater.com.br\/portal\/2016\/12\/19\/operadoras-querem-adiar-prazo-da-tv-digital-em-sp\/#primaryimage"},"thumbnailUrl":"https:\/\/www.hometheater.com.br\/portal\/wp-content\/uploads\/2016\/12\/tv_digital.jpg","articleSection":["NOT\u00cdCIAS"],"inLanguage":"pt-BR","potentialAction":[{"@type":"CommentAction","name":"Comment","target":["https:\/\/www.hometheater.com.br\/portal\/2016\/12\/19\/operadoras-querem-adiar-prazo-da-tv-digital-em-sp\/#respond"]}]},{"@type":"WebPage","@id":"https:\/\/www.hometheater.com.br\/portal\/2016\/12\/19\/operadoras-querem-adiar-prazo-da-tv-digital-em-sp\/","url":"https:\/\/www.hometheater.com.br\/portal\/2016\/12\/19\/operadoras-querem-adiar-prazo-da-tv-digital-em-sp\/","name":"Operadoras querem adiar prazo da TV digital em SP - HT &amp; Casa Digital","isPartOf":{"@id":"https:\/\/www.hometheater.com.br\/portal\/#website"},"primaryImageOfPage":{"@id":"https:\/\/www.hometheater.com.br\/portal\/2016\/12\/19\/operadoras-querem-adiar-prazo-da-tv-digital-em-sp\/#primaryimage"},"image":{"@id":"https:\/\/www.hometheater.com.br\/portal\/2016\/12\/19\/operadoras-querem-adiar-prazo-da-tv-digital-em-sp\/#primaryimage"},"thumbnailUrl":"https:\/\/www.hometheater.com.br\/portal\/wp-content\/uploads\/2016\/12\/tv_digital.jpg","datePublished":"2016-12-19T13:29:13+00:00","dateModified":"2016-12-19T13:32:56+00:00","breadcrumb":{"@id":"https:\/\/www.hometheater.com.br\/portal\/2016\/12\/19\/operadoras-querem-adiar-prazo-da-tv-digital-em-sp\/#breadcrumb"},"inLanguage":"pt-BR","potentialAction":[{"@type":"ReadAction","target":["https:\/\/www.hometheater.com.br\/portal\/2016\/12\/19\/operadoras-querem-adiar-prazo-da-tv-digital-em-sp\/"]}]},{"@type":"ImageObject","inLanguage":"pt-BR","@id":"https:\/\/www.hometheater.com.br\/portal\/2016\/12\/19\/operadoras-querem-adiar-prazo-da-tv-digital-em-sp\/#primaryimage","url":"https:\/\/www.hometheater.com.br\/portal\/wp-content\/uploads\/2016\/12\/tv_digital.jpg","contentUrl":"https:\/\/www.hometheater.com.br\/portal\/wp-content\/uploads\/2016\/12\/tv_digital.jpg","width":750,"height":422},{"@type":"BreadcrumbList","@id":"https:\/\/www.hometheater.com.br\/portal\/2016\/12\/19\/operadoras-querem-adiar-prazo-da-tv-digital-em-sp\/#breadcrumb","itemListElement":[{"@type":"ListItem","position":1,"name":"In\u00edcio","item":"https:\/\/www.hometheater.com.br\/portal\/"},{"@type":"ListItem","position":2,"name":"Operadoras querem adiar prazo da TV digital em SP"}]},{"@type":"WebSite","@id":"https:\/\/www.hometheater.com.br\/portal\/#website","url":"https:\/\/www.hometheater.com.br\/portal\/","name":"HT &amp; Casa Digital","description":"O mundo digital em sua casa","publisher":{"@id":"https:\/\/www.hometheater.com.br\/portal\/#organization"},"potentialAction":[{"@type":"SearchAction","target":{"@type":"EntryPoint","urlTemplate":"https:\/\/www.hometheater.com.br\/portal\/?s={search_term_string}"},"query-input":{"@type":"PropertyValueSpecification","valueRequired":true,"valueName":"search_term_string"}}],"inLanguage":"pt-BR"},{"@type":"Organization","@id":"https:\/\/www.hometheater.com.br\/portal\/#organization","name":"Home Theater","url":"https:\/\/www.hometheater.com.br\/portal\/","logo":{"@type":"ImageObject","inLanguage":"pt-BR","@id":"https:\/\/www.hometheater.com.br\/portal\/#\/schema\/logo\/image\/","url":"https:\/\/www.hometheater.com.br\/portal\/wp-content\/uploads\/2022\/06\/assine_ht_01.png","contentUrl":"https:\/\/www.hometheater.com.br\/portal\/wp-content\/uploads\/2022\/06\/assine_ht_01.png","width":800,"height":254,"caption":"Home Theater"},"image":{"@id":"https:\/\/www.hometheater.com.br\/portal\/#\/schema\/logo\/image\/"},"sameAs":["https:\/\/web.facebook.com\/revistahometheater","https:\/\/x.com\/hometheaterbr"]},{"@type":"Person","@id":"https:\/\/www.hometheater.com.br\/portal\/#\/schema\/person\/3b6bd5a9e2a6c4197c7b98dd7a733d22","name":"Revista Home Theater &amp; Casa Digital","image":{"@type":"ImageObject","inLanguage":"pt-BR","@id":"https:\/\/www.hometheater.com.br\/portal\/#\/schema\/person\/image\/","url":"https:\/\/secure.gravatar.com\/avatar\/fd86f33d841f0f43adcc1665dd80ca740e028af4297e20d3444f9335092a6ee7?s=96&d=mm&r=g","contentUrl":"https:\/\/secure.gravatar.com\/avatar\/fd86f33d841f0f43adcc1665dd80ca740e028af4297e20d3444f9335092a6ee7?s=96&d=mm&r=g","caption":"Revista Home Theater &amp; Casa Digital"},"url":"https:\/\/www.hometheater.com.br\/portal\/author\/flavio\/"}]}},"_links":{"self":[{"href":"https:\/\/www.hometheater.com.br\/portal\/wp-json\/wp\/v2\/posts\/2050","targetHints":{"allow":["GET"]}}],"collection":[{"href":"https:\/\/www.hometheater.com.br\/portal\/wp-json\/wp\/v2\/posts"}],"about":[{"href":"https:\/\/www.hometheater.com.br\/portal\/wp-json\/wp\/v2\/types\/post"}],"author":[{"embeddable":true,"href":"https:\/\/www.hometheater.com.br\/portal\/wp-json\/wp\/v2\/users\/1"}],"replies":[{"embeddable":true,"href":"https:\/\/www.hometheater.com.br\/portal\/wp-json\/wp\/v2\/comments?post=2050"}],"version-history":[{"count":0,"href":"https:\/\/www.hometheater.com.br\/portal\/wp-json\/wp\/v2\/posts\/2050\/revisions"}],"wp:featuredmedia":[{"embeddable":true,"href":"https:\/\/www.hometheater.com.br\/portal\/wp-json\/wp\/v2\/media\/2052"}],"wp:attachment":[{"href":"https:\/\/www.hometheater.com.br\/portal\/wp-json\/wp\/v2\/media?parent=2050"}],"wp:term":[{"taxonomy":"category","embeddable":true,"href":"https:\/\/www.hometheater.com.br\/portal\/wp-json\/wp\/v2\/categories?post=2050"},{"taxonomy":"post_tag","embeddable":true,"href":"https:\/\/www.hometheater.com.br\/portal\/wp-json\/wp\/v2\/tags?post=2050"}],"curies":[{"name":"wp","href":"https:\/\/api.w.org\/{rel}","templated":true}]}}