{"id":203,"date":"2015-09-25T14:17:36","date_gmt":"2015-09-25T14:17:36","guid":{"rendered":"http:\/\/revistahometheater.uol.com.br\/portal\/?p=203"},"modified":"2015-09-25T14:48:35","modified_gmt":"2015-09-25T14:48:35","slug":"feira-e-congresso-de-automacao-atraem-profissionais","status":"publish","type":"post","link":"https:\/\/www.hometheater.com.br\/portal\/2015\/09\/25\/feira-e-congresso-de-automacao-atraem-profissionais\/","title":{"rendered":"Feira e Congresso de automa\u00e7\u00e3o atraem profissionais"},"content":{"rendered":"<p><a href=\"http:\/\/revistahometheater.uol.com.br\/portal\/wp-content\/uploads\/2015\/09\/feira_congresso.jpg\"><img loading=\"lazy\" decoding=\"async\" class=\"alignright size-medium wp-image-205\" src=\"http:\/\/revistahometheater.uol.com.br\/portal\/wp-content\/uploads\/2015\/09\/feira_congresso-300x225.jpg\" alt=\"feira_congresso\" width=\"300\" height=\"225\" srcset=\"https:\/\/www.hometheater.com.br\/portal\/wp-content\/uploads\/2015\/09\/feira_congresso-300x225.jpg 300w, https:\/\/www.hometheater.com.br\/portal\/wp-content\/uploads\/2015\/09\/feira_congresso.jpg 350w\" sizes=\"auto, (max-width: 300px) 100vw, 300px\" \/><\/a>Ser\u00e1 realizada nos pr\u00f3ximos dias 28 a 30 de julho, em S\u00e3o Paulo, a 6a. edi\u00e7\u00e3o da\u00a0<a href=\"http:\/\/www.predialtec.com\/#!feira-e-eventos\/cs59\" target=\"_blank\">ExpoPredialTec<\/a>\u00a0 principal evento de automa\u00e7\u00e3o residencial do pa\u00eds. Simultaneamente, acontece mais um congresso HABITAR, promovido pela Aureside (Associa\u00e7\u00e3o Brasileira de Automa\u00e7\u00e3o Residencial).<\/p>\n<div>\n<p>Participam da exposi\u00e7\u00e3o marcas importantes do segmento, como Legrand, Controllar, AAT, Biltech, AMCP, Neocontrol, Projetelas, MyWay e Z-Wave, entre outras. Como nas edi\u00e7\u00f5es anteriores, o evento se prop\u00f5e a demonstrar as novas solu\u00e7\u00f5es a profissionais e usu\u00e1rios. A Legrand, por exemplo, anuncia o Wi Connect, sistema integrado de controles (para \u00e1udio, v\u00eddeo, ilumina\u00e7\u00e3o, cortinas etc.) e o software Light Management, para gerenciamento de luzes.<\/p><div class=\"homet-conteudo\" style=\"text-align: center;\" id=\"homet-3072110953\"><div data-cfpa=\"35734\" data-cfpw=\"35734\" id=\"homet-3902031838\"><a data-no-instant=\"1\" href=\"https:\/\/www.harmanluxuryaudio.com\/\" rel=\"noopener\" class=\"a2t-link\" aria-label=\"ARCAM-SA45-BANNER-NEWSLETTER\"><img loading=\"lazy\" decoding=\"async\" src=\"https:\/\/www.hometheater.com.br\/portal\/wp-content\/uploads\/2025\/09\/ARCAM-SA45-BANNER-NEWSLETTER.gif\" alt=\"\"  class=\"no-lazyload\" width=\"300\" height=\"250\"   \/><\/a><\/div><h6><span style=\"color: #808080;\"><em>Publicidade<\/em><\/span><\/h6>\r\n<\/br><script type=\"text\/javascript\">;new advadsCfpAd( 35734 );<\/script><\/div>\n<\/div>\n<div>J\u00e1 o\u00a0<a href=\"http:\/\/www.congressohabitar.com.br\/\" target=\"_blank\">Congresso HABITAR<\/a>\u00a0apresenta uma s\u00e9rie de palestras e semin\u00e1rios sobre tend\u00eancias em automa\u00e7\u00e3o residencial e predial. Entre os temas programados, destacam-se projetos eficientes em energia e o apelo da automa\u00e7\u00e3o no setor imobili\u00e1rio. Simultaneamente, ser\u00e1 realizado no mesmo local um Congresso de Seguran\u00e7a Eletr\u00f4nica.<\/div>\n<div><\/div>\n<div><strong>FONTE: <\/strong>ExpoPredialTec<\/div>\n","protected":false},"excerpt":{"rendered":"<p>Ser\u00e1 realizada nos pr\u00f3ximos dias 28 a 30 de julho, em S\u00e3o Paulo, a 6a. edi\u00e7\u00e3o da\u00a0ExpoPredialTec\u00a0 principal evento de automa\u00e7\u00e3o residencial do pa\u00eds. Simultaneamente,<\/p>\n","protected":false},"author":1,"featured_media":205,"comment_status":"open","ping_status":"open","sticky":false,"template":"","format":"standard","meta":{"footnotes":""},"categories":[4],"tags":[],"class_list":["post-203","post","type-post","status-publish","format-standard","has-post-thumbnail","hentry","category-noticias"],"yoast_head":"<!-- This site is optimized with the Yoast SEO plugin v25.7 - https:\/\/yoast.com\/wordpress\/plugins\/seo\/ -->\n<title>Feira e Congresso de automa\u00e7\u00e3o atraem profissionais - HT &amp; Casa Digital<\/title>\n<meta name=\"robots\" content=\"index, follow, max-snippet:-1, max-image-preview:large, max-video-preview:-1\" \/>\n<link rel=\"canonical\" href=\"https:\/\/www.hometheater.com.br\/portal\/2015\/09\/25\/feira-e-congresso-de-automacao-atraem-profissionais\/\" \/>\n<meta property=\"og:locale\" content=\"pt_BR\" \/>\n<meta property=\"og:type\" content=\"article\" \/>\n<meta property=\"og:title\" content=\"Feira e Congresso de automa\u00e7\u00e3o atraem profissionais - HT &amp; Casa Digital\" \/>\n<meta property=\"og:description\" content=\"Ser\u00e1 realizada nos pr\u00f3ximos dias 28 a 30 de julho, em S\u00e3o Paulo, a 6a. edi\u00e7\u00e3o da\u00a0ExpoPredialTec\u00a0 principal evento de automa\u00e7\u00e3o residencial do pa\u00eds. Simultaneamente,\" \/>\n<meta property=\"og:url\" content=\"https:\/\/www.hometheater.com.br\/portal\/2015\/09\/25\/feira-e-congresso-de-automacao-atraem-profissionais\/\" \/>\n<meta property=\"og:site_name\" content=\"HT &amp; Casa Digital\" \/>\n<meta property=\"article:publisher\" content=\"https:\/\/web.facebook.com\/revistahometheater\" \/>\n<meta property=\"article:published_time\" content=\"2015-09-25T14:17:36+00:00\" \/>\n<meta property=\"article:modified_time\" content=\"2015-09-25T14:48:35+00:00\" \/>\n<meta property=\"og:image\" content=\"https:\/\/www.hometheater.com.br\/portal\/wp-content\/uploads\/2015\/09\/feira_congresso.jpg\" \/>\n\t<meta property=\"og:image:width\" content=\"350\" \/>\n\t<meta property=\"og:image:height\" content=\"263\" \/>\n\t<meta property=\"og:image:type\" content=\"image\/jpeg\" \/>\n<meta name=\"author\" content=\"Revista Home Theater &amp; Casa Digital\" \/>\n<meta name=\"twitter:card\" content=\"summary_large_image\" \/>\n<meta name=\"twitter:creator\" content=\"@hometheaterbr\" \/>\n<meta name=\"twitter:site\" content=\"@hometheaterbr\" \/>\n<meta name=\"twitter:label1\" content=\"Escrito por\" \/>\n\t<meta name=\"twitter:data1\" content=\"Revista Home Theater &amp; Casa Digital\" \/>\n\t<meta name=\"twitter:label2\" content=\"Est. tempo de leitura\" \/>\n\t<meta name=\"twitter:data2\" content=\"1 minuto\" \/>\n<script type=\"application\/ld+json\" class=\"yoast-schema-graph\">{\"@context\":\"https:\/\/schema.org\",\"@graph\":[{\"@type\":\"Article\",\"@id\":\"https:\/\/www.hometheater.com.br\/portal\/2015\/09\/25\/feira-e-congresso-de-automacao-atraem-profissionais\/#article\",\"isPartOf\":{\"@id\":\"https:\/\/www.hometheater.com.br\/portal\/2015\/09\/25\/feira-e-congresso-de-automacao-atraem-profissionais\/\"},\"author\":{\"name\":\"Revista Home Theater &amp; Casa Digital\",\"@id\":\"https:\/\/www.hometheater.com.br\/portal\/#\/schema\/person\/3b6bd5a9e2a6c4197c7b98dd7a733d22\"},\"headline\":\"Feira e Congresso de automa\u00e7\u00e3o atraem profissionais\",\"datePublished\":\"2015-09-25T14:17:36+00:00\",\"dateModified\":\"2015-09-25T14:48:35+00:00\",\"mainEntityOfPage\":{\"@id\":\"https:\/\/www.hometheater.com.br\/portal\/2015\/09\/25\/feira-e-congresso-de-automacao-atraem-profissionais\/\"},\"wordCount\":179,\"commentCount\":0,\"publisher\":{\"@id\":\"https:\/\/www.hometheater.com.br\/portal\/#organization\"},\"image\":{\"@id\":\"https:\/\/www.hometheater.com.br\/portal\/2015\/09\/25\/feira-e-congresso-de-automacao-atraem-profissionais\/#primaryimage\"},\"thumbnailUrl\":\"https:\/\/www.hometheater.com.br\/portal\/wp-content\/uploads\/2015\/09\/feira_congresso.jpg\",\"articleSection\":[\"NOT\u00cdCIAS\"],\"inLanguage\":\"pt-BR\",\"potentialAction\":[{\"@type\":\"CommentAction\",\"name\":\"Comment\",\"target\":[\"https:\/\/www.hometheater.com.br\/portal\/2015\/09\/25\/feira-e-congresso-de-automacao-atraem-profissionais\/#respond\"]}]},{\"@type\":\"WebPage\",\"@id\":\"https:\/\/www.hometheater.com.br\/portal\/2015\/09\/25\/feira-e-congresso-de-automacao-atraem-profissionais\/\",\"url\":\"https:\/\/www.hometheater.com.br\/portal\/2015\/09\/25\/feira-e-congresso-de-automacao-atraem-profissionais\/\",\"name\":\"Feira e Congresso de automa\u00e7\u00e3o atraem profissionais - HT &amp; Casa Digital\",\"isPartOf\":{\"@id\":\"https:\/\/www.hometheater.com.br\/portal\/#website\"},\"primaryImageOfPage\":{\"@id\":\"https:\/\/www.hometheater.com.br\/portal\/2015\/09\/25\/feira-e-congresso-de-automacao-atraem-profissionais\/#primaryimage\"},\"image\":{\"@id\":\"https:\/\/www.hometheater.com.br\/portal\/2015\/09\/25\/feira-e-congresso-de-automacao-atraem-profissionais\/#primaryimage\"},\"thumbnailUrl\":\"https:\/\/www.hometheater.com.br\/portal\/wp-content\/uploads\/2015\/09\/feira_congresso.jpg\",\"datePublished\":\"2015-09-25T14:17:36+00:00\",\"dateModified\":\"2015-09-25T14:48:35+00:00\",\"breadcrumb\":{\"@id\":\"https:\/\/www.hometheater.com.br\/portal\/2015\/09\/25\/feira-e-congresso-de-automacao-atraem-profissionais\/#breadcrumb\"},\"inLanguage\":\"pt-BR\",\"potentialAction\":[{\"@type\":\"ReadAction\",\"target\":[\"https:\/\/www.hometheater.com.br\/portal\/2015\/09\/25\/feira-e-congresso-de-automacao-atraem-profissionais\/\"]}]},{\"@type\":\"ImageObject\",\"inLanguage\":\"pt-BR\",\"@id\":\"https:\/\/www.hometheater.com.br\/portal\/2015\/09\/25\/feira-e-congresso-de-automacao-atraem-profissionais\/#primaryimage\",\"url\":\"https:\/\/www.hometheater.com.br\/portal\/wp-content\/uploads\/2015\/09\/feira_congresso.jpg\",\"contentUrl\":\"https:\/\/www.hometheater.com.br\/portal\/wp-content\/uploads\/2015\/09\/feira_congresso.jpg\",\"width\":350,\"height\":263},{\"@type\":\"BreadcrumbList\",\"@id\":\"https:\/\/www.hometheater.com.br\/portal\/2015\/09\/25\/feira-e-congresso-de-automacao-atraem-profissionais\/#breadcrumb\",\"itemListElement\":[{\"@type\":\"ListItem\",\"position\":1,\"name\":\"In\u00edcio\",\"item\":\"https:\/\/www.hometheater.com.br\/portal\/\"},{\"@type\":\"ListItem\",\"position\":2,\"name\":\"Feira e Congresso de automa\u00e7\u00e3o atraem profissionais\"}]},{\"@type\":\"WebSite\",\"@id\":\"https:\/\/www.hometheater.com.br\/portal\/#website\",\"url\":\"https:\/\/www.hometheater.com.br\/portal\/\",\"name\":\"HT &amp; Casa Digital\",\"description\":\"O mundo digital em sua casa\",\"publisher\":{\"@id\":\"https:\/\/www.hometheater.com.br\/portal\/#organization\"},\"potentialAction\":[{\"@type\":\"SearchAction\",\"target\":{\"@type\":\"EntryPoint\",\"urlTemplate\":\"https:\/\/www.hometheater.com.br\/portal\/?s={search_term_string}\"},\"query-input\":{\"@type\":\"PropertyValueSpecification\",\"valueRequired\":true,\"valueName\":\"search_term_string\"}}],\"inLanguage\":\"pt-BR\"},{\"@type\":\"Organization\",\"@id\":\"https:\/\/www.hometheater.com.br\/portal\/#organization\",\"name\":\"Home Theater\",\"url\":\"https:\/\/www.hometheater.com.br\/portal\/\",\"logo\":{\"@type\":\"ImageObject\",\"inLanguage\":\"pt-BR\",\"@id\":\"https:\/\/www.hometheater.com.br\/portal\/#\/schema\/logo\/image\/\",\"url\":\"https:\/\/www.hometheater.com.br\/portal\/wp-content\/uploads\/2022\/06\/assine_ht_01.png\",\"contentUrl\":\"https:\/\/www.hometheater.com.br\/portal\/wp-content\/uploads\/2022\/06\/assine_ht_01.png\",\"width\":800,\"height\":254,\"caption\":\"Home Theater\"},\"image\":{\"@id\":\"https:\/\/www.hometheater.com.br\/portal\/#\/schema\/logo\/image\/\"},\"sameAs\":[\"https:\/\/web.facebook.com\/revistahometheater\",\"https:\/\/x.com\/hometheaterbr\"]},{\"@type\":\"Person\",\"@id\":\"https:\/\/www.hometheater.com.br\/portal\/#\/schema\/person\/3b6bd5a9e2a6c4197c7b98dd7a733d22\",\"name\":\"Revista Home Theater &amp; Casa Digital\",\"image\":{\"@type\":\"ImageObject\",\"inLanguage\":\"pt-BR\",\"@id\":\"https:\/\/www.hometheater.com.br\/portal\/#\/schema\/person\/image\/\",\"url\":\"https:\/\/secure.gravatar.com\/avatar\/fd86f33d841f0f43adcc1665dd80ca740e028af4297e20d3444f9335092a6ee7?s=96&d=mm&r=g\",\"contentUrl\":\"https:\/\/secure.gravatar.com\/avatar\/fd86f33d841f0f43adcc1665dd80ca740e028af4297e20d3444f9335092a6ee7?s=96&d=mm&r=g\",\"caption\":\"Revista Home Theater &amp; Casa Digital\"},\"url\":\"https:\/\/www.hometheater.com.br\/portal\/author\/flavio\/\"}]}<\/script>\n<!-- \/ Yoast SEO plugin. -->","yoast_head_json":{"title":"Feira e Congresso de automa\u00e7\u00e3o atraem profissionais - HT &amp; Casa Digital","robots":{"index":"index","follow":"follow","max-snippet":"max-snippet:-1","max-image-preview":"max-image-preview:large","max-video-preview":"max-video-preview:-1"},"canonical":"https:\/\/www.hometheater.com.br\/portal\/2015\/09\/25\/feira-e-congresso-de-automacao-atraem-profissionais\/","og_locale":"pt_BR","og_type":"article","og_title":"Feira e Congresso de automa\u00e7\u00e3o atraem profissionais - HT &amp; Casa Digital","og_description":"Ser\u00e1 realizada nos pr\u00f3ximos dias 28 a 30 de julho, em S\u00e3o Paulo, a 6a. edi\u00e7\u00e3o da\u00a0ExpoPredialTec\u00a0 principal evento de automa\u00e7\u00e3o residencial do pa\u00eds. Simultaneamente,","og_url":"https:\/\/www.hometheater.com.br\/portal\/2015\/09\/25\/feira-e-congresso-de-automacao-atraem-profissionais\/","og_site_name":"HT &amp; Casa Digital","article_publisher":"https:\/\/web.facebook.com\/revistahometheater","article_published_time":"2015-09-25T14:17:36+00:00","article_modified_time":"2015-09-25T14:48:35+00:00","og_image":[{"width":350,"height":263,"url":"https:\/\/www.hometheater.com.br\/portal\/wp-content\/uploads\/2015\/09\/feira_congresso.jpg","type":"image\/jpeg"}],"author":"Revista Home Theater &amp; Casa Digital","twitter_card":"summary_large_image","twitter_creator":"@hometheaterbr","twitter_site":"@hometheaterbr","twitter_misc":{"Escrito por":"Revista Home Theater &amp; Casa Digital","Est. tempo de leitura":"1 minuto"},"schema":{"@context":"https:\/\/schema.org","@graph":[{"@type":"Article","@id":"https:\/\/www.hometheater.com.br\/portal\/2015\/09\/25\/feira-e-congresso-de-automacao-atraem-profissionais\/#article","isPartOf":{"@id":"https:\/\/www.hometheater.com.br\/portal\/2015\/09\/25\/feira-e-congresso-de-automacao-atraem-profissionais\/"},"author":{"name":"Revista Home Theater &amp; Casa Digital","@id":"https:\/\/www.hometheater.com.br\/portal\/#\/schema\/person\/3b6bd5a9e2a6c4197c7b98dd7a733d22"},"headline":"Feira e Congresso de automa\u00e7\u00e3o atraem profissionais","datePublished":"2015-09-25T14:17:36+00:00","dateModified":"2015-09-25T14:48:35+00:00","mainEntityOfPage":{"@id":"https:\/\/www.hometheater.com.br\/portal\/2015\/09\/25\/feira-e-congresso-de-automacao-atraem-profissionais\/"},"wordCount":179,"commentCount":0,"publisher":{"@id":"https:\/\/www.hometheater.com.br\/portal\/#organization"},"image":{"@id":"https:\/\/www.hometheater.com.br\/portal\/2015\/09\/25\/feira-e-congresso-de-automacao-atraem-profissionais\/#primaryimage"},"thumbnailUrl":"https:\/\/www.hometheater.com.br\/portal\/wp-content\/uploads\/2015\/09\/feira_congresso.jpg","articleSection":["NOT\u00cdCIAS"],"inLanguage":"pt-BR","potentialAction":[{"@type":"CommentAction","name":"Comment","target":["https:\/\/www.hometheater.com.br\/portal\/2015\/09\/25\/feira-e-congresso-de-automacao-atraem-profissionais\/#respond"]}]},{"@type":"WebPage","@id":"https:\/\/www.hometheater.com.br\/portal\/2015\/09\/25\/feira-e-congresso-de-automacao-atraem-profissionais\/","url":"https:\/\/www.hometheater.com.br\/portal\/2015\/09\/25\/feira-e-congresso-de-automacao-atraem-profissionais\/","name":"Feira e Congresso de automa\u00e7\u00e3o atraem profissionais - HT &amp; Casa Digital","isPartOf":{"@id":"https:\/\/www.hometheater.com.br\/portal\/#website"},"primaryImageOfPage":{"@id":"https:\/\/www.hometheater.com.br\/portal\/2015\/09\/25\/feira-e-congresso-de-automacao-atraem-profissionais\/#primaryimage"},"image":{"@id":"https:\/\/www.hometheater.com.br\/portal\/2015\/09\/25\/feira-e-congresso-de-automacao-atraem-profissionais\/#primaryimage"},"thumbnailUrl":"https:\/\/www.hometheater.com.br\/portal\/wp-content\/uploads\/2015\/09\/feira_congresso.jpg","datePublished":"2015-09-25T14:17:36+00:00","dateModified":"2015-09-25T14:48:35+00:00","breadcrumb":{"@id":"https:\/\/www.hometheater.com.br\/portal\/2015\/09\/25\/feira-e-congresso-de-automacao-atraem-profissionais\/#breadcrumb"},"inLanguage":"pt-BR","potentialAction":[{"@type":"ReadAction","target":["https:\/\/www.hometheater.com.br\/portal\/2015\/09\/25\/feira-e-congresso-de-automacao-atraem-profissionais\/"]}]},{"@type":"ImageObject","inLanguage":"pt-BR","@id":"https:\/\/www.hometheater.com.br\/portal\/2015\/09\/25\/feira-e-congresso-de-automacao-atraem-profissionais\/#primaryimage","url":"https:\/\/www.hometheater.com.br\/portal\/wp-content\/uploads\/2015\/09\/feira_congresso.jpg","contentUrl":"https:\/\/www.hometheater.com.br\/portal\/wp-content\/uploads\/2015\/09\/feira_congresso.jpg","width":350,"height":263},{"@type":"BreadcrumbList","@id":"https:\/\/www.hometheater.com.br\/portal\/2015\/09\/25\/feira-e-congresso-de-automacao-atraem-profissionais\/#breadcrumb","itemListElement":[{"@type":"ListItem","position":1,"name":"In\u00edcio","item":"https:\/\/www.hometheater.com.br\/portal\/"},{"@type":"ListItem","position":2,"name":"Feira e Congresso de automa\u00e7\u00e3o atraem profissionais"}]},{"@type":"WebSite","@id":"https:\/\/www.hometheater.com.br\/portal\/#website","url":"https:\/\/www.hometheater.com.br\/portal\/","name":"HT &amp; Casa Digital","description":"O mundo digital em sua casa","publisher":{"@id":"https:\/\/www.hometheater.com.br\/portal\/#organization"},"potentialAction":[{"@type":"SearchAction","target":{"@type":"EntryPoint","urlTemplate":"https:\/\/www.hometheater.com.br\/portal\/?s={search_term_string}"},"query-input":{"@type":"PropertyValueSpecification","valueRequired":true,"valueName":"search_term_string"}}],"inLanguage":"pt-BR"},{"@type":"Organization","@id":"https:\/\/www.hometheater.com.br\/portal\/#organization","name":"Home Theater","url":"https:\/\/www.hometheater.com.br\/portal\/","logo":{"@type":"ImageObject","inLanguage":"pt-BR","@id":"https:\/\/www.hometheater.com.br\/portal\/#\/schema\/logo\/image\/","url":"https:\/\/www.hometheater.com.br\/portal\/wp-content\/uploads\/2022\/06\/assine_ht_01.png","contentUrl":"https:\/\/www.hometheater.com.br\/portal\/wp-content\/uploads\/2022\/06\/assine_ht_01.png","width":800,"height":254,"caption":"Home Theater"},"image":{"@id":"https:\/\/www.hometheater.com.br\/portal\/#\/schema\/logo\/image\/"},"sameAs":["https:\/\/web.facebook.com\/revistahometheater","https:\/\/x.com\/hometheaterbr"]},{"@type":"Person","@id":"https:\/\/www.hometheater.com.br\/portal\/#\/schema\/person\/3b6bd5a9e2a6c4197c7b98dd7a733d22","name":"Revista Home Theater &amp; Casa Digital","image":{"@type":"ImageObject","inLanguage":"pt-BR","@id":"https:\/\/www.hometheater.com.br\/portal\/#\/schema\/person\/image\/","url":"https:\/\/secure.gravatar.com\/avatar\/fd86f33d841f0f43adcc1665dd80ca740e028af4297e20d3444f9335092a6ee7?s=96&d=mm&r=g","contentUrl":"https:\/\/secure.gravatar.com\/avatar\/fd86f33d841f0f43adcc1665dd80ca740e028af4297e20d3444f9335092a6ee7?s=96&d=mm&r=g","caption":"Revista Home Theater &amp; Casa Digital"},"url":"https:\/\/www.hometheater.com.br\/portal\/author\/flavio\/"}]}},"_links":{"self":[{"href":"https:\/\/www.hometheater.com.br\/portal\/wp-json\/wp\/v2\/posts\/203","targetHints":{"allow":["GET"]}}],"collection":[{"href":"https:\/\/www.hometheater.com.br\/portal\/wp-json\/wp\/v2\/posts"}],"about":[{"href":"https:\/\/www.hometheater.com.br\/portal\/wp-json\/wp\/v2\/types\/post"}],"author":[{"embeddable":true,"href":"https:\/\/www.hometheater.com.br\/portal\/wp-json\/wp\/v2\/users\/1"}],"replies":[{"embeddable":true,"href":"https:\/\/www.hometheater.com.br\/portal\/wp-json\/wp\/v2\/comments?post=203"}],"version-history":[{"count":0,"href":"https:\/\/www.hometheater.com.br\/portal\/wp-json\/wp\/v2\/posts\/203\/revisions"}],"wp:featuredmedia":[{"embeddable":true,"href":"https:\/\/www.hometheater.com.br\/portal\/wp-json\/wp\/v2\/media\/205"}],"wp:attachment":[{"href":"https:\/\/www.hometheater.com.br\/portal\/wp-json\/wp\/v2\/media?parent=203"}],"wp:term":[{"taxonomy":"category","embeddable":true,"href":"https:\/\/www.hometheater.com.br\/portal\/wp-json\/wp\/v2\/categories?post=203"},{"taxonomy":"post_tag","embeddable":true,"href":"https:\/\/www.hometheater.com.br\/portal\/wp-json\/wp\/v2\/tags?post=203"}],"curies":[{"name":"wp","href":"https:\/\/api.w.org\/{rel}","templated":true}]}}