{"id":20014,"date":"2021-02-02T17:05:56","date_gmt":"2021-02-02T20:05:56","guid":{"rendered":"https:\/\/www.hometheater.com.br\/portal\/?p=20014"},"modified":"2021-02-02T17:09:06","modified_gmt":"2021-02-02T20:09:06","slug":"crestron-promove-evento-para-mercado-residencial-brasileiro","status":"publish","type":"post","link":"https:\/\/www.hometheater.com.br\/portal\/2021\/02\/02\/crestron-promove-evento-para-mercado-residencial-brasileiro\/","title":{"rendered":"Crestron promove evento para mercado residencial brasileiro"},"content":{"rendered":"<p><img loading=\"lazy\" decoding=\"async\" class=\"aligncenter size-full wp-image-20015\" src=\"https:\/\/www.hometheater.com.br\/portal\/wp-content\/uploads\/2021\/02\/crestron_home.jpg\" alt=\"\" width=\"550\" height=\"462\" srcset=\"https:\/\/www.hometheater.com.br\/portal\/wp-content\/uploads\/2021\/02\/crestron_home.jpg 550w, https:\/\/www.hometheater.com.br\/portal\/wp-content\/uploads\/2021\/02\/crestron_home-400x336.jpg 400w, https:\/\/www.hometheater.com.br\/portal\/wp-content\/uploads\/2021\/02\/crestron_home-500x420.jpg 500w, https:\/\/www.hometheater.com.br\/portal\/wp-content\/uploads\/2021\/02\/crestron_home-300x252.jpg 300w\" sizes=\"auto, (max-width: 550px) 100vw, 550px\" \/><\/p>\n<p>Profissionais brasileiros do segmento residencial est\u00e3o sendo convidados a participar, no pr\u00f3ximo dia 11\/02, do primeiro evento da Crestron este ano. Ser\u00e3o tr\u00eas horas de apresenta\u00e7\u00f5es sobre os novos produtos e as estrat\u00e9gias da empresa, que est\u00e1 passando por mudan\u00e7as em sua opera\u00e7\u00e3o no pa\u00eds. O evento contar\u00e1 com a participa\u00e7\u00e3o de John Clancy, vice-presidente da \u00e1rea Home na empresa, e Federico Bausone, CEO da Crestron Latinoam\u00e9rica.<\/p>\n<p>Organizado em parceria com a AV Group, distribuidora oficial da marca no Brasil, o Crestron Residential Brasil Virtual ser\u00e1 aberto \u00e0s 9h30, com Filipe Ribeiro, diretor do AV Group, falando sobre a vis\u00e3o geral da empresa em rela\u00e7\u00e3o ao mercado de automa\u00e7\u00e3o residencial. Na sequ\u00eancia, Clancy falar\u00e1 sobre a pol\u00edtica global da Crestron para esse segmento; e Jeff Singer, respons\u00e1vel pelo marketing na empresa, abordar\u00e1 as novas oportunidades de neg\u00f3cio com a linha Crestron Home.<\/p><div class=\"homet-conteudo\" style=\"text-align: center;\" id=\"homet-1687296896\"><div data-cfpa=\"36066\" data-cfpw=\"36066\" id=\"homet-3374037263\"><a data-no-instant=\"1\" href=\"https:\/\/loja.sommaior.com.br\/\" rel=\"noopener\" class=\"a2t-link\" aria-label=\"ABBEY-ROAD_360x300px\"><img loading=\"lazy\" decoding=\"async\" src=\"https:\/\/www.hometheater.com.br\/portal\/wp-content\/uploads\/2025\/10\/ABBEY-ROAD_360x300px.jpg\" alt=\"\"  class=\"no-lazyload\" width=\"300\" height=\"250\"   \/><\/a><\/div><script type=\"text\/javascript\">;new advadsCfpAd( 36066 );<\/script><\/div>\n<p>Nas apresenta\u00e7\u00f5es seguintes, os profissionais conectados conhecer\u00e3o mais sobre os novos produtos da Crestron e a pol\u00edtica de treinamentos da AV Group, al\u00e9m do show-room montado pela distribuidora em S\u00e3o Paulo. Filipe Braga e Horst von Wallwitz, respons\u00e1veis por essa \u00e1rea, explicar\u00e3o como ser\u00e3o os treinamentos das revendas credenciadas em 2021.<\/p>\n<div>\n<p>Finalmente, ser\u00e1 apresentada a nova parceria da Crestron com a Delos, empresa americana especializada em solu\u00e7\u00f5es smart para controle da qualidade do ar e da \u00e1gua nas resid\u00eancias.<\/p>\n<p>Para participar do evento, os profissionais devem fazer sua inscri\u00e7\u00e3o&nbsp;<strong><a href=\"http:\/\/crestronbrasil.com\/home2021\/\" target=\"_blank\" rel=\"noopener noreferrer\" data-saferedirecturl=\"https:\/\/www.google.com\/url?q=http:\/\/crestronbrasil.com\/home2021\/&amp;source=gmail&amp;ust=1612380012817000&amp;usg=AFQjCNFMFcVbgx8bjRporOwGS-9XtHCbPw\">neste link<\/a><\/strong>. Confira outras not\u00edcias sobre o mercado de automa\u00e7\u00e3o no hot site&nbsp;<strong><a href=\"https:\/\/www.hometheater.com.br\/portal\/smart-home\/\" target=\"_blank\" rel=\"noopener noreferrer\" data-saferedirecturl=\"https:\/\/www.google.com\/url?q=https:\/\/www.hometheater.com.br\/portal\/smart-home\/&amp;source=gmail&amp;ust=1612380012817000&amp;usg=AFQjCNGWrFnmoLsALaaWMKpf3Zb4SWwoMg\">Smart Home<\/a><\/strong>.<\/p>\n<p><b>FONTE: AV Group<\/b><\/p>\n<p><b>Temas relacionados:<\/b><\/p>\n<p><a href=\"https:\/\/www.hometheater.com.br\/portal\/2020\/12\/08\/em-video-uma-pequena-aula-sobre-casa-inteligente\/\" target=\"_blank\" rel=\"noopener noreferrer\" data-saferedirecturl=\"https:\/\/www.google.com\/url?q=https:\/\/www.hometheater.com.br\/portal\/2020\/12\/08\/em-video-uma-pequena-aula-sobre-casa-inteligente\/&amp;source=gmail&amp;ust=1612380012817000&amp;usg=AFQjCNHmQZf7EJckHy-a2pECLSTkvYuZlA\"><b>Em v\u00eddeo, uma pequena aula sobre casa inteligente<\/b><\/a><\/p>\n<p><a href=\"https:\/\/www.hometheater.com.br\/portal\/2020\/11\/25\/construcao-civil-destaca-tecnologias-de-automacao\/\" target=\"_blank\" rel=\"noopener noreferrer\" data-saferedirecturl=\"https:\/\/www.google.com\/url?q=https:\/\/www.hometheater.com.br\/portal\/2020\/11\/25\/construcao-civil-destaca-tecnologias-de-automacao\/&amp;source=gmail&amp;ust=1612380012817000&amp;usg=AFQjCNH9Fh1Ermrd4nazxTGOo2dPWjkChg\"><b>Constru\u00e7\u00e3o Civil destaca tecnologias de automa\u00e7\u00e3o<\/b><\/a><\/p>\n<p><a href=\"https:\/\/www.hometheater.com.br\/portal\/2020\/11\/25\/conceito-wellness-acelera-negocios-durante-a-pandemia\/\" target=\"_blank\" rel=\"noopener noreferrer\" data-saferedirecturl=\"https:\/\/www.google.com\/url?q=https:\/\/www.hometheater.com.br\/portal\/2020\/11\/25\/conceito-wellness-acelera-negocios-durante-a-pandemia\/&amp;source=gmail&amp;ust=1612380012817000&amp;usg=AFQjCNEJ14oBfa-rwypeH8o77VC65sqmIw\"><b>Conceito wellness acelera neg\u00f3cios durante a pandemia<\/b><\/a><\/p>\n<p><a href=\"https:\/\/www.hometheater.com.br\/portal\/2021\/01\/18\/video-como-funcionam-os-novos-robos-domesticos\/\" target=\"_blank\" rel=\"noopener noreferrer\" data-saferedirecturl=\"https:\/\/www.google.com\/url?q=https:\/\/www.hometheater.com.br\/portal\/2021\/01\/18\/video-como-funcionam-os-novos-robos-domesticos\/&amp;source=gmail&amp;ust=1612380012817000&amp;usg=AFQjCNHwLFQ_O2Hs9F8cj8xE010rsVG8mg\"><b>V\u00eddeo: como funcionam os novos rob\u00f4s dom\u00e9sticos<\/b><\/a><\/p>\n<\/div>\n","protected":false},"excerpt":{"rendered":"<p>Profissionais brasileiros do segmento residencial est\u00e3o sendo convidados a participar, no pr\u00f3ximo dia 11\/02, do primeiro evento da Crestron este ano. Ser\u00e3o tr\u00eas horas de<\/p>\n","protected":false},"author":1,"featured_media":20016,"comment_status":"open","ping_status":"open","sticky":false,"template":"","format":"standard","meta":{"footnotes":""},"categories":[4],"tags":[],"class_list":["post-20014","post","type-post","status-publish","format-standard","has-post-thumbnail","hentry","category-noticias"],"yoast_head":"<!-- This site is optimized with the Yoast SEO plugin v25.7 - https:\/\/yoast.com\/wordpress\/plugins\/seo\/ -->\n<title>Crestron promove evento para mercado residencial brasileiro - HT &amp; Casa Digital<\/title>\n<meta name=\"robots\" content=\"index, follow, max-snippet:-1, max-image-preview:large, max-video-preview:-1\" \/>\n<link rel=\"canonical\" href=\"https:\/\/www.hometheater.com.br\/portal\/2021\/02\/02\/crestron-promove-evento-para-mercado-residencial-brasileiro\/\" \/>\n<meta property=\"og:locale\" content=\"pt_BR\" \/>\n<meta property=\"og:type\" content=\"article\" \/>\n<meta property=\"og:title\" content=\"Crestron promove evento para mercado residencial brasileiro - HT &amp; Casa Digital\" \/>\n<meta property=\"og:description\" content=\"Profissionais brasileiros do segmento residencial est\u00e3o sendo convidados a participar, no pr\u00f3ximo dia 11\/02, do primeiro evento da Crestron este ano. Ser\u00e3o tr\u00eas horas de\" \/>\n<meta property=\"og:url\" content=\"https:\/\/www.hometheater.com.br\/portal\/2021\/02\/02\/crestron-promove-evento-para-mercado-residencial-brasileiro\/\" \/>\n<meta property=\"og:site_name\" content=\"HT &amp; Casa Digital\" \/>\n<meta property=\"article:publisher\" content=\"https:\/\/web.facebook.com\/revistahometheater\" \/>\n<meta property=\"article:published_time\" content=\"2021-02-02T20:05:56+00:00\" \/>\n<meta property=\"article:modified_time\" content=\"2021-02-02T20:09:06+00:00\" \/>\n<meta property=\"og:image\" content=\"https:\/\/www.hometheater.com.br\/portal\/wp-content\/uploads\/2021\/02\/crestron_home1.jpg\" \/>\n\t<meta property=\"og:image:width\" content=\"450\" \/>\n\t<meta property=\"og:image:height\" content=\"300\" \/>\n\t<meta property=\"og:image:type\" content=\"image\/jpeg\" \/>\n<meta name=\"author\" content=\"Revista Home Theater &amp; Casa Digital\" \/>\n<meta name=\"twitter:card\" content=\"summary_large_image\" \/>\n<meta name=\"twitter:creator\" content=\"@hometheaterbr\" \/>\n<meta name=\"twitter:site\" content=\"@hometheaterbr\" \/>\n<meta name=\"twitter:label1\" content=\"Escrito por\" \/>\n\t<meta name=\"twitter:data1\" content=\"Revista Home Theater &amp; Casa Digital\" \/>\n\t<meta name=\"twitter:label2\" content=\"Est. tempo de leitura\" \/>\n\t<meta name=\"twitter:data2\" content=\"2 minutos\" \/>\n<script type=\"application\/ld+json\" class=\"yoast-schema-graph\">{\"@context\":\"https:\/\/schema.org\",\"@graph\":[{\"@type\":\"Article\",\"@id\":\"https:\/\/www.hometheater.com.br\/portal\/2021\/02\/02\/crestron-promove-evento-para-mercado-residencial-brasileiro\/#article\",\"isPartOf\":{\"@id\":\"https:\/\/www.hometheater.com.br\/portal\/2021\/02\/02\/crestron-promove-evento-para-mercado-residencial-brasileiro\/\"},\"author\":{\"name\":\"Revista Home Theater &amp; Casa Digital\",\"@id\":\"https:\/\/www.hometheater.com.br\/portal\/#\/schema\/person\/3b6bd5a9e2a6c4197c7b98dd7a733d22\"},\"headline\":\"Crestron promove evento para mercado residencial brasileiro\",\"datePublished\":\"2021-02-02T20:05:56+00:00\",\"dateModified\":\"2021-02-02T20:09:06+00:00\",\"mainEntityOfPage\":{\"@id\":\"https:\/\/www.hometheater.com.br\/portal\/2021\/02\/02\/crestron-promove-evento-para-mercado-residencial-brasileiro\/\"},\"wordCount\":324,\"commentCount\":0,\"publisher\":{\"@id\":\"https:\/\/www.hometheater.com.br\/portal\/#organization\"},\"image\":{\"@id\":\"https:\/\/www.hometheater.com.br\/portal\/2021\/02\/02\/crestron-promove-evento-para-mercado-residencial-brasileiro\/#primaryimage\"},\"thumbnailUrl\":\"https:\/\/www.hometheater.com.br\/portal\/wp-content\/uploads\/2021\/02\/crestron_home1.jpg\",\"articleSection\":[\"NOT\u00cdCIAS\"],\"inLanguage\":\"pt-BR\",\"potentialAction\":[{\"@type\":\"CommentAction\",\"name\":\"Comment\",\"target\":[\"https:\/\/www.hometheater.com.br\/portal\/2021\/02\/02\/crestron-promove-evento-para-mercado-residencial-brasileiro\/#respond\"]}]},{\"@type\":\"WebPage\",\"@id\":\"https:\/\/www.hometheater.com.br\/portal\/2021\/02\/02\/crestron-promove-evento-para-mercado-residencial-brasileiro\/\",\"url\":\"https:\/\/www.hometheater.com.br\/portal\/2021\/02\/02\/crestron-promove-evento-para-mercado-residencial-brasileiro\/\",\"name\":\"Crestron promove evento para mercado residencial brasileiro - HT &amp; Casa Digital\",\"isPartOf\":{\"@id\":\"https:\/\/www.hometheater.com.br\/portal\/#website\"},\"primaryImageOfPage\":{\"@id\":\"https:\/\/www.hometheater.com.br\/portal\/2021\/02\/02\/crestron-promove-evento-para-mercado-residencial-brasileiro\/#primaryimage\"},\"image\":{\"@id\":\"https:\/\/www.hometheater.com.br\/portal\/2021\/02\/02\/crestron-promove-evento-para-mercado-residencial-brasileiro\/#primaryimage\"},\"thumbnailUrl\":\"https:\/\/www.hometheater.com.br\/portal\/wp-content\/uploads\/2021\/02\/crestron_home1.jpg\",\"datePublished\":\"2021-02-02T20:05:56+00:00\",\"dateModified\":\"2021-02-02T20:09:06+00:00\",\"breadcrumb\":{\"@id\":\"https:\/\/www.hometheater.com.br\/portal\/2021\/02\/02\/crestron-promove-evento-para-mercado-residencial-brasileiro\/#breadcrumb\"},\"inLanguage\":\"pt-BR\",\"potentialAction\":[{\"@type\":\"ReadAction\",\"target\":[\"https:\/\/www.hometheater.com.br\/portal\/2021\/02\/02\/crestron-promove-evento-para-mercado-residencial-brasileiro\/\"]}]},{\"@type\":\"ImageObject\",\"inLanguage\":\"pt-BR\",\"@id\":\"https:\/\/www.hometheater.com.br\/portal\/2021\/02\/02\/crestron-promove-evento-para-mercado-residencial-brasileiro\/#primaryimage\",\"url\":\"https:\/\/www.hometheater.com.br\/portal\/wp-content\/uploads\/2021\/02\/crestron_home1.jpg\",\"contentUrl\":\"https:\/\/www.hometheater.com.br\/portal\/wp-content\/uploads\/2021\/02\/crestron_home1.jpg\",\"width\":450,\"height\":300},{\"@type\":\"BreadcrumbList\",\"@id\":\"https:\/\/www.hometheater.com.br\/portal\/2021\/02\/02\/crestron-promove-evento-para-mercado-residencial-brasileiro\/#breadcrumb\",\"itemListElement\":[{\"@type\":\"ListItem\",\"position\":1,\"name\":\"In\u00edcio\",\"item\":\"https:\/\/www.hometheater.com.br\/portal\/\"},{\"@type\":\"ListItem\",\"position\":2,\"name\":\"Crestron promove evento para mercado residencial brasileiro\"}]},{\"@type\":\"WebSite\",\"@id\":\"https:\/\/www.hometheater.com.br\/portal\/#website\",\"url\":\"https:\/\/www.hometheater.com.br\/portal\/\",\"name\":\"HT &amp; Casa Digital\",\"description\":\"O mundo digital em sua casa\",\"publisher\":{\"@id\":\"https:\/\/www.hometheater.com.br\/portal\/#organization\"},\"potentialAction\":[{\"@type\":\"SearchAction\",\"target\":{\"@type\":\"EntryPoint\",\"urlTemplate\":\"https:\/\/www.hometheater.com.br\/portal\/?s={search_term_string}\"},\"query-input\":{\"@type\":\"PropertyValueSpecification\",\"valueRequired\":true,\"valueName\":\"search_term_string\"}}],\"inLanguage\":\"pt-BR\"},{\"@type\":\"Organization\",\"@id\":\"https:\/\/www.hometheater.com.br\/portal\/#organization\",\"name\":\"Home Theater\",\"url\":\"https:\/\/www.hometheater.com.br\/portal\/\",\"logo\":{\"@type\":\"ImageObject\",\"inLanguage\":\"pt-BR\",\"@id\":\"https:\/\/www.hometheater.com.br\/portal\/#\/schema\/logo\/image\/\",\"url\":\"https:\/\/www.hometheater.com.br\/portal\/wp-content\/uploads\/2022\/06\/assine_ht_01.png\",\"contentUrl\":\"https:\/\/www.hometheater.com.br\/portal\/wp-content\/uploads\/2022\/06\/assine_ht_01.png\",\"width\":800,\"height\":254,\"caption\":\"Home Theater\"},\"image\":{\"@id\":\"https:\/\/www.hometheater.com.br\/portal\/#\/schema\/logo\/image\/\"},\"sameAs\":[\"https:\/\/web.facebook.com\/revistahometheater\",\"https:\/\/x.com\/hometheaterbr\"]},{\"@type\":\"Person\",\"@id\":\"https:\/\/www.hometheater.com.br\/portal\/#\/schema\/person\/3b6bd5a9e2a6c4197c7b98dd7a733d22\",\"name\":\"Revista Home Theater &amp; Casa Digital\",\"image\":{\"@type\":\"ImageObject\",\"inLanguage\":\"pt-BR\",\"@id\":\"https:\/\/www.hometheater.com.br\/portal\/#\/schema\/person\/image\/\",\"url\":\"https:\/\/secure.gravatar.com\/avatar\/fd86f33d841f0f43adcc1665dd80ca740e028af4297e20d3444f9335092a6ee7?s=96&d=mm&r=g\",\"contentUrl\":\"https:\/\/secure.gravatar.com\/avatar\/fd86f33d841f0f43adcc1665dd80ca740e028af4297e20d3444f9335092a6ee7?s=96&d=mm&r=g\",\"caption\":\"Revista Home Theater &amp; Casa Digital\"},\"url\":\"https:\/\/www.hometheater.com.br\/portal\/author\/flavio\/\"}]}<\/script>\n<!-- \/ Yoast SEO plugin. -->","yoast_head_json":{"title":"Crestron promove evento para mercado residencial brasileiro - HT &amp; Casa Digital","robots":{"index":"index","follow":"follow","max-snippet":"max-snippet:-1","max-image-preview":"max-image-preview:large","max-video-preview":"max-video-preview:-1"},"canonical":"https:\/\/www.hometheater.com.br\/portal\/2021\/02\/02\/crestron-promove-evento-para-mercado-residencial-brasileiro\/","og_locale":"pt_BR","og_type":"article","og_title":"Crestron promove evento para mercado residencial brasileiro - HT &amp; Casa Digital","og_description":"Profissionais brasileiros do segmento residencial est\u00e3o sendo convidados a participar, no pr\u00f3ximo dia 11\/02, do primeiro evento da Crestron este ano. Ser\u00e3o tr\u00eas horas de","og_url":"https:\/\/www.hometheater.com.br\/portal\/2021\/02\/02\/crestron-promove-evento-para-mercado-residencial-brasileiro\/","og_site_name":"HT &amp; Casa Digital","article_publisher":"https:\/\/web.facebook.com\/revistahometheater","article_published_time":"2021-02-02T20:05:56+00:00","article_modified_time":"2021-02-02T20:09:06+00:00","og_image":[{"width":450,"height":300,"url":"https:\/\/www.hometheater.com.br\/portal\/wp-content\/uploads\/2021\/02\/crestron_home1.jpg","type":"image\/jpeg"}],"author":"Revista Home Theater &amp; Casa Digital","twitter_card":"summary_large_image","twitter_creator":"@hometheaterbr","twitter_site":"@hometheaterbr","twitter_misc":{"Escrito por":"Revista Home Theater &amp; Casa Digital","Est. tempo de leitura":"2 minutos"},"schema":{"@context":"https:\/\/schema.org","@graph":[{"@type":"Article","@id":"https:\/\/www.hometheater.com.br\/portal\/2021\/02\/02\/crestron-promove-evento-para-mercado-residencial-brasileiro\/#article","isPartOf":{"@id":"https:\/\/www.hometheater.com.br\/portal\/2021\/02\/02\/crestron-promove-evento-para-mercado-residencial-brasileiro\/"},"author":{"name":"Revista Home Theater &amp; Casa Digital","@id":"https:\/\/www.hometheater.com.br\/portal\/#\/schema\/person\/3b6bd5a9e2a6c4197c7b98dd7a733d22"},"headline":"Crestron promove evento para mercado residencial brasileiro","datePublished":"2021-02-02T20:05:56+00:00","dateModified":"2021-02-02T20:09:06+00:00","mainEntityOfPage":{"@id":"https:\/\/www.hometheater.com.br\/portal\/2021\/02\/02\/crestron-promove-evento-para-mercado-residencial-brasileiro\/"},"wordCount":324,"commentCount":0,"publisher":{"@id":"https:\/\/www.hometheater.com.br\/portal\/#organization"},"image":{"@id":"https:\/\/www.hometheater.com.br\/portal\/2021\/02\/02\/crestron-promove-evento-para-mercado-residencial-brasileiro\/#primaryimage"},"thumbnailUrl":"https:\/\/www.hometheater.com.br\/portal\/wp-content\/uploads\/2021\/02\/crestron_home1.jpg","articleSection":["NOT\u00cdCIAS"],"inLanguage":"pt-BR","potentialAction":[{"@type":"CommentAction","name":"Comment","target":["https:\/\/www.hometheater.com.br\/portal\/2021\/02\/02\/crestron-promove-evento-para-mercado-residencial-brasileiro\/#respond"]}]},{"@type":"WebPage","@id":"https:\/\/www.hometheater.com.br\/portal\/2021\/02\/02\/crestron-promove-evento-para-mercado-residencial-brasileiro\/","url":"https:\/\/www.hometheater.com.br\/portal\/2021\/02\/02\/crestron-promove-evento-para-mercado-residencial-brasileiro\/","name":"Crestron promove evento para mercado residencial brasileiro - HT &amp; Casa Digital","isPartOf":{"@id":"https:\/\/www.hometheater.com.br\/portal\/#website"},"primaryImageOfPage":{"@id":"https:\/\/www.hometheater.com.br\/portal\/2021\/02\/02\/crestron-promove-evento-para-mercado-residencial-brasileiro\/#primaryimage"},"image":{"@id":"https:\/\/www.hometheater.com.br\/portal\/2021\/02\/02\/crestron-promove-evento-para-mercado-residencial-brasileiro\/#primaryimage"},"thumbnailUrl":"https:\/\/www.hometheater.com.br\/portal\/wp-content\/uploads\/2021\/02\/crestron_home1.jpg","datePublished":"2021-02-02T20:05:56+00:00","dateModified":"2021-02-02T20:09:06+00:00","breadcrumb":{"@id":"https:\/\/www.hometheater.com.br\/portal\/2021\/02\/02\/crestron-promove-evento-para-mercado-residencial-brasileiro\/#breadcrumb"},"inLanguage":"pt-BR","potentialAction":[{"@type":"ReadAction","target":["https:\/\/www.hometheater.com.br\/portal\/2021\/02\/02\/crestron-promove-evento-para-mercado-residencial-brasileiro\/"]}]},{"@type":"ImageObject","inLanguage":"pt-BR","@id":"https:\/\/www.hometheater.com.br\/portal\/2021\/02\/02\/crestron-promove-evento-para-mercado-residencial-brasileiro\/#primaryimage","url":"https:\/\/www.hometheater.com.br\/portal\/wp-content\/uploads\/2021\/02\/crestron_home1.jpg","contentUrl":"https:\/\/www.hometheater.com.br\/portal\/wp-content\/uploads\/2021\/02\/crestron_home1.jpg","width":450,"height":300},{"@type":"BreadcrumbList","@id":"https:\/\/www.hometheater.com.br\/portal\/2021\/02\/02\/crestron-promove-evento-para-mercado-residencial-brasileiro\/#breadcrumb","itemListElement":[{"@type":"ListItem","position":1,"name":"In\u00edcio","item":"https:\/\/www.hometheater.com.br\/portal\/"},{"@type":"ListItem","position":2,"name":"Crestron promove evento para mercado residencial brasileiro"}]},{"@type":"WebSite","@id":"https:\/\/www.hometheater.com.br\/portal\/#website","url":"https:\/\/www.hometheater.com.br\/portal\/","name":"HT &amp; Casa Digital","description":"O mundo digital em sua casa","publisher":{"@id":"https:\/\/www.hometheater.com.br\/portal\/#organization"},"potentialAction":[{"@type":"SearchAction","target":{"@type":"EntryPoint","urlTemplate":"https:\/\/www.hometheater.com.br\/portal\/?s={search_term_string}"},"query-input":{"@type":"PropertyValueSpecification","valueRequired":true,"valueName":"search_term_string"}}],"inLanguage":"pt-BR"},{"@type":"Organization","@id":"https:\/\/www.hometheater.com.br\/portal\/#organization","name":"Home Theater","url":"https:\/\/www.hometheater.com.br\/portal\/","logo":{"@type":"ImageObject","inLanguage":"pt-BR","@id":"https:\/\/www.hometheater.com.br\/portal\/#\/schema\/logo\/image\/","url":"https:\/\/www.hometheater.com.br\/portal\/wp-content\/uploads\/2022\/06\/assine_ht_01.png","contentUrl":"https:\/\/www.hometheater.com.br\/portal\/wp-content\/uploads\/2022\/06\/assine_ht_01.png","width":800,"height":254,"caption":"Home Theater"},"image":{"@id":"https:\/\/www.hometheater.com.br\/portal\/#\/schema\/logo\/image\/"},"sameAs":["https:\/\/web.facebook.com\/revistahometheater","https:\/\/x.com\/hometheaterbr"]},{"@type":"Person","@id":"https:\/\/www.hometheater.com.br\/portal\/#\/schema\/person\/3b6bd5a9e2a6c4197c7b98dd7a733d22","name":"Revista Home Theater &amp; Casa Digital","image":{"@type":"ImageObject","inLanguage":"pt-BR","@id":"https:\/\/www.hometheater.com.br\/portal\/#\/schema\/person\/image\/","url":"https:\/\/secure.gravatar.com\/avatar\/fd86f33d841f0f43adcc1665dd80ca740e028af4297e20d3444f9335092a6ee7?s=96&d=mm&r=g","contentUrl":"https:\/\/secure.gravatar.com\/avatar\/fd86f33d841f0f43adcc1665dd80ca740e028af4297e20d3444f9335092a6ee7?s=96&d=mm&r=g","caption":"Revista Home Theater &amp; Casa Digital"},"url":"https:\/\/www.hometheater.com.br\/portal\/author\/flavio\/"}]}},"_links":{"self":[{"href":"https:\/\/www.hometheater.com.br\/portal\/wp-json\/wp\/v2\/posts\/20014","targetHints":{"allow":["GET"]}}],"collection":[{"href":"https:\/\/www.hometheater.com.br\/portal\/wp-json\/wp\/v2\/posts"}],"about":[{"href":"https:\/\/www.hometheater.com.br\/portal\/wp-json\/wp\/v2\/types\/post"}],"author":[{"embeddable":true,"href":"https:\/\/www.hometheater.com.br\/portal\/wp-json\/wp\/v2\/users\/1"}],"replies":[{"embeddable":true,"href":"https:\/\/www.hometheater.com.br\/portal\/wp-json\/wp\/v2\/comments?post=20014"}],"version-history":[{"count":0,"href":"https:\/\/www.hometheater.com.br\/portal\/wp-json\/wp\/v2\/posts\/20014\/revisions"}],"wp:featuredmedia":[{"embeddable":true,"href":"https:\/\/www.hometheater.com.br\/portal\/wp-json\/wp\/v2\/media\/20016"}],"wp:attachment":[{"href":"https:\/\/www.hometheater.com.br\/portal\/wp-json\/wp\/v2\/media?parent=20014"}],"wp:term":[{"taxonomy":"category","embeddable":true,"href":"https:\/\/www.hometheater.com.br\/portal\/wp-json\/wp\/v2\/categories?post=20014"},{"taxonomy":"post_tag","embeddable":true,"href":"https:\/\/www.hometheater.com.br\/portal\/wp-json\/wp\/v2\/tags?post=20014"}],"curies":[{"name":"wp","href":"https:\/\/api.w.org\/{rel}","templated":true}]}}