{"id":19043,"date":"2020-10-15T17:20:31","date_gmt":"2020-10-15T20:20:31","guid":{"rendered":"https:\/\/www.hometheater.com.br\/portal\/?p=19043"},"modified":"2020-11-04T10:12:51","modified_gmt":"2020-11-04T12:12:51","slug":"forum-sbtvd-pede-sugestoes-para-tv-3-0-no-brasil","status":"publish","type":"post","link":"https:\/\/www.hometheater.com.br\/portal\/2020\/10\/15\/forum-sbtvd-pede-sugestoes-para-tv-3-0-no-brasil\/","title":{"rendered":"F\u00f3rum SBTVD pede sugest\u00f5es para TV 3.0 no Brasil"},"content":{"rendered":"<p><img loading=\"lazy\" decoding=\"async\" class=\"aligncenter size-full wp-image-19044\" src=\"https:\/\/www.hometheater.com.br\/portal\/wp-content\/uploads\/2020\/10\/SBTVD_.jpg\" alt=\"\" width=\"750\" height=\"528\" srcset=\"https:\/\/www.hometheater.com.br\/portal\/wp-content\/uploads\/2020\/10\/SBTVD_.jpg 750w, https:\/\/www.hometheater.com.br\/portal\/wp-content\/uploads\/2020\/10\/SBTVD_-400x282.jpg 400w, https:\/\/www.hometheater.com.br\/portal\/wp-content\/uploads\/2020\/10\/SBTVD_-500x352.jpg 500w, https:\/\/www.hometheater.com.br\/portal\/wp-content\/uploads\/2020\/10\/SBTVD_-300x211.jpg 300w, https:\/\/www.hometheater.com.br\/portal\/wp-content\/uploads\/2020\/10\/SBTVD_-600x422.jpg 600w\" sizes=\"auto, (max-width: 750px) 100vw, 750px\" \/><\/p>\n<p>At\u00e9 o dia 30\/11, o F\u00f3rum SBTVD (Sistema Brasileiro de TV Digital) receber\u00e1 proposta para a implanta\u00e7\u00e3o no pa\u00eds da TV 3.0. Est\u00e3o sendo convidadas empresas privadas, universidades e centros de pesquisa brasileiros que desenvolvem tecnologias para transmiss\u00e3o de sinal de TV, al\u00e9m de entidades internacionais como ISDB-T (Jap\u00e3o), ATSC (EUA) e DVB (Europa).<\/p>\n<p>TV 3.0, que em alguns pa\u00edses tamb\u00e9m chamada Next-TV, \u00e9 o nome comercial do novo padr\u00e3o de transmiss\u00e3o digital, j\u00e1 adotado em pa\u00edses como EUA, Jap\u00e3o e Coreia do Sul. Segundo Luiz Fausto, coordenador do M\u00f3dulo T\u00e9cnico do F\u00f3rum SBTVD, as propostas devem detalhar os requisitos t\u00e9cnicos do novo sistema e os procedimentos para testes das tecnologias empregadas.<\/p><div class=\"homet-conteudo\" style=\"text-align: center;\" id=\"homet-4052651079\"><div data-cfpa=\"35734\" data-cfpw=\"35734\" id=\"homet-347981461\"><a data-no-instant=\"1\" href=\"https:\/\/www.harmanluxuryaudio.com\/\" rel=\"noopener\" class=\"a2t-link\" aria-label=\"ARCAM-SA45-BANNER-NEWSLETTER\"><img loading=\"lazy\" decoding=\"async\" src=\"https:\/\/www.hometheater.com.br\/portal\/wp-content\/uploads\/2025\/09\/ARCAM-SA45-BANNER-NEWSLETTER.gif\" alt=\"\"  class=\"no-lazyload\" width=\"300\" height=\"250\"   \/><\/a><\/div><h6><span style=\"color: #808080;\"><em>Publicidade<\/em><\/span><\/h6>\r\n<\/br><script type=\"text\/javascript\">;new advadsCfpAd( 35734 );<\/script><\/div>\n<p>\u201cA TV 3.0&nbsp;oferecer\u00e1 uma nova experi\u00eancia de consumo de m\u00eddia, totalmente baseada em aplicativos, com integra\u00e7\u00e3o completa e transparente do conte\u00fado transmitido pelo ar com o transmitido pela internet\u201d,&nbsp;explica Fausto. Ele acrescenta que a qualidade de som e imagem ser\u00e1 elevada a outro patamar, com v\u00eddeo UHD, \u00e1udio imersivo e personaliz\u00e1vel.<\/p>\n<p>Pelos planos do F\u00f3rum, ap\u00f3s a an\u00e1lise das propostas que est\u00e3o sendo recebidas a entidade ir\u00e1 recomendar ao governo brasileiro as tecnologias apropriadas para implanta\u00e7\u00e3o da TV 3.0 no pa\u00eds. A previs\u00e3o \u00e9 que as normas t\u00e9cnicas sejam elaboradas em 2022.<\/p>\n<p>Para saber mais detalhes, acesse&nbsp;<strong><a href=\"https:\/\/forumsbtvd.org.br\/tv3_0\/\" target=\"_blank\" rel=\"noopener noreferrer\" data-saferedirecturl=\"https:\/\/www.google.com\/url?q=https:\/\/forumsbtvd.org.br\/tv3_0\/&amp;source=gmail&amp;ust=1602878848027000&amp;usg=AFQjCNHY0jCDt8e9zCyE-0WHTQhBNV8otw\">https:\/\/forumsbtvd.org.<wbr>br\/tv3_0\/<\/a><\/strong>.<\/p>\n<p><b>FONTE: F\u00f3rum SBTVD<\/b><\/p>\n<p><b>Temas relacionados:<\/b><\/p>\n<p><a href=\"https:\/\/orlandobarrozo.blog.br\/2019\/11\/07\/a-nova-geracao-da-televisao\/\" target=\"_blank\" rel=\"noopener noreferrer\" data-saferedirecturl=\"https:\/\/www.google.com\/url?q=https:\/\/orlandobarrozo.blog.br\/2019\/11\/07\/a-nova-geracao-da-televisao\/&amp;source=gmail&amp;ust=1602878848027000&amp;usg=AFQjCNGdqBNj6bQP1aqxP8VxE5220PHBiw\"><b>Como ser\u00e1 a nova gera\u00e7\u00e3o da televis\u00e3o mundial<\/b><\/a><\/p>\n<p><a href=\"https:\/\/www.hometheater.com.br\/portal\/2019\/10\/03\/globo-investe-para-criar-a-tv-do-futuro\/\" target=\"_blank\" rel=\"noopener noreferrer\" data-saferedirecturl=\"https:\/\/www.google.com\/url?q=https:\/\/www.hometheater.com.br\/portal\/2019\/10\/03\/globo-investe-para-criar-a-tv-do-futuro\/&amp;source=gmail&amp;ust=1602878848027000&amp;usg=AFQjCNG9039tPj-baOYT9aJXl47toUqqIw\"><b>Globo investe para criar a \u201cTV do futuro\u201d<\/b><\/a><\/p>\n<p><a href=\"https:\/\/www.hometheater.com.br\/portal\/2019\/08\/08\/audio-imersivo-cada-vez-mais-perto-da-tv-aberta\/\" target=\"_blank\" rel=\"noopener noreferrer\" data-saferedirecturl=\"https:\/\/www.google.com\/url?q=https:\/\/www.hometheater.com.br\/portal\/2019\/08\/08\/audio-imersivo-cada-vez-mais-perto-da-tv-aberta\/&amp;source=gmail&amp;ust=1602878848027000&amp;usg=AFQjCNEgewoBM40JI6fGfwfOGQdVQDFbzg\"><b>\u00c1udio imersivo, cada vez mais perto da TV aberta<\/b><\/a><\/p>\n<p><a href=\"https:\/\/www.hometheater.com.br\/portal\/2019\/04\/11\/novos-tvs-vao-exibir-canais-e-internet-na-mesma-tela\/\" target=\"_blank\" rel=\"noopener noreferrer\" data-saferedirecturl=\"https:\/\/www.google.com\/url?q=https:\/\/www.hometheater.com.br\/portal\/2019\/04\/11\/novos-tvs-vao-exibir-canais-e-internet-na-mesma-tela\/&amp;source=gmail&amp;ust=1602878848027000&amp;usg=AFQjCNE5eDQc2DbGwsvE0alj-WcxaBdXgQ\"><b>Novos TVs v\u00e3o exibir canais e internet na mesma tela<\/b><\/a><\/p>\n","protected":false},"excerpt":{"rendered":"<p>At\u00e9 o dia 30\/11, o F\u00f3rum SBTVD (Sistema Brasileiro de TV Digital) receber\u00e1 proposta para a implanta\u00e7\u00e3o no pa\u00eds da TV 3.0. Est\u00e3o sendo convidadas<\/p>\n","protected":false},"author":1,"featured_media":19045,"comment_status":"open","ping_status":"open","sticky":false,"template":"","format":"standard","meta":{"footnotes":""},"categories":[4,24],"tags":[],"class_list":["post-19043","post","type-post","status-publish","format-standard","has-post-thumbnail","hentry","category-noticias","category-smart-home"],"yoast_head":"<!-- This site is optimized with the Yoast SEO plugin v25.7 - https:\/\/yoast.com\/wordpress\/plugins\/seo\/ -->\n<title>F\u00f3rum SBTVD pede sugest\u00f5es para TV 3.0 no Brasil - HT &amp; Casa Digital<\/title>\n<meta name=\"robots\" content=\"index, follow, max-snippet:-1, max-image-preview:large, max-video-preview:-1\" \/>\n<link rel=\"canonical\" href=\"https:\/\/www.hometheater.com.br\/portal\/2020\/10\/15\/forum-sbtvd-pede-sugestoes-para-tv-3-0-no-brasil\/\" \/>\n<meta property=\"og:locale\" content=\"pt_BR\" \/>\n<meta property=\"og:type\" content=\"article\" \/>\n<meta property=\"og:title\" content=\"F\u00f3rum SBTVD pede sugest\u00f5es para TV 3.0 no Brasil - HT &amp; Casa Digital\" \/>\n<meta property=\"og:description\" content=\"At\u00e9 o dia 30\/11, o F\u00f3rum SBTVD (Sistema Brasileiro de TV Digital) receber\u00e1 proposta para a implanta\u00e7\u00e3o no pa\u00eds da TV 3.0. Est\u00e3o sendo convidadas\" \/>\n<meta property=\"og:url\" content=\"https:\/\/www.hometheater.com.br\/portal\/2020\/10\/15\/forum-sbtvd-pede-sugestoes-para-tv-3-0-no-brasil\/\" \/>\n<meta property=\"og:site_name\" content=\"HT &amp; Casa Digital\" \/>\n<meta property=\"article:publisher\" content=\"https:\/\/web.facebook.com\/revistahometheater\" \/>\n<meta property=\"article:published_time\" content=\"2020-10-15T20:20:31+00:00\" \/>\n<meta property=\"article:modified_time\" content=\"2020-11-04T12:12:51+00:00\" \/>\n<meta property=\"og:image\" content=\"https:\/\/www.hometheater.com.br\/portal\/wp-content\/uploads\/2020\/10\/forum_sbt.jpg\" \/>\n\t<meta property=\"og:image:width\" content=\"450\" \/>\n\t<meta property=\"og:image:height\" content=\"300\" \/>\n\t<meta property=\"og:image:type\" content=\"image\/jpeg\" \/>\n<meta name=\"author\" content=\"Revista Home Theater &amp; Casa Digital\" \/>\n<meta name=\"twitter:card\" content=\"summary_large_image\" \/>\n<meta name=\"twitter:creator\" content=\"@hometheaterbr\" \/>\n<meta name=\"twitter:site\" content=\"@hometheaterbr\" \/>\n<meta name=\"twitter:label1\" content=\"Escrito por\" \/>\n\t<meta name=\"twitter:data1\" content=\"Revista Home Theater &amp; Casa Digital\" \/>\n\t<meta name=\"twitter:label2\" content=\"Est. tempo de leitura\" \/>\n\t<meta name=\"twitter:data2\" content=\"1 minuto\" \/>\n<script type=\"application\/ld+json\" class=\"yoast-schema-graph\">{\"@context\":\"https:\/\/schema.org\",\"@graph\":[{\"@type\":\"Article\",\"@id\":\"https:\/\/www.hometheater.com.br\/portal\/2020\/10\/15\/forum-sbtvd-pede-sugestoes-para-tv-3-0-no-brasil\/#article\",\"isPartOf\":{\"@id\":\"https:\/\/www.hometheater.com.br\/portal\/2020\/10\/15\/forum-sbtvd-pede-sugestoes-para-tv-3-0-no-brasil\/\"},\"author\":{\"name\":\"Revista Home Theater &amp; Casa Digital\",\"@id\":\"https:\/\/www.hometheater.com.br\/portal\/#\/schema\/person\/3b6bd5a9e2a6c4197c7b98dd7a733d22\"},\"headline\":\"F\u00f3rum SBTVD pede sugest\u00f5es para TV 3.0 no Brasil\",\"datePublished\":\"2020-10-15T20:20:31+00:00\",\"dateModified\":\"2020-11-04T12:12:51+00:00\",\"mainEntityOfPage\":{\"@id\":\"https:\/\/www.hometheater.com.br\/portal\/2020\/10\/15\/forum-sbtvd-pede-sugestoes-para-tv-3-0-no-brasil\/\"},\"wordCount\":296,\"commentCount\":0,\"publisher\":{\"@id\":\"https:\/\/www.hometheater.com.br\/portal\/#organization\"},\"image\":{\"@id\":\"https:\/\/www.hometheater.com.br\/portal\/2020\/10\/15\/forum-sbtvd-pede-sugestoes-para-tv-3-0-no-brasil\/#primaryimage\"},\"thumbnailUrl\":\"https:\/\/www.hometheater.com.br\/portal\/wp-content\/uploads\/2020\/10\/forum_sbt.jpg\",\"articleSection\":[\"NOT\u00cdCIAS\",\"SMART HOME\"],\"inLanguage\":\"pt-BR\",\"potentialAction\":[{\"@type\":\"CommentAction\",\"name\":\"Comment\",\"target\":[\"https:\/\/www.hometheater.com.br\/portal\/2020\/10\/15\/forum-sbtvd-pede-sugestoes-para-tv-3-0-no-brasil\/#respond\"]}]},{\"@type\":\"WebPage\",\"@id\":\"https:\/\/www.hometheater.com.br\/portal\/2020\/10\/15\/forum-sbtvd-pede-sugestoes-para-tv-3-0-no-brasil\/\",\"url\":\"https:\/\/www.hometheater.com.br\/portal\/2020\/10\/15\/forum-sbtvd-pede-sugestoes-para-tv-3-0-no-brasil\/\",\"name\":\"F\u00f3rum SBTVD pede sugest\u00f5es para TV 3.0 no Brasil - HT &amp; Casa Digital\",\"isPartOf\":{\"@id\":\"https:\/\/www.hometheater.com.br\/portal\/#website\"},\"primaryImageOfPage\":{\"@id\":\"https:\/\/www.hometheater.com.br\/portal\/2020\/10\/15\/forum-sbtvd-pede-sugestoes-para-tv-3-0-no-brasil\/#primaryimage\"},\"image\":{\"@id\":\"https:\/\/www.hometheater.com.br\/portal\/2020\/10\/15\/forum-sbtvd-pede-sugestoes-para-tv-3-0-no-brasil\/#primaryimage\"},\"thumbnailUrl\":\"https:\/\/www.hometheater.com.br\/portal\/wp-content\/uploads\/2020\/10\/forum_sbt.jpg\",\"datePublished\":\"2020-10-15T20:20:31+00:00\",\"dateModified\":\"2020-11-04T12:12:51+00:00\",\"breadcrumb\":{\"@id\":\"https:\/\/www.hometheater.com.br\/portal\/2020\/10\/15\/forum-sbtvd-pede-sugestoes-para-tv-3-0-no-brasil\/#breadcrumb\"},\"inLanguage\":\"pt-BR\",\"potentialAction\":[{\"@type\":\"ReadAction\",\"target\":[\"https:\/\/www.hometheater.com.br\/portal\/2020\/10\/15\/forum-sbtvd-pede-sugestoes-para-tv-3-0-no-brasil\/\"]}]},{\"@type\":\"ImageObject\",\"inLanguage\":\"pt-BR\",\"@id\":\"https:\/\/www.hometheater.com.br\/portal\/2020\/10\/15\/forum-sbtvd-pede-sugestoes-para-tv-3-0-no-brasil\/#primaryimage\",\"url\":\"https:\/\/www.hometheater.com.br\/portal\/wp-content\/uploads\/2020\/10\/forum_sbt.jpg\",\"contentUrl\":\"https:\/\/www.hometheater.com.br\/portal\/wp-content\/uploads\/2020\/10\/forum_sbt.jpg\",\"width\":450,\"height\":300},{\"@type\":\"BreadcrumbList\",\"@id\":\"https:\/\/www.hometheater.com.br\/portal\/2020\/10\/15\/forum-sbtvd-pede-sugestoes-para-tv-3-0-no-brasil\/#breadcrumb\",\"itemListElement\":[{\"@type\":\"ListItem\",\"position\":1,\"name\":\"In\u00edcio\",\"item\":\"https:\/\/www.hometheater.com.br\/portal\/\"},{\"@type\":\"ListItem\",\"position\":2,\"name\":\"F\u00f3rum SBTVD pede sugest\u00f5es para TV 3.0 no Brasil\"}]},{\"@type\":\"WebSite\",\"@id\":\"https:\/\/www.hometheater.com.br\/portal\/#website\",\"url\":\"https:\/\/www.hometheater.com.br\/portal\/\",\"name\":\"HT &amp; Casa Digital\",\"description\":\"O mundo digital em sua casa\",\"publisher\":{\"@id\":\"https:\/\/www.hometheater.com.br\/portal\/#organization\"},\"potentialAction\":[{\"@type\":\"SearchAction\",\"target\":{\"@type\":\"EntryPoint\",\"urlTemplate\":\"https:\/\/www.hometheater.com.br\/portal\/?s={search_term_string}\"},\"query-input\":{\"@type\":\"PropertyValueSpecification\",\"valueRequired\":true,\"valueName\":\"search_term_string\"}}],\"inLanguage\":\"pt-BR\"},{\"@type\":\"Organization\",\"@id\":\"https:\/\/www.hometheater.com.br\/portal\/#organization\",\"name\":\"Home Theater\",\"url\":\"https:\/\/www.hometheater.com.br\/portal\/\",\"logo\":{\"@type\":\"ImageObject\",\"inLanguage\":\"pt-BR\",\"@id\":\"https:\/\/www.hometheater.com.br\/portal\/#\/schema\/logo\/image\/\",\"url\":\"https:\/\/www.hometheater.com.br\/portal\/wp-content\/uploads\/2022\/06\/assine_ht_01.png\",\"contentUrl\":\"https:\/\/www.hometheater.com.br\/portal\/wp-content\/uploads\/2022\/06\/assine_ht_01.png\",\"width\":800,\"height\":254,\"caption\":\"Home Theater\"},\"image\":{\"@id\":\"https:\/\/www.hometheater.com.br\/portal\/#\/schema\/logo\/image\/\"},\"sameAs\":[\"https:\/\/web.facebook.com\/revistahometheater\",\"https:\/\/x.com\/hometheaterbr\"]},{\"@type\":\"Person\",\"@id\":\"https:\/\/www.hometheater.com.br\/portal\/#\/schema\/person\/3b6bd5a9e2a6c4197c7b98dd7a733d22\",\"name\":\"Revista Home Theater &amp; Casa Digital\",\"image\":{\"@type\":\"ImageObject\",\"inLanguage\":\"pt-BR\",\"@id\":\"https:\/\/www.hometheater.com.br\/portal\/#\/schema\/person\/image\/\",\"url\":\"https:\/\/secure.gravatar.com\/avatar\/fd86f33d841f0f43adcc1665dd80ca740e028af4297e20d3444f9335092a6ee7?s=96&d=mm&r=g\",\"contentUrl\":\"https:\/\/secure.gravatar.com\/avatar\/fd86f33d841f0f43adcc1665dd80ca740e028af4297e20d3444f9335092a6ee7?s=96&d=mm&r=g\",\"caption\":\"Revista Home Theater &amp; Casa Digital\"},\"url\":\"https:\/\/www.hometheater.com.br\/portal\/author\/flavio\/\"}]}<\/script>\n<!-- \/ Yoast SEO plugin. -->","yoast_head_json":{"title":"F\u00f3rum SBTVD pede sugest\u00f5es para TV 3.0 no Brasil - HT &amp; Casa Digital","robots":{"index":"index","follow":"follow","max-snippet":"max-snippet:-1","max-image-preview":"max-image-preview:large","max-video-preview":"max-video-preview:-1"},"canonical":"https:\/\/www.hometheater.com.br\/portal\/2020\/10\/15\/forum-sbtvd-pede-sugestoes-para-tv-3-0-no-brasil\/","og_locale":"pt_BR","og_type":"article","og_title":"F\u00f3rum SBTVD pede sugest\u00f5es para TV 3.0 no Brasil - HT &amp; Casa Digital","og_description":"At\u00e9 o dia 30\/11, o F\u00f3rum SBTVD (Sistema Brasileiro de TV Digital) receber\u00e1 proposta para a implanta\u00e7\u00e3o no pa\u00eds da TV 3.0. Est\u00e3o sendo convidadas","og_url":"https:\/\/www.hometheater.com.br\/portal\/2020\/10\/15\/forum-sbtvd-pede-sugestoes-para-tv-3-0-no-brasil\/","og_site_name":"HT &amp; Casa Digital","article_publisher":"https:\/\/web.facebook.com\/revistahometheater","article_published_time":"2020-10-15T20:20:31+00:00","article_modified_time":"2020-11-04T12:12:51+00:00","og_image":[{"width":450,"height":300,"url":"https:\/\/www.hometheater.com.br\/portal\/wp-content\/uploads\/2020\/10\/forum_sbt.jpg","type":"image\/jpeg"}],"author":"Revista Home Theater &amp; Casa Digital","twitter_card":"summary_large_image","twitter_creator":"@hometheaterbr","twitter_site":"@hometheaterbr","twitter_misc":{"Escrito por":"Revista Home Theater &amp; Casa Digital","Est. tempo de leitura":"1 minuto"},"schema":{"@context":"https:\/\/schema.org","@graph":[{"@type":"Article","@id":"https:\/\/www.hometheater.com.br\/portal\/2020\/10\/15\/forum-sbtvd-pede-sugestoes-para-tv-3-0-no-brasil\/#article","isPartOf":{"@id":"https:\/\/www.hometheater.com.br\/portal\/2020\/10\/15\/forum-sbtvd-pede-sugestoes-para-tv-3-0-no-brasil\/"},"author":{"name":"Revista Home Theater &amp; Casa Digital","@id":"https:\/\/www.hometheater.com.br\/portal\/#\/schema\/person\/3b6bd5a9e2a6c4197c7b98dd7a733d22"},"headline":"F\u00f3rum SBTVD pede sugest\u00f5es para TV 3.0 no Brasil","datePublished":"2020-10-15T20:20:31+00:00","dateModified":"2020-11-04T12:12:51+00:00","mainEntityOfPage":{"@id":"https:\/\/www.hometheater.com.br\/portal\/2020\/10\/15\/forum-sbtvd-pede-sugestoes-para-tv-3-0-no-brasil\/"},"wordCount":296,"commentCount":0,"publisher":{"@id":"https:\/\/www.hometheater.com.br\/portal\/#organization"},"image":{"@id":"https:\/\/www.hometheater.com.br\/portal\/2020\/10\/15\/forum-sbtvd-pede-sugestoes-para-tv-3-0-no-brasil\/#primaryimage"},"thumbnailUrl":"https:\/\/www.hometheater.com.br\/portal\/wp-content\/uploads\/2020\/10\/forum_sbt.jpg","articleSection":["NOT\u00cdCIAS","SMART HOME"],"inLanguage":"pt-BR","potentialAction":[{"@type":"CommentAction","name":"Comment","target":["https:\/\/www.hometheater.com.br\/portal\/2020\/10\/15\/forum-sbtvd-pede-sugestoes-para-tv-3-0-no-brasil\/#respond"]}]},{"@type":"WebPage","@id":"https:\/\/www.hometheater.com.br\/portal\/2020\/10\/15\/forum-sbtvd-pede-sugestoes-para-tv-3-0-no-brasil\/","url":"https:\/\/www.hometheater.com.br\/portal\/2020\/10\/15\/forum-sbtvd-pede-sugestoes-para-tv-3-0-no-brasil\/","name":"F\u00f3rum SBTVD pede sugest\u00f5es para TV 3.0 no Brasil - HT &amp; Casa Digital","isPartOf":{"@id":"https:\/\/www.hometheater.com.br\/portal\/#website"},"primaryImageOfPage":{"@id":"https:\/\/www.hometheater.com.br\/portal\/2020\/10\/15\/forum-sbtvd-pede-sugestoes-para-tv-3-0-no-brasil\/#primaryimage"},"image":{"@id":"https:\/\/www.hometheater.com.br\/portal\/2020\/10\/15\/forum-sbtvd-pede-sugestoes-para-tv-3-0-no-brasil\/#primaryimage"},"thumbnailUrl":"https:\/\/www.hometheater.com.br\/portal\/wp-content\/uploads\/2020\/10\/forum_sbt.jpg","datePublished":"2020-10-15T20:20:31+00:00","dateModified":"2020-11-04T12:12:51+00:00","breadcrumb":{"@id":"https:\/\/www.hometheater.com.br\/portal\/2020\/10\/15\/forum-sbtvd-pede-sugestoes-para-tv-3-0-no-brasil\/#breadcrumb"},"inLanguage":"pt-BR","potentialAction":[{"@type":"ReadAction","target":["https:\/\/www.hometheater.com.br\/portal\/2020\/10\/15\/forum-sbtvd-pede-sugestoes-para-tv-3-0-no-brasil\/"]}]},{"@type":"ImageObject","inLanguage":"pt-BR","@id":"https:\/\/www.hometheater.com.br\/portal\/2020\/10\/15\/forum-sbtvd-pede-sugestoes-para-tv-3-0-no-brasil\/#primaryimage","url":"https:\/\/www.hometheater.com.br\/portal\/wp-content\/uploads\/2020\/10\/forum_sbt.jpg","contentUrl":"https:\/\/www.hometheater.com.br\/portal\/wp-content\/uploads\/2020\/10\/forum_sbt.jpg","width":450,"height":300},{"@type":"BreadcrumbList","@id":"https:\/\/www.hometheater.com.br\/portal\/2020\/10\/15\/forum-sbtvd-pede-sugestoes-para-tv-3-0-no-brasil\/#breadcrumb","itemListElement":[{"@type":"ListItem","position":1,"name":"In\u00edcio","item":"https:\/\/www.hometheater.com.br\/portal\/"},{"@type":"ListItem","position":2,"name":"F\u00f3rum SBTVD pede sugest\u00f5es para TV 3.0 no Brasil"}]},{"@type":"WebSite","@id":"https:\/\/www.hometheater.com.br\/portal\/#website","url":"https:\/\/www.hometheater.com.br\/portal\/","name":"HT &amp; Casa Digital","description":"O mundo digital em sua casa","publisher":{"@id":"https:\/\/www.hometheater.com.br\/portal\/#organization"},"potentialAction":[{"@type":"SearchAction","target":{"@type":"EntryPoint","urlTemplate":"https:\/\/www.hometheater.com.br\/portal\/?s={search_term_string}"},"query-input":{"@type":"PropertyValueSpecification","valueRequired":true,"valueName":"search_term_string"}}],"inLanguage":"pt-BR"},{"@type":"Organization","@id":"https:\/\/www.hometheater.com.br\/portal\/#organization","name":"Home Theater","url":"https:\/\/www.hometheater.com.br\/portal\/","logo":{"@type":"ImageObject","inLanguage":"pt-BR","@id":"https:\/\/www.hometheater.com.br\/portal\/#\/schema\/logo\/image\/","url":"https:\/\/www.hometheater.com.br\/portal\/wp-content\/uploads\/2022\/06\/assine_ht_01.png","contentUrl":"https:\/\/www.hometheater.com.br\/portal\/wp-content\/uploads\/2022\/06\/assine_ht_01.png","width":800,"height":254,"caption":"Home Theater"},"image":{"@id":"https:\/\/www.hometheater.com.br\/portal\/#\/schema\/logo\/image\/"},"sameAs":["https:\/\/web.facebook.com\/revistahometheater","https:\/\/x.com\/hometheaterbr"]},{"@type":"Person","@id":"https:\/\/www.hometheater.com.br\/portal\/#\/schema\/person\/3b6bd5a9e2a6c4197c7b98dd7a733d22","name":"Revista Home Theater &amp; Casa Digital","image":{"@type":"ImageObject","inLanguage":"pt-BR","@id":"https:\/\/www.hometheater.com.br\/portal\/#\/schema\/person\/image\/","url":"https:\/\/secure.gravatar.com\/avatar\/fd86f33d841f0f43adcc1665dd80ca740e028af4297e20d3444f9335092a6ee7?s=96&d=mm&r=g","contentUrl":"https:\/\/secure.gravatar.com\/avatar\/fd86f33d841f0f43adcc1665dd80ca740e028af4297e20d3444f9335092a6ee7?s=96&d=mm&r=g","caption":"Revista Home Theater &amp; Casa Digital"},"url":"https:\/\/www.hometheater.com.br\/portal\/author\/flavio\/"}]}},"_links":{"self":[{"href":"https:\/\/www.hometheater.com.br\/portal\/wp-json\/wp\/v2\/posts\/19043","targetHints":{"allow":["GET"]}}],"collection":[{"href":"https:\/\/www.hometheater.com.br\/portal\/wp-json\/wp\/v2\/posts"}],"about":[{"href":"https:\/\/www.hometheater.com.br\/portal\/wp-json\/wp\/v2\/types\/post"}],"author":[{"embeddable":true,"href":"https:\/\/www.hometheater.com.br\/portal\/wp-json\/wp\/v2\/users\/1"}],"replies":[{"embeddable":true,"href":"https:\/\/www.hometheater.com.br\/portal\/wp-json\/wp\/v2\/comments?post=19043"}],"version-history":[{"count":0,"href":"https:\/\/www.hometheater.com.br\/portal\/wp-json\/wp\/v2\/posts\/19043\/revisions"}],"wp:featuredmedia":[{"embeddable":true,"href":"https:\/\/www.hometheater.com.br\/portal\/wp-json\/wp\/v2\/media\/19045"}],"wp:attachment":[{"href":"https:\/\/www.hometheater.com.br\/portal\/wp-json\/wp\/v2\/media?parent=19043"}],"wp:term":[{"taxonomy":"category","embeddable":true,"href":"https:\/\/www.hometheater.com.br\/portal\/wp-json\/wp\/v2\/categories?post=19043"},{"taxonomy":"post_tag","embeddable":true,"href":"https:\/\/www.hometheater.com.br\/portal\/wp-json\/wp\/v2\/tags?post=19043"}],"curies":[{"name":"wp","href":"https:\/\/api.w.org\/{rel}","templated":true}]}}