{"id":18512,"date":"2020-08-27T07:56:07","date_gmt":"2020-08-27T10:56:07","guid":{"rendered":"https:\/\/www.hometheater.com.br\/portal\/?p=18512"},"modified":"2020-08-31T12:22:12","modified_gmt":"2020-08-31T15:22:12","slug":"industria-eletronica-diz-que-empregos-ja-estao-crescendo","status":"publish","type":"post","link":"https:\/\/www.hometheater.com.br\/portal\/2020\/08\/27\/industria-eletronica-diz-que-empregos-ja-estao-crescendo\/","title":{"rendered":"Ind\u00fastria eletr\u00f4nica diz que empregos j\u00e1 est\u00e3o crescendo"},"content":{"rendered":"<p><img loading=\"lazy\" decoding=\"async\" class=\"aligncenter size-full wp-image-18513\" src=\"https:\/\/www.hometheater.com.br\/portal\/wp-content\/uploads\/2020\/08\/abinee.jpg\" alt=\"\" width=\"750\" height=\"422\" srcset=\"https:\/\/www.hometheater.com.br\/portal\/wp-content\/uploads\/2020\/08\/abinee.jpg 750w, https:\/\/www.hometheater.com.br\/portal\/wp-content\/uploads\/2020\/08\/abinee-400x225.jpg 400w, https:\/\/www.hometheater.com.br\/portal\/wp-content\/uploads\/2020\/08\/abinee-500x281.jpg 500w, https:\/\/www.hometheater.com.br\/portal\/wp-content\/uploads\/2020\/08\/abinee-300x169.jpg 300w, https:\/\/www.hometheater.com.br\/portal\/wp-content\/uploads\/2020\/08\/abinee-600x338.jpg 600w\" sizes=\"auto, (max-width: 750px) 100vw, 750px\" \/><\/p>\n<p>As ind\u00fastrias do setor eletroeletr\u00f4nico aumentaram em 4.500 o n\u00famero de vagas no m\u00eas de julho, chegando ao total de 232.600 postos de trabalho. A informa\u00e7\u00e3o \u00e9 da Abinee (Associa\u00e7\u00e3o Brasileira da Ind\u00fastria El\u00e9trica e Eletr\u00f4nica), manifestando otimismo com a recupera\u00e7\u00e3o econ\u00f4mica do pa\u00eds. O n\u00famero \u00e9 o saldo entre trabalhadores contratados e dispensados, mantendo a tend\u00eancia de alta registrada em junho.<\/p>\n<p>\u201cO pior j\u00e1 passou\u201d, comentou o presidente da Abinee, Humberto Barbato, lembrando que os indicadores do setor v\u00eam tendo crescimento consistente. Abril e maio foram os dois piores meses para a ind\u00fastria, que al\u00e9m da queda nas vendas enfrentou problemas de abastecimento dos insumos que s\u00e3o importados principalmente da China.<\/p><div class=\"homet-conteudo\" style=\"text-align: center;\" id=\"homet-2447213313\"><div data-cfpa=\"36066\" data-cfpw=\"36066\" id=\"homet-4124945723\"><a data-no-instant=\"1\" href=\"https:\/\/loja.sommaior.com.br\/\" rel=\"noopener\" class=\"a2t-link\" aria-label=\"ABBEY-ROAD_360x300px\"><img loading=\"lazy\" decoding=\"async\" src=\"https:\/\/www.hometheater.com.br\/portal\/wp-content\/uploads\/2025\/10\/ABBEY-ROAD_360x300px.jpg\" alt=\"\"  class=\"no-lazyload\" width=\"300\" height=\"250\"   \/><\/a><\/div><script type=\"text\/javascript\">;new advadsCfpAd( 36066 );<\/script><\/div>\n<p>Segundo o levantamento, o n\u00famero de profissionais em atividade em julho ainda era inferior ao registrado no mesmo m\u00eas de 2019 (237.200) e tamb\u00e9m mais baixo que no final do ano (234.500). No entanto, Barbato se diz otimista porque a recupera\u00e7\u00e3o est\u00e1 ocorrendo mesmo com o com\u00e9rcio ainda sem operar em hor\u00e1rio integral e com os consumidores receosos. \u201cAcreditamos que em mais 60 dias recuperaremos os n\u00edveis de emprego anteriores \u00e0 pandemia\u201d.<\/p>\n<p>Ainda segundo a Abinee, o n\u00famero de contrata\u00e7\u00f5es em julho (9.300) foi maior que o do m\u00eas anterior (6.000), enquanto o n\u00famero de dispensas manteve-se praticamente o mesmo.<\/p>\n<p><b>FONTE: Abinee<\/b><\/p>\n<div>\n<p><a href=\"https:\/\/www.hometheater.com.br\/portal\/2020\/05\/04\/vendas-mundiais-de-displays-cairam-10-com-covid-19\/\" target=\"_blank\" rel=\"noopener noreferrer\" data-saferedirecturl=\"https:\/\/www.google.com\/url?q=https:\/\/www.hometheater.com.br\/portal\/2020\/05\/04\/vendas-mundiais-de-displays-cairam-10-com-covid-19\/&amp;source=gmail&amp;ust=1598609777549000&amp;usg=AFQjCNHauGW2vmUX5H_EPeSIepCSzR7cPg\"><b>Vendas mundiais de displays ca\u00edram 10% com COVID-19<\/b><\/a><\/p>\n<p><a href=\"https:\/\/www.hometheater.com.br\/portal\/2020\/06\/08\/ces-de-las-vegas-muda-normas-devido-a-covid-19\/\" target=\"_blank\" rel=\"noopener noreferrer\" data-saferedirecturl=\"https:\/\/www.google.com\/url?q=https:\/\/www.hometheater.com.br\/portal\/2020\/06\/08\/ces-de-las-vegas-muda-normas-devido-a-covid-19\/&amp;source=gmail&amp;ust=1598609777550000&amp;usg=AFQjCNHKhzcSNs4BitPSwcxVV_1LA413jA\"><b>CES de Las Vegas muda normas devido \u00e0 COVID-19<\/b><\/a><\/p>\n<p><a href=\"https:\/\/www.hometheater.com.br\/portal\/2020\/08\/07\/mercado-av-e-os-efeitos-da-pandemia\/\" target=\"_blank\" rel=\"noopener noreferrer\" data-saferedirecturl=\"https:\/\/www.google.com\/url?q=https:\/\/www.hometheater.com.br\/portal\/2020\/08\/07\/mercado-av-e-os-efeitos-da-pandemia\/&amp;source=gmail&amp;ust=1598609777550000&amp;usg=AFQjCNFAFB_XlPNRoG0pIyCVGHyi2yYZqg\"><b>Efeitos da pandemia sobre o mercado AV pelo mundo<\/b><\/a><\/p>\n<p><a href=\"https:\/\/orlandobarrozo.blog.br\/2020\/08\/10\/e-commerce-voa-varejo-fisico-danca\/\" target=\"_blank\" rel=\"noopener noreferrer\" data-saferedirecturl=\"https:\/\/www.google.com\/url?q=https:\/\/orlandobarrozo.blog.br\/2020\/08\/10\/e-commerce-voa-varejo-fisico-danca\/&amp;source=gmail&amp;ust=1598609777550000&amp;usg=AFQjCNEYoLptLH7XYl-aAmRx-JTXHW0xsA\"><b>Vendas no e-commerce disparam e varejo f\u00edsico tem problemas<\/b><\/a><\/p>\n<\/div>\n","protected":false},"excerpt":{"rendered":"<p>As ind\u00fastrias do setor eletroeletr\u00f4nico aumentaram em 4.500 o n\u00famero de vagas no m\u00eas de julho, chegando ao total de 232.600 postos de trabalho. A<\/p>\n","protected":false},"author":1,"featured_media":18514,"comment_status":"open","ping_status":"open","sticky":false,"template":"","format":"standard","meta":{"footnotes":""},"categories":[4,24],"tags":[],"class_list":["post-18512","post","type-post","status-publish","format-standard","has-post-thumbnail","hentry","category-noticias","category-smart-home"],"yoast_head":"<!-- This site is optimized with the Yoast SEO plugin v25.7 - https:\/\/yoast.com\/wordpress\/plugins\/seo\/ -->\n<title>Ind\u00fastria eletr\u00f4nica diz que empregos j\u00e1 est\u00e3o crescendo - HT &amp; Casa Digital<\/title>\n<meta name=\"robots\" content=\"index, follow, max-snippet:-1, max-image-preview:large, max-video-preview:-1\" \/>\n<link rel=\"canonical\" href=\"https:\/\/www.hometheater.com.br\/portal\/2020\/08\/27\/industria-eletronica-diz-que-empregos-ja-estao-crescendo\/\" \/>\n<meta property=\"og:locale\" content=\"pt_BR\" \/>\n<meta property=\"og:type\" content=\"article\" \/>\n<meta property=\"og:title\" content=\"Ind\u00fastria eletr\u00f4nica diz que empregos j\u00e1 est\u00e3o crescendo - HT &amp; Casa Digital\" \/>\n<meta property=\"og:description\" content=\"As ind\u00fastrias do setor eletroeletr\u00f4nico aumentaram em 4.500 o n\u00famero de vagas no m\u00eas de julho, chegando ao total de 232.600 postos de trabalho. A\" \/>\n<meta property=\"og:url\" content=\"https:\/\/www.hometheater.com.br\/portal\/2020\/08\/27\/industria-eletronica-diz-que-empregos-ja-estao-crescendo\/\" \/>\n<meta property=\"og:site_name\" content=\"HT &amp; Casa Digital\" \/>\n<meta property=\"article:publisher\" content=\"https:\/\/web.facebook.com\/revistahometheater\" \/>\n<meta property=\"article:published_time\" content=\"2020-08-27T10:56:07+00:00\" \/>\n<meta property=\"article:modified_time\" content=\"2020-08-31T15:22:12+00:00\" \/>\n<meta property=\"og:image\" content=\"https:\/\/www.hometheater.com.br\/portal\/wp-content\/uploads\/2020\/08\/abinee_.jpg\" \/>\n\t<meta property=\"og:image:width\" content=\"450\" \/>\n\t<meta property=\"og:image:height\" content=\"300\" \/>\n\t<meta property=\"og:image:type\" content=\"image\/jpeg\" \/>\n<meta name=\"author\" content=\"Revista Home Theater &amp; Casa Digital\" \/>\n<meta name=\"twitter:card\" content=\"summary_large_image\" \/>\n<meta name=\"twitter:creator\" content=\"@hometheaterbr\" \/>\n<meta name=\"twitter:site\" content=\"@hometheaterbr\" \/>\n<meta name=\"twitter:label1\" content=\"Escrito por\" \/>\n\t<meta name=\"twitter:data1\" content=\"Revista Home Theater &amp; Casa Digital\" \/>\n\t<meta name=\"twitter:label2\" content=\"Est. tempo de leitura\" \/>\n\t<meta name=\"twitter:data2\" content=\"1 minuto\" \/>\n<script type=\"application\/ld+json\" class=\"yoast-schema-graph\">{\"@context\":\"https:\/\/schema.org\",\"@graph\":[{\"@type\":\"Article\",\"@id\":\"https:\/\/www.hometheater.com.br\/portal\/2020\/08\/27\/industria-eletronica-diz-que-empregos-ja-estao-crescendo\/#article\",\"isPartOf\":{\"@id\":\"https:\/\/www.hometheater.com.br\/portal\/2020\/08\/27\/industria-eletronica-diz-que-empregos-ja-estao-crescendo\/\"},\"author\":{\"name\":\"Revista Home Theater &amp; Casa Digital\",\"@id\":\"https:\/\/www.hometheater.com.br\/portal\/#\/schema\/person\/3b6bd5a9e2a6c4197c7b98dd7a733d22\"},\"headline\":\"Ind\u00fastria eletr\u00f4nica diz que empregos j\u00e1 est\u00e3o crescendo\",\"datePublished\":\"2020-08-27T10:56:07+00:00\",\"dateModified\":\"2020-08-31T15:22:12+00:00\",\"mainEntityOfPage\":{\"@id\":\"https:\/\/www.hometheater.com.br\/portal\/2020\/08\/27\/industria-eletronica-diz-que-empregos-ja-estao-crescendo\/\"},\"wordCount\":278,\"commentCount\":0,\"publisher\":{\"@id\":\"https:\/\/www.hometheater.com.br\/portal\/#organization\"},\"image\":{\"@id\":\"https:\/\/www.hometheater.com.br\/portal\/2020\/08\/27\/industria-eletronica-diz-que-empregos-ja-estao-crescendo\/#primaryimage\"},\"thumbnailUrl\":\"https:\/\/www.hometheater.com.br\/portal\/wp-content\/uploads\/2020\/08\/abinee_.jpg\",\"articleSection\":[\"NOT\u00cdCIAS\",\"SMART HOME\"],\"inLanguage\":\"pt-BR\",\"potentialAction\":[{\"@type\":\"CommentAction\",\"name\":\"Comment\",\"target\":[\"https:\/\/www.hometheater.com.br\/portal\/2020\/08\/27\/industria-eletronica-diz-que-empregos-ja-estao-crescendo\/#respond\"]}]},{\"@type\":\"WebPage\",\"@id\":\"https:\/\/www.hometheater.com.br\/portal\/2020\/08\/27\/industria-eletronica-diz-que-empregos-ja-estao-crescendo\/\",\"url\":\"https:\/\/www.hometheater.com.br\/portal\/2020\/08\/27\/industria-eletronica-diz-que-empregos-ja-estao-crescendo\/\",\"name\":\"Ind\u00fastria eletr\u00f4nica diz que empregos j\u00e1 est\u00e3o crescendo - HT &amp; Casa Digital\",\"isPartOf\":{\"@id\":\"https:\/\/www.hometheater.com.br\/portal\/#website\"},\"primaryImageOfPage\":{\"@id\":\"https:\/\/www.hometheater.com.br\/portal\/2020\/08\/27\/industria-eletronica-diz-que-empregos-ja-estao-crescendo\/#primaryimage\"},\"image\":{\"@id\":\"https:\/\/www.hometheater.com.br\/portal\/2020\/08\/27\/industria-eletronica-diz-que-empregos-ja-estao-crescendo\/#primaryimage\"},\"thumbnailUrl\":\"https:\/\/www.hometheater.com.br\/portal\/wp-content\/uploads\/2020\/08\/abinee_.jpg\",\"datePublished\":\"2020-08-27T10:56:07+00:00\",\"dateModified\":\"2020-08-31T15:22:12+00:00\",\"breadcrumb\":{\"@id\":\"https:\/\/www.hometheater.com.br\/portal\/2020\/08\/27\/industria-eletronica-diz-que-empregos-ja-estao-crescendo\/#breadcrumb\"},\"inLanguage\":\"pt-BR\",\"potentialAction\":[{\"@type\":\"ReadAction\",\"target\":[\"https:\/\/www.hometheater.com.br\/portal\/2020\/08\/27\/industria-eletronica-diz-que-empregos-ja-estao-crescendo\/\"]}]},{\"@type\":\"ImageObject\",\"inLanguage\":\"pt-BR\",\"@id\":\"https:\/\/www.hometheater.com.br\/portal\/2020\/08\/27\/industria-eletronica-diz-que-empregos-ja-estao-crescendo\/#primaryimage\",\"url\":\"https:\/\/www.hometheater.com.br\/portal\/wp-content\/uploads\/2020\/08\/abinee_.jpg\",\"contentUrl\":\"https:\/\/www.hometheater.com.br\/portal\/wp-content\/uploads\/2020\/08\/abinee_.jpg\",\"width\":450,\"height\":300},{\"@type\":\"BreadcrumbList\",\"@id\":\"https:\/\/www.hometheater.com.br\/portal\/2020\/08\/27\/industria-eletronica-diz-que-empregos-ja-estao-crescendo\/#breadcrumb\",\"itemListElement\":[{\"@type\":\"ListItem\",\"position\":1,\"name\":\"In\u00edcio\",\"item\":\"https:\/\/www.hometheater.com.br\/portal\/\"},{\"@type\":\"ListItem\",\"position\":2,\"name\":\"Ind\u00fastria eletr\u00f4nica diz que empregos j\u00e1 est\u00e3o crescendo\"}]},{\"@type\":\"WebSite\",\"@id\":\"https:\/\/www.hometheater.com.br\/portal\/#website\",\"url\":\"https:\/\/www.hometheater.com.br\/portal\/\",\"name\":\"HT &amp; Casa Digital\",\"description\":\"O mundo digital em sua casa\",\"publisher\":{\"@id\":\"https:\/\/www.hometheater.com.br\/portal\/#organization\"},\"potentialAction\":[{\"@type\":\"SearchAction\",\"target\":{\"@type\":\"EntryPoint\",\"urlTemplate\":\"https:\/\/www.hometheater.com.br\/portal\/?s={search_term_string}\"},\"query-input\":{\"@type\":\"PropertyValueSpecification\",\"valueRequired\":true,\"valueName\":\"search_term_string\"}}],\"inLanguage\":\"pt-BR\"},{\"@type\":\"Organization\",\"@id\":\"https:\/\/www.hometheater.com.br\/portal\/#organization\",\"name\":\"Home Theater\",\"url\":\"https:\/\/www.hometheater.com.br\/portal\/\",\"logo\":{\"@type\":\"ImageObject\",\"inLanguage\":\"pt-BR\",\"@id\":\"https:\/\/www.hometheater.com.br\/portal\/#\/schema\/logo\/image\/\",\"url\":\"https:\/\/www.hometheater.com.br\/portal\/wp-content\/uploads\/2022\/06\/assine_ht_01.png\",\"contentUrl\":\"https:\/\/www.hometheater.com.br\/portal\/wp-content\/uploads\/2022\/06\/assine_ht_01.png\",\"width\":800,\"height\":254,\"caption\":\"Home Theater\"},\"image\":{\"@id\":\"https:\/\/www.hometheater.com.br\/portal\/#\/schema\/logo\/image\/\"},\"sameAs\":[\"https:\/\/web.facebook.com\/revistahometheater\",\"https:\/\/x.com\/hometheaterbr\"]},{\"@type\":\"Person\",\"@id\":\"https:\/\/www.hometheater.com.br\/portal\/#\/schema\/person\/3b6bd5a9e2a6c4197c7b98dd7a733d22\",\"name\":\"Revista Home Theater &amp; Casa Digital\",\"image\":{\"@type\":\"ImageObject\",\"inLanguage\":\"pt-BR\",\"@id\":\"https:\/\/www.hometheater.com.br\/portal\/#\/schema\/person\/image\/\",\"url\":\"https:\/\/secure.gravatar.com\/avatar\/fd86f33d841f0f43adcc1665dd80ca740e028af4297e20d3444f9335092a6ee7?s=96&d=mm&r=g\",\"contentUrl\":\"https:\/\/secure.gravatar.com\/avatar\/fd86f33d841f0f43adcc1665dd80ca740e028af4297e20d3444f9335092a6ee7?s=96&d=mm&r=g\",\"caption\":\"Revista Home Theater &amp; Casa Digital\"},\"url\":\"https:\/\/www.hometheater.com.br\/portal\/author\/flavio\/\"}]}<\/script>\n<!-- \/ Yoast SEO plugin. -->","yoast_head_json":{"title":"Ind\u00fastria eletr\u00f4nica diz que empregos j\u00e1 est\u00e3o crescendo - HT &amp; Casa Digital","robots":{"index":"index","follow":"follow","max-snippet":"max-snippet:-1","max-image-preview":"max-image-preview:large","max-video-preview":"max-video-preview:-1"},"canonical":"https:\/\/www.hometheater.com.br\/portal\/2020\/08\/27\/industria-eletronica-diz-que-empregos-ja-estao-crescendo\/","og_locale":"pt_BR","og_type":"article","og_title":"Ind\u00fastria eletr\u00f4nica diz que empregos j\u00e1 est\u00e3o crescendo - HT &amp; Casa Digital","og_description":"As ind\u00fastrias do setor eletroeletr\u00f4nico aumentaram em 4.500 o n\u00famero de vagas no m\u00eas de julho, chegando ao total de 232.600 postos de trabalho. A","og_url":"https:\/\/www.hometheater.com.br\/portal\/2020\/08\/27\/industria-eletronica-diz-que-empregos-ja-estao-crescendo\/","og_site_name":"HT &amp; Casa Digital","article_publisher":"https:\/\/web.facebook.com\/revistahometheater","article_published_time":"2020-08-27T10:56:07+00:00","article_modified_time":"2020-08-31T15:22:12+00:00","og_image":[{"width":450,"height":300,"url":"https:\/\/www.hometheater.com.br\/portal\/wp-content\/uploads\/2020\/08\/abinee_.jpg","type":"image\/jpeg"}],"author":"Revista Home Theater &amp; Casa Digital","twitter_card":"summary_large_image","twitter_creator":"@hometheaterbr","twitter_site":"@hometheaterbr","twitter_misc":{"Escrito por":"Revista Home Theater &amp; Casa Digital","Est. tempo de leitura":"1 minuto"},"schema":{"@context":"https:\/\/schema.org","@graph":[{"@type":"Article","@id":"https:\/\/www.hometheater.com.br\/portal\/2020\/08\/27\/industria-eletronica-diz-que-empregos-ja-estao-crescendo\/#article","isPartOf":{"@id":"https:\/\/www.hometheater.com.br\/portal\/2020\/08\/27\/industria-eletronica-diz-que-empregos-ja-estao-crescendo\/"},"author":{"name":"Revista Home Theater &amp; Casa Digital","@id":"https:\/\/www.hometheater.com.br\/portal\/#\/schema\/person\/3b6bd5a9e2a6c4197c7b98dd7a733d22"},"headline":"Ind\u00fastria eletr\u00f4nica diz que empregos j\u00e1 est\u00e3o crescendo","datePublished":"2020-08-27T10:56:07+00:00","dateModified":"2020-08-31T15:22:12+00:00","mainEntityOfPage":{"@id":"https:\/\/www.hometheater.com.br\/portal\/2020\/08\/27\/industria-eletronica-diz-que-empregos-ja-estao-crescendo\/"},"wordCount":278,"commentCount":0,"publisher":{"@id":"https:\/\/www.hometheater.com.br\/portal\/#organization"},"image":{"@id":"https:\/\/www.hometheater.com.br\/portal\/2020\/08\/27\/industria-eletronica-diz-que-empregos-ja-estao-crescendo\/#primaryimage"},"thumbnailUrl":"https:\/\/www.hometheater.com.br\/portal\/wp-content\/uploads\/2020\/08\/abinee_.jpg","articleSection":["NOT\u00cdCIAS","SMART HOME"],"inLanguage":"pt-BR","potentialAction":[{"@type":"CommentAction","name":"Comment","target":["https:\/\/www.hometheater.com.br\/portal\/2020\/08\/27\/industria-eletronica-diz-que-empregos-ja-estao-crescendo\/#respond"]}]},{"@type":"WebPage","@id":"https:\/\/www.hometheater.com.br\/portal\/2020\/08\/27\/industria-eletronica-diz-que-empregos-ja-estao-crescendo\/","url":"https:\/\/www.hometheater.com.br\/portal\/2020\/08\/27\/industria-eletronica-diz-que-empregos-ja-estao-crescendo\/","name":"Ind\u00fastria eletr\u00f4nica diz que empregos j\u00e1 est\u00e3o crescendo - HT &amp; Casa Digital","isPartOf":{"@id":"https:\/\/www.hometheater.com.br\/portal\/#website"},"primaryImageOfPage":{"@id":"https:\/\/www.hometheater.com.br\/portal\/2020\/08\/27\/industria-eletronica-diz-que-empregos-ja-estao-crescendo\/#primaryimage"},"image":{"@id":"https:\/\/www.hometheater.com.br\/portal\/2020\/08\/27\/industria-eletronica-diz-que-empregos-ja-estao-crescendo\/#primaryimage"},"thumbnailUrl":"https:\/\/www.hometheater.com.br\/portal\/wp-content\/uploads\/2020\/08\/abinee_.jpg","datePublished":"2020-08-27T10:56:07+00:00","dateModified":"2020-08-31T15:22:12+00:00","breadcrumb":{"@id":"https:\/\/www.hometheater.com.br\/portal\/2020\/08\/27\/industria-eletronica-diz-que-empregos-ja-estao-crescendo\/#breadcrumb"},"inLanguage":"pt-BR","potentialAction":[{"@type":"ReadAction","target":["https:\/\/www.hometheater.com.br\/portal\/2020\/08\/27\/industria-eletronica-diz-que-empregos-ja-estao-crescendo\/"]}]},{"@type":"ImageObject","inLanguage":"pt-BR","@id":"https:\/\/www.hometheater.com.br\/portal\/2020\/08\/27\/industria-eletronica-diz-que-empregos-ja-estao-crescendo\/#primaryimage","url":"https:\/\/www.hometheater.com.br\/portal\/wp-content\/uploads\/2020\/08\/abinee_.jpg","contentUrl":"https:\/\/www.hometheater.com.br\/portal\/wp-content\/uploads\/2020\/08\/abinee_.jpg","width":450,"height":300},{"@type":"BreadcrumbList","@id":"https:\/\/www.hometheater.com.br\/portal\/2020\/08\/27\/industria-eletronica-diz-que-empregos-ja-estao-crescendo\/#breadcrumb","itemListElement":[{"@type":"ListItem","position":1,"name":"In\u00edcio","item":"https:\/\/www.hometheater.com.br\/portal\/"},{"@type":"ListItem","position":2,"name":"Ind\u00fastria eletr\u00f4nica diz que empregos j\u00e1 est\u00e3o crescendo"}]},{"@type":"WebSite","@id":"https:\/\/www.hometheater.com.br\/portal\/#website","url":"https:\/\/www.hometheater.com.br\/portal\/","name":"HT &amp; Casa Digital","description":"O mundo digital em sua casa","publisher":{"@id":"https:\/\/www.hometheater.com.br\/portal\/#organization"},"potentialAction":[{"@type":"SearchAction","target":{"@type":"EntryPoint","urlTemplate":"https:\/\/www.hometheater.com.br\/portal\/?s={search_term_string}"},"query-input":{"@type":"PropertyValueSpecification","valueRequired":true,"valueName":"search_term_string"}}],"inLanguage":"pt-BR"},{"@type":"Organization","@id":"https:\/\/www.hometheater.com.br\/portal\/#organization","name":"Home Theater","url":"https:\/\/www.hometheater.com.br\/portal\/","logo":{"@type":"ImageObject","inLanguage":"pt-BR","@id":"https:\/\/www.hometheater.com.br\/portal\/#\/schema\/logo\/image\/","url":"https:\/\/www.hometheater.com.br\/portal\/wp-content\/uploads\/2022\/06\/assine_ht_01.png","contentUrl":"https:\/\/www.hometheater.com.br\/portal\/wp-content\/uploads\/2022\/06\/assine_ht_01.png","width":800,"height":254,"caption":"Home Theater"},"image":{"@id":"https:\/\/www.hometheater.com.br\/portal\/#\/schema\/logo\/image\/"},"sameAs":["https:\/\/web.facebook.com\/revistahometheater","https:\/\/x.com\/hometheaterbr"]},{"@type":"Person","@id":"https:\/\/www.hometheater.com.br\/portal\/#\/schema\/person\/3b6bd5a9e2a6c4197c7b98dd7a733d22","name":"Revista Home Theater &amp; Casa Digital","image":{"@type":"ImageObject","inLanguage":"pt-BR","@id":"https:\/\/www.hometheater.com.br\/portal\/#\/schema\/person\/image\/","url":"https:\/\/secure.gravatar.com\/avatar\/fd86f33d841f0f43adcc1665dd80ca740e028af4297e20d3444f9335092a6ee7?s=96&d=mm&r=g","contentUrl":"https:\/\/secure.gravatar.com\/avatar\/fd86f33d841f0f43adcc1665dd80ca740e028af4297e20d3444f9335092a6ee7?s=96&d=mm&r=g","caption":"Revista Home Theater &amp; Casa Digital"},"url":"https:\/\/www.hometheater.com.br\/portal\/author\/flavio\/"}]}},"_links":{"self":[{"href":"https:\/\/www.hometheater.com.br\/portal\/wp-json\/wp\/v2\/posts\/18512","targetHints":{"allow":["GET"]}}],"collection":[{"href":"https:\/\/www.hometheater.com.br\/portal\/wp-json\/wp\/v2\/posts"}],"about":[{"href":"https:\/\/www.hometheater.com.br\/portal\/wp-json\/wp\/v2\/types\/post"}],"author":[{"embeddable":true,"href":"https:\/\/www.hometheater.com.br\/portal\/wp-json\/wp\/v2\/users\/1"}],"replies":[{"embeddable":true,"href":"https:\/\/www.hometheater.com.br\/portal\/wp-json\/wp\/v2\/comments?post=18512"}],"version-history":[{"count":0,"href":"https:\/\/www.hometheater.com.br\/portal\/wp-json\/wp\/v2\/posts\/18512\/revisions"}],"wp:featuredmedia":[{"embeddable":true,"href":"https:\/\/www.hometheater.com.br\/portal\/wp-json\/wp\/v2\/media\/18514"}],"wp:attachment":[{"href":"https:\/\/www.hometheater.com.br\/portal\/wp-json\/wp\/v2\/media?parent=18512"}],"wp:term":[{"taxonomy":"category","embeddable":true,"href":"https:\/\/www.hometheater.com.br\/portal\/wp-json\/wp\/v2\/categories?post=18512"},{"taxonomy":"post_tag","embeddable":true,"href":"https:\/\/www.hometheater.com.br\/portal\/wp-json\/wp\/v2\/tags?post=18512"}],"curies":[{"name":"wp","href":"https:\/\/api.w.org\/{rel}","templated":true}]}}