{"id":173,"date":"2015-09-22T19:02:52","date_gmt":"2015-09-22T19:02:52","guid":{"rendered":"http:\/\/revistahometheater.uol.com.br\/portal\/?p=173"},"modified":"2015-09-22T19:02:52","modified_gmt":"2015-09-22T19:02:52","slug":"sony-traz-ao-brasil-o-tv-mais-fino-do-mundo","status":"publish","type":"post","link":"https:\/\/www.hometheater.com.br\/portal\/2015\/09\/22\/sony-traz-ao-brasil-o-tv-mais-fino-do-mundo\/","title":{"rendered":"Sony traz ao Brasil o TV mais fino do mundo"},"content":{"rendered":"<p><a href=\"http:\/\/revistahometheater.uol.com.br\/portal\/wp-content\/uploads\/2015\/09\/sony_fino.jpg\"><img loading=\"lazy\" decoding=\"async\" class=\"alignright size-medium wp-image-174\" src=\"http:\/\/revistahometheater.uol.com.br\/portal\/wp-content\/uploads\/2015\/09\/sony_fino-300x200.jpg\" alt=\"sony_fino\" width=\"300\" height=\"200\" srcset=\"https:\/\/www.hometheater.com.br\/portal\/wp-content\/uploads\/2015\/09\/sony_fino-300x200.jpg 300w, https:\/\/www.hometheater.com.br\/portal\/wp-content\/uploads\/2015\/09\/sony_fino-210x140.jpg 210w, https:\/\/www.hometheater.com.br\/portal\/wp-content\/uploads\/2015\/09\/sony_fino.jpg 350w\" sizes=\"auto, (max-width: 300px) 100vw, 300px\" \/><\/a>Com apenas 4,9mm de espessura e tela sem bordas, foi apresentado em SP nesta ter\u00e7a-feira o TV Ultra Slim da Sony (mod. XBR-65X905C), de 65 polegadas. Segundo o fabricante, trata-se do TV mais fino do mundo atualmente, caracter\u00edstica que muitos consumidores apreciam. \u201cAl\u00e9m da boa qualidade de imagem e dos recursos Smart, o design fino aparece em nossas pesquisas como principal desejo do usu\u00e1rio brasileiro\u201d, explica Marcelo Gon\u00e7alves, gerente de marketing da Sony Brasil.<\/p>\n<div><\/div>\n<div>\n<p>No mesmo evento, a empresa exibiu a maior parte de sua linha 2015, incluindo os\u00a0<a href=\"http:\/\/revistahometheater.uol.com.br\/site\/tec_noticias_02.php?id_lista_txt=9461\" target=\"_blank\">Android TVs<\/a>\u00a0 produzidos em parceria com a Google, que haviam sido lan\u00e7ados em junho; a Action Cam, c\u00e2mera digital port\u00e1til com resolu\u00e7\u00e3o 4K; o projetor compacto MP-CL1; a soundbar CT780, que inclui processador de v\u00eddeo 4K para transmiss\u00e3o sem fio; os primeiros fones de ouvido sem fio compat\u00edveis com \u00e1udio de alta resolu\u00e7\u00e3o (Hi-Res); novos systems de \u00e1udio; e as c\u00e2meras fotogr\u00e1ficas profissionais Alpha.<\/p>\n<\/div>\n<div>\n<p>No caso dos TVs, exibidos na \u00faltima CES, em janeiro (<a href=\"http:\/\/revistahometheater.uol.com.br\/hotsites\/ces2015\/sony-mostra-tvs-com-tela-de-5mm\/\" target=\"_blank\">clique aqui<\/a>\u00a0para ver um v\u00eddeo), a prioridade \u00e9 consolidar a presen\u00e7a da marca no segmento de telas grandes, especialmente 4K. \u201cQuem produz apenas modelos abaixo de 40\u201d est\u00e1 sendo mais impactado pela crise econ\u00f4mica\u201d, explica Gon\u00e7alves. \u201cPara n\u00f3s, o foco est\u00e1 nos modelos a partir de 49\u201d com alta conectividade, mais aplicativos Smart e o design avan\u00e7ado que esse tipo de consumidor exige.\u201d<\/p><div class=\"homet-conteudo\" style=\"text-align: center;\" id=\"homet-2514160924\"><div data-cfpa=\"36066\" data-cfpw=\"36066\" id=\"homet-2679984441\"><a data-no-instant=\"1\" href=\"https:\/\/loja.sommaior.com.br\/\" rel=\"noopener\" class=\"a2t-link\" aria-label=\"ABBEY-ROAD_360x300px\"><img loading=\"lazy\" decoding=\"async\" src=\"https:\/\/www.hometheater.com.br\/portal\/wp-content\/uploads\/2025\/10\/ABBEY-ROAD_360x300px.jpg\" alt=\"\"  class=\"no-lazyload\" width=\"300\" height=\"250\"   \/><\/a><\/div><script type=\"text\/javascript\">;new advadsCfpAd( 36066 );<\/script><\/div>\n<\/div>\n<div>\n<p>A Sony aposta muito no apelo do sistema operacional Android, que por enquanto \u00e9 exclusivo de seus TVs. Estes v\u00eam com um novo tipo de controle remoto, mais simples de operar, que possui at\u00e9 microfone (os comandos podem ser feitos por voz). Al\u00e9m disso, a plataforma Smart inclui os recursos de busca do Google, que a maioria dos usu\u00e1rios j\u00e1 conhece.<\/p>\n<\/div>\n","protected":false},"excerpt":{"rendered":"<p>Com apenas 4,9mm de espessura e tela sem bordas, foi apresentado em SP nesta ter\u00e7a-feira o TV Ultra Slim da Sony (mod. XBR-65X905C), de 65<\/p>\n","protected":false},"author":1,"featured_media":174,"comment_status":"open","ping_status":"open","sticky":false,"template":"","format":"standard","meta":{"footnotes":""},"categories":[4],"tags":[],"class_list":["post-173","post","type-post","status-publish","format-standard","has-post-thumbnail","hentry","category-noticias"],"yoast_head":"<!-- This site is optimized with the Yoast SEO plugin v25.7 - https:\/\/yoast.com\/wordpress\/plugins\/seo\/ -->\n<title>Sony traz ao Brasil o TV mais fino do mundo - HT &amp; Casa Digital<\/title>\n<meta name=\"robots\" content=\"index, follow, max-snippet:-1, max-image-preview:large, max-video-preview:-1\" \/>\n<link rel=\"canonical\" href=\"https:\/\/www.hometheater.com.br\/portal\/2015\/09\/22\/sony-traz-ao-brasil-o-tv-mais-fino-do-mundo\/\" \/>\n<meta property=\"og:locale\" content=\"pt_BR\" \/>\n<meta property=\"og:type\" content=\"article\" \/>\n<meta property=\"og:title\" content=\"Sony traz ao Brasil o TV mais fino do mundo - HT &amp; Casa Digital\" \/>\n<meta property=\"og:description\" content=\"Com apenas 4,9mm de espessura e tela sem bordas, foi apresentado em SP nesta ter\u00e7a-feira o TV Ultra Slim da Sony (mod. XBR-65X905C), de 65\" \/>\n<meta property=\"og:url\" content=\"https:\/\/www.hometheater.com.br\/portal\/2015\/09\/22\/sony-traz-ao-brasil-o-tv-mais-fino-do-mundo\/\" \/>\n<meta property=\"og:site_name\" content=\"HT &amp; Casa Digital\" \/>\n<meta property=\"article:publisher\" content=\"https:\/\/web.facebook.com\/revistahometheater\" \/>\n<meta property=\"article:published_time\" content=\"2015-09-22T19:02:52+00:00\" \/>\n<meta property=\"og:image\" content=\"https:\/\/www.hometheater.com.br\/portal\/wp-content\/uploads\/2015\/09\/sony_fino.jpg\" \/>\n\t<meta property=\"og:image:width\" content=\"350\" \/>\n\t<meta property=\"og:image:height\" content=\"233\" \/>\n\t<meta property=\"og:image:type\" content=\"image\/jpeg\" \/>\n<meta name=\"author\" content=\"Revista Home Theater &amp; Casa Digital\" \/>\n<meta name=\"twitter:card\" content=\"summary_large_image\" \/>\n<meta name=\"twitter:creator\" content=\"@hometheaterbr\" \/>\n<meta name=\"twitter:site\" content=\"@hometheaterbr\" \/>\n<meta name=\"twitter:label1\" content=\"Escrito por\" \/>\n\t<meta name=\"twitter:data1\" content=\"Revista Home Theater &amp; Casa Digital\" \/>\n\t<meta name=\"twitter:label2\" content=\"Est. tempo de leitura\" \/>\n\t<meta name=\"twitter:data2\" content=\"2 minutos\" \/>\n<script type=\"application\/ld+json\" class=\"yoast-schema-graph\">{\"@context\":\"https:\/\/schema.org\",\"@graph\":[{\"@type\":\"Article\",\"@id\":\"https:\/\/www.hometheater.com.br\/portal\/2015\/09\/22\/sony-traz-ao-brasil-o-tv-mais-fino-do-mundo\/#article\",\"isPartOf\":{\"@id\":\"https:\/\/www.hometheater.com.br\/portal\/2015\/09\/22\/sony-traz-ao-brasil-o-tv-mais-fino-do-mundo\/\"},\"author\":{\"name\":\"Revista Home Theater &amp; Casa Digital\",\"@id\":\"https:\/\/www.hometheater.com.br\/portal\/#\/schema\/person\/3b6bd5a9e2a6c4197c7b98dd7a733d22\"},\"headline\":\"Sony traz ao Brasil o TV mais fino do mundo\",\"datePublished\":\"2015-09-22T19:02:52+00:00\",\"mainEntityOfPage\":{\"@id\":\"https:\/\/www.hometheater.com.br\/portal\/2015\/09\/22\/sony-traz-ao-brasil-o-tv-mais-fino-do-mundo\/\"},\"wordCount\":318,\"commentCount\":0,\"publisher\":{\"@id\":\"https:\/\/www.hometheater.com.br\/portal\/#organization\"},\"image\":{\"@id\":\"https:\/\/www.hometheater.com.br\/portal\/2015\/09\/22\/sony-traz-ao-brasil-o-tv-mais-fino-do-mundo\/#primaryimage\"},\"thumbnailUrl\":\"https:\/\/www.hometheater.com.br\/portal\/wp-content\/uploads\/2015\/09\/sony_fino.jpg\",\"articleSection\":[\"NOT\u00cdCIAS\"],\"inLanguage\":\"pt-BR\",\"potentialAction\":[{\"@type\":\"CommentAction\",\"name\":\"Comment\",\"target\":[\"https:\/\/www.hometheater.com.br\/portal\/2015\/09\/22\/sony-traz-ao-brasil-o-tv-mais-fino-do-mundo\/#respond\"]}]},{\"@type\":\"WebPage\",\"@id\":\"https:\/\/www.hometheater.com.br\/portal\/2015\/09\/22\/sony-traz-ao-brasil-o-tv-mais-fino-do-mundo\/\",\"url\":\"https:\/\/www.hometheater.com.br\/portal\/2015\/09\/22\/sony-traz-ao-brasil-o-tv-mais-fino-do-mundo\/\",\"name\":\"Sony traz ao Brasil o TV mais fino do mundo - HT &amp; Casa Digital\",\"isPartOf\":{\"@id\":\"https:\/\/www.hometheater.com.br\/portal\/#website\"},\"primaryImageOfPage\":{\"@id\":\"https:\/\/www.hometheater.com.br\/portal\/2015\/09\/22\/sony-traz-ao-brasil-o-tv-mais-fino-do-mundo\/#primaryimage\"},\"image\":{\"@id\":\"https:\/\/www.hometheater.com.br\/portal\/2015\/09\/22\/sony-traz-ao-brasil-o-tv-mais-fino-do-mundo\/#primaryimage\"},\"thumbnailUrl\":\"https:\/\/www.hometheater.com.br\/portal\/wp-content\/uploads\/2015\/09\/sony_fino.jpg\",\"datePublished\":\"2015-09-22T19:02:52+00:00\",\"breadcrumb\":{\"@id\":\"https:\/\/www.hometheater.com.br\/portal\/2015\/09\/22\/sony-traz-ao-brasil-o-tv-mais-fino-do-mundo\/#breadcrumb\"},\"inLanguage\":\"pt-BR\",\"potentialAction\":[{\"@type\":\"ReadAction\",\"target\":[\"https:\/\/www.hometheater.com.br\/portal\/2015\/09\/22\/sony-traz-ao-brasil-o-tv-mais-fino-do-mundo\/\"]}]},{\"@type\":\"ImageObject\",\"inLanguage\":\"pt-BR\",\"@id\":\"https:\/\/www.hometheater.com.br\/portal\/2015\/09\/22\/sony-traz-ao-brasil-o-tv-mais-fino-do-mundo\/#primaryimage\",\"url\":\"https:\/\/www.hometheater.com.br\/portal\/wp-content\/uploads\/2015\/09\/sony_fino.jpg\",\"contentUrl\":\"https:\/\/www.hometheater.com.br\/portal\/wp-content\/uploads\/2015\/09\/sony_fino.jpg\",\"width\":350,\"height\":233},{\"@type\":\"BreadcrumbList\",\"@id\":\"https:\/\/www.hometheater.com.br\/portal\/2015\/09\/22\/sony-traz-ao-brasil-o-tv-mais-fino-do-mundo\/#breadcrumb\",\"itemListElement\":[{\"@type\":\"ListItem\",\"position\":1,\"name\":\"In\u00edcio\",\"item\":\"https:\/\/www.hometheater.com.br\/portal\/\"},{\"@type\":\"ListItem\",\"position\":2,\"name\":\"Sony traz ao Brasil o TV mais fino do mundo\"}]},{\"@type\":\"WebSite\",\"@id\":\"https:\/\/www.hometheater.com.br\/portal\/#website\",\"url\":\"https:\/\/www.hometheater.com.br\/portal\/\",\"name\":\"HT &amp; Casa Digital\",\"description\":\"O mundo digital em sua casa\",\"publisher\":{\"@id\":\"https:\/\/www.hometheater.com.br\/portal\/#organization\"},\"potentialAction\":[{\"@type\":\"SearchAction\",\"target\":{\"@type\":\"EntryPoint\",\"urlTemplate\":\"https:\/\/www.hometheater.com.br\/portal\/?s={search_term_string}\"},\"query-input\":{\"@type\":\"PropertyValueSpecification\",\"valueRequired\":true,\"valueName\":\"search_term_string\"}}],\"inLanguage\":\"pt-BR\"},{\"@type\":\"Organization\",\"@id\":\"https:\/\/www.hometheater.com.br\/portal\/#organization\",\"name\":\"Home Theater\",\"url\":\"https:\/\/www.hometheater.com.br\/portal\/\",\"logo\":{\"@type\":\"ImageObject\",\"inLanguage\":\"pt-BR\",\"@id\":\"https:\/\/www.hometheater.com.br\/portal\/#\/schema\/logo\/image\/\",\"url\":\"https:\/\/www.hometheater.com.br\/portal\/wp-content\/uploads\/2022\/06\/assine_ht_01.png\",\"contentUrl\":\"https:\/\/www.hometheater.com.br\/portal\/wp-content\/uploads\/2022\/06\/assine_ht_01.png\",\"width\":800,\"height\":254,\"caption\":\"Home Theater\"},\"image\":{\"@id\":\"https:\/\/www.hometheater.com.br\/portal\/#\/schema\/logo\/image\/\"},\"sameAs\":[\"https:\/\/web.facebook.com\/revistahometheater\",\"https:\/\/x.com\/hometheaterbr\"]},{\"@type\":\"Person\",\"@id\":\"https:\/\/www.hometheater.com.br\/portal\/#\/schema\/person\/3b6bd5a9e2a6c4197c7b98dd7a733d22\",\"name\":\"Revista Home Theater &amp; Casa Digital\",\"image\":{\"@type\":\"ImageObject\",\"inLanguage\":\"pt-BR\",\"@id\":\"https:\/\/www.hometheater.com.br\/portal\/#\/schema\/person\/image\/\",\"url\":\"https:\/\/secure.gravatar.com\/avatar\/fd86f33d841f0f43adcc1665dd80ca740e028af4297e20d3444f9335092a6ee7?s=96&d=mm&r=g\",\"contentUrl\":\"https:\/\/secure.gravatar.com\/avatar\/fd86f33d841f0f43adcc1665dd80ca740e028af4297e20d3444f9335092a6ee7?s=96&d=mm&r=g\",\"caption\":\"Revista Home Theater &amp; Casa Digital\"},\"url\":\"https:\/\/www.hometheater.com.br\/portal\/author\/flavio\/\"}]}<\/script>\n<!-- \/ Yoast SEO plugin. -->","yoast_head_json":{"title":"Sony traz ao Brasil o TV mais fino do mundo - HT &amp; Casa Digital","robots":{"index":"index","follow":"follow","max-snippet":"max-snippet:-1","max-image-preview":"max-image-preview:large","max-video-preview":"max-video-preview:-1"},"canonical":"https:\/\/www.hometheater.com.br\/portal\/2015\/09\/22\/sony-traz-ao-brasil-o-tv-mais-fino-do-mundo\/","og_locale":"pt_BR","og_type":"article","og_title":"Sony traz ao Brasil o TV mais fino do mundo - HT &amp; Casa Digital","og_description":"Com apenas 4,9mm de espessura e tela sem bordas, foi apresentado em SP nesta ter\u00e7a-feira o TV Ultra Slim da Sony (mod. XBR-65X905C), de 65","og_url":"https:\/\/www.hometheater.com.br\/portal\/2015\/09\/22\/sony-traz-ao-brasil-o-tv-mais-fino-do-mundo\/","og_site_name":"HT &amp; Casa Digital","article_publisher":"https:\/\/web.facebook.com\/revistahometheater","article_published_time":"2015-09-22T19:02:52+00:00","og_image":[{"width":350,"height":233,"url":"https:\/\/www.hometheater.com.br\/portal\/wp-content\/uploads\/2015\/09\/sony_fino.jpg","type":"image\/jpeg"}],"author":"Revista Home Theater &amp; Casa Digital","twitter_card":"summary_large_image","twitter_creator":"@hometheaterbr","twitter_site":"@hometheaterbr","twitter_misc":{"Escrito por":"Revista Home Theater &amp; Casa Digital","Est. tempo de leitura":"2 minutos"},"schema":{"@context":"https:\/\/schema.org","@graph":[{"@type":"Article","@id":"https:\/\/www.hometheater.com.br\/portal\/2015\/09\/22\/sony-traz-ao-brasil-o-tv-mais-fino-do-mundo\/#article","isPartOf":{"@id":"https:\/\/www.hometheater.com.br\/portal\/2015\/09\/22\/sony-traz-ao-brasil-o-tv-mais-fino-do-mundo\/"},"author":{"name":"Revista Home Theater &amp; Casa Digital","@id":"https:\/\/www.hometheater.com.br\/portal\/#\/schema\/person\/3b6bd5a9e2a6c4197c7b98dd7a733d22"},"headline":"Sony traz ao Brasil o TV mais fino do mundo","datePublished":"2015-09-22T19:02:52+00:00","mainEntityOfPage":{"@id":"https:\/\/www.hometheater.com.br\/portal\/2015\/09\/22\/sony-traz-ao-brasil-o-tv-mais-fino-do-mundo\/"},"wordCount":318,"commentCount":0,"publisher":{"@id":"https:\/\/www.hometheater.com.br\/portal\/#organization"},"image":{"@id":"https:\/\/www.hometheater.com.br\/portal\/2015\/09\/22\/sony-traz-ao-brasil-o-tv-mais-fino-do-mundo\/#primaryimage"},"thumbnailUrl":"https:\/\/www.hometheater.com.br\/portal\/wp-content\/uploads\/2015\/09\/sony_fino.jpg","articleSection":["NOT\u00cdCIAS"],"inLanguage":"pt-BR","potentialAction":[{"@type":"CommentAction","name":"Comment","target":["https:\/\/www.hometheater.com.br\/portal\/2015\/09\/22\/sony-traz-ao-brasil-o-tv-mais-fino-do-mundo\/#respond"]}]},{"@type":"WebPage","@id":"https:\/\/www.hometheater.com.br\/portal\/2015\/09\/22\/sony-traz-ao-brasil-o-tv-mais-fino-do-mundo\/","url":"https:\/\/www.hometheater.com.br\/portal\/2015\/09\/22\/sony-traz-ao-brasil-o-tv-mais-fino-do-mundo\/","name":"Sony traz ao Brasil o TV mais fino do mundo - HT &amp; Casa Digital","isPartOf":{"@id":"https:\/\/www.hometheater.com.br\/portal\/#website"},"primaryImageOfPage":{"@id":"https:\/\/www.hometheater.com.br\/portal\/2015\/09\/22\/sony-traz-ao-brasil-o-tv-mais-fino-do-mundo\/#primaryimage"},"image":{"@id":"https:\/\/www.hometheater.com.br\/portal\/2015\/09\/22\/sony-traz-ao-brasil-o-tv-mais-fino-do-mundo\/#primaryimage"},"thumbnailUrl":"https:\/\/www.hometheater.com.br\/portal\/wp-content\/uploads\/2015\/09\/sony_fino.jpg","datePublished":"2015-09-22T19:02:52+00:00","breadcrumb":{"@id":"https:\/\/www.hometheater.com.br\/portal\/2015\/09\/22\/sony-traz-ao-brasil-o-tv-mais-fino-do-mundo\/#breadcrumb"},"inLanguage":"pt-BR","potentialAction":[{"@type":"ReadAction","target":["https:\/\/www.hometheater.com.br\/portal\/2015\/09\/22\/sony-traz-ao-brasil-o-tv-mais-fino-do-mundo\/"]}]},{"@type":"ImageObject","inLanguage":"pt-BR","@id":"https:\/\/www.hometheater.com.br\/portal\/2015\/09\/22\/sony-traz-ao-brasil-o-tv-mais-fino-do-mundo\/#primaryimage","url":"https:\/\/www.hometheater.com.br\/portal\/wp-content\/uploads\/2015\/09\/sony_fino.jpg","contentUrl":"https:\/\/www.hometheater.com.br\/portal\/wp-content\/uploads\/2015\/09\/sony_fino.jpg","width":350,"height":233},{"@type":"BreadcrumbList","@id":"https:\/\/www.hometheater.com.br\/portal\/2015\/09\/22\/sony-traz-ao-brasil-o-tv-mais-fino-do-mundo\/#breadcrumb","itemListElement":[{"@type":"ListItem","position":1,"name":"In\u00edcio","item":"https:\/\/www.hometheater.com.br\/portal\/"},{"@type":"ListItem","position":2,"name":"Sony traz ao Brasil o TV mais fino do mundo"}]},{"@type":"WebSite","@id":"https:\/\/www.hometheater.com.br\/portal\/#website","url":"https:\/\/www.hometheater.com.br\/portal\/","name":"HT &amp; Casa Digital","description":"O mundo digital em sua casa","publisher":{"@id":"https:\/\/www.hometheater.com.br\/portal\/#organization"},"potentialAction":[{"@type":"SearchAction","target":{"@type":"EntryPoint","urlTemplate":"https:\/\/www.hometheater.com.br\/portal\/?s={search_term_string}"},"query-input":{"@type":"PropertyValueSpecification","valueRequired":true,"valueName":"search_term_string"}}],"inLanguage":"pt-BR"},{"@type":"Organization","@id":"https:\/\/www.hometheater.com.br\/portal\/#organization","name":"Home Theater","url":"https:\/\/www.hometheater.com.br\/portal\/","logo":{"@type":"ImageObject","inLanguage":"pt-BR","@id":"https:\/\/www.hometheater.com.br\/portal\/#\/schema\/logo\/image\/","url":"https:\/\/www.hometheater.com.br\/portal\/wp-content\/uploads\/2022\/06\/assine_ht_01.png","contentUrl":"https:\/\/www.hometheater.com.br\/portal\/wp-content\/uploads\/2022\/06\/assine_ht_01.png","width":800,"height":254,"caption":"Home Theater"},"image":{"@id":"https:\/\/www.hometheater.com.br\/portal\/#\/schema\/logo\/image\/"},"sameAs":["https:\/\/web.facebook.com\/revistahometheater","https:\/\/x.com\/hometheaterbr"]},{"@type":"Person","@id":"https:\/\/www.hometheater.com.br\/portal\/#\/schema\/person\/3b6bd5a9e2a6c4197c7b98dd7a733d22","name":"Revista Home Theater &amp; Casa Digital","image":{"@type":"ImageObject","inLanguage":"pt-BR","@id":"https:\/\/www.hometheater.com.br\/portal\/#\/schema\/person\/image\/","url":"https:\/\/secure.gravatar.com\/avatar\/fd86f33d841f0f43adcc1665dd80ca740e028af4297e20d3444f9335092a6ee7?s=96&d=mm&r=g","contentUrl":"https:\/\/secure.gravatar.com\/avatar\/fd86f33d841f0f43adcc1665dd80ca740e028af4297e20d3444f9335092a6ee7?s=96&d=mm&r=g","caption":"Revista Home Theater &amp; Casa Digital"},"url":"https:\/\/www.hometheater.com.br\/portal\/author\/flavio\/"}]}},"_links":{"self":[{"href":"https:\/\/www.hometheater.com.br\/portal\/wp-json\/wp\/v2\/posts\/173","targetHints":{"allow":["GET"]}}],"collection":[{"href":"https:\/\/www.hometheater.com.br\/portal\/wp-json\/wp\/v2\/posts"}],"about":[{"href":"https:\/\/www.hometheater.com.br\/portal\/wp-json\/wp\/v2\/types\/post"}],"author":[{"embeddable":true,"href":"https:\/\/www.hometheater.com.br\/portal\/wp-json\/wp\/v2\/users\/1"}],"replies":[{"embeddable":true,"href":"https:\/\/www.hometheater.com.br\/portal\/wp-json\/wp\/v2\/comments?post=173"}],"version-history":[{"count":0,"href":"https:\/\/www.hometheater.com.br\/portal\/wp-json\/wp\/v2\/posts\/173\/revisions"}],"wp:featuredmedia":[{"embeddable":true,"href":"https:\/\/www.hometheater.com.br\/portal\/wp-json\/wp\/v2\/media\/174"}],"wp:attachment":[{"href":"https:\/\/www.hometheater.com.br\/portal\/wp-json\/wp\/v2\/media?parent=173"}],"wp:term":[{"taxonomy":"category","embeddable":true,"href":"https:\/\/www.hometheater.com.br\/portal\/wp-json\/wp\/v2\/categories?post=173"},{"taxonomy":"post_tag","embeddable":true,"href":"https:\/\/www.hometheater.com.br\/portal\/wp-json\/wp\/v2\/tags?post=173"}],"curies":[{"name":"wp","href":"https:\/\/api.w.org\/{rel}","templated":true}]}}