{"id":17021,"date":"2020-04-16T22:08:53","date_gmt":"2020-04-17T01:08:53","guid":{"rendered":"https:\/\/www.hometheater.com.br\/portal\/?p=17021"},"modified":"2020-04-27T12:01:48","modified_gmt":"2020-04-27T15:01:48","slug":"home-theater-automacao-como-as-empresas-estao-reagindo-a-covid-19","status":"publish","type":"post","link":"https:\/\/www.hometheater.com.br\/portal\/2020\/04\/16\/home-theater-automacao-como-as-empresas-estao-reagindo-a-covid-19\/","title":{"rendered":"Home Theater &#038; Automa\u00e7\u00e3o: como as empresas est\u00e3o reagindo \u00e0 COVID-19"},"content":{"rendered":"<p><img loading=\"lazy\" decoding=\"async\" class=\"aligncenter size-full wp-image-17022\" src=\"https:\/\/www.hometheater.com.br\/portal\/wp-content\/uploads\/2020\/04\/empresas_covid_1.jpg\" alt=\"\" width=\"800\" height=\"422\" srcset=\"https:\/\/www.hometheater.com.br\/portal\/wp-content\/uploads\/2020\/04\/empresas_covid_1.jpg 800w, https:\/\/www.hometheater.com.br\/portal\/wp-content\/uploads\/2020\/04\/empresas_covid_1-400x211.jpg 400w, https:\/\/www.hometheater.com.br\/portal\/wp-content\/uploads\/2020\/04\/empresas_covid_1-500x264.jpg 500w, https:\/\/www.hometheater.com.br\/portal\/wp-content\/uploads\/2020\/04\/empresas_covid_1-300x158.jpg 300w, https:\/\/www.hometheater.com.br\/portal\/wp-content\/uploads\/2020\/04\/empresas_covid_1-768x405.jpg 768w, https:\/\/www.hometheater.com.br\/portal\/wp-content\/uploads\/2020\/04\/empresas_covid_1-600x317.jpg 600w\" sizes=\"auto, (max-width: 800px) 100vw, 800px\" \/><\/p>\n<h5>Em meio aos esfor\u00e7os de combate \u00e0 epidemia e \u00e0s pol\u00eamicas envolvendo a ades\u00e3o total ou parcial \u00e0 quarentena decretada pelas autoridades de sa\u00fade, o mercado de \u00e1udio, v\u00eddeo &amp; automa\u00e7\u00e3o residencial parece estar conseguindo se adaptar. Quase todas as empresas consultadas entraram em regime de home office, mas colocando seus funcion\u00e1rios de prontid\u00e3o para o atendimento virtual dos clientes, especialmente as revendas especializadas.<\/h5>\n<h5>&nbsp;&nbsp;&nbsp;&nbsp;&nbsp;&nbsp;&nbsp; Neste trabalho especial, fomos ouvir os respons\u00e1veis por algumas delas com tr\u00eas perguntas b\u00e1sicas nesta fase de transi\u00e7\u00e3o:<\/h5>\n<h6><strong>1. <\/strong><strong>Como sua empresa est\u00e1 sendo afetada pela COVID-19?&nbsp;Mudou sua rotina como gestor e a de seus funcion\u00e1rios?<\/strong><\/h6>\n<h6><strong>2. Como acha que as empresas pequenas e m\u00e9dias \u2013 que s\u00e3o maioria no segmento \u2013 devem agir neste per\u00edodo de quarentena?<\/strong><\/h6>\n<h6><strong>3. A m\u00e9dio e longo prazo, que li\u00e7\u00f5es podemos todos tirar de uma crise como essa?<\/strong><\/h6>\n<h5>&nbsp;&nbsp;&nbsp;&nbsp;&nbsp;&nbsp;&nbsp; Veja a seguir as respostas:<\/h5>\n<h4><strong><u>Mauro Zucato Filho, fundador e diretor da Disac, distribuidora de marcas como Control4, PolkAudio e Onkyo:<\/u><\/strong><\/h4>\n<h4><strong><u><img loading=\"lazy\" decoding=\"async\" class=\"aligncenter size-full wp-image-17023\" src=\"https:\/\/www.hometheater.com.br\/portal\/wp-content\/uploads\/2020\/04\/disac_covid.jpg\" alt=\"\" width=\"650\" height=\"374\" srcset=\"https:\/\/www.hometheater.com.br\/portal\/wp-content\/uploads\/2020\/04\/disac_covid.jpg 650w, https:\/\/www.hometheater.com.br\/portal\/wp-content\/uploads\/2020\/04\/disac_covid-400x230.jpg 400w, https:\/\/www.hometheater.com.br\/portal\/wp-content\/uploads\/2020\/04\/disac_covid-500x288.jpg 500w, https:\/\/www.hometheater.com.br\/portal\/wp-content\/uploads\/2020\/04\/disac_covid-300x173.jpg 300w, https:\/\/www.hometheater.com.br\/portal\/wp-content\/uploads\/2020\/04\/disac_covid-638x368.jpg 638w, https:\/\/www.hometheater.com.br\/portal\/wp-content\/uploads\/2020\/04\/disac_covid-600x345.jpg 600w\" sizes=\"auto, (max-width: 650px) 100vw, 650px\" \/><\/u><\/strong><\/h4>\n<p>\u201cNossas vendas no in\u00edcio ca\u00edram muito, mas estamos notando uma volta gradual, principalmente em mercados fora dos grandes centros. N\u00e3o paramos o fluxo de entrada de mercadorias, mesmo sendo impactados pelo d\u00f3lar, que subiu muito e est\u00e1 muito vol\u00e1til. Por\u00e9m, estamos administrando com muita cautela a importa\u00e7\u00e3o apenas de produtos necess\u00e1rios.<\/p>\n<p>\u201cSempre fizemos importa\u00e7\u00f5es cujo tr\u00e2nsito era do fabricante direto para a Disac. O que mudou? Criamos um pit-stop log\u00edstico nos EUA, e fazemos os pedidos aos fornecedores que mandam para l\u00e1 e de l\u00e1 administramos os embarques. Antes de falarem em isolamento, j\u00e1 hav\u00edamos tomado decis\u00f5es internas para tentar evitar o cont\u00e1gio. As coisas b\u00e1sicas: \u00e1lcool gel em todo canto na empresa; solicitamos aos funcion\u00e1rios trazerem suas refei\u00e7\u00f5es de casa, etc. Na \u00faltima quarta-feira completamos 30 dias de Home Office total. Todo mundo em casa, com reports e reuni\u00f5es on line diariamente.&nbsp;<\/p><div class=\"homet-conteudo\" style=\"text-align: center;\" id=\"homet-3990217824\"><div data-cfpa=\"35734\" data-cfpw=\"35734\" id=\"homet-845628232\"><a data-no-instant=\"1\" href=\"https:\/\/www.harmanluxuryaudio.com\/\" rel=\"noopener\" class=\"a2t-link\" aria-label=\"ARCAM-SA45-BANNER-NEWSLETTER\"><img loading=\"lazy\" decoding=\"async\" src=\"https:\/\/www.hometheater.com.br\/portal\/wp-content\/uploads\/2025\/09\/ARCAM-SA45-BANNER-NEWSLETTER.gif\" alt=\"\"  class=\"no-lazyload\" width=\"300\" height=\"250\"   \/><\/a><\/div><h6><span style=\"color: #808080;\"><em>Publicidade<\/em><\/span><\/h6>\r\n<\/br><script type=\"text\/javascript\">;new advadsCfpAd( 35734 );<\/script><\/div>\n<p>\u201cEu particularmente sinto muita falta de ir \u00e0 empresa. Acho que o contato di\u00e1rio entre as pessoas \u00e9 uma coisa insubstitu\u00edvel. N\u00e3o temos muito o h\u00e1bito de fazer reuni\u00f5es. Somente as essenciais. O resto \u00e9 tratado no cara a cara di\u00e1rio. Funciona muito bem.<\/p>\n<p>\u201cOs funcion\u00e1rios n\u00e3o veem a hora de retornar. Ningu\u00e9m aguenta muito tempo o stress dom\u00e9stico. Mas s\u00f3 faremos isso quando sentirmos seguran\u00e7a quanto \u00e0 sa\u00fade das pessoas. A ansiedade com rela\u00e7\u00e3o \u00e0 economia, aos empregos, \u00e9 o que mais afeta a cabe\u00e7a dos funcion\u00e1rios.<\/p>\n<blockquote>\n<h5 style=\"text-align: left; padding-left: 40px;\"><span style=\"color: #003366;\"><strong><em>\u201c\u00c9 importante ser honesto, transparente e ter o sentimento humano. <\/em><\/strong><\/span><strong><em><span style=\"color: #003366;\">Estamos diante de uma crise sem precedentes.<\/span> <\/em><\/strong><strong style=\"color: #003366; font-family: Montserrat, sans-serif; font-size: 20px;\"><em>O lado humano ser\u00e1 priorizado ante o lado econ\u00f4mico. Temos que sair dessa com vida\u201d.<\/em><\/strong><\/h5>\n<\/blockquote>\n<p>\u201cPara as empresas pequenas e m\u00e9dias, o principal problema agora ser\u00e1 a falta de caixa. A grande maioria n\u00e3o tem caixa para aguentar muito tempo uma falta completa de vendas.&nbsp;Nessas horas \u00e9 que as empresas sentem uma eventual falta de controle, um dos principais problemas das pequenas e m\u00e9dias. V\u00e3o levando o dia a dia e n\u00e3o t\u00eam na ponta do lapis a capacidade de projetar o futuro. Isso ajuda a quebrar neg\u00f3cios. Quando o empres\u00e1rio v\u00ea, o pr\u00f3ximo passo \u00e9 o abismo. O importante \u00e9 enxergar isso muito antes.<\/p>\n<p>\u201cUma coisa importante \u00e9: ser transparente com todos que est\u00e3o envolvidos nos neg\u00f3cios: funcion\u00e1rios, prestadores de servi\u00e7o, terceirizados, etc. E nessas horas \u00e9 importante ter credibilidade, ser honesto e transparente.&nbsp;E ter o sentimento humano. Estamos diante de uma crise sem precedentes. O lado humano ser\u00e1 priorizado ante o lado econ\u00f4mico. Temos que sair dessa com vida. Temos que ter responsabilidade. Ouvir quem tem experi\u00eancia no assunto e seguir as orienta\u00e7\u00f5es\u201d.<\/p>\n<p>\u201cS\u00e3o in\u00fameras as li\u00e7\u00f5es que podemos tirar. Jamais menosprezar um inimigo. Quando menos se espera, um ataque invis\u00edvel, n\u00e3o previsto, gera o caos. Agora sabemos que isso pode acontecer. E a preven\u00e7\u00e3o \u00e9 ter um neg\u00f3cio s\u00f3lido, saud\u00e1vel financeiramente, com gente competente, dedicada, disposta a encarar a briga como um verdadeiro time, para o que vier.<\/p>\n<p>\u201cOutros ensinamentos vir\u00e3o do sentimento humano. A valoriza\u00e7\u00e3o da vida, das rela\u00e7\u00f5es pessoais, corporativas, familiares e entre amigos. Acho que muita gente vai dar uma guinada no seu modo de viver, de agir, de se comportar e de consumir\u201d.<\/p>\n<h4><strong><u>Jo\u00e3o Yazbek, s\u00f3cio-fundador da AAT (Advanced Audio Technologies), fabricante de equipamentos de \u00e1udio:<\/u><\/strong><\/h4>\n<p><img loading=\"lazy\" decoding=\"async\" class=\"aligncenter size-full wp-image-17024\" src=\"https:\/\/www.hometheater.com.br\/portal\/wp-content\/uploads\/2020\/04\/aat_covid.jpg\" alt=\"\" width=\"650\" height=\"322\" srcset=\"https:\/\/www.hometheater.com.br\/portal\/wp-content\/uploads\/2020\/04\/aat_covid.jpg 650w, https:\/\/www.hometheater.com.br\/portal\/wp-content\/uploads\/2020\/04\/aat_covid-400x198.jpg 400w, https:\/\/www.hometheater.com.br\/portal\/wp-content\/uploads\/2020\/04\/aat_covid-500x248.jpg 500w, https:\/\/www.hometheater.com.br\/portal\/wp-content\/uploads\/2020\/04\/aat_covid-300x149.jpg 300w, https:\/\/www.hometheater.com.br\/portal\/wp-content\/uploads\/2020\/04\/aat_covid-600x297.jpg 600w\" sizes=\"auto, (max-width: 650px) 100vw, 650px\" \/><\/p>\n<p>\u201cComo somos uma ind\u00fastria, n\u00e3o fomos obrigados a fechar por completo. Mas, pensando na coletividade, fomos os primeiros do mercado a informar que ir\u00edamos parar. E isso aconteceu antes da edi\u00e7\u00e3o do decreto pelo governo do Estado. Paramos a empresa por 10 dias, atendendo em regime de home office. Nos dias seguintes, com pessoal reduzid\u00edssimo, voltamos a atender pedidos de clientes, que estavam se acumulando.<\/p>\n<p>\u201cComo fizemos um planejamento consistente no in\u00edcio do ano, e pelo fato de termos produ\u00e7\u00e3o local, t\u00ednhamos estoque suficiente para 15 dias de demanda. No dia 7 de abril, adotando todas as regras de distanciamento social, retomamos a produ\u00e7\u00e3o parcial, para reposi\u00e7\u00e3o de itens com estoque baixo em fun\u00e7\u00e3o da demanda. Os funcion\u00e1rios foram treinados, receberam m\u00e1scaras, material de higiene e todo tipo de informa\u00e7\u00e3o necess\u00e1ria. Ao mesmo tempo, estendemos o home office a outros setores da empresa. Podemos dizer que a opera\u00e7\u00e3o, nesta \u00faltima semana, foi acima das expectativas, tanto em vendas como em produ\u00e7\u00e3o.&nbsp;<\/p>\n<blockquote>\n<h5 style=\"text-align: left; padding-left: 40px;\"><span style=\"color: #003366;\"><strong><em>\u201cAlguns modelos de neg\u00f3cio ter\u00e3o de ser revistos. <\/em><\/strong><\/span><strong><em><span style=\"color: #003366;\">Haver\u00e1 uma tend\u00eancia \u00e0 \u2018desglobaliza\u00e7\u00e3o&#8217;<\/span><span style=\"color: #003366;\">&nbsp;<\/span><span style=\"color: #003366;\">, <\/span><\/em><\/strong><strong style=\"color: #003366;\"><em>o que ser\u00e1 muito bom para a ind\u00fastria brasileira\u201d.<\/em><\/strong><\/h5>\n<\/blockquote>\n<p>\u201cSendo um per\u00edodo de exce\u00e7\u00e3o, n\u00e3o vivenciado nos \u00faltimos 100 anos, a palavra do momento \u00e9 calma. Logicamente, as empresas ir\u00e3o sofrer bastante, e v\u00e3o sobreviver aquelas mais bem estruturadas e que pensaram melhor sua opera\u00e7\u00e3o. Infelizmente, o Pa\u00eds n\u00e3o ajuda, com leis trabalhistas defasadas e uma moeda que se desvalorizou demais. Mas, neste momento, o empres\u00e1rio que estiver melhor posicionado em fun\u00e7\u00e3o destas vari\u00e1veis, e souber contorn\u00e1-las, n\u00e3o apenas ir\u00e1 sobreviver como sair\u00e1 fortalecido desta crise.<\/p>\n<p>\u201cA li\u00e7\u00e3o que fica para o mundo \u00e9 que alguns modelos de neg\u00f3cio ter\u00e3o de ser revistos, como alguns j\u00e1 est\u00e3o sendo. A globaliza\u00e7\u00e3o dos \u00faltimos 25 anos corre grande risco de ser revista por muitas empresas, uma vez que cadeias de fornecimento interligadas foram quebradas pela primeira vez, coisa que muitos achavam imposs\u00edvel. Acredito que haver\u00e1 uma tend\u00eancia \u00e0 \u201cdesglobaliza\u00e7\u00e3o\u201d de muitos modelos de&nbsp;neg\u00f3cio, o que ser\u00e1 muito bom para a ind\u00fastria brasileira, ou seja, para aqueles que produzem aqui e n\u00e3o fazem somente uma opera\u00e7\u00e3o SKD. Logicamente, esta mudan\u00e7a de paradigma implicar\u00e1 em se desenvolver produtos localmente, que \u00e9 a especialidade da AAT\u201d.<\/p>\n<h4><strong><u>Daniel Lima, s\u00f3cio-diretor da ArchTechnologies, distribuidora de marcas como Magna e Stewart, entre outras:<\/u><\/strong><strong><u>&nbsp;<\/u><\/strong><\/h4>\n<p><strong>\u201c<\/strong>Como qualquer empresa, estamos sim sentindo efeitos do isolamento social, e entendemos a import\u00e2ncia deste no momento. Uma vez que n\u00e3o estamos em lockdown, que h\u00e1 muitas regi\u00f5es do pa\u00eds que ainda est\u00e3o trabalhando em sua maioria e, mesmo em S\u00e3o Paulo, as obras continuam rodando, estamos atendendo aos pedidos que chegam.&nbsp;O que mudou foi o atendimento no show-room. Est\u00e1vamos recebendo ao menos 5 revendas por semana para conhecer nossas linhas, e isso precisou ser interrompido.<\/p>\n<p>\u201cComo o dep\u00f3sito e a f\u00e1brica&nbsp;ficam em Campinas, e temos v\u00e1rios fornecedores nos EUA e Europa, j\u00e1 us\u00e1vamos muito as ferramentas de reuni\u00e3o a dist\u00e2ncia e compartilhamento de arquivos, ent\u00e3o isso n\u00e3o foi um problema. Outra coisa que facilitou nosso trabalho foi o lan\u00e7amento do nosso portal na primeira semana de mar\u00e7o.<\/p>\n<p><strong><u><img loading=\"lazy\" decoding=\"async\" class=\"aligncenter size-full wp-image-17025\" src=\"https:\/\/www.hometheater.com.br\/portal\/wp-content\/uploads\/2020\/04\/arch_covid.jpg\" alt=\"\" width=\"650\" height=\"434\" srcset=\"https:\/\/www.hometheater.com.br\/portal\/wp-content\/uploads\/2020\/04\/arch_covid.jpg 650w, https:\/\/www.hometheater.com.br\/portal\/wp-content\/uploads\/2020\/04\/arch_covid-400x267.jpg 400w, https:\/\/www.hometheater.com.br\/portal\/wp-content\/uploads\/2020\/04\/arch_covid-500x334.jpg 500w, https:\/\/www.hometheater.com.br\/portal\/wp-content\/uploads\/2020\/04\/arch_covid-300x200.jpg 300w, https:\/\/www.hometheater.com.br\/portal\/wp-content\/uploads\/2020\/04\/arch_covid-600x401.jpg 600w, https:\/\/www.hometheater.com.br\/portal\/wp-content\/uploads\/2020\/04\/arch_covid-210x140.jpg 210w\" sizes=\"auto, (max-width: 650px) 100vw, 650px\" \/><\/u><\/strong><\/p>\n<p>\u201cPara as empresas, \u00e9 uma situa\u00e7\u00e3o desafiadora. Acho que as pequenas e m\u00e9dias primeiro precisam fazer a li\u00e7\u00e3o de casa, isto \u00e9, cortar todas as despesas desnecess\u00e1rias, diminuir o que puder de custo e vender aquilo que est\u00e1 parado no estoque j\u00e1 h\u00e1 um certo tempo, para fazer caixa. Tamb\u00e9m devemos buscar as linhas de financiamento dispon\u00edveis, apesar de que at\u00e9 agora n\u00e3o conhe\u00e7o ningu\u00e9m que conseguiu.<\/p>\n<p>\u201cA segunda coisa a fazer \u00e9 olhar para seu neg\u00f3cio no futuro. Ele \u00e9 sustent\u00e1vel? O que pode ser feito para que, em per\u00edodos como o atual, ele seja menos atingido? Vejo que falta muita presen\u00e7a online para os revendedores e instaladores&#8230; n\u00e3o estou dizendo necessariamente ter uma loja, mas divulgar seu trabalho online pode ajudar muito a conseguir novos neg\u00f3cios.<\/p>\n<blockquote>\n<h5 style=\"padding-left: 40px;\"><span style=\"color: #003366;\"><strong><em>\u201cOlhar para o neg\u00f3cio no futuro. Ele \u00e9 sustent\u00e1vel? <\/em><\/strong><\/span><strong><span style=\"color: #003366;\"><em>O que pode ser feito para que, em per\u00edodos como o atual, <\/em><\/span><span style=\"color: #003366;\"><em>ele seja menos atingido?\u201d<\/em><\/span><\/strong><\/h5>\n<\/blockquote>\n<p>\u201cOutro ponto importante \u00e9 ter venda recorrente. Sentimos que os revendedores que usam o OvcC&nbsp;(sistema de gerenciamento remoto compat\u00edvel com muitas marcas de AV e Automa\u00e7\u00e3o) conseguiram dar um suporte melhor aos clientes que precisaram ficar em casa, e em muitos casos, pela proximidade, fazem upgrades mesmo nesse per\u00edodo. Suporte remoto n\u00e3o d\u00e1 lucro direto para a maioria das empresas, mas d\u00e1 indiretamente, atrav\u00e9s das vendas extras que acabam ocorrendo somente pelo contato recorrente com o cliente.<\/p>\n<p><strong>\u201c<\/strong>Crise sempre faz a gente se mexer. Seja qual for a crise ou a mudan\u00e7a de paradigma, o que precisamos \u00e9 sempre questionar nossos neg\u00f3cios sobre o futuro, entender o que pode ser melhorado. Temos o costume de nos acomodar e s\u00f3 nos mexer na crise, isso faz com que a gente sofra muito mais. Nesse caso espec\u00edfico, a forma como fazemos neg\u00f3cio e nos comunicamos vai mudar muito, n\u00e3o ser\u00e1 como antes. Precisamos alinhar nossos neg\u00f3cios a esse novo perfil\u201d.<\/p>\n<h4><strong><u>Marcelo Caf\u00e9, country head da BenQ no Brasil, fabricante de displays e projetores:<\/u><\/strong><\/h4>\n<h4><strong><u> <img loading=\"lazy\" decoding=\"async\" class=\"aligncenter size-full wp-image-17026\" src=\"https:\/\/www.hometheater.com.br\/portal\/wp-content\/uploads\/2020\/04\/benq_covid.jpg\" alt=\"\" width=\"600\" height=\"450\" srcset=\"https:\/\/www.hometheater.com.br\/portal\/wp-content\/uploads\/2020\/04\/benq_covid.jpg 600w, https:\/\/www.hometheater.com.br\/portal\/wp-content\/uploads\/2020\/04\/benq_covid-400x300.jpg 400w, https:\/\/www.hometheater.com.br\/portal\/wp-content\/uploads\/2020\/04\/benq_covid-500x375.jpg 500w, https:\/\/www.hometheater.com.br\/portal\/wp-content\/uploads\/2020\/04\/benq_covid-300x225.jpg 300w\" sizes=\"auto, (max-width: 600px) 100vw, 600px\" \/><\/u><\/strong><\/h4>\n<p>\u201cA BenQ come\u00e7ou a sentir o impacto quando a China entrou no <em>lockdown<\/em> (palavra nova que aprendemos) e depois n\u00e3o retornou do feriado de Ano Novo Chin\u00eas. Fomos impactados com falta de produto, alta do d\u00f3lar e a atual quarentena brasileira. Eu e todos os nossos colaboradores estamos trabalhando em casa, com exce\u00e7\u00e3o do corpo t\u00e9cnico. Estamos mais unidos para superar esse desafio, e estou certo que todos sair\u00e3o mais fortes dessa situa\u00e7\u00e3o.<\/p>\n<blockquote>\n<h5 style=\"text-align: left; padding-left: 40px;\"><span style=\"color: #003366;\"><strong><em>\u201cReduzir os custos fixos, e com racionalidade. <\/em><\/strong><\/span><strong style=\"color: #003366; font-family: Montserrat, sans-serif; font-size: 20px;\"><em>Redu\u00e7\u00e3o de custos n\u00e3o quer dizer demiss\u00e3o! <\/em><\/strong><span style=\"color: #003366;\"><strong><em>Em momentos dif\u00edceis \u00e9 que temos as melhores id\u00e9ias\u201d.<\/em><\/strong><\/span><\/h5>\n<\/blockquote>\n<p>\u201cEstamos reduzindo os custos fixos rapidamente, e com racionalidade. Redu\u00e7\u00e3o de custos n\u00e3o quer dizer demiss\u00e3o! \u00c9 um momento para pensarmos na estrat\u00e9gia do neg\u00f3cio, pois em momentos dif\u00edceis \u00e9 que temos as melhores id\u00e9ias.&nbsp;<\/p>\n<p>\u201cAl\u00e9m das li\u00e7\u00f5es morais, \u00e9ticas e de conviv\u00eancia que cada um vai tirar, eu pessoalmente refor\u00e7o uma que utilizo no meu neg\u00f3cio: PARCERIA. Temos que ter bons parceiros que nos ajudem nas horas dif\u00edceis\u201d.<\/p>\n<h4><strong><u>Kahlil Zattar, diretor da Som Maior, que distribui marcas como B&amp;W, SIM2 e Integra:<\/u><\/strong><\/h4>\n<p><strong><u>&nbsp;<\/u><\/strong><\/p>\n<p><strong><u><img loading=\"lazy\" decoding=\"async\" class=\"aligncenter size-full wp-image-17027\" src=\"https:\/\/www.hometheater.com.br\/portal\/wp-content\/uploads\/2020\/04\/som_maior_covid.jpg\" alt=\"\" width=\"650\" height=\"391\" srcset=\"https:\/\/www.hometheater.com.br\/portal\/wp-content\/uploads\/2020\/04\/som_maior_covid.jpg 650w, https:\/\/www.hometheater.com.br\/portal\/wp-content\/uploads\/2020\/04\/som_maior_covid-400x241.jpg 400w, https:\/\/www.hometheater.com.br\/portal\/wp-content\/uploads\/2020\/04\/som_maior_covid-500x301.jpg 500w, https:\/\/www.hometheater.com.br\/portal\/wp-content\/uploads\/2020\/04\/som_maior_covid-300x180.jpg 300w, https:\/\/www.hometheater.com.br\/portal\/wp-content\/uploads\/2020\/04\/som_maior_covid-600x361.jpg 600w\" sizes=\"auto, (max-width: 650px) 100vw, 650px\" \/><\/u><\/strong><\/p>\n<p>\u201cA Som Maior est\u00e1 sendo bastante afetada, tanto pela queda abrupta nas vendas quanto pela disparada do d\u00f3lar contra o real. Nosso faturamento caiu 90% nos \u00faltimos 30 dias. Ficamos tr\u00eas semanas fechados, com toda a equipe em f\u00e9rias coletivas e apenas um colaborador de cada \u00e1rea em regime de plant\u00e3o para atender emerg\u00eancias dos clientes. Nesta 2a 13\/04, o governador de SC liberou a volta \u00e0s atividades do com\u00e9rcio em todo o Estado e voltamos a trabalhar normalmente com toda a equipe.<\/p>\n<p>\u201cSe o pequeno empres\u00e1rio precisar escolher o que pagar nessa crise, penso que a ordem seria: primeiro sal\u00e1rios, depois fornecedores, depois despesas como aluguel, luz e internet e por \u00faltimo os impostos. Como o nosso segmento vende bens n\u00e3o essenciais, o empres\u00e1rio n\u00e3o vai conseguir realizar muitas vendas durante a quarentena. O objetivo deve ser a redu\u00e7\u00e3o de danos mesmo.<\/p>\n<blockquote>\n<h5 style=\"text-align: left; padding-left: 40px;\"><span style=\"color: #003366;\"><strong><em>\u201cO pequeno e m\u00e9dio empres\u00e1rio deve se envolver <\/em><\/strong><\/span><strong style=\"color: #003366; font-family: Montserrat, sans-serif; font-size: 20px;\"><em>mais na pol\u00edtica. Somos respons\u00e1veis por quase <\/em><\/strong><span style=\"color: #003366;\"><strong><em>70% dos empregos do Brasil\u201d<\/em><\/strong><\/span><\/h5>\n<\/blockquote>\n<p>\u201cCom rela\u00e7\u00e3o a li\u00e7\u00f5es aprendidas, a verdade \u00e9 que as pequenas e m\u00e9dias empresas deveriam agir antes da quarentena ou de uma crise qualquer. Em todas as nossas conven\u00e7\u00f5es com os revendedores, sempre sugerimos fortemente que devem ter pelo menos tr\u00eas meses dos custos e despesas em caixa para qualquer eventualidade, sem contar com nenhuma entrada de caixa durante esses tr\u00eas meses. As empresas que seguiram essa receita e mantinham essa reserva em caixa com certeza passar\u00e3o pela crise muito mais tranquilamente que as demais.<\/p>\n<p>\u201cPara encerrar, penso que um grande aprendizado \u00e9 que o pequeno e m\u00e9dio empres\u00e1rio deve se envolver mais diretamente na pol\u00edtica, j\u00e1 que somos respons\u00e1veis por quase 70% dos empregos do Brasil e que na m\u00e9dia nos envolvemos muito pouco. O envolvimento pode ser via associa\u00e7\u00e3o comercial, via associa\u00e7\u00e3o comunit\u00e1ria ou diretamente apoiando algum partido pol\u00edtico que represente seus ideais e seus valores.<\/p>\n<p>\u201cParafraseando a escritora e fil\u00f3sofa Ayn Rand, voc\u00ea pode ignorar a pol\u00edtica, mas n\u00e3o pode ignorar as consequ\u00eancias de ignorar a pol\u00edtica\u201d.<\/p>\n<h4><strong><u>Cristiano Mazza, diretor do Grupo Discabos, que distribui marcas como Crestron, LG Business e Shure:<\/u><\/strong><\/h4>\n<p><strong>\u201c<\/strong>Hoje representamos 14 marcas mundiais, sendo que a grande maioria \u00e9 fabricada fora do Brasil. Assim, o fechamento ou desacelera\u00e7\u00e3o do com\u00e9rcio internacional acaba atrapalhando e retardando a composi\u00e7\u00e3o de estoque e demanda espec\u00edfica de projetos. Contudo, temos conseguido atender a todos neste momento, apenas com um pouco de atraso em alguns casos. Estamos constantemente conversando com nossos fabricantes para entender o fluxo de produ\u00e7\u00e3o e estoque deles, evitando atrasos na nossa entrega. Tem sido importante para repensar o forecast de produtos e tentarmos ser mais assertivos nas tecnologias que iremos oferecer ao mercado.<\/p>\n<p>\u201cA rotina de todos no Grupo Discabos mudou muito. Obviamente, o home office depende da internet, e nem todos t\u00eam disponibilidade de banda larga. Al\u00e9m disso, as fam\u00edlias est\u00e3o em casa, com filhos usando a internet e computadores para fazer aula online, o que acaba gerando uma divis\u00e3o de hardware entre os colaboradores e suas fam\u00edlias. Depois de uma semana, as opera\u00e7\u00f5es comerciais e de suporte t\u00e9cnico estavam funcionando bem. Acabamos fechando mar\u00e7o na nossa m\u00e9dia esperada de faturamento, gra\u00e7as ao empenho de todo o time, em especial aos t\u00e9cnicos do suporte, consultores comerciais e pessoal log\u00edstico e administrativo. Acredito que conseguimos nos adaptar r\u00e1pido&#8230; mas n\u00e3o vemos a hora de voltar ao normal.<\/p>\n<p><img loading=\"lazy\" decoding=\"async\" class=\"aligncenter size-full wp-image-17028\" src=\"https:\/\/www.hometheater.com.br\/portal\/wp-content\/uploads\/2020\/04\/discabos_covid.jpg\" alt=\"\" width=\"650\" height=\"340\" srcset=\"https:\/\/www.hometheater.com.br\/portal\/wp-content\/uploads\/2020\/04\/discabos_covid.jpg 650w, https:\/\/www.hometheater.com.br\/portal\/wp-content\/uploads\/2020\/04\/discabos_covid-400x209.jpg 400w, https:\/\/www.hometheater.com.br\/portal\/wp-content\/uploads\/2020\/04\/discabos_covid-500x262.jpg 500w, https:\/\/www.hometheater.com.br\/portal\/wp-content\/uploads\/2020\/04\/discabos_covid-300x157.jpg 300w, https:\/\/www.hometheater.com.br\/portal\/wp-content\/uploads\/2020\/04\/discabos_covid-600x314.jpg 600w\" sizes=\"auto, (max-width: 650px) 100vw, 650px\" \/><\/p>\n<p>\u201c\u00c9 um momento de prote\u00e7\u00e3o do caixa, importante estar com caixa positivo e ter capital de giro. Ao mesmo tempo, as empresas manterem os empregos para continuar operando na retomada. Acredito muito na conversa para gerar um ponto comum entre os interessados. Sugiro em especial que tentem ao m\u00e1ximo&nbsp;estudar e desenvolver novos conhecimentos e habilidades. O mercado vai retornar mais forte, nossa \u00e1rea ser\u00e1 uma das mais exigidas na retomada.<\/p>\n<p>\u201cSempre vendemos um sonho. Nesse momento, minha filha de 7 anos est\u00e1 fazendo uma videoconfer\u00eancia, conhecendo tecnologias e tendo experi\u00eancia de uso. Por pior que possa ser usando um notebook, isso ir\u00e1 gerar uma experi\u00eancia nela. Assim, quando ela vivenciar no futuro uma videoconfer\u00eancia em sala automatizada, com hardware correto, codec configurado etc., ela entender\u00e1 o valor desse produto. Algo que as gera\u00e7\u00f5es passadas n\u00e3o tiveram oportunidade de conhecer.<\/p>\n<blockquote>\n<h5 style=\"padding-left: 40px;\"><span style=\"color: #003366;\"><strong><em>\u201cO mercado vai retornar mais forte, <\/em><\/strong><\/span><strong style=\"color: #003366; font-family: Montserrat, sans-serif; font-size: 20px;\"><em>e nossa \u00e1rea ser\u00e1 uma das mais <\/em><\/strong><span style=\"color: #003366;\"><strong><em>exigidas na retomada\u201d.<\/em><\/strong><\/span><\/h5>\n<\/blockquote>\n<p>\u201cSugiro que as empresas tentem antecipar projetos com seus clientes. Muitas empresas continuam&nbsp;investindo porque n\u00e3o podem parar e sabem que em breve o mercado retornar\u00e1 diferente, e precisam ter as ferramentas para operarem.<\/p>\n<p>\u201cA li\u00e7\u00e3o mais importante \u00e9 preservar caixa positivo e ter conhecimento t\u00e9cnico para aplicar as solu\u00e7\u00f5es&nbsp;em seus clientes e projetos. N\u00e3o sei quanto tempo ficaremos em casa, ou quanto tempo demoraremos para ver algo parecido, mas as empresas podem aproveitar para se digitalizar ao m\u00e1ximo, buscando novos caminhos de encontrarem leads e demanda.<\/p>\n<p>\u201cAtualmente, nosso mercado \u00e9 muito <em>offline<\/em>; vai se transformar para o digital, assim como as linhas de TI e seguran\u00e7a eletr\u00f4nica, tendo canais de atendimento e venda online. Nesse sentido, \u00e9 essencial o integrador saber se posicionar como um agente de servi\u00e7o, com capacidade t\u00e9cnica de projeto e instala\u00e7\u00e3o para resolver os problemas e gerar a experi\u00eancia correta ao usu\u00e1rio. No longo prazo, acredito que integradores&nbsp;que se enxergam como &#8220;lojas&#8221; v\u00e3o sofrer mais do que aqueles que se enxergam como especialistas, e vendem servi\u00e7o ao inv\u00e9s de focarem demasiadamente em produto. Diria a eles para se especializarem tecnicamente e digitalizarem sua empresa visando a capta\u00e7\u00e3o de novos neg\u00f3cios\u201d.<\/p>\n","protected":false},"excerpt":{"rendered":"<p>Em meio aos esfor\u00e7os de combate \u00e0 epidemia e \u00e0s pol\u00eamicas envolvendo a ades\u00e3o total ou parcial \u00e0 quarentena decretada pelas autoridades de sa\u00fade, o<\/p>\n","protected":false},"author":1,"featured_media":17022,"comment_status":"open","ping_status":"open","sticky":false,"template":"","format":"standard","meta":{"footnotes":""},"categories":[24,3],"tags":[],"class_list":["post-17021","post","type-post","status-publish","format-standard","has-post-thumbnail","hentry","category-smart-home","category-artigos"],"yoast_head":"<!-- This site is optimized with the Yoast SEO plugin v25.7 - https:\/\/yoast.com\/wordpress\/plugins\/seo\/ -->\n<title>Home Theater &amp; Automa\u00e7\u00e3o: como as empresas est\u00e3o reagindo \u00e0 COVID-19 - HT &amp; Casa Digital<\/title>\n<meta name=\"robots\" content=\"index, follow, max-snippet:-1, max-image-preview:large, max-video-preview:-1\" \/>\n<link rel=\"canonical\" href=\"https:\/\/www.hometheater.com.br\/portal\/2020\/04\/16\/home-theater-automacao-como-as-empresas-estao-reagindo-a-covid-19\/\" \/>\n<meta property=\"og:locale\" content=\"pt_BR\" \/>\n<meta property=\"og:type\" content=\"article\" \/>\n<meta property=\"og:title\" content=\"Home Theater &amp; Automa\u00e7\u00e3o: como as empresas est\u00e3o reagindo \u00e0 COVID-19 - HT &amp; Casa Digital\" \/>\n<meta property=\"og:description\" content=\"Em meio aos esfor\u00e7os de combate \u00e0 epidemia e \u00e0s pol\u00eamicas envolvendo a ades\u00e3o total ou parcial \u00e0 quarentena decretada pelas autoridades de sa\u00fade, o\" \/>\n<meta property=\"og:url\" content=\"https:\/\/www.hometheater.com.br\/portal\/2020\/04\/16\/home-theater-automacao-como-as-empresas-estao-reagindo-a-covid-19\/\" \/>\n<meta property=\"og:site_name\" content=\"HT &amp; Casa Digital\" \/>\n<meta property=\"article:publisher\" content=\"https:\/\/web.facebook.com\/revistahometheater\" \/>\n<meta property=\"article:published_time\" content=\"2020-04-17T01:08:53+00:00\" \/>\n<meta property=\"article:modified_time\" content=\"2020-04-27T15:01:48+00:00\" \/>\n<meta property=\"og:image\" content=\"https:\/\/www.hometheater.com.br\/portal\/wp-content\/uploads\/2020\/04\/empresas_covid_1.jpg\" \/>\n\t<meta property=\"og:image:width\" content=\"800\" \/>\n\t<meta property=\"og:image:height\" content=\"422\" \/>\n\t<meta property=\"og:image:type\" content=\"image\/jpeg\" \/>\n<meta name=\"author\" content=\"Revista Home Theater &amp; Casa Digital\" \/>\n<meta name=\"twitter:card\" content=\"summary_large_image\" \/>\n<meta name=\"twitter:creator\" content=\"@hometheaterbr\" \/>\n<meta name=\"twitter:site\" content=\"@hometheaterbr\" \/>\n<meta name=\"twitter:label1\" content=\"Escrito por\" \/>\n\t<meta name=\"twitter:data1\" content=\"Revista Home Theater &amp; Casa Digital\" \/>\n\t<meta name=\"twitter:label2\" content=\"Est. tempo de leitura\" \/>\n\t<meta name=\"twitter:data2\" content=\"14 minutos\" \/>\n<script type=\"application\/ld+json\" class=\"yoast-schema-graph\">{\"@context\":\"https:\/\/schema.org\",\"@graph\":[{\"@type\":\"Article\",\"@id\":\"https:\/\/www.hometheater.com.br\/portal\/2020\/04\/16\/home-theater-automacao-como-as-empresas-estao-reagindo-a-covid-19\/#article\",\"isPartOf\":{\"@id\":\"https:\/\/www.hometheater.com.br\/portal\/2020\/04\/16\/home-theater-automacao-como-as-empresas-estao-reagindo-a-covid-19\/\"},\"author\":{\"name\":\"Revista Home Theater &amp; Casa Digital\",\"@id\":\"https:\/\/www.hometheater.com.br\/portal\/#\/schema\/person\/3b6bd5a9e2a6c4197c7b98dd7a733d22\"},\"headline\":\"Home Theater &#038; Automa\u00e7\u00e3o: como as empresas est\u00e3o reagindo \u00e0 COVID-19\",\"datePublished\":\"2020-04-17T01:08:53+00:00\",\"dateModified\":\"2020-04-27T15:01:48+00:00\",\"mainEntityOfPage\":{\"@id\":\"https:\/\/www.hometheater.com.br\/portal\/2020\/04\/16\/home-theater-automacao-como-as-empresas-estao-reagindo-a-covid-19\/\"},\"wordCount\":2890,\"commentCount\":0,\"publisher\":{\"@id\":\"https:\/\/www.hometheater.com.br\/portal\/#organization\"},\"image\":{\"@id\":\"https:\/\/www.hometheater.com.br\/portal\/2020\/04\/16\/home-theater-automacao-como-as-empresas-estao-reagindo-a-covid-19\/#primaryimage\"},\"thumbnailUrl\":\"https:\/\/www.hometheater.com.br\/portal\/wp-content\/uploads\/2020\/04\/empresas_covid_1.jpg\",\"articleSection\":[\"SMART HOME\",\"TEND\u00caNCIAS\"],\"inLanguage\":\"pt-BR\",\"potentialAction\":[{\"@type\":\"CommentAction\",\"name\":\"Comment\",\"target\":[\"https:\/\/www.hometheater.com.br\/portal\/2020\/04\/16\/home-theater-automacao-como-as-empresas-estao-reagindo-a-covid-19\/#respond\"]}]},{\"@type\":\"WebPage\",\"@id\":\"https:\/\/www.hometheater.com.br\/portal\/2020\/04\/16\/home-theater-automacao-como-as-empresas-estao-reagindo-a-covid-19\/\",\"url\":\"https:\/\/www.hometheater.com.br\/portal\/2020\/04\/16\/home-theater-automacao-como-as-empresas-estao-reagindo-a-covid-19\/\",\"name\":\"Home Theater & Automa\u00e7\u00e3o: como as empresas est\u00e3o reagindo \u00e0 COVID-19 - HT &amp; Casa Digital\",\"isPartOf\":{\"@id\":\"https:\/\/www.hometheater.com.br\/portal\/#website\"},\"primaryImageOfPage\":{\"@id\":\"https:\/\/www.hometheater.com.br\/portal\/2020\/04\/16\/home-theater-automacao-como-as-empresas-estao-reagindo-a-covid-19\/#primaryimage\"},\"image\":{\"@id\":\"https:\/\/www.hometheater.com.br\/portal\/2020\/04\/16\/home-theater-automacao-como-as-empresas-estao-reagindo-a-covid-19\/#primaryimage\"},\"thumbnailUrl\":\"https:\/\/www.hometheater.com.br\/portal\/wp-content\/uploads\/2020\/04\/empresas_covid_1.jpg\",\"datePublished\":\"2020-04-17T01:08:53+00:00\",\"dateModified\":\"2020-04-27T15:01:48+00:00\",\"breadcrumb\":{\"@id\":\"https:\/\/www.hometheater.com.br\/portal\/2020\/04\/16\/home-theater-automacao-como-as-empresas-estao-reagindo-a-covid-19\/#breadcrumb\"},\"inLanguage\":\"pt-BR\",\"potentialAction\":[{\"@type\":\"ReadAction\",\"target\":[\"https:\/\/www.hometheater.com.br\/portal\/2020\/04\/16\/home-theater-automacao-como-as-empresas-estao-reagindo-a-covid-19\/\"]}]},{\"@type\":\"ImageObject\",\"inLanguage\":\"pt-BR\",\"@id\":\"https:\/\/www.hometheater.com.br\/portal\/2020\/04\/16\/home-theater-automacao-como-as-empresas-estao-reagindo-a-covid-19\/#primaryimage\",\"url\":\"https:\/\/www.hometheater.com.br\/portal\/wp-content\/uploads\/2020\/04\/empresas_covid_1.jpg\",\"contentUrl\":\"https:\/\/www.hometheater.com.br\/portal\/wp-content\/uploads\/2020\/04\/empresas_covid_1.jpg\",\"width\":800,\"height\":422},{\"@type\":\"BreadcrumbList\",\"@id\":\"https:\/\/www.hometheater.com.br\/portal\/2020\/04\/16\/home-theater-automacao-como-as-empresas-estao-reagindo-a-covid-19\/#breadcrumb\",\"itemListElement\":[{\"@type\":\"ListItem\",\"position\":1,\"name\":\"In\u00edcio\",\"item\":\"https:\/\/www.hometheater.com.br\/portal\/\"},{\"@type\":\"ListItem\",\"position\":2,\"name\":\"Home Theater &#038; Automa\u00e7\u00e3o: como as empresas est\u00e3o reagindo \u00e0 COVID-19\"}]},{\"@type\":\"WebSite\",\"@id\":\"https:\/\/www.hometheater.com.br\/portal\/#website\",\"url\":\"https:\/\/www.hometheater.com.br\/portal\/\",\"name\":\"HT &amp; Casa Digital\",\"description\":\"O mundo digital em sua casa\",\"publisher\":{\"@id\":\"https:\/\/www.hometheater.com.br\/portal\/#organization\"},\"potentialAction\":[{\"@type\":\"SearchAction\",\"target\":{\"@type\":\"EntryPoint\",\"urlTemplate\":\"https:\/\/www.hometheater.com.br\/portal\/?s={search_term_string}\"},\"query-input\":{\"@type\":\"PropertyValueSpecification\",\"valueRequired\":true,\"valueName\":\"search_term_string\"}}],\"inLanguage\":\"pt-BR\"},{\"@type\":\"Organization\",\"@id\":\"https:\/\/www.hometheater.com.br\/portal\/#organization\",\"name\":\"Home Theater\",\"url\":\"https:\/\/www.hometheater.com.br\/portal\/\",\"logo\":{\"@type\":\"ImageObject\",\"inLanguage\":\"pt-BR\",\"@id\":\"https:\/\/www.hometheater.com.br\/portal\/#\/schema\/logo\/image\/\",\"url\":\"https:\/\/www.hometheater.com.br\/portal\/wp-content\/uploads\/2022\/06\/assine_ht_01.png\",\"contentUrl\":\"https:\/\/www.hometheater.com.br\/portal\/wp-content\/uploads\/2022\/06\/assine_ht_01.png\",\"width\":800,\"height\":254,\"caption\":\"Home Theater\"},\"image\":{\"@id\":\"https:\/\/www.hometheater.com.br\/portal\/#\/schema\/logo\/image\/\"},\"sameAs\":[\"https:\/\/web.facebook.com\/revistahometheater\",\"https:\/\/x.com\/hometheaterbr\"]},{\"@type\":\"Person\",\"@id\":\"https:\/\/www.hometheater.com.br\/portal\/#\/schema\/person\/3b6bd5a9e2a6c4197c7b98dd7a733d22\",\"name\":\"Revista Home Theater &amp; Casa Digital\",\"image\":{\"@type\":\"ImageObject\",\"inLanguage\":\"pt-BR\",\"@id\":\"https:\/\/www.hometheater.com.br\/portal\/#\/schema\/person\/image\/\",\"url\":\"https:\/\/secure.gravatar.com\/avatar\/fd86f33d841f0f43adcc1665dd80ca740e028af4297e20d3444f9335092a6ee7?s=96&d=mm&r=g\",\"contentUrl\":\"https:\/\/secure.gravatar.com\/avatar\/fd86f33d841f0f43adcc1665dd80ca740e028af4297e20d3444f9335092a6ee7?s=96&d=mm&r=g\",\"caption\":\"Revista Home Theater &amp; Casa Digital\"},\"url\":\"https:\/\/www.hometheater.com.br\/portal\/author\/flavio\/\"}]}<\/script>\n<!-- \/ Yoast SEO plugin. -->","yoast_head_json":{"title":"Home Theater & Automa\u00e7\u00e3o: como as empresas est\u00e3o reagindo \u00e0 COVID-19 - HT &amp; Casa Digital","robots":{"index":"index","follow":"follow","max-snippet":"max-snippet:-1","max-image-preview":"max-image-preview:large","max-video-preview":"max-video-preview:-1"},"canonical":"https:\/\/www.hometheater.com.br\/portal\/2020\/04\/16\/home-theater-automacao-como-as-empresas-estao-reagindo-a-covid-19\/","og_locale":"pt_BR","og_type":"article","og_title":"Home Theater & Automa\u00e7\u00e3o: como as empresas est\u00e3o reagindo \u00e0 COVID-19 - HT &amp; Casa Digital","og_description":"Em meio aos esfor\u00e7os de combate \u00e0 epidemia e \u00e0s pol\u00eamicas envolvendo a ades\u00e3o total ou parcial \u00e0 quarentena decretada pelas autoridades de sa\u00fade, o","og_url":"https:\/\/www.hometheater.com.br\/portal\/2020\/04\/16\/home-theater-automacao-como-as-empresas-estao-reagindo-a-covid-19\/","og_site_name":"HT &amp; Casa Digital","article_publisher":"https:\/\/web.facebook.com\/revistahometheater","article_published_time":"2020-04-17T01:08:53+00:00","article_modified_time":"2020-04-27T15:01:48+00:00","og_image":[{"width":800,"height":422,"url":"https:\/\/www.hometheater.com.br\/portal\/wp-content\/uploads\/2020\/04\/empresas_covid_1.jpg","type":"image\/jpeg"}],"author":"Revista Home Theater &amp; Casa Digital","twitter_card":"summary_large_image","twitter_creator":"@hometheaterbr","twitter_site":"@hometheaterbr","twitter_misc":{"Escrito por":"Revista Home Theater &amp; Casa Digital","Est. tempo de leitura":"14 minutos"},"schema":{"@context":"https:\/\/schema.org","@graph":[{"@type":"Article","@id":"https:\/\/www.hometheater.com.br\/portal\/2020\/04\/16\/home-theater-automacao-como-as-empresas-estao-reagindo-a-covid-19\/#article","isPartOf":{"@id":"https:\/\/www.hometheater.com.br\/portal\/2020\/04\/16\/home-theater-automacao-como-as-empresas-estao-reagindo-a-covid-19\/"},"author":{"name":"Revista Home Theater &amp; Casa Digital","@id":"https:\/\/www.hometheater.com.br\/portal\/#\/schema\/person\/3b6bd5a9e2a6c4197c7b98dd7a733d22"},"headline":"Home Theater &#038; Automa\u00e7\u00e3o: como as empresas est\u00e3o reagindo \u00e0 COVID-19","datePublished":"2020-04-17T01:08:53+00:00","dateModified":"2020-04-27T15:01:48+00:00","mainEntityOfPage":{"@id":"https:\/\/www.hometheater.com.br\/portal\/2020\/04\/16\/home-theater-automacao-como-as-empresas-estao-reagindo-a-covid-19\/"},"wordCount":2890,"commentCount":0,"publisher":{"@id":"https:\/\/www.hometheater.com.br\/portal\/#organization"},"image":{"@id":"https:\/\/www.hometheater.com.br\/portal\/2020\/04\/16\/home-theater-automacao-como-as-empresas-estao-reagindo-a-covid-19\/#primaryimage"},"thumbnailUrl":"https:\/\/www.hometheater.com.br\/portal\/wp-content\/uploads\/2020\/04\/empresas_covid_1.jpg","articleSection":["SMART HOME","TEND\u00caNCIAS"],"inLanguage":"pt-BR","potentialAction":[{"@type":"CommentAction","name":"Comment","target":["https:\/\/www.hometheater.com.br\/portal\/2020\/04\/16\/home-theater-automacao-como-as-empresas-estao-reagindo-a-covid-19\/#respond"]}]},{"@type":"WebPage","@id":"https:\/\/www.hometheater.com.br\/portal\/2020\/04\/16\/home-theater-automacao-como-as-empresas-estao-reagindo-a-covid-19\/","url":"https:\/\/www.hometheater.com.br\/portal\/2020\/04\/16\/home-theater-automacao-como-as-empresas-estao-reagindo-a-covid-19\/","name":"Home Theater & Automa\u00e7\u00e3o: como as empresas est\u00e3o reagindo \u00e0 COVID-19 - HT &amp; Casa Digital","isPartOf":{"@id":"https:\/\/www.hometheater.com.br\/portal\/#website"},"primaryImageOfPage":{"@id":"https:\/\/www.hometheater.com.br\/portal\/2020\/04\/16\/home-theater-automacao-como-as-empresas-estao-reagindo-a-covid-19\/#primaryimage"},"image":{"@id":"https:\/\/www.hometheater.com.br\/portal\/2020\/04\/16\/home-theater-automacao-como-as-empresas-estao-reagindo-a-covid-19\/#primaryimage"},"thumbnailUrl":"https:\/\/www.hometheater.com.br\/portal\/wp-content\/uploads\/2020\/04\/empresas_covid_1.jpg","datePublished":"2020-04-17T01:08:53+00:00","dateModified":"2020-04-27T15:01:48+00:00","breadcrumb":{"@id":"https:\/\/www.hometheater.com.br\/portal\/2020\/04\/16\/home-theater-automacao-como-as-empresas-estao-reagindo-a-covid-19\/#breadcrumb"},"inLanguage":"pt-BR","potentialAction":[{"@type":"ReadAction","target":["https:\/\/www.hometheater.com.br\/portal\/2020\/04\/16\/home-theater-automacao-como-as-empresas-estao-reagindo-a-covid-19\/"]}]},{"@type":"ImageObject","inLanguage":"pt-BR","@id":"https:\/\/www.hometheater.com.br\/portal\/2020\/04\/16\/home-theater-automacao-como-as-empresas-estao-reagindo-a-covid-19\/#primaryimage","url":"https:\/\/www.hometheater.com.br\/portal\/wp-content\/uploads\/2020\/04\/empresas_covid_1.jpg","contentUrl":"https:\/\/www.hometheater.com.br\/portal\/wp-content\/uploads\/2020\/04\/empresas_covid_1.jpg","width":800,"height":422},{"@type":"BreadcrumbList","@id":"https:\/\/www.hometheater.com.br\/portal\/2020\/04\/16\/home-theater-automacao-como-as-empresas-estao-reagindo-a-covid-19\/#breadcrumb","itemListElement":[{"@type":"ListItem","position":1,"name":"In\u00edcio","item":"https:\/\/www.hometheater.com.br\/portal\/"},{"@type":"ListItem","position":2,"name":"Home Theater &#038; Automa\u00e7\u00e3o: como as empresas est\u00e3o reagindo \u00e0 COVID-19"}]},{"@type":"WebSite","@id":"https:\/\/www.hometheater.com.br\/portal\/#website","url":"https:\/\/www.hometheater.com.br\/portal\/","name":"HT &amp; Casa Digital","description":"O mundo digital em sua casa","publisher":{"@id":"https:\/\/www.hometheater.com.br\/portal\/#organization"},"potentialAction":[{"@type":"SearchAction","target":{"@type":"EntryPoint","urlTemplate":"https:\/\/www.hometheater.com.br\/portal\/?s={search_term_string}"},"query-input":{"@type":"PropertyValueSpecification","valueRequired":true,"valueName":"search_term_string"}}],"inLanguage":"pt-BR"},{"@type":"Organization","@id":"https:\/\/www.hometheater.com.br\/portal\/#organization","name":"Home Theater","url":"https:\/\/www.hometheater.com.br\/portal\/","logo":{"@type":"ImageObject","inLanguage":"pt-BR","@id":"https:\/\/www.hometheater.com.br\/portal\/#\/schema\/logo\/image\/","url":"https:\/\/www.hometheater.com.br\/portal\/wp-content\/uploads\/2022\/06\/assine_ht_01.png","contentUrl":"https:\/\/www.hometheater.com.br\/portal\/wp-content\/uploads\/2022\/06\/assine_ht_01.png","width":800,"height":254,"caption":"Home Theater"},"image":{"@id":"https:\/\/www.hometheater.com.br\/portal\/#\/schema\/logo\/image\/"},"sameAs":["https:\/\/web.facebook.com\/revistahometheater","https:\/\/x.com\/hometheaterbr"]},{"@type":"Person","@id":"https:\/\/www.hometheater.com.br\/portal\/#\/schema\/person\/3b6bd5a9e2a6c4197c7b98dd7a733d22","name":"Revista Home Theater &amp; Casa Digital","image":{"@type":"ImageObject","inLanguage":"pt-BR","@id":"https:\/\/www.hometheater.com.br\/portal\/#\/schema\/person\/image\/","url":"https:\/\/secure.gravatar.com\/avatar\/fd86f33d841f0f43adcc1665dd80ca740e028af4297e20d3444f9335092a6ee7?s=96&d=mm&r=g","contentUrl":"https:\/\/secure.gravatar.com\/avatar\/fd86f33d841f0f43adcc1665dd80ca740e028af4297e20d3444f9335092a6ee7?s=96&d=mm&r=g","caption":"Revista Home Theater &amp; Casa Digital"},"url":"https:\/\/www.hometheater.com.br\/portal\/author\/flavio\/"}]}},"_links":{"self":[{"href":"https:\/\/www.hometheater.com.br\/portal\/wp-json\/wp\/v2\/posts\/17021","targetHints":{"allow":["GET"]}}],"collection":[{"href":"https:\/\/www.hometheater.com.br\/portal\/wp-json\/wp\/v2\/posts"}],"about":[{"href":"https:\/\/www.hometheater.com.br\/portal\/wp-json\/wp\/v2\/types\/post"}],"author":[{"embeddable":true,"href":"https:\/\/www.hometheater.com.br\/portal\/wp-json\/wp\/v2\/users\/1"}],"replies":[{"embeddable":true,"href":"https:\/\/www.hometheater.com.br\/portal\/wp-json\/wp\/v2\/comments?post=17021"}],"version-history":[{"count":0,"href":"https:\/\/www.hometheater.com.br\/portal\/wp-json\/wp\/v2\/posts\/17021\/revisions"}],"wp:featuredmedia":[{"embeddable":true,"href":"https:\/\/www.hometheater.com.br\/portal\/wp-json\/wp\/v2\/media\/17022"}],"wp:attachment":[{"href":"https:\/\/www.hometheater.com.br\/portal\/wp-json\/wp\/v2\/media?parent=17021"}],"wp:term":[{"taxonomy":"category","embeddable":true,"href":"https:\/\/www.hometheater.com.br\/portal\/wp-json\/wp\/v2\/categories?post=17021"},{"taxonomy":"post_tag","embeddable":true,"href":"https:\/\/www.hometheater.com.br\/portal\/wp-json\/wp\/v2\/tags?post=17021"}],"curies":[{"name":"wp","href":"https:\/\/api.w.org\/{rel}","templated":true}]}}