{"id":15050,"date":"2020-02-13T17:22:57","date_gmt":"2020-02-13T19:22:57","guid":{"rendered":"https:\/\/www.hometheater.com.br\/portal\/?p=15050"},"modified":"2020-02-13T17:27:06","modified_gmt":"2020-02-13T19:27:06","slug":"empresa-nacional-desenvolve-caixas-sem-fio-ate-para-jardim","status":"publish","type":"post","link":"https:\/\/www.hometheater.com.br\/portal\/2020\/02\/13\/empresa-nacional-desenvolve-caixas-sem-fio-ate-para-jardim\/","title":{"rendered":"Empresa nacional desenvolve caixas sem fio at\u00e9 para jardim"},"content":{"rendered":"<p><img loading=\"lazy\" decoding=\"async\" class=\"aligncenter size-full wp-image-15051\" src=\"https:\/\/www.hometheater.com.br\/portal\/wp-content\/uploads\/2020\/02\/msaudio1.jpg\" alt=\"\" width=\"800\" height=\"477\" srcset=\"https:\/\/www.hometheater.com.br\/portal\/wp-content\/uploads\/2020\/02\/msaudio1.jpg 800w, https:\/\/www.hometheater.com.br\/portal\/wp-content\/uploads\/2020\/02\/msaudio1-400x239.jpg 400w, https:\/\/www.hometheater.com.br\/portal\/wp-content\/uploads\/2020\/02\/msaudio1-500x298.jpg 500w, https:\/\/www.hometheater.com.br\/portal\/wp-content\/uploads\/2020\/02\/msaudio1-300x179.jpg 300w, https:\/\/www.hometheater.com.br\/portal\/wp-content\/uploads\/2020\/02\/msaudio1-768x458.jpg 768w, https:\/\/www.hometheater.com.br\/portal\/wp-content\/uploads\/2020\/02\/msaudio1-600x358.jpg 600w\" sizes=\"auto, (max-width: 800px) 100vw, 800px\" \/><\/p>\n<p>Sistemas de \u00e1udio com caixas ac\u00fasticas sem fio agora j\u00e1 podem ser usados em ambientes externos. \u00c9 o que promete a MS \u00c1udio Brazil, fabricante e distribuidora de equipamentos para som ambiente com sede em Indaiatuba, interior de S\u00e3o Paulo.<\/p>\n<p>Al\u00e9m de amplificadores compactos e caixas para instala\u00e7\u00e3o no teto, a marca vem se destacando por solu\u00e7\u00f5es em caixas outdoor de jardim dos tipos passiva e ativa com conectividade Bluetooth.<\/p><div class=\"homet-conteudo\" style=\"text-align: center;\" id=\"homet-3806574143\"><div data-cfpa=\"36066\" data-cfpw=\"36066\" id=\"homet-1940479419\"><a data-no-instant=\"1\" href=\"https:\/\/loja.sommaior.com.br\/\" rel=\"noopener\" class=\"a2t-link\" aria-label=\"ABBEY-ROAD_360x300px\"><img loading=\"lazy\" decoding=\"async\" src=\"https:\/\/www.hometheater.com.br\/portal\/wp-content\/uploads\/2025\/10\/ABBEY-ROAD_360x300px.jpg\" alt=\"\"  class=\"no-lazyload\" width=\"300\" height=\"250\"   \/><\/a><\/div><script type=\"text\/javascript\">;new advadsCfpAd( 36066 );<\/script><\/div>\n<p>As caixas Diamond, Garden e Garden Mini em suas vers\u00f5es ativas s\u00e3o oferecidas com amplificador e receptor Bluetooth (vers\u00e3o 5.0) integrados. Com isso, permitem a conex\u00e3o ao mesmo modelo de caixa, por\u00e9m passivo, para a forma\u00e7\u00e3o de um par est\u00e9reo sem a necessidade de perif\u00e9ricos.<\/p>\n<p><img loading=\"lazy\" decoding=\"async\" class=\"aligncenter size-full wp-image-15052\" src=\"https:\/\/www.hometheater.com.br\/portal\/wp-content\/uploads\/2020\/02\/garden_mini.jpg\" alt=\"\" width=\"700\" height=\"357\" srcset=\"https:\/\/www.hometheater.com.br\/portal\/wp-content\/uploads\/2020\/02\/garden_mini.jpg 700w, https:\/\/www.hometheater.com.br\/portal\/wp-content\/uploads\/2020\/02\/garden_mini-400x204.jpg 400w, https:\/\/www.hometheater.com.br\/portal\/wp-content\/uploads\/2020\/02\/garden_mini-500x255.jpg 500w, https:\/\/www.hometheater.com.br\/portal\/wp-content\/uploads\/2020\/02\/garden_mini-300x153.jpg 300w, https:\/\/www.hometheater.com.br\/portal\/wp-content\/uploads\/2020\/02\/garden_mini-600x306.jpg 600w\" sizes=\"auto, (max-width: 700px) 100vw, 700px\" \/><\/p>\n<p>Com exce\u00e7\u00e3o da caixa Diamond de radia\u00e7\u00e3o direta e 120W, a Garden (160W) e a Garden Mini (120W) devem funcionar parcialmente sob o solo, para dispersar som em 360\u00ba, atrav\u00e9s de um woofer de 6\u201d e 5\u201d respectivamente.<\/p>\n<p>O mesmo acontece com o Subwoofer Garden, tamb\u00e9m omnidirecional, capaz de refor\u00e7ar os graves na \u00e1rea externa com pot\u00eancia m\u00e1xima de 300W. Ainda segundo a empresa, as caixas possuem gabinete projetado em polietileno resistente \u00e0 chuva, maresia e ao calor intenso (IP66).<\/p>\n<p>As caixas da MS \u00c1udio Brazil trazem componentes com garantia de um ano e gabinete garantido por cinco anos.<\/p>\n<p><strong>FONTE:<\/strong> revista HOME THEATER &amp; CASA DIGITAL \/ <strong><a href=\"https:\/\/msaudiobrazil.com.br\/\">MS \u00c1udio Brazil<\/a><\/strong><\/p>\n<p><strong>Textos relacionados:<\/strong><\/p>\n<p><strong><a href=\"https:\/\/www.hometheater.com.br\/portal\/2019\/10\/11\/produzida-no-brasil-caixa-para-jardim-da-magna-dispersa-som-em-360o\/\">Produzida no Brasil, caixa para jardim da Magna dispersa som em 360\u00ba<\/a><\/strong><\/p>\n<p><strong><a href=\"https:\/\/www.hometheater.com.br\/portal\/2019\/11\/01\/sonance-oferece-kit-outdoor-com-amplificador-caixas-e-sub-de-jardim\/\">Sonance oferece kit outdoor com amplificador, caixas e sub de jardim<\/a><\/strong><\/p>\n<p><strong><a href=\"https:\/\/www.hometheater.com.br\/portal\/2019\/07\/24\/caixas-de-jardim-origin-acoustics-se-integram-a-paisagem\/\">Caixas de jardim Origin Acoustics se integram \u00e0 paisagem<\/a><\/strong><\/p>\n<p><strong><a href=\"https:\/\/www.hometheater.com.br\/portal\/2019\/09\/26\/aat-desenvolve-caixa-a-prova-dagua-para-uso-externo\/\">AAT desenvolve caixa \u00e0 prova d\u00b4\u00e1gua para uso externo<\/a><\/strong><\/p>\n","protected":false},"excerpt":{"rendered":"<p>Sistemas de \u00e1udio com caixas ac\u00fasticas sem fio agora j\u00e1 podem ser usados em ambientes externos. \u00c9 o que promete a MS \u00c1udio Brazil, fabricante<\/p>\n","protected":false},"author":1,"featured_media":15053,"comment_status":"open","ping_status":"open","sticky":false,"template":"","format":"standard","meta":{"footnotes":""},"categories":[4],"tags":[],"class_list":["post-15050","post","type-post","status-publish","format-standard","has-post-thumbnail","hentry","category-noticias"],"yoast_head":"<!-- This site is optimized with the Yoast SEO plugin v25.7 - https:\/\/yoast.com\/wordpress\/plugins\/seo\/ -->\n<title>Empresa nacional desenvolve caixas sem fio at\u00e9 para jardim - HT &amp; Casa Digital<\/title>\n<meta name=\"robots\" content=\"index, follow, max-snippet:-1, max-image-preview:large, max-video-preview:-1\" \/>\n<link rel=\"canonical\" href=\"https:\/\/www.hometheater.com.br\/portal\/2020\/02\/13\/empresa-nacional-desenvolve-caixas-sem-fio-ate-para-jardim\/\" \/>\n<meta property=\"og:locale\" content=\"pt_BR\" \/>\n<meta property=\"og:type\" content=\"article\" \/>\n<meta property=\"og:title\" content=\"Empresa nacional desenvolve caixas sem fio at\u00e9 para jardim - HT &amp; Casa Digital\" \/>\n<meta property=\"og:description\" content=\"Sistemas de \u00e1udio com caixas ac\u00fasticas sem fio agora j\u00e1 podem ser usados em ambientes externos. \u00c9 o que promete a MS \u00c1udio Brazil, fabricante\" \/>\n<meta property=\"og:url\" content=\"https:\/\/www.hometheater.com.br\/portal\/2020\/02\/13\/empresa-nacional-desenvolve-caixas-sem-fio-ate-para-jardim\/\" \/>\n<meta property=\"og:site_name\" content=\"HT &amp; Casa Digital\" \/>\n<meta property=\"article:publisher\" content=\"https:\/\/web.facebook.com\/revistahometheater\" \/>\n<meta property=\"article:published_time\" content=\"2020-02-13T19:22:57+00:00\" \/>\n<meta property=\"article:modified_time\" content=\"2020-02-13T19:27:06+00:00\" \/>\n<meta property=\"og:image\" content=\"https:\/\/www.hometheater.com.br\/portal\/wp-content\/uploads\/2020\/02\/msaudio2.jpg\" \/>\n\t<meta property=\"og:image:width\" content=\"450\" \/>\n\t<meta property=\"og:image:height\" content=\"300\" \/>\n\t<meta property=\"og:image:type\" content=\"image\/jpeg\" \/>\n<meta name=\"author\" content=\"Revista Home Theater &amp; Casa Digital\" \/>\n<meta name=\"twitter:card\" content=\"summary_large_image\" \/>\n<meta name=\"twitter:creator\" content=\"@hometheaterbr\" \/>\n<meta name=\"twitter:site\" content=\"@hometheaterbr\" \/>\n<meta name=\"twitter:label1\" content=\"Escrito por\" \/>\n\t<meta name=\"twitter:data1\" content=\"Revista Home Theater &amp; Casa Digital\" \/>\n\t<meta name=\"twitter:label2\" content=\"Est. tempo de leitura\" \/>\n\t<meta name=\"twitter:data2\" content=\"1 minuto\" \/>\n<script type=\"application\/ld+json\" class=\"yoast-schema-graph\">{\"@context\":\"https:\/\/schema.org\",\"@graph\":[{\"@type\":\"Article\",\"@id\":\"https:\/\/www.hometheater.com.br\/portal\/2020\/02\/13\/empresa-nacional-desenvolve-caixas-sem-fio-ate-para-jardim\/#article\",\"isPartOf\":{\"@id\":\"https:\/\/www.hometheater.com.br\/portal\/2020\/02\/13\/empresa-nacional-desenvolve-caixas-sem-fio-ate-para-jardim\/\"},\"author\":{\"name\":\"Revista Home Theater &amp; Casa Digital\",\"@id\":\"https:\/\/www.hometheater.com.br\/portal\/#\/schema\/person\/3b6bd5a9e2a6c4197c7b98dd7a733d22\"},\"headline\":\"Empresa nacional desenvolve caixas sem fio at\u00e9 para jardim\",\"datePublished\":\"2020-02-13T19:22:57+00:00\",\"dateModified\":\"2020-02-13T19:27:06+00:00\",\"mainEntityOfPage\":{\"@id\":\"https:\/\/www.hometheater.com.br\/portal\/2020\/02\/13\/empresa-nacional-desenvolve-caixas-sem-fio-ate-para-jardim\/\"},\"wordCount\":288,\"commentCount\":0,\"publisher\":{\"@id\":\"https:\/\/www.hometheater.com.br\/portal\/#organization\"},\"image\":{\"@id\":\"https:\/\/www.hometheater.com.br\/portal\/2020\/02\/13\/empresa-nacional-desenvolve-caixas-sem-fio-ate-para-jardim\/#primaryimage\"},\"thumbnailUrl\":\"https:\/\/www.hometheater.com.br\/portal\/wp-content\/uploads\/2020\/02\/msaudio2.jpg\",\"articleSection\":[\"NOT\u00cdCIAS\"],\"inLanguage\":\"pt-BR\",\"potentialAction\":[{\"@type\":\"CommentAction\",\"name\":\"Comment\",\"target\":[\"https:\/\/www.hometheater.com.br\/portal\/2020\/02\/13\/empresa-nacional-desenvolve-caixas-sem-fio-ate-para-jardim\/#respond\"]}]},{\"@type\":\"WebPage\",\"@id\":\"https:\/\/www.hometheater.com.br\/portal\/2020\/02\/13\/empresa-nacional-desenvolve-caixas-sem-fio-ate-para-jardim\/\",\"url\":\"https:\/\/www.hometheater.com.br\/portal\/2020\/02\/13\/empresa-nacional-desenvolve-caixas-sem-fio-ate-para-jardim\/\",\"name\":\"Empresa nacional desenvolve caixas sem fio at\u00e9 para jardim - HT &amp; Casa Digital\",\"isPartOf\":{\"@id\":\"https:\/\/www.hometheater.com.br\/portal\/#website\"},\"primaryImageOfPage\":{\"@id\":\"https:\/\/www.hometheater.com.br\/portal\/2020\/02\/13\/empresa-nacional-desenvolve-caixas-sem-fio-ate-para-jardim\/#primaryimage\"},\"image\":{\"@id\":\"https:\/\/www.hometheater.com.br\/portal\/2020\/02\/13\/empresa-nacional-desenvolve-caixas-sem-fio-ate-para-jardim\/#primaryimage\"},\"thumbnailUrl\":\"https:\/\/www.hometheater.com.br\/portal\/wp-content\/uploads\/2020\/02\/msaudio2.jpg\",\"datePublished\":\"2020-02-13T19:22:57+00:00\",\"dateModified\":\"2020-02-13T19:27:06+00:00\",\"breadcrumb\":{\"@id\":\"https:\/\/www.hometheater.com.br\/portal\/2020\/02\/13\/empresa-nacional-desenvolve-caixas-sem-fio-ate-para-jardim\/#breadcrumb\"},\"inLanguage\":\"pt-BR\",\"potentialAction\":[{\"@type\":\"ReadAction\",\"target\":[\"https:\/\/www.hometheater.com.br\/portal\/2020\/02\/13\/empresa-nacional-desenvolve-caixas-sem-fio-ate-para-jardim\/\"]}]},{\"@type\":\"ImageObject\",\"inLanguage\":\"pt-BR\",\"@id\":\"https:\/\/www.hometheater.com.br\/portal\/2020\/02\/13\/empresa-nacional-desenvolve-caixas-sem-fio-ate-para-jardim\/#primaryimage\",\"url\":\"https:\/\/www.hometheater.com.br\/portal\/wp-content\/uploads\/2020\/02\/msaudio2.jpg\",\"contentUrl\":\"https:\/\/www.hometheater.com.br\/portal\/wp-content\/uploads\/2020\/02\/msaudio2.jpg\",\"width\":450,\"height\":300},{\"@type\":\"BreadcrumbList\",\"@id\":\"https:\/\/www.hometheater.com.br\/portal\/2020\/02\/13\/empresa-nacional-desenvolve-caixas-sem-fio-ate-para-jardim\/#breadcrumb\",\"itemListElement\":[{\"@type\":\"ListItem\",\"position\":1,\"name\":\"In\u00edcio\",\"item\":\"https:\/\/www.hometheater.com.br\/portal\/\"},{\"@type\":\"ListItem\",\"position\":2,\"name\":\"Empresa nacional desenvolve caixas sem fio at\u00e9 para jardim\"}]},{\"@type\":\"WebSite\",\"@id\":\"https:\/\/www.hometheater.com.br\/portal\/#website\",\"url\":\"https:\/\/www.hometheater.com.br\/portal\/\",\"name\":\"HT &amp; Casa Digital\",\"description\":\"O mundo digital em sua casa\",\"publisher\":{\"@id\":\"https:\/\/www.hometheater.com.br\/portal\/#organization\"},\"potentialAction\":[{\"@type\":\"SearchAction\",\"target\":{\"@type\":\"EntryPoint\",\"urlTemplate\":\"https:\/\/www.hometheater.com.br\/portal\/?s={search_term_string}\"},\"query-input\":{\"@type\":\"PropertyValueSpecification\",\"valueRequired\":true,\"valueName\":\"search_term_string\"}}],\"inLanguage\":\"pt-BR\"},{\"@type\":\"Organization\",\"@id\":\"https:\/\/www.hometheater.com.br\/portal\/#organization\",\"name\":\"Home Theater\",\"url\":\"https:\/\/www.hometheater.com.br\/portal\/\",\"logo\":{\"@type\":\"ImageObject\",\"inLanguage\":\"pt-BR\",\"@id\":\"https:\/\/www.hometheater.com.br\/portal\/#\/schema\/logo\/image\/\",\"url\":\"https:\/\/www.hometheater.com.br\/portal\/wp-content\/uploads\/2022\/06\/assine_ht_01.png\",\"contentUrl\":\"https:\/\/www.hometheater.com.br\/portal\/wp-content\/uploads\/2022\/06\/assine_ht_01.png\",\"width\":800,\"height\":254,\"caption\":\"Home Theater\"},\"image\":{\"@id\":\"https:\/\/www.hometheater.com.br\/portal\/#\/schema\/logo\/image\/\"},\"sameAs\":[\"https:\/\/web.facebook.com\/revistahometheater\",\"https:\/\/x.com\/hometheaterbr\"]},{\"@type\":\"Person\",\"@id\":\"https:\/\/www.hometheater.com.br\/portal\/#\/schema\/person\/3b6bd5a9e2a6c4197c7b98dd7a733d22\",\"name\":\"Revista Home Theater &amp; Casa Digital\",\"image\":{\"@type\":\"ImageObject\",\"inLanguage\":\"pt-BR\",\"@id\":\"https:\/\/www.hometheater.com.br\/portal\/#\/schema\/person\/image\/\",\"url\":\"https:\/\/secure.gravatar.com\/avatar\/fd86f33d841f0f43adcc1665dd80ca740e028af4297e20d3444f9335092a6ee7?s=96&d=mm&r=g\",\"contentUrl\":\"https:\/\/secure.gravatar.com\/avatar\/fd86f33d841f0f43adcc1665dd80ca740e028af4297e20d3444f9335092a6ee7?s=96&d=mm&r=g\",\"caption\":\"Revista Home Theater &amp; Casa Digital\"},\"url\":\"https:\/\/www.hometheater.com.br\/portal\/author\/flavio\/\"}]}<\/script>\n<!-- \/ Yoast SEO plugin. -->","yoast_head_json":{"title":"Empresa nacional desenvolve caixas sem fio at\u00e9 para jardim - HT &amp; Casa Digital","robots":{"index":"index","follow":"follow","max-snippet":"max-snippet:-1","max-image-preview":"max-image-preview:large","max-video-preview":"max-video-preview:-1"},"canonical":"https:\/\/www.hometheater.com.br\/portal\/2020\/02\/13\/empresa-nacional-desenvolve-caixas-sem-fio-ate-para-jardim\/","og_locale":"pt_BR","og_type":"article","og_title":"Empresa nacional desenvolve caixas sem fio at\u00e9 para jardim - HT &amp; Casa Digital","og_description":"Sistemas de \u00e1udio com caixas ac\u00fasticas sem fio agora j\u00e1 podem ser usados em ambientes externos. \u00c9 o que promete a MS \u00c1udio Brazil, fabricante","og_url":"https:\/\/www.hometheater.com.br\/portal\/2020\/02\/13\/empresa-nacional-desenvolve-caixas-sem-fio-ate-para-jardim\/","og_site_name":"HT &amp; Casa Digital","article_publisher":"https:\/\/web.facebook.com\/revistahometheater","article_published_time":"2020-02-13T19:22:57+00:00","article_modified_time":"2020-02-13T19:27:06+00:00","og_image":[{"width":450,"height":300,"url":"https:\/\/www.hometheater.com.br\/portal\/wp-content\/uploads\/2020\/02\/msaudio2.jpg","type":"image\/jpeg"}],"author":"Revista Home Theater &amp; Casa Digital","twitter_card":"summary_large_image","twitter_creator":"@hometheaterbr","twitter_site":"@hometheaterbr","twitter_misc":{"Escrito por":"Revista Home Theater &amp; Casa Digital","Est. tempo de leitura":"1 minuto"},"schema":{"@context":"https:\/\/schema.org","@graph":[{"@type":"Article","@id":"https:\/\/www.hometheater.com.br\/portal\/2020\/02\/13\/empresa-nacional-desenvolve-caixas-sem-fio-ate-para-jardim\/#article","isPartOf":{"@id":"https:\/\/www.hometheater.com.br\/portal\/2020\/02\/13\/empresa-nacional-desenvolve-caixas-sem-fio-ate-para-jardim\/"},"author":{"name":"Revista Home Theater &amp; Casa Digital","@id":"https:\/\/www.hometheater.com.br\/portal\/#\/schema\/person\/3b6bd5a9e2a6c4197c7b98dd7a733d22"},"headline":"Empresa nacional desenvolve caixas sem fio at\u00e9 para jardim","datePublished":"2020-02-13T19:22:57+00:00","dateModified":"2020-02-13T19:27:06+00:00","mainEntityOfPage":{"@id":"https:\/\/www.hometheater.com.br\/portal\/2020\/02\/13\/empresa-nacional-desenvolve-caixas-sem-fio-ate-para-jardim\/"},"wordCount":288,"commentCount":0,"publisher":{"@id":"https:\/\/www.hometheater.com.br\/portal\/#organization"},"image":{"@id":"https:\/\/www.hometheater.com.br\/portal\/2020\/02\/13\/empresa-nacional-desenvolve-caixas-sem-fio-ate-para-jardim\/#primaryimage"},"thumbnailUrl":"https:\/\/www.hometheater.com.br\/portal\/wp-content\/uploads\/2020\/02\/msaudio2.jpg","articleSection":["NOT\u00cdCIAS"],"inLanguage":"pt-BR","potentialAction":[{"@type":"CommentAction","name":"Comment","target":["https:\/\/www.hometheater.com.br\/portal\/2020\/02\/13\/empresa-nacional-desenvolve-caixas-sem-fio-ate-para-jardim\/#respond"]}]},{"@type":"WebPage","@id":"https:\/\/www.hometheater.com.br\/portal\/2020\/02\/13\/empresa-nacional-desenvolve-caixas-sem-fio-ate-para-jardim\/","url":"https:\/\/www.hometheater.com.br\/portal\/2020\/02\/13\/empresa-nacional-desenvolve-caixas-sem-fio-ate-para-jardim\/","name":"Empresa nacional desenvolve caixas sem fio at\u00e9 para jardim - HT &amp; Casa Digital","isPartOf":{"@id":"https:\/\/www.hometheater.com.br\/portal\/#website"},"primaryImageOfPage":{"@id":"https:\/\/www.hometheater.com.br\/portal\/2020\/02\/13\/empresa-nacional-desenvolve-caixas-sem-fio-ate-para-jardim\/#primaryimage"},"image":{"@id":"https:\/\/www.hometheater.com.br\/portal\/2020\/02\/13\/empresa-nacional-desenvolve-caixas-sem-fio-ate-para-jardim\/#primaryimage"},"thumbnailUrl":"https:\/\/www.hometheater.com.br\/portal\/wp-content\/uploads\/2020\/02\/msaudio2.jpg","datePublished":"2020-02-13T19:22:57+00:00","dateModified":"2020-02-13T19:27:06+00:00","breadcrumb":{"@id":"https:\/\/www.hometheater.com.br\/portal\/2020\/02\/13\/empresa-nacional-desenvolve-caixas-sem-fio-ate-para-jardim\/#breadcrumb"},"inLanguage":"pt-BR","potentialAction":[{"@type":"ReadAction","target":["https:\/\/www.hometheater.com.br\/portal\/2020\/02\/13\/empresa-nacional-desenvolve-caixas-sem-fio-ate-para-jardim\/"]}]},{"@type":"ImageObject","inLanguage":"pt-BR","@id":"https:\/\/www.hometheater.com.br\/portal\/2020\/02\/13\/empresa-nacional-desenvolve-caixas-sem-fio-ate-para-jardim\/#primaryimage","url":"https:\/\/www.hometheater.com.br\/portal\/wp-content\/uploads\/2020\/02\/msaudio2.jpg","contentUrl":"https:\/\/www.hometheater.com.br\/portal\/wp-content\/uploads\/2020\/02\/msaudio2.jpg","width":450,"height":300},{"@type":"BreadcrumbList","@id":"https:\/\/www.hometheater.com.br\/portal\/2020\/02\/13\/empresa-nacional-desenvolve-caixas-sem-fio-ate-para-jardim\/#breadcrumb","itemListElement":[{"@type":"ListItem","position":1,"name":"In\u00edcio","item":"https:\/\/www.hometheater.com.br\/portal\/"},{"@type":"ListItem","position":2,"name":"Empresa nacional desenvolve caixas sem fio at\u00e9 para jardim"}]},{"@type":"WebSite","@id":"https:\/\/www.hometheater.com.br\/portal\/#website","url":"https:\/\/www.hometheater.com.br\/portal\/","name":"HT &amp; Casa Digital","description":"O mundo digital em sua casa","publisher":{"@id":"https:\/\/www.hometheater.com.br\/portal\/#organization"},"potentialAction":[{"@type":"SearchAction","target":{"@type":"EntryPoint","urlTemplate":"https:\/\/www.hometheater.com.br\/portal\/?s={search_term_string}"},"query-input":{"@type":"PropertyValueSpecification","valueRequired":true,"valueName":"search_term_string"}}],"inLanguage":"pt-BR"},{"@type":"Organization","@id":"https:\/\/www.hometheater.com.br\/portal\/#organization","name":"Home Theater","url":"https:\/\/www.hometheater.com.br\/portal\/","logo":{"@type":"ImageObject","inLanguage":"pt-BR","@id":"https:\/\/www.hometheater.com.br\/portal\/#\/schema\/logo\/image\/","url":"https:\/\/www.hometheater.com.br\/portal\/wp-content\/uploads\/2022\/06\/assine_ht_01.png","contentUrl":"https:\/\/www.hometheater.com.br\/portal\/wp-content\/uploads\/2022\/06\/assine_ht_01.png","width":800,"height":254,"caption":"Home Theater"},"image":{"@id":"https:\/\/www.hometheater.com.br\/portal\/#\/schema\/logo\/image\/"},"sameAs":["https:\/\/web.facebook.com\/revistahometheater","https:\/\/x.com\/hometheaterbr"]},{"@type":"Person","@id":"https:\/\/www.hometheater.com.br\/portal\/#\/schema\/person\/3b6bd5a9e2a6c4197c7b98dd7a733d22","name":"Revista Home Theater &amp; Casa Digital","image":{"@type":"ImageObject","inLanguage":"pt-BR","@id":"https:\/\/www.hometheater.com.br\/portal\/#\/schema\/person\/image\/","url":"https:\/\/secure.gravatar.com\/avatar\/fd86f33d841f0f43adcc1665dd80ca740e028af4297e20d3444f9335092a6ee7?s=96&d=mm&r=g","contentUrl":"https:\/\/secure.gravatar.com\/avatar\/fd86f33d841f0f43adcc1665dd80ca740e028af4297e20d3444f9335092a6ee7?s=96&d=mm&r=g","caption":"Revista Home Theater &amp; Casa Digital"},"url":"https:\/\/www.hometheater.com.br\/portal\/author\/flavio\/"}]}},"_links":{"self":[{"href":"https:\/\/www.hometheater.com.br\/portal\/wp-json\/wp\/v2\/posts\/15050","targetHints":{"allow":["GET"]}}],"collection":[{"href":"https:\/\/www.hometheater.com.br\/portal\/wp-json\/wp\/v2\/posts"}],"about":[{"href":"https:\/\/www.hometheater.com.br\/portal\/wp-json\/wp\/v2\/types\/post"}],"author":[{"embeddable":true,"href":"https:\/\/www.hometheater.com.br\/portal\/wp-json\/wp\/v2\/users\/1"}],"replies":[{"embeddable":true,"href":"https:\/\/www.hometheater.com.br\/portal\/wp-json\/wp\/v2\/comments?post=15050"}],"version-history":[{"count":0,"href":"https:\/\/www.hometheater.com.br\/portal\/wp-json\/wp\/v2\/posts\/15050\/revisions"}],"wp:featuredmedia":[{"embeddable":true,"href":"https:\/\/www.hometheater.com.br\/portal\/wp-json\/wp\/v2\/media\/15053"}],"wp:attachment":[{"href":"https:\/\/www.hometheater.com.br\/portal\/wp-json\/wp\/v2\/media?parent=15050"}],"wp:term":[{"taxonomy":"category","embeddable":true,"href":"https:\/\/www.hometheater.com.br\/portal\/wp-json\/wp\/v2\/categories?post=15050"},{"taxonomy":"post_tag","embeddable":true,"href":"https:\/\/www.hometheater.com.br\/portal\/wp-json\/wp\/v2\/tags?post=15050"}],"curies":[{"name":"wp","href":"https:\/\/api.w.org\/{rel}","templated":true}]}}