{"id":14564,"date":"2020-01-19T10:58:43","date_gmt":"2020-01-19T12:58:43","guid":{"rendered":"https:\/\/www.hometheater.com.br\/portal\/?p=14564"},"modified":"2020-02-05T17:27:44","modified_gmt":"2020-02-05T19:27:44","slug":"infocomm-brasil-abre-inscricoes-para-feira-e-eventos-tecnicos","status":"publish","type":"post","link":"https:\/\/www.hometheater.com.br\/portal\/2020\/01\/19\/infocomm-brasil-abre-inscricoes-para-feira-e-eventos-tecnicos\/","title":{"rendered":"InfoComm Brasil abre inscri\u00e7\u00f5es para Feira e eventos t\u00e9cnicos"},"content":{"rendered":"<p><img loading=\"lazy\" decoding=\"async\" class=\"size-full wp-image-14565 aligncenter\" src=\"https:\/\/www.hometheater.com.br\/portal\/wp-content\/uploads\/2020\/02\/jv_infocomm.jpg\" alt=\"\" width=\"800\" height=\"533\" srcset=\"https:\/\/www.hometheater.com.br\/portal\/wp-content\/uploads\/2020\/02\/jv_infocomm.jpg 800w, https:\/\/www.hometheater.com.br\/portal\/wp-content\/uploads\/2020\/02\/jv_infocomm-400x267.jpg 400w, https:\/\/www.hometheater.com.br\/portal\/wp-content\/uploads\/2020\/02\/jv_infocomm-500x333.jpg 500w, https:\/\/www.hometheater.com.br\/portal\/wp-content\/uploads\/2020\/02\/jv_infocomm-300x200.jpg 300w, https:\/\/www.hometheater.com.br\/portal\/wp-content\/uploads\/2020\/02\/jv_infocomm-768x512.jpg 768w, https:\/\/www.hometheater.com.br\/portal\/wp-content\/uploads\/2020\/02\/jv_infocomm-600x400.jpg 600w, https:\/\/www.hometheater.com.br\/portal\/wp-content\/uploads\/2020\/02\/jv_infocomm-210x140.jpg 210w\" sizes=\"auto, (max-width: 800px) 100vw, 800px\" \/><\/p>\n<p>J\u00e1 foram abertas as inscri\u00e7\u00f5es para a 7\u00aa edi\u00e7\u00e3o da InfoComm Brasil, que acontecer\u00e1 em abril em S\u00e3o Paulo. Mais importante evento do setor audiovisual no pa\u00eds, a Feira ter\u00e1 a presen\u00e7a de algumas das principais marcas do setor e uma ampla programa\u00e7\u00e3o de eventos paralelos.<\/p>\n<p>Destinada a usu\u00e1rios de tecnologias de \u00e1udio, v\u00eddeo e automa\u00e7\u00e3o em ambientes profissionais, a InfoComm Brasil \u00e9 tamb\u00e9m o mais tradicional ponto de encontro entre fabricantes, distribuidores e integradores. Ser\u00e3o exibidos equipamentos e solu\u00e7\u00f5es para sistemas de proje\u00e7\u00e3o, ilumina\u00e7\u00e3o, digital signage, Pro Audio, videoconfer\u00eancia, salas de reuni\u00e3o e comunica\u00e7\u00e3o unificada, que atendem a in\u00fameras verticais, como educa\u00e7\u00e3o, religi\u00e3o, seguran\u00e7a, hotelaria, sa\u00fade e centros de conven\u00e7\u00f5es, entre outros.<\/p><div class=\"homet-conteudo\" style=\"text-align: center;\" id=\"homet-1678166500\"><div data-cfpa=\"35734\" data-cfpw=\"35734\" id=\"homet-2487471332\"><a data-no-instant=\"1\" href=\"https:\/\/www.harmanluxuryaudio.com\/\" rel=\"noopener\" class=\"a2t-link\" aria-label=\"ARCAM-SA45-BANNER-NEWSLETTER\"><img loading=\"lazy\" decoding=\"async\" src=\"https:\/\/www.hometheater.com.br\/portal\/wp-content\/uploads\/2025\/09\/ARCAM-SA45-BANNER-NEWSLETTER.gif\" alt=\"\"  class=\"no-lazyload\" width=\"300\" height=\"250\"   \/><\/a><\/div><h6><span style=\"color: #808080;\"><em>Publicidade<\/em><\/span><\/h6>\r\n<\/br><script type=\"text\/javascript\">;new advadsCfpAd( 35734 );<\/script><\/div>\n<p>Simultaneamente \u00e0\u00a0exposi\u00e7\u00e3o, a InfoComm Brasil 2020 contar\u00e1 com os seguintes eventos t\u00e9cnicos: LED Training, Worship for AV Tech Summit, Digital Signage Summit, Latin Display e Live Events Summit. Al\u00e9m disso, dentro do\u00a0<strong><a href=\"https:\/\/docs.google.com\/forms\/d\/e\/1FAIpQLSckBRGZZ6v9c6qGur9GShkxqnqnDIVGx7xqb-AS1WmnfSQipA\/viewform\" data-saferedirecturl=\"https:\/\/www.google.com\/url?q=https:\/\/docs.google.com\/forms\/d\/e\/1FAIpQLSckBRGZZ6v9c6qGur9GShkxqnqnDIVGx7xqb-AS1WmnfSQipA\/viewform&amp;source=gmail&amp;ust=1579688128732000&amp;usg=AFQjCNEMxaLpa_t6fSAr7BsgWRUPTWdPag\">Intelligent Home Summit<\/a><\/strong>\u00a0ser\u00e1 montado o espa\u00e7o Lar Inteligente, a cargo da\u00a0Aureside (Associa\u00e7\u00e3o Brasileira de Automa\u00e7\u00e3o Residencial e Predial).<\/p>\n<p>Promovida pela Latin Press e pela AVIXA, a InfoComm Brasil faz parte de um circuito internacional que inclui a InfoComm, realizada nos EUA em junho; InfoComm M\u00e9xico e InfoComm Col\u00f4mbia, ambas no segundo semestre. O evento acontece no Transamerica Expo Center de 14 a 16 de abril, com apoio institucional da Event Editora, que publica a revista HOME THEATER &amp; CASA DIGITAL e o site BUSINESS TECH MULTIM\u00cdDIA.<\/p>\n<p>Para mais detalhes sobre a InfoComm Brasil, visite o<strong>\u00a0<a href=\"https:\/\/brasil.infocomm.show\/\" data-saferedirecturl=\"https:\/\/www.google.com\/url?q=https:\/\/brasil.infocomm.show&amp;source=gmail&amp;ust=1579688128732000&amp;usg=AFQjCNE9wA2QbgHHVc7ZXtTi9agDkbI0QA\">site oficial<\/a><\/strong>.<\/p>\n<p><strong>Veja tamb\u00e9m:<\/strong><\/p>\n<p><strong><a href=\"https:\/\/www.hometheater.com.br\/portal\/2020\/01\/13\/infocomm-brasil-2020-tera-evento-especial-para-integradores-av\/\" data-saferedirecturl=\"https:\/\/www.google.com\/url?q=https:\/\/www.hometheater.com.br\/portal\/2020\/01\/13\/infocomm-brasil-2020-tera-evento-especial-para-integradores-av\/&amp;source=gmail&amp;ust=1579688128732000&amp;usg=AFQjCNEf2Z9qEm6YtwZLE8lob7ffr6wG6g\">INFOCOMM BRASIL 2020 TER\u00c1 EVENTO ESPECIAL PARA INTEGRADORES AV<\/a><\/strong><br \/>\n<a href=\"https:\/\/www.businesstech.net.br\/site\/2019\/11\/avixa-abre-inscricoes-para-palestrantes-na-infocomm-brasil-2020\/\" data-saferedirecturl=\"https:\/\/www.google.com\/url?q=https:\/\/www.businesstech.net.br\/site\/2019\/11\/avixa-abre-inscricoes-para-palestrantes-na-infocomm-brasil-2020\/&amp;source=gmail&amp;ust=1579688128732000&amp;usg=AFQjCNEuz9TQQ2IKGLFUbPoz-iwNrudR8Q\"><strong>AVIXA ABRE INSCRI\u00c7\u00d5ES PARA PALESTRANTES NA INFOCOMM BRASIL 2020<\/strong><\/a><br \/>\n<a href=\"https:\/\/www.businesstech.net.br\/site\/2019\/12\/avixa-organiza-curso-preparatorio-para-certificacao-cts\/\" data-saferedirecturl=\"https:\/\/www.google.com\/url?q=https:\/\/www.businesstech.net.br\/site\/2019\/12\/avixa-organiza-curso-preparatorio-para-certificacao-cts\/&amp;source=gmail&amp;ust=1579688128732000&amp;usg=AFQjCNEhttPji42_zyuNytqUjinf3MgnjA\"><strong>AVIXA ORGANIZA CURSO PREPARAT\u00d3RIO PARA CERTIFICA\u00c7\u00c3O CTS<\/strong><\/a><br \/>\n<a href=\"https:\/\/www.businesstech.net.br\/site\/2019\/12\/10-perguntas-sobre-tecnologia-que-todo-ceo-deve-fazer\/\" data-saferedirecturl=\"https:\/\/www.google.com\/url?q=https:\/\/www.businesstech.net.br\/site\/2019\/12\/10-perguntas-sobre-tecnologia-que-todo-ceo-deve-fazer\/&amp;source=gmail&amp;ust=1579688128732000&amp;usg=AFQjCNEdO8Ah55xOMMT3xANV9hadbofBFA\"><strong>10 PERGUNTAS SOBRE TECNOLOGIA QUE TODO CEO DEVE FAZER<\/strong><\/a><\/p>\n","protected":false},"excerpt":{"rendered":"<p>J\u00e1 foram abertas as inscri\u00e7\u00f5es para a 7\u00aa edi\u00e7\u00e3o da InfoComm Brasil, que acontecer\u00e1 em abril em S\u00e3o Paulo. Mais importante evento do setor audiovisual<\/p>\n","protected":false},"author":1,"featured_media":14565,"comment_status":"open","ping_status":"open","sticky":false,"template":"","format":"standard","meta":{"footnotes":""},"categories":[24],"tags":[],"class_list":["post-14564","post","type-post","status-publish","format-standard","has-post-thumbnail","hentry","category-smart-home"],"yoast_head":"<!-- This site is optimized with the Yoast SEO plugin v25.7 - https:\/\/yoast.com\/wordpress\/plugins\/seo\/ -->\n<title>InfoComm Brasil abre inscri\u00e7\u00f5es para Feira e eventos t\u00e9cnicos - HT &amp; Casa Digital<\/title>\n<meta name=\"robots\" content=\"index, follow, max-snippet:-1, max-image-preview:large, max-video-preview:-1\" \/>\n<link rel=\"canonical\" href=\"https:\/\/www.hometheater.com.br\/portal\/2020\/01\/19\/infocomm-brasil-abre-inscricoes-para-feira-e-eventos-tecnicos\/\" \/>\n<meta property=\"og:locale\" content=\"pt_BR\" \/>\n<meta property=\"og:type\" content=\"article\" \/>\n<meta property=\"og:title\" content=\"InfoComm Brasil abre inscri\u00e7\u00f5es para Feira e eventos t\u00e9cnicos - HT &amp; Casa Digital\" \/>\n<meta property=\"og:description\" content=\"J\u00e1 foram abertas as inscri\u00e7\u00f5es para a 7\u00aa edi\u00e7\u00e3o da InfoComm Brasil, que acontecer\u00e1 em abril em S\u00e3o Paulo. Mais importante evento do setor audiovisual\" \/>\n<meta property=\"og:url\" content=\"https:\/\/www.hometheater.com.br\/portal\/2020\/01\/19\/infocomm-brasil-abre-inscricoes-para-feira-e-eventos-tecnicos\/\" \/>\n<meta property=\"og:site_name\" content=\"HT &amp; Casa Digital\" \/>\n<meta property=\"article:publisher\" content=\"https:\/\/web.facebook.com\/revistahometheater\" \/>\n<meta property=\"article:published_time\" content=\"2020-01-19T12:58:43+00:00\" \/>\n<meta property=\"article:modified_time\" content=\"2020-02-05T19:27:44+00:00\" \/>\n<meta property=\"og:image\" content=\"https:\/\/www.hometheater.com.br\/portal\/wp-content\/uploads\/2020\/02\/jv_infocomm.jpg\" \/>\n\t<meta property=\"og:image:width\" content=\"800\" \/>\n\t<meta property=\"og:image:height\" content=\"533\" \/>\n\t<meta property=\"og:image:type\" content=\"image\/jpeg\" \/>\n<meta name=\"author\" content=\"Revista Home Theater &amp; Casa Digital\" \/>\n<meta name=\"twitter:card\" content=\"summary_large_image\" \/>\n<meta name=\"twitter:creator\" content=\"@hometheaterbr\" \/>\n<meta name=\"twitter:site\" content=\"@hometheaterbr\" \/>\n<meta name=\"twitter:label1\" content=\"Escrito por\" \/>\n\t<meta name=\"twitter:data1\" content=\"Revista Home Theater &amp; Casa Digital\" \/>\n\t<meta name=\"twitter:label2\" content=\"Est. tempo de leitura\" \/>\n\t<meta name=\"twitter:data2\" content=\"2 minutos\" \/>\n<script type=\"application\/ld+json\" class=\"yoast-schema-graph\">{\"@context\":\"https:\/\/schema.org\",\"@graph\":[{\"@type\":\"Article\",\"@id\":\"https:\/\/www.hometheater.com.br\/portal\/2020\/01\/19\/infocomm-brasil-abre-inscricoes-para-feira-e-eventos-tecnicos\/#article\",\"isPartOf\":{\"@id\":\"https:\/\/www.hometheater.com.br\/portal\/2020\/01\/19\/infocomm-brasil-abre-inscricoes-para-feira-e-eventos-tecnicos\/\"},\"author\":{\"name\":\"Revista Home Theater &amp; Casa Digital\",\"@id\":\"https:\/\/www.hometheater.com.br\/portal\/#\/schema\/person\/3b6bd5a9e2a6c4197c7b98dd7a733d22\"},\"headline\":\"InfoComm Brasil abre inscri\u00e7\u00f5es para Feira e eventos t\u00e9cnicos\",\"datePublished\":\"2020-01-19T12:58:43+00:00\",\"dateModified\":\"2020-02-05T19:27:44+00:00\",\"mainEntityOfPage\":{\"@id\":\"https:\/\/www.hometheater.com.br\/portal\/2020\/01\/19\/infocomm-brasil-abre-inscricoes-para-feira-e-eventos-tecnicos\/\"},\"wordCount\":319,\"commentCount\":0,\"publisher\":{\"@id\":\"https:\/\/www.hometheater.com.br\/portal\/#organization\"},\"image\":{\"@id\":\"https:\/\/www.hometheater.com.br\/portal\/2020\/01\/19\/infocomm-brasil-abre-inscricoes-para-feira-e-eventos-tecnicos\/#primaryimage\"},\"thumbnailUrl\":\"https:\/\/www.hometheater.com.br\/portal\/wp-content\/uploads\/2020\/02\/jv_infocomm.jpg\",\"articleSection\":[\"SMART HOME\"],\"inLanguage\":\"pt-BR\",\"potentialAction\":[{\"@type\":\"CommentAction\",\"name\":\"Comment\",\"target\":[\"https:\/\/www.hometheater.com.br\/portal\/2020\/01\/19\/infocomm-brasil-abre-inscricoes-para-feira-e-eventos-tecnicos\/#respond\"]}]},{\"@type\":\"WebPage\",\"@id\":\"https:\/\/www.hometheater.com.br\/portal\/2020\/01\/19\/infocomm-brasil-abre-inscricoes-para-feira-e-eventos-tecnicos\/\",\"url\":\"https:\/\/www.hometheater.com.br\/portal\/2020\/01\/19\/infocomm-brasil-abre-inscricoes-para-feira-e-eventos-tecnicos\/\",\"name\":\"InfoComm Brasil abre inscri\u00e7\u00f5es para Feira e eventos t\u00e9cnicos - HT &amp; Casa Digital\",\"isPartOf\":{\"@id\":\"https:\/\/www.hometheater.com.br\/portal\/#website\"},\"primaryImageOfPage\":{\"@id\":\"https:\/\/www.hometheater.com.br\/portal\/2020\/01\/19\/infocomm-brasil-abre-inscricoes-para-feira-e-eventos-tecnicos\/#primaryimage\"},\"image\":{\"@id\":\"https:\/\/www.hometheater.com.br\/portal\/2020\/01\/19\/infocomm-brasil-abre-inscricoes-para-feira-e-eventos-tecnicos\/#primaryimage\"},\"thumbnailUrl\":\"https:\/\/www.hometheater.com.br\/portal\/wp-content\/uploads\/2020\/02\/jv_infocomm.jpg\",\"datePublished\":\"2020-01-19T12:58:43+00:00\",\"dateModified\":\"2020-02-05T19:27:44+00:00\",\"breadcrumb\":{\"@id\":\"https:\/\/www.hometheater.com.br\/portal\/2020\/01\/19\/infocomm-brasil-abre-inscricoes-para-feira-e-eventos-tecnicos\/#breadcrumb\"},\"inLanguage\":\"pt-BR\",\"potentialAction\":[{\"@type\":\"ReadAction\",\"target\":[\"https:\/\/www.hometheater.com.br\/portal\/2020\/01\/19\/infocomm-brasil-abre-inscricoes-para-feira-e-eventos-tecnicos\/\"]}]},{\"@type\":\"ImageObject\",\"inLanguage\":\"pt-BR\",\"@id\":\"https:\/\/www.hometheater.com.br\/portal\/2020\/01\/19\/infocomm-brasil-abre-inscricoes-para-feira-e-eventos-tecnicos\/#primaryimage\",\"url\":\"https:\/\/www.hometheater.com.br\/portal\/wp-content\/uploads\/2020\/02\/jv_infocomm.jpg\",\"contentUrl\":\"https:\/\/www.hometheater.com.br\/portal\/wp-content\/uploads\/2020\/02\/jv_infocomm.jpg\",\"width\":800,\"height\":533},{\"@type\":\"BreadcrumbList\",\"@id\":\"https:\/\/www.hometheater.com.br\/portal\/2020\/01\/19\/infocomm-brasil-abre-inscricoes-para-feira-e-eventos-tecnicos\/#breadcrumb\",\"itemListElement\":[{\"@type\":\"ListItem\",\"position\":1,\"name\":\"In\u00edcio\",\"item\":\"https:\/\/www.hometheater.com.br\/portal\/\"},{\"@type\":\"ListItem\",\"position\":2,\"name\":\"InfoComm Brasil abre inscri\u00e7\u00f5es para Feira e eventos t\u00e9cnicos\"}]},{\"@type\":\"WebSite\",\"@id\":\"https:\/\/www.hometheater.com.br\/portal\/#website\",\"url\":\"https:\/\/www.hometheater.com.br\/portal\/\",\"name\":\"HT &amp; Casa Digital\",\"description\":\"O mundo digital em sua casa\",\"publisher\":{\"@id\":\"https:\/\/www.hometheater.com.br\/portal\/#organization\"},\"potentialAction\":[{\"@type\":\"SearchAction\",\"target\":{\"@type\":\"EntryPoint\",\"urlTemplate\":\"https:\/\/www.hometheater.com.br\/portal\/?s={search_term_string}\"},\"query-input\":{\"@type\":\"PropertyValueSpecification\",\"valueRequired\":true,\"valueName\":\"search_term_string\"}}],\"inLanguage\":\"pt-BR\"},{\"@type\":\"Organization\",\"@id\":\"https:\/\/www.hometheater.com.br\/portal\/#organization\",\"name\":\"Home Theater\",\"url\":\"https:\/\/www.hometheater.com.br\/portal\/\",\"logo\":{\"@type\":\"ImageObject\",\"inLanguage\":\"pt-BR\",\"@id\":\"https:\/\/www.hometheater.com.br\/portal\/#\/schema\/logo\/image\/\",\"url\":\"https:\/\/www.hometheater.com.br\/portal\/wp-content\/uploads\/2022\/06\/assine_ht_01.png\",\"contentUrl\":\"https:\/\/www.hometheater.com.br\/portal\/wp-content\/uploads\/2022\/06\/assine_ht_01.png\",\"width\":800,\"height\":254,\"caption\":\"Home Theater\"},\"image\":{\"@id\":\"https:\/\/www.hometheater.com.br\/portal\/#\/schema\/logo\/image\/\"},\"sameAs\":[\"https:\/\/web.facebook.com\/revistahometheater\",\"https:\/\/x.com\/hometheaterbr\"]},{\"@type\":\"Person\",\"@id\":\"https:\/\/www.hometheater.com.br\/portal\/#\/schema\/person\/3b6bd5a9e2a6c4197c7b98dd7a733d22\",\"name\":\"Revista Home Theater &amp; Casa Digital\",\"image\":{\"@type\":\"ImageObject\",\"inLanguage\":\"pt-BR\",\"@id\":\"https:\/\/www.hometheater.com.br\/portal\/#\/schema\/person\/image\/\",\"url\":\"https:\/\/secure.gravatar.com\/avatar\/fd86f33d841f0f43adcc1665dd80ca740e028af4297e20d3444f9335092a6ee7?s=96&d=mm&r=g\",\"contentUrl\":\"https:\/\/secure.gravatar.com\/avatar\/fd86f33d841f0f43adcc1665dd80ca740e028af4297e20d3444f9335092a6ee7?s=96&d=mm&r=g\",\"caption\":\"Revista Home Theater &amp; Casa Digital\"},\"url\":\"https:\/\/www.hometheater.com.br\/portal\/author\/flavio\/\"}]}<\/script>\n<!-- \/ Yoast SEO plugin. -->","yoast_head_json":{"title":"InfoComm Brasil abre inscri\u00e7\u00f5es para Feira e eventos t\u00e9cnicos - HT &amp; Casa Digital","robots":{"index":"index","follow":"follow","max-snippet":"max-snippet:-1","max-image-preview":"max-image-preview:large","max-video-preview":"max-video-preview:-1"},"canonical":"https:\/\/www.hometheater.com.br\/portal\/2020\/01\/19\/infocomm-brasil-abre-inscricoes-para-feira-e-eventos-tecnicos\/","og_locale":"pt_BR","og_type":"article","og_title":"InfoComm Brasil abre inscri\u00e7\u00f5es para Feira e eventos t\u00e9cnicos - HT &amp; Casa Digital","og_description":"J\u00e1 foram abertas as inscri\u00e7\u00f5es para a 7\u00aa edi\u00e7\u00e3o da InfoComm Brasil, que acontecer\u00e1 em abril em S\u00e3o Paulo. Mais importante evento do setor audiovisual","og_url":"https:\/\/www.hometheater.com.br\/portal\/2020\/01\/19\/infocomm-brasil-abre-inscricoes-para-feira-e-eventos-tecnicos\/","og_site_name":"HT &amp; Casa Digital","article_publisher":"https:\/\/web.facebook.com\/revistahometheater","article_published_time":"2020-01-19T12:58:43+00:00","article_modified_time":"2020-02-05T19:27:44+00:00","og_image":[{"width":800,"height":533,"url":"https:\/\/www.hometheater.com.br\/portal\/wp-content\/uploads\/2020\/02\/jv_infocomm.jpg","type":"image\/jpeg"}],"author":"Revista Home Theater &amp; Casa Digital","twitter_card":"summary_large_image","twitter_creator":"@hometheaterbr","twitter_site":"@hometheaterbr","twitter_misc":{"Escrito por":"Revista Home Theater &amp; Casa Digital","Est. tempo de leitura":"2 minutos"},"schema":{"@context":"https:\/\/schema.org","@graph":[{"@type":"Article","@id":"https:\/\/www.hometheater.com.br\/portal\/2020\/01\/19\/infocomm-brasil-abre-inscricoes-para-feira-e-eventos-tecnicos\/#article","isPartOf":{"@id":"https:\/\/www.hometheater.com.br\/portal\/2020\/01\/19\/infocomm-brasil-abre-inscricoes-para-feira-e-eventos-tecnicos\/"},"author":{"name":"Revista Home Theater &amp; Casa Digital","@id":"https:\/\/www.hometheater.com.br\/portal\/#\/schema\/person\/3b6bd5a9e2a6c4197c7b98dd7a733d22"},"headline":"InfoComm Brasil abre inscri\u00e7\u00f5es para Feira e eventos t\u00e9cnicos","datePublished":"2020-01-19T12:58:43+00:00","dateModified":"2020-02-05T19:27:44+00:00","mainEntityOfPage":{"@id":"https:\/\/www.hometheater.com.br\/portal\/2020\/01\/19\/infocomm-brasil-abre-inscricoes-para-feira-e-eventos-tecnicos\/"},"wordCount":319,"commentCount":0,"publisher":{"@id":"https:\/\/www.hometheater.com.br\/portal\/#organization"},"image":{"@id":"https:\/\/www.hometheater.com.br\/portal\/2020\/01\/19\/infocomm-brasil-abre-inscricoes-para-feira-e-eventos-tecnicos\/#primaryimage"},"thumbnailUrl":"https:\/\/www.hometheater.com.br\/portal\/wp-content\/uploads\/2020\/02\/jv_infocomm.jpg","articleSection":["SMART HOME"],"inLanguage":"pt-BR","potentialAction":[{"@type":"CommentAction","name":"Comment","target":["https:\/\/www.hometheater.com.br\/portal\/2020\/01\/19\/infocomm-brasil-abre-inscricoes-para-feira-e-eventos-tecnicos\/#respond"]}]},{"@type":"WebPage","@id":"https:\/\/www.hometheater.com.br\/portal\/2020\/01\/19\/infocomm-brasil-abre-inscricoes-para-feira-e-eventos-tecnicos\/","url":"https:\/\/www.hometheater.com.br\/portal\/2020\/01\/19\/infocomm-brasil-abre-inscricoes-para-feira-e-eventos-tecnicos\/","name":"InfoComm Brasil abre inscri\u00e7\u00f5es para Feira e eventos t\u00e9cnicos - HT &amp; Casa Digital","isPartOf":{"@id":"https:\/\/www.hometheater.com.br\/portal\/#website"},"primaryImageOfPage":{"@id":"https:\/\/www.hometheater.com.br\/portal\/2020\/01\/19\/infocomm-brasil-abre-inscricoes-para-feira-e-eventos-tecnicos\/#primaryimage"},"image":{"@id":"https:\/\/www.hometheater.com.br\/portal\/2020\/01\/19\/infocomm-brasil-abre-inscricoes-para-feira-e-eventos-tecnicos\/#primaryimage"},"thumbnailUrl":"https:\/\/www.hometheater.com.br\/portal\/wp-content\/uploads\/2020\/02\/jv_infocomm.jpg","datePublished":"2020-01-19T12:58:43+00:00","dateModified":"2020-02-05T19:27:44+00:00","breadcrumb":{"@id":"https:\/\/www.hometheater.com.br\/portal\/2020\/01\/19\/infocomm-brasil-abre-inscricoes-para-feira-e-eventos-tecnicos\/#breadcrumb"},"inLanguage":"pt-BR","potentialAction":[{"@type":"ReadAction","target":["https:\/\/www.hometheater.com.br\/portal\/2020\/01\/19\/infocomm-brasil-abre-inscricoes-para-feira-e-eventos-tecnicos\/"]}]},{"@type":"ImageObject","inLanguage":"pt-BR","@id":"https:\/\/www.hometheater.com.br\/portal\/2020\/01\/19\/infocomm-brasil-abre-inscricoes-para-feira-e-eventos-tecnicos\/#primaryimage","url":"https:\/\/www.hometheater.com.br\/portal\/wp-content\/uploads\/2020\/02\/jv_infocomm.jpg","contentUrl":"https:\/\/www.hometheater.com.br\/portal\/wp-content\/uploads\/2020\/02\/jv_infocomm.jpg","width":800,"height":533},{"@type":"BreadcrumbList","@id":"https:\/\/www.hometheater.com.br\/portal\/2020\/01\/19\/infocomm-brasil-abre-inscricoes-para-feira-e-eventos-tecnicos\/#breadcrumb","itemListElement":[{"@type":"ListItem","position":1,"name":"In\u00edcio","item":"https:\/\/www.hometheater.com.br\/portal\/"},{"@type":"ListItem","position":2,"name":"InfoComm Brasil abre inscri\u00e7\u00f5es para Feira e eventos t\u00e9cnicos"}]},{"@type":"WebSite","@id":"https:\/\/www.hometheater.com.br\/portal\/#website","url":"https:\/\/www.hometheater.com.br\/portal\/","name":"HT &amp; Casa Digital","description":"O mundo digital em sua casa","publisher":{"@id":"https:\/\/www.hometheater.com.br\/portal\/#organization"},"potentialAction":[{"@type":"SearchAction","target":{"@type":"EntryPoint","urlTemplate":"https:\/\/www.hometheater.com.br\/portal\/?s={search_term_string}"},"query-input":{"@type":"PropertyValueSpecification","valueRequired":true,"valueName":"search_term_string"}}],"inLanguage":"pt-BR"},{"@type":"Organization","@id":"https:\/\/www.hometheater.com.br\/portal\/#organization","name":"Home Theater","url":"https:\/\/www.hometheater.com.br\/portal\/","logo":{"@type":"ImageObject","inLanguage":"pt-BR","@id":"https:\/\/www.hometheater.com.br\/portal\/#\/schema\/logo\/image\/","url":"https:\/\/www.hometheater.com.br\/portal\/wp-content\/uploads\/2022\/06\/assine_ht_01.png","contentUrl":"https:\/\/www.hometheater.com.br\/portal\/wp-content\/uploads\/2022\/06\/assine_ht_01.png","width":800,"height":254,"caption":"Home Theater"},"image":{"@id":"https:\/\/www.hometheater.com.br\/portal\/#\/schema\/logo\/image\/"},"sameAs":["https:\/\/web.facebook.com\/revistahometheater","https:\/\/x.com\/hometheaterbr"]},{"@type":"Person","@id":"https:\/\/www.hometheater.com.br\/portal\/#\/schema\/person\/3b6bd5a9e2a6c4197c7b98dd7a733d22","name":"Revista Home Theater &amp; Casa Digital","image":{"@type":"ImageObject","inLanguage":"pt-BR","@id":"https:\/\/www.hometheater.com.br\/portal\/#\/schema\/person\/image\/","url":"https:\/\/secure.gravatar.com\/avatar\/fd86f33d841f0f43adcc1665dd80ca740e028af4297e20d3444f9335092a6ee7?s=96&d=mm&r=g","contentUrl":"https:\/\/secure.gravatar.com\/avatar\/fd86f33d841f0f43adcc1665dd80ca740e028af4297e20d3444f9335092a6ee7?s=96&d=mm&r=g","caption":"Revista Home Theater &amp; Casa Digital"},"url":"https:\/\/www.hometheater.com.br\/portal\/author\/flavio\/"}]}},"_links":{"self":[{"href":"https:\/\/www.hometheater.com.br\/portal\/wp-json\/wp\/v2\/posts\/14564","targetHints":{"allow":["GET"]}}],"collection":[{"href":"https:\/\/www.hometheater.com.br\/portal\/wp-json\/wp\/v2\/posts"}],"about":[{"href":"https:\/\/www.hometheater.com.br\/portal\/wp-json\/wp\/v2\/types\/post"}],"author":[{"embeddable":true,"href":"https:\/\/www.hometheater.com.br\/portal\/wp-json\/wp\/v2\/users\/1"}],"replies":[{"embeddable":true,"href":"https:\/\/www.hometheater.com.br\/portal\/wp-json\/wp\/v2\/comments?post=14564"}],"version-history":[{"count":0,"href":"https:\/\/www.hometheater.com.br\/portal\/wp-json\/wp\/v2\/posts\/14564\/revisions"}],"wp:featuredmedia":[{"embeddable":true,"href":"https:\/\/www.hometheater.com.br\/portal\/wp-json\/wp\/v2\/media\/14565"}],"wp:attachment":[{"href":"https:\/\/www.hometheater.com.br\/portal\/wp-json\/wp\/v2\/media?parent=14564"}],"wp:term":[{"taxonomy":"category","embeddable":true,"href":"https:\/\/www.hometheater.com.br\/portal\/wp-json\/wp\/v2\/categories?post=14564"},{"taxonomy":"post_tag","embeddable":true,"href":"https:\/\/www.hometheater.com.br\/portal\/wp-json\/wp\/v2\/tags?post=14564"}],"curies":[{"name":"wp","href":"https:\/\/api.w.org\/{rel}","templated":true}]}}