{"id":10802,"date":"2019-11-25T18:08:14","date_gmt":"2019-11-25T20:08:14","guid":{"rendered":"https:\/\/www.hometheater.com.br\/portal\/?p=10802"},"modified":"2019-12-18T19:01:41","modified_gmt":"2019-12-18T21:01:41","slug":"knx-days-brasil-apresenta-tendencias-em-automacao","status":"publish","type":"post","link":"https:\/\/www.hometheater.com.br\/portal\/2019\/11\/25\/knx-days-brasil-apresenta-tendencias-em-automacao\/","title":{"rendered":"KNX Days Brasil apresenta tend\u00eancias em automa\u00e7\u00e3o"},"content":{"rendered":"<p><img loading=\"lazy\" decoding=\"async\" class=\"aligncenter size-full wp-image-10803\" src=\"https:\/\/www.hometheater.com.br\/portal\/wp-content\/uploads\/2019\/11\/knx_brasil.jpg\" alt=\"\" width=\"800\" height=\"533\" srcset=\"https:\/\/www.hometheater.com.br\/portal\/wp-content\/uploads\/2019\/11\/knx_brasil.jpg 800w, https:\/\/www.hometheater.com.br\/portal\/wp-content\/uploads\/2019\/11\/knx_brasil-400x267.jpg 400w, https:\/\/www.hometheater.com.br\/portal\/wp-content\/uploads\/2019\/11\/knx_brasil-500x333.jpg 500w, https:\/\/www.hometheater.com.br\/portal\/wp-content\/uploads\/2019\/11\/knx_brasil-300x200.jpg 300w, https:\/\/www.hometheater.com.br\/portal\/wp-content\/uploads\/2019\/11\/knx_brasil-768x512.jpg 768w, https:\/\/www.hometheater.com.br\/portal\/wp-content\/uploads\/2019\/11\/knx_brasil-600x400.jpg 600w, https:\/\/www.hometheater.com.br\/portal\/wp-content\/uploads\/2019\/11\/knx_brasil-210x140.jpg 210w\" sizes=\"auto, (max-width: 800px) 100vw, 800px\" \/><\/p>\n<p>Pelo segundo ano consecutivo, ser\u00e1 realizado em S\u00e3o Paulo, em dezembro, o evento KNX Days Brasil, voltado a integradores do segmento Pro AV e profissionais de TI. Entre diversas palestras t\u00e9cnicas das empresas filiadas ao cons\u00f3rcio KNX, haver\u00e1 uma apresenta\u00e7\u00e3o especial sobre as novas normas de automa\u00e7\u00e3o da AVIXA, a cargo do gerente regional da entidade no Brasil, Nelson Baumgratz..<\/p>\n<p>KNX \u00e9 um protocolo aberto de comunica\u00e7\u00e3o para equipamentos de automa\u00e7\u00e3o residencial e predial, gerenciado por um cons\u00f3rcio internacional, com sede na Europa, que conta atualmente com cerca de 250 empresas. O cons\u00f3rcio foi fundado em 1987 e informa ter mais de 200 mil edif\u00edcios em todo o mundo equipados com produtos KNX. No Brasil, o cons\u00f3rcio realiza eventos e organiza cursos t\u00e9cnicos para profissionais do setor (<strong><a href=\"http:\/\/knxdobrasil.com.br\/\" target=\"_blank\" rel=\"noopener noreferrer\" data-saferedirecturl=\"https:\/\/www.google.com\/url?q=http:\/\/knxdobrasil.com.br\/&amp;source=gmail&amp;ust=1574797055960000&amp;usg=AFQjCNH2jwYBnqL2Cm7OxXLcxF7rE-dy_g\">mais detalhes aqui<\/a><\/strong>).<\/p><div class=\"homet-conteudo\" style=\"text-align: center;\" id=\"homet-2463574291\"><div data-cfpa=\"36066\" data-cfpw=\"36066\" id=\"homet-2467006988\"><a data-no-instant=\"1\" href=\"https:\/\/loja.sommaior.com.br\/\" rel=\"noopener\" class=\"a2t-link\" aria-label=\"ABBEY-ROAD_360x300px\"><img loading=\"lazy\" decoding=\"async\" src=\"https:\/\/www.hometheater.com.br\/portal\/wp-content\/uploads\/2025\/10\/ABBEY-ROAD_360x300px.jpg\" alt=\"\"  class=\"no-lazyload\" width=\"300\" height=\"250\"   \/><\/a><\/div><script type=\"text\/javascript\">;new advadsCfpAd( 36066 );<\/script><\/div>\n<p>O programa do KNX Days Brasil 2019 prev\u00ea temas como \u201cTornando um edif\u00edcio sustent\u00e1vel com KNX\u201d, \u201cAl\u00e9m do horizonte da automa\u00e7\u00e3o, a pr\u00f3xima onda\u201d, \u201cSolu\u00e7\u00f5es integradas KNX para hospitais\u201d e \u201cCiberseguran\u00e7a na ind\u00fastria 4.0\u201d. Al\u00e9m disso, haver\u00e1 apresenta\u00e7\u00e3o de cases de sucesso utilizando solu\u00e7\u00f5es KNX.<\/p>\n<p>O evento, organizado pela InfoComm Latin America e com apoio da BUSINESS TECH MULTIM\u00cdDIA, ser\u00e1 realizado no dia 10\/12, das 8h \u00e0s 18h, no Hotel Meli\u00e1 Paulista.\u00a0Para fazer sua inscri\u00e7\u00e3o, ver a grade completa e mais detalhes sobre os palestrantes, visite\u00a0<strong><a href=\"https:\/\/brasil.knxdays.com\/\" target=\"_blank\" rel=\"noopener noreferrer\" data-saferedirecturl=\"https:\/\/www.google.com\/url?q=https:\/\/brasil.knxdays.com\/&amp;source=gmail&amp;ust=1574797055960000&amp;usg=AFQjCNFmKIW5PCRET2z8HhQb5M1udVktTQ\">https:\/\/brasil.knxdays.<wbr \/>com<\/a><\/strong>.<\/p>\n<div><\/div>\n<div><b>FONTE:<\/b> InfoComm Brasil<\/div>\n<div><b>\u00a0<\/b><\/div>\n<div><b>Temas relacionados:<\/b><\/div>\n<div><b>\u00a0<\/b><\/div>\n<div><a href=\"https:\/\/www.hometheater.com.br\/portal\/2019\/11\/13\/aureside-organiza-curso-sobre-montagem-da-casa-conectada\/\" target=\"_blank\" rel=\"noopener noreferrer\" data-saferedirecturl=\"https:\/\/www.google.com\/url?q=https:\/\/www.hometheater.com.br\/portal\/2019\/11\/13\/aureside-organiza-curso-sobre-montagem-da-casa-conectada\/&amp;source=gmail&amp;ust=1574797055960000&amp;usg=AFQjCNFu9i7R-zdOJkdE1eRHd-p--rsU8g\"><b>Aureside organiza curso sobre montagem da Casa Conectada<\/b><\/a><\/div>\n<div><b>\u00a0<\/b><\/div>\n<div><a href=\"https:\/\/www.businesstech.net.br\/site\/2019\/05\/11-normas-tecnicas-da-avixa-essenciais-para-o-setor-pro-av\/\" target=\"_blank\" rel=\"noopener noreferrer\" data-saferedirecturl=\"https:\/\/www.google.com\/url?q=https:\/\/www.businesstech.net.br\/site\/2019\/05\/11-normas-tecnicas-da-avixa-essenciais-para-o-setor-pro-av\/&amp;source=gmail&amp;ust=1574797055960000&amp;usg=AFQjCNH_Anfl1lAynFwE-6dhsa-qpTRGVg\"><b>Conhe\u00e7a 10 Normas T\u00e9cnicas AVIXA para o segmento de \u00e1udio\/v\u00eddeo<\/b><\/a><\/div>\n<div><b>\u00a0<\/b><\/div>\n<div><a href=\"https:\/\/www.hometheater.com.br\/portal\/2019\/09\/16\/distribuidora-aposta-em-paineis-de-energia-solar-integrados-a-automacao\/\" target=\"_blank\" rel=\"noopener noreferrer\" data-saferedirecturl=\"https:\/\/www.google.com\/url?q=https:\/\/www.hometheater.com.br\/portal\/2019\/09\/16\/distribuidora-aposta-em-paineis-de-energia-solar-integrados-a-automacao\/&amp;source=gmail&amp;ust=1574797055960000&amp;usg=AFQjCNF1BH1kwvQ-I9xBwk48N1HfCyZ2bw\"><b>Distribuidora aposta em pain\u00e9is de energia solar integrados \u00e0 automa\u00e7\u00e3o<\/b><\/a><\/div>\n<div><b>\u00a0<\/b><\/div>\n<div><a href=\"https:\/\/www.businesstech.net.br\/site\/2019\/11\/avixa-abre-inscricoes-para-palestrantes-na-infocomm-brasil-2020\/\" target=\"_blank\" rel=\"noopener noreferrer\" data-saferedirecturl=\"https:\/\/www.google.com\/url?q=https:\/\/www.businesstech.net.br\/site\/2019\/11\/avixa-abre-inscricoes-para-palestrantes-na-infocomm-brasil-2020\/&amp;source=gmail&amp;ust=1574797055960000&amp;usg=AFQjCNGiLnKbcSagvsSh-oANNI_mzpB6fQ\"><b>AVIXA abre inscri\u00e7\u00f5es para palestrantes da InfoComm Brasil 2020<\/b><\/a><\/div>\n","protected":false},"excerpt":{"rendered":"<p>Pelo segundo ano consecutivo, ser\u00e1 realizado em S\u00e3o Paulo, em dezembro, o evento KNX Days Brasil, voltado a integradores do segmento Pro AV e profissionais<\/p>\n","protected":false},"author":1,"featured_media":10804,"comment_status":"open","ping_status":"open","sticky":false,"template":"","format":"standard","meta":{"footnotes":""},"categories":[4,24],"tags":[],"class_list":["post-10802","post","type-post","status-publish","format-standard","has-post-thumbnail","hentry","category-noticias","category-smart-home"],"yoast_head":"<!-- This site is optimized with the Yoast SEO plugin v25.7 - https:\/\/yoast.com\/wordpress\/plugins\/seo\/ -->\n<title>KNX Days Brasil apresenta tend\u00eancias em automa\u00e7\u00e3o - HT &amp; Casa Digital<\/title>\n<meta name=\"robots\" content=\"index, follow, max-snippet:-1, max-image-preview:large, max-video-preview:-1\" \/>\n<link rel=\"canonical\" href=\"https:\/\/www.hometheater.com.br\/portal\/2019\/11\/25\/knx-days-brasil-apresenta-tendencias-em-automacao\/\" \/>\n<meta property=\"og:locale\" content=\"pt_BR\" \/>\n<meta property=\"og:type\" content=\"article\" \/>\n<meta property=\"og:title\" content=\"KNX Days Brasil apresenta tend\u00eancias em automa\u00e7\u00e3o - HT &amp; Casa Digital\" \/>\n<meta property=\"og:description\" content=\"Pelo segundo ano consecutivo, ser\u00e1 realizado em S\u00e3o Paulo, em dezembro, o evento KNX Days Brasil, voltado a integradores do segmento Pro AV e profissionais\" \/>\n<meta property=\"og:url\" content=\"https:\/\/www.hometheater.com.br\/portal\/2019\/11\/25\/knx-days-brasil-apresenta-tendencias-em-automacao\/\" \/>\n<meta property=\"og:site_name\" content=\"HT &amp; Casa Digital\" \/>\n<meta property=\"article:publisher\" content=\"https:\/\/web.facebook.com\/revistahometheater\" \/>\n<meta property=\"article:published_time\" content=\"2019-11-25T20:08:14+00:00\" \/>\n<meta property=\"article:modified_time\" content=\"2019-12-18T21:01:41+00:00\" \/>\n<meta property=\"og:image\" content=\"https:\/\/www.hometheater.com.br\/portal\/wp-content\/uploads\/2019\/11\/knx_brasil1.jpg\" \/>\n\t<meta property=\"og:image:width\" content=\"450\" \/>\n\t<meta property=\"og:image:height\" content=\"300\" \/>\n\t<meta property=\"og:image:type\" content=\"image\/jpeg\" \/>\n<meta name=\"author\" content=\"Revista Home Theater &amp; Casa Digital\" \/>\n<meta name=\"twitter:card\" content=\"summary_large_image\" \/>\n<meta name=\"twitter:creator\" content=\"@hometheaterbr\" \/>\n<meta name=\"twitter:site\" content=\"@hometheaterbr\" \/>\n<meta name=\"twitter:label1\" content=\"Escrito por\" \/>\n\t<meta name=\"twitter:data1\" content=\"Revista Home Theater &amp; Casa Digital\" \/>\n\t<meta name=\"twitter:label2\" content=\"Est. tempo de leitura\" \/>\n\t<meta name=\"twitter:data2\" content=\"1 minuto\" \/>\n<script type=\"application\/ld+json\" class=\"yoast-schema-graph\">{\"@context\":\"https:\/\/schema.org\",\"@graph\":[{\"@type\":\"Article\",\"@id\":\"https:\/\/www.hometheater.com.br\/portal\/2019\/11\/25\/knx-days-brasil-apresenta-tendencias-em-automacao\/#article\",\"isPartOf\":{\"@id\":\"https:\/\/www.hometheater.com.br\/portal\/2019\/11\/25\/knx-days-brasil-apresenta-tendencias-em-automacao\/\"},\"author\":{\"name\":\"Revista Home Theater &amp; Casa Digital\",\"@id\":\"https:\/\/www.hometheater.com.br\/portal\/#\/schema\/person\/3b6bd5a9e2a6c4197c7b98dd7a733d22\"},\"headline\":\"KNX Days Brasil apresenta tend\u00eancias em automa\u00e7\u00e3o\",\"datePublished\":\"2019-11-25T20:08:14+00:00\",\"dateModified\":\"2019-12-18T21:01:41+00:00\",\"mainEntityOfPage\":{\"@id\":\"https:\/\/www.hometheater.com.br\/portal\/2019\/11\/25\/knx-days-brasil-apresenta-tendencias-em-automacao\/\"},\"wordCount\":294,\"commentCount\":0,\"publisher\":{\"@id\":\"https:\/\/www.hometheater.com.br\/portal\/#organization\"},\"image\":{\"@id\":\"https:\/\/www.hometheater.com.br\/portal\/2019\/11\/25\/knx-days-brasil-apresenta-tendencias-em-automacao\/#primaryimage\"},\"thumbnailUrl\":\"https:\/\/www.hometheater.com.br\/portal\/wp-content\/uploads\/2019\/11\/knx_brasil1.jpg\",\"articleSection\":[\"NOT\u00cdCIAS\",\"SMART HOME\"],\"inLanguage\":\"pt-BR\",\"potentialAction\":[{\"@type\":\"CommentAction\",\"name\":\"Comment\",\"target\":[\"https:\/\/www.hometheater.com.br\/portal\/2019\/11\/25\/knx-days-brasil-apresenta-tendencias-em-automacao\/#respond\"]}]},{\"@type\":\"WebPage\",\"@id\":\"https:\/\/www.hometheater.com.br\/portal\/2019\/11\/25\/knx-days-brasil-apresenta-tendencias-em-automacao\/\",\"url\":\"https:\/\/www.hometheater.com.br\/portal\/2019\/11\/25\/knx-days-brasil-apresenta-tendencias-em-automacao\/\",\"name\":\"KNX Days Brasil apresenta tend\u00eancias em automa\u00e7\u00e3o - HT &amp; Casa Digital\",\"isPartOf\":{\"@id\":\"https:\/\/www.hometheater.com.br\/portal\/#website\"},\"primaryImageOfPage\":{\"@id\":\"https:\/\/www.hometheater.com.br\/portal\/2019\/11\/25\/knx-days-brasil-apresenta-tendencias-em-automacao\/#primaryimage\"},\"image\":{\"@id\":\"https:\/\/www.hometheater.com.br\/portal\/2019\/11\/25\/knx-days-brasil-apresenta-tendencias-em-automacao\/#primaryimage\"},\"thumbnailUrl\":\"https:\/\/www.hometheater.com.br\/portal\/wp-content\/uploads\/2019\/11\/knx_brasil1.jpg\",\"datePublished\":\"2019-11-25T20:08:14+00:00\",\"dateModified\":\"2019-12-18T21:01:41+00:00\",\"breadcrumb\":{\"@id\":\"https:\/\/www.hometheater.com.br\/portal\/2019\/11\/25\/knx-days-brasil-apresenta-tendencias-em-automacao\/#breadcrumb\"},\"inLanguage\":\"pt-BR\",\"potentialAction\":[{\"@type\":\"ReadAction\",\"target\":[\"https:\/\/www.hometheater.com.br\/portal\/2019\/11\/25\/knx-days-brasil-apresenta-tendencias-em-automacao\/\"]}]},{\"@type\":\"ImageObject\",\"inLanguage\":\"pt-BR\",\"@id\":\"https:\/\/www.hometheater.com.br\/portal\/2019\/11\/25\/knx-days-brasil-apresenta-tendencias-em-automacao\/#primaryimage\",\"url\":\"https:\/\/www.hometheater.com.br\/portal\/wp-content\/uploads\/2019\/11\/knx_brasil1.jpg\",\"contentUrl\":\"https:\/\/www.hometheater.com.br\/portal\/wp-content\/uploads\/2019\/11\/knx_brasil1.jpg\",\"width\":450,\"height\":300},{\"@type\":\"BreadcrumbList\",\"@id\":\"https:\/\/www.hometheater.com.br\/portal\/2019\/11\/25\/knx-days-brasil-apresenta-tendencias-em-automacao\/#breadcrumb\",\"itemListElement\":[{\"@type\":\"ListItem\",\"position\":1,\"name\":\"In\u00edcio\",\"item\":\"https:\/\/www.hometheater.com.br\/portal\/\"},{\"@type\":\"ListItem\",\"position\":2,\"name\":\"KNX Days Brasil apresenta tend\u00eancias em automa\u00e7\u00e3o\"}]},{\"@type\":\"WebSite\",\"@id\":\"https:\/\/www.hometheater.com.br\/portal\/#website\",\"url\":\"https:\/\/www.hometheater.com.br\/portal\/\",\"name\":\"HT &amp; Casa Digital\",\"description\":\"O mundo digital em sua casa\",\"publisher\":{\"@id\":\"https:\/\/www.hometheater.com.br\/portal\/#organization\"},\"potentialAction\":[{\"@type\":\"SearchAction\",\"target\":{\"@type\":\"EntryPoint\",\"urlTemplate\":\"https:\/\/www.hometheater.com.br\/portal\/?s={search_term_string}\"},\"query-input\":{\"@type\":\"PropertyValueSpecification\",\"valueRequired\":true,\"valueName\":\"search_term_string\"}}],\"inLanguage\":\"pt-BR\"},{\"@type\":\"Organization\",\"@id\":\"https:\/\/www.hometheater.com.br\/portal\/#organization\",\"name\":\"Home Theater\",\"url\":\"https:\/\/www.hometheater.com.br\/portal\/\",\"logo\":{\"@type\":\"ImageObject\",\"inLanguage\":\"pt-BR\",\"@id\":\"https:\/\/www.hometheater.com.br\/portal\/#\/schema\/logo\/image\/\",\"url\":\"https:\/\/www.hometheater.com.br\/portal\/wp-content\/uploads\/2022\/06\/assine_ht_01.png\",\"contentUrl\":\"https:\/\/www.hometheater.com.br\/portal\/wp-content\/uploads\/2022\/06\/assine_ht_01.png\",\"width\":800,\"height\":254,\"caption\":\"Home Theater\"},\"image\":{\"@id\":\"https:\/\/www.hometheater.com.br\/portal\/#\/schema\/logo\/image\/\"},\"sameAs\":[\"https:\/\/web.facebook.com\/revistahometheater\",\"https:\/\/x.com\/hometheaterbr\"]},{\"@type\":\"Person\",\"@id\":\"https:\/\/www.hometheater.com.br\/portal\/#\/schema\/person\/3b6bd5a9e2a6c4197c7b98dd7a733d22\",\"name\":\"Revista Home Theater &amp; Casa Digital\",\"image\":{\"@type\":\"ImageObject\",\"inLanguage\":\"pt-BR\",\"@id\":\"https:\/\/www.hometheater.com.br\/portal\/#\/schema\/person\/image\/\",\"url\":\"https:\/\/secure.gravatar.com\/avatar\/fd86f33d841f0f43adcc1665dd80ca740e028af4297e20d3444f9335092a6ee7?s=96&d=mm&r=g\",\"contentUrl\":\"https:\/\/secure.gravatar.com\/avatar\/fd86f33d841f0f43adcc1665dd80ca740e028af4297e20d3444f9335092a6ee7?s=96&d=mm&r=g\",\"caption\":\"Revista Home Theater &amp; Casa Digital\"},\"url\":\"https:\/\/www.hometheater.com.br\/portal\/author\/flavio\/\"}]}<\/script>\n<!-- \/ Yoast SEO plugin. -->","yoast_head_json":{"title":"KNX Days Brasil apresenta tend\u00eancias em automa\u00e7\u00e3o - HT &amp; Casa Digital","robots":{"index":"index","follow":"follow","max-snippet":"max-snippet:-1","max-image-preview":"max-image-preview:large","max-video-preview":"max-video-preview:-1"},"canonical":"https:\/\/www.hometheater.com.br\/portal\/2019\/11\/25\/knx-days-brasil-apresenta-tendencias-em-automacao\/","og_locale":"pt_BR","og_type":"article","og_title":"KNX Days Brasil apresenta tend\u00eancias em automa\u00e7\u00e3o - HT &amp; Casa Digital","og_description":"Pelo segundo ano consecutivo, ser\u00e1 realizado em S\u00e3o Paulo, em dezembro, o evento KNX Days Brasil, voltado a integradores do segmento Pro AV e profissionais","og_url":"https:\/\/www.hometheater.com.br\/portal\/2019\/11\/25\/knx-days-brasil-apresenta-tendencias-em-automacao\/","og_site_name":"HT &amp; Casa Digital","article_publisher":"https:\/\/web.facebook.com\/revistahometheater","article_published_time":"2019-11-25T20:08:14+00:00","article_modified_time":"2019-12-18T21:01:41+00:00","og_image":[{"width":450,"height":300,"url":"https:\/\/www.hometheater.com.br\/portal\/wp-content\/uploads\/2019\/11\/knx_brasil1.jpg","type":"image\/jpeg"}],"author":"Revista Home Theater &amp; Casa Digital","twitter_card":"summary_large_image","twitter_creator":"@hometheaterbr","twitter_site":"@hometheaterbr","twitter_misc":{"Escrito por":"Revista Home Theater &amp; Casa Digital","Est. tempo de leitura":"1 minuto"},"schema":{"@context":"https:\/\/schema.org","@graph":[{"@type":"Article","@id":"https:\/\/www.hometheater.com.br\/portal\/2019\/11\/25\/knx-days-brasil-apresenta-tendencias-em-automacao\/#article","isPartOf":{"@id":"https:\/\/www.hometheater.com.br\/portal\/2019\/11\/25\/knx-days-brasil-apresenta-tendencias-em-automacao\/"},"author":{"name":"Revista Home Theater &amp; Casa Digital","@id":"https:\/\/www.hometheater.com.br\/portal\/#\/schema\/person\/3b6bd5a9e2a6c4197c7b98dd7a733d22"},"headline":"KNX Days Brasil apresenta tend\u00eancias em automa\u00e7\u00e3o","datePublished":"2019-11-25T20:08:14+00:00","dateModified":"2019-12-18T21:01:41+00:00","mainEntityOfPage":{"@id":"https:\/\/www.hometheater.com.br\/portal\/2019\/11\/25\/knx-days-brasil-apresenta-tendencias-em-automacao\/"},"wordCount":294,"commentCount":0,"publisher":{"@id":"https:\/\/www.hometheater.com.br\/portal\/#organization"},"image":{"@id":"https:\/\/www.hometheater.com.br\/portal\/2019\/11\/25\/knx-days-brasil-apresenta-tendencias-em-automacao\/#primaryimage"},"thumbnailUrl":"https:\/\/www.hometheater.com.br\/portal\/wp-content\/uploads\/2019\/11\/knx_brasil1.jpg","articleSection":["NOT\u00cdCIAS","SMART HOME"],"inLanguage":"pt-BR","potentialAction":[{"@type":"CommentAction","name":"Comment","target":["https:\/\/www.hometheater.com.br\/portal\/2019\/11\/25\/knx-days-brasil-apresenta-tendencias-em-automacao\/#respond"]}]},{"@type":"WebPage","@id":"https:\/\/www.hometheater.com.br\/portal\/2019\/11\/25\/knx-days-brasil-apresenta-tendencias-em-automacao\/","url":"https:\/\/www.hometheater.com.br\/portal\/2019\/11\/25\/knx-days-brasil-apresenta-tendencias-em-automacao\/","name":"KNX Days Brasil apresenta tend\u00eancias em automa\u00e7\u00e3o - HT &amp; Casa Digital","isPartOf":{"@id":"https:\/\/www.hometheater.com.br\/portal\/#website"},"primaryImageOfPage":{"@id":"https:\/\/www.hometheater.com.br\/portal\/2019\/11\/25\/knx-days-brasil-apresenta-tendencias-em-automacao\/#primaryimage"},"image":{"@id":"https:\/\/www.hometheater.com.br\/portal\/2019\/11\/25\/knx-days-brasil-apresenta-tendencias-em-automacao\/#primaryimage"},"thumbnailUrl":"https:\/\/www.hometheater.com.br\/portal\/wp-content\/uploads\/2019\/11\/knx_brasil1.jpg","datePublished":"2019-11-25T20:08:14+00:00","dateModified":"2019-12-18T21:01:41+00:00","breadcrumb":{"@id":"https:\/\/www.hometheater.com.br\/portal\/2019\/11\/25\/knx-days-brasil-apresenta-tendencias-em-automacao\/#breadcrumb"},"inLanguage":"pt-BR","potentialAction":[{"@type":"ReadAction","target":["https:\/\/www.hometheater.com.br\/portal\/2019\/11\/25\/knx-days-brasil-apresenta-tendencias-em-automacao\/"]}]},{"@type":"ImageObject","inLanguage":"pt-BR","@id":"https:\/\/www.hometheater.com.br\/portal\/2019\/11\/25\/knx-days-brasil-apresenta-tendencias-em-automacao\/#primaryimage","url":"https:\/\/www.hometheater.com.br\/portal\/wp-content\/uploads\/2019\/11\/knx_brasil1.jpg","contentUrl":"https:\/\/www.hometheater.com.br\/portal\/wp-content\/uploads\/2019\/11\/knx_brasil1.jpg","width":450,"height":300},{"@type":"BreadcrumbList","@id":"https:\/\/www.hometheater.com.br\/portal\/2019\/11\/25\/knx-days-brasil-apresenta-tendencias-em-automacao\/#breadcrumb","itemListElement":[{"@type":"ListItem","position":1,"name":"In\u00edcio","item":"https:\/\/www.hometheater.com.br\/portal\/"},{"@type":"ListItem","position":2,"name":"KNX Days Brasil apresenta tend\u00eancias em automa\u00e7\u00e3o"}]},{"@type":"WebSite","@id":"https:\/\/www.hometheater.com.br\/portal\/#website","url":"https:\/\/www.hometheater.com.br\/portal\/","name":"HT &amp; Casa Digital","description":"O mundo digital em sua casa","publisher":{"@id":"https:\/\/www.hometheater.com.br\/portal\/#organization"},"potentialAction":[{"@type":"SearchAction","target":{"@type":"EntryPoint","urlTemplate":"https:\/\/www.hometheater.com.br\/portal\/?s={search_term_string}"},"query-input":{"@type":"PropertyValueSpecification","valueRequired":true,"valueName":"search_term_string"}}],"inLanguage":"pt-BR"},{"@type":"Organization","@id":"https:\/\/www.hometheater.com.br\/portal\/#organization","name":"Home Theater","url":"https:\/\/www.hometheater.com.br\/portal\/","logo":{"@type":"ImageObject","inLanguage":"pt-BR","@id":"https:\/\/www.hometheater.com.br\/portal\/#\/schema\/logo\/image\/","url":"https:\/\/www.hometheater.com.br\/portal\/wp-content\/uploads\/2022\/06\/assine_ht_01.png","contentUrl":"https:\/\/www.hometheater.com.br\/portal\/wp-content\/uploads\/2022\/06\/assine_ht_01.png","width":800,"height":254,"caption":"Home Theater"},"image":{"@id":"https:\/\/www.hometheater.com.br\/portal\/#\/schema\/logo\/image\/"},"sameAs":["https:\/\/web.facebook.com\/revistahometheater","https:\/\/x.com\/hometheaterbr"]},{"@type":"Person","@id":"https:\/\/www.hometheater.com.br\/portal\/#\/schema\/person\/3b6bd5a9e2a6c4197c7b98dd7a733d22","name":"Revista Home Theater &amp; Casa Digital","image":{"@type":"ImageObject","inLanguage":"pt-BR","@id":"https:\/\/www.hometheater.com.br\/portal\/#\/schema\/person\/image\/","url":"https:\/\/secure.gravatar.com\/avatar\/fd86f33d841f0f43adcc1665dd80ca740e028af4297e20d3444f9335092a6ee7?s=96&d=mm&r=g","contentUrl":"https:\/\/secure.gravatar.com\/avatar\/fd86f33d841f0f43adcc1665dd80ca740e028af4297e20d3444f9335092a6ee7?s=96&d=mm&r=g","caption":"Revista Home Theater &amp; Casa Digital"},"url":"https:\/\/www.hometheater.com.br\/portal\/author\/flavio\/"}]}},"_links":{"self":[{"href":"https:\/\/www.hometheater.com.br\/portal\/wp-json\/wp\/v2\/posts\/10802","targetHints":{"allow":["GET"]}}],"collection":[{"href":"https:\/\/www.hometheater.com.br\/portal\/wp-json\/wp\/v2\/posts"}],"about":[{"href":"https:\/\/www.hometheater.com.br\/portal\/wp-json\/wp\/v2\/types\/post"}],"author":[{"embeddable":true,"href":"https:\/\/www.hometheater.com.br\/portal\/wp-json\/wp\/v2\/users\/1"}],"replies":[{"embeddable":true,"href":"https:\/\/www.hometheater.com.br\/portal\/wp-json\/wp\/v2\/comments?post=10802"}],"version-history":[{"count":0,"href":"https:\/\/www.hometheater.com.br\/portal\/wp-json\/wp\/v2\/posts\/10802\/revisions"}],"wp:featuredmedia":[{"embeddable":true,"href":"https:\/\/www.hometheater.com.br\/portal\/wp-json\/wp\/v2\/media\/10804"}],"wp:attachment":[{"href":"https:\/\/www.hometheater.com.br\/portal\/wp-json\/wp\/v2\/media?parent=10802"}],"wp:term":[{"taxonomy":"category","embeddable":true,"href":"https:\/\/www.hometheater.com.br\/portal\/wp-json\/wp\/v2\/categories?post=10802"},{"taxonomy":"post_tag","embeddable":true,"href":"https:\/\/www.hometheater.com.br\/portal\/wp-json\/wp\/v2\/tags?post=10802"}],"curies":[{"name":"wp","href":"https:\/\/api.w.org\/{rel}","templated":true}]}}